{"id":47924,"date":"2023-10-01T08:32:57","date_gmt":"2023-10-01T11:32:57","guid":{"rendered":"https:\/\/www.cidademarketing.com.br\/marketing\/?p=47924"},"modified":"2023-10-01T08:32:57","modified_gmt":"2023-10-01T11:32:57","slug":"pague-menos-reinaugura-a-loja-no-aeroporto-internacional-de-fortaleza","status":"publish","type":"post","link":"https:\/\/www.cidademarketing.com.br\/marketing\/2023\/10\/01\/pague-menos-reinaugura-a-loja-no-aeroporto-internacional-de-fortaleza\/","title":{"rendered":"Pague Menos reinaugura a loja no Aeroporto Internacional de Fortaleza"},"content":{"rendered":"<p>A Pague Menos, uma das maiores e mais reconhecidas redes de farm\u00e1cias do Brasil, anunciou durante uma cerim\u00f4nica especial nesta quinta-feira, 28 de setembro, a reabertura de sua filial no Aeroporto Internacional de Fortaleza (CE).<\/p>\n<p><a href=\"https:\/\/www.cidademarketing.com.br\/marketing\/sua-marca-vai-virar-noticia\/\" target=\"_blank\" rel=\"noopener\"><img fetchpriority=\"high\" decoding=\"async\" class=\"wp-image-44329 aligncenter\" src=\"https:\/\/www.cidademarketing.com.br\/marketing\/wp-content\/uploads\/2023\/04\/cidademarketing_backlinks_marketingdigital_publieditorial_.png\" alt=\"\" width=\"500\" height=\"500\" \/><\/a><\/p>\n<p>A loja que est\u00e1 localizada na \u00e1rea p\u00fablica do Aeroporto, pr\u00f3ximo \u00e0 Pra\u00e7a de Alimenta\u00e7\u00e3o, no piso 2, funcionar\u00e1 24 horas por dia, oferecendo uma ampla variedade de produtos, que v\u00e3o desde medicamentos at\u00e9 itens de higiene pessoal, beleza, dermocosm\u00e9ticos, conveni\u00eancia, fitness e nutri\u00e7\u00e3o, para que o cliente tenha uma experi\u00eancia de compra completa e conveniente.<\/p>\n<p>A transi\u00e7\u00e3o da bandeira Extrafarma para Pague Menos faz parte da estrat\u00e9gia da empresa de consolidar sua marca e estabelecer uma conex\u00e3o mais forte com os clientes em Fortaleza, no Cear\u00e1. Esse \u00eaxito foi alcan\u00e7ado por meio de pesquisas minuciosas e de um compromisso cont\u00ednuo, evidenciando o comprometimento da Pague Menos em compreender e satisfazer as demandas da popula\u00e7\u00e3o local.<\/p>\n<p><iframe title=\"Spotify Embed: Podcast CidadeMarketing\" style=\"border-radius: 12px\" width=\"100%\" height=\"152\" frameborder=\"0\" allowfullscreen allow=\"autoplay; clipboard-write; encrypted-media; fullscreen; picture-in-picture\" loading=\"lazy\" src=\"https:\/\/open.spotify.com\/embed\/show\/4khMKzP3FgFRWVwb73xicc?si=252fe5bff2b34909&#038;utm_source=oembed\"><\/iframe><\/p>\n<p>&nbsp;<\/p>\n<p>&#8220;Com esta reinaugura\u00e7\u00e3o, reafirmamos nosso compromisso de oferecer facilidade, sa\u00fade e bem-estar aos clientes e aos visitantes no estado do Cear\u00e1. Nossa empresa mant\u00e9m o comprometimento de atender \u00e0s necessidades \u00fanicas de cada regi\u00e3o e setor de neg\u00f3cios, ao mesmo tempo em que proporciona uma experi\u00eancia completa de compra\u201d, refor\u00e7a Rafael Lima, Diretor de Expans\u00e3o, Obras e Arquitetura da Pague Menos e Extrafarma.<\/p>\n","protected":false},"excerpt":{"rendered":"<p>A Pague Menos, uma das maiores e mais reconhecidas redes de farm\u00e1cias do Brasil, anunciou durante uma cerim\u00f4nica especial nesta quinta-feira, 28 de setembro, a reabertura de sua filial no Aeroporto Internacional de Fortaleza (CE). A loja que est\u00e1 localizada na \u00e1rea p\u00fablica do Aeroporto, pr\u00f3ximo \u00e0 Pra\u00e7a de Alimenta\u00e7\u00e3o, no piso 2, funcionar\u00e1 24 [&hellip;]<\/p>\n","protected":false},"author":1,"featured_media":47925,"comment_status":"open","ping_status":"open","sticky":false,"template":"","format":"standard","meta":{"tdm_status":"","tdm_grid_status":"","footnotes":""},"categories":[6],"tags":[616,33,1051,2402,6283,28,472],"class_list":["post-47924","post","type-post","status-publish","format-standard","has-post-thumbnail","hentry","category-noticias","tag-aeroporto","tag-estrategia","tag-expansao","tag-farmacia","tag-forteleza","tag-marketing","tag-pague-menos"],"yoast_head":"<!-- This site is optimized with the Yoast SEO plugin v27.5 - https:\/\/yoast.com\/product\/yoast-seo-wordpress\/ -->\n<title>Pague Menos reinaugura a loja no Aeroporto Internacional de Fortaleza - CidadeMarketing<\/title>\n<meta name=\"robots\" content=\"index, follow, max-snippet:-1, max-image-preview:large, max-video-preview:-1\" \/>\n<link rel=\"canonical\" href=\"https:\/\/www.cidademarketing.com.br\/marketing\/2023\/10\/01\/pague-menos-reinaugura-a-loja-no-aeroporto-internacional-de-fortaleza\/\" \/>\n<meta property=\"og:locale\" content=\"pt_BR\" \/>\n<meta property=\"og:type\" content=\"article\" \/>\n<meta property=\"og:title\" content=\"Pague Menos reinaugura a loja no Aeroporto Internacional de Fortaleza - CidadeMarketing\" \/>\n<meta property=\"og:description\" content=\"A Pague Menos, uma das maiores e mais reconhecidas redes de farm\u00e1cias do Brasil, anunciou durante uma cerim\u00f4nica especial nesta quinta-feira, 28 de setembro, a reabertura de sua filial no Aeroporto Internacional de Fortaleza (CE). A loja que est\u00e1 localizada na \u00e1rea p\u00fablica do Aeroporto, pr\u00f3ximo \u00e0 Pra\u00e7a de Alimenta\u00e7\u00e3o, no piso 2, funcionar\u00e1 24 [&hellip;]\" \/>\n<meta property=\"og:url\" content=\"https:\/\/www.cidademarketing.com.br\/marketing\/2023\/10\/01\/pague-menos-reinaugura-a-loja-no-aeroporto-internacional-de-fortaleza\/\" \/>\n<meta property=\"og:site_name\" content=\"CidadeMarketing\" \/>\n<meta property=\"article:publisher\" content=\"https:\/\/www.facebook.com\/portalcidademarketing\" \/>\n<meta property=\"article:author\" content=\"https:\/\/www.facebook.com\/thalesbrandao\" \/>\n<meta property=\"article:published_time\" content=\"2023-10-01T11:32:57+00:00\" \/>\n<meta property=\"og:image\" content=\"https:\/\/www.cidademarketing.com.br\/marketing\/wp-content\/uploads\/2023\/10\/paguemenos_fortaleza.png\" \/>\n\t<meta property=\"og:image:width\" content=\"661\" \/>\n\t<meta property=\"og:image:height\" content=\"448\" \/>\n\t<meta property=\"og:image:type\" content=\"image\/png\" \/>\n<meta name=\"author\" content=\"Thales Brand\u00e3o\" \/>\n<meta name=\"twitter:card\" content=\"summary_large_image\" \/>\n<meta name=\"twitter:creator\" content=\"@http:\/\/www.twitter.com\/thalesbrandao\" \/>\n<meta name=\"twitter:site\" content=\"@CidadeMarketing\" \/>\n<meta name=\"twitter:label1\" content=\"Escrito por\" \/>\n\t<meta name=\"twitter:data1\" content=\"Thales Brand\u00e3o\" \/>\n\t<meta name=\"twitter:label2\" content=\"Est. tempo de leitura\" \/>\n\t<meta name=\"twitter:data2\" content=\"1 minuto\" \/>\n<script type=\"application\/ld+json\" class=\"yoast-schema-graph\">{\"@context\":\"https:\\\/\\\/schema.org\",\"@graph\":[{\"@type\":\"Article\",\"@id\":\"https:\\\/\\\/www.cidademarketing.com.br\\\/marketing\\\/2023\\\/10\\\/01\\\/pague-menos-reinaugura-a-loja-no-aeroporto-internacional-de-fortaleza\\\/#article\",\"isPartOf\":{\"@id\":\"https:\\\/\\\/www.cidademarketing.com.br\\\/marketing\\\/2023\\\/10\\\/01\\\/pague-menos-reinaugura-a-loja-no-aeroporto-internacional-de-fortaleza\\\/\"},\"author\":{\"name\":\"Thales Brand\u00e3o\",\"@id\":\"https:\\\/\\\/www.cidademarketing.com.br\\\/marketing\\\/#\\\/schema\\\/person\\\/02daff9f18bd9378c9e01eb6b2db155f\"},\"headline\":\"Pague Menos reinaugura a loja no Aeroporto Internacional de Fortaleza\",\"datePublished\":\"2023-10-01T11:32:57+00:00\",\"mainEntityOfPage\":{\"@id\":\"https:\\\/\\\/www.cidademarketing.com.br\\\/marketing\\\/2023\\\/10\\\/01\\\/pague-menos-reinaugura-a-loja-no-aeroporto-internacional-de-fortaleza\\\/\"},\"wordCount\":260,\"commentCount\":0,\"publisher\":{\"@id\":\"https:\\\/\\\/www.cidademarketing.com.br\\\/marketing\\\/#organization\"},\"image\":{\"@id\":\"https:\\\/\\\/www.cidademarketing.com.br\\\/marketing\\\/2023\\\/10\\\/01\\\/pague-menos-reinaugura-a-loja-no-aeroporto-internacional-de-fortaleza\\\/#primaryimage\"},\"thumbnailUrl\":\"https:\\\/\\\/www.cidademarketing.com.br\\\/marketing\\\/wp-content\\\/uploads\\\/2023\\\/10\\\/paguemenos_fortaleza.png\",\"keywords\":[\"aeroporto\",\"estrat\u00e9gia\",\"expans\u00e3o\",\"farm\u00e1cia\",\"Forteleza\",\"marketing\",\"Pague Menos\"],\"articleSection\":[\"Not\u00edcias\"],\"inLanguage\":\"pt-BR\",\"potentialAction\":[{\"@type\":\"CommentAction\",\"name\":\"Comment\",\"target\":[\"https:\\\/\\\/www.cidademarketing.com.br\\\/marketing\\\/2023\\\/10\\\/01\\\/pague-menos-reinaugura-a-loja-no-aeroporto-internacional-de-fortaleza\\\/#respond\"]}]},{\"@type\":\"WebPage\",\"@id\":\"https:\\\/\\\/www.cidademarketing.com.br\\\/marketing\\\/2023\\\/10\\\/01\\\/pague-menos-reinaugura-a-loja-no-aeroporto-internacional-de-fortaleza\\\/\",\"url\":\"https:\\\/\\\/www.cidademarketing.com.br\\\/marketing\\\/2023\\\/10\\\/01\\\/pague-menos-reinaugura-a-loja-no-aeroporto-internacional-de-fortaleza\\\/\",\"name\":\"Pague Menos reinaugura a loja no Aeroporto Internacional de Fortaleza - CidadeMarketing\",\"isPartOf\":{\"@id\":\"https:\\\/\\\/www.cidademarketing.com.br\\\/marketing\\\/#website\"},\"primaryImageOfPage\":{\"@id\":\"https:\\\/\\\/www.cidademarketing.com.br\\\/marketing\\\/2023\\\/10\\\/01\\\/pague-menos-reinaugura-a-loja-no-aeroporto-internacional-de-fortaleza\\\/#primaryimage\"},\"image\":{\"@id\":\"https:\\\/\\\/www.cidademarketing.com.br\\\/marketing\\\/2023\\\/10\\\/01\\\/pague-menos-reinaugura-a-loja-no-aeroporto-internacional-de-fortaleza\\\/#primaryimage\"},\"thumbnailUrl\":\"https:\\\/\\\/www.cidademarketing.com.br\\\/marketing\\\/wp-content\\\/uploads\\\/2023\\\/10\\\/paguemenos_fortaleza.png\",\"datePublished\":\"2023-10-01T11:32:57+00:00\",\"breadcrumb\":{\"@id\":\"https:\\\/\\\/www.cidademarketing.com.br\\\/marketing\\\/2023\\\/10\\\/01\\\/pague-menos-reinaugura-a-loja-no-aeroporto-internacional-de-fortaleza\\\/#breadcrumb\"},\"inLanguage\":\"pt-BR\",\"potentialAction\":[{\"@type\":\"ReadAction\",\"target\":[\"https:\\\/\\\/www.cidademarketing.com.br\\\/marketing\\\/2023\\\/10\\\/01\\\/pague-menos-reinaugura-a-loja-no-aeroporto-internacional-de-fortaleza\\\/\"]}]},{\"@type\":\"ImageObject\",\"inLanguage\":\"pt-BR\",\"@id\":\"https:\\\/\\\/www.cidademarketing.com.br\\\/marketing\\\/2023\\\/10\\\/01\\\/pague-menos-reinaugura-a-loja-no-aeroporto-internacional-de-fortaleza\\\/#primaryimage\",\"url\":\"https:\\\/\\\/www.cidademarketing.com.br\\\/marketing\\\/wp-content\\\/uploads\\\/2023\\\/10\\\/paguemenos_fortaleza.png\",\"contentUrl\":\"https:\\\/\\\/www.cidademarketing.com.br\\\/marketing\\\/wp-content\\\/uploads\\\/2023\\\/10\\\/paguemenos_fortaleza.png\",\"width\":661,\"height\":448,\"caption\":\"Divulga\u00e7\u00e3o\"},{\"@type\":\"BreadcrumbList\",\"@id\":\"https:\\\/\\\/www.cidademarketing.com.br\\\/marketing\\\/2023\\\/10\\\/01\\\/pague-menos-reinaugura-a-loja-no-aeroporto-internacional-de-fortaleza\\\/#breadcrumb\",\"itemListElement\":[{\"@type\":\"ListItem\",\"position\":1,\"name\":\"In\u00edcio\",\"item\":\"https:\\\/\\\/www.cidademarketing.com.br\\\/marketing\\\/\"},{\"@type\":\"ListItem\",\"position\":2,\"name\":\"Pague Menos reinaugura a loja no Aeroporto Internacional de Fortaleza\"}]},{\"@type\":\"WebSite\",\"@id\":\"https:\\\/\\\/www.cidademarketing.com.br\\\/marketing\\\/#website\",\"url\":\"https:\\\/\\\/www.cidademarketing.com.br\\\/marketing\\\/\",\"name\":\"CidadeMarketing\",\"description\":\"Somos um ve\u00edculo de comunica\u00e7\u00e3o de destaque no Brasil, reconhecido por conte\u00fados nos segmentos de marketing, empreendedorismo e inova\u00e7\u00e3o.\",\"publisher\":{\"@id\":\"https:\\\/\\\/www.cidademarketing.com.br\\\/marketing\\\/#organization\"},\"alternateName\":\"CidadeMarketing\",\"potentialAction\":[{\"@type\":\"SearchAction\",\"target\":{\"@type\":\"EntryPoint\",\"urlTemplate\":\"https:\\\/\\\/www.cidademarketing.com.br\\\/marketing\\\/?s={search_term_string}\"},\"query-input\":{\"@type\":\"PropertyValueSpecification\",\"valueRequired\":true,\"valueName\":\"search_term_string\"}}],\"inLanguage\":\"pt-BR\"},{\"@type\":\"Organization\",\"@id\":\"https:\\\/\\\/www.cidademarketing.com.br\\\/marketing\\\/#organization\",\"name\":\"CidadeMarketing\",\"alternateName\":\"CidadeMarketing\",\"url\":\"https:\\\/\\\/www.cidademarketing.com.br\\\/marketing\\\/\",\"logo\":{\"@type\":\"ImageObject\",\"inLanguage\":\"pt-BR\",\"@id\":\"https:\\\/\\\/www.cidademarketing.com.br\\\/marketing\\\/#\\\/schema\\\/logo\\\/image\\\/\",\"url\":\"https:\\\/\\\/www.cidademarketing.com.br\\\/marketing\\\/wp-content\\\/uploads\\\/2020\\\/01\\\/cidademarketing_marca_mobile.png\",\"contentUrl\":\"https:\\\/\\\/www.cidademarketing.com.br\\\/marketing\\\/wp-content\\\/uploads\\\/2020\\\/01\\\/cidademarketing_marca_mobile.png\",\"width\":230,\"height\":92,\"caption\":\"CidadeMarketing\"},\"image\":{\"@id\":\"https:\\\/\\\/www.cidademarketing.com.br\\\/marketing\\\/#\\\/schema\\\/logo\\\/image\\\/\"},\"sameAs\":[\"https:\\\/\\\/www.facebook.com\\\/portalcidademarketing\",\"https:\\\/\\\/x.com\\\/CidadeMarketing\",\"https:\\\/\\\/www.instagram.com\\\/cidademarketing\\\/\"]},{\"@type\":\"Person\",\"@id\":\"https:\\\/\\\/www.cidademarketing.com.br\\\/marketing\\\/#\\\/schema\\\/person\\\/02daff9f18bd9378c9e01eb6b2db155f\",\"name\":\"Thales Brand\u00e3o\",\"image\":{\"@type\":\"ImageObject\",\"inLanguage\":\"pt-BR\",\"@id\":\"https:\\\/\\\/secure.gravatar.com\\\/avatar\\\/7ca3206950207cc3cb48feec56a8a7898741ab725c368d99d5d7a5a50aab80c6?s=96&d=mm&r=g\",\"url\":\"https:\\\/\\\/secure.gravatar.com\\\/avatar\\\/7ca3206950207cc3cb48feec56a8a7898741ab725c368d99d5d7a5a50aab80c6?s=96&d=mm&r=g\",\"contentUrl\":\"https:\\\/\\\/secure.gravatar.com\\\/avatar\\\/7ca3206950207cc3cb48feec56a8a7898741ab725c368d99d5d7a5a50aab80c6?s=96&d=mm&r=g\",\"caption\":\"Thales Brand\u00e3o\"},\"description\":\"Editor Executivo do Portal CidadeMarketing.com.br &gt; Mestre em Comunica\u00e7\u00e3o e Sociedade pela Universidade Federal de Sergipe. Possui MBA Executivo em Administra\u00e7\u00e3o com \u00eanfase em Marketing pela Funda\u00e7\u00e3o Get\u00falio Vargas - Rio de Janeiro. Consultor, Palestrante e Pesquisador sobre Empreendedorismo, Marketing, Redes Sociais e Neg\u00f3cios Digitais. Professor, Palestrante TedxTalks e Campus Party. Twitter: @ThalesBrandao\",\"sameAs\":[\"http:\\\/\\\/www.mandacaru.com.br\",\"https:\\\/\\\/www.facebook.com\\\/thalesbrandao\",\"http:\\\/\\\/www.instagram.com.br\\\/thalesbrandaoferreira\",\"https:\\\/\\\/www.linkedin.com\\\/in\\\/thales-brand\u00e3o-3948609\\\/\",\"https:\\\/\\\/x.com\\\/http:\\\/\\\/www.twitter.com\\\/thalesbrandao\"],\"url\":\"https:\\\/\\\/www.cidademarketing.com.br\\\/marketing\\\/author\\\/thalesbrandao\\\/\"}]}<\/script>\n<!-- \/ Yoast SEO plugin. -->","yoast_head_json":{"title":"Pague Menos reinaugura a loja no Aeroporto Internacional de Fortaleza - CidadeMarketing","robots":{"index":"index","follow":"follow","max-snippet":"max-snippet:-1","max-image-preview":"max-image-preview:large","max-video-preview":"max-video-preview:-1"},"canonical":"https:\/\/www.cidademarketing.com.br\/marketing\/2023\/10\/01\/pague-menos-reinaugura-a-loja-no-aeroporto-internacional-de-fortaleza\/","og_locale":"pt_BR","og_type":"article","og_title":"Pague Menos reinaugura a loja no Aeroporto Internacional de Fortaleza - CidadeMarketing","og_description":"A Pague Menos, uma das maiores e mais reconhecidas redes de farm\u00e1cias do Brasil, anunciou durante uma cerim\u00f4nica especial nesta quinta-feira, 28 de setembro, a reabertura de sua filial no Aeroporto Internacional de Fortaleza (CE). A loja que est\u00e1 localizada na \u00e1rea p\u00fablica do Aeroporto, pr\u00f3ximo \u00e0 Pra\u00e7a de Alimenta\u00e7\u00e3o, no piso 2, funcionar\u00e1 24 [&hellip;]","og_url":"https:\/\/www.cidademarketing.com.br\/marketing\/2023\/10\/01\/pague-menos-reinaugura-a-loja-no-aeroporto-internacional-de-fortaleza\/","og_site_name":"CidadeMarketing","article_publisher":"https:\/\/www.facebook.com\/portalcidademarketing","article_author":"https:\/\/www.facebook.com\/thalesbrandao","article_published_time":"2023-10-01T11:32:57+00:00","og_image":[{"width":661,"height":448,"url":"https:\/\/www.cidademarketing.com.br\/marketing\/wp-content\/uploads\/2023\/10\/paguemenos_fortaleza.png","type":"image\/png"}],"author":"Thales Brand\u00e3o","twitter_card":"summary_large_image","twitter_creator":"@http:\/\/www.twitter.com\/thalesbrandao","twitter_site":"@CidadeMarketing","twitter_misc":{"Escrito por":"Thales Brand\u00e3o","Est. tempo de leitura":"1 minuto"},"schema":{"@context":"https:\/\/schema.org","@graph":[{"@type":"Article","@id":"https:\/\/www.cidademarketing.com.br\/marketing\/2023\/10\/01\/pague-menos-reinaugura-a-loja-no-aeroporto-internacional-de-fortaleza\/#article","isPartOf":{"@id":"https:\/\/www.cidademarketing.com.br\/marketing\/2023\/10\/01\/pague-menos-reinaugura-a-loja-no-aeroporto-internacional-de-fortaleza\/"},"author":{"name":"Thales Brand\u00e3o","@id":"https:\/\/www.cidademarketing.com.br\/marketing\/#\/schema\/person\/02daff9f18bd9378c9e01eb6b2db155f"},"headline":"Pague Menos reinaugura a loja no Aeroporto Internacional de Fortaleza","datePublished":"2023-10-01T11:32:57+00:00","mainEntityOfPage":{"@id":"https:\/\/www.cidademarketing.com.br\/marketing\/2023\/10\/01\/pague-menos-reinaugura-a-loja-no-aeroporto-internacional-de-fortaleza\/"},"wordCount":260,"commentCount":0,"publisher":{"@id":"https:\/\/www.cidademarketing.com.br\/marketing\/#organization"},"image":{"@id":"https:\/\/www.cidademarketing.com.br\/marketing\/2023\/10\/01\/pague-menos-reinaugura-a-loja-no-aeroporto-internacional-de-fortaleza\/#primaryimage"},"thumbnailUrl":"https:\/\/www.cidademarketing.com.br\/marketing\/wp-content\/uploads\/2023\/10\/paguemenos_fortaleza.png","keywords":["aeroporto","estrat\u00e9gia","expans\u00e3o","farm\u00e1cia","Forteleza","marketing","Pague Menos"],"articleSection":["Not\u00edcias"],"inLanguage":"pt-BR","potentialAction":[{"@type":"CommentAction","name":"Comment","target":["https:\/\/www.cidademarketing.com.br\/marketing\/2023\/10\/01\/pague-menos-reinaugura-a-loja-no-aeroporto-internacional-de-fortaleza\/#respond"]}]},{"@type":"WebPage","@id":"https:\/\/www.cidademarketing.com.br\/marketing\/2023\/10\/01\/pague-menos-reinaugura-a-loja-no-aeroporto-internacional-de-fortaleza\/","url":"https:\/\/www.cidademarketing.com.br\/marketing\/2023\/10\/01\/pague-menos-reinaugura-a-loja-no-aeroporto-internacional-de-fortaleza\/","name":"Pague Menos reinaugura a loja no Aeroporto Internacional de Fortaleza - CidadeMarketing","isPartOf":{"@id":"https:\/\/www.cidademarketing.com.br\/marketing\/#website"},"primaryImageOfPage":{"@id":"https:\/\/www.cidademarketing.com.br\/marketing\/2023\/10\/01\/pague-menos-reinaugura-a-loja-no-aeroporto-internacional-de-fortaleza\/#primaryimage"},"image":{"@id":"https:\/\/www.cidademarketing.com.br\/marketing\/2023\/10\/01\/pague-menos-reinaugura-a-loja-no-aeroporto-internacional-de-fortaleza\/#primaryimage"},"thumbnailUrl":"https:\/\/www.cidademarketing.com.br\/marketing\/wp-content\/uploads\/2023\/10\/paguemenos_fortaleza.png","datePublished":"2023-10-01T11:32:57+00:00","breadcrumb":{"@id":"https:\/\/www.cidademarketing.com.br\/marketing\/2023\/10\/01\/pague-menos-reinaugura-a-loja-no-aeroporto-internacional-de-fortaleza\/#breadcrumb"},"inLanguage":"pt-BR","potentialAction":[{"@type":"ReadAction","target":["https:\/\/www.cidademarketing.com.br\/marketing\/2023\/10\/01\/pague-menos-reinaugura-a-loja-no-aeroporto-internacional-de-fortaleza\/"]}]},{"@type":"ImageObject","inLanguage":"pt-BR","@id":"https:\/\/www.cidademarketing.com.br\/marketing\/2023\/10\/01\/pague-menos-reinaugura-a-loja-no-aeroporto-internacional-de-fortaleza\/#primaryimage","url":"https:\/\/www.cidademarketing.com.br\/marketing\/wp-content\/uploads\/2023\/10\/paguemenos_fortaleza.png","contentUrl":"https:\/\/www.cidademarketing.com.br\/marketing\/wp-content\/uploads\/2023\/10\/paguemenos_fortaleza.png","width":661,"height":448,"caption":"Divulga\u00e7\u00e3o"},{"@type":"BreadcrumbList","@id":"https:\/\/www.cidademarketing.com.br\/marketing\/2023\/10\/01\/pague-menos-reinaugura-a-loja-no-aeroporto-internacional-de-fortaleza\/#breadcrumb","itemListElement":[{"@type":"ListItem","position":1,"name":"In\u00edcio","item":"https:\/\/www.cidademarketing.com.br\/marketing\/"},{"@type":"ListItem","position":2,"name":"Pague Menos reinaugura a loja no Aeroporto Internacional de Fortaleza"}]},{"@type":"WebSite","@id":"https:\/\/www.cidademarketing.com.br\/marketing\/#website","url":"https:\/\/www.cidademarketing.com.br\/marketing\/","name":"CidadeMarketing","description":"Somos um ve\u00edculo de comunica\u00e7\u00e3o de destaque no Brasil, reconhecido por conte\u00fados nos segmentos de marketing, empreendedorismo e inova\u00e7\u00e3o.","publisher":{"@id":"https:\/\/www.cidademarketing.com.br\/marketing\/#organization"},"alternateName":"CidadeMarketing","potentialAction":[{"@type":"SearchAction","target":{"@type":"EntryPoint","urlTemplate":"https:\/\/www.cidademarketing.com.br\/marketing\/?s={search_term_string}"},"query-input":{"@type":"PropertyValueSpecification","valueRequired":true,"valueName":"search_term_string"}}],"inLanguage":"pt-BR"},{"@type":"Organization","@id":"https:\/\/www.cidademarketing.com.br\/marketing\/#organization","name":"CidadeMarketing","alternateName":"CidadeMarketing","url":"https:\/\/www.cidademarketing.com.br\/marketing\/","logo":{"@type":"ImageObject","inLanguage":"pt-BR","@id":"https:\/\/www.cidademarketing.com.br\/marketing\/#\/schema\/logo\/image\/","url":"https:\/\/www.cidademarketing.com.br\/marketing\/wp-content\/uploads\/2020\/01\/cidademarketing_marca_mobile.png","contentUrl":"https:\/\/www.cidademarketing.com.br\/marketing\/wp-content\/uploads\/2020\/01\/cidademarketing_marca_mobile.png","width":230,"height":92,"caption":"CidadeMarketing"},"image":{"@id":"https:\/\/www.cidademarketing.com.br\/marketing\/#\/schema\/logo\/image\/"},"sameAs":["https:\/\/www.facebook.com\/portalcidademarketing","https:\/\/x.com\/CidadeMarketing","https:\/\/www.instagram.com\/cidademarketing\/"]},{"@type":"Person","@id":"https:\/\/www.cidademarketing.com.br\/marketing\/#\/schema\/person\/02daff9f18bd9378c9e01eb6b2db155f","name":"Thales Brand\u00e3o","image":{"@type":"ImageObject","inLanguage":"pt-BR","@id":"https:\/\/secure.gravatar.com\/avatar\/7ca3206950207cc3cb48feec56a8a7898741ab725c368d99d5d7a5a50aab80c6?s=96&d=mm&r=g","url":"https:\/\/secure.gravatar.com\/avatar\/7ca3206950207cc3cb48feec56a8a7898741ab725c368d99d5d7a5a50aab80c6?s=96&d=mm&r=g","contentUrl":"https:\/\/secure.gravatar.com\/avatar\/7ca3206950207cc3cb48feec56a8a7898741ab725c368d99d5d7a5a50aab80c6?s=96&d=mm&r=g","caption":"Thales Brand\u00e3o"},"description":"Editor Executivo do Portal CidadeMarketing.com.br &gt; Mestre em Comunica\u00e7\u00e3o e Sociedade pela Universidade Federal de Sergipe. Possui MBA Executivo em Administra\u00e7\u00e3o com \u00eanfase em Marketing pela Funda\u00e7\u00e3o Get\u00falio Vargas - Rio de Janeiro. Consultor, Palestrante e Pesquisador sobre Empreendedorismo, Marketing, Redes Sociais e Neg\u00f3cios Digitais. Professor, Palestrante TedxTalks e Campus Party. Twitter: @ThalesBrandao","sameAs":["http:\/\/www.mandacaru.com.br","https:\/\/www.facebook.com\/thalesbrandao","http:\/\/www.instagram.com.br\/thalesbrandaoferreira","https:\/\/www.linkedin.com\/in\/thales-brand\u00e3o-3948609\/","https:\/\/x.com\/http:\/\/www.twitter.com\/thalesbrandao"],"url":"https:\/\/www.cidademarketing.com.br\/marketing\/author\/thalesbrandao\/"}]}},"amp_enabled":true,"_links":{"self":[{"href":"https:\/\/www.cidademarketing.com.br\/marketing\/wp-json\/wp\/v2\/posts\/47924","targetHints":{"allow":["GET"]}}],"collection":[{"href":"https:\/\/www.cidademarketing.com.br\/marketing\/wp-json\/wp\/v2\/posts"}],"about":[{"href":"https:\/\/www.cidademarketing.com.br\/marketing\/wp-json\/wp\/v2\/types\/post"}],"author":[{"embeddable":true,"href":"https:\/\/www.cidademarketing.com.br\/marketing\/wp-json\/wp\/v2\/users\/1"}],"replies":[{"embeddable":true,"href":"https:\/\/www.cidademarketing.com.br\/marketing\/wp-json\/wp\/v2\/comments?post=47924"}],"version-history":[{"count":1,"href":"https:\/\/www.cidademarketing.com.br\/marketing\/wp-json\/wp\/v2\/posts\/47924\/revisions"}],"predecessor-version":[{"id":47926,"href":"https:\/\/www.cidademarketing.com.br\/marketing\/wp-json\/wp\/v2\/posts\/47924\/revisions\/47926"}],"wp:featuredmedia":[{"embeddable":true,"href":"https:\/\/www.cidademarketing.com.br\/marketing\/wp-json\/wp\/v2\/media\/47925"}],"wp:attachment":[{"href":"https:\/\/www.cidademarketing.com.br\/marketing\/wp-json\/wp\/v2\/media?parent=47924"}],"wp:term":[{"taxonomy":"category","embeddable":true,"href":"https:\/\/www.cidademarketing.com.br\/marketing\/wp-json\/wp\/v2\/categories?post=47924"},{"taxonomy":"post_tag","embeddable":true,"href":"https:\/\/www.cidademarketing.com.br\/marketing\/wp-json\/wp\/v2\/tags?post=47924"}],"curies":[{"name":"wp","href":"https:\/\/api.w.org\/{rel}","templated":true}]}}