{"id":47905,"date":"2023-09-29T16:36:49","date_gmt":"2023-09-29T19:36:49","guid":{"rendered":"https:\/\/www.cidademarketing.com.br\/marketing\/?p=47905"},"modified":"2023-09-29T16:36:49","modified_gmt":"2023-09-29T19:36:49","slug":"roberto-carlos-se-apresentara-no-espaco-unimed-em-show-exclusivo-para-as-mulheres","status":"publish","type":"post","link":"https:\/\/www.cidademarketing.com.br\/marketing\/2023\/09\/29\/roberto-carlos-se-apresentara-no-espaco-unimed-em-show-exclusivo-para-as-mulheres\/","title":{"rendered":"Roberto Carlos se apresentar\u00e1 no Espa\u00e7o Unimed em show exclusivo para as mulheres"},"content":{"rendered":"<p>Artista que dispensa apresenta\u00e7\u00e3o, o \u00eddolo da can\u00e7\u00e3o latino-americana presenteia as f\u00e3s que estiverem em S\u00e3o Paulo (SP) no dia 29 de outubro (Domingo) \u00e0s 18h, no ESPA\u00c7O UNIMED (Rua Tagipuru, 795 \u2013 Barra Funda, S\u00e3o Paulo &#8211; SP), com um show totalmente dedicado a elas. Exclusivo para o p\u00fablico feminino, todos os servi\u00e7os voltados para o espet\u00e1culo ser\u00e3o compostos por mulheres: Gar\u00e7onetes, Seguran\u00e7as, Recepcionistas. Neste show especial o dia \u00e9 reservado s\u00f3 para elas. Abertura das vendas: Clientes Diamante e Safira da Azul linhas a\u00e9reas tem os ingressos para os shows dispon\u00edveis on line e bilheteria f\u00edsica em pr\u00e9-venda exclusiva no dia 28 de setembro, a partir do meio dia at\u00e9 dia 29 de setembro ao meio dia. O p\u00fablico em geral pode adquirir os ingressos a partir do dia 29 de setembro ao meio dia.<\/p>\n<p><a href=\"https:\/\/www.cidademarketing.com.br\/marketing\/sua-marca-vai-virar-noticia\/\" target=\"_blank\" rel=\"noopener\"><img fetchpriority=\"high\" decoding=\"async\" class=\"wp-image-44329 aligncenter\" src=\"https:\/\/www.cidademarketing.com.br\/marketing\/wp-content\/uploads\/2023\/04\/cidademarketing_backlinks_marketingdigital_publieditorial_.png\" alt=\"\" width=\"500\" height=\"500\" \/><\/a><br \/>\nExemplo vivo do sucesso mundial da m\u00fasica popular brasileira, com 53 \u00e1lbuns de carreira lan\u00e7ados, sucessos em portugu\u00eas, espanhol, italiano, ingl\u00eas e em outros idiomas, lan\u00e7ou mais recentemente uma grava\u00e7\u00e3o do cl\u00e1ssico \u201cEvid\u00eancias\u201d, sucesso que fez parte da trilha sonora da novela \u201cTravessia\u201d, dispon\u00edveis em todas as plataformas digitais.<br \/>\nRoberto Carlos entrou para a lista da revista Global Concert Pulse como um dos 30 artistas de maior p\u00fablico nos Estados Unidos, ao lado de nomes como Elton John, Cher, a banda Kiss e outros grandes nomes da m\u00fasica mundial. Refor\u00e7ando esta posi\u00e7\u00e3o levou, no primeiro semestre de 2022, sua turn\u00ea \u00e0 12 dos cidades dos Estados Unidos atingindo um p\u00fablico de aproximadamente 100 mil pessoas. No segundo semestre do mesmo ano foi a vez de Roberto Carlos apresentar sua turn\u00ea por v\u00e1rias cidades brasileiras al\u00e9m de realizar, na semana dos namorados, o \u201cProjeto Emo\u00e7\u00f5es Praia do Forte\u201d na Bahia.<\/p>\n<p>Roberto Carlos iniciou 2023 recebendo o Pr\u00eamio United Earth Amaz\u00f4nia pelo conjunto da obra musical que desenvolveu em parceira com Erasmo Carlos onde defendiam a preserva\u00e7\u00e3o do meio ambiente, da Amaz\u00f4nia e a sustentabilidade do planeta, isso quando temas como estes ainda n\u00e3o estavam em pauta.<br \/>\nLogo em seguida, a bordo do transatl\u00e2ntico MSC Fantasia, foi a vez de participar da 17\u00aa edi\u00e7\u00e3o do Projeto Emo\u00e7\u00f5es em Alto Mar. Tendo lota\u00e7\u00e3o esgotada com bastante anteced\u00eancia al\u00e9m de uma lista de espera com mais de 300 pessoas, consolidou o sucesso desses encontros ao mar. Desde ent\u00e3o tem percorrido o Brasil levando a emo\u00e7\u00e3o de seus shows para cidades do norte ao sul do pa\u00eds.<\/p>\n<p>A CARREIRA<br \/>\nRoberto Carlos nasceu em Cachoeiro do Itapemirim, no Estado do Esp\u00edrito Santo e come\u00e7ou a cantar na r\u00e1dio aos nove anos. Na juventude sua fam\u00edlia mudou-se para o Rio de Janeiro, onde formou com amigos de escola o conjunto vocal The Sputnicks e depois The Snakes, j\u00e1 com a presen\u00e7a de Erasmo Carlos, seu parceiro na maioria de suas obras. Roberto Carlos passou a se apresentar em clubes e festas o que abriu seu caminho para o programa &#8220;Clube do Rock&#8221; na televis\u00e3o, sendo anunciado ao p\u00fablico como o &#8220;Elvis brasileiro&#8221; ao cantar &#8220;Jailhouse rock&#8221;. Roberto tamb\u00e9m cantava na boate do Hotel Plaza seguindo a linha bossa-nova de Jo\u00e3o Gilberto enquanto percorria o caminho de artista iniciante atr\u00e1s de uma gravadora.<br \/>\nSua primeira grava\u00e7\u00e3o foi em 1959 pela Polydor, em 1960 gravou um novo disco de 78 RPM e com o primeiro LP a m\u00fasica &#8220;Louco Por Voc\u00ea&#8221; estourou rapidamente. Com apari\u00e7\u00f5es frequentes em programas da TV, come\u00e7ava ali um caminho de sucesso sendo reconhecido em todo o pa\u00eds. Em 1963 com o lan\u00e7amento do disco Splish Splash, se transforma num dos mais populares artistas jovens da \u00e9poca. O ano seguinte \u00e9 marcado pelo lan\u00e7amento de \u201c\u00c9 Proibido Fumar\u201d, cheio de can\u00e7\u00f5es que se tornariam cl\u00e1ssicos da m\u00fasica brasileira, como &#8220;O Calhambeque&#8221;.<br \/>\nCom a explos\u00e3o mundial dos Beatles, o rock estava chegando ao Brasil, manifestando-se atrav\u00e9s de um movimento que o colocaria pela primeira vez em grande evidencia: a Jovem Guarda, recordista de audi\u00eancia entre os jovens e um dos maiores sucessos da TV brasileira at\u00e9 hoje. Em novembro de 1965 veio o LP Jovem Guarda, revolucionando a linguagem musical da \u00e9poca atrav\u00e9s de can\u00e7\u00f5es como &#8220;Quero que v\u00e1 tudo pro inferno&#8221;, cuja letra era ousada para \u00e9poca.<br \/>\nTendo a companhia dos amigos e parceiros Erasmo Carlos e Wanderl\u00e9a na linha de frente da Jovem Guarda, Roberto ditava a moda, inspirando roupas e adere\u00e7os utilizados pelos jovens brasileiros. Em 1967 a Jovem Guarda atingia seu auge. A dupla Roberto-Erasmo, definitivamente consagrada, popularizava express\u00f5es que se tornavam referencia para os jovens. A fama de Roberto chegava \u00e0 Fran\u00e7a, apresentando-se no MIDEM, em Cannes. Seu novo disco, Roberto Carlos em Ritmo de Aventura, traria mais sucessos e proporcionaria sua estreia no cinema no ano seguinte. Impulsionado pelo disco, o filme &#8220;Roberto Carlos em Ritmo de Aventura&#8221;, de Roberto Farias, estrelado por Roberto Carlos e com participa\u00e7\u00f5es de Wanderl\u00e9a e Erasmo, bateu recordes de bilheteria.<br \/>\nRoberto continuava ampliando seus horizontes. Foi \u00e0 It\u00e1lia e voltou vencedor do Festival de San Remo, onde defendeu a m\u00fasica &#8220;Canzone per te&#8221;, de S\u00e9rgio Endrigo e Bardotti. Foi o primeiro estrangeiro a conseguir esta fa\u00e7anha. O ano seguinte come\u00e7a com o lan\u00e7amento de um novo filme &#8220;Roberto Carlos e o Diamante Cor-de-Rosa&#8221;, que mais uma vez arrastou multid\u00f5es aos cinemas. Musicalmente, Roberto j\u00e1 n\u00e3o estava mais em ritmo de aventura. Seu amadurecimento como compositor e int\u00e9rprete come\u00e7ava a ficar evidente no novo \u00e1lbum. M\u00fasicas como &#8220;Sua estupidez&#8221; e &#8220;As Curvas da Estrada de Santos&#8221; s\u00e3o uma pr\u00e9via do Roberto rom\u00e2ntico das pr\u00f3ximas d\u00e9cadas.<br \/>\nO ano de 1970 foi marcado com a estreia de um supershow &#8220;Roberto Carlos a 200 km por hora&#8221;, na maior casa de espet\u00e1culos do Rio de Janeiro. Lan\u00e7ou seu terceiro filme, &#8220;Roberto Carlos a 300 km por hora&#8221;, o Roberto Carlos virava \u00eddolo tamb\u00e9m no exterior, principalmente nos pa\u00edses de l\u00edngua latina. Recordista de vendas em todo o Brasil, recebendo Discos de Ouro a cada lan\u00e7amento, em 1972, a cantora Ornella Vanoni chegou ao primeiro lugar das paradas europeias com vers\u00f5es em italiano para suas m\u00fasicas.<br \/>\nEm 1974, Roberto Carlos gravou o primeiro especial de Natal para a Rede Globo de Televis\u00e3o. Inaugurava ali uma tradi\u00e7\u00e3o que se repete at\u00e9 hoje, sempre com a participa\u00e7\u00e3o de convidados especiais, mostrando que Roberto Carlos sempre teve muito mais que &#8220;um milh\u00e3o de amigos&#8221;.<br \/>\nRoberto foi o primeiro artista brasileiro a atingir a marca de mais de um milh\u00e3o de discos vendidos a cada lan\u00e7amento. A d\u00e9cada de 70 reservaria ainda mais dois momentos importantes: sua campanha em prol do Ano Internacional da Crian\u00e7a, atrav\u00e9s da Rede Globo de Televis\u00e3o, foi um sucesso estrondoso e a m\u00fasica &#8220;Amigo&#8221; serviu de tema para a visita do Papa Jo\u00e3o Paulo II ao M\u00e9xico, cantada por um coro de crian\u00e7as em transmiss\u00e3o ao vivo para todo o mundo.<br \/>\nCom suas m\u00fasicas regravadas por artistas como J\u00falio Iglesias e Ray Conniff, Roberto finalmente grava um LP totalmente em ingl\u00eas. Como resultado: a CBS lhe confere o Globo de Cristal, pr\u00eamio que distingue oferecido aos artistas que atingem a marca de 5 milh\u00f5es de discos vendidos fora de seu pa\u00eds de origem. Seus LPs foram lan\u00e7ados em espanhol, italiano, ingl\u00eas e franc\u00eas. Em Portugal e Espanha, &#8220;Cama e Mesa&#8221; chegou aos primeiros lugares das paradas.<br \/>\nEm 1983, com uma equipe de 110 pessoas, incluindo uma orquestra de 42 m\u00fasicos, Roberto Carlos realiza o Projeto Emo\u00e7\u00f5es e percorre 18 cidades de 14 estados do Norte\/Nordeste e Centro-Oeste do Brasil. Nos anos seguintes, Roberto Carlos conferiria novos par\u00e2metros aos padr\u00f5es de execu\u00e7\u00e3o de m\u00fasicas nas r\u00e1dios. &#8220;Caminhoneiro&#8221; (1984), &#8220;Verde e amarelo&#8221; (1985) e &#8220;Apocalipse&#8221; (1986) bateram recordes consecutivos, com respectivamente 3.287, 3.577, 3.608 execu\u00e7\u00f5es em um s\u00f3 dia. Para se ter uma ideia da grandiosidade destes n\u00fameros, as dez m\u00fasicas do LP de 1983, somadas, alcan\u00e7avam 5.981 execu\u00e7\u00f5es.<br \/>\nNo come\u00e7o de 1986, reuniu mais de 100 mil pessoas em quatro apresenta\u00e7\u00f5es no Gin\u00e1sio do Maracan\u00e3 (Rio de Janeiro) e neste mesmo ano subiu ao palco do Radio City Music Hall, em Nova York, com enorme repercuss\u00e3o. Em 1988, coube a ele a honra de ter sido o primeiro artista nacional da CBS com um CD lan\u00e7ado no Brasil. A consagra\u00e7\u00e3o definitiva no mercado latino viria com o Grammy de Melhor Int\u00e9rprete de M\u00fasica Pop Latina, pelo sucesso &#8220;Se o Amor Se Vai&#8221;.<br \/>\nNos anos 90 Roberto Carlos consolidou o sucesso com turn\u00eas nacionais e internacionais, lan\u00e7amentos em discos com recordes de venda e em 2001 Roberto Carlos deliciou seu p\u00fablico com a grava\u00e7\u00e3o de seu disco ac\u00fastico MTV. Roberto Carlos recebeu em 2002 do Presidente da Rep\u00fablica do Brasil, Fernando Henrique Cardoso, a mais importante ins\u00edgnia brasileira, a comenda Ordem do M\u00e9rito Cultural na classe de Gr\u00e3-Cruz.<br \/>\nEm 2005, Roberto Carlos iniciou o Projeto Emo\u00e7\u00f5es em Alto Mar, um cruzeiro anual pela Costa Brasileira em um sofisticado transatl\u00e2ntico, onde o artista re\u00fane seus admiradores, amigos e jornalistas e se apresentada em show intimista todas as noites. Este cruzeiro se tornou refer\u00eancia em turismo n\u00e1utico diferenciado.<br \/>\nEm 2009, na celebra\u00e7\u00e3o dos seus 50 anos de carreira realizou 50 shows em todo o pa\u00eds para uma plateia de mais de 700 mil pessoas. Foi homenageado em dois espet\u00e1culos especiais que se transformaram em especiais de TV, CD e DVD: Elas Cantam Roberto Carlos, com 20 das mais importantes cantoras brasileiras interpretando seus sucessos e Emo\u00e7\u00f5es Sertanejas, com 18 artistas\/duplas expressivas da m\u00fasica sertaneja apresentando suas can\u00e7\u00f5es neste estilo musical. Estes dois espet\u00e1culos tiveram a renda beneficente. E ainda foi montada uma exposi\u00e7\u00e3o com a trajet\u00f3ria de sua carreira num dos mais destacados espa\u00e7os para arte na cidade de S\u00e3o Paulo, a OCA, no Parque do Ibirapuera. Mais de 100 mil pessoas tiveram acesso aos pertences pessoais do artista (roupas, presentes, trof\u00e9us, pr\u00eamios, autom\u00f3veis e outros objetos pessoais) e a toda a obra musical, v\u00eddeos, retrospectiva de filmes em um formato altamente tecnol\u00f3gico e contempor\u00e2neo.<br \/>\nO ano de 2010 tamb\u00e9m foi marcado pela turn\u00ea internacional de Roberto Carlos que passou por diversos pa\u00edses das Am\u00e9ricas como Estados Unidos, Canad\u00e1, M\u00e9xico, Col\u00f4mbia, Guatemala, Peru, entre outras. Em Nova York foi homenageado pela gravadora Sony Music e recebeu um pr\u00eamio por mais de 100 milh\u00f5es de produtos (discos, CDs, DVDs) vendidos em todo o mundo. Ainda realizou o show \u00fanico &#8220;Roberto Carlos S\u00f3 Para Mulheres&#8221; dia 21 de novembro no Pal\u00e1cio do Anhembi, em S\u00e3o Paulo, para uma plateia exclusivamente feminina. No final deste ano, o artista recebeu uma das maiores demonstra\u00e7\u00f5es de carinho no Rio de Janeiro: o tradicional especial de final de ano da Rede Globo foi transmitido da Praia de Copacabana, onde ele se apresentou para uma plateia de aproximadamente um milh\u00e3o de pessoas.<br \/>\nO Ano de 2011 come\u00e7ou com a s\u00e9tima edi\u00e7\u00e3o do Projeto Emo\u00e7\u00f5es em Alto Mar, no navio Costa Serena, e em mar\u00e7o foi homenageado pela Escola de Samba Beija Flor com o enredo contando a trajet\u00f3ria do artista e se sagrou campe\u00e3 do Desfile da Escolas do Grupo Especial. No dia 07 de setembro, concretizou o grande desafio que foi o Projeto Emo\u00e7\u00f5es em Jerusal\u00e9m, show realizado no anfiteatro Sultan\u00b4s Pool em Jerusal\u00e9m, e que se transformou em especial para a Rede Globo com dire\u00e7\u00e3o de Jayme Monjardim. Em 2012, reafirmou seu sucesso no exterior, fazendo turn\u00ea com ingressos esgotados em diversas cidades. Foram 19 shows, passando por diversos pa\u00edses, como M\u00e9xico, Peru e pelos Estados Unidos. As m\u00fasicas &#8220;Esse Cara Sou Eu&#8221; e &#8220;Furd\u00fancio&#8221;, entraram na trilha sonora da novela \u201cSalve Jorge\u201d de Gloria Perez e foram lan\u00e7adas em (EP), ultrapassando a marca de 2 milh\u00f5es de c\u00f3pias vendidas.<br \/>\nEm 2014 recebeu uma homenagem pelos 12 milh\u00f5es de discos vendidos no M\u00e9xico por toda a sua carreira e pelo primeiro lugar em 15 pa\u00edses com o EP &#8220;Esse Tipo Soy Yo&#8221; pela Sony\/ Itunes e gravou um DVD em Las Vegas. Se apresentou em quatro pa\u00edses: Equador, M\u00e9xico, Estados Unidos e Canad\u00e1. Somando um p\u00fablico de 127.656 pessoas durante os quase 3 meses de Tour.<br \/>\nEsta superprodu\u00e7\u00e3o exigiu log\u00edstica para levar 90 toneladas de equipamentos em 4 carretas de 20 metros de comprimento, 10 toneladas de backline e equipamentos foram transportadas via a\u00e9rea do Brasil. 40 brasileiros fizeram parte do staff RC mais 170 profissionais de m\u00faltiplas \u00e1reas.<br \/>\nO cantor, que em novembro de 2015 foi homenageado pelo Grammy Latino como personalidade do ano e lan\u00e7ou o CD \u201cPrimera Fila\u201d, gravado em Londres, no Est\u00fadio Abbey Road, desperta todo o carinho e admira\u00e7\u00e3o nos milh\u00f5es de f\u00e3s que o acompanham pelo Brasil e pelo mundo. Um \u00edcone de credibilidade, romantismo, e religiosidade.<br \/>\nRoberto Carlos promete mais uma vez arrebatar os f\u00e3s com mais um turn\u00ea impec\u00e1vel ao lado de sua orquestra e coral. Produ\u00e7\u00e3o e realiza\u00e7\u00e3o da RC Produ\u00e7\u00f5es.<\/p>\n<p>PR\u00caMIOS RECEBIDOS<br \/>\n&#8211; Festival de San Remo (1968);<br \/>\n&#8211; 03 Grammy&#8217;s sendo que :<br \/>\n&#8211; 01 Grammy INTERNACIONAL em 1989 como melhor cantor;<br \/>\n&#8211; 01 Grammy LATINO em 2005 como melhor \u00e1lbum de musica rom\u00e2ntica (\u00c1lbum Pra Sempre AO VIVO &#8211; Gravado no Pacaembu);<br \/>\n&#8211; 01 Grammy LATINO em 2006 como melhor \u00e1lbum de m\u00fasica rom\u00e2ntica (\u00c1lbum &#8220;Roberto Carlos&#8221; 2005);<br \/>\n&#8211; 01 Homenagem Personalidade do Ano 2015 da Academia Latina da Grava\u00e7\u00e3o \u2013 Grammy;<br \/>\n&#8211; 01 Pr\u00eamio Billboard Lifetime Achievement Award (2015);<br \/>\n&#8211; Latin Music Awards 2006 com a m\u00fasica Detalhes e No Te Apartes de Mi;<br \/>\n&#8211; Pr\u00eamio Antena de Ouro (1991 &#8211; concedido aos artistas que por mais tempo t\u00eam permanecido no topo do sucesso);<br \/>\n&#8211; 15 Trof\u00e9us Imprensa;<br \/>\n&#8211; Pr\u00eamio Sharp;<br \/>\n&#8211; Pr\u00eamio Shell;<br \/>\n&#8211; Pr\u00eamio Multishow de melhor cantor (2002);<br \/>\n&#8211; Marcas de Confian\u00e7a da Readers Digest de melhor cantor (2005 e 2006);<br \/>\n&#8211; Pr\u00eamio Tim de 2003 e 2006 para citar apenas alguns dos pr\u00eamios recebidos.<br \/>\n&#8211; Pr\u00eamio United Earth Amaz\u00f4nia 2023<\/p>\n<p>SOBRE O ESPA\u00c7O UNIMED<br \/>\nO Espa\u00e7o Unimed se consagra como o maior espa\u00e7o para shows, eventos sociais, corporativos e feiras de S\u00e3o Paulo, com capacidade para at\u00e9 8 mil pessoas. O palco foi desenvolvido para proporcionar melhor visibilidade em todos os \u00e2ngulos, o que possibilita aos clientes muito mais conforto para pequenos e grandes espet\u00e1culos.<br \/>\nSua arquitetura contempor\u00e2nea alinhada e decora\u00e7\u00e3o assinada pelo espanhol Carlos Viqueira, oferecem solu\u00e7\u00f5es inovadoras que proporcionam flexibilidade e sofistica\u00e7\u00e3o para atender e transformar eventos em grandes acontecimentos.<br \/>\nEntre os principais diferenciais da casa est\u00e1 sua localiza\u00e7\u00e3o de f\u00e1cil acesso, pr\u00f3ximo \u00e0 esta\u00e7\u00e3o de metr\u00f4 Barra Funda e grandes avenidas, al\u00e9m da versatilidade em assumir diversos layouts e configura\u00e7\u00f5es. Na estrutura interna, h\u00e1 um suntuoso hall de entrada com capacidade para 1000 pessoas, sal\u00e3o principal com aproximadamente 3.500m\u00b2, cinco tel\u00f5es com proje\u00e7\u00e3o frontal, ar condicionado central, quatro bares, dois camarotes com banheiros exclusivos e quatro confort\u00e1veis camarins com sala de estar. Al\u00e9m disso, o Espa\u00e7o Unimed tem um buffet pr\u00f3prio e cozinha industrial que desenvolve card\u00e1pios espec\u00edficos para cada evento, com capacidade para servir at\u00e9 4 mil jantares simult\u00e2neos.<br \/>\nDesde sua abertura, j\u00e1 recebeu grandes nomes da m\u00fasica nacional e internacional como Armin Van Buuren, Claudia Leitte, Criolo, Emicida, Ivete Sangalo, Los Hermanos, Morrissey, Noel Gallagher, Os Paralamas do Sucesso, Robert Plant, Slash, Tears for Fears, Ti\u00ebsto, Tit\u00e3s, entre outros.<\/p>\n<p><iframe title=\"Spotify Embed: Podcast CidadeMarketing\" style=\"border-radius: 12px\" width=\"100%\" height=\"152\" frameborder=\"0\" allowfullscreen allow=\"autoplay; clipboard-write; encrypted-media; fullscreen; picture-in-picture\" loading=\"lazy\" src=\"https:\/\/open.spotify.com\/embed\/show\/4khMKzP3FgFRWVwb73xicc?si=252fe5bff2b34909&#038;utm_source=oembed\"><\/iframe><\/p>\n<p>&nbsp;<\/p>\n<p>SERVI\u00c7OS: Roberto Carlos \u201cS\u00f3 para Mulheres\u201d no Espa\u00e7o Unimed<br \/>\nShow: Roberto Carlos \u201cS\u00f3 para Mulheres\u201d no Espa\u00e7o Unimed<br \/>\nData: 29 de outubro de 2023 (domingo)<br \/>\nAbertura da casa: 16h<br \/>\nIn\u00edcio do show: 18h<br \/>\nLocal: Espa\u00e7o Unimed (Rua Tagipuru, 795 &#8211; Barra Funda &#8211; S\u00e3o Paulo &#8211; SP)<br \/>\nClassifica\u00e7\u00e3o et\u00e1ria: 16 anos<br \/>\nAcesso para deficientes: sim<br \/>\nIngressos: Setor Azul Vip: R$800,00 (inteira) e R$400,00 (meia) I Setor Azul Central: R$700,00 (inteira) e R$350,00 (meia) I Setor Azul Lateral: R$560,00 (inteira) e R$280,00 (meia) I Setor Amarelo: R$480,00 (inteira) e R$240,00 (meia) I Setor Verde: R$400,00 (inteira) e R$200,00 (meia) I Setor Branco: R$260,00 (inteira) e R$130,00 (meia) I PCD: R$ 130,00 | Mezanino: R$600,00 (inteira e individual)<br \/>\nCompras de ingressos: as bilheterias do Espa\u00e7o Unimed (de segunda a s\u00e1bado, das 10h \u00e0s 19h &#8211; sem taxa de conveni\u00eancia) ou online https:\/\/www.eventim.com.br\/artist\/roberto-carlos\/roberto-carlos-so-para-mulheres-em-sao-paulosp-3497474\/?affiliate=LLI<br \/>\nFormas de Pagamento: Cart\u00e3o de cr\u00e9dito (Aura, American Express, Mastercard, Dinners, Discover, Elo, JCB e Visa) e boleto.N\u00e3o aceitamos cheques.<br \/>\nObjetos proibidos: C\u00e2mera fotogr\u00e1fica profissional ou semi profissional (c\u00e2meras grandes com zoom externo ou que trocam de lente), filmadoras de v\u00eddeo, gravadores de \u00e1udio, canetas laser, qualquer tipo de trip\u00e9, pau de selfie, camisas de time, correntes e cintur\u00f5es, garrafas pl\u00e1sticas, bebidas alc\u00f3olicas, subst\u00e2ncias t\u00f3xicas, fogos de artif\u00edcio, inflam\u00e1veis em geral, objetos que possam causar ferimentos, armas de fogo, armas brancas, copos de vidro e vidros em geral, frutas inteiras, latas de alum\u00ednio, guarda-chuva, jornais, revistas, bandeiras e faixas, capacetes de motos e similares.<\/p>\n","protected":false},"excerpt":{"rendered":"<p>Artista que dispensa apresenta\u00e7\u00e3o, o \u00eddolo da can\u00e7\u00e3o latino-americana presenteia as f\u00e3s que estiverem em S\u00e3o Paulo (SP) no dia 29 de outubro (Domingo) \u00e0s 18h, no ESPA\u00c7O UNIMED (Rua Tagipuru, 795 \u2013 Barra Funda, S\u00e3o Paulo &#8211; SP), com um show totalmente dedicado a elas. Exclusivo para o p\u00fablico feminino, todos os servi\u00e7os voltados [&hellip;]<\/p>\n","protected":false},"author":1,"featured_media":47906,"comment_status":"open","ping_status":"open","sticky":false,"template":"","format":"standard","meta":{"tdm_status":"","tdm_grid_status":"","footnotes":""},"categories":[6],"tags":[6281,33,805,2937,656,228,2650],"class_list":["post-47905","post","type-post","status-publish","format-standard","has-post-thumbnail","hentry","category-noticias","tag-espaco-unimed","tag-estrategia","tag-experiencia","tag-roberto-carlos","tag-sao-paulo","tag-segmentacao-de-mercado","tag-unimed"],"yoast_head":"<!-- This site is optimized with the Yoast SEO plugin v27.5 - https:\/\/yoast.com\/product\/yoast-seo-wordpress\/ -->\n<title>Roberto Carlos se apresentar\u00e1 no Espa\u00e7o Unimed em show exclusivo para as mulheres - CidadeMarketing<\/title>\n<meta name=\"robots\" content=\"index, follow, max-snippet:-1, max-image-preview:large, max-video-preview:-1\" \/>\n<link rel=\"canonical\" href=\"https:\/\/www.cidademarketing.com.br\/marketing\/2023\/09\/29\/roberto-carlos-se-apresentara-no-espaco-unimed-em-show-exclusivo-para-as-mulheres\/\" \/>\n<meta property=\"og:locale\" content=\"pt_BR\" \/>\n<meta property=\"og:type\" content=\"article\" \/>\n<meta property=\"og:title\" content=\"Roberto Carlos se apresentar\u00e1 no Espa\u00e7o Unimed em show exclusivo para as mulheres - CidadeMarketing\" \/>\n<meta property=\"og:description\" content=\"Artista que dispensa apresenta\u00e7\u00e3o, o \u00eddolo da can\u00e7\u00e3o latino-americana presenteia as f\u00e3s que estiverem em S\u00e3o Paulo (SP) no dia 29 de outubro (Domingo) \u00e0s 18h, no ESPA\u00c7O UNIMED (Rua Tagipuru, 795 \u2013 Barra Funda, S\u00e3o Paulo &#8211; SP), com um show totalmente dedicado a elas. Exclusivo para o p\u00fablico feminino, todos os servi\u00e7os voltados [&hellip;]\" \/>\n<meta property=\"og:url\" content=\"https:\/\/www.cidademarketing.com.br\/marketing\/2023\/09\/29\/roberto-carlos-se-apresentara-no-espaco-unimed-em-show-exclusivo-para-as-mulheres\/\" \/>\n<meta property=\"og:site_name\" content=\"CidadeMarketing\" \/>\n<meta property=\"article:publisher\" content=\"https:\/\/www.facebook.com\/portalcidademarketing\" \/>\n<meta property=\"article:author\" content=\"https:\/\/www.facebook.com\/thalesbrandao\" \/>\n<meta property=\"article:published_time\" content=\"2023-09-29T19:36:49+00:00\" \/>\n<meta property=\"og:image\" content=\"https:\/\/www.cidademarketing.com.br\/marketing\/wp-content\/uploads\/2023\/09\/robertocarlos_espacounimed.png\" \/>\n\t<meta property=\"og:image:width\" content=\"791\" \/>\n\t<meta property=\"og:image:height\" content=\"470\" \/>\n\t<meta property=\"og:image:type\" content=\"image\/png\" \/>\n<meta name=\"author\" content=\"Thales Brand\u00e3o\" \/>\n<meta name=\"twitter:card\" content=\"summary_large_image\" \/>\n<meta name=\"twitter:creator\" content=\"@http:\/\/www.twitter.com\/thalesbrandao\" \/>\n<meta name=\"twitter:site\" content=\"@CidadeMarketing\" \/>\n<meta name=\"twitter:label1\" content=\"Escrito por\" \/>\n\t<meta name=\"twitter:data1\" content=\"Thales Brand\u00e3o\" \/>\n\t<meta name=\"twitter:label2\" content=\"Est. tempo de leitura\" \/>\n\t<meta name=\"twitter:data2\" content=\"15 minutos\" \/>\n<script type=\"application\/ld+json\" class=\"yoast-schema-graph\">{\"@context\":\"https:\\\/\\\/schema.org\",\"@graph\":[{\"@type\":\"Article\",\"@id\":\"https:\\\/\\\/www.cidademarketing.com.br\\\/marketing\\\/2023\\\/09\\\/29\\\/roberto-carlos-se-apresentara-no-espaco-unimed-em-show-exclusivo-para-as-mulheres\\\/#article\",\"isPartOf\":{\"@id\":\"https:\\\/\\\/www.cidademarketing.com.br\\\/marketing\\\/2023\\\/09\\\/29\\\/roberto-carlos-se-apresentara-no-espaco-unimed-em-show-exclusivo-para-as-mulheres\\\/\"},\"author\":{\"name\":\"Thales Brand\u00e3o\",\"@id\":\"https:\\\/\\\/www.cidademarketing.com.br\\\/marketing\\\/#\\\/schema\\\/person\\\/02daff9f18bd9378c9e01eb6b2db155f\"},\"headline\":\"Roberto Carlos se apresentar\u00e1 no Espa\u00e7o Unimed em show exclusivo para as mulheres\",\"datePublished\":\"2023-09-29T19:36:49+00:00\",\"mainEntityOfPage\":{\"@id\":\"https:\\\/\\\/www.cidademarketing.com.br\\\/marketing\\\/2023\\\/09\\\/29\\\/roberto-carlos-se-apresentara-no-espaco-unimed-em-show-exclusivo-para-as-mulheres\\\/\"},\"wordCount\":2962,\"commentCount\":0,\"publisher\":{\"@id\":\"https:\\\/\\\/www.cidademarketing.com.br\\\/marketing\\\/#organization\"},\"image\":{\"@id\":\"https:\\\/\\\/www.cidademarketing.com.br\\\/marketing\\\/2023\\\/09\\\/29\\\/roberto-carlos-se-apresentara-no-espaco-unimed-em-show-exclusivo-para-as-mulheres\\\/#primaryimage\"},\"thumbnailUrl\":\"https:\\\/\\\/www.cidademarketing.com.br\\\/marketing\\\/wp-content\\\/uploads\\\/2023\\\/09\\\/robertocarlos_espacounimed.png\",\"keywords\":[\"Espa\u00e7o Unimed\",\"estrat\u00e9gia\",\"experi\u00eancia\",\"Roberto Carlos\",\"S\u00e3o Paulo\",\"segmenta\u00e7\u00e3o de mercado\",\"Unimed\"],\"articleSection\":[\"Not\u00edcias\"],\"inLanguage\":\"pt-BR\",\"potentialAction\":[{\"@type\":\"CommentAction\",\"name\":\"Comment\",\"target\":[\"https:\\\/\\\/www.cidademarketing.com.br\\\/marketing\\\/2023\\\/09\\\/29\\\/roberto-carlos-se-apresentara-no-espaco-unimed-em-show-exclusivo-para-as-mulheres\\\/#respond\"]}]},{\"@type\":\"WebPage\",\"@id\":\"https:\\\/\\\/www.cidademarketing.com.br\\\/marketing\\\/2023\\\/09\\\/29\\\/roberto-carlos-se-apresentara-no-espaco-unimed-em-show-exclusivo-para-as-mulheres\\\/\",\"url\":\"https:\\\/\\\/www.cidademarketing.com.br\\\/marketing\\\/2023\\\/09\\\/29\\\/roberto-carlos-se-apresentara-no-espaco-unimed-em-show-exclusivo-para-as-mulheres\\\/\",\"name\":\"Roberto Carlos se apresentar\u00e1 no Espa\u00e7o Unimed em show exclusivo para as mulheres - CidadeMarketing\",\"isPartOf\":{\"@id\":\"https:\\\/\\\/www.cidademarketing.com.br\\\/marketing\\\/#website\"},\"primaryImageOfPage\":{\"@id\":\"https:\\\/\\\/www.cidademarketing.com.br\\\/marketing\\\/2023\\\/09\\\/29\\\/roberto-carlos-se-apresentara-no-espaco-unimed-em-show-exclusivo-para-as-mulheres\\\/#primaryimage\"},\"image\":{\"@id\":\"https:\\\/\\\/www.cidademarketing.com.br\\\/marketing\\\/2023\\\/09\\\/29\\\/roberto-carlos-se-apresentara-no-espaco-unimed-em-show-exclusivo-para-as-mulheres\\\/#primaryimage\"},\"thumbnailUrl\":\"https:\\\/\\\/www.cidademarketing.com.br\\\/marketing\\\/wp-content\\\/uploads\\\/2023\\\/09\\\/robertocarlos_espacounimed.png\",\"datePublished\":\"2023-09-29T19:36:49+00:00\",\"breadcrumb\":{\"@id\":\"https:\\\/\\\/www.cidademarketing.com.br\\\/marketing\\\/2023\\\/09\\\/29\\\/roberto-carlos-se-apresentara-no-espaco-unimed-em-show-exclusivo-para-as-mulheres\\\/#breadcrumb\"},\"inLanguage\":\"pt-BR\",\"potentialAction\":[{\"@type\":\"ReadAction\",\"target\":[\"https:\\\/\\\/www.cidademarketing.com.br\\\/marketing\\\/2023\\\/09\\\/29\\\/roberto-carlos-se-apresentara-no-espaco-unimed-em-show-exclusivo-para-as-mulheres\\\/\"]}]},{\"@type\":\"ImageObject\",\"inLanguage\":\"pt-BR\",\"@id\":\"https:\\\/\\\/www.cidademarketing.com.br\\\/marketing\\\/2023\\\/09\\\/29\\\/roberto-carlos-se-apresentara-no-espaco-unimed-em-show-exclusivo-para-as-mulheres\\\/#primaryimage\",\"url\":\"https:\\\/\\\/www.cidademarketing.com.br\\\/marketing\\\/wp-content\\\/uploads\\\/2023\\\/09\\\/robertocarlos_espacounimed.png\",\"contentUrl\":\"https:\\\/\\\/www.cidademarketing.com.br\\\/marketing\\\/wp-content\\\/uploads\\\/2023\\\/09\\\/robertocarlos_espacounimed.png\",\"width\":791,\"height\":470},{\"@type\":\"BreadcrumbList\",\"@id\":\"https:\\\/\\\/www.cidademarketing.com.br\\\/marketing\\\/2023\\\/09\\\/29\\\/roberto-carlos-se-apresentara-no-espaco-unimed-em-show-exclusivo-para-as-mulheres\\\/#breadcrumb\",\"itemListElement\":[{\"@type\":\"ListItem\",\"position\":1,\"name\":\"In\u00edcio\",\"item\":\"https:\\\/\\\/www.cidademarketing.com.br\\\/marketing\\\/\"},{\"@type\":\"ListItem\",\"position\":2,\"name\":\"Roberto Carlos se apresentar\u00e1 no Espa\u00e7o Unimed em show exclusivo para as mulheres\"}]},{\"@type\":\"WebSite\",\"@id\":\"https:\\\/\\\/www.cidademarketing.com.br\\\/marketing\\\/#website\",\"url\":\"https:\\\/\\\/www.cidademarketing.com.br\\\/marketing\\\/\",\"name\":\"CidadeMarketing\",\"description\":\"Somos um ve\u00edculo de comunica\u00e7\u00e3o de destaque no Brasil, reconhecido por conte\u00fados nos segmentos de marketing, empreendedorismo e inova\u00e7\u00e3o.\",\"publisher\":{\"@id\":\"https:\\\/\\\/www.cidademarketing.com.br\\\/marketing\\\/#organization\"},\"alternateName\":\"CidadeMarketing\",\"potentialAction\":[{\"@type\":\"SearchAction\",\"target\":{\"@type\":\"EntryPoint\",\"urlTemplate\":\"https:\\\/\\\/www.cidademarketing.com.br\\\/marketing\\\/?s={search_term_string}\"},\"query-input\":{\"@type\":\"PropertyValueSpecification\",\"valueRequired\":true,\"valueName\":\"search_term_string\"}}],\"inLanguage\":\"pt-BR\"},{\"@type\":\"Organization\",\"@id\":\"https:\\\/\\\/www.cidademarketing.com.br\\\/marketing\\\/#organization\",\"name\":\"CidadeMarketing\",\"alternateName\":\"CidadeMarketing\",\"url\":\"https:\\\/\\\/www.cidademarketing.com.br\\\/marketing\\\/\",\"logo\":{\"@type\":\"ImageObject\",\"inLanguage\":\"pt-BR\",\"@id\":\"https:\\\/\\\/www.cidademarketing.com.br\\\/marketing\\\/#\\\/schema\\\/logo\\\/image\\\/\",\"url\":\"https:\\\/\\\/www.cidademarketing.com.br\\\/marketing\\\/wp-content\\\/uploads\\\/2020\\\/01\\\/cidademarketing_marca_mobile.png\",\"contentUrl\":\"https:\\\/\\\/www.cidademarketing.com.br\\\/marketing\\\/wp-content\\\/uploads\\\/2020\\\/01\\\/cidademarketing_marca_mobile.png\",\"width\":230,\"height\":92,\"caption\":\"CidadeMarketing\"},\"image\":{\"@id\":\"https:\\\/\\\/www.cidademarketing.com.br\\\/marketing\\\/#\\\/schema\\\/logo\\\/image\\\/\"},\"sameAs\":[\"https:\\\/\\\/www.facebook.com\\\/portalcidademarketing\",\"https:\\\/\\\/x.com\\\/CidadeMarketing\",\"https:\\\/\\\/www.instagram.com\\\/cidademarketing\\\/\"]},{\"@type\":\"Person\",\"@id\":\"https:\\\/\\\/www.cidademarketing.com.br\\\/marketing\\\/#\\\/schema\\\/person\\\/02daff9f18bd9378c9e01eb6b2db155f\",\"name\":\"Thales Brand\u00e3o\",\"image\":{\"@type\":\"ImageObject\",\"inLanguage\":\"pt-BR\",\"@id\":\"https:\\\/\\\/secure.gravatar.com\\\/avatar\\\/7ca3206950207cc3cb48feec56a8a7898741ab725c368d99d5d7a5a50aab80c6?s=96&d=mm&r=g\",\"url\":\"https:\\\/\\\/secure.gravatar.com\\\/avatar\\\/7ca3206950207cc3cb48feec56a8a7898741ab725c368d99d5d7a5a50aab80c6?s=96&d=mm&r=g\",\"contentUrl\":\"https:\\\/\\\/secure.gravatar.com\\\/avatar\\\/7ca3206950207cc3cb48feec56a8a7898741ab725c368d99d5d7a5a50aab80c6?s=96&d=mm&r=g\",\"caption\":\"Thales Brand\u00e3o\"},\"description\":\"Editor Executivo do Portal CidadeMarketing.com.br &gt; Mestre em Comunica\u00e7\u00e3o e Sociedade pela Universidade Federal de Sergipe. Possui MBA Executivo em Administra\u00e7\u00e3o com \u00eanfase em Marketing pela Funda\u00e7\u00e3o Get\u00falio Vargas - Rio de Janeiro. Consultor, Palestrante e Pesquisador sobre Empreendedorismo, Marketing, Redes Sociais e Neg\u00f3cios Digitais. Professor, Palestrante TedxTalks e Campus Party. Twitter: @ThalesBrandao\",\"sameAs\":[\"http:\\\/\\\/www.mandacaru.com.br\",\"https:\\\/\\\/www.facebook.com\\\/thalesbrandao\",\"http:\\\/\\\/www.instagram.com.br\\\/thalesbrandaoferreira\",\"https:\\\/\\\/www.linkedin.com\\\/in\\\/thales-brand\u00e3o-3948609\\\/\",\"https:\\\/\\\/x.com\\\/http:\\\/\\\/www.twitter.com\\\/thalesbrandao\"],\"url\":\"https:\\\/\\\/www.cidademarketing.com.br\\\/marketing\\\/author\\\/thalesbrandao\\\/\"}]}<\/script>\n<!-- \/ Yoast SEO plugin. -->","yoast_head_json":{"title":"Roberto Carlos se apresentar\u00e1 no Espa\u00e7o Unimed em show exclusivo para as mulheres - CidadeMarketing","robots":{"index":"index","follow":"follow","max-snippet":"max-snippet:-1","max-image-preview":"max-image-preview:large","max-video-preview":"max-video-preview:-1"},"canonical":"https:\/\/www.cidademarketing.com.br\/marketing\/2023\/09\/29\/roberto-carlos-se-apresentara-no-espaco-unimed-em-show-exclusivo-para-as-mulheres\/","og_locale":"pt_BR","og_type":"article","og_title":"Roberto Carlos se apresentar\u00e1 no Espa\u00e7o Unimed em show exclusivo para as mulheres - CidadeMarketing","og_description":"Artista que dispensa apresenta\u00e7\u00e3o, o \u00eddolo da can\u00e7\u00e3o latino-americana presenteia as f\u00e3s que estiverem em S\u00e3o Paulo (SP) no dia 29 de outubro (Domingo) \u00e0s 18h, no ESPA\u00c7O UNIMED (Rua Tagipuru, 795 \u2013 Barra Funda, S\u00e3o Paulo &#8211; SP), com um show totalmente dedicado a elas. Exclusivo para o p\u00fablico feminino, todos os servi\u00e7os voltados [&hellip;]","og_url":"https:\/\/www.cidademarketing.com.br\/marketing\/2023\/09\/29\/roberto-carlos-se-apresentara-no-espaco-unimed-em-show-exclusivo-para-as-mulheres\/","og_site_name":"CidadeMarketing","article_publisher":"https:\/\/www.facebook.com\/portalcidademarketing","article_author":"https:\/\/www.facebook.com\/thalesbrandao","article_published_time":"2023-09-29T19:36:49+00:00","og_image":[{"width":791,"height":470,"url":"https:\/\/www.cidademarketing.com.br\/marketing\/wp-content\/uploads\/2023\/09\/robertocarlos_espacounimed.png","type":"image\/png"}],"author":"Thales Brand\u00e3o","twitter_card":"summary_large_image","twitter_creator":"@http:\/\/www.twitter.com\/thalesbrandao","twitter_site":"@CidadeMarketing","twitter_misc":{"Escrito por":"Thales Brand\u00e3o","Est. tempo de leitura":"15 minutos"},"schema":{"@context":"https:\/\/schema.org","@graph":[{"@type":"Article","@id":"https:\/\/www.cidademarketing.com.br\/marketing\/2023\/09\/29\/roberto-carlos-se-apresentara-no-espaco-unimed-em-show-exclusivo-para-as-mulheres\/#article","isPartOf":{"@id":"https:\/\/www.cidademarketing.com.br\/marketing\/2023\/09\/29\/roberto-carlos-se-apresentara-no-espaco-unimed-em-show-exclusivo-para-as-mulheres\/"},"author":{"name":"Thales Brand\u00e3o","@id":"https:\/\/www.cidademarketing.com.br\/marketing\/#\/schema\/person\/02daff9f18bd9378c9e01eb6b2db155f"},"headline":"Roberto Carlos se apresentar\u00e1 no Espa\u00e7o Unimed em show exclusivo para as mulheres","datePublished":"2023-09-29T19:36:49+00:00","mainEntityOfPage":{"@id":"https:\/\/www.cidademarketing.com.br\/marketing\/2023\/09\/29\/roberto-carlos-se-apresentara-no-espaco-unimed-em-show-exclusivo-para-as-mulheres\/"},"wordCount":2962,"commentCount":0,"publisher":{"@id":"https:\/\/www.cidademarketing.com.br\/marketing\/#organization"},"image":{"@id":"https:\/\/www.cidademarketing.com.br\/marketing\/2023\/09\/29\/roberto-carlos-se-apresentara-no-espaco-unimed-em-show-exclusivo-para-as-mulheres\/#primaryimage"},"thumbnailUrl":"https:\/\/www.cidademarketing.com.br\/marketing\/wp-content\/uploads\/2023\/09\/robertocarlos_espacounimed.png","keywords":["Espa\u00e7o Unimed","estrat\u00e9gia","experi\u00eancia","Roberto Carlos","S\u00e3o Paulo","segmenta\u00e7\u00e3o de mercado","Unimed"],"articleSection":["Not\u00edcias"],"inLanguage":"pt-BR","potentialAction":[{"@type":"CommentAction","name":"Comment","target":["https:\/\/www.cidademarketing.com.br\/marketing\/2023\/09\/29\/roberto-carlos-se-apresentara-no-espaco-unimed-em-show-exclusivo-para-as-mulheres\/#respond"]}]},{"@type":"WebPage","@id":"https:\/\/www.cidademarketing.com.br\/marketing\/2023\/09\/29\/roberto-carlos-se-apresentara-no-espaco-unimed-em-show-exclusivo-para-as-mulheres\/","url":"https:\/\/www.cidademarketing.com.br\/marketing\/2023\/09\/29\/roberto-carlos-se-apresentara-no-espaco-unimed-em-show-exclusivo-para-as-mulheres\/","name":"Roberto Carlos se apresentar\u00e1 no Espa\u00e7o Unimed em show exclusivo para as mulheres - CidadeMarketing","isPartOf":{"@id":"https:\/\/www.cidademarketing.com.br\/marketing\/#website"},"primaryImageOfPage":{"@id":"https:\/\/www.cidademarketing.com.br\/marketing\/2023\/09\/29\/roberto-carlos-se-apresentara-no-espaco-unimed-em-show-exclusivo-para-as-mulheres\/#primaryimage"},"image":{"@id":"https:\/\/www.cidademarketing.com.br\/marketing\/2023\/09\/29\/roberto-carlos-se-apresentara-no-espaco-unimed-em-show-exclusivo-para-as-mulheres\/#primaryimage"},"thumbnailUrl":"https:\/\/www.cidademarketing.com.br\/marketing\/wp-content\/uploads\/2023\/09\/robertocarlos_espacounimed.png","datePublished":"2023-09-29T19:36:49+00:00","breadcrumb":{"@id":"https:\/\/www.cidademarketing.com.br\/marketing\/2023\/09\/29\/roberto-carlos-se-apresentara-no-espaco-unimed-em-show-exclusivo-para-as-mulheres\/#breadcrumb"},"inLanguage":"pt-BR","potentialAction":[{"@type":"ReadAction","target":["https:\/\/www.cidademarketing.com.br\/marketing\/2023\/09\/29\/roberto-carlos-se-apresentara-no-espaco-unimed-em-show-exclusivo-para-as-mulheres\/"]}]},{"@type":"ImageObject","inLanguage":"pt-BR","@id":"https:\/\/www.cidademarketing.com.br\/marketing\/2023\/09\/29\/roberto-carlos-se-apresentara-no-espaco-unimed-em-show-exclusivo-para-as-mulheres\/#primaryimage","url":"https:\/\/www.cidademarketing.com.br\/marketing\/wp-content\/uploads\/2023\/09\/robertocarlos_espacounimed.png","contentUrl":"https:\/\/www.cidademarketing.com.br\/marketing\/wp-content\/uploads\/2023\/09\/robertocarlos_espacounimed.png","width":791,"height":470},{"@type":"BreadcrumbList","@id":"https:\/\/www.cidademarketing.com.br\/marketing\/2023\/09\/29\/roberto-carlos-se-apresentara-no-espaco-unimed-em-show-exclusivo-para-as-mulheres\/#breadcrumb","itemListElement":[{"@type":"ListItem","position":1,"name":"In\u00edcio","item":"https:\/\/www.cidademarketing.com.br\/marketing\/"},{"@type":"ListItem","position":2,"name":"Roberto Carlos se apresentar\u00e1 no Espa\u00e7o Unimed em show exclusivo para as mulheres"}]},{"@type":"WebSite","@id":"https:\/\/www.cidademarketing.com.br\/marketing\/#website","url":"https:\/\/www.cidademarketing.com.br\/marketing\/","name":"CidadeMarketing","description":"Somos um ve\u00edculo de comunica\u00e7\u00e3o de destaque no Brasil, reconhecido por conte\u00fados nos segmentos de marketing, empreendedorismo e inova\u00e7\u00e3o.","publisher":{"@id":"https:\/\/www.cidademarketing.com.br\/marketing\/#organization"},"alternateName":"CidadeMarketing","potentialAction":[{"@type":"SearchAction","target":{"@type":"EntryPoint","urlTemplate":"https:\/\/www.cidademarketing.com.br\/marketing\/?s={search_term_string}"},"query-input":{"@type":"PropertyValueSpecification","valueRequired":true,"valueName":"search_term_string"}}],"inLanguage":"pt-BR"},{"@type":"Organization","@id":"https:\/\/www.cidademarketing.com.br\/marketing\/#organization","name":"CidadeMarketing","alternateName":"CidadeMarketing","url":"https:\/\/www.cidademarketing.com.br\/marketing\/","logo":{"@type":"ImageObject","inLanguage":"pt-BR","@id":"https:\/\/www.cidademarketing.com.br\/marketing\/#\/schema\/logo\/image\/","url":"https:\/\/www.cidademarketing.com.br\/marketing\/wp-content\/uploads\/2020\/01\/cidademarketing_marca_mobile.png","contentUrl":"https:\/\/www.cidademarketing.com.br\/marketing\/wp-content\/uploads\/2020\/01\/cidademarketing_marca_mobile.png","width":230,"height":92,"caption":"CidadeMarketing"},"image":{"@id":"https:\/\/www.cidademarketing.com.br\/marketing\/#\/schema\/logo\/image\/"},"sameAs":["https:\/\/www.facebook.com\/portalcidademarketing","https:\/\/x.com\/CidadeMarketing","https:\/\/www.instagram.com\/cidademarketing\/"]},{"@type":"Person","@id":"https:\/\/www.cidademarketing.com.br\/marketing\/#\/schema\/person\/02daff9f18bd9378c9e01eb6b2db155f","name":"Thales Brand\u00e3o","image":{"@type":"ImageObject","inLanguage":"pt-BR","@id":"https:\/\/secure.gravatar.com\/avatar\/7ca3206950207cc3cb48feec56a8a7898741ab725c368d99d5d7a5a50aab80c6?s=96&d=mm&r=g","url":"https:\/\/secure.gravatar.com\/avatar\/7ca3206950207cc3cb48feec56a8a7898741ab725c368d99d5d7a5a50aab80c6?s=96&d=mm&r=g","contentUrl":"https:\/\/secure.gravatar.com\/avatar\/7ca3206950207cc3cb48feec56a8a7898741ab725c368d99d5d7a5a50aab80c6?s=96&d=mm&r=g","caption":"Thales Brand\u00e3o"},"description":"Editor Executivo do Portal CidadeMarketing.com.br &gt; Mestre em Comunica\u00e7\u00e3o e Sociedade pela Universidade Federal de Sergipe. Possui MBA Executivo em Administra\u00e7\u00e3o com \u00eanfase em Marketing pela Funda\u00e7\u00e3o Get\u00falio Vargas - Rio de Janeiro. Consultor, Palestrante e Pesquisador sobre Empreendedorismo, Marketing, Redes Sociais e Neg\u00f3cios Digitais. Professor, Palestrante TedxTalks e Campus Party. Twitter: @ThalesBrandao","sameAs":["http:\/\/www.mandacaru.com.br","https:\/\/www.facebook.com\/thalesbrandao","http:\/\/www.instagram.com.br\/thalesbrandaoferreira","https:\/\/www.linkedin.com\/in\/thales-brand\u00e3o-3948609\/","https:\/\/x.com\/http:\/\/www.twitter.com\/thalesbrandao"],"url":"https:\/\/www.cidademarketing.com.br\/marketing\/author\/thalesbrandao\/"}]}},"amp_enabled":true,"_links":{"self":[{"href":"https:\/\/www.cidademarketing.com.br\/marketing\/wp-json\/wp\/v2\/posts\/47905","targetHints":{"allow":["GET"]}}],"collection":[{"href":"https:\/\/www.cidademarketing.com.br\/marketing\/wp-json\/wp\/v2\/posts"}],"about":[{"href":"https:\/\/www.cidademarketing.com.br\/marketing\/wp-json\/wp\/v2\/types\/post"}],"author":[{"embeddable":true,"href":"https:\/\/www.cidademarketing.com.br\/marketing\/wp-json\/wp\/v2\/users\/1"}],"replies":[{"embeddable":true,"href":"https:\/\/www.cidademarketing.com.br\/marketing\/wp-json\/wp\/v2\/comments?post=47905"}],"version-history":[{"count":1,"href":"https:\/\/www.cidademarketing.com.br\/marketing\/wp-json\/wp\/v2\/posts\/47905\/revisions"}],"predecessor-version":[{"id":47907,"href":"https:\/\/www.cidademarketing.com.br\/marketing\/wp-json\/wp\/v2\/posts\/47905\/revisions\/47907"}],"wp:featuredmedia":[{"embeddable":true,"href":"https:\/\/www.cidademarketing.com.br\/marketing\/wp-json\/wp\/v2\/media\/47906"}],"wp:attachment":[{"href":"https:\/\/www.cidademarketing.com.br\/marketing\/wp-json\/wp\/v2\/media?parent=47905"}],"wp:term":[{"taxonomy":"category","embeddable":true,"href":"https:\/\/www.cidademarketing.com.br\/marketing\/wp-json\/wp\/v2\/categories?post=47905"},{"taxonomy":"post_tag","embeddable":true,"href":"https:\/\/www.cidademarketing.com.br\/marketing\/wp-json\/wp\/v2\/tags?post=47905"}],"curies":[{"name":"wp","href":"https:\/\/api.w.org\/{rel}","templated":true}]}}