{"id":47841,"date":"2023-09-26T18:31:05","date_gmt":"2023-09-26T21:31:05","guid":{"rendered":"https:\/\/www.cidademarketing.com.br\/marketing\/?p=47841"},"modified":"2023-09-26T18:31:05","modified_gmt":"2023-09-26T21:31:05","slug":"procon-sp-notifica-123milhas-e-pede-alteracoes-no-site-visando-para-proteger-os-consumidores","status":"publish","type":"post","link":"https:\/\/www.cidademarketing.com.br\/marketing\/2023\/09\/26\/procon-sp-notifica-123milhas-e-pede-alteracoes-no-site-visando-para-proteger-os-consumidores\/","title":{"rendered":"Procon-SP notifica 123milhas e pede altera\u00e7\u00f5es no site visando para proteger os consumidores"},"content":{"rendered":"<p>O Procon-SP tomou medidas firmes em rela\u00e7\u00e3o ao Grupo 123milhas, solicitando que a empresa fa\u00e7a altera\u00e7\u00f5es substanciais em seu site. O \u00f3rg\u00e3o de prote\u00e7\u00e3o ao consumidor notificou a empresa para garantir que todas as informa\u00e7\u00f5es relacionadas \u00e0 suspens\u00e3o da venda de pacotes promocionais com datas flex\u00edveis sejam destacadas e de f\u00e1cil acesso para os usu\u00e1rios.<\/p>\n<p><a href=\"https:\/\/www.cidademarketing.com.br\/marketing\/sua-marca-vai-virar-noticia\/\" target=\"_blank\" rel=\"noopener\"><img fetchpriority=\"high\" decoding=\"async\" class=\"wp-image-44329 aligncenter\" src=\"https:\/\/www.cidademarketing.com.br\/marketing\/wp-content\/uploads\/2023\/04\/cidademarketing_backlinks_marketingdigital_publieditorial_.png\" alt=\"\" width=\"500\" height=\"500\" \/><\/a><br \/>\nIsso inclui a necessidade de exibir informa\u00e7\u00f5es sobre o ajuizamento da recupera\u00e7\u00e3o judicial da empresa, bem como atualiza\u00e7\u00f5es imediatas sobre o andamento do processo, fase por fase. Al\u00e9m disso, o site deve explicar claramente as implica\u00e7\u00f5es para os contratos firmados antes e depois dessa medida, abordando quest\u00f5es como cumprimento de ofertas, cancelamentos de servi\u00e7os com reembolso e suspens\u00e3o de pagamentos.<\/p>\n<p>Outro ponto enfatizado pelo Procon-SP \u00e9 a disponibiliza\u00e7\u00e3o de v\u00e1rios canais de atendimento ao cliente, com capacidade para atender \u00e0 demanda. A empresa tamb\u00e9m deve indicar claramente todos esses canais, permitindo que os consumidores escolham a melhor forma de entrar em contato.<\/p>\n<p>Luiz Orsatti Filho, diretor Executivo do Procon-SP, destacou a import\u00e2ncia dessas medidas: &#8220;Al\u00e9m do tratamento das reclama\u00e7\u00f5es relacionadas \u00e0 123milhas que foram ou continuam sendo registradas no site do Procon-SP, trabalho que segue normalmente, e da multa j\u00e1 aplicada \u00e0 empresa, queremos que os consumidores tenham acesso ao m\u00e1ximo poss\u00edvel de informa\u00e7\u00f5es.&#8221;<\/p>\n<p><iframe title=\"Spotify Embed: Podcast CidadeMarketing\" style=\"border-radius: 12px\" width=\"100%\" height=\"152\" frameborder=\"0\" allowfullscreen allow=\"autoplay; clipboard-write; encrypted-media; fullscreen; picture-in-picture\" loading=\"lazy\" src=\"https:\/\/open.spotify.com\/embed\/show\/4khMKzP3FgFRWVwb73xicc?si=252fe5bff2b34909&#038;utm_source=oembed\"><\/iframe><\/p>\n<p>A 123milhas tem at\u00e9 o final do dia de hoje, 26 de setembro, para implementar as altera\u00e7\u00f5es exigidas ou fornecer um plano claro sobre como e quando pretende faz\u00ea-lo. N\u00e3o cumprir essas solicita\u00e7\u00f5es pode resultar em penalidades de acordo com o C\u00f3digo de Defesa do Consumidor. A interven\u00e7\u00e3o do Procon-SP visa garantir que os consumidores tenham informa\u00e7\u00f5es transparentes e precisas para resolver quaisquer problemas relacionados \u00e0 empresa.<\/p>\n","protected":false},"excerpt":{"rendered":"<p>O Procon-SP tomou medidas firmes em rela\u00e7\u00e3o ao Grupo 123milhas, solicitando que a empresa fa\u00e7a altera\u00e7\u00f5es substanciais em seu site. O \u00f3rg\u00e3o de prote\u00e7\u00e3o ao consumidor notificou a empresa para garantir que todas as informa\u00e7\u00f5es relacionadas \u00e0 suspens\u00e3o da venda de pacotes promocionais com datas flex\u00edveis sejam destacadas e de f\u00e1cil acesso para os usu\u00e1rios. [&hellip;]<\/p>\n","protected":false},"author":1,"featured_media":46765,"comment_status":"open","ping_status":"open","sticky":false,"template":"","format":"standard","meta":{"tdm_status":"","tdm_grid_status":"","footnotes":""},"categories":[9,6],"tags":[65,214,33,28,1692,993,6275],"class_list":["post-47841","post","type-post","status-publish","format-standard","has-post-thumbnail","hentry","category-consumidor","category-noticias","tag-campanha","tag-e-commerce","tag-estrategia","tag-marketing","tag-procon-sp-2","tag-site","tag-transparencia"],"yoast_head":"<!-- This site is optimized with the Yoast SEO plugin v27.5 - https:\/\/yoast.com\/product\/yoast-seo-wordpress\/ -->\n<title>Procon-SP notifica 123milhas e pede altera\u00e7\u00f5es no site visando para proteger os consumidores - CidadeMarketing<\/title>\n<meta name=\"robots\" content=\"index, follow, max-snippet:-1, max-image-preview:large, max-video-preview:-1\" \/>\n<link rel=\"canonical\" href=\"https:\/\/www.cidademarketing.com.br\/marketing\/2023\/09\/26\/procon-sp-notifica-123milhas-e-pede-alteracoes-no-site-visando-para-proteger-os-consumidores\/\" \/>\n<meta property=\"og:locale\" content=\"pt_BR\" \/>\n<meta property=\"og:type\" content=\"article\" \/>\n<meta property=\"og:title\" content=\"Procon-SP notifica 123milhas e pede altera\u00e7\u00f5es no site visando para proteger os consumidores - CidadeMarketing\" \/>\n<meta property=\"og:description\" content=\"O Procon-SP tomou medidas firmes em rela\u00e7\u00e3o ao Grupo 123milhas, solicitando que a empresa fa\u00e7a altera\u00e7\u00f5es substanciais em seu site. O \u00f3rg\u00e3o de prote\u00e7\u00e3o ao consumidor notificou a empresa para garantir que todas as informa\u00e7\u00f5es relacionadas \u00e0 suspens\u00e3o da venda de pacotes promocionais com datas flex\u00edveis sejam destacadas e de f\u00e1cil acesso para os usu\u00e1rios. [&hellip;]\" \/>\n<meta property=\"og:url\" content=\"https:\/\/www.cidademarketing.com.br\/marketing\/2023\/09\/26\/procon-sp-notifica-123milhas-e-pede-alteracoes-no-site-visando-para-proteger-os-consumidores\/\" \/>\n<meta property=\"og:site_name\" content=\"CidadeMarketing\" \/>\n<meta property=\"article:publisher\" content=\"https:\/\/www.facebook.com\/portalcidademarketing\" \/>\n<meta property=\"article:author\" content=\"https:\/\/www.facebook.com\/thalesbrandao\" \/>\n<meta property=\"article:published_time\" content=\"2023-09-26T21:31:05+00:00\" \/>\n<meta property=\"og:image\" content=\"https:\/\/www.cidademarketing.com.br\/marketing\/wp-content\/uploads\/2023\/08\/123milhas_marca.png\" \/>\n\t<meta property=\"og:image:width\" content=\"2048\" \/>\n\t<meta property=\"og:image:height\" content=\"2048\" \/>\n\t<meta property=\"og:image:type\" content=\"image\/png\" \/>\n<meta name=\"author\" content=\"Thales Brand\u00e3o\" \/>\n<meta name=\"twitter:card\" content=\"summary_large_image\" \/>\n<meta name=\"twitter:creator\" content=\"@http:\/\/www.twitter.com\/thalesbrandao\" \/>\n<meta name=\"twitter:site\" content=\"@CidadeMarketing\" \/>\n<meta name=\"twitter:label1\" content=\"Escrito por\" \/>\n\t<meta name=\"twitter:data1\" content=\"Thales Brand\u00e3o\" \/>\n\t<meta name=\"twitter:label2\" content=\"Est. tempo de leitura\" \/>\n\t<meta name=\"twitter:data2\" content=\"2 minutos\" \/>\n<script type=\"application\/ld+json\" class=\"yoast-schema-graph\">{\"@context\":\"https:\\\/\\\/schema.org\",\"@graph\":[{\"@type\":\"Article\",\"@id\":\"https:\\\/\\\/www.cidademarketing.com.br\\\/marketing\\\/2023\\\/09\\\/26\\\/procon-sp-notifica-123milhas-e-pede-alteracoes-no-site-visando-para-proteger-os-consumidores\\\/#article\",\"isPartOf\":{\"@id\":\"https:\\\/\\\/www.cidademarketing.com.br\\\/marketing\\\/2023\\\/09\\\/26\\\/procon-sp-notifica-123milhas-e-pede-alteracoes-no-site-visando-para-proteger-os-consumidores\\\/\"},\"author\":{\"name\":\"Thales Brand\u00e3o\",\"@id\":\"https:\\\/\\\/www.cidademarketing.com.br\\\/marketing\\\/#\\\/schema\\\/person\\\/02daff9f18bd9378c9e01eb6b2db155f\"},\"headline\":\"Procon-SP notifica 123milhas e pede altera\u00e7\u00f5es no site visando para proteger os consumidores\",\"datePublished\":\"2023-09-26T21:31:05+00:00\",\"mainEntityOfPage\":{\"@id\":\"https:\\\/\\\/www.cidademarketing.com.br\\\/marketing\\\/2023\\\/09\\\/26\\\/procon-sp-notifica-123milhas-e-pede-alteracoes-no-site-visando-para-proteger-os-consumidores\\\/\"},\"wordCount\":331,\"commentCount\":0,\"publisher\":{\"@id\":\"https:\\\/\\\/www.cidademarketing.com.br\\\/marketing\\\/#organization\"},\"image\":{\"@id\":\"https:\\\/\\\/www.cidademarketing.com.br\\\/marketing\\\/2023\\\/09\\\/26\\\/procon-sp-notifica-123milhas-e-pede-alteracoes-no-site-visando-para-proteger-os-consumidores\\\/#primaryimage\"},\"thumbnailUrl\":\"https:\\\/\\\/www.cidademarketing.com.br\\\/marketing\\\/wp-content\\\/uploads\\\/2023\\\/08\\\/123milhas_marca.png\",\"keywords\":[\"campanha\",\"e-commerce\",\"estrat\u00e9gia\",\"marketing\",\"Procon-SP\",\"site\",\"transpar\u00eancia\"],\"articleSection\":[\"Consumidor\",\"Not\u00edcias\"],\"inLanguage\":\"pt-BR\",\"potentialAction\":[{\"@type\":\"CommentAction\",\"name\":\"Comment\",\"target\":[\"https:\\\/\\\/www.cidademarketing.com.br\\\/marketing\\\/2023\\\/09\\\/26\\\/procon-sp-notifica-123milhas-e-pede-alteracoes-no-site-visando-para-proteger-os-consumidores\\\/#respond\"]}]},{\"@type\":\"WebPage\",\"@id\":\"https:\\\/\\\/www.cidademarketing.com.br\\\/marketing\\\/2023\\\/09\\\/26\\\/procon-sp-notifica-123milhas-e-pede-alteracoes-no-site-visando-para-proteger-os-consumidores\\\/\",\"url\":\"https:\\\/\\\/www.cidademarketing.com.br\\\/marketing\\\/2023\\\/09\\\/26\\\/procon-sp-notifica-123milhas-e-pede-alteracoes-no-site-visando-para-proteger-os-consumidores\\\/\",\"name\":\"Procon-SP notifica 123milhas e pede altera\u00e7\u00f5es no site visando para proteger os consumidores - CidadeMarketing\",\"isPartOf\":{\"@id\":\"https:\\\/\\\/www.cidademarketing.com.br\\\/marketing\\\/#website\"},\"primaryImageOfPage\":{\"@id\":\"https:\\\/\\\/www.cidademarketing.com.br\\\/marketing\\\/2023\\\/09\\\/26\\\/procon-sp-notifica-123milhas-e-pede-alteracoes-no-site-visando-para-proteger-os-consumidores\\\/#primaryimage\"},\"image\":{\"@id\":\"https:\\\/\\\/www.cidademarketing.com.br\\\/marketing\\\/2023\\\/09\\\/26\\\/procon-sp-notifica-123milhas-e-pede-alteracoes-no-site-visando-para-proteger-os-consumidores\\\/#primaryimage\"},\"thumbnailUrl\":\"https:\\\/\\\/www.cidademarketing.com.br\\\/marketing\\\/wp-content\\\/uploads\\\/2023\\\/08\\\/123milhas_marca.png\",\"datePublished\":\"2023-09-26T21:31:05+00:00\",\"breadcrumb\":{\"@id\":\"https:\\\/\\\/www.cidademarketing.com.br\\\/marketing\\\/2023\\\/09\\\/26\\\/procon-sp-notifica-123milhas-e-pede-alteracoes-no-site-visando-para-proteger-os-consumidores\\\/#breadcrumb\"},\"inLanguage\":\"pt-BR\",\"potentialAction\":[{\"@type\":\"ReadAction\",\"target\":[\"https:\\\/\\\/www.cidademarketing.com.br\\\/marketing\\\/2023\\\/09\\\/26\\\/procon-sp-notifica-123milhas-e-pede-alteracoes-no-site-visando-para-proteger-os-consumidores\\\/\"]}]},{\"@type\":\"ImageObject\",\"inLanguage\":\"pt-BR\",\"@id\":\"https:\\\/\\\/www.cidademarketing.com.br\\\/marketing\\\/2023\\\/09\\\/26\\\/procon-sp-notifica-123milhas-e-pede-alteracoes-no-site-visando-para-proteger-os-consumidores\\\/#primaryimage\",\"url\":\"https:\\\/\\\/www.cidademarketing.com.br\\\/marketing\\\/wp-content\\\/uploads\\\/2023\\\/08\\\/123milhas_marca.png\",\"contentUrl\":\"https:\\\/\\\/www.cidademarketing.com.br\\\/marketing\\\/wp-content\\\/uploads\\\/2023\\\/08\\\/123milhas_marca.png\",\"width\":2048,\"height\":2048},{\"@type\":\"BreadcrumbList\",\"@id\":\"https:\\\/\\\/www.cidademarketing.com.br\\\/marketing\\\/2023\\\/09\\\/26\\\/procon-sp-notifica-123milhas-e-pede-alteracoes-no-site-visando-para-proteger-os-consumidores\\\/#breadcrumb\",\"itemListElement\":[{\"@type\":\"ListItem\",\"position\":1,\"name\":\"In\u00edcio\",\"item\":\"https:\\\/\\\/www.cidademarketing.com.br\\\/marketing\\\/\"},{\"@type\":\"ListItem\",\"position\":2,\"name\":\"Procon-SP notifica 123milhas e pede altera\u00e7\u00f5es no site visando para proteger os consumidores\"}]},{\"@type\":\"WebSite\",\"@id\":\"https:\\\/\\\/www.cidademarketing.com.br\\\/marketing\\\/#website\",\"url\":\"https:\\\/\\\/www.cidademarketing.com.br\\\/marketing\\\/\",\"name\":\"CidadeMarketing\",\"description\":\"Somos um ve\u00edculo de comunica\u00e7\u00e3o de destaque no Brasil, reconhecido por conte\u00fados nos segmentos de marketing, empreendedorismo e inova\u00e7\u00e3o.\",\"publisher\":{\"@id\":\"https:\\\/\\\/www.cidademarketing.com.br\\\/marketing\\\/#organization\"},\"alternateName\":\"CidadeMarketing\",\"potentialAction\":[{\"@type\":\"SearchAction\",\"target\":{\"@type\":\"EntryPoint\",\"urlTemplate\":\"https:\\\/\\\/www.cidademarketing.com.br\\\/marketing\\\/?s={search_term_string}\"},\"query-input\":{\"@type\":\"PropertyValueSpecification\",\"valueRequired\":true,\"valueName\":\"search_term_string\"}}],\"inLanguage\":\"pt-BR\"},{\"@type\":\"Organization\",\"@id\":\"https:\\\/\\\/www.cidademarketing.com.br\\\/marketing\\\/#organization\",\"name\":\"CidadeMarketing\",\"alternateName\":\"CidadeMarketing\",\"url\":\"https:\\\/\\\/www.cidademarketing.com.br\\\/marketing\\\/\",\"logo\":{\"@type\":\"ImageObject\",\"inLanguage\":\"pt-BR\",\"@id\":\"https:\\\/\\\/www.cidademarketing.com.br\\\/marketing\\\/#\\\/schema\\\/logo\\\/image\\\/\",\"url\":\"https:\\\/\\\/www.cidademarketing.com.br\\\/marketing\\\/wp-content\\\/uploads\\\/2020\\\/01\\\/cidademarketing_marca_mobile.png\",\"contentUrl\":\"https:\\\/\\\/www.cidademarketing.com.br\\\/marketing\\\/wp-content\\\/uploads\\\/2020\\\/01\\\/cidademarketing_marca_mobile.png\",\"width\":230,\"height\":92,\"caption\":\"CidadeMarketing\"},\"image\":{\"@id\":\"https:\\\/\\\/www.cidademarketing.com.br\\\/marketing\\\/#\\\/schema\\\/logo\\\/image\\\/\"},\"sameAs\":[\"https:\\\/\\\/www.facebook.com\\\/portalcidademarketing\",\"https:\\\/\\\/x.com\\\/CidadeMarketing\",\"https:\\\/\\\/www.instagram.com\\\/cidademarketing\\\/\"]},{\"@type\":\"Person\",\"@id\":\"https:\\\/\\\/www.cidademarketing.com.br\\\/marketing\\\/#\\\/schema\\\/person\\\/02daff9f18bd9378c9e01eb6b2db155f\",\"name\":\"Thales Brand\u00e3o\",\"image\":{\"@type\":\"ImageObject\",\"inLanguage\":\"pt-BR\",\"@id\":\"https:\\\/\\\/secure.gravatar.com\\\/avatar\\\/7ca3206950207cc3cb48feec56a8a7898741ab725c368d99d5d7a5a50aab80c6?s=96&d=mm&r=g\",\"url\":\"https:\\\/\\\/secure.gravatar.com\\\/avatar\\\/7ca3206950207cc3cb48feec56a8a7898741ab725c368d99d5d7a5a50aab80c6?s=96&d=mm&r=g\",\"contentUrl\":\"https:\\\/\\\/secure.gravatar.com\\\/avatar\\\/7ca3206950207cc3cb48feec56a8a7898741ab725c368d99d5d7a5a50aab80c6?s=96&d=mm&r=g\",\"caption\":\"Thales Brand\u00e3o\"},\"description\":\"Editor Executivo do Portal CidadeMarketing.com.br &gt; Mestre em Comunica\u00e7\u00e3o e Sociedade pela Universidade Federal de Sergipe. Possui MBA Executivo em Administra\u00e7\u00e3o com \u00eanfase em Marketing pela Funda\u00e7\u00e3o Get\u00falio Vargas - Rio de Janeiro. Consultor, Palestrante e Pesquisador sobre Empreendedorismo, Marketing, Redes Sociais e Neg\u00f3cios Digitais. Professor, Palestrante TedxTalks e Campus Party. Twitter: @ThalesBrandao\",\"sameAs\":[\"http:\\\/\\\/www.mandacaru.com.br\",\"https:\\\/\\\/www.facebook.com\\\/thalesbrandao\",\"http:\\\/\\\/www.instagram.com.br\\\/thalesbrandaoferreira\",\"https:\\\/\\\/www.linkedin.com\\\/in\\\/thales-brand\u00e3o-3948609\\\/\",\"https:\\\/\\\/x.com\\\/http:\\\/\\\/www.twitter.com\\\/thalesbrandao\"],\"url\":\"https:\\\/\\\/www.cidademarketing.com.br\\\/marketing\\\/author\\\/thalesbrandao\\\/\"}]}<\/script>\n<!-- \/ Yoast SEO plugin. -->","yoast_head_json":{"title":"Procon-SP notifica 123milhas e pede altera\u00e7\u00f5es no site visando para proteger os consumidores - CidadeMarketing","robots":{"index":"index","follow":"follow","max-snippet":"max-snippet:-1","max-image-preview":"max-image-preview:large","max-video-preview":"max-video-preview:-1"},"canonical":"https:\/\/www.cidademarketing.com.br\/marketing\/2023\/09\/26\/procon-sp-notifica-123milhas-e-pede-alteracoes-no-site-visando-para-proteger-os-consumidores\/","og_locale":"pt_BR","og_type":"article","og_title":"Procon-SP notifica 123milhas e pede altera\u00e7\u00f5es no site visando para proteger os consumidores - CidadeMarketing","og_description":"O Procon-SP tomou medidas firmes em rela\u00e7\u00e3o ao Grupo 123milhas, solicitando que a empresa fa\u00e7a altera\u00e7\u00f5es substanciais em seu site. O \u00f3rg\u00e3o de prote\u00e7\u00e3o ao consumidor notificou a empresa para garantir que todas as informa\u00e7\u00f5es relacionadas \u00e0 suspens\u00e3o da venda de pacotes promocionais com datas flex\u00edveis sejam destacadas e de f\u00e1cil acesso para os usu\u00e1rios. [&hellip;]","og_url":"https:\/\/www.cidademarketing.com.br\/marketing\/2023\/09\/26\/procon-sp-notifica-123milhas-e-pede-alteracoes-no-site-visando-para-proteger-os-consumidores\/","og_site_name":"CidadeMarketing","article_publisher":"https:\/\/www.facebook.com\/portalcidademarketing","article_author":"https:\/\/www.facebook.com\/thalesbrandao","article_published_time":"2023-09-26T21:31:05+00:00","og_image":[{"width":2048,"height":2048,"url":"https:\/\/www.cidademarketing.com.br\/marketing\/wp-content\/uploads\/2023\/08\/123milhas_marca.png","type":"image\/png"}],"author":"Thales Brand\u00e3o","twitter_card":"summary_large_image","twitter_creator":"@http:\/\/www.twitter.com\/thalesbrandao","twitter_site":"@CidadeMarketing","twitter_misc":{"Escrito por":"Thales Brand\u00e3o","Est. tempo de leitura":"2 minutos"},"schema":{"@context":"https:\/\/schema.org","@graph":[{"@type":"Article","@id":"https:\/\/www.cidademarketing.com.br\/marketing\/2023\/09\/26\/procon-sp-notifica-123milhas-e-pede-alteracoes-no-site-visando-para-proteger-os-consumidores\/#article","isPartOf":{"@id":"https:\/\/www.cidademarketing.com.br\/marketing\/2023\/09\/26\/procon-sp-notifica-123milhas-e-pede-alteracoes-no-site-visando-para-proteger-os-consumidores\/"},"author":{"name":"Thales Brand\u00e3o","@id":"https:\/\/www.cidademarketing.com.br\/marketing\/#\/schema\/person\/02daff9f18bd9378c9e01eb6b2db155f"},"headline":"Procon-SP notifica 123milhas e pede altera\u00e7\u00f5es no site visando para proteger os consumidores","datePublished":"2023-09-26T21:31:05+00:00","mainEntityOfPage":{"@id":"https:\/\/www.cidademarketing.com.br\/marketing\/2023\/09\/26\/procon-sp-notifica-123milhas-e-pede-alteracoes-no-site-visando-para-proteger-os-consumidores\/"},"wordCount":331,"commentCount":0,"publisher":{"@id":"https:\/\/www.cidademarketing.com.br\/marketing\/#organization"},"image":{"@id":"https:\/\/www.cidademarketing.com.br\/marketing\/2023\/09\/26\/procon-sp-notifica-123milhas-e-pede-alteracoes-no-site-visando-para-proteger-os-consumidores\/#primaryimage"},"thumbnailUrl":"https:\/\/www.cidademarketing.com.br\/marketing\/wp-content\/uploads\/2023\/08\/123milhas_marca.png","keywords":["campanha","e-commerce","estrat\u00e9gia","marketing","Procon-SP","site","transpar\u00eancia"],"articleSection":["Consumidor","Not\u00edcias"],"inLanguage":"pt-BR","potentialAction":[{"@type":"CommentAction","name":"Comment","target":["https:\/\/www.cidademarketing.com.br\/marketing\/2023\/09\/26\/procon-sp-notifica-123milhas-e-pede-alteracoes-no-site-visando-para-proteger-os-consumidores\/#respond"]}]},{"@type":"WebPage","@id":"https:\/\/www.cidademarketing.com.br\/marketing\/2023\/09\/26\/procon-sp-notifica-123milhas-e-pede-alteracoes-no-site-visando-para-proteger-os-consumidores\/","url":"https:\/\/www.cidademarketing.com.br\/marketing\/2023\/09\/26\/procon-sp-notifica-123milhas-e-pede-alteracoes-no-site-visando-para-proteger-os-consumidores\/","name":"Procon-SP notifica 123milhas e pede altera\u00e7\u00f5es no site visando para proteger os consumidores - CidadeMarketing","isPartOf":{"@id":"https:\/\/www.cidademarketing.com.br\/marketing\/#website"},"primaryImageOfPage":{"@id":"https:\/\/www.cidademarketing.com.br\/marketing\/2023\/09\/26\/procon-sp-notifica-123milhas-e-pede-alteracoes-no-site-visando-para-proteger-os-consumidores\/#primaryimage"},"image":{"@id":"https:\/\/www.cidademarketing.com.br\/marketing\/2023\/09\/26\/procon-sp-notifica-123milhas-e-pede-alteracoes-no-site-visando-para-proteger-os-consumidores\/#primaryimage"},"thumbnailUrl":"https:\/\/www.cidademarketing.com.br\/marketing\/wp-content\/uploads\/2023\/08\/123milhas_marca.png","datePublished":"2023-09-26T21:31:05+00:00","breadcrumb":{"@id":"https:\/\/www.cidademarketing.com.br\/marketing\/2023\/09\/26\/procon-sp-notifica-123milhas-e-pede-alteracoes-no-site-visando-para-proteger-os-consumidores\/#breadcrumb"},"inLanguage":"pt-BR","potentialAction":[{"@type":"ReadAction","target":["https:\/\/www.cidademarketing.com.br\/marketing\/2023\/09\/26\/procon-sp-notifica-123milhas-e-pede-alteracoes-no-site-visando-para-proteger-os-consumidores\/"]}]},{"@type":"ImageObject","inLanguage":"pt-BR","@id":"https:\/\/www.cidademarketing.com.br\/marketing\/2023\/09\/26\/procon-sp-notifica-123milhas-e-pede-alteracoes-no-site-visando-para-proteger-os-consumidores\/#primaryimage","url":"https:\/\/www.cidademarketing.com.br\/marketing\/wp-content\/uploads\/2023\/08\/123milhas_marca.png","contentUrl":"https:\/\/www.cidademarketing.com.br\/marketing\/wp-content\/uploads\/2023\/08\/123milhas_marca.png","width":2048,"height":2048},{"@type":"BreadcrumbList","@id":"https:\/\/www.cidademarketing.com.br\/marketing\/2023\/09\/26\/procon-sp-notifica-123milhas-e-pede-alteracoes-no-site-visando-para-proteger-os-consumidores\/#breadcrumb","itemListElement":[{"@type":"ListItem","position":1,"name":"In\u00edcio","item":"https:\/\/www.cidademarketing.com.br\/marketing\/"},{"@type":"ListItem","position":2,"name":"Procon-SP notifica 123milhas e pede altera\u00e7\u00f5es no site visando para proteger os consumidores"}]},{"@type":"WebSite","@id":"https:\/\/www.cidademarketing.com.br\/marketing\/#website","url":"https:\/\/www.cidademarketing.com.br\/marketing\/","name":"CidadeMarketing","description":"Somos um ve\u00edculo de comunica\u00e7\u00e3o de destaque no Brasil, reconhecido por conte\u00fados nos segmentos de marketing, empreendedorismo e inova\u00e7\u00e3o.","publisher":{"@id":"https:\/\/www.cidademarketing.com.br\/marketing\/#organization"},"alternateName":"CidadeMarketing","potentialAction":[{"@type":"SearchAction","target":{"@type":"EntryPoint","urlTemplate":"https:\/\/www.cidademarketing.com.br\/marketing\/?s={search_term_string}"},"query-input":{"@type":"PropertyValueSpecification","valueRequired":true,"valueName":"search_term_string"}}],"inLanguage":"pt-BR"},{"@type":"Organization","@id":"https:\/\/www.cidademarketing.com.br\/marketing\/#organization","name":"CidadeMarketing","alternateName":"CidadeMarketing","url":"https:\/\/www.cidademarketing.com.br\/marketing\/","logo":{"@type":"ImageObject","inLanguage":"pt-BR","@id":"https:\/\/www.cidademarketing.com.br\/marketing\/#\/schema\/logo\/image\/","url":"https:\/\/www.cidademarketing.com.br\/marketing\/wp-content\/uploads\/2020\/01\/cidademarketing_marca_mobile.png","contentUrl":"https:\/\/www.cidademarketing.com.br\/marketing\/wp-content\/uploads\/2020\/01\/cidademarketing_marca_mobile.png","width":230,"height":92,"caption":"CidadeMarketing"},"image":{"@id":"https:\/\/www.cidademarketing.com.br\/marketing\/#\/schema\/logo\/image\/"},"sameAs":["https:\/\/www.facebook.com\/portalcidademarketing","https:\/\/x.com\/CidadeMarketing","https:\/\/www.instagram.com\/cidademarketing\/"]},{"@type":"Person","@id":"https:\/\/www.cidademarketing.com.br\/marketing\/#\/schema\/person\/02daff9f18bd9378c9e01eb6b2db155f","name":"Thales Brand\u00e3o","image":{"@type":"ImageObject","inLanguage":"pt-BR","@id":"https:\/\/secure.gravatar.com\/avatar\/7ca3206950207cc3cb48feec56a8a7898741ab725c368d99d5d7a5a50aab80c6?s=96&d=mm&r=g","url":"https:\/\/secure.gravatar.com\/avatar\/7ca3206950207cc3cb48feec56a8a7898741ab725c368d99d5d7a5a50aab80c6?s=96&d=mm&r=g","contentUrl":"https:\/\/secure.gravatar.com\/avatar\/7ca3206950207cc3cb48feec56a8a7898741ab725c368d99d5d7a5a50aab80c6?s=96&d=mm&r=g","caption":"Thales Brand\u00e3o"},"description":"Editor Executivo do Portal CidadeMarketing.com.br &gt; Mestre em Comunica\u00e7\u00e3o e Sociedade pela Universidade Federal de Sergipe. Possui MBA Executivo em Administra\u00e7\u00e3o com \u00eanfase em Marketing pela Funda\u00e7\u00e3o Get\u00falio Vargas - Rio de Janeiro. Consultor, Palestrante e Pesquisador sobre Empreendedorismo, Marketing, Redes Sociais e Neg\u00f3cios Digitais. Professor, Palestrante TedxTalks e Campus Party. Twitter: @ThalesBrandao","sameAs":["http:\/\/www.mandacaru.com.br","https:\/\/www.facebook.com\/thalesbrandao","http:\/\/www.instagram.com.br\/thalesbrandaoferreira","https:\/\/www.linkedin.com\/in\/thales-brand\u00e3o-3948609\/","https:\/\/x.com\/http:\/\/www.twitter.com\/thalesbrandao"],"url":"https:\/\/www.cidademarketing.com.br\/marketing\/author\/thalesbrandao\/"}]}},"amp_enabled":true,"_links":{"self":[{"href":"https:\/\/www.cidademarketing.com.br\/marketing\/wp-json\/wp\/v2\/posts\/47841","targetHints":{"allow":["GET"]}}],"collection":[{"href":"https:\/\/www.cidademarketing.com.br\/marketing\/wp-json\/wp\/v2\/posts"}],"about":[{"href":"https:\/\/www.cidademarketing.com.br\/marketing\/wp-json\/wp\/v2\/types\/post"}],"author":[{"embeddable":true,"href":"https:\/\/www.cidademarketing.com.br\/marketing\/wp-json\/wp\/v2\/users\/1"}],"replies":[{"embeddable":true,"href":"https:\/\/www.cidademarketing.com.br\/marketing\/wp-json\/wp\/v2\/comments?post=47841"}],"version-history":[{"count":1,"href":"https:\/\/www.cidademarketing.com.br\/marketing\/wp-json\/wp\/v2\/posts\/47841\/revisions"}],"predecessor-version":[{"id":47842,"href":"https:\/\/www.cidademarketing.com.br\/marketing\/wp-json\/wp\/v2\/posts\/47841\/revisions\/47842"}],"wp:featuredmedia":[{"embeddable":true,"href":"https:\/\/www.cidademarketing.com.br\/marketing\/wp-json\/wp\/v2\/media\/46765"}],"wp:attachment":[{"href":"https:\/\/www.cidademarketing.com.br\/marketing\/wp-json\/wp\/v2\/media?parent=47841"}],"wp:term":[{"taxonomy":"category","embeddable":true,"href":"https:\/\/www.cidademarketing.com.br\/marketing\/wp-json\/wp\/v2\/categories?post=47841"},{"taxonomy":"post_tag","embeddable":true,"href":"https:\/\/www.cidademarketing.com.br\/marketing\/wp-json\/wp\/v2\/tags?post=47841"}],"curies":[{"name":"wp","href":"https:\/\/api.w.org\/{rel}","templated":true}]}}