{"id":47831,"date":"2023-09-26T15:48:44","date_gmt":"2023-09-26T18:48:44","guid":{"rendered":"https:\/\/www.cidademarketing.com.br\/marketing\/?p=47831"},"modified":"2023-09-26T15:48:44","modified_gmt":"2023-09-26T18:48:44","slug":"volvo-anuncia-producao-do-seu-ultimo-veiculo-a-diesel-no-inicio-de-2024","status":"publish","type":"post","link":"https:\/\/www.cidademarketing.com.br\/marketing\/2023\/09\/26\/volvo-anuncia-producao-do-seu-ultimo-veiculo-a-diesel-no-inicio-de-2024\/","title":{"rendered":"Volvo anuncia produ\u00e7\u00e3o do seu \u00faltimo ve\u00edculo a diesel no in\u00edcio de 2024"},"content":{"rendered":"<p>A Volvo tem o compromisso de, at\u00e9 2030, produzir e comercializar apenas carros el\u00e9tricos e, at\u00e9 2040, ser uma empresa 100% neutra para o clima. Para se aproximar desses objetivos, a empresa anunciou, durante a Semana do Clima de Nova York (entre os dias 17 e 24 de setembro), que ir\u00e1 produzir no in\u00edcio de 2024 seu \u00faltimo carro a diesel.<\/p>\n<p><a href=\"https:\/\/www.cidademarketing.com.br\/marketing\/sua-marca-vai-virar-noticia\/\" target=\"_blank\" rel=\"noopener\"><img fetchpriority=\"high\" decoding=\"async\" class=\"wp-image-44329 aligncenter\" src=\"https:\/\/www.cidademarketing.com.br\/marketing\/wp-content\/uploads\/2023\/04\/cidademarketing_backlinks_marketingdigital_publieditorial_.png\" alt=\"\" width=\"500\" height=\"500\" \/><\/a><\/p>\n<p>Com esse an\u00fancio, a Volvo se torna uma das primeiras empresas do setor automotivo a dar esse passo e comprova que os objetivos da companhia de se tornar 100% el\u00e9trica n\u00e3o s\u00e3o apenas ambiciosos, mas est\u00e3o em pleno desenvolvimento.<\/p>\n<p>O an\u00fancio segue a decis\u00e3o do ano passado de parar o desenvolvimento de novos motores \u00e0 combust\u00e3o. \u201cMotores el\u00e9tricos s\u00e3o o futuro, e s\u00e3o superiores a motores a combust\u00e3o: eles geram menos barulho, menos vibra\u00e7\u00e3o e menos custos de manuten\u00e7\u00e3o e zero emiss\u00f5es\u201d, afirmou Jim Rowan, CEO da Volvo Cars. \u201cN\u00f3s estamos 100% focados em criar um vasto portf\u00f3lio de carros premium 100% el\u00e9tricos que entregam tudo o que nossos consumidores esperam de um Volvo &#8211; e s\u00e3o uma parte importante da nossa resposta \u00e0 mudan\u00e7a clim\u00e1tica\u201d.<\/p>\n<p>A\u00e7\u00f5es s\u00e3o necess\u00e1rias e urgentes<\/p>\n<p>A Volvo optou por mergulhar de cabe\u00e7a na estrat\u00e9gia da eletrifica\u00e7\u00e3o para se tornar parte da solu\u00e7\u00e3o de um problema causado pela pr\u00f3pria ind\u00fastria automotiva, onde ela se inclui. O \u00faltimo relat\u00f3rio do Clima Global, divulgado pela Organiza\u00e7\u00e3o das Na\u00e7\u00f5es Unidas, ressaltou a emerg\u00eancia clim\u00e1tica que a humanidade enfrenta, assim como a necessidade de a\u00e7\u00f5es urgentes.<\/p>\n<p>\u201cO que o mundo precisa agora, nesse momento cr\u00edtico para a humanidade e para o nosso planeta, \u00e9 de lideran\u00e7a\u201d, disse Jim Rowan. \u201cJ\u00e1 passou da hora dos l\u00edderes da pol\u00edtica e da ind\u00fastria de serem fortes e decisivos, e entregarem pol\u00edticas e a\u00e7\u00f5es relevantes para combater a mudan\u00e7a clim\u00e1tica. Estamos comprometidos em fazer nossa parte e encorajar nossos colegas de setor e l\u00edderes pol\u00edticos ao redor do mundo a fazer a parte deles\u201d<\/p>\n<p>Para tentar convencer mais empresas a entrar nessa luta, o diretor de sustentabilidade global da Volvo, Anders K\u00e4rrberg, fez parte de um evento organizado pela Accelerating to Zero (A2Z) na Semana do Clima de Nova York. Lan\u00e7ada durante a COP27, a A2Z re\u00fane os principais signat\u00e1rios da Declara\u00e7\u00e3o de Glasgow para ve\u00edculos de emiss\u00e3o zero,da qual a Volvo faz parte.<\/p>\n<p>Embora os objetivos da eletrifica\u00e7\u00e3o da companhia sejam mais ambiciosos do que isso, a inten\u00e7\u00e3o de participar do evento \u00e9 inspirar outras companhias a serem mais audaciosas para tomar a\u00e7\u00f5es contra a mudan\u00e7a clim\u00e1tica.<\/p>\n<p><iframe title=\"Spotify Embed: Podcast CidadeMarketing\" style=\"border-radius: 12px\" width=\"100%\" height=\"152\" frameborder=\"0\" allowfullscreen allow=\"autoplay; clipboard-write; encrypted-media; fullscreen; picture-in-picture\" loading=\"lazy\" src=\"https:\/\/open.spotify.com\/embed\/show\/4khMKzP3FgFRWVwb73xicc?si=252fe5bff2b34909&#038;utm_source=oembed\"><\/iframe><\/p>\n<p>&nbsp;<\/p>\n<p>Um cen\u00e1rio em transforma\u00e7\u00e3o<\/p>\n<p>A decis\u00e3o da Volvo de parar completamente de produzir carros a diesel no in\u00edcio de 2024 demonstra qu\u00e3o r\u00e1pido a ind\u00fastria e os consumidores est\u00e3o mudando devido \u00e0 crise clim\u00e1tica.<\/p>\n<p>Apenas h\u00e1 quatro anos, o motor a diesel era o produto mais popular da empresa na Europa. A grande maioria dos carros vendidos no continente em 2019 eram movidos a diesel, uma vez que os modelos el\u00e9tricos estavam apenas come\u00e7ando a se inserir no mercado.<br \/>\nA tend\u00eancia se inverteu rapidamente desde ent\u00e3o, movida por uma demanda de mercado, leis de emiss\u00e3o de carbono mais rigorosas e o foco da companhia em eletrifica\u00e7\u00e3o. A maioria das vendas na Europa, agora, consistem de carros eletrificados, sejam eles h\u00edbridos ou 100% el\u00e9tricos.<\/p>\n<p>Menos carros a diesel nas ruas tem tamb\u00e9m um efeito positivo na qualidade do ar das cidades; enquanto os motores a diesel emitem menos CO2 que os motores a gasolina, eles emitem mais gases como \u00f3xidos de nitrog\u00eanio (NOx) que tem um efeito adverso na qualidade do ar, especialmente em \u00e1reas urbanizadas.<\/p>\n","protected":false},"excerpt":{"rendered":"<p>A Volvo tem o compromisso de, at\u00e9 2030, produzir e comercializar apenas carros el\u00e9tricos e, at\u00e9 2040, ser uma empresa 100% neutra para o clima. Para se aproximar desses objetivos, a empresa anunciou, durante a Semana do Clima de Nova York (entre os dias 17 e 24 de setembro), que ir\u00e1 produzir no in\u00edcio de [&hellip;]<\/p>\n","protected":false},"author":1,"featured_media":46551,"comment_status":"open","ping_status":"open","sticky":false,"template":"","format":"standard","meta":{"tdm_status":"","tdm_grid_status":"","footnotes":""},"categories":[6],"tags":[65,33,37,28,1237,176,1677],"class_list":["post-47831","post","type-post","status-publish","format-standard","has-post-thumbnail","hentry","category-noticias","tag-campanha","tag-estrategia","tag-marca","tag-marketing","tag-meio-ambiente","tag-sustentabilidade","tag-volvo"],"yoast_head":"<!-- This site is optimized with the Yoast SEO plugin v27.5 - https:\/\/yoast.com\/product\/yoast-seo-wordpress\/ -->\n<title>Volvo anuncia produ\u00e7\u00e3o do seu \u00faltimo ve\u00edculo a diesel no in\u00edcio de 2024 - CidadeMarketing<\/title>\n<meta name=\"robots\" content=\"index, follow, max-snippet:-1, max-image-preview:large, max-video-preview:-1\" \/>\n<link rel=\"canonical\" href=\"https:\/\/www.cidademarketing.com.br\/marketing\/2023\/09\/26\/volvo-anuncia-producao-do-seu-ultimo-veiculo-a-diesel-no-inicio-de-2024\/\" \/>\n<meta property=\"og:locale\" content=\"pt_BR\" \/>\n<meta property=\"og:type\" content=\"article\" \/>\n<meta property=\"og:title\" content=\"Volvo anuncia produ\u00e7\u00e3o do seu \u00faltimo ve\u00edculo a diesel no in\u00edcio de 2024 - CidadeMarketing\" \/>\n<meta property=\"og:description\" content=\"A Volvo tem o compromisso de, at\u00e9 2030, produzir e comercializar apenas carros el\u00e9tricos e, at\u00e9 2040, ser uma empresa 100% neutra para o clima. Para se aproximar desses objetivos, a empresa anunciou, durante a Semana do Clima de Nova York (entre os dias 17 e 24 de setembro), que ir\u00e1 produzir no in\u00edcio de [&hellip;]\" \/>\n<meta property=\"og:url\" content=\"https:\/\/www.cidademarketing.com.br\/marketing\/2023\/09\/26\/volvo-anuncia-producao-do-seu-ultimo-veiculo-a-diesel-no-inicio-de-2024\/\" \/>\n<meta property=\"og:site_name\" content=\"CidadeMarketing\" \/>\n<meta property=\"article:publisher\" content=\"https:\/\/www.facebook.com\/portalcidademarketing\" \/>\n<meta property=\"article:author\" content=\"https:\/\/www.facebook.com\/thalesbrandao\" \/>\n<meta property=\"article:published_time\" content=\"2023-09-26T18:48:44+00:00\" \/>\n<meta property=\"og:image\" content=\"https:\/\/www.cidademarketing.com.br\/marketing\/wp-content\/uploads\/2023\/08\/marca_volvo.jpg\" \/>\n\t<meta property=\"og:image:width\" content=\"695\" \/>\n\t<meta property=\"og:image:height\" content=\"463\" \/>\n\t<meta property=\"og:image:type\" content=\"image\/jpeg\" \/>\n<meta name=\"author\" content=\"Thales Brand\u00e3o\" \/>\n<meta name=\"twitter:card\" content=\"summary_large_image\" \/>\n<meta name=\"twitter:creator\" content=\"@http:\/\/www.twitter.com\/thalesbrandao\" \/>\n<meta name=\"twitter:site\" content=\"@CidadeMarketing\" \/>\n<meta name=\"twitter:label1\" content=\"Escrito por\" \/>\n\t<meta name=\"twitter:data1\" content=\"Thales Brand\u00e3o\" \/>\n\t<meta name=\"twitter:label2\" content=\"Est. tempo de leitura\" \/>\n\t<meta name=\"twitter:data2\" content=\"3 minutos\" \/>\n<script type=\"application\/ld+json\" class=\"yoast-schema-graph\">{\"@context\":\"https:\\\/\\\/schema.org\",\"@graph\":[{\"@type\":\"Article\",\"@id\":\"https:\\\/\\\/www.cidademarketing.com.br\\\/marketing\\\/2023\\\/09\\\/26\\\/volvo-anuncia-producao-do-seu-ultimo-veiculo-a-diesel-no-inicio-de-2024\\\/#article\",\"isPartOf\":{\"@id\":\"https:\\\/\\\/www.cidademarketing.com.br\\\/marketing\\\/2023\\\/09\\\/26\\\/volvo-anuncia-producao-do-seu-ultimo-veiculo-a-diesel-no-inicio-de-2024\\\/\"},\"author\":{\"name\":\"Thales Brand\u00e3o\",\"@id\":\"https:\\\/\\\/www.cidademarketing.com.br\\\/marketing\\\/#\\\/schema\\\/person\\\/02daff9f18bd9378c9e01eb6b2db155f\"},\"headline\":\"Volvo anuncia produ\u00e7\u00e3o do seu \u00faltimo ve\u00edculo a diesel no in\u00edcio de 2024\",\"datePublished\":\"2023-09-26T18:48:44+00:00\",\"mainEntityOfPage\":{\"@id\":\"https:\\\/\\\/www.cidademarketing.com.br\\\/marketing\\\/2023\\\/09\\\/26\\\/volvo-anuncia-producao-do-seu-ultimo-veiculo-a-diesel-no-inicio-de-2024\\\/\"},\"wordCount\":687,\"commentCount\":0,\"publisher\":{\"@id\":\"https:\\\/\\\/www.cidademarketing.com.br\\\/marketing\\\/#organization\"},\"image\":{\"@id\":\"https:\\\/\\\/www.cidademarketing.com.br\\\/marketing\\\/2023\\\/09\\\/26\\\/volvo-anuncia-producao-do-seu-ultimo-veiculo-a-diesel-no-inicio-de-2024\\\/#primaryimage\"},\"thumbnailUrl\":\"https:\\\/\\\/www.cidademarketing.com.br\\\/marketing\\\/wp-content\\\/uploads\\\/2023\\\/08\\\/marca_volvo.jpg\",\"keywords\":[\"campanha\",\"estrat\u00e9gia\",\"marca\",\"marketing\",\"meio ambiente\",\"sustentabilidade\",\"Volvo\"],\"articleSection\":[\"Not\u00edcias\"],\"inLanguage\":\"pt-BR\",\"potentialAction\":[{\"@type\":\"CommentAction\",\"name\":\"Comment\",\"target\":[\"https:\\\/\\\/www.cidademarketing.com.br\\\/marketing\\\/2023\\\/09\\\/26\\\/volvo-anuncia-producao-do-seu-ultimo-veiculo-a-diesel-no-inicio-de-2024\\\/#respond\"]}]},{\"@type\":\"WebPage\",\"@id\":\"https:\\\/\\\/www.cidademarketing.com.br\\\/marketing\\\/2023\\\/09\\\/26\\\/volvo-anuncia-producao-do-seu-ultimo-veiculo-a-diesel-no-inicio-de-2024\\\/\",\"url\":\"https:\\\/\\\/www.cidademarketing.com.br\\\/marketing\\\/2023\\\/09\\\/26\\\/volvo-anuncia-producao-do-seu-ultimo-veiculo-a-diesel-no-inicio-de-2024\\\/\",\"name\":\"Volvo anuncia produ\u00e7\u00e3o do seu \u00faltimo ve\u00edculo a diesel no in\u00edcio de 2024 - CidadeMarketing\",\"isPartOf\":{\"@id\":\"https:\\\/\\\/www.cidademarketing.com.br\\\/marketing\\\/#website\"},\"primaryImageOfPage\":{\"@id\":\"https:\\\/\\\/www.cidademarketing.com.br\\\/marketing\\\/2023\\\/09\\\/26\\\/volvo-anuncia-producao-do-seu-ultimo-veiculo-a-diesel-no-inicio-de-2024\\\/#primaryimage\"},\"image\":{\"@id\":\"https:\\\/\\\/www.cidademarketing.com.br\\\/marketing\\\/2023\\\/09\\\/26\\\/volvo-anuncia-producao-do-seu-ultimo-veiculo-a-diesel-no-inicio-de-2024\\\/#primaryimage\"},\"thumbnailUrl\":\"https:\\\/\\\/www.cidademarketing.com.br\\\/marketing\\\/wp-content\\\/uploads\\\/2023\\\/08\\\/marca_volvo.jpg\",\"datePublished\":\"2023-09-26T18:48:44+00:00\",\"breadcrumb\":{\"@id\":\"https:\\\/\\\/www.cidademarketing.com.br\\\/marketing\\\/2023\\\/09\\\/26\\\/volvo-anuncia-producao-do-seu-ultimo-veiculo-a-diesel-no-inicio-de-2024\\\/#breadcrumb\"},\"inLanguage\":\"pt-BR\",\"potentialAction\":[{\"@type\":\"ReadAction\",\"target\":[\"https:\\\/\\\/www.cidademarketing.com.br\\\/marketing\\\/2023\\\/09\\\/26\\\/volvo-anuncia-producao-do-seu-ultimo-veiculo-a-diesel-no-inicio-de-2024\\\/\"]}]},{\"@type\":\"ImageObject\",\"inLanguage\":\"pt-BR\",\"@id\":\"https:\\\/\\\/www.cidademarketing.com.br\\\/marketing\\\/2023\\\/09\\\/26\\\/volvo-anuncia-producao-do-seu-ultimo-veiculo-a-diesel-no-inicio-de-2024\\\/#primaryimage\",\"url\":\"https:\\\/\\\/www.cidademarketing.com.br\\\/marketing\\\/wp-content\\\/uploads\\\/2023\\\/08\\\/marca_volvo.jpg\",\"contentUrl\":\"https:\\\/\\\/www.cidademarketing.com.br\\\/marketing\\\/wp-content\\\/uploads\\\/2023\\\/08\\\/marca_volvo.jpg\",\"width\":695,\"height\":463},{\"@type\":\"BreadcrumbList\",\"@id\":\"https:\\\/\\\/www.cidademarketing.com.br\\\/marketing\\\/2023\\\/09\\\/26\\\/volvo-anuncia-producao-do-seu-ultimo-veiculo-a-diesel-no-inicio-de-2024\\\/#breadcrumb\",\"itemListElement\":[{\"@type\":\"ListItem\",\"position\":1,\"name\":\"In\u00edcio\",\"item\":\"https:\\\/\\\/www.cidademarketing.com.br\\\/marketing\\\/\"},{\"@type\":\"ListItem\",\"position\":2,\"name\":\"Volvo anuncia produ\u00e7\u00e3o do seu \u00faltimo ve\u00edculo a diesel no in\u00edcio de 2024\"}]},{\"@type\":\"WebSite\",\"@id\":\"https:\\\/\\\/www.cidademarketing.com.br\\\/marketing\\\/#website\",\"url\":\"https:\\\/\\\/www.cidademarketing.com.br\\\/marketing\\\/\",\"name\":\"CidadeMarketing\",\"description\":\"Somos um ve\u00edculo de comunica\u00e7\u00e3o de destaque no Brasil, reconhecido por conte\u00fados nos segmentos de marketing, empreendedorismo e inova\u00e7\u00e3o.\",\"publisher\":{\"@id\":\"https:\\\/\\\/www.cidademarketing.com.br\\\/marketing\\\/#organization\"},\"alternateName\":\"CidadeMarketing\",\"potentialAction\":[{\"@type\":\"SearchAction\",\"target\":{\"@type\":\"EntryPoint\",\"urlTemplate\":\"https:\\\/\\\/www.cidademarketing.com.br\\\/marketing\\\/?s={search_term_string}\"},\"query-input\":{\"@type\":\"PropertyValueSpecification\",\"valueRequired\":true,\"valueName\":\"search_term_string\"}}],\"inLanguage\":\"pt-BR\"},{\"@type\":\"Organization\",\"@id\":\"https:\\\/\\\/www.cidademarketing.com.br\\\/marketing\\\/#organization\",\"name\":\"CidadeMarketing\",\"alternateName\":\"CidadeMarketing\",\"url\":\"https:\\\/\\\/www.cidademarketing.com.br\\\/marketing\\\/\",\"logo\":{\"@type\":\"ImageObject\",\"inLanguage\":\"pt-BR\",\"@id\":\"https:\\\/\\\/www.cidademarketing.com.br\\\/marketing\\\/#\\\/schema\\\/logo\\\/image\\\/\",\"url\":\"https:\\\/\\\/www.cidademarketing.com.br\\\/marketing\\\/wp-content\\\/uploads\\\/2020\\\/01\\\/cidademarketing_marca_mobile.png\",\"contentUrl\":\"https:\\\/\\\/www.cidademarketing.com.br\\\/marketing\\\/wp-content\\\/uploads\\\/2020\\\/01\\\/cidademarketing_marca_mobile.png\",\"width\":230,\"height\":92,\"caption\":\"CidadeMarketing\"},\"image\":{\"@id\":\"https:\\\/\\\/www.cidademarketing.com.br\\\/marketing\\\/#\\\/schema\\\/logo\\\/image\\\/\"},\"sameAs\":[\"https:\\\/\\\/www.facebook.com\\\/portalcidademarketing\",\"https:\\\/\\\/x.com\\\/CidadeMarketing\",\"https:\\\/\\\/www.instagram.com\\\/cidademarketing\\\/\"]},{\"@type\":\"Person\",\"@id\":\"https:\\\/\\\/www.cidademarketing.com.br\\\/marketing\\\/#\\\/schema\\\/person\\\/02daff9f18bd9378c9e01eb6b2db155f\",\"name\":\"Thales Brand\u00e3o\",\"image\":{\"@type\":\"ImageObject\",\"inLanguage\":\"pt-BR\",\"@id\":\"https:\\\/\\\/secure.gravatar.com\\\/avatar\\\/7ca3206950207cc3cb48feec56a8a7898741ab725c368d99d5d7a5a50aab80c6?s=96&d=mm&r=g\",\"url\":\"https:\\\/\\\/secure.gravatar.com\\\/avatar\\\/7ca3206950207cc3cb48feec56a8a7898741ab725c368d99d5d7a5a50aab80c6?s=96&d=mm&r=g\",\"contentUrl\":\"https:\\\/\\\/secure.gravatar.com\\\/avatar\\\/7ca3206950207cc3cb48feec56a8a7898741ab725c368d99d5d7a5a50aab80c6?s=96&d=mm&r=g\",\"caption\":\"Thales Brand\u00e3o\"},\"description\":\"Editor Executivo do Portal CidadeMarketing.com.br &gt; Mestre em Comunica\u00e7\u00e3o e Sociedade pela Universidade Federal de Sergipe. Possui MBA Executivo em Administra\u00e7\u00e3o com \u00eanfase em Marketing pela Funda\u00e7\u00e3o Get\u00falio Vargas - Rio de Janeiro. Consultor, Palestrante e Pesquisador sobre Empreendedorismo, Marketing, Redes Sociais e Neg\u00f3cios Digitais. Professor, Palestrante TedxTalks e Campus Party. Twitter: @ThalesBrandao\",\"sameAs\":[\"http:\\\/\\\/www.mandacaru.com.br\",\"https:\\\/\\\/www.facebook.com\\\/thalesbrandao\",\"http:\\\/\\\/www.instagram.com.br\\\/thalesbrandaoferreira\",\"https:\\\/\\\/www.linkedin.com\\\/in\\\/thales-brand\u00e3o-3948609\\\/\",\"https:\\\/\\\/x.com\\\/http:\\\/\\\/www.twitter.com\\\/thalesbrandao\"],\"url\":\"https:\\\/\\\/www.cidademarketing.com.br\\\/marketing\\\/author\\\/thalesbrandao\\\/\"}]}<\/script>\n<!-- \/ Yoast SEO plugin. -->","yoast_head_json":{"title":"Volvo anuncia produ\u00e7\u00e3o do seu \u00faltimo ve\u00edculo a diesel no in\u00edcio de 2024 - CidadeMarketing","robots":{"index":"index","follow":"follow","max-snippet":"max-snippet:-1","max-image-preview":"max-image-preview:large","max-video-preview":"max-video-preview:-1"},"canonical":"https:\/\/www.cidademarketing.com.br\/marketing\/2023\/09\/26\/volvo-anuncia-producao-do-seu-ultimo-veiculo-a-diesel-no-inicio-de-2024\/","og_locale":"pt_BR","og_type":"article","og_title":"Volvo anuncia produ\u00e7\u00e3o do seu \u00faltimo ve\u00edculo a diesel no in\u00edcio de 2024 - CidadeMarketing","og_description":"A Volvo tem o compromisso de, at\u00e9 2030, produzir e comercializar apenas carros el\u00e9tricos e, at\u00e9 2040, ser uma empresa 100% neutra para o clima. Para se aproximar desses objetivos, a empresa anunciou, durante a Semana do Clima de Nova York (entre os dias 17 e 24 de setembro), que ir\u00e1 produzir no in\u00edcio de [&hellip;]","og_url":"https:\/\/www.cidademarketing.com.br\/marketing\/2023\/09\/26\/volvo-anuncia-producao-do-seu-ultimo-veiculo-a-diesel-no-inicio-de-2024\/","og_site_name":"CidadeMarketing","article_publisher":"https:\/\/www.facebook.com\/portalcidademarketing","article_author":"https:\/\/www.facebook.com\/thalesbrandao","article_published_time":"2023-09-26T18:48:44+00:00","og_image":[{"width":695,"height":463,"url":"https:\/\/www.cidademarketing.com.br\/marketing\/wp-content\/uploads\/2023\/08\/marca_volvo.jpg","type":"image\/jpeg"}],"author":"Thales Brand\u00e3o","twitter_card":"summary_large_image","twitter_creator":"@http:\/\/www.twitter.com\/thalesbrandao","twitter_site":"@CidadeMarketing","twitter_misc":{"Escrito por":"Thales Brand\u00e3o","Est. tempo de leitura":"3 minutos"},"schema":{"@context":"https:\/\/schema.org","@graph":[{"@type":"Article","@id":"https:\/\/www.cidademarketing.com.br\/marketing\/2023\/09\/26\/volvo-anuncia-producao-do-seu-ultimo-veiculo-a-diesel-no-inicio-de-2024\/#article","isPartOf":{"@id":"https:\/\/www.cidademarketing.com.br\/marketing\/2023\/09\/26\/volvo-anuncia-producao-do-seu-ultimo-veiculo-a-diesel-no-inicio-de-2024\/"},"author":{"name":"Thales Brand\u00e3o","@id":"https:\/\/www.cidademarketing.com.br\/marketing\/#\/schema\/person\/02daff9f18bd9378c9e01eb6b2db155f"},"headline":"Volvo anuncia produ\u00e7\u00e3o do seu \u00faltimo ve\u00edculo a diesel no in\u00edcio de 2024","datePublished":"2023-09-26T18:48:44+00:00","mainEntityOfPage":{"@id":"https:\/\/www.cidademarketing.com.br\/marketing\/2023\/09\/26\/volvo-anuncia-producao-do-seu-ultimo-veiculo-a-diesel-no-inicio-de-2024\/"},"wordCount":687,"commentCount":0,"publisher":{"@id":"https:\/\/www.cidademarketing.com.br\/marketing\/#organization"},"image":{"@id":"https:\/\/www.cidademarketing.com.br\/marketing\/2023\/09\/26\/volvo-anuncia-producao-do-seu-ultimo-veiculo-a-diesel-no-inicio-de-2024\/#primaryimage"},"thumbnailUrl":"https:\/\/www.cidademarketing.com.br\/marketing\/wp-content\/uploads\/2023\/08\/marca_volvo.jpg","keywords":["campanha","estrat\u00e9gia","marca","marketing","meio ambiente","sustentabilidade","Volvo"],"articleSection":["Not\u00edcias"],"inLanguage":"pt-BR","potentialAction":[{"@type":"CommentAction","name":"Comment","target":["https:\/\/www.cidademarketing.com.br\/marketing\/2023\/09\/26\/volvo-anuncia-producao-do-seu-ultimo-veiculo-a-diesel-no-inicio-de-2024\/#respond"]}]},{"@type":"WebPage","@id":"https:\/\/www.cidademarketing.com.br\/marketing\/2023\/09\/26\/volvo-anuncia-producao-do-seu-ultimo-veiculo-a-diesel-no-inicio-de-2024\/","url":"https:\/\/www.cidademarketing.com.br\/marketing\/2023\/09\/26\/volvo-anuncia-producao-do-seu-ultimo-veiculo-a-diesel-no-inicio-de-2024\/","name":"Volvo anuncia produ\u00e7\u00e3o do seu \u00faltimo ve\u00edculo a diesel no in\u00edcio de 2024 - CidadeMarketing","isPartOf":{"@id":"https:\/\/www.cidademarketing.com.br\/marketing\/#website"},"primaryImageOfPage":{"@id":"https:\/\/www.cidademarketing.com.br\/marketing\/2023\/09\/26\/volvo-anuncia-producao-do-seu-ultimo-veiculo-a-diesel-no-inicio-de-2024\/#primaryimage"},"image":{"@id":"https:\/\/www.cidademarketing.com.br\/marketing\/2023\/09\/26\/volvo-anuncia-producao-do-seu-ultimo-veiculo-a-diesel-no-inicio-de-2024\/#primaryimage"},"thumbnailUrl":"https:\/\/www.cidademarketing.com.br\/marketing\/wp-content\/uploads\/2023\/08\/marca_volvo.jpg","datePublished":"2023-09-26T18:48:44+00:00","breadcrumb":{"@id":"https:\/\/www.cidademarketing.com.br\/marketing\/2023\/09\/26\/volvo-anuncia-producao-do-seu-ultimo-veiculo-a-diesel-no-inicio-de-2024\/#breadcrumb"},"inLanguage":"pt-BR","potentialAction":[{"@type":"ReadAction","target":["https:\/\/www.cidademarketing.com.br\/marketing\/2023\/09\/26\/volvo-anuncia-producao-do-seu-ultimo-veiculo-a-diesel-no-inicio-de-2024\/"]}]},{"@type":"ImageObject","inLanguage":"pt-BR","@id":"https:\/\/www.cidademarketing.com.br\/marketing\/2023\/09\/26\/volvo-anuncia-producao-do-seu-ultimo-veiculo-a-diesel-no-inicio-de-2024\/#primaryimage","url":"https:\/\/www.cidademarketing.com.br\/marketing\/wp-content\/uploads\/2023\/08\/marca_volvo.jpg","contentUrl":"https:\/\/www.cidademarketing.com.br\/marketing\/wp-content\/uploads\/2023\/08\/marca_volvo.jpg","width":695,"height":463},{"@type":"BreadcrumbList","@id":"https:\/\/www.cidademarketing.com.br\/marketing\/2023\/09\/26\/volvo-anuncia-producao-do-seu-ultimo-veiculo-a-diesel-no-inicio-de-2024\/#breadcrumb","itemListElement":[{"@type":"ListItem","position":1,"name":"In\u00edcio","item":"https:\/\/www.cidademarketing.com.br\/marketing\/"},{"@type":"ListItem","position":2,"name":"Volvo anuncia produ\u00e7\u00e3o do seu \u00faltimo ve\u00edculo a diesel no in\u00edcio de 2024"}]},{"@type":"WebSite","@id":"https:\/\/www.cidademarketing.com.br\/marketing\/#website","url":"https:\/\/www.cidademarketing.com.br\/marketing\/","name":"CidadeMarketing","description":"Somos um ve\u00edculo de comunica\u00e7\u00e3o de destaque no Brasil, reconhecido por conte\u00fados nos segmentos de marketing, empreendedorismo e inova\u00e7\u00e3o.","publisher":{"@id":"https:\/\/www.cidademarketing.com.br\/marketing\/#organization"},"alternateName":"CidadeMarketing","potentialAction":[{"@type":"SearchAction","target":{"@type":"EntryPoint","urlTemplate":"https:\/\/www.cidademarketing.com.br\/marketing\/?s={search_term_string}"},"query-input":{"@type":"PropertyValueSpecification","valueRequired":true,"valueName":"search_term_string"}}],"inLanguage":"pt-BR"},{"@type":"Organization","@id":"https:\/\/www.cidademarketing.com.br\/marketing\/#organization","name":"CidadeMarketing","alternateName":"CidadeMarketing","url":"https:\/\/www.cidademarketing.com.br\/marketing\/","logo":{"@type":"ImageObject","inLanguage":"pt-BR","@id":"https:\/\/www.cidademarketing.com.br\/marketing\/#\/schema\/logo\/image\/","url":"https:\/\/www.cidademarketing.com.br\/marketing\/wp-content\/uploads\/2020\/01\/cidademarketing_marca_mobile.png","contentUrl":"https:\/\/www.cidademarketing.com.br\/marketing\/wp-content\/uploads\/2020\/01\/cidademarketing_marca_mobile.png","width":230,"height":92,"caption":"CidadeMarketing"},"image":{"@id":"https:\/\/www.cidademarketing.com.br\/marketing\/#\/schema\/logo\/image\/"},"sameAs":["https:\/\/www.facebook.com\/portalcidademarketing","https:\/\/x.com\/CidadeMarketing","https:\/\/www.instagram.com\/cidademarketing\/"]},{"@type":"Person","@id":"https:\/\/www.cidademarketing.com.br\/marketing\/#\/schema\/person\/02daff9f18bd9378c9e01eb6b2db155f","name":"Thales Brand\u00e3o","image":{"@type":"ImageObject","inLanguage":"pt-BR","@id":"https:\/\/secure.gravatar.com\/avatar\/7ca3206950207cc3cb48feec56a8a7898741ab725c368d99d5d7a5a50aab80c6?s=96&d=mm&r=g","url":"https:\/\/secure.gravatar.com\/avatar\/7ca3206950207cc3cb48feec56a8a7898741ab725c368d99d5d7a5a50aab80c6?s=96&d=mm&r=g","contentUrl":"https:\/\/secure.gravatar.com\/avatar\/7ca3206950207cc3cb48feec56a8a7898741ab725c368d99d5d7a5a50aab80c6?s=96&d=mm&r=g","caption":"Thales Brand\u00e3o"},"description":"Editor Executivo do Portal CidadeMarketing.com.br &gt; Mestre em Comunica\u00e7\u00e3o e Sociedade pela Universidade Federal de Sergipe. Possui MBA Executivo em Administra\u00e7\u00e3o com \u00eanfase em Marketing pela Funda\u00e7\u00e3o Get\u00falio Vargas - Rio de Janeiro. Consultor, Palestrante e Pesquisador sobre Empreendedorismo, Marketing, Redes Sociais e Neg\u00f3cios Digitais. Professor, Palestrante TedxTalks e Campus Party. Twitter: @ThalesBrandao","sameAs":["http:\/\/www.mandacaru.com.br","https:\/\/www.facebook.com\/thalesbrandao","http:\/\/www.instagram.com.br\/thalesbrandaoferreira","https:\/\/www.linkedin.com\/in\/thales-brand\u00e3o-3948609\/","https:\/\/x.com\/http:\/\/www.twitter.com\/thalesbrandao"],"url":"https:\/\/www.cidademarketing.com.br\/marketing\/author\/thalesbrandao\/"}]}},"amp_enabled":true,"_links":{"self":[{"href":"https:\/\/www.cidademarketing.com.br\/marketing\/wp-json\/wp\/v2\/posts\/47831","targetHints":{"allow":["GET"]}}],"collection":[{"href":"https:\/\/www.cidademarketing.com.br\/marketing\/wp-json\/wp\/v2\/posts"}],"about":[{"href":"https:\/\/www.cidademarketing.com.br\/marketing\/wp-json\/wp\/v2\/types\/post"}],"author":[{"embeddable":true,"href":"https:\/\/www.cidademarketing.com.br\/marketing\/wp-json\/wp\/v2\/users\/1"}],"replies":[{"embeddable":true,"href":"https:\/\/www.cidademarketing.com.br\/marketing\/wp-json\/wp\/v2\/comments?post=47831"}],"version-history":[{"count":1,"href":"https:\/\/www.cidademarketing.com.br\/marketing\/wp-json\/wp\/v2\/posts\/47831\/revisions"}],"predecessor-version":[{"id":47832,"href":"https:\/\/www.cidademarketing.com.br\/marketing\/wp-json\/wp\/v2\/posts\/47831\/revisions\/47832"}],"wp:featuredmedia":[{"embeddable":true,"href":"https:\/\/www.cidademarketing.com.br\/marketing\/wp-json\/wp\/v2\/media\/46551"}],"wp:attachment":[{"href":"https:\/\/www.cidademarketing.com.br\/marketing\/wp-json\/wp\/v2\/media?parent=47831"}],"wp:term":[{"taxonomy":"category","embeddable":true,"href":"https:\/\/www.cidademarketing.com.br\/marketing\/wp-json\/wp\/v2\/categories?post=47831"},{"taxonomy":"post_tag","embeddable":true,"href":"https:\/\/www.cidademarketing.com.br\/marketing\/wp-json\/wp\/v2\/tags?post=47831"}],"curies":[{"name":"wp","href":"https:\/\/api.w.org\/{rel}","templated":true}]}}