{"id":47827,"date":"2023-09-26T10:43:18","date_gmt":"2023-09-26T13:43:18","guid":{"rendered":"https:\/\/www.cidademarketing.com.br\/marketing\/?p=47827"},"modified":"2023-09-26T10:43:18","modified_gmt":"2023-09-26T13:43:18","slug":"em-campanha-para-dia-das-criancas-kinder-traz-a-apresentadora-e-influenciadora-sabrina-sato","status":"publish","type":"post","link":"https:\/\/www.cidademarketing.com.br\/marketing\/2023\/09\/26\/em-campanha-para-dia-das-criancas-kinder-traz-a-apresentadora-e-influenciadora-sabrina-sato\/","title":{"rendered":"Em campanha para Dia das Crian\u00e7as, Kinder\u00ae traz a apresentadora e influenciadora Sabrina Sato"},"content":{"rendered":"<p>A apresentadora e influenciadora Sabrina Sato inicia a nova campanha de Kinder\u00ae, marca integrante do grupo Ferrero e reconhecida mundialmente por seus ic\u00f4nicos produtos. Focada no Dia das Crian\u00e7as e produzida em solo 100% nacional, a campanha planeja transformar a data de 2023 na mais surpreendente de todas. Inspirada na capacidade dos pequenos de criarem momentos cativantes e inesquec\u00edveis, as pe\u00e7as contam com a alegria e espontaneidade de Sabrina Sato, bem como sua rela\u00e7\u00e3o de carinho com crian\u00e7as. Sabrina, que \u00e9 m\u00e3e de uma menina tamb\u00e9m \u00e9 tia de outras tr\u00eas crian\u00e7as \u2013 entre elas, os filhos de sua irm\u00e3, Karina, Manu e Felipinho \u2013 e estrela na campanha em conte\u00fados para as redes sociais da marca.<\/p>\n<p><a href=\"https:\/\/www.cidademarketing.com.br\/marketing\/sua-marca-vai-virar-noticia\/\" target=\"_blank\" rel=\"noopener\"><img fetchpriority=\"high\" decoding=\"async\" class=\"wp-image-44329 aligncenter\" src=\"https:\/\/www.cidademarketing.com.br\/marketing\/wp-content\/uploads\/2023\/04\/cidademarketing_backlinks_marketingdigital_publieditorial_.png\" alt=\"\" width=\"500\" height=\"500\" \/><\/a><\/p>\n<p>\u201cComo m\u00e3e e tia, sei o quanto as crian\u00e7as tornam nossas vidas muito mais coloridas e surpreendentes. Participar desta campanha s\u00f3 torna os momentos com as crian\u00e7as e minha fam\u00edlia muito mais divertidas e especiais\u201d, comenta a apresentadora e influenciadora Sabrina Sato.<\/p>\n<p>No ambiente digital, a a\u00e7\u00e3o tamb\u00e9m conta com a participa\u00e7\u00e3o de outros nomes conhecidos como a atriz Regina Cas\u00e9, as influenciadoras Tata Estaniecki e Maju Mendon\u00e7a, o influenciador Alvxro, e a Fam\u00edlia Pessoa Tardivo.<\/p>\n<p>Kinder ainda deve marcar a celebra\u00e7\u00e3o do Dia das Crian\u00e7as 2023 garantindo outra surpresa aos consumidores. Nos dias 11 e 12 de outubro, aqueles que comprarem uma unidade de Kinder Ovo ou Kinder Joy, recebem o seu dinheiro de volta, em uma a\u00e7\u00e3o para que o consumidor possa ter seu dinheiro de volta*.<\/p>\n<p>O plano \u00e9 garantir que os apaixonados pelo tradicional chocolate participem da hist\u00f3ria e do movimento de surpreender uma crian\u00e7a de volta, presenteando com Kinder Ovo ou Kinder Joy. Com isso, a marca busca resgatar a magia da surpresa de uma crian\u00e7a a todos que possuam conex\u00e3o com o p\u00fablico infantil. Na expectativa de impactar mais de 115 milh\u00f5es de brasileiros com suas ativa\u00e7\u00f5es em TV aberta (merchan), m\u00eddia OOH e outros milhares em ativa\u00e7\u00f5es no ambiente digital com os influenciadores.<\/p>\n<p><iframe title=\"Spotify Embed: Podcast CidadeMarketing\" style=\"border-radius: 12px\" width=\"100%\" height=\"152\" frameborder=\"0\" allowfullscreen allow=\"autoplay; clipboard-write; encrypted-media; fullscreen; picture-in-picture\" loading=\"lazy\" src=\"https:\/\/open.spotify.com\/embed\/show\/4khMKzP3FgFRWVwb73xicc?si=252fe5bff2b34909&#038;utm_source=oembed\"><\/iframe><\/p>\n<p>&nbsp;<\/p>\n<p>\u201cPara n\u00f3s, a surpresa de uma crian\u00e7a vale muito. Por isso, nosso objetivo \u00e9 estabelecer a marca Kinder como uma sugest\u00e3o de presente para todos aqueles que possuem uma conex\u00e3o com crian\u00e7as em suas vidas. Queremos refor\u00e7ar o carinho dos adultos com as crian\u00e7as e gerar uma oportunidade aos consumidores de criarem mem\u00f3rias duradouras e especiais junto delas\u201d, comenta Daniela Spila, Diretora de Marketing da marca Kinder para a Am\u00e9rica do Sul.<\/p>\n<p>*cashback v\u00e1lido para compras realizadas nos dias 11 e 12 de outubro e cadastro de cupom fiscal at\u00e9 o dia 31\/10. Limitado a 1 participa\u00e7\u00e3o por CPF. Reembolso de at\u00e9 R\uff04 20,00 em um \u00fanico cupom fiscal.<\/p>\n","protected":false},"excerpt":{"rendered":"<p>A apresentadora e influenciadora Sabrina Sato inicia a nova campanha de Kinder\u00ae, marca integrante do grupo Ferrero e reconhecida mundialmente por seus ic\u00f4nicos produtos. Focada no Dia das Crian\u00e7as e produzida em solo 100% nacional, a campanha planeja transformar a data de 2023 na mais surpreendente de todas. Inspirada na capacidade dos pequenos de criarem [&hellip;]<\/p>\n","protected":false},"author":1,"featured_media":47828,"comment_status":"open","ping_status":"open","sticky":false,"template":"","format":"standard","meta":{"tdm_status":"","tdm_grid_status":"","footnotes":""},"categories":[6],"tags":[65,560,33,4596,28,1906,228],"class_list":["post-47827","post","type-post","status-publish","format-standard","has-post-thumbnail","hentry","category-noticias","tag-campanha","tag-dia-das-criancas","tag-estrategia","tag-kinder","tag-marketing","tag-sabrina-sato","tag-segmentacao-de-mercado"],"yoast_head":"<!-- This site is optimized with the Yoast SEO plugin v27.5 - https:\/\/yoast.com\/product\/yoast-seo-wordpress\/ -->\n<title>Em campanha para Dia das Crian\u00e7as, Kinder\u00ae traz a apresentadora e influenciadora Sabrina Sato - CidadeMarketing<\/title>\n<meta name=\"robots\" content=\"index, follow, max-snippet:-1, max-image-preview:large, max-video-preview:-1\" \/>\n<link rel=\"canonical\" href=\"https:\/\/www.cidademarketing.com.br\/marketing\/2023\/09\/26\/em-campanha-para-dia-das-criancas-kinder-traz-a-apresentadora-e-influenciadora-sabrina-sato\/\" \/>\n<meta property=\"og:locale\" content=\"pt_BR\" \/>\n<meta property=\"og:type\" content=\"article\" \/>\n<meta property=\"og:title\" content=\"Em campanha para Dia das Crian\u00e7as, Kinder\u00ae traz a apresentadora e influenciadora Sabrina Sato - CidadeMarketing\" \/>\n<meta property=\"og:description\" content=\"A apresentadora e influenciadora Sabrina Sato inicia a nova campanha de Kinder\u00ae, marca integrante do grupo Ferrero e reconhecida mundialmente por seus ic\u00f4nicos produtos. Focada no Dia das Crian\u00e7as e produzida em solo 100% nacional, a campanha planeja transformar a data de 2023 na mais surpreendente de todas. Inspirada na capacidade dos pequenos de criarem [&hellip;]\" \/>\n<meta property=\"og:url\" content=\"https:\/\/www.cidademarketing.com.br\/marketing\/2023\/09\/26\/em-campanha-para-dia-das-criancas-kinder-traz-a-apresentadora-e-influenciadora-sabrina-sato\/\" \/>\n<meta property=\"og:site_name\" content=\"CidadeMarketing\" \/>\n<meta property=\"article:publisher\" content=\"https:\/\/www.facebook.com\/portalcidademarketing\" \/>\n<meta property=\"article:author\" content=\"https:\/\/www.facebook.com\/thalesbrandao\" \/>\n<meta property=\"article:published_time\" content=\"2023-09-26T13:43:18+00:00\" \/>\n<meta property=\"og:image\" content=\"https:\/\/www.cidademarketing.com.br\/marketing\/wp-content\/uploads\/2023\/09\/sabrinasato_kinder.jpg\" \/>\n\t<meta property=\"og:image:width\" content=\"745\" \/>\n\t<meta property=\"og:image:height\" content=\"931\" \/>\n\t<meta property=\"og:image:type\" content=\"image\/jpeg\" \/>\n<meta name=\"author\" content=\"Thales Brand\u00e3o\" \/>\n<meta name=\"twitter:card\" content=\"summary_large_image\" \/>\n<meta name=\"twitter:creator\" content=\"@http:\/\/www.twitter.com\/thalesbrandao\" \/>\n<meta name=\"twitter:site\" content=\"@CidadeMarketing\" \/>\n<meta name=\"twitter:label1\" content=\"Escrito por\" \/>\n\t<meta name=\"twitter:data1\" content=\"Thales Brand\u00e3o\" \/>\n\t<meta name=\"twitter:label2\" content=\"Est. tempo de leitura\" \/>\n\t<meta name=\"twitter:data2\" content=\"2 minutos\" \/>\n<script type=\"application\/ld+json\" class=\"yoast-schema-graph\">{\"@context\":\"https:\\\/\\\/schema.org\",\"@graph\":[{\"@type\":\"Article\",\"@id\":\"https:\\\/\\\/www.cidademarketing.com.br\\\/marketing\\\/2023\\\/09\\\/26\\\/em-campanha-para-dia-das-criancas-kinder-traz-a-apresentadora-e-influenciadora-sabrina-sato\\\/#article\",\"isPartOf\":{\"@id\":\"https:\\\/\\\/www.cidademarketing.com.br\\\/marketing\\\/2023\\\/09\\\/26\\\/em-campanha-para-dia-das-criancas-kinder-traz-a-apresentadora-e-influenciadora-sabrina-sato\\\/\"},\"author\":{\"name\":\"Thales Brand\u00e3o\",\"@id\":\"https:\\\/\\\/www.cidademarketing.com.br\\\/marketing\\\/#\\\/schema\\\/person\\\/02daff9f18bd9378c9e01eb6b2db155f\"},\"headline\":\"Em campanha para Dia das Crian\u00e7as, Kinder\u00ae traz a apresentadora e influenciadora Sabrina Sato\",\"datePublished\":\"2023-09-26T13:43:18+00:00\",\"mainEntityOfPage\":{\"@id\":\"https:\\\/\\\/www.cidademarketing.com.br\\\/marketing\\\/2023\\\/09\\\/26\\\/em-campanha-para-dia-das-criancas-kinder-traz-a-apresentadora-e-influenciadora-sabrina-sato\\\/\"},\"wordCount\":492,\"commentCount\":0,\"publisher\":{\"@id\":\"https:\\\/\\\/www.cidademarketing.com.br\\\/marketing\\\/#organization\"},\"image\":{\"@id\":\"https:\\\/\\\/www.cidademarketing.com.br\\\/marketing\\\/2023\\\/09\\\/26\\\/em-campanha-para-dia-das-criancas-kinder-traz-a-apresentadora-e-influenciadora-sabrina-sato\\\/#primaryimage\"},\"thumbnailUrl\":\"https:\\\/\\\/www.cidademarketing.com.br\\\/marketing\\\/wp-content\\\/uploads\\\/2023\\\/09\\\/sabrinasato_kinder.jpg\",\"keywords\":[\"campanha\",\"Dia das Crian\u00e7as\",\"estrat\u00e9gia\",\"Kinder\",\"marketing\",\"Sabrina Sato\",\"segmenta\u00e7\u00e3o de mercado\"],\"articleSection\":[\"Not\u00edcias\"],\"inLanguage\":\"pt-BR\",\"potentialAction\":[{\"@type\":\"CommentAction\",\"name\":\"Comment\",\"target\":[\"https:\\\/\\\/www.cidademarketing.com.br\\\/marketing\\\/2023\\\/09\\\/26\\\/em-campanha-para-dia-das-criancas-kinder-traz-a-apresentadora-e-influenciadora-sabrina-sato\\\/#respond\"]}]},{\"@type\":\"WebPage\",\"@id\":\"https:\\\/\\\/www.cidademarketing.com.br\\\/marketing\\\/2023\\\/09\\\/26\\\/em-campanha-para-dia-das-criancas-kinder-traz-a-apresentadora-e-influenciadora-sabrina-sato\\\/\",\"url\":\"https:\\\/\\\/www.cidademarketing.com.br\\\/marketing\\\/2023\\\/09\\\/26\\\/em-campanha-para-dia-das-criancas-kinder-traz-a-apresentadora-e-influenciadora-sabrina-sato\\\/\",\"name\":\"Em campanha para Dia das Crian\u00e7as, Kinder\u00ae traz a apresentadora e influenciadora Sabrina Sato - CidadeMarketing\",\"isPartOf\":{\"@id\":\"https:\\\/\\\/www.cidademarketing.com.br\\\/marketing\\\/#website\"},\"primaryImageOfPage\":{\"@id\":\"https:\\\/\\\/www.cidademarketing.com.br\\\/marketing\\\/2023\\\/09\\\/26\\\/em-campanha-para-dia-das-criancas-kinder-traz-a-apresentadora-e-influenciadora-sabrina-sato\\\/#primaryimage\"},\"image\":{\"@id\":\"https:\\\/\\\/www.cidademarketing.com.br\\\/marketing\\\/2023\\\/09\\\/26\\\/em-campanha-para-dia-das-criancas-kinder-traz-a-apresentadora-e-influenciadora-sabrina-sato\\\/#primaryimage\"},\"thumbnailUrl\":\"https:\\\/\\\/www.cidademarketing.com.br\\\/marketing\\\/wp-content\\\/uploads\\\/2023\\\/09\\\/sabrinasato_kinder.jpg\",\"datePublished\":\"2023-09-26T13:43:18+00:00\",\"breadcrumb\":{\"@id\":\"https:\\\/\\\/www.cidademarketing.com.br\\\/marketing\\\/2023\\\/09\\\/26\\\/em-campanha-para-dia-das-criancas-kinder-traz-a-apresentadora-e-influenciadora-sabrina-sato\\\/#breadcrumb\"},\"inLanguage\":\"pt-BR\",\"potentialAction\":[{\"@type\":\"ReadAction\",\"target\":[\"https:\\\/\\\/www.cidademarketing.com.br\\\/marketing\\\/2023\\\/09\\\/26\\\/em-campanha-para-dia-das-criancas-kinder-traz-a-apresentadora-e-influenciadora-sabrina-sato\\\/\"]}]},{\"@type\":\"ImageObject\",\"inLanguage\":\"pt-BR\",\"@id\":\"https:\\\/\\\/www.cidademarketing.com.br\\\/marketing\\\/2023\\\/09\\\/26\\\/em-campanha-para-dia-das-criancas-kinder-traz-a-apresentadora-e-influenciadora-sabrina-sato\\\/#primaryimage\",\"url\":\"https:\\\/\\\/www.cidademarketing.com.br\\\/marketing\\\/wp-content\\\/uploads\\\/2023\\\/09\\\/sabrinasato_kinder.jpg\",\"contentUrl\":\"https:\\\/\\\/www.cidademarketing.com.br\\\/marketing\\\/wp-content\\\/uploads\\\/2023\\\/09\\\/sabrinasato_kinder.jpg\",\"width\":745,\"height\":931,\"caption\":\"Cr\u00e9ditos: Kinder\u00ae\\\/Marlon Brambilla\"},{\"@type\":\"BreadcrumbList\",\"@id\":\"https:\\\/\\\/www.cidademarketing.com.br\\\/marketing\\\/2023\\\/09\\\/26\\\/em-campanha-para-dia-das-criancas-kinder-traz-a-apresentadora-e-influenciadora-sabrina-sato\\\/#breadcrumb\",\"itemListElement\":[{\"@type\":\"ListItem\",\"position\":1,\"name\":\"In\u00edcio\",\"item\":\"https:\\\/\\\/www.cidademarketing.com.br\\\/marketing\\\/\"},{\"@type\":\"ListItem\",\"position\":2,\"name\":\"Em campanha para Dia das Crian\u00e7as, Kinder\u00ae traz a apresentadora e influenciadora Sabrina Sato\"}]},{\"@type\":\"WebSite\",\"@id\":\"https:\\\/\\\/www.cidademarketing.com.br\\\/marketing\\\/#website\",\"url\":\"https:\\\/\\\/www.cidademarketing.com.br\\\/marketing\\\/\",\"name\":\"CidadeMarketing\",\"description\":\"Somos um ve\u00edculo de comunica\u00e7\u00e3o de destaque no Brasil, reconhecido por conte\u00fados nos segmentos de marketing, empreendedorismo e inova\u00e7\u00e3o.\",\"publisher\":{\"@id\":\"https:\\\/\\\/www.cidademarketing.com.br\\\/marketing\\\/#organization\"},\"alternateName\":\"CidadeMarketing\",\"potentialAction\":[{\"@type\":\"SearchAction\",\"target\":{\"@type\":\"EntryPoint\",\"urlTemplate\":\"https:\\\/\\\/www.cidademarketing.com.br\\\/marketing\\\/?s={search_term_string}\"},\"query-input\":{\"@type\":\"PropertyValueSpecification\",\"valueRequired\":true,\"valueName\":\"search_term_string\"}}],\"inLanguage\":\"pt-BR\"},{\"@type\":\"Organization\",\"@id\":\"https:\\\/\\\/www.cidademarketing.com.br\\\/marketing\\\/#organization\",\"name\":\"CidadeMarketing\",\"alternateName\":\"CidadeMarketing\",\"url\":\"https:\\\/\\\/www.cidademarketing.com.br\\\/marketing\\\/\",\"logo\":{\"@type\":\"ImageObject\",\"inLanguage\":\"pt-BR\",\"@id\":\"https:\\\/\\\/www.cidademarketing.com.br\\\/marketing\\\/#\\\/schema\\\/logo\\\/image\\\/\",\"url\":\"https:\\\/\\\/www.cidademarketing.com.br\\\/marketing\\\/wp-content\\\/uploads\\\/2020\\\/01\\\/cidademarketing_marca_mobile.png\",\"contentUrl\":\"https:\\\/\\\/www.cidademarketing.com.br\\\/marketing\\\/wp-content\\\/uploads\\\/2020\\\/01\\\/cidademarketing_marca_mobile.png\",\"width\":230,\"height\":92,\"caption\":\"CidadeMarketing\"},\"image\":{\"@id\":\"https:\\\/\\\/www.cidademarketing.com.br\\\/marketing\\\/#\\\/schema\\\/logo\\\/image\\\/\"},\"sameAs\":[\"https:\\\/\\\/www.facebook.com\\\/portalcidademarketing\",\"https:\\\/\\\/x.com\\\/CidadeMarketing\",\"https:\\\/\\\/www.instagram.com\\\/cidademarketing\\\/\"]},{\"@type\":\"Person\",\"@id\":\"https:\\\/\\\/www.cidademarketing.com.br\\\/marketing\\\/#\\\/schema\\\/person\\\/02daff9f18bd9378c9e01eb6b2db155f\",\"name\":\"Thales Brand\u00e3o\",\"image\":{\"@type\":\"ImageObject\",\"inLanguage\":\"pt-BR\",\"@id\":\"https:\\\/\\\/secure.gravatar.com\\\/avatar\\\/7ca3206950207cc3cb48feec56a8a7898741ab725c368d99d5d7a5a50aab80c6?s=96&d=mm&r=g\",\"url\":\"https:\\\/\\\/secure.gravatar.com\\\/avatar\\\/7ca3206950207cc3cb48feec56a8a7898741ab725c368d99d5d7a5a50aab80c6?s=96&d=mm&r=g\",\"contentUrl\":\"https:\\\/\\\/secure.gravatar.com\\\/avatar\\\/7ca3206950207cc3cb48feec56a8a7898741ab725c368d99d5d7a5a50aab80c6?s=96&d=mm&r=g\",\"caption\":\"Thales Brand\u00e3o\"},\"description\":\"Editor Executivo do Portal CidadeMarketing.com.br &gt; Mestre em Comunica\u00e7\u00e3o e Sociedade pela Universidade Federal de Sergipe. Possui MBA Executivo em Administra\u00e7\u00e3o com \u00eanfase em Marketing pela Funda\u00e7\u00e3o Get\u00falio Vargas - Rio de Janeiro. Consultor, Palestrante e Pesquisador sobre Empreendedorismo, Marketing, Redes Sociais e Neg\u00f3cios Digitais. Professor, Palestrante TedxTalks e Campus Party. Twitter: @ThalesBrandao\",\"sameAs\":[\"http:\\\/\\\/www.mandacaru.com.br\",\"https:\\\/\\\/www.facebook.com\\\/thalesbrandao\",\"http:\\\/\\\/www.instagram.com.br\\\/thalesbrandaoferreira\",\"https:\\\/\\\/www.linkedin.com\\\/in\\\/thales-brand\u00e3o-3948609\\\/\",\"https:\\\/\\\/x.com\\\/http:\\\/\\\/www.twitter.com\\\/thalesbrandao\"],\"url\":\"https:\\\/\\\/www.cidademarketing.com.br\\\/marketing\\\/author\\\/thalesbrandao\\\/\"}]}<\/script>\n<!-- \/ Yoast SEO plugin. -->","yoast_head_json":{"title":"Em campanha para Dia das Crian\u00e7as, Kinder\u00ae traz a apresentadora e influenciadora Sabrina Sato - CidadeMarketing","robots":{"index":"index","follow":"follow","max-snippet":"max-snippet:-1","max-image-preview":"max-image-preview:large","max-video-preview":"max-video-preview:-1"},"canonical":"https:\/\/www.cidademarketing.com.br\/marketing\/2023\/09\/26\/em-campanha-para-dia-das-criancas-kinder-traz-a-apresentadora-e-influenciadora-sabrina-sato\/","og_locale":"pt_BR","og_type":"article","og_title":"Em campanha para Dia das Crian\u00e7as, Kinder\u00ae traz a apresentadora e influenciadora Sabrina Sato - CidadeMarketing","og_description":"A apresentadora e influenciadora Sabrina Sato inicia a nova campanha de Kinder\u00ae, marca integrante do grupo Ferrero e reconhecida mundialmente por seus ic\u00f4nicos produtos. Focada no Dia das Crian\u00e7as e produzida em solo 100% nacional, a campanha planeja transformar a data de 2023 na mais surpreendente de todas. Inspirada na capacidade dos pequenos de criarem [&hellip;]","og_url":"https:\/\/www.cidademarketing.com.br\/marketing\/2023\/09\/26\/em-campanha-para-dia-das-criancas-kinder-traz-a-apresentadora-e-influenciadora-sabrina-sato\/","og_site_name":"CidadeMarketing","article_publisher":"https:\/\/www.facebook.com\/portalcidademarketing","article_author":"https:\/\/www.facebook.com\/thalesbrandao","article_published_time":"2023-09-26T13:43:18+00:00","og_image":[{"width":745,"height":931,"url":"https:\/\/www.cidademarketing.com.br\/marketing\/wp-content\/uploads\/2023\/09\/sabrinasato_kinder.jpg","type":"image\/jpeg"}],"author":"Thales Brand\u00e3o","twitter_card":"summary_large_image","twitter_creator":"@http:\/\/www.twitter.com\/thalesbrandao","twitter_site":"@CidadeMarketing","twitter_misc":{"Escrito por":"Thales Brand\u00e3o","Est. tempo de leitura":"2 minutos"},"schema":{"@context":"https:\/\/schema.org","@graph":[{"@type":"Article","@id":"https:\/\/www.cidademarketing.com.br\/marketing\/2023\/09\/26\/em-campanha-para-dia-das-criancas-kinder-traz-a-apresentadora-e-influenciadora-sabrina-sato\/#article","isPartOf":{"@id":"https:\/\/www.cidademarketing.com.br\/marketing\/2023\/09\/26\/em-campanha-para-dia-das-criancas-kinder-traz-a-apresentadora-e-influenciadora-sabrina-sato\/"},"author":{"name":"Thales Brand\u00e3o","@id":"https:\/\/www.cidademarketing.com.br\/marketing\/#\/schema\/person\/02daff9f18bd9378c9e01eb6b2db155f"},"headline":"Em campanha para Dia das Crian\u00e7as, Kinder\u00ae traz a apresentadora e influenciadora Sabrina Sato","datePublished":"2023-09-26T13:43:18+00:00","mainEntityOfPage":{"@id":"https:\/\/www.cidademarketing.com.br\/marketing\/2023\/09\/26\/em-campanha-para-dia-das-criancas-kinder-traz-a-apresentadora-e-influenciadora-sabrina-sato\/"},"wordCount":492,"commentCount":0,"publisher":{"@id":"https:\/\/www.cidademarketing.com.br\/marketing\/#organization"},"image":{"@id":"https:\/\/www.cidademarketing.com.br\/marketing\/2023\/09\/26\/em-campanha-para-dia-das-criancas-kinder-traz-a-apresentadora-e-influenciadora-sabrina-sato\/#primaryimage"},"thumbnailUrl":"https:\/\/www.cidademarketing.com.br\/marketing\/wp-content\/uploads\/2023\/09\/sabrinasato_kinder.jpg","keywords":["campanha","Dia das Crian\u00e7as","estrat\u00e9gia","Kinder","marketing","Sabrina Sato","segmenta\u00e7\u00e3o de mercado"],"articleSection":["Not\u00edcias"],"inLanguage":"pt-BR","potentialAction":[{"@type":"CommentAction","name":"Comment","target":["https:\/\/www.cidademarketing.com.br\/marketing\/2023\/09\/26\/em-campanha-para-dia-das-criancas-kinder-traz-a-apresentadora-e-influenciadora-sabrina-sato\/#respond"]}]},{"@type":"WebPage","@id":"https:\/\/www.cidademarketing.com.br\/marketing\/2023\/09\/26\/em-campanha-para-dia-das-criancas-kinder-traz-a-apresentadora-e-influenciadora-sabrina-sato\/","url":"https:\/\/www.cidademarketing.com.br\/marketing\/2023\/09\/26\/em-campanha-para-dia-das-criancas-kinder-traz-a-apresentadora-e-influenciadora-sabrina-sato\/","name":"Em campanha para Dia das Crian\u00e7as, Kinder\u00ae traz a apresentadora e influenciadora Sabrina Sato - CidadeMarketing","isPartOf":{"@id":"https:\/\/www.cidademarketing.com.br\/marketing\/#website"},"primaryImageOfPage":{"@id":"https:\/\/www.cidademarketing.com.br\/marketing\/2023\/09\/26\/em-campanha-para-dia-das-criancas-kinder-traz-a-apresentadora-e-influenciadora-sabrina-sato\/#primaryimage"},"image":{"@id":"https:\/\/www.cidademarketing.com.br\/marketing\/2023\/09\/26\/em-campanha-para-dia-das-criancas-kinder-traz-a-apresentadora-e-influenciadora-sabrina-sato\/#primaryimage"},"thumbnailUrl":"https:\/\/www.cidademarketing.com.br\/marketing\/wp-content\/uploads\/2023\/09\/sabrinasato_kinder.jpg","datePublished":"2023-09-26T13:43:18+00:00","breadcrumb":{"@id":"https:\/\/www.cidademarketing.com.br\/marketing\/2023\/09\/26\/em-campanha-para-dia-das-criancas-kinder-traz-a-apresentadora-e-influenciadora-sabrina-sato\/#breadcrumb"},"inLanguage":"pt-BR","potentialAction":[{"@type":"ReadAction","target":["https:\/\/www.cidademarketing.com.br\/marketing\/2023\/09\/26\/em-campanha-para-dia-das-criancas-kinder-traz-a-apresentadora-e-influenciadora-sabrina-sato\/"]}]},{"@type":"ImageObject","inLanguage":"pt-BR","@id":"https:\/\/www.cidademarketing.com.br\/marketing\/2023\/09\/26\/em-campanha-para-dia-das-criancas-kinder-traz-a-apresentadora-e-influenciadora-sabrina-sato\/#primaryimage","url":"https:\/\/www.cidademarketing.com.br\/marketing\/wp-content\/uploads\/2023\/09\/sabrinasato_kinder.jpg","contentUrl":"https:\/\/www.cidademarketing.com.br\/marketing\/wp-content\/uploads\/2023\/09\/sabrinasato_kinder.jpg","width":745,"height":931,"caption":"Cr\u00e9ditos: Kinder\u00ae\/Marlon Brambilla"},{"@type":"BreadcrumbList","@id":"https:\/\/www.cidademarketing.com.br\/marketing\/2023\/09\/26\/em-campanha-para-dia-das-criancas-kinder-traz-a-apresentadora-e-influenciadora-sabrina-sato\/#breadcrumb","itemListElement":[{"@type":"ListItem","position":1,"name":"In\u00edcio","item":"https:\/\/www.cidademarketing.com.br\/marketing\/"},{"@type":"ListItem","position":2,"name":"Em campanha para Dia das Crian\u00e7as, Kinder\u00ae traz a apresentadora e influenciadora Sabrina Sato"}]},{"@type":"WebSite","@id":"https:\/\/www.cidademarketing.com.br\/marketing\/#website","url":"https:\/\/www.cidademarketing.com.br\/marketing\/","name":"CidadeMarketing","description":"Somos um ve\u00edculo de comunica\u00e7\u00e3o de destaque no Brasil, reconhecido por conte\u00fados nos segmentos de marketing, empreendedorismo e inova\u00e7\u00e3o.","publisher":{"@id":"https:\/\/www.cidademarketing.com.br\/marketing\/#organization"},"alternateName":"CidadeMarketing","potentialAction":[{"@type":"SearchAction","target":{"@type":"EntryPoint","urlTemplate":"https:\/\/www.cidademarketing.com.br\/marketing\/?s={search_term_string}"},"query-input":{"@type":"PropertyValueSpecification","valueRequired":true,"valueName":"search_term_string"}}],"inLanguage":"pt-BR"},{"@type":"Organization","@id":"https:\/\/www.cidademarketing.com.br\/marketing\/#organization","name":"CidadeMarketing","alternateName":"CidadeMarketing","url":"https:\/\/www.cidademarketing.com.br\/marketing\/","logo":{"@type":"ImageObject","inLanguage":"pt-BR","@id":"https:\/\/www.cidademarketing.com.br\/marketing\/#\/schema\/logo\/image\/","url":"https:\/\/www.cidademarketing.com.br\/marketing\/wp-content\/uploads\/2020\/01\/cidademarketing_marca_mobile.png","contentUrl":"https:\/\/www.cidademarketing.com.br\/marketing\/wp-content\/uploads\/2020\/01\/cidademarketing_marca_mobile.png","width":230,"height":92,"caption":"CidadeMarketing"},"image":{"@id":"https:\/\/www.cidademarketing.com.br\/marketing\/#\/schema\/logo\/image\/"},"sameAs":["https:\/\/www.facebook.com\/portalcidademarketing","https:\/\/x.com\/CidadeMarketing","https:\/\/www.instagram.com\/cidademarketing\/"]},{"@type":"Person","@id":"https:\/\/www.cidademarketing.com.br\/marketing\/#\/schema\/person\/02daff9f18bd9378c9e01eb6b2db155f","name":"Thales Brand\u00e3o","image":{"@type":"ImageObject","inLanguage":"pt-BR","@id":"https:\/\/secure.gravatar.com\/avatar\/7ca3206950207cc3cb48feec56a8a7898741ab725c368d99d5d7a5a50aab80c6?s=96&d=mm&r=g","url":"https:\/\/secure.gravatar.com\/avatar\/7ca3206950207cc3cb48feec56a8a7898741ab725c368d99d5d7a5a50aab80c6?s=96&d=mm&r=g","contentUrl":"https:\/\/secure.gravatar.com\/avatar\/7ca3206950207cc3cb48feec56a8a7898741ab725c368d99d5d7a5a50aab80c6?s=96&d=mm&r=g","caption":"Thales Brand\u00e3o"},"description":"Editor Executivo do Portal CidadeMarketing.com.br &gt; Mestre em Comunica\u00e7\u00e3o e Sociedade pela Universidade Federal de Sergipe. Possui MBA Executivo em Administra\u00e7\u00e3o com \u00eanfase em Marketing pela Funda\u00e7\u00e3o Get\u00falio Vargas - Rio de Janeiro. Consultor, Palestrante e Pesquisador sobre Empreendedorismo, Marketing, Redes Sociais e Neg\u00f3cios Digitais. Professor, Palestrante TedxTalks e Campus Party. Twitter: @ThalesBrandao","sameAs":["http:\/\/www.mandacaru.com.br","https:\/\/www.facebook.com\/thalesbrandao","http:\/\/www.instagram.com.br\/thalesbrandaoferreira","https:\/\/www.linkedin.com\/in\/thales-brand\u00e3o-3948609\/","https:\/\/x.com\/http:\/\/www.twitter.com\/thalesbrandao"],"url":"https:\/\/www.cidademarketing.com.br\/marketing\/author\/thalesbrandao\/"}]}},"amp_enabled":true,"_links":{"self":[{"href":"https:\/\/www.cidademarketing.com.br\/marketing\/wp-json\/wp\/v2\/posts\/47827","targetHints":{"allow":["GET"]}}],"collection":[{"href":"https:\/\/www.cidademarketing.com.br\/marketing\/wp-json\/wp\/v2\/posts"}],"about":[{"href":"https:\/\/www.cidademarketing.com.br\/marketing\/wp-json\/wp\/v2\/types\/post"}],"author":[{"embeddable":true,"href":"https:\/\/www.cidademarketing.com.br\/marketing\/wp-json\/wp\/v2\/users\/1"}],"replies":[{"embeddable":true,"href":"https:\/\/www.cidademarketing.com.br\/marketing\/wp-json\/wp\/v2\/comments?post=47827"}],"version-history":[{"count":1,"href":"https:\/\/www.cidademarketing.com.br\/marketing\/wp-json\/wp\/v2\/posts\/47827\/revisions"}],"predecessor-version":[{"id":47829,"href":"https:\/\/www.cidademarketing.com.br\/marketing\/wp-json\/wp\/v2\/posts\/47827\/revisions\/47829"}],"wp:featuredmedia":[{"embeddable":true,"href":"https:\/\/www.cidademarketing.com.br\/marketing\/wp-json\/wp\/v2\/media\/47828"}],"wp:attachment":[{"href":"https:\/\/www.cidademarketing.com.br\/marketing\/wp-json\/wp\/v2\/media?parent=47827"}],"wp:term":[{"taxonomy":"category","embeddable":true,"href":"https:\/\/www.cidademarketing.com.br\/marketing\/wp-json\/wp\/v2\/categories?post=47827"},{"taxonomy":"post_tag","embeddable":true,"href":"https:\/\/www.cidademarketing.com.br\/marketing\/wp-json\/wp\/v2\/tags?post=47827"}],"curies":[{"name":"wp","href":"https:\/\/api.w.org\/{rel}","templated":true}]}}