{"id":47761,"date":"2023-09-23T23:31:12","date_gmt":"2023-09-24T02:31:12","guid":{"rendered":"https:\/\/www.cidademarketing.com.br\/marketing\/?p=47761"},"modified":"2023-09-23T23:31:12","modified_gmt":"2023-09-24T02:31:12","slug":"grupo-heineken-investe-em-programa-que-acelera-a-carreira-de-mulheres-na-area-de-producao","status":"publish","type":"post","link":"https:\/\/www.cidademarketing.com.br\/marketing\/2023\/09\/23\/grupo-heineken-investe-em-programa-que-acelera-a-carreira-de-mulheres-na-area-de-producao\/","title":{"rendered":"Grupo HEINEKEN investe em programa que acelera a carreira de mulheres na \u00e1rea de produ\u00e7\u00e3o"},"content":{"rendered":"<p>Comprometida em ter 50% de seus cargos de lideran\u00e7a ocupados por mulheres at\u00e9 2026, o Grupo HEINEKEN celebra a primeira edi\u00e7\u00e3o do Programa Elas que Brilham, que tem o objetivo de acelerar a carreira de mulheres para se tornarem l\u00edderes da \u00e1rea de Produ\u00e7\u00e3o em at\u00e9 12 meses. Para a estreia da iniciativa, a cervejaria apostou no desenvolvimento de seus talentos internos e conduziu um processo seletivo afirmativo que envolveu candidatas de diferentes cidades e \u00e1reas de atua\u00e7\u00e3o. Ao todo, foram selecionadas 11 mulheres que ter\u00e3o suas carreiras aceleradas na \u00e1rea de Produ\u00e7\u00e3o a partir deste m\u00eas.<\/p>\n<p><a href=\"https:\/\/www.cidademarketing.com.br\/marketing\/sua-marca-vai-virar-noticia\/\" target=\"_blank\" rel=\"noopener\"><img fetchpriority=\"high\" decoding=\"async\" class=\"wp-image-44329 aligncenter\" src=\"https:\/\/www.cidademarketing.com.br\/marketing\/wp-content\/uploads\/2023\/04\/cidademarketing_backlinks_marketingdigital_publieditorial_.png\" alt=\"\" width=\"500\" height=\"500\" \/><\/a><br \/>\nA primeira edi\u00e7\u00e3o do Programa Elas que brilham foi desenhada e aplicada integralmente pelo time de Pessoas da cervejaria. \u201cN\u00e3o identificamos no mercado um processo como o do Elas que brilham. Quer\u00edamos algo totalmente alinhado aos nossos valores, comportamentos e momento de Companhia, al\u00e9m de uma jornada que realmente destacasse o potencial das candidatas. E assim fizemos\u201d, explica Andrea Bianchi, diretora de Pessoas do Grupo HEINEKEN.<\/p>\n<p>Com isso, a cervejaria investiu em experi\u00eancias de desenvolvimento desde o in\u00edcio do processo, como a constru\u00e7\u00e3o de um case em grupo com mentores internos e atividades voltadas ao autoconhecimento. \u201cN\u00f3s, mulheres, ainda carregamos algumas cren\u00e7as que precisam ser ressignificadas. E foi isso que buscamos durante toda a jornada de sele\u00e7\u00e3o. Utilizamos ferramentas e atividades que as fizeram perceber que compartilham das mesmas inseguran\u00e7as, sonhos e do mesmo potencial de crescimento. Acredito que o processo seletivo em si j\u00e1 foi transformador para todas que participaram\u201d, completa Andrea.<\/p>\n<p>\u201cO \u2018Elas que brilham\u2019 me mostrou que n\u00e3o \u00e9 preciso me limitar. N\u00f3s estamos fazendo hist\u00f3ria e sendo inspira\u00e7\u00e3o para as demais mulheres na Produ\u00e7\u00e3o das nossas cervejarias e isso \u00e9 o que me motiva a alcan\u00e7ar o topo e ajudar as demais a conquistarem isso tamb\u00e9m\u201d \u2013 conta Ana Karolinne Ferreira Nascimento, uma das selecionadas no programa e que atua na unidade de Pacatuba, Cear\u00e1.<\/p>\n<p><iframe title=\"Spotify Embed: Podcast CidadeMarketing\" style=\"border-radius: 12px\" width=\"100%\" height=\"152\" frameborder=\"0\" allowfullscreen allow=\"autoplay; clipboard-write; encrypted-media; fullscreen; picture-in-picture\" loading=\"lazy\" src=\"https:\/\/open.spotify.com\/embed\/show\/4khMKzP3FgFRWVwb73xicc?si=252fe5bff2b34909&#038;utm_source=oembed\"><\/iframe><\/p>\n<p>&nbsp;<\/p>\n<p>Progress\u00e3o de carreira e compromisso real com a equidade de g\u00eanero<\/p>\n<p>Al\u00e9m de materializar a intencionalidade da agenda ESG, especialmente, em equidade de g\u00eanero, o programa vai ao encontro do que as pessoas mais valorizam em uma empresa e buscam como prioridade, segundo o Estudo de marca empregadora 2023 da consultoria Randstad: a oportunidade de progress\u00e3o de carreira. \u201cEu sempre sonhei em atuar em f\u00e1bricas, iniciei minha carreira no Grupo HEINEKEN como estagi\u00e1ria e nem sabia que eu poderia sonhar o que eu conquistei sendo mulher, no ambiente de Produ\u00e7\u00e3o, numa multinacional como a HEINEKEN&#8230; \u00c9 muito surreal o que est\u00e1 acontecendo, estou muito feliz.\u201d, compartilha Brena Larissa Santos, outra selecionada do Elas que brilham, da cervejaria de Igarassu, Pernambuco.<\/p>\n<p>\u201cA iniciativa est\u00e1 cumprindo um papel fundamental na transforma\u00e7\u00e3o do nosso ambiente produtivo, que at\u00e9 pouco tempo era majoritariamente masculino. Com as nossas novas l\u00edderes, queremos refor\u00e7ar a nossa cultura de pertencimento e a intencionalidade real da agenda de diversidade, equidade e inclus\u00e3o. Estou muito feliz de acompanhar isso de perto.\u201d, comenta Rodrigo Bressan, Vice-presidente de Produ\u00e7\u00e3o do Grupo HEINEKEN.<\/p>\n","protected":false},"excerpt":{"rendered":"<p>Comprometida em ter 50% de seus cargos de lideran\u00e7a ocupados por mulheres at\u00e9 2026, o Grupo HEINEKEN celebra a primeira edi\u00e7\u00e3o do Programa Elas que Brilham, que tem o objetivo de acelerar a carreira de mulheres para se tornarem l\u00edderes da \u00e1rea de Produ\u00e7\u00e3o em at\u00e9 12 meses. Para a estreia da iniciativa, a cervejaria [&hellip;]<\/p>\n","protected":false},"author":1,"featured_media":47762,"comment_status":"open","ping_status":"open","sticky":false,"template":"","format":"standard","meta":{"tdm_status":"","tdm_grid_status":"","footnotes":""},"categories":[6],"tags":[251,33,654,39,195,28,282],"class_list":["post-47761","post","type-post","status-publish","format-standard","has-post-thumbnail","hentry","category-noticias","tag-carreira","tag-estrategia","tag-heineken","tag-investimento","tag-lideranca","tag-marketing","tag-pessoas"],"yoast_head":"<!-- This site is optimized with the Yoast SEO plugin v27.5 - https:\/\/yoast.com\/product\/yoast-seo-wordpress\/ -->\n<title>Grupo HEINEKEN investe em programa que acelera a carreira de mulheres na \u00e1rea de produ\u00e7\u00e3o - CidadeMarketing<\/title>\n<meta name=\"robots\" content=\"index, follow, max-snippet:-1, max-image-preview:large, max-video-preview:-1\" \/>\n<link rel=\"canonical\" href=\"https:\/\/www.cidademarketing.com.br\/marketing\/2023\/09\/23\/grupo-heineken-investe-em-programa-que-acelera-a-carreira-de-mulheres-na-area-de-producao\/\" \/>\n<meta property=\"og:locale\" content=\"pt_BR\" \/>\n<meta property=\"og:type\" content=\"article\" \/>\n<meta property=\"og:title\" content=\"Grupo HEINEKEN investe em programa que acelera a carreira de mulheres na \u00e1rea de produ\u00e7\u00e3o - CidadeMarketing\" \/>\n<meta property=\"og:description\" content=\"Comprometida em ter 50% de seus cargos de lideran\u00e7a ocupados por mulheres at\u00e9 2026, o Grupo HEINEKEN celebra a primeira edi\u00e7\u00e3o do Programa Elas que Brilham, que tem o objetivo de acelerar a carreira de mulheres para se tornarem l\u00edderes da \u00e1rea de Produ\u00e7\u00e3o em at\u00e9 12 meses. Para a estreia da iniciativa, a cervejaria [&hellip;]\" \/>\n<meta property=\"og:url\" content=\"https:\/\/www.cidademarketing.com.br\/marketing\/2023\/09\/23\/grupo-heineken-investe-em-programa-que-acelera-a-carreira-de-mulheres-na-area-de-producao\/\" \/>\n<meta property=\"og:site_name\" content=\"CidadeMarketing\" \/>\n<meta property=\"article:publisher\" content=\"https:\/\/www.facebook.com\/portalcidademarketing\" \/>\n<meta property=\"article:author\" content=\"https:\/\/www.facebook.com\/thalesbrandao\" \/>\n<meta property=\"article:published_time\" content=\"2023-09-24T02:31:12+00:00\" \/>\n<meta property=\"og:image\" content=\"https:\/\/www.cidademarketing.com.br\/marketing\/wp-content\/uploads\/2023\/09\/heineken_mulheres.jpg\" \/>\n\t<meta property=\"og:image:width\" content=\"800\" \/>\n\t<meta property=\"og:image:height\" content=\"522\" \/>\n\t<meta property=\"og:image:type\" content=\"image\/jpeg\" \/>\n<meta name=\"author\" content=\"Thales Brand\u00e3o\" \/>\n<meta name=\"twitter:card\" content=\"summary_large_image\" \/>\n<meta name=\"twitter:creator\" content=\"@http:\/\/www.twitter.com\/thalesbrandao\" \/>\n<meta name=\"twitter:site\" content=\"@CidadeMarketing\" \/>\n<meta name=\"twitter:label1\" content=\"Escrito por\" \/>\n\t<meta name=\"twitter:data1\" content=\"Thales Brand\u00e3o\" \/>\n\t<meta name=\"twitter:label2\" content=\"Est. tempo de leitura\" \/>\n\t<meta name=\"twitter:data2\" content=\"3 minutos\" \/>\n<script type=\"application\/ld+json\" class=\"yoast-schema-graph\">{\"@context\":\"https:\\\/\\\/schema.org\",\"@graph\":[{\"@type\":\"Article\",\"@id\":\"https:\\\/\\\/www.cidademarketing.com.br\\\/marketing\\\/2023\\\/09\\\/23\\\/grupo-heineken-investe-em-programa-que-acelera-a-carreira-de-mulheres-na-area-de-producao\\\/#article\",\"isPartOf\":{\"@id\":\"https:\\\/\\\/www.cidademarketing.com.br\\\/marketing\\\/2023\\\/09\\\/23\\\/grupo-heineken-investe-em-programa-que-acelera-a-carreira-de-mulheres-na-area-de-producao\\\/\"},\"author\":{\"name\":\"Thales Brand\u00e3o\",\"@id\":\"https:\\\/\\\/www.cidademarketing.com.br\\\/marketing\\\/#\\\/schema\\\/person\\\/02daff9f18bd9378c9e01eb6b2db155f\"},\"headline\":\"Grupo HEINEKEN investe em programa que acelera a carreira de mulheres na \u00e1rea de produ\u00e7\u00e3o\",\"datePublished\":\"2023-09-24T02:31:12+00:00\",\"mainEntityOfPage\":{\"@id\":\"https:\\\/\\\/www.cidademarketing.com.br\\\/marketing\\\/2023\\\/09\\\/23\\\/grupo-heineken-investe-em-programa-que-acelera-a-carreira-de-mulheres-na-area-de-producao\\\/\"},\"wordCount\":557,\"commentCount\":0,\"publisher\":{\"@id\":\"https:\\\/\\\/www.cidademarketing.com.br\\\/marketing\\\/#organization\"},\"image\":{\"@id\":\"https:\\\/\\\/www.cidademarketing.com.br\\\/marketing\\\/2023\\\/09\\\/23\\\/grupo-heineken-investe-em-programa-que-acelera-a-carreira-de-mulheres-na-area-de-producao\\\/#primaryimage\"},\"thumbnailUrl\":\"https:\\\/\\\/www.cidademarketing.com.br\\\/marketing\\\/wp-content\\\/uploads\\\/2023\\\/09\\\/heineken_mulheres.jpg\",\"keywords\":[\"carreira\",\"estrat\u00e9gia\",\"Heineken\",\"investimento\",\"lideran\u00e7a\",\"marketing\",\"pessoas\"],\"articleSection\":[\"Not\u00edcias\"],\"inLanguage\":\"pt-BR\",\"potentialAction\":[{\"@type\":\"CommentAction\",\"name\":\"Comment\",\"target\":[\"https:\\\/\\\/www.cidademarketing.com.br\\\/marketing\\\/2023\\\/09\\\/23\\\/grupo-heineken-investe-em-programa-que-acelera-a-carreira-de-mulheres-na-area-de-producao\\\/#respond\"]}]},{\"@type\":\"WebPage\",\"@id\":\"https:\\\/\\\/www.cidademarketing.com.br\\\/marketing\\\/2023\\\/09\\\/23\\\/grupo-heineken-investe-em-programa-que-acelera-a-carreira-de-mulheres-na-area-de-producao\\\/\",\"url\":\"https:\\\/\\\/www.cidademarketing.com.br\\\/marketing\\\/2023\\\/09\\\/23\\\/grupo-heineken-investe-em-programa-que-acelera-a-carreira-de-mulheres-na-area-de-producao\\\/\",\"name\":\"Grupo HEINEKEN investe em programa que acelera a carreira de mulheres na \u00e1rea de produ\u00e7\u00e3o - CidadeMarketing\",\"isPartOf\":{\"@id\":\"https:\\\/\\\/www.cidademarketing.com.br\\\/marketing\\\/#website\"},\"primaryImageOfPage\":{\"@id\":\"https:\\\/\\\/www.cidademarketing.com.br\\\/marketing\\\/2023\\\/09\\\/23\\\/grupo-heineken-investe-em-programa-que-acelera-a-carreira-de-mulheres-na-area-de-producao\\\/#primaryimage\"},\"image\":{\"@id\":\"https:\\\/\\\/www.cidademarketing.com.br\\\/marketing\\\/2023\\\/09\\\/23\\\/grupo-heineken-investe-em-programa-que-acelera-a-carreira-de-mulheres-na-area-de-producao\\\/#primaryimage\"},\"thumbnailUrl\":\"https:\\\/\\\/www.cidademarketing.com.br\\\/marketing\\\/wp-content\\\/uploads\\\/2023\\\/09\\\/heineken_mulheres.jpg\",\"datePublished\":\"2023-09-24T02:31:12+00:00\",\"breadcrumb\":{\"@id\":\"https:\\\/\\\/www.cidademarketing.com.br\\\/marketing\\\/2023\\\/09\\\/23\\\/grupo-heineken-investe-em-programa-que-acelera-a-carreira-de-mulheres-na-area-de-producao\\\/#breadcrumb\"},\"inLanguage\":\"pt-BR\",\"potentialAction\":[{\"@type\":\"ReadAction\",\"target\":[\"https:\\\/\\\/www.cidademarketing.com.br\\\/marketing\\\/2023\\\/09\\\/23\\\/grupo-heineken-investe-em-programa-que-acelera-a-carreira-de-mulheres-na-area-de-producao\\\/\"]}]},{\"@type\":\"ImageObject\",\"inLanguage\":\"pt-BR\",\"@id\":\"https:\\\/\\\/www.cidademarketing.com.br\\\/marketing\\\/2023\\\/09\\\/23\\\/grupo-heineken-investe-em-programa-que-acelera-a-carreira-de-mulheres-na-area-de-producao\\\/#primaryimage\",\"url\":\"https:\\\/\\\/www.cidademarketing.com.br\\\/marketing\\\/wp-content\\\/uploads\\\/2023\\\/09\\\/heineken_mulheres.jpg\",\"contentUrl\":\"https:\\\/\\\/www.cidademarketing.com.br\\\/marketing\\\/wp-content\\\/uploads\\\/2023\\\/09\\\/heineken_mulheres.jpg\",\"width\":800,\"height\":522,\"caption\":\"Divulga\u00e7\u00e3o\"},{\"@type\":\"BreadcrumbList\",\"@id\":\"https:\\\/\\\/www.cidademarketing.com.br\\\/marketing\\\/2023\\\/09\\\/23\\\/grupo-heineken-investe-em-programa-que-acelera-a-carreira-de-mulheres-na-area-de-producao\\\/#breadcrumb\",\"itemListElement\":[{\"@type\":\"ListItem\",\"position\":1,\"name\":\"In\u00edcio\",\"item\":\"https:\\\/\\\/www.cidademarketing.com.br\\\/marketing\\\/\"},{\"@type\":\"ListItem\",\"position\":2,\"name\":\"Grupo HEINEKEN investe em programa que acelera a carreira de mulheres na \u00e1rea de produ\u00e7\u00e3o\"}]},{\"@type\":\"WebSite\",\"@id\":\"https:\\\/\\\/www.cidademarketing.com.br\\\/marketing\\\/#website\",\"url\":\"https:\\\/\\\/www.cidademarketing.com.br\\\/marketing\\\/\",\"name\":\"CidadeMarketing\",\"description\":\"Somos um ve\u00edculo de comunica\u00e7\u00e3o de destaque no Brasil, reconhecido por conte\u00fados nos segmentos de marketing, empreendedorismo e inova\u00e7\u00e3o.\",\"publisher\":{\"@id\":\"https:\\\/\\\/www.cidademarketing.com.br\\\/marketing\\\/#organization\"},\"alternateName\":\"CidadeMarketing\",\"potentialAction\":[{\"@type\":\"SearchAction\",\"target\":{\"@type\":\"EntryPoint\",\"urlTemplate\":\"https:\\\/\\\/www.cidademarketing.com.br\\\/marketing\\\/?s={search_term_string}\"},\"query-input\":{\"@type\":\"PropertyValueSpecification\",\"valueRequired\":true,\"valueName\":\"search_term_string\"}}],\"inLanguage\":\"pt-BR\"},{\"@type\":\"Organization\",\"@id\":\"https:\\\/\\\/www.cidademarketing.com.br\\\/marketing\\\/#organization\",\"name\":\"CidadeMarketing\",\"alternateName\":\"CidadeMarketing\",\"url\":\"https:\\\/\\\/www.cidademarketing.com.br\\\/marketing\\\/\",\"logo\":{\"@type\":\"ImageObject\",\"inLanguage\":\"pt-BR\",\"@id\":\"https:\\\/\\\/www.cidademarketing.com.br\\\/marketing\\\/#\\\/schema\\\/logo\\\/image\\\/\",\"url\":\"https:\\\/\\\/www.cidademarketing.com.br\\\/marketing\\\/wp-content\\\/uploads\\\/2020\\\/01\\\/cidademarketing_marca_mobile.png\",\"contentUrl\":\"https:\\\/\\\/www.cidademarketing.com.br\\\/marketing\\\/wp-content\\\/uploads\\\/2020\\\/01\\\/cidademarketing_marca_mobile.png\",\"width\":230,\"height\":92,\"caption\":\"CidadeMarketing\"},\"image\":{\"@id\":\"https:\\\/\\\/www.cidademarketing.com.br\\\/marketing\\\/#\\\/schema\\\/logo\\\/image\\\/\"},\"sameAs\":[\"https:\\\/\\\/www.facebook.com\\\/portalcidademarketing\",\"https:\\\/\\\/x.com\\\/CidadeMarketing\",\"https:\\\/\\\/www.instagram.com\\\/cidademarketing\\\/\"]},{\"@type\":\"Person\",\"@id\":\"https:\\\/\\\/www.cidademarketing.com.br\\\/marketing\\\/#\\\/schema\\\/person\\\/02daff9f18bd9378c9e01eb6b2db155f\",\"name\":\"Thales Brand\u00e3o\",\"image\":{\"@type\":\"ImageObject\",\"inLanguage\":\"pt-BR\",\"@id\":\"https:\\\/\\\/secure.gravatar.com\\\/avatar\\\/7ca3206950207cc3cb48feec56a8a7898741ab725c368d99d5d7a5a50aab80c6?s=96&d=mm&r=g\",\"url\":\"https:\\\/\\\/secure.gravatar.com\\\/avatar\\\/7ca3206950207cc3cb48feec56a8a7898741ab725c368d99d5d7a5a50aab80c6?s=96&d=mm&r=g\",\"contentUrl\":\"https:\\\/\\\/secure.gravatar.com\\\/avatar\\\/7ca3206950207cc3cb48feec56a8a7898741ab725c368d99d5d7a5a50aab80c6?s=96&d=mm&r=g\",\"caption\":\"Thales Brand\u00e3o\"},\"description\":\"Editor Executivo do Portal CidadeMarketing.com.br &gt; Mestre em Comunica\u00e7\u00e3o e Sociedade pela Universidade Federal de Sergipe. Possui MBA Executivo em Administra\u00e7\u00e3o com \u00eanfase em Marketing pela Funda\u00e7\u00e3o Get\u00falio Vargas - Rio de Janeiro. Consultor, Palestrante e Pesquisador sobre Empreendedorismo, Marketing, Redes Sociais e Neg\u00f3cios Digitais. Professor, Palestrante TedxTalks e Campus Party. Twitter: @ThalesBrandao\",\"sameAs\":[\"http:\\\/\\\/www.mandacaru.com.br\",\"https:\\\/\\\/www.facebook.com\\\/thalesbrandao\",\"http:\\\/\\\/www.instagram.com.br\\\/thalesbrandaoferreira\",\"https:\\\/\\\/www.linkedin.com\\\/in\\\/thales-brand\u00e3o-3948609\\\/\",\"https:\\\/\\\/x.com\\\/http:\\\/\\\/www.twitter.com\\\/thalesbrandao\"],\"url\":\"https:\\\/\\\/www.cidademarketing.com.br\\\/marketing\\\/author\\\/thalesbrandao\\\/\"}]}<\/script>\n<!-- \/ Yoast SEO plugin. -->","yoast_head_json":{"title":"Grupo HEINEKEN investe em programa que acelera a carreira de mulheres na \u00e1rea de produ\u00e7\u00e3o - CidadeMarketing","robots":{"index":"index","follow":"follow","max-snippet":"max-snippet:-1","max-image-preview":"max-image-preview:large","max-video-preview":"max-video-preview:-1"},"canonical":"https:\/\/www.cidademarketing.com.br\/marketing\/2023\/09\/23\/grupo-heineken-investe-em-programa-que-acelera-a-carreira-de-mulheres-na-area-de-producao\/","og_locale":"pt_BR","og_type":"article","og_title":"Grupo HEINEKEN investe em programa que acelera a carreira de mulheres na \u00e1rea de produ\u00e7\u00e3o - CidadeMarketing","og_description":"Comprometida em ter 50% de seus cargos de lideran\u00e7a ocupados por mulheres at\u00e9 2026, o Grupo HEINEKEN celebra a primeira edi\u00e7\u00e3o do Programa Elas que Brilham, que tem o objetivo de acelerar a carreira de mulheres para se tornarem l\u00edderes da \u00e1rea de Produ\u00e7\u00e3o em at\u00e9 12 meses. Para a estreia da iniciativa, a cervejaria [&hellip;]","og_url":"https:\/\/www.cidademarketing.com.br\/marketing\/2023\/09\/23\/grupo-heineken-investe-em-programa-que-acelera-a-carreira-de-mulheres-na-area-de-producao\/","og_site_name":"CidadeMarketing","article_publisher":"https:\/\/www.facebook.com\/portalcidademarketing","article_author":"https:\/\/www.facebook.com\/thalesbrandao","article_published_time":"2023-09-24T02:31:12+00:00","og_image":[{"width":800,"height":522,"url":"https:\/\/www.cidademarketing.com.br\/marketing\/wp-content\/uploads\/2023\/09\/heineken_mulheres.jpg","type":"image\/jpeg"}],"author":"Thales Brand\u00e3o","twitter_card":"summary_large_image","twitter_creator":"@http:\/\/www.twitter.com\/thalesbrandao","twitter_site":"@CidadeMarketing","twitter_misc":{"Escrito por":"Thales Brand\u00e3o","Est. tempo de leitura":"3 minutos"},"schema":{"@context":"https:\/\/schema.org","@graph":[{"@type":"Article","@id":"https:\/\/www.cidademarketing.com.br\/marketing\/2023\/09\/23\/grupo-heineken-investe-em-programa-que-acelera-a-carreira-de-mulheres-na-area-de-producao\/#article","isPartOf":{"@id":"https:\/\/www.cidademarketing.com.br\/marketing\/2023\/09\/23\/grupo-heineken-investe-em-programa-que-acelera-a-carreira-de-mulheres-na-area-de-producao\/"},"author":{"name":"Thales Brand\u00e3o","@id":"https:\/\/www.cidademarketing.com.br\/marketing\/#\/schema\/person\/02daff9f18bd9378c9e01eb6b2db155f"},"headline":"Grupo HEINEKEN investe em programa que acelera a carreira de mulheres na \u00e1rea de produ\u00e7\u00e3o","datePublished":"2023-09-24T02:31:12+00:00","mainEntityOfPage":{"@id":"https:\/\/www.cidademarketing.com.br\/marketing\/2023\/09\/23\/grupo-heineken-investe-em-programa-que-acelera-a-carreira-de-mulheres-na-area-de-producao\/"},"wordCount":557,"commentCount":0,"publisher":{"@id":"https:\/\/www.cidademarketing.com.br\/marketing\/#organization"},"image":{"@id":"https:\/\/www.cidademarketing.com.br\/marketing\/2023\/09\/23\/grupo-heineken-investe-em-programa-que-acelera-a-carreira-de-mulheres-na-area-de-producao\/#primaryimage"},"thumbnailUrl":"https:\/\/www.cidademarketing.com.br\/marketing\/wp-content\/uploads\/2023\/09\/heineken_mulheres.jpg","keywords":["carreira","estrat\u00e9gia","Heineken","investimento","lideran\u00e7a","marketing","pessoas"],"articleSection":["Not\u00edcias"],"inLanguage":"pt-BR","potentialAction":[{"@type":"CommentAction","name":"Comment","target":["https:\/\/www.cidademarketing.com.br\/marketing\/2023\/09\/23\/grupo-heineken-investe-em-programa-que-acelera-a-carreira-de-mulheres-na-area-de-producao\/#respond"]}]},{"@type":"WebPage","@id":"https:\/\/www.cidademarketing.com.br\/marketing\/2023\/09\/23\/grupo-heineken-investe-em-programa-que-acelera-a-carreira-de-mulheres-na-area-de-producao\/","url":"https:\/\/www.cidademarketing.com.br\/marketing\/2023\/09\/23\/grupo-heineken-investe-em-programa-que-acelera-a-carreira-de-mulheres-na-area-de-producao\/","name":"Grupo HEINEKEN investe em programa que acelera a carreira de mulheres na \u00e1rea de produ\u00e7\u00e3o - CidadeMarketing","isPartOf":{"@id":"https:\/\/www.cidademarketing.com.br\/marketing\/#website"},"primaryImageOfPage":{"@id":"https:\/\/www.cidademarketing.com.br\/marketing\/2023\/09\/23\/grupo-heineken-investe-em-programa-que-acelera-a-carreira-de-mulheres-na-area-de-producao\/#primaryimage"},"image":{"@id":"https:\/\/www.cidademarketing.com.br\/marketing\/2023\/09\/23\/grupo-heineken-investe-em-programa-que-acelera-a-carreira-de-mulheres-na-area-de-producao\/#primaryimage"},"thumbnailUrl":"https:\/\/www.cidademarketing.com.br\/marketing\/wp-content\/uploads\/2023\/09\/heineken_mulheres.jpg","datePublished":"2023-09-24T02:31:12+00:00","breadcrumb":{"@id":"https:\/\/www.cidademarketing.com.br\/marketing\/2023\/09\/23\/grupo-heineken-investe-em-programa-que-acelera-a-carreira-de-mulheres-na-area-de-producao\/#breadcrumb"},"inLanguage":"pt-BR","potentialAction":[{"@type":"ReadAction","target":["https:\/\/www.cidademarketing.com.br\/marketing\/2023\/09\/23\/grupo-heineken-investe-em-programa-que-acelera-a-carreira-de-mulheres-na-area-de-producao\/"]}]},{"@type":"ImageObject","inLanguage":"pt-BR","@id":"https:\/\/www.cidademarketing.com.br\/marketing\/2023\/09\/23\/grupo-heineken-investe-em-programa-que-acelera-a-carreira-de-mulheres-na-area-de-producao\/#primaryimage","url":"https:\/\/www.cidademarketing.com.br\/marketing\/wp-content\/uploads\/2023\/09\/heineken_mulheres.jpg","contentUrl":"https:\/\/www.cidademarketing.com.br\/marketing\/wp-content\/uploads\/2023\/09\/heineken_mulheres.jpg","width":800,"height":522,"caption":"Divulga\u00e7\u00e3o"},{"@type":"BreadcrumbList","@id":"https:\/\/www.cidademarketing.com.br\/marketing\/2023\/09\/23\/grupo-heineken-investe-em-programa-que-acelera-a-carreira-de-mulheres-na-area-de-producao\/#breadcrumb","itemListElement":[{"@type":"ListItem","position":1,"name":"In\u00edcio","item":"https:\/\/www.cidademarketing.com.br\/marketing\/"},{"@type":"ListItem","position":2,"name":"Grupo HEINEKEN investe em programa que acelera a carreira de mulheres na \u00e1rea de produ\u00e7\u00e3o"}]},{"@type":"WebSite","@id":"https:\/\/www.cidademarketing.com.br\/marketing\/#website","url":"https:\/\/www.cidademarketing.com.br\/marketing\/","name":"CidadeMarketing","description":"Somos um ve\u00edculo de comunica\u00e7\u00e3o de destaque no Brasil, reconhecido por conte\u00fados nos segmentos de marketing, empreendedorismo e inova\u00e7\u00e3o.","publisher":{"@id":"https:\/\/www.cidademarketing.com.br\/marketing\/#organization"},"alternateName":"CidadeMarketing","potentialAction":[{"@type":"SearchAction","target":{"@type":"EntryPoint","urlTemplate":"https:\/\/www.cidademarketing.com.br\/marketing\/?s={search_term_string}"},"query-input":{"@type":"PropertyValueSpecification","valueRequired":true,"valueName":"search_term_string"}}],"inLanguage":"pt-BR"},{"@type":"Organization","@id":"https:\/\/www.cidademarketing.com.br\/marketing\/#organization","name":"CidadeMarketing","alternateName":"CidadeMarketing","url":"https:\/\/www.cidademarketing.com.br\/marketing\/","logo":{"@type":"ImageObject","inLanguage":"pt-BR","@id":"https:\/\/www.cidademarketing.com.br\/marketing\/#\/schema\/logo\/image\/","url":"https:\/\/www.cidademarketing.com.br\/marketing\/wp-content\/uploads\/2020\/01\/cidademarketing_marca_mobile.png","contentUrl":"https:\/\/www.cidademarketing.com.br\/marketing\/wp-content\/uploads\/2020\/01\/cidademarketing_marca_mobile.png","width":230,"height":92,"caption":"CidadeMarketing"},"image":{"@id":"https:\/\/www.cidademarketing.com.br\/marketing\/#\/schema\/logo\/image\/"},"sameAs":["https:\/\/www.facebook.com\/portalcidademarketing","https:\/\/x.com\/CidadeMarketing","https:\/\/www.instagram.com\/cidademarketing\/"]},{"@type":"Person","@id":"https:\/\/www.cidademarketing.com.br\/marketing\/#\/schema\/person\/02daff9f18bd9378c9e01eb6b2db155f","name":"Thales Brand\u00e3o","image":{"@type":"ImageObject","inLanguage":"pt-BR","@id":"https:\/\/secure.gravatar.com\/avatar\/7ca3206950207cc3cb48feec56a8a7898741ab725c368d99d5d7a5a50aab80c6?s=96&d=mm&r=g","url":"https:\/\/secure.gravatar.com\/avatar\/7ca3206950207cc3cb48feec56a8a7898741ab725c368d99d5d7a5a50aab80c6?s=96&d=mm&r=g","contentUrl":"https:\/\/secure.gravatar.com\/avatar\/7ca3206950207cc3cb48feec56a8a7898741ab725c368d99d5d7a5a50aab80c6?s=96&d=mm&r=g","caption":"Thales Brand\u00e3o"},"description":"Editor Executivo do Portal CidadeMarketing.com.br &gt; Mestre em Comunica\u00e7\u00e3o e Sociedade pela Universidade Federal de Sergipe. Possui MBA Executivo em Administra\u00e7\u00e3o com \u00eanfase em Marketing pela Funda\u00e7\u00e3o Get\u00falio Vargas - Rio de Janeiro. Consultor, Palestrante e Pesquisador sobre Empreendedorismo, Marketing, Redes Sociais e Neg\u00f3cios Digitais. Professor, Palestrante TedxTalks e Campus Party. Twitter: @ThalesBrandao","sameAs":["http:\/\/www.mandacaru.com.br","https:\/\/www.facebook.com\/thalesbrandao","http:\/\/www.instagram.com.br\/thalesbrandaoferreira","https:\/\/www.linkedin.com\/in\/thales-brand\u00e3o-3948609\/","https:\/\/x.com\/http:\/\/www.twitter.com\/thalesbrandao"],"url":"https:\/\/www.cidademarketing.com.br\/marketing\/author\/thalesbrandao\/"}]}},"amp_enabled":true,"_links":{"self":[{"href":"https:\/\/www.cidademarketing.com.br\/marketing\/wp-json\/wp\/v2\/posts\/47761","targetHints":{"allow":["GET"]}}],"collection":[{"href":"https:\/\/www.cidademarketing.com.br\/marketing\/wp-json\/wp\/v2\/posts"}],"about":[{"href":"https:\/\/www.cidademarketing.com.br\/marketing\/wp-json\/wp\/v2\/types\/post"}],"author":[{"embeddable":true,"href":"https:\/\/www.cidademarketing.com.br\/marketing\/wp-json\/wp\/v2\/users\/1"}],"replies":[{"embeddable":true,"href":"https:\/\/www.cidademarketing.com.br\/marketing\/wp-json\/wp\/v2\/comments?post=47761"}],"version-history":[{"count":1,"href":"https:\/\/www.cidademarketing.com.br\/marketing\/wp-json\/wp\/v2\/posts\/47761\/revisions"}],"predecessor-version":[{"id":47763,"href":"https:\/\/www.cidademarketing.com.br\/marketing\/wp-json\/wp\/v2\/posts\/47761\/revisions\/47763"}],"wp:featuredmedia":[{"embeddable":true,"href":"https:\/\/www.cidademarketing.com.br\/marketing\/wp-json\/wp\/v2\/media\/47762"}],"wp:attachment":[{"href":"https:\/\/www.cidademarketing.com.br\/marketing\/wp-json\/wp\/v2\/media?parent=47761"}],"wp:term":[{"taxonomy":"category","embeddable":true,"href":"https:\/\/www.cidademarketing.com.br\/marketing\/wp-json\/wp\/v2\/categories?post=47761"},{"taxonomy":"post_tag","embeddable":true,"href":"https:\/\/www.cidademarketing.com.br\/marketing\/wp-json\/wp\/v2\/tags?post=47761"}],"curies":[{"name":"wp","href":"https:\/\/api.w.org\/{rel}","templated":true}]}}