{"id":47746,"date":"2023-09-22T18:51:18","date_gmt":"2023-09-22T21:51:18","guid":{"rendered":"https:\/\/www.cidademarketing.com.br\/marketing\/?p=47746"},"modified":"2023-09-22T18:51:18","modified_gmt":"2023-09-22T21:51:18","slug":"stellantis-confirma-continuidade-do-ciclo-de-investimentos-de-r-25-bilhoes-ate-2025-no-rio-de-janeiro","status":"publish","type":"post","link":"https:\/\/www.cidademarketing.com.br\/marketing\/2023\/09\/22\/stellantis-confirma-continuidade-do-ciclo-de-investimentos-de-r-25-bilhoes-ate-2025-no-rio-de-janeiro\/","title":{"rendered":"Stellantis confirma continuidade do ciclo de investimentos de R$ 2,5 bilh\u00f5es at\u00e9 2025 no Rio de Janeiro"},"content":{"rendered":"<p><a href=\"https:\/\/whatsapp.com\/channel\/0029Va5Ftej5EjxzQWqk381p\" target=\"_blank\" rel=\"noopener\"><img decoding=\"async\" class=\"td-animation-stack-type0-2 alignnone wp-image-47710 size-full\" src=\"https:\/\/www.cidademarketing.com.br\/marketing\/wp-content\/uploads\/2023\/09\/logo_whatsapp_cidademarketing_canal_02.png\" alt=\"\" width=\"100\" height=\"71\" \/><\/a><br \/>\n<em>Receba, em\u00a0<b>primeira m\u00e3o<\/b>, as principais not\u00edcias do\u00a0<strong>CidadeMarketing<\/strong>\u00a0no seu\u00a0<\/em><b><em>WhatsApp!\u00a0<\/em>\u00a0\u00a0<\/b><span style=\"background-color: #339966;\"><a style=\"background-color: #339966;\" href=\"https:\/\/whatsapp.com\/channel\/0029Va5Ftej5EjxzQWqk381p\" target=\"_blank\" rel=\"noopener\"><span class=\"td_btn td_btn_sm td_square_btn\" style=\"background-color: #339966;\">Inscrever-se!<\/span><\/a><\/span><\/p>\n<hr \/>\n<p>O presidente da Stellantis para Am\u00e9rica do Sul, Antonio Filosa, se reuniu hoje com o Governador do Estado do Rio de Janeiro, Cl\u00e1udio Castro, para confirmar a continuidade dos investimentos no Polo Automotivo de Porto Real, em ciclo de aportes que alcan\u00e7a R$ 2,5 bilh\u00f5es at\u00e9 2025. O presidente da Stellantis tamb\u00e9m apresentou ao governador e outros membros do governo o novo Citro\u00ebn C3 AirCross, modelo que come\u00e7a a ser produzido em breve em Porto Real. O encontro refor\u00e7a o compromisso da empresa com o desenvolvimento industrial do setor automotivo do Rio de Janeiro.<\/p>\n<p><a href=\"https:\/\/www.cidademarketing.com.br\/marketing\/sua-marca-vai-virar-noticia\/\" target=\"_blank\" rel=\"noopener\"><img fetchpriority=\"high\" decoding=\"async\" class=\"wp-image-44329 aligncenter\" src=\"https:\/\/www.cidademarketing.com.br\/marketing\/wp-content\/uploads\/2023\/04\/cidademarketing_backlinks_marketingdigital_publieditorial_.png\" alt=\"\" width=\"500\" height=\"500\" \/><\/a><br \/>\n\u201cO Polo Automotivo Stellantis de Porto Real \u00e9 estrat\u00e9gico para o futuro de nossa empresa e para o desenvolvimento de uma mobilidade sustent\u00e1vel e acess\u00edvel. Suas instala\u00e7\u00f5es receberam importantes investimentos nos \u00faltimos anos e, al\u00e9m disto, os sistemas e equipamentos de produ\u00e7\u00e3o do Polo Automotivo est\u00e3o totalmente atualizados com as melhores refer\u00eancias tecnol\u00f3gicas globais da Stellantis, enquanto os colaboradores est\u00e3o capacitados e re\u00fanem as compet\u00eancias e talentos necess\u00e1rios para impulsionar o crescimento da unidade de Porto Real\u201d, destacou Antonio Filosa.<\/p>\n<p>A planta de Porto Real \u00e9 uma das unidades produtivas da Stellantis no Brasil, de um total de cinco f\u00e1bricas instaladas na Am\u00e9rica do Sul. A planta automotiva do sul fluminense receber\u00e1 um novo ciclo de investimento de R$ 2,5 bilh\u00f5es at\u00e9 2025. O montante \u00e9 destinado ao desenvolvimento de novos produtos, Pesquisa&amp;Desenvolvimento e moderniza\u00e7\u00e3o das instala\u00e7\u00f5es, sistemas e equipamentos da unidade industrial.<br \/>\nDesse total investido, R$ 330 milh\u00f5es foram aplicados no desenvolvimento de uma variante da plataforma CMP, que disp\u00f5e de grande flexibilidade e est\u00e1 apta para ser utilizada em modelos de diversas marcas da Stellantis, sendo tamb\u00e9m compat\u00edvel com motoriza\u00e7\u00e3o t\u00e9rmica, h\u00edbrida e el\u00e9trica. A plataforma ser\u00e1 a base para a continuidade da inova\u00e7\u00e3o do grupo e coloca o Polo Automotivo Stellantis de Porto Real em condi\u00e7\u00f5es t\u00e9cnicas de produzir ve\u00edculos h\u00edbridos, adotando a rec\u00e9m-anunciada tecnologia Bio-Hybrid.<br \/>\nA plataforma CMP \u00e9 a base do projeto C-Cubed, que designa nova fam\u00edlia de ve\u00edculos composta por tr\u00eas modelos. O primeiro a ser lan\u00e7ado foi o novo Citro\u00ebn C3, pioneiro na nova plataforma e sucesso de vendas, sendo vencedor de pr\u00eamios como Melhor Carro Nacional (Car Magazine, 2022), Melhor Carro Urbano do Mundo (World Car Awards, 2023), entre outros. O pr\u00f3ximo modelo a ser lan\u00e7ado ser\u00e1 o novo Citro\u00ebn C3 AirCross, que foi apresentado ao governador nesse encontro. A fam\u00edlia se completa com um terceiro modelo que est\u00e1 em desenvolvimento e representar\u00e1 incremento de produ\u00e7\u00e3o no Polo nos pr\u00f3ximos anos.<\/p>\n<p>\u201cAl\u00e9m disso, com as inova\u00e7\u00f5es e investimentos recentes, o Polo Automotivo Stellantis de Porto Real est\u00e1 preparado para receber modelos das diversas marcas que comp\u00f5em a Stellantis. \u00c9 uma planta estrat\u00e9gica para o desenvolvimento do grupo na Am\u00e9rica do Sul\u201d, afirma Antonio Filosa.<\/p>\n<p>Desenvolvimento local<br \/>\nOperando em Porto Real desde 2001, o Polo Automotivo Stellantis recebeu, desde 2011 at\u00e9 o ano passado, mais de R$ 7,6 bilh\u00f5es em investimentos, e contribui para a expans\u00e3o da ind\u00fastria na regi\u00e3o, sendo respons\u00e1vel por 1,7 mil empregos diretos na planta. A instala\u00e7\u00e3o da linha de produ\u00e7\u00e3o de ve\u00edculos e de motores contribuiu para a atra\u00e7\u00e3o de fornecedores, com destaque para empresas de autope\u00e7as e para prestadores de servi\u00e7os essenciais para o processo produtivo e preserva\u00e7\u00e3o da qualidade de trabalho e condi\u00e7\u00f5es dos empregados na opera\u00e7\u00e3o da Stellantis.<\/p>\n<p>O Polo Automotivo Stellantis de Porto Real demandou, no ano passado, R$ 3,3 bilh\u00f5es em componentes e insumos para produzir sua linha de ve\u00edculos. Cerca de 40% desta demanda foi atendida por fornecedores instalados no estado do Rio de Janeiro, demonstrando o impacto positivo e estruturante da opera\u00e7\u00e3o automotiva sobre a economia fluminense.<\/p>\n<p>Com voca\u00e7\u00e3o exportadora, o Polo Automotivo Stellantis de Porto Real tamb\u00e9m dinamizou a utiliza\u00e7\u00e3o de portos e aeroportos do estado para as opera\u00e7\u00f5es de exporta\u00e7\u00e3o, importa\u00e7\u00e3o e desembara\u00e7o aduaneiro de m\u00e1quinas e equipamentos. Desde o in\u00edcio de suas opera\u00e7\u00f5es, o Polo j\u00e1 exportou mais de 355 mil unidades, principalmente para pa\u00edses da Am\u00e9rica Latina. Esse desempenho garantiu o Pr\u00eamio de Efici\u00eancia Log\u00edstica do Rio Gale\u00e3o pela quarta vez esse ano, al\u00e9m de tantas outras condecora\u00e7\u00f5es ao longo da hist\u00f3ria do Polo de Porto Real, como as 15 premia\u00e7\u00f5es pela Firjan de maior exportador do Estado do Rio de Janeiro para o Mercosul.<\/p>\n<p>Valoriza\u00e7\u00e3o das Pessoas<br \/>\nAl\u00e9m de dinamizar a economia local, a presen\u00e7a da Stellantis no sul fluminense tem significativo impacto social. Educa\u00e7\u00e3o, cultura e bem-estar s\u00e3o os tr\u00eas pilares que sustentam a Escola Formare Stellantis. O projeto se iniciou na unidade em 2008 e j\u00e1 formou 10 turmas de jovens no curso profissionalizante de Assistente de Opera\u00e7\u00f5es Automotivas Industriais. O principal objetivo desse projeto \u00e9 desenvolver e capacitar profissionalmente jovens de 17 anos em situa\u00e7\u00e3o de vulnerabilidade econ\u00f4mica e social da regi\u00e3o em que est\u00e1 instalada a f\u00e1brica da Stellantis, al\u00e9m de contribuir para refor\u00e7ar os seus valores morais e sociais. A escola \u00e9 fruto de uma parceria entre a Stellantis e a Funda\u00e7\u00e3o Iochpe, sendo reconhecida pelo Minist\u00e9rio da Educa\u00e7\u00e3o e Cultura.<\/p>\n<p>Os funcion\u00e1rios da Planta Stellantis de Porto Real t\u00eam papel fundamental para a forma\u00e7\u00e3o destes jovens, pois a empresa abriu espa\u00e7o para que atuem, durante seu hor\u00e1rio de trabalho, como educadores volunt\u00e1rios dos alunos. No total, mais de 50 funcion\u00e1rios exercem esta tarefa, desenvolvendo suas compet\u00eancias e participando diretamente desta importante a\u00e7\u00e3o de responsabilidade social.<\/p>\n<p>\u201cEntendemos que a educa\u00e7\u00e3o sempre ser\u00e1 a melhor op\u00e7\u00e3o para o futuro de qualquer jovem, e a presen\u00e7a deles no ambiente cotidiano da empresa \u00e9 um diferencial deste projeto na sua prepara\u00e7\u00e3o para o mercado de trabalho. Dessa forma, poder\u00e3o vivenciar o dia a dia e o funcionamento de uma f\u00e1brica antes mesmo de come\u00e7arem sua vida profissional. Para n\u00f3s, da Stellantis, o aprendizado \u00e9 a base para o desenvolvimento de qualquer pessoa e, por isso, investimos t\u00e3o fortemente nesse projeto\u201d, destaca Glauber Fullana, vice-presidente de manufatura da Stellantis para a Am\u00e9rica do Sul.<\/p>\n<p>Outra iniciativa que a empresa apoia com muita convic\u00e7\u00e3o \u00e9 o Programa Dupla Escola Stellantis, SEEDUC, SENAI Rio e RioSolidario, um conv\u00eanio entre a Stellantis e a Secretaria de Educa\u00e7\u00e3o do Estado do Rio de Janeiro (SEEDUC), que conta com a participa\u00e7\u00e3o do RioSolidario e do SENAI Rio. A Stellantis realizou as reformas necess\u00e1rias de infraestrutura para a aplica\u00e7\u00e3o do Programa Dupla Escola. Dessa forma, o CIEP 493 (Centro Integrado de Educa\u00e7\u00e3o P\u00fablica)[LL1] passou a funcionar tamb\u00e9m como Escola T\u00e9cnica, proporcionando a um grupo de alunos da pr\u00f3pria institui\u00e7\u00e3o \u2013 selecionados por um crit\u00e9rio de desempenho escolar \u2013 uma forma\u00e7\u00e3o profissionalizante. O programa j\u00e1 atendeu mais de 300 alunos nos \u00faltimos anos.<\/p>\n<p>Ao fazer da educa\u00e7\u00e3o um pilar de sua atua\u00e7\u00e3o social, a Stellantis reconhece a import\u00e2ncia de estimular simultaneamente o desenvolvimento econ\u00f4mico e social. \u00c9 assim que todos crescem de modo sustent\u00e1vel.<\/p>\n<p>Bio-Hybrid<br \/>\nA nova tecnologia de motopropuls\u00e3o h\u00edbrida Bio-Hybrid, desenvolvida no Brasil, combina energia t\u00e9rmica flex e eletrifica\u00e7\u00e3o. S\u00e3o tr\u00eas plataformas que poder\u00e3o ser adotadas de modo flex\u00edvel na gama de marcas e produtos, constituindo diversas solu\u00e7\u00f5es acess\u00edveis de transi\u00e7\u00e3o para uma mobilidade sustent\u00e1vel. Ainda, a tecnologia Bio-Hybrid \u00e9 de aplica\u00e7\u00e3o flex\u00edvel e pode equipar v\u00e1rios modelos produzidos pela Stellantis. \u00c9 compat\u00edvel com as linhas de produ\u00e7\u00e3o das tr\u00eas plantas da empresa \u2013 Betim (MG), Porto Real (RJ) e Goiana (PE). Assim, se enquadra tamb\u00e9m na estrat\u00e9gia multirregional de produ\u00e7\u00e3o a Stellantis.<br \/>\n\u201cO Bio-Hybrid faz parte da rota tecnol\u00f3gica da mobilidade acess\u00edvel e sustent\u00e1vel adotada pela Stellantis. Queremos potencializar as virtudes do etanol, como combust\u00edvel renov\u00e1vel, cujo ciclo de produ\u00e7\u00e3o absorve a maior parte de suas emiss\u00f5es, combinando a propuls\u00e3o \u00e0 base do biocombust\u00edvel com sistemas el\u00e9tricos\u201d, afirmou Antonio Filosa, destacando tamb\u00e9m os ganhos de efici\u00eancia e economia de combust\u00edvel trazidos pelos sistemas de propuls\u00e3o el\u00e9trica. \u201c\u00c9 uma oportunidade de reindustrializa\u00e7\u00e3o e de reconfigura\u00e7\u00e3o da ind\u00fastria nacional de autope\u00e7as, que \u00e9 diversificada, complexa e muito importante para a economia brasileira\u201d, observa.<\/p>\n<p><iframe title=\"Spotify Embed: Podcast CidadeMarketing\" style=\"border-radius: 12px\" width=\"100%\" height=\"152\" frameborder=\"0\" allowfullscreen allow=\"autoplay; clipboard-write; encrypted-media; fullscreen; picture-in-picture\" loading=\"lazy\" src=\"https:\/\/open.spotify.com\/embed\/show\/4khMKzP3FgFRWVwb73xicc?si=252fe5bff2b34909&#038;utm_source=oembed\"><\/iframe><\/p>\n<p>O desenvolvimento das novas tecnologias de hibridiza\u00e7\u00e3o est\u00e1 em linha com o plano estrat\u00e9gico de longo prazo da Stellantis, Dare Forward 2030, que prev\u00ea a descarboniza\u00e7\u00e3o de processos e produtos da empresa at\u00e9 2038, com redu\u00e7\u00e3o das emiss\u00f5es em 50% j\u00e1 em 2030<\/p>\n","protected":false},"excerpt":{"rendered":"<p>Receba, em\u00a0primeira m\u00e3o, as principais not\u00edcias do\u00a0CidadeMarketing\u00a0no seu\u00a0WhatsApp!\u00a0\u00a0\u00a0Inscrever-se! O presidente da Stellantis para Am\u00e9rica do Sul, Antonio Filosa, se reuniu hoje com o Governador do Estado do Rio de Janeiro, Cl\u00e1udio Castro, para confirmar a continuidade dos investimentos no Polo Automotivo de Porto Real, em ciclo de aportes que alcan\u00e7a R$ 2,5 bilh\u00f5es at\u00e9 2025. [&hellip;]<\/p>\n","protected":false},"author":1,"featured_media":47748,"comment_status":"open","ping_status":"open","sticky":false,"template":"","format":"standard","meta":{"tdm_status":"","tdm_grid_status":"","footnotes":""},"categories":[6],"tags":[65,308,33,39,28,569,199,4823,185],"class_list":["post-47746","post","type-post","status-publish","format-standard","has-post-thumbnail","hentry","category-noticias","tag-campanha","tag-comunicacao","tag-estrategia","tag-investimento","tag-marketing","tag-rio","tag-rio-de-janeiro","tag-stellantis","tag-tecnologia"],"yoast_head":"<!-- This site is optimized with the Yoast SEO plugin v27.5 - https:\/\/yoast.com\/product\/yoast-seo-wordpress\/ -->\n<title>Stellantis confirma continuidade do ciclo de investimentos de R$ 2,5 bilh\u00f5es at\u00e9 2025 no Rio de Janeiro - CidadeMarketing<\/title>\n<meta name=\"robots\" content=\"index, follow, max-snippet:-1, max-image-preview:large, max-video-preview:-1\" \/>\n<link rel=\"canonical\" href=\"https:\/\/www.cidademarketing.com.br\/marketing\/2023\/09\/22\/stellantis-confirma-continuidade-do-ciclo-de-investimentos-de-r-25-bilhoes-ate-2025-no-rio-de-janeiro\/\" \/>\n<meta property=\"og:locale\" content=\"pt_BR\" \/>\n<meta property=\"og:type\" content=\"article\" \/>\n<meta property=\"og:title\" content=\"Stellantis confirma continuidade do ciclo de investimentos de R$ 2,5 bilh\u00f5es at\u00e9 2025 no Rio de Janeiro - CidadeMarketing\" \/>\n<meta property=\"og:description\" content=\"Receba, em\u00a0primeira m\u00e3o, as principais not\u00edcias do\u00a0CidadeMarketing\u00a0no seu\u00a0WhatsApp!\u00a0\u00a0\u00a0Inscrever-se! O presidente da Stellantis para Am\u00e9rica do Sul, Antonio Filosa, se reuniu hoje com o Governador do Estado do Rio de Janeiro, Cl\u00e1udio Castro, para confirmar a continuidade dos investimentos no Polo Automotivo de Porto Real, em ciclo de aportes que alcan\u00e7a R$ 2,5 bilh\u00f5es at\u00e9 2025. [&hellip;]\" \/>\n<meta property=\"og:url\" content=\"https:\/\/www.cidademarketing.com.br\/marketing\/2023\/09\/22\/stellantis-confirma-continuidade-do-ciclo-de-investimentos-de-r-25-bilhoes-ate-2025-no-rio-de-janeiro\/\" \/>\n<meta property=\"og:site_name\" content=\"CidadeMarketing\" \/>\n<meta property=\"article:publisher\" content=\"https:\/\/www.facebook.com\/portalcidademarketing\" \/>\n<meta property=\"article:author\" content=\"https:\/\/www.facebook.com\/thalesbrandao\" \/>\n<meta property=\"article:published_time\" content=\"2023-09-22T21:51:18+00:00\" \/>\n<meta property=\"og:image\" content=\"https:\/\/www.cidademarketing.com.br\/marketing\/wp-content\/uploads\/2023\/09\/stellantis_riodejaneiro.jpg\" \/>\n\t<meta property=\"og:image:width\" content=\"1668\" \/>\n\t<meta property=\"og:image:height\" content=\"900\" \/>\n\t<meta property=\"og:image:type\" content=\"image\/jpeg\" \/>\n<meta name=\"author\" content=\"Thales Brand\u00e3o\" \/>\n<meta name=\"twitter:card\" content=\"summary_large_image\" \/>\n<meta name=\"twitter:creator\" content=\"@http:\/\/www.twitter.com\/thalesbrandao\" \/>\n<meta name=\"twitter:site\" content=\"@CidadeMarketing\" \/>\n<meta name=\"twitter:label1\" content=\"Escrito por\" \/>\n\t<meta name=\"twitter:data1\" content=\"Thales Brand\u00e3o\" \/>\n\t<meta name=\"twitter:label2\" content=\"Est. tempo de leitura\" \/>\n\t<meta name=\"twitter:data2\" content=\"8 minutos\" \/>\n<script type=\"application\/ld+json\" class=\"yoast-schema-graph\">{\"@context\":\"https:\\\/\\\/schema.org\",\"@graph\":[{\"@type\":\"Article\",\"@id\":\"https:\\\/\\\/www.cidademarketing.com.br\\\/marketing\\\/2023\\\/09\\\/22\\\/stellantis-confirma-continuidade-do-ciclo-de-investimentos-de-r-25-bilhoes-ate-2025-no-rio-de-janeiro\\\/#article\",\"isPartOf\":{\"@id\":\"https:\\\/\\\/www.cidademarketing.com.br\\\/marketing\\\/2023\\\/09\\\/22\\\/stellantis-confirma-continuidade-do-ciclo-de-investimentos-de-r-25-bilhoes-ate-2025-no-rio-de-janeiro\\\/\"},\"author\":{\"name\":\"Thales Brand\u00e3o\",\"@id\":\"https:\\\/\\\/www.cidademarketing.com.br\\\/marketing\\\/#\\\/schema\\\/person\\\/02daff9f18bd9378c9e01eb6b2db155f\"},\"headline\":\"Stellantis confirma continuidade do ciclo de investimentos de R$ 2,5 bilh\u00f5es at\u00e9 2025 no Rio de Janeiro\",\"datePublished\":\"2023-09-22T21:51:18+00:00\",\"mainEntityOfPage\":{\"@id\":\"https:\\\/\\\/www.cidademarketing.com.br\\\/marketing\\\/2023\\\/09\\\/22\\\/stellantis-confirma-continuidade-do-ciclo-de-investimentos-de-r-25-bilhoes-ate-2025-no-rio-de-janeiro\\\/\"},\"wordCount\":1536,\"commentCount\":0,\"publisher\":{\"@id\":\"https:\\\/\\\/www.cidademarketing.com.br\\\/marketing\\\/#organization\"},\"image\":{\"@id\":\"https:\\\/\\\/www.cidademarketing.com.br\\\/marketing\\\/2023\\\/09\\\/22\\\/stellantis-confirma-continuidade-do-ciclo-de-investimentos-de-r-25-bilhoes-ate-2025-no-rio-de-janeiro\\\/#primaryimage\"},\"thumbnailUrl\":\"https:\\\/\\\/www.cidademarketing.com.br\\\/marketing\\\/wp-content\\\/uploads\\\/2023\\\/09\\\/stellantis_riodejaneiro.jpg\",\"keywords\":[\"campanha\",\"comunica\u00e7\u00e3o\",\"estrat\u00e9gia\",\"investimento\",\"marketing\",\"Rio\",\"Rio de Janeiro\",\"Stellantis\",\"tecnologia\"],\"articleSection\":[\"Not\u00edcias\"],\"inLanguage\":\"pt-BR\",\"potentialAction\":[{\"@type\":\"CommentAction\",\"name\":\"Comment\",\"target\":[\"https:\\\/\\\/www.cidademarketing.com.br\\\/marketing\\\/2023\\\/09\\\/22\\\/stellantis-confirma-continuidade-do-ciclo-de-investimentos-de-r-25-bilhoes-ate-2025-no-rio-de-janeiro\\\/#respond\"]}]},{\"@type\":\"WebPage\",\"@id\":\"https:\\\/\\\/www.cidademarketing.com.br\\\/marketing\\\/2023\\\/09\\\/22\\\/stellantis-confirma-continuidade-do-ciclo-de-investimentos-de-r-25-bilhoes-ate-2025-no-rio-de-janeiro\\\/\",\"url\":\"https:\\\/\\\/www.cidademarketing.com.br\\\/marketing\\\/2023\\\/09\\\/22\\\/stellantis-confirma-continuidade-do-ciclo-de-investimentos-de-r-25-bilhoes-ate-2025-no-rio-de-janeiro\\\/\",\"name\":\"Stellantis confirma continuidade do ciclo de investimentos de R$ 2,5 bilh\u00f5es at\u00e9 2025 no Rio de Janeiro - CidadeMarketing\",\"isPartOf\":{\"@id\":\"https:\\\/\\\/www.cidademarketing.com.br\\\/marketing\\\/#website\"},\"primaryImageOfPage\":{\"@id\":\"https:\\\/\\\/www.cidademarketing.com.br\\\/marketing\\\/2023\\\/09\\\/22\\\/stellantis-confirma-continuidade-do-ciclo-de-investimentos-de-r-25-bilhoes-ate-2025-no-rio-de-janeiro\\\/#primaryimage\"},\"image\":{\"@id\":\"https:\\\/\\\/www.cidademarketing.com.br\\\/marketing\\\/2023\\\/09\\\/22\\\/stellantis-confirma-continuidade-do-ciclo-de-investimentos-de-r-25-bilhoes-ate-2025-no-rio-de-janeiro\\\/#primaryimage\"},\"thumbnailUrl\":\"https:\\\/\\\/www.cidademarketing.com.br\\\/marketing\\\/wp-content\\\/uploads\\\/2023\\\/09\\\/stellantis_riodejaneiro.jpg\",\"datePublished\":\"2023-09-22T21:51:18+00:00\",\"breadcrumb\":{\"@id\":\"https:\\\/\\\/www.cidademarketing.com.br\\\/marketing\\\/2023\\\/09\\\/22\\\/stellantis-confirma-continuidade-do-ciclo-de-investimentos-de-r-25-bilhoes-ate-2025-no-rio-de-janeiro\\\/#breadcrumb\"},\"inLanguage\":\"pt-BR\",\"potentialAction\":[{\"@type\":\"ReadAction\",\"target\":[\"https:\\\/\\\/www.cidademarketing.com.br\\\/marketing\\\/2023\\\/09\\\/22\\\/stellantis-confirma-continuidade-do-ciclo-de-investimentos-de-r-25-bilhoes-ate-2025-no-rio-de-janeiro\\\/\"]}]},{\"@type\":\"ImageObject\",\"inLanguage\":\"pt-BR\",\"@id\":\"https:\\\/\\\/www.cidademarketing.com.br\\\/marketing\\\/2023\\\/09\\\/22\\\/stellantis-confirma-continuidade-do-ciclo-de-investimentos-de-r-25-bilhoes-ate-2025-no-rio-de-janeiro\\\/#primaryimage\",\"url\":\"https:\\\/\\\/www.cidademarketing.com.br\\\/marketing\\\/wp-content\\\/uploads\\\/2023\\\/09\\\/stellantis_riodejaneiro.jpg\",\"contentUrl\":\"https:\\\/\\\/www.cidademarketing.com.br\\\/marketing\\\/wp-content\\\/uploads\\\/2023\\\/09\\\/stellantis_riodejaneiro.jpg\",\"width\":1668,\"height\":900,\"caption\":\"Divulga\u00e7\u00e3o\"},{\"@type\":\"BreadcrumbList\",\"@id\":\"https:\\\/\\\/www.cidademarketing.com.br\\\/marketing\\\/2023\\\/09\\\/22\\\/stellantis-confirma-continuidade-do-ciclo-de-investimentos-de-r-25-bilhoes-ate-2025-no-rio-de-janeiro\\\/#breadcrumb\",\"itemListElement\":[{\"@type\":\"ListItem\",\"position\":1,\"name\":\"In\u00edcio\",\"item\":\"https:\\\/\\\/www.cidademarketing.com.br\\\/marketing\\\/\"},{\"@type\":\"ListItem\",\"position\":2,\"name\":\"Stellantis confirma continuidade do ciclo de investimentos de R$ 2,5 bilh\u00f5es at\u00e9 2025 no Rio de Janeiro\"}]},{\"@type\":\"WebSite\",\"@id\":\"https:\\\/\\\/www.cidademarketing.com.br\\\/marketing\\\/#website\",\"url\":\"https:\\\/\\\/www.cidademarketing.com.br\\\/marketing\\\/\",\"name\":\"CidadeMarketing\",\"description\":\"Somos um ve\u00edculo de comunica\u00e7\u00e3o de destaque no Brasil, reconhecido por conte\u00fados nos segmentos de marketing, empreendedorismo e inova\u00e7\u00e3o.\",\"publisher\":{\"@id\":\"https:\\\/\\\/www.cidademarketing.com.br\\\/marketing\\\/#organization\"},\"alternateName\":\"CidadeMarketing\",\"potentialAction\":[{\"@type\":\"SearchAction\",\"target\":{\"@type\":\"EntryPoint\",\"urlTemplate\":\"https:\\\/\\\/www.cidademarketing.com.br\\\/marketing\\\/?s={search_term_string}\"},\"query-input\":{\"@type\":\"PropertyValueSpecification\",\"valueRequired\":true,\"valueName\":\"search_term_string\"}}],\"inLanguage\":\"pt-BR\"},{\"@type\":\"Organization\",\"@id\":\"https:\\\/\\\/www.cidademarketing.com.br\\\/marketing\\\/#organization\",\"name\":\"CidadeMarketing\",\"alternateName\":\"CidadeMarketing\",\"url\":\"https:\\\/\\\/www.cidademarketing.com.br\\\/marketing\\\/\",\"logo\":{\"@type\":\"ImageObject\",\"inLanguage\":\"pt-BR\",\"@id\":\"https:\\\/\\\/www.cidademarketing.com.br\\\/marketing\\\/#\\\/schema\\\/logo\\\/image\\\/\",\"url\":\"https:\\\/\\\/www.cidademarketing.com.br\\\/marketing\\\/wp-content\\\/uploads\\\/2020\\\/01\\\/cidademarketing_marca_mobile.png\",\"contentUrl\":\"https:\\\/\\\/www.cidademarketing.com.br\\\/marketing\\\/wp-content\\\/uploads\\\/2020\\\/01\\\/cidademarketing_marca_mobile.png\",\"width\":230,\"height\":92,\"caption\":\"CidadeMarketing\"},\"image\":{\"@id\":\"https:\\\/\\\/www.cidademarketing.com.br\\\/marketing\\\/#\\\/schema\\\/logo\\\/image\\\/\"},\"sameAs\":[\"https:\\\/\\\/www.facebook.com\\\/portalcidademarketing\",\"https:\\\/\\\/x.com\\\/CidadeMarketing\",\"https:\\\/\\\/www.instagram.com\\\/cidademarketing\\\/\"]},{\"@type\":\"Person\",\"@id\":\"https:\\\/\\\/www.cidademarketing.com.br\\\/marketing\\\/#\\\/schema\\\/person\\\/02daff9f18bd9378c9e01eb6b2db155f\",\"name\":\"Thales Brand\u00e3o\",\"image\":{\"@type\":\"ImageObject\",\"inLanguage\":\"pt-BR\",\"@id\":\"https:\\\/\\\/secure.gravatar.com\\\/avatar\\\/7ca3206950207cc3cb48feec56a8a7898741ab725c368d99d5d7a5a50aab80c6?s=96&d=mm&r=g\",\"url\":\"https:\\\/\\\/secure.gravatar.com\\\/avatar\\\/7ca3206950207cc3cb48feec56a8a7898741ab725c368d99d5d7a5a50aab80c6?s=96&d=mm&r=g\",\"contentUrl\":\"https:\\\/\\\/secure.gravatar.com\\\/avatar\\\/7ca3206950207cc3cb48feec56a8a7898741ab725c368d99d5d7a5a50aab80c6?s=96&d=mm&r=g\",\"caption\":\"Thales Brand\u00e3o\"},\"description\":\"Editor Executivo do Portal CidadeMarketing.com.br &gt; Mestre em Comunica\u00e7\u00e3o e Sociedade pela Universidade Federal de Sergipe. Possui MBA Executivo em Administra\u00e7\u00e3o com \u00eanfase em Marketing pela Funda\u00e7\u00e3o Get\u00falio Vargas - Rio de Janeiro. Consultor, Palestrante e Pesquisador sobre Empreendedorismo, Marketing, Redes Sociais e Neg\u00f3cios Digitais. Professor, Palestrante TedxTalks e Campus Party. Twitter: @ThalesBrandao\",\"sameAs\":[\"http:\\\/\\\/www.mandacaru.com.br\",\"https:\\\/\\\/www.facebook.com\\\/thalesbrandao\",\"http:\\\/\\\/www.instagram.com.br\\\/thalesbrandaoferreira\",\"https:\\\/\\\/www.linkedin.com\\\/in\\\/thales-brand\u00e3o-3948609\\\/\",\"https:\\\/\\\/x.com\\\/http:\\\/\\\/www.twitter.com\\\/thalesbrandao\"],\"url\":\"https:\\\/\\\/www.cidademarketing.com.br\\\/marketing\\\/author\\\/thalesbrandao\\\/\"}]}<\/script>\n<!-- \/ Yoast SEO plugin. -->","yoast_head_json":{"title":"Stellantis confirma continuidade do ciclo de investimentos de R$ 2,5 bilh\u00f5es at\u00e9 2025 no Rio de Janeiro - CidadeMarketing","robots":{"index":"index","follow":"follow","max-snippet":"max-snippet:-1","max-image-preview":"max-image-preview:large","max-video-preview":"max-video-preview:-1"},"canonical":"https:\/\/www.cidademarketing.com.br\/marketing\/2023\/09\/22\/stellantis-confirma-continuidade-do-ciclo-de-investimentos-de-r-25-bilhoes-ate-2025-no-rio-de-janeiro\/","og_locale":"pt_BR","og_type":"article","og_title":"Stellantis confirma continuidade do ciclo de investimentos de R$ 2,5 bilh\u00f5es at\u00e9 2025 no Rio de Janeiro - CidadeMarketing","og_description":"Receba, em\u00a0primeira m\u00e3o, as principais not\u00edcias do\u00a0CidadeMarketing\u00a0no seu\u00a0WhatsApp!\u00a0\u00a0\u00a0Inscrever-se! O presidente da Stellantis para Am\u00e9rica do Sul, Antonio Filosa, se reuniu hoje com o Governador do Estado do Rio de Janeiro, Cl\u00e1udio Castro, para confirmar a continuidade dos investimentos no Polo Automotivo de Porto Real, em ciclo de aportes que alcan\u00e7a R$ 2,5 bilh\u00f5es at\u00e9 2025. [&hellip;]","og_url":"https:\/\/www.cidademarketing.com.br\/marketing\/2023\/09\/22\/stellantis-confirma-continuidade-do-ciclo-de-investimentos-de-r-25-bilhoes-ate-2025-no-rio-de-janeiro\/","og_site_name":"CidadeMarketing","article_publisher":"https:\/\/www.facebook.com\/portalcidademarketing","article_author":"https:\/\/www.facebook.com\/thalesbrandao","article_published_time":"2023-09-22T21:51:18+00:00","og_image":[{"width":1668,"height":900,"url":"https:\/\/www.cidademarketing.com.br\/marketing\/wp-content\/uploads\/2023\/09\/stellantis_riodejaneiro.jpg","type":"image\/jpeg"}],"author":"Thales Brand\u00e3o","twitter_card":"summary_large_image","twitter_creator":"@http:\/\/www.twitter.com\/thalesbrandao","twitter_site":"@CidadeMarketing","twitter_misc":{"Escrito por":"Thales Brand\u00e3o","Est. tempo de leitura":"8 minutos"},"schema":{"@context":"https:\/\/schema.org","@graph":[{"@type":"Article","@id":"https:\/\/www.cidademarketing.com.br\/marketing\/2023\/09\/22\/stellantis-confirma-continuidade-do-ciclo-de-investimentos-de-r-25-bilhoes-ate-2025-no-rio-de-janeiro\/#article","isPartOf":{"@id":"https:\/\/www.cidademarketing.com.br\/marketing\/2023\/09\/22\/stellantis-confirma-continuidade-do-ciclo-de-investimentos-de-r-25-bilhoes-ate-2025-no-rio-de-janeiro\/"},"author":{"name":"Thales Brand\u00e3o","@id":"https:\/\/www.cidademarketing.com.br\/marketing\/#\/schema\/person\/02daff9f18bd9378c9e01eb6b2db155f"},"headline":"Stellantis confirma continuidade do ciclo de investimentos de R$ 2,5 bilh\u00f5es at\u00e9 2025 no Rio de Janeiro","datePublished":"2023-09-22T21:51:18+00:00","mainEntityOfPage":{"@id":"https:\/\/www.cidademarketing.com.br\/marketing\/2023\/09\/22\/stellantis-confirma-continuidade-do-ciclo-de-investimentos-de-r-25-bilhoes-ate-2025-no-rio-de-janeiro\/"},"wordCount":1536,"commentCount":0,"publisher":{"@id":"https:\/\/www.cidademarketing.com.br\/marketing\/#organization"},"image":{"@id":"https:\/\/www.cidademarketing.com.br\/marketing\/2023\/09\/22\/stellantis-confirma-continuidade-do-ciclo-de-investimentos-de-r-25-bilhoes-ate-2025-no-rio-de-janeiro\/#primaryimage"},"thumbnailUrl":"https:\/\/www.cidademarketing.com.br\/marketing\/wp-content\/uploads\/2023\/09\/stellantis_riodejaneiro.jpg","keywords":["campanha","comunica\u00e7\u00e3o","estrat\u00e9gia","investimento","marketing","Rio","Rio de Janeiro","Stellantis","tecnologia"],"articleSection":["Not\u00edcias"],"inLanguage":"pt-BR","potentialAction":[{"@type":"CommentAction","name":"Comment","target":["https:\/\/www.cidademarketing.com.br\/marketing\/2023\/09\/22\/stellantis-confirma-continuidade-do-ciclo-de-investimentos-de-r-25-bilhoes-ate-2025-no-rio-de-janeiro\/#respond"]}]},{"@type":"WebPage","@id":"https:\/\/www.cidademarketing.com.br\/marketing\/2023\/09\/22\/stellantis-confirma-continuidade-do-ciclo-de-investimentos-de-r-25-bilhoes-ate-2025-no-rio-de-janeiro\/","url":"https:\/\/www.cidademarketing.com.br\/marketing\/2023\/09\/22\/stellantis-confirma-continuidade-do-ciclo-de-investimentos-de-r-25-bilhoes-ate-2025-no-rio-de-janeiro\/","name":"Stellantis confirma continuidade do ciclo de investimentos de R$ 2,5 bilh\u00f5es at\u00e9 2025 no Rio de Janeiro - CidadeMarketing","isPartOf":{"@id":"https:\/\/www.cidademarketing.com.br\/marketing\/#website"},"primaryImageOfPage":{"@id":"https:\/\/www.cidademarketing.com.br\/marketing\/2023\/09\/22\/stellantis-confirma-continuidade-do-ciclo-de-investimentos-de-r-25-bilhoes-ate-2025-no-rio-de-janeiro\/#primaryimage"},"image":{"@id":"https:\/\/www.cidademarketing.com.br\/marketing\/2023\/09\/22\/stellantis-confirma-continuidade-do-ciclo-de-investimentos-de-r-25-bilhoes-ate-2025-no-rio-de-janeiro\/#primaryimage"},"thumbnailUrl":"https:\/\/www.cidademarketing.com.br\/marketing\/wp-content\/uploads\/2023\/09\/stellantis_riodejaneiro.jpg","datePublished":"2023-09-22T21:51:18+00:00","breadcrumb":{"@id":"https:\/\/www.cidademarketing.com.br\/marketing\/2023\/09\/22\/stellantis-confirma-continuidade-do-ciclo-de-investimentos-de-r-25-bilhoes-ate-2025-no-rio-de-janeiro\/#breadcrumb"},"inLanguage":"pt-BR","potentialAction":[{"@type":"ReadAction","target":["https:\/\/www.cidademarketing.com.br\/marketing\/2023\/09\/22\/stellantis-confirma-continuidade-do-ciclo-de-investimentos-de-r-25-bilhoes-ate-2025-no-rio-de-janeiro\/"]}]},{"@type":"ImageObject","inLanguage":"pt-BR","@id":"https:\/\/www.cidademarketing.com.br\/marketing\/2023\/09\/22\/stellantis-confirma-continuidade-do-ciclo-de-investimentos-de-r-25-bilhoes-ate-2025-no-rio-de-janeiro\/#primaryimage","url":"https:\/\/www.cidademarketing.com.br\/marketing\/wp-content\/uploads\/2023\/09\/stellantis_riodejaneiro.jpg","contentUrl":"https:\/\/www.cidademarketing.com.br\/marketing\/wp-content\/uploads\/2023\/09\/stellantis_riodejaneiro.jpg","width":1668,"height":900,"caption":"Divulga\u00e7\u00e3o"},{"@type":"BreadcrumbList","@id":"https:\/\/www.cidademarketing.com.br\/marketing\/2023\/09\/22\/stellantis-confirma-continuidade-do-ciclo-de-investimentos-de-r-25-bilhoes-ate-2025-no-rio-de-janeiro\/#breadcrumb","itemListElement":[{"@type":"ListItem","position":1,"name":"In\u00edcio","item":"https:\/\/www.cidademarketing.com.br\/marketing\/"},{"@type":"ListItem","position":2,"name":"Stellantis confirma continuidade do ciclo de investimentos de R$ 2,5 bilh\u00f5es at\u00e9 2025 no Rio de Janeiro"}]},{"@type":"WebSite","@id":"https:\/\/www.cidademarketing.com.br\/marketing\/#website","url":"https:\/\/www.cidademarketing.com.br\/marketing\/","name":"CidadeMarketing","description":"Somos um ve\u00edculo de comunica\u00e7\u00e3o de destaque no Brasil, reconhecido por conte\u00fados nos segmentos de marketing, empreendedorismo e inova\u00e7\u00e3o.","publisher":{"@id":"https:\/\/www.cidademarketing.com.br\/marketing\/#organization"},"alternateName":"CidadeMarketing","potentialAction":[{"@type":"SearchAction","target":{"@type":"EntryPoint","urlTemplate":"https:\/\/www.cidademarketing.com.br\/marketing\/?s={search_term_string}"},"query-input":{"@type":"PropertyValueSpecification","valueRequired":true,"valueName":"search_term_string"}}],"inLanguage":"pt-BR"},{"@type":"Organization","@id":"https:\/\/www.cidademarketing.com.br\/marketing\/#organization","name":"CidadeMarketing","alternateName":"CidadeMarketing","url":"https:\/\/www.cidademarketing.com.br\/marketing\/","logo":{"@type":"ImageObject","inLanguage":"pt-BR","@id":"https:\/\/www.cidademarketing.com.br\/marketing\/#\/schema\/logo\/image\/","url":"https:\/\/www.cidademarketing.com.br\/marketing\/wp-content\/uploads\/2020\/01\/cidademarketing_marca_mobile.png","contentUrl":"https:\/\/www.cidademarketing.com.br\/marketing\/wp-content\/uploads\/2020\/01\/cidademarketing_marca_mobile.png","width":230,"height":92,"caption":"CidadeMarketing"},"image":{"@id":"https:\/\/www.cidademarketing.com.br\/marketing\/#\/schema\/logo\/image\/"},"sameAs":["https:\/\/www.facebook.com\/portalcidademarketing","https:\/\/x.com\/CidadeMarketing","https:\/\/www.instagram.com\/cidademarketing\/"]},{"@type":"Person","@id":"https:\/\/www.cidademarketing.com.br\/marketing\/#\/schema\/person\/02daff9f18bd9378c9e01eb6b2db155f","name":"Thales Brand\u00e3o","image":{"@type":"ImageObject","inLanguage":"pt-BR","@id":"https:\/\/secure.gravatar.com\/avatar\/7ca3206950207cc3cb48feec56a8a7898741ab725c368d99d5d7a5a50aab80c6?s=96&d=mm&r=g","url":"https:\/\/secure.gravatar.com\/avatar\/7ca3206950207cc3cb48feec56a8a7898741ab725c368d99d5d7a5a50aab80c6?s=96&d=mm&r=g","contentUrl":"https:\/\/secure.gravatar.com\/avatar\/7ca3206950207cc3cb48feec56a8a7898741ab725c368d99d5d7a5a50aab80c6?s=96&d=mm&r=g","caption":"Thales Brand\u00e3o"},"description":"Editor Executivo do Portal CidadeMarketing.com.br &gt; Mestre em Comunica\u00e7\u00e3o e Sociedade pela Universidade Federal de Sergipe. Possui MBA Executivo em Administra\u00e7\u00e3o com \u00eanfase em Marketing pela Funda\u00e7\u00e3o Get\u00falio Vargas - Rio de Janeiro. Consultor, Palestrante e Pesquisador sobre Empreendedorismo, Marketing, Redes Sociais e Neg\u00f3cios Digitais. Professor, Palestrante TedxTalks e Campus Party. Twitter: @ThalesBrandao","sameAs":["http:\/\/www.mandacaru.com.br","https:\/\/www.facebook.com\/thalesbrandao","http:\/\/www.instagram.com.br\/thalesbrandaoferreira","https:\/\/www.linkedin.com\/in\/thales-brand\u00e3o-3948609\/","https:\/\/x.com\/http:\/\/www.twitter.com\/thalesbrandao"],"url":"https:\/\/www.cidademarketing.com.br\/marketing\/author\/thalesbrandao\/"}]}},"amp_enabled":true,"_links":{"self":[{"href":"https:\/\/www.cidademarketing.com.br\/marketing\/wp-json\/wp\/v2\/posts\/47746","targetHints":{"allow":["GET"]}}],"collection":[{"href":"https:\/\/www.cidademarketing.com.br\/marketing\/wp-json\/wp\/v2\/posts"}],"about":[{"href":"https:\/\/www.cidademarketing.com.br\/marketing\/wp-json\/wp\/v2\/types\/post"}],"author":[{"embeddable":true,"href":"https:\/\/www.cidademarketing.com.br\/marketing\/wp-json\/wp\/v2\/users\/1"}],"replies":[{"embeddable":true,"href":"https:\/\/www.cidademarketing.com.br\/marketing\/wp-json\/wp\/v2\/comments?post=47746"}],"version-history":[{"count":2,"href":"https:\/\/www.cidademarketing.com.br\/marketing\/wp-json\/wp\/v2\/posts\/47746\/revisions"}],"predecessor-version":[{"id":47749,"href":"https:\/\/www.cidademarketing.com.br\/marketing\/wp-json\/wp\/v2\/posts\/47746\/revisions\/47749"}],"wp:featuredmedia":[{"embeddable":true,"href":"https:\/\/www.cidademarketing.com.br\/marketing\/wp-json\/wp\/v2\/media\/47748"}],"wp:attachment":[{"href":"https:\/\/www.cidademarketing.com.br\/marketing\/wp-json\/wp\/v2\/media?parent=47746"}],"wp:term":[{"taxonomy":"category","embeddable":true,"href":"https:\/\/www.cidademarketing.com.br\/marketing\/wp-json\/wp\/v2\/categories?post=47746"},{"taxonomy":"post_tag","embeddable":true,"href":"https:\/\/www.cidademarketing.com.br\/marketing\/wp-json\/wp\/v2\/tags?post=47746"}],"curies":[{"name":"wp","href":"https:\/\/api.w.org\/{rel}","templated":true}]}}