{"id":47653,"date":"2023-09-21T08:57:45","date_gmt":"2023-09-21T11:57:45","guid":{"rendered":"https:\/\/www.cidademarketing.com.br\/marketing\/?p=47653"},"modified":"2023-09-21T08:57:45","modified_gmt":"2023-09-21T11:57:45","slug":"huawei-cria-revista-em-celebracao-aos-25-anos-de-presenca-no-brasil","status":"publish","type":"post","link":"https:\/\/www.cidademarketing.com.br\/marketing\/2023\/09\/21\/huawei-cria-revista-em-celebracao-aos-25-anos-de-presenca-no-brasil\/","title":{"rendered":"Huawei cria revista em celebra\u00e7\u00e3o aos 25 anos de presen\u00e7a no Brasil"},"content":{"rendered":"<p>A Huawei, multinacional l\u00edder em infraestrutura para Tecnologia da Informa\u00e7\u00e3o e da Comunica\u00e7\u00e3o (TIC) e dispositivos inteligentes, lan\u00e7ou uma revista em celebra\u00e7\u00e3o aos 25 anos de presen\u00e7a no Brasil. Com o t\u00edtulo \u201cHuawei Brasil 25 anos \u2013 Brasil Digital: Huawei e o orgulho de construir o presente e o futuro\u201d, a edi\u00e7\u00e3o conta a reconstru\u00e7\u00e3o hist\u00f3rica da atua\u00e7\u00e3o da empresa no pa\u00eds, marcos nacionais para as telecomunica\u00e7\u00f5es, a comemora\u00e7\u00e3o do Jubileu de Prata da multinacional e, tamb\u00e9m, os planos e perspectivas da companhia para o futuro do pa\u00eds.<\/p>\n<p><a href=\"https:\/\/www.cidademarketing.com.br\/marketing\/sua-marca-vai-virar-noticia\/\" target=\"_blank\" rel=\"noopener\"><img fetchpriority=\"high\" decoding=\"async\" class=\"wp-image-44329 aligncenter\" src=\"https:\/\/www.cidademarketing.com.br\/marketing\/wp-content\/uploads\/2023\/04\/cidademarketing_backlinks_marketingdigital_publieditorial_.png\" alt=\"\" width=\"500\" height=\"500\" \/><\/a><\/p>\n<p>A revista, que tem vers\u00e3o impressa e digital, tamb\u00e9m traz depoimentos de autoridades dos diferentes mercados de atua\u00e7\u00e3o da Huawei, como Sandoval Feitosa Neto, Diretor Geral da ANEEL \u2013 Ag\u00eancia Nacional de Energia El\u00e9trica; Mois\u00e9s Moreira, vice-presidente da Anatel e Rubens Souza, coordenador em C&amp;T no Minist\u00e9rio da Ci\u00eancia, Tecnologia e Inova\u00e7\u00f5es (MCTI), entre outros.<\/p>\n<p>\u201cA publica\u00e7\u00e3o \u00e9 um registro de toda a nossa contribui\u00e7\u00e3o com o Brasil, mostrando que desde o come\u00e7o de nossa trajet\u00f3ria no pa\u00eds, estamos colaborando para o desenvolvimento social e tecnol\u00f3gico nacional\u201d, afirma Atilio Rulli, vice-presidente de Rela\u00e7\u00f5es P\u00fablicas da Huawei na Am\u00e9rica Latina e Caribe.<\/p>\n<p>A revista retorna ao in\u00edcio da trajet\u00f3ria da empresa do Brasil, em 1998, trazendo uma linha do tempo que passa pelo lan\u00e7amento das redes 2G, 3G, 4G, 4.5G at\u00e9 a 5G nos dias de hoje. Al\u00e9m disso, tamb\u00e9m apresenta a participa\u00e7\u00e3o da Huawei em grandes marcos da hist\u00f3ria recente do pa\u00eds, como as Olimp\u00edadas do Rio de Janeiro em 2016 e a Copa do Mundo em 2014.<\/p>\n<p>O exemplar est\u00e1 dispon\u00edvel em um <a href=\"https:\/\/www.huawei25anos.com.br\/\" target=\"_blank\" rel=\"noopener\">hotsite especial<\/a>, que conta tamb\u00e9m com uma entrevista do CEO da Huawei Brasil, Mr. Sun Baocheng. O executivo comentou sobre o plano da multinacional para o pa\u00eds. Segundo ele, na educa\u00e7\u00e3o, a miss\u00e3o \u00e9 conectar, com qualidade e garantia de servi\u00e7o, as escolas que ainda n\u00e3o t\u00eam internet. Na sa\u00fade, o objetivo \u00e9 fornecer tecnologia para a constru\u00e7\u00e3o de hospitais inteligentes visando o melhor atendimento ao cidad\u00e3o. Sun Baocheng refor\u00e7a ainda que \u00e9 hora do Brasil acelerar em dire\u00e7\u00e3o \u00e0s novas tecnologias como intelig\u00eancia artificial e nuvem p\u00fablica.<\/p>\n<p>Al\u00e9m de retomar a trajet\u00f3ria da empresa, a revista tamb\u00e9m apresenta os planos da Huawei para o futuro. O conceito de \u201cNa\u00e7\u00e3o Digital\u201d \u00e9 apresentado ao longo da publica\u00e7\u00e3o, isto \u00e9, a constru\u00e7\u00e3o de um \u201cgoverno digital\u201d, de \u201ccidades digitais\u201d e da \u201cdigitaliza\u00e7\u00e3o da ind\u00fastria\u201d por meio da ampla aplica\u00e7\u00e3o de tecnologias digitais.<\/p>\n<p><iframe title=\"Spotify Embed: Podcast CidadeMarketing\" style=\"border-radius: 12px\" width=\"100%\" height=\"152\" frameborder=\"0\" allowfullscreen allow=\"autoplay; clipboard-write; encrypted-media; fullscreen; picture-in-picture\" loading=\"lazy\" src=\"https:\/\/open.spotify.com\/embed\/show\/4khMKzP3FgFRWVwb73xicc?si=252fe5bff2b34909&#038;utm_source=oembed\"><\/iframe><\/p>\n<p>&nbsp;<\/p>\n<p>Esse conceito entende que a conectividade e o acesso \u00e0s tecnologias devem ser tratados como um direito universal. \u00c9 poss\u00edvel implementar o projeto por meio das pol\u00edticas governamentais unificadas, a realiza\u00e7\u00e3o pr\u00e1tica dessas pol\u00edticas, a transforma\u00e7\u00e3o digital da economia e a sustentabilidade, al\u00e9m do acesso \u00e0 internet de qualidade e a instala\u00e7\u00e3o de estruturas de data centers.<\/p>\n","protected":false},"excerpt":{"rendered":"<p>A Huawei, multinacional l\u00edder em infraestrutura para Tecnologia da Informa\u00e7\u00e3o e da Comunica\u00e7\u00e3o (TIC) e dispositivos inteligentes, lan\u00e7ou uma revista em celebra\u00e7\u00e3o aos 25 anos de presen\u00e7a no Brasil. Com o t\u00edtulo \u201cHuawei Brasil 25 anos \u2013 Brasil Digital: Huawei e o orgulho de construir o presente e o futuro\u201d, a edi\u00e7\u00e3o conta a reconstru\u00e7\u00e3o [&hellip;]<\/p>\n","protected":false},"author":1,"featured_media":47654,"comment_status":"open","ping_status":"open","sticky":false,"template":"","format":"standard","meta":{"tdm_status":"","tdm_grid_status":"","footnotes":""},"categories":[6],"tags":[147,65,33,1914,293,28,185],"class_list":["post-47653","post","type-post","status-publish","format-standard","has-post-thumbnail","hentry","category-noticias","tag-brasil","tag-campanha","tag-estrategia","tag-huawei","tag-inovacao","tag-marketing","tag-tecnologia"],"yoast_head":"<!-- This site is optimized with the Yoast SEO plugin v27.5 - https:\/\/yoast.com\/product\/yoast-seo-wordpress\/ -->\n<title>Huawei cria revista em celebra\u00e7\u00e3o aos 25 anos de presen\u00e7a no Brasil - CidadeMarketing<\/title>\n<meta name=\"robots\" content=\"index, follow, max-snippet:-1, max-image-preview:large, max-video-preview:-1\" \/>\n<link rel=\"canonical\" href=\"https:\/\/www.cidademarketing.com.br\/marketing\/2023\/09\/21\/huawei-cria-revista-em-celebracao-aos-25-anos-de-presenca-no-brasil\/\" \/>\n<meta property=\"og:locale\" content=\"pt_BR\" \/>\n<meta property=\"og:type\" content=\"article\" \/>\n<meta property=\"og:title\" content=\"Huawei cria revista em celebra\u00e7\u00e3o aos 25 anos de presen\u00e7a no Brasil - CidadeMarketing\" \/>\n<meta property=\"og:description\" content=\"A Huawei, multinacional l\u00edder em infraestrutura para Tecnologia da Informa\u00e7\u00e3o e da Comunica\u00e7\u00e3o (TIC) e dispositivos inteligentes, lan\u00e7ou uma revista em celebra\u00e7\u00e3o aos 25 anos de presen\u00e7a no Brasil. Com o t\u00edtulo \u201cHuawei Brasil 25 anos \u2013 Brasil Digital: Huawei e o orgulho de construir o presente e o futuro\u201d, a edi\u00e7\u00e3o conta a reconstru\u00e7\u00e3o [&hellip;]\" \/>\n<meta property=\"og:url\" content=\"https:\/\/www.cidademarketing.com.br\/marketing\/2023\/09\/21\/huawei-cria-revista-em-celebracao-aos-25-anos-de-presenca-no-brasil\/\" \/>\n<meta property=\"og:site_name\" content=\"CidadeMarketing\" \/>\n<meta property=\"article:publisher\" content=\"https:\/\/www.facebook.com\/portalcidademarketing\" \/>\n<meta property=\"article:author\" content=\"https:\/\/www.facebook.com\/thalesbrandao\" \/>\n<meta property=\"article:published_time\" content=\"2023-09-21T11:57:45+00:00\" \/>\n<meta property=\"og:image\" content=\"https:\/\/www.cidademarketing.com.br\/marketing\/wp-content\/uploads\/2023\/09\/Huawei_25anosbrasil.jpg\" \/>\n\t<meta property=\"og:image:width\" content=\"720\" \/>\n\t<meta property=\"og:image:height\" content=\"413\" \/>\n\t<meta property=\"og:image:type\" content=\"image\/jpeg\" \/>\n<meta name=\"author\" content=\"Thales Brand\u00e3o\" \/>\n<meta name=\"twitter:card\" content=\"summary_large_image\" \/>\n<meta name=\"twitter:creator\" content=\"@http:\/\/www.twitter.com\/thalesbrandao\" \/>\n<meta name=\"twitter:site\" content=\"@CidadeMarketing\" \/>\n<meta name=\"twitter:label1\" content=\"Escrito por\" \/>\n\t<meta name=\"twitter:data1\" content=\"Thales Brand\u00e3o\" \/>\n\t<meta name=\"twitter:label2\" content=\"Est. tempo de leitura\" \/>\n\t<meta name=\"twitter:data2\" content=\"3 minutos\" \/>\n<script type=\"application\/ld+json\" class=\"yoast-schema-graph\">{\"@context\":\"https:\\\/\\\/schema.org\",\"@graph\":[{\"@type\":\"Article\",\"@id\":\"https:\\\/\\\/www.cidademarketing.com.br\\\/marketing\\\/2023\\\/09\\\/21\\\/huawei-cria-revista-em-celebracao-aos-25-anos-de-presenca-no-brasil\\\/#article\",\"isPartOf\":{\"@id\":\"https:\\\/\\\/www.cidademarketing.com.br\\\/marketing\\\/2023\\\/09\\\/21\\\/huawei-cria-revista-em-celebracao-aos-25-anos-de-presenca-no-brasil\\\/\"},\"author\":{\"name\":\"Thales Brand\u00e3o\",\"@id\":\"https:\\\/\\\/www.cidademarketing.com.br\\\/marketing\\\/#\\\/schema\\\/person\\\/02daff9f18bd9378c9e01eb6b2db155f\"},\"headline\":\"Huawei cria revista em celebra\u00e7\u00e3o aos 25 anos de presen\u00e7a no Brasil\",\"datePublished\":\"2023-09-21T11:57:45+00:00\",\"mainEntityOfPage\":{\"@id\":\"https:\\\/\\\/www.cidademarketing.com.br\\\/marketing\\\/2023\\\/09\\\/21\\\/huawei-cria-revista-em-celebracao-aos-25-anos-de-presenca-no-brasil\\\/\"},\"wordCount\":550,\"commentCount\":0,\"publisher\":{\"@id\":\"https:\\\/\\\/www.cidademarketing.com.br\\\/marketing\\\/#organization\"},\"image\":{\"@id\":\"https:\\\/\\\/www.cidademarketing.com.br\\\/marketing\\\/2023\\\/09\\\/21\\\/huawei-cria-revista-em-celebracao-aos-25-anos-de-presenca-no-brasil\\\/#primaryimage\"},\"thumbnailUrl\":\"https:\\\/\\\/www.cidademarketing.com.br\\\/marketing\\\/wp-content\\\/uploads\\\/2023\\\/09\\\/Huawei_25anosbrasil.jpg\",\"keywords\":[\"Brasil\",\"campanha\",\"estrat\u00e9gia\",\"Huawei\",\"inova\u00e7\u00e3o\",\"marketing\",\"tecnologia\"],\"articleSection\":[\"Not\u00edcias\"],\"inLanguage\":\"pt-BR\",\"potentialAction\":[{\"@type\":\"CommentAction\",\"name\":\"Comment\",\"target\":[\"https:\\\/\\\/www.cidademarketing.com.br\\\/marketing\\\/2023\\\/09\\\/21\\\/huawei-cria-revista-em-celebracao-aos-25-anos-de-presenca-no-brasil\\\/#respond\"]}]},{\"@type\":\"WebPage\",\"@id\":\"https:\\\/\\\/www.cidademarketing.com.br\\\/marketing\\\/2023\\\/09\\\/21\\\/huawei-cria-revista-em-celebracao-aos-25-anos-de-presenca-no-brasil\\\/\",\"url\":\"https:\\\/\\\/www.cidademarketing.com.br\\\/marketing\\\/2023\\\/09\\\/21\\\/huawei-cria-revista-em-celebracao-aos-25-anos-de-presenca-no-brasil\\\/\",\"name\":\"Huawei cria revista em celebra\u00e7\u00e3o aos 25 anos de presen\u00e7a no Brasil - CidadeMarketing\",\"isPartOf\":{\"@id\":\"https:\\\/\\\/www.cidademarketing.com.br\\\/marketing\\\/#website\"},\"primaryImageOfPage\":{\"@id\":\"https:\\\/\\\/www.cidademarketing.com.br\\\/marketing\\\/2023\\\/09\\\/21\\\/huawei-cria-revista-em-celebracao-aos-25-anos-de-presenca-no-brasil\\\/#primaryimage\"},\"image\":{\"@id\":\"https:\\\/\\\/www.cidademarketing.com.br\\\/marketing\\\/2023\\\/09\\\/21\\\/huawei-cria-revista-em-celebracao-aos-25-anos-de-presenca-no-brasil\\\/#primaryimage\"},\"thumbnailUrl\":\"https:\\\/\\\/www.cidademarketing.com.br\\\/marketing\\\/wp-content\\\/uploads\\\/2023\\\/09\\\/Huawei_25anosbrasil.jpg\",\"datePublished\":\"2023-09-21T11:57:45+00:00\",\"breadcrumb\":{\"@id\":\"https:\\\/\\\/www.cidademarketing.com.br\\\/marketing\\\/2023\\\/09\\\/21\\\/huawei-cria-revista-em-celebracao-aos-25-anos-de-presenca-no-brasil\\\/#breadcrumb\"},\"inLanguage\":\"pt-BR\",\"potentialAction\":[{\"@type\":\"ReadAction\",\"target\":[\"https:\\\/\\\/www.cidademarketing.com.br\\\/marketing\\\/2023\\\/09\\\/21\\\/huawei-cria-revista-em-celebracao-aos-25-anos-de-presenca-no-brasil\\\/\"]}]},{\"@type\":\"ImageObject\",\"inLanguage\":\"pt-BR\",\"@id\":\"https:\\\/\\\/www.cidademarketing.com.br\\\/marketing\\\/2023\\\/09\\\/21\\\/huawei-cria-revista-em-celebracao-aos-25-anos-de-presenca-no-brasil\\\/#primaryimage\",\"url\":\"https:\\\/\\\/www.cidademarketing.com.br\\\/marketing\\\/wp-content\\\/uploads\\\/2023\\\/09\\\/Huawei_25anosbrasil.jpg\",\"contentUrl\":\"https:\\\/\\\/www.cidademarketing.com.br\\\/marketing\\\/wp-content\\\/uploads\\\/2023\\\/09\\\/Huawei_25anosbrasil.jpg\",\"width\":720,\"height\":413,\"caption\":\"Divulga\u00e7\u00e3o\"},{\"@type\":\"BreadcrumbList\",\"@id\":\"https:\\\/\\\/www.cidademarketing.com.br\\\/marketing\\\/2023\\\/09\\\/21\\\/huawei-cria-revista-em-celebracao-aos-25-anos-de-presenca-no-brasil\\\/#breadcrumb\",\"itemListElement\":[{\"@type\":\"ListItem\",\"position\":1,\"name\":\"In\u00edcio\",\"item\":\"https:\\\/\\\/www.cidademarketing.com.br\\\/marketing\\\/\"},{\"@type\":\"ListItem\",\"position\":2,\"name\":\"Huawei cria revista em celebra\u00e7\u00e3o aos 25 anos de presen\u00e7a no Brasil\"}]},{\"@type\":\"WebSite\",\"@id\":\"https:\\\/\\\/www.cidademarketing.com.br\\\/marketing\\\/#website\",\"url\":\"https:\\\/\\\/www.cidademarketing.com.br\\\/marketing\\\/\",\"name\":\"CidadeMarketing\",\"description\":\"Somos um ve\u00edculo de comunica\u00e7\u00e3o de destaque no Brasil, reconhecido por conte\u00fados nos segmentos de marketing, empreendedorismo e inova\u00e7\u00e3o.\",\"publisher\":{\"@id\":\"https:\\\/\\\/www.cidademarketing.com.br\\\/marketing\\\/#organization\"},\"alternateName\":\"CidadeMarketing\",\"potentialAction\":[{\"@type\":\"SearchAction\",\"target\":{\"@type\":\"EntryPoint\",\"urlTemplate\":\"https:\\\/\\\/www.cidademarketing.com.br\\\/marketing\\\/?s={search_term_string}\"},\"query-input\":{\"@type\":\"PropertyValueSpecification\",\"valueRequired\":true,\"valueName\":\"search_term_string\"}}],\"inLanguage\":\"pt-BR\"},{\"@type\":\"Organization\",\"@id\":\"https:\\\/\\\/www.cidademarketing.com.br\\\/marketing\\\/#organization\",\"name\":\"CidadeMarketing\",\"alternateName\":\"CidadeMarketing\",\"url\":\"https:\\\/\\\/www.cidademarketing.com.br\\\/marketing\\\/\",\"logo\":{\"@type\":\"ImageObject\",\"inLanguage\":\"pt-BR\",\"@id\":\"https:\\\/\\\/www.cidademarketing.com.br\\\/marketing\\\/#\\\/schema\\\/logo\\\/image\\\/\",\"url\":\"https:\\\/\\\/www.cidademarketing.com.br\\\/marketing\\\/wp-content\\\/uploads\\\/2020\\\/01\\\/cidademarketing_marca_mobile.png\",\"contentUrl\":\"https:\\\/\\\/www.cidademarketing.com.br\\\/marketing\\\/wp-content\\\/uploads\\\/2020\\\/01\\\/cidademarketing_marca_mobile.png\",\"width\":230,\"height\":92,\"caption\":\"CidadeMarketing\"},\"image\":{\"@id\":\"https:\\\/\\\/www.cidademarketing.com.br\\\/marketing\\\/#\\\/schema\\\/logo\\\/image\\\/\"},\"sameAs\":[\"https:\\\/\\\/www.facebook.com\\\/portalcidademarketing\",\"https:\\\/\\\/x.com\\\/CidadeMarketing\",\"https:\\\/\\\/www.instagram.com\\\/cidademarketing\\\/\"]},{\"@type\":\"Person\",\"@id\":\"https:\\\/\\\/www.cidademarketing.com.br\\\/marketing\\\/#\\\/schema\\\/person\\\/02daff9f18bd9378c9e01eb6b2db155f\",\"name\":\"Thales Brand\u00e3o\",\"image\":{\"@type\":\"ImageObject\",\"inLanguage\":\"pt-BR\",\"@id\":\"https:\\\/\\\/secure.gravatar.com\\\/avatar\\\/7ca3206950207cc3cb48feec56a8a7898741ab725c368d99d5d7a5a50aab80c6?s=96&d=mm&r=g\",\"url\":\"https:\\\/\\\/secure.gravatar.com\\\/avatar\\\/7ca3206950207cc3cb48feec56a8a7898741ab725c368d99d5d7a5a50aab80c6?s=96&d=mm&r=g\",\"contentUrl\":\"https:\\\/\\\/secure.gravatar.com\\\/avatar\\\/7ca3206950207cc3cb48feec56a8a7898741ab725c368d99d5d7a5a50aab80c6?s=96&d=mm&r=g\",\"caption\":\"Thales Brand\u00e3o\"},\"description\":\"Editor Executivo do Portal CidadeMarketing.com.br &gt; Mestre em Comunica\u00e7\u00e3o e Sociedade pela Universidade Federal de Sergipe. Possui MBA Executivo em Administra\u00e7\u00e3o com \u00eanfase em Marketing pela Funda\u00e7\u00e3o Get\u00falio Vargas - Rio de Janeiro. Consultor, Palestrante e Pesquisador sobre Empreendedorismo, Marketing, Redes Sociais e Neg\u00f3cios Digitais. Professor, Palestrante TedxTalks e Campus Party. Twitter: @ThalesBrandao\",\"sameAs\":[\"http:\\\/\\\/www.mandacaru.com.br\",\"https:\\\/\\\/www.facebook.com\\\/thalesbrandao\",\"http:\\\/\\\/www.instagram.com.br\\\/thalesbrandaoferreira\",\"https:\\\/\\\/www.linkedin.com\\\/in\\\/thales-brand\u00e3o-3948609\\\/\",\"https:\\\/\\\/x.com\\\/http:\\\/\\\/www.twitter.com\\\/thalesbrandao\"],\"url\":\"https:\\\/\\\/www.cidademarketing.com.br\\\/marketing\\\/author\\\/thalesbrandao\\\/\"}]}<\/script>\n<!-- \/ Yoast SEO plugin. -->","yoast_head_json":{"title":"Huawei cria revista em celebra\u00e7\u00e3o aos 25 anos de presen\u00e7a no Brasil - CidadeMarketing","robots":{"index":"index","follow":"follow","max-snippet":"max-snippet:-1","max-image-preview":"max-image-preview:large","max-video-preview":"max-video-preview:-1"},"canonical":"https:\/\/www.cidademarketing.com.br\/marketing\/2023\/09\/21\/huawei-cria-revista-em-celebracao-aos-25-anos-de-presenca-no-brasil\/","og_locale":"pt_BR","og_type":"article","og_title":"Huawei cria revista em celebra\u00e7\u00e3o aos 25 anos de presen\u00e7a no Brasil - CidadeMarketing","og_description":"A Huawei, multinacional l\u00edder em infraestrutura para Tecnologia da Informa\u00e7\u00e3o e da Comunica\u00e7\u00e3o (TIC) e dispositivos inteligentes, lan\u00e7ou uma revista em celebra\u00e7\u00e3o aos 25 anos de presen\u00e7a no Brasil. Com o t\u00edtulo \u201cHuawei Brasil 25 anos \u2013 Brasil Digital: Huawei e o orgulho de construir o presente e o futuro\u201d, a edi\u00e7\u00e3o conta a reconstru\u00e7\u00e3o [&hellip;]","og_url":"https:\/\/www.cidademarketing.com.br\/marketing\/2023\/09\/21\/huawei-cria-revista-em-celebracao-aos-25-anos-de-presenca-no-brasil\/","og_site_name":"CidadeMarketing","article_publisher":"https:\/\/www.facebook.com\/portalcidademarketing","article_author":"https:\/\/www.facebook.com\/thalesbrandao","article_published_time":"2023-09-21T11:57:45+00:00","og_image":[{"width":720,"height":413,"url":"https:\/\/www.cidademarketing.com.br\/marketing\/wp-content\/uploads\/2023\/09\/Huawei_25anosbrasil.jpg","type":"image\/jpeg"}],"author":"Thales Brand\u00e3o","twitter_card":"summary_large_image","twitter_creator":"@http:\/\/www.twitter.com\/thalesbrandao","twitter_site":"@CidadeMarketing","twitter_misc":{"Escrito por":"Thales Brand\u00e3o","Est. tempo de leitura":"3 minutos"},"schema":{"@context":"https:\/\/schema.org","@graph":[{"@type":"Article","@id":"https:\/\/www.cidademarketing.com.br\/marketing\/2023\/09\/21\/huawei-cria-revista-em-celebracao-aos-25-anos-de-presenca-no-brasil\/#article","isPartOf":{"@id":"https:\/\/www.cidademarketing.com.br\/marketing\/2023\/09\/21\/huawei-cria-revista-em-celebracao-aos-25-anos-de-presenca-no-brasil\/"},"author":{"name":"Thales Brand\u00e3o","@id":"https:\/\/www.cidademarketing.com.br\/marketing\/#\/schema\/person\/02daff9f18bd9378c9e01eb6b2db155f"},"headline":"Huawei cria revista em celebra\u00e7\u00e3o aos 25 anos de presen\u00e7a no Brasil","datePublished":"2023-09-21T11:57:45+00:00","mainEntityOfPage":{"@id":"https:\/\/www.cidademarketing.com.br\/marketing\/2023\/09\/21\/huawei-cria-revista-em-celebracao-aos-25-anos-de-presenca-no-brasil\/"},"wordCount":550,"commentCount":0,"publisher":{"@id":"https:\/\/www.cidademarketing.com.br\/marketing\/#organization"},"image":{"@id":"https:\/\/www.cidademarketing.com.br\/marketing\/2023\/09\/21\/huawei-cria-revista-em-celebracao-aos-25-anos-de-presenca-no-brasil\/#primaryimage"},"thumbnailUrl":"https:\/\/www.cidademarketing.com.br\/marketing\/wp-content\/uploads\/2023\/09\/Huawei_25anosbrasil.jpg","keywords":["Brasil","campanha","estrat\u00e9gia","Huawei","inova\u00e7\u00e3o","marketing","tecnologia"],"articleSection":["Not\u00edcias"],"inLanguage":"pt-BR","potentialAction":[{"@type":"CommentAction","name":"Comment","target":["https:\/\/www.cidademarketing.com.br\/marketing\/2023\/09\/21\/huawei-cria-revista-em-celebracao-aos-25-anos-de-presenca-no-brasil\/#respond"]}]},{"@type":"WebPage","@id":"https:\/\/www.cidademarketing.com.br\/marketing\/2023\/09\/21\/huawei-cria-revista-em-celebracao-aos-25-anos-de-presenca-no-brasil\/","url":"https:\/\/www.cidademarketing.com.br\/marketing\/2023\/09\/21\/huawei-cria-revista-em-celebracao-aos-25-anos-de-presenca-no-brasil\/","name":"Huawei cria revista em celebra\u00e7\u00e3o aos 25 anos de presen\u00e7a no Brasil - CidadeMarketing","isPartOf":{"@id":"https:\/\/www.cidademarketing.com.br\/marketing\/#website"},"primaryImageOfPage":{"@id":"https:\/\/www.cidademarketing.com.br\/marketing\/2023\/09\/21\/huawei-cria-revista-em-celebracao-aos-25-anos-de-presenca-no-brasil\/#primaryimage"},"image":{"@id":"https:\/\/www.cidademarketing.com.br\/marketing\/2023\/09\/21\/huawei-cria-revista-em-celebracao-aos-25-anos-de-presenca-no-brasil\/#primaryimage"},"thumbnailUrl":"https:\/\/www.cidademarketing.com.br\/marketing\/wp-content\/uploads\/2023\/09\/Huawei_25anosbrasil.jpg","datePublished":"2023-09-21T11:57:45+00:00","breadcrumb":{"@id":"https:\/\/www.cidademarketing.com.br\/marketing\/2023\/09\/21\/huawei-cria-revista-em-celebracao-aos-25-anos-de-presenca-no-brasil\/#breadcrumb"},"inLanguage":"pt-BR","potentialAction":[{"@type":"ReadAction","target":["https:\/\/www.cidademarketing.com.br\/marketing\/2023\/09\/21\/huawei-cria-revista-em-celebracao-aos-25-anos-de-presenca-no-brasil\/"]}]},{"@type":"ImageObject","inLanguage":"pt-BR","@id":"https:\/\/www.cidademarketing.com.br\/marketing\/2023\/09\/21\/huawei-cria-revista-em-celebracao-aos-25-anos-de-presenca-no-brasil\/#primaryimage","url":"https:\/\/www.cidademarketing.com.br\/marketing\/wp-content\/uploads\/2023\/09\/Huawei_25anosbrasil.jpg","contentUrl":"https:\/\/www.cidademarketing.com.br\/marketing\/wp-content\/uploads\/2023\/09\/Huawei_25anosbrasil.jpg","width":720,"height":413,"caption":"Divulga\u00e7\u00e3o"},{"@type":"BreadcrumbList","@id":"https:\/\/www.cidademarketing.com.br\/marketing\/2023\/09\/21\/huawei-cria-revista-em-celebracao-aos-25-anos-de-presenca-no-brasil\/#breadcrumb","itemListElement":[{"@type":"ListItem","position":1,"name":"In\u00edcio","item":"https:\/\/www.cidademarketing.com.br\/marketing\/"},{"@type":"ListItem","position":2,"name":"Huawei cria revista em celebra\u00e7\u00e3o aos 25 anos de presen\u00e7a no Brasil"}]},{"@type":"WebSite","@id":"https:\/\/www.cidademarketing.com.br\/marketing\/#website","url":"https:\/\/www.cidademarketing.com.br\/marketing\/","name":"CidadeMarketing","description":"Somos um ve\u00edculo de comunica\u00e7\u00e3o de destaque no Brasil, reconhecido por conte\u00fados nos segmentos de marketing, empreendedorismo e inova\u00e7\u00e3o.","publisher":{"@id":"https:\/\/www.cidademarketing.com.br\/marketing\/#organization"},"alternateName":"CidadeMarketing","potentialAction":[{"@type":"SearchAction","target":{"@type":"EntryPoint","urlTemplate":"https:\/\/www.cidademarketing.com.br\/marketing\/?s={search_term_string}"},"query-input":{"@type":"PropertyValueSpecification","valueRequired":true,"valueName":"search_term_string"}}],"inLanguage":"pt-BR"},{"@type":"Organization","@id":"https:\/\/www.cidademarketing.com.br\/marketing\/#organization","name":"CidadeMarketing","alternateName":"CidadeMarketing","url":"https:\/\/www.cidademarketing.com.br\/marketing\/","logo":{"@type":"ImageObject","inLanguage":"pt-BR","@id":"https:\/\/www.cidademarketing.com.br\/marketing\/#\/schema\/logo\/image\/","url":"https:\/\/www.cidademarketing.com.br\/marketing\/wp-content\/uploads\/2020\/01\/cidademarketing_marca_mobile.png","contentUrl":"https:\/\/www.cidademarketing.com.br\/marketing\/wp-content\/uploads\/2020\/01\/cidademarketing_marca_mobile.png","width":230,"height":92,"caption":"CidadeMarketing"},"image":{"@id":"https:\/\/www.cidademarketing.com.br\/marketing\/#\/schema\/logo\/image\/"},"sameAs":["https:\/\/www.facebook.com\/portalcidademarketing","https:\/\/x.com\/CidadeMarketing","https:\/\/www.instagram.com\/cidademarketing\/"]},{"@type":"Person","@id":"https:\/\/www.cidademarketing.com.br\/marketing\/#\/schema\/person\/02daff9f18bd9378c9e01eb6b2db155f","name":"Thales Brand\u00e3o","image":{"@type":"ImageObject","inLanguage":"pt-BR","@id":"https:\/\/secure.gravatar.com\/avatar\/7ca3206950207cc3cb48feec56a8a7898741ab725c368d99d5d7a5a50aab80c6?s=96&d=mm&r=g","url":"https:\/\/secure.gravatar.com\/avatar\/7ca3206950207cc3cb48feec56a8a7898741ab725c368d99d5d7a5a50aab80c6?s=96&d=mm&r=g","contentUrl":"https:\/\/secure.gravatar.com\/avatar\/7ca3206950207cc3cb48feec56a8a7898741ab725c368d99d5d7a5a50aab80c6?s=96&d=mm&r=g","caption":"Thales Brand\u00e3o"},"description":"Editor Executivo do Portal CidadeMarketing.com.br &gt; Mestre em Comunica\u00e7\u00e3o e Sociedade pela Universidade Federal de Sergipe. Possui MBA Executivo em Administra\u00e7\u00e3o com \u00eanfase em Marketing pela Funda\u00e7\u00e3o Get\u00falio Vargas - Rio de Janeiro. Consultor, Palestrante e Pesquisador sobre Empreendedorismo, Marketing, Redes Sociais e Neg\u00f3cios Digitais. Professor, Palestrante TedxTalks e Campus Party. Twitter: @ThalesBrandao","sameAs":["http:\/\/www.mandacaru.com.br","https:\/\/www.facebook.com\/thalesbrandao","http:\/\/www.instagram.com.br\/thalesbrandaoferreira","https:\/\/www.linkedin.com\/in\/thales-brand\u00e3o-3948609\/","https:\/\/x.com\/http:\/\/www.twitter.com\/thalesbrandao"],"url":"https:\/\/www.cidademarketing.com.br\/marketing\/author\/thalesbrandao\/"}]}},"amp_enabled":true,"_links":{"self":[{"href":"https:\/\/www.cidademarketing.com.br\/marketing\/wp-json\/wp\/v2\/posts\/47653","targetHints":{"allow":["GET"]}}],"collection":[{"href":"https:\/\/www.cidademarketing.com.br\/marketing\/wp-json\/wp\/v2\/posts"}],"about":[{"href":"https:\/\/www.cidademarketing.com.br\/marketing\/wp-json\/wp\/v2\/types\/post"}],"author":[{"embeddable":true,"href":"https:\/\/www.cidademarketing.com.br\/marketing\/wp-json\/wp\/v2\/users\/1"}],"replies":[{"embeddable":true,"href":"https:\/\/www.cidademarketing.com.br\/marketing\/wp-json\/wp\/v2\/comments?post=47653"}],"version-history":[{"count":1,"href":"https:\/\/www.cidademarketing.com.br\/marketing\/wp-json\/wp\/v2\/posts\/47653\/revisions"}],"predecessor-version":[{"id":47655,"href":"https:\/\/www.cidademarketing.com.br\/marketing\/wp-json\/wp\/v2\/posts\/47653\/revisions\/47655"}],"wp:featuredmedia":[{"embeddable":true,"href":"https:\/\/www.cidademarketing.com.br\/marketing\/wp-json\/wp\/v2\/media\/47654"}],"wp:attachment":[{"href":"https:\/\/www.cidademarketing.com.br\/marketing\/wp-json\/wp\/v2\/media?parent=47653"}],"wp:term":[{"taxonomy":"category","embeddable":true,"href":"https:\/\/www.cidademarketing.com.br\/marketing\/wp-json\/wp\/v2\/categories?post=47653"},{"taxonomy":"post_tag","embeddable":true,"href":"https:\/\/www.cidademarketing.com.br\/marketing\/wp-json\/wp\/v2\/tags?post=47653"}],"curies":[{"name":"wp","href":"https:\/\/api.w.org\/{rel}","templated":true}]}}