{"id":47637,"date":"2023-09-21T00:23:13","date_gmt":"2023-09-21T03:23:13","guid":{"rendered":"https:\/\/www.cidademarketing.com.br\/marketing\/?p=47637"},"modified":"2023-09-21T00:23:13","modified_gmt":"2023-09-21T03:23:13","slug":"anitta-se-une-a-levis-em-campanha-global-para-celebrar-150-anos-da-calca-jeans-501","status":"publish","type":"post","link":"https:\/\/www.cidademarketing.com.br\/marketing\/2023\/09\/21\/anitta-se-une-a-levis-em-campanha-global-para-celebrar-150-anos-da-calca-jeans-501\/","title":{"rendered":"Anitta se une \u00e0 Levi&#8217;s\u00ae em campanha global para celebrar 150 Anos da cal\u00e7a jeans 501\u00ae"},"content":{"rendered":"<p>Poucos itens na hist\u00f3ria da moda, do comportamento e do consumo s\u00e3o t\u00e3o prevalentes no estilo de vida contempor\u00e2neo como a cal\u00e7a jeans. Criada em 1873 como vestu\u00e1rio funcional para trabalhadores da minera\u00e7\u00e3o, a pe\u00e7a ganhou os guarda-roupas de todos pela versatilidade e se tornou um dos maiores \u00edcones globais da moda. A partir de seu modelo pioneiro, a 501\u00ae Original, da Levi&#8217;s\u00ae, se tornou um curinga para a express\u00e3o aut\u00eantica de identidades criativas e \u00fanicas, de pessoas ou grupos, atrav\u00e9s do estilo e do comportamento. N\u00e3o \u00e0 toa, o jeans da Levi&#8217;s\u00ae fez parte da express\u00e3o de movimentos culturais na m\u00fasica e em outras \u00e1reas criativas, em diversos momentos do \u00faltimo s\u00e9culo e meio, que definiram n\u00e3o s\u00f3 uma est\u00e9tica mas uma nova forma de entender o mundo \u2013 e, assim, o jeans se afirmava cada vez mais como sin\u00f4nimo de cultura jovem e criatividade.<\/p>\n<p><a href=\"https:\/\/www.cidademarketing.com.br\/marketing\/sua-marca-vai-virar-noticia\/\" target=\"_blank\" rel=\"noopener\"><img fetchpriority=\"high\" decoding=\"async\" class=\"wp-image-44329 aligncenter\" src=\"https:\/\/www.cidademarketing.com.br\/marketing\/wp-content\/uploads\/2023\/04\/cidademarketing_backlinks_marketingdigital_publieditorial_.png\" alt=\"\" width=\"500\" height=\"500\" \/><\/a><br \/>\nPara marcar um momento t\u00e3o relevante para hist\u00f3ria da Levi&#8217;s\u00ae e para a moda em si, a marca est\u00e1 realizando diversas a\u00e7\u00f5es no decorrer de 2023, sempre reafirmando os valores essenciais do DNA da marca: autoexpress\u00e3o, pioneirismo e quebra de barreiras, seja no posicionamento ou em a\u00e7\u00f5es internas como empresa. Uma delas s\u00e3o campanhas da 501\u00ae Original com nomes da cultura pop e do entretenimento, que carregam consigo esses valores, para mostrar as possibilidades ilimitadas do modelo pioneiro do jeanswear como ferramenta de express\u00e3o. A superestrela brasileira de porte global Anitta foi um dos nomes eleitos para amplificar o legado potente da 501\u00ae neste ano \u2013 a escolha \u00e9 mais do que acertada, j\u00e1 que a cantora \u00e9 reconhecida pelo pioneirismo em como conduziu sua carreira na m\u00fasica at\u00e9 se firmar como uma artista internacional de fato.<\/p>\n<p>Depois da parceria Levi&#8217;s\u00ae X Anitta no primeiro semestre, em que a Levi&#8217;s\u00ae criou dois looks exclusivos em denim para as participa\u00e7\u00f5es da cantora em eventos pr\u00e9-Grammy, a for\u00e7a do encontro entre a marca e Anitta ganha ainda mais proje\u00e7\u00e3o na campanha global Levi&#8217;s\u00ae 501\u00ae Original X Anitta, lan\u00e7ada em 29 de agosto, nos canais digitais pr\u00f3prios e nas m\u00eddias sociais da Levi&#8217;s\u00ae. A cantora foi fotografada com suas pe\u00e7as favoritas da linha 501\u00ae, as cal\u00e7as 501\u00ae 90&#8217;s e 501\u00ae &#8217;81, e o shorts 501\u00ae Original Short. \u201cEu amo minhas Levi\u2019s\u00ae 501\u00ae pela versatilidade. Eu posso us\u00e1-la para criar muitos looks diferentes, do casual ao elegante. Ainda assim, eu me sinto mais confiante nas minhas Levi&#8217;s\u00ae 501\u00ae quando eu as combino com uma regata b\u00e1sica ou t\u00eanis e camiseta&#8221;, conta Anitta.<\/p>\n<p>Assim como a 501\u00ae em sua hist\u00f3ria, a influ\u00eancia da popstar na m\u00fasica e na cultura supera fronteiras pelo mundo. Ela continua a se reinventar, sem comprometer sua autenticidade. \u201cEu vejo que a Levi&#8217;s\u00ae, como marca, carrega atemporalidade, um ponto em comum com todo \u00edcone global, antigo ou novo. Estou orgulhosa de representar a heran\u00e7a da Levi&#8217;s\u00ae, que quebrou barreiras globais, com la\u00e7os fortes com a minha pr\u00f3pria cultura&#8221;, declara a cantora. Atrav\u00e9s do impacto da uni\u00e3o de dois \u00edcones, a campanha Levi&#8217;s\u00ae 501\u00ae Original X Anitta exalta a interse\u00e7\u00e3o da arte, representada pela m\u00fasica, com a autoexpress\u00e3o.<\/p>\n<p><iframe title=\"Spotify Embed: Podcast CidadeMarketing\" style=\"border-radius: 12px\" width=\"100%\" height=\"152\" frameborder=\"0\" allowfullscreen allow=\"autoplay; clipboard-write; encrypted-media; fullscreen; picture-in-picture\" loading=\"lazy\" src=\"https:\/\/open.spotify.com\/embed\/show\/4khMKzP3FgFRWVwb73xicc?si=252fe5bff2b34909&#038;utm_source=oembed\"><\/iframe><\/p>\n<p>&nbsp;<\/p>\n<p>FICHA T\u00c9CNICA &#8211; LEVI&#8217;S\u00ae 501\u00ae ORIGINAL X ANITTA<br \/>\nProdu\u00e7\u00e3o: Sofie Howard<br \/>\nStyling: Ron Hartleben<br \/>\nMaquiagem: StyledbyHrush<br \/>\nCabelo: Florido<br \/>\nFotografia: Charlie Denis<br \/>\nV\u00eddeos: Charlie Denis<\/p>\n","protected":false},"excerpt":{"rendered":"<p>Poucos itens na hist\u00f3ria da moda, do comportamento e do consumo s\u00e3o t\u00e3o prevalentes no estilo de vida contempor\u00e2neo como a cal\u00e7a jeans. Criada em 1873 como vestu\u00e1rio funcional para trabalhadores da minera\u00e7\u00e3o, a pe\u00e7a ganhou os guarda-roupas de todos pela versatilidade e se tornou um dos maiores \u00edcones globais da moda. A partir de [&hellip;]<\/p>\n","protected":false},"author":1,"featured_media":47638,"comment_status":"open","ping_status":"open","sticky":false,"template":"","format":"standard","meta":{"tdm_status":"","tdm_grid_status":"","footnotes":""},"categories":[6],"tags":[369,147,65,4859,33,2578,6264,28],"class_list":["post-47637","post","type-post","status-publish","format-standard","has-post-thumbnail","hentry","category-noticias","tag-anitta","tag-brasil","tag-campanha","tag-campanha-global","tag-estrategia","tag-influenciadora-digital","tag-levis","tag-marketing"],"yoast_head":"<!-- This site is optimized with the Yoast SEO plugin v27.5 - https:\/\/yoast.com\/product\/yoast-seo-wordpress\/ -->\n<title>Anitta se une \u00e0 Levi&#039;s\u00ae em campanha global para celebrar 150 Anos da cal\u00e7a jeans 501\u00ae - CidadeMarketing<\/title>\n<meta name=\"robots\" content=\"index, follow, max-snippet:-1, max-image-preview:large, max-video-preview:-1\" \/>\n<link rel=\"canonical\" href=\"https:\/\/www.cidademarketing.com.br\/marketing\/2023\/09\/21\/anitta-se-une-a-levis-em-campanha-global-para-celebrar-150-anos-da-calca-jeans-501\/\" \/>\n<meta property=\"og:locale\" content=\"pt_BR\" \/>\n<meta property=\"og:type\" content=\"article\" \/>\n<meta property=\"og:title\" content=\"Anitta se une \u00e0 Levi&#039;s\u00ae em campanha global para celebrar 150 Anos da cal\u00e7a jeans 501\u00ae - CidadeMarketing\" \/>\n<meta property=\"og:description\" content=\"Poucos itens na hist\u00f3ria da moda, do comportamento e do consumo s\u00e3o t\u00e3o prevalentes no estilo de vida contempor\u00e2neo como a cal\u00e7a jeans. Criada em 1873 como vestu\u00e1rio funcional para trabalhadores da minera\u00e7\u00e3o, a pe\u00e7a ganhou os guarda-roupas de todos pela versatilidade e se tornou um dos maiores \u00edcones globais da moda. A partir de [&hellip;]\" \/>\n<meta property=\"og:url\" content=\"https:\/\/www.cidademarketing.com.br\/marketing\/2023\/09\/21\/anitta-se-une-a-levis-em-campanha-global-para-celebrar-150-anos-da-calca-jeans-501\/\" \/>\n<meta property=\"og:site_name\" content=\"CidadeMarketing\" \/>\n<meta property=\"article:publisher\" content=\"https:\/\/www.facebook.com\/portalcidademarketing\" \/>\n<meta property=\"article:author\" content=\"https:\/\/www.facebook.com\/thalesbrandao\" \/>\n<meta property=\"article:published_time\" content=\"2023-09-21T03:23:13+00:00\" \/>\n<meta property=\"og:image\" content=\"https:\/\/www.cidademarketing.com.br\/marketing\/wp-content\/uploads\/2023\/09\/anitta_levis.jpg\" \/>\n\t<meta property=\"og:image:width\" content=\"1208\" \/>\n\t<meta property=\"og:image:height\" content=\"1600\" \/>\n\t<meta property=\"og:image:type\" content=\"image\/jpeg\" \/>\n<meta name=\"author\" content=\"Thales Brand\u00e3o\" \/>\n<meta name=\"twitter:card\" content=\"summary_large_image\" \/>\n<meta name=\"twitter:creator\" content=\"@http:\/\/www.twitter.com\/thalesbrandao\" \/>\n<meta name=\"twitter:site\" content=\"@CidadeMarketing\" \/>\n<meta name=\"twitter:label1\" content=\"Escrito por\" \/>\n\t<meta name=\"twitter:data1\" content=\"Thales Brand\u00e3o\" \/>\n\t<meta name=\"twitter:label2\" content=\"Est. tempo de leitura\" \/>\n\t<meta name=\"twitter:data2\" content=\"3 minutos\" \/>\n<script type=\"application\/ld+json\" class=\"yoast-schema-graph\">{\"@context\":\"https:\\\/\\\/schema.org\",\"@graph\":[{\"@type\":\"Article\",\"@id\":\"https:\\\/\\\/www.cidademarketing.com.br\\\/marketing\\\/2023\\\/09\\\/21\\\/anitta-se-une-a-levis-em-campanha-global-para-celebrar-150-anos-da-calca-jeans-501\\\/#article\",\"isPartOf\":{\"@id\":\"https:\\\/\\\/www.cidademarketing.com.br\\\/marketing\\\/2023\\\/09\\\/21\\\/anitta-se-une-a-levis-em-campanha-global-para-celebrar-150-anos-da-calca-jeans-501\\\/\"},\"author\":{\"name\":\"Thales Brand\u00e3o\",\"@id\":\"https:\\\/\\\/www.cidademarketing.com.br\\\/marketing\\\/#\\\/schema\\\/person\\\/02daff9f18bd9378c9e01eb6b2db155f\"},\"headline\":\"Anitta se une \u00e0 Levi&#8217;s\u00ae em campanha global para celebrar 150 Anos da cal\u00e7a jeans 501\u00ae\",\"datePublished\":\"2023-09-21T03:23:13+00:00\",\"mainEntityOfPage\":{\"@id\":\"https:\\\/\\\/www.cidademarketing.com.br\\\/marketing\\\/2023\\\/09\\\/21\\\/anitta-se-une-a-levis-em-campanha-global-para-celebrar-150-anos-da-calca-jeans-501\\\/\"},\"wordCount\":609,\"commentCount\":0,\"publisher\":{\"@id\":\"https:\\\/\\\/www.cidademarketing.com.br\\\/marketing\\\/#organization\"},\"image\":{\"@id\":\"https:\\\/\\\/www.cidademarketing.com.br\\\/marketing\\\/2023\\\/09\\\/21\\\/anitta-se-une-a-levis-em-campanha-global-para-celebrar-150-anos-da-calca-jeans-501\\\/#primaryimage\"},\"thumbnailUrl\":\"https:\\\/\\\/www.cidademarketing.com.br\\\/marketing\\\/wp-content\\\/uploads\\\/2023\\\/09\\\/anitta_levis.jpg\",\"keywords\":[\"Anitta\",\"Brasil\",\"campanha\",\"campanha global\",\"estrat\u00e9gia\",\"influenciadora digital\",\"Levi's\u00ae\",\"marketing\"],\"articleSection\":[\"Not\u00edcias\"],\"inLanguage\":\"pt-BR\",\"potentialAction\":[{\"@type\":\"CommentAction\",\"name\":\"Comment\",\"target\":[\"https:\\\/\\\/www.cidademarketing.com.br\\\/marketing\\\/2023\\\/09\\\/21\\\/anitta-se-une-a-levis-em-campanha-global-para-celebrar-150-anos-da-calca-jeans-501\\\/#respond\"]}]},{\"@type\":\"WebPage\",\"@id\":\"https:\\\/\\\/www.cidademarketing.com.br\\\/marketing\\\/2023\\\/09\\\/21\\\/anitta-se-une-a-levis-em-campanha-global-para-celebrar-150-anos-da-calca-jeans-501\\\/\",\"url\":\"https:\\\/\\\/www.cidademarketing.com.br\\\/marketing\\\/2023\\\/09\\\/21\\\/anitta-se-une-a-levis-em-campanha-global-para-celebrar-150-anos-da-calca-jeans-501\\\/\",\"name\":\"Anitta se une \u00e0 Levi's\u00ae em campanha global para celebrar 150 Anos da cal\u00e7a jeans 501\u00ae - CidadeMarketing\",\"isPartOf\":{\"@id\":\"https:\\\/\\\/www.cidademarketing.com.br\\\/marketing\\\/#website\"},\"primaryImageOfPage\":{\"@id\":\"https:\\\/\\\/www.cidademarketing.com.br\\\/marketing\\\/2023\\\/09\\\/21\\\/anitta-se-une-a-levis-em-campanha-global-para-celebrar-150-anos-da-calca-jeans-501\\\/#primaryimage\"},\"image\":{\"@id\":\"https:\\\/\\\/www.cidademarketing.com.br\\\/marketing\\\/2023\\\/09\\\/21\\\/anitta-se-une-a-levis-em-campanha-global-para-celebrar-150-anos-da-calca-jeans-501\\\/#primaryimage\"},\"thumbnailUrl\":\"https:\\\/\\\/www.cidademarketing.com.br\\\/marketing\\\/wp-content\\\/uploads\\\/2023\\\/09\\\/anitta_levis.jpg\",\"datePublished\":\"2023-09-21T03:23:13+00:00\",\"breadcrumb\":{\"@id\":\"https:\\\/\\\/www.cidademarketing.com.br\\\/marketing\\\/2023\\\/09\\\/21\\\/anitta-se-une-a-levis-em-campanha-global-para-celebrar-150-anos-da-calca-jeans-501\\\/#breadcrumb\"},\"inLanguage\":\"pt-BR\",\"potentialAction\":[{\"@type\":\"ReadAction\",\"target\":[\"https:\\\/\\\/www.cidademarketing.com.br\\\/marketing\\\/2023\\\/09\\\/21\\\/anitta-se-une-a-levis-em-campanha-global-para-celebrar-150-anos-da-calca-jeans-501\\\/\"]}]},{\"@type\":\"ImageObject\",\"inLanguage\":\"pt-BR\",\"@id\":\"https:\\\/\\\/www.cidademarketing.com.br\\\/marketing\\\/2023\\\/09\\\/21\\\/anitta-se-une-a-levis-em-campanha-global-para-celebrar-150-anos-da-calca-jeans-501\\\/#primaryimage\",\"url\":\"https:\\\/\\\/www.cidademarketing.com.br\\\/marketing\\\/wp-content\\\/uploads\\\/2023\\\/09\\\/anitta_levis.jpg\",\"contentUrl\":\"https:\\\/\\\/www.cidademarketing.com.br\\\/marketing\\\/wp-content\\\/uploads\\\/2023\\\/09\\\/anitta_levis.jpg\",\"width\":1208,\"height\":1600,\"caption\":\"Foto: Charlie Denis\\\/Levi's\u00ae\"},{\"@type\":\"BreadcrumbList\",\"@id\":\"https:\\\/\\\/www.cidademarketing.com.br\\\/marketing\\\/2023\\\/09\\\/21\\\/anitta-se-une-a-levis-em-campanha-global-para-celebrar-150-anos-da-calca-jeans-501\\\/#breadcrumb\",\"itemListElement\":[{\"@type\":\"ListItem\",\"position\":1,\"name\":\"In\u00edcio\",\"item\":\"https:\\\/\\\/www.cidademarketing.com.br\\\/marketing\\\/\"},{\"@type\":\"ListItem\",\"position\":2,\"name\":\"Anitta se une \u00e0 Levi&#8217;s\u00ae em campanha global para celebrar 150 Anos da cal\u00e7a jeans 501\u00ae\"}]},{\"@type\":\"WebSite\",\"@id\":\"https:\\\/\\\/www.cidademarketing.com.br\\\/marketing\\\/#website\",\"url\":\"https:\\\/\\\/www.cidademarketing.com.br\\\/marketing\\\/\",\"name\":\"CidadeMarketing\",\"description\":\"Somos um ve\u00edculo de comunica\u00e7\u00e3o de destaque no Brasil, reconhecido por conte\u00fados nos segmentos de marketing, empreendedorismo e inova\u00e7\u00e3o.\",\"publisher\":{\"@id\":\"https:\\\/\\\/www.cidademarketing.com.br\\\/marketing\\\/#organization\"},\"alternateName\":\"CidadeMarketing\",\"potentialAction\":[{\"@type\":\"SearchAction\",\"target\":{\"@type\":\"EntryPoint\",\"urlTemplate\":\"https:\\\/\\\/www.cidademarketing.com.br\\\/marketing\\\/?s={search_term_string}\"},\"query-input\":{\"@type\":\"PropertyValueSpecification\",\"valueRequired\":true,\"valueName\":\"search_term_string\"}}],\"inLanguage\":\"pt-BR\"},{\"@type\":\"Organization\",\"@id\":\"https:\\\/\\\/www.cidademarketing.com.br\\\/marketing\\\/#organization\",\"name\":\"CidadeMarketing\",\"alternateName\":\"CidadeMarketing\",\"url\":\"https:\\\/\\\/www.cidademarketing.com.br\\\/marketing\\\/\",\"logo\":{\"@type\":\"ImageObject\",\"inLanguage\":\"pt-BR\",\"@id\":\"https:\\\/\\\/www.cidademarketing.com.br\\\/marketing\\\/#\\\/schema\\\/logo\\\/image\\\/\",\"url\":\"https:\\\/\\\/www.cidademarketing.com.br\\\/marketing\\\/wp-content\\\/uploads\\\/2020\\\/01\\\/cidademarketing_marca_mobile.png\",\"contentUrl\":\"https:\\\/\\\/www.cidademarketing.com.br\\\/marketing\\\/wp-content\\\/uploads\\\/2020\\\/01\\\/cidademarketing_marca_mobile.png\",\"width\":230,\"height\":92,\"caption\":\"CidadeMarketing\"},\"image\":{\"@id\":\"https:\\\/\\\/www.cidademarketing.com.br\\\/marketing\\\/#\\\/schema\\\/logo\\\/image\\\/\"},\"sameAs\":[\"https:\\\/\\\/www.facebook.com\\\/portalcidademarketing\",\"https:\\\/\\\/x.com\\\/CidadeMarketing\",\"https:\\\/\\\/www.instagram.com\\\/cidademarketing\\\/\"]},{\"@type\":\"Person\",\"@id\":\"https:\\\/\\\/www.cidademarketing.com.br\\\/marketing\\\/#\\\/schema\\\/person\\\/02daff9f18bd9378c9e01eb6b2db155f\",\"name\":\"Thales Brand\u00e3o\",\"image\":{\"@type\":\"ImageObject\",\"inLanguage\":\"pt-BR\",\"@id\":\"https:\\\/\\\/secure.gravatar.com\\\/avatar\\\/7ca3206950207cc3cb48feec56a8a7898741ab725c368d99d5d7a5a50aab80c6?s=96&d=mm&r=g\",\"url\":\"https:\\\/\\\/secure.gravatar.com\\\/avatar\\\/7ca3206950207cc3cb48feec56a8a7898741ab725c368d99d5d7a5a50aab80c6?s=96&d=mm&r=g\",\"contentUrl\":\"https:\\\/\\\/secure.gravatar.com\\\/avatar\\\/7ca3206950207cc3cb48feec56a8a7898741ab725c368d99d5d7a5a50aab80c6?s=96&d=mm&r=g\",\"caption\":\"Thales Brand\u00e3o\"},\"description\":\"Editor Executivo do Portal CidadeMarketing.com.br &gt; Mestre em Comunica\u00e7\u00e3o e Sociedade pela Universidade Federal de Sergipe. Possui MBA Executivo em Administra\u00e7\u00e3o com \u00eanfase em Marketing pela Funda\u00e7\u00e3o Get\u00falio Vargas - Rio de Janeiro. Consultor, Palestrante e Pesquisador sobre Empreendedorismo, Marketing, Redes Sociais e Neg\u00f3cios Digitais. Professor, Palestrante TedxTalks e Campus Party. Twitter: @ThalesBrandao\",\"sameAs\":[\"http:\\\/\\\/www.mandacaru.com.br\",\"https:\\\/\\\/www.facebook.com\\\/thalesbrandao\",\"http:\\\/\\\/www.instagram.com.br\\\/thalesbrandaoferreira\",\"https:\\\/\\\/www.linkedin.com\\\/in\\\/thales-brand\u00e3o-3948609\\\/\",\"https:\\\/\\\/x.com\\\/http:\\\/\\\/www.twitter.com\\\/thalesbrandao\"],\"url\":\"https:\\\/\\\/www.cidademarketing.com.br\\\/marketing\\\/author\\\/thalesbrandao\\\/\"}]}<\/script>\n<!-- \/ Yoast SEO plugin. -->","yoast_head_json":{"title":"Anitta se une \u00e0 Levi's\u00ae em campanha global para celebrar 150 Anos da cal\u00e7a jeans 501\u00ae - CidadeMarketing","robots":{"index":"index","follow":"follow","max-snippet":"max-snippet:-1","max-image-preview":"max-image-preview:large","max-video-preview":"max-video-preview:-1"},"canonical":"https:\/\/www.cidademarketing.com.br\/marketing\/2023\/09\/21\/anitta-se-une-a-levis-em-campanha-global-para-celebrar-150-anos-da-calca-jeans-501\/","og_locale":"pt_BR","og_type":"article","og_title":"Anitta se une \u00e0 Levi's\u00ae em campanha global para celebrar 150 Anos da cal\u00e7a jeans 501\u00ae - CidadeMarketing","og_description":"Poucos itens na hist\u00f3ria da moda, do comportamento e do consumo s\u00e3o t\u00e3o prevalentes no estilo de vida contempor\u00e2neo como a cal\u00e7a jeans. Criada em 1873 como vestu\u00e1rio funcional para trabalhadores da minera\u00e7\u00e3o, a pe\u00e7a ganhou os guarda-roupas de todos pela versatilidade e se tornou um dos maiores \u00edcones globais da moda. A partir de [&hellip;]","og_url":"https:\/\/www.cidademarketing.com.br\/marketing\/2023\/09\/21\/anitta-se-une-a-levis-em-campanha-global-para-celebrar-150-anos-da-calca-jeans-501\/","og_site_name":"CidadeMarketing","article_publisher":"https:\/\/www.facebook.com\/portalcidademarketing","article_author":"https:\/\/www.facebook.com\/thalesbrandao","article_published_time":"2023-09-21T03:23:13+00:00","og_image":[{"width":1208,"height":1600,"url":"https:\/\/www.cidademarketing.com.br\/marketing\/wp-content\/uploads\/2023\/09\/anitta_levis.jpg","type":"image\/jpeg"}],"author":"Thales Brand\u00e3o","twitter_card":"summary_large_image","twitter_creator":"@http:\/\/www.twitter.com\/thalesbrandao","twitter_site":"@CidadeMarketing","twitter_misc":{"Escrito por":"Thales Brand\u00e3o","Est. tempo de leitura":"3 minutos"},"schema":{"@context":"https:\/\/schema.org","@graph":[{"@type":"Article","@id":"https:\/\/www.cidademarketing.com.br\/marketing\/2023\/09\/21\/anitta-se-une-a-levis-em-campanha-global-para-celebrar-150-anos-da-calca-jeans-501\/#article","isPartOf":{"@id":"https:\/\/www.cidademarketing.com.br\/marketing\/2023\/09\/21\/anitta-se-une-a-levis-em-campanha-global-para-celebrar-150-anos-da-calca-jeans-501\/"},"author":{"name":"Thales Brand\u00e3o","@id":"https:\/\/www.cidademarketing.com.br\/marketing\/#\/schema\/person\/02daff9f18bd9378c9e01eb6b2db155f"},"headline":"Anitta se une \u00e0 Levi&#8217;s\u00ae em campanha global para celebrar 150 Anos da cal\u00e7a jeans 501\u00ae","datePublished":"2023-09-21T03:23:13+00:00","mainEntityOfPage":{"@id":"https:\/\/www.cidademarketing.com.br\/marketing\/2023\/09\/21\/anitta-se-une-a-levis-em-campanha-global-para-celebrar-150-anos-da-calca-jeans-501\/"},"wordCount":609,"commentCount":0,"publisher":{"@id":"https:\/\/www.cidademarketing.com.br\/marketing\/#organization"},"image":{"@id":"https:\/\/www.cidademarketing.com.br\/marketing\/2023\/09\/21\/anitta-se-une-a-levis-em-campanha-global-para-celebrar-150-anos-da-calca-jeans-501\/#primaryimage"},"thumbnailUrl":"https:\/\/www.cidademarketing.com.br\/marketing\/wp-content\/uploads\/2023\/09\/anitta_levis.jpg","keywords":["Anitta","Brasil","campanha","campanha global","estrat\u00e9gia","influenciadora digital","Levi's\u00ae","marketing"],"articleSection":["Not\u00edcias"],"inLanguage":"pt-BR","potentialAction":[{"@type":"CommentAction","name":"Comment","target":["https:\/\/www.cidademarketing.com.br\/marketing\/2023\/09\/21\/anitta-se-une-a-levis-em-campanha-global-para-celebrar-150-anos-da-calca-jeans-501\/#respond"]}]},{"@type":"WebPage","@id":"https:\/\/www.cidademarketing.com.br\/marketing\/2023\/09\/21\/anitta-se-une-a-levis-em-campanha-global-para-celebrar-150-anos-da-calca-jeans-501\/","url":"https:\/\/www.cidademarketing.com.br\/marketing\/2023\/09\/21\/anitta-se-une-a-levis-em-campanha-global-para-celebrar-150-anos-da-calca-jeans-501\/","name":"Anitta se une \u00e0 Levi's\u00ae em campanha global para celebrar 150 Anos da cal\u00e7a jeans 501\u00ae - CidadeMarketing","isPartOf":{"@id":"https:\/\/www.cidademarketing.com.br\/marketing\/#website"},"primaryImageOfPage":{"@id":"https:\/\/www.cidademarketing.com.br\/marketing\/2023\/09\/21\/anitta-se-une-a-levis-em-campanha-global-para-celebrar-150-anos-da-calca-jeans-501\/#primaryimage"},"image":{"@id":"https:\/\/www.cidademarketing.com.br\/marketing\/2023\/09\/21\/anitta-se-une-a-levis-em-campanha-global-para-celebrar-150-anos-da-calca-jeans-501\/#primaryimage"},"thumbnailUrl":"https:\/\/www.cidademarketing.com.br\/marketing\/wp-content\/uploads\/2023\/09\/anitta_levis.jpg","datePublished":"2023-09-21T03:23:13+00:00","breadcrumb":{"@id":"https:\/\/www.cidademarketing.com.br\/marketing\/2023\/09\/21\/anitta-se-une-a-levis-em-campanha-global-para-celebrar-150-anos-da-calca-jeans-501\/#breadcrumb"},"inLanguage":"pt-BR","potentialAction":[{"@type":"ReadAction","target":["https:\/\/www.cidademarketing.com.br\/marketing\/2023\/09\/21\/anitta-se-une-a-levis-em-campanha-global-para-celebrar-150-anos-da-calca-jeans-501\/"]}]},{"@type":"ImageObject","inLanguage":"pt-BR","@id":"https:\/\/www.cidademarketing.com.br\/marketing\/2023\/09\/21\/anitta-se-une-a-levis-em-campanha-global-para-celebrar-150-anos-da-calca-jeans-501\/#primaryimage","url":"https:\/\/www.cidademarketing.com.br\/marketing\/wp-content\/uploads\/2023\/09\/anitta_levis.jpg","contentUrl":"https:\/\/www.cidademarketing.com.br\/marketing\/wp-content\/uploads\/2023\/09\/anitta_levis.jpg","width":1208,"height":1600,"caption":"Foto: Charlie Denis\/Levi's\u00ae"},{"@type":"BreadcrumbList","@id":"https:\/\/www.cidademarketing.com.br\/marketing\/2023\/09\/21\/anitta-se-une-a-levis-em-campanha-global-para-celebrar-150-anos-da-calca-jeans-501\/#breadcrumb","itemListElement":[{"@type":"ListItem","position":1,"name":"In\u00edcio","item":"https:\/\/www.cidademarketing.com.br\/marketing\/"},{"@type":"ListItem","position":2,"name":"Anitta se une \u00e0 Levi&#8217;s\u00ae em campanha global para celebrar 150 Anos da cal\u00e7a jeans 501\u00ae"}]},{"@type":"WebSite","@id":"https:\/\/www.cidademarketing.com.br\/marketing\/#website","url":"https:\/\/www.cidademarketing.com.br\/marketing\/","name":"CidadeMarketing","description":"Somos um ve\u00edculo de comunica\u00e7\u00e3o de destaque no Brasil, reconhecido por conte\u00fados nos segmentos de marketing, empreendedorismo e inova\u00e7\u00e3o.","publisher":{"@id":"https:\/\/www.cidademarketing.com.br\/marketing\/#organization"},"alternateName":"CidadeMarketing","potentialAction":[{"@type":"SearchAction","target":{"@type":"EntryPoint","urlTemplate":"https:\/\/www.cidademarketing.com.br\/marketing\/?s={search_term_string}"},"query-input":{"@type":"PropertyValueSpecification","valueRequired":true,"valueName":"search_term_string"}}],"inLanguage":"pt-BR"},{"@type":"Organization","@id":"https:\/\/www.cidademarketing.com.br\/marketing\/#organization","name":"CidadeMarketing","alternateName":"CidadeMarketing","url":"https:\/\/www.cidademarketing.com.br\/marketing\/","logo":{"@type":"ImageObject","inLanguage":"pt-BR","@id":"https:\/\/www.cidademarketing.com.br\/marketing\/#\/schema\/logo\/image\/","url":"https:\/\/www.cidademarketing.com.br\/marketing\/wp-content\/uploads\/2020\/01\/cidademarketing_marca_mobile.png","contentUrl":"https:\/\/www.cidademarketing.com.br\/marketing\/wp-content\/uploads\/2020\/01\/cidademarketing_marca_mobile.png","width":230,"height":92,"caption":"CidadeMarketing"},"image":{"@id":"https:\/\/www.cidademarketing.com.br\/marketing\/#\/schema\/logo\/image\/"},"sameAs":["https:\/\/www.facebook.com\/portalcidademarketing","https:\/\/x.com\/CidadeMarketing","https:\/\/www.instagram.com\/cidademarketing\/"]},{"@type":"Person","@id":"https:\/\/www.cidademarketing.com.br\/marketing\/#\/schema\/person\/02daff9f18bd9378c9e01eb6b2db155f","name":"Thales Brand\u00e3o","image":{"@type":"ImageObject","inLanguage":"pt-BR","@id":"https:\/\/secure.gravatar.com\/avatar\/7ca3206950207cc3cb48feec56a8a7898741ab725c368d99d5d7a5a50aab80c6?s=96&d=mm&r=g","url":"https:\/\/secure.gravatar.com\/avatar\/7ca3206950207cc3cb48feec56a8a7898741ab725c368d99d5d7a5a50aab80c6?s=96&d=mm&r=g","contentUrl":"https:\/\/secure.gravatar.com\/avatar\/7ca3206950207cc3cb48feec56a8a7898741ab725c368d99d5d7a5a50aab80c6?s=96&d=mm&r=g","caption":"Thales Brand\u00e3o"},"description":"Editor Executivo do Portal CidadeMarketing.com.br &gt; Mestre em Comunica\u00e7\u00e3o e Sociedade pela Universidade Federal de Sergipe. Possui MBA Executivo em Administra\u00e7\u00e3o com \u00eanfase em Marketing pela Funda\u00e7\u00e3o Get\u00falio Vargas - Rio de Janeiro. Consultor, Palestrante e Pesquisador sobre Empreendedorismo, Marketing, Redes Sociais e Neg\u00f3cios Digitais. Professor, Palestrante TedxTalks e Campus Party. Twitter: @ThalesBrandao","sameAs":["http:\/\/www.mandacaru.com.br","https:\/\/www.facebook.com\/thalesbrandao","http:\/\/www.instagram.com.br\/thalesbrandaoferreira","https:\/\/www.linkedin.com\/in\/thales-brand\u00e3o-3948609\/","https:\/\/x.com\/http:\/\/www.twitter.com\/thalesbrandao"],"url":"https:\/\/www.cidademarketing.com.br\/marketing\/author\/thalesbrandao\/"}]}},"amp_enabled":true,"_links":{"self":[{"href":"https:\/\/www.cidademarketing.com.br\/marketing\/wp-json\/wp\/v2\/posts\/47637","targetHints":{"allow":["GET"]}}],"collection":[{"href":"https:\/\/www.cidademarketing.com.br\/marketing\/wp-json\/wp\/v2\/posts"}],"about":[{"href":"https:\/\/www.cidademarketing.com.br\/marketing\/wp-json\/wp\/v2\/types\/post"}],"author":[{"embeddable":true,"href":"https:\/\/www.cidademarketing.com.br\/marketing\/wp-json\/wp\/v2\/users\/1"}],"replies":[{"embeddable":true,"href":"https:\/\/www.cidademarketing.com.br\/marketing\/wp-json\/wp\/v2\/comments?post=47637"}],"version-history":[{"count":1,"href":"https:\/\/www.cidademarketing.com.br\/marketing\/wp-json\/wp\/v2\/posts\/47637\/revisions"}],"predecessor-version":[{"id":47639,"href":"https:\/\/www.cidademarketing.com.br\/marketing\/wp-json\/wp\/v2\/posts\/47637\/revisions\/47639"}],"wp:featuredmedia":[{"embeddable":true,"href":"https:\/\/www.cidademarketing.com.br\/marketing\/wp-json\/wp\/v2\/media\/47638"}],"wp:attachment":[{"href":"https:\/\/www.cidademarketing.com.br\/marketing\/wp-json\/wp\/v2\/media?parent=47637"}],"wp:term":[{"taxonomy":"category","embeddable":true,"href":"https:\/\/www.cidademarketing.com.br\/marketing\/wp-json\/wp\/v2\/categories?post=47637"},{"taxonomy":"post_tag","embeddable":true,"href":"https:\/\/www.cidademarketing.com.br\/marketing\/wp-json\/wp\/v2\/tags?post=47637"}],"curies":[{"name":"wp","href":"https:\/\/api.w.org\/{rel}","templated":true}]}}