{"id":47520,"date":"2023-09-16T13:19:12","date_gmt":"2023-09-16T16:19:12","guid":{"rendered":"https:\/\/www.cidademarketing.com.br\/marketing\/?p=47520"},"modified":"2023-09-16T13:19:12","modified_gmt":"2023-09-16T16:19:12","slug":"sebrae-divulga-vencedores-do-10o-premio-sebrae-de-jornalismo-etapa-rio-de-janeiro","status":"publish","type":"post","link":"https:\/\/www.cidademarketing.com.br\/marketing\/2023\/09\/16\/sebrae-divulga-vencedores-do-10o-premio-sebrae-de-jornalismo-etapa-rio-de-janeiro\/","title":{"rendered":"Sebrae divulga vencedores do 10\u00ba Pr\u00eamio Sebrae de Jornalismo etapa Rio de Janeiro"},"content":{"rendered":"<p>Considerado o maior pr\u00eamio do jornalismo empreendedor realizado no Brasil, a 10\u00aa edi\u00e7\u00e3o do Pr\u00eamio Sebrae de Jornalismo \u2013 etapa estadual Rio de Janeiro, foi realizada pelo Sebrae Rio na noite desta sexta-feira, dia 15, na sede da institui\u00e7\u00e3o. Dos 105 trabalhos inscritos \u2013 nas categorias v\u00eddeo, texto, fotojornalismo e \u00e1udio, 10 foram selecionados pelo j\u00fari estadual e al\u00e9m da premia\u00e7\u00e3o local, que conta com placas e vouchers para aquisi\u00e7\u00e3o de equipamentos. Em 2023, houve um aumento de 42% do n\u00famero de inscri\u00e7\u00f5es em rela\u00e7\u00e3o ao ano passado. Os vencedores da etapa Rio de Janeiro foram: Ana Carolina Diniz, O Globo; Arlete Heringer, TV Globo; e Jorge Ramos, R\u00e1dio Roquette Pinto. Os primeiros lugares nas categorias de \u00e1udio, texto e v\u00eddeo est\u00e3o automaticamente classificados para a etapa Regional Sudeste, podendo chegar a concorrer com os melhores de cada regi\u00e3o, na etapa Nacional, em Bras\u00edlia.<\/p>\n<p><a href=\"https:\/\/www.cidademarketing.com.br\/marketing\/sua-marca-vai-virar-noticia\/\" target=\"_blank\" rel=\"noopener\"><img fetchpriority=\"high\" decoding=\"async\" class=\"wp-image-44329 aligncenter\" src=\"https:\/\/www.cidademarketing.com.br\/marketing\/wp-content\/uploads\/2023\/04\/cidademarketing_backlinks_marketingdigital_publieditorial_.png\" alt=\"\" width=\"500\" height=\"500\" \/><\/a><\/p>\n<p>\u201cO Sebrae valoriza muito o trabalho da imprensa em geral. Mas, pela nossa miss\u00e3o de apoiar o empreendedorismo, temos especial reconhecimento aos profissionais voltados para o mundo dos pequenos neg\u00f3cios. N\u00e3o preciso me aprofundar sobre a import\u00e2ncia desse segmento na cria\u00e7\u00e3o de emprego e renda. E como o jornalismo pode contribuir para isso\u201d garante Antonio Alvarenga, diretor-superintendente do Sebrae Rio.<\/p>\n<p>A noite de homenagens contou com todos os jornalistas finalistas e seus respectivos editores e gerentes de jornalismo. Participaram equipes dos jornais da TV Globo, GloboNews, TV Rio Sul, R\u00e1dio Roquette Pinto, Revista DiverCidades, UOL, O Globo e A Voz da Serra.<\/p>\n<p>Na categoria Fotojornalismo, a finalista foi a mat\u00e9ria \u201cJovens Empreendedores\u201d, da Revista DiverCidades. Bianca Costa falou da import\u00e2ncia da premia\u00e7\u00e3o para os ve\u00edculos do interior. \u201cEsse \u00e9 o primeiro pr\u00eamio que a revista recebe, al\u00e9m disso, \u00e9 muito importante profissionalmente para mim como empreendedora e fot\u00f3grafa. Tenho um sentimento de realiza\u00e7\u00e3o em poder contar hist\u00f3rias de quem empreende em Maca\u00e9. Sabemos que empreender n\u00e3o \u00e9 f\u00e1cil, mas sinto que esse pr\u00eamio fortalece o nosso caminho nessa jornada do empreendedorismo\u201d.<\/p>\n<p>Na categoria V\u00eddeo, a reportagem campe\u00e3 foi \u201cA For\u00e7a do Coletivo\u201d, da TV Globo. Gisele Machado disse sobre a satisfa\u00e7\u00e3o que a equipe teve em produzir o conte\u00fado. \u201cO programa reuniu novas iniciativas pelo Brasil com mulheres e jovens empreendedores. Essa experi\u00eancia foi duplamente satisfat\u00f3ria, por termos trabalhado com tantas pessoas espalhadas pelo pa\u00eds. Assim, pudemos conhecer hist\u00f3rias de pessoas buscando empreender, procurando conhecimentos, encontrando maneiras de ganhar o seu dinheiro e falando sobre amor-pr\u00f3prio. Quando a pessoa investe em si, ela quer se amar\u201d.<\/p>\n<p>Na categoria Texto, a reportagem ganhadora foi \u201cLetramento e ancestralidade estimulam o afroempreendorismo\u201d, do Jornal O Globo. Ana Carolina Diniz explicou como surgiu a ideia da pauta. \u201cEssa mat\u00e9ria fez parte de uma s\u00e9rie de reportagens para o Dia da Consci\u00eancia Negra. Cubro empreendedorismo h\u00e1 muito tempo e fiquei respons\u00e1vel por conta hist\u00f3rias de empreendedores. Cinquenta e seis por cento da nossa popula\u00e7\u00e3o \u00e9 negra, e esses empreendedores s\u00e3o os que mais enfrentam dificuldades na obten\u00e7\u00e3o de cr\u00e9dito. Mostramos pessoas que conseguiram vencer apesar das dificuldades. Muitos neg\u00f3cios est\u00e3o usando a ancestralidade para gerar novos neg\u00f3cios. \u00c9 uma felicidade ter ganho e tido a oportunidade de dar voz a esses empreendedores\u201d.<\/p>\n<p>Na categoria \u00c1udio, a mat\u00e9ria vencedora \u201cEntrevista com Ti\u00e3o Santos \u2013 Lixo Extraordin\u00e1rio\u201d, foi da R\u00e1dio Roquette Pinto. Jorge Ramos contou como foi a entrevista. \u201cO compromisso de uma emissora p\u00fablica \u00e9 o povo. Fico emocionado ao lembrar sobre a hist\u00f3ria vencedora. A pessoa nasceu em um lix\u00e3o e o seu trabalho era recolher o lixo. Com o passar do tempo, ele passa a representar toda essa categoria, buscando uma melhora na sua qualidade de vida. Ao longo do nosso bate-papo, ele n\u00e3o centralizou apenas no eu individual. Ele sempre buscou o coletivo. Essa hist\u00f3ria virou uma li\u00e7\u00e3o de vida, que vou passar esses ensinamentos aos meus filhos e netos\u201d.<\/p>\n<p>O tema central da 10\u00aa edi\u00e7\u00e3o do PSJ \u00e9 \u201ca contribui\u00e7\u00e3o dos pequenos neg\u00f3cios para o desenvolvimento econ\u00f4mico e social do pa\u00eds\u201d. A iniciativa contempla conte\u00fados que abordam tem\u00e1ticas relacionadas \u00e0 atividade empreendedora no Brasil, como inova\u00e7\u00e3o, digitaliza\u00e7\u00e3o, acesso a cr\u00e9dito, startups, entre outros.<br \/>\nAl\u00e9m das quatro categorias tradicionais (Texto, \u00c1udio, V\u00eddeo e Foto), este ano haver\u00e1 uma premia\u00e7\u00e3o especial voltada ao tema \u201cEmpreendedorismo Social\u201d, al\u00e9m do Grande Pr\u00eamio Sebrae de Jornalismo (escolhido entre os vencedores nacionais de cada categoria). Na \u00faltima etapa, as regi\u00f5es Norte, Nordeste, Centro-Oeste, Sudeste e Sul ser\u00e3o representadas na grande final. Na etapa Nacional, os ganhadores receber\u00e3o equipamentos de trabalho (notebook e\/ou celular de \u00faltima gera\u00e7\u00e3o).<\/p>\n<p><iframe title=\"Spotify Embed: Podcast CidadeMarketing\" style=\"border-radius: 12px\" width=\"100%\" height=\"152\" frameborder=\"0\" allowfullscreen allow=\"autoplay; clipboard-write; encrypted-media; fullscreen; picture-in-picture\" loading=\"lazy\" src=\"https:\/\/open.spotify.com\/embed\/show\/4khMKzP3FgFRWVwb73xicc?si=252fe5bff2b34909&#038;utm_source=oembed\"><\/iframe><\/p>\n<p>&nbsp;<\/p>\n<p>Confira os vencedores:<br \/>\nPr\u00eamio Sebrae de Jornalismo \u2013 10\u00aa edi\u00e7\u00e3o Etapa Estadual \u2013 Rio de Janeiro<br \/>\nCATEGORIA JORNALISMO EM TEXTO<br \/>\n\u2013 1\u00ba lugar:<br \/>\nMat\u00e9ria: Letramento e ancestralidade estimulam o afroempreendorismo<br \/>\nVe\u00edculo: O Globo<br \/>\nRepresentante do trabalho: Ana Carolina Diniz<br \/>\nEquipe: Alexandre Rodrigues<\/p>\n<p>\u2013 2\u00ba lugar:<br \/>\nMat\u00e9ria: Empreendedoras se unem para se fortalecerem<br \/>\nVe\u00edculo: A Voz da Serra<br \/>\nRepresentante do trabalho: Christiane Coelho<\/p>\n<p>\u2013 3\u00ba lugar:<br \/>\nMat\u00e9ria: Hotel no Rio s\u00f3 contrata pacientes do Caps: \u2018Meu transtorno n\u00e3o me define\u2019<br \/>\nVe\u00edculo: UOL<br \/>\nRepresentante do trabalho: Fabiana Batista<\/p>\n<p>CATEGORIA JORNALISMO EM V\u00cdDEO<br \/>\n\u2013 1\u00ba lugar:<br \/>\nMat\u00e9ria: A For\u00e7a do Coletivo<br \/>\nVe\u00edculo: TV Globo<br \/>\nRepresentante do trabalho: Arlete Heringer<br \/>\nEquipe: Patricia Casanova \/ Carlos de Lannoy \/ Lariza Relvas \/ Gisele Machado \/ Alex Monteiro \/ Ana Dorneles \/ Ana Flavia Pinheiro \/ Carla Suzanne \/ Cleriston Santana \/ Camila Marinho \/ Patricia Trigueiros \/ Luciano Ribeiro \/ Rodrigo Nogueira \/ Andre Ramos \/ Raphael Rodrigues \/ Adriano Ferreira \/ Neto Lima \/ Tiago do Carmo \/ Jeov\u00e1 Luz \/ Anna Paula Ferreira<\/p>\n<p>\u2013 2\u00ba lugar:<br \/>\nMat\u00e9ria: Veja como funcionam as \u2018dark stores\u2019, setor impulsionado pela pandemia<br \/>\nVe\u00edculo: GloboNews<br \/>\nRepresentante do trabalho: Mateus Marques<br \/>\nEquipe: Fl\u00e1via Freitas, Priscilla Moraes<\/p>\n<p>\u2013 3\u00ba lugar:<br \/>\nMat\u00e9ria: Copo Vivo<br \/>\nVe\u00edculo: TV Rio Sul<br \/>\nRepresentante do trabalho: Rosa Costa<br \/>\nEquipe: Bruno Monteiro, Sebasti\u00e3o Menezes<\/p>\n<p>CATEGORIA JORNALISMO EM \u00c1UDIO<br \/>\n\u2013 1\u00ba lugar:<br \/>\nMat\u00e9ria: Entrevista com Ti\u00e3o Santos \u2013 Lixo Extraordin\u00e1rio<br \/>\nVe\u00edculo: R\u00e1dio Roquette Pinto<br \/>\nRepresentante do trabalho: Jorge Ramos<br \/>\nEquipe: Alice da Silveira<\/p>\n<p>\u2013 2\u00ba lugar:<br \/>\nMat\u00e9ria: Global Experience, Exportando!<br \/>\nVe\u00edculo: R\u00e1dio Roquette-Pinto<br \/>\nRepresentante do trabalho: Claudia Barcellos<br \/>\nEquipe: Vitoria Beatriz<\/p>\n<p>\u2013 3\u00ba lugar:<br \/>\nMat\u00e9ria: Entrevista com Ana Brittis, curadora e produtora do projeto \u201cOlhares Cariocas\u201d<br \/>\nVe\u00edculo: R\u00e1dio Roquette-Pinto<br \/>\nRepresentante do trabalho: Alice Silveira<br \/>\nEquipe: Amanda Ferreira<\/p>\n<p>CATEGORIA FOTOJORNALISMO<\/p>\n<p>Trabalho classificado<br \/>\nMat\u00e9ria: Jovens Empreendedores<br \/>\nVe\u00edculo: Revista DiverCidades<br \/>\nRepresentante do trabalho: Bianca Costa<br \/>\nEquipe: Renato Palmisciano<\/p>\n","protected":false},"excerpt":{"rendered":"<p>Considerado o maior pr\u00eamio do jornalismo empreendedor realizado no Brasil, a 10\u00aa edi\u00e7\u00e3o do Pr\u00eamio Sebrae de Jornalismo \u2013 etapa estadual Rio de Janeiro, foi realizada pelo Sebrae Rio na noite desta sexta-feira, dia 15, na sede da institui\u00e7\u00e3o. Dos 105 trabalhos inscritos \u2013 nas categorias v\u00eddeo, texto, fotojornalismo e \u00e1udio, 10 foram selecionados pelo [&hellip;]<\/p>\n","protected":false},"author":1,"featured_media":47521,"comment_status":"open","ping_status":"open","sticky":false,"template":"","format":"standard","meta":{"tdm_status":"","tdm_grid_status":"","footnotes":""},"categories":[6],"tags":[65,308,33,645,28,569,199,260],"class_list":["post-47520","post","type-post","status-publish","format-standard","has-post-thumbnail","hentry","category-noticias","tag-campanha","tag-comunicacao","tag-estrategia","tag-jornalismo","tag-marketing","tag-rio","tag-rio-de-janeiro","tag-sebrae"],"yoast_head":"<!-- This site is optimized with the Yoast SEO plugin v27.5 - https:\/\/yoast.com\/product\/yoast-seo-wordpress\/ -->\n<title>Sebrae divulga vencedores do 10\u00ba Pr\u00eamio Sebrae de Jornalismo etapa Rio de Janeiro - CidadeMarketing<\/title>\n<meta name=\"robots\" content=\"index, follow, max-snippet:-1, max-image-preview:large, max-video-preview:-1\" \/>\n<link rel=\"canonical\" href=\"https:\/\/www.cidademarketing.com.br\/marketing\/2023\/09\/16\/sebrae-divulga-vencedores-do-10o-premio-sebrae-de-jornalismo-etapa-rio-de-janeiro\/\" \/>\n<meta property=\"og:locale\" content=\"pt_BR\" \/>\n<meta property=\"og:type\" content=\"article\" \/>\n<meta property=\"og:title\" content=\"Sebrae divulga vencedores do 10\u00ba Pr\u00eamio Sebrae de Jornalismo etapa Rio de Janeiro - CidadeMarketing\" \/>\n<meta property=\"og:description\" content=\"Considerado o maior pr\u00eamio do jornalismo empreendedor realizado no Brasil, a 10\u00aa edi\u00e7\u00e3o do Pr\u00eamio Sebrae de Jornalismo \u2013 etapa estadual Rio de Janeiro, foi realizada pelo Sebrae Rio na noite desta sexta-feira, dia 15, na sede da institui\u00e7\u00e3o. Dos 105 trabalhos inscritos \u2013 nas categorias v\u00eddeo, texto, fotojornalismo e \u00e1udio, 10 foram selecionados pelo [&hellip;]\" \/>\n<meta property=\"og:url\" content=\"https:\/\/www.cidademarketing.com.br\/marketing\/2023\/09\/16\/sebrae-divulga-vencedores-do-10o-premio-sebrae-de-jornalismo-etapa-rio-de-janeiro\/\" \/>\n<meta property=\"og:site_name\" content=\"CidadeMarketing\" \/>\n<meta property=\"article:publisher\" content=\"https:\/\/www.facebook.com\/portalcidademarketing\" \/>\n<meta property=\"article:author\" content=\"https:\/\/www.facebook.com\/thalesbrandao\" \/>\n<meta property=\"article:published_time\" content=\"2023-09-16T16:19:12+00:00\" \/>\n<meta property=\"og:image\" content=\"https:\/\/www.cidademarketing.com.br\/marketing\/wp-content\/uploads\/2023\/09\/rj_sebrae_jornalismo.jpg\" \/>\n\t<meta property=\"og:image:width\" content=\"1600\" \/>\n\t<meta property=\"og:image:height\" content=\"1066\" \/>\n\t<meta property=\"og:image:type\" content=\"image\/jpeg\" \/>\n<meta name=\"author\" content=\"Thales Brand\u00e3o\" \/>\n<meta name=\"twitter:card\" content=\"summary_large_image\" \/>\n<meta name=\"twitter:creator\" content=\"@http:\/\/www.twitter.com\/thalesbrandao\" \/>\n<meta name=\"twitter:site\" content=\"@CidadeMarketing\" \/>\n<meta name=\"twitter:label1\" content=\"Escrito por\" \/>\n\t<meta name=\"twitter:data1\" content=\"Thales Brand\u00e3o\" \/>\n\t<meta name=\"twitter:label2\" content=\"Est. tempo de leitura\" \/>\n\t<meta name=\"twitter:data2\" content=\"6 minutos\" \/>\n<script type=\"application\/ld+json\" class=\"yoast-schema-graph\">{\"@context\":\"https:\\\/\\\/schema.org\",\"@graph\":[{\"@type\":\"Article\",\"@id\":\"https:\\\/\\\/www.cidademarketing.com.br\\\/marketing\\\/2023\\\/09\\\/16\\\/sebrae-divulga-vencedores-do-10o-premio-sebrae-de-jornalismo-etapa-rio-de-janeiro\\\/#article\",\"isPartOf\":{\"@id\":\"https:\\\/\\\/www.cidademarketing.com.br\\\/marketing\\\/2023\\\/09\\\/16\\\/sebrae-divulga-vencedores-do-10o-premio-sebrae-de-jornalismo-etapa-rio-de-janeiro\\\/\"},\"author\":{\"name\":\"Thales Brand\u00e3o\",\"@id\":\"https:\\\/\\\/www.cidademarketing.com.br\\\/marketing\\\/#\\\/schema\\\/person\\\/02daff9f18bd9378c9e01eb6b2db155f\"},\"headline\":\"Sebrae divulga vencedores do 10\u00ba Pr\u00eamio Sebrae de Jornalismo etapa Rio de Janeiro\",\"datePublished\":\"2023-09-16T16:19:12+00:00\",\"mainEntityOfPage\":{\"@id\":\"https:\\\/\\\/www.cidademarketing.com.br\\\/marketing\\\/2023\\\/09\\\/16\\\/sebrae-divulga-vencedores-do-10o-premio-sebrae-de-jornalismo-etapa-rio-de-janeiro\\\/\"},\"wordCount\":1135,\"commentCount\":0,\"publisher\":{\"@id\":\"https:\\\/\\\/www.cidademarketing.com.br\\\/marketing\\\/#organization\"},\"image\":{\"@id\":\"https:\\\/\\\/www.cidademarketing.com.br\\\/marketing\\\/2023\\\/09\\\/16\\\/sebrae-divulga-vencedores-do-10o-premio-sebrae-de-jornalismo-etapa-rio-de-janeiro\\\/#primaryimage\"},\"thumbnailUrl\":\"https:\\\/\\\/www.cidademarketing.com.br\\\/marketing\\\/wp-content\\\/uploads\\\/2023\\\/09\\\/rj_sebrae_jornalismo.jpg\",\"keywords\":[\"campanha\",\"comunica\u00e7\u00e3o\",\"estrat\u00e9gia\",\"jornalismo\",\"marketing\",\"Rio\",\"Rio de Janeiro\",\"SEBRAE\"],\"articleSection\":[\"Not\u00edcias\"],\"inLanguage\":\"pt-BR\",\"potentialAction\":[{\"@type\":\"CommentAction\",\"name\":\"Comment\",\"target\":[\"https:\\\/\\\/www.cidademarketing.com.br\\\/marketing\\\/2023\\\/09\\\/16\\\/sebrae-divulga-vencedores-do-10o-premio-sebrae-de-jornalismo-etapa-rio-de-janeiro\\\/#respond\"]}]},{\"@type\":\"WebPage\",\"@id\":\"https:\\\/\\\/www.cidademarketing.com.br\\\/marketing\\\/2023\\\/09\\\/16\\\/sebrae-divulga-vencedores-do-10o-premio-sebrae-de-jornalismo-etapa-rio-de-janeiro\\\/\",\"url\":\"https:\\\/\\\/www.cidademarketing.com.br\\\/marketing\\\/2023\\\/09\\\/16\\\/sebrae-divulga-vencedores-do-10o-premio-sebrae-de-jornalismo-etapa-rio-de-janeiro\\\/\",\"name\":\"Sebrae divulga vencedores do 10\u00ba Pr\u00eamio Sebrae de Jornalismo etapa Rio de Janeiro - CidadeMarketing\",\"isPartOf\":{\"@id\":\"https:\\\/\\\/www.cidademarketing.com.br\\\/marketing\\\/#website\"},\"primaryImageOfPage\":{\"@id\":\"https:\\\/\\\/www.cidademarketing.com.br\\\/marketing\\\/2023\\\/09\\\/16\\\/sebrae-divulga-vencedores-do-10o-premio-sebrae-de-jornalismo-etapa-rio-de-janeiro\\\/#primaryimage\"},\"image\":{\"@id\":\"https:\\\/\\\/www.cidademarketing.com.br\\\/marketing\\\/2023\\\/09\\\/16\\\/sebrae-divulga-vencedores-do-10o-premio-sebrae-de-jornalismo-etapa-rio-de-janeiro\\\/#primaryimage\"},\"thumbnailUrl\":\"https:\\\/\\\/www.cidademarketing.com.br\\\/marketing\\\/wp-content\\\/uploads\\\/2023\\\/09\\\/rj_sebrae_jornalismo.jpg\",\"datePublished\":\"2023-09-16T16:19:12+00:00\",\"breadcrumb\":{\"@id\":\"https:\\\/\\\/www.cidademarketing.com.br\\\/marketing\\\/2023\\\/09\\\/16\\\/sebrae-divulga-vencedores-do-10o-premio-sebrae-de-jornalismo-etapa-rio-de-janeiro\\\/#breadcrumb\"},\"inLanguage\":\"pt-BR\",\"potentialAction\":[{\"@type\":\"ReadAction\",\"target\":[\"https:\\\/\\\/www.cidademarketing.com.br\\\/marketing\\\/2023\\\/09\\\/16\\\/sebrae-divulga-vencedores-do-10o-premio-sebrae-de-jornalismo-etapa-rio-de-janeiro\\\/\"]}]},{\"@type\":\"ImageObject\",\"inLanguage\":\"pt-BR\",\"@id\":\"https:\\\/\\\/www.cidademarketing.com.br\\\/marketing\\\/2023\\\/09\\\/16\\\/sebrae-divulga-vencedores-do-10o-premio-sebrae-de-jornalismo-etapa-rio-de-janeiro\\\/#primaryimage\",\"url\":\"https:\\\/\\\/www.cidademarketing.com.br\\\/marketing\\\/wp-content\\\/uploads\\\/2023\\\/09\\\/rj_sebrae_jornalismo.jpg\",\"contentUrl\":\"https:\\\/\\\/www.cidademarketing.com.br\\\/marketing\\\/wp-content\\\/uploads\\\/2023\\\/09\\\/rj_sebrae_jornalismo.jpg\",\"width\":1600,\"height\":1066,\"caption\":\"Divulga\u00e7\u00e3o\"},{\"@type\":\"BreadcrumbList\",\"@id\":\"https:\\\/\\\/www.cidademarketing.com.br\\\/marketing\\\/2023\\\/09\\\/16\\\/sebrae-divulga-vencedores-do-10o-premio-sebrae-de-jornalismo-etapa-rio-de-janeiro\\\/#breadcrumb\",\"itemListElement\":[{\"@type\":\"ListItem\",\"position\":1,\"name\":\"In\u00edcio\",\"item\":\"https:\\\/\\\/www.cidademarketing.com.br\\\/marketing\\\/\"},{\"@type\":\"ListItem\",\"position\":2,\"name\":\"Sebrae divulga vencedores do 10\u00ba Pr\u00eamio Sebrae de Jornalismo etapa Rio de Janeiro\"}]},{\"@type\":\"WebSite\",\"@id\":\"https:\\\/\\\/www.cidademarketing.com.br\\\/marketing\\\/#website\",\"url\":\"https:\\\/\\\/www.cidademarketing.com.br\\\/marketing\\\/\",\"name\":\"CidadeMarketing\",\"description\":\"Somos um ve\u00edculo de comunica\u00e7\u00e3o de destaque no Brasil, reconhecido por conte\u00fados nos segmentos de marketing, empreendedorismo e inova\u00e7\u00e3o.\",\"publisher\":{\"@id\":\"https:\\\/\\\/www.cidademarketing.com.br\\\/marketing\\\/#organization\"},\"alternateName\":\"CidadeMarketing\",\"potentialAction\":[{\"@type\":\"SearchAction\",\"target\":{\"@type\":\"EntryPoint\",\"urlTemplate\":\"https:\\\/\\\/www.cidademarketing.com.br\\\/marketing\\\/?s={search_term_string}\"},\"query-input\":{\"@type\":\"PropertyValueSpecification\",\"valueRequired\":true,\"valueName\":\"search_term_string\"}}],\"inLanguage\":\"pt-BR\"},{\"@type\":\"Organization\",\"@id\":\"https:\\\/\\\/www.cidademarketing.com.br\\\/marketing\\\/#organization\",\"name\":\"CidadeMarketing\",\"alternateName\":\"CidadeMarketing\",\"url\":\"https:\\\/\\\/www.cidademarketing.com.br\\\/marketing\\\/\",\"logo\":{\"@type\":\"ImageObject\",\"inLanguage\":\"pt-BR\",\"@id\":\"https:\\\/\\\/www.cidademarketing.com.br\\\/marketing\\\/#\\\/schema\\\/logo\\\/image\\\/\",\"url\":\"https:\\\/\\\/www.cidademarketing.com.br\\\/marketing\\\/wp-content\\\/uploads\\\/2020\\\/01\\\/cidademarketing_marca_mobile.png\",\"contentUrl\":\"https:\\\/\\\/www.cidademarketing.com.br\\\/marketing\\\/wp-content\\\/uploads\\\/2020\\\/01\\\/cidademarketing_marca_mobile.png\",\"width\":230,\"height\":92,\"caption\":\"CidadeMarketing\"},\"image\":{\"@id\":\"https:\\\/\\\/www.cidademarketing.com.br\\\/marketing\\\/#\\\/schema\\\/logo\\\/image\\\/\"},\"sameAs\":[\"https:\\\/\\\/www.facebook.com\\\/portalcidademarketing\",\"https:\\\/\\\/x.com\\\/CidadeMarketing\",\"https:\\\/\\\/www.instagram.com\\\/cidademarketing\\\/\"]},{\"@type\":\"Person\",\"@id\":\"https:\\\/\\\/www.cidademarketing.com.br\\\/marketing\\\/#\\\/schema\\\/person\\\/02daff9f18bd9378c9e01eb6b2db155f\",\"name\":\"Thales Brand\u00e3o\",\"image\":{\"@type\":\"ImageObject\",\"inLanguage\":\"pt-BR\",\"@id\":\"https:\\\/\\\/secure.gravatar.com\\\/avatar\\\/7ca3206950207cc3cb48feec56a8a7898741ab725c368d99d5d7a5a50aab80c6?s=96&d=mm&r=g\",\"url\":\"https:\\\/\\\/secure.gravatar.com\\\/avatar\\\/7ca3206950207cc3cb48feec56a8a7898741ab725c368d99d5d7a5a50aab80c6?s=96&d=mm&r=g\",\"contentUrl\":\"https:\\\/\\\/secure.gravatar.com\\\/avatar\\\/7ca3206950207cc3cb48feec56a8a7898741ab725c368d99d5d7a5a50aab80c6?s=96&d=mm&r=g\",\"caption\":\"Thales Brand\u00e3o\"},\"description\":\"Editor Executivo do Portal CidadeMarketing.com.br &gt; Mestre em Comunica\u00e7\u00e3o e Sociedade pela Universidade Federal de Sergipe. Possui MBA Executivo em Administra\u00e7\u00e3o com \u00eanfase em Marketing pela Funda\u00e7\u00e3o Get\u00falio Vargas - Rio de Janeiro. Consultor, Palestrante e Pesquisador sobre Empreendedorismo, Marketing, Redes Sociais e Neg\u00f3cios Digitais. Professor, Palestrante TedxTalks e Campus Party. Twitter: @ThalesBrandao\",\"sameAs\":[\"http:\\\/\\\/www.mandacaru.com.br\",\"https:\\\/\\\/www.facebook.com\\\/thalesbrandao\",\"http:\\\/\\\/www.instagram.com.br\\\/thalesbrandaoferreira\",\"https:\\\/\\\/www.linkedin.com\\\/in\\\/thales-brand\u00e3o-3948609\\\/\",\"https:\\\/\\\/x.com\\\/http:\\\/\\\/www.twitter.com\\\/thalesbrandao\"],\"url\":\"https:\\\/\\\/www.cidademarketing.com.br\\\/marketing\\\/author\\\/thalesbrandao\\\/\"}]}<\/script>\n<!-- \/ Yoast SEO plugin. -->","yoast_head_json":{"title":"Sebrae divulga vencedores do 10\u00ba Pr\u00eamio Sebrae de Jornalismo etapa Rio de Janeiro - CidadeMarketing","robots":{"index":"index","follow":"follow","max-snippet":"max-snippet:-1","max-image-preview":"max-image-preview:large","max-video-preview":"max-video-preview:-1"},"canonical":"https:\/\/www.cidademarketing.com.br\/marketing\/2023\/09\/16\/sebrae-divulga-vencedores-do-10o-premio-sebrae-de-jornalismo-etapa-rio-de-janeiro\/","og_locale":"pt_BR","og_type":"article","og_title":"Sebrae divulga vencedores do 10\u00ba Pr\u00eamio Sebrae de Jornalismo etapa Rio de Janeiro - CidadeMarketing","og_description":"Considerado o maior pr\u00eamio do jornalismo empreendedor realizado no Brasil, a 10\u00aa edi\u00e7\u00e3o do Pr\u00eamio Sebrae de Jornalismo \u2013 etapa estadual Rio de Janeiro, foi realizada pelo Sebrae Rio na noite desta sexta-feira, dia 15, na sede da institui\u00e7\u00e3o. Dos 105 trabalhos inscritos \u2013 nas categorias v\u00eddeo, texto, fotojornalismo e \u00e1udio, 10 foram selecionados pelo [&hellip;]","og_url":"https:\/\/www.cidademarketing.com.br\/marketing\/2023\/09\/16\/sebrae-divulga-vencedores-do-10o-premio-sebrae-de-jornalismo-etapa-rio-de-janeiro\/","og_site_name":"CidadeMarketing","article_publisher":"https:\/\/www.facebook.com\/portalcidademarketing","article_author":"https:\/\/www.facebook.com\/thalesbrandao","article_published_time":"2023-09-16T16:19:12+00:00","og_image":[{"width":1600,"height":1066,"url":"https:\/\/www.cidademarketing.com.br\/marketing\/wp-content\/uploads\/2023\/09\/rj_sebrae_jornalismo.jpg","type":"image\/jpeg"}],"author":"Thales Brand\u00e3o","twitter_card":"summary_large_image","twitter_creator":"@http:\/\/www.twitter.com\/thalesbrandao","twitter_site":"@CidadeMarketing","twitter_misc":{"Escrito por":"Thales Brand\u00e3o","Est. tempo de leitura":"6 minutos"},"schema":{"@context":"https:\/\/schema.org","@graph":[{"@type":"Article","@id":"https:\/\/www.cidademarketing.com.br\/marketing\/2023\/09\/16\/sebrae-divulga-vencedores-do-10o-premio-sebrae-de-jornalismo-etapa-rio-de-janeiro\/#article","isPartOf":{"@id":"https:\/\/www.cidademarketing.com.br\/marketing\/2023\/09\/16\/sebrae-divulga-vencedores-do-10o-premio-sebrae-de-jornalismo-etapa-rio-de-janeiro\/"},"author":{"name":"Thales Brand\u00e3o","@id":"https:\/\/www.cidademarketing.com.br\/marketing\/#\/schema\/person\/02daff9f18bd9378c9e01eb6b2db155f"},"headline":"Sebrae divulga vencedores do 10\u00ba Pr\u00eamio Sebrae de Jornalismo etapa Rio de Janeiro","datePublished":"2023-09-16T16:19:12+00:00","mainEntityOfPage":{"@id":"https:\/\/www.cidademarketing.com.br\/marketing\/2023\/09\/16\/sebrae-divulga-vencedores-do-10o-premio-sebrae-de-jornalismo-etapa-rio-de-janeiro\/"},"wordCount":1135,"commentCount":0,"publisher":{"@id":"https:\/\/www.cidademarketing.com.br\/marketing\/#organization"},"image":{"@id":"https:\/\/www.cidademarketing.com.br\/marketing\/2023\/09\/16\/sebrae-divulga-vencedores-do-10o-premio-sebrae-de-jornalismo-etapa-rio-de-janeiro\/#primaryimage"},"thumbnailUrl":"https:\/\/www.cidademarketing.com.br\/marketing\/wp-content\/uploads\/2023\/09\/rj_sebrae_jornalismo.jpg","keywords":["campanha","comunica\u00e7\u00e3o","estrat\u00e9gia","jornalismo","marketing","Rio","Rio de Janeiro","SEBRAE"],"articleSection":["Not\u00edcias"],"inLanguage":"pt-BR","potentialAction":[{"@type":"CommentAction","name":"Comment","target":["https:\/\/www.cidademarketing.com.br\/marketing\/2023\/09\/16\/sebrae-divulga-vencedores-do-10o-premio-sebrae-de-jornalismo-etapa-rio-de-janeiro\/#respond"]}]},{"@type":"WebPage","@id":"https:\/\/www.cidademarketing.com.br\/marketing\/2023\/09\/16\/sebrae-divulga-vencedores-do-10o-premio-sebrae-de-jornalismo-etapa-rio-de-janeiro\/","url":"https:\/\/www.cidademarketing.com.br\/marketing\/2023\/09\/16\/sebrae-divulga-vencedores-do-10o-premio-sebrae-de-jornalismo-etapa-rio-de-janeiro\/","name":"Sebrae divulga vencedores do 10\u00ba Pr\u00eamio Sebrae de Jornalismo etapa Rio de Janeiro - CidadeMarketing","isPartOf":{"@id":"https:\/\/www.cidademarketing.com.br\/marketing\/#website"},"primaryImageOfPage":{"@id":"https:\/\/www.cidademarketing.com.br\/marketing\/2023\/09\/16\/sebrae-divulga-vencedores-do-10o-premio-sebrae-de-jornalismo-etapa-rio-de-janeiro\/#primaryimage"},"image":{"@id":"https:\/\/www.cidademarketing.com.br\/marketing\/2023\/09\/16\/sebrae-divulga-vencedores-do-10o-premio-sebrae-de-jornalismo-etapa-rio-de-janeiro\/#primaryimage"},"thumbnailUrl":"https:\/\/www.cidademarketing.com.br\/marketing\/wp-content\/uploads\/2023\/09\/rj_sebrae_jornalismo.jpg","datePublished":"2023-09-16T16:19:12+00:00","breadcrumb":{"@id":"https:\/\/www.cidademarketing.com.br\/marketing\/2023\/09\/16\/sebrae-divulga-vencedores-do-10o-premio-sebrae-de-jornalismo-etapa-rio-de-janeiro\/#breadcrumb"},"inLanguage":"pt-BR","potentialAction":[{"@type":"ReadAction","target":["https:\/\/www.cidademarketing.com.br\/marketing\/2023\/09\/16\/sebrae-divulga-vencedores-do-10o-premio-sebrae-de-jornalismo-etapa-rio-de-janeiro\/"]}]},{"@type":"ImageObject","inLanguage":"pt-BR","@id":"https:\/\/www.cidademarketing.com.br\/marketing\/2023\/09\/16\/sebrae-divulga-vencedores-do-10o-premio-sebrae-de-jornalismo-etapa-rio-de-janeiro\/#primaryimage","url":"https:\/\/www.cidademarketing.com.br\/marketing\/wp-content\/uploads\/2023\/09\/rj_sebrae_jornalismo.jpg","contentUrl":"https:\/\/www.cidademarketing.com.br\/marketing\/wp-content\/uploads\/2023\/09\/rj_sebrae_jornalismo.jpg","width":1600,"height":1066,"caption":"Divulga\u00e7\u00e3o"},{"@type":"BreadcrumbList","@id":"https:\/\/www.cidademarketing.com.br\/marketing\/2023\/09\/16\/sebrae-divulga-vencedores-do-10o-premio-sebrae-de-jornalismo-etapa-rio-de-janeiro\/#breadcrumb","itemListElement":[{"@type":"ListItem","position":1,"name":"In\u00edcio","item":"https:\/\/www.cidademarketing.com.br\/marketing\/"},{"@type":"ListItem","position":2,"name":"Sebrae divulga vencedores do 10\u00ba Pr\u00eamio Sebrae de Jornalismo etapa Rio de Janeiro"}]},{"@type":"WebSite","@id":"https:\/\/www.cidademarketing.com.br\/marketing\/#website","url":"https:\/\/www.cidademarketing.com.br\/marketing\/","name":"CidadeMarketing","description":"Somos um ve\u00edculo de comunica\u00e7\u00e3o de destaque no Brasil, reconhecido por conte\u00fados nos segmentos de marketing, empreendedorismo e inova\u00e7\u00e3o.","publisher":{"@id":"https:\/\/www.cidademarketing.com.br\/marketing\/#organization"},"alternateName":"CidadeMarketing","potentialAction":[{"@type":"SearchAction","target":{"@type":"EntryPoint","urlTemplate":"https:\/\/www.cidademarketing.com.br\/marketing\/?s={search_term_string}"},"query-input":{"@type":"PropertyValueSpecification","valueRequired":true,"valueName":"search_term_string"}}],"inLanguage":"pt-BR"},{"@type":"Organization","@id":"https:\/\/www.cidademarketing.com.br\/marketing\/#organization","name":"CidadeMarketing","alternateName":"CidadeMarketing","url":"https:\/\/www.cidademarketing.com.br\/marketing\/","logo":{"@type":"ImageObject","inLanguage":"pt-BR","@id":"https:\/\/www.cidademarketing.com.br\/marketing\/#\/schema\/logo\/image\/","url":"https:\/\/www.cidademarketing.com.br\/marketing\/wp-content\/uploads\/2020\/01\/cidademarketing_marca_mobile.png","contentUrl":"https:\/\/www.cidademarketing.com.br\/marketing\/wp-content\/uploads\/2020\/01\/cidademarketing_marca_mobile.png","width":230,"height":92,"caption":"CidadeMarketing"},"image":{"@id":"https:\/\/www.cidademarketing.com.br\/marketing\/#\/schema\/logo\/image\/"},"sameAs":["https:\/\/www.facebook.com\/portalcidademarketing","https:\/\/x.com\/CidadeMarketing","https:\/\/www.instagram.com\/cidademarketing\/"]},{"@type":"Person","@id":"https:\/\/www.cidademarketing.com.br\/marketing\/#\/schema\/person\/02daff9f18bd9378c9e01eb6b2db155f","name":"Thales Brand\u00e3o","image":{"@type":"ImageObject","inLanguage":"pt-BR","@id":"https:\/\/secure.gravatar.com\/avatar\/7ca3206950207cc3cb48feec56a8a7898741ab725c368d99d5d7a5a50aab80c6?s=96&d=mm&r=g","url":"https:\/\/secure.gravatar.com\/avatar\/7ca3206950207cc3cb48feec56a8a7898741ab725c368d99d5d7a5a50aab80c6?s=96&d=mm&r=g","contentUrl":"https:\/\/secure.gravatar.com\/avatar\/7ca3206950207cc3cb48feec56a8a7898741ab725c368d99d5d7a5a50aab80c6?s=96&d=mm&r=g","caption":"Thales Brand\u00e3o"},"description":"Editor Executivo do Portal CidadeMarketing.com.br &gt; Mestre em Comunica\u00e7\u00e3o e Sociedade pela Universidade Federal de Sergipe. Possui MBA Executivo em Administra\u00e7\u00e3o com \u00eanfase em Marketing pela Funda\u00e7\u00e3o Get\u00falio Vargas - Rio de Janeiro. Consultor, Palestrante e Pesquisador sobre Empreendedorismo, Marketing, Redes Sociais e Neg\u00f3cios Digitais. Professor, Palestrante TedxTalks e Campus Party. Twitter: @ThalesBrandao","sameAs":["http:\/\/www.mandacaru.com.br","https:\/\/www.facebook.com\/thalesbrandao","http:\/\/www.instagram.com.br\/thalesbrandaoferreira","https:\/\/www.linkedin.com\/in\/thales-brand\u00e3o-3948609\/","https:\/\/x.com\/http:\/\/www.twitter.com\/thalesbrandao"],"url":"https:\/\/www.cidademarketing.com.br\/marketing\/author\/thalesbrandao\/"}]}},"amp_enabled":true,"_links":{"self":[{"href":"https:\/\/www.cidademarketing.com.br\/marketing\/wp-json\/wp\/v2\/posts\/47520","targetHints":{"allow":["GET"]}}],"collection":[{"href":"https:\/\/www.cidademarketing.com.br\/marketing\/wp-json\/wp\/v2\/posts"}],"about":[{"href":"https:\/\/www.cidademarketing.com.br\/marketing\/wp-json\/wp\/v2\/types\/post"}],"author":[{"embeddable":true,"href":"https:\/\/www.cidademarketing.com.br\/marketing\/wp-json\/wp\/v2\/users\/1"}],"replies":[{"embeddable":true,"href":"https:\/\/www.cidademarketing.com.br\/marketing\/wp-json\/wp\/v2\/comments?post=47520"}],"version-history":[{"count":1,"href":"https:\/\/www.cidademarketing.com.br\/marketing\/wp-json\/wp\/v2\/posts\/47520\/revisions"}],"predecessor-version":[{"id":47522,"href":"https:\/\/www.cidademarketing.com.br\/marketing\/wp-json\/wp\/v2\/posts\/47520\/revisions\/47522"}],"wp:featuredmedia":[{"embeddable":true,"href":"https:\/\/www.cidademarketing.com.br\/marketing\/wp-json\/wp\/v2\/media\/47521"}],"wp:attachment":[{"href":"https:\/\/www.cidademarketing.com.br\/marketing\/wp-json\/wp\/v2\/media?parent=47520"}],"wp:term":[{"taxonomy":"category","embeddable":true,"href":"https:\/\/www.cidademarketing.com.br\/marketing\/wp-json\/wp\/v2\/categories?post=47520"},{"taxonomy":"post_tag","embeddable":true,"href":"https:\/\/www.cidademarketing.com.br\/marketing\/wp-json\/wp\/v2\/tags?post=47520"}],"curies":[{"name":"wp","href":"https:\/\/api.w.org\/{rel}","templated":true}]}}