{"id":47511,"date":"2023-09-16T00:29:37","date_gmt":"2023-09-16T03:29:37","guid":{"rendered":"https:\/\/www.cidademarketing.com.br\/marketing\/?p=47511"},"modified":"2023-09-16T00:29:37","modified_gmt":"2023-09-16T03:29:37","slug":"projeto-kuat-e-solar-coca-cola-transforma-vida-de-empreendedoras-em-salvador","status":"publish","type":"post","link":"https:\/\/www.cidademarketing.com.br\/marketing\/2023\/09\/16\/projeto-kuat-e-solar-coca-cola-transforma-vida-de-empreendedoras-em-salvador\/","title":{"rendered":"Projeto Kuat e Solar Coca-Cola transforma vida de empreendedoras em Salvador"},"content":{"rendered":"<p>Kuat e Coca-Cola Brasil apresentaram nesta ter\u00e7a-feira, 12 de setembro, em Salvador, a an\u00e1lise do impacto que o projeto &#8220;Meu Neg\u00f3cio \u00c9 Meu Pa\u00eds&#8221; teve no com\u00e9rcio das pequenas empreendedoras da capital baiana e Regi\u00e3o Metropolitana. O programa, que tem apoio de parceiros como a Alian\u00e7a Empreendedora e a Solar Coca-Cola, segunda maior engarrafadora do Sistema Coca-Cola, tem como objetivo potencializar o empreendedorismo feminino.<\/p>\n<p><a href=\"https:\/\/www.cidademarketing.com.br\/marketing\/sua-marca-vai-virar-noticia\/\" target=\"_blank\" rel=\"noopener\"><img fetchpriority=\"high\" decoding=\"async\" class=\"wp-image-44329 aligncenter\" src=\"https:\/\/www.cidademarketing.com.br\/marketing\/wp-content\/uploads\/2023\/04\/cidademarketing_backlinks_marketingdigital_publieditorial_.png\" alt=\"\" width=\"500\" height=\"500\" \/><\/a><\/p>\n<p>&#8220;N\u00f3s acreditamos que as mulheres t\u00eam o poder de transformar n\u00e3o s\u00f3 as pr\u00f3prias vidas, mas as de outras pessoas. Sabemos que voc\u00eas s\u00e3o agentes de mudan\u00e7as em suas comunidades e enfrentam diversos desafios. Temos consci\u00eancia de que o empreendedorismo nem sempre come\u00e7a como um sonho tranquilo, mas como uma alternativa para quem precisa&#8221;, destacou Katielle Haffner, Head de Rela\u00e7\u00f5es Corporativas e ESG da Coca-Cola Brasil.<\/p>\n<p>Segundo ela, as empreendedoras guardam um legado que precisa ser constantemente potencializado. \u201cTivemos o privil\u00e9gio de conhecer hist\u00f3rias de protagonistas que transformaram suas origens, suas identidades e suas lutas em sonhos concretizados. Sonhos que j\u00e1 tinham tudo para se tornar realidade e que demos apenas um empurr\u00e3ozinho&#8221;, refor\u00e7ou.<\/p>\n<p>A executiva foi uma das presentes no almo\u00e7o realizado no Centro Hist\u00f3rico da cidade, evento que reuniu as 30 empreendedoras finalistas para celebrarem as conquistas obtidas ao longo do processo. Essas mulheres foram as selecionadas para a etapa final do projeto e tiveram seus neg\u00f3cios acelerados no Meu Neg\u00f3cio \u00c9 Meu Pa\u00eds, programa que contou com a participa\u00e7\u00e3o de 600 empreendedoras baianas do ramo de alimenta\u00e7\u00e3o.<\/p>\n<p>&#8220;Elas aprendem com a gente, mas aprendemos tamb\u00e9m com a pot\u00eancia delas. O apoio financeiro, a capacita\u00e7\u00e3o e o conhecimento adquiridos s\u00e3o o maior patrim\u00f4nio que elas poderiam conquistar. E isso elas nunca v\u00e3o perder&#8221;, analisa Fernanda Raizama, Diretora Regional da Solar Coca-Cola, tamb\u00e9m presente no evento que teve a influenciadora Ma\u00edra Azevedo, a Tia M\u00e1, como mestre de cerim\u00f4nia.<\/p>\n<p>&#8220;Empreender para as mulheres pretas \u00e9 resistir&#8221;, refor\u00e7ou Tia M\u00e1, relembrando que elas, a todo momento, precisam se adaptar. &#8220;Historicamente, n\u00f3s mulheres negras somos empreendedoras natas, porque precisamos nos reinventar sempre para conquistar nossas vagas no mercado de trabalho&#8221;, refor\u00e7ou a jornalista, que convidou ao palco Sandra Nascimento, uma das empreendedoras presentes no encontro, baiana de acaraj\u00e9, propriet\u00e1ria da marca @viiixemainha.<\/p>\n<p>No palco, a empreendedora contou um pouco de sua hist\u00f3ria e de como estava prestes a desistir. &#8220;Agora, depois de participar do Meu Neg\u00f3cio \u00e9 Meu Pa\u00eds, fecho os olhos e me questiono se \u00e9 um sonho&#8221;, brincou Sandra, que acredita que o programa a tornou uma mulher empreendedora, que n\u00e3o duvidava da sua capacidade, mas n\u00e3o sabia como organizar as ideias e tomar decis\u00f5es para impulsionar o neg\u00f3cio. &#8220;Hoje, consigo at\u00e9 guardar dinheiro e, mais do que apoio financeiro, o projeto mudou a percep\u00e7\u00e3o que eu tenho de mim mesma&#8221;, revelou.<\/p>\n<p>Na Bahia, o programa Meu Neg\u00f3cio \u00e9 Meu Pa\u00eds foi lan\u00e7ado em julho de 2022. O objetivo era apoiar o empreendedorismo feminino em Salvador e Regi\u00e3o Metropolitana. O projeto alcan\u00e7ou as cidades de Cama\u00e7ari, Candeias, Dias d&#8217;\u00c1vila, Itaparica, Lauro de Freitas, Madre de Deus, Mata de S\u00e3o Jo\u00e3o, Pojuca, Salvador, Sim\u00f5es Filho, S\u00e3o Francisco do Conde, S\u00e3o Sebasti\u00e3o do Pass\u00e9 e Vera Cruz.<\/p>\n<p>Atualmente, a segunda etapa do programa acontece na cidade pernambucana de Caruaru. Com os resultados alcan\u00e7ados, Kuat planeja dar continuidade \u00e0 iniciativa em 2024, amplificando para outras regi\u00f5es brasileiras e mantendo as etapas de inscri\u00e7\u00e3o, capacita\u00e7\u00e3o online, acelera\u00e7\u00e3o com assessoria individual para as 30 selecionadas para a fase final, al\u00e9m de pr\u00eamio em dinheiro para impulsionar o neg\u00f3cio delas.<\/p>\n<p>O projeto Meu Neg\u00f3cio \u00c9 Meu Pa\u00eds \u2013 Meu Neg\u00f3cio \u00c9 Meu Pa\u00eds \u00e9 realizado por Kuat, marca da The Coca-Cola Company, em parceria com o fabricante local Solar Coca-Cola e a organiza\u00e7\u00e3o sem fins lucrativos Alian\u00e7a Empreendedora, que trabalha com projetos de apoio a microempreendedores. O objetivo do projeto de Kuat \u00e9 potencializar o empreendedorismo feminino, fortalecendo a sustentabilidade e a prosperidade de mulheres com faturamento mensal de at\u00e9 R\uff04 5 mil das classes C, D e E, propriet\u00e1rias de pequenos bares e restaurantes, vendedoras ambulantes, entre outras comerciantes do ramo de alimenta\u00e7\u00e3o.<\/p>\n<p>O Projeto Meu Neg\u00f3cio \u00c9 Meu Pa\u00eds \u00e9 gratuito, com treinamento online de capacita\u00e7\u00e3o, educa\u00e7\u00e3o financeira, aux\u00edlio na divulga\u00e7\u00e3o e log\u00edstica de delivery. As participantes com os melhores resultados nessa fase inicial s\u00e3o selecionadas para apresentar um pitch do seu neg\u00f3cio (apresenta\u00e7\u00e3o do neg\u00f3cio) e, dessas, 30 s\u00e3o selecionadas para a fase final de acelera\u00e7\u00e3o, na qual contam com assessorias individuais para diagn\u00f3stico e melhorias do empreendimento, al\u00e9m de encontros para trocar experi\u00eancias e network. As finalistas receberam pr\u00eamios em dinheiro na conclus\u00e3o do projeto para aprimorar seu neg\u00f3cio e a maioria investiu em equipamentos, produtos ou infraestrutura.<\/p>\n<p>\u201cO objetivo \u00e9 capacitar constantemente as mulheres aceleradas, impulsionando o projeto para al\u00e9m de um simples curso. Kuat desempenha um papel essencial ao fornecer suporte cont\u00ednuo na capacita\u00e7\u00e3o dessas talentosas empreendedoras, auxiliando-as em seus neg\u00f3cios e contribuindo efetivamente para o crescimento pessoal de cada uma delas\u201d, afirma Katielle Haffner, Head de Rela\u00e7\u00f5es Corporativas e ESG da Coca-Cola Brasil.<\/p>\n<p>Para manter o projeto sempre vivo, Kuat realiza a\u00e7\u00f5es ap\u00f3s a conclus\u00e3o do curso nas comunidades por qual passou, como o evento do dia 12 de setembro. \u201cQueremos acompanhar de perto como elas est\u00e3o evoluindo. Esses encontros s\u00e3o para inspir\u00e1-las e realmente potencializar seus neg\u00f3cios a longo prazo. Dessa forma, ganham conhecimento e se tornam capazes de gerar sua pr\u00f3pria renda de maneira digna e quebrar o ciclo cr\u00f4nico da exclus\u00e3o social\u201d, explica Katielle Haffner.<\/p>\n<p>Para Fernanda Raizama, diretora regional da Solar Coca-Cola, o Meu Neg\u00f3cio \u00c9 Meu Pa\u00eds tamb\u00e9m contribui para que esses neg\u00f3cios se tornem cada vez mais sustent\u00e1veis. \u201cEssa uni\u00e3o de parceiros que fazem o projeto acontecer existe porque acreditamos na for\u00e7a das mulheres empreendedoras, e sabemos que, com o incentivo desta rede de apoio, elas se empoderam e se tornam cada vez mais aptas a liderar neg\u00f3cios sustent\u00e1veis. Como l\u00edder, defendo que as pessoas precisam assumir o protagonismo da mudan\u00e7a que elas querem no mundo, e as empreendedoras baianas ligadas a esse projeto t\u00eam feito isso, ocupando espa\u00e7os, movimentando a economia, e promovendo uma transforma\u00e7\u00e3o positiva da sociedade\u201d, conclui.<\/p>\n<p>Renan Damascena, gerente estrat\u00e9gico de impacto da Gana, ressalta o apoio da ag\u00eancia parceira de Kuat no evento. &#8220;Apoiamos a materializa\u00e7\u00e3o do projeto, trazendo estrat\u00e9gias, conceito e identidade visual para a campanha, al\u00e9m de fazer com que a a\u00e7\u00e3o tomasse mais corpo ao pensar, junto da marca, em objetivos que dessem cobertura para as principais \u00e1reas do pilar social de ESG, um dos nossos principais diferenciais de entrega, rompendo com a l\u00f3gica do assistencialismo. A campanha Meu Neg\u00f3cio \u00c9 Meu Pa\u00eds foi pensada para gerar impacto positivo \u00e0 comunidade empreendedora ao redor da marca e entregar uma plataforma de valor para os clientes Kuat, que retornou como um grande sucesso&#8221;, afirma.<\/p>\n<p><iframe title=\"Spotify Embed: Podcast CidadeMarketing\" style=\"border-radius: 12px\" width=\"100%\" height=\"152\" frameborder=\"0\" allowfullscreen allow=\"autoplay; clipboard-write; encrypted-media; fullscreen; picture-in-picture\" loading=\"lazy\" src=\"https:\/\/open.spotify.com\/embed\/show\/4khMKzP3FgFRWVwb73xicc?si=252fe5bff2b34909&#038;utm_source=oembed\"><\/iframe><\/p>\n<p>&nbsp;<\/p>\n<p>Cases de sucesso \u2013 Na pesquisa quanti realizada pela Alian\u00e7a Empreendedora ap\u00f3s o projeto Meu Neg\u00f3cio \u00c9 Meu Pa\u00eds em Salvador, um dos principais resultados detectados foi que o curso ajudou a desenvolver em 89% das participantes a habilidade de ter seguran\u00e7a para tomar decis\u00f5es em seu pr\u00f3prio neg\u00f3cio. \u201cIsso \u00e9 realmente importante, porque d\u00e1 \u00e0s empreendedoras a coragem de sair em busca de solu\u00e7\u00f5es por elas mesmas e experimentar diferentes possibilidades para o avan\u00e7o de seus neg\u00f3cios. \u00c9 ainda mais significativo quando olhamos para a pesquisa qualitativa, que mostra de maneira un\u00e2nime que as mulheres frequentemente t\u00eam sua confian\u00e7a na capacidade de empreender abalada.&#8221;, explicou Marina Paula Egg Batista, da Alian\u00e7a Empreendedora.<\/p>\n<p>Outro resultado significativo foi o aprendizado em precifica\u00e7\u00e3o: 90% das participantes afirmaram que o programa contribuiu significativamente para que elas aprendessem a analisar os custos e estabelecer o pre\u00e7o de seus trabalhos e produtos. Al\u00e9m disso, 93% foram motivadas a organizar as finan\u00e7as do neg\u00f3cio, e 85% acreditam que Meu Neg\u00f3cio \u00c9 Meu Pa\u00eds teve uma contribui\u00e7\u00e3o significativa para o desenvolvimento de suas habilidades de gest\u00e3o financeira.<\/p>\n","protected":false},"excerpt":{"rendered":"<p>Kuat e Coca-Cola Brasil apresentaram nesta ter\u00e7a-feira, 12 de setembro, em Salvador, a an\u00e1lise do impacto que o projeto &#8220;Meu Neg\u00f3cio \u00c9 Meu Pa\u00eds&#8221; teve no com\u00e9rcio das pequenas empreendedoras da capital baiana e Regi\u00e3o Metropolitana. O programa, que tem apoio de parceiros como a Alian\u00e7a Empreendedora e a Solar Coca-Cola, segunda maior engarrafadora do [&hellip;]<\/p>\n","protected":false},"author":1,"featured_media":47512,"comment_status":"open","ping_status":"open","sticky":false,"template":"","format":"standard","meta":{"tdm_status":"","tdm_grid_status":"","footnotes":""},"categories":[6],"tags":[573,56,27,33,28,1293,572],"class_list":["post-47511","post","type-post","status-publish","format-standard","has-post-thumbnail","hentry","category-noticias","tag-bahia","tag-coca-cola","tag-empreendedorismo","tag-estrategia","tag-marketing","tag-negocio","tag-salvador"],"yoast_head":"<!-- This site is optimized with the Yoast SEO plugin v27.5 - https:\/\/yoast.com\/product\/yoast-seo-wordpress\/ -->\n<title>Projeto Kuat e Solar Coca-Cola transforma vida de empreendedoras em Salvador - CidadeMarketing<\/title>\n<meta name=\"robots\" content=\"index, follow, max-snippet:-1, max-image-preview:large, max-video-preview:-1\" \/>\n<link rel=\"canonical\" href=\"https:\/\/www.cidademarketing.com.br\/marketing\/2023\/09\/16\/projeto-kuat-e-solar-coca-cola-transforma-vida-de-empreendedoras-em-salvador\/\" \/>\n<meta property=\"og:locale\" content=\"pt_BR\" \/>\n<meta property=\"og:type\" content=\"article\" \/>\n<meta property=\"og:title\" content=\"Projeto Kuat e Solar Coca-Cola transforma vida de empreendedoras em Salvador - CidadeMarketing\" \/>\n<meta property=\"og:description\" content=\"Kuat e Coca-Cola Brasil apresentaram nesta ter\u00e7a-feira, 12 de setembro, em Salvador, a an\u00e1lise do impacto que o projeto &#8220;Meu Neg\u00f3cio \u00c9 Meu Pa\u00eds&#8221; teve no com\u00e9rcio das pequenas empreendedoras da capital baiana e Regi\u00e3o Metropolitana. O programa, que tem apoio de parceiros como a Alian\u00e7a Empreendedora e a Solar Coca-Cola, segunda maior engarrafadora do [&hellip;]\" \/>\n<meta property=\"og:url\" content=\"https:\/\/www.cidademarketing.com.br\/marketing\/2023\/09\/16\/projeto-kuat-e-solar-coca-cola-transforma-vida-de-empreendedoras-em-salvador\/\" \/>\n<meta property=\"og:site_name\" content=\"CidadeMarketing\" \/>\n<meta property=\"article:publisher\" content=\"https:\/\/www.facebook.com\/portalcidademarketing\" \/>\n<meta property=\"article:author\" content=\"https:\/\/www.facebook.com\/thalesbrandao\" \/>\n<meta property=\"article:published_time\" content=\"2023-09-16T03:29:37+00:00\" \/>\n<meta property=\"og:image\" content=\"https:\/\/www.cidademarketing.com.br\/marketing\/wp-content\/uploads\/2023\/09\/cocacola_empreendedorismo_salvador.png\" \/>\n\t<meta property=\"og:image:width\" content=\"871\" \/>\n\t<meta property=\"og:image:height\" content=\"552\" \/>\n\t<meta property=\"og:image:type\" content=\"image\/png\" \/>\n<meta name=\"author\" content=\"Thales Brand\u00e3o\" \/>\n<meta name=\"twitter:card\" content=\"summary_large_image\" \/>\n<meta name=\"twitter:creator\" content=\"@http:\/\/www.twitter.com\/thalesbrandao\" \/>\n<meta name=\"twitter:site\" content=\"@CidadeMarketing\" \/>\n<meta name=\"twitter:label1\" content=\"Escrito por\" \/>\n\t<meta name=\"twitter:data1\" content=\"Thales Brand\u00e3o\" \/>\n\t<meta name=\"twitter:label2\" content=\"Est. tempo de leitura\" \/>\n\t<meta name=\"twitter:data2\" content=\"7 minutos\" \/>\n<script type=\"application\/ld+json\" class=\"yoast-schema-graph\">{\"@context\":\"https:\\\/\\\/schema.org\",\"@graph\":[{\"@type\":\"Article\",\"@id\":\"https:\\\/\\\/www.cidademarketing.com.br\\\/marketing\\\/2023\\\/09\\\/16\\\/projeto-kuat-e-solar-coca-cola-transforma-vida-de-empreendedoras-em-salvador\\\/#article\",\"isPartOf\":{\"@id\":\"https:\\\/\\\/www.cidademarketing.com.br\\\/marketing\\\/2023\\\/09\\\/16\\\/projeto-kuat-e-solar-coca-cola-transforma-vida-de-empreendedoras-em-salvador\\\/\"},\"author\":{\"name\":\"Thales Brand\u00e3o\",\"@id\":\"https:\\\/\\\/www.cidademarketing.com.br\\\/marketing\\\/#\\\/schema\\\/person\\\/02daff9f18bd9378c9e01eb6b2db155f\"},\"headline\":\"Projeto Kuat e Solar Coca-Cola transforma vida de empreendedoras em Salvador\",\"datePublished\":\"2023-09-16T03:29:37+00:00\",\"mainEntityOfPage\":{\"@id\":\"https:\\\/\\\/www.cidademarketing.com.br\\\/marketing\\\/2023\\\/09\\\/16\\\/projeto-kuat-e-solar-coca-cola-transforma-vida-de-empreendedoras-em-salvador\\\/\"},\"wordCount\":1452,\"commentCount\":0,\"publisher\":{\"@id\":\"https:\\\/\\\/www.cidademarketing.com.br\\\/marketing\\\/#organization\"},\"image\":{\"@id\":\"https:\\\/\\\/www.cidademarketing.com.br\\\/marketing\\\/2023\\\/09\\\/16\\\/projeto-kuat-e-solar-coca-cola-transforma-vida-de-empreendedoras-em-salvador\\\/#primaryimage\"},\"thumbnailUrl\":\"https:\\\/\\\/www.cidademarketing.com.br\\\/marketing\\\/wp-content\\\/uploads\\\/2023\\\/09\\\/cocacola_empreendedorismo_salvador.png\",\"keywords\":[\"Bahia\",\"Coca-Cola\",\"empreendedorismo\",\"estrat\u00e9gia\",\"marketing\",\"neg\u00f3cio\",\"Salvador\"],\"articleSection\":[\"Not\u00edcias\"],\"inLanguage\":\"pt-BR\",\"potentialAction\":[{\"@type\":\"CommentAction\",\"name\":\"Comment\",\"target\":[\"https:\\\/\\\/www.cidademarketing.com.br\\\/marketing\\\/2023\\\/09\\\/16\\\/projeto-kuat-e-solar-coca-cola-transforma-vida-de-empreendedoras-em-salvador\\\/#respond\"]}]},{\"@type\":\"WebPage\",\"@id\":\"https:\\\/\\\/www.cidademarketing.com.br\\\/marketing\\\/2023\\\/09\\\/16\\\/projeto-kuat-e-solar-coca-cola-transforma-vida-de-empreendedoras-em-salvador\\\/\",\"url\":\"https:\\\/\\\/www.cidademarketing.com.br\\\/marketing\\\/2023\\\/09\\\/16\\\/projeto-kuat-e-solar-coca-cola-transforma-vida-de-empreendedoras-em-salvador\\\/\",\"name\":\"Projeto Kuat e Solar Coca-Cola transforma vida de empreendedoras em Salvador - CidadeMarketing\",\"isPartOf\":{\"@id\":\"https:\\\/\\\/www.cidademarketing.com.br\\\/marketing\\\/#website\"},\"primaryImageOfPage\":{\"@id\":\"https:\\\/\\\/www.cidademarketing.com.br\\\/marketing\\\/2023\\\/09\\\/16\\\/projeto-kuat-e-solar-coca-cola-transforma-vida-de-empreendedoras-em-salvador\\\/#primaryimage\"},\"image\":{\"@id\":\"https:\\\/\\\/www.cidademarketing.com.br\\\/marketing\\\/2023\\\/09\\\/16\\\/projeto-kuat-e-solar-coca-cola-transforma-vida-de-empreendedoras-em-salvador\\\/#primaryimage\"},\"thumbnailUrl\":\"https:\\\/\\\/www.cidademarketing.com.br\\\/marketing\\\/wp-content\\\/uploads\\\/2023\\\/09\\\/cocacola_empreendedorismo_salvador.png\",\"datePublished\":\"2023-09-16T03:29:37+00:00\",\"breadcrumb\":{\"@id\":\"https:\\\/\\\/www.cidademarketing.com.br\\\/marketing\\\/2023\\\/09\\\/16\\\/projeto-kuat-e-solar-coca-cola-transforma-vida-de-empreendedoras-em-salvador\\\/#breadcrumb\"},\"inLanguage\":\"pt-BR\",\"potentialAction\":[{\"@type\":\"ReadAction\",\"target\":[\"https:\\\/\\\/www.cidademarketing.com.br\\\/marketing\\\/2023\\\/09\\\/16\\\/projeto-kuat-e-solar-coca-cola-transforma-vida-de-empreendedoras-em-salvador\\\/\"]}]},{\"@type\":\"ImageObject\",\"inLanguage\":\"pt-BR\",\"@id\":\"https:\\\/\\\/www.cidademarketing.com.br\\\/marketing\\\/2023\\\/09\\\/16\\\/projeto-kuat-e-solar-coca-cola-transforma-vida-de-empreendedoras-em-salvador\\\/#primaryimage\",\"url\":\"https:\\\/\\\/www.cidademarketing.com.br\\\/marketing\\\/wp-content\\\/uploads\\\/2023\\\/09\\\/cocacola_empreendedorismo_salvador.png\",\"contentUrl\":\"https:\\\/\\\/www.cidademarketing.com.br\\\/marketing\\\/wp-content\\\/uploads\\\/2023\\\/09\\\/cocacola_empreendedorismo_salvador.png\",\"width\":871,\"height\":552,\"caption\":\"Nat\u00e1lia Freire (e) , Maira Azevedo (Tia Ma), Fernanda Raizama, Sandra Nascimento, Chef Dad\u00e1 e Katielle Haffner\"},{\"@type\":\"BreadcrumbList\",\"@id\":\"https:\\\/\\\/www.cidademarketing.com.br\\\/marketing\\\/2023\\\/09\\\/16\\\/projeto-kuat-e-solar-coca-cola-transforma-vida-de-empreendedoras-em-salvador\\\/#breadcrumb\",\"itemListElement\":[{\"@type\":\"ListItem\",\"position\":1,\"name\":\"In\u00edcio\",\"item\":\"https:\\\/\\\/www.cidademarketing.com.br\\\/marketing\\\/\"},{\"@type\":\"ListItem\",\"position\":2,\"name\":\"Projeto Kuat e Solar Coca-Cola transforma vida de empreendedoras em Salvador\"}]},{\"@type\":\"WebSite\",\"@id\":\"https:\\\/\\\/www.cidademarketing.com.br\\\/marketing\\\/#website\",\"url\":\"https:\\\/\\\/www.cidademarketing.com.br\\\/marketing\\\/\",\"name\":\"CidadeMarketing\",\"description\":\"Somos um ve\u00edculo de comunica\u00e7\u00e3o de destaque no Brasil, reconhecido por conte\u00fados nos segmentos de marketing, empreendedorismo e inova\u00e7\u00e3o.\",\"publisher\":{\"@id\":\"https:\\\/\\\/www.cidademarketing.com.br\\\/marketing\\\/#organization\"},\"alternateName\":\"CidadeMarketing\",\"potentialAction\":[{\"@type\":\"SearchAction\",\"target\":{\"@type\":\"EntryPoint\",\"urlTemplate\":\"https:\\\/\\\/www.cidademarketing.com.br\\\/marketing\\\/?s={search_term_string}\"},\"query-input\":{\"@type\":\"PropertyValueSpecification\",\"valueRequired\":true,\"valueName\":\"search_term_string\"}}],\"inLanguage\":\"pt-BR\"},{\"@type\":\"Organization\",\"@id\":\"https:\\\/\\\/www.cidademarketing.com.br\\\/marketing\\\/#organization\",\"name\":\"CidadeMarketing\",\"alternateName\":\"CidadeMarketing\",\"url\":\"https:\\\/\\\/www.cidademarketing.com.br\\\/marketing\\\/\",\"logo\":{\"@type\":\"ImageObject\",\"inLanguage\":\"pt-BR\",\"@id\":\"https:\\\/\\\/www.cidademarketing.com.br\\\/marketing\\\/#\\\/schema\\\/logo\\\/image\\\/\",\"url\":\"https:\\\/\\\/www.cidademarketing.com.br\\\/marketing\\\/wp-content\\\/uploads\\\/2020\\\/01\\\/cidademarketing_marca_mobile.png\",\"contentUrl\":\"https:\\\/\\\/www.cidademarketing.com.br\\\/marketing\\\/wp-content\\\/uploads\\\/2020\\\/01\\\/cidademarketing_marca_mobile.png\",\"width\":230,\"height\":92,\"caption\":\"CidadeMarketing\"},\"image\":{\"@id\":\"https:\\\/\\\/www.cidademarketing.com.br\\\/marketing\\\/#\\\/schema\\\/logo\\\/image\\\/\"},\"sameAs\":[\"https:\\\/\\\/www.facebook.com\\\/portalcidademarketing\",\"https:\\\/\\\/x.com\\\/CidadeMarketing\",\"https:\\\/\\\/www.instagram.com\\\/cidademarketing\\\/\"]},{\"@type\":\"Person\",\"@id\":\"https:\\\/\\\/www.cidademarketing.com.br\\\/marketing\\\/#\\\/schema\\\/person\\\/02daff9f18bd9378c9e01eb6b2db155f\",\"name\":\"Thales Brand\u00e3o\",\"image\":{\"@type\":\"ImageObject\",\"inLanguage\":\"pt-BR\",\"@id\":\"https:\\\/\\\/secure.gravatar.com\\\/avatar\\\/7ca3206950207cc3cb48feec56a8a7898741ab725c368d99d5d7a5a50aab80c6?s=96&d=mm&r=g\",\"url\":\"https:\\\/\\\/secure.gravatar.com\\\/avatar\\\/7ca3206950207cc3cb48feec56a8a7898741ab725c368d99d5d7a5a50aab80c6?s=96&d=mm&r=g\",\"contentUrl\":\"https:\\\/\\\/secure.gravatar.com\\\/avatar\\\/7ca3206950207cc3cb48feec56a8a7898741ab725c368d99d5d7a5a50aab80c6?s=96&d=mm&r=g\",\"caption\":\"Thales Brand\u00e3o\"},\"description\":\"Editor Executivo do Portal CidadeMarketing.com.br &gt; Mestre em Comunica\u00e7\u00e3o e Sociedade pela Universidade Federal de Sergipe. Possui MBA Executivo em Administra\u00e7\u00e3o com \u00eanfase em Marketing pela Funda\u00e7\u00e3o Get\u00falio Vargas - Rio de Janeiro. Consultor, Palestrante e Pesquisador sobre Empreendedorismo, Marketing, Redes Sociais e Neg\u00f3cios Digitais. Professor, Palestrante TedxTalks e Campus Party. Twitter: @ThalesBrandao\",\"sameAs\":[\"http:\\\/\\\/www.mandacaru.com.br\",\"https:\\\/\\\/www.facebook.com\\\/thalesbrandao\",\"http:\\\/\\\/www.instagram.com.br\\\/thalesbrandaoferreira\",\"https:\\\/\\\/www.linkedin.com\\\/in\\\/thales-brand\u00e3o-3948609\\\/\",\"https:\\\/\\\/x.com\\\/http:\\\/\\\/www.twitter.com\\\/thalesbrandao\"],\"url\":\"https:\\\/\\\/www.cidademarketing.com.br\\\/marketing\\\/author\\\/thalesbrandao\\\/\"}]}<\/script>\n<!-- \/ Yoast SEO plugin. -->","yoast_head_json":{"title":"Projeto Kuat e Solar Coca-Cola transforma vida de empreendedoras em Salvador - CidadeMarketing","robots":{"index":"index","follow":"follow","max-snippet":"max-snippet:-1","max-image-preview":"max-image-preview:large","max-video-preview":"max-video-preview:-1"},"canonical":"https:\/\/www.cidademarketing.com.br\/marketing\/2023\/09\/16\/projeto-kuat-e-solar-coca-cola-transforma-vida-de-empreendedoras-em-salvador\/","og_locale":"pt_BR","og_type":"article","og_title":"Projeto Kuat e Solar Coca-Cola transforma vida de empreendedoras em Salvador - CidadeMarketing","og_description":"Kuat e Coca-Cola Brasil apresentaram nesta ter\u00e7a-feira, 12 de setembro, em Salvador, a an\u00e1lise do impacto que o projeto &#8220;Meu Neg\u00f3cio \u00c9 Meu Pa\u00eds&#8221; teve no com\u00e9rcio das pequenas empreendedoras da capital baiana e Regi\u00e3o Metropolitana. O programa, que tem apoio de parceiros como a Alian\u00e7a Empreendedora e a Solar Coca-Cola, segunda maior engarrafadora do [&hellip;]","og_url":"https:\/\/www.cidademarketing.com.br\/marketing\/2023\/09\/16\/projeto-kuat-e-solar-coca-cola-transforma-vida-de-empreendedoras-em-salvador\/","og_site_name":"CidadeMarketing","article_publisher":"https:\/\/www.facebook.com\/portalcidademarketing","article_author":"https:\/\/www.facebook.com\/thalesbrandao","article_published_time":"2023-09-16T03:29:37+00:00","og_image":[{"width":871,"height":552,"url":"https:\/\/www.cidademarketing.com.br\/marketing\/wp-content\/uploads\/2023\/09\/cocacola_empreendedorismo_salvador.png","type":"image\/png"}],"author":"Thales Brand\u00e3o","twitter_card":"summary_large_image","twitter_creator":"@http:\/\/www.twitter.com\/thalesbrandao","twitter_site":"@CidadeMarketing","twitter_misc":{"Escrito por":"Thales Brand\u00e3o","Est. tempo de leitura":"7 minutos"},"schema":{"@context":"https:\/\/schema.org","@graph":[{"@type":"Article","@id":"https:\/\/www.cidademarketing.com.br\/marketing\/2023\/09\/16\/projeto-kuat-e-solar-coca-cola-transforma-vida-de-empreendedoras-em-salvador\/#article","isPartOf":{"@id":"https:\/\/www.cidademarketing.com.br\/marketing\/2023\/09\/16\/projeto-kuat-e-solar-coca-cola-transforma-vida-de-empreendedoras-em-salvador\/"},"author":{"name":"Thales Brand\u00e3o","@id":"https:\/\/www.cidademarketing.com.br\/marketing\/#\/schema\/person\/02daff9f18bd9378c9e01eb6b2db155f"},"headline":"Projeto Kuat e Solar Coca-Cola transforma vida de empreendedoras em Salvador","datePublished":"2023-09-16T03:29:37+00:00","mainEntityOfPage":{"@id":"https:\/\/www.cidademarketing.com.br\/marketing\/2023\/09\/16\/projeto-kuat-e-solar-coca-cola-transforma-vida-de-empreendedoras-em-salvador\/"},"wordCount":1452,"commentCount":0,"publisher":{"@id":"https:\/\/www.cidademarketing.com.br\/marketing\/#organization"},"image":{"@id":"https:\/\/www.cidademarketing.com.br\/marketing\/2023\/09\/16\/projeto-kuat-e-solar-coca-cola-transforma-vida-de-empreendedoras-em-salvador\/#primaryimage"},"thumbnailUrl":"https:\/\/www.cidademarketing.com.br\/marketing\/wp-content\/uploads\/2023\/09\/cocacola_empreendedorismo_salvador.png","keywords":["Bahia","Coca-Cola","empreendedorismo","estrat\u00e9gia","marketing","neg\u00f3cio","Salvador"],"articleSection":["Not\u00edcias"],"inLanguage":"pt-BR","potentialAction":[{"@type":"CommentAction","name":"Comment","target":["https:\/\/www.cidademarketing.com.br\/marketing\/2023\/09\/16\/projeto-kuat-e-solar-coca-cola-transforma-vida-de-empreendedoras-em-salvador\/#respond"]}]},{"@type":"WebPage","@id":"https:\/\/www.cidademarketing.com.br\/marketing\/2023\/09\/16\/projeto-kuat-e-solar-coca-cola-transforma-vida-de-empreendedoras-em-salvador\/","url":"https:\/\/www.cidademarketing.com.br\/marketing\/2023\/09\/16\/projeto-kuat-e-solar-coca-cola-transforma-vida-de-empreendedoras-em-salvador\/","name":"Projeto Kuat e Solar Coca-Cola transforma vida de empreendedoras em Salvador - CidadeMarketing","isPartOf":{"@id":"https:\/\/www.cidademarketing.com.br\/marketing\/#website"},"primaryImageOfPage":{"@id":"https:\/\/www.cidademarketing.com.br\/marketing\/2023\/09\/16\/projeto-kuat-e-solar-coca-cola-transforma-vida-de-empreendedoras-em-salvador\/#primaryimage"},"image":{"@id":"https:\/\/www.cidademarketing.com.br\/marketing\/2023\/09\/16\/projeto-kuat-e-solar-coca-cola-transforma-vida-de-empreendedoras-em-salvador\/#primaryimage"},"thumbnailUrl":"https:\/\/www.cidademarketing.com.br\/marketing\/wp-content\/uploads\/2023\/09\/cocacola_empreendedorismo_salvador.png","datePublished":"2023-09-16T03:29:37+00:00","breadcrumb":{"@id":"https:\/\/www.cidademarketing.com.br\/marketing\/2023\/09\/16\/projeto-kuat-e-solar-coca-cola-transforma-vida-de-empreendedoras-em-salvador\/#breadcrumb"},"inLanguage":"pt-BR","potentialAction":[{"@type":"ReadAction","target":["https:\/\/www.cidademarketing.com.br\/marketing\/2023\/09\/16\/projeto-kuat-e-solar-coca-cola-transforma-vida-de-empreendedoras-em-salvador\/"]}]},{"@type":"ImageObject","inLanguage":"pt-BR","@id":"https:\/\/www.cidademarketing.com.br\/marketing\/2023\/09\/16\/projeto-kuat-e-solar-coca-cola-transforma-vida-de-empreendedoras-em-salvador\/#primaryimage","url":"https:\/\/www.cidademarketing.com.br\/marketing\/wp-content\/uploads\/2023\/09\/cocacola_empreendedorismo_salvador.png","contentUrl":"https:\/\/www.cidademarketing.com.br\/marketing\/wp-content\/uploads\/2023\/09\/cocacola_empreendedorismo_salvador.png","width":871,"height":552,"caption":"Nat\u00e1lia Freire (e) , Maira Azevedo (Tia Ma), Fernanda Raizama, Sandra Nascimento, Chef Dad\u00e1 e Katielle Haffner"},{"@type":"BreadcrumbList","@id":"https:\/\/www.cidademarketing.com.br\/marketing\/2023\/09\/16\/projeto-kuat-e-solar-coca-cola-transforma-vida-de-empreendedoras-em-salvador\/#breadcrumb","itemListElement":[{"@type":"ListItem","position":1,"name":"In\u00edcio","item":"https:\/\/www.cidademarketing.com.br\/marketing\/"},{"@type":"ListItem","position":2,"name":"Projeto Kuat e Solar Coca-Cola transforma vida de empreendedoras em Salvador"}]},{"@type":"WebSite","@id":"https:\/\/www.cidademarketing.com.br\/marketing\/#website","url":"https:\/\/www.cidademarketing.com.br\/marketing\/","name":"CidadeMarketing","description":"Somos um ve\u00edculo de comunica\u00e7\u00e3o de destaque no Brasil, reconhecido por conte\u00fados nos segmentos de marketing, empreendedorismo e inova\u00e7\u00e3o.","publisher":{"@id":"https:\/\/www.cidademarketing.com.br\/marketing\/#organization"},"alternateName":"CidadeMarketing","potentialAction":[{"@type":"SearchAction","target":{"@type":"EntryPoint","urlTemplate":"https:\/\/www.cidademarketing.com.br\/marketing\/?s={search_term_string}"},"query-input":{"@type":"PropertyValueSpecification","valueRequired":true,"valueName":"search_term_string"}}],"inLanguage":"pt-BR"},{"@type":"Organization","@id":"https:\/\/www.cidademarketing.com.br\/marketing\/#organization","name":"CidadeMarketing","alternateName":"CidadeMarketing","url":"https:\/\/www.cidademarketing.com.br\/marketing\/","logo":{"@type":"ImageObject","inLanguage":"pt-BR","@id":"https:\/\/www.cidademarketing.com.br\/marketing\/#\/schema\/logo\/image\/","url":"https:\/\/www.cidademarketing.com.br\/marketing\/wp-content\/uploads\/2020\/01\/cidademarketing_marca_mobile.png","contentUrl":"https:\/\/www.cidademarketing.com.br\/marketing\/wp-content\/uploads\/2020\/01\/cidademarketing_marca_mobile.png","width":230,"height":92,"caption":"CidadeMarketing"},"image":{"@id":"https:\/\/www.cidademarketing.com.br\/marketing\/#\/schema\/logo\/image\/"},"sameAs":["https:\/\/www.facebook.com\/portalcidademarketing","https:\/\/x.com\/CidadeMarketing","https:\/\/www.instagram.com\/cidademarketing\/"]},{"@type":"Person","@id":"https:\/\/www.cidademarketing.com.br\/marketing\/#\/schema\/person\/02daff9f18bd9378c9e01eb6b2db155f","name":"Thales Brand\u00e3o","image":{"@type":"ImageObject","inLanguage":"pt-BR","@id":"https:\/\/secure.gravatar.com\/avatar\/7ca3206950207cc3cb48feec56a8a7898741ab725c368d99d5d7a5a50aab80c6?s=96&d=mm&r=g","url":"https:\/\/secure.gravatar.com\/avatar\/7ca3206950207cc3cb48feec56a8a7898741ab725c368d99d5d7a5a50aab80c6?s=96&d=mm&r=g","contentUrl":"https:\/\/secure.gravatar.com\/avatar\/7ca3206950207cc3cb48feec56a8a7898741ab725c368d99d5d7a5a50aab80c6?s=96&d=mm&r=g","caption":"Thales Brand\u00e3o"},"description":"Editor Executivo do Portal CidadeMarketing.com.br &gt; Mestre em Comunica\u00e7\u00e3o e Sociedade pela Universidade Federal de Sergipe. Possui MBA Executivo em Administra\u00e7\u00e3o com \u00eanfase em Marketing pela Funda\u00e7\u00e3o Get\u00falio Vargas - Rio de Janeiro. Consultor, Palestrante e Pesquisador sobre Empreendedorismo, Marketing, Redes Sociais e Neg\u00f3cios Digitais. Professor, Palestrante TedxTalks e Campus Party. Twitter: @ThalesBrandao","sameAs":["http:\/\/www.mandacaru.com.br","https:\/\/www.facebook.com\/thalesbrandao","http:\/\/www.instagram.com.br\/thalesbrandaoferreira","https:\/\/www.linkedin.com\/in\/thales-brand\u00e3o-3948609\/","https:\/\/x.com\/http:\/\/www.twitter.com\/thalesbrandao"],"url":"https:\/\/www.cidademarketing.com.br\/marketing\/author\/thalesbrandao\/"}]}},"amp_enabled":true,"_links":{"self":[{"href":"https:\/\/www.cidademarketing.com.br\/marketing\/wp-json\/wp\/v2\/posts\/47511","targetHints":{"allow":["GET"]}}],"collection":[{"href":"https:\/\/www.cidademarketing.com.br\/marketing\/wp-json\/wp\/v2\/posts"}],"about":[{"href":"https:\/\/www.cidademarketing.com.br\/marketing\/wp-json\/wp\/v2\/types\/post"}],"author":[{"embeddable":true,"href":"https:\/\/www.cidademarketing.com.br\/marketing\/wp-json\/wp\/v2\/users\/1"}],"replies":[{"embeddable":true,"href":"https:\/\/www.cidademarketing.com.br\/marketing\/wp-json\/wp\/v2\/comments?post=47511"}],"version-history":[{"count":1,"href":"https:\/\/www.cidademarketing.com.br\/marketing\/wp-json\/wp\/v2\/posts\/47511\/revisions"}],"predecessor-version":[{"id":47513,"href":"https:\/\/www.cidademarketing.com.br\/marketing\/wp-json\/wp\/v2\/posts\/47511\/revisions\/47513"}],"wp:featuredmedia":[{"embeddable":true,"href":"https:\/\/www.cidademarketing.com.br\/marketing\/wp-json\/wp\/v2\/media\/47512"}],"wp:attachment":[{"href":"https:\/\/www.cidademarketing.com.br\/marketing\/wp-json\/wp\/v2\/media?parent=47511"}],"wp:term":[{"taxonomy":"category","embeddable":true,"href":"https:\/\/www.cidademarketing.com.br\/marketing\/wp-json\/wp\/v2\/categories?post=47511"},{"taxonomy":"post_tag","embeddable":true,"href":"https:\/\/www.cidademarketing.com.br\/marketing\/wp-json\/wp\/v2\/tags?post=47511"}],"curies":[{"name":"wp","href":"https:\/\/api.w.org\/{rel}","templated":true}]}}