{"id":47499,"date":"2023-09-15T16:48:08","date_gmt":"2023-09-15T19:48:08","guid":{"rendered":"https:\/\/www.cidademarketing.com.br\/marketing\/?p=47499"},"modified":"2023-09-15T16:48:08","modified_gmt":"2023-09-15T19:48:08","slug":"retinoblastoma-daiana-garbin-e-tiago-leifert-emplacam-campanha-de-olho-nos-olhinhos","status":"publish","type":"post","link":"https:\/\/www.cidademarketing.com.br\/marketing\/2023\/09\/15\/retinoblastoma-daiana-garbin-e-tiago-leifert-emplacam-campanha-de-olho-nos-olhinhos\/","title":{"rendered":"Retinoblastoma: Daiana Garbin e Tiago Leifert emplacam campanha &#8220;De Olho nos Olhinhos&#8221;"},"content":{"rendered":"<p>Nos dias 16 e 17 de setembro, Daiana Garbin e Tiago Leifert promover\u00e3o a campanha &#8220;DE OLHO NOS OLHINHOS&#8221; com o objetivo de conscientizar e alertar sobre o retinoblastoma, um tumor ocular que acomete crian\u00e7as entre 0 e 5 anos. A filha do casal, Lua, hoje com quase 3 anos, foi diagnosticada com retinoblastoma quando tinha 11 meses e ainda est\u00e1 em tratamento. A falta de informa\u00e7\u00e3o sobre a doen\u00e7a levou o casal a criar a campanha com o intuito de promover o diagn\u00f3stico precoce e a sa\u00fade ocular na inf\u00e2ncia.<\/p>\n<p><a href=\"https:\/\/www.cidademarketing.com.br\/marketing\/sua-marca-vai-virar-noticia\/\" target=\"_blank\" rel=\"noopener\"><img fetchpriority=\"high\" decoding=\"async\" class=\"wp-image-44329 aligncenter\" src=\"https:\/\/www.cidademarketing.com.br\/marketing\/wp-content\/uploads\/2023\/04\/cidademarketing_backlinks_marketingdigital_publieditorial_.png\" alt=\"\" width=\"500\" height=\"500\" \/><\/a><\/p>\n<p>Tiago e Daiana descobriram o retinoblastoma quando ele j\u00e1 estava num grau considerado avan\u00e7ado. \u201cO que mais gostar\u00edamos era de estar navegando na internet e ter tido acesso a um v\u00eddeo de um casal dizendo o que est\u00e1 acontecendo com a filha deles\u201d. O v\u00eddeo postado pela fam\u00edlia Leifert no Instagram, em janeiro de 2022, comoveu milh\u00f5es de brasileiros.<\/p>\n<p>\u201cQueremos que as fam\u00edlias consigam chegar ao diagn\u00f3stico antes do que n\u00f3s conseguimos, e por isso \u00e9 fundamental divulgar informa\u00e7\u00e3o e ficar de olho nos olhinhos\u201d, afirma Tiago.<\/p>\n<p>Daiana Garbin alerta: \u201cFicar atento a sinais como um reflexo branco, o &#8220;olho de gato\u201d, e estrabismo \u00e9 fundamental para ajudar a detectar n\u00e3o s\u00f3 o retinoblastoma, mas v\u00e1rias outras doen\u00e7as. O diagn\u00f3stico precoce pode salvar a vis\u00e3o e a vida dos nossos filhos\u201d.<\/p>\n<p>De acordo com dados do Instituto Nacional de C\u00e2ncer (INCA) h\u00e1 entre 200 a 250 casos novos por ano no Brasil, 7.500 a 8 mil no mundo, e a grande preocupa\u00e7\u00e3o \u00e9 o diagn\u00f3stico tardio.<\/p>\n<p>No Hospital do GRAACC h\u00e1 de 12 a 15% de retinoblastoma extraocular, o que significa um tumor avan\u00e7ado. A Dra. Carla Macedo, oncologista pedi\u00e1trica do GRAACC explica: &#8220;Quando diagnosticado precocemente, e tratado em centros de refer\u00eancia, a chance de cura \u00e9 de 90%, mas a grande preocupa\u00e7\u00e3o \u00e9 quando o c\u00e2ncer j\u00e1 saiu do olho, o que chamamos de met\u00e1stase. Quanto mais cedo identificar a doen\u00e7a, maior \u00e9 a chance de cura&#8221;.<\/p>\n<p>Segundo o Minist\u00e9rio da Sa\u00fade, o Sistema \u00danico de Sa\u00fade (SUS) oferece atendimento, assist\u00eancia, diagn\u00f3stico, tratamento e acompanhamento dos casos de retinoblastoma, de forma integral e gratuita.<\/p>\n<p>Para o Dr. Cristiano Caixeta Umbelino, presidente do Conselho Brasileiro de Oftalmologia (CBO), todas as crian\u00e7as precisam ser submetidas ao teste do olhinho no primeiro m\u00eas de vida, idealmente no ber\u00e7\u00e1rio da maternidade. \u00c9 preciso conscientizar as fam\u00edlias sobre a import\u00e2ncia da consulta oftalmol\u00f3gica de beb\u00eas e crian\u00e7as pequenas. \u201cMuitas crian\u00e7as v\u00e3o ao oftalmologista pela primeira vez na idade de alfabetiza\u00e7\u00e3o, o que est\u00e1 longe do ideal e permite que doen\u00e7as oculares n\u00e3o sejam precocemente diagnosticadas e tratadas. Al\u00e9m do retinoblastoma, outros problemas oculares podem se desenvolver silenciosamente na inf\u00e2ncia\u201d, alerta.<\/p>\n<p>Para o Dr. Cl\u00f3vis Francisco Constantino, presidente da Sociedade Brasileira de Pediatria (SBP), a vis\u00e3o \u00e9 uma janela para o mundo, influenciando o desenvolvimento cognitivo e emocional. \u201cDurante as consultas de puericultura, a sa\u00fade ocular deve ser uma das mais importantes prioridades. Problemas n\u00e3o diagnosticados precocemente podem afetar o crescimento saud\u00e1vel e, por isso, a SBP apoia esta iniciativa, refor\u00e7ando a import\u00e2ncia de cuidados precoces e cont\u00ednuos com a vis\u00e3o de nossas crian\u00e7as\u201d.<\/p>\n<p>Sobre a campanha<br \/>\nNesta segunda edi\u00e7\u00e3o, a campanha &#8220;DE OLHO NOS OLHINHOS&#8221; tem o apoio m\u00e9dico e cient\u00edfico das mais importantes entidades m\u00e9dicas do Brasil: AMB \u2013 Associa\u00e7\u00e3o M\u00e9dica Brasileira, CFM &#8211; Conselho Federal de Medicina, CBO &#8211; Conselho Brasileiro de Oftalmologia, SBP &#8211; Sociedade Brasileira de Pediatria, SBOO &#8211; Sociedade Brasileira de Oncologia em Oftalmologia, SOBOPE &#8211; Sociedade Brasileira de Oncologia Pedi\u00e1trica, SBOP &#8211; Sociedade Brasileira de Oftalmologia Pedi\u00e1trica, al\u00e9m do Departamento de Oftalmologia da UNIFESP, GRAACC, St. Jude Children&#8217;s Research Hospital, Alian\u00e7a AMARTE, ABLAO &#8211; Associa\u00e7\u00e3o Brasileira das Ligas Acad\u00eamicas de Oftalmologia e AAP &#8211; Associa\u00e7\u00e3o Acad\u00eamica de Pediatria.<\/p>\n<p>Dias 16 e 17 de setembro ser\u00e3o realizados eventos com atividades para crian\u00e7as, totem para fotos e muita informa\u00e7\u00e3o em 9 shoppings da rede ALLOS: Eldorado e Shopping Tabo\u00e3o em S\u00e3o Paulo; Via Parque no Rio de Janeiro; Boulevard BH em Belo Horizonte; Shopping da Bahia em Salvador; Shopping Passeio das \u00c1guas em Goi\u00e2nia; Shopping Curitiba; Manauara Shopping em Manaus e Boulevard Bel\u00e9m no Par\u00e1. Tiago e Daiana estar\u00e3o presencialmente no s\u00e1bado dia 16 de Setembro no Shopping Tabo\u00e3o e no Eldorado. Nos outros shoppings, a conscientiza\u00e7\u00e3o sobre o retinoblastoma ficar\u00e1 a cargo de volunt\u00e1rios m\u00e9dicos e outros profissionais de sa\u00fade.<\/p>\n<p>Al\u00e9m do espa\u00e7o f\u00edsico, a ALLOS vai disponibilizar espa\u00e7o de m\u00eddia eletr\u00f4nica em 36 shoppings do grupo, mostrando v\u00eddeos de conscientiza\u00e7\u00e3o para um p\u00fablico estimado em mais de 45 milh\u00f5es de pessoas. Os v\u00eddeos foram criados pela ag\u00eancia OGILVY e produzidos pela HOGARTH, duas empresas do grupo WPP. V\u00eddeos da campanha &#8220;DE OLHO NOS OLHINHOS&#8221; tamb\u00e9m estar\u00e3o em 30 salas de cinema da rede Cinemark, em S\u00e3o Paulo, Goi\u00e2nia e Vila Velha.<\/p>\n<p>A Eletromidia tamb\u00e9m est\u00e1 apoiando a causa e exibir\u00e1 v\u00eddeos e materiais da campanha em mais de 18 mil telas em pr\u00e9dios residenciais, 12 mil telas em edif\u00edcios comerciais por todo o Brasil, al\u00e9m de shoppings, linhas 1, 2 e 3 do Metr\u00f4 de SP, no Metr\u00f4 no RJ e Supervia e em 100 telas est\u00e1ticas pelas ruas.<\/p>\n<blockquote class=\"instagram-media\" style=\"background: #FFF; border: 0; border-radius: 3px; box-shadow: 0 0 1px 0 rgba(0,0,0,0.5),0 1px 10px 0 rgba(0,0,0,0.15); margin: 1px; max-width: 540px; min-width: 326px; padding: 0; width: calc(100% - 2px);\" data-instgrm-captioned=\"\" data-instgrm-permalink=\"https:\/\/www.instagram.com\/reel\/CxLL__OOc7l\/?utm_source=ig_embed&amp;utm_campaign=loading\" data-instgrm-version=\"14\">\n<div style=\"padding: 16px;\">\n<p>&nbsp;<\/p>\n<div style=\"display: flex; flex-direction: row; align-items: center;\">\n<div style=\"background-color: #f4f4f4; border-radius: 50%; flex-grow: 0; height: 40px; margin-right: 14px; width: 40px;\"><\/div>\n<div style=\"display: flex; flex-direction: column; flex-grow: 1; justify-content: center;\">\n<div style=\"background-color: #f4f4f4; border-radius: 4px; flex-grow: 0; height: 14px; margin-bottom: 6px; width: 100px;\"><\/div>\n<div style=\"background-color: #f4f4f4; border-radius: 4px; flex-grow: 0; height: 14px; width: 60px;\"><\/div>\n<\/div>\n<\/div>\n<div style=\"padding: 19% 0;\"><\/div>\n<div style=\"display: block; height: 50px; margin: 0 auto 12px; width: 50px;\"><\/div>\n<div style=\"padding-top: 8px;\">\n<div style=\"color: #3897f0; font-family: Arial,sans-serif; font-size: 14px; font-style: normal; font-weight: 550; line-height: 18px;\">Ver essa foto no Instagram<\/div>\n<\/div>\n<div style=\"padding: 12.5% 0;\"><\/div>\n<div style=\"display: flex; flex-direction: row; margin-bottom: 14px; align-items: center;\">\n<div>\n<div style=\"background-color: #f4f4f4; border-radius: 50%; height: 12.5px; width: 12.5px; transform: translateX(0px) translateY(7px);\"><\/div>\n<div style=\"background-color: #f4f4f4; height: 12.5px; transform: rotate(-45deg) translateX(3px) translateY(1px); width: 12.5px; flex-grow: 0; margin-right: 14px; margin-left: 2px;\"><\/div>\n<div style=\"background-color: #f4f4f4; border-radius: 50%; height: 12.5px; width: 12.5px; transform: translateX(9px) translateY(-18px);\"><\/div>\n<\/div>\n<div style=\"margin-left: 8px;\">\n<div style=\"background-color: #f4f4f4; border-radius: 50%; flex-grow: 0; height: 20px; width: 20px;\"><\/div>\n<div style=\"width: 0; height: 0; border-top: 2px solid transparent; border-left: 6px solid #f4f4f4; border-bottom: 2px solid transparent; transform: translateX(16px) translateY(-4px) rotate(30deg);\"><\/div>\n<\/div>\n<div style=\"margin-left: auto;\">\n<div style=\"width: 0px; border-top: 8px solid #F4F4F4; border-right: 8px solid transparent; transform: translateY(16px);\"><\/div>\n<div style=\"background-color: #f4f4f4; flex-grow: 0; height: 12px; width: 16px; transform: translateY(-4px);\"><\/div>\n<div style=\"width: 0; height: 0; border-top: 8px solid #F4F4F4; border-left: 8px solid transparent; transform: translateY(-4px) translateX(8px);\"><\/div>\n<\/div>\n<\/div>\n<div style=\"display: flex; flex-direction: column; flex-grow: 1; justify-content: center; margin-bottom: 24px;\">\n<div style=\"background-color: #f4f4f4; border-radius: 4px; flex-grow: 0; height: 14px; margin-bottom: 6px; width: 224px;\"><\/div>\n<div style=\"background-color: #f4f4f4; border-radius: 4px; flex-grow: 0; height: 14px; width: 144px;\"><\/div>\n<\/div>\n<p>&nbsp;<\/p>\n<p style=\"color: #c9c8cd; font-family: Arial,sans-serif; font-size: 14px; line-height: 17px; margin-bottom: 0; margin-top: 8px; overflow: hidden; padding: 8px 0 7px; text-align: center; text-overflow: ellipsis; white-space: nowrap;\"><a style=\"color: #c9c8cd; font-family: Arial,sans-serif; font-size: 14px; font-style: normal; font-weight: normal; line-height: 17px; text-decoration: none;\" href=\"https:\/\/www.instagram.com\/reel\/CxLL__OOc7l\/?utm_source=ig_embed&amp;utm_campaign=loading\" target=\"_blank\" rel=\"noopener\">Uma publica\u00e7\u00e3o compartilhada por Tiago Leifert (@tiagoleifert)<\/a><\/p>\n<\/div>\n<\/blockquote>\n<p><script async src=\"\/\/www.instagram.com\/embed.js\"><\/script><\/p>\n<p>&nbsp;<\/p>\n<p>Na edi\u00e7\u00e3o online, durante as pr\u00f3ximas semanas, Daiana realizar\u00e1 lives em seu canal no Instagram (@<a href=\"https:\/\/www.instagram.com\/garbindaiana\" target=\"_blank\" rel=\"noopener\">garbindaiana<\/a>) entrevistando m\u00e9dicos e o casal vai divulgar uma cartilha digital, que pode ser facilmente compartilhada por celular, sobre sinais, sintomas e a import\u00e2ncia do diagn\u00f3stico precoce do retinoblastoma. Um filtro de instagram tamb\u00e9m estar\u00e1 dispon\u00edvel para as pessoas compartilharem a campanha nas redes sociais.<\/p>\n<p><iframe title=\"Spotify Embed: Podcast CidadeMarketing\" style=\"border-radius: 12px\" width=\"100%\" height=\"152\" frameborder=\"0\" allowfullscreen allow=\"autoplay; clipboard-write; encrypted-media; fullscreen; picture-in-picture\" loading=\"lazy\" src=\"https:\/\/open.spotify.com\/embed\/show\/4khMKzP3FgFRWVwb73xicc?si=252fe5bff2b34909&#038;utm_source=oembed\"><\/iframe><\/p>\n<p>&nbsp;<\/p>\n<p>Al\u00e9m da ALLOS, &#8220;DE OLHO NOS OLHINHOS&#8221; tem o apoio da Dasa Gen\u00f4mica, Alta Diagn\u00f3sticos, Advance Vision, Hasbro, Faber-Castell, Euamopapel\u00e3o, HOTMACON, Eletromidia, Ogilvy, Hogarth, Oddy, 828 Eventos e Pridea Comunica\u00e7\u00e3o.<\/p>\n<p>Servi\u00e7o<br \/>\nLocais das a\u00e7\u00f5es<\/p>\n<p>16 e 17 de setembro, das 10h \u00e0s 22h<\/p>\n<p>S\u00e3o Paulo<br \/>\nShopping Eldorado &#8211; presen\u00e7a de Tiago e Daiana no s\u00e1bado, dia 16, das 15h \u00e0s 18h<br \/>\nAv. Rebou\u00e7as, 3970 &#8211; Pinheiros, S\u00e3o Paulo<\/p>\n<p>Tabo\u00e3o da Serra<br \/>\nShopping Tabo\u00e3o &#8211; presen\u00e7a de Tiago e Daiana no s\u00e1bado, dia 16, das 10h \u00e0s 13h<br \/>\nRod. R\u00e9gis Bittencourt, 2643 &#8211; Jardim Helena<\/p>\n<p>Rio de Janeiro<br \/>\nVia Parque<br \/>\nAv. Ayrton Senna, 3000 &#8211; Barra da Tijuca<\/p>\n<p>Belo Horizonte<br \/>\nShopping BOULEVARD BH<br \/>\nAv. dos Andradas, 3000<\/p>\n<p>Salvador<br \/>\nShopping da Bahia<br \/>\nAv. Tancredo Neves, 148 &#8211; Caminho das \u00c1rvores<\/p>\n<p>Manaus<br \/>\nManauara Shopping<br \/>\nAv. M\u00e1rio Ypiranga, 1300 &#8211; Adrian\u00f3polis, Manaus<\/p>\n<p>Bel\u00e9m<br \/>\nBoulevard Shopping<br \/>\nAv. Visc. de Souza Franco, 776 &#8211; Reduto, Bel\u00e9m<\/p>\n<p>Curitiba<br \/>\nShopping Curitiba<br \/>\nR. Brg. Franco, 2300 &#8211; Centro, Curitiba<\/p>\n<p>Goi\u00e2nia<br \/>\nShopping Passeio das \u00e1guas em Goi\u00e2nia<br \/>\nAv. Perimetral Norte, 8303 &#8211; Fazenda Caveiras, Goi\u00e2nia<\/p>\n<p>Link para filtro do Instagram: <a href=\"https:\/\/www.instagram.com\/ar\/846841236309504\" target=\"_blank\" rel=\"noopener\">https:\/\/www.instagram.com\/ar\/846841236309504<\/a><\/p>\n","protected":false},"excerpt":{"rendered":"<p>Nos dias 16 e 17 de setembro, Daiana Garbin e Tiago Leifert promover\u00e3o a campanha &#8220;DE OLHO NOS OLHINHOS&#8221; com o objetivo de conscientizar e alertar sobre o retinoblastoma, um tumor ocular que acomete crian\u00e7as entre 0 e 5 anos. A filha do casal, Lua, hoje com quase 3 anos, foi diagnosticada com retinoblastoma quando [&hellip;]<\/p>\n","protected":false},"author":1,"featured_media":47500,"comment_status":"open","ping_status":"open","sticky":false,"template":"","format":"standard","meta":{"tdm_status":"","tdm_grid_status":"","footnotes":""},"categories":[6],"tags":[65,33,28,177,6248,228,4592],"class_list":["post-47499","post","type-post","status-publish","format-standard","has-post-thumbnail","hentry","category-noticias","tag-campanha","tag-estrategia","tag-marketing","tag-marketing-social","tag-ocular","tag-segmentacao-de-mercado","tag-tiago-leifert"],"yoast_head":"<!-- This site is optimized with the Yoast SEO plugin v27.5 - https:\/\/yoast.com\/product\/yoast-seo-wordpress\/ -->\n<title>Retinoblastoma: Daiana Garbin e Tiago Leifert emplacam campanha &quot;De Olho nos Olhinhos&quot; - CidadeMarketing<\/title>\n<meta name=\"robots\" content=\"index, follow, max-snippet:-1, max-image-preview:large, max-video-preview:-1\" \/>\n<link rel=\"canonical\" href=\"https:\/\/www.cidademarketing.com.br\/marketing\/2023\/09\/15\/retinoblastoma-daiana-garbin-e-tiago-leifert-emplacam-campanha-de-olho-nos-olhinhos\/\" \/>\n<meta property=\"og:locale\" content=\"pt_BR\" \/>\n<meta property=\"og:type\" content=\"article\" \/>\n<meta property=\"og:title\" content=\"Retinoblastoma: Daiana Garbin e Tiago Leifert emplacam campanha &quot;De Olho nos Olhinhos&quot; - CidadeMarketing\" \/>\n<meta property=\"og:description\" content=\"Nos dias 16 e 17 de setembro, Daiana Garbin e Tiago Leifert promover\u00e3o a campanha &#8220;DE OLHO NOS OLHINHOS&#8221; com o objetivo de conscientizar e alertar sobre o retinoblastoma, um tumor ocular que acomete crian\u00e7as entre 0 e 5 anos. A filha do casal, Lua, hoje com quase 3 anos, foi diagnosticada com retinoblastoma quando [&hellip;]\" \/>\n<meta property=\"og:url\" content=\"https:\/\/www.cidademarketing.com.br\/marketing\/2023\/09\/15\/retinoblastoma-daiana-garbin-e-tiago-leifert-emplacam-campanha-de-olho-nos-olhinhos\/\" \/>\n<meta property=\"og:site_name\" content=\"CidadeMarketing\" \/>\n<meta property=\"article:publisher\" content=\"https:\/\/www.facebook.com\/portalcidademarketing\" \/>\n<meta property=\"article:author\" content=\"https:\/\/www.facebook.com\/thalesbrandao\" \/>\n<meta property=\"article:published_time\" content=\"2023-09-15T19:48:08+00:00\" \/>\n<meta property=\"og:image\" content=\"https:\/\/www.cidademarketing.com.br\/marketing\/wp-content\/uploads\/2023\/09\/tiagoleifert_deolhonosolhinhos-scaled.jpg\" \/>\n\t<meta property=\"og:image:width\" content=\"1706\" \/>\n\t<meta property=\"og:image:height\" content=\"2560\" \/>\n\t<meta property=\"og:image:type\" content=\"image\/jpeg\" \/>\n<meta name=\"author\" content=\"Thales Brand\u00e3o\" \/>\n<meta name=\"twitter:card\" content=\"summary_large_image\" \/>\n<meta name=\"twitter:creator\" content=\"@http:\/\/www.twitter.com\/thalesbrandao\" \/>\n<meta name=\"twitter:site\" content=\"@CidadeMarketing\" \/>\n<meta name=\"twitter:label1\" content=\"Escrito por\" \/>\n\t<meta name=\"twitter:data1\" content=\"Thales Brand\u00e3o\" \/>\n\t<meta name=\"twitter:label2\" content=\"Est. tempo de leitura\" \/>\n\t<meta name=\"twitter:data2\" content=\"6 minutos\" \/>\n<script type=\"application\/ld+json\" class=\"yoast-schema-graph\">{\"@context\":\"https:\\\/\\\/schema.org\",\"@graph\":[{\"@type\":\"Article\",\"@id\":\"https:\\\/\\\/www.cidademarketing.com.br\\\/marketing\\\/2023\\\/09\\\/15\\\/retinoblastoma-daiana-garbin-e-tiago-leifert-emplacam-campanha-de-olho-nos-olhinhos\\\/#article\",\"isPartOf\":{\"@id\":\"https:\\\/\\\/www.cidademarketing.com.br\\\/marketing\\\/2023\\\/09\\\/15\\\/retinoblastoma-daiana-garbin-e-tiago-leifert-emplacam-campanha-de-olho-nos-olhinhos\\\/\"},\"author\":{\"name\":\"Thales Brand\u00e3o\",\"@id\":\"https:\\\/\\\/www.cidademarketing.com.br\\\/marketing\\\/#\\\/schema\\\/person\\\/02daff9f18bd9378c9e01eb6b2db155f\"},\"headline\":\"Retinoblastoma: Daiana Garbin e Tiago Leifert emplacam campanha &#8220;De Olho nos Olhinhos&#8221;\",\"datePublished\":\"2023-09-15T19:48:08+00:00\",\"mainEntityOfPage\":{\"@id\":\"https:\\\/\\\/www.cidademarketing.com.br\\\/marketing\\\/2023\\\/09\\\/15\\\/retinoblastoma-daiana-garbin-e-tiago-leifert-emplacam-campanha-de-olho-nos-olhinhos\\\/\"},\"wordCount\":1235,\"commentCount\":0,\"publisher\":{\"@id\":\"https:\\\/\\\/www.cidademarketing.com.br\\\/marketing\\\/#organization\"},\"image\":{\"@id\":\"https:\\\/\\\/www.cidademarketing.com.br\\\/marketing\\\/2023\\\/09\\\/15\\\/retinoblastoma-daiana-garbin-e-tiago-leifert-emplacam-campanha-de-olho-nos-olhinhos\\\/#primaryimage\"},\"thumbnailUrl\":\"https:\\\/\\\/www.cidademarketing.com.br\\\/marketing\\\/wp-content\\\/uploads\\\/2023\\\/09\\\/tiagoleifert_deolhonosolhinhos-scaled.jpg\",\"keywords\":[\"campanha\",\"estrat\u00e9gia\",\"marketing\",\"marketing social\",\"ocular\",\"segmenta\u00e7\u00e3o de mercado\",\"Tiago Leifert\"],\"articleSection\":[\"Not\u00edcias\"],\"inLanguage\":\"pt-BR\",\"potentialAction\":[{\"@type\":\"CommentAction\",\"name\":\"Comment\",\"target\":[\"https:\\\/\\\/www.cidademarketing.com.br\\\/marketing\\\/2023\\\/09\\\/15\\\/retinoblastoma-daiana-garbin-e-tiago-leifert-emplacam-campanha-de-olho-nos-olhinhos\\\/#respond\"]}]},{\"@type\":\"WebPage\",\"@id\":\"https:\\\/\\\/www.cidademarketing.com.br\\\/marketing\\\/2023\\\/09\\\/15\\\/retinoblastoma-daiana-garbin-e-tiago-leifert-emplacam-campanha-de-olho-nos-olhinhos\\\/\",\"url\":\"https:\\\/\\\/www.cidademarketing.com.br\\\/marketing\\\/2023\\\/09\\\/15\\\/retinoblastoma-daiana-garbin-e-tiago-leifert-emplacam-campanha-de-olho-nos-olhinhos\\\/\",\"name\":\"Retinoblastoma: Daiana Garbin e Tiago Leifert emplacam campanha \\\"De Olho nos Olhinhos\\\" - CidadeMarketing\",\"isPartOf\":{\"@id\":\"https:\\\/\\\/www.cidademarketing.com.br\\\/marketing\\\/#website\"},\"primaryImageOfPage\":{\"@id\":\"https:\\\/\\\/www.cidademarketing.com.br\\\/marketing\\\/2023\\\/09\\\/15\\\/retinoblastoma-daiana-garbin-e-tiago-leifert-emplacam-campanha-de-olho-nos-olhinhos\\\/#primaryimage\"},\"image\":{\"@id\":\"https:\\\/\\\/www.cidademarketing.com.br\\\/marketing\\\/2023\\\/09\\\/15\\\/retinoblastoma-daiana-garbin-e-tiago-leifert-emplacam-campanha-de-olho-nos-olhinhos\\\/#primaryimage\"},\"thumbnailUrl\":\"https:\\\/\\\/www.cidademarketing.com.br\\\/marketing\\\/wp-content\\\/uploads\\\/2023\\\/09\\\/tiagoleifert_deolhonosolhinhos-scaled.jpg\",\"datePublished\":\"2023-09-15T19:48:08+00:00\",\"breadcrumb\":{\"@id\":\"https:\\\/\\\/www.cidademarketing.com.br\\\/marketing\\\/2023\\\/09\\\/15\\\/retinoblastoma-daiana-garbin-e-tiago-leifert-emplacam-campanha-de-olho-nos-olhinhos\\\/#breadcrumb\"},\"inLanguage\":\"pt-BR\",\"potentialAction\":[{\"@type\":\"ReadAction\",\"target\":[\"https:\\\/\\\/www.cidademarketing.com.br\\\/marketing\\\/2023\\\/09\\\/15\\\/retinoblastoma-daiana-garbin-e-tiago-leifert-emplacam-campanha-de-olho-nos-olhinhos\\\/\"]}]},{\"@type\":\"ImageObject\",\"inLanguage\":\"pt-BR\",\"@id\":\"https:\\\/\\\/www.cidademarketing.com.br\\\/marketing\\\/2023\\\/09\\\/15\\\/retinoblastoma-daiana-garbin-e-tiago-leifert-emplacam-campanha-de-olho-nos-olhinhos\\\/#primaryimage\",\"url\":\"https:\\\/\\\/www.cidademarketing.com.br\\\/marketing\\\/wp-content\\\/uploads\\\/2023\\\/09\\\/tiagoleifert_deolhonosolhinhos-scaled.jpg\",\"contentUrl\":\"https:\\\/\\\/www.cidademarketing.com.br\\\/marketing\\\/wp-content\\\/uploads\\\/2023\\\/09\\\/tiagoleifert_deolhonosolhinhos-scaled.jpg\",\"width\":1706,\"height\":2560,\"caption\":\"Divulga\u00e7\u00e3o\"},{\"@type\":\"BreadcrumbList\",\"@id\":\"https:\\\/\\\/www.cidademarketing.com.br\\\/marketing\\\/2023\\\/09\\\/15\\\/retinoblastoma-daiana-garbin-e-tiago-leifert-emplacam-campanha-de-olho-nos-olhinhos\\\/#breadcrumb\",\"itemListElement\":[{\"@type\":\"ListItem\",\"position\":1,\"name\":\"In\u00edcio\",\"item\":\"https:\\\/\\\/www.cidademarketing.com.br\\\/marketing\\\/\"},{\"@type\":\"ListItem\",\"position\":2,\"name\":\"Retinoblastoma: Daiana Garbin e Tiago Leifert emplacam campanha &#8220;De Olho nos Olhinhos&#8221;\"}]},{\"@type\":\"WebSite\",\"@id\":\"https:\\\/\\\/www.cidademarketing.com.br\\\/marketing\\\/#website\",\"url\":\"https:\\\/\\\/www.cidademarketing.com.br\\\/marketing\\\/\",\"name\":\"CidadeMarketing\",\"description\":\"Somos um ve\u00edculo de comunica\u00e7\u00e3o de destaque no Brasil, reconhecido por conte\u00fados nos segmentos de marketing, empreendedorismo e inova\u00e7\u00e3o.\",\"publisher\":{\"@id\":\"https:\\\/\\\/www.cidademarketing.com.br\\\/marketing\\\/#organization\"},\"alternateName\":\"CidadeMarketing\",\"potentialAction\":[{\"@type\":\"SearchAction\",\"target\":{\"@type\":\"EntryPoint\",\"urlTemplate\":\"https:\\\/\\\/www.cidademarketing.com.br\\\/marketing\\\/?s={search_term_string}\"},\"query-input\":{\"@type\":\"PropertyValueSpecification\",\"valueRequired\":true,\"valueName\":\"search_term_string\"}}],\"inLanguage\":\"pt-BR\"},{\"@type\":\"Organization\",\"@id\":\"https:\\\/\\\/www.cidademarketing.com.br\\\/marketing\\\/#organization\",\"name\":\"CidadeMarketing\",\"alternateName\":\"CidadeMarketing\",\"url\":\"https:\\\/\\\/www.cidademarketing.com.br\\\/marketing\\\/\",\"logo\":{\"@type\":\"ImageObject\",\"inLanguage\":\"pt-BR\",\"@id\":\"https:\\\/\\\/www.cidademarketing.com.br\\\/marketing\\\/#\\\/schema\\\/logo\\\/image\\\/\",\"url\":\"https:\\\/\\\/www.cidademarketing.com.br\\\/marketing\\\/wp-content\\\/uploads\\\/2020\\\/01\\\/cidademarketing_marca_mobile.png\",\"contentUrl\":\"https:\\\/\\\/www.cidademarketing.com.br\\\/marketing\\\/wp-content\\\/uploads\\\/2020\\\/01\\\/cidademarketing_marca_mobile.png\",\"width\":230,\"height\":92,\"caption\":\"CidadeMarketing\"},\"image\":{\"@id\":\"https:\\\/\\\/www.cidademarketing.com.br\\\/marketing\\\/#\\\/schema\\\/logo\\\/image\\\/\"},\"sameAs\":[\"https:\\\/\\\/www.facebook.com\\\/portalcidademarketing\",\"https:\\\/\\\/x.com\\\/CidadeMarketing\",\"https:\\\/\\\/www.instagram.com\\\/cidademarketing\\\/\"]},{\"@type\":\"Person\",\"@id\":\"https:\\\/\\\/www.cidademarketing.com.br\\\/marketing\\\/#\\\/schema\\\/person\\\/02daff9f18bd9378c9e01eb6b2db155f\",\"name\":\"Thales Brand\u00e3o\",\"image\":{\"@type\":\"ImageObject\",\"inLanguage\":\"pt-BR\",\"@id\":\"https:\\\/\\\/secure.gravatar.com\\\/avatar\\\/7ca3206950207cc3cb48feec56a8a7898741ab725c368d99d5d7a5a50aab80c6?s=96&d=mm&r=g\",\"url\":\"https:\\\/\\\/secure.gravatar.com\\\/avatar\\\/7ca3206950207cc3cb48feec56a8a7898741ab725c368d99d5d7a5a50aab80c6?s=96&d=mm&r=g\",\"contentUrl\":\"https:\\\/\\\/secure.gravatar.com\\\/avatar\\\/7ca3206950207cc3cb48feec56a8a7898741ab725c368d99d5d7a5a50aab80c6?s=96&d=mm&r=g\",\"caption\":\"Thales Brand\u00e3o\"},\"description\":\"Editor Executivo do Portal CidadeMarketing.com.br &gt; Mestre em Comunica\u00e7\u00e3o e Sociedade pela Universidade Federal de Sergipe. Possui MBA Executivo em Administra\u00e7\u00e3o com \u00eanfase em Marketing pela Funda\u00e7\u00e3o Get\u00falio Vargas - Rio de Janeiro. Consultor, Palestrante e Pesquisador sobre Empreendedorismo, Marketing, Redes Sociais e Neg\u00f3cios Digitais. Professor, Palestrante TedxTalks e Campus Party. Twitter: @ThalesBrandao\",\"sameAs\":[\"http:\\\/\\\/www.mandacaru.com.br\",\"https:\\\/\\\/www.facebook.com\\\/thalesbrandao\",\"http:\\\/\\\/www.instagram.com.br\\\/thalesbrandaoferreira\",\"https:\\\/\\\/www.linkedin.com\\\/in\\\/thales-brand\u00e3o-3948609\\\/\",\"https:\\\/\\\/x.com\\\/http:\\\/\\\/www.twitter.com\\\/thalesbrandao\"],\"url\":\"https:\\\/\\\/www.cidademarketing.com.br\\\/marketing\\\/author\\\/thalesbrandao\\\/\"}]}<\/script>\n<!-- \/ Yoast SEO plugin. -->","yoast_head_json":{"title":"Retinoblastoma: Daiana Garbin e Tiago Leifert emplacam campanha \"De Olho nos Olhinhos\" - CidadeMarketing","robots":{"index":"index","follow":"follow","max-snippet":"max-snippet:-1","max-image-preview":"max-image-preview:large","max-video-preview":"max-video-preview:-1"},"canonical":"https:\/\/www.cidademarketing.com.br\/marketing\/2023\/09\/15\/retinoblastoma-daiana-garbin-e-tiago-leifert-emplacam-campanha-de-olho-nos-olhinhos\/","og_locale":"pt_BR","og_type":"article","og_title":"Retinoblastoma: Daiana Garbin e Tiago Leifert emplacam campanha \"De Olho nos Olhinhos\" - CidadeMarketing","og_description":"Nos dias 16 e 17 de setembro, Daiana Garbin e Tiago Leifert promover\u00e3o a campanha &#8220;DE OLHO NOS OLHINHOS&#8221; com o objetivo de conscientizar e alertar sobre o retinoblastoma, um tumor ocular que acomete crian\u00e7as entre 0 e 5 anos. A filha do casal, Lua, hoje com quase 3 anos, foi diagnosticada com retinoblastoma quando [&hellip;]","og_url":"https:\/\/www.cidademarketing.com.br\/marketing\/2023\/09\/15\/retinoblastoma-daiana-garbin-e-tiago-leifert-emplacam-campanha-de-olho-nos-olhinhos\/","og_site_name":"CidadeMarketing","article_publisher":"https:\/\/www.facebook.com\/portalcidademarketing","article_author":"https:\/\/www.facebook.com\/thalesbrandao","article_published_time":"2023-09-15T19:48:08+00:00","og_image":[{"width":1706,"height":2560,"url":"https:\/\/www.cidademarketing.com.br\/marketing\/wp-content\/uploads\/2023\/09\/tiagoleifert_deolhonosolhinhos-scaled.jpg","type":"image\/jpeg"}],"author":"Thales Brand\u00e3o","twitter_card":"summary_large_image","twitter_creator":"@http:\/\/www.twitter.com\/thalesbrandao","twitter_site":"@CidadeMarketing","twitter_misc":{"Escrito por":"Thales Brand\u00e3o","Est. tempo de leitura":"6 minutos"},"schema":{"@context":"https:\/\/schema.org","@graph":[{"@type":"Article","@id":"https:\/\/www.cidademarketing.com.br\/marketing\/2023\/09\/15\/retinoblastoma-daiana-garbin-e-tiago-leifert-emplacam-campanha-de-olho-nos-olhinhos\/#article","isPartOf":{"@id":"https:\/\/www.cidademarketing.com.br\/marketing\/2023\/09\/15\/retinoblastoma-daiana-garbin-e-tiago-leifert-emplacam-campanha-de-olho-nos-olhinhos\/"},"author":{"name":"Thales Brand\u00e3o","@id":"https:\/\/www.cidademarketing.com.br\/marketing\/#\/schema\/person\/02daff9f18bd9378c9e01eb6b2db155f"},"headline":"Retinoblastoma: Daiana Garbin e Tiago Leifert emplacam campanha &#8220;De Olho nos Olhinhos&#8221;","datePublished":"2023-09-15T19:48:08+00:00","mainEntityOfPage":{"@id":"https:\/\/www.cidademarketing.com.br\/marketing\/2023\/09\/15\/retinoblastoma-daiana-garbin-e-tiago-leifert-emplacam-campanha-de-olho-nos-olhinhos\/"},"wordCount":1235,"commentCount":0,"publisher":{"@id":"https:\/\/www.cidademarketing.com.br\/marketing\/#organization"},"image":{"@id":"https:\/\/www.cidademarketing.com.br\/marketing\/2023\/09\/15\/retinoblastoma-daiana-garbin-e-tiago-leifert-emplacam-campanha-de-olho-nos-olhinhos\/#primaryimage"},"thumbnailUrl":"https:\/\/www.cidademarketing.com.br\/marketing\/wp-content\/uploads\/2023\/09\/tiagoleifert_deolhonosolhinhos-scaled.jpg","keywords":["campanha","estrat\u00e9gia","marketing","marketing social","ocular","segmenta\u00e7\u00e3o de mercado","Tiago Leifert"],"articleSection":["Not\u00edcias"],"inLanguage":"pt-BR","potentialAction":[{"@type":"CommentAction","name":"Comment","target":["https:\/\/www.cidademarketing.com.br\/marketing\/2023\/09\/15\/retinoblastoma-daiana-garbin-e-tiago-leifert-emplacam-campanha-de-olho-nos-olhinhos\/#respond"]}]},{"@type":"WebPage","@id":"https:\/\/www.cidademarketing.com.br\/marketing\/2023\/09\/15\/retinoblastoma-daiana-garbin-e-tiago-leifert-emplacam-campanha-de-olho-nos-olhinhos\/","url":"https:\/\/www.cidademarketing.com.br\/marketing\/2023\/09\/15\/retinoblastoma-daiana-garbin-e-tiago-leifert-emplacam-campanha-de-olho-nos-olhinhos\/","name":"Retinoblastoma: Daiana Garbin e Tiago Leifert emplacam campanha \"De Olho nos Olhinhos\" - CidadeMarketing","isPartOf":{"@id":"https:\/\/www.cidademarketing.com.br\/marketing\/#website"},"primaryImageOfPage":{"@id":"https:\/\/www.cidademarketing.com.br\/marketing\/2023\/09\/15\/retinoblastoma-daiana-garbin-e-tiago-leifert-emplacam-campanha-de-olho-nos-olhinhos\/#primaryimage"},"image":{"@id":"https:\/\/www.cidademarketing.com.br\/marketing\/2023\/09\/15\/retinoblastoma-daiana-garbin-e-tiago-leifert-emplacam-campanha-de-olho-nos-olhinhos\/#primaryimage"},"thumbnailUrl":"https:\/\/www.cidademarketing.com.br\/marketing\/wp-content\/uploads\/2023\/09\/tiagoleifert_deolhonosolhinhos-scaled.jpg","datePublished":"2023-09-15T19:48:08+00:00","breadcrumb":{"@id":"https:\/\/www.cidademarketing.com.br\/marketing\/2023\/09\/15\/retinoblastoma-daiana-garbin-e-tiago-leifert-emplacam-campanha-de-olho-nos-olhinhos\/#breadcrumb"},"inLanguage":"pt-BR","potentialAction":[{"@type":"ReadAction","target":["https:\/\/www.cidademarketing.com.br\/marketing\/2023\/09\/15\/retinoblastoma-daiana-garbin-e-tiago-leifert-emplacam-campanha-de-olho-nos-olhinhos\/"]}]},{"@type":"ImageObject","inLanguage":"pt-BR","@id":"https:\/\/www.cidademarketing.com.br\/marketing\/2023\/09\/15\/retinoblastoma-daiana-garbin-e-tiago-leifert-emplacam-campanha-de-olho-nos-olhinhos\/#primaryimage","url":"https:\/\/www.cidademarketing.com.br\/marketing\/wp-content\/uploads\/2023\/09\/tiagoleifert_deolhonosolhinhos-scaled.jpg","contentUrl":"https:\/\/www.cidademarketing.com.br\/marketing\/wp-content\/uploads\/2023\/09\/tiagoleifert_deolhonosolhinhos-scaled.jpg","width":1706,"height":2560,"caption":"Divulga\u00e7\u00e3o"},{"@type":"BreadcrumbList","@id":"https:\/\/www.cidademarketing.com.br\/marketing\/2023\/09\/15\/retinoblastoma-daiana-garbin-e-tiago-leifert-emplacam-campanha-de-olho-nos-olhinhos\/#breadcrumb","itemListElement":[{"@type":"ListItem","position":1,"name":"In\u00edcio","item":"https:\/\/www.cidademarketing.com.br\/marketing\/"},{"@type":"ListItem","position":2,"name":"Retinoblastoma: Daiana Garbin e Tiago Leifert emplacam campanha &#8220;De Olho nos Olhinhos&#8221;"}]},{"@type":"WebSite","@id":"https:\/\/www.cidademarketing.com.br\/marketing\/#website","url":"https:\/\/www.cidademarketing.com.br\/marketing\/","name":"CidadeMarketing","description":"Somos um ve\u00edculo de comunica\u00e7\u00e3o de destaque no Brasil, reconhecido por conte\u00fados nos segmentos de marketing, empreendedorismo e inova\u00e7\u00e3o.","publisher":{"@id":"https:\/\/www.cidademarketing.com.br\/marketing\/#organization"},"alternateName":"CidadeMarketing","potentialAction":[{"@type":"SearchAction","target":{"@type":"EntryPoint","urlTemplate":"https:\/\/www.cidademarketing.com.br\/marketing\/?s={search_term_string}"},"query-input":{"@type":"PropertyValueSpecification","valueRequired":true,"valueName":"search_term_string"}}],"inLanguage":"pt-BR"},{"@type":"Organization","@id":"https:\/\/www.cidademarketing.com.br\/marketing\/#organization","name":"CidadeMarketing","alternateName":"CidadeMarketing","url":"https:\/\/www.cidademarketing.com.br\/marketing\/","logo":{"@type":"ImageObject","inLanguage":"pt-BR","@id":"https:\/\/www.cidademarketing.com.br\/marketing\/#\/schema\/logo\/image\/","url":"https:\/\/www.cidademarketing.com.br\/marketing\/wp-content\/uploads\/2020\/01\/cidademarketing_marca_mobile.png","contentUrl":"https:\/\/www.cidademarketing.com.br\/marketing\/wp-content\/uploads\/2020\/01\/cidademarketing_marca_mobile.png","width":230,"height":92,"caption":"CidadeMarketing"},"image":{"@id":"https:\/\/www.cidademarketing.com.br\/marketing\/#\/schema\/logo\/image\/"},"sameAs":["https:\/\/www.facebook.com\/portalcidademarketing","https:\/\/x.com\/CidadeMarketing","https:\/\/www.instagram.com\/cidademarketing\/"]},{"@type":"Person","@id":"https:\/\/www.cidademarketing.com.br\/marketing\/#\/schema\/person\/02daff9f18bd9378c9e01eb6b2db155f","name":"Thales Brand\u00e3o","image":{"@type":"ImageObject","inLanguage":"pt-BR","@id":"https:\/\/secure.gravatar.com\/avatar\/7ca3206950207cc3cb48feec56a8a7898741ab725c368d99d5d7a5a50aab80c6?s=96&d=mm&r=g","url":"https:\/\/secure.gravatar.com\/avatar\/7ca3206950207cc3cb48feec56a8a7898741ab725c368d99d5d7a5a50aab80c6?s=96&d=mm&r=g","contentUrl":"https:\/\/secure.gravatar.com\/avatar\/7ca3206950207cc3cb48feec56a8a7898741ab725c368d99d5d7a5a50aab80c6?s=96&d=mm&r=g","caption":"Thales Brand\u00e3o"},"description":"Editor Executivo do Portal CidadeMarketing.com.br &gt; Mestre em Comunica\u00e7\u00e3o e Sociedade pela Universidade Federal de Sergipe. Possui MBA Executivo em Administra\u00e7\u00e3o com \u00eanfase em Marketing pela Funda\u00e7\u00e3o Get\u00falio Vargas - Rio de Janeiro. Consultor, Palestrante e Pesquisador sobre Empreendedorismo, Marketing, Redes Sociais e Neg\u00f3cios Digitais. Professor, Palestrante TedxTalks e Campus Party. Twitter: @ThalesBrandao","sameAs":["http:\/\/www.mandacaru.com.br","https:\/\/www.facebook.com\/thalesbrandao","http:\/\/www.instagram.com.br\/thalesbrandaoferreira","https:\/\/www.linkedin.com\/in\/thales-brand\u00e3o-3948609\/","https:\/\/x.com\/http:\/\/www.twitter.com\/thalesbrandao"],"url":"https:\/\/www.cidademarketing.com.br\/marketing\/author\/thalesbrandao\/"}]}},"amp_enabled":true,"_links":{"self":[{"href":"https:\/\/www.cidademarketing.com.br\/marketing\/wp-json\/wp\/v2\/posts\/47499","targetHints":{"allow":["GET"]}}],"collection":[{"href":"https:\/\/www.cidademarketing.com.br\/marketing\/wp-json\/wp\/v2\/posts"}],"about":[{"href":"https:\/\/www.cidademarketing.com.br\/marketing\/wp-json\/wp\/v2\/types\/post"}],"author":[{"embeddable":true,"href":"https:\/\/www.cidademarketing.com.br\/marketing\/wp-json\/wp\/v2\/users\/1"}],"replies":[{"embeddable":true,"href":"https:\/\/www.cidademarketing.com.br\/marketing\/wp-json\/wp\/v2\/comments?post=47499"}],"version-history":[{"count":1,"href":"https:\/\/www.cidademarketing.com.br\/marketing\/wp-json\/wp\/v2\/posts\/47499\/revisions"}],"predecessor-version":[{"id":47501,"href":"https:\/\/www.cidademarketing.com.br\/marketing\/wp-json\/wp\/v2\/posts\/47499\/revisions\/47501"}],"wp:featuredmedia":[{"embeddable":true,"href":"https:\/\/www.cidademarketing.com.br\/marketing\/wp-json\/wp\/v2\/media\/47500"}],"wp:attachment":[{"href":"https:\/\/www.cidademarketing.com.br\/marketing\/wp-json\/wp\/v2\/media?parent=47499"}],"wp:term":[{"taxonomy":"category","embeddable":true,"href":"https:\/\/www.cidademarketing.com.br\/marketing\/wp-json\/wp\/v2\/categories?post=47499"},{"taxonomy":"post_tag","embeddable":true,"href":"https:\/\/www.cidademarketing.com.br\/marketing\/wp-json\/wp\/v2\/tags?post=47499"}],"curies":[{"name":"wp","href":"https:\/\/api.w.org\/{rel}","templated":true}]}}