{"id":47483,"date":"2023-09-15T08:30:45","date_gmt":"2023-09-15T11:30:45","guid":{"rendered":"https:\/\/www.cidademarketing.com.br\/marketing\/?p=47483"},"modified":"2023-09-15T08:30:45","modified_gmt":"2023-09-15T11:30:45","slug":"conexoes-reais-pesquisa-da-kantar-indica-que-pontos-de-contato-presenciais-sao-prioridade-na-publicidade-para-brasileiros","status":"publish","type":"post","link":"https:\/\/www.cidademarketing.com.br\/marketing\/2023\/09\/15\/conexoes-reais-pesquisa-da-kantar-indica-que-pontos-de-contato-presenciais-sao-prioridade-na-publicidade-para-brasileiros\/","title":{"rendered":"Conex\u00f5es Reais: Pesquisa da Kantar indica que pontos de contato presenciais s\u00e3o prioridade na publicidade para brasileiros"},"content":{"rendered":"<p>A quarta edi\u00e7\u00e3o do estudo Media Reactions, realizado pela Kantar, l\u00edder em dados, insights e consultoria, avalia no Brasil e no mundo o equity de publicidade de uma sele\u00e7\u00e3o de canais e marcas de m\u00eddia. Este ano, o destaque fica para a lideran\u00e7a global da Amazon pela segunda vez consecutiva. A maioria dos consumidores considera os an\u00fancios da plataforma relevantes e \u00fateis. A gigante do com\u00e9rcio eletr\u00f4nico tamb\u00e9m lidera as paradas no Brasil, na Alemanha e no M\u00e9xico \u2013 tr\u00eas dos 23 mercados inclu\u00eddos no estudo.<\/p>\n<p><a href=\"https:\/\/www.cidademarketing.com.br\/marketing\/sua-marca-vai-virar-noticia\/\" target=\"_blank\" rel=\"noopener\"><img fetchpriority=\"high\" decoding=\"async\" class=\"wp-image-44329 aligncenter\" src=\"https:\/\/www.cidademarketing.com.br\/marketing\/wp-content\/uploads\/2023\/04\/cidademarketing_backlinks_marketingdigital_publieditorial_.png\" alt=\"\" width=\"500\" height=\"500\" \/><\/a><br \/>\nA nova vers\u00e3o da pesquisa ainda identificou que h\u00e1 um contraste significativo entre os canais preferidos pelos profissionais de marketing e aqueles escolhidos pelos consumidores. Os especialistas s\u00e3o mais inclinados para a m\u00eddia online. Tanto \u00e9 que o YouTube saltou para o topo do ranking, melhorando a percep\u00e7\u00e3o de confian\u00e7a em 6% em compara\u00e7\u00e3o ao ano passado. Os consumidores, por sua vez, escolhem pontos de contato presenciais, com os eventos patrocinados na lideran\u00e7a pelo segundo ano consecutivo.<\/p>\n<p>A mesma tend\u00eancia \u00e9 percebida no Brasil. Os canais de m\u00eddia offline lideram o ranking de Ad Equity. Aqui, eventos patrocinados, ponto de venda e m\u00eddia exterior s\u00e3o os meios de contato que criam uma melhor experi\u00eancia para receber publicidade, na percep\u00e7\u00e3o dos consumidores. Quanto \u00e0s m\u00eddias online, podcast, e-commerce e conte\u00fado de influenciadores s\u00e3o os que lideram a lista e apresentam crescimentos mais expressivos em rela\u00e7\u00e3o a 2022.<\/p>\n<p>As marcas de e-commerce, inclusive, lideram o ranking brasileiro e apontam a tend\u00eancia do crescimento das m\u00eddias de varejo no Pa\u00eds. \u201cQuando as pessoas entram em plataformas de e-commerce, elas est\u00e3o abertas a buscar e descobrir produtos e servi\u00e7os para comprar. Com esse mindset, os consumidores est\u00e3o mais do que abertos para que as marcas facilitem e ajudem nessa busca at\u00e9 a compra\u201d, comenta Maura Coracini, Diretora de M\u00eddia &amp; Digital da divis\u00e3o Insights da Kantar.<\/p>\n<p>O Media Reactions ainda aponta como as tend\u00eancias e mudan\u00e7as no cen\u00e1rio da m\u00eddia moldam as atitudes dos profissionais da \u00e1rea. O metaverso, por exemplo, continua a ser uma promessa n\u00e3o cumprida. Apenas um em cada cinco especialistas (22%) afirma que aumentar\u00e1 o or\u00e7amento para publicidade no pr\u00f3ximo ano. O X (antigo Twitter), por sua vez, sofreu danos \u00e0 reputa\u00e7\u00e3o ap\u00f3s a aquisi\u00e7\u00e3o pelo magnata Elon Musk. Isso fez com que 14% dos especialistas afirmassem que v\u00e3o reduzir o investimento na plataforma em 2024.<\/p>\n<p>\u201cNo estudo deste ano fica evidente que, passado todos os resqu\u00edcios da pandemia de Covid-19, voltamos a ter experi\u00eancias fora de casa e os consumidores t\u00eam valorizado mais o contato das marcas nos ambientes presenciais. Tamb\u00e9m observamos o fortalecimento e a consolida\u00e7\u00e3o dos formatos de v\u00eddeo e a comprova\u00e7\u00e3o do e-commerce como um forte ponto de contato para as marcas\u201d, finaliza Maura.<\/p>\n<p><iframe title=\"Spotify Embed: Podcast CidadeMarketing\" style=\"border-radius: 12px\" width=\"100%\" height=\"152\" frameborder=\"0\" allowfullscreen allow=\"autoplay; clipboard-write; encrypted-media; fullscreen; picture-in-picture\" loading=\"lazy\" src=\"https:\/\/open.spotify.com\/embed\/show\/4khMKzP3FgFRWVwb73xicc?si=252fe5bff2b34909&#038;utm_source=oembed\"><\/iframe><\/p>\n<p>&nbsp;<\/p>\n<p>Sobre o Media Reactions<\/p>\n<p>O Media Reactions \u00e9 um estudo anual que explora o cen\u00e1rio em evolu\u00e7\u00e3o da m\u00eddia para ajudar anunciantes, ag\u00eancias de publicidade e propriet\u00e1rios de m\u00eddias a tomar decis\u00f5es. Proporciona uma perspectiva em longo prazo sobre o que as pessoas esperam de ambientes de publicidade, especialmente os focados em conte\u00fado e m\u00eddias sociais.<\/p>\n<p>Para chegar aos resultados de 2023, foram entrevistados mais de 16 mil consumidores e 900 profissionais de marketing. A pesquisa foi realizada entre 24 de maio e 24 de julho de 2023 em 23 mercados. S\u00e3o eles: \u00c1frica do Sul, Alemanha, Ar\u00e1bia Saudita, Argentina, Austr\u00e1lia, B\u00e9lgica, Brasil, China, Col\u00f4mbia, Egito, Emirados \u00c1rabes Unidos, Estados Unidos, Filipinas, Gr\u00e9cia, \u00cdndia, Indon\u00e9sia, Jap\u00e3o, M\u00e9xico, Nova Zel\u00e2ndia, Pa\u00edses Baixos, Reino Unido, Taiwan e Vietn\u00e3.<\/p>\n<p>No Brasil, por sua vez, as entrevistas foram aplicadas em 650 pessoas de 16 a 65 anos de idade. O estudo foi realizado entre 26 de maio e 2 de junho de 2023.<\/p>\n","protected":false},"excerpt":{"rendered":"<p>A quarta edi\u00e7\u00e3o do estudo Media Reactions, realizado pela Kantar, l\u00edder em dados, insights e consultoria, avalia no Brasil e no mundo o equity de publicidade de uma sele\u00e7\u00e3o de canais e marcas de m\u00eddia. Este ano, o destaque fica para a lideran\u00e7a global da Amazon pela segunda vez consecutiva. A maioria dos consumidores considera [&hellip;]<\/p>\n","protected":false},"author":1,"featured_media":44154,"comment_status":"open","ping_status":"open","sticky":false,"template":"","format":"standard","meta":{"tdm_status":"","tdm_grid_status":"","footnotes":""},"categories":[6,1],"tags":[135,33,848,58,66,181],"class_list":["post-47483","post","type-post","status-publish","format-standard","has-post-thumbnail","hentry","category-noticias","category-pesquisademercado","tag-comportamento-do-consumidor","tag-estrategia","tag-kantar","tag-pesquisa-de-mercado","tag-propaganda","tag-publicidade"],"yoast_head":"<!-- This site is optimized with the Yoast SEO plugin v27.5 - https:\/\/yoast.com\/product\/yoast-seo-wordpress\/ -->\n<title>Conex\u00f5es Reais: Pesquisa da Kantar indica que pontos de contato presenciais s\u00e3o prioridade na publicidade para brasileiros - CidadeMarketing<\/title>\n<meta name=\"robots\" content=\"index, follow, max-snippet:-1, max-image-preview:large, max-video-preview:-1\" \/>\n<link rel=\"canonical\" href=\"https:\/\/www.cidademarketing.com.br\/marketing\/2023\/09\/15\/conexoes-reais-pesquisa-da-kantar-indica-que-pontos-de-contato-presenciais-sao-prioridade-na-publicidade-para-brasileiros\/\" \/>\n<meta property=\"og:locale\" content=\"pt_BR\" \/>\n<meta property=\"og:type\" content=\"article\" \/>\n<meta property=\"og:title\" content=\"Conex\u00f5es Reais: Pesquisa da Kantar indica que pontos de contato presenciais s\u00e3o prioridade na publicidade para brasileiros - CidadeMarketing\" \/>\n<meta property=\"og:description\" content=\"A quarta edi\u00e7\u00e3o do estudo Media Reactions, realizado pela Kantar, l\u00edder em dados, insights e consultoria, avalia no Brasil e no mundo o equity de publicidade de uma sele\u00e7\u00e3o de canais e marcas de m\u00eddia. Este ano, o destaque fica para a lideran\u00e7a global da Amazon pela segunda vez consecutiva. A maioria dos consumidores considera [&hellip;]\" \/>\n<meta property=\"og:url\" content=\"https:\/\/www.cidademarketing.com.br\/marketing\/2023\/09\/15\/conexoes-reais-pesquisa-da-kantar-indica-que-pontos-de-contato-presenciais-sao-prioridade-na-publicidade-para-brasileiros\/\" \/>\n<meta property=\"og:site_name\" content=\"CidadeMarketing\" \/>\n<meta property=\"article:publisher\" content=\"https:\/\/www.facebook.com\/portalcidademarketing\" \/>\n<meta property=\"article:author\" content=\"https:\/\/www.facebook.com\/thalesbrandao\" \/>\n<meta property=\"article:published_time\" content=\"2023-09-15T11:30:45+00:00\" \/>\n<meta property=\"og:image\" content=\"https:\/\/www.cidademarketing.com.br\/marketing\/wp-content\/uploads\/2023\/03\/kantar_marca.jpg\" \/>\n\t<meta property=\"og:image:width\" content=\"320\" \/>\n\t<meta property=\"og:image:height\" content=\"320\" \/>\n\t<meta property=\"og:image:type\" content=\"image\/jpeg\" \/>\n<meta name=\"author\" content=\"Thales Brand\u00e3o\" \/>\n<meta name=\"twitter:card\" content=\"summary_large_image\" \/>\n<meta name=\"twitter:creator\" content=\"@http:\/\/www.twitter.com\/thalesbrandao\" \/>\n<meta name=\"twitter:site\" content=\"@CidadeMarketing\" \/>\n<meta name=\"twitter:label1\" content=\"Escrito por\" \/>\n\t<meta name=\"twitter:data1\" content=\"Thales Brand\u00e3o\" \/>\n\t<meta name=\"twitter:label2\" content=\"Est. tempo de leitura\" \/>\n\t<meta name=\"twitter:data2\" content=\"3 minutos\" \/>\n<script type=\"application\/ld+json\" class=\"yoast-schema-graph\">{\"@context\":\"https:\\\/\\\/schema.org\",\"@graph\":[{\"@type\":\"Article\",\"@id\":\"https:\\\/\\\/www.cidademarketing.com.br\\\/marketing\\\/2023\\\/09\\\/15\\\/conexoes-reais-pesquisa-da-kantar-indica-que-pontos-de-contato-presenciais-sao-prioridade-na-publicidade-para-brasileiros\\\/#article\",\"isPartOf\":{\"@id\":\"https:\\\/\\\/www.cidademarketing.com.br\\\/marketing\\\/2023\\\/09\\\/15\\\/conexoes-reais-pesquisa-da-kantar-indica-que-pontos-de-contato-presenciais-sao-prioridade-na-publicidade-para-brasileiros\\\/\"},\"author\":{\"name\":\"Thales Brand\u00e3o\",\"@id\":\"https:\\\/\\\/www.cidademarketing.com.br\\\/marketing\\\/#\\\/schema\\\/person\\\/02daff9f18bd9378c9e01eb6b2db155f\"},\"headline\":\"Conex\u00f5es Reais: Pesquisa da Kantar indica que pontos de contato presenciais s\u00e3o prioridade na publicidade para brasileiros\",\"datePublished\":\"2023-09-15T11:30:45+00:00\",\"mainEntityOfPage\":{\"@id\":\"https:\\\/\\\/www.cidademarketing.com.br\\\/marketing\\\/2023\\\/09\\\/15\\\/conexoes-reais-pesquisa-da-kantar-indica-que-pontos-de-contato-presenciais-sao-prioridade-na-publicidade-para-brasileiros\\\/\"},\"wordCount\":698,\"commentCount\":0,\"publisher\":{\"@id\":\"https:\\\/\\\/www.cidademarketing.com.br\\\/marketing\\\/#organization\"},\"image\":{\"@id\":\"https:\\\/\\\/www.cidademarketing.com.br\\\/marketing\\\/2023\\\/09\\\/15\\\/conexoes-reais-pesquisa-da-kantar-indica-que-pontos-de-contato-presenciais-sao-prioridade-na-publicidade-para-brasileiros\\\/#primaryimage\"},\"thumbnailUrl\":\"https:\\\/\\\/www.cidademarketing.com.br\\\/marketing\\\/wp-content\\\/uploads\\\/2023\\\/03\\\/kantar_marca.jpg\",\"keywords\":[\"comportamento do consumidor\",\"estrat\u00e9gia\",\"Kantar\",\"pesquisa de mercado\",\"propaganda\",\"publicidade\"],\"articleSection\":[\"Not\u00edcias\",\"Pesquisa de Mercado\"],\"inLanguage\":\"pt-BR\",\"potentialAction\":[{\"@type\":\"CommentAction\",\"name\":\"Comment\",\"target\":[\"https:\\\/\\\/www.cidademarketing.com.br\\\/marketing\\\/2023\\\/09\\\/15\\\/conexoes-reais-pesquisa-da-kantar-indica-que-pontos-de-contato-presenciais-sao-prioridade-na-publicidade-para-brasileiros\\\/#respond\"]}]},{\"@type\":\"WebPage\",\"@id\":\"https:\\\/\\\/www.cidademarketing.com.br\\\/marketing\\\/2023\\\/09\\\/15\\\/conexoes-reais-pesquisa-da-kantar-indica-que-pontos-de-contato-presenciais-sao-prioridade-na-publicidade-para-brasileiros\\\/\",\"url\":\"https:\\\/\\\/www.cidademarketing.com.br\\\/marketing\\\/2023\\\/09\\\/15\\\/conexoes-reais-pesquisa-da-kantar-indica-que-pontos-de-contato-presenciais-sao-prioridade-na-publicidade-para-brasileiros\\\/\",\"name\":\"Conex\u00f5es Reais: Pesquisa da Kantar indica que pontos de contato presenciais s\u00e3o prioridade na publicidade para brasileiros - CidadeMarketing\",\"isPartOf\":{\"@id\":\"https:\\\/\\\/www.cidademarketing.com.br\\\/marketing\\\/#website\"},\"primaryImageOfPage\":{\"@id\":\"https:\\\/\\\/www.cidademarketing.com.br\\\/marketing\\\/2023\\\/09\\\/15\\\/conexoes-reais-pesquisa-da-kantar-indica-que-pontos-de-contato-presenciais-sao-prioridade-na-publicidade-para-brasileiros\\\/#primaryimage\"},\"image\":{\"@id\":\"https:\\\/\\\/www.cidademarketing.com.br\\\/marketing\\\/2023\\\/09\\\/15\\\/conexoes-reais-pesquisa-da-kantar-indica-que-pontos-de-contato-presenciais-sao-prioridade-na-publicidade-para-brasileiros\\\/#primaryimage\"},\"thumbnailUrl\":\"https:\\\/\\\/www.cidademarketing.com.br\\\/marketing\\\/wp-content\\\/uploads\\\/2023\\\/03\\\/kantar_marca.jpg\",\"datePublished\":\"2023-09-15T11:30:45+00:00\",\"breadcrumb\":{\"@id\":\"https:\\\/\\\/www.cidademarketing.com.br\\\/marketing\\\/2023\\\/09\\\/15\\\/conexoes-reais-pesquisa-da-kantar-indica-que-pontos-de-contato-presenciais-sao-prioridade-na-publicidade-para-brasileiros\\\/#breadcrumb\"},\"inLanguage\":\"pt-BR\",\"potentialAction\":[{\"@type\":\"ReadAction\",\"target\":[\"https:\\\/\\\/www.cidademarketing.com.br\\\/marketing\\\/2023\\\/09\\\/15\\\/conexoes-reais-pesquisa-da-kantar-indica-que-pontos-de-contato-presenciais-sao-prioridade-na-publicidade-para-brasileiros\\\/\"]}]},{\"@type\":\"ImageObject\",\"inLanguage\":\"pt-BR\",\"@id\":\"https:\\\/\\\/www.cidademarketing.com.br\\\/marketing\\\/2023\\\/09\\\/15\\\/conexoes-reais-pesquisa-da-kantar-indica-que-pontos-de-contato-presenciais-sao-prioridade-na-publicidade-para-brasileiros\\\/#primaryimage\",\"url\":\"https:\\\/\\\/www.cidademarketing.com.br\\\/marketing\\\/wp-content\\\/uploads\\\/2023\\\/03\\\/kantar_marca.jpg\",\"contentUrl\":\"https:\\\/\\\/www.cidademarketing.com.br\\\/marketing\\\/wp-content\\\/uploads\\\/2023\\\/03\\\/kantar_marca.jpg\",\"width\":320,\"height\":320},{\"@type\":\"BreadcrumbList\",\"@id\":\"https:\\\/\\\/www.cidademarketing.com.br\\\/marketing\\\/2023\\\/09\\\/15\\\/conexoes-reais-pesquisa-da-kantar-indica-que-pontos-de-contato-presenciais-sao-prioridade-na-publicidade-para-brasileiros\\\/#breadcrumb\",\"itemListElement\":[{\"@type\":\"ListItem\",\"position\":1,\"name\":\"In\u00edcio\",\"item\":\"https:\\\/\\\/www.cidademarketing.com.br\\\/marketing\\\/\"},{\"@type\":\"ListItem\",\"position\":2,\"name\":\"Conex\u00f5es Reais: Pesquisa da Kantar indica que pontos de contato presenciais s\u00e3o prioridade na publicidade para brasileiros\"}]},{\"@type\":\"WebSite\",\"@id\":\"https:\\\/\\\/www.cidademarketing.com.br\\\/marketing\\\/#website\",\"url\":\"https:\\\/\\\/www.cidademarketing.com.br\\\/marketing\\\/\",\"name\":\"CidadeMarketing\",\"description\":\"Somos um ve\u00edculo de comunica\u00e7\u00e3o de destaque no Brasil, reconhecido por conte\u00fados nos segmentos de marketing, empreendedorismo e inova\u00e7\u00e3o.\",\"publisher\":{\"@id\":\"https:\\\/\\\/www.cidademarketing.com.br\\\/marketing\\\/#organization\"},\"alternateName\":\"CidadeMarketing\",\"potentialAction\":[{\"@type\":\"SearchAction\",\"target\":{\"@type\":\"EntryPoint\",\"urlTemplate\":\"https:\\\/\\\/www.cidademarketing.com.br\\\/marketing\\\/?s={search_term_string}\"},\"query-input\":{\"@type\":\"PropertyValueSpecification\",\"valueRequired\":true,\"valueName\":\"search_term_string\"}}],\"inLanguage\":\"pt-BR\"},{\"@type\":\"Organization\",\"@id\":\"https:\\\/\\\/www.cidademarketing.com.br\\\/marketing\\\/#organization\",\"name\":\"CidadeMarketing\",\"alternateName\":\"CidadeMarketing\",\"url\":\"https:\\\/\\\/www.cidademarketing.com.br\\\/marketing\\\/\",\"logo\":{\"@type\":\"ImageObject\",\"inLanguage\":\"pt-BR\",\"@id\":\"https:\\\/\\\/www.cidademarketing.com.br\\\/marketing\\\/#\\\/schema\\\/logo\\\/image\\\/\",\"url\":\"https:\\\/\\\/www.cidademarketing.com.br\\\/marketing\\\/wp-content\\\/uploads\\\/2020\\\/01\\\/cidademarketing_marca_mobile.png\",\"contentUrl\":\"https:\\\/\\\/www.cidademarketing.com.br\\\/marketing\\\/wp-content\\\/uploads\\\/2020\\\/01\\\/cidademarketing_marca_mobile.png\",\"width\":230,\"height\":92,\"caption\":\"CidadeMarketing\"},\"image\":{\"@id\":\"https:\\\/\\\/www.cidademarketing.com.br\\\/marketing\\\/#\\\/schema\\\/logo\\\/image\\\/\"},\"sameAs\":[\"https:\\\/\\\/www.facebook.com\\\/portalcidademarketing\",\"https:\\\/\\\/x.com\\\/CidadeMarketing\",\"https:\\\/\\\/www.instagram.com\\\/cidademarketing\\\/\"]},{\"@type\":\"Person\",\"@id\":\"https:\\\/\\\/www.cidademarketing.com.br\\\/marketing\\\/#\\\/schema\\\/person\\\/02daff9f18bd9378c9e01eb6b2db155f\",\"name\":\"Thales Brand\u00e3o\",\"image\":{\"@type\":\"ImageObject\",\"inLanguage\":\"pt-BR\",\"@id\":\"https:\\\/\\\/secure.gravatar.com\\\/avatar\\\/7ca3206950207cc3cb48feec56a8a7898741ab725c368d99d5d7a5a50aab80c6?s=96&d=mm&r=g\",\"url\":\"https:\\\/\\\/secure.gravatar.com\\\/avatar\\\/7ca3206950207cc3cb48feec56a8a7898741ab725c368d99d5d7a5a50aab80c6?s=96&d=mm&r=g\",\"contentUrl\":\"https:\\\/\\\/secure.gravatar.com\\\/avatar\\\/7ca3206950207cc3cb48feec56a8a7898741ab725c368d99d5d7a5a50aab80c6?s=96&d=mm&r=g\",\"caption\":\"Thales Brand\u00e3o\"},\"description\":\"Editor Executivo do Portal CidadeMarketing.com.br &gt; Mestre em Comunica\u00e7\u00e3o e Sociedade pela Universidade Federal de Sergipe. Possui MBA Executivo em Administra\u00e7\u00e3o com \u00eanfase em Marketing pela Funda\u00e7\u00e3o Get\u00falio Vargas - Rio de Janeiro. Consultor, Palestrante e Pesquisador sobre Empreendedorismo, Marketing, Redes Sociais e Neg\u00f3cios Digitais. Professor, Palestrante TedxTalks e Campus Party. Twitter: @ThalesBrandao\",\"sameAs\":[\"http:\\\/\\\/www.mandacaru.com.br\",\"https:\\\/\\\/www.facebook.com\\\/thalesbrandao\",\"http:\\\/\\\/www.instagram.com.br\\\/thalesbrandaoferreira\",\"https:\\\/\\\/www.linkedin.com\\\/in\\\/thales-brand\u00e3o-3948609\\\/\",\"https:\\\/\\\/x.com\\\/http:\\\/\\\/www.twitter.com\\\/thalesbrandao\"],\"url\":\"https:\\\/\\\/www.cidademarketing.com.br\\\/marketing\\\/author\\\/thalesbrandao\\\/\"}]}<\/script>\n<!-- \/ Yoast SEO plugin. -->","yoast_head_json":{"title":"Conex\u00f5es Reais: Pesquisa da Kantar indica que pontos de contato presenciais s\u00e3o prioridade na publicidade para brasileiros - CidadeMarketing","robots":{"index":"index","follow":"follow","max-snippet":"max-snippet:-1","max-image-preview":"max-image-preview:large","max-video-preview":"max-video-preview:-1"},"canonical":"https:\/\/www.cidademarketing.com.br\/marketing\/2023\/09\/15\/conexoes-reais-pesquisa-da-kantar-indica-que-pontos-de-contato-presenciais-sao-prioridade-na-publicidade-para-brasileiros\/","og_locale":"pt_BR","og_type":"article","og_title":"Conex\u00f5es Reais: Pesquisa da Kantar indica que pontos de contato presenciais s\u00e3o prioridade na publicidade para brasileiros - CidadeMarketing","og_description":"A quarta edi\u00e7\u00e3o do estudo Media Reactions, realizado pela Kantar, l\u00edder em dados, insights e consultoria, avalia no Brasil e no mundo o equity de publicidade de uma sele\u00e7\u00e3o de canais e marcas de m\u00eddia. Este ano, o destaque fica para a lideran\u00e7a global da Amazon pela segunda vez consecutiva. A maioria dos consumidores considera [&hellip;]","og_url":"https:\/\/www.cidademarketing.com.br\/marketing\/2023\/09\/15\/conexoes-reais-pesquisa-da-kantar-indica-que-pontos-de-contato-presenciais-sao-prioridade-na-publicidade-para-brasileiros\/","og_site_name":"CidadeMarketing","article_publisher":"https:\/\/www.facebook.com\/portalcidademarketing","article_author":"https:\/\/www.facebook.com\/thalesbrandao","article_published_time":"2023-09-15T11:30:45+00:00","og_image":[{"width":320,"height":320,"url":"https:\/\/www.cidademarketing.com.br\/marketing\/wp-content\/uploads\/2023\/03\/kantar_marca.jpg","type":"image\/jpeg"}],"author":"Thales Brand\u00e3o","twitter_card":"summary_large_image","twitter_creator":"@http:\/\/www.twitter.com\/thalesbrandao","twitter_site":"@CidadeMarketing","twitter_misc":{"Escrito por":"Thales Brand\u00e3o","Est. tempo de leitura":"3 minutos"},"schema":{"@context":"https:\/\/schema.org","@graph":[{"@type":"Article","@id":"https:\/\/www.cidademarketing.com.br\/marketing\/2023\/09\/15\/conexoes-reais-pesquisa-da-kantar-indica-que-pontos-de-contato-presenciais-sao-prioridade-na-publicidade-para-brasileiros\/#article","isPartOf":{"@id":"https:\/\/www.cidademarketing.com.br\/marketing\/2023\/09\/15\/conexoes-reais-pesquisa-da-kantar-indica-que-pontos-de-contato-presenciais-sao-prioridade-na-publicidade-para-brasileiros\/"},"author":{"name":"Thales Brand\u00e3o","@id":"https:\/\/www.cidademarketing.com.br\/marketing\/#\/schema\/person\/02daff9f18bd9378c9e01eb6b2db155f"},"headline":"Conex\u00f5es Reais: Pesquisa da Kantar indica que pontos de contato presenciais s\u00e3o prioridade na publicidade para brasileiros","datePublished":"2023-09-15T11:30:45+00:00","mainEntityOfPage":{"@id":"https:\/\/www.cidademarketing.com.br\/marketing\/2023\/09\/15\/conexoes-reais-pesquisa-da-kantar-indica-que-pontos-de-contato-presenciais-sao-prioridade-na-publicidade-para-brasileiros\/"},"wordCount":698,"commentCount":0,"publisher":{"@id":"https:\/\/www.cidademarketing.com.br\/marketing\/#organization"},"image":{"@id":"https:\/\/www.cidademarketing.com.br\/marketing\/2023\/09\/15\/conexoes-reais-pesquisa-da-kantar-indica-que-pontos-de-contato-presenciais-sao-prioridade-na-publicidade-para-brasileiros\/#primaryimage"},"thumbnailUrl":"https:\/\/www.cidademarketing.com.br\/marketing\/wp-content\/uploads\/2023\/03\/kantar_marca.jpg","keywords":["comportamento do consumidor","estrat\u00e9gia","Kantar","pesquisa de mercado","propaganda","publicidade"],"articleSection":["Not\u00edcias","Pesquisa de Mercado"],"inLanguage":"pt-BR","potentialAction":[{"@type":"CommentAction","name":"Comment","target":["https:\/\/www.cidademarketing.com.br\/marketing\/2023\/09\/15\/conexoes-reais-pesquisa-da-kantar-indica-que-pontos-de-contato-presenciais-sao-prioridade-na-publicidade-para-brasileiros\/#respond"]}]},{"@type":"WebPage","@id":"https:\/\/www.cidademarketing.com.br\/marketing\/2023\/09\/15\/conexoes-reais-pesquisa-da-kantar-indica-que-pontos-de-contato-presenciais-sao-prioridade-na-publicidade-para-brasileiros\/","url":"https:\/\/www.cidademarketing.com.br\/marketing\/2023\/09\/15\/conexoes-reais-pesquisa-da-kantar-indica-que-pontos-de-contato-presenciais-sao-prioridade-na-publicidade-para-brasileiros\/","name":"Conex\u00f5es Reais: Pesquisa da Kantar indica que pontos de contato presenciais s\u00e3o prioridade na publicidade para brasileiros - CidadeMarketing","isPartOf":{"@id":"https:\/\/www.cidademarketing.com.br\/marketing\/#website"},"primaryImageOfPage":{"@id":"https:\/\/www.cidademarketing.com.br\/marketing\/2023\/09\/15\/conexoes-reais-pesquisa-da-kantar-indica-que-pontos-de-contato-presenciais-sao-prioridade-na-publicidade-para-brasileiros\/#primaryimage"},"image":{"@id":"https:\/\/www.cidademarketing.com.br\/marketing\/2023\/09\/15\/conexoes-reais-pesquisa-da-kantar-indica-que-pontos-de-contato-presenciais-sao-prioridade-na-publicidade-para-brasileiros\/#primaryimage"},"thumbnailUrl":"https:\/\/www.cidademarketing.com.br\/marketing\/wp-content\/uploads\/2023\/03\/kantar_marca.jpg","datePublished":"2023-09-15T11:30:45+00:00","breadcrumb":{"@id":"https:\/\/www.cidademarketing.com.br\/marketing\/2023\/09\/15\/conexoes-reais-pesquisa-da-kantar-indica-que-pontos-de-contato-presenciais-sao-prioridade-na-publicidade-para-brasileiros\/#breadcrumb"},"inLanguage":"pt-BR","potentialAction":[{"@type":"ReadAction","target":["https:\/\/www.cidademarketing.com.br\/marketing\/2023\/09\/15\/conexoes-reais-pesquisa-da-kantar-indica-que-pontos-de-contato-presenciais-sao-prioridade-na-publicidade-para-brasileiros\/"]}]},{"@type":"ImageObject","inLanguage":"pt-BR","@id":"https:\/\/www.cidademarketing.com.br\/marketing\/2023\/09\/15\/conexoes-reais-pesquisa-da-kantar-indica-que-pontos-de-contato-presenciais-sao-prioridade-na-publicidade-para-brasileiros\/#primaryimage","url":"https:\/\/www.cidademarketing.com.br\/marketing\/wp-content\/uploads\/2023\/03\/kantar_marca.jpg","contentUrl":"https:\/\/www.cidademarketing.com.br\/marketing\/wp-content\/uploads\/2023\/03\/kantar_marca.jpg","width":320,"height":320},{"@type":"BreadcrumbList","@id":"https:\/\/www.cidademarketing.com.br\/marketing\/2023\/09\/15\/conexoes-reais-pesquisa-da-kantar-indica-que-pontos-de-contato-presenciais-sao-prioridade-na-publicidade-para-brasileiros\/#breadcrumb","itemListElement":[{"@type":"ListItem","position":1,"name":"In\u00edcio","item":"https:\/\/www.cidademarketing.com.br\/marketing\/"},{"@type":"ListItem","position":2,"name":"Conex\u00f5es Reais: Pesquisa da Kantar indica que pontos de contato presenciais s\u00e3o prioridade na publicidade para brasileiros"}]},{"@type":"WebSite","@id":"https:\/\/www.cidademarketing.com.br\/marketing\/#website","url":"https:\/\/www.cidademarketing.com.br\/marketing\/","name":"CidadeMarketing","description":"Somos um ve\u00edculo de comunica\u00e7\u00e3o de destaque no Brasil, reconhecido por conte\u00fados nos segmentos de marketing, empreendedorismo e inova\u00e7\u00e3o.","publisher":{"@id":"https:\/\/www.cidademarketing.com.br\/marketing\/#organization"},"alternateName":"CidadeMarketing","potentialAction":[{"@type":"SearchAction","target":{"@type":"EntryPoint","urlTemplate":"https:\/\/www.cidademarketing.com.br\/marketing\/?s={search_term_string}"},"query-input":{"@type":"PropertyValueSpecification","valueRequired":true,"valueName":"search_term_string"}}],"inLanguage":"pt-BR"},{"@type":"Organization","@id":"https:\/\/www.cidademarketing.com.br\/marketing\/#organization","name":"CidadeMarketing","alternateName":"CidadeMarketing","url":"https:\/\/www.cidademarketing.com.br\/marketing\/","logo":{"@type":"ImageObject","inLanguage":"pt-BR","@id":"https:\/\/www.cidademarketing.com.br\/marketing\/#\/schema\/logo\/image\/","url":"https:\/\/www.cidademarketing.com.br\/marketing\/wp-content\/uploads\/2020\/01\/cidademarketing_marca_mobile.png","contentUrl":"https:\/\/www.cidademarketing.com.br\/marketing\/wp-content\/uploads\/2020\/01\/cidademarketing_marca_mobile.png","width":230,"height":92,"caption":"CidadeMarketing"},"image":{"@id":"https:\/\/www.cidademarketing.com.br\/marketing\/#\/schema\/logo\/image\/"},"sameAs":["https:\/\/www.facebook.com\/portalcidademarketing","https:\/\/x.com\/CidadeMarketing","https:\/\/www.instagram.com\/cidademarketing\/"]},{"@type":"Person","@id":"https:\/\/www.cidademarketing.com.br\/marketing\/#\/schema\/person\/02daff9f18bd9378c9e01eb6b2db155f","name":"Thales Brand\u00e3o","image":{"@type":"ImageObject","inLanguage":"pt-BR","@id":"https:\/\/secure.gravatar.com\/avatar\/7ca3206950207cc3cb48feec56a8a7898741ab725c368d99d5d7a5a50aab80c6?s=96&d=mm&r=g","url":"https:\/\/secure.gravatar.com\/avatar\/7ca3206950207cc3cb48feec56a8a7898741ab725c368d99d5d7a5a50aab80c6?s=96&d=mm&r=g","contentUrl":"https:\/\/secure.gravatar.com\/avatar\/7ca3206950207cc3cb48feec56a8a7898741ab725c368d99d5d7a5a50aab80c6?s=96&d=mm&r=g","caption":"Thales Brand\u00e3o"},"description":"Editor Executivo do Portal CidadeMarketing.com.br &gt; Mestre em Comunica\u00e7\u00e3o e Sociedade pela Universidade Federal de Sergipe. Possui MBA Executivo em Administra\u00e7\u00e3o com \u00eanfase em Marketing pela Funda\u00e7\u00e3o Get\u00falio Vargas - Rio de Janeiro. Consultor, Palestrante e Pesquisador sobre Empreendedorismo, Marketing, Redes Sociais e Neg\u00f3cios Digitais. Professor, Palestrante TedxTalks e Campus Party. Twitter: @ThalesBrandao","sameAs":["http:\/\/www.mandacaru.com.br","https:\/\/www.facebook.com\/thalesbrandao","http:\/\/www.instagram.com.br\/thalesbrandaoferreira","https:\/\/www.linkedin.com\/in\/thales-brand\u00e3o-3948609\/","https:\/\/x.com\/http:\/\/www.twitter.com\/thalesbrandao"],"url":"https:\/\/www.cidademarketing.com.br\/marketing\/author\/thalesbrandao\/"}]}},"amp_enabled":true,"_links":{"self":[{"href":"https:\/\/www.cidademarketing.com.br\/marketing\/wp-json\/wp\/v2\/posts\/47483","targetHints":{"allow":["GET"]}}],"collection":[{"href":"https:\/\/www.cidademarketing.com.br\/marketing\/wp-json\/wp\/v2\/posts"}],"about":[{"href":"https:\/\/www.cidademarketing.com.br\/marketing\/wp-json\/wp\/v2\/types\/post"}],"author":[{"embeddable":true,"href":"https:\/\/www.cidademarketing.com.br\/marketing\/wp-json\/wp\/v2\/users\/1"}],"replies":[{"embeddable":true,"href":"https:\/\/www.cidademarketing.com.br\/marketing\/wp-json\/wp\/v2\/comments?post=47483"}],"version-history":[{"count":1,"href":"https:\/\/www.cidademarketing.com.br\/marketing\/wp-json\/wp\/v2\/posts\/47483\/revisions"}],"predecessor-version":[{"id":47484,"href":"https:\/\/www.cidademarketing.com.br\/marketing\/wp-json\/wp\/v2\/posts\/47483\/revisions\/47484"}],"wp:featuredmedia":[{"embeddable":true,"href":"https:\/\/www.cidademarketing.com.br\/marketing\/wp-json\/wp\/v2\/media\/44154"}],"wp:attachment":[{"href":"https:\/\/www.cidademarketing.com.br\/marketing\/wp-json\/wp\/v2\/media?parent=47483"}],"wp:term":[{"taxonomy":"category","embeddable":true,"href":"https:\/\/www.cidademarketing.com.br\/marketing\/wp-json\/wp\/v2\/categories?post=47483"},{"taxonomy":"post_tag","embeddable":true,"href":"https:\/\/www.cidademarketing.com.br\/marketing\/wp-json\/wp\/v2\/tags?post=47483"}],"curies":[{"name":"wp","href":"https:\/\/api.w.org\/{rel}","templated":true}]}}