{"id":47433,"date":"2023-09-12T09:23:44","date_gmt":"2023-09-12T12:23:44","guid":{"rendered":"https:\/\/www.cidademarketing.com.br\/marketing\/?p=47433"},"modified":"2023-09-12T09:23:44","modified_gmt":"2023-09-12T12:23:44","slug":"ipanema-lanca-campanha-e-colecao-sempre-nova-com-shakira","status":"publish","type":"post","link":"https:\/\/www.cidademarketing.com.br\/marketing\/2023\/09\/12\/ipanema-lanca-campanha-e-colecao-sempre-nova-com-shakira\/","title":{"rendered":"Ipanema lan\u00e7a campanha e cole\u00e7\u00e3o &#8220;Sempre Nova&#8221; com Shakira"},"content":{"rendered":"<p>A Sempre Nova, principal cole\u00e7\u00e3o da Ipanema, apresenta quatro modelos in\u00e9ditos de sand\u00e1lias com uma campanha global exclusiva, estrelada por Shakira. Ao lado da artista, empres\u00e1ria e filantropa, a marca brasileira d\u00e1 continuidade a sua hist\u00f3ria de protagonismo feminino e encoraja mulheres a se conectarem com sua voz interior e caminharem em dire\u00e7\u00e3o a si mesmas. Pautado pelo mote \u201co pr\u00f3ximo passo \u00e9 seu\u201d, o filme da campanha est\u00e1 dispon\u00edvel nas redes sociais e canais propriet\u00e1rios da marca.<\/p>\n<p><a href=\"https:\/\/www.cidademarketing.com.br\/marketing\/sua-marca-vai-virar-noticia\/\" target=\"_blank\" rel=\"noopener\"><img fetchpriority=\"high\" decoding=\"async\" class=\"wp-image-44329 aligncenter\" src=\"https:\/\/www.cidademarketing.com.br\/marketing\/wp-content\/uploads\/2023\/04\/cidademarketing_backlinks_marketingdigital_publieditorial_.png\" alt=\"\" width=\"500\" height=\"500\" \/><\/a><br \/>\nRepresentando valores essenciais da Ipanema, Shakira se conecta com mulheres do mundo inteiro, seja por meio da m\u00fasica, da dan\u00e7a ou dos trabalhos humanit\u00e1rios. Como uma das vozes latinas mais influentes da cultura pop, a artista \u00e9 um s\u00edmbolo da autonomia feminina, da valoriza\u00e7\u00e3o do corre no dia a dia, da lideran\u00e7a profissional de mulheres, da inspira\u00e7\u00e3o para sermos quem quisermos ser e, claro, do esp\u00edrito solar que est\u00e1 no DNA da marca.<\/p>\n<p>&#8220;Estou feliz em anunciar essa parceria e unir for\u00e7as com a Ipanema, em uma campanha que busca destacar trajet\u00f3rias femininas e carrega uma mensagem importante para todas as mulheres valorizarem cada passo que d\u00e3o, tanto em dire\u00e7\u00e3o a si mesmas quanto aos seus sonhos&#8221;, diz Shakira.<\/p>\n<div class=\"youtube-embed\" data-video_id=\"4njiarFZWCs\"><iframe title=\"Ipanema Sempre Nova 2023\" width=\"640\" height=\"360\" src=\"https:\/\/www.youtube.com\/embed\/4njiarFZWCs?feature=oembed&#038;enablejsapi=1\" frameborder=\"0\" allow=\"accelerometer; autoplay; clipboard-write; encrypted-media; gyroscope; picture-in-picture; web-share\" referrerpolicy=\"strict-origin-when-cross-origin\" allowfullscreen><\/iframe><\/div>\n<p>A cole\u00e7\u00e3o de sand\u00e1lias carrega a mesma ess\u00eancia, levando tend\u00eancias de moda para modelos vers\u00e1teis com uma paleta variada de cores, que inclui tons vibrantes, pastel e neutros. Meu Sol, Meu Sol Rasteira, Meu Sol Sand\u00e1lia e Meu Sol Flatform trazem conforto e estilo para cada pr\u00f3ximo passo com um design novo, que traz solas arredondadas e bico levemente quadrado. Os itens est\u00e3o dispon\u00edveis em numera\u00e7\u00e3o adulta, infantil e baby, podendo ser encontrados nas lojas f\u00edsicas e no site do e-commerce oficial.<\/p>\n<p><iframe title=\"Spotify Embed: Podcast CidadeMarketing\" style=\"border-radius: 12px\" width=\"100%\" height=\"152\" frameborder=\"0\" allowfullscreen allow=\"autoplay; clipboard-write; encrypted-media; fullscreen; picture-in-picture\" loading=\"lazy\" src=\"https:\/\/open.spotify.com\/embed\/show\/4khMKzP3FgFRWVwb73xicc?si=252fe5bff2b34909&#038;utm_source=oembed\"><\/iframe><\/p>\n<p>&nbsp;<\/p>\n<p>Conhe\u00e7a a cole\u00e7\u00e3o completa:<br \/>\nLink para download das fotos em still (cr\u00e9ditos: Divulga\u00e7\u00e3o Ipanema).<br \/>\nIpanema Meu Sol: Tachas e esferas aparecem nas tiras da sand\u00e1lia de dedo, trazendo diferentes texturas para o design. Dispon\u00edvel na grade infantil (do 23\/24 ao 31\/32) e adulta (do 33\/34 ao 39\/40), o modelo pode ser encontrado a partir de R$ 19,99.<br \/>\nIpanema Meu Sol Rasteira: Um cl\u00e1ssico revisitado com texturas de alta defini\u00e7\u00e3o que trazem o brilho e elevam o produto. Dispon\u00edvel na grade infantil (do 23\/24 ao 32\/33) e adulta (do 34 ao 39\/40), a sand\u00e1lia pode ser encontrada a partir de R$ 24,99.<br \/>\nIpanema Meu Sol Sand\u00e1lia: Neste modelo, as tiras finas e entrela\u00e7adas ganham texturas de alta defini\u00e7\u00e3o por meio do brilho. J\u00e1 o calce f\u00e1cil garante praticidade no dia a dia. Dispon\u00edvel na grade baby (do 17\/18 ao 23\/24), infantil (do 25 ao 32\/33) e adulta (do 34 ao 39\/40), o modelo pode ser encontrado a partir de R$ 29,99.<br \/>\nIpanema Meu Sol Flatform: Com solado elevado e contornos arredondados, a sand\u00e1lia traz as tachas e esferas para compor as tiras, deixando o produto mais sofisticado. Dispon\u00edvel na grade adulta (do 33\/34 ao 39\/40), o modelo pode ser encontrado a partir de R$ 39,99.<\/p>\n","protected":false},"excerpt":{"rendered":"<p>A Sempre Nova, principal cole\u00e7\u00e3o da Ipanema, apresenta quatro modelos in\u00e9ditos de sand\u00e1lias com uma campanha global exclusiva, estrelada por Shakira. Ao lado da artista, empres\u00e1ria e filantropa, a marca brasileira d\u00e1 continuidade a sua hist\u00f3ria de protagonismo feminino e encoraja mulheres a se conectarem com sua voz interior e caminharem em dire\u00e7\u00e3o a si [&hellip;]<\/p>\n","protected":false},"author":1,"featured_media":47434,"comment_status":"open","ping_status":"open","sticky":false,"template":"","format":"standard","meta":{"tdm_status":"","tdm_grid_status":"","footnotes":""},"categories":[6],"tags":[65,33,805,4503,28,1762,66,181,6237],"class_list":["post-47433","post","type-post","status-publish","format-standard","has-post-thumbnail","hentry","category-noticias","tag-campanha","tag-estrategia","tag-experiencia","tag-ipanema","tag-marketing","tag-moda","tag-propaganda","tag-publicidade","tag-shakira"],"yoast_head":"<!-- This site is optimized with the Yoast SEO plugin v27.5 - https:\/\/yoast.com\/product\/yoast-seo-wordpress\/ -->\n<title>Ipanema lan\u00e7a campanha e cole\u00e7\u00e3o &quot;Sempre Nova&quot; com Shakira - CidadeMarketing<\/title>\n<meta name=\"robots\" content=\"index, follow, max-snippet:-1, max-image-preview:large, max-video-preview:-1\" \/>\n<link rel=\"canonical\" href=\"https:\/\/www.cidademarketing.com.br\/marketing\/2023\/09\/12\/ipanema-lanca-campanha-e-colecao-sempre-nova-com-shakira\/\" \/>\n<meta property=\"og:locale\" content=\"pt_BR\" \/>\n<meta property=\"og:type\" content=\"article\" \/>\n<meta property=\"og:title\" content=\"Ipanema lan\u00e7a campanha e cole\u00e7\u00e3o &quot;Sempre Nova&quot; com Shakira - CidadeMarketing\" \/>\n<meta property=\"og:description\" content=\"A Sempre Nova, principal cole\u00e7\u00e3o da Ipanema, apresenta quatro modelos in\u00e9ditos de sand\u00e1lias com uma campanha global exclusiva, estrelada por Shakira. Ao lado da artista, empres\u00e1ria e filantropa, a marca brasileira d\u00e1 continuidade a sua hist\u00f3ria de protagonismo feminino e encoraja mulheres a se conectarem com sua voz interior e caminharem em dire\u00e7\u00e3o a si [&hellip;]\" \/>\n<meta property=\"og:url\" content=\"https:\/\/www.cidademarketing.com.br\/marketing\/2023\/09\/12\/ipanema-lanca-campanha-e-colecao-sempre-nova-com-shakira\/\" \/>\n<meta property=\"og:site_name\" content=\"CidadeMarketing\" \/>\n<meta property=\"article:publisher\" content=\"https:\/\/www.facebook.com\/portalcidademarketing\" \/>\n<meta property=\"article:author\" content=\"https:\/\/www.facebook.com\/thalesbrandao\" \/>\n<meta property=\"article:published_time\" content=\"2023-09-12T12:23:44+00:00\" \/>\n<meta property=\"og:image\" content=\"https:\/\/www.cidademarketing.com.br\/marketing\/wp-content\/uploads\/2023\/09\/shakira_ipanema.png\" \/>\n\t<meta property=\"og:image:width\" content=\"1165\" \/>\n\t<meta property=\"og:image:height\" content=\"646\" \/>\n\t<meta property=\"og:image:type\" content=\"image\/png\" \/>\n<meta name=\"author\" content=\"Thales Brand\u00e3o\" \/>\n<meta name=\"twitter:card\" content=\"summary_large_image\" \/>\n<meta name=\"twitter:creator\" content=\"@http:\/\/www.twitter.com\/thalesbrandao\" \/>\n<meta name=\"twitter:site\" content=\"@CidadeMarketing\" \/>\n<meta name=\"twitter:label1\" content=\"Escrito por\" \/>\n\t<meta name=\"twitter:data1\" content=\"Thales Brand\u00e3o\" \/>\n\t<meta name=\"twitter:label2\" content=\"Est. tempo de leitura\" \/>\n\t<meta name=\"twitter:data2\" content=\"3 minutos\" \/>\n<script type=\"application\/ld+json\" class=\"yoast-schema-graph\">{\"@context\":\"https:\\\/\\\/schema.org\",\"@graph\":[{\"@type\":\"Article\",\"@id\":\"https:\\\/\\\/www.cidademarketing.com.br\\\/marketing\\\/2023\\\/09\\\/12\\\/ipanema-lanca-campanha-e-colecao-sempre-nova-com-shakira\\\/#article\",\"isPartOf\":{\"@id\":\"https:\\\/\\\/www.cidademarketing.com.br\\\/marketing\\\/2023\\\/09\\\/12\\\/ipanema-lanca-campanha-e-colecao-sempre-nova-com-shakira\\\/\"},\"author\":{\"name\":\"Thales Brand\u00e3o\",\"@id\":\"https:\\\/\\\/www.cidademarketing.com.br\\\/marketing\\\/#\\\/schema\\\/person\\\/02daff9f18bd9378c9e01eb6b2db155f\"},\"headline\":\"Ipanema lan\u00e7a campanha e cole\u00e7\u00e3o &#8220;Sempre Nova&#8221; com Shakira\",\"datePublished\":\"2023-09-12T12:23:44+00:00\",\"mainEntityOfPage\":{\"@id\":\"https:\\\/\\\/www.cidademarketing.com.br\\\/marketing\\\/2023\\\/09\\\/12\\\/ipanema-lanca-campanha-e-colecao-sempre-nova-com-shakira\\\/\"},\"wordCount\":545,\"commentCount\":0,\"publisher\":{\"@id\":\"https:\\\/\\\/www.cidademarketing.com.br\\\/marketing\\\/#organization\"},\"image\":{\"@id\":\"https:\\\/\\\/www.cidademarketing.com.br\\\/marketing\\\/2023\\\/09\\\/12\\\/ipanema-lanca-campanha-e-colecao-sempre-nova-com-shakira\\\/#primaryimage\"},\"thumbnailUrl\":\"https:\\\/\\\/www.cidademarketing.com.br\\\/marketing\\\/wp-content\\\/uploads\\\/2023\\\/09\\\/shakira_ipanema.png\",\"keywords\":[\"campanha\",\"estrat\u00e9gia\",\"experi\u00eancia\",\"Ipanema\",\"marketing\",\"moda\",\"propaganda\",\"publicidade\",\"Shakira\"],\"articleSection\":[\"Not\u00edcias\"],\"inLanguage\":\"pt-BR\",\"potentialAction\":[{\"@type\":\"CommentAction\",\"name\":\"Comment\",\"target\":[\"https:\\\/\\\/www.cidademarketing.com.br\\\/marketing\\\/2023\\\/09\\\/12\\\/ipanema-lanca-campanha-e-colecao-sempre-nova-com-shakira\\\/#respond\"]}]},{\"@type\":\"WebPage\",\"@id\":\"https:\\\/\\\/www.cidademarketing.com.br\\\/marketing\\\/2023\\\/09\\\/12\\\/ipanema-lanca-campanha-e-colecao-sempre-nova-com-shakira\\\/\",\"url\":\"https:\\\/\\\/www.cidademarketing.com.br\\\/marketing\\\/2023\\\/09\\\/12\\\/ipanema-lanca-campanha-e-colecao-sempre-nova-com-shakira\\\/\",\"name\":\"Ipanema lan\u00e7a campanha e cole\u00e7\u00e3o \\\"Sempre Nova\\\" com Shakira - CidadeMarketing\",\"isPartOf\":{\"@id\":\"https:\\\/\\\/www.cidademarketing.com.br\\\/marketing\\\/#website\"},\"primaryImageOfPage\":{\"@id\":\"https:\\\/\\\/www.cidademarketing.com.br\\\/marketing\\\/2023\\\/09\\\/12\\\/ipanema-lanca-campanha-e-colecao-sempre-nova-com-shakira\\\/#primaryimage\"},\"image\":{\"@id\":\"https:\\\/\\\/www.cidademarketing.com.br\\\/marketing\\\/2023\\\/09\\\/12\\\/ipanema-lanca-campanha-e-colecao-sempre-nova-com-shakira\\\/#primaryimage\"},\"thumbnailUrl\":\"https:\\\/\\\/www.cidademarketing.com.br\\\/marketing\\\/wp-content\\\/uploads\\\/2023\\\/09\\\/shakira_ipanema.png\",\"datePublished\":\"2023-09-12T12:23:44+00:00\",\"breadcrumb\":{\"@id\":\"https:\\\/\\\/www.cidademarketing.com.br\\\/marketing\\\/2023\\\/09\\\/12\\\/ipanema-lanca-campanha-e-colecao-sempre-nova-com-shakira\\\/#breadcrumb\"},\"inLanguage\":\"pt-BR\",\"potentialAction\":[{\"@type\":\"ReadAction\",\"target\":[\"https:\\\/\\\/www.cidademarketing.com.br\\\/marketing\\\/2023\\\/09\\\/12\\\/ipanema-lanca-campanha-e-colecao-sempre-nova-com-shakira\\\/\"]}]},{\"@type\":\"ImageObject\",\"inLanguage\":\"pt-BR\",\"@id\":\"https:\\\/\\\/www.cidademarketing.com.br\\\/marketing\\\/2023\\\/09\\\/12\\\/ipanema-lanca-campanha-e-colecao-sempre-nova-com-shakira\\\/#primaryimage\",\"url\":\"https:\\\/\\\/www.cidademarketing.com.br\\\/marketing\\\/wp-content\\\/uploads\\\/2023\\\/09\\\/shakira_ipanema.png\",\"contentUrl\":\"https:\\\/\\\/www.cidademarketing.com.br\\\/marketing\\\/wp-content\\\/uploads\\\/2023\\\/09\\\/shakira_ipanema.png\",\"width\":1165,\"height\":646,\"caption\":\"Reprodu\u00e7\u00e3o\"},{\"@type\":\"BreadcrumbList\",\"@id\":\"https:\\\/\\\/www.cidademarketing.com.br\\\/marketing\\\/2023\\\/09\\\/12\\\/ipanema-lanca-campanha-e-colecao-sempre-nova-com-shakira\\\/#breadcrumb\",\"itemListElement\":[{\"@type\":\"ListItem\",\"position\":1,\"name\":\"In\u00edcio\",\"item\":\"https:\\\/\\\/www.cidademarketing.com.br\\\/marketing\\\/\"},{\"@type\":\"ListItem\",\"position\":2,\"name\":\"Ipanema lan\u00e7a campanha e cole\u00e7\u00e3o &#8220;Sempre Nova&#8221; com Shakira\"}]},{\"@type\":\"WebSite\",\"@id\":\"https:\\\/\\\/www.cidademarketing.com.br\\\/marketing\\\/#website\",\"url\":\"https:\\\/\\\/www.cidademarketing.com.br\\\/marketing\\\/\",\"name\":\"CidadeMarketing\",\"description\":\"Somos um ve\u00edculo de comunica\u00e7\u00e3o de destaque no Brasil, reconhecido por conte\u00fados nos segmentos de marketing, empreendedorismo e inova\u00e7\u00e3o.\",\"publisher\":{\"@id\":\"https:\\\/\\\/www.cidademarketing.com.br\\\/marketing\\\/#organization\"},\"alternateName\":\"CidadeMarketing\",\"potentialAction\":[{\"@type\":\"SearchAction\",\"target\":{\"@type\":\"EntryPoint\",\"urlTemplate\":\"https:\\\/\\\/www.cidademarketing.com.br\\\/marketing\\\/?s={search_term_string}\"},\"query-input\":{\"@type\":\"PropertyValueSpecification\",\"valueRequired\":true,\"valueName\":\"search_term_string\"}}],\"inLanguage\":\"pt-BR\"},{\"@type\":\"Organization\",\"@id\":\"https:\\\/\\\/www.cidademarketing.com.br\\\/marketing\\\/#organization\",\"name\":\"CidadeMarketing\",\"alternateName\":\"CidadeMarketing\",\"url\":\"https:\\\/\\\/www.cidademarketing.com.br\\\/marketing\\\/\",\"logo\":{\"@type\":\"ImageObject\",\"inLanguage\":\"pt-BR\",\"@id\":\"https:\\\/\\\/www.cidademarketing.com.br\\\/marketing\\\/#\\\/schema\\\/logo\\\/image\\\/\",\"url\":\"https:\\\/\\\/www.cidademarketing.com.br\\\/marketing\\\/wp-content\\\/uploads\\\/2020\\\/01\\\/cidademarketing_marca_mobile.png\",\"contentUrl\":\"https:\\\/\\\/www.cidademarketing.com.br\\\/marketing\\\/wp-content\\\/uploads\\\/2020\\\/01\\\/cidademarketing_marca_mobile.png\",\"width\":230,\"height\":92,\"caption\":\"CidadeMarketing\"},\"image\":{\"@id\":\"https:\\\/\\\/www.cidademarketing.com.br\\\/marketing\\\/#\\\/schema\\\/logo\\\/image\\\/\"},\"sameAs\":[\"https:\\\/\\\/www.facebook.com\\\/portalcidademarketing\",\"https:\\\/\\\/x.com\\\/CidadeMarketing\",\"https:\\\/\\\/www.instagram.com\\\/cidademarketing\\\/\"]},{\"@type\":\"Person\",\"@id\":\"https:\\\/\\\/www.cidademarketing.com.br\\\/marketing\\\/#\\\/schema\\\/person\\\/02daff9f18bd9378c9e01eb6b2db155f\",\"name\":\"Thales Brand\u00e3o\",\"image\":{\"@type\":\"ImageObject\",\"inLanguage\":\"pt-BR\",\"@id\":\"https:\\\/\\\/secure.gravatar.com\\\/avatar\\\/7ca3206950207cc3cb48feec56a8a7898741ab725c368d99d5d7a5a50aab80c6?s=96&d=mm&r=g\",\"url\":\"https:\\\/\\\/secure.gravatar.com\\\/avatar\\\/7ca3206950207cc3cb48feec56a8a7898741ab725c368d99d5d7a5a50aab80c6?s=96&d=mm&r=g\",\"contentUrl\":\"https:\\\/\\\/secure.gravatar.com\\\/avatar\\\/7ca3206950207cc3cb48feec56a8a7898741ab725c368d99d5d7a5a50aab80c6?s=96&d=mm&r=g\",\"caption\":\"Thales Brand\u00e3o\"},\"description\":\"Editor Executivo do Portal CidadeMarketing.com.br &gt; Mestre em Comunica\u00e7\u00e3o e Sociedade pela Universidade Federal de Sergipe. Possui MBA Executivo em Administra\u00e7\u00e3o com \u00eanfase em Marketing pela Funda\u00e7\u00e3o Get\u00falio Vargas - Rio de Janeiro. Consultor, Palestrante e Pesquisador sobre Empreendedorismo, Marketing, Redes Sociais e Neg\u00f3cios Digitais. Professor, Palestrante TedxTalks e Campus Party. Twitter: @ThalesBrandao\",\"sameAs\":[\"http:\\\/\\\/www.mandacaru.com.br\",\"https:\\\/\\\/www.facebook.com\\\/thalesbrandao\",\"http:\\\/\\\/www.instagram.com.br\\\/thalesbrandaoferreira\",\"https:\\\/\\\/www.linkedin.com\\\/in\\\/thales-brand\u00e3o-3948609\\\/\",\"https:\\\/\\\/x.com\\\/http:\\\/\\\/www.twitter.com\\\/thalesbrandao\"],\"url\":\"https:\\\/\\\/www.cidademarketing.com.br\\\/marketing\\\/author\\\/thalesbrandao\\\/\"}]}<\/script>\n<!-- \/ Yoast SEO plugin. -->","yoast_head_json":{"title":"Ipanema lan\u00e7a campanha e cole\u00e7\u00e3o \"Sempre Nova\" com Shakira - CidadeMarketing","robots":{"index":"index","follow":"follow","max-snippet":"max-snippet:-1","max-image-preview":"max-image-preview:large","max-video-preview":"max-video-preview:-1"},"canonical":"https:\/\/www.cidademarketing.com.br\/marketing\/2023\/09\/12\/ipanema-lanca-campanha-e-colecao-sempre-nova-com-shakira\/","og_locale":"pt_BR","og_type":"article","og_title":"Ipanema lan\u00e7a campanha e cole\u00e7\u00e3o \"Sempre Nova\" com Shakira - CidadeMarketing","og_description":"A Sempre Nova, principal cole\u00e7\u00e3o da Ipanema, apresenta quatro modelos in\u00e9ditos de sand\u00e1lias com uma campanha global exclusiva, estrelada por Shakira. Ao lado da artista, empres\u00e1ria e filantropa, a marca brasileira d\u00e1 continuidade a sua hist\u00f3ria de protagonismo feminino e encoraja mulheres a se conectarem com sua voz interior e caminharem em dire\u00e7\u00e3o a si [&hellip;]","og_url":"https:\/\/www.cidademarketing.com.br\/marketing\/2023\/09\/12\/ipanema-lanca-campanha-e-colecao-sempre-nova-com-shakira\/","og_site_name":"CidadeMarketing","article_publisher":"https:\/\/www.facebook.com\/portalcidademarketing","article_author":"https:\/\/www.facebook.com\/thalesbrandao","article_published_time":"2023-09-12T12:23:44+00:00","og_image":[{"width":1165,"height":646,"url":"https:\/\/www.cidademarketing.com.br\/marketing\/wp-content\/uploads\/2023\/09\/shakira_ipanema.png","type":"image\/png"}],"author":"Thales Brand\u00e3o","twitter_card":"summary_large_image","twitter_creator":"@http:\/\/www.twitter.com\/thalesbrandao","twitter_site":"@CidadeMarketing","twitter_misc":{"Escrito por":"Thales Brand\u00e3o","Est. tempo de leitura":"3 minutos"},"schema":{"@context":"https:\/\/schema.org","@graph":[{"@type":"Article","@id":"https:\/\/www.cidademarketing.com.br\/marketing\/2023\/09\/12\/ipanema-lanca-campanha-e-colecao-sempre-nova-com-shakira\/#article","isPartOf":{"@id":"https:\/\/www.cidademarketing.com.br\/marketing\/2023\/09\/12\/ipanema-lanca-campanha-e-colecao-sempre-nova-com-shakira\/"},"author":{"name":"Thales Brand\u00e3o","@id":"https:\/\/www.cidademarketing.com.br\/marketing\/#\/schema\/person\/02daff9f18bd9378c9e01eb6b2db155f"},"headline":"Ipanema lan\u00e7a campanha e cole\u00e7\u00e3o &#8220;Sempre Nova&#8221; com Shakira","datePublished":"2023-09-12T12:23:44+00:00","mainEntityOfPage":{"@id":"https:\/\/www.cidademarketing.com.br\/marketing\/2023\/09\/12\/ipanema-lanca-campanha-e-colecao-sempre-nova-com-shakira\/"},"wordCount":545,"commentCount":0,"publisher":{"@id":"https:\/\/www.cidademarketing.com.br\/marketing\/#organization"},"image":{"@id":"https:\/\/www.cidademarketing.com.br\/marketing\/2023\/09\/12\/ipanema-lanca-campanha-e-colecao-sempre-nova-com-shakira\/#primaryimage"},"thumbnailUrl":"https:\/\/www.cidademarketing.com.br\/marketing\/wp-content\/uploads\/2023\/09\/shakira_ipanema.png","keywords":["campanha","estrat\u00e9gia","experi\u00eancia","Ipanema","marketing","moda","propaganda","publicidade","Shakira"],"articleSection":["Not\u00edcias"],"inLanguage":"pt-BR","potentialAction":[{"@type":"CommentAction","name":"Comment","target":["https:\/\/www.cidademarketing.com.br\/marketing\/2023\/09\/12\/ipanema-lanca-campanha-e-colecao-sempre-nova-com-shakira\/#respond"]}]},{"@type":"WebPage","@id":"https:\/\/www.cidademarketing.com.br\/marketing\/2023\/09\/12\/ipanema-lanca-campanha-e-colecao-sempre-nova-com-shakira\/","url":"https:\/\/www.cidademarketing.com.br\/marketing\/2023\/09\/12\/ipanema-lanca-campanha-e-colecao-sempre-nova-com-shakira\/","name":"Ipanema lan\u00e7a campanha e cole\u00e7\u00e3o \"Sempre Nova\" com Shakira - CidadeMarketing","isPartOf":{"@id":"https:\/\/www.cidademarketing.com.br\/marketing\/#website"},"primaryImageOfPage":{"@id":"https:\/\/www.cidademarketing.com.br\/marketing\/2023\/09\/12\/ipanema-lanca-campanha-e-colecao-sempre-nova-com-shakira\/#primaryimage"},"image":{"@id":"https:\/\/www.cidademarketing.com.br\/marketing\/2023\/09\/12\/ipanema-lanca-campanha-e-colecao-sempre-nova-com-shakira\/#primaryimage"},"thumbnailUrl":"https:\/\/www.cidademarketing.com.br\/marketing\/wp-content\/uploads\/2023\/09\/shakira_ipanema.png","datePublished":"2023-09-12T12:23:44+00:00","breadcrumb":{"@id":"https:\/\/www.cidademarketing.com.br\/marketing\/2023\/09\/12\/ipanema-lanca-campanha-e-colecao-sempre-nova-com-shakira\/#breadcrumb"},"inLanguage":"pt-BR","potentialAction":[{"@type":"ReadAction","target":["https:\/\/www.cidademarketing.com.br\/marketing\/2023\/09\/12\/ipanema-lanca-campanha-e-colecao-sempre-nova-com-shakira\/"]}]},{"@type":"ImageObject","inLanguage":"pt-BR","@id":"https:\/\/www.cidademarketing.com.br\/marketing\/2023\/09\/12\/ipanema-lanca-campanha-e-colecao-sempre-nova-com-shakira\/#primaryimage","url":"https:\/\/www.cidademarketing.com.br\/marketing\/wp-content\/uploads\/2023\/09\/shakira_ipanema.png","contentUrl":"https:\/\/www.cidademarketing.com.br\/marketing\/wp-content\/uploads\/2023\/09\/shakira_ipanema.png","width":1165,"height":646,"caption":"Reprodu\u00e7\u00e3o"},{"@type":"BreadcrumbList","@id":"https:\/\/www.cidademarketing.com.br\/marketing\/2023\/09\/12\/ipanema-lanca-campanha-e-colecao-sempre-nova-com-shakira\/#breadcrumb","itemListElement":[{"@type":"ListItem","position":1,"name":"In\u00edcio","item":"https:\/\/www.cidademarketing.com.br\/marketing\/"},{"@type":"ListItem","position":2,"name":"Ipanema lan\u00e7a campanha e cole\u00e7\u00e3o &#8220;Sempre Nova&#8221; com Shakira"}]},{"@type":"WebSite","@id":"https:\/\/www.cidademarketing.com.br\/marketing\/#website","url":"https:\/\/www.cidademarketing.com.br\/marketing\/","name":"CidadeMarketing","description":"Somos um ve\u00edculo de comunica\u00e7\u00e3o de destaque no Brasil, reconhecido por conte\u00fados nos segmentos de marketing, empreendedorismo e inova\u00e7\u00e3o.","publisher":{"@id":"https:\/\/www.cidademarketing.com.br\/marketing\/#organization"},"alternateName":"CidadeMarketing","potentialAction":[{"@type":"SearchAction","target":{"@type":"EntryPoint","urlTemplate":"https:\/\/www.cidademarketing.com.br\/marketing\/?s={search_term_string}"},"query-input":{"@type":"PropertyValueSpecification","valueRequired":true,"valueName":"search_term_string"}}],"inLanguage":"pt-BR"},{"@type":"Organization","@id":"https:\/\/www.cidademarketing.com.br\/marketing\/#organization","name":"CidadeMarketing","alternateName":"CidadeMarketing","url":"https:\/\/www.cidademarketing.com.br\/marketing\/","logo":{"@type":"ImageObject","inLanguage":"pt-BR","@id":"https:\/\/www.cidademarketing.com.br\/marketing\/#\/schema\/logo\/image\/","url":"https:\/\/www.cidademarketing.com.br\/marketing\/wp-content\/uploads\/2020\/01\/cidademarketing_marca_mobile.png","contentUrl":"https:\/\/www.cidademarketing.com.br\/marketing\/wp-content\/uploads\/2020\/01\/cidademarketing_marca_mobile.png","width":230,"height":92,"caption":"CidadeMarketing"},"image":{"@id":"https:\/\/www.cidademarketing.com.br\/marketing\/#\/schema\/logo\/image\/"},"sameAs":["https:\/\/www.facebook.com\/portalcidademarketing","https:\/\/x.com\/CidadeMarketing","https:\/\/www.instagram.com\/cidademarketing\/"]},{"@type":"Person","@id":"https:\/\/www.cidademarketing.com.br\/marketing\/#\/schema\/person\/02daff9f18bd9378c9e01eb6b2db155f","name":"Thales Brand\u00e3o","image":{"@type":"ImageObject","inLanguage":"pt-BR","@id":"https:\/\/secure.gravatar.com\/avatar\/7ca3206950207cc3cb48feec56a8a7898741ab725c368d99d5d7a5a50aab80c6?s=96&d=mm&r=g","url":"https:\/\/secure.gravatar.com\/avatar\/7ca3206950207cc3cb48feec56a8a7898741ab725c368d99d5d7a5a50aab80c6?s=96&d=mm&r=g","contentUrl":"https:\/\/secure.gravatar.com\/avatar\/7ca3206950207cc3cb48feec56a8a7898741ab725c368d99d5d7a5a50aab80c6?s=96&d=mm&r=g","caption":"Thales Brand\u00e3o"},"description":"Editor Executivo do Portal CidadeMarketing.com.br &gt; Mestre em Comunica\u00e7\u00e3o e Sociedade pela Universidade Federal de Sergipe. Possui MBA Executivo em Administra\u00e7\u00e3o com \u00eanfase em Marketing pela Funda\u00e7\u00e3o Get\u00falio Vargas - Rio de Janeiro. Consultor, Palestrante e Pesquisador sobre Empreendedorismo, Marketing, Redes Sociais e Neg\u00f3cios Digitais. Professor, Palestrante TedxTalks e Campus Party. Twitter: @ThalesBrandao","sameAs":["http:\/\/www.mandacaru.com.br","https:\/\/www.facebook.com\/thalesbrandao","http:\/\/www.instagram.com.br\/thalesbrandaoferreira","https:\/\/www.linkedin.com\/in\/thales-brand\u00e3o-3948609\/","https:\/\/x.com\/http:\/\/www.twitter.com\/thalesbrandao"],"url":"https:\/\/www.cidademarketing.com.br\/marketing\/author\/thalesbrandao\/"}]}},"amp_enabled":true,"_links":{"self":[{"href":"https:\/\/www.cidademarketing.com.br\/marketing\/wp-json\/wp\/v2\/posts\/47433","targetHints":{"allow":["GET"]}}],"collection":[{"href":"https:\/\/www.cidademarketing.com.br\/marketing\/wp-json\/wp\/v2\/posts"}],"about":[{"href":"https:\/\/www.cidademarketing.com.br\/marketing\/wp-json\/wp\/v2\/types\/post"}],"author":[{"embeddable":true,"href":"https:\/\/www.cidademarketing.com.br\/marketing\/wp-json\/wp\/v2\/users\/1"}],"replies":[{"embeddable":true,"href":"https:\/\/www.cidademarketing.com.br\/marketing\/wp-json\/wp\/v2\/comments?post=47433"}],"version-history":[{"count":1,"href":"https:\/\/www.cidademarketing.com.br\/marketing\/wp-json\/wp\/v2\/posts\/47433\/revisions"}],"predecessor-version":[{"id":47435,"href":"https:\/\/www.cidademarketing.com.br\/marketing\/wp-json\/wp\/v2\/posts\/47433\/revisions\/47435"}],"wp:featuredmedia":[{"embeddable":true,"href":"https:\/\/www.cidademarketing.com.br\/marketing\/wp-json\/wp\/v2\/media\/47434"}],"wp:attachment":[{"href":"https:\/\/www.cidademarketing.com.br\/marketing\/wp-json\/wp\/v2\/media?parent=47433"}],"wp:term":[{"taxonomy":"category","embeddable":true,"href":"https:\/\/www.cidademarketing.com.br\/marketing\/wp-json\/wp\/v2\/categories?post=47433"},{"taxonomy":"post_tag","embeddable":true,"href":"https:\/\/www.cidademarketing.com.br\/marketing\/wp-json\/wp\/v2\/tags?post=47433"}],"curies":[{"name":"wp","href":"https:\/\/api.w.org\/{rel}","templated":true}]}}