{"id":47395,"date":"2023-09-10T13:29:48","date_gmt":"2023-09-10T16:29:48","guid":{"rendered":"https:\/\/www.cidademarketing.com.br\/marketing\/?p=47395"},"modified":"2023-09-10T13:29:48","modified_gmt":"2023-09-10T16:29:48","slug":"com-participacao-do-ator-babu-santana-sazon-lanca-acao-promocional-com-mais-de-r-1-milhao-em-premios","status":"publish","type":"post","link":"https:\/\/www.cidademarketing.com.br\/marketing\/2023\/09\/10\/com-participacao-do-ator-babu-santana-sazon-lanca-acao-promocional-com-mais-de-r-1-milhao-em-premios\/","title":{"rendered":"Com participa\u00e7\u00e3o do ator Babu Santana, SAZ\u00d3N\u00ae lan\u00e7a a\u00e7\u00e3o promocional com mais de R$ 1 milh\u00e3o em pr\u00eamios"},"content":{"rendered":"<p>Intitulada de \u201cSeu Amor \u00e9 o Melhor Ingrediente\u201d, a promo\u00e7\u00e3o nacional de SAZ\u00d3N\u00ae, marca l\u00edder em temperos e caldos em p\u00f3 da Ajinomoto do Brasil, ser\u00e1 protagonizada pelo ator Babu Santana e ir\u00e1 conceder o maior pr\u00eamio da hist\u00f3ria da marca: mais de R$ 1 milh\u00e3o. A a\u00e7\u00e3o promocional visa refor\u00e7ar a lideran\u00e7a da marca na categoria de temperos e caldos em p\u00f3, e expandir o conhecimento e consumo dos produtos, no per\u00edodo de 4 de setembro a 7 de dezembro, com compras v\u00e1lidas a partir de 28 de agosto.<\/p>\n<p><a href=\"https:\/\/www.cidademarketing.com.br\/marketing\/sua-marca-vai-virar-noticia\/\" target=\"_blank\" rel=\"noopener\"><img fetchpriority=\"high\" decoding=\"async\" class=\"wp-image-44329 aligncenter\" src=\"https:\/\/www.cidademarketing.com.br\/marketing\/wp-content\/uploads\/2023\/04\/cidademarketing_backlinks_marketingdigital_publieditorial_.png\" alt=\"\" width=\"500\" height=\"500\" \/><\/a><br \/>\nAl\u00e9m de oferecer o maior pr\u00eamio no final da promo\u00e7\u00e3o, que ser\u00e1 entregue em certificados de ouro, SAZ\u00d3N\u00ae tamb\u00e9m ir\u00e1 sortear pr\u00eamios semanais como vale compras, celulares, aspiradores rob\u00f4s e v\u00eddeo games, que trazem modernidade e praticidade para o dia a dia dos consumidores. Para participar, basta comprar dois produtos de qualquer linha de SAZ\u00d3N\u00ae (com exce\u00e7\u00e3o dos produtos da linha food service destinados a estabelecimentos prestadores de servi\u00e7os aliment\u00edcios) e cadastr\u00e1-los no site da promo\u00e7\u00e3o (<a href=\"http:\/\/promosazon.com.br\" target=\"_blank\" rel=\"noopener\">promosazon.com.br<\/a>) ou pelo n\u00famero de whatsapp (11 \u2013 99372-7100).<\/p>\n<p><img decoding=\"async\" class=\"alignnone wp-image-47396 size-large\" src=\"https:\/\/www.cidademarketing.com.br\/marketing\/wp-content\/uploads\/2023\/09\/sazon_promocao_01-1024x576.jpeg\" alt=\"\" width=\"640\" height=\"360\" srcset=\"https:\/\/www.cidademarketing.com.br\/marketing\/wp-content\/uploads\/2023\/09\/sazon_promocao_01-1024x576.jpeg 1024w, https:\/\/www.cidademarketing.com.br\/marketing\/wp-content\/uploads\/2023\/09\/sazon_promocao_01-300x169.jpeg 300w, https:\/\/www.cidademarketing.com.br\/marketing\/wp-content\/uploads\/2023\/09\/sazon_promocao_01-768x432.jpeg 768w, https:\/\/www.cidademarketing.com.br\/marketing\/wp-content\/uploads\/2023\/09\/sazon_promocao_01-1536x864.jpeg 1536w, https:\/\/www.cidademarketing.com.br\/marketing\/wp-content\/uploads\/2023\/09\/sazon_promocao_01-747x420.jpeg 747w, https:\/\/www.cidademarketing.com.br\/marketing\/wp-content\/uploads\/2023\/09\/sazon_promocao_01-640x360.jpeg 640w, https:\/\/www.cidademarketing.com.br\/marketing\/wp-content\/uploads\/2023\/09\/sazon_promocao_01-681x383.jpeg 681w, https:\/\/www.cidademarketing.com.br\/marketing\/wp-content\/uploads\/2023\/09\/sazon_promocao_01.jpeg 1600w\" sizes=\"(max-width: 640px) 100vw, 640px\" \/><\/p>\n<p>&nbsp;<\/p>\n<p>Al\u00e9m disso, participando com Caldo SAZ\u00d3N\u00ae, o consumidor ter\u00e1 tr\u00eas vezes mais chances de ganhar.<br \/>\n\u201cEste ano, esperamos atrair mais participantes na promo\u00e7\u00e3o, ampliando a frequ\u00eancia de compra e a experimenta\u00e7\u00e3o dos nossos produtos\u201d, destaca a gerente da marca SAZ\u00d3N\u00ae, Francieli Moraes. A escolha do ator Babu Santana como protagonista da campanha foi feita a partir de sua afinidade com a marca e a paix\u00e3o pela culin\u00e1ria. \u201cBabu \u00e9 conhecido por abordar temas que SAZ\u00d3N\u00ae valoriza e divulga em suas campanhas, como a import\u00e2ncia do aproveitamento integral dos alimentos, e o reaproveitamento das sobras\u201d, enfatiza Francieli.<\/p>\n<div class=\"youtube-embed\" data-video_id=\"f0zcgk7PBUY\"><iframe title=\"Com SAZ\u00d3N\u00ae voc\u00ea pode ganhar R$ 1 mi!\" width=\"640\" height=\"360\" src=\"https:\/\/www.youtube.com\/embed\/f0zcgk7PBUY?feature=oembed&#038;enablejsapi=1\" frameborder=\"0\" allow=\"accelerometer; autoplay; clipboard-write; encrypted-media; gyroscope; picture-in-picture; web-share\" referrerpolicy=\"strict-origin-when-cross-origin\" allowfullscreen><\/iframe><\/div>\n<p>Al\u00e9m de encantar a todos por meio de sua arte no cinema e televis\u00e3o, Babu compartilhou sua rotina com o pa\u00eds ao participar do Big Brother Brasil 20, deixando um marco por sempre conseguir aproveitar os ingredientes da xepa e colocar amor em suas receitas. \u201cReceber o convite de SAZ\u00d3N\u00ae para estrelar a campanha nacional foi um privil\u00e9gio. Desde que sa\u00ed do programa, em 2020, comecei a entrar no mundo da publicidade e SAZ\u00d3N\u00ae era uma marca com a qual eu sempre tive interesse em me associar\u201d, relata o ator.<\/p>\n<p>Babu afirma ter mem\u00f3rias afetivas com SAZ\u00d3N\u00ae, dado que sua m\u00e3e preparava deliciosas receitas com os temperos da marca. \u201cAprendi a cozinhar com a minha querida m\u00e3e, que incentivava minha independ\u00eancia e dizia que com SAZ\u00d3N\u00ae n\u00e3o tinha erro\u201d. Al\u00e9m de descobrir sabores atrav\u00e9s do tempero, Babu enfatiza que \u201ctrabalhar com algo que usa e gosta \u00e9 sempre uma felicidade\u201d.<\/p>\n<p>A campanha off-line de lan\u00e7amento, criada pela ag\u00eancia Dentsu Creative, marcar\u00e1 presen\u00e7a em TV aberta e paga, al\u00e9m de merchandisings regionais e spot de r\u00e1dio: \u201cDentro de um contexto promocional que busca impulsionar vendas, encontramos no Babu Santana uma figura perfeita para tamb\u00e9m fortalecer nossa proximidade com o p\u00fablico e continuar construindo rela\u00e7\u00e3o e conversas das pessoas com a marca\u201d, comenta Murilo Torezan, diretor de cria\u00e7\u00e3o da Dentsu Creative.<\/p>\n<p>Com forte presen\u00e7a nas principais plataformas digitais, a campanha digital ser\u00e1 assinada pela Ag\u00eancia Cappuccino Digital. J\u00e1 o filme comercial para a TV foi realizado pela produtora Modernista e ser\u00e1 distribu\u00eddo pela Dentsu Creative, garantindo a qualidade e o impacto visual que a marca deseja transmitir aos consumidores.<\/p>\n<p><iframe title=\"Spotify Embed: Podcast CidadeMarketing\" style=\"border-radius: 12px\" width=\"100%\" height=\"152\" frameborder=\"0\" allowfullscreen allow=\"autoplay; clipboard-write; encrypted-media; fullscreen; picture-in-picture\" loading=\"lazy\" src=\"https:\/\/open.spotify.com\/embed\/show\/4khMKzP3FgFRWVwb73xicc?si=252fe5bff2b34909&#038;utm_source=oembed\"><\/iframe><\/p>\n<p>&nbsp;<\/p>\n<p>&nbsp;<\/p>\n<p>FICHAS T\u00c9CNICAS<br \/>\nAnunciante: Ajinomoto do Brasil<br \/>\nProduto: SAZ\u00d3N\u00ae<br \/>\nCampanha: Institucional \u2013 Promo\u00e7\u00e3o 2023<\/p>\n<p>Casa 96<br \/>\nAg\u00eancia de Concep\u00e7\u00e3o: Casa 96<br \/>\nDire\u00e7\u00e3o Geral: Adriana Salles<br \/>\nDire\u00e7\u00e3o de Arte: Tatiana Koyama<br \/>\nReda\u00e7\u00e3o: Diana kurpjuweit<br \/>\nDire\u00e7\u00e3o Geral Atendimento: Denise Medolla<br \/>\nGP: Vagner Freitas e Patricia Oliveira<\/p>\n<p>Dentsu Creative<br \/>\nAg\u00eancia Offline: Dentsu Creative<br \/>\nManaging Director: Tiago Vargas<br \/>\nDiretor de Cria\u00e7\u00e3o: Murilo Torezan<br \/>\nCriador de Visuais Conectados: Leticia Holanda, Hannah Prado, Eduardo Ataide e Mario Amadei<br \/>\nProdu\u00e7\u00e3o: Juliana D\u2019antino, Patr\u00edcia Oliveira e Lu\u00eds Carvalho<br \/>\nVP de atendimento: Bruno Panico<br \/>\nAtendimento: Tiago Lima e Guilherme Crema<br \/>\nVP de estrat\u00e9gia: Aloisio Pinto<br \/>\nEstrat\u00e9gia: Paola Rodrigues, Filipe Balleste e Laura Diamantstein<br \/>\nVP de M\u00eddia: Viviana Maurman<br \/>\nM\u00eddia: Rafaela Bortoletto, Rodrigo Moura, Lourhanse Nevile, Damon Santos e Guilherme N\u00f3brega<\/p>\n<p>Cappuccino Digital<br \/>\nAg\u00eancia Digital: Cappuccino Digital<br \/>\nBusiness diretor: Rodrigo Martinez<br \/>\nVP de Cria\u00e7\u00e3o: Vitor Elman<br \/>\nDiretor de Cria\u00e7\u00e3o: Carlos Passos<br \/>\nCoordenador de Cria\u00e7\u00e3o: Cristhian Fonteles e Jessica Alvarenga<br \/>\nRedator: Jessica Alvarenga e Polianna Lima<br \/>\nDire\u00e7\u00e3o de Arte: Diogo Costa<br \/>\nAtendimento: Daniela Biazoto, Caroline Juliani, Gabriela Gomes e Lais Batista<br \/>\nPlanejamento: Marianne Moyra e Erci Dias<br \/>\nM\u00eddia: Leandro Rodrigues, Maircon Gon\u00e7alves, Bianca Isidoro e Rafael Gomes<br \/>\nBI: Pamela Arantes e Murilo Concianci<br \/>\nRTVC: Tatiana Brossi e Amanda Revite<br \/>\nGerente de Projetos: Caroline Veiga<\/p>\n<p>Aprovado por (cliente):<br \/>\nDiretor (a) de Marketing: Adriana Moucherek e Eduardo Bonelli<br \/>\nGerente de \u00c1rea: Thiago Furquim<br \/>\nGerente SAZ\u00d3N\u00ae: Francieli Moraes<br \/>\nSupervisora SAZ\u00d3N\u00ae: Natasha Johnston<br \/>\nEspecialistas SAZ\u00d3N\u00ae: Marina Guedes e Nickolas Teixeira<\/p>\n<p>Produtora Modernista<br \/>\nProdutora: Modernista Creative Producers<br \/>\nDire\u00e7\u00e3o de Cena: Daniel Caselli<br \/>\nProdu\u00e7\u00e3o Executiva: Marcelo Monteiro e Alexandre Lucas<br \/>\nAtendimento: Iara Demartini e Giovanna Levy<br \/>\nDire\u00e7\u00e3o Criativa: Andr\u00e9 In\u00e1cio e Alexandre Lucas<br \/>\nAssistente de Dire\u00e7\u00e3o: Elis Seta<br \/>\n2\u00aa Assistente de Dire\u00e7\u00e3o: Luiza Matravolgyi<br \/>\nDire\u00e7\u00e3o de Fotografia: Jo\u00e3o Fr\u00f6hlich<br \/>\nCoordena\u00e7\u00e3o de Produ\u00e7\u00e3o: Pedro Gomes e Thais Girotto<br \/>\nDire\u00e7\u00e3o de Produ\u00e7\u00e3o: Paulo Leite<br \/>\nProdu\u00e7\u00e3o: Vit\u00f3ria Vecchi e Ravi Germano<br \/>\nProdu\u00e7\u00e3o de Elenco: Carola Ahn<br \/>\nDire\u00e7\u00e3o de Arte: Danielle D\u2019Avila<br \/>\nStyling do Babu Santana: Leo Bronks<br \/>\nFigurinista: Simone Fleitlich<br \/>\nMake do Babu Santana: Jana Marques<br \/>\nMake: Camila Ahn<br \/>\nProdu\u00e7\u00e3o de Loca\u00e7\u00e3o: Clayton Dantas<br \/>\nCoordena\u00e7\u00e3o de p\u00f3s: Augusto Medeiros<br \/>\nAssistente de Finaliza\u00e7\u00e3o: Gabriel Carneiro<br \/>\nMontagem: Jos\u00e9 Fausto<br \/>\nColorgrading: Accauan Pastore<br \/>\nMotion e VFX: Hub VFX<br \/>\nFinaliza\u00e7\u00e3o: Gabriel Carneiro<br \/>\nBlend Audio<br \/>\nDire\u00e7\u00e3o Musical: Flavio Marchesin<br \/>\nDire\u00e7\u00e3o de \u00c1udio: Renan Corso<br \/>\nMixagem e finaliza\u00e7\u00e3o: Renan Corso e Flavio Marchesin<br \/>\nProdu\u00e7\u00e3o Executiva: Edu Bernardo<\/p>\n","protected":false},"excerpt":{"rendered":"<p>Intitulada de \u201cSeu Amor \u00e9 o Melhor Ingrediente\u201d, a promo\u00e7\u00e3o nacional de SAZ\u00d3N\u00ae, marca l\u00edder em temperos e caldos em p\u00f3 da Ajinomoto do Brasil, ser\u00e1 protagonizada pelo ator Babu Santana e ir\u00e1 conceder o maior pr\u00eamio da hist\u00f3ria da marca: mais de R$ 1 milh\u00e3o. A a\u00e7\u00e3o promocional visa refor\u00e7ar a lideran\u00e7a da marca [&hellip;]<\/p>\n","protected":false},"author":1,"featured_media":47397,"comment_status":"open","ping_status":"open","sticky":false,"template":"","format":"standard","meta":{"tdm_status":"","tdm_grid_status":"","footnotes":""},"categories":[6],"tags":[6233,65,33,2941,28,443,2167],"class_list":["post-47395","post","type-post","status-publish","format-standard","has-post-thumbnail","hentry","category-noticias","tag-babu-santana","tag-campanha","tag-estrategia","tag-influenciador-digital","tag-marketing","tag-marketing-promocional","tag-sazon"],"yoast_head":"<!-- This site is optimized with the Yoast SEO plugin v27.5 - https:\/\/yoast.com\/product\/yoast-seo-wordpress\/ -->\n<title>Com participa\u00e7\u00e3o do ator Babu Santana, SAZ\u00d3N\u00ae lan\u00e7a a\u00e7\u00e3o promocional com mais de R$ 1 milh\u00e3o em pr\u00eamios - CidadeMarketing<\/title>\n<meta name=\"robots\" content=\"index, follow, max-snippet:-1, max-image-preview:large, max-video-preview:-1\" \/>\n<link rel=\"canonical\" href=\"https:\/\/www.cidademarketing.com.br\/marketing\/2023\/09\/10\/com-participacao-do-ator-babu-santana-sazon-lanca-acao-promocional-com-mais-de-r-1-milhao-em-premios\/\" \/>\n<meta property=\"og:locale\" content=\"pt_BR\" \/>\n<meta property=\"og:type\" content=\"article\" \/>\n<meta property=\"og:title\" content=\"Com participa\u00e7\u00e3o do ator Babu Santana, SAZ\u00d3N\u00ae lan\u00e7a a\u00e7\u00e3o promocional com mais de R$ 1 milh\u00e3o em pr\u00eamios - CidadeMarketing\" \/>\n<meta property=\"og:description\" content=\"Intitulada de \u201cSeu Amor \u00e9 o Melhor Ingrediente\u201d, a promo\u00e7\u00e3o nacional de SAZ\u00d3N\u00ae, marca l\u00edder em temperos e caldos em p\u00f3 da Ajinomoto do Brasil, ser\u00e1 protagonizada pelo ator Babu Santana e ir\u00e1 conceder o maior pr\u00eamio da hist\u00f3ria da marca: mais de R$ 1 milh\u00e3o. A a\u00e7\u00e3o promocional visa refor\u00e7ar a lideran\u00e7a da marca [&hellip;]\" \/>\n<meta property=\"og:url\" content=\"https:\/\/www.cidademarketing.com.br\/marketing\/2023\/09\/10\/com-participacao-do-ator-babu-santana-sazon-lanca-acao-promocional-com-mais-de-r-1-milhao-em-premios\/\" \/>\n<meta property=\"og:site_name\" content=\"CidadeMarketing\" \/>\n<meta property=\"article:publisher\" content=\"https:\/\/www.facebook.com\/portalcidademarketing\" \/>\n<meta property=\"article:author\" content=\"https:\/\/www.facebook.com\/thalesbrandao\" \/>\n<meta property=\"article:published_time\" content=\"2023-09-10T16:29:48+00:00\" \/>\n<meta property=\"og:image\" content=\"https:\/\/www.cidademarketing.com.br\/marketing\/wp-content\/uploads\/2023\/09\/sazon_promocao_02.jpeg\" \/>\n\t<meta property=\"og:image:width\" content=\"1600\" \/>\n\t<meta property=\"og:image:height\" content=\"900\" \/>\n\t<meta property=\"og:image:type\" content=\"image\/jpeg\" \/>\n<meta name=\"author\" content=\"Thales Brand\u00e3o\" \/>\n<meta name=\"twitter:card\" content=\"summary_large_image\" \/>\n<meta name=\"twitter:creator\" content=\"@http:\/\/www.twitter.com\/thalesbrandao\" \/>\n<meta name=\"twitter:site\" content=\"@CidadeMarketing\" \/>\n<meta name=\"twitter:label1\" content=\"Escrito por\" \/>\n\t<meta name=\"twitter:data1\" content=\"Thales Brand\u00e3o\" \/>\n\t<meta name=\"twitter:label2\" content=\"Est. tempo de leitura\" \/>\n\t<meta name=\"twitter:data2\" content=\"5 minutos\" \/>\n<script type=\"application\/ld+json\" class=\"yoast-schema-graph\">{\"@context\":\"https:\\\/\\\/schema.org\",\"@graph\":[{\"@type\":\"Article\",\"@id\":\"https:\\\/\\\/www.cidademarketing.com.br\\\/marketing\\\/2023\\\/09\\\/10\\\/com-participacao-do-ator-babu-santana-sazon-lanca-acao-promocional-com-mais-de-r-1-milhao-em-premios\\\/#article\",\"isPartOf\":{\"@id\":\"https:\\\/\\\/www.cidademarketing.com.br\\\/marketing\\\/2023\\\/09\\\/10\\\/com-participacao-do-ator-babu-santana-sazon-lanca-acao-promocional-com-mais-de-r-1-milhao-em-premios\\\/\"},\"author\":{\"name\":\"Thales Brand\u00e3o\",\"@id\":\"https:\\\/\\\/www.cidademarketing.com.br\\\/marketing\\\/#\\\/schema\\\/person\\\/02daff9f18bd9378c9e01eb6b2db155f\"},\"headline\":\"Com participa\u00e7\u00e3o do ator Babu Santana, SAZ\u00d3N\u00ae lan\u00e7a a\u00e7\u00e3o promocional com mais de R$ 1 milh\u00e3o em pr\u00eamios\",\"datePublished\":\"2023-09-10T16:29:48+00:00\",\"mainEntityOfPage\":{\"@id\":\"https:\\\/\\\/www.cidademarketing.com.br\\\/marketing\\\/2023\\\/09\\\/10\\\/com-participacao-do-ator-babu-santana-sazon-lanca-acao-promocional-com-mais-de-r-1-milhao-em-premios\\\/\"},\"wordCount\":1077,\"commentCount\":0,\"publisher\":{\"@id\":\"https:\\\/\\\/www.cidademarketing.com.br\\\/marketing\\\/#organization\"},\"image\":{\"@id\":\"https:\\\/\\\/www.cidademarketing.com.br\\\/marketing\\\/2023\\\/09\\\/10\\\/com-participacao-do-ator-babu-santana-sazon-lanca-acao-promocional-com-mais-de-r-1-milhao-em-premios\\\/#primaryimage\"},\"thumbnailUrl\":\"https:\\\/\\\/www.cidademarketing.com.br\\\/marketing\\\/wp-content\\\/uploads\\\/2023\\\/09\\\/sazon_promocao_02.jpeg\",\"keywords\":[\"Babu Santana\",\"campanha\",\"estrat\u00e9gia\",\"influenciador digital\",\"marketing\",\"marketing promocional\",\"S\u00e1zon\"],\"articleSection\":[\"Not\u00edcias\"],\"inLanguage\":\"pt-BR\",\"potentialAction\":[{\"@type\":\"CommentAction\",\"name\":\"Comment\",\"target\":[\"https:\\\/\\\/www.cidademarketing.com.br\\\/marketing\\\/2023\\\/09\\\/10\\\/com-participacao-do-ator-babu-santana-sazon-lanca-acao-promocional-com-mais-de-r-1-milhao-em-premios\\\/#respond\"]}]},{\"@type\":\"WebPage\",\"@id\":\"https:\\\/\\\/www.cidademarketing.com.br\\\/marketing\\\/2023\\\/09\\\/10\\\/com-participacao-do-ator-babu-santana-sazon-lanca-acao-promocional-com-mais-de-r-1-milhao-em-premios\\\/\",\"url\":\"https:\\\/\\\/www.cidademarketing.com.br\\\/marketing\\\/2023\\\/09\\\/10\\\/com-participacao-do-ator-babu-santana-sazon-lanca-acao-promocional-com-mais-de-r-1-milhao-em-premios\\\/\",\"name\":\"Com participa\u00e7\u00e3o do ator Babu Santana, SAZ\u00d3N\u00ae lan\u00e7a a\u00e7\u00e3o promocional com mais de R$ 1 milh\u00e3o em pr\u00eamios - CidadeMarketing\",\"isPartOf\":{\"@id\":\"https:\\\/\\\/www.cidademarketing.com.br\\\/marketing\\\/#website\"},\"primaryImageOfPage\":{\"@id\":\"https:\\\/\\\/www.cidademarketing.com.br\\\/marketing\\\/2023\\\/09\\\/10\\\/com-participacao-do-ator-babu-santana-sazon-lanca-acao-promocional-com-mais-de-r-1-milhao-em-premios\\\/#primaryimage\"},\"image\":{\"@id\":\"https:\\\/\\\/www.cidademarketing.com.br\\\/marketing\\\/2023\\\/09\\\/10\\\/com-participacao-do-ator-babu-santana-sazon-lanca-acao-promocional-com-mais-de-r-1-milhao-em-premios\\\/#primaryimage\"},\"thumbnailUrl\":\"https:\\\/\\\/www.cidademarketing.com.br\\\/marketing\\\/wp-content\\\/uploads\\\/2023\\\/09\\\/sazon_promocao_02.jpeg\",\"datePublished\":\"2023-09-10T16:29:48+00:00\",\"breadcrumb\":{\"@id\":\"https:\\\/\\\/www.cidademarketing.com.br\\\/marketing\\\/2023\\\/09\\\/10\\\/com-participacao-do-ator-babu-santana-sazon-lanca-acao-promocional-com-mais-de-r-1-milhao-em-premios\\\/#breadcrumb\"},\"inLanguage\":\"pt-BR\",\"potentialAction\":[{\"@type\":\"ReadAction\",\"target\":[\"https:\\\/\\\/www.cidademarketing.com.br\\\/marketing\\\/2023\\\/09\\\/10\\\/com-participacao-do-ator-babu-santana-sazon-lanca-acao-promocional-com-mais-de-r-1-milhao-em-premios\\\/\"]}]},{\"@type\":\"ImageObject\",\"inLanguage\":\"pt-BR\",\"@id\":\"https:\\\/\\\/www.cidademarketing.com.br\\\/marketing\\\/2023\\\/09\\\/10\\\/com-participacao-do-ator-babu-santana-sazon-lanca-acao-promocional-com-mais-de-r-1-milhao-em-premios\\\/#primaryimage\",\"url\":\"https:\\\/\\\/www.cidademarketing.com.br\\\/marketing\\\/wp-content\\\/uploads\\\/2023\\\/09\\\/sazon_promocao_02.jpeg\",\"contentUrl\":\"https:\\\/\\\/www.cidademarketing.com.br\\\/marketing\\\/wp-content\\\/uploads\\\/2023\\\/09\\\/sazon_promocao_02.jpeg\",\"width\":1600,\"height\":900},{\"@type\":\"BreadcrumbList\",\"@id\":\"https:\\\/\\\/www.cidademarketing.com.br\\\/marketing\\\/2023\\\/09\\\/10\\\/com-participacao-do-ator-babu-santana-sazon-lanca-acao-promocional-com-mais-de-r-1-milhao-em-premios\\\/#breadcrumb\",\"itemListElement\":[{\"@type\":\"ListItem\",\"position\":1,\"name\":\"In\u00edcio\",\"item\":\"https:\\\/\\\/www.cidademarketing.com.br\\\/marketing\\\/\"},{\"@type\":\"ListItem\",\"position\":2,\"name\":\"Com participa\u00e7\u00e3o do ator Babu Santana, SAZ\u00d3N\u00ae lan\u00e7a a\u00e7\u00e3o promocional com mais de R$ 1 milh\u00e3o em pr\u00eamios\"}]},{\"@type\":\"WebSite\",\"@id\":\"https:\\\/\\\/www.cidademarketing.com.br\\\/marketing\\\/#website\",\"url\":\"https:\\\/\\\/www.cidademarketing.com.br\\\/marketing\\\/\",\"name\":\"CidadeMarketing\",\"description\":\"Somos um ve\u00edculo de comunica\u00e7\u00e3o de destaque no Brasil, reconhecido por conte\u00fados nos segmentos de marketing, empreendedorismo e inova\u00e7\u00e3o.\",\"publisher\":{\"@id\":\"https:\\\/\\\/www.cidademarketing.com.br\\\/marketing\\\/#organization\"},\"alternateName\":\"CidadeMarketing\",\"potentialAction\":[{\"@type\":\"SearchAction\",\"target\":{\"@type\":\"EntryPoint\",\"urlTemplate\":\"https:\\\/\\\/www.cidademarketing.com.br\\\/marketing\\\/?s={search_term_string}\"},\"query-input\":{\"@type\":\"PropertyValueSpecification\",\"valueRequired\":true,\"valueName\":\"search_term_string\"}}],\"inLanguage\":\"pt-BR\"},{\"@type\":\"Organization\",\"@id\":\"https:\\\/\\\/www.cidademarketing.com.br\\\/marketing\\\/#organization\",\"name\":\"CidadeMarketing\",\"alternateName\":\"CidadeMarketing\",\"url\":\"https:\\\/\\\/www.cidademarketing.com.br\\\/marketing\\\/\",\"logo\":{\"@type\":\"ImageObject\",\"inLanguage\":\"pt-BR\",\"@id\":\"https:\\\/\\\/www.cidademarketing.com.br\\\/marketing\\\/#\\\/schema\\\/logo\\\/image\\\/\",\"url\":\"https:\\\/\\\/www.cidademarketing.com.br\\\/marketing\\\/wp-content\\\/uploads\\\/2020\\\/01\\\/cidademarketing_marca_mobile.png\",\"contentUrl\":\"https:\\\/\\\/www.cidademarketing.com.br\\\/marketing\\\/wp-content\\\/uploads\\\/2020\\\/01\\\/cidademarketing_marca_mobile.png\",\"width\":230,\"height\":92,\"caption\":\"CidadeMarketing\"},\"image\":{\"@id\":\"https:\\\/\\\/www.cidademarketing.com.br\\\/marketing\\\/#\\\/schema\\\/logo\\\/image\\\/\"},\"sameAs\":[\"https:\\\/\\\/www.facebook.com\\\/portalcidademarketing\",\"https:\\\/\\\/x.com\\\/CidadeMarketing\",\"https:\\\/\\\/www.instagram.com\\\/cidademarketing\\\/\"]},{\"@type\":\"Person\",\"@id\":\"https:\\\/\\\/www.cidademarketing.com.br\\\/marketing\\\/#\\\/schema\\\/person\\\/02daff9f18bd9378c9e01eb6b2db155f\",\"name\":\"Thales Brand\u00e3o\",\"image\":{\"@type\":\"ImageObject\",\"inLanguage\":\"pt-BR\",\"@id\":\"https:\\\/\\\/secure.gravatar.com\\\/avatar\\\/7ca3206950207cc3cb48feec56a8a7898741ab725c368d99d5d7a5a50aab80c6?s=96&d=mm&r=g\",\"url\":\"https:\\\/\\\/secure.gravatar.com\\\/avatar\\\/7ca3206950207cc3cb48feec56a8a7898741ab725c368d99d5d7a5a50aab80c6?s=96&d=mm&r=g\",\"contentUrl\":\"https:\\\/\\\/secure.gravatar.com\\\/avatar\\\/7ca3206950207cc3cb48feec56a8a7898741ab725c368d99d5d7a5a50aab80c6?s=96&d=mm&r=g\",\"caption\":\"Thales Brand\u00e3o\"},\"description\":\"Editor Executivo do Portal CidadeMarketing.com.br &gt; Mestre em Comunica\u00e7\u00e3o e Sociedade pela Universidade Federal de Sergipe. Possui MBA Executivo em Administra\u00e7\u00e3o com \u00eanfase em Marketing pela Funda\u00e7\u00e3o Get\u00falio Vargas - Rio de Janeiro. Consultor, Palestrante e Pesquisador sobre Empreendedorismo, Marketing, Redes Sociais e Neg\u00f3cios Digitais. Professor, Palestrante TedxTalks e Campus Party. Twitter: @ThalesBrandao\",\"sameAs\":[\"http:\\\/\\\/www.mandacaru.com.br\",\"https:\\\/\\\/www.facebook.com\\\/thalesbrandao\",\"http:\\\/\\\/www.instagram.com.br\\\/thalesbrandaoferreira\",\"https:\\\/\\\/www.linkedin.com\\\/in\\\/thales-brand\u00e3o-3948609\\\/\",\"https:\\\/\\\/x.com\\\/http:\\\/\\\/www.twitter.com\\\/thalesbrandao\"],\"url\":\"https:\\\/\\\/www.cidademarketing.com.br\\\/marketing\\\/author\\\/thalesbrandao\\\/\"}]}<\/script>\n<!-- \/ Yoast SEO plugin. -->","yoast_head_json":{"title":"Com participa\u00e7\u00e3o do ator Babu Santana, SAZ\u00d3N\u00ae lan\u00e7a a\u00e7\u00e3o promocional com mais de R$ 1 milh\u00e3o em pr\u00eamios - CidadeMarketing","robots":{"index":"index","follow":"follow","max-snippet":"max-snippet:-1","max-image-preview":"max-image-preview:large","max-video-preview":"max-video-preview:-1"},"canonical":"https:\/\/www.cidademarketing.com.br\/marketing\/2023\/09\/10\/com-participacao-do-ator-babu-santana-sazon-lanca-acao-promocional-com-mais-de-r-1-milhao-em-premios\/","og_locale":"pt_BR","og_type":"article","og_title":"Com participa\u00e7\u00e3o do ator Babu Santana, SAZ\u00d3N\u00ae lan\u00e7a a\u00e7\u00e3o promocional com mais de R$ 1 milh\u00e3o em pr\u00eamios - CidadeMarketing","og_description":"Intitulada de \u201cSeu Amor \u00e9 o Melhor Ingrediente\u201d, a promo\u00e7\u00e3o nacional de SAZ\u00d3N\u00ae, marca l\u00edder em temperos e caldos em p\u00f3 da Ajinomoto do Brasil, ser\u00e1 protagonizada pelo ator Babu Santana e ir\u00e1 conceder o maior pr\u00eamio da hist\u00f3ria da marca: mais de R$ 1 milh\u00e3o. A a\u00e7\u00e3o promocional visa refor\u00e7ar a lideran\u00e7a da marca [&hellip;]","og_url":"https:\/\/www.cidademarketing.com.br\/marketing\/2023\/09\/10\/com-participacao-do-ator-babu-santana-sazon-lanca-acao-promocional-com-mais-de-r-1-milhao-em-premios\/","og_site_name":"CidadeMarketing","article_publisher":"https:\/\/www.facebook.com\/portalcidademarketing","article_author":"https:\/\/www.facebook.com\/thalesbrandao","article_published_time":"2023-09-10T16:29:48+00:00","og_image":[{"width":1600,"height":900,"url":"https:\/\/www.cidademarketing.com.br\/marketing\/wp-content\/uploads\/2023\/09\/sazon_promocao_02.jpeg","type":"image\/jpeg"}],"author":"Thales Brand\u00e3o","twitter_card":"summary_large_image","twitter_creator":"@http:\/\/www.twitter.com\/thalesbrandao","twitter_site":"@CidadeMarketing","twitter_misc":{"Escrito por":"Thales Brand\u00e3o","Est. tempo de leitura":"5 minutos"},"schema":{"@context":"https:\/\/schema.org","@graph":[{"@type":"Article","@id":"https:\/\/www.cidademarketing.com.br\/marketing\/2023\/09\/10\/com-participacao-do-ator-babu-santana-sazon-lanca-acao-promocional-com-mais-de-r-1-milhao-em-premios\/#article","isPartOf":{"@id":"https:\/\/www.cidademarketing.com.br\/marketing\/2023\/09\/10\/com-participacao-do-ator-babu-santana-sazon-lanca-acao-promocional-com-mais-de-r-1-milhao-em-premios\/"},"author":{"name":"Thales Brand\u00e3o","@id":"https:\/\/www.cidademarketing.com.br\/marketing\/#\/schema\/person\/02daff9f18bd9378c9e01eb6b2db155f"},"headline":"Com participa\u00e7\u00e3o do ator Babu Santana, SAZ\u00d3N\u00ae lan\u00e7a a\u00e7\u00e3o promocional com mais de R$ 1 milh\u00e3o em pr\u00eamios","datePublished":"2023-09-10T16:29:48+00:00","mainEntityOfPage":{"@id":"https:\/\/www.cidademarketing.com.br\/marketing\/2023\/09\/10\/com-participacao-do-ator-babu-santana-sazon-lanca-acao-promocional-com-mais-de-r-1-milhao-em-premios\/"},"wordCount":1077,"commentCount":0,"publisher":{"@id":"https:\/\/www.cidademarketing.com.br\/marketing\/#organization"},"image":{"@id":"https:\/\/www.cidademarketing.com.br\/marketing\/2023\/09\/10\/com-participacao-do-ator-babu-santana-sazon-lanca-acao-promocional-com-mais-de-r-1-milhao-em-premios\/#primaryimage"},"thumbnailUrl":"https:\/\/www.cidademarketing.com.br\/marketing\/wp-content\/uploads\/2023\/09\/sazon_promocao_02.jpeg","keywords":["Babu Santana","campanha","estrat\u00e9gia","influenciador digital","marketing","marketing promocional","S\u00e1zon"],"articleSection":["Not\u00edcias"],"inLanguage":"pt-BR","potentialAction":[{"@type":"CommentAction","name":"Comment","target":["https:\/\/www.cidademarketing.com.br\/marketing\/2023\/09\/10\/com-participacao-do-ator-babu-santana-sazon-lanca-acao-promocional-com-mais-de-r-1-milhao-em-premios\/#respond"]}]},{"@type":"WebPage","@id":"https:\/\/www.cidademarketing.com.br\/marketing\/2023\/09\/10\/com-participacao-do-ator-babu-santana-sazon-lanca-acao-promocional-com-mais-de-r-1-milhao-em-premios\/","url":"https:\/\/www.cidademarketing.com.br\/marketing\/2023\/09\/10\/com-participacao-do-ator-babu-santana-sazon-lanca-acao-promocional-com-mais-de-r-1-milhao-em-premios\/","name":"Com participa\u00e7\u00e3o do ator Babu Santana, SAZ\u00d3N\u00ae lan\u00e7a a\u00e7\u00e3o promocional com mais de R$ 1 milh\u00e3o em pr\u00eamios - CidadeMarketing","isPartOf":{"@id":"https:\/\/www.cidademarketing.com.br\/marketing\/#website"},"primaryImageOfPage":{"@id":"https:\/\/www.cidademarketing.com.br\/marketing\/2023\/09\/10\/com-participacao-do-ator-babu-santana-sazon-lanca-acao-promocional-com-mais-de-r-1-milhao-em-premios\/#primaryimage"},"image":{"@id":"https:\/\/www.cidademarketing.com.br\/marketing\/2023\/09\/10\/com-participacao-do-ator-babu-santana-sazon-lanca-acao-promocional-com-mais-de-r-1-milhao-em-premios\/#primaryimage"},"thumbnailUrl":"https:\/\/www.cidademarketing.com.br\/marketing\/wp-content\/uploads\/2023\/09\/sazon_promocao_02.jpeg","datePublished":"2023-09-10T16:29:48+00:00","breadcrumb":{"@id":"https:\/\/www.cidademarketing.com.br\/marketing\/2023\/09\/10\/com-participacao-do-ator-babu-santana-sazon-lanca-acao-promocional-com-mais-de-r-1-milhao-em-premios\/#breadcrumb"},"inLanguage":"pt-BR","potentialAction":[{"@type":"ReadAction","target":["https:\/\/www.cidademarketing.com.br\/marketing\/2023\/09\/10\/com-participacao-do-ator-babu-santana-sazon-lanca-acao-promocional-com-mais-de-r-1-milhao-em-premios\/"]}]},{"@type":"ImageObject","inLanguage":"pt-BR","@id":"https:\/\/www.cidademarketing.com.br\/marketing\/2023\/09\/10\/com-participacao-do-ator-babu-santana-sazon-lanca-acao-promocional-com-mais-de-r-1-milhao-em-premios\/#primaryimage","url":"https:\/\/www.cidademarketing.com.br\/marketing\/wp-content\/uploads\/2023\/09\/sazon_promocao_02.jpeg","contentUrl":"https:\/\/www.cidademarketing.com.br\/marketing\/wp-content\/uploads\/2023\/09\/sazon_promocao_02.jpeg","width":1600,"height":900},{"@type":"BreadcrumbList","@id":"https:\/\/www.cidademarketing.com.br\/marketing\/2023\/09\/10\/com-participacao-do-ator-babu-santana-sazon-lanca-acao-promocional-com-mais-de-r-1-milhao-em-premios\/#breadcrumb","itemListElement":[{"@type":"ListItem","position":1,"name":"In\u00edcio","item":"https:\/\/www.cidademarketing.com.br\/marketing\/"},{"@type":"ListItem","position":2,"name":"Com participa\u00e7\u00e3o do ator Babu Santana, SAZ\u00d3N\u00ae lan\u00e7a a\u00e7\u00e3o promocional com mais de R$ 1 milh\u00e3o em pr\u00eamios"}]},{"@type":"WebSite","@id":"https:\/\/www.cidademarketing.com.br\/marketing\/#website","url":"https:\/\/www.cidademarketing.com.br\/marketing\/","name":"CidadeMarketing","description":"Somos um ve\u00edculo de comunica\u00e7\u00e3o de destaque no Brasil, reconhecido por conte\u00fados nos segmentos de marketing, empreendedorismo e inova\u00e7\u00e3o.","publisher":{"@id":"https:\/\/www.cidademarketing.com.br\/marketing\/#organization"},"alternateName":"CidadeMarketing","potentialAction":[{"@type":"SearchAction","target":{"@type":"EntryPoint","urlTemplate":"https:\/\/www.cidademarketing.com.br\/marketing\/?s={search_term_string}"},"query-input":{"@type":"PropertyValueSpecification","valueRequired":true,"valueName":"search_term_string"}}],"inLanguage":"pt-BR"},{"@type":"Organization","@id":"https:\/\/www.cidademarketing.com.br\/marketing\/#organization","name":"CidadeMarketing","alternateName":"CidadeMarketing","url":"https:\/\/www.cidademarketing.com.br\/marketing\/","logo":{"@type":"ImageObject","inLanguage":"pt-BR","@id":"https:\/\/www.cidademarketing.com.br\/marketing\/#\/schema\/logo\/image\/","url":"https:\/\/www.cidademarketing.com.br\/marketing\/wp-content\/uploads\/2020\/01\/cidademarketing_marca_mobile.png","contentUrl":"https:\/\/www.cidademarketing.com.br\/marketing\/wp-content\/uploads\/2020\/01\/cidademarketing_marca_mobile.png","width":230,"height":92,"caption":"CidadeMarketing"},"image":{"@id":"https:\/\/www.cidademarketing.com.br\/marketing\/#\/schema\/logo\/image\/"},"sameAs":["https:\/\/www.facebook.com\/portalcidademarketing","https:\/\/x.com\/CidadeMarketing","https:\/\/www.instagram.com\/cidademarketing\/"]},{"@type":"Person","@id":"https:\/\/www.cidademarketing.com.br\/marketing\/#\/schema\/person\/02daff9f18bd9378c9e01eb6b2db155f","name":"Thales Brand\u00e3o","image":{"@type":"ImageObject","inLanguage":"pt-BR","@id":"https:\/\/secure.gravatar.com\/avatar\/7ca3206950207cc3cb48feec56a8a7898741ab725c368d99d5d7a5a50aab80c6?s=96&d=mm&r=g","url":"https:\/\/secure.gravatar.com\/avatar\/7ca3206950207cc3cb48feec56a8a7898741ab725c368d99d5d7a5a50aab80c6?s=96&d=mm&r=g","contentUrl":"https:\/\/secure.gravatar.com\/avatar\/7ca3206950207cc3cb48feec56a8a7898741ab725c368d99d5d7a5a50aab80c6?s=96&d=mm&r=g","caption":"Thales Brand\u00e3o"},"description":"Editor Executivo do Portal CidadeMarketing.com.br &gt; Mestre em Comunica\u00e7\u00e3o e Sociedade pela Universidade Federal de Sergipe. Possui MBA Executivo em Administra\u00e7\u00e3o com \u00eanfase em Marketing pela Funda\u00e7\u00e3o Get\u00falio Vargas - Rio de Janeiro. Consultor, Palestrante e Pesquisador sobre Empreendedorismo, Marketing, Redes Sociais e Neg\u00f3cios Digitais. Professor, Palestrante TedxTalks e Campus Party. Twitter: @ThalesBrandao","sameAs":["http:\/\/www.mandacaru.com.br","https:\/\/www.facebook.com\/thalesbrandao","http:\/\/www.instagram.com.br\/thalesbrandaoferreira","https:\/\/www.linkedin.com\/in\/thales-brand\u00e3o-3948609\/","https:\/\/x.com\/http:\/\/www.twitter.com\/thalesbrandao"],"url":"https:\/\/www.cidademarketing.com.br\/marketing\/author\/thalesbrandao\/"}]}},"amp_enabled":true,"_links":{"self":[{"href":"https:\/\/www.cidademarketing.com.br\/marketing\/wp-json\/wp\/v2\/posts\/47395","targetHints":{"allow":["GET"]}}],"collection":[{"href":"https:\/\/www.cidademarketing.com.br\/marketing\/wp-json\/wp\/v2\/posts"}],"about":[{"href":"https:\/\/www.cidademarketing.com.br\/marketing\/wp-json\/wp\/v2\/types\/post"}],"author":[{"embeddable":true,"href":"https:\/\/www.cidademarketing.com.br\/marketing\/wp-json\/wp\/v2\/users\/1"}],"replies":[{"embeddable":true,"href":"https:\/\/www.cidademarketing.com.br\/marketing\/wp-json\/wp\/v2\/comments?post=47395"}],"version-history":[{"count":1,"href":"https:\/\/www.cidademarketing.com.br\/marketing\/wp-json\/wp\/v2\/posts\/47395\/revisions"}],"predecessor-version":[{"id":47398,"href":"https:\/\/www.cidademarketing.com.br\/marketing\/wp-json\/wp\/v2\/posts\/47395\/revisions\/47398"}],"wp:featuredmedia":[{"embeddable":true,"href":"https:\/\/www.cidademarketing.com.br\/marketing\/wp-json\/wp\/v2\/media\/47397"}],"wp:attachment":[{"href":"https:\/\/www.cidademarketing.com.br\/marketing\/wp-json\/wp\/v2\/media?parent=47395"}],"wp:term":[{"taxonomy":"category","embeddable":true,"href":"https:\/\/www.cidademarketing.com.br\/marketing\/wp-json\/wp\/v2\/categories?post=47395"},{"taxonomy":"post_tag","embeddable":true,"href":"https:\/\/www.cidademarketing.com.br\/marketing\/wp-json\/wp\/v2\/tags?post=47395"}],"curies":[{"name":"wp","href":"https:\/\/api.w.org\/{rel}","templated":true}]}}