{"id":4739,"date":"2019-01-07T12:11:18","date_gmt":"2019-01-07T14:11:18","guid":{"rendered":"http:\/\/www.cidademarketing.com.br\/marketing\/?p=4739"},"modified":"2019-01-07T12:11:19","modified_gmt":"2019-01-07T14:11:19","slug":"bia-e-destaque-na-nova-campanha-do-bradesco-para-inicio-de-ano","status":"publish","type":"post","link":"https:\/\/www.cidademarketing.com.br\/marketing\/2019\/01\/07\/bia-e-destaque-na-nova-campanha-do-bradesco-para-inicio-de-ano\/","title":{"rendered":"BIA \u00e9 destaque na nova campanha do Bradesco para in\u00edcio de ano"},"content":{"rendered":"\n<p>Precisando pagar contas e est\u00e1 sem grana? A BIA ajuda voc\u00ea a conseguir cr\u00e9dito. O carro te deixou na m\u00e3o? \u00c9 s\u00f3 falar com ela para ativar o seguro. At\u00e9 quem n\u00e3o \u00e9 correntista pode contar com o apoio da BIA, plataforma de intelig\u00eancia artificial do Bradesco para obter informa\u00e7\u00f5es financeiras e de mercado. \u00c9 isso o que mostra a nova campanha do banco, criada pela Publicis, com cenas filmadas no espa\u00e7o de coinova\u00e7\u00e3o do Bradesco &#8211; o inovabra habitat \u2013 e que entra no ar no dia 6 de janeiro.<\/p>\n\n\n\n<figure class=\"wp-block-image\"><img fetchpriority=\"high\" decoding=\"async\" width=\"1024\" height=\"576\" src=\"http:\/\/www.cidademarketing.com.br\/marketing\/wp-content\/uploads\/2019\/01\/Bia_Brasileiros_Publicis3-1024x576.jpg\" alt=\"\" class=\"wp-image-4742\" srcset=\"https:\/\/www.cidademarketing.com.br\/marketing\/wp-content\/uploads\/2019\/01\/Bia_Brasileiros_Publicis3-1024x576.jpg 1024w, https:\/\/www.cidademarketing.com.br\/marketing\/wp-content\/uploads\/2019\/01\/Bia_Brasileiros_Publicis3-300x169.jpg 300w, https:\/\/www.cidademarketing.com.br\/marketing\/wp-content\/uploads\/2019\/01\/Bia_Brasileiros_Publicis3-768x432.jpg 768w, https:\/\/www.cidademarketing.com.br\/marketing\/wp-content\/uploads\/2019\/01\/Bia_Brasileiros_Publicis3-747x420.jpg 747w, https:\/\/www.cidademarketing.com.br\/marketing\/wp-content\/uploads\/2019\/01\/Bia_Brasileiros_Publicis3-640x360.jpg 640w, https:\/\/www.cidademarketing.com.br\/marketing\/wp-content\/uploads\/2019\/01\/Bia_Brasileiros_Publicis3-681x383.jpg 681w, https:\/\/www.cidademarketing.com.br\/marketing\/wp-content\/uploads\/2019\/01\/Bia_Brasileiros_Publicis3.jpg 1366w\" sizes=\"(max-width: 1024px) 100vw, 1024px\" \/><figcaption>Reprodu\u00e7\u00e3o<\/figcaption><\/figure>\n\n\n\n<p>O filme para TV e internet apresenta pessoas acionando a j\u00e1 popular BIA, sigla para Bradesco Intelig\u00eancia Artificial, no app, WhatsApp e Google Assistente para resolver problemas cotidianos, tirar d\u00favidas, agilizar a vida e, inclusive, a obter mais informa\u00e7\u00f5es sobre abertura de conta corrente. A campanha complementa uma estrat\u00e9gia de comunica\u00e7\u00e3o iniciada em agosto de 2018, com a apresenta\u00e7\u00e3o da BIA para o p\u00fablico. \u201cO primeiro flight tinha car\u00e1ter de lan\u00e7amento, evidenciando o pioneirismo do Bradesco na arena da intelig\u00eancia artificial na figura da BIA. Agora mostramos na pr\u00e1tica como cada brasileiro pode se beneficiar dela da forma que desejar, seja pelo app do Bradesco, WhatsApp ou Google Assistente\u201d, afirma Dom\u00eanico Massareto, CCO da Publicis.<\/p>\n\n\n\n<figure class=\"wp-block-image\"><img decoding=\"async\" width=\"1024\" height=\"576\" src=\"http:\/\/www.cidademarketing.com.br\/marketing\/wp-content\/uploads\/2019\/01\/Bia_Brasileiros_Publicis-1024x576.jpg\" alt=\"\" class=\"wp-image-4740\" srcset=\"https:\/\/www.cidademarketing.com.br\/marketing\/wp-content\/uploads\/2019\/01\/Bia_Brasileiros_Publicis-1024x576.jpg 1024w, https:\/\/www.cidademarketing.com.br\/marketing\/wp-content\/uploads\/2019\/01\/Bia_Brasileiros_Publicis-300x169.jpg 300w, https:\/\/www.cidademarketing.com.br\/marketing\/wp-content\/uploads\/2019\/01\/Bia_Brasileiros_Publicis-768x432.jpg 768w, https:\/\/www.cidademarketing.com.br\/marketing\/wp-content\/uploads\/2019\/01\/Bia_Brasileiros_Publicis-747x420.jpg 747w, https:\/\/www.cidademarketing.com.br\/marketing\/wp-content\/uploads\/2019\/01\/Bia_Brasileiros_Publicis-640x360.jpg 640w, https:\/\/www.cidademarketing.com.br\/marketing\/wp-content\/uploads\/2019\/01\/Bia_Brasileiros_Publicis-681x383.jpg 681w, https:\/\/www.cidademarketing.com.br\/marketing\/wp-content\/uploads\/2019\/01\/Bia_Brasileiros_Publicis.jpg 1366w\" sizes=\"(max-width: 1024px) 100vw, 1024px\" \/><figcaption>Reprodu\u00e7\u00e3o<\/figcaption><\/figure>\n\n\n\n<p>A cria\u00e7\u00e3o da campanha \u00e9 de Rafael Barbosa, Elias Carmo, Sabrina Mesquita e Arturo Marenda sob dire\u00e7\u00e3o de cria\u00e7\u00e3o de Dom\u00eanico Massareto, Luiz Alexandre Musa e Paulo Aguiar. A produtora \u00e9 a Corazon e o diretor do filme, Raphael Gasparini.<\/p>\n\n\n\n<figure class=\"wp-block-embed-youtube wp-block-embed is-type-video is-provider-youtube wp-embed-aspect-16-9 wp-has-aspect-ratio\"><div class=\"wp-block-embed__wrapper\">\n<div class=\"youtube-embed\" data-video_id=\"Loyq4N6rV5c\"><iframe title=\"Fale com a Bia e abra sua conta.\" width=\"640\" height=\"360\" src=\"https:\/\/www.youtube.com\/embed\/Loyq4N6rV5c?feature=oembed&#038;enablejsapi=1&#038;enablejsapi=1\" frameborder=\"0\" allow=\"accelerometer; autoplay; clipboard-write; encrypted-media; gyroscope; picture-in-picture; web-share\" referrerpolicy=\"strict-origin-when-cross-origin\" allowfullscreen><\/iframe><\/div>\n<\/div><\/figure>\n\n\n\n<p>Ficha t\u00e9cnica<br>\nCliente: Bradesco<br>\nProduto: BIA<br>\nAg\u00eancia: Publicis<br>\nT\u00edtulo: Brasileiros<br>\nAprova\u00e7\u00e3o no Cliente: M\u00e1rcio Parizotto, Carla Mita e Jos\u00e9 Maur\u00edcio Lilla<br>\nCCO: Dom\u00eanico Massareto<br>\nDiretor de cria\u00e7\u00e3o: Luiz Alexandre Musa e Paulo Aguiar<br>\nDire\u00e7\u00e3o de arte: Rafael Barbosa e Elias Carmo <br>\nAssistente de Arte: Sabrina Mesquita<br>\nReda\u00e7\u00e3o: Arturo Marenda<br>\nTr\u00e1fego: Aline Scarpel<br>\nAtendimento: Tatiana Chiari, Marcelo Trivilato, Priscila Penachio, Fernando Tolusso, Erika Nagata e Isabela Guimar\u00e3es.<br>\nPlanejamento: Gustavo Leite, Rodrigo Magalh\u00e3es, Lissa Magnano e Amanda Bueno<br>\nConte\u00fado: Alexandra Varassin, Heitor Kohatsu, Tiago Cordeiro e Rodrigo Barreiros.<br>\nM\u00eddia: Viviana Maurman, Vitor Manzi, Camila Donice, Thatyane Fernandes, Daniela Carlos, Juliana Coralli, Mariane Franzim, Thais Marques, Lucas Soratto, Gabriel Garrastazu, Amanda Pereira, Ant\u00f4nio Silva, Italo Brito, Tatiane Santos e Alinne Lopes.<br>\nProjetos: Nadia Mathias e Daniele Pereira<br>\nTecnologia: Evelyn Umberti e Vinicius Maffeis<br>\nHead Produ\u00e7\u00e3o: Daniela Andrade<br>\nRTVC: Juliana Henriques e Gabrielle Ogawa<br>\nProdutora: Corazon Filmes<br>\nDire\u00e7\u00e3o do filme: Raphael Gasparini<br>\nDire\u00e7\u00e3o de fotografia: Pedro Cardillo<br>\nProdu\u00e7\u00e3o Executiva: Igor Ferreira \/ Renato Chabuh<br>\nAtendimento: Marcia Branco<br>\nCoordena\u00e7\u00e3o de Produ\u00e7\u00e3o: Danielle de Oliveira \/ Juliana Sigolo \/ Sarah Moura \/ Giovanna Burzichelli<br>\nProdu\u00e7\u00e3o: Fabio Arisaka<br>\nCoordena\u00e7\u00e3o de P\u00f3s-Produ\u00e7\u00e3o: Rodrigo Parente<br>\nP\u00f3s-Produ\u00e7\u00e3o: Warriors VFX<br>\nMontador: Alexandre Boechat<br>\nFinalizador: Andr\u00e9 Maluly<br>\nCor: Bleach<br>\nProdutora de \u00e1udio: Alma11 11Audio<br>\nProdutor Musical: Diego Raso<br>\nAtendimento Audio:  Carla Br\u00e4uninger<br>\nArt Buyer: Selma Momosse e Raphael Macedo<br>\nFotografia: Pola Fotografia<br>\nIlustra\u00e7\u00e3o: Imagefy \/ Vinicius Valente<br>\nProdu\u00e7\u00e3o Gr\u00e1fica: Rita Vilarim e Emerson Russo<br>\nP\u00f3s-Produ\u00e7\u00e3o M\u00eddia Impressa: Casa Vaticano<br>\nFinaliza\u00e7\u00e3o M\u00eddia Impressa: Jefferson Muniz<\/p>\n","protected":false},"excerpt":{"rendered":"<p>Precisando pagar contas e est\u00e1 sem grana? A BIA ajuda voc\u00ea a conseguir cr\u00e9dito. O carro te deixou na m\u00e3o? \u00c9 s\u00f3 falar com ela para ativar o seguro. At\u00e9 quem n\u00e3o \u00e9 correntista pode contar com o apoio da BIA, plataforma de intelig\u00eancia artificial do Bradesco para obter informa\u00e7\u00f5es financeiras e de mercado. \u00c9 [&hellip;]<\/p>\n","protected":false},"author":1,"featured_media":4741,"comment_status":"open","ping_status":"open","sticky":false,"template":"","format":"standard","meta":{"tdm_status":"","tdm_grid_status":"","footnotes":""},"categories":[6],"tags":[33],"class_list":["post-4739","post","type-post","status-publish","format-standard","has-post-thumbnail","hentry","category-noticias","tag-estrategia"],"yoast_head":"<!-- This site is optimized with the Yoast SEO plugin v27.5 - https:\/\/yoast.com\/product\/yoast-seo-wordpress\/ -->\n<title>BIA \u00e9 destaque na nova campanha do Bradesco para in\u00edcio de ano - CidadeMarketing<\/title>\n<meta name=\"robots\" content=\"index, follow, max-snippet:-1, max-image-preview:large, max-video-preview:-1\" \/>\n<link rel=\"canonical\" href=\"https:\/\/www.cidademarketing.com.br\/marketing\/2019\/01\/07\/bia-e-destaque-na-nova-campanha-do-bradesco-para-inicio-de-ano\/\" \/>\n<meta property=\"og:locale\" content=\"pt_BR\" \/>\n<meta property=\"og:type\" content=\"article\" \/>\n<meta property=\"og:title\" content=\"BIA \u00e9 destaque na nova campanha do Bradesco para in\u00edcio de ano - CidadeMarketing\" \/>\n<meta property=\"og:description\" content=\"Precisando pagar contas e est\u00e1 sem grana? A BIA ajuda voc\u00ea a conseguir cr\u00e9dito. O carro te deixou na m\u00e3o? \u00c9 s\u00f3 falar com ela para ativar o seguro. At\u00e9 quem n\u00e3o \u00e9 correntista pode contar com o apoio da BIA, plataforma de intelig\u00eancia artificial do Bradesco para obter informa\u00e7\u00f5es financeiras e de mercado. \u00c9 [&hellip;]\" \/>\n<meta property=\"og:url\" content=\"https:\/\/www.cidademarketing.com.br\/marketing\/2019\/01\/07\/bia-e-destaque-na-nova-campanha-do-bradesco-para-inicio-de-ano\/\" \/>\n<meta property=\"og:site_name\" content=\"CidadeMarketing\" \/>\n<meta property=\"article:publisher\" content=\"https:\/\/www.facebook.com\/portalcidademarketing\" \/>\n<meta property=\"article:author\" content=\"https:\/\/www.facebook.com\/thalesbrandao\" \/>\n<meta property=\"article:published_time\" content=\"2019-01-07T14:11:18+00:00\" \/>\n<meta property=\"article:modified_time\" content=\"2019-01-07T14:11:19+00:00\" \/>\n<meta property=\"og:image\" content=\"https:\/\/www.cidademarketing.com.br\/marketing\/wp-content\/uploads\/2019\/01\/Bia_Brasileiros_Publicis2.jpg\" \/>\n\t<meta property=\"og:image:width\" content=\"1366\" \/>\n\t<meta property=\"og:image:height\" content=\"768\" \/>\n\t<meta property=\"og:image:type\" content=\"image\/jpeg\" \/>\n<meta name=\"author\" content=\"Thales Brand\u00e3o\" \/>\n<meta name=\"twitter:card\" content=\"summary_large_image\" \/>\n<meta name=\"twitter:creator\" content=\"@http:\/\/www.twitter.com\/thalesbrandao\" \/>\n<meta name=\"twitter:site\" content=\"@CidadeMarketing\" \/>\n<meta name=\"twitter:label1\" content=\"Escrito por\" \/>\n\t<meta name=\"twitter:data1\" content=\"Thales Brand\u00e3o\" \/>\n\t<meta name=\"twitter:label2\" content=\"Est. tempo de leitura\" \/>\n\t<meta name=\"twitter:data2\" content=\"3 minutos\" \/>\n<script type=\"application\/ld+json\" class=\"yoast-schema-graph\">{\"@context\":\"https:\\\/\\\/schema.org\",\"@graph\":[{\"@type\":\"Article\",\"@id\":\"https:\\\/\\\/www.cidademarketing.com.br\\\/marketing\\\/2019\\\/01\\\/07\\\/bia-e-destaque-na-nova-campanha-do-bradesco-para-inicio-de-ano\\\/#article\",\"isPartOf\":{\"@id\":\"https:\\\/\\\/www.cidademarketing.com.br\\\/marketing\\\/2019\\\/01\\\/07\\\/bia-e-destaque-na-nova-campanha-do-bradesco-para-inicio-de-ano\\\/\"},\"author\":{\"name\":\"Thales Brand\u00e3o\",\"@id\":\"https:\\\/\\\/www.cidademarketing.com.br\\\/marketing\\\/#\\\/schema\\\/person\\\/02daff9f18bd9378c9e01eb6b2db155f\"},\"headline\":\"BIA \u00e9 destaque na nova campanha do Bradesco para in\u00edcio de ano\",\"datePublished\":\"2019-01-07T14:11:18+00:00\",\"dateModified\":\"2019-01-07T14:11:19+00:00\",\"mainEntityOfPage\":{\"@id\":\"https:\\\/\\\/www.cidademarketing.com.br\\\/marketing\\\/2019\\\/01\\\/07\\\/bia-e-destaque-na-nova-campanha-do-bradesco-para-inicio-de-ano\\\/\"},\"wordCount\":565,\"commentCount\":0,\"publisher\":{\"@id\":\"https:\\\/\\\/www.cidademarketing.com.br\\\/marketing\\\/#organization\"},\"image\":{\"@id\":\"https:\\\/\\\/www.cidademarketing.com.br\\\/marketing\\\/2019\\\/01\\\/07\\\/bia-e-destaque-na-nova-campanha-do-bradesco-para-inicio-de-ano\\\/#primaryimage\"},\"thumbnailUrl\":\"https:\\\/\\\/www.cidademarketing.com.br\\\/marketing\\\/wp-content\\\/uploads\\\/2019\\\/01\\\/Bia_Brasileiros_Publicis2.jpg\",\"keywords\":[\"estrat\u00e9gia\"],\"articleSection\":[\"Not\u00edcias\"],\"inLanguage\":\"pt-BR\",\"potentialAction\":[{\"@type\":\"CommentAction\",\"name\":\"Comment\",\"target\":[\"https:\\\/\\\/www.cidademarketing.com.br\\\/marketing\\\/2019\\\/01\\\/07\\\/bia-e-destaque-na-nova-campanha-do-bradesco-para-inicio-de-ano\\\/#respond\"]}]},{\"@type\":\"WebPage\",\"@id\":\"https:\\\/\\\/www.cidademarketing.com.br\\\/marketing\\\/2019\\\/01\\\/07\\\/bia-e-destaque-na-nova-campanha-do-bradesco-para-inicio-de-ano\\\/\",\"url\":\"https:\\\/\\\/www.cidademarketing.com.br\\\/marketing\\\/2019\\\/01\\\/07\\\/bia-e-destaque-na-nova-campanha-do-bradesco-para-inicio-de-ano\\\/\",\"name\":\"BIA \u00e9 destaque na nova campanha do Bradesco para in\u00edcio de ano - CidadeMarketing\",\"isPartOf\":{\"@id\":\"https:\\\/\\\/www.cidademarketing.com.br\\\/marketing\\\/#website\"},\"primaryImageOfPage\":{\"@id\":\"https:\\\/\\\/www.cidademarketing.com.br\\\/marketing\\\/2019\\\/01\\\/07\\\/bia-e-destaque-na-nova-campanha-do-bradesco-para-inicio-de-ano\\\/#primaryimage\"},\"image\":{\"@id\":\"https:\\\/\\\/www.cidademarketing.com.br\\\/marketing\\\/2019\\\/01\\\/07\\\/bia-e-destaque-na-nova-campanha-do-bradesco-para-inicio-de-ano\\\/#primaryimage\"},\"thumbnailUrl\":\"https:\\\/\\\/www.cidademarketing.com.br\\\/marketing\\\/wp-content\\\/uploads\\\/2019\\\/01\\\/Bia_Brasileiros_Publicis2.jpg\",\"datePublished\":\"2019-01-07T14:11:18+00:00\",\"dateModified\":\"2019-01-07T14:11:19+00:00\",\"breadcrumb\":{\"@id\":\"https:\\\/\\\/www.cidademarketing.com.br\\\/marketing\\\/2019\\\/01\\\/07\\\/bia-e-destaque-na-nova-campanha-do-bradesco-para-inicio-de-ano\\\/#breadcrumb\"},\"inLanguage\":\"pt-BR\",\"potentialAction\":[{\"@type\":\"ReadAction\",\"target\":[\"https:\\\/\\\/www.cidademarketing.com.br\\\/marketing\\\/2019\\\/01\\\/07\\\/bia-e-destaque-na-nova-campanha-do-bradesco-para-inicio-de-ano\\\/\"]}]},{\"@type\":\"ImageObject\",\"inLanguage\":\"pt-BR\",\"@id\":\"https:\\\/\\\/www.cidademarketing.com.br\\\/marketing\\\/2019\\\/01\\\/07\\\/bia-e-destaque-na-nova-campanha-do-bradesco-para-inicio-de-ano\\\/#primaryimage\",\"url\":\"https:\\\/\\\/www.cidademarketing.com.br\\\/marketing\\\/wp-content\\\/uploads\\\/2019\\\/01\\\/Bia_Brasileiros_Publicis2.jpg\",\"contentUrl\":\"https:\\\/\\\/www.cidademarketing.com.br\\\/marketing\\\/wp-content\\\/uploads\\\/2019\\\/01\\\/Bia_Brasileiros_Publicis2.jpg\",\"width\":1366,\"height\":768,\"caption\":\"Reprodu\u00e7\u00e3o\"},{\"@type\":\"BreadcrumbList\",\"@id\":\"https:\\\/\\\/www.cidademarketing.com.br\\\/marketing\\\/2019\\\/01\\\/07\\\/bia-e-destaque-na-nova-campanha-do-bradesco-para-inicio-de-ano\\\/#breadcrumb\",\"itemListElement\":[{\"@type\":\"ListItem\",\"position\":1,\"name\":\"In\u00edcio\",\"item\":\"https:\\\/\\\/www.cidademarketing.com.br\\\/marketing\\\/\"},{\"@type\":\"ListItem\",\"position\":2,\"name\":\"BIA \u00e9 destaque na nova campanha do Bradesco para in\u00edcio de ano\"}]},{\"@type\":\"WebSite\",\"@id\":\"https:\\\/\\\/www.cidademarketing.com.br\\\/marketing\\\/#website\",\"url\":\"https:\\\/\\\/www.cidademarketing.com.br\\\/marketing\\\/\",\"name\":\"CidadeMarketing\",\"description\":\"Somos um ve\u00edculo de comunica\u00e7\u00e3o de destaque no Brasil, reconhecido por conte\u00fados nos segmentos de marketing, empreendedorismo e inova\u00e7\u00e3o.\",\"publisher\":{\"@id\":\"https:\\\/\\\/www.cidademarketing.com.br\\\/marketing\\\/#organization\"},\"alternateName\":\"CidadeMarketing\",\"potentialAction\":[{\"@type\":\"SearchAction\",\"target\":{\"@type\":\"EntryPoint\",\"urlTemplate\":\"https:\\\/\\\/www.cidademarketing.com.br\\\/marketing\\\/?s={search_term_string}\"},\"query-input\":{\"@type\":\"PropertyValueSpecification\",\"valueRequired\":true,\"valueName\":\"search_term_string\"}}],\"inLanguage\":\"pt-BR\"},{\"@type\":\"Organization\",\"@id\":\"https:\\\/\\\/www.cidademarketing.com.br\\\/marketing\\\/#organization\",\"name\":\"CidadeMarketing\",\"alternateName\":\"CidadeMarketing\",\"url\":\"https:\\\/\\\/www.cidademarketing.com.br\\\/marketing\\\/\",\"logo\":{\"@type\":\"ImageObject\",\"inLanguage\":\"pt-BR\",\"@id\":\"https:\\\/\\\/www.cidademarketing.com.br\\\/marketing\\\/#\\\/schema\\\/logo\\\/image\\\/\",\"url\":\"https:\\\/\\\/www.cidademarketing.com.br\\\/marketing\\\/wp-content\\\/uploads\\\/2020\\\/01\\\/cidademarketing_marca_mobile.png\",\"contentUrl\":\"https:\\\/\\\/www.cidademarketing.com.br\\\/marketing\\\/wp-content\\\/uploads\\\/2020\\\/01\\\/cidademarketing_marca_mobile.png\",\"width\":230,\"height\":92,\"caption\":\"CidadeMarketing\"},\"image\":{\"@id\":\"https:\\\/\\\/www.cidademarketing.com.br\\\/marketing\\\/#\\\/schema\\\/logo\\\/image\\\/\"},\"sameAs\":[\"https:\\\/\\\/www.facebook.com\\\/portalcidademarketing\",\"https:\\\/\\\/x.com\\\/CidadeMarketing\",\"https:\\\/\\\/www.instagram.com\\\/cidademarketing\\\/\"]},{\"@type\":\"Person\",\"@id\":\"https:\\\/\\\/www.cidademarketing.com.br\\\/marketing\\\/#\\\/schema\\\/person\\\/02daff9f18bd9378c9e01eb6b2db155f\",\"name\":\"Thales Brand\u00e3o\",\"image\":{\"@type\":\"ImageObject\",\"inLanguage\":\"pt-BR\",\"@id\":\"https:\\\/\\\/secure.gravatar.com\\\/avatar\\\/7ca3206950207cc3cb48feec56a8a7898741ab725c368d99d5d7a5a50aab80c6?s=96&d=mm&r=g\",\"url\":\"https:\\\/\\\/secure.gravatar.com\\\/avatar\\\/7ca3206950207cc3cb48feec56a8a7898741ab725c368d99d5d7a5a50aab80c6?s=96&d=mm&r=g\",\"contentUrl\":\"https:\\\/\\\/secure.gravatar.com\\\/avatar\\\/7ca3206950207cc3cb48feec56a8a7898741ab725c368d99d5d7a5a50aab80c6?s=96&d=mm&r=g\",\"caption\":\"Thales Brand\u00e3o\"},\"description\":\"Editor Executivo do Portal CidadeMarketing.com.br &gt; Mestre em Comunica\u00e7\u00e3o e Sociedade pela Universidade Federal de Sergipe. Possui MBA Executivo em Administra\u00e7\u00e3o com \u00eanfase em Marketing pela Funda\u00e7\u00e3o Get\u00falio Vargas - Rio de Janeiro. Consultor, Palestrante e Pesquisador sobre Empreendedorismo, Marketing, Redes Sociais e Neg\u00f3cios Digitais. Professor, Palestrante TedxTalks e Campus Party. Twitter: @ThalesBrandao\",\"sameAs\":[\"http:\\\/\\\/www.mandacaru.com.br\",\"https:\\\/\\\/www.facebook.com\\\/thalesbrandao\",\"http:\\\/\\\/www.instagram.com.br\\\/thalesbrandaoferreira\",\"https:\\\/\\\/www.linkedin.com\\\/in\\\/thales-brand\u00e3o-3948609\\\/\",\"https:\\\/\\\/x.com\\\/http:\\\/\\\/www.twitter.com\\\/thalesbrandao\"],\"url\":\"https:\\\/\\\/www.cidademarketing.com.br\\\/marketing\\\/author\\\/thalesbrandao\\\/\"}]}<\/script>\n<!-- \/ Yoast SEO plugin. -->","yoast_head_json":{"title":"BIA \u00e9 destaque na nova campanha do Bradesco para in\u00edcio de ano - CidadeMarketing","robots":{"index":"index","follow":"follow","max-snippet":"max-snippet:-1","max-image-preview":"max-image-preview:large","max-video-preview":"max-video-preview:-1"},"canonical":"https:\/\/www.cidademarketing.com.br\/marketing\/2019\/01\/07\/bia-e-destaque-na-nova-campanha-do-bradesco-para-inicio-de-ano\/","og_locale":"pt_BR","og_type":"article","og_title":"BIA \u00e9 destaque na nova campanha do Bradesco para in\u00edcio de ano - CidadeMarketing","og_description":"Precisando pagar contas e est\u00e1 sem grana? A BIA ajuda voc\u00ea a conseguir cr\u00e9dito. O carro te deixou na m\u00e3o? \u00c9 s\u00f3 falar com ela para ativar o seguro. At\u00e9 quem n\u00e3o \u00e9 correntista pode contar com o apoio da BIA, plataforma de intelig\u00eancia artificial do Bradesco para obter informa\u00e7\u00f5es financeiras e de mercado. \u00c9 [&hellip;]","og_url":"https:\/\/www.cidademarketing.com.br\/marketing\/2019\/01\/07\/bia-e-destaque-na-nova-campanha-do-bradesco-para-inicio-de-ano\/","og_site_name":"CidadeMarketing","article_publisher":"https:\/\/www.facebook.com\/portalcidademarketing","article_author":"https:\/\/www.facebook.com\/thalesbrandao","article_published_time":"2019-01-07T14:11:18+00:00","article_modified_time":"2019-01-07T14:11:19+00:00","og_image":[{"width":1366,"height":768,"url":"https:\/\/www.cidademarketing.com.br\/marketing\/wp-content\/uploads\/2019\/01\/Bia_Brasileiros_Publicis2.jpg","type":"image\/jpeg"}],"author":"Thales Brand\u00e3o","twitter_card":"summary_large_image","twitter_creator":"@http:\/\/www.twitter.com\/thalesbrandao","twitter_site":"@CidadeMarketing","twitter_misc":{"Escrito por":"Thales Brand\u00e3o","Est. tempo de leitura":"3 minutos"},"schema":{"@context":"https:\/\/schema.org","@graph":[{"@type":"Article","@id":"https:\/\/www.cidademarketing.com.br\/marketing\/2019\/01\/07\/bia-e-destaque-na-nova-campanha-do-bradesco-para-inicio-de-ano\/#article","isPartOf":{"@id":"https:\/\/www.cidademarketing.com.br\/marketing\/2019\/01\/07\/bia-e-destaque-na-nova-campanha-do-bradesco-para-inicio-de-ano\/"},"author":{"name":"Thales Brand\u00e3o","@id":"https:\/\/www.cidademarketing.com.br\/marketing\/#\/schema\/person\/02daff9f18bd9378c9e01eb6b2db155f"},"headline":"BIA \u00e9 destaque na nova campanha do Bradesco para in\u00edcio de ano","datePublished":"2019-01-07T14:11:18+00:00","dateModified":"2019-01-07T14:11:19+00:00","mainEntityOfPage":{"@id":"https:\/\/www.cidademarketing.com.br\/marketing\/2019\/01\/07\/bia-e-destaque-na-nova-campanha-do-bradesco-para-inicio-de-ano\/"},"wordCount":565,"commentCount":0,"publisher":{"@id":"https:\/\/www.cidademarketing.com.br\/marketing\/#organization"},"image":{"@id":"https:\/\/www.cidademarketing.com.br\/marketing\/2019\/01\/07\/bia-e-destaque-na-nova-campanha-do-bradesco-para-inicio-de-ano\/#primaryimage"},"thumbnailUrl":"https:\/\/www.cidademarketing.com.br\/marketing\/wp-content\/uploads\/2019\/01\/Bia_Brasileiros_Publicis2.jpg","keywords":["estrat\u00e9gia"],"articleSection":["Not\u00edcias"],"inLanguage":"pt-BR","potentialAction":[{"@type":"CommentAction","name":"Comment","target":["https:\/\/www.cidademarketing.com.br\/marketing\/2019\/01\/07\/bia-e-destaque-na-nova-campanha-do-bradesco-para-inicio-de-ano\/#respond"]}]},{"@type":"WebPage","@id":"https:\/\/www.cidademarketing.com.br\/marketing\/2019\/01\/07\/bia-e-destaque-na-nova-campanha-do-bradesco-para-inicio-de-ano\/","url":"https:\/\/www.cidademarketing.com.br\/marketing\/2019\/01\/07\/bia-e-destaque-na-nova-campanha-do-bradesco-para-inicio-de-ano\/","name":"BIA \u00e9 destaque na nova campanha do Bradesco para in\u00edcio de ano - CidadeMarketing","isPartOf":{"@id":"https:\/\/www.cidademarketing.com.br\/marketing\/#website"},"primaryImageOfPage":{"@id":"https:\/\/www.cidademarketing.com.br\/marketing\/2019\/01\/07\/bia-e-destaque-na-nova-campanha-do-bradesco-para-inicio-de-ano\/#primaryimage"},"image":{"@id":"https:\/\/www.cidademarketing.com.br\/marketing\/2019\/01\/07\/bia-e-destaque-na-nova-campanha-do-bradesco-para-inicio-de-ano\/#primaryimage"},"thumbnailUrl":"https:\/\/www.cidademarketing.com.br\/marketing\/wp-content\/uploads\/2019\/01\/Bia_Brasileiros_Publicis2.jpg","datePublished":"2019-01-07T14:11:18+00:00","dateModified":"2019-01-07T14:11:19+00:00","breadcrumb":{"@id":"https:\/\/www.cidademarketing.com.br\/marketing\/2019\/01\/07\/bia-e-destaque-na-nova-campanha-do-bradesco-para-inicio-de-ano\/#breadcrumb"},"inLanguage":"pt-BR","potentialAction":[{"@type":"ReadAction","target":["https:\/\/www.cidademarketing.com.br\/marketing\/2019\/01\/07\/bia-e-destaque-na-nova-campanha-do-bradesco-para-inicio-de-ano\/"]}]},{"@type":"ImageObject","inLanguage":"pt-BR","@id":"https:\/\/www.cidademarketing.com.br\/marketing\/2019\/01\/07\/bia-e-destaque-na-nova-campanha-do-bradesco-para-inicio-de-ano\/#primaryimage","url":"https:\/\/www.cidademarketing.com.br\/marketing\/wp-content\/uploads\/2019\/01\/Bia_Brasileiros_Publicis2.jpg","contentUrl":"https:\/\/www.cidademarketing.com.br\/marketing\/wp-content\/uploads\/2019\/01\/Bia_Brasileiros_Publicis2.jpg","width":1366,"height":768,"caption":"Reprodu\u00e7\u00e3o"},{"@type":"BreadcrumbList","@id":"https:\/\/www.cidademarketing.com.br\/marketing\/2019\/01\/07\/bia-e-destaque-na-nova-campanha-do-bradesco-para-inicio-de-ano\/#breadcrumb","itemListElement":[{"@type":"ListItem","position":1,"name":"In\u00edcio","item":"https:\/\/www.cidademarketing.com.br\/marketing\/"},{"@type":"ListItem","position":2,"name":"BIA \u00e9 destaque na nova campanha do Bradesco para in\u00edcio de ano"}]},{"@type":"WebSite","@id":"https:\/\/www.cidademarketing.com.br\/marketing\/#website","url":"https:\/\/www.cidademarketing.com.br\/marketing\/","name":"CidadeMarketing","description":"Somos um ve\u00edculo de comunica\u00e7\u00e3o de destaque no Brasil, reconhecido por conte\u00fados nos segmentos de marketing, empreendedorismo e inova\u00e7\u00e3o.","publisher":{"@id":"https:\/\/www.cidademarketing.com.br\/marketing\/#organization"},"alternateName":"CidadeMarketing","potentialAction":[{"@type":"SearchAction","target":{"@type":"EntryPoint","urlTemplate":"https:\/\/www.cidademarketing.com.br\/marketing\/?s={search_term_string}"},"query-input":{"@type":"PropertyValueSpecification","valueRequired":true,"valueName":"search_term_string"}}],"inLanguage":"pt-BR"},{"@type":"Organization","@id":"https:\/\/www.cidademarketing.com.br\/marketing\/#organization","name":"CidadeMarketing","alternateName":"CidadeMarketing","url":"https:\/\/www.cidademarketing.com.br\/marketing\/","logo":{"@type":"ImageObject","inLanguage":"pt-BR","@id":"https:\/\/www.cidademarketing.com.br\/marketing\/#\/schema\/logo\/image\/","url":"https:\/\/www.cidademarketing.com.br\/marketing\/wp-content\/uploads\/2020\/01\/cidademarketing_marca_mobile.png","contentUrl":"https:\/\/www.cidademarketing.com.br\/marketing\/wp-content\/uploads\/2020\/01\/cidademarketing_marca_mobile.png","width":230,"height":92,"caption":"CidadeMarketing"},"image":{"@id":"https:\/\/www.cidademarketing.com.br\/marketing\/#\/schema\/logo\/image\/"},"sameAs":["https:\/\/www.facebook.com\/portalcidademarketing","https:\/\/x.com\/CidadeMarketing","https:\/\/www.instagram.com\/cidademarketing\/"]},{"@type":"Person","@id":"https:\/\/www.cidademarketing.com.br\/marketing\/#\/schema\/person\/02daff9f18bd9378c9e01eb6b2db155f","name":"Thales Brand\u00e3o","image":{"@type":"ImageObject","inLanguage":"pt-BR","@id":"https:\/\/secure.gravatar.com\/avatar\/7ca3206950207cc3cb48feec56a8a7898741ab725c368d99d5d7a5a50aab80c6?s=96&d=mm&r=g","url":"https:\/\/secure.gravatar.com\/avatar\/7ca3206950207cc3cb48feec56a8a7898741ab725c368d99d5d7a5a50aab80c6?s=96&d=mm&r=g","contentUrl":"https:\/\/secure.gravatar.com\/avatar\/7ca3206950207cc3cb48feec56a8a7898741ab725c368d99d5d7a5a50aab80c6?s=96&d=mm&r=g","caption":"Thales Brand\u00e3o"},"description":"Editor Executivo do Portal CidadeMarketing.com.br &gt; Mestre em Comunica\u00e7\u00e3o e Sociedade pela Universidade Federal de Sergipe. Possui MBA Executivo em Administra\u00e7\u00e3o com \u00eanfase em Marketing pela Funda\u00e7\u00e3o Get\u00falio Vargas - Rio de Janeiro. Consultor, Palestrante e Pesquisador sobre Empreendedorismo, Marketing, Redes Sociais e Neg\u00f3cios Digitais. Professor, Palestrante TedxTalks e Campus Party. Twitter: @ThalesBrandao","sameAs":["http:\/\/www.mandacaru.com.br","https:\/\/www.facebook.com\/thalesbrandao","http:\/\/www.instagram.com.br\/thalesbrandaoferreira","https:\/\/www.linkedin.com\/in\/thales-brand\u00e3o-3948609\/","https:\/\/x.com\/http:\/\/www.twitter.com\/thalesbrandao"],"url":"https:\/\/www.cidademarketing.com.br\/marketing\/author\/thalesbrandao\/"}]}},"amp_enabled":true,"_links":{"self":[{"href":"https:\/\/www.cidademarketing.com.br\/marketing\/wp-json\/wp\/v2\/posts\/4739","targetHints":{"allow":["GET"]}}],"collection":[{"href":"https:\/\/www.cidademarketing.com.br\/marketing\/wp-json\/wp\/v2\/posts"}],"about":[{"href":"https:\/\/www.cidademarketing.com.br\/marketing\/wp-json\/wp\/v2\/types\/post"}],"author":[{"embeddable":true,"href":"https:\/\/www.cidademarketing.com.br\/marketing\/wp-json\/wp\/v2\/users\/1"}],"replies":[{"embeddable":true,"href":"https:\/\/www.cidademarketing.com.br\/marketing\/wp-json\/wp\/v2\/comments?post=4739"}],"version-history":[{"count":1,"href":"https:\/\/www.cidademarketing.com.br\/marketing\/wp-json\/wp\/v2\/posts\/4739\/revisions"}],"predecessor-version":[{"id":4744,"href":"https:\/\/www.cidademarketing.com.br\/marketing\/wp-json\/wp\/v2\/posts\/4739\/revisions\/4744"}],"wp:featuredmedia":[{"embeddable":true,"href":"https:\/\/www.cidademarketing.com.br\/marketing\/wp-json\/wp\/v2\/media\/4741"}],"wp:attachment":[{"href":"https:\/\/www.cidademarketing.com.br\/marketing\/wp-json\/wp\/v2\/media?parent=4739"}],"wp:term":[{"taxonomy":"category","embeddable":true,"href":"https:\/\/www.cidademarketing.com.br\/marketing\/wp-json\/wp\/v2\/categories?post=4739"},{"taxonomy":"post_tag","embeddable":true,"href":"https:\/\/www.cidademarketing.com.br\/marketing\/wp-json\/wp\/v2\/tags?post=4739"}],"curies":[{"name":"wp","href":"https:\/\/api.w.org\/{rel}","templated":true}]}}