{"id":47389,"date":"2023-09-10T12:28:24","date_gmt":"2023-09-10T15:28:24","guid":{"rendered":"https:\/\/www.cidademarketing.com.br\/marketing\/?p=47389"},"modified":"2023-09-10T12:28:24","modified_gmt":"2023-09-10T15:28:24","slug":"novo-renault-grand-kangoo-e-apresentado-com-estilo-no-iaa-mobility-de-munique","status":"publish","type":"post","link":"https:\/\/www.cidademarketing.com.br\/marketing\/2023\/09\/10\/novo-renault-grand-kangoo-e-apresentado-com-estilo-no-iaa-mobility-de-munique\/","title":{"rendered":"Novo Renault Grand Kangoo \u00e9 apresentado com estilo no IAA Mobility de Munique"},"content":{"rendered":"<p>25 anos depois de criar o segmento dos furg\u00f5es com pegada l\u00fadica por meio de um design pr\u00e1tico, \u00fanico e introduzindo pela primeira vez a porta lateral deslizante, o Renault Kangoo soube se adaptar \u00e0 sua \u00e9poca, mantendo o DNA inspirado na inova\u00e7\u00e3o.<br \/>\nCom mais de 4,4 milh\u00f5es de unidades produzidas em 50 pa\u00edses em todo o mundo, o Kangoo \u00e9 o ve\u00edculo mais vendido do segmento na vers\u00e3o el\u00e9trica desde 2011, com uma incr\u00edvel hist\u00f3ria de sucessos. Ele representa o melhor de dois mundos, como um carro para ser usado em fam\u00edlia gra\u00e7as a um design elegante e espa\u00e7o interno, mas tamb\u00e9m para um uso profissional, principalmente pelo seu volume de porta-malas e robustez.<br \/>\nContando com atualiza\u00e7\u00f5es cont\u00ednuas e a introdu\u00e7\u00e3o de inova\u00e7\u00f5es com o passar dos anos, o Renault Kangoo est\u00e1 agora dispon\u00edvel na vers\u00e3o com carroceria estendida.<\/p>\n<p><a href=\"https:\/\/www.cidademarketing.com.br\/marketing\/sua-marca-vai-virar-noticia\/\" target=\"_blank\" rel=\"noopener\"><img fetchpriority=\"high\" decoding=\"async\" class=\"wp-image-44329 aligncenter\" src=\"https:\/\/www.cidademarketing.com.br\/marketing\/wp-content\/uploads\/2023\/04\/cidademarketing_backlinks_marketingdigital_publieditorial_.png\" alt=\"\" width=\"500\" height=\"500\" \/><\/a><br \/>\nTODAS AS INOVA\u00c7\u00d5ES E DIFERENCIAIS DO KANGOO, AGORA COM MAIS ESPA\u00c7O<br \/>\nO Novo Grand Kangoo mant\u00eam os aspectos pr\u00e1ticos e equipamentos de seguran\u00e7a do Kangoo, com ainda mais modularidade e espa\u00e7o interno:<br \/>\n\u2022 Muito conforto com o melhor espa\u00e7o interno da categoria: 3 lugares de verdade na segunda fileira de bancos e 2 na terceira, permitindo acomodar 7 adultos com conforto;<br \/>\n\u2022 O melhor espa\u00e7o para os joelhos da categoria para os passageiros da 3\u00aa fileira (164 mm);<br \/>\n\u2022 Mais de 58 litros de porta-objetos acess\u00edveis, incluindo a gaveta deslizante Easy Life, ou os compartimentos camuflados sob os p\u00e9s, localizados na 2\u00aa fileira de bancos;<br \/>\n\u2022 Um porta-malas de 500 litros na vers\u00e3o 7 lugares, capacidade que pode ser aumentada para 3.750 litros quando os bancos traseiros s\u00e3o retirados e o banco do passageiro \u00e9 rebatido;<br \/>\n\u2022 5 lugares \u201cde verdade\u201d nos assentos traseiros, independentes, deslizantes, rebatidos, dobr\u00e1veis e retir\u00e1veis, permitindo at\u00e9 1.024 configura\u00e7\u00f5es dos bancos;<br \/>\n\u2022 3,11m de comprimento de carga quando o banco do passageiro dianteiro est\u00e1 rebatido;<br \/>\n\u2022 14 ADAS (dispositivos avan\u00e7ados de assist\u00eancia ao motorista), incluindo recursos de condu\u00e7\u00e3o aut\u00f4noma de n\u00edvel 2, para potencializar a seguran\u00e7a.<br \/>\nAssim como no Kangoo, do lado de dentro o painel tem acabamento com apar\u00eancia de madeira escovada em tom escuro e a cabine oferece uma ergonomia ainda melhor, proporcionando mais conforto. O painel de instrumentos evoluiu com a introdu\u00e7\u00e3o de dados espec\u00edficos da vers\u00e3o el\u00e9trica com motoriza\u00e7\u00e3o E-Tech.<br \/>\nO acesso \u00e0 3\u00aa fileira de bancos \u00e9 facilitado pelas 2 portas largas e deslizantes de 83 cm (um acr\u00e9scimo de 18 cm em compara\u00e7\u00e3o com o Kangoo), soleira mais baixa e os bancos dobr\u00e1veis da 2\u00aa fileira, oferecendo praticidade para a entrada e sa\u00edda dos passageiros (adultos ou adolescentes), ou ainda para acomodar uma crian\u00e7a em uma cadeirinha apropriada, que \u00e9 instalada com toda seguran\u00e7a gra\u00e7as \u00e0s fixa\u00e7\u00f5es padr\u00e3o Isofix.<br \/>\nO Novo Grand Kangoo se adapta a todos os usos. Dispon\u00edvel de s\u00e9rie com uma porta traseira envidra\u00e7ada, tamb\u00e9m \u00e9 poss\u00edvel contar com portas traseiras articuladas e envidra\u00e7adas 2\/3 \u2013 1\/3, possibilitando um acesso facilitado ao porta-malas, principalmente em locais com restri\u00e7\u00e3o de altura.<br \/>\nO grande espa\u00e7o interno \u00e9 perfeito para as fam\u00edlias que precisam de 7 grandes lugares para um uso frequente, permitindo acomodar passageiros de qualquer tamanho com muito conforto.<br \/>\nO ve\u00edculo tamb\u00e9m \u00e9 perfeito para os clientes profissionais da primeira inf\u00e2ncia, com 5 bancos padr\u00e3o Isofix e ergonomia que facilita acomodar as crian\u00e7as em cadeirinhas para beb\u00ea ou assento de eleva\u00e7\u00e3o. Ele tamb\u00e9m \u00e9 adaptado ao transporte de passageiros, permitindo acomodar 7 adultos com conforto, sendo ainda poss\u00edvel alterar a modularidade (por exemplo, 2\/2\/2) para facilitar ainda mais a acomoda\u00e7\u00e3o dos ocupantes.<br \/>\nGra\u00e7as \u00e0 nova bateria de \u00edons de l\u00edtio com capacidade de 45 kWh 100% aproveit\u00e1veis, o Novo Grand Kangoo E-Tech el\u00e9trico oferece autonomia de at\u00e9 265 km em ciclo WLTP. Esta autonomia permite que os usu\u00e1rios possam fazer a maior parte de seus deslocamentos di\u00e1rios com tranquilidade pelo melhor custo de propriedade e utiliza\u00e7\u00e3o, tendo em vista que \u00e9 poss\u00edvel recuperar 80 km de autonomia com uma parada de 10 minutos em um eletroposto de 80 kW CC.<br \/>\nAs baterias contam com garantia de 8 anos ou 160 mil km. Neste intervalo, elas s\u00e3o substitu\u00eddas gratuitamente se a capacidade for deteriorada a um n\u00edvel inferior a 70% do valor nominal (SoH: Estado de Sa\u00fade da bateria).<br \/>\nO Novo Grand Kangoo E-Tech el\u00e9trico \u00e9 equipado com um motor de 90 kW e 245 Nm de torque, que s\u00e3o imediatamente dispon\u00edveis para uma experi\u00eancia fluida e tranquila ao volante, em qualquer circunst\u00e2ncia. J\u00e1 o modo ECO limita a pot\u00eancia (56 kW) enquanto a velocidade m\u00e1xima do ve\u00edculo (100 km\/h) otimiza a autonomia.<br \/>\nO condutor pode escolher entre 3 modos de frenagem recuperativa:<br \/>\n\u2022 Sailing (indicador luminoso B1): modo regenerativo limitado, adaptado ao uso em vias r\u00e1pidas e autoestradas;<br \/>\n\u2022 Drive (B2): modo regenerativo padr\u00e3o para uma utiliza\u00e7\u00e3o mais vers\u00e1til, que proporciona sensa\u00e7\u00e3o semelhante \u00e0 de um ve\u00edculo equipado com motor a combust\u00e3o ao reduzir a press\u00e3o do p\u00e9 sobre o pedal;<br \/>\n\u2022 Brake (B3): modo regenerativo m\u00e1ximo, para um uso em engarrafamentos e em descida de serra.<br \/>\nA frenagem hidr\u00e1ulica cl\u00e1ssica \u00e9 complementada por um Sistema de Frenagem Regenerativa Adaptativa (ARBS), que maximiza a energia recuperada.<br \/>\nAs diferentes combina\u00e7\u00f5es de modos de tra\u00e7\u00e3o e frenagem oferecem ao condutor a possibilidade de escolher entre 6 tipos de condu\u00e7\u00e3o diferentes, otimizando o conforto e a autonomia em fun\u00e7\u00e3o do uso e das condi\u00e7\u00f5es do tr\u00e2nsito.<br \/>\nAs informa\u00e7\u00f5es relacionadas ao modo de condu\u00e7\u00e3o selecionado, gest\u00e3o da pot\u00eancia el\u00e9trica e dispositivos avan\u00e7ados de assist\u00eancia ao motorista (ADAS) podem ser agrupadas em um painel colorido de 10 polegadas, 100% digital e totalmente personaliz\u00e1vel, dispon\u00edvel como opcional.<br \/>\nPara garantir a melhor autonomia em qualquer \u00e9poca do ano, o Novo Grand Kangoo E-Tech el\u00e9trico conta com ar-condicionado regul\u00e1vel dual zone com bomba de calor, a qual permite refrescar a cabine no ver\u00e3o e aquecer no inverno, funcionando como um ar-condicionado equipado com sistema de invers\u00e3o. O aquecimento fornece o calor recuperado do lado de fora da cabine, enquanto a climatiza\u00e7\u00e3o leva o calor para fora do ve\u00edculo.<br \/>\nA bomba de calor proporciona um rendimento otimizado quando a temperatura varia entre -15 e +15\u00b0C. Al\u00e9m de oferecer um conforto t\u00e9rmico de primeiro n\u00edvel, ela mant\u00e9m a autonomia. Esta funcionalidade permite economizar at\u00e9 30 km de autonomia ao evitar aquecer a cabine apenas por meio das resist\u00eancias de aquecimento, que utilizam a energia da bateria de tra\u00e7\u00e3o.<br \/>\nA bateria conta com um sistema de resfriamento l\u00edquido e resist\u00eancia el\u00e9trica, permitindo um uso na faixa correta de temperatura, para manter a autonomia e reduzir o tempo de recarga.<br \/>\nO Novo Grand Kangoo E-Tech el\u00e9trico oferece como opcionais para-brisa, volante e bancos aquecidos. Estas op\u00e7\u00f5es conferem ainda mais conforto t\u00e9rmico para um uso durante o inverno, causando pouco impacto na bateria.<br \/>\nPara recarregar a bateria, o Novo Grand Kangoo E-Tech el\u00e9trico permite escolher entre 2 tipos de carregadores:<br \/>\n\u2022 O carregador r\u00e1pido trif\u00e1sico de 22 kW CA, que permite aumentar a autonomia de 15% para 80% em 2h40;<br \/>\n\u2022 O carregador 22 kW CA-CC 80 kW (de s\u00e9rie), que permite recuperar 170 km em 27 minutos.<br \/>\nA linha completa de carregadores permite atender a todos os usu\u00e1rios do Novo Grand Kangoo E-Tech el\u00e9trico.<br \/>\nPor meio do aplicativo MyRenault para smartphones ou o sistema multim\u00eddia Renault Easy Link (de s\u00e9rie em todas as vers\u00f5es de acabamento), o Novo Grand Kangoo E-Tech el\u00e9trico conta com servi\u00e7os conectados espec\u00edficos, como:<br \/>\n\u2022 Programa\u00e7\u00e3o da recarga da bateria e monitoramento do status da recarga da bateria a dist\u00e2ncia;<br \/>\n\u2022 Programa\u00e7\u00e3o do pr\u00e9-aquecimento ou resfriamento da cabine;<br \/>\n\u2022 Busca de eletropostos no trajeto;<br \/>\n\u2022 C\u00e1lculo dos destinos que podem ser acessados com a autonomia restante da bateria.<br \/>\nO modelo tamb\u00e9m estar\u00e1 dispon\u00edvel na vers\u00e3o com motor a combust\u00e3o, em duas motoriza\u00e7\u00f5es alinhadas com as \u00faltimas normas antipolui\u00e7\u00e3o (Euro 6E):<br \/>\n\u2022 Gasolina de 130 cv BVM6 ou EDC7: vers\u00e1til, din\u00e2mico e com consumo eficiente, mesmo com 7 pessoas a bordo;<br \/>\n\u2022 Diesel de 95 cv BVM6: eficiente e econ\u00f4mico.<br \/>\nO Novo Renault Grand Kangoo estar\u00e1 dispon\u00edvel em 3 vers\u00f5es de acabamento projetadas para atender as necessidades espec\u00edficas de seus clientes:<br \/>\n\u2022 Authentic, que oferece os equipamentos essenciais necess\u00e1rios para clientes pessoa jur\u00eddica ou f\u00edsica, que fazem um uso ao mesmo tempo pessoal e profissional do ve\u00edculo;<br \/>\n\u2022 Equilibre, para organiza\u00e7\u00f5es que queiram oferecer um servi\u00e7o de transporte de pessoas ao mesmo tempo confort\u00e1vel, econ\u00f4mico e com impacto positivo;<br \/>\n\u2022 Techno, para um uso em fam\u00edlia ou por profissionais aut\u00f4nomos que buscam todo o conforto e seguran\u00e7a, com um design diferenciado integrando equipamentos pr\u00e1ticos, como as barras de teto que permitem instalar facilmente um bagageiro de teto.<br \/>\nVale destacar que o Grand Kangoo oferece de s\u00e9rie \u2013 desde a vers\u00e3o Authentic \u2013 vidros traseiros el\u00e9tricos, c\u00e2mera de r\u00e9, tela multim\u00eddia Easy Link e servi\u00e7os conectados.<\/p>\n<p><iframe title=\"Spotify Embed: Podcast CidadeMarketing\" style=\"border-radius: 12px\" width=\"100%\" height=\"152\" frameborder=\"0\" allowfullscreen allow=\"autoplay; clipboard-write; encrypted-media; fullscreen; picture-in-picture\" loading=\"lazy\" src=\"https:\/\/open.spotify.com\/embed\/show\/4khMKzP3FgFRWVwb73xicc?si=252fe5bff2b34909&#038;utm_source=oembed\"><\/iframe><\/p>\n<p>&nbsp;<\/p>\n<p>A pr\u00e9-venda come\u00e7a no fim deste ano e as primeiras entregas acontecem no in\u00edcio de 2024.<br \/>\nMaubeuge \u00e9 centro de excel\u00eancia no polo ElectriCity<br \/>\nDesde 1997, a f\u00e1brica da Renault em Maubeuge, no norte da Fran\u00e7a, produz o Kangoo para todo o mundo.<br \/>\nJunto com as plantas de Douai e Ruitz, esta f\u00e1brica \u00e9 o cora\u00e7\u00e3o que pulsa no novo polo ElectriCity, o mais importante e competitivo centro de produ\u00e7\u00e3o de ve\u00edculos el\u00e9tricos da Europa, onde a Renault estima produzir 480 mil ve\u00edculos el\u00e9tricos anualmente at\u00e9 2025.<br \/>\nA Renault investiu 450 milh\u00f5es de euros nesta f\u00e1brica e instalou uma nova \u00e1rea para montagem de baterias para garantir uma qualidade de produ\u00e7\u00e3o de alt\u00edssimo n\u00edvel na fabrica\u00e7\u00e3o do Novo Kangoo nas vers\u00f5es de passeio e utilit\u00e1ria, bem como os ve\u00edculos de seus parceiros Mercedes e Nissan.<br \/>\nJ\u00e1 o motor el\u00e9trico do Novo Kangoo E-Tech El\u00e9trico e os carregadores s\u00e3o produzidos na f\u00e1brica da Renault de Cl\u00e9on, na regi\u00e3o da Normandia.<br \/>\nPara acompanhar o sucesso do Renault Kangoo em suas diferentes vers\u00f5es e produzir o futuro Renault 4 el\u00e9trico, em 2023 a f\u00e1brica de Maubeuge confirmou uma primeira onda de contrata\u00e7\u00f5es de 200 colaboradores com contrato de trabalho por tempo indeterminado. Estes recrutamentos se inserem no \u00e2mbito do acordo social \u201cpara o futuro das plantas da Renault no norte da Fran\u00e7a\u201d, assinado por todas as entidades sindicais em 8 de junho de 2021, durante a cria\u00e7\u00e3o do polo industrial ElectriCity. No total, foram anunciados 350 empregos diretos na planta, at\u00e9 2024.<br \/>\nAtualmente, a f\u00e1brica de Maubeuge emprega 2.500 colaboradores.<\/p>\n","protected":false},"excerpt":{"rendered":"<p>25 anos depois de criar o segmento dos furg\u00f5es com pegada l\u00fadica por meio de um design pr\u00e1tico, \u00fanico e introduzindo pela primeira vez a porta lateral deslizante, o Renault Kangoo soube se adaptar \u00e0 sua \u00e9poca, mantendo o DNA inspirado na inova\u00e7\u00e3o. Com mais de 4,4 milh\u00f5es de unidades produzidas em 50 pa\u00edses em [&hellip;]<\/p>\n","protected":false},"author":1,"featured_media":47390,"comment_status":"open","ping_status":"open","sticky":false,"template":"","format":"standard","meta":{"tdm_status":"","tdm_grid_status":"","footnotes":""},"categories":[6],"tags":[65,1340,33,293,28,134,185],"class_list":["post-47389","post","type-post","status-publish","format-standard","has-post-thumbnail","hentry","category-noticias","tag-campanha","tag-eletrico","tag-estrategia","tag-inovacao","tag-marketing","tag-renault","tag-tecnologia"],"yoast_head":"<!-- This site is optimized with the Yoast SEO plugin v27.5 - https:\/\/yoast.com\/product\/yoast-seo-wordpress\/ -->\n<title>Novo Renault Grand Kangoo \u00e9 apresentado com estilo no IAA Mobility de Munique - CidadeMarketing<\/title>\n<meta name=\"robots\" content=\"index, follow, max-snippet:-1, max-image-preview:large, max-video-preview:-1\" \/>\n<link rel=\"canonical\" href=\"https:\/\/www.cidademarketing.com.br\/marketing\/2023\/09\/10\/novo-renault-grand-kangoo-e-apresentado-com-estilo-no-iaa-mobility-de-munique\/\" \/>\n<meta property=\"og:locale\" content=\"pt_BR\" \/>\n<meta property=\"og:type\" content=\"article\" \/>\n<meta property=\"og:title\" content=\"Novo Renault Grand Kangoo \u00e9 apresentado com estilo no IAA Mobility de Munique - CidadeMarketing\" \/>\n<meta property=\"og:description\" content=\"25 anos depois de criar o segmento dos furg\u00f5es com pegada l\u00fadica por meio de um design pr\u00e1tico, \u00fanico e introduzindo pela primeira vez a porta lateral deslizante, o Renault Kangoo soube se adaptar \u00e0 sua \u00e9poca, mantendo o DNA inspirado na inova\u00e7\u00e3o. Com mais de 4,4 milh\u00f5es de unidades produzidas em 50 pa\u00edses em [&hellip;]\" \/>\n<meta property=\"og:url\" content=\"https:\/\/www.cidademarketing.com.br\/marketing\/2023\/09\/10\/novo-renault-grand-kangoo-e-apresentado-com-estilo-no-iaa-mobility-de-munique\/\" \/>\n<meta property=\"og:site_name\" content=\"CidadeMarketing\" \/>\n<meta property=\"article:publisher\" content=\"https:\/\/www.facebook.com\/portalcidademarketing\" \/>\n<meta property=\"article:author\" content=\"https:\/\/www.facebook.com\/thalesbrandao\" \/>\n<meta property=\"article:published_time\" content=\"2023-09-10T15:28:24+00:00\" \/>\n<meta property=\"og:image\" content=\"https:\/\/www.cidademarketing.com.br\/marketing\/wp-content\/uploads\/2023\/09\/grand_kangoo_renault.jpg\" \/>\n\t<meta property=\"og:image:width\" content=\"1903\" \/>\n\t<meta property=\"og:image:height\" content=\"1070\" \/>\n\t<meta property=\"og:image:type\" content=\"image\/jpeg\" \/>\n<meta name=\"author\" content=\"Thales Brand\u00e3o\" \/>\n<meta name=\"twitter:card\" content=\"summary_large_image\" \/>\n<meta name=\"twitter:creator\" content=\"@http:\/\/www.twitter.com\/thalesbrandao\" \/>\n<meta name=\"twitter:site\" content=\"@CidadeMarketing\" \/>\n<meta name=\"twitter:label1\" content=\"Escrito por\" \/>\n\t<meta name=\"twitter:data1\" content=\"Thales Brand\u00e3o\" \/>\n\t<meta name=\"twitter:label2\" content=\"Est. tempo de leitura\" \/>\n\t<meta name=\"twitter:data2\" content=\"9 minutos\" \/>\n<script type=\"application\/ld+json\" class=\"yoast-schema-graph\">{\"@context\":\"https:\\\/\\\/schema.org\",\"@graph\":[{\"@type\":\"Article\",\"@id\":\"https:\\\/\\\/www.cidademarketing.com.br\\\/marketing\\\/2023\\\/09\\\/10\\\/novo-renault-grand-kangoo-e-apresentado-com-estilo-no-iaa-mobility-de-munique\\\/#article\",\"isPartOf\":{\"@id\":\"https:\\\/\\\/www.cidademarketing.com.br\\\/marketing\\\/2023\\\/09\\\/10\\\/novo-renault-grand-kangoo-e-apresentado-com-estilo-no-iaa-mobility-de-munique\\\/\"},\"author\":{\"name\":\"Thales Brand\u00e3o\",\"@id\":\"https:\\\/\\\/www.cidademarketing.com.br\\\/marketing\\\/#\\\/schema\\\/person\\\/02daff9f18bd9378c9e01eb6b2db155f\"},\"headline\":\"Novo Renault Grand Kangoo \u00e9 apresentado com estilo no IAA Mobility de Munique\",\"datePublished\":\"2023-09-10T15:28:24+00:00\",\"mainEntityOfPage\":{\"@id\":\"https:\\\/\\\/www.cidademarketing.com.br\\\/marketing\\\/2023\\\/09\\\/10\\\/novo-renault-grand-kangoo-e-apresentado-com-estilo-no-iaa-mobility-de-munique\\\/\"},\"wordCount\":1842,\"commentCount\":0,\"publisher\":{\"@id\":\"https:\\\/\\\/www.cidademarketing.com.br\\\/marketing\\\/#organization\"},\"image\":{\"@id\":\"https:\\\/\\\/www.cidademarketing.com.br\\\/marketing\\\/2023\\\/09\\\/10\\\/novo-renault-grand-kangoo-e-apresentado-com-estilo-no-iaa-mobility-de-munique\\\/#primaryimage\"},\"thumbnailUrl\":\"https:\\\/\\\/www.cidademarketing.com.br\\\/marketing\\\/wp-content\\\/uploads\\\/2023\\\/09\\\/grand_kangoo_renault.jpg\",\"keywords\":[\"campanha\",\"el\u00e9trico\",\"estrat\u00e9gia\",\"inova\u00e7\u00e3o\",\"marketing\",\"Renault\",\"tecnologia\"],\"articleSection\":[\"Not\u00edcias\"],\"inLanguage\":\"pt-BR\",\"potentialAction\":[{\"@type\":\"CommentAction\",\"name\":\"Comment\",\"target\":[\"https:\\\/\\\/www.cidademarketing.com.br\\\/marketing\\\/2023\\\/09\\\/10\\\/novo-renault-grand-kangoo-e-apresentado-com-estilo-no-iaa-mobility-de-munique\\\/#respond\"]}]},{\"@type\":\"WebPage\",\"@id\":\"https:\\\/\\\/www.cidademarketing.com.br\\\/marketing\\\/2023\\\/09\\\/10\\\/novo-renault-grand-kangoo-e-apresentado-com-estilo-no-iaa-mobility-de-munique\\\/\",\"url\":\"https:\\\/\\\/www.cidademarketing.com.br\\\/marketing\\\/2023\\\/09\\\/10\\\/novo-renault-grand-kangoo-e-apresentado-com-estilo-no-iaa-mobility-de-munique\\\/\",\"name\":\"Novo Renault Grand Kangoo \u00e9 apresentado com estilo no IAA Mobility de Munique - CidadeMarketing\",\"isPartOf\":{\"@id\":\"https:\\\/\\\/www.cidademarketing.com.br\\\/marketing\\\/#website\"},\"primaryImageOfPage\":{\"@id\":\"https:\\\/\\\/www.cidademarketing.com.br\\\/marketing\\\/2023\\\/09\\\/10\\\/novo-renault-grand-kangoo-e-apresentado-com-estilo-no-iaa-mobility-de-munique\\\/#primaryimage\"},\"image\":{\"@id\":\"https:\\\/\\\/www.cidademarketing.com.br\\\/marketing\\\/2023\\\/09\\\/10\\\/novo-renault-grand-kangoo-e-apresentado-com-estilo-no-iaa-mobility-de-munique\\\/#primaryimage\"},\"thumbnailUrl\":\"https:\\\/\\\/www.cidademarketing.com.br\\\/marketing\\\/wp-content\\\/uploads\\\/2023\\\/09\\\/grand_kangoo_renault.jpg\",\"datePublished\":\"2023-09-10T15:28:24+00:00\",\"breadcrumb\":{\"@id\":\"https:\\\/\\\/www.cidademarketing.com.br\\\/marketing\\\/2023\\\/09\\\/10\\\/novo-renault-grand-kangoo-e-apresentado-com-estilo-no-iaa-mobility-de-munique\\\/#breadcrumb\"},\"inLanguage\":\"pt-BR\",\"potentialAction\":[{\"@type\":\"ReadAction\",\"target\":[\"https:\\\/\\\/www.cidademarketing.com.br\\\/marketing\\\/2023\\\/09\\\/10\\\/novo-renault-grand-kangoo-e-apresentado-com-estilo-no-iaa-mobility-de-munique\\\/\"]}]},{\"@type\":\"ImageObject\",\"inLanguage\":\"pt-BR\",\"@id\":\"https:\\\/\\\/www.cidademarketing.com.br\\\/marketing\\\/2023\\\/09\\\/10\\\/novo-renault-grand-kangoo-e-apresentado-com-estilo-no-iaa-mobility-de-munique\\\/#primaryimage\",\"url\":\"https:\\\/\\\/www.cidademarketing.com.br\\\/marketing\\\/wp-content\\\/uploads\\\/2023\\\/09\\\/grand_kangoo_renault.jpg\",\"contentUrl\":\"https:\\\/\\\/www.cidademarketing.com.br\\\/marketing\\\/wp-content\\\/uploads\\\/2023\\\/09\\\/grand_kangoo_renault.jpg\",\"width\":1903,\"height\":1070,\"caption\":\"Divulga\u00e7\u00e3o\"},{\"@type\":\"BreadcrumbList\",\"@id\":\"https:\\\/\\\/www.cidademarketing.com.br\\\/marketing\\\/2023\\\/09\\\/10\\\/novo-renault-grand-kangoo-e-apresentado-com-estilo-no-iaa-mobility-de-munique\\\/#breadcrumb\",\"itemListElement\":[{\"@type\":\"ListItem\",\"position\":1,\"name\":\"In\u00edcio\",\"item\":\"https:\\\/\\\/www.cidademarketing.com.br\\\/marketing\\\/\"},{\"@type\":\"ListItem\",\"position\":2,\"name\":\"Novo Renault Grand Kangoo \u00e9 apresentado com estilo no IAA Mobility de Munique\"}]},{\"@type\":\"WebSite\",\"@id\":\"https:\\\/\\\/www.cidademarketing.com.br\\\/marketing\\\/#website\",\"url\":\"https:\\\/\\\/www.cidademarketing.com.br\\\/marketing\\\/\",\"name\":\"CidadeMarketing\",\"description\":\"Somos um ve\u00edculo de comunica\u00e7\u00e3o de destaque no Brasil, reconhecido por conte\u00fados nos segmentos de marketing, empreendedorismo e inova\u00e7\u00e3o.\",\"publisher\":{\"@id\":\"https:\\\/\\\/www.cidademarketing.com.br\\\/marketing\\\/#organization\"},\"alternateName\":\"CidadeMarketing\",\"potentialAction\":[{\"@type\":\"SearchAction\",\"target\":{\"@type\":\"EntryPoint\",\"urlTemplate\":\"https:\\\/\\\/www.cidademarketing.com.br\\\/marketing\\\/?s={search_term_string}\"},\"query-input\":{\"@type\":\"PropertyValueSpecification\",\"valueRequired\":true,\"valueName\":\"search_term_string\"}}],\"inLanguage\":\"pt-BR\"},{\"@type\":\"Organization\",\"@id\":\"https:\\\/\\\/www.cidademarketing.com.br\\\/marketing\\\/#organization\",\"name\":\"CidadeMarketing\",\"alternateName\":\"CidadeMarketing\",\"url\":\"https:\\\/\\\/www.cidademarketing.com.br\\\/marketing\\\/\",\"logo\":{\"@type\":\"ImageObject\",\"inLanguage\":\"pt-BR\",\"@id\":\"https:\\\/\\\/www.cidademarketing.com.br\\\/marketing\\\/#\\\/schema\\\/logo\\\/image\\\/\",\"url\":\"https:\\\/\\\/www.cidademarketing.com.br\\\/marketing\\\/wp-content\\\/uploads\\\/2020\\\/01\\\/cidademarketing_marca_mobile.png\",\"contentUrl\":\"https:\\\/\\\/www.cidademarketing.com.br\\\/marketing\\\/wp-content\\\/uploads\\\/2020\\\/01\\\/cidademarketing_marca_mobile.png\",\"width\":230,\"height\":92,\"caption\":\"CidadeMarketing\"},\"image\":{\"@id\":\"https:\\\/\\\/www.cidademarketing.com.br\\\/marketing\\\/#\\\/schema\\\/logo\\\/image\\\/\"},\"sameAs\":[\"https:\\\/\\\/www.facebook.com\\\/portalcidademarketing\",\"https:\\\/\\\/x.com\\\/CidadeMarketing\",\"https:\\\/\\\/www.instagram.com\\\/cidademarketing\\\/\"]},{\"@type\":\"Person\",\"@id\":\"https:\\\/\\\/www.cidademarketing.com.br\\\/marketing\\\/#\\\/schema\\\/person\\\/02daff9f18bd9378c9e01eb6b2db155f\",\"name\":\"Thales Brand\u00e3o\",\"image\":{\"@type\":\"ImageObject\",\"inLanguage\":\"pt-BR\",\"@id\":\"https:\\\/\\\/secure.gravatar.com\\\/avatar\\\/7ca3206950207cc3cb48feec56a8a7898741ab725c368d99d5d7a5a50aab80c6?s=96&d=mm&r=g\",\"url\":\"https:\\\/\\\/secure.gravatar.com\\\/avatar\\\/7ca3206950207cc3cb48feec56a8a7898741ab725c368d99d5d7a5a50aab80c6?s=96&d=mm&r=g\",\"contentUrl\":\"https:\\\/\\\/secure.gravatar.com\\\/avatar\\\/7ca3206950207cc3cb48feec56a8a7898741ab725c368d99d5d7a5a50aab80c6?s=96&d=mm&r=g\",\"caption\":\"Thales Brand\u00e3o\"},\"description\":\"Editor Executivo do Portal CidadeMarketing.com.br &gt; Mestre em Comunica\u00e7\u00e3o e Sociedade pela Universidade Federal de Sergipe. Possui MBA Executivo em Administra\u00e7\u00e3o com \u00eanfase em Marketing pela Funda\u00e7\u00e3o Get\u00falio Vargas - Rio de Janeiro. Consultor, Palestrante e Pesquisador sobre Empreendedorismo, Marketing, Redes Sociais e Neg\u00f3cios Digitais. Professor, Palestrante TedxTalks e Campus Party. Twitter: @ThalesBrandao\",\"sameAs\":[\"http:\\\/\\\/www.mandacaru.com.br\",\"https:\\\/\\\/www.facebook.com\\\/thalesbrandao\",\"http:\\\/\\\/www.instagram.com.br\\\/thalesbrandaoferreira\",\"https:\\\/\\\/www.linkedin.com\\\/in\\\/thales-brand\u00e3o-3948609\\\/\",\"https:\\\/\\\/x.com\\\/http:\\\/\\\/www.twitter.com\\\/thalesbrandao\"],\"url\":\"https:\\\/\\\/www.cidademarketing.com.br\\\/marketing\\\/author\\\/thalesbrandao\\\/\"}]}<\/script>\n<!-- \/ Yoast SEO plugin. -->","yoast_head_json":{"title":"Novo Renault Grand Kangoo \u00e9 apresentado com estilo no IAA Mobility de Munique - CidadeMarketing","robots":{"index":"index","follow":"follow","max-snippet":"max-snippet:-1","max-image-preview":"max-image-preview:large","max-video-preview":"max-video-preview:-1"},"canonical":"https:\/\/www.cidademarketing.com.br\/marketing\/2023\/09\/10\/novo-renault-grand-kangoo-e-apresentado-com-estilo-no-iaa-mobility-de-munique\/","og_locale":"pt_BR","og_type":"article","og_title":"Novo Renault Grand Kangoo \u00e9 apresentado com estilo no IAA Mobility de Munique - CidadeMarketing","og_description":"25 anos depois de criar o segmento dos furg\u00f5es com pegada l\u00fadica por meio de um design pr\u00e1tico, \u00fanico e introduzindo pela primeira vez a porta lateral deslizante, o Renault Kangoo soube se adaptar \u00e0 sua \u00e9poca, mantendo o DNA inspirado na inova\u00e7\u00e3o. Com mais de 4,4 milh\u00f5es de unidades produzidas em 50 pa\u00edses em [&hellip;]","og_url":"https:\/\/www.cidademarketing.com.br\/marketing\/2023\/09\/10\/novo-renault-grand-kangoo-e-apresentado-com-estilo-no-iaa-mobility-de-munique\/","og_site_name":"CidadeMarketing","article_publisher":"https:\/\/www.facebook.com\/portalcidademarketing","article_author":"https:\/\/www.facebook.com\/thalesbrandao","article_published_time":"2023-09-10T15:28:24+00:00","og_image":[{"width":1903,"height":1070,"url":"https:\/\/www.cidademarketing.com.br\/marketing\/wp-content\/uploads\/2023\/09\/grand_kangoo_renault.jpg","type":"image\/jpeg"}],"author":"Thales Brand\u00e3o","twitter_card":"summary_large_image","twitter_creator":"@http:\/\/www.twitter.com\/thalesbrandao","twitter_site":"@CidadeMarketing","twitter_misc":{"Escrito por":"Thales Brand\u00e3o","Est. tempo de leitura":"9 minutos"},"schema":{"@context":"https:\/\/schema.org","@graph":[{"@type":"Article","@id":"https:\/\/www.cidademarketing.com.br\/marketing\/2023\/09\/10\/novo-renault-grand-kangoo-e-apresentado-com-estilo-no-iaa-mobility-de-munique\/#article","isPartOf":{"@id":"https:\/\/www.cidademarketing.com.br\/marketing\/2023\/09\/10\/novo-renault-grand-kangoo-e-apresentado-com-estilo-no-iaa-mobility-de-munique\/"},"author":{"name":"Thales Brand\u00e3o","@id":"https:\/\/www.cidademarketing.com.br\/marketing\/#\/schema\/person\/02daff9f18bd9378c9e01eb6b2db155f"},"headline":"Novo Renault Grand Kangoo \u00e9 apresentado com estilo no IAA Mobility de Munique","datePublished":"2023-09-10T15:28:24+00:00","mainEntityOfPage":{"@id":"https:\/\/www.cidademarketing.com.br\/marketing\/2023\/09\/10\/novo-renault-grand-kangoo-e-apresentado-com-estilo-no-iaa-mobility-de-munique\/"},"wordCount":1842,"commentCount":0,"publisher":{"@id":"https:\/\/www.cidademarketing.com.br\/marketing\/#organization"},"image":{"@id":"https:\/\/www.cidademarketing.com.br\/marketing\/2023\/09\/10\/novo-renault-grand-kangoo-e-apresentado-com-estilo-no-iaa-mobility-de-munique\/#primaryimage"},"thumbnailUrl":"https:\/\/www.cidademarketing.com.br\/marketing\/wp-content\/uploads\/2023\/09\/grand_kangoo_renault.jpg","keywords":["campanha","el\u00e9trico","estrat\u00e9gia","inova\u00e7\u00e3o","marketing","Renault","tecnologia"],"articleSection":["Not\u00edcias"],"inLanguage":"pt-BR","potentialAction":[{"@type":"CommentAction","name":"Comment","target":["https:\/\/www.cidademarketing.com.br\/marketing\/2023\/09\/10\/novo-renault-grand-kangoo-e-apresentado-com-estilo-no-iaa-mobility-de-munique\/#respond"]}]},{"@type":"WebPage","@id":"https:\/\/www.cidademarketing.com.br\/marketing\/2023\/09\/10\/novo-renault-grand-kangoo-e-apresentado-com-estilo-no-iaa-mobility-de-munique\/","url":"https:\/\/www.cidademarketing.com.br\/marketing\/2023\/09\/10\/novo-renault-grand-kangoo-e-apresentado-com-estilo-no-iaa-mobility-de-munique\/","name":"Novo Renault Grand Kangoo \u00e9 apresentado com estilo no IAA Mobility de Munique - CidadeMarketing","isPartOf":{"@id":"https:\/\/www.cidademarketing.com.br\/marketing\/#website"},"primaryImageOfPage":{"@id":"https:\/\/www.cidademarketing.com.br\/marketing\/2023\/09\/10\/novo-renault-grand-kangoo-e-apresentado-com-estilo-no-iaa-mobility-de-munique\/#primaryimage"},"image":{"@id":"https:\/\/www.cidademarketing.com.br\/marketing\/2023\/09\/10\/novo-renault-grand-kangoo-e-apresentado-com-estilo-no-iaa-mobility-de-munique\/#primaryimage"},"thumbnailUrl":"https:\/\/www.cidademarketing.com.br\/marketing\/wp-content\/uploads\/2023\/09\/grand_kangoo_renault.jpg","datePublished":"2023-09-10T15:28:24+00:00","breadcrumb":{"@id":"https:\/\/www.cidademarketing.com.br\/marketing\/2023\/09\/10\/novo-renault-grand-kangoo-e-apresentado-com-estilo-no-iaa-mobility-de-munique\/#breadcrumb"},"inLanguage":"pt-BR","potentialAction":[{"@type":"ReadAction","target":["https:\/\/www.cidademarketing.com.br\/marketing\/2023\/09\/10\/novo-renault-grand-kangoo-e-apresentado-com-estilo-no-iaa-mobility-de-munique\/"]}]},{"@type":"ImageObject","inLanguage":"pt-BR","@id":"https:\/\/www.cidademarketing.com.br\/marketing\/2023\/09\/10\/novo-renault-grand-kangoo-e-apresentado-com-estilo-no-iaa-mobility-de-munique\/#primaryimage","url":"https:\/\/www.cidademarketing.com.br\/marketing\/wp-content\/uploads\/2023\/09\/grand_kangoo_renault.jpg","contentUrl":"https:\/\/www.cidademarketing.com.br\/marketing\/wp-content\/uploads\/2023\/09\/grand_kangoo_renault.jpg","width":1903,"height":1070,"caption":"Divulga\u00e7\u00e3o"},{"@type":"BreadcrumbList","@id":"https:\/\/www.cidademarketing.com.br\/marketing\/2023\/09\/10\/novo-renault-grand-kangoo-e-apresentado-com-estilo-no-iaa-mobility-de-munique\/#breadcrumb","itemListElement":[{"@type":"ListItem","position":1,"name":"In\u00edcio","item":"https:\/\/www.cidademarketing.com.br\/marketing\/"},{"@type":"ListItem","position":2,"name":"Novo Renault Grand Kangoo \u00e9 apresentado com estilo no IAA Mobility de Munique"}]},{"@type":"WebSite","@id":"https:\/\/www.cidademarketing.com.br\/marketing\/#website","url":"https:\/\/www.cidademarketing.com.br\/marketing\/","name":"CidadeMarketing","description":"Somos um ve\u00edculo de comunica\u00e7\u00e3o de destaque no Brasil, reconhecido por conte\u00fados nos segmentos de marketing, empreendedorismo e inova\u00e7\u00e3o.","publisher":{"@id":"https:\/\/www.cidademarketing.com.br\/marketing\/#organization"},"alternateName":"CidadeMarketing","potentialAction":[{"@type":"SearchAction","target":{"@type":"EntryPoint","urlTemplate":"https:\/\/www.cidademarketing.com.br\/marketing\/?s={search_term_string}"},"query-input":{"@type":"PropertyValueSpecification","valueRequired":true,"valueName":"search_term_string"}}],"inLanguage":"pt-BR"},{"@type":"Organization","@id":"https:\/\/www.cidademarketing.com.br\/marketing\/#organization","name":"CidadeMarketing","alternateName":"CidadeMarketing","url":"https:\/\/www.cidademarketing.com.br\/marketing\/","logo":{"@type":"ImageObject","inLanguage":"pt-BR","@id":"https:\/\/www.cidademarketing.com.br\/marketing\/#\/schema\/logo\/image\/","url":"https:\/\/www.cidademarketing.com.br\/marketing\/wp-content\/uploads\/2020\/01\/cidademarketing_marca_mobile.png","contentUrl":"https:\/\/www.cidademarketing.com.br\/marketing\/wp-content\/uploads\/2020\/01\/cidademarketing_marca_mobile.png","width":230,"height":92,"caption":"CidadeMarketing"},"image":{"@id":"https:\/\/www.cidademarketing.com.br\/marketing\/#\/schema\/logo\/image\/"},"sameAs":["https:\/\/www.facebook.com\/portalcidademarketing","https:\/\/x.com\/CidadeMarketing","https:\/\/www.instagram.com\/cidademarketing\/"]},{"@type":"Person","@id":"https:\/\/www.cidademarketing.com.br\/marketing\/#\/schema\/person\/02daff9f18bd9378c9e01eb6b2db155f","name":"Thales Brand\u00e3o","image":{"@type":"ImageObject","inLanguage":"pt-BR","@id":"https:\/\/secure.gravatar.com\/avatar\/7ca3206950207cc3cb48feec56a8a7898741ab725c368d99d5d7a5a50aab80c6?s=96&d=mm&r=g","url":"https:\/\/secure.gravatar.com\/avatar\/7ca3206950207cc3cb48feec56a8a7898741ab725c368d99d5d7a5a50aab80c6?s=96&d=mm&r=g","contentUrl":"https:\/\/secure.gravatar.com\/avatar\/7ca3206950207cc3cb48feec56a8a7898741ab725c368d99d5d7a5a50aab80c6?s=96&d=mm&r=g","caption":"Thales Brand\u00e3o"},"description":"Editor Executivo do Portal CidadeMarketing.com.br &gt; Mestre em Comunica\u00e7\u00e3o e Sociedade pela Universidade Federal de Sergipe. Possui MBA Executivo em Administra\u00e7\u00e3o com \u00eanfase em Marketing pela Funda\u00e7\u00e3o Get\u00falio Vargas - Rio de Janeiro. Consultor, Palestrante e Pesquisador sobre Empreendedorismo, Marketing, Redes Sociais e Neg\u00f3cios Digitais. Professor, Palestrante TedxTalks e Campus Party. Twitter: @ThalesBrandao","sameAs":["http:\/\/www.mandacaru.com.br","https:\/\/www.facebook.com\/thalesbrandao","http:\/\/www.instagram.com.br\/thalesbrandaoferreira","https:\/\/www.linkedin.com\/in\/thales-brand\u00e3o-3948609\/","https:\/\/x.com\/http:\/\/www.twitter.com\/thalesbrandao"],"url":"https:\/\/www.cidademarketing.com.br\/marketing\/author\/thalesbrandao\/"}]}},"amp_enabled":true,"_links":{"self":[{"href":"https:\/\/www.cidademarketing.com.br\/marketing\/wp-json\/wp\/v2\/posts\/47389","targetHints":{"allow":["GET"]}}],"collection":[{"href":"https:\/\/www.cidademarketing.com.br\/marketing\/wp-json\/wp\/v2\/posts"}],"about":[{"href":"https:\/\/www.cidademarketing.com.br\/marketing\/wp-json\/wp\/v2\/types\/post"}],"author":[{"embeddable":true,"href":"https:\/\/www.cidademarketing.com.br\/marketing\/wp-json\/wp\/v2\/users\/1"}],"replies":[{"embeddable":true,"href":"https:\/\/www.cidademarketing.com.br\/marketing\/wp-json\/wp\/v2\/comments?post=47389"}],"version-history":[{"count":1,"href":"https:\/\/www.cidademarketing.com.br\/marketing\/wp-json\/wp\/v2\/posts\/47389\/revisions"}],"predecessor-version":[{"id":47391,"href":"https:\/\/www.cidademarketing.com.br\/marketing\/wp-json\/wp\/v2\/posts\/47389\/revisions\/47391"}],"wp:featuredmedia":[{"embeddable":true,"href":"https:\/\/www.cidademarketing.com.br\/marketing\/wp-json\/wp\/v2\/media\/47390"}],"wp:attachment":[{"href":"https:\/\/www.cidademarketing.com.br\/marketing\/wp-json\/wp\/v2\/media?parent=47389"}],"wp:term":[{"taxonomy":"category","embeddable":true,"href":"https:\/\/www.cidademarketing.com.br\/marketing\/wp-json\/wp\/v2\/categories?post=47389"},{"taxonomy":"post_tag","embeddable":true,"href":"https:\/\/www.cidademarketing.com.br\/marketing\/wp-json\/wp\/v2\/tags?post=47389"}],"curies":[{"name":"wp","href":"https:\/\/api.w.org\/{rel}","templated":true}]}}