{"id":47378,"date":"2023-09-09T23:27:28","date_gmt":"2023-09-10T02:27:28","guid":{"rendered":"https:\/\/www.cidademarketing.com.br\/marketing\/?p=47378"},"modified":"2023-09-09T23:27:28","modified_gmt":"2023-09-10T02:27:28","slug":"nestle-brasil-reforca-sua-presenca-no-segmento-de-chocolates-com-aquisicao-das-marcas-kopenhagen-e-brasil-cacau","status":"publish","type":"post","link":"https:\/\/www.cidademarketing.com.br\/marketing\/2023\/09\/09\/nestle-brasil-reforca-sua-presenca-no-segmento-de-chocolates-com-aquisicao-das-marcas-kopenhagen-e-brasil-cacau\/","title":{"rendered":"Nestl\u00e9 Brasil refor\u00e7a sua presen\u00e7a no segmento de chocolates com aquisi\u00e7\u00e3o das marcas Kopenhagen e Brasil Cacau"},"content":{"rendered":"<p>A Nestl\u00e9 Brasil assinou hoje contrato para aquisi\u00e7\u00e3o do Grupo CRM, dono dos neg\u00f3cios Kopenhagen e Brasil Cacau. Pela estrutura da transa\u00e7\u00e3o, a Nestl\u00e9 adquire a totalidade da participa\u00e7\u00e3o do FIP Dutch, cujos quotistas s\u00e3o fundos geridos pela Advent International, no Grupo CRM. O neg\u00f3cio est\u00e1 sujeito \u00e0 aprova\u00e7\u00e3o do Conselho Administrativo de Defesa Econ\u00f4mica (CADE) e ser\u00e1 submetido ao \u00f3rg\u00e3o regulador nas pr\u00f3ximas semanas. A expectativa \u00e9 de o que fechamento da transa\u00e7\u00e3o ocorra em 2024. Os detalhes financeiros envolvidos n\u00e3o est\u00e3o sendo divulgados.<\/p>\n<p><a href=\"https:\/\/www.cidademarketing.com.br\/marketing\/sua-marca-vai-virar-noticia\/\" target=\"_blank\" rel=\"noopener\"><img fetchpriority=\"high\" decoding=\"async\" class=\"wp-image-44329 aligncenter\" src=\"https:\/\/www.cidademarketing.com.br\/marketing\/wp-content\/uploads\/2023\/04\/cidademarketing_backlinks_marketingdigital_publieditorial_.png\" alt=\"\" width=\"500\" height=\"500\" \/><\/a><\/p>\n<p>Renata Moraes Vichi, que est\u00e1 na empresa h\u00e1 25 anos, continuar\u00e1 \u00e0 frente da opera\u00e7\u00e3o do Grupo, como acionista e CEO. O Grupo CRM tem hoje mais de 1.000 lojas e \u00e9 um dos maiores franqueadores do Brasil. O controle acion\u00e1rio permitir\u00e1 \u00e0 Nestl\u00e9 participar de um segmento diferenciado, agregando \u00e0 sua estrutura um novo modelo de neg\u00f3cio com a rede de lojas que oferece uma experi\u00eancia exclusiva aos consumidores aliando chocolates finos ao caf\u00e9. Ao mesmo tempo, a Nestl\u00e9 estar\u00e1 comprometida em alavancar ainda mais o crescimento do Grupo CRM.<\/p>\n<p>\u201cConsideramos essencial para o sucesso da transa\u00e7\u00e3o a perman\u00eancia da Renata na gest\u00e3o por seu profundo conhecimento do neg\u00f3cio, resultados e pela paix\u00e3o com a qual vem conduzindo a empresa nos \u00faltimos 25 anos, culminando em uma trajet\u00f3ria consistente de desenvolvimento\u201d, afirma Marcelo Melchior, CEO da Nestl\u00e9 Brasil. \u201cEntendemos que temos uma grande oportunidade de acelerarmos segmentos de maior valor agregado, fortalecendo ainda mais a categoria de Chocolates no Brasil.\u201d<\/p>\n<p>Marca centen\u00e1ria, a hist\u00f3ria da Kopenhagen come\u00e7a em 1928 e segue atravessando d\u00e9cadas sempre distinguida pela inova\u00e7\u00e3o. Cl\u00e1ssicos como L\u00edngua de Gato, Nh\u00e1 Benta, Lajotinha, Chumbinho e Cherry Brand s\u00e3o produtos ic\u00f4nicos e queridos dos brasileiros: com mais de 600 lojas, a Kopenhagen est\u00e1 presente em todos os estados brasileiros. J\u00e1 as lojas Brasil Cacau est\u00e3o no mercado desde 2009 e nasceram com a miss\u00e3o de democratizar o chocolate de qualidade no pa\u00eds. Hoje, possui mais de 400 unidades distribu\u00eddas em todo o Brasil.<\/p>\n<p>Em 2020, os fundos geridos pela Advent adquiriram o controle do Grupo CRM com o objetivo de apoiar o crescimento da companhia. Em tr\u00eas anos, a gestora de private equity impulsionou a abertura de novas lojas, cumprindo os planos de expans\u00e3o do Grupo. Al\u00e9m disso, agregou conhecimento do varejo e tecnologia voltada a acelerar a transforma\u00e7\u00e3o digital da rede.<\/p>\n<figure id=\"attachment_47379\" aria-describedby=\"caption-attachment-47379\" style=\"width: 800px\" class=\"wp-caption alignnone\"><img decoding=\"async\" class=\"wp-image-47379 size-full\" src=\"https:\/\/www.cidademarketing.com.br\/marketing\/wp-content\/uploads\/2023\/09\/nestlebrasil_kopenhagen.jpg\" alt=\"\" width=\"800\" height=\"547\" srcset=\"https:\/\/www.cidademarketing.com.br\/marketing\/wp-content\/uploads\/2023\/09\/nestlebrasil_kopenhagen.jpg 800w, https:\/\/www.cidademarketing.com.br\/marketing\/wp-content\/uploads\/2023\/09\/nestlebrasil_kopenhagen-300x205.jpg 300w, https:\/\/www.cidademarketing.com.br\/marketing\/wp-content\/uploads\/2023\/09\/nestlebrasil_kopenhagen-768x525.jpg 768w, https:\/\/www.cidademarketing.com.br\/marketing\/wp-content\/uploads\/2023\/09\/nestlebrasil_kopenhagen-614x420.jpg 614w, https:\/\/www.cidademarketing.com.br\/marketing\/wp-content\/uploads\/2023\/09\/nestlebrasil_kopenhagen-640x438.jpg 640w, https:\/\/www.cidademarketing.com.br\/marketing\/wp-content\/uploads\/2023\/09\/nestlebrasil_kopenhagen-681x466.jpg 681w\" sizes=\"(max-width: 800px) 100vw, 800px\" \/><figcaption id=\"caption-attachment-47379\" class=\"wp-caption-text\">Wilson Rosa, Renata Vichi e Marcelo Melchior. Cr\u00e9dito: Lu Prezia<\/figcaption><\/figure>\n<p>&nbsp;<\/p>\n<p>\u201cEstou \u00e0 frente das marcas Kopenhagen e Brasil Cacau h\u00e1 mais de duas d\u00e9cadas e, desde que assumi a minha primeira posi\u00e7\u00e3o no Grupo, minha linha de gest\u00e3o sempre esteve fundamentada no prop\u00f3sito de perpetuar as nossas marcas e, a partir desse objetivo, todas as estrat\u00e9gias e inova\u00e7\u00f5es s\u00e3o empreendidas. Tenho orgulho de ver tudo o que constru\u00edmos junto aos nossos mais de 590 franqueados e 2 mil colaboradores. Partimos de um grupo familiar que sempre teve uma governan\u00e7a robusta, com uma cultura forte e propulsora, onde a preserva\u00e7\u00e3o dos territ\u00f3rios de cada marca e seus movimentos sempre foi prioridade. Com valores inegoci\u00e1veis crescemos e nos estabelecemos como um dos maiores grupos franqueadores do pa\u00eds. Ao lado da Advent, fizemos em 3 anos o resultado que era esperado para 5, e hoje firmamos essa parceria com a Nestl\u00e9 certos de que ainda temos um longo caminho a percorrer at\u00e9 o nosso sonho grande. Estou segura de que hoje demos um passo gigante rumo a esse futuro que, como grupo, constru\u00edmos todos os dias\u201d, celebra Renata Vichi, CEO do Grupo CRM.<\/p>\n<p><a href=\"https:\/\/open.spotify.com\/show\/4khMKzP3FgFRWVwb73xicc?si=252fe5bff2b34909\">https:\/\/open.spotify.com\/show\/4khMKzP3FgFRWVwb73xicc?si=252fe5bff2b34909<\/a><\/p>\n<p>\u201cFazer parcerias com empreendedores na gest\u00e3o das empresas em que investimos est\u00e1 no cora\u00e7\u00e3o da estrat\u00e9gia de gera\u00e7\u00e3o de valor da Advent, e ficamos muito felizes por aquilo que conquistamos ao lado da Renata e de seu time no Grupo CRM\u201d, diz Wilson Rosa, s\u00f3cio da Advent correspons\u00e1vel pelos investimentos em empresas de varejo e consumo na Am\u00e9rica Latina. Desde 1997, a Advent investiu em 24 empresas dos dois setores na regi\u00e3o. \u201cSob o controle da Advent, o grupo CRM cresceu significativamente, consolidando-se como l\u00edder do segmento de chocolates premium e uma das principais empresas do pujante mercado de franquias brasileiro.\u201d<\/p>\n<p>A rela\u00e7\u00e3o que se estabelece entre a Nestl\u00e9 e o Grupo CRM permitir\u00e1 capturar oportunidades em diversas avenidas de crescimento com foco em inova\u00e7\u00e3o, digitaliza\u00e7\u00e3o, explora\u00e7\u00e3o de novas categorias e canais, al\u00e9m de permitir amplia\u00e7\u00e3o das iniciativas de sustentabilidade relevantes para o neg\u00f3cio de chocolates.<\/p>\n","protected":false},"excerpt":{"rendered":"<p>A Nestl\u00e9 Brasil assinou hoje contrato para aquisi\u00e7\u00e3o do Grupo CRM, dono dos neg\u00f3cios Kopenhagen e Brasil Cacau. Pela estrutura da transa\u00e7\u00e3o, a Nestl\u00e9 adquire a totalidade da participa\u00e7\u00e3o do FIP Dutch, cujos quotistas s\u00e3o fundos geridos pela Advent International, no Grupo CRM. O neg\u00f3cio est\u00e1 sujeito \u00e0 aprova\u00e7\u00e3o do Conselho Administrativo de Defesa Econ\u00f4mica [&hellip;]<\/p>\n","protected":false},"author":1,"featured_media":35173,"comment_status":"open","ping_status":"open","sticky":false,"template":"","format":"standard","meta":{"tdm_status":"","tdm_grid_status":"","footnotes":""},"categories":[8,6],"tags":[412,245,33,829,37,28,131],"class_list":["post-47378","post","type-post","status-publish","format-standard","has-post-thumbnail","hentry","category-marcas","category-noticias","tag-aquisicao","tag-brasil-cacau","tag-estrategia","tag-kopenhagen","tag-marca","tag-marketing","tag-nestle"],"yoast_head":"<!-- This site is optimized with the Yoast SEO plugin v27.5 - https:\/\/yoast.com\/product\/yoast-seo-wordpress\/ -->\n<title>Nestl\u00e9 Brasil refor\u00e7a sua presen\u00e7a no segmento de chocolates com aquisi\u00e7\u00e3o das marcas Kopenhagen e Brasil Cacau - CidadeMarketing<\/title>\n<meta name=\"robots\" content=\"index, follow, max-snippet:-1, max-image-preview:large, max-video-preview:-1\" \/>\n<link rel=\"canonical\" href=\"https:\/\/www.cidademarketing.com.br\/marketing\/2023\/09\/09\/nestle-brasil-reforca-sua-presenca-no-segmento-de-chocolates-com-aquisicao-das-marcas-kopenhagen-e-brasil-cacau\/\" \/>\n<meta property=\"og:locale\" content=\"pt_BR\" \/>\n<meta property=\"og:type\" content=\"article\" \/>\n<meta property=\"og:title\" content=\"Nestl\u00e9 Brasil refor\u00e7a sua presen\u00e7a no segmento de chocolates com aquisi\u00e7\u00e3o das marcas Kopenhagen e Brasil Cacau - CidadeMarketing\" \/>\n<meta property=\"og:description\" content=\"A Nestl\u00e9 Brasil assinou hoje contrato para aquisi\u00e7\u00e3o do Grupo CRM, dono dos neg\u00f3cios Kopenhagen e Brasil Cacau. Pela estrutura da transa\u00e7\u00e3o, a Nestl\u00e9 adquire a totalidade da participa\u00e7\u00e3o do FIP Dutch, cujos quotistas s\u00e3o fundos geridos pela Advent International, no Grupo CRM. O neg\u00f3cio est\u00e1 sujeito \u00e0 aprova\u00e7\u00e3o do Conselho Administrativo de Defesa Econ\u00f4mica [&hellip;]\" \/>\n<meta property=\"og:url\" content=\"https:\/\/www.cidademarketing.com.br\/marketing\/2023\/09\/09\/nestle-brasil-reforca-sua-presenca-no-segmento-de-chocolates-com-aquisicao-das-marcas-kopenhagen-e-brasil-cacau\/\" \/>\n<meta property=\"og:site_name\" content=\"CidadeMarketing\" \/>\n<meta property=\"article:publisher\" content=\"https:\/\/www.facebook.com\/portalcidademarketing\" \/>\n<meta property=\"article:author\" content=\"https:\/\/www.facebook.com\/thalesbrandao\" \/>\n<meta property=\"article:published_time\" content=\"2023-09-10T02:27:28+00:00\" \/>\n<meta property=\"og:image\" content=\"https:\/\/www.cidademarketing.com.br\/marketing\/wp-content\/uploads\/2022\/03\/nestle_marca.jpg\" \/>\n\t<meta property=\"og:image:width\" content=\"720\" \/>\n\t<meta property=\"og:image:height\" content=\"720\" \/>\n\t<meta property=\"og:image:type\" content=\"image\/jpeg\" \/>\n<meta name=\"author\" content=\"Thales Brand\u00e3o\" \/>\n<meta name=\"twitter:card\" content=\"summary_large_image\" \/>\n<meta name=\"twitter:creator\" content=\"@http:\/\/www.twitter.com\/thalesbrandao\" \/>\n<meta name=\"twitter:site\" content=\"@CidadeMarketing\" \/>\n<meta name=\"twitter:label1\" content=\"Escrito por\" \/>\n\t<meta name=\"twitter:data1\" content=\"Thales Brand\u00e3o\" \/>\n\t<meta name=\"twitter:label2\" content=\"Est. tempo de leitura\" \/>\n\t<meta name=\"twitter:data2\" content=\"4 minutos\" \/>\n<script type=\"application\/ld+json\" class=\"yoast-schema-graph\">{\"@context\":\"https:\\\/\\\/schema.org\",\"@graph\":[{\"@type\":\"Article\",\"@id\":\"https:\\\/\\\/www.cidademarketing.com.br\\\/marketing\\\/2023\\\/09\\\/09\\\/nestle-brasil-reforca-sua-presenca-no-segmento-de-chocolates-com-aquisicao-das-marcas-kopenhagen-e-brasil-cacau\\\/#article\",\"isPartOf\":{\"@id\":\"https:\\\/\\\/www.cidademarketing.com.br\\\/marketing\\\/2023\\\/09\\\/09\\\/nestle-brasil-reforca-sua-presenca-no-segmento-de-chocolates-com-aquisicao-das-marcas-kopenhagen-e-brasil-cacau\\\/\"},\"author\":{\"name\":\"Thales Brand\u00e3o\",\"@id\":\"https:\\\/\\\/www.cidademarketing.com.br\\\/marketing\\\/#\\\/schema\\\/person\\\/02daff9f18bd9378c9e01eb6b2db155f\"},\"headline\":\"Nestl\u00e9 Brasil refor\u00e7a sua presen\u00e7a no segmento de chocolates com aquisi\u00e7\u00e3o das marcas Kopenhagen e Brasil Cacau\",\"datePublished\":\"2023-09-10T02:27:28+00:00\",\"mainEntityOfPage\":{\"@id\":\"https:\\\/\\\/www.cidademarketing.com.br\\\/marketing\\\/2023\\\/09\\\/09\\\/nestle-brasil-reforca-sua-presenca-no-segmento-de-chocolates-com-aquisicao-das-marcas-kopenhagen-e-brasil-cacau\\\/\"},\"wordCount\":816,\"commentCount\":0,\"publisher\":{\"@id\":\"https:\\\/\\\/www.cidademarketing.com.br\\\/marketing\\\/#organization\"},\"image\":{\"@id\":\"https:\\\/\\\/www.cidademarketing.com.br\\\/marketing\\\/2023\\\/09\\\/09\\\/nestle-brasil-reforca-sua-presenca-no-segmento-de-chocolates-com-aquisicao-das-marcas-kopenhagen-e-brasil-cacau\\\/#primaryimage\"},\"thumbnailUrl\":\"https:\\\/\\\/www.cidademarketing.com.br\\\/marketing\\\/wp-content\\\/uploads\\\/2022\\\/03\\\/nestle_marca.jpg\",\"keywords\":[\"aquisi\u00e7\u00e3o\",\"Brasil Cacau\",\"estrat\u00e9gia\",\"Kopenhagen\",\"marca\",\"marketing\",\"Nestl\u00e9\"],\"articleSection\":[\"Marcas\",\"Not\u00edcias\"],\"inLanguage\":\"pt-BR\",\"potentialAction\":[{\"@type\":\"CommentAction\",\"name\":\"Comment\",\"target\":[\"https:\\\/\\\/www.cidademarketing.com.br\\\/marketing\\\/2023\\\/09\\\/09\\\/nestle-brasil-reforca-sua-presenca-no-segmento-de-chocolates-com-aquisicao-das-marcas-kopenhagen-e-brasil-cacau\\\/#respond\"]}]},{\"@type\":\"WebPage\",\"@id\":\"https:\\\/\\\/www.cidademarketing.com.br\\\/marketing\\\/2023\\\/09\\\/09\\\/nestle-brasil-reforca-sua-presenca-no-segmento-de-chocolates-com-aquisicao-das-marcas-kopenhagen-e-brasil-cacau\\\/\",\"url\":\"https:\\\/\\\/www.cidademarketing.com.br\\\/marketing\\\/2023\\\/09\\\/09\\\/nestle-brasil-reforca-sua-presenca-no-segmento-de-chocolates-com-aquisicao-das-marcas-kopenhagen-e-brasil-cacau\\\/\",\"name\":\"Nestl\u00e9 Brasil refor\u00e7a sua presen\u00e7a no segmento de chocolates com aquisi\u00e7\u00e3o das marcas Kopenhagen e Brasil Cacau - CidadeMarketing\",\"isPartOf\":{\"@id\":\"https:\\\/\\\/www.cidademarketing.com.br\\\/marketing\\\/#website\"},\"primaryImageOfPage\":{\"@id\":\"https:\\\/\\\/www.cidademarketing.com.br\\\/marketing\\\/2023\\\/09\\\/09\\\/nestle-brasil-reforca-sua-presenca-no-segmento-de-chocolates-com-aquisicao-das-marcas-kopenhagen-e-brasil-cacau\\\/#primaryimage\"},\"image\":{\"@id\":\"https:\\\/\\\/www.cidademarketing.com.br\\\/marketing\\\/2023\\\/09\\\/09\\\/nestle-brasil-reforca-sua-presenca-no-segmento-de-chocolates-com-aquisicao-das-marcas-kopenhagen-e-brasil-cacau\\\/#primaryimage\"},\"thumbnailUrl\":\"https:\\\/\\\/www.cidademarketing.com.br\\\/marketing\\\/wp-content\\\/uploads\\\/2022\\\/03\\\/nestle_marca.jpg\",\"datePublished\":\"2023-09-10T02:27:28+00:00\",\"breadcrumb\":{\"@id\":\"https:\\\/\\\/www.cidademarketing.com.br\\\/marketing\\\/2023\\\/09\\\/09\\\/nestle-brasil-reforca-sua-presenca-no-segmento-de-chocolates-com-aquisicao-das-marcas-kopenhagen-e-brasil-cacau\\\/#breadcrumb\"},\"inLanguage\":\"pt-BR\",\"potentialAction\":[{\"@type\":\"ReadAction\",\"target\":[\"https:\\\/\\\/www.cidademarketing.com.br\\\/marketing\\\/2023\\\/09\\\/09\\\/nestle-brasil-reforca-sua-presenca-no-segmento-de-chocolates-com-aquisicao-das-marcas-kopenhagen-e-brasil-cacau\\\/\"]}]},{\"@type\":\"ImageObject\",\"inLanguage\":\"pt-BR\",\"@id\":\"https:\\\/\\\/www.cidademarketing.com.br\\\/marketing\\\/2023\\\/09\\\/09\\\/nestle-brasil-reforca-sua-presenca-no-segmento-de-chocolates-com-aquisicao-das-marcas-kopenhagen-e-brasil-cacau\\\/#primaryimage\",\"url\":\"https:\\\/\\\/www.cidademarketing.com.br\\\/marketing\\\/wp-content\\\/uploads\\\/2022\\\/03\\\/nestle_marca.jpg\",\"contentUrl\":\"https:\\\/\\\/www.cidademarketing.com.br\\\/marketing\\\/wp-content\\\/uploads\\\/2022\\\/03\\\/nestle_marca.jpg\",\"width\":720,\"height\":720},{\"@type\":\"BreadcrumbList\",\"@id\":\"https:\\\/\\\/www.cidademarketing.com.br\\\/marketing\\\/2023\\\/09\\\/09\\\/nestle-brasil-reforca-sua-presenca-no-segmento-de-chocolates-com-aquisicao-das-marcas-kopenhagen-e-brasil-cacau\\\/#breadcrumb\",\"itemListElement\":[{\"@type\":\"ListItem\",\"position\":1,\"name\":\"In\u00edcio\",\"item\":\"https:\\\/\\\/www.cidademarketing.com.br\\\/marketing\\\/\"},{\"@type\":\"ListItem\",\"position\":2,\"name\":\"Nestl\u00e9 Brasil refor\u00e7a sua presen\u00e7a no segmento de chocolates com aquisi\u00e7\u00e3o das marcas Kopenhagen e Brasil Cacau\"}]},{\"@type\":\"WebSite\",\"@id\":\"https:\\\/\\\/www.cidademarketing.com.br\\\/marketing\\\/#website\",\"url\":\"https:\\\/\\\/www.cidademarketing.com.br\\\/marketing\\\/\",\"name\":\"CidadeMarketing\",\"description\":\"Somos um ve\u00edculo de comunica\u00e7\u00e3o de destaque no Brasil, reconhecido por conte\u00fados nos segmentos de marketing, empreendedorismo e inova\u00e7\u00e3o.\",\"publisher\":{\"@id\":\"https:\\\/\\\/www.cidademarketing.com.br\\\/marketing\\\/#organization\"},\"alternateName\":\"CidadeMarketing\",\"potentialAction\":[{\"@type\":\"SearchAction\",\"target\":{\"@type\":\"EntryPoint\",\"urlTemplate\":\"https:\\\/\\\/www.cidademarketing.com.br\\\/marketing\\\/?s={search_term_string}\"},\"query-input\":{\"@type\":\"PropertyValueSpecification\",\"valueRequired\":true,\"valueName\":\"search_term_string\"}}],\"inLanguage\":\"pt-BR\"},{\"@type\":\"Organization\",\"@id\":\"https:\\\/\\\/www.cidademarketing.com.br\\\/marketing\\\/#organization\",\"name\":\"CidadeMarketing\",\"alternateName\":\"CidadeMarketing\",\"url\":\"https:\\\/\\\/www.cidademarketing.com.br\\\/marketing\\\/\",\"logo\":{\"@type\":\"ImageObject\",\"inLanguage\":\"pt-BR\",\"@id\":\"https:\\\/\\\/www.cidademarketing.com.br\\\/marketing\\\/#\\\/schema\\\/logo\\\/image\\\/\",\"url\":\"https:\\\/\\\/www.cidademarketing.com.br\\\/marketing\\\/wp-content\\\/uploads\\\/2020\\\/01\\\/cidademarketing_marca_mobile.png\",\"contentUrl\":\"https:\\\/\\\/www.cidademarketing.com.br\\\/marketing\\\/wp-content\\\/uploads\\\/2020\\\/01\\\/cidademarketing_marca_mobile.png\",\"width\":230,\"height\":92,\"caption\":\"CidadeMarketing\"},\"image\":{\"@id\":\"https:\\\/\\\/www.cidademarketing.com.br\\\/marketing\\\/#\\\/schema\\\/logo\\\/image\\\/\"},\"sameAs\":[\"https:\\\/\\\/www.facebook.com\\\/portalcidademarketing\",\"https:\\\/\\\/x.com\\\/CidadeMarketing\",\"https:\\\/\\\/www.instagram.com\\\/cidademarketing\\\/\"]},{\"@type\":\"Person\",\"@id\":\"https:\\\/\\\/www.cidademarketing.com.br\\\/marketing\\\/#\\\/schema\\\/person\\\/02daff9f18bd9378c9e01eb6b2db155f\",\"name\":\"Thales Brand\u00e3o\",\"image\":{\"@type\":\"ImageObject\",\"inLanguage\":\"pt-BR\",\"@id\":\"https:\\\/\\\/secure.gravatar.com\\\/avatar\\\/7ca3206950207cc3cb48feec56a8a7898741ab725c368d99d5d7a5a50aab80c6?s=96&d=mm&r=g\",\"url\":\"https:\\\/\\\/secure.gravatar.com\\\/avatar\\\/7ca3206950207cc3cb48feec56a8a7898741ab725c368d99d5d7a5a50aab80c6?s=96&d=mm&r=g\",\"contentUrl\":\"https:\\\/\\\/secure.gravatar.com\\\/avatar\\\/7ca3206950207cc3cb48feec56a8a7898741ab725c368d99d5d7a5a50aab80c6?s=96&d=mm&r=g\",\"caption\":\"Thales Brand\u00e3o\"},\"description\":\"Editor Executivo do Portal CidadeMarketing.com.br &gt; Mestre em Comunica\u00e7\u00e3o e Sociedade pela Universidade Federal de Sergipe. Possui MBA Executivo em Administra\u00e7\u00e3o com \u00eanfase em Marketing pela Funda\u00e7\u00e3o Get\u00falio Vargas - Rio de Janeiro. Consultor, Palestrante e Pesquisador sobre Empreendedorismo, Marketing, Redes Sociais e Neg\u00f3cios Digitais. Professor, Palestrante TedxTalks e Campus Party. Twitter: @ThalesBrandao\",\"sameAs\":[\"http:\\\/\\\/www.mandacaru.com.br\",\"https:\\\/\\\/www.facebook.com\\\/thalesbrandao\",\"http:\\\/\\\/www.instagram.com.br\\\/thalesbrandaoferreira\",\"https:\\\/\\\/www.linkedin.com\\\/in\\\/thales-brand\u00e3o-3948609\\\/\",\"https:\\\/\\\/x.com\\\/http:\\\/\\\/www.twitter.com\\\/thalesbrandao\"],\"url\":\"https:\\\/\\\/www.cidademarketing.com.br\\\/marketing\\\/author\\\/thalesbrandao\\\/\"}]}<\/script>\n<!-- \/ Yoast SEO plugin. -->","yoast_head_json":{"title":"Nestl\u00e9 Brasil refor\u00e7a sua presen\u00e7a no segmento de chocolates com aquisi\u00e7\u00e3o das marcas Kopenhagen e Brasil Cacau - CidadeMarketing","robots":{"index":"index","follow":"follow","max-snippet":"max-snippet:-1","max-image-preview":"max-image-preview:large","max-video-preview":"max-video-preview:-1"},"canonical":"https:\/\/www.cidademarketing.com.br\/marketing\/2023\/09\/09\/nestle-brasil-reforca-sua-presenca-no-segmento-de-chocolates-com-aquisicao-das-marcas-kopenhagen-e-brasil-cacau\/","og_locale":"pt_BR","og_type":"article","og_title":"Nestl\u00e9 Brasil refor\u00e7a sua presen\u00e7a no segmento de chocolates com aquisi\u00e7\u00e3o das marcas Kopenhagen e Brasil Cacau - CidadeMarketing","og_description":"A Nestl\u00e9 Brasil assinou hoje contrato para aquisi\u00e7\u00e3o do Grupo CRM, dono dos neg\u00f3cios Kopenhagen e Brasil Cacau. Pela estrutura da transa\u00e7\u00e3o, a Nestl\u00e9 adquire a totalidade da participa\u00e7\u00e3o do FIP Dutch, cujos quotistas s\u00e3o fundos geridos pela Advent International, no Grupo CRM. O neg\u00f3cio est\u00e1 sujeito \u00e0 aprova\u00e7\u00e3o do Conselho Administrativo de Defesa Econ\u00f4mica [&hellip;]","og_url":"https:\/\/www.cidademarketing.com.br\/marketing\/2023\/09\/09\/nestle-brasil-reforca-sua-presenca-no-segmento-de-chocolates-com-aquisicao-das-marcas-kopenhagen-e-brasil-cacau\/","og_site_name":"CidadeMarketing","article_publisher":"https:\/\/www.facebook.com\/portalcidademarketing","article_author":"https:\/\/www.facebook.com\/thalesbrandao","article_published_time":"2023-09-10T02:27:28+00:00","og_image":[{"width":720,"height":720,"url":"https:\/\/www.cidademarketing.com.br\/marketing\/wp-content\/uploads\/2022\/03\/nestle_marca.jpg","type":"image\/jpeg"}],"author":"Thales Brand\u00e3o","twitter_card":"summary_large_image","twitter_creator":"@http:\/\/www.twitter.com\/thalesbrandao","twitter_site":"@CidadeMarketing","twitter_misc":{"Escrito por":"Thales Brand\u00e3o","Est. tempo de leitura":"4 minutos"},"schema":{"@context":"https:\/\/schema.org","@graph":[{"@type":"Article","@id":"https:\/\/www.cidademarketing.com.br\/marketing\/2023\/09\/09\/nestle-brasil-reforca-sua-presenca-no-segmento-de-chocolates-com-aquisicao-das-marcas-kopenhagen-e-brasil-cacau\/#article","isPartOf":{"@id":"https:\/\/www.cidademarketing.com.br\/marketing\/2023\/09\/09\/nestle-brasil-reforca-sua-presenca-no-segmento-de-chocolates-com-aquisicao-das-marcas-kopenhagen-e-brasil-cacau\/"},"author":{"name":"Thales Brand\u00e3o","@id":"https:\/\/www.cidademarketing.com.br\/marketing\/#\/schema\/person\/02daff9f18bd9378c9e01eb6b2db155f"},"headline":"Nestl\u00e9 Brasil refor\u00e7a sua presen\u00e7a no segmento de chocolates com aquisi\u00e7\u00e3o das marcas Kopenhagen e Brasil Cacau","datePublished":"2023-09-10T02:27:28+00:00","mainEntityOfPage":{"@id":"https:\/\/www.cidademarketing.com.br\/marketing\/2023\/09\/09\/nestle-brasil-reforca-sua-presenca-no-segmento-de-chocolates-com-aquisicao-das-marcas-kopenhagen-e-brasil-cacau\/"},"wordCount":816,"commentCount":0,"publisher":{"@id":"https:\/\/www.cidademarketing.com.br\/marketing\/#organization"},"image":{"@id":"https:\/\/www.cidademarketing.com.br\/marketing\/2023\/09\/09\/nestle-brasil-reforca-sua-presenca-no-segmento-de-chocolates-com-aquisicao-das-marcas-kopenhagen-e-brasil-cacau\/#primaryimage"},"thumbnailUrl":"https:\/\/www.cidademarketing.com.br\/marketing\/wp-content\/uploads\/2022\/03\/nestle_marca.jpg","keywords":["aquisi\u00e7\u00e3o","Brasil Cacau","estrat\u00e9gia","Kopenhagen","marca","marketing","Nestl\u00e9"],"articleSection":["Marcas","Not\u00edcias"],"inLanguage":"pt-BR","potentialAction":[{"@type":"CommentAction","name":"Comment","target":["https:\/\/www.cidademarketing.com.br\/marketing\/2023\/09\/09\/nestle-brasil-reforca-sua-presenca-no-segmento-de-chocolates-com-aquisicao-das-marcas-kopenhagen-e-brasil-cacau\/#respond"]}]},{"@type":"WebPage","@id":"https:\/\/www.cidademarketing.com.br\/marketing\/2023\/09\/09\/nestle-brasil-reforca-sua-presenca-no-segmento-de-chocolates-com-aquisicao-das-marcas-kopenhagen-e-brasil-cacau\/","url":"https:\/\/www.cidademarketing.com.br\/marketing\/2023\/09\/09\/nestle-brasil-reforca-sua-presenca-no-segmento-de-chocolates-com-aquisicao-das-marcas-kopenhagen-e-brasil-cacau\/","name":"Nestl\u00e9 Brasil refor\u00e7a sua presen\u00e7a no segmento de chocolates com aquisi\u00e7\u00e3o das marcas Kopenhagen e Brasil Cacau - CidadeMarketing","isPartOf":{"@id":"https:\/\/www.cidademarketing.com.br\/marketing\/#website"},"primaryImageOfPage":{"@id":"https:\/\/www.cidademarketing.com.br\/marketing\/2023\/09\/09\/nestle-brasil-reforca-sua-presenca-no-segmento-de-chocolates-com-aquisicao-das-marcas-kopenhagen-e-brasil-cacau\/#primaryimage"},"image":{"@id":"https:\/\/www.cidademarketing.com.br\/marketing\/2023\/09\/09\/nestle-brasil-reforca-sua-presenca-no-segmento-de-chocolates-com-aquisicao-das-marcas-kopenhagen-e-brasil-cacau\/#primaryimage"},"thumbnailUrl":"https:\/\/www.cidademarketing.com.br\/marketing\/wp-content\/uploads\/2022\/03\/nestle_marca.jpg","datePublished":"2023-09-10T02:27:28+00:00","breadcrumb":{"@id":"https:\/\/www.cidademarketing.com.br\/marketing\/2023\/09\/09\/nestle-brasil-reforca-sua-presenca-no-segmento-de-chocolates-com-aquisicao-das-marcas-kopenhagen-e-brasil-cacau\/#breadcrumb"},"inLanguage":"pt-BR","potentialAction":[{"@type":"ReadAction","target":["https:\/\/www.cidademarketing.com.br\/marketing\/2023\/09\/09\/nestle-brasil-reforca-sua-presenca-no-segmento-de-chocolates-com-aquisicao-das-marcas-kopenhagen-e-brasil-cacau\/"]}]},{"@type":"ImageObject","inLanguage":"pt-BR","@id":"https:\/\/www.cidademarketing.com.br\/marketing\/2023\/09\/09\/nestle-brasil-reforca-sua-presenca-no-segmento-de-chocolates-com-aquisicao-das-marcas-kopenhagen-e-brasil-cacau\/#primaryimage","url":"https:\/\/www.cidademarketing.com.br\/marketing\/wp-content\/uploads\/2022\/03\/nestle_marca.jpg","contentUrl":"https:\/\/www.cidademarketing.com.br\/marketing\/wp-content\/uploads\/2022\/03\/nestle_marca.jpg","width":720,"height":720},{"@type":"BreadcrumbList","@id":"https:\/\/www.cidademarketing.com.br\/marketing\/2023\/09\/09\/nestle-brasil-reforca-sua-presenca-no-segmento-de-chocolates-com-aquisicao-das-marcas-kopenhagen-e-brasil-cacau\/#breadcrumb","itemListElement":[{"@type":"ListItem","position":1,"name":"In\u00edcio","item":"https:\/\/www.cidademarketing.com.br\/marketing\/"},{"@type":"ListItem","position":2,"name":"Nestl\u00e9 Brasil refor\u00e7a sua presen\u00e7a no segmento de chocolates com aquisi\u00e7\u00e3o das marcas Kopenhagen e Brasil Cacau"}]},{"@type":"WebSite","@id":"https:\/\/www.cidademarketing.com.br\/marketing\/#website","url":"https:\/\/www.cidademarketing.com.br\/marketing\/","name":"CidadeMarketing","description":"Somos um ve\u00edculo de comunica\u00e7\u00e3o de destaque no Brasil, reconhecido por conte\u00fados nos segmentos de marketing, empreendedorismo e inova\u00e7\u00e3o.","publisher":{"@id":"https:\/\/www.cidademarketing.com.br\/marketing\/#organization"},"alternateName":"CidadeMarketing","potentialAction":[{"@type":"SearchAction","target":{"@type":"EntryPoint","urlTemplate":"https:\/\/www.cidademarketing.com.br\/marketing\/?s={search_term_string}"},"query-input":{"@type":"PropertyValueSpecification","valueRequired":true,"valueName":"search_term_string"}}],"inLanguage":"pt-BR"},{"@type":"Organization","@id":"https:\/\/www.cidademarketing.com.br\/marketing\/#organization","name":"CidadeMarketing","alternateName":"CidadeMarketing","url":"https:\/\/www.cidademarketing.com.br\/marketing\/","logo":{"@type":"ImageObject","inLanguage":"pt-BR","@id":"https:\/\/www.cidademarketing.com.br\/marketing\/#\/schema\/logo\/image\/","url":"https:\/\/www.cidademarketing.com.br\/marketing\/wp-content\/uploads\/2020\/01\/cidademarketing_marca_mobile.png","contentUrl":"https:\/\/www.cidademarketing.com.br\/marketing\/wp-content\/uploads\/2020\/01\/cidademarketing_marca_mobile.png","width":230,"height":92,"caption":"CidadeMarketing"},"image":{"@id":"https:\/\/www.cidademarketing.com.br\/marketing\/#\/schema\/logo\/image\/"},"sameAs":["https:\/\/www.facebook.com\/portalcidademarketing","https:\/\/x.com\/CidadeMarketing","https:\/\/www.instagram.com\/cidademarketing\/"]},{"@type":"Person","@id":"https:\/\/www.cidademarketing.com.br\/marketing\/#\/schema\/person\/02daff9f18bd9378c9e01eb6b2db155f","name":"Thales Brand\u00e3o","image":{"@type":"ImageObject","inLanguage":"pt-BR","@id":"https:\/\/secure.gravatar.com\/avatar\/7ca3206950207cc3cb48feec56a8a7898741ab725c368d99d5d7a5a50aab80c6?s=96&d=mm&r=g","url":"https:\/\/secure.gravatar.com\/avatar\/7ca3206950207cc3cb48feec56a8a7898741ab725c368d99d5d7a5a50aab80c6?s=96&d=mm&r=g","contentUrl":"https:\/\/secure.gravatar.com\/avatar\/7ca3206950207cc3cb48feec56a8a7898741ab725c368d99d5d7a5a50aab80c6?s=96&d=mm&r=g","caption":"Thales Brand\u00e3o"},"description":"Editor Executivo do Portal CidadeMarketing.com.br &gt; Mestre em Comunica\u00e7\u00e3o e Sociedade pela Universidade Federal de Sergipe. Possui MBA Executivo em Administra\u00e7\u00e3o com \u00eanfase em Marketing pela Funda\u00e7\u00e3o Get\u00falio Vargas - Rio de Janeiro. Consultor, Palestrante e Pesquisador sobre Empreendedorismo, Marketing, Redes Sociais e Neg\u00f3cios Digitais. Professor, Palestrante TedxTalks e Campus Party. Twitter: @ThalesBrandao","sameAs":["http:\/\/www.mandacaru.com.br","https:\/\/www.facebook.com\/thalesbrandao","http:\/\/www.instagram.com.br\/thalesbrandaoferreira","https:\/\/www.linkedin.com\/in\/thales-brand\u00e3o-3948609\/","https:\/\/x.com\/http:\/\/www.twitter.com\/thalesbrandao"],"url":"https:\/\/www.cidademarketing.com.br\/marketing\/author\/thalesbrandao\/"}]}},"amp_enabled":true,"_links":{"self":[{"href":"https:\/\/www.cidademarketing.com.br\/marketing\/wp-json\/wp\/v2\/posts\/47378","targetHints":{"allow":["GET"]}}],"collection":[{"href":"https:\/\/www.cidademarketing.com.br\/marketing\/wp-json\/wp\/v2\/posts"}],"about":[{"href":"https:\/\/www.cidademarketing.com.br\/marketing\/wp-json\/wp\/v2\/types\/post"}],"author":[{"embeddable":true,"href":"https:\/\/www.cidademarketing.com.br\/marketing\/wp-json\/wp\/v2\/users\/1"}],"replies":[{"embeddable":true,"href":"https:\/\/www.cidademarketing.com.br\/marketing\/wp-json\/wp\/v2\/comments?post=47378"}],"version-history":[{"count":1,"href":"https:\/\/www.cidademarketing.com.br\/marketing\/wp-json\/wp\/v2\/posts\/47378\/revisions"}],"predecessor-version":[{"id":47380,"href":"https:\/\/www.cidademarketing.com.br\/marketing\/wp-json\/wp\/v2\/posts\/47378\/revisions\/47380"}],"wp:featuredmedia":[{"embeddable":true,"href":"https:\/\/www.cidademarketing.com.br\/marketing\/wp-json\/wp\/v2\/media\/35173"}],"wp:attachment":[{"href":"https:\/\/www.cidademarketing.com.br\/marketing\/wp-json\/wp\/v2\/media?parent=47378"}],"wp:term":[{"taxonomy":"category","embeddable":true,"href":"https:\/\/www.cidademarketing.com.br\/marketing\/wp-json\/wp\/v2\/categories?post=47378"},{"taxonomy":"post_tag","embeddable":true,"href":"https:\/\/www.cidademarketing.com.br\/marketing\/wp-json\/wp\/v2\/tags?post=47378"}],"curies":[{"name":"wp","href":"https:\/\/api.w.org\/{rel}","templated":true}]}}