{"id":47337,"date":"2023-09-09T09:31:35","date_gmt":"2023-09-09T12:31:35","guid":{"rendered":"https:\/\/www.cidademarketing.com.br\/marketing\/?p=47337"},"modified":"2023-09-09T09:31:35","modified_gmt":"2023-09-09T12:31:35","slug":"fiat-strada-lanca-nova-campanha","status":"publish","type":"post","link":"https:\/\/www.cidademarketing.com.br\/marketing\/2023\/09\/09\/fiat-strada-lanca-nova-campanha\/","title":{"rendered":"Fiat Strada lan\u00e7a nova campanha"},"content":{"rendered":"<p>\u201cNova Fiat Strada. L\u00edder como sempre, turbinada como nunca\u201d. Com esse conceito, a Fiat apresenta a nova campanha do ve\u00edculo mais vendido do Brasil. Criado pela ag\u00eancia Leo Burnett TM, o filme com uma dose extra de performance, gra\u00e7as ao novo motor turbo flex da Fiat Strada, tem estreia hoje (8 de setembro), no intervalo do Globo Esporte. A campanha tamb\u00e9m ser\u00e1 exibida nos comerciais do Fant\u00e1stico no pr\u00f3ximo domingo (10 de setembro). O desempenho do propulsor \u00e9 t\u00e3o impressionante que faz at\u00e9 uma est\u00e1tua se surpreender ao longo do caminho. Al\u00e9m disso, o filme tamb\u00e9m destaca funcionalidades como o c\u00e2mbio autom\u00e1tico com troca nas borboletas do volante, a robusta capacidade de carga e o design da picape.<\/p>\n<p><a href=\"https:\/\/www.cidademarketing.com.br\/marketing\/sua-marca-vai-virar-noticia\/\" target=\"_blank\" rel=\"noopener\"><img fetchpriority=\"high\" decoding=\"async\" class=\"wp-image-44329 aligncenter\" src=\"https:\/\/www.cidademarketing.com.br\/marketing\/wp-content\/uploads\/2023\/04\/cidademarketing_backlinks_marketingdigital_publieditorial_.png\" alt=\"\" width=\"500\" height=\"500\" \/><\/a><br \/>\n\u201cUm \u00edcone da ind\u00fastria automotiva, que ficou ainda potente, ganhou mais performance e mais uma vez fez hist\u00f3ria sendo a primeira B-picape a ser turbo flex no mundo. Tantas inova\u00e7\u00f5es mereciam uma campanha a altura e conseguimos expressar bem isso com um filme divertido como s\u00f3 a Fiat sabe fazer\u201d, destaca Frederico Battaglia, vice-presidente de Marketing &amp; Comunica\u00e7\u00e3o da Stellantis para a Am\u00e9rica do Sul.<\/p>\n<p>Ao finalizar uma est\u00e1tua em seu ateli\u00ea, dois artistas a colocam no compartimento de carga da Fiat Strada MY24. Ao longo do trajeto, em rea\u00e7\u00e3o \u00e0 performance do novo motor turbo, a est\u00e1tua se surpreende e vai se transformando. Com um rosto s\u00e9rio e imponente no in\u00edcio, ela chega ao seu destino final totalmente descabelada, com a roupa toda desgrenhada pelo vento, olhos arregalados, bra\u00e7os abertos e express\u00e3o facial de algu\u00e9m que ficou totalmente extasiado pela performance do motor da picape. Com filmes na TV, pe\u00e7as digitais, a\u00e7\u00f5es nas redes sociais, OOH e messy midle, o projeto de comunica\u00e7\u00e3o retrata toda a inova\u00e7\u00e3o do produto.<\/p>\n<p>\u201cO motor turbo vem para coroar de vez uma picape que j\u00e1 \u00e9 uma lenda. Um ve\u00edculo t\u00e3o surpreendente merecia uma campanha igualmente surpreendente reunindo tudo o que os apaixonados pela Fiat Strada mais gostam: pot\u00eancia, performance e, claro, bom-humor, algo que tamb\u00e9m faz parte do DNA da marca\u201d, diz Vinicius Stanzione, VP de Cria\u00e7\u00e3o da Leo Burnett TM.<\/p>\n<p>Fiat Strada com motor turbo flex<br \/>\nA performance da Strada que j\u00e1 era boa, ficou ainda melhor. O modelo ganhou uma \u00f3tima performance gra\u00e7as ao motor Turbo 200 Flex. E n\u00e3o para por a\u00ed: com o novo motor, a Strada se torna a primeira picape B-picape turbo flex no mundo.<br \/>\nDispon\u00edvel nas vers\u00f5es Ultra e Ranch, o Turbo 200 Flex traz a pot\u00eancia de 130 cv com etanol (125 cv com gasolina) e torque de 200 Nm, que permite que o modelo v\u00e1 de 0 a 100km\/h em apenas 9,5 segundos, sendo o mais r\u00e1pido entre os concorrentes. Al\u00e9m disso, passa a contar com o bot\u00e3o Sport no volante. Com seu acionamento, todo o ajuste da picape \u00e9 alterado para uma maior sensibilidade do pedal acelerador. A nova motoriza\u00e7\u00e3o \u00e9 combinada com o c\u00e2mbio autom\u00e1tico CVT com op\u00e7\u00e3o de 7 marchas e tr\u00eas modos de condu\u00e7\u00e3o (Autom\u00e1tico, Manual e Sport).<\/p>\n<p><iframe title=\"Spotify Embed: Podcast CidadeMarketing\" style=\"border-radius: 12px\" width=\"100%\" height=\"152\" frameborder=\"0\" allowfullscreen allow=\"autoplay; clipboard-write; encrypted-media; fullscreen; picture-in-picture\" loading=\"lazy\" src=\"https:\/\/open.spotify.com\/embed\/show\/4khMKzP3FgFRWVwb73xicc?si=252fe5bff2b34909&#038;utm_source=oembed\"><\/iframe><\/p>\n<p>&nbsp;<\/p>\n<p>\u201cA Fiat Strada carrega inova\u00e7\u00e3o em seu DNA. Ela tem sido uma verdadeira pioneira, trazendo avan\u00e7os marcantes para sua categoria e conquistando o topo do mercado brasileiro, sendo a \u00fanica picape a conquistar esse t\u00edtulo. Al\u00e9m de estar mais potente, com um novo motor, a Strada tamb\u00e9m tem mudan\u00e7as no design por dentro e por fora e at\u00e9 mesmo uma nova vers\u00e3o na linha 2024, a Ultra. A nova campanha \u00e9 apenas um pequeno spoiler de tudo que essa picape pode fazer&#8221;, ressalta Herlander Zola, vice-presidente s\u00eanior da Fiat na Am\u00e9rica do Sul.<\/p>\n<div class=\"youtube-embed\" data-video_id=\"ndN7kIYWBq4\"><iframe title=\"Fiat I Nova Fiat Strada com motor turbo\" width=\"640\" height=\"360\" src=\"https:\/\/www.youtube.com\/embed\/ndN7kIYWBq4?feature=oembed&#038;enablejsapi=1\" frameborder=\"0\" allow=\"accelerometer; autoplay; clipboard-write; encrypted-media; gyroscope; picture-in-picture; web-share\" referrerpolicy=\"strict-origin-when-cross-origin\" allowfullscreen><\/iframe><\/div>\n<p>FICHA T\u00c9CNICA<br \/>\nAG\u00caNCIA: LEO BURNETT TAILOR MADE<br \/>\nT\u00cdTULO: \u201cEST\u00c1TUA\u201d<br \/>\nPRODUTO: FIAT STRADA<br \/>\nANUNCIANTE: FIAT<br \/>\nCCO: Marcelo Reis<br \/>\nVP DE CRIA\u00c7\u00c3O: Vinicius Stanzione<br \/>\nDIRETOR DE CRIA\u00c7\u00c3O: Ligia Mendes E Marco Mattos<br \/>\nREDATOR: Renato Ramalho<br \/>\nDIRETOR DE ARTE: Claudio Junior<br \/>\nCRIA\u00c7\u00c3O DIGITAL: Karla Lima, Mikaelle Rocha, Guilherme Lopes<br \/>\nDIRETOR DE CONTE\u00daDO: Wagner Ximenes<br \/>\nCONTE\u00daDO: Tamires Soares, Pablo Cruz, Barbara Jadeh<br \/>\nDIRETORA DE PRODU\u00c7\u00c3O INTEGRADA: Luciana Kley<br \/>\nRTV: Jackeline Neuwirt<br \/>\nARTBUYER: Mauro Moura, Cristiano Godoy, Daniel Goncalves<br \/>\nATENDIMENTO: Leticia Meira, Sabrina Spinelli, Agatha Ferreira, Karoline Silva, Shirley David, Katia Simonato<br \/>\nM\u00cdDIA: Heloisa Goldman, Patricia Naparstek, Paula Ricarte, Rodolfo Contiero, Laura Andrade, Guilherme Leao, Mateus Rikel<br \/>\nPLANEJAMENTO: Marie Alonso, Rafaela Badar\u00f3, Cinthia Pauli<br \/>\nASSESSORIA DE IMPRENSA: Nathalie Ursini<br \/>\nAPROVA\u00c7\u00c3O DO CLIENTE: Frederico Battaglia, Ana Luisa Brant, Paula Salerno, Cecilia Elia<br \/>\nPRODUTORA DE FILME: ALICE<br \/>\nPRODUTORA: Alice<br \/>\nDIREC\u0327A\u0303O: Felipe Mansur<br \/>\nPRODUTOR: Wal Tamagno<br \/>\nPRODUTORA EXECUTIVA: Joana Duchiade<br \/>\nCOORDENADORA DE PRODUC\u0327A\u0303O: Marina Stacciarini<br \/>\nDIRETOR DE FOTOGRAFIA: Diego Robaldo<br \/>\nDIREC\u0327A\u0303O DE ARTE: Daniel Miragem e Wik Mussa<br \/>\nASSISTE\u0302NCIA DE DIREC\u0327A\u0303O: Michelle Lutfy e Priscila Trabulsi<br \/>\nDIRETOR E FOTO\u0301GRAFO STILL CONTEU\u0301DO DIGITAL: Filipe Rodrigues<br \/>\nASSISTENTE DE CONTEU\u0301DO DIGITAL: Mari Cruz<br \/>\nPRODUC\u0327A\u0303O DE ARTE: Carlos Castilho, Isabella Castilho, Rafael de Brito e Bruna Modelli<br \/>\nEQUIPE DE PRODUC\u0327A\u0303O: Tatiana Ueda, Fabio Arisaka (Pre\u0301-produc\u0327a\u0303o), Li\u0301via Maria Elisa Nascimento.<br \/>\nPRODUC\u0327A\u0303O LOCAC\u0327A\u0303O: Fabri\u0301cio Marinho<br \/>\nPRODUC\u0327A\u0303O ELENCO: Cla\u0301udia Secaf e Luiza Rossini<br \/>\nPRODUC\u0327A\u0303O FIGURINO: Betinha Magalha\u0303es, Virgi\u0301nio Oliveira e Tay Aquino<br \/>\nPRODUC\u0327A\u0303O OBJETOS: Samir Scherer e Lina Monteiro<br \/>\nMAQUIAGEM: Mima Mizukami e Victor Marques<br \/>\nPRODUC\u0327A\u0303O ANIMAL: Professor Jayro<br \/>\nPRODUC\u0327A\u0303O EXECUTIVA DE PO\u0301S-PRODUC\u0327A\u0303O: Ma\u0301rio Ubirajara<br \/>\nMONTAGEM E EDIC\u0327A\u0303O: Rodolpho Ponzio (AMC)<br \/>\nASSISTE\u0302NCIA DE EDIC\u0327A\u0303O E FINALIZAC\u0327A\u0303O: Enrique Augusto e Tais Oliveira<br \/>\nCOLOR GRADING: Osmar Junior (Spalva)<br \/>\nPOS-PRODUC\u0327A\u0303O: Voodoo House<br \/>\nSUPERVISA\u0303O DE EFEITOS: Ame\u0301rico Cata\u0303o Jr. (Voodoo House)<br \/>\nCOMPOSIC\u0327A\u0303O: Ame\u0301rico Cata\u0303o Jr. e Vivien Carelli (Voodoo House)<br \/>\nMOTION DESIGN: Celso Lopes Jr. (Voodoo House)<br \/>\n3D: Joa\u0303o Sheeperson (Voodoo House) \/ Marcelo Pasqua<br \/>\nPRODUTORA DE SOM: SONIDO<br \/>\nDIRE\u00c7\u00c3O DE PRODU\u00c7\u00c3O MUSICAL: Lucas Duque<br \/>\nPRODU\u00c7\u00c3O MUSICAL e SOUND DESGN: Jayme Monsanto<br \/>\nMIXAGEM E FINALIZA\u00c7\u00c3O: Celso Moretti<br \/>\nCOORDENA\u00c7\u00c3O DE PRODU\u00c7\u00c3O: Anderson Soares<br \/>\nATENDIMENTO: Vanessa Raad<\/p>\n","protected":false},"excerpt":{"rendered":"<p>\u201cNova Fiat Strada. L\u00edder como sempre, turbinada como nunca\u201d. Com esse conceito, a Fiat apresenta a nova campanha do ve\u00edculo mais vendido do Brasil. Criado pela ag\u00eancia Leo Burnett TM, o filme com uma dose extra de performance, gra\u00e7as ao novo motor turbo flex da Fiat Strada, tem estreia hoje (8 de setembro), no intervalo [&hellip;]<\/p>\n","protected":false},"author":1,"featured_media":47338,"comment_status":"open","ping_status":"open","sticky":false,"template":"","format":"standard","meta":{"tdm_status":"","tdm_grid_status":"","footnotes":""},"categories":[6,14],"tags":[65,356,28,66,181,3345],"class_list":["post-47337","post","type-post","status-publish","format-standard","has-post-thumbnail","hentry","category-noticias","category-videos","tag-campanha","tag-fiat","tag-marketing","tag-propaganda","tag-publicidade","tag-strada"],"yoast_head":"<!-- This site is optimized with the Yoast SEO plugin v27.5 - https:\/\/yoast.com\/product\/yoast-seo-wordpress\/ -->\n<title>Fiat Strada lan\u00e7a nova campanha - CidadeMarketing<\/title>\n<meta name=\"robots\" content=\"index, follow, max-snippet:-1, max-image-preview:large, max-video-preview:-1\" \/>\n<link rel=\"canonical\" href=\"https:\/\/www.cidademarketing.com.br\/marketing\/2023\/09\/09\/fiat-strada-lanca-nova-campanha\/\" \/>\n<meta property=\"og:locale\" content=\"pt_BR\" \/>\n<meta property=\"og:type\" content=\"article\" \/>\n<meta property=\"og:title\" content=\"Fiat Strada lan\u00e7a nova campanha - CidadeMarketing\" \/>\n<meta property=\"og:description\" content=\"\u201cNova Fiat Strada. L\u00edder como sempre, turbinada como nunca\u201d. Com esse conceito, a Fiat apresenta a nova campanha do ve\u00edculo mais vendido do Brasil. Criado pela ag\u00eancia Leo Burnett TM, o filme com uma dose extra de performance, gra\u00e7as ao novo motor turbo flex da Fiat Strada, tem estreia hoje (8 de setembro), no intervalo [&hellip;]\" \/>\n<meta property=\"og:url\" content=\"https:\/\/www.cidademarketing.com.br\/marketing\/2023\/09\/09\/fiat-strada-lanca-nova-campanha\/\" \/>\n<meta property=\"og:site_name\" content=\"CidadeMarketing\" \/>\n<meta property=\"article:publisher\" content=\"https:\/\/www.facebook.com\/portalcidademarketing\" \/>\n<meta property=\"article:author\" content=\"https:\/\/www.facebook.com\/thalesbrandao\" \/>\n<meta property=\"article:published_time\" content=\"2023-09-09T12:31:35+00:00\" \/>\n<meta property=\"og:image\" content=\"https:\/\/www.cidademarketing.com.br\/marketing\/wp-content\/uploads\/2023\/09\/fiat_strada.webp\" \/>\n\t<meta property=\"og:image:width\" content=\"1899\" \/>\n\t<meta property=\"og:image:height\" content=\"949\" \/>\n\t<meta property=\"og:image:type\" content=\"image\/webp\" \/>\n<meta name=\"author\" content=\"Thales Brand\u00e3o\" \/>\n<meta name=\"twitter:card\" content=\"summary_large_image\" \/>\n<meta name=\"twitter:creator\" content=\"@http:\/\/www.twitter.com\/thalesbrandao\" \/>\n<meta name=\"twitter:site\" content=\"@CidadeMarketing\" \/>\n<meta name=\"twitter:label1\" content=\"Escrito por\" \/>\n\t<meta name=\"twitter:data1\" content=\"Thales Brand\u00e3o\" \/>\n\t<meta name=\"twitter:label2\" content=\"Est. tempo de leitura\" \/>\n\t<meta name=\"twitter:data2\" content=\"5 minutos\" \/>\n<script type=\"application\/ld+json\" class=\"yoast-schema-graph\">{\"@context\":\"https:\\\/\\\/schema.org\",\"@graph\":[{\"@type\":\"Article\",\"@id\":\"https:\\\/\\\/www.cidademarketing.com.br\\\/marketing\\\/2023\\\/09\\\/09\\\/fiat-strada-lanca-nova-campanha\\\/#article\",\"isPartOf\":{\"@id\":\"https:\\\/\\\/www.cidademarketing.com.br\\\/marketing\\\/2023\\\/09\\\/09\\\/fiat-strada-lanca-nova-campanha\\\/\"},\"author\":{\"name\":\"Thales Brand\u00e3o\",\"@id\":\"https:\\\/\\\/www.cidademarketing.com.br\\\/marketing\\\/#\\\/schema\\\/person\\\/02daff9f18bd9378c9e01eb6b2db155f\"},\"headline\":\"Fiat Strada lan\u00e7a nova campanha\",\"datePublished\":\"2023-09-09T12:31:35+00:00\",\"mainEntityOfPage\":{\"@id\":\"https:\\\/\\\/www.cidademarketing.com.br\\\/marketing\\\/2023\\\/09\\\/09\\\/fiat-strada-lanca-nova-campanha\\\/\"},\"wordCount\":1076,\"commentCount\":0,\"publisher\":{\"@id\":\"https:\\\/\\\/www.cidademarketing.com.br\\\/marketing\\\/#organization\"},\"image\":{\"@id\":\"https:\\\/\\\/www.cidademarketing.com.br\\\/marketing\\\/2023\\\/09\\\/09\\\/fiat-strada-lanca-nova-campanha\\\/#primaryimage\"},\"thumbnailUrl\":\"https:\\\/\\\/www.cidademarketing.com.br\\\/marketing\\\/wp-content\\\/uploads\\\/2023\\\/09\\\/fiat_strada.webp\",\"keywords\":[\"campanha\",\"Fiat\",\"marketing\",\"propaganda\",\"publicidade\",\"Strada\"],\"articleSection\":[\"Not\u00edcias\",\"Videos\"],\"inLanguage\":\"pt-BR\",\"potentialAction\":[{\"@type\":\"CommentAction\",\"name\":\"Comment\",\"target\":[\"https:\\\/\\\/www.cidademarketing.com.br\\\/marketing\\\/2023\\\/09\\\/09\\\/fiat-strada-lanca-nova-campanha\\\/#respond\"]}]},{\"@type\":\"WebPage\",\"@id\":\"https:\\\/\\\/www.cidademarketing.com.br\\\/marketing\\\/2023\\\/09\\\/09\\\/fiat-strada-lanca-nova-campanha\\\/\",\"url\":\"https:\\\/\\\/www.cidademarketing.com.br\\\/marketing\\\/2023\\\/09\\\/09\\\/fiat-strada-lanca-nova-campanha\\\/\",\"name\":\"Fiat Strada lan\u00e7a nova campanha - CidadeMarketing\",\"isPartOf\":{\"@id\":\"https:\\\/\\\/www.cidademarketing.com.br\\\/marketing\\\/#website\"},\"primaryImageOfPage\":{\"@id\":\"https:\\\/\\\/www.cidademarketing.com.br\\\/marketing\\\/2023\\\/09\\\/09\\\/fiat-strada-lanca-nova-campanha\\\/#primaryimage\"},\"image\":{\"@id\":\"https:\\\/\\\/www.cidademarketing.com.br\\\/marketing\\\/2023\\\/09\\\/09\\\/fiat-strada-lanca-nova-campanha\\\/#primaryimage\"},\"thumbnailUrl\":\"https:\\\/\\\/www.cidademarketing.com.br\\\/marketing\\\/wp-content\\\/uploads\\\/2023\\\/09\\\/fiat_strada.webp\",\"datePublished\":\"2023-09-09T12:31:35+00:00\",\"breadcrumb\":{\"@id\":\"https:\\\/\\\/www.cidademarketing.com.br\\\/marketing\\\/2023\\\/09\\\/09\\\/fiat-strada-lanca-nova-campanha\\\/#breadcrumb\"},\"inLanguage\":\"pt-BR\",\"potentialAction\":[{\"@type\":\"ReadAction\",\"target\":[\"https:\\\/\\\/www.cidademarketing.com.br\\\/marketing\\\/2023\\\/09\\\/09\\\/fiat-strada-lanca-nova-campanha\\\/\"]}]},{\"@type\":\"ImageObject\",\"inLanguage\":\"pt-BR\",\"@id\":\"https:\\\/\\\/www.cidademarketing.com.br\\\/marketing\\\/2023\\\/09\\\/09\\\/fiat-strada-lanca-nova-campanha\\\/#primaryimage\",\"url\":\"https:\\\/\\\/www.cidademarketing.com.br\\\/marketing\\\/wp-content\\\/uploads\\\/2023\\\/09\\\/fiat_strada.webp\",\"contentUrl\":\"https:\\\/\\\/www.cidademarketing.com.br\\\/marketing\\\/wp-content\\\/uploads\\\/2023\\\/09\\\/fiat_strada.webp\",\"width\":1899,\"height\":949,\"caption\":\"Divulga\u00e7\u00e3o\"},{\"@type\":\"BreadcrumbList\",\"@id\":\"https:\\\/\\\/www.cidademarketing.com.br\\\/marketing\\\/2023\\\/09\\\/09\\\/fiat-strada-lanca-nova-campanha\\\/#breadcrumb\",\"itemListElement\":[{\"@type\":\"ListItem\",\"position\":1,\"name\":\"In\u00edcio\",\"item\":\"https:\\\/\\\/www.cidademarketing.com.br\\\/marketing\\\/\"},{\"@type\":\"ListItem\",\"position\":2,\"name\":\"Fiat Strada lan\u00e7a nova campanha\"}]},{\"@type\":\"WebSite\",\"@id\":\"https:\\\/\\\/www.cidademarketing.com.br\\\/marketing\\\/#website\",\"url\":\"https:\\\/\\\/www.cidademarketing.com.br\\\/marketing\\\/\",\"name\":\"CidadeMarketing\",\"description\":\"Somos um ve\u00edculo de comunica\u00e7\u00e3o de destaque no Brasil, reconhecido por conte\u00fados nos segmentos de marketing, empreendedorismo e inova\u00e7\u00e3o.\",\"publisher\":{\"@id\":\"https:\\\/\\\/www.cidademarketing.com.br\\\/marketing\\\/#organization\"},\"alternateName\":\"CidadeMarketing\",\"potentialAction\":[{\"@type\":\"SearchAction\",\"target\":{\"@type\":\"EntryPoint\",\"urlTemplate\":\"https:\\\/\\\/www.cidademarketing.com.br\\\/marketing\\\/?s={search_term_string}\"},\"query-input\":{\"@type\":\"PropertyValueSpecification\",\"valueRequired\":true,\"valueName\":\"search_term_string\"}}],\"inLanguage\":\"pt-BR\"},{\"@type\":\"Organization\",\"@id\":\"https:\\\/\\\/www.cidademarketing.com.br\\\/marketing\\\/#organization\",\"name\":\"CidadeMarketing\",\"alternateName\":\"CidadeMarketing\",\"url\":\"https:\\\/\\\/www.cidademarketing.com.br\\\/marketing\\\/\",\"logo\":{\"@type\":\"ImageObject\",\"inLanguage\":\"pt-BR\",\"@id\":\"https:\\\/\\\/www.cidademarketing.com.br\\\/marketing\\\/#\\\/schema\\\/logo\\\/image\\\/\",\"url\":\"https:\\\/\\\/www.cidademarketing.com.br\\\/marketing\\\/wp-content\\\/uploads\\\/2020\\\/01\\\/cidademarketing_marca_mobile.png\",\"contentUrl\":\"https:\\\/\\\/www.cidademarketing.com.br\\\/marketing\\\/wp-content\\\/uploads\\\/2020\\\/01\\\/cidademarketing_marca_mobile.png\",\"width\":230,\"height\":92,\"caption\":\"CidadeMarketing\"},\"image\":{\"@id\":\"https:\\\/\\\/www.cidademarketing.com.br\\\/marketing\\\/#\\\/schema\\\/logo\\\/image\\\/\"},\"sameAs\":[\"https:\\\/\\\/www.facebook.com\\\/portalcidademarketing\",\"https:\\\/\\\/x.com\\\/CidadeMarketing\",\"https:\\\/\\\/www.instagram.com\\\/cidademarketing\\\/\"]},{\"@type\":\"Person\",\"@id\":\"https:\\\/\\\/www.cidademarketing.com.br\\\/marketing\\\/#\\\/schema\\\/person\\\/02daff9f18bd9378c9e01eb6b2db155f\",\"name\":\"Thales Brand\u00e3o\",\"image\":{\"@type\":\"ImageObject\",\"inLanguage\":\"pt-BR\",\"@id\":\"https:\\\/\\\/secure.gravatar.com\\\/avatar\\\/7ca3206950207cc3cb48feec56a8a7898741ab725c368d99d5d7a5a50aab80c6?s=96&d=mm&r=g\",\"url\":\"https:\\\/\\\/secure.gravatar.com\\\/avatar\\\/7ca3206950207cc3cb48feec56a8a7898741ab725c368d99d5d7a5a50aab80c6?s=96&d=mm&r=g\",\"contentUrl\":\"https:\\\/\\\/secure.gravatar.com\\\/avatar\\\/7ca3206950207cc3cb48feec56a8a7898741ab725c368d99d5d7a5a50aab80c6?s=96&d=mm&r=g\",\"caption\":\"Thales Brand\u00e3o\"},\"description\":\"Editor Executivo do Portal CidadeMarketing.com.br &gt; Mestre em Comunica\u00e7\u00e3o e Sociedade pela Universidade Federal de Sergipe. Possui MBA Executivo em Administra\u00e7\u00e3o com \u00eanfase em Marketing pela Funda\u00e7\u00e3o Get\u00falio Vargas - Rio de Janeiro. Consultor, Palestrante e Pesquisador sobre Empreendedorismo, Marketing, Redes Sociais e Neg\u00f3cios Digitais. Professor, Palestrante TedxTalks e Campus Party. Twitter: @ThalesBrandao\",\"sameAs\":[\"http:\\\/\\\/www.mandacaru.com.br\",\"https:\\\/\\\/www.facebook.com\\\/thalesbrandao\",\"http:\\\/\\\/www.instagram.com.br\\\/thalesbrandaoferreira\",\"https:\\\/\\\/www.linkedin.com\\\/in\\\/thales-brand\u00e3o-3948609\\\/\",\"https:\\\/\\\/x.com\\\/http:\\\/\\\/www.twitter.com\\\/thalesbrandao\"],\"url\":\"https:\\\/\\\/www.cidademarketing.com.br\\\/marketing\\\/author\\\/thalesbrandao\\\/\"}]}<\/script>\n<!-- \/ Yoast SEO plugin. -->","yoast_head_json":{"title":"Fiat Strada lan\u00e7a nova campanha - CidadeMarketing","robots":{"index":"index","follow":"follow","max-snippet":"max-snippet:-1","max-image-preview":"max-image-preview:large","max-video-preview":"max-video-preview:-1"},"canonical":"https:\/\/www.cidademarketing.com.br\/marketing\/2023\/09\/09\/fiat-strada-lanca-nova-campanha\/","og_locale":"pt_BR","og_type":"article","og_title":"Fiat Strada lan\u00e7a nova campanha - CidadeMarketing","og_description":"\u201cNova Fiat Strada. L\u00edder como sempre, turbinada como nunca\u201d. Com esse conceito, a Fiat apresenta a nova campanha do ve\u00edculo mais vendido do Brasil. Criado pela ag\u00eancia Leo Burnett TM, o filme com uma dose extra de performance, gra\u00e7as ao novo motor turbo flex da Fiat Strada, tem estreia hoje (8 de setembro), no intervalo [&hellip;]","og_url":"https:\/\/www.cidademarketing.com.br\/marketing\/2023\/09\/09\/fiat-strada-lanca-nova-campanha\/","og_site_name":"CidadeMarketing","article_publisher":"https:\/\/www.facebook.com\/portalcidademarketing","article_author":"https:\/\/www.facebook.com\/thalesbrandao","article_published_time":"2023-09-09T12:31:35+00:00","og_image":[{"width":1899,"height":949,"url":"https:\/\/www.cidademarketing.com.br\/marketing\/wp-content\/uploads\/2023\/09\/fiat_strada.webp","type":"image\/webp"}],"author":"Thales Brand\u00e3o","twitter_card":"summary_large_image","twitter_creator":"@http:\/\/www.twitter.com\/thalesbrandao","twitter_site":"@CidadeMarketing","twitter_misc":{"Escrito por":"Thales Brand\u00e3o","Est. tempo de leitura":"5 minutos"},"schema":{"@context":"https:\/\/schema.org","@graph":[{"@type":"Article","@id":"https:\/\/www.cidademarketing.com.br\/marketing\/2023\/09\/09\/fiat-strada-lanca-nova-campanha\/#article","isPartOf":{"@id":"https:\/\/www.cidademarketing.com.br\/marketing\/2023\/09\/09\/fiat-strada-lanca-nova-campanha\/"},"author":{"name":"Thales Brand\u00e3o","@id":"https:\/\/www.cidademarketing.com.br\/marketing\/#\/schema\/person\/02daff9f18bd9378c9e01eb6b2db155f"},"headline":"Fiat Strada lan\u00e7a nova campanha","datePublished":"2023-09-09T12:31:35+00:00","mainEntityOfPage":{"@id":"https:\/\/www.cidademarketing.com.br\/marketing\/2023\/09\/09\/fiat-strada-lanca-nova-campanha\/"},"wordCount":1076,"commentCount":0,"publisher":{"@id":"https:\/\/www.cidademarketing.com.br\/marketing\/#organization"},"image":{"@id":"https:\/\/www.cidademarketing.com.br\/marketing\/2023\/09\/09\/fiat-strada-lanca-nova-campanha\/#primaryimage"},"thumbnailUrl":"https:\/\/www.cidademarketing.com.br\/marketing\/wp-content\/uploads\/2023\/09\/fiat_strada.webp","keywords":["campanha","Fiat","marketing","propaganda","publicidade","Strada"],"articleSection":["Not\u00edcias","Videos"],"inLanguage":"pt-BR","potentialAction":[{"@type":"CommentAction","name":"Comment","target":["https:\/\/www.cidademarketing.com.br\/marketing\/2023\/09\/09\/fiat-strada-lanca-nova-campanha\/#respond"]}]},{"@type":"WebPage","@id":"https:\/\/www.cidademarketing.com.br\/marketing\/2023\/09\/09\/fiat-strada-lanca-nova-campanha\/","url":"https:\/\/www.cidademarketing.com.br\/marketing\/2023\/09\/09\/fiat-strada-lanca-nova-campanha\/","name":"Fiat Strada lan\u00e7a nova campanha - CidadeMarketing","isPartOf":{"@id":"https:\/\/www.cidademarketing.com.br\/marketing\/#website"},"primaryImageOfPage":{"@id":"https:\/\/www.cidademarketing.com.br\/marketing\/2023\/09\/09\/fiat-strada-lanca-nova-campanha\/#primaryimage"},"image":{"@id":"https:\/\/www.cidademarketing.com.br\/marketing\/2023\/09\/09\/fiat-strada-lanca-nova-campanha\/#primaryimage"},"thumbnailUrl":"https:\/\/www.cidademarketing.com.br\/marketing\/wp-content\/uploads\/2023\/09\/fiat_strada.webp","datePublished":"2023-09-09T12:31:35+00:00","breadcrumb":{"@id":"https:\/\/www.cidademarketing.com.br\/marketing\/2023\/09\/09\/fiat-strada-lanca-nova-campanha\/#breadcrumb"},"inLanguage":"pt-BR","potentialAction":[{"@type":"ReadAction","target":["https:\/\/www.cidademarketing.com.br\/marketing\/2023\/09\/09\/fiat-strada-lanca-nova-campanha\/"]}]},{"@type":"ImageObject","inLanguage":"pt-BR","@id":"https:\/\/www.cidademarketing.com.br\/marketing\/2023\/09\/09\/fiat-strada-lanca-nova-campanha\/#primaryimage","url":"https:\/\/www.cidademarketing.com.br\/marketing\/wp-content\/uploads\/2023\/09\/fiat_strada.webp","contentUrl":"https:\/\/www.cidademarketing.com.br\/marketing\/wp-content\/uploads\/2023\/09\/fiat_strada.webp","width":1899,"height":949,"caption":"Divulga\u00e7\u00e3o"},{"@type":"BreadcrumbList","@id":"https:\/\/www.cidademarketing.com.br\/marketing\/2023\/09\/09\/fiat-strada-lanca-nova-campanha\/#breadcrumb","itemListElement":[{"@type":"ListItem","position":1,"name":"In\u00edcio","item":"https:\/\/www.cidademarketing.com.br\/marketing\/"},{"@type":"ListItem","position":2,"name":"Fiat Strada lan\u00e7a nova campanha"}]},{"@type":"WebSite","@id":"https:\/\/www.cidademarketing.com.br\/marketing\/#website","url":"https:\/\/www.cidademarketing.com.br\/marketing\/","name":"CidadeMarketing","description":"Somos um ve\u00edculo de comunica\u00e7\u00e3o de destaque no Brasil, reconhecido por conte\u00fados nos segmentos de marketing, empreendedorismo e inova\u00e7\u00e3o.","publisher":{"@id":"https:\/\/www.cidademarketing.com.br\/marketing\/#organization"},"alternateName":"CidadeMarketing","potentialAction":[{"@type":"SearchAction","target":{"@type":"EntryPoint","urlTemplate":"https:\/\/www.cidademarketing.com.br\/marketing\/?s={search_term_string}"},"query-input":{"@type":"PropertyValueSpecification","valueRequired":true,"valueName":"search_term_string"}}],"inLanguage":"pt-BR"},{"@type":"Organization","@id":"https:\/\/www.cidademarketing.com.br\/marketing\/#organization","name":"CidadeMarketing","alternateName":"CidadeMarketing","url":"https:\/\/www.cidademarketing.com.br\/marketing\/","logo":{"@type":"ImageObject","inLanguage":"pt-BR","@id":"https:\/\/www.cidademarketing.com.br\/marketing\/#\/schema\/logo\/image\/","url":"https:\/\/www.cidademarketing.com.br\/marketing\/wp-content\/uploads\/2020\/01\/cidademarketing_marca_mobile.png","contentUrl":"https:\/\/www.cidademarketing.com.br\/marketing\/wp-content\/uploads\/2020\/01\/cidademarketing_marca_mobile.png","width":230,"height":92,"caption":"CidadeMarketing"},"image":{"@id":"https:\/\/www.cidademarketing.com.br\/marketing\/#\/schema\/logo\/image\/"},"sameAs":["https:\/\/www.facebook.com\/portalcidademarketing","https:\/\/x.com\/CidadeMarketing","https:\/\/www.instagram.com\/cidademarketing\/"]},{"@type":"Person","@id":"https:\/\/www.cidademarketing.com.br\/marketing\/#\/schema\/person\/02daff9f18bd9378c9e01eb6b2db155f","name":"Thales Brand\u00e3o","image":{"@type":"ImageObject","inLanguage":"pt-BR","@id":"https:\/\/secure.gravatar.com\/avatar\/7ca3206950207cc3cb48feec56a8a7898741ab725c368d99d5d7a5a50aab80c6?s=96&d=mm&r=g","url":"https:\/\/secure.gravatar.com\/avatar\/7ca3206950207cc3cb48feec56a8a7898741ab725c368d99d5d7a5a50aab80c6?s=96&d=mm&r=g","contentUrl":"https:\/\/secure.gravatar.com\/avatar\/7ca3206950207cc3cb48feec56a8a7898741ab725c368d99d5d7a5a50aab80c6?s=96&d=mm&r=g","caption":"Thales Brand\u00e3o"},"description":"Editor Executivo do Portal CidadeMarketing.com.br &gt; Mestre em Comunica\u00e7\u00e3o e Sociedade pela Universidade Federal de Sergipe. Possui MBA Executivo em Administra\u00e7\u00e3o com \u00eanfase em Marketing pela Funda\u00e7\u00e3o Get\u00falio Vargas - Rio de Janeiro. Consultor, Palestrante e Pesquisador sobre Empreendedorismo, Marketing, Redes Sociais e Neg\u00f3cios Digitais. Professor, Palestrante TedxTalks e Campus Party. Twitter: @ThalesBrandao","sameAs":["http:\/\/www.mandacaru.com.br","https:\/\/www.facebook.com\/thalesbrandao","http:\/\/www.instagram.com.br\/thalesbrandaoferreira","https:\/\/www.linkedin.com\/in\/thales-brand\u00e3o-3948609\/","https:\/\/x.com\/http:\/\/www.twitter.com\/thalesbrandao"],"url":"https:\/\/www.cidademarketing.com.br\/marketing\/author\/thalesbrandao\/"}]}},"amp_enabled":true,"_links":{"self":[{"href":"https:\/\/www.cidademarketing.com.br\/marketing\/wp-json\/wp\/v2\/posts\/47337","targetHints":{"allow":["GET"]}}],"collection":[{"href":"https:\/\/www.cidademarketing.com.br\/marketing\/wp-json\/wp\/v2\/posts"}],"about":[{"href":"https:\/\/www.cidademarketing.com.br\/marketing\/wp-json\/wp\/v2\/types\/post"}],"author":[{"embeddable":true,"href":"https:\/\/www.cidademarketing.com.br\/marketing\/wp-json\/wp\/v2\/users\/1"}],"replies":[{"embeddable":true,"href":"https:\/\/www.cidademarketing.com.br\/marketing\/wp-json\/wp\/v2\/comments?post=47337"}],"version-history":[{"count":1,"href":"https:\/\/www.cidademarketing.com.br\/marketing\/wp-json\/wp\/v2\/posts\/47337\/revisions"}],"predecessor-version":[{"id":47339,"href":"https:\/\/www.cidademarketing.com.br\/marketing\/wp-json\/wp\/v2\/posts\/47337\/revisions\/47339"}],"wp:featuredmedia":[{"embeddable":true,"href":"https:\/\/www.cidademarketing.com.br\/marketing\/wp-json\/wp\/v2\/media\/47338"}],"wp:attachment":[{"href":"https:\/\/www.cidademarketing.com.br\/marketing\/wp-json\/wp\/v2\/media?parent=47337"}],"wp:term":[{"taxonomy":"category","embeddable":true,"href":"https:\/\/www.cidademarketing.com.br\/marketing\/wp-json\/wp\/v2\/categories?post=47337"},{"taxonomy":"post_tag","embeddable":true,"href":"https:\/\/www.cidademarketing.com.br\/marketing\/wp-json\/wp\/v2\/tags?post=47337"}],"curies":[{"name":"wp","href":"https:\/\/api.w.org\/{rel}","templated":true}]}}