{"id":47326,"date":"2023-09-09T09:13:53","date_gmt":"2023-09-09T12:13:53","guid":{"rendered":"https:\/\/www.cidademarketing.com.br\/marketing\/?p=47326"},"modified":"2023-09-09T09:15:31","modified_gmt":"2023-09-09T12:15:31","slug":"quem-sera-o-proximo-masterchef-final-ao-vivo-entre-ana-carolina-e-wilton","status":"publish","type":"post","link":"https:\/\/www.cidademarketing.com.br\/marketing\/2023\/09\/09\/quem-sera-o-proximo-masterchef-final-ao-vivo-entre-ana-carolina-e-wilton\/","title":{"rendered":"Quem ser\u00e1 o pr\u00f3ximo &#8220;MasterChef&#8221;? Final ao vivo entre Ana Carolina e Wilton"},"content":{"rendered":"<p>A 10\u00aa temporada do MasterChef Brasil chega ao \u00faltimo epis\u00f3dio com uma final ao vivo direto dos est\u00fadios da Band em S\u00e3o Paulo. Na pr\u00f3xima ter\u00e7a-feira (12), a partir das 22h30, os finalistas Ana Carolina e Wilton reencontram o elenco e os participantes eliminados para descobrir quem \u00e9 o melhor cozinheiro amador do pa\u00eds de 2023. Raul Lemos, vice-campe\u00e3o da segunda temporada do talent show, ser\u00e1 o rep\u00f3rter dos bastidores.<\/p>\n<p><a href=\"https:\/\/www.cidademarketing.com.br\/marketing\/sua-marca-vai-virar-noticia\/\" target=\"_blank\" rel=\"noopener\"><img fetchpriority=\"high\" decoding=\"async\" class=\"wp-image-44329 aligncenter\" src=\"https:\/\/www.cidademarketing.com.br\/marketing\/wp-content\/uploads\/2023\/04\/cidademarketing_backlinks_marketingdigital_publieditorial_.png\" alt=\"\" width=\"500\" height=\"500\" \/><\/a><br \/>\nLogo no in\u00edcio, Ana Paula Padr\u00e3o dar\u00e1 as boas-vindas aos convidados na \u00e1rea externa do est\u00fadio, mostrando toda a expectativa para o resultado. \u201cSer\u00e1 uma das finais mais emocionantes, ic\u00f4nicas e emblem\u00e1ticas que o MasterChef j\u00e1 teve. A Ana Carolina \u00e9 uma mulher muito guerreira, que cria um filho sozinha, teve uma inf\u00e2ncia dif\u00edcil e conquistou uma curva de aprendizado muito not\u00e1vel ao longo dos epis\u00f3dios. J\u00e1 o Wilton \u00e9 uma pessoa muito determinada, que tem um lado art\u00edstico que voa, que sonha, e tudo isso se une a uma personalidade muito \u00fanica. Acho que \u00e9 a primeira vez que trazemos algu\u00e9m assim no programa\u201d, afirma a apresentadora.<\/p>\n<p>O clima de tens\u00e3o e suspense toma conta do ambiente durante a exibi\u00e7\u00e3o da prova entre os dois finalistas, que precisam fazer um card\u00e1pio completo, com entrada, prato principal e sobremesa, traduzindo suas trajet\u00f3rias e vis\u00f5es de gastronomia.<\/p>\n\r\n                <style type=\"text\/css\">\r\n                    \r\n                    #tdi_1  .td-doubleSlider-2 .td-item1 {\r\n                        background: url(https:\/\/www.cidademarketing.com.br\/marketing\/wp-content\/uploads\/2023\/09\/masterchef_final_01-80x60.jpg) 0 0 no-repeat;\r\n                    }\r\n                    #tdi_1  .td-doubleSlider-2 .td-item2 {\r\n                        background: url(https:\/\/www.cidademarketing.com.br\/marketing\/wp-content\/uploads\/2023\/09\/masterchef_final_02-80x60.jpg) 0 0 no-repeat;\r\n                    }\r\n                    #tdi_1  .td-doubleSlider-2 .td-item3 {\r\n                        background: url(https:\/\/www.cidademarketing.com.br\/marketing\/wp-content\/uploads\/2023\/09\/masterchef_final_03-80x60.jpg) 0 0 no-repeat;\r\n                    }\r\n                    #tdi_1  .td-doubleSlider-2 .td-item4 {\r\n                        background: url(https:\/\/www.cidademarketing.com.br\/marketing\/wp-content\/uploads\/2023\/09\/masterchef_final_04-80x60.jpg) 0 0 no-repeat;\r\n                    }\r\n                    #tdi_1  .td-doubleSlider-2 .td-item5 {\r\n                        background: url(https:\/\/www.cidademarketing.com.br\/marketing\/wp-content\/uploads\/2023\/09\/masterchef_final_05-80x60.jpg) 0 0 no-repeat;\r\n                    }\r\n                    #tdi_1  .td-doubleSlider-2 .td-item6 {\r\n                        background: url(https:\/\/www.cidademarketing.com.br\/marketing\/wp-content\/uploads\/2023\/09\/masterchef_final_06-80x60.jpg) 0 0 no-repeat;\r\n                    }\r\n                    #tdi_1  .td-doubleSlider-2 .td-item7 {\r\n                        background: url(https:\/\/www.cidademarketing.com.br\/marketing\/wp-content\/uploads\/2023\/09\/masterchef_final_07-80x60.jpg) 0 0 no-repeat;\r\n                    }\r\n                    #tdi_1  .td-doubleSlider-2 .td-item8 {\r\n                        background: url(https:\/\/www.cidademarketing.com.br\/marketing\/wp-content\/uploads\/2023\/09\/masterchef_final_08-80x60.jpg) 0 0 no-repeat;\r\n                    }\r\n                <\/style>\r\n\r\n                <div id=\"tdi_1\" class=\"td-gallery td-slide-on-2-columns\">\r\n                    <div class=\"post_td_gallery\">\r\n                        <div class=\"td-gallery-slide-top\">\r\n                           <div class=\"td-gallery-title\"><\/div>\r\n\r\n                            <div class=\"td-gallery-controls-wrapper\">\r\n                                <div class=\"td-gallery-slide-count\"><span class=\"td-gallery-slide-item-focus\">1<\/span> de 8<\/div>\r\n                                <div class=\"td-gallery-slide-prev-next-but\">\r\n                                    <i class = \"td-icon-left doubleSliderPrevButton\"><\/i>\r\n                                    <i class = \"td-icon-right doubleSliderNextButton\"><\/i>\r\n                                <\/div>\r\n                            <\/div>\r\n                        <\/div>\r\n\r\n                        <div class = \"td-doubleSlider-1 \">\r\n                            <div class = \"td-slider\">\r\n                                \r\n                    <div class = \"td-slide-item td-item1\">\r\n                        <figure class=\"td-slide-galery-figure td-slide-popup-gallery\">\r\n                            <a class=\"slide-gallery-image-link\" href=\"https:\/\/www.cidademarketing.com.br\/marketing\/wp-content\/uploads\/2023\/09\/masterchef_final_01.jpg\" title=\"masterchef_final_01\"  data-caption=\"Wilton e Ana Carolina prometem briga acirrada no \u00faltimo epis\u00f3dio do MasterChef Brasil. Cr\u00e9dito: Melissa Haidar\/Band\"  data-description=\"\">\r\n                                <img decoding=\"async\" src=\"https:\/\/www.cidademarketing.com.br\/marketing\/wp-content\/uploads\/2023\/09\/masterchef_final_01-630x420.jpg\" srcset=\"https:\/\/www.cidademarketing.com.br\/marketing\/wp-content\/uploads\/2023\/09\/masterchef_final_01-630x420.jpg 630w, https:\/\/www.cidademarketing.com.br\/marketing\/wp-content\/uploads\/2023\/09\/masterchef_final_01-300x200.jpg 300w, https:\/\/www.cidademarketing.com.br\/marketing\/wp-content\/uploads\/2023\/09\/masterchef_final_01-1024x683.jpg 1024w, https:\/\/www.cidademarketing.com.br\/marketing\/wp-content\/uploads\/2023\/09\/masterchef_final_01-768x512.jpg 768w, https:\/\/www.cidademarketing.com.br\/marketing\/wp-content\/uploads\/2023\/09\/masterchef_final_01-1536x1024.jpg 1536w, https:\/\/www.cidademarketing.com.br\/marketing\/wp-content\/uploads\/2023\/09\/masterchef_final_01-640x427.jpg 640w, https:\/\/www.cidademarketing.com.br\/marketing\/wp-content\/uploads\/2023\/09\/masterchef_final_01-681x454.jpg 681w, https:\/\/www.cidademarketing.com.br\/marketing\/wp-content\/uploads\/2023\/09\/masterchef_final_01.jpg 2048w\" sizes=\"(max-width: 630px) 100vw, 630px\" alt=\"\">\r\n                            <\/a>\r\n                            <figcaption class = \"td-slide-caption td-gallery-slide-content\"><div class = \"td-gallery-slide-copywrite\">Wilton e Ana Carolina prometem briga acirrada no \u00faltimo epis\u00f3dio do MasterChef Brasil. Cr\u00e9dito: Melissa Haidar\/Band<\/div><\/figcaption>\r\n                        <\/figure>\r\n                    <\/div>\r\n                    <div class = \"td-slide-item td-item2\">\r\n                        <figure class=\"td-slide-galery-figure td-slide-popup-gallery\">\r\n                            <a class=\"slide-gallery-image-link\" href=\"https:\/\/www.cidademarketing.com.br\/marketing\/wp-content\/uploads\/2023\/09\/masterchef_final_02.jpg\" title=\"masterchef_final_02\"  data-caption=\"Wilton e Ana Carolina prometem briga acirrada no \u00faltimo epis\u00f3dio do MasterChef Brasil. Cr\u00e9dito: Melissa Haidar\/Band\"  data-description=\"\">\r\n                                <img decoding=\"async\" src=\"https:\/\/www.cidademarketing.com.br\/marketing\/wp-content\/uploads\/2023\/09\/masterchef_final_02-647x420.jpg\" srcset=\"https:\/\/www.cidademarketing.com.br\/marketing\/wp-content\/uploads\/2023\/09\/masterchef_final_02-647x420.jpg 647w, https:\/\/www.cidademarketing.com.br\/marketing\/wp-content\/uploads\/2023\/09\/masterchef_final_02-300x194.jpg 300w, https:\/\/www.cidademarketing.com.br\/marketing\/wp-content\/uploads\/2023\/09\/masterchef_final_02-1024x665.jpg 1024w, https:\/\/www.cidademarketing.com.br\/marketing\/wp-content\/uploads\/2023\/09\/masterchef_final_02-768x499.jpg 768w, https:\/\/www.cidademarketing.com.br\/marketing\/wp-content\/uploads\/2023\/09\/masterchef_final_02-1536x997.jpg 1536w, https:\/\/www.cidademarketing.com.br\/marketing\/wp-content\/uploads\/2023\/09\/masterchef_final_02-341x220.jpg 341w, https:\/\/www.cidademarketing.com.br\/marketing\/wp-content\/uploads\/2023\/09\/masterchef_final_02-640x416.jpg 640w, https:\/\/www.cidademarketing.com.br\/marketing\/wp-content\/uploads\/2023\/09\/masterchef_final_02-681x442.jpg 681w, https:\/\/www.cidademarketing.com.br\/marketing\/wp-content\/uploads\/2023\/09\/masterchef_final_02.jpg 2047w\" sizes=\"(max-width: 647px) 100vw, 647px\" alt=\"\">\r\n                            <\/a>\r\n                            <figcaption class = \"td-slide-caption td-gallery-slide-content\"><div class = \"td-gallery-slide-copywrite\">Wilton e Ana Carolina prometem briga acirrada no \u00faltimo epis\u00f3dio do MasterChef Brasil. Cr\u00e9dito: Melissa Haidar\/Band<\/div><\/figcaption>\r\n                        <\/figure>\r\n                    <\/div>\r\n                    <div class = \"td-slide-item td-item3\">\r\n                        <figure class=\"td-slide-galery-figure td-slide-popup-gallery\">\r\n                            <a class=\"slide-gallery-image-link\" href=\"https:\/\/www.cidademarketing.com.br\/marketing\/wp-content\/uploads\/2023\/09\/masterchef_final_03.jpg\" title=\"masterchef_final_03\"  data-caption=\"Wilton e Ana Carolina prometem briga acirrada no \u00faltimo epis\u00f3dio do MasterChef Brasil. Cr\u00e9dito: Melissa Haidar\/Band\"  data-description=\"\">\r\n                                <img decoding=\"async\" src=\"https:\/\/www.cidademarketing.com.br\/marketing\/wp-content\/uploads\/2023\/09\/masterchef_final_03-641x420.jpg\" srcset=\"https:\/\/www.cidademarketing.com.br\/marketing\/wp-content\/uploads\/2023\/09\/masterchef_final_03-641x420.jpg 641w, https:\/\/www.cidademarketing.com.br\/marketing\/wp-content\/uploads\/2023\/09\/masterchef_final_03-300x197.jpg 300w, https:\/\/www.cidademarketing.com.br\/marketing\/wp-content\/uploads\/2023\/09\/masterchef_final_03-1024x671.jpg 1024w, https:\/\/www.cidademarketing.com.br\/marketing\/wp-content\/uploads\/2023\/09\/masterchef_final_03-768x503.jpg 768w, https:\/\/www.cidademarketing.com.br\/marketing\/wp-content\/uploads\/2023\/09\/masterchef_final_03-1536x1007.jpg 1536w, https:\/\/www.cidademarketing.com.br\/marketing\/wp-content\/uploads\/2023\/09\/masterchef_final_03-640x419.jpg 640w, https:\/\/www.cidademarketing.com.br\/marketing\/wp-content\/uploads\/2023\/09\/masterchef_final_03-681x446.jpg 681w, https:\/\/www.cidademarketing.com.br\/marketing\/wp-content\/uploads\/2023\/09\/masterchef_final_03-741x486.jpg 741w, https:\/\/www.cidademarketing.com.br\/marketing\/wp-content\/uploads\/2023\/09\/masterchef_final_03.jpg 2048w\" sizes=\"(max-width: 641px) 100vw, 641px\" alt=\"\">\r\n                            <\/a>\r\n                            <figcaption class = \"td-slide-caption td-gallery-slide-content\"><div class = \"td-gallery-slide-copywrite\">Wilton e Ana Carolina prometem briga acirrada no \u00faltimo epis\u00f3dio do MasterChef Brasil. Cr\u00e9dito: Melissa Haidar\/Band<\/div><\/figcaption>\r\n                        <\/figure>\r\n                    <\/div>\r\n                    <div class = \"td-slide-item td-item4\">\r\n                        <figure class=\"td-slide-galery-figure td-slide-popup-gallery\">\r\n                            <a class=\"slide-gallery-image-link\" href=\"https:\/\/www.cidademarketing.com.br\/marketing\/wp-content\/uploads\/2023\/09\/masterchef_final_04.jpg\" title=\"masterchef_final_04\"  data-caption=\"Wilton e Ana Carolina prometem briga acirrada no \u00faltimo epis\u00f3dio do MasterChef Brasil. Cr\u00e9dito: Melissa Haidar\/Band\"  data-description=\"\">\r\n                                <img decoding=\"async\" src=\"https:\/\/www.cidademarketing.com.br\/marketing\/wp-content\/uploads\/2023\/09\/masterchef_final_04-630x420.jpg\" srcset=\"https:\/\/www.cidademarketing.com.br\/marketing\/wp-content\/uploads\/2023\/09\/masterchef_final_04-630x420.jpg 630w, https:\/\/www.cidademarketing.com.br\/marketing\/wp-content\/uploads\/2023\/09\/masterchef_final_04-300x200.jpg 300w, https:\/\/www.cidademarketing.com.br\/marketing\/wp-content\/uploads\/2023\/09\/masterchef_final_04-1024x683.jpg 1024w, https:\/\/www.cidademarketing.com.br\/marketing\/wp-content\/uploads\/2023\/09\/masterchef_final_04-768x512.jpg 768w, https:\/\/www.cidademarketing.com.br\/marketing\/wp-content\/uploads\/2023\/09\/masterchef_final_04-1536x1024.jpg 1536w, https:\/\/www.cidademarketing.com.br\/marketing\/wp-content\/uploads\/2023\/09\/masterchef_final_04-640x427.jpg 640w, https:\/\/www.cidademarketing.com.br\/marketing\/wp-content\/uploads\/2023\/09\/masterchef_final_04-681x454.jpg 681w, https:\/\/www.cidademarketing.com.br\/marketing\/wp-content\/uploads\/2023\/09\/masterchef_final_04.jpg 2048w\" sizes=\"(max-width: 630px) 100vw, 630px\" alt=\"\">\r\n                            <\/a>\r\n                            <figcaption class = \"td-slide-caption td-gallery-slide-content\"><div class = \"td-gallery-slide-copywrite\">Wilton e Ana Carolina prometem briga acirrada no \u00faltimo epis\u00f3dio do MasterChef Brasil. Cr\u00e9dito: Melissa Haidar\/Band<\/div><\/figcaption>\r\n                        <\/figure>\r\n                    <\/div>\r\n                    <div class = \"td-slide-item td-item5\">\r\n                        <figure class=\"td-slide-galery-figure td-slide-popup-gallery\">\r\n                            <a class=\"slide-gallery-image-link\" href=\"https:\/\/www.cidademarketing.com.br\/marketing\/wp-content\/uploads\/2023\/09\/masterchef_final_05.jpg\" title=\"masterchef_final_05\"  data-caption=\"Wilton e Ana Carolina prometem briga acirrada no \u00faltimo epis\u00f3dio do MasterChef Brasil. Cr\u00e9dito: Melissa Haidar\/Band\"  data-description=\"\">\r\n                                <img decoding=\"async\" src=\"https:\/\/www.cidademarketing.com.br\/marketing\/wp-content\/uploads\/2023\/09\/masterchef_final_05-630x420.jpg\" srcset=\"https:\/\/www.cidademarketing.com.br\/marketing\/wp-content\/uploads\/2023\/09\/masterchef_final_05-630x420.jpg 630w, https:\/\/www.cidademarketing.com.br\/marketing\/wp-content\/uploads\/2023\/09\/masterchef_final_05-300x200.jpg 300w, https:\/\/www.cidademarketing.com.br\/marketing\/wp-content\/uploads\/2023\/09\/masterchef_final_05-1024x683.jpg 1024w, https:\/\/www.cidademarketing.com.br\/marketing\/wp-content\/uploads\/2023\/09\/masterchef_final_05-768x512.jpg 768w, https:\/\/www.cidademarketing.com.br\/marketing\/wp-content\/uploads\/2023\/09\/masterchef_final_05-1536x1024.jpg 1536w, https:\/\/www.cidademarketing.com.br\/marketing\/wp-content\/uploads\/2023\/09\/masterchef_final_05-640x427.jpg 640w, https:\/\/www.cidademarketing.com.br\/marketing\/wp-content\/uploads\/2023\/09\/masterchef_final_05-681x454.jpg 681w, https:\/\/www.cidademarketing.com.br\/marketing\/wp-content\/uploads\/2023\/09\/masterchef_final_05.jpg 2048w\" sizes=\"(max-width: 630px) 100vw, 630px\" alt=\"\">\r\n                            <\/a>\r\n                            <figcaption class = \"td-slide-caption td-gallery-slide-content\"><div class = \"td-gallery-slide-copywrite\">Wilton e Ana Carolina prometem briga acirrada no \u00faltimo epis\u00f3dio do MasterChef Brasil. Cr\u00e9dito: Melissa Haidar\/Band<\/div><\/figcaption>\r\n                        <\/figure>\r\n                    <\/div>\r\n                    <div class = \"td-slide-item td-item6\">\r\n                        <figure class=\"td-slide-galery-figure td-slide-popup-gallery\">\r\n                            <a class=\"slide-gallery-image-link\" href=\"https:\/\/www.cidademarketing.com.br\/marketing\/wp-content\/uploads\/2023\/09\/masterchef_final_06.jpg\" title=\"masterchef_final_06\"  data-caption=\"Wilton e Ana Carolina prometem briga acirrada no \u00faltimo epis\u00f3dio do MasterChef Brasil. Cr\u00e9dito: Melissa Haidar\/Band\"  data-description=\"\">\r\n                                <img decoding=\"async\" src=\"https:\/\/www.cidademarketing.com.br\/marketing\/wp-content\/uploads\/2023\/09\/masterchef_final_06-630x420.jpg\" srcset=\"https:\/\/www.cidademarketing.com.br\/marketing\/wp-content\/uploads\/2023\/09\/masterchef_final_06-630x420.jpg 630w, https:\/\/www.cidademarketing.com.br\/marketing\/wp-content\/uploads\/2023\/09\/masterchef_final_06-300x200.jpg 300w, https:\/\/www.cidademarketing.com.br\/marketing\/wp-content\/uploads\/2023\/09\/masterchef_final_06-1024x683.jpg 1024w, https:\/\/www.cidademarketing.com.br\/marketing\/wp-content\/uploads\/2023\/09\/masterchef_final_06-768x512.jpg 768w, https:\/\/www.cidademarketing.com.br\/marketing\/wp-content\/uploads\/2023\/09\/masterchef_final_06-1536x1024.jpg 1536w, https:\/\/www.cidademarketing.com.br\/marketing\/wp-content\/uploads\/2023\/09\/masterchef_final_06-640x427.jpg 640w, https:\/\/www.cidademarketing.com.br\/marketing\/wp-content\/uploads\/2023\/09\/masterchef_final_06-681x454.jpg 681w, https:\/\/www.cidademarketing.com.br\/marketing\/wp-content\/uploads\/2023\/09\/masterchef_final_06.jpg 2048w\" sizes=\"(max-width: 630px) 100vw, 630px\" alt=\"\">\r\n                            <\/a>\r\n                            <figcaption class = \"td-slide-caption td-gallery-slide-content\"><div class = \"td-gallery-slide-copywrite\">Wilton e Ana Carolina prometem briga acirrada no \u00faltimo epis\u00f3dio do MasterChef Brasil. Cr\u00e9dito: Melissa Haidar\/Band<\/div><\/figcaption>\r\n                        <\/figure>\r\n                    <\/div>\r\n                    <div class = \"td-slide-item td-item7\">\r\n                        <figure class=\"td-slide-galery-figure td-slide-popup-gallery\">\r\n                            <a class=\"slide-gallery-image-link\" href=\"https:\/\/www.cidademarketing.com.br\/marketing\/wp-content\/uploads\/2023\/09\/masterchef_final_07.jpg\" title=\"masterchef_final_07\"  data-caption=\"Wilton e Ana Carolina prometem briga acirrada no \u00faltimo epis\u00f3dio do MasterChef Brasil. Cr\u00e9dito: Melissa Haidar\/Band\"  data-description=\"\">\r\n                                <img decoding=\"async\" src=\"https:\/\/www.cidademarketing.com.br\/marketing\/wp-content\/uploads\/2023\/09\/masterchef_final_07-630x420.jpg\" srcset=\"https:\/\/www.cidademarketing.com.br\/marketing\/wp-content\/uploads\/2023\/09\/masterchef_final_07-630x420.jpg 630w, https:\/\/www.cidademarketing.com.br\/marketing\/wp-content\/uploads\/2023\/09\/masterchef_final_07-300x200.jpg 300w, https:\/\/www.cidademarketing.com.br\/marketing\/wp-content\/uploads\/2023\/09\/masterchef_final_07-1024x683.jpg 1024w, https:\/\/www.cidademarketing.com.br\/marketing\/wp-content\/uploads\/2023\/09\/masterchef_final_07-768x512.jpg 768w, https:\/\/www.cidademarketing.com.br\/marketing\/wp-content\/uploads\/2023\/09\/masterchef_final_07-1536x1024.jpg 1536w, https:\/\/www.cidademarketing.com.br\/marketing\/wp-content\/uploads\/2023\/09\/masterchef_final_07-640x427.jpg 640w, https:\/\/www.cidademarketing.com.br\/marketing\/wp-content\/uploads\/2023\/09\/masterchef_final_07-681x454.jpg 681w, https:\/\/www.cidademarketing.com.br\/marketing\/wp-content\/uploads\/2023\/09\/masterchef_final_07.jpg 2048w\" sizes=\"(max-width: 630px) 100vw, 630px\" alt=\"\">\r\n                            <\/a>\r\n                            <figcaption class = \"td-slide-caption td-gallery-slide-content\"><div class = \"td-gallery-slide-copywrite\">Wilton e Ana Carolina prometem briga acirrada no \u00faltimo epis\u00f3dio do MasterChef Brasil. Cr\u00e9dito: Melissa Haidar\/Band<\/div><\/figcaption>\r\n                        <\/figure>\r\n                    <\/div>\r\n                    <div class = \"td-slide-item td-item8\">\r\n                        <figure class=\"td-slide-galery-figure td-slide-popup-gallery\">\r\n                            <a class=\"slide-gallery-image-link\" href=\"https:\/\/www.cidademarketing.com.br\/marketing\/wp-content\/uploads\/2023\/09\/masterchef_final_08.jpg\" title=\"masterchef_final_08\"  data-caption=\"\"  data-description=\"\">\r\n                                <img decoding=\"async\" src=\"https:\/\/www.cidademarketing.com.br\/marketing\/wp-content\/uploads\/2023\/09\/masterchef_final_08-630x420.jpg\" srcset=\"https:\/\/www.cidademarketing.com.br\/marketing\/wp-content\/uploads\/2023\/09\/masterchef_final_08-630x420.jpg 630w, https:\/\/www.cidademarketing.com.br\/marketing\/wp-content\/uploads\/2023\/09\/masterchef_final_08-300x200.jpg 300w, https:\/\/www.cidademarketing.com.br\/marketing\/wp-content\/uploads\/2023\/09\/masterchef_final_08-1024x683.jpg 1024w, https:\/\/www.cidademarketing.com.br\/marketing\/wp-content\/uploads\/2023\/09\/masterchef_final_08-768x512.jpg 768w, https:\/\/www.cidademarketing.com.br\/marketing\/wp-content\/uploads\/2023\/09\/masterchef_final_08-1536x1024.jpg 1536w, https:\/\/www.cidademarketing.com.br\/marketing\/wp-content\/uploads\/2023\/09\/masterchef_final_08-640x427.jpg 640w, https:\/\/www.cidademarketing.com.br\/marketing\/wp-content\/uploads\/2023\/09\/masterchef_final_08-681x454.jpg 681w, https:\/\/www.cidademarketing.com.br\/marketing\/wp-content\/uploads\/2023\/09\/masterchef_final_08.jpg 2048w\" sizes=\"(max-width: 630px) 100vw, 630px\" alt=\"\">\r\n                            <\/a>\r\n                            \r\n                        <\/figure>\r\n                    <\/div>\r\n                            <\/div>\r\n                        <\/div>\r\n\r\n                        <div class = \"td-doubleSlider-2\">\r\n                            <div class = \"td-slider\">\r\n                                \r\n                    <div class = \"td-button td-item1\">\r\n                        <div class = \"td-border\"><\/div>\r\n                    <\/div>\r\n                    <div class = \"td-button td-item2\">\r\n                        <div class = \"td-border\"><\/div>\r\n                    <\/div>\r\n                    <div class = \"td-button td-item3\">\r\n                        <div class = \"td-border\"><\/div>\r\n                    <\/div>\r\n                    <div class = \"td-button td-item4\">\r\n                        <div class = \"td-border\"><\/div>\r\n                    <\/div>\r\n                    <div class = \"td-button td-item5\">\r\n                        <div class = \"td-border\"><\/div>\r\n                    <\/div>\r\n                    <div class = \"td-button td-item6\">\r\n                        <div class = \"td-border\"><\/div>\r\n                    <\/div>\r\n                    <div class = \"td-button td-item7\">\r\n                        <div class = \"td-border\"><\/div>\r\n                    <\/div>\r\n                    <div class = \"td-button td-item8\">\r\n                        <div class = \"td-border\"><\/div>\r\n                    <\/div>\r\n                            <\/div>\r\n                        <\/div>\r\n\r\n                    <\/div>\r\n\r\n                <\/div>\r\n                \n<p>Em cada passo, ser\u00e1 necess\u00e1rio colocar tudo o que eles aprenderam ao longo da competi\u00e7\u00e3o e que gostariam de contar para o mundo. Mas, depois de tantas finais, \u00e9 preciso um diferencial para conquistar o paladar dos jurados Erick Jacquin, Helena Rizzo e Rodrigo Oliveira. \u201cVamos avaliar prato a prato e comparar cada um em rela\u00e7\u00e3o ao aspecto, sabor, t\u00e9cnica e apresenta\u00e7\u00e3o para descobrir quem cumpriu melhor os requisitos. Foi muito dif\u00edcil fazer as escolhas\u201d, adianta Helena.<\/p>\n<p>\u201cEu n\u00e3o esperava ter o Wilton na final, mas ele jogou bem e trabalhou muito para chegar onde chegou. A Ana Carolina tamb\u00e9m se esfor\u00e7ou bastante. Os dois v\u00e3o fazer bonito\u201d, garante Jacquin.<\/p>\n<p>Rodrigo Oliveira, que se despede do j\u00fari ap\u00f3s o 20\u00ba epis\u00f3dio, opinou sobre o segredo para ser campe\u00e3o. \u201cUm dos grandes tra\u00e7os dos vencedores \u00e9 conseguir manter a calma nos momentos de tens\u00e3o. Na final, isso vai ser decisivo. \u00c9 preciso colocar a cabe\u00e7a no lugar e criar uma boa estrat\u00e9gia de menu, ambiciosa e ao mesmo tempo fact\u00edvel\u201d.<\/p>\n<p>Al\u00e9m do trof\u00e9u exclusivo, s\u00edmbolo m\u00e1ximo do maior cozinheiro amador do pa\u00eds, o vencedor vai levar para casa um pr\u00eamio do P\u00e3o de A\u00e7\u00facar, mercado oficial do MasterChef, no valor de R$ 300 mil no cart\u00e3o P\u00e3o e 300 mil pontos Stix para trocar por produtos. A Royal Prestige vai presente\u00e1-lo com um conjunto de panelas especial, enquanto a Eisenbahn oferecer\u00e1 uma viagem a Blumenau para conhecer a f\u00e1brica da marca, um curso de sommelier de cerveja e um home bar. A ArcelorMittal, maior produtora de a\u00e7o do Brasil e l\u00edder mundial, vai turbinar a cozinha do autor do melhor menu com utens\u00edlios e eletrodom\u00e9sticos. J\u00e1 a Le Cordon Bleu dar\u00e1 um curso completo na escola de gastronomia mais renomada do mundo. O segundo colocado tamb\u00e9m ganha um curso de p\u00e2tisserie para aprender com os melhores profissionais da \u00e1rea.<\/p>\n<p>A final da d\u00e9cima temporada do MasterChef Brasil vai ao ar na ter\u00e7a-feira, \u00e0s 22h30, logo depois do Perrengue do Dia.<\/p>\n<p><iframe title=\"Spotify Embed: Podcast CidadeMarketing\" style=\"border-radius: 12px\" width=\"100%\" height=\"152\" frameborder=\"0\" allowfullscreen allow=\"autoplay; clipboard-write; encrypted-media; fullscreen; picture-in-picture\" loading=\"lazy\" src=\"https:\/\/open.spotify.com\/embed\/show\/4khMKzP3FgFRWVwb73xicc?si=252fe5bff2b34909&#038;utm_source=oembed\"><\/iframe><\/p>\n<p>&nbsp;<\/p>\n<p>Criado por Franc Roddam, o formato MasterChef \u00e9 representado internacionalmente pela Banijay. O programa \u00e9 uma produ\u00e7\u00e3o da Endemol Shine Brasil para a Band e para o Discovery Home &amp; Health. O talent show vai ao ar toda ter\u00e7a-feira, \u00e0s 22h30, na tela da Band, com transmiss\u00e3o simult\u00e2nea no Band.com.br e no aplicativo Bandplay. A atra\u00e7\u00e3o \u00e9 exibida toda sexta-feira, \u00e0s 19h, no canal Discovery Home &amp; Health e nos streamings discovery+ e HBO Max. O p\u00fablico ainda pode acompanhar os epis\u00f3dios pelo canal oficial no YouTube.<\/p>\n<p>&nbsp;<\/p>\n<p>&nbsp;<\/p>\n<p>&nbsp;<\/p>\n<p>&nbsp;<\/p>\n","protected":false},"excerpt":{"rendered":"<p>A 10\u00aa temporada do MasterChef Brasil chega ao \u00faltimo epis\u00f3dio com uma final ao vivo direto dos est\u00fadios da Band em S\u00e3o Paulo. Na pr\u00f3xima ter\u00e7a-feira (12), a partir das 22h30, os finalistas Ana Carolina e Wilton reencontram o elenco e os participantes eliminados para descobrir quem \u00e9 o melhor cozinheiro amador do pa\u00eds de [&hellip;]<\/p>\n","protected":false},"author":1,"featured_media":47330,"comment_status":"open","ping_status":"open","sticky":false,"template":"","format":"standard","meta":{"tdm_status":"","tdm_grid_status":"","footnotes":""},"categories":[6],"tags":[383,65,33,805,2023,28,1501],"class_list":["post-47326","post","type-post","status-publish","format-standard","has-post-thumbnail","hentry","category-noticias","tag-band","tag-campanha","tag-estrategia","tag-experiencia","tag-gastronomia","tag-marketing","tag-masterchef"],"yoast_head":"<!-- This site is optimized with the Yoast SEO plugin v27.5 - https:\/\/yoast.com\/product\/yoast-seo-wordpress\/ -->\n<title>Quem ser\u00e1 o pr\u00f3ximo &quot;MasterChef&quot;? Final ao vivo entre Ana Carolina e Wilton - CidadeMarketing<\/title>\n<meta name=\"robots\" content=\"index, follow, max-snippet:-1, max-image-preview:large, max-video-preview:-1\" \/>\n<link rel=\"canonical\" href=\"https:\/\/www.cidademarketing.com.br\/marketing\/2023\/09\/09\/quem-sera-o-proximo-masterchef-final-ao-vivo-entre-ana-carolina-e-wilton\/\" \/>\n<meta property=\"og:locale\" content=\"pt_BR\" \/>\n<meta property=\"og:type\" content=\"article\" \/>\n<meta property=\"og:title\" content=\"Quem ser\u00e1 o pr\u00f3ximo &quot;MasterChef&quot;? Final ao vivo entre Ana Carolina e Wilton - CidadeMarketing\" \/>\n<meta property=\"og:description\" content=\"A 10\u00aa temporada do MasterChef Brasil chega ao \u00faltimo epis\u00f3dio com uma final ao vivo direto dos est\u00fadios da Band em S\u00e3o Paulo. Na pr\u00f3xima ter\u00e7a-feira (12), a partir das 22h30, os finalistas Ana Carolina e Wilton reencontram o elenco e os participantes eliminados para descobrir quem \u00e9 o melhor cozinheiro amador do pa\u00eds de [&hellip;]\" \/>\n<meta property=\"og:url\" content=\"https:\/\/www.cidademarketing.com.br\/marketing\/2023\/09\/09\/quem-sera-o-proximo-masterchef-final-ao-vivo-entre-ana-carolina-e-wilton\/\" \/>\n<meta property=\"og:site_name\" content=\"CidadeMarketing\" \/>\n<meta property=\"article:publisher\" content=\"https:\/\/www.facebook.com\/portalcidademarketing\" \/>\n<meta property=\"article:author\" content=\"https:\/\/www.facebook.com\/thalesbrandao\" \/>\n<meta property=\"article:published_time\" content=\"2023-09-09T12:13:53+00:00\" \/>\n<meta property=\"article:modified_time\" content=\"2023-09-09T12:15:31+00:00\" \/>\n<meta property=\"og:image\" content=\"https:\/\/www.cidademarketing.com.br\/marketing\/wp-content\/uploads\/2023\/09\/masterchef_final_04.jpg\" \/>\n\t<meta property=\"og:image:width\" content=\"2048\" \/>\n\t<meta property=\"og:image:height\" content=\"1365\" \/>\n\t<meta property=\"og:image:type\" content=\"image\/jpeg\" \/>\n<meta name=\"author\" content=\"Thales Brand\u00e3o\" \/>\n<meta name=\"twitter:card\" content=\"summary_large_image\" \/>\n<meta name=\"twitter:creator\" content=\"@http:\/\/www.twitter.com\/thalesbrandao\" \/>\n<meta name=\"twitter:site\" content=\"@CidadeMarketing\" \/>\n<meta name=\"twitter:label1\" content=\"Escrito por\" \/>\n\t<meta name=\"twitter:data1\" content=\"Thales Brand\u00e3o\" \/>\n\t<meta name=\"twitter:label2\" content=\"Est. tempo de leitura\" \/>\n\t<meta name=\"twitter:data2\" content=\"4 minutos\" \/>\n<script type=\"application\/ld+json\" class=\"yoast-schema-graph\">{\"@context\":\"https:\\\/\\\/schema.org\",\"@graph\":[{\"@type\":\"Article\",\"@id\":\"https:\\\/\\\/www.cidademarketing.com.br\\\/marketing\\\/2023\\\/09\\\/09\\\/quem-sera-o-proximo-masterchef-final-ao-vivo-entre-ana-carolina-e-wilton\\\/#article\",\"isPartOf\":{\"@id\":\"https:\\\/\\\/www.cidademarketing.com.br\\\/marketing\\\/2023\\\/09\\\/09\\\/quem-sera-o-proximo-masterchef-final-ao-vivo-entre-ana-carolina-e-wilton\\\/\"},\"author\":{\"name\":\"Thales Brand\u00e3o\",\"@id\":\"https:\\\/\\\/www.cidademarketing.com.br\\\/marketing\\\/#\\\/schema\\\/person\\\/02daff9f18bd9378c9e01eb6b2db155f\"},\"headline\":\"Quem ser\u00e1 o pr\u00f3ximo &#8220;MasterChef&#8221;? Final ao vivo entre Ana Carolina e Wilton\",\"datePublished\":\"2023-09-09T12:13:53+00:00\",\"dateModified\":\"2023-09-09T12:15:31+00:00\",\"mainEntityOfPage\":{\"@id\":\"https:\\\/\\\/www.cidademarketing.com.br\\\/marketing\\\/2023\\\/09\\\/09\\\/quem-sera-o-proximo-masterchef-final-ao-vivo-entre-ana-carolina-e-wilton\\\/\"},\"wordCount\":728,\"commentCount\":0,\"publisher\":{\"@id\":\"https:\\\/\\\/www.cidademarketing.com.br\\\/marketing\\\/#organization\"},\"image\":{\"@id\":\"https:\\\/\\\/www.cidademarketing.com.br\\\/marketing\\\/2023\\\/09\\\/09\\\/quem-sera-o-proximo-masterchef-final-ao-vivo-entre-ana-carolina-e-wilton\\\/#primaryimage\"},\"thumbnailUrl\":\"https:\\\/\\\/www.cidademarketing.com.br\\\/marketing\\\/wp-content\\\/uploads\\\/2023\\\/09\\\/masterchef_final_04.jpg\",\"keywords\":[\"Band\",\"campanha\",\"estrat\u00e9gia\",\"experi\u00eancia\",\"gastronomia\",\"marketing\",\"Masterchef\"],\"articleSection\":[\"Not\u00edcias\"],\"inLanguage\":\"pt-BR\",\"potentialAction\":[{\"@type\":\"CommentAction\",\"name\":\"Comment\",\"target\":[\"https:\\\/\\\/www.cidademarketing.com.br\\\/marketing\\\/2023\\\/09\\\/09\\\/quem-sera-o-proximo-masterchef-final-ao-vivo-entre-ana-carolina-e-wilton\\\/#respond\"]}]},{\"@type\":\"WebPage\",\"@id\":\"https:\\\/\\\/www.cidademarketing.com.br\\\/marketing\\\/2023\\\/09\\\/09\\\/quem-sera-o-proximo-masterchef-final-ao-vivo-entre-ana-carolina-e-wilton\\\/\",\"url\":\"https:\\\/\\\/www.cidademarketing.com.br\\\/marketing\\\/2023\\\/09\\\/09\\\/quem-sera-o-proximo-masterchef-final-ao-vivo-entre-ana-carolina-e-wilton\\\/\",\"name\":\"Quem ser\u00e1 o pr\u00f3ximo \\\"MasterChef\\\"? Final ao vivo entre Ana Carolina e Wilton - CidadeMarketing\",\"isPartOf\":{\"@id\":\"https:\\\/\\\/www.cidademarketing.com.br\\\/marketing\\\/#website\"},\"primaryImageOfPage\":{\"@id\":\"https:\\\/\\\/www.cidademarketing.com.br\\\/marketing\\\/2023\\\/09\\\/09\\\/quem-sera-o-proximo-masterchef-final-ao-vivo-entre-ana-carolina-e-wilton\\\/#primaryimage\"},\"image\":{\"@id\":\"https:\\\/\\\/www.cidademarketing.com.br\\\/marketing\\\/2023\\\/09\\\/09\\\/quem-sera-o-proximo-masterchef-final-ao-vivo-entre-ana-carolina-e-wilton\\\/#primaryimage\"},\"thumbnailUrl\":\"https:\\\/\\\/www.cidademarketing.com.br\\\/marketing\\\/wp-content\\\/uploads\\\/2023\\\/09\\\/masterchef_final_04.jpg\",\"datePublished\":\"2023-09-09T12:13:53+00:00\",\"dateModified\":\"2023-09-09T12:15:31+00:00\",\"breadcrumb\":{\"@id\":\"https:\\\/\\\/www.cidademarketing.com.br\\\/marketing\\\/2023\\\/09\\\/09\\\/quem-sera-o-proximo-masterchef-final-ao-vivo-entre-ana-carolina-e-wilton\\\/#breadcrumb\"},\"inLanguage\":\"pt-BR\",\"potentialAction\":[{\"@type\":\"ReadAction\",\"target\":[\"https:\\\/\\\/www.cidademarketing.com.br\\\/marketing\\\/2023\\\/09\\\/09\\\/quem-sera-o-proximo-masterchef-final-ao-vivo-entre-ana-carolina-e-wilton\\\/\"]}]},{\"@type\":\"ImageObject\",\"inLanguage\":\"pt-BR\",\"@id\":\"https:\\\/\\\/www.cidademarketing.com.br\\\/marketing\\\/2023\\\/09\\\/09\\\/quem-sera-o-proximo-masterchef-final-ao-vivo-entre-ana-carolina-e-wilton\\\/#primaryimage\",\"url\":\"https:\\\/\\\/www.cidademarketing.com.br\\\/marketing\\\/wp-content\\\/uploads\\\/2023\\\/09\\\/masterchef_final_04.jpg\",\"contentUrl\":\"https:\\\/\\\/www.cidademarketing.com.br\\\/marketing\\\/wp-content\\\/uploads\\\/2023\\\/09\\\/masterchef_final_04.jpg\",\"width\":2048,\"height\":1365,\"caption\":\"Wilton e Ana Carolina prometem briga acirrada no \u00faltimo epis\u00f3dio do MasterChef Brasil. Cr\u00e9dito: Melissa Haidar\\\/Band\"},{\"@type\":\"BreadcrumbList\",\"@id\":\"https:\\\/\\\/www.cidademarketing.com.br\\\/marketing\\\/2023\\\/09\\\/09\\\/quem-sera-o-proximo-masterchef-final-ao-vivo-entre-ana-carolina-e-wilton\\\/#breadcrumb\",\"itemListElement\":[{\"@type\":\"ListItem\",\"position\":1,\"name\":\"In\u00edcio\",\"item\":\"https:\\\/\\\/www.cidademarketing.com.br\\\/marketing\\\/\"},{\"@type\":\"ListItem\",\"position\":2,\"name\":\"Quem ser\u00e1 o pr\u00f3ximo &#8220;MasterChef&#8221;? Final ao vivo entre Ana Carolina e Wilton\"}]},{\"@type\":\"WebSite\",\"@id\":\"https:\\\/\\\/www.cidademarketing.com.br\\\/marketing\\\/#website\",\"url\":\"https:\\\/\\\/www.cidademarketing.com.br\\\/marketing\\\/\",\"name\":\"CidadeMarketing\",\"description\":\"Somos um ve\u00edculo de comunica\u00e7\u00e3o de destaque no Brasil, reconhecido por conte\u00fados nos segmentos de marketing, empreendedorismo e inova\u00e7\u00e3o.\",\"publisher\":{\"@id\":\"https:\\\/\\\/www.cidademarketing.com.br\\\/marketing\\\/#organization\"},\"alternateName\":\"CidadeMarketing\",\"potentialAction\":[{\"@type\":\"SearchAction\",\"target\":{\"@type\":\"EntryPoint\",\"urlTemplate\":\"https:\\\/\\\/www.cidademarketing.com.br\\\/marketing\\\/?s={search_term_string}\"},\"query-input\":{\"@type\":\"PropertyValueSpecification\",\"valueRequired\":true,\"valueName\":\"search_term_string\"}}],\"inLanguage\":\"pt-BR\"},{\"@type\":\"Organization\",\"@id\":\"https:\\\/\\\/www.cidademarketing.com.br\\\/marketing\\\/#organization\",\"name\":\"CidadeMarketing\",\"alternateName\":\"CidadeMarketing\",\"url\":\"https:\\\/\\\/www.cidademarketing.com.br\\\/marketing\\\/\",\"logo\":{\"@type\":\"ImageObject\",\"inLanguage\":\"pt-BR\",\"@id\":\"https:\\\/\\\/www.cidademarketing.com.br\\\/marketing\\\/#\\\/schema\\\/logo\\\/image\\\/\",\"url\":\"https:\\\/\\\/www.cidademarketing.com.br\\\/marketing\\\/wp-content\\\/uploads\\\/2020\\\/01\\\/cidademarketing_marca_mobile.png\",\"contentUrl\":\"https:\\\/\\\/www.cidademarketing.com.br\\\/marketing\\\/wp-content\\\/uploads\\\/2020\\\/01\\\/cidademarketing_marca_mobile.png\",\"width\":230,\"height\":92,\"caption\":\"CidadeMarketing\"},\"image\":{\"@id\":\"https:\\\/\\\/www.cidademarketing.com.br\\\/marketing\\\/#\\\/schema\\\/logo\\\/image\\\/\"},\"sameAs\":[\"https:\\\/\\\/www.facebook.com\\\/portalcidademarketing\",\"https:\\\/\\\/x.com\\\/CidadeMarketing\",\"https:\\\/\\\/www.instagram.com\\\/cidademarketing\\\/\"]},{\"@type\":\"Person\",\"@id\":\"https:\\\/\\\/www.cidademarketing.com.br\\\/marketing\\\/#\\\/schema\\\/person\\\/02daff9f18bd9378c9e01eb6b2db155f\",\"name\":\"Thales Brand\u00e3o\",\"image\":{\"@type\":\"ImageObject\",\"inLanguage\":\"pt-BR\",\"@id\":\"https:\\\/\\\/secure.gravatar.com\\\/avatar\\\/7ca3206950207cc3cb48feec56a8a7898741ab725c368d99d5d7a5a50aab80c6?s=96&d=mm&r=g\",\"url\":\"https:\\\/\\\/secure.gravatar.com\\\/avatar\\\/7ca3206950207cc3cb48feec56a8a7898741ab725c368d99d5d7a5a50aab80c6?s=96&d=mm&r=g\",\"contentUrl\":\"https:\\\/\\\/secure.gravatar.com\\\/avatar\\\/7ca3206950207cc3cb48feec56a8a7898741ab725c368d99d5d7a5a50aab80c6?s=96&d=mm&r=g\",\"caption\":\"Thales Brand\u00e3o\"},\"description\":\"Editor Executivo do Portal CidadeMarketing.com.br &gt; Mestre em Comunica\u00e7\u00e3o e Sociedade pela Universidade Federal de Sergipe. Possui MBA Executivo em Administra\u00e7\u00e3o com \u00eanfase em Marketing pela Funda\u00e7\u00e3o Get\u00falio Vargas - Rio de Janeiro. Consultor, Palestrante e Pesquisador sobre Empreendedorismo, Marketing, Redes Sociais e Neg\u00f3cios Digitais. Professor, Palestrante TedxTalks e Campus Party. Twitter: @ThalesBrandao\",\"sameAs\":[\"http:\\\/\\\/www.mandacaru.com.br\",\"https:\\\/\\\/www.facebook.com\\\/thalesbrandao\",\"http:\\\/\\\/www.instagram.com.br\\\/thalesbrandaoferreira\",\"https:\\\/\\\/www.linkedin.com\\\/in\\\/thales-brand\u00e3o-3948609\\\/\",\"https:\\\/\\\/x.com\\\/http:\\\/\\\/www.twitter.com\\\/thalesbrandao\"],\"url\":\"https:\\\/\\\/www.cidademarketing.com.br\\\/marketing\\\/author\\\/thalesbrandao\\\/\"}]}<\/script>\n<!-- \/ Yoast SEO plugin. -->","yoast_head_json":{"title":"Quem ser\u00e1 o pr\u00f3ximo \"MasterChef\"? Final ao vivo entre Ana Carolina e Wilton - CidadeMarketing","robots":{"index":"index","follow":"follow","max-snippet":"max-snippet:-1","max-image-preview":"max-image-preview:large","max-video-preview":"max-video-preview:-1"},"canonical":"https:\/\/www.cidademarketing.com.br\/marketing\/2023\/09\/09\/quem-sera-o-proximo-masterchef-final-ao-vivo-entre-ana-carolina-e-wilton\/","og_locale":"pt_BR","og_type":"article","og_title":"Quem ser\u00e1 o pr\u00f3ximo \"MasterChef\"? Final ao vivo entre Ana Carolina e Wilton - CidadeMarketing","og_description":"A 10\u00aa temporada do MasterChef Brasil chega ao \u00faltimo epis\u00f3dio com uma final ao vivo direto dos est\u00fadios da Band em S\u00e3o Paulo. Na pr\u00f3xima ter\u00e7a-feira (12), a partir das 22h30, os finalistas Ana Carolina e Wilton reencontram o elenco e os participantes eliminados para descobrir quem \u00e9 o melhor cozinheiro amador do pa\u00eds de [&hellip;]","og_url":"https:\/\/www.cidademarketing.com.br\/marketing\/2023\/09\/09\/quem-sera-o-proximo-masterchef-final-ao-vivo-entre-ana-carolina-e-wilton\/","og_site_name":"CidadeMarketing","article_publisher":"https:\/\/www.facebook.com\/portalcidademarketing","article_author":"https:\/\/www.facebook.com\/thalesbrandao","article_published_time":"2023-09-09T12:13:53+00:00","article_modified_time":"2023-09-09T12:15:31+00:00","og_image":[{"width":2048,"height":1365,"url":"https:\/\/www.cidademarketing.com.br\/marketing\/wp-content\/uploads\/2023\/09\/masterchef_final_04.jpg","type":"image\/jpeg"}],"author":"Thales Brand\u00e3o","twitter_card":"summary_large_image","twitter_creator":"@http:\/\/www.twitter.com\/thalesbrandao","twitter_site":"@CidadeMarketing","twitter_misc":{"Escrito por":"Thales Brand\u00e3o","Est. tempo de leitura":"4 minutos"},"schema":{"@context":"https:\/\/schema.org","@graph":[{"@type":"Article","@id":"https:\/\/www.cidademarketing.com.br\/marketing\/2023\/09\/09\/quem-sera-o-proximo-masterchef-final-ao-vivo-entre-ana-carolina-e-wilton\/#article","isPartOf":{"@id":"https:\/\/www.cidademarketing.com.br\/marketing\/2023\/09\/09\/quem-sera-o-proximo-masterchef-final-ao-vivo-entre-ana-carolina-e-wilton\/"},"author":{"name":"Thales Brand\u00e3o","@id":"https:\/\/www.cidademarketing.com.br\/marketing\/#\/schema\/person\/02daff9f18bd9378c9e01eb6b2db155f"},"headline":"Quem ser\u00e1 o pr\u00f3ximo &#8220;MasterChef&#8221;? Final ao vivo entre Ana Carolina e Wilton","datePublished":"2023-09-09T12:13:53+00:00","dateModified":"2023-09-09T12:15:31+00:00","mainEntityOfPage":{"@id":"https:\/\/www.cidademarketing.com.br\/marketing\/2023\/09\/09\/quem-sera-o-proximo-masterchef-final-ao-vivo-entre-ana-carolina-e-wilton\/"},"wordCount":728,"commentCount":0,"publisher":{"@id":"https:\/\/www.cidademarketing.com.br\/marketing\/#organization"},"image":{"@id":"https:\/\/www.cidademarketing.com.br\/marketing\/2023\/09\/09\/quem-sera-o-proximo-masterchef-final-ao-vivo-entre-ana-carolina-e-wilton\/#primaryimage"},"thumbnailUrl":"https:\/\/www.cidademarketing.com.br\/marketing\/wp-content\/uploads\/2023\/09\/masterchef_final_04.jpg","keywords":["Band","campanha","estrat\u00e9gia","experi\u00eancia","gastronomia","marketing","Masterchef"],"articleSection":["Not\u00edcias"],"inLanguage":"pt-BR","potentialAction":[{"@type":"CommentAction","name":"Comment","target":["https:\/\/www.cidademarketing.com.br\/marketing\/2023\/09\/09\/quem-sera-o-proximo-masterchef-final-ao-vivo-entre-ana-carolina-e-wilton\/#respond"]}]},{"@type":"WebPage","@id":"https:\/\/www.cidademarketing.com.br\/marketing\/2023\/09\/09\/quem-sera-o-proximo-masterchef-final-ao-vivo-entre-ana-carolina-e-wilton\/","url":"https:\/\/www.cidademarketing.com.br\/marketing\/2023\/09\/09\/quem-sera-o-proximo-masterchef-final-ao-vivo-entre-ana-carolina-e-wilton\/","name":"Quem ser\u00e1 o pr\u00f3ximo \"MasterChef\"? Final ao vivo entre Ana Carolina e Wilton - CidadeMarketing","isPartOf":{"@id":"https:\/\/www.cidademarketing.com.br\/marketing\/#website"},"primaryImageOfPage":{"@id":"https:\/\/www.cidademarketing.com.br\/marketing\/2023\/09\/09\/quem-sera-o-proximo-masterchef-final-ao-vivo-entre-ana-carolina-e-wilton\/#primaryimage"},"image":{"@id":"https:\/\/www.cidademarketing.com.br\/marketing\/2023\/09\/09\/quem-sera-o-proximo-masterchef-final-ao-vivo-entre-ana-carolina-e-wilton\/#primaryimage"},"thumbnailUrl":"https:\/\/www.cidademarketing.com.br\/marketing\/wp-content\/uploads\/2023\/09\/masterchef_final_04.jpg","datePublished":"2023-09-09T12:13:53+00:00","dateModified":"2023-09-09T12:15:31+00:00","breadcrumb":{"@id":"https:\/\/www.cidademarketing.com.br\/marketing\/2023\/09\/09\/quem-sera-o-proximo-masterchef-final-ao-vivo-entre-ana-carolina-e-wilton\/#breadcrumb"},"inLanguage":"pt-BR","potentialAction":[{"@type":"ReadAction","target":["https:\/\/www.cidademarketing.com.br\/marketing\/2023\/09\/09\/quem-sera-o-proximo-masterchef-final-ao-vivo-entre-ana-carolina-e-wilton\/"]}]},{"@type":"ImageObject","inLanguage":"pt-BR","@id":"https:\/\/www.cidademarketing.com.br\/marketing\/2023\/09\/09\/quem-sera-o-proximo-masterchef-final-ao-vivo-entre-ana-carolina-e-wilton\/#primaryimage","url":"https:\/\/www.cidademarketing.com.br\/marketing\/wp-content\/uploads\/2023\/09\/masterchef_final_04.jpg","contentUrl":"https:\/\/www.cidademarketing.com.br\/marketing\/wp-content\/uploads\/2023\/09\/masterchef_final_04.jpg","width":2048,"height":1365,"caption":"Wilton e Ana Carolina prometem briga acirrada no \u00faltimo epis\u00f3dio do MasterChef Brasil. Cr\u00e9dito: Melissa Haidar\/Band"},{"@type":"BreadcrumbList","@id":"https:\/\/www.cidademarketing.com.br\/marketing\/2023\/09\/09\/quem-sera-o-proximo-masterchef-final-ao-vivo-entre-ana-carolina-e-wilton\/#breadcrumb","itemListElement":[{"@type":"ListItem","position":1,"name":"In\u00edcio","item":"https:\/\/www.cidademarketing.com.br\/marketing\/"},{"@type":"ListItem","position":2,"name":"Quem ser\u00e1 o pr\u00f3ximo &#8220;MasterChef&#8221;? Final ao vivo entre Ana Carolina e Wilton"}]},{"@type":"WebSite","@id":"https:\/\/www.cidademarketing.com.br\/marketing\/#website","url":"https:\/\/www.cidademarketing.com.br\/marketing\/","name":"CidadeMarketing","description":"Somos um ve\u00edculo de comunica\u00e7\u00e3o de destaque no Brasil, reconhecido por conte\u00fados nos segmentos de marketing, empreendedorismo e inova\u00e7\u00e3o.","publisher":{"@id":"https:\/\/www.cidademarketing.com.br\/marketing\/#organization"},"alternateName":"CidadeMarketing","potentialAction":[{"@type":"SearchAction","target":{"@type":"EntryPoint","urlTemplate":"https:\/\/www.cidademarketing.com.br\/marketing\/?s={search_term_string}"},"query-input":{"@type":"PropertyValueSpecification","valueRequired":true,"valueName":"search_term_string"}}],"inLanguage":"pt-BR"},{"@type":"Organization","@id":"https:\/\/www.cidademarketing.com.br\/marketing\/#organization","name":"CidadeMarketing","alternateName":"CidadeMarketing","url":"https:\/\/www.cidademarketing.com.br\/marketing\/","logo":{"@type":"ImageObject","inLanguage":"pt-BR","@id":"https:\/\/www.cidademarketing.com.br\/marketing\/#\/schema\/logo\/image\/","url":"https:\/\/www.cidademarketing.com.br\/marketing\/wp-content\/uploads\/2020\/01\/cidademarketing_marca_mobile.png","contentUrl":"https:\/\/www.cidademarketing.com.br\/marketing\/wp-content\/uploads\/2020\/01\/cidademarketing_marca_mobile.png","width":230,"height":92,"caption":"CidadeMarketing"},"image":{"@id":"https:\/\/www.cidademarketing.com.br\/marketing\/#\/schema\/logo\/image\/"},"sameAs":["https:\/\/www.facebook.com\/portalcidademarketing","https:\/\/x.com\/CidadeMarketing","https:\/\/www.instagram.com\/cidademarketing\/"]},{"@type":"Person","@id":"https:\/\/www.cidademarketing.com.br\/marketing\/#\/schema\/person\/02daff9f18bd9378c9e01eb6b2db155f","name":"Thales Brand\u00e3o","image":{"@type":"ImageObject","inLanguage":"pt-BR","@id":"https:\/\/secure.gravatar.com\/avatar\/7ca3206950207cc3cb48feec56a8a7898741ab725c368d99d5d7a5a50aab80c6?s=96&d=mm&r=g","url":"https:\/\/secure.gravatar.com\/avatar\/7ca3206950207cc3cb48feec56a8a7898741ab725c368d99d5d7a5a50aab80c6?s=96&d=mm&r=g","contentUrl":"https:\/\/secure.gravatar.com\/avatar\/7ca3206950207cc3cb48feec56a8a7898741ab725c368d99d5d7a5a50aab80c6?s=96&d=mm&r=g","caption":"Thales Brand\u00e3o"},"description":"Editor Executivo do Portal CidadeMarketing.com.br &gt; Mestre em Comunica\u00e7\u00e3o e Sociedade pela Universidade Federal de Sergipe. Possui MBA Executivo em Administra\u00e7\u00e3o com \u00eanfase em Marketing pela Funda\u00e7\u00e3o Get\u00falio Vargas - Rio de Janeiro. Consultor, Palestrante e Pesquisador sobre Empreendedorismo, Marketing, Redes Sociais e Neg\u00f3cios Digitais. Professor, Palestrante TedxTalks e Campus Party. Twitter: @ThalesBrandao","sameAs":["http:\/\/www.mandacaru.com.br","https:\/\/www.facebook.com\/thalesbrandao","http:\/\/www.instagram.com.br\/thalesbrandaoferreira","https:\/\/www.linkedin.com\/in\/thales-brand\u00e3o-3948609\/","https:\/\/x.com\/http:\/\/www.twitter.com\/thalesbrandao"],"url":"https:\/\/www.cidademarketing.com.br\/marketing\/author\/thalesbrandao\/"}]}},"amp_enabled":true,"_links":{"self":[{"href":"https:\/\/www.cidademarketing.com.br\/marketing\/wp-json\/wp\/v2\/posts\/47326","targetHints":{"allow":["GET"]}}],"collection":[{"href":"https:\/\/www.cidademarketing.com.br\/marketing\/wp-json\/wp\/v2\/posts"}],"about":[{"href":"https:\/\/www.cidademarketing.com.br\/marketing\/wp-json\/wp\/v2\/types\/post"}],"author":[{"embeddable":true,"href":"https:\/\/www.cidademarketing.com.br\/marketing\/wp-json\/wp\/v2\/users\/1"}],"replies":[{"embeddable":true,"href":"https:\/\/www.cidademarketing.com.br\/marketing\/wp-json\/wp\/v2\/comments?post=47326"}],"version-history":[{"count":2,"href":"https:\/\/www.cidademarketing.com.br\/marketing\/wp-json\/wp\/v2\/posts\/47326\/revisions"}],"predecessor-version":[{"id":47336,"href":"https:\/\/www.cidademarketing.com.br\/marketing\/wp-json\/wp\/v2\/posts\/47326\/revisions\/47336"}],"wp:featuredmedia":[{"embeddable":true,"href":"https:\/\/www.cidademarketing.com.br\/marketing\/wp-json\/wp\/v2\/media\/47330"}],"wp:attachment":[{"href":"https:\/\/www.cidademarketing.com.br\/marketing\/wp-json\/wp\/v2\/media?parent=47326"}],"wp:term":[{"taxonomy":"category","embeddable":true,"href":"https:\/\/www.cidademarketing.com.br\/marketing\/wp-json\/wp\/v2\/categories?post=47326"},{"taxonomy":"post_tag","embeddable":true,"href":"https:\/\/www.cidademarketing.com.br\/marketing\/wp-json\/wp\/v2\/tags?post=47326"}],"curies":[{"name":"wp","href":"https:\/\/api.w.org\/{rel}","templated":true}]}}