{"id":47293,"date":"2023-09-07T23:49:06","date_gmt":"2023-09-08T02:49:06","guid":{"rendered":"https:\/\/www.cidademarketing.com.br\/marketing\/?p=47293"},"modified":"2023-09-07T23:55:21","modified_gmt":"2023-09-08T02:55:21","slug":"biscoitos-nestle-traz-seus-lancamentos-para-the-town-2023","status":"publish","type":"post","link":"https:\/\/www.cidademarketing.com.br\/marketing\/2023\/09\/07\/biscoitos-nestle-traz-seus-lancamentos-para-the-town-2023\/","title":{"rendered":"Biscoitos Nestl\u00e9\u00ae traz os seus lan\u00e7amentos para The Town 2023"},"content":{"rendered":"<p>Os Biscoitos Nestl\u00e9\u00ae est\u00e3o presentes no The Town 2023, o maior festival de m\u00fasica, cultura e arte de S\u00e3o Paulo, levando os tradicionais cookies do portf\u00f3lio ao p\u00fablico, al\u00e9m do Choco Cookies.<\/p>\n<p><a href=\"https:\/\/www.cidademarketing.com.br\/marketing\/sua-marca-vai-virar-noticia\/\" target=\"_blank\" rel=\"noopener\"><img fetchpriority=\"high\" decoding=\"async\" class=\"wp-image-44329 aligncenter\" src=\"https:\/\/www.cidademarketing.com.br\/marketing\/wp-content\/uploads\/2023\/04\/cidademarketing_backlinks_marketingdigital_publieditorial_.png\" alt=\"\" width=\"500\" height=\"500\" \/><\/a><br \/>\nLan\u00e7ado recentemente, o Choco Cookies \u00e9 um biscoito completamente diferente de tudo que o consumidor encontra no mercado hoje, apresentando massa macia e amanteigada e recheios deliciosos. Al\u00e9m deles, os visitantes poder\u00e3o encontrar tamb\u00e9m op\u00e7\u00f5es das famosas marcas: Passatempo, Negresco e Bono. Todos os produtos est\u00e3o sendo vendidos em uma loja exclusiva, localizada na Rota 85.<br \/>\nAl\u00e9m de ser um espa\u00e7o de vendas, a loja tamb\u00e9m atua como um ambiente de imers\u00e3o na marca. Ela oferece um jogo interativo em que os visitantes interagem com um cookie gigante, que faz parte do quiosque da marca. O jogo consiste em um teste de mem\u00f3ria com gotas de chocolate representadas por LEDs coloridos e piscantes.<\/p>\n\r\n                <style type=\"text\/css\">\r\n                    \r\n                    #tdi_1  .td-doubleSlider-2 .td-item1 {\r\n                        background: url(https:\/\/www.cidademarketing.com.br\/marketing\/wp-content\/uploads\/2023\/09\/Case-Negresco-1-80x60.jpg) 0 0 no-repeat;\r\n                    }\r\n                    #tdi_1  .td-doubleSlider-2 .td-item2 {\r\n                        background: url(https:\/\/www.cidademarketing.com.br\/marketing\/wp-content\/uploads\/2023\/09\/nestle_biscoito_thetown-80x60.jpg) 0 0 no-repeat;\r\n                    }\r\n                <\/style>\r\n\r\n                <div id=\"tdi_1\" class=\"td-gallery td-slide-on-2-columns\">\r\n                    <div class=\"post_td_gallery\">\r\n                        <div class=\"td-gallery-slide-top\">\r\n                           <div class=\"td-gallery-title\"><\/div>\r\n\r\n                            <div class=\"td-gallery-controls-wrapper\">\r\n                                <div class=\"td-gallery-slide-count\"><span class=\"td-gallery-slide-item-focus\">1<\/span> de 2<\/div>\r\n                                <div class=\"td-gallery-slide-prev-next-but\">\r\n                                    <i class = \"td-icon-left doubleSliderPrevButton\"><\/i>\r\n                                    <i class = \"td-icon-right doubleSliderNextButton\"><\/i>\r\n                                <\/div>\r\n                            <\/div>\r\n                        <\/div>\r\n\r\n                        <div class = \"td-doubleSlider-1 \">\r\n                            <div class = \"td-slider\">\r\n                                \r\n                    <div class = \"td-slide-item td-item1\">\r\n                        <figure class=\"td-slide-galery-figure td-slide-popup-gallery\">\r\n                            <a class=\"slide-gallery-image-link\" href=\"https:\/\/www.cidademarketing.com.br\/marketing\/wp-content\/uploads\/2023\/09\/Case-Negresco-1-scaled.jpg\" title=\"Case-Negresco (1)\"  data-caption=\"\"  data-description=\"\">\r\n                                <img decoding=\"async\" src=\"https:\/\/www.cidademarketing.com.br\/marketing\/wp-content\/uploads\/2023\/09\/Case-Negresco-1-411x420.jpg\" srcset=\"https:\/\/www.cidademarketing.com.br\/marketing\/wp-content\/uploads\/2023\/09\/Case-Negresco-1-411x420.jpg 411w, https:\/\/www.cidademarketing.com.br\/marketing\/wp-content\/uploads\/2023\/09\/Case-Negresco-1-294x300.jpg 294w, https:\/\/www.cidademarketing.com.br\/marketing\/wp-content\/uploads\/2023\/09\/Case-Negresco-1-1002x1024.jpg 1002w, https:\/\/www.cidademarketing.com.br\/marketing\/wp-content\/uploads\/2023\/09\/Case-Negresco-1-768x785.jpg 768w, https:\/\/www.cidademarketing.com.br\/marketing\/wp-content\/uploads\/2023\/09\/Case-Negresco-1-1503x1536.jpg 1503w, https:\/\/www.cidademarketing.com.br\/marketing\/wp-content\/uploads\/2023\/09\/Case-Negresco-1-2004x2048.jpg 2004w, https:\/\/www.cidademarketing.com.br\/marketing\/wp-content\/uploads\/2023\/09\/Case-Negresco-1-640x654.jpg 640w, https:\/\/www.cidademarketing.com.br\/marketing\/wp-content\/uploads\/2023\/09\/Case-Negresco-1-681x696.jpg 681w\" sizes=\"(max-width: 411px) 100vw, 411px\" alt=\"\">\r\n                            <\/a>\r\n                            \r\n                        <\/figure>\r\n                    <\/div>\r\n                    <div class = \"td-slide-item td-item2\">\r\n                        <figure class=\"td-slide-galery-figure td-slide-popup-gallery\">\r\n                            <a class=\"slide-gallery-image-link\" href=\"https:\/\/www.cidademarketing.com.br\/marketing\/wp-content\/uploads\/2023\/09\/nestle_biscoito_thetown.jpg\" title=\"nestle_biscoito_thetown\"  data-caption=\"\"  data-description=\"\">\r\n                                <img decoding=\"async\" src=\"https:\/\/www.cidademarketing.com.br\/marketing\/wp-content\/uploads\/2023\/09\/nestle_biscoito_thetown-755x420.jpg\" srcset=\"https:\/\/www.cidademarketing.com.br\/marketing\/wp-content\/uploads\/2023\/09\/nestle_biscoito_thetown-755x420.jpg 755w, https:\/\/www.cidademarketing.com.br\/marketing\/wp-content\/uploads\/2023\/09\/nestle_biscoito_thetown-300x167.jpg 300w, https:\/\/www.cidademarketing.com.br\/marketing\/wp-content\/uploads\/2023\/09\/nestle_biscoito_thetown-768x427.jpg 768w, https:\/\/www.cidademarketing.com.br\/marketing\/wp-content\/uploads\/2023\/09\/nestle_biscoito_thetown-640x356.jpg 640w, https:\/\/www.cidademarketing.com.br\/marketing\/wp-content\/uploads\/2023\/09\/nestle_biscoito_thetown-681x379.jpg 681w, https:\/\/www.cidademarketing.com.br\/marketing\/wp-content\/uploads\/2023\/09\/nestle_biscoito_thetown.jpg 955w\" sizes=\"(max-width: 755px) 100vw, 755px\" alt=\"\">\r\n                            <\/a>\r\n                            \r\n                        <\/figure>\r\n                    <\/div>\r\n                            <\/div>\r\n                        <\/div>\r\n\r\n                        <div class = \"td-doubleSlider-2\">\r\n                            <div class = \"td-slider\">\r\n                                \r\n                    <div class = \"td-button td-item1\">\r\n                        <div class = \"td-border\"><\/div>\r\n                    <\/div>\r\n                    <div class = \"td-button td-item2\">\r\n                        <div class = \"td-border\"><\/div>\r\n                    <\/div>\r\n                            <\/div>\r\n                        <\/div>\r\n\r\n                    <\/div>\r\n\r\n                <\/div>\r\n                \n<p>Para os apaixonados por brindes, a loja est\u00e1 distribuindo pins tem\u00e1ticos que celebram o universo de Biscoitos Nestl\u00e9\u00ae para quem participar da experi\u00eancia. Compras acima de R$16,00 garantem um brinde especial: uma mini bag no formato de um biscoito.<br \/>\n&#8220;O p\u00fablico do The Town 2023 n\u00e3o est\u00e1 apenas em busca de entretenimento, mas tamb\u00e9m de experi\u00eancias inesquec\u00edveis. Por isso, com Biscoitos Nestl\u00e9\u00ae, n\u00f3s estamos sempre em busca de levar n\u00e3o apenas nossos produtos cl\u00e1ssicos, mas tamb\u00e9m inova\u00e7\u00f5es que redefinem o que um biscoito pode ser.<\/p>\n<p><iframe title=\"Spotify Embed: Podcast CidadeMarketing\" style=\"border-radius: 12px\" width=\"100%\" height=\"152\" frameborder=\"0\" allowfullscreen allow=\"autoplay; clipboard-write; encrypted-media; fullscreen; picture-in-picture\" loading=\"lazy\" src=\"https:\/\/open.spotify.com\/embed\/show\/4khMKzP3FgFRWVwb73xicc?si=252fe5bff2b34909&#038;utm_source=oembed\"><\/iframe><\/p>\n<p>&nbsp;<\/p>\n<p>Queremos ser uma parte memor\u00e1vel na primeira edi\u00e7\u00e3o do festival para todos durante os 5 dias do evento,&#8221; acrescenta Luigi Segatto, Gerente de Marketing de Biscoitos Nestl\u00e9.<\/p>\n","protected":false},"excerpt":{"rendered":"<p>Os Biscoitos Nestl\u00e9\u00ae est\u00e3o presentes no The Town 2023, o maior festival de m\u00fasica, cultura e arte de S\u00e3o Paulo, levando os tradicionais cookies do portf\u00f3lio ao p\u00fablico, al\u00e9m do Choco Cookies. Lan\u00e7ado recentemente, o Choco Cookies \u00e9 um biscoito completamente diferente de tudo que o consumidor encontra no mercado hoje, apresentando massa macia e [&hellip;]<\/p>\n","protected":false},"author":1,"featured_media":47295,"comment_status":"open","ping_status":"open","sticky":false,"template":"","format":"standard","meta":{"tdm_status":"","tdm_grid_status":"","footnotes":""},"categories":[6],"tags":[6223,65,33,37,28,131,6046,929],"class_list":["post-47293","post","type-post","status-publish","format-standard","has-post-thumbnail","hentry","category-noticias","tag-brindes","tag-campanha","tag-estrategia","tag-marca","tag-marketing","tag-nestle","tag-the-town","tag-venda"],"yoast_head":"<!-- This site is optimized with the Yoast SEO plugin v27.5 - https:\/\/yoast.com\/product\/yoast-seo-wordpress\/ -->\n<title>Biscoitos Nestl\u00e9\u00ae traz os seus lan\u00e7amentos para The Town 2023 - CidadeMarketing<\/title>\n<meta name=\"robots\" content=\"index, follow, max-snippet:-1, max-image-preview:large, max-video-preview:-1\" \/>\n<link rel=\"canonical\" href=\"https:\/\/www.cidademarketing.com.br\/marketing\/2023\/09\/07\/biscoitos-nestle-traz-seus-lancamentos-para-the-town-2023\/\" \/>\n<meta property=\"og:locale\" content=\"pt_BR\" \/>\n<meta property=\"og:type\" content=\"article\" \/>\n<meta property=\"og:title\" content=\"Biscoitos Nestl\u00e9\u00ae traz os seus lan\u00e7amentos para The Town 2023 - CidadeMarketing\" \/>\n<meta property=\"og:description\" content=\"Os Biscoitos Nestl\u00e9\u00ae est\u00e3o presentes no The Town 2023, o maior festival de m\u00fasica, cultura e arte de S\u00e3o Paulo, levando os tradicionais cookies do portf\u00f3lio ao p\u00fablico, al\u00e9m do Choco Cookies. Lan\u00e7ado recentemente, o Choco Cookies \u00e9 um biscoito completamente diferente de tudo que o consumidor encontra no mercado hoje, apresentando massa macia e [&hellip;]\" \/>\n<meta property=\"og:url\" content=\"https:\/\/www.cidademarketing.com.br\/marketing\/2023\/09\/07\/biscoitos-nestle-traz-seus-lancamentos-para-the-town-2023\/\" \/>\n<meta property=\"og:site_name\" content=\"CidadeMarketing\" \/>\n<meta property=\"article:publisher\" content=\"https:\/\/www.facebook.com\/portalcidademarketing\" \/>\n<meta property=\"article:author\" content=\"https:\/\/www.facebook.com\/thalesbrandao\" \/>\n<meta property=\"article:published_time\" content=\"2023-09-08T02:49:06+00:00\" \/>\n<meta property=\"article:modified_time\" content=\"2023-09-08T02:55:21+00:00\" \/>\n<meta property=\"og:image\" content=\"https:\/\/www.cidademarketing.com.br\/marketing\/wp-content\/uploads\/2023\/09\/nestle_biscoito_thetown.jpg\" \/>\n\t<meta property=\"og:image:width\" content=\"955\" \/>\n\t<meta property=\"og:image:height\" content=\"531\" \/>\n\t<meta property=\"og:image:type\" content=\"image\/jpeg\" \/>\n<meta name=\"author\" content=\"Thales Brand\u00e3o\" \/>\n<meta name=\"twitter:card\" content=\"summary_large_image\" \/>\n<meta name=\"twitter:creator\" content=\"@http:\/\/www.twitter.com\/thalesbrandao\" \/>\n<meta name=\"twitter:site\" content=\"@CidadeMarketing\" \/>\n<meta name=\"twitter:label1\" content=\"Escrito por\" \/>\n\t<meta name=\"twitter:data1\" content=\"Thales Brand\u00e3o\" \/>\n\t<meta name=\"twitter:label2\" content=\"Est. tempo de leitura\" \/>\n\t<meta name=\"twitter:data2\" content=\"2 minutos\" \/>\n<script type=\"application\/ld+json\" class=\"yoast-schema-graph\">{\"@context\":\"https:\\\/\\\/schema.org\",\"@graph\":[{\"@type\":\"Article\",\"@id\":\"https:\\\/\\\/www.cidademarketing.com.br\\\/marketing\\\/2023\\\/09\\\/07\\\/biscoitos-nestle-traz-seus-lancamentos-para-the-town-2023\\\/#article\",\"isPartOf\":{\"@id\":\"https:\\\/\\\/www.cidademarketing.com.br\\\/marketing\\\/2023\\\/09\\\/07\\\/biscoitos-nestle-traz-seus-lancamentos-para-the-town-2023\\\/\"},\"author\":{\"name\":\"Thales Brand\u00e3o\",\"@id\":\"https:\\\/\\\/www.cidademarketing.com.br\\\/marketing\\\/#\\\/schema\\\/person\\\/02daff9f18bd9378c9e01eb6b2db155f\"},\"headline\":\"Biscoitos Nestl\u00e9\u00ae traz os seus lan\u00e7amentos para The Town 2023\",\"datePublished\":\"2023-09-08T02:49:06+00:00\",\"dateModified\":\"2023-09-08T02:55:21+00:00\",\"mainEntityOfPage\":{\"@id\":\"https:\\\/\\\/www.cidademarketing.com.br\\\/marketing\\\/2023\\\/09\\\/07\\\/biscoitos-nestle-traz-seus-lancamentos-para-the-town-2023\\\/\"},\"wordCount\":315,\"commentCount\":0,\"publisher\":{\"@id\":\"https:\\\/\\\/www.cidademarketing.com.br\\\/marketing\\\/#organization\"},\"image\":{\"@id\":\"https:\\\/\\\/www.cidademarketing.com.br\\\/marketing\\\/2023\\\/09\\\/07\\\/biscoitos-nestle-traz-seus-lancamentos-para-the-town-2023\\\/#primaryimage\"},\"thumbnailUrl\":\"https:\\\/\\\/www.cidademarketing.com.br\\\/marketing\\\/wp-content\\\/uploads\\\/2023\\\/09\\\/nestle_biscoito_thetown.jpg\",\"keywords\":[\"brindes\",\"campanha\",\"estrat\u00e9gia\",\"marca\",\"marketing\",\"Nestl\u00e9\",\"The Town\",\"venda\"],\"articleSection\":[\"Not\u00edcias\"],\"inLanguage\":\"pt-BR\",\"potentialAction\":[{\"@type\":\"CommentAction\",\"name\":\"Comment\",\"target\":[\"https:\\\/\\\/www.cidademarketing.com.br\\\/marketing\\\/2023\\\/09\\\/07\\\/biscoitos-nestle-traz-seus-lancamentos-para-the-town-2023\\\/#respond\"]}]},{\"@type\":\"WebPage\",\"@id\":\"https:\\\/\\\/www.cidademarketing.com.br\\\/marketing\\\/2023\\\/09\\\/07\\\/biscoitos-nestle-traz-seus-lancamentos-para-the-town-2023\\\/\",\"url\":\"https:\\\/\\\/www.cidademarketing.com.br\\\/marketing\\\/2023\\\/09\\\/07\\\/biscoitos-nestle-traz-seus-lancamentos-para-the-town-2023\\\/\",\"name\":\"Biscoitos Nestl\u00e9\u00ae traz os seus lan\u00e7amentos para The Town 2023 - CidadeMarketing\",\"isPartOf\":{\"@id\":\"https:\\\/\\\/www.cidademarketing.com.br\\\/marketing\\\/#website\"},\"primaryImageOfPage\":{\"@id\":\"https:\\\/\\\/www.cidademarketing.com.br\\\/marketing\\\/2023\\\/09\\\/07\\\/biscoitos-nestle-traz-seus-lancamentos-para-the-town-2023\\\/#primaryimage\"},\"image\":{\"@id\":\"https:\\\/\\\/www.cidademarketing.com.br\\\/marketing\\\/2023\\\/09\\\/07\\\/biscoitos-nestle-traz-seus-lancamentos-para-the-town-2023\\\/#primaryimage\"},\"thumbnailUrl\":\"https:\\\/\\\/www.cidademarketing.com.br\\\/marketing\\\/wp-content\\\/uploads\\\/2023\\\/09\\\/nestle_biscoito_thetown.jpg\",\"datePublished\":\"2023-09-08T02:49:06+00:00\",\"dateModified\":\"2023-09-08T02:55:21+00:00\",\"breadcrumb\":{\"@id\":\"https:\\\/\\\/www.cidademarketing.com.br\\\/marketing\\\/2023\\\/09\\\/07\\\/biscoitos-nestle-traz-seus-lancamentos-para-the-town-2023\\\/#breadcrumb\"},\"inLanguage\":\"pt-BR\",\"potentialAction\":[{\"@type\":\"ReadAction\",\"target\":[\"https:\\\/\\\/www.cidademarketing.com.br\\\/marketing\\\/2023\\\/09\\\/07\\\/biscoitos-nestle-traz-seus-lancamentos-para-the-town-2023\\\/\"]}]},{\"@type\":\"ImageObject\",\"inLanguage\":\"pt-BR\",\"@id\":\"https:\\\/\\\/www.cidademarketing.com.br\\\/marketing\\\/2023\\\/09\\\/07\\\/biscoitos-nestle-traz-seus-lancamentos-para-the-town-2023\\\/#primaryimage\",\"url\":\"https:\\\/\\\/www.cidademarketing.com.br\\\/marketing\\\/wp-content\\\/uploads\\\/2023\\\/09\\\/nestle_biscoito_thetown.jpg\",\"contentUrl\":\"https:\\\/\\\/www.cidademarketing.com.br\\\/marketing\\\/wp-content\\\/uploads\\\/2023\\\/09\\\/nestle_biscoito_thetown.jpg\",\"width\":955,\"height\":531},{\"@type\":\"BreadcrumbList\",\"@id\":\"https:\\\/\\\/www.cidademarketing.com.br\\\/marketing\\\/2023\\\/09\\\/07\\\/biscoitos-nestle-traz-seus-lancamentos-para-the-town-2023\\\/#breadcrumb\",\"itemListElement\":[{\"@type\":\"ListItem\",\"position\":1,\"name\":\"In\u00edcio\",\"item\":\"https:\\\/\\\/www.cidademarketing.com.br\\\/marketing\\\/\"},{\"@type\":\"ListItem\",\"position\":2,\"name\":\"Biscoitos Nestl\u00e9\u00ae traz os seus lan\u00e7amentos para The Town 2023\"}]},{\"@type\":\"WebSite\",\"@id\":\"https:\\\/\\\/www.cidademarketing.com.br\\\/marketing\\\/#website\",\"url\":\"https:\\\/\\\/www.cidademarketing.com.br\\\/marketing\\\/\",\"name\":\"CidadeMarketing\",\"description\":\"Somos um ve\u00edculo de comunica\u00e7\u00e3o de destaque no Brasil, reconhecido por conte\u00fados nos segmentos de marketing, empreendedorismo e inova\u00e7\u00e3o.\",\"publisher\":{\"@id\":\"https:\\\/\\\/www.cidademarketing.com.br\\\/marketing\\\/#organization\"},\"alternateName\":\"CidadeMarketing\",\"potentialAction\":[{\"@type\":\"SearchAction\",\"target\":{\"@type\":\"EntryPoint\",\"urlTemplate\":\"https:\\\/\\\/www.cidademarketing.com.br\\\/marketing\\\/?s={search_term_string}\"},\"query-input\":{\"@type\":\"PropertyValueSpecification\",\"valueRequired\":true,\"valueName\":\"search_term_string\"}}],\"inLanguage\":\"pt-BR\"},{\"@type\":\"Organization\",\"@id\":\"https:\\\/\\\/www.cidademarketing.com.br\\\/marketing\\\/#organization\",\"name\":\"CidadeMarketing\",\"alternateName\":\"CidadeMarketing\",\"url\":\"https:\\\/\\\/www.cidademarketing.com.br\\\/marketing\\\/\",\"logo\":{\"@type\":\"ImageObject\",\"inLanguage\":\"pt-BR\",\"@id\":\"https:\\\/\\\/www.cidademarketing.com.br\\\/marketing\\\/#\\\/schema\\\/logo\\\/image\\\/\",\"url\":\"https:\\\/\\\/www.cidademarketing.com.br\\\/marketing\\\/wp-content\\\/uploads\\\/2020\\\/01\\\/cidademarketing_marca_mobile.png\",\"contentUrl\":\"https:\\\/\\\/www.cidademarketing.com.br\\\/marketing\\\/wp-content\\\/uploads\\\/2020\\\/01\\\/cidademarketing_marca_mobile.png\",\"width\":230,\"height\":92,\"caption\":\"CidadeMarketing\"},\"image\":{\"@id\":\"https:\\\/\\\/www.cidademarketing.com.br\\\/marketing\\\/#\\\/schema\\\/logo\\\/image\\\/\"},\"sameAs\":[\"https:\\\/\\\/www.facebook.com\\\/portalcidademarketing\",\"https:\\\/\\\/x.com\\\/CidadeMarketing\",\"https:\\\/\\\/www.instagram.com\\\/cidademarketing\\\/\"]},{\"@type\":\"Person\",\"@id\":\"https:\\\/\\\/www.cidademarketing.com.br\\\/marketing\\\/#\\\/schema\\\/person\\\/02daff9f18bd9378c9e01eb6b2db155f\",\"name\":\"Thales Brand\u00e3o\",\"image\":{\"@type\":\"ImageObject\",\"inLanguage\":\"pt-BR\",\"@id\":\"https:\\\/\\\/secure.gravatar.com\\\/avatar\\\/7ca3206950207cc3cb48feec56a8a7898741ab725c368d99d5d7a5a50aab80c6?s=96&d=mm&r=g\",\"url\":\"https:\\\/\\\/secure.gravatar.com\\\/avatar\\\/7ca3206950207cc3cb48feec56a8a7898741ab725c368d99d5d7a5a50aab80c6?s=96&d=mm&r=g\",\"contentUrl\":\"https:\\\/\\\/secure.gravatar.com\\\/avatar\\\/7ca3206950207cc3cb48feec56a8a7898741ab725c368d99d5d7a5a50aab80c6?s=96&d=mm&r=g\",\"caption\":\"Thales Brand\u00e3o\"},\"description\":\"Editor Executivo do Portal CidadeMarketing.com.br &gt; Mestre em Comunica\u00e7\u00e3o e Sociedade pela Universidade Federal de Sergipe. Possui MBA Executivo em Administra\u00e7\u00e3o com \u00eanfase em Marketing pela Funda\u00e7\u00e3o Get\u00falio Vargas - Rio de Janeiro. Consultor, Palestrante e Pesquisador sobre Empreendedorismo, Marketing, Redes Sociais e Neg\u00f3cios Digitais. Professor, Palestrante TedxTalks e Campus Party. Twitter: @ThalesBrandao\",\"sameAs\":[\"http:\\\/\\\/www.mandacaru.com.br\",\"https:\\\/\\\/www.facebook.com\\\/thalesbrandao\",\"http:\\\/\\\/www.instagram.com.br\\\/thalesbrandaoferreira\",\"https:\\\/\\\/www.linkedin.com\\\/in\\\/thales-brand\u00e3o-3948609\\\/\",\"https:\\\/\\\/x.com\\\/http:\\\/\\\/www.twitter.com\\\/thalesbrandao\"],\"url\":\"https:\\\/\\\/www.cidademarketing.com.br\\\/marketing\\\/author\\\/thalesbrandao\\\/\"}]}<\/script>\n<!-- \/ Yoast SEO plugin. -->","yoast_head_json":{"title":"Biscoitos Nestl\u00e9\u00ae traz os seus lan\u00e7amentos para The Town 2023 - CidadeMarketing","robots":{"index":"index","follow":"follow","max-snippet":"max-snippet:-1","max-image-preview":"max-image-preview:large","max-video-preview":"max-video-preview:-1"},"canonical":"https:\/\/www.cidademarketing.com.br\/marketing\/2023\/09\/07\/biscoitos-nestle-traz-seus-lancamentos-para-the-town-2023\/","og_locale":"pt_BR","og_type":"article","og_title":"Biscoitos Nestl\u00e9\u00ae traz os seus lan\u00e7amentos para The Town 2023 - CidadeMarketing","og_description":"Os Biscoitos Nestl\u00e9\u00ae est\u00e3o presentes no The Town 2023, o maior festival de m\u00fasica, cultura e arte de S\u00e3o Paulo, levando os tradicionais cookies do portf\u00f3lio ao p\u00fablico, al\u00e9m do Choco Cookies. Lan\u00e7ado recentemente, o Choco Cookies \u00e9 um biscoito completamente diferente de tudo que o consumidor encontra no mercado hoje, apresentando massa macia e [&hellip;]","og_url":"https:\/\/www.cidademarketing.com.br\/marketing\/2023\/09\/07\/biscoitos-nestle-traz-seus-lancamentos-para-the-town-2023\/","og_site_name":"CidadeMarketing","article_publisher":"https:\/\/www.facebook.com\/portalcidademarketing","article_author":"https:\/\/www.facebook.com\/thalesbrandao","article_published_time":"2023-09-08T02:49:06+00:00","article_modified_time":"2023-09-08T02:55:21+00:00","og_image":[{"width":955,"height":531,"url":"https:\/\/www.cidademarketing.com.br\/marketing\/wp-content\/uploads\/2023\/09\/nestle_biscoito_thetown.jpg","type":"image\/jpeg"}],"author":"Thales Brand\u00e3o","twitter_card":"summary_large_image","twitter_creator":"@http:\/\/www.twitter.com\/thalesbrandao","twitter_site":"@CidadeMarketing","twitter_misc":{"Escrito por":"Thales Brand\u00e3o","Est. tempo de leitura":"2 minutos"},"schema":{"@context":"https:\/\/schema.org","@graph":[{"@type":"Article","@id":"https:\/\/www.cidademarketing.com.br\/marketing\/2023\/09\/07\/biscoitos-nestle-traz-seus-lancamentos-para-the-town-2023\/#article","isPartOf":{"@id":"https:\/\/www.cidademarketing.com.br\/marketing\/2023\/09\/07\/biscoitos-nestle-traz-seus-lancamentos-para-the-town-2023\/"},"author":{"name":"Thales Brand\u00e3o","@id":"https:\/\/www.cidademarketing.com.br\/marketing\/#\/schema\/person\/02daff9f18bd9378c9e01eb6b2db155f"},"headline":"Biscoitos Nestl\u00e9\u00ae traz os seus lan\u00e7amentos para The Town 2023","datePublished":"2023-09-08T02:49:06+00:00","dateModified":"2023-09-08T02:55:21+00:00","mainEntityOfPage":{"@id":"https:\/\/www.cidademarketing.com.br\/marketing\/2023\/09\/07\/biscoitos-nestle-traz-seus-lancamentos-para-the-town-2023\/"},"wordCount":315,"commentCount":0,"publisher":{"@id":"https:\/\/www.cidademarketing.com.br\/marketing\/#organization"},"image":{"@id":"https:\/\/www.cidademarketing.com.br\/marketing\/2023\/09\/07\/biscoitos-nestle-traz-seus-lancamentos-para-the-town-2023\/#primaryimage"},"thumbnailUrl":"https:\/\/www.cidademarketing.com.br\/marketing\/wp-content\/uploads\/2023\/09\/nestle_biscoito_thetown.jpg","keywords":["brindes","campanha","estrat\u00e9gia","marca","marketing","Nestl\u00e9","The Town","venda"],"articleSection":["Not\u00edcias"],"inLanguage":"pt-BR","potentialAction":[{"@type":"CommentAction","name":"Comment","target":["https:\/\/www.cidademarketing.com.br\/marketing\/2023\/09\/07\/biscoitos-nestle-traz-seus-lancamentos-para-the-town-2023\/#respond"]}]},{"@type":"WebPage","@id":"https:\/\/www.cidademarketing.com.br\/marketing\/2023\/09\/07\/biscoitos-nestle-traz-seus-lancamentos-para-the-town-2023\/","url":"https:\/\/www.cidademarketing.com.br\/marketing\/2023\/09\/07\/biscoitos-nestle-traz-seus-lancamentos-para-the-town-2023\/","name":"Biscoitos Nestl\u00e9\u00ae traz os seus lan\u00e7amentos para The Town 2023 - CidadeMarketing","isPartOf":{"@id":"https:\/\/www.cidademarketing.com.br\/marketing\/#website"},"primaryImageOfPage":{"@id":"https:\/\/www.cidademarketing.com.br\/marketing\/2023\/09\/07\/biscoitos-nestle-traz-seus-lancamentos-para-the-town-2023\/#primaryimage"},"image":{"@id":"https:\/\/www.cidademarketing.com.br\/marketing\/2023\/09\/07\/biscoitos-nestle-traz-seus-lancamentos-para-the-town-2023\/#primaryimage"},"thumbnailUrl":"https:\/\/www.cidademarketing.com.br\/marketing\/wp-content\/uploads\/2023\/09\/nestle_biscoito_thetown.jpg","datePublished":"2023-09-08T02:49:06+00:00","dateModified":"2023-09-08T02:55:21+00:00","breadcrumb":{"@id":"https:\/\/www.cidademarketing.com.br\/marketing\/2023\/09\/07\/biscoitos-nestle-traz-seus-lancamentos-para-the-town-2023\/#breadcrumb"},"inLanguage":"pt-BR","potentialAction":[{"@type":"ReadAction","target":["https:\/\/www.cidademarketing.com.br\/marketing\/2023\/09\/07\/biscoitos-nestle-traz-seus-lancamentos-para-the-town-2023\/"]}]},{"@type":"ImageObject","inLanguage":"pt-BR","@id":"https:\/\/www.cidademarketing.com.br\/marketing\/2023\/09\/07\/biscoitos-nestle-traz-seus-lancamentos-para-the-town-2023\/#primaryimage","url":"https:\/\/www.cidademarketing.com.br\/marketing\/wp-content\/uploads\/2023\/09\/nestle_biscoito_thetown.jpg","contentUrl":"https:\/\/www.cidademarketing.com.br\/marketing\/wp-content\/uploads\/2023\/09\/nestle_biscoito_thetown.jpg","width":955,"height":531},{"@type":"BreadcrumbList","@id":"https:\/\/www.cidademarketing.com.br\/marketing\/2023\/09\/07\/biscoitos-nestle-traz-seus-lancamentos-para-the-town-2023\/#breadcrumb","itemListElement":[{"@type":"ListItem","position":1,"name":"In\u00edcio","item":"https:\/\/www.cidademarketing.com.br\/marketing\/"},{"@type":"ListItem","position":2,"name":"Biscoitos Nestl\u00e9\u00ae traz os seus lan\u00e7amentos para The Town 2023"}]},{"@type":"WebSite","@id":"https:\/\/www.cidademarketing.com.br\/marketing\/#website","url":"https:\/\/www.cidademarketing.com.br\/marketing\/","name":"CidadeMarketing","description":"Somos um ve\u00edculo de comunica\u00e7\u00e3o de destaque no Brasil, reconhecido por conte\u00fados nos segmentos de marketing, empreendedorismo e inova\u00e7\u00e3o.","publisher":{"@id":"https:\/\/www.cidademarketing.com.br\/marketing\/#organization"},"alternateName":"CidadeMarketing","potentialAction":[{"@type":"SearchAction","target":{"@type":"EntryPoint","urlTemplate":"https:\/\/www.cidademarketing.com.br\/marketing\/?s={search_term_string}"},"query-input":{"@type":"PropertyValueSpecification","valueRequired":true,"valueName":"search_term_string"}}],"inLanguage":"pt-BR"},{"@type":"Organization","@id":"https:\/\/www.cidademarketing.com.br\/marketing\/#organization","name":"CidadeMarketing","alternateName":"CidadeMarketing","url":"https:\/\/www.cidademarketing.com.br\/marketing\/","logo":{"@type":"ImageObject","inLanguage":"pt-BR","@id":"https:\/\/www.cidademarketing.com.br\/marketing\/#\/schema\/logo\/image\/","url":"https:\/\/www.cidademarketing.com.br\/marketing\/wp-content\/uploads\/2020\/01\/cidademarketing_marca_mobile.png","contentUrl":"https:\/\/www.cidademarketing.com.br\/marketing\/wp-content\/uploads\/2020\/01\/cidademarketing_marca_mobile.png","width":230,"height":92,"caption":"CidadeMarketing"},"image":{"@id":"https:\/\/www.cidademarketing.com.br\/marketing\/#\/schema\/logo\/image\/"},"sameAs":["https:\/\/www.facebook.com\/portalcidademarketing","https:\/\/x.com\/CidadeMarketing","https:\/\/www.instagram.com\/cidademarketing\/"]},{"@type":"Person","@id":"https:\/\/www.cidademarketing.com.br\/marketing\/#\/schema\/person\/02daff9f18bd9378c9e01eb6b2db155f","name":"Thales Brand\u00e3o","image":{"@type":"ImageObject","inLanguage":"pt-BR","@id":"https:\/\/secure.gravatar.com\/avatar\/7ca3206950207cc3cb48feec56a8a7898741ab725c368d99d5d7a5a50aab80c6?s=96&d=mm&r=g","url":"https:\/\/secure.gravatar.com\/avatar\/7ca3206950207cc3cb48feec56a8a7898741ab725c368d99d5d7a5a50aab80c6?s=96&d=mm&r=g","contentUrl":"https:\/\/secure.gravatar.com\/avatar\/7ca3206950207cc3cb48feec56a8a7898741ab725c368d99d5d7a5a50aab80c6?s=96&d=mm&r=g","caption":"Thales Brand\u00e3o"},"description":"Editor Executivo do Portal CidadeMarketing.com.br &gt; Mestre em Comunica\u00e7\u00e3o e Sociedade pela Universidade Federal de Sergipe. Possui MBA Executivo em Administra\u00e7\u00e3o com \u00eanfase em Marketing pela Funda\u00e7\u00e3o Get\u00falio Vargas - Rio de Janeiro. Consultor, Palestrante e Pesquisador sobre Empreendedorismo, Marketing, Redes Sociais e Neg\u00f3cios Digitais. Professor, Palestrante TedxTalks e Campus Party. Twitter: @ThalesBrandao","sameAs":["http:\/\/www.mandacaru.com.br","https:\/\/www.facebook.com\/thalesbrandao","http:\/\/www.instagram.com.br\/thalesbrandaoferreira","https:\/\/www.linkedin.com\/in\/thales-brand\u00e3o-3948609\/","https:\/\/x.com\/http:\/\/www.twitter.com\/thalesbrandao"],"url":"https:\/\/www.cidademarketing.com.br\/marketing\/author\/thalesbrandao\/"}]}},"amp_enabled":true,"_links":{"self":[{"href":"https:\/\/www.cidademarketing.com.br\/marketing\/wp-json\/wp\/v2\/posts\/47293","targetHints":{"allow":["GET"]}}],"collection":[{"href":"https:\/\/www.cidademarketing.com.br\/marketing\/wp-json\/wp\/v2\/posts"}],"about":[{"href":"https:\/\/www.cidademarketing.com.br\/marketing\/wp-json\/wp\/v2\/types\/post"}],"author":[{"embeddable":true,"href":"https:\/\/www.cidademarketing.com.br\/marketing\/wp-json\/wp\/v2\/users\/1"}],"replies":[{"embeddable":true,"href":"https:\/\/www.cidademarketing.com.br\/marketing\/wp-json\/wp\/v2\/comments?post=47293"}],"version-history":[{"count":2,"href":"https:\/\/www.cidademarketing.com.br\/marketing\/wp-json\/wp\/v2\/posts\/47293\/revisions"}],"predecessor-version":[{"id":47297,"href":"https:\/\/www.cidademarketing.com.br\/marketing\/wp-json\/wp\/v2\/posts\/47293\/revisions\/47297"}],"wp:featuredmedia":[{"embeddable":true,"href":"https:\/\/www.cidademarketing.com.br\/marketing\/wp-json\/wp\/v2\/media\/47295"}],"wp:attachment":[{"href":"https:\/\/www.cidademarketing.com.br\/marketing\/wp-json\/wp\/v2\/media?parent=47293"}],"wp:term":[{"taxonomy":"category","embeddable":true,"href":"https:\/\/www.cidademarketing.com.br\/marketing\/wp-json\/wp\/v2\/categories?post=47293"},{"taxonomy":"post_tag","embeddable":true,"href":"https:\/\/www.cidademarketing.com.br\/marketing\/wp-json\/wp\/v2\/tags?post=47293"}],"curies":[{"name":"wp","href":"https:\/\/api.w.org\/{rel}","templated":true}]}}