{"id":47290,"date":"2023-09-07T23:26:32","date_gmt":"2023-09-08T02:26:32","guid":{"rendered":"https:\/\/www.cidademarketing.com.br\/marketing\/?p=47290"},"modified":"2023-09-07T23:26:32","modified_gmt":"2023-09-08T02:26:32","slug":"gerdau-ativara-acao-sustentavel-no-show-da-cantora-iza-no-the-town-2023","status":"publish","type":"post","link":"https:\/\/www.cidademarketing.com.br\/marketing\/2023\/09\/07\/gerdau-ativara-acao-sustentavel-no-show-da-cantora-iza-no-the-town-2023\/","title":{"rendered":"Gerdau ativar\u00e1 a\u00e7\u00e3o sustent\u00e1vel no show da cantora IZA no The Town 2023"},"content":{"rendered":"<p>A cantora IZA ir\u00e1 estrear no palco do The Town 2023 neste domingo (10), no palco Skyline, \u00e0s 16h05, e no palco, os f\u00e3s ir\u00e3o se deparar com um cen\u00e1rio diferenciado. Para fomentar e potencializar a mensagem da reciclagem da sucata met\u00e1lica e da economia circular em prol de um planeta melhor, a artista e embaixadora de sustentabilidade da Gerdau, maior empresa brasileira produtora de a\u00e7o, levar\u00e1 ao palco estruturas feitas com a\u00e7o Gerdau 100% recicl\u00e1veis, que servir\u00e3o de cenografia para a apresenta\u00e7\u00e3o.<\/p>\n<p><a href=\"https:\/\/www.cidademarketing.com.br\/marketing\/sua-marca-vai-virar-noticia\/\" target=\"_blank\" rel=\"noopener\"><img fetchpriority=\"high\" decoding=\"async\" class=\"wp-image-44329 aligncenter\" src=\"https:\/\/www.cidademarketing.com.br\/marketing\/wp-content\/uploads\/2023\/04\/cidademarketing_backlinks_marketingdigital_publieditorial_.png\" alt=\"\" width=\"500\" height=\"500\" \/><\/a><\/p>\n<p>O a\u00e7o Gerdau ser\u00e1 protagonista na cenografia da IZA, que ser\u00e1 composta por quatro escadas de a\u00e7o (de 3,5m de comprimento por 2,60m de altura), que servir\u00e3o de apoio para a coreografia de seus 20 dan\u00e7arinos durante o show. A presen\u00e7a desse material demonstra a versatilidade e a modernidade do a\u00e7o, que pode ser reciclado infinitas vezes sem perder suas propriedades e pode ilustrar todo e qualquer show.<\/p>\n<p>\u201cA IZA, embaixadora da Gerdau para temas de sustentabilidade no The Town 2023, nos ajudar\u00e1 a levar a mensagem da import\u00e2ncia da reciclagem para todo o p\u00fablico presente no festival, engajando a sociedade a refletir sobre o futuro que queremos construir juntos\u201d, afirma Gustavo Werneck, CEO da Gerdau. \u201cA Gerdau \u00e9 a fornecedora oficial do a\u00e7o no maior festival de m\u00fasica da hist\u00f3ria de S\u00e3o Paulo e estamos levando um a\u00e7o 100% recicl\u00e1vel com baixa pegada de carbono para compor, tamb\u00e9m, a cenografia de um show que ser\u00e1 inesquec\u00edvel e levar\u00e1 uma experi\u00eancia \u00fanica aos visitantes\u201d, completa.<\/p>\n<p>\u201cA parceria com a Gerdau refor\u00e7a nosso compromisso com a sustentabilidade em levar para o palco um tipo de material que pudesse ser reaproveitado de outras formas e em outras apresenta\u00e7\u00f5es. Toda a movimenta\u00e7\u00e3o que faremos ir\u00e1 representar um show de a\u00e7o, que ser\u00e1 refletido na batida da m\u00fasica. As escadas v\u00e3o encher os olhos do p\u00fablico e vamos demonstrar que o a\u00e7o pode se transformar infinitamente e continuar\u00e1 sendo resistente\u201d, explica IZA.<br \/>\nA Gerdau forneceu mais de 330 toneladas de a\u00e7o 100% recicl\u00e1vel para o festival The Town 2023. Os produtos foram utilizados para moldar estruturas fixas e tempor\u00e1rias, al\u00e9m de equipamentos de entretenimento e funda\u00e7\u00e3o de edifica\u00e7\u00f5es e infraestrutura do Aut\u00f3dromo de Interlagos, em S\u00e3o Paulo, e, agora, tamb\u00e9m ir\u00e3o compor a cenografia de um dos maiores \u00edcones da m\u00fasica brasileira.<\/p>\n<p><iframe title=\"Spotify Embed: Podcast CidadeMarketing\" style=\"border-radius: 12px\" width=\"100%\" height=\"152\" frameborder=\"0\" allowfullscreen allow=\"autoplay; clipboard-write; encrypted-media; fullscreen; picture-in-picture\" loading=\"lazy\" src=\"https:\/\/open.spotify.com\/embed\/show\/4khMKzP3FgFRWVwb73xicc?si=252fe5bff2b34909&#038;utm_source=oembed\"><\/iframe><\/p>\n<p>&nbsp;<\/p>\n<p>A Gerdau \u00e9 a maior recicladora de sucata da Am\u00e9rica Latina, transformando anualmente 11 milh\u00f5es de sucatas em a\u00e7o. Mais de 71% da produ\u00e7\u00e3o da empresa \u00e9 fruto do processo de reciclagem, contribuindo para que a companhia produza a\u00e7o emitindo menos da metade da m\u00e9dia mundial de emiss\u00f5es de gases de efeito estufa (CO\u2082e) da ind\u00fastria do a\u00e7o (0,89 t de CO\u2082e por tonelada de a\u00e7o, em compara\u00e7\u00e3o \u00e0 m\u00e9dia global de 1,91 t de CO\u2082e por tonelada de a\u00e7o). A reciclagem de sucata met\u00e1lica evita a emiss\u00e3o de 1,5 tonelada de carbono por tonelada de a\u00e7o produzido, em um processo que envolve mais de um milh\u00e3o de pessoas, incluindo catadores e cooperativas.<\/p>\n","protected":false},"excerpt":{"rendered":"<p>A cantora IZA ir\u00e1 estrear no palco do The Town 2023 neste domingo (10), no palco Skyline, \u00e0s 16h05, e no palco, os f\u00e3s ir\u00e3o se deparar com um cen\u00e1rio diferenciado. Para fomentar e potencializar a mensagem da reciclagem da sucata met\u00e1lica e da economia circular em prol de um planeta melhor, a artista e [&hellip;]<\/p>\n","protected":false},"author":1,"featured_media":47291,"comment_status":"open","ping_status":"open","sticky":false,"template":"","format":"standard","meta":{"tdm_status":"","tdm_grid_status":"","footnotes":""},"categories":[6],"tags":[33,805,2894,1984,1742,176,6046],"class_list":["post-47290","post","type-post","status-publish","format-standard","has-post-thumbnail","hentry","category-noticias","tag-estrategia","tag-experiencia","tag-gerdau","tag-iza","tag-musica","tag-sustentabilidade","tag-the-town"],"yoast_head":"<!-- This site is optimized with the Yoast SEO plugin v27.5 - https:\/\/yoast.com\/product\/yoast-seo-wordpress\/ -->\n<title>Gerdau ativar\u00e1 a\u00e7\u00e3o sustent\u00e1vel no show da cantora IZA no The Town 2023 - CidadeMarketing<\/title>\n<meta name=\"robots\" content=\"index, follow, max-snippet:-1, max-image-preview:large, max-video-preview:-1\" \/>\n<link rel=\"canonical\" href=\"https:\/\/www.cidademarketing.com.br\/marketing\/2023\/09\/07\/gerdau-ativara-acao-sustentavel-no-show-da-cantora-iza-no-the-town-2023\/\" \/>\n<meta property=\"og:locale\" content=\"pt_BR\" \/>\n<meta property=\"og:type\" content=\"article\" \/>\n<meta property=\"og:title\" content=\"Gerdau ativar\u00e1 a\u00e7\u00e3o sustent\u00e1vel no show da cantora IZA no The Town 2023 - CidadeMarketing\" \/>\n<meta property=\"og:description\" content=\"A cantora IZA ir\u00e1 estrear no palco do The Town 2023 neste domingo (10), no palco Skyline, \u00e0s 16h05, e no palco, os f\u00e3s ir\u00e3o se deparar com um cen\u00e1rio diferenciado. Para fomentar e potencializar a mensagem da reciclagem da sucata met\u00e1lica e da economia circular em prol de um planeta melhor, a artista e [&hellip;]\" \/>\n<meta property=\"og:url\" content=\"https:\/\/www.cidademarketing.com.br\/marketing\/2023\/09\/07\/gerdau-ativara-acao-sustentavel-no-show-da-cantora-iza-no-the-town-2023\/\" \/>\n<meta property=\"og:site_name\" content=\"CidadeMarketing\" \/>\n<meta property=\"article:publisher\" content=\"https:\/\/www.facebook.com\/portalcidademarketing\" \/>\n<meta property=\"article:author\" content=\"https:\/\/www.facebook.com\/thalesbrandao\" \/>\n<meta property=\"article:published_time\" content=\"2023-09-08T02:26:32+00:00\" \/>\n<meta property=\"og:image\" content=\"https:\/\/www.cidademarketing.com.br\/marketing\/wp-content\/uploads\/2023\/09\/gerdau_thetown.png\" \/>\n\t<meta property=\"og:image:width\" content=\"474\" \/>\n\t<meta property=\"og:image:height\" content=\"853\" \/>\n\t<meta property=\"og:image:type\" content=\"image\/png\" \/>\n<meta name=\"author\" content=\"Thales Brand\u00e3o\" \/>\n<meta name=\"twitter:card\" content=\"summary_large_image\" \/>\n<meta name=\"twitter:creator\" content=\"@http:\/\/www.twitter.com\/thalesbrandao\" \/>\n<meta name=\"twitter:site\" content=\"@CidadeMarketing\" \/>\n<meta name=\"twitter:label1\" content=\"Escrito por\" \/>\n\t<meta name=\"twitter:data1\" content=\"Thales Brand\u00e3o\" \/>\n\t<meta name=\"twitter:label2\" content=\"Est. tempo de leitura\" \/>\n\t<meta name=\"twitter:data2\" content=\"3 minutos\" \/>\n<script type=\"application\/ld+json\" class=\"yoast-schema-graph\">{\"@context\":\"https:\\\/\\\/schema.org\",\"@graph\":[{\"@type\":\"Article\",\"@id\":\"https:\\\/\\\/www.cidademarketing.com.br\\\/marketing\\\/2023\\\/09\\\/07\\\/gerdau-ativara-acao-sustentavel-no-show-da-cantora-iza-no-the-town-2023\\\/#article\",\"isPartOf\":{\"@id\":\"https:\\\/\\\/www.cidademarketing.com.br\\\/marketing\\\/2023\\\/09\\\/07\\\/gerdau-ativara-acao-sustentavel-no-show-da-cantora-iza-no-the-town-2023\\\/\"},\"author\":{\"name\":\"Thales Brand\u00e3o\",\"@id\":\"https:\\\/\\\/www.cidademarketing.com.br\\\/marketing\\\/#\\\/schema\\\/person\\\/02daff9f18bd9378c9e01eb6b2db155f\"},\"headline\":\"Gerdau ativar\u00e1 a\u00e7\u00e3o sustent\u00e1vel no show da cantora IZA no The Town 2023\",\"datePublished\":\"2023-09-08T02:26:32+00:00\",\"mainEntityOfPage\":{\"@id\":\"https:\\\/\\\/www.cidademarketing.com.br\\\/marketing\\\/2023\\\/09\\\/07\\\/gerdau-ativara-acao-sustentavel-no-show-da-cantora-iza-no-the-town-2023\\\/\"},\"wordCount\":570,\"commentCount\":0,\"publisher\":{\"@id\":\"https:\\\/\\\/www.cidademarketing.com.br\\\/marketing\\\/#organization\"},\"image\":{\"@id\":\"https:\\\/\\\/www.cidademarketing.com.br\\\/marketing\\\/2023\\\/09\\\/07\\\/gerdau-ativara-acao-sustentavel-no-show-da-cantora-iza-no-the-town-2023\\\/#primaryimage\"},\"thumbnailUrl\":\"https:\\\/\\\/www.cidademarketing.com.br\\\/marketing\\\/wp-content\\\/uploads\\\/2023\\\/09\\\/gerdau_thetown.png\",\"keywords\":[\"estrat\u00e9gia\",\"experi\u00eancia\",\"Gerdau\",\"Iza\",\"m\u00fasica\",\"sustentabilidade\",\"The Town\"],\"articleSection\":[\"Not\u00edcias\"],\"inLanguage\":\"pt-BR\",\"potentialAction\":[{\"@type\":\"CommentAction\",\"name\":\"Comment\",\"target\":[\"https:\\\/\\\/www.cidademarketing.com.br\\\/marketing\\\/2023\\\/09\\\/07\\\/gerdau-ativara-acao-sustentavel-no-show-da-cantora-iza-no-the-town-2023\\\/#respond\"]}]},{\"@type\":\"WebPage\",\"@id\":\"https:\\\/\\\/www.cidademarketing.com.br\\\/marketing\\\/2023\\\/09\\\/07\\\/gerdau-ativara-acao-sustentavel-no-show-da-cantora-iza-no-the-town-2023\\\/\",\"url\":\"https:\\\/\\\/www.cidademarketing.com.br\\\/marketing\\\/2023\\\/09\\\/07\\\/gerdau-ativara-acao-sustentavel-no-show-da-cantora-iza-no-the-town-2023\\\/\",\"name\":\"Gerdau ativar\u00e1 a\u00e7\u00e3o sustent\u00e1vel no show da cantora IZA no The Town 2023 - CidadeMarketing\",\"isPartOf\":{\"@id\":\"https:\\\/\\\/www.cidademarketing.com.br\\\/marketing\\\/#website\"},\"primaryImageOfPage\":{\"@id\":\"https:\\\/\\\/www.cidademarketing.com.br\\\/marketing\\\/2023\\\/09\\\/07\\\/gerdau-ativara-acao-sustentavel-no-show-da-cantora-iza-no-the-town-2023\\\/#primaryimage\"},\"image\":{\"@id\":\"https:\\\/\\\/www.cidademarketing.com.br\\\/marketing\\\/2023\\\/09\\\/07\\\/gerdau-ativara-acao-sustentavel-no-show-da-cantora-iza-no-the-town-2023\\\/#primaryimage\"},\"thumbnailUrl\":\"https:\\\/\\\/www.cidademarketing.com.br\\\/marketing\\\/wp-content\\\/uploads\\\/2023\\\/09\\\/gerdau_thetown.png\",\"datePublished\":\"2023-09-08T02:26:32+00:00\",\"breadcrumb\":{\"@id\":\"https:\\\/\\\/www.cidademarketing.com.br\\\/marketing\\\/2023\\\/09\\\/07\\\/gerdau-ativara-acao-sustentavel-no-show-da-cantora-iza-no-the-town-2023\\\/#breadcrumb\"},\"inLanguage\":\"pt-BR\",\"potentialAction\":[{\"@type\":\"ReadAction\",\"target\":[\"https:\\\/\\\/www.cidademarketing.com.br\\\/marketing\\\/2023\\\/09\\\/07\\\/gerdau-ativara-acao-sustentavel-no-show-da-cantora-iza-no-the-town-2023\\\/\"]}]},{\"@type\":\"ImageObject\",\"inLanguage\":\"pt-BR\",\"@id\":\"https:\\\/\\\/www.cidademarketing.com.br\\\/marketing\\\/2023\\\/09\\\/07\\\/gerdau-ativara-acao-sustentavel-no-show-da-cantora-iza-no-the-town-2023\\\/#primaryimage\",\"url\":\"https:\\\/\\\/www.cidademarketing.com.br\\\/marketing\\\/wp-content\\\/uploads\\\/2023\\\/09\\\/gerdau_thetown.png\",\"contentUrl\":\"https:\\\/\\\/www.cidademarketing.com.br\\\/marketing\\\/wp-content\\\/uploads\\\/2023\\\/09\\\/gerdau_thetown.png\",\"width\":474,\"height\":853},{\"@type\":\"BreadcrumbList\",\"@id\":\"https:\\\/\\\/www.cidademarketing.com.br\\\/marketing\\\/2023\\\/09\\\/07\\\/gerdau-ativara-acao-sustentavel-no-show-da-cantora-iza-no-the-town-2023\\\/#breadcrumb\",\"itemListElement\":[{\"@type\":\"ListItem\",\"position\":1,\"name\":\"In\u00edcio\",\"item\":\"https:\\\/\\\/www.cidademarketing.com.br\\\/marketing\\\/\"},{\"@type\":\"ListItem\",\"position\":2,\"name\":\"Gerdau ativar\u00e1 a\u00e7\u00e3o sustent\u00e1vel no show da cantora IZA no The Town 2023\"}]},{\"@type\":\"WebSite\",\"@id\":\"https:\\\/\\\/www.cidademarketing.com.br\\\/marketing\\\/#website\",\"url\":\"https:\\\/\\\/www.cidademarketing.com.br\\\/marketing\\\/\",\"name\":\"CidadeMarketing\",\"description\":\"Somos um ve\u00edculo de comunica\u00e7\u00e3o de destaque no Brasil, reconhecido por conte\u00fados nos segmentos de marketing, empreendedorismo e inova\u00e7\u00e3o.\",\"publisher\":{\"@id\":\"https:\\\/\\\/www.cidademarketing.com.br\\\/marketing\\\/#organization\"},\"alternateName\":\"CidadeMarketing\",\"potentialAction\":[{\"@type\":\"SearchAction\",\"target\":{\"@type\":\"EntryPoint\",\"urlTemplate\":\"https:\\\/\\\/www.cidademarketing.com.br\\\/marketing\\\/?s={search_term_string}\"},\"query-input\":{\"@type\":\"PropertyValueSpecification\",\"valueRequired\":true,\"valueName\":\"search_term_string\"}}],\"inLanguage\":\"pt-BR\"},{\"@type\":\"Organization\",\"@id\":\"https:\\\/\\\/www.cidademarketing.com.br\\\/marketing\\\/#organization\",\"name\":\"CidadeMarketing\",\"alternateName\":\"CidadeMarketing\",\"url\":\"https:\\\/\\\/www.cidademarketing.com.br\\\/marketing\\\/\",\"logo\":{\"@type\":\"ImageObject\",\"inLanguage\":\"pt-BR\",\"@id\":\"https:\\\/\\\/www.cidademarketing.com.br\\\/marketing\\\/#\\\/schema\\\/logo\\\/image\\\/\",\"url\":\"https:\\\/\\\/www.cidademarketing.com.br\\\/marketing\\\/wp-content\\\/uploads\\\/2020\\\/01\\\/cidademarketing_marca_mobile.png\",\"contentUrl\":\"https:\\\/\\\/www.cidademarketing.com.br\\\/marketing\\\/wp-content\\\/uploads\\\/2020\\\/01\\\/cidademarketing_marca_mobile.png\",\"width\":230,\"height\":92,\"caption\":\"CidadeMarketing\"},\"image\":{\"@id\":\"https:\\\/\\\/www.cidademarketing.com.br\\\/marketing\\\/#\\\/schema\\\/logo\\\/image\\\/\"},\"sameAs\":[\"https:\\\/\\\/www.facebook.com\\\/portalcidademarketing\",\"https:\\\/\\\/x.com\\\/CidadeMarketing\",\"https:\\\/\\\/www.instagram.com\\\/cidademarketing\\\/\"]},{\"@type\":\"Person\",\"@id\":\"https:\\\/\\\/www.cidademarketing.com.br\\\/marketing\\\/#\\\/schema\\\/person\\\/02daff9f18bd9378c9e01eb6b2db155f\",\"name\":\"Thales Brand\u00e3o\",\"image\":{\"@type\":\"ImageObject\",\"inLanguage\":\"pt-BR\",\"@id\":\"https:\\\/\\\/secure.gravatar.com\\\/avatar\\\/7ca3206950207cc3cb48feec56a8a7898741ab725c368d99d5d7a5a50aab80c6?s=96&d=mm&r=g\",\"url\":\"https:\\\/\\\/secure.gravatar.com\\\/avatar\\\/7ca3206950207cc3cb48feec56a8a7898741ab725c368d99d5d7a5a50aab80c6?s=96&d=mm&r=g\",\"contentUrl\":\"https:\\\/\\\/secure.gravatar.com\\\/avatar\\\/7ca3206950207cc3cb48feec56a8a7898741ab725c368d99d5d7a5a50aab80c6?s=96&d=mm&r=g\",\"caption\":\"Thales Brand\u00e3o\"},\"description\":\"Editor Executivo do Portal CidadeMarketing.com.br &gt; Mestre em Comunica\u00e7\u00e3o e Sociedade pela Universidade Federal de Sergipe. Possui MBA Executivo em Administra\u00e7\u00e3o com \u00eanfase em Marketing pela Funda\u00e7\u00e3o Get\u00falio Vargas - Rio de Janeiro. Consultor, Palestrante e Pesquisador sobre Empreendedorismo, Marketing, Redes Sociais e Neg\u00f3cios Digitais. Professor, Palestrante TedxTalks e Campus Party. Twitter: @ThalesBrandao\",\"sameAs\":[\"http:\\\/\\\/www.mandacaru.com.br\",\"https:\\\/\\\/www.facebook.com\\\/thalesbrandao\",\"http:\\\/\\\/www.instagram.com.br\\\/thalesbrandaoferreira\",\"https:\\\/\\\/www.linkedin.com\\\/in\\\/thales-brand\u00e3o-3948609\\\/\",\"https:\\\/\\\/x.com\\\/http:\\\/\\\/www.twitter.com\\\/thalesbrandao\"],\"url\":\"https:\\\/\\\/www.cidademarketing.com.br\\\/marketing\\\/author\\\/thalesbrandao\\\/\"}]}<\/script>\n<!-- \/ Yoast SEO plugin. -->","yoast_head_json":{"title":"Gerdau ativar\u00e1 a\u00e7\u00e3o sustent\u00e1vel no show da cantora IZA no The Town 2023 - CidadeMarketing","robots":{"index":"index","follow":"follow","max-snippet":"max-snippet:-1","max-image-preview":"max-image-preview:large","max-video-preview":"max-video-preview:-1"},"canonical":"https:\/\/www.cidademarketing.com.br\/marketing\/2023\/09\/07\/gerdau-ativara-acao-sustentavel-no-show-da-cantora-iza-no-the-town-2023\/","og_locale":"pt_BR","og_type":"article","og_title":"Gerdau ativar\u00e1 a\u00e7\u00e3o sustent\u00e1vel no show da cantora IZA no The Town 2023 - CidadeMarketing","og_description":"A cantora IZA ir\u00e1 estrear no palco do The Town 2023 neste domingo (10), no palco Skyline, \u00e0s 16h05, e no palco, os f\u00e3s ir\u00e3o se deparar com um cen\u00e1rio diferenciado. Para fomentar e potencializar a mensagem da reciclagem da sucata met\u00e1lica e da economia circular em prol de um planeta melhor, a artista e [&hellip;]","og_url":"https:\/\/www.cidademarketing.com.br\/marketing\/2023\/09\/07\/gerdau-ativara-acao-sustentavel-no-show-da-cantora-iza-no-the-town-2023\/","og_site_name":"CidadeMarketing","article_publisher":"https:\/\/www.facebook.com\/portalcidademarketing","article_author":"https:\/\/www.facebook.com\/thalesbrandao","article_published_time":"2023-09-08T02:26:32+00:00","og_image":[{"width":474,"height":853,"url":"https:\/\/www.cidademarketing.com.br\/marketing\/wp-content\/uploads\/2023\/09\/gerdau_thetown.png","type":"image\/png"}],"author":"Thales Brand\u00e3o","twitter_card":"summary_large_image","twitter_creator":"@http:\/\/www.twitter.com\/thalesbrandao","twitter_site":"@CidadeMarketing","twitter_misc":{"Escrito por":"Thales Brand\u00e3o","Est. tempo de leitura":"3 minutos"},"schema":{"@context":"https:\/\/schema.org","@graph":[{"@type":"Article","@id":"https:\/\/www.cidademarketing.com.br\/marketing\/2023\/09\/07\/gerdau-ativara-acao-sustentavel-no-show-da-cantora-iza-no-the-town-2023\/#article","isPartOf":{"@id":"https:\/\/www.cidademarketing.com.br\/marketing\/2023\/09\/07\/gerdau-ativara-acao-sustentavel-no-show-da-cantora-iza-no-the-town-2023\/"},"author":{"name":"Thales Brand\u00e3o","@id":"https:\/\/www.cidademarketing.com.br\/marketing\/#\/schema\/person\/02daff9f18bd9378c9e01eb6b2db155f"},"headline":"Gerdau ativar\u00e1 a\u00e7\u00e3o sustent\u00e1vel no show da cantora IZA no The Town 2023","datePublished":"2023-09-08T02:26:32+00:00","mainEntityOfPage":{"@id":"https:\/\/www.cidademarketing.com.br\/marketing\/2023\/09\/07\/gerdau-ativara-acao-sustentavel-no-show-da-cantora-iza-no-the-town-2023\/"},"wordCount":570,"commentCount":0,"publisher":{"@id":"https:\/\/www.cidademarketing.com.br\/marketing\/#organization"},"image":{"@id":"https:\/\/www.cidademarketing.com.br\/marketing\/2023\/09\/07\/gerdau-ativara-acao-sustentavel-no-show-da-cantora-iza-no-the-town-2023\/#primaryimage"},"thumbnailUrl":"https:\/\/www.cidademarketing.com.br\/marketing\/wp-content\/uploads\/2023\/09\/gerdau_thetown.png","keywords":["estrat\u00e9gia","experi\u00eancia","Gerdau","Iza","m\u00fasica","sustentabilidade","The Town"],"articleSection":["Not\u00edcias"],"inLanguage":"pt-BR","potentialAction":[{"@type":"CommentAction","name":"Comment","target":["https:\/\/www.cidademarketing.com.br\/marketing\/2023\/09\/07\/gerdau-ativara-acao-sustentavel-no-show-da-cantora-iza-no-the-town-2023\/#respond"]}]},{"@type":"WebPage","@id":"https:\/\/www.cidademarketing.com.br\/marketing\/2023\/09\/07\/gerdau-ativara-acao-sustentavel-no-show-da-cantora-iza-no-the-town-2023\/","url":"https:\/\/www.cidademarketing.com.br\/marketing\/2023\/09\/07\/gerdau-ativara-acao-sustentavel-no-show-da-cantora-iza-no-the-town-2023\/","name":"Gerdau ativar\u00e1 a\u00e7\u00e3o sustent\u00e1vel no show da cantora IZA no The Town 2023 - CidadeMarketing","isPartOf":{"@id":"https:\/\/www.cidademarketing.com.br\/marketing\/#website"},"primaryImageOfPage":{"@id":"https:\/\/www.cidademarketing.com.br\/marketing\/2023\/09\/07\/gerdau-ativara-acao-sustentavel-no-show-da-cantora-iza-no-the-town-2023\/#primaryimage"},"image":{"@id":"https:\/\/www.cidademarketing.com.br\/marketing\/2023\/09\/07\/gerdau-ativara-acao-sustentavel-no-show-da-cantora-iza-no-the-town-2023\/#primaryimage"},"thumbnailUrl":"https:\/\/www.cidademarketing.com.br\/marketing\/wp-content\/uploads\/2023\/09\/gerdau_thetown.png","datePublished":"2023-09-08T02:26:32+00:00","breadcrumb":{"@id":"https:\/\/www.cidademarketing.com.br\/marketing\/2023\/09\/07\/gerdau-ativara-acao-sustentavel-no-show-da-cantora-iza-no-the-town-2023\/#breadcrumb"},"inLanguage":"pt-BR","potentialAction":[{"@type":"ReadAction","target":["https:\/\/www.cidademarketing.com.br\/marketing\/2023\/09\/07\/gerdau-ativara-acao-sustentavel-no-show-da-cantora-iza-no-the-town-2023\/"]}]},{"@type":"ImageObject","inLanguage":"pt-BR","@id":"https:\/\/www.cidademarketing.com.br\/marketing\/2023\/09\/07\/gerdau-ativara-acao-sustentavel-no-show-da-cantora-iza-no-the-town-2023\/#primaryimage","url":"https:\/\/www.cidademarketing.com.br\/marketing\/wp-content\/uploads\/2023\/09\/gerdau_thetown.png","contentUrl":"https:\/\/www.cidademarketing.com.br\/marketing\/wp-content\/uploads\/2023\/09\/gerdau_thetown.png","width":474,"height":853},{"@type":"BreadcrumbList","@id":"https:\/\/www.cidademarketing.com.br\/marketing\/2023\/09\/07\/gerdau-ativara-acao-sustentavel-no-show-da-cantora-iza-no-the-town-2023\/#breadcrumb","itemListElement":[{"@type":"ListItem","position":1,"name":"In\u00edcio","item":"https:\/\/www.cidademarketing.com.br\/marketing\/"},{"@type":"ListItem","position":2,"name":"Gerdau ativar\u00e1 a\u00e7\u00e3o sustent\u00e1vel no show da cantora IZA no The Town 2023"}]},{"@type":"WebSite","@id":"https:\/\/www.cidademarketing.com.br\/marketing\/#website","url":"https:\/\/www.cidademarketing.com.br\/marketing\/","name":"CidadeMarketing","description":"Somos um ve\u00edculo de comunica\u00e7\u00e3o de destaque no Brasil, reconhecido por conte\u00fados nos segmentos de marketing, empreendedorismo e inova\u00e7\u00e3o.","publisher":{"@id":"https:\/\/www.cidademarketing.com.br\/marketing\/#organization"},"alternateName":"CidadeMarketing","potentialAction":[{"@type":"SearchAction","target":{"@type":"EntryPoint","urlTemplate":"https:\/\/www.cidademarketing.com.br\/marketing\/?s={search_term_string}"},"query-input":{"@type":"PropertyValueSpecification","valueRequired":true,"valueName":"search_term_string"}}],"inLanguage":"pt-BR"},{"@type":"Organization","@id":"https:\/\/www.cidademarketing.com.br\/marketing\/#organization","name":"CidadeMarketing","alternateName":"CidadeMarketing","url":"https:\/\/www.cidademarketing.com.br\/marketing\/","logo":{"@type":"ImageObject","inLanguage":"pt-BR","@id":"https:\/\/www.cidademarketing.com.br\/marketing\/#\/schema\/logo\/image\/","url":"https:\/\/www.cidademarketing.com.br\/marketing\/wp-content\/uploads\/2020\/01\/cidademarketing_marca_mobile.png","contentUrl":"https:\/\/www.cidademarketing.com.br\/marketing\/wp-content\/uploads\/2020\/01\/cidademarketing_marca_mobile.png","width":230,"height":92,"caption":"CidadeMarketing"},"image":{"@id":"https:\/\/www.cidademarketing.com.br\/marketing\/#\/schema\/logo\/image\/"},"sameAs":["https:\/\/www.facebook.com\/portalcidademarketing","https:\/\/x.com\/CidadeMarketing","https:\/\/www.instagram.com\/cidademarketing\/"]},{"@type":"Person","@id":"https:\/\/www.cidademarketing.com.br\/marketing\/#\/schema\/person\/02daff9f18bd9378c9e01eb6b2db155f","name":"Thales Brand\u00e3o","image":{"@type":"ImageObject","inLanguage":"pt-BR","@id":"https:\/\/secure.gravatar.com\/avatar\/7ca3206950207cc3cb48feec56a8a7898741ab725c368d99d5d7a5a50aab80c6?s=96&d=mm&r=g","url":"https:\/\/secure.gravatar.com\/avatar\/7ca3206950207cc3cb48feec56a8a7898741ab725c368d99d5d7a5a50aab80c6?s=96&d=mm&r=g","contentUrl":"https:\/\/secure.gravatar.com\/avatar\/7ca3206950207cc3cb48feec56a8a7898741ab725c368d99d5d7a5a50aab80c6?s=96&d=mm&r=g","caption":"Thales Brand\u00e3o"},"description":"Editor Executivo do Portal CidadeMarketing.com.br &gt; Mestre em Comunica\u00e7\u00e3o e Sociedade pela Universidade Federal de Sergipe. Possui MBA Executivo em Administra\u00e7\u00e3o com \u00eanfase em Marketing pela Funda\u00e7\u00e3o Get\u00falio Vargas - Rio de Janeiro. Consultor, Palestrante e Pesquisador sobre Empreendedorismo, Marketing, Redes Sociais e Neg\u00f3cios Digitais. Professor, Palestrante TedxTalks e Campus Party. Twitter: @ThalesBrandao","sameAs":["http:\/\/www.mandacaru.com.br","https:\/\/www.facebook.com\/thalesbrandao","http:\/\/www.instagram.com.br\/thalesbrandaoferreira","https:\/\/www.linkedin.com\/in\/thales-brand\u00e3o-3948609\/","https:\/\/x.com\/http:\/\/www.twitter.com\/thalesbrandao"],"url":"https:\/\/www.cidademarketing.com.br\/marketing\/author\/thalesbrandao\/"}]}},"amp_enabled":true,"_links":{"self":[{"href":"https:\/\/www.cidademarketing.com.br\/marketing\/wp-json\/wp\/v2\/posts\/47290","targetHints":{"allow":["GET"]}}],"collection":[{"href":"https:\/\/www.cidademarketing.com.br\/marketing\/wp-json\/wp\/v2\/posts"}],"about":[{"href":"https:\/\/www.cidademarketing.com.br\/marketing\/wp-json\/wp\/v2\/types\/post"}],"author":[{"embeddable":true,"href":"https:\/\/www.cidademarketing.com.br\/marketing\/wp-json\/wp\/v2\/users\/1"}],"replies":[{"embeddable":true,"href":"https:\/\/www.cidademarketing.com.br\/marketing\/wp-json\/wp\/v2\/comments?post=47290"}],"version-history":[{"count":1,"href":"https:\/\/www.cidademarketing.com.br\/marketing\/wp-json\/wp\/v2\/posts\/47290\/revisions"}],"predecessor-version":[{"id":47292,"href":"https:\/\/www.cidademarketing.com.br\/marketing\/wp-json\/wp\/v2\/posts\/47290\/revisions\/47292"}],"wp:featuredmedia":[{"embeddable":true,"href":"https:\/\/www.cidademarketing.com.br\/marketing\/wp-json\/wp\/v2\/media\/47291"}],"wp:attachment":[{"href":"https:\/\/www.cidademarketing.com.br\/marketing\/wp-json\/wp\/v2\/media?parent=47290"}],"wp:term":[{"taxonomy":"category","embeddable":true,"href":"https:\/\/www.cidademarketing.com.br\/marketing\/wp-json\/wp\/v2\/categories?post=47290"},{"taxonomy":"post_tag","embeddable":true,"href":"https:\/\/www.cidademarketing.com.br\/marketing\/wp-json\/wp\/v2\/tags?post=47290"}],"curies":[{"name":"wp","href":"https:\/\/api.w.org\/{rel}","templated":true}]}}