{"id":47287,"date":"2023-09-07T21:47:30","date_gmt":"2023-09-08T00:47:30","guid":{"rendered":"https:\/\/www.cidademarketing.com.br\/marketing\/?p=47287"},"modified":"2023-09-07T21:47:30","modified_gmt":"2023-09-08T00:47:30","slug":"pabllo-vittar-faz-tatuagem-de-pizza-com-fa-no-the-town-em-acao-do-ifood","status":"publish","type":"post","link":"https:\/\/www.cidademarketing.com.br\/marketing\/2023\/09\/07\/pabllo-vittar-faz-tatuagem-de-pizza-com-fa-no-the-town-em-acao-do-ifood\/","title":{"rendered":"Pabllo Vittar faz tatuagem de pizza com f\u00e3 no The Town em a\u00e7\u00e3o do iFood"},"content":{"rendered":"<p>H\u00e1 poucos dias do seu aguardado show no The Town, Pabllo Vittar esteve no festival para promover sua parceria com o iFood, com direito a uma pizza especial no evento, tamb\u00e9m vendida para os apaixonados por m\u00fasica e comida no aplicativo de delivery. Em visita ao stand da marca, a cantora falou da expectativa da sua apresenta\u00e7\u00e3o e aproveitou para marcar na pele sua experi\u00eancia com a marca e o festival &#8211; ao lado de um f\u00e3.<\/p>\n<p><a href=\"https:\/\/www.cidademarketing.com.br\/marketing\/sua-marca-vai-virar-noticia\/\" target=\"_blank\" rel=\"noopener\"><img fetchpriority=\"high\" decoding=\"async\" class=\"wp-image-44329 aligncenter\" src=\"https:\/\/www.cidademarketing.com.br\/marketing\/wp-content\/uploads\/2023\/04\/cidademarketing_backlinks_marketingdigital_publieditorial_.png\" alt=\"\" width=\"500\" height=\"500\" \/><\/a><br \/>\n\u201c\u00c9 muito incr\u00edvel estar nesta parceria junto ao iFood num festival deste tamanho. Muito feliz com a a\u00e7\u00e3o, e espero que todos curtam a pizza, que n\u00e3o pode faltar no meu camarim do The Town, e aproveitem minha apresenta\u00e7\u00e3o. Estou ensaiando h\u00e1 semanas e vamos entregar tudo nesse show cheio de surpresas\u201d, declarou Pabllo Vittar.<\/p>\n<p>O f\u00e3 de carteirinha da cantora, Clevis conheceu Pabllo quando ainda era vocalista na banda do programa Amor e Sexo, da TV Globo. Ele estava na plateia no epis\u00f3dio em que a m\u00e3e da artista a viu cantar. Clevis lembra que, quando viu a m\u00e3e, Pabllo se emocionou e n\u00e3o conseguiu mais cantar. A partir da\u00ed, o f\u00e3 passou a seguir a cantora por todos os lugares e fez sua primeira tatuagem ao lado dela, a convite de iFood no The Town.<\/p>\n<p>&#8220;Ainda n\u00e3o caiu a ficha, acho que s\u00f3 depois de alguns dias vou processar o tamanho do significado dessa tatuagem para mim. Na hora deu at\u00e9 um frio na barriga, mas ela foi incr\u00edvel comigo&#8221;, comemorou Clevis de Oliveira Silva, depois de tatuar ao lado da \u00eddola.<\/p>\n<p><iframe title=\"Spotify Embed: Podcast CidadeMarketing\" style=\"border-radius: 12px\" width=\"100%\" height=\"152\" frameborder=\"0\" allowfullscreen allow=\"autoplay; clipboard-write; encrypted-media; fullscreen; picture-in-picture\" loading=\"lazy\" src=\"https:\/\/open.spotify.com\/embed\/show\/4khMKzP3FgFRWVwb73xicc?si=252fe5bff2b34909&#038;utm_source=oembed\"><\/iframe><\/p>\n<p>&nbsp;<\/p>\n<p>Entre as novidades do iFood para o The Town, est\u00e3o tr\u00eas sabores de pizzas in\u00e9ditas, criados em conjunto com grandes artistas: Pabllo Vittar, Alok e Luisa Sonza. O restaurante est\u00e1 dispon\u00edvel no aplicativo nas cidades de S\u00e3o Paulo, Rio de Janeiro e Belo Horizonte para quem estiver em casa e, tamb\u00e9m, dentro do espa\u00e7o da marca no festival. Batizada de Pepperoni Yuk\u00ea, Pabllo escolheu molho de tomate, queijo, pepperoni, parmes\u00e3o e azeitona em sua receita.<\/p>\n<p>&nbsp;<\/p>\n","protected":false},"excerpt":{"rendered":"<p>H\u00e1 poucos dias do seu aguardado show no The Town, Pabllo Vittar esteve no festival para promover sua parceria com o iFood, com direito a uma pizza especial no evento, tamb\u00e9m vendida para os apaixonados por m\u00fasica e comida no aplicativo de delivery. Em visita ao stand da marca, a cantora falou da expectativa da [&hellip;]<\/p>\n","protected":false},"author":1,"featured_media":47288,"comment_status":"open","ping_status":"open","sticky":false,"template":"","format":"standard","meta":{"tdm_status":"","tdm_grid_status":"","footnotes":""},"categories":[6],"tags":[33,805,150,28,1742,2341,6046],"class_list":["post-47287","post","type-post","status-publish","format-standard","has-post-thumbnail","hentry","category-noticias","tag-estrategia","tag-experiencia","tag-ifood","tag-marketing","tag-musica","tag-pabllo-vittar","tag-the-town"],"yoast_head":"<!-- This site is optimized with the Yoast SEO plugin v27.5 - https:\/\/yoast.com\/product\/yoast-seo-wordpress\/ -->\n<title>Pabllo Vittar faz tatuagem de pizza com f\u00e3 no The Town em a\u00e7\u00e3o do iFood - CidadeMarketing<\/title>\n<meta name=\"robots\" content=\"index, follow, max-snippet:-1, max-image-preview:large, max-video-preview:-1\" \/>\n<link rel=\"canonical\" href=\"https:\/\/www.cidademarketing.com.br\/marketing\/2023\/09\/07\/pabllo-vittar-faz-tatuagem-de-pizza-com-fa-no-the-town-em-acao-do-ifood\/\" \/>\n<meta property=\"og:locale\" content=\"pt_BR\" \/>\n<meta property=\"og:type\" content=\"article\" \/>\n<meta property=\"og:title\" content=\"Pabllo Vittar faz tatuagem de pizza com f\u00e3 no The Town em a\u00e7\u00e3o do iFood - CidadeMarketing\" \/>\n<meta property=\"og:description\" content=\"H\u00e1 poucos dias do seu aguardado show no The Town, Pabllo Vittar esteve no festival para promover sua parceria com o iFood, com direito a uma pizza especial no evento, tamb\u00e9m vendida para os apaixonados por m\u00fasica e comida no aplicativo de delivery. Em visita ao stand da marca, a cantora falou da expectativa da [&hellip;]\" \/>\n<meta property=\"og:url\" content=\"https:\/\/www.cidademarketing.com.br\/marketing\/2023\/09\/07\/pabllo-vittar-faz-tatuagem-de-pizza-com-fa-no-the-town-em-acao-do-ifood\/\" \/>\n<meta property=\"og:site_name\" content=\"CidadeMarketing\" \/>\n<meta property=\"article:publisher\" content=\"https:\/\/www.facebook.com\/portalcidademarketing\" \/>\n<meta property=\"article:author\" content=\"https:\/\/www.facebook.com\/thalesbrandao\" \/>\n<meta property=\"article:published_time\" content=\"2023-09-08T00:47:30+00:00\" \/>\n<meta property=\"og:image\" content=\"https:\/\/www.cidademarketing.com.br\/marketing\/wp-content\/uploads\/2023\/09\/thetown_pablovittar_02.png\" \/>\n\t<meta property=\"og:image:width\" content=\"667\" \/>\n\t<meta property=\"og:image:height\" content=\"1000\" \/>\n\t<meta property=\"og:image:type\" content=\"image\/png\" \/>\n<meta name=\"author\" content=\"Thales Brand\u00e3o\" \/>\n<meta name=\"twitter:card\" content=\"summary_large_image\" \/>\n<meta name=\"twitter:creator\" content=\"@http:\/\/www.twitter.com\/thalesbrandao\" \/>\n<meta name=\"twitter:site\" content=\"@CidadeMarketing\" \/>\n<meta name=\"twitter:label1\" content=\"Escrito por\" \/>\n\t<meta name=\"twitter:data1\" content=\"Thales Brand\u00e3o\" \/>\n\t<meta name=\"twitter:label2\" content=\"Est. tempo de leitura\" \/>\n\t<meta name=\"twitter:data2\" content=\"2 minutos\" \/>\n<script type=\"application\/ld+json\" class=\"yoast-schema-graph\">{\"@context\":\"https:\\\/\\\/schema.org\",\"@graph\":[{\"@type\":\"Article\",\"@id\":\"https:\\\/\\\/www.cidademarketing.com.br\\\/marketing\\\/2023\\\/09\\\/07\\\/pabllo-vittar-faz-tatuagem-de-pizza-com-fa-no-the-town-em-acao-do-ifood\\\/#article\",\"isPartOf\":{\"@id\":\"https:\\\/\\\/www.cidademarketing.com.br\\\/marketing\\\/2023\\\/09\\\/07\\\/pabllo-vittar-faz-tatuagem-de-pizza-com-fa-no-the-town-em-acao-do-ifood\\\/\"},\"author\":{\"name\":\"Thales Brand\u00e3o\",\"@id\":\"https:\\\/\\\/www.cidademarketing.com.br\\\/marketing\\\/#\\\/schema\\\/person\\\/02daff9f18bd9378c9e01eb6b2db155f\"},\"headline\":\"Pabllo Vittar faz tatuagem de pizza com f\u00e3 no The Town em a\u00e7\u00e3o do iFood\",\"datePublished\":\"2023-09-08T00:47:30+00:00\",\"mainEntityOfPage\":{\"@id\":\"https:\\\/\\\/www.cidademarketing.com.br\\\/marketing\\\/2023\\\/09\\\/07\\\/pabllo-vittar-faz-tatuagem-de-pizza-com-fa-no-the-town-em-acao-do-ifood\\\/\"},\"wordCount\":389,\"commentCount\":0,\"publisher\":{\"@id\":\"https:\\\/\\\/www.cidademarketing.com.br\\\/marketing\\\/#organization\"},\"image\":{\"@id\":\"https:\\\/\\\/www.cidademarketing.com.br\\\/marketing\\\/2023\\\/09\\\/07\\\/pabllo-vittar-faz-tatuagem-de-pizza-com-fa-no-the-town-em-acao-do-ifood\\\/#primaryimage\"},\"thumbnailUrl\":\"https:\\\/\\\/www.cidademarketing.com.br\\\/marketing\\\/wp-content\\\/uploads\\\/2023\\\/09\\\/thetown_pablovittar_02.png\",\"keywords\":[\"estrat\u00e9gia\",\"experi\u00eancia\",\"iFood\",\"marketing\",\"m\u00fasica\",\"Pabllo Vittar\",\"The Town\"],\"articleSection\":[\"Not\u00edcias\"],\"inLanguage\":\"pt-BR\",\"potentialAction\":[{\"@type\":\"CommentAction\",\"name\":\"Comment\",\"target\":[\"https:\\\/\\\/www.cidademarketing.com.br\\\/marketing\\\/2023\\\/09\\\/07\\\/pabllo-vittar-faz-tatuagem-de-pizza-com-fa-no-the-town-em-acao-do-ifood\\\/#respond\"]}]},{\"@type\":\"WebPage\",\"@id\":\"https:\\\/\\\/www.cidademarketing.com.br\\\/marketing\\\/2023\\\/09\\\/07\\\/pabllo-vittar-faz-tatuagem-de-pizza-com-fa-no-the-town-em-acao-do-ifood\\\/\",\"url\":\"https:\\\/\\\/www.cidademarketing.com.br\\\/marketing\\\/2023\\\/09\\\/07\\\/pabllo-vittar-faz-tatuagem-de-pizza-com-fa-no-the-town-em-acao-do-ifood\\\/\",\"name\":\"Pabllo Vittar faz tatuagem de pizza com f\u00e3 no The Town em a\u00e7\u00e3o do iFood - CidadeMarketing\",\"isPartOf\":{\"@id\":\"https:\\\/\\\/www.cidademarketing.com.br\\\/marketing\\\/#website\"},\"primaryImageOfPage\":{\"@id\":\"https:\\\/\\\/www.cidademarketing.com.br\\\/marketing\\\/2023\\\/09\\\/07\\\/pabllo-vittar-faz-tatuagem-de-pizza-com-fa-no-the-town-em-acao-do-ifood\\\/#primaryimage\"},\"image\":{\"@id\":\"https:\\\/\\\/www.cidademarketing.com.br\\\/marketing\\\/2023\\\/09\\\/07\\\/pabllo-vittar-faz-tatuagem-de-pizza-com-fa-no-the-town-em-acao-do-ifood\\\/#primaryimage\"},\"thumbnailUrl\":\"https:\\\/\\\/www.cidademarketing.com.br\\\/marketing\\\/wp-content\\\/uploads\\\/2023\\\/09\\\/thetown_pablovittar_02.png\",\"datePublished\":\"2023-09-08T00:47:30+00:00\",\"breadcrumb\":{\"@id\":\"https:\\\/\\\/www.cidademarketing.com.br\\\/marketing\\\/2023\\\/09\\\/07\\\/pabllo-vittar-faz-tatuagem-de-pizza-com-fa-no-the-town-em-acao-do-ifood\\\/#breadcrumb\"},\"inLanguage\":\"pt-BR\",\"potentialAction\":[{\"@type\":\"ReadAction\",\"target\":[\"https:\\\/\\\/www.cidademarketing.com.br\\\/marketing\\\/2023\\\/09\\\/07\\\/pabllo-vittar-faz-tatuagem-de-pizza-com-fa-no-the-town-em-acao-do-ifood\\\/\"]}]},{\"@type\":\"ImageObject\",\"inLanguage\":\"pt-BR\",\"@id\":\"https:\\\/\\\/www.cidademarketing.com.br\\\/marketing\\\/2023\\\/09\\\/07\\\/pabllo-vittar-faz-tatuagem-de-pizza-com-fa-no-the-town-em-acao-do-ifood\\\/#primaryimage\",\"url\":\"https:\\\/\\\/www.cidademarketing.com.br\\\/marketing\\\/wp-content\\\/uploads\\\/2023\\\/09\\\/thetown_pablovittar_02.png\",\"contentUrl\":\"https:\\\/\\\/www.cidademarketing.com.br\\\/marketing\\\/wp-content\\\/uploads\\\/2023\\\/09\\\/thetown_pablovittar_02.png\",\"width\":667,\"height\":1000},{\"@type\":\"BreadcrumbList\",\"@id\":\"https:\\\/\\\/www.cidademarketing.com.br\\\/marketing\\\/2023\\\/09\\\/07\\\/pabllo-vittar-faz-tatuagem-de-pizza-com-fa-no-the-town-em-acao-do-ifood\\\/#breadcrumb\",\"itemListElement\":[{\"@type\":\"ListItem\",\"position\":1,\"name\":\"In\u00edcio\",\"item\":\"https:\\\/\\\/www.cidademarketing.com.br\\\/marketing\\\/\"},{\"@type\":\"ListItem\",\"position\":2,\"name\":\"Pabllo Vittar faz tatuagem de pizza com f\u00e3 no The Town em a\u00e7\u00e3o do iFood\"}]},{\"@type\":\"WebSite\",\"@id\":\"https:\\\/\\\/www.cidademarketing.com.br\\\/marketing\\\/#website\",\"url\":\"https:\\\/\\\/www.cidademarketing.com.br\\\/marketing\\\/\",\"name\":\"CidadeMarketing\",\"description\":\"Somos um ve\u00edculo de comunica\u00e7\u00e3o de destaque no Brasil, reconhecido por conte\u00fados nos segmentos de marketing, empreendedorismo e inova\u00e7\u00e3o.\",\"publisher\":{\"@id\":\"https:\\\/\\\/www.cidademarketing.com.br\\\/marketing\\\/#organization\"},\"alternateName\":\"CidadeMarketing\",\"potentialAction\":[{\"@type\":\"SearchAction\",\"target\":{\"@type\":\"EntryPoint\",\"urlTemplate\":\"https:\\\/\\\/www.cidademarketing.com.br\\\/marketing\\\/?s={search_term_string}\"},\"query-input\":{\"@type\":\"PropertyValueSpecification\",\"valueRequired\":true,\"valueName\":\"search_term_string\"}}],\"inLanguage\":\"pt-BR\"},{\"@type\":\"Organization\",\"@id\":\"https:\\\/\\\/www.cidademarketing.com.br\\\/marketing\\\/#organization\",\"name\":\"CidadeMarketing\",\"alternateName\":\"CidadeMarketing\",\"url\":\"https:\\\/\\\/www.cidademarketing.com.br\\\/marketing\\\/\",\"logo\":{\"@type\":\"ImageObject\",\"inLanguage\":\"pt-BR\",\"@id\":\"https:\\\/\\\/www.cidademarketing.com.br\\\/marketing\\\/#\\\/schema\\\/logo\\\/image\\\/\",\"url\":\"https:\\\/\\\/www.cidademarketing.com.br\\\/marketing\\\/wp-content\\\/uploads\\\/2020\\\/01\\\/cidademarketing_marca_mobile.png\",\"contentUrl\":\"https:\\\/\\\/www.cidademarketing.com.br\\\/marketing\\\/wp-content\\\/uploads\\\/2020\\\/01\\\/cidademarketing_marca_mobile.png\",\"width\":230,\"height\":92,\"caption\":\"CidadeMarketing\"},\"image\":{\"@id\":\"https:\\\/\\\/www.cidademarketing.com.br\\\/marketing\\\/#\\\/schema\\\/logo\\\/image\\\/\"},\"sameAs\":[\"https:\\\/\\\/www.facebook.com\\\/portalcidademarketing\",\"https:\\\/\\\/x.com\\\/CidadeMarketing\",\"https:\\\/\\\/www.instagram.com\\\/cidademarketing\\\/\"]},{\"@type\":\"Person\",\"@id\":\"https:\\\/\\\/www.cidademarketing.com.br\\\/marketing\\\/#\\\/schema\\\/person\\\/02daff9f18bd9378c9e01eb6b2db155f\",\"name\":\"Thales Brand\u00e3o\",\"image\":{\"@type\":\"ImageObject\",\"inLanguage\":\"pt-BR\",\"@id\":\"https:\\\/\\\/secure.gravatar.com\\\/avatar\\\/7ca3206950207cc3cb48feec56a8a7898741ab725c368d99d5d7a5a50aab80c6?s=96&d=mm&r=g\",\"url\":\"https:\\\/\\\/secure.gravatar.com\\\/avatar\\\/7ca3206950207cc3cb48feec56a8a7898741ab725c368d99d5d7a5a50aab80c6?s=96&d=mm&r=g\",\"contentUrl\":\"https:\\\/\\\/secure.gravatar.com\\\/avatar\\\/7ca3206950207cc3cb48feec56a8a7898741ab725c368d99d5d7a5a50aab80c6?s=96&d=mm&r=g\",\"caption\":\"Thales Brand\u00e3o\"},\"description\":\"Editor Executivo do Portal CidadeMarketing.com.br &gt; Mestre em Comunica\u00e7\u00e3o e Sociedade pela Universidade Federal de Sergipe. Possui MBA Executivo em Administra\u00e7\u00e3o com \u00eanfase em Marketing pela Funda\u00e7\u00e3o Get\u00falio Vargas - Rio de Janeiro. Consultor, Palestrante e Pesquisador sobre Empreendedorismo, Marketing, Redes Sociais e Neg\u00f3cios Digitais. Professor, Palestrante TedxTalks e Campus Party. Twitter: @ThalesBrandao\",\"sameAs\":[\"http:\\\/\\\/www.mandacaru.com.br\",\"https:\\\/\\\/www.facebook.com\\\/thalesbrandao\",\"http:\\\/\\\/www.instagram.com.br\\\/thalesbrandaoferreira\",\"https:\\\/\\\/www.linkedin.com\\\/in\\\/thales-brand\u00e3o-3948609\\\/\",\"https:\\\/\\\/x.com\\\/http:\\\/\\\/www.twitter.com\\\/thalesbrandao\"],\"url\":\"https:\\\/\\\/www.cidademarketing.com.br\\\/marketing\\\/author\\\/thalesbrandao\\\/\"}]}<\/script>\n<!-- \/ Yoast SEO plugin. -->","yoast_head_json":{"title":"Pabllo Vittar faz tatuagem de pizza com f\u00e3 no The Town em a\u00e7\u00e3o do iFood - CidadeMarketing","robots":{"index":"index","follow":"follow","max-snippet":"max-snippet:-1","max-image-preview":"max-image-preview:large","max-video-preview":"max-video-preview:-1"},"canonical":"https:\/\/www.cidademarketing.com.br\/marketing\/2023\/09\/07\/pabllo-vittar-faz-tatuagem-de-pizza-com-fa-no-the-town-em-acao-do-ifood\/","og_locale":"pt_BR","og_type":"article","og_title":"Pabllo Vittar faz tatuagem de pizza com f\u00e3 no The Town em a\u00e7\u00e3o do iFood - CidadeMarketing","og_description":"H\u00e1 poucos dias do seu aguardado show no The Town, Pabllo Vittar esteve no festival para promover sua parceria com o iFood, com direito a uma pizza especial no evento, tamb\u00e9m vendida para os apaixonados por m\u00fasica e comida no aplicativo de delivery. Em visita ao stand da marca, a cantora falou da expectativa da [&hellip;]","og_url":"https:\/\/www.cidademarketing.com.br\/marketing\/2023\/09\/07\/pabllo-vittar-faz-tatuagem-de-pizza-com-fa-no-the-town-em-acao-do-ifood\/","og_site_name":"CidadeMarketing","article_publisher":"https:\/\/www.facebook.com\/portalcidademarketing","article_author":"https:\/\/www.facebook.com\/thalesbrandao","article_published_time":"2023-09-08T00:47:30+00:00","og_image":[{"width":667,"height":1000,"url":"https:\/\/www.cidademarketing.com.br\/marketing\/wp-content\/uploads\/2023\/09\/thetown_pablovittar_02.png","type":"image\/png"}],"author":"Thales Brand\u00e3o","twitter_card":"summary_large_image","twitter_creator":"@http:\/\/www.twitter.com\/thalesbrandao","twitter_site":"@CidadeMarketing","twitter_misc":{"Escrito por":"Thales Brand\u00e3o","Est. tempo de leitura":"2 minutos"},"schema":{"@context":"https:\/\/schema.org","@graph":[{"@type":"Article","@id":"https:\/\/www.cidademarketing.com.br\/marketing\/2023\/09\/07\/pabllo-vittar-faz-tatuagem-de-pizza-com-fa-no-the-town-em-acao-do-ifood\/#article","isPartOf":{"@id":"https:\/\/www.cidademarketing.com.br\/marketing\/2023\/09\/07\/pabllo-vittar-faz-tatuagem-de-pizza-com-fa-no-the-town-em-acao-do-ifood\/"},"author":{"name":"Thales Brand\u00e3o","@id":"https:\/\/www.cidademarketing.com.br\/marketing\/#\/schema\/person\/02daff9f18bd9378c9e01eb6b2db155f"},"headline":"Pabllo Vittar faz tatuagem de pizza com f\u00e3 no The Town em a\u00e7\u00e3o do iFood","datePublished":"2023-09-08T00:47:30+00:00","mainEntityOfPage":{"@id":"https:\/\/www.cidademarketing.com.br\/marketing\/2023\/09\/07\/pabllo-vittar-faz-tatuagem-de-pizza-com-fa-no-the-town-em-acao-do-ifood\/"},"wordCount":389,"commentCount":0,"publisher":{"@id":"https:\/\/www.cidademarketing.com.br\/marketing\/#organization"},"image":{"@id":"https:\/\/www.cidademarketing.com.br\/marketing\/2023\/09\/07\/pabllo-vittar-faz-tatuagem-de-pizza-com-fa-no-the-town-em-acao-do-ifood\/#primaryimage"},"thumbnailUrl":"https:\/\/www.cidademarketing.com.br\/marketing\/wp-content\/uploads\/2023\/09\/thetown_pablovittar_02.png","keywords":["estrat\u00e9gia","experi\u00eancia","iFood","marketing","m\u00fasica","Pabllo Vittar","The Town"],"articleSection":["Not\u00edcias"],"inLanguage":"pt-BR","potentialAction":[{"@type":"CommentAction","name":"Comment","target":["https:\/\/www.cidademarketing.com.br\/marketing\/2023\/09\/07\/pabllo-vittar-faz-tatuagem-de-pizza-com-fa-no-the-town-em-acao-do-ifood\/#respond"]}]},{"@type":"WebPage","@id":"https:\/\/www.cidademarketing.com.br\/marketing\/2023\/09\/07\/pabllo-vittar-faz-tatuagem-de-pizza-com-fa-no-the-town-em-acao-do-ifood\/","url":"https:\/\/www.cidademarketing.com.br\/marketing\/2023\/09\/07\/pabllo-vittar-faz-tatuagem-de-pizza-com-fa-no-the-town-em-acao-do-ifood\/","name":"Pabllo Vittar faz tatuagem de pizza com f\u00e3 no The Town em a\u00e7\u00e3o do iFood - CidadeMarketing","isPartOf":{"@id":"https:\/\/www.cidademarketing.com.br\/marketing\/#website"},"primaryImageOfPage":{"@id":"https:\/\/www.cidademarketing.com.br\/marketing\/2023\/09\/07\/pabllo-vittar-faz-tatuagem-de-pizza-com-fa-no-the-town-em-acao-do-ifood\/#primaryimage"},"image":{"@id":"https:\/\/www.cidademarketing.com.br\/marketing\/2023\/09\/07\/pabllo-vittar-faz-tatuagem-de-pizza-com-fa-no-the-town-em-acao-do-ifood\/#primaryimage"},"thumbnailUrl":"https:\/\/www.cidademarketing.com.br\/marketing\/wp-content\/uploads\/2023\/09\/thetown_pablovittar_02.png","datePublished":"2023-09-08T00:47:30+00:00","breadcrumb":{"@id":"https:\/\/www.cidademarketing.com.br\/marketing\/2023\/09\/07\/pabllo-vittar-faz-tatuagem-de-pizza-com-fa-no-the-town-em-acao-do-ifood\/#breadcrumb"},"inLanguage":"pt-BR","potentialAction":[{"@type":"ReadAction","target":["https:\/\/www.cidademarketing.com.br\/marketing\/2023\/09\/07\/pabllo-vittar-faz-tatuagem-de-pizza-com-fa-no-the-town-em-acao-do-ifood\/"]}]},{"@type":"ImageObject","inLanguage":"pt-BR","@id":"https:\/\/www.cidademarketing.com.br\/marketing\/2023\/09\/07\/pabllo-vittar-faz-tatuagem-de-pizza-com-fa-no-the-town-em-acao-do-ifood\/#primaryimage","url":"https:\/\/www.cidademarketing.com.br\/marketing\/wp-content\/uploads\/2023\/09\/thetown_pablovittar_02.png","contentUrl":"https:\/\/www.cidademarketing.com.br\/marketing\/wp-content\/uploads\/2023\/09\/thetown_pablovittar_02.png","width":667,"height":1000},{"@type":"BreadcrumbList","@id":"https:\/\/www.cidademarketing.com.br\/marketing\/2023\/09\/07\/pabllo-vittar-faz-tatuagem-de-pizza-com-fa-no-the-town-em-acao-do-ifood\/#breadcrumb","itemListElement":[{"@type":"ListItem","position":1,"name":"In\u00edcio","item":"https:\/\/www.cidademarketing.com.br\/marketing\/"},{"@type":"ListItem","position":2,"name":"Pabllo Vittar faz tatuagem de pizza com f\u00e3 no The Town em a\u00e7\u00e3o do iFood"}]},{"@type":"WebSite","@id":"https:\/\/www.cidademarketing.com.br\/marketing\/#website","url":"https:\/\/www.cidademarketing.com.br\/marketing\/","name":"CidadeMarketing","description":"Somos um ve\u00edculo de comunica\u00e7\u00e3o de destaque no Brasil, reconhecido por conte\u00fados nos segmentos de marketing, empreendedorismo e inova\u00e7\u00e3o.","publisher":{"@id":"https:\/\/www.cidademarketing.com.br\/marketing\/#organization"},"alternateName":"CidadeMarketing","potentialAction":[{"@type":"SearchAction","target":{"@type":"EntryPoint","urlTemplate":"https:\/\/www.cidademarketing.com.br\/marketing\/?s={search_term_string}"},"query-input":{"@type":"PropertyValueSpecification","valueRequired":true,"valueName":"search_term_string"}}],"inLanguage":"pt-BR"},{"@type":"Organization","@id":"https:\/\/www.cidademarketing.com.br\/marketing\/#organization","name":"CidadeMarketing","alternateName":"CidadeMarketing","url":"https:\/\/www.cidademarketing.com.br\/marketing\/","logo":{"@type":"ImageObject","inLanguage":"pt-BR","@id":"https:\/\/www.cidademarketing.com.br\/marketing\/#\/schema\/logo\/image\/","url":"https:\/\/www.cidademarketing.com.br\/marketing\/wp-content\/uploads\/2020\/01\/cidademarketing_marca_mobile.png","contentUrl":"https:\/\/www.cidademarketing.com.br\/marketing\/wp-content\/uploads\/2020\/01\/cidademarketing_marca_mobile.png","width":230,"height":92,"caption":"CidadeMarketing"},"image":{"@id":"https:\/\/www.cidademarketing.com.br\/marketing\/#\/schema\/logo\/image\/"},"sameAs":["https:\/\/www.facebook.com\/portalcidademarketing","https:\/\/x.com\/CidadeMarketing","https:\/\/www.instagram.com\/cidademarketing\/"]},{"@type":"Person","@id":"https:\/\/www.cidademarketing.com.br\/marketing\/#\/schema\/person\/02daff9f18bd9378c9e01eb6b2db155f","name":"Thales Brand\u00e3o","image":{"@type":"ImageObject","inLanguage":"pt-BR","@id":"https:\/\/secure.gravatar.com\/avatar\/7ca3206950207cc3cb48feec56a8a7898741ab725c368d99d5d7a5a50aab80c6?s=96&d=mm&r=g","url":"https:\/\/secure.gravatar.com\/avatar\/7ca3206950207cc3cb48feec56a8a7898741ab725c368d99d5d7a5a50aab80c6?s=96&d=mm&r=g","contentUrl":"https:\/\/secure.gravatar.com\/avatar\/7ca3206950207cc3cb48feec56a8a7898741ab725c368d99d5d7a5a50aab80c6?s=96&d=mm&r=g","caption":"Thales Brand\u00e3o"},"description":"Editor Executivo do Portal CidadeMarketing.com.br &gt; Mestre em Comunica\u00e7\u00e3o e Sociedade pela Universidade Federal de Sergipe. Possui MBA Executivo em Administra\u00e7\u00e3o com \u00eanfase em Marketing pela Funda\u00e7\u00e3o Get\u00falio Vargas - Rio de Janeiro. Consultor, Palestrante e Pesquisador sobre Empreendedorismo, Marketing, Redes Sociais e Neg\u00f3cios Digitais. Professor, Palestrante TedxTalks e Campus Party. Twitter: @ThalesBrandao","sameAs":["http:\/\/www.mandacaru.com.br","https:\/\/www.facebook.com\/thalesbrandao","http:\/\/www.instagram.com.br\/thalesbrandaoferreira","https:\/\/www.linkedin.com\/in\/thales-brand\u00e3o-3948609\/","https:\/\/x.com\/http:\/\/www.twitter.com\/thalesbrandao"],"url":"https:\/\/www.cidademarketing.com.br\/marketing\/author\/thalesbrandao\/"}]}},"amp_enabled":true,"_links":{"self":[{"href":"https:\/\/www.cidademarketing.com.br\/marketing\/wp-json\/wp\/v2\/posts\/47287","targetHints":{"allow":["GET"]}}],"collection":[{"href":"https:\/\/www.cidademarketing.com.br\/marketing\/wp-json\/wp\/v2\/posts"}],"about":[{"href":"https:\/\/www.cidademarketing.com.br\/marketing\/wp-json\/wp\/v2\/types\/post"}],"author":[{"embeddable":true,"href":"https:\/\/www.cidademarketing.com.br\/marketing\/wp-json\/wp\/v2\/users\/1"}],"replies":[{"embeddable":true,"href":"https:\/\/www.cidademarketing.com.br\/marketing\/wp-json\/wp\/v2\/comments?post=47287"}],"version-history":[{"count":1,"href":"https:\/\/www.cidademarketing.com.br\/marketing\/wp-json\/wp\/v2\/posts\/47287\/revisions"}],"predecessor-version":[{"id":47289,"href":"https:\/\/www.cidademarketing.com.br\/marketing\/wp-json\/wp\/v2\/posts\/47287\/revisions\/47289"}],"wp:featuredmedia":[{"embeddable":true,"href":"https:\/\/www.cidademarketing.com.br\/marketing\/wp-json\/wp\/v2\/media\/47288"}],"wp:attachment":[{"href":"https:\/\/www.cidademarketing.com.br\/marketing\/wp-json\/wp\/v2\/media?parent=47287"}],"wp:term":[{"taxonomy":"category","embeddable":true,"href":"https:\/\/www.cidademarketing.com.br\/marketing\/wp-json\/wp\/v2\/categories?post=47287"},{"taxonomy":"post_tag","embeddable":true,"href":"https:\/\/www.cidademarketing.com.br\/marketing\/wp-json\/wp\/v2\/tags?post=47287"}],"curies":[{"name":"wp","href":"https:\/\/api.w.org\/{rel}","templated":true}]}}