{"id":47268,"date":"2023-09-06T10:18:19","date_gmt":"2023-09-06T13:18:19","guid":{"rendered":"https:\/\/www.cidademarketing.com.br\/marketing\/?p=47268"},"modified":"2023-09-06T10:18:19","modified_gmt":"2023-09-06T13:18:19","slug":"maior-hub-de-recarga-de-veiculos-eletricos-da-america-latina-e-aberto-em-parceria-entre-volvo-car-brasil-e-sao-paulo-corporate-towers","status":"publish","type":"post","link":"https:\/\/www.cidademarketing.com.br\/marketing\/2023\/09\/06\/maior-hub-de-recarga-de-veiculos-eletricos-da-america-latina-e-aberto-em-parceria-entre-volvo-car-brasil-e-sao-paulo-corporate-towers\/","title":{"rendered":"Maior hub de recarga de ve\u00edculos el\u00e9tricos da Am\u00e9rica Latina \u00e9 aberto em parceria entre Volvo Car Brasil e S\u00e3o Paulo Corporate Towers"},"content":{"rendered":"<p>A Volvo Car Brasil anuncia a inaugura\u00e7\u00e3o do maior hub de recarga de ve\u00edculos el\u00e9tricos e h\u00edbridos da Am\u00e9rica Latina. Com fornecimento de produtos e servi\u00e7os da WEG e BeGreen, respectivamente, a instala\u00e7\u00e3o conta com tecnologia de ponta e capacidade para recarregar 80 ve\u00edculos simultaneamente no S\u00e3o Paulo Corporate Towers, onde fica o novo escrit\u00f3rio da marca.<\/p>\n<p><a href=\"https:\/\/www.cidademarketing.com.br\/marketing\/sua-marca-vai-virar-noticia\/\" target=\"_blank\" rel=\"noopener\"><img fetchpriority=\"high\" decoding=\"async\" class=\"wp-image-44329 aligncenter\" src=\"https:\/\/www.cidademarketing.com.br\/marketing\/wp-content\/uploads\/2023\/04\/cidademarketing_backlinks_marketingdigital_publieditorial_.png\" alt=\"\" width=\"500\" height=\"500\" \/><\/a><\/p>\n<p>As esta\u00e7\u00f5es de recarga da linha WEMOB modelo Parking, presentes no hub, s\u00e3o compostas de esta\u00e7\u00f5es inteligentes homologadas pela Volvo Car Brasil e tem pot\u00eancia total de 880kW, a maior com rela\u00e7\u00e3o \u00e0s instala\u00e7\u00f5es corporativas. Cada equipamento tem capacidade de at\u00e9 22 kW, configuradas para 11 kW, a fim de atender a toda a linha de ve\u00edculos el\u00e9tricos, incluindo outras marcas. Essa capacidade permitir\u00e1 que os usu\u00e1rios realizem recargas com rapidez e seguran\u00e7a, garantindo maior autonomia para seus ve\u00edculos enquanto trabalham.<\/p>\n<p>&#8220;A eletrifica\u00e7\u00e3o tem ganhado cada vez mais for\u00e7a e popularidade entre os brasileiros. O mercado automotivo tem apresentado diversas novidades no segmento e entendeu que essa tecnologia veio para ficar. O fato de voc\u00ea poder carregar e dar mais autonomia ao seu carro enquanto trabalha \u00e9 apenas uma das facilidades e vantagens da eletrifica\u00e7\u00e3o. Como marca pioneira no segmento, entendemos a import\u00e2ncia de fornecer essa comodidade para mais e mais pessoas&#8221;, ressalta Marcelo Godoy, diretor de Finan\u00e7as Volvo Car Am\u00e9rica Latina e Opera\u00e7\u00e3o de Infraestrutura de Carregamento Brasil.<\/p>\n<p>Um dos principais diferenciais das esta\u00e7\u00f5es de recarga \u00e9 sua conectividade \u00e0 internet, adicionando funcionalidades inteligentes e possibilitando a gest\u00e3o remota das recargas e atualiza\u00e7\u00f5es over-the-air. Com isso, o parque de carregamento busca oferecer uma experi\u00eancia mais conveniente e segura. Por meio de aplicativos m\u00f3veis, o controle da recarga e a identifica\u00e7\u00e3o dos usu\u00e1rios s\u00e3o realizados de forma pr\u00e1tica e intuitiva.<\/p>\n<p>Algumas das esta\u00e7\u00f5es de recarga tamb\u00e9m apresentam telas LCD, que fornecem informa\u00e7\u00f5es em tempo real sobre o processo, incluindo data, dura\u00e7\u00e3o, pot\u00eancia instant\u00e2nea e energia fornecida por recarga e acumulada. Esses dados s\u00e3o armazenados em mem\u00f3ria n\u00e3o vol\u00e1til, permitindo que os usu\u00e1rios acompanhem o hist\u00f3rico das recargas de seus ve\u00edculos el\u00e9tricos ao longo do tempo.<\/p>\n<p>&#8220;\u00c9 uma grande satisfa\u00e7\u00e3o participar deste movimento em dire\u00e7\u00e3o a um mundo mais eficiente e sustent\u00e1vel. Junto com a Volvo Car Brasil e demais parceiros envolvidos neste projeto, estamos contribuindo para uma mudan\u00e7a significativa na forma como nos deslocamos, cuidamos do nosso planeta e pensamos no futuro das pr\u00f3ximas gera\u00e7\u00f5es&#8221;, complementa Carlos Bastos Grillo, diretor Superintendente de Digital &amp; Sistemas da WEG.<\/p>\n<p>Sustentabilidade<\/p>\n<p>O novo hub de carga n\u00e3o apenas beneficia os usu\u00e1rios de carros el\u00e9tricos, mas tamb\u00e9m foi pensado para minimizar o impacto ambiental de sua constru\u00e7\u00e3o. Enfrentando esse desafio, a empresa BeGreen, respons\u00e1vel pela instala\u00e7\u00e3o do hub, buscou solu\u00e7\u00f5es sustent\u00e1veis, optando pelo uso de mais de 800 litros de tinta \u00e0 base de \u00e1gua. Essa escolha resulta em um impacto ambiental significativamente menor em compara\u00e7\u00e3o com tintas \u00e0 base de solventes.<\/p>\n<p>&#8220;Fazer parte deste projeto foi um desafio incr\u00edvel para a BeGreen. Envolvemos uma equipe de 31 profissionais, trabalhando incansavelmente durante 29 dias corridos, em tr\u00eas turnos, incluindo s\u00e1bados, domingos e feriados, numa jornada 24\/7. Utilizamos 29 mil metros de cabo e 4 toneladas de cobre, pintando 80 vagas e cobrindo mil metros quadrados com mais de 800 litros de tinta \u00e0 base de \u00e1gua, conscientes do impacto ambiental positivo dessa escolha. Buscamos alternativas sustent\u00e1veis, como a separa\u00e7\u00e3o e descarte correto dos materiais, exemplificando com os cabos, onde separamos o pl\u00e1stico do cobre e encaminhamos cada um para o descarte apropriado. Esse projeto refor\u00e7ou nosso compromisso com a sustentabilidade e a responsabilidade ambiental. Agradecemos a VOLVO e os demais parceiros do projeto pela valiosa contribui\u00e7\u00e3o em prol da mobilidade sustent\u00e1vel&#8221;, ressalta Kau\u00ea Brunetti Angeli, CEO da BeGreen.<\/p>\n<p>Pensando na sustentabilidade, as esta\u00e7\u00f5es de carga tamb\u00e9m s\u00e3o recicl\u00e1veis e possuem prote\u00e7\u00e3o contra raios UV e tratamento antichama, garantindo maior durabilidade e seguran\u00e7a.<\/p>\n<p>&#8220;Oferecer o maior hub de recarga da Am\u00e9rica Latina est\u00e1 alinhado com os compromissos do S\u00e3o Paulo Corporate Towers, que sempre foi refer\u00eancia em efici\u00eancia, sustentabilidade e tecnologia. Mais um exemplo da sinergia com as empresas que fazem parte do no nosso empreendimento, que est\u00e1 em constante busca pela excel\u00eancia.&#8221;, comenta Eduardo Crastechini, gerente Comercial S\u00e3o Paulo Corporate Towers.<\/p>\n<p><iframe title=\"Spotify Embed: Podcast CidadeMarketing\" style=\"border-radius: 12px\" width=\"100%\" height=\"152\" frameborder=\"0\" allowfullscreen allow=\"autoplay; clipboard-write; encrypted-media; fullscreen; picture-in-picture\" loading=\"lazy\" src=\"https:\/\/open.spotify.com\/embed\/show\/4khMKzP3FgFRWVwb73xicc?si=252fe5bff2b34909&#038;utm_source=oembed\"><\/iframe><\/p>\n<p>O S\u00e3o Paulo Corporate Towers \u00e9 um empreendimento comprometido com o futuro. Desde a concep\u00e7\u00e3o at\u00e9 sua constru\u00e7\u00e3o, o projeto est\u00e1 alinhado com os requisitos do U.S. Green Building Council, apresentando os mais altos \u00edndices de efici\u00eancia energ\u00e9tica e sustentabilidade. Al\u00e9m disso, foi o primeiro empreendimento brasileiro a obter certifica\u00e7\u00e3o LEED\u00ae Platinum 3.0 Core and Shell, que categoriza as constru\u00e7\u00f5es que possuem Lideran\u00e7a em Energia e Design Ambiental.<\/p>\n<p>&#8220;Mudar de escrit\u00f3rio precisava ser uma decis\u00e3o muito assertiva e o S\u00e3o Paulo Corporate Towers reflete todos os nossos compromissos e valores. Trazer o escrit\u00f3rio da Volvo Car Am\u00e9rica Latina para o S\u00e3o Paulo Corporate Towers refor\u00e7a a nossa ideia de nos tornar uma empresa respons\u00e1vel com as quest\u00f5es ambientais&#8221;, comenta Luis Rezende, head Volvo Car Am\u00e9rica Latina.<\/p>\n","protected":false},"excerpt":{"rendered":"<p>A Volvo Car Brasil anuncia a inaugura\u00e7\u00e3o do maior hub de recarga de ve\u00edculos el\u00e9tricos e h\u00edbridos da Am\u00e9rica Latina. Com fornecimento de produtos e servi\u00e7os da WEG e BeGreen, respectivamente, a instala\u00e7\u00e3o conta com tecnologia de ponta e capacidade para recarregar 80 ve\u00edculos simultaneamente no S\u00e3o Paulo Corporate Towers, onde fica o novo escrit\u00f3rio [&hellip;]<\/p>\n","protected":false},"author":1,"featured_media":47270,"comment_status":"open","ping_status":"open","sticky":false,"template":"","format":"standard","meta":{"tdm_status":"","tdm_grid_status":"","footnotes":""},"categories":[6],"tags":[1340,293,28,6222,185,1677,1125],"class_list":["post-47268","post","type-post","status-publish","format-standard","has-post-thumbnail","hentry","category-noticias","tag-eletrico","tag-inovacao","tag-marketing","tag-recarga","tag-tecnologia","tag-volvo","tag-volvo-car"],"yoast_head":"<!-- This site is optimized with the Yoast SEO plugin v27.5 - https:\/\/yoast.com\/product\/yoast-seo-wordpress\/ -->\n<title>Maior hub de recarga de ve\u00edculos el\u00e9tricos da Am\u00e9rica Latina \u00e9 aberto em parceria entre Volvo Car Brasil e S\u00e3o Paulo Corporate Towers - CidadeMarketing<\/title>\n<meta name=\"robots\" content=\"index, follow, max-snippet:-1, max-image-preview:large, max-video-preview:-1\" \/>\n<link rel=\"canonical\" href=\"https:\/\/www.cidademarketing.com.br\/marketing\/2023\/09\/06\/maior-hub-de-recarga-de-veiculos-eletricos-da-america-latina-e-aberto-em-parceria-entre-volvo-car-brasil-e-sao-paulo-corporate-towers\/\" \/>\n<meta property=\"og:locale\" content=\"pt_BR\" \/>\n<meta property=\"og:type\" content=\"article\" \/>\n<meta property=\"og:title\" content=\"Maior hub de recarga de ve\u00edculos el\u00e9tricos da Am\u00e9rica Latina \u00e9 aberto em parceria entre Volvo Car Brasil e S\u00e3o Paulo Corporate Towers - CidadeMarketing\" \/>\n<meta property=\"og:description\" content=\"A Volvo Car Brasil anuncia a inaugura\u00e7\u00e3o do maior hub de recarga de ve\u00edculos el\u00e9tricos e h\u00edbridos da Am\u00e9rica Latina. Com fornecimento de produtos e servi\u00e7os da WEG e BeGreen, respectivamente, a instala\u00e7\u00e3o conta com tecnologia de ponta e capacidade para recarregar 80 ve\u00edculos simultaneamente no S\u00e3o Paulo Corporate Towers, onde fica o novo escrit\u00f3rio [&hellip;]\" \/>\n<meta property=\"og:url\" content=\"https:\/\/www.cidademarketing.com.br\/marketing\/2023\/09\/06\/maior-hub-de-recarga-de-veiculos-eletricos-da-america-latina-e-aberto-em-parceria-entre-volvo-car-brasil-e-sao-paulo-corporate-towers\/\" \/>\n<meta property=\"og:site_name\" content=\"CidadeMarketing\" \/>\n<meta property=\"article:publisher\" content=\"https:\/\/www.facebook.com\/portalcidademarketing\" \/>\n<meta property=\"article:author\" content=\"https:\/\/www.facebook.com\/thalesbrandao\" \/>\n<meta property=\"article:published_time\" content=\"2023-09-06T13:18:19+00:00\" \/>\n<meta property=\"og:image\" content=\"https:\/\/www.cidademarketing.com.br\/marketing\/wp-content\/uploads\/2023\/09\/Volvoeletrico.jpeg\" \/>\n\t<meta property=\"og:image:width\" content=\"695\" \/>\n\t<meta property=\"og:image:height\" content=\"463\" \/>\n\t<meta property=\"og:image:type\" content=\"image\/jpeg\" \/>\n<meta name=\"author\" content=\"Thales Brand\u00e3o\" \/>\n<meta name=\"twitter:card\" content=\"summary_large_image\" \/>\n<meta name=\"twitter:creator\" content=\"@http:\/\/www.twitter.com\/thalesbrandao\" \/>\n<meta name=\"twitter:site\" content=\"@CidadeMarketing\" \/>\n<meta name=\"twitter:label1\" content=\"Escrito por\" \/>\n\t<meta name=\"twitter:data1\" content=\"Thales Brand\u00e3o\" \/>\n\t<meta name=\"twitter:label2\" content=\"Est. tempo de leitura\" \/>\n\t<meta name=\"twitter:data2\" content=\"5 minutos\" \/>\n<script type=\"application\/ld+json\" class=\"yoast-schema-graph\">{\"@context\":\"https:\\\/\\\/schema.org\",\"@graph\":[{\"@type\":\"Article\",\"@id\":\"https:\\\/\\\/www.cidademarketing.com.br\\\/marketing\\\/2023\\\/09\\\/06\\\/maior-hub-de-recarga-de-veiculos-eletricos-da-america-latina-e-aberto-em-parceria-entre-volvo-car-brasil-e-sao-paulo-corporate-towers\\\/#article\",\"isPartOf\":{\"@id\":\"https:\\\/\\\/www.cidademarketing.com.br\\\/marketing\\\/2023\\\/09\\\/06\\\/maior-hub-de-recarga-de-veiculos-eletricos-da-america-latina-e-aberto-em-parceria-entre-volvo-car-brasil-e-sao-paulo-corporate-towers\\\/\"},\"author\":{\"name\":\"Thales Brand\u00e3o\",\"@id\":\"https:\\\/\\\/www.cidademarketing.com.br\\\/marketing\\\/#\\\/schema\\\/person\\\/02daff9f18bd9378c9e01eb6b2db155f\"},\"headline\":\"Maior hub de recarga de ve\u00edculos el\u00e9tricos da Am\u00e9rica Latina \u00e9 aberto em parceria entre Volvo Car Brasil e S\u00e3o Paulo Corporate Towers\",\"datePublished\":\"2023-09-06T13:18:19+00:00\",\"mainEntityOfPage\":{\"@id\":\"https:\\\/\\\/www.cidademarketing.com.br\\\/marketing\\\/2023\\\/09\\\/06\\\/maior-hub-de-recarga-de-veiculos-eletricos-da-america-latina-e-aberto-em-parceria-entre-volvo-car-brasil-e-sao-paulo-corporate-towers\\\/\"},\"wordCount\":948,\"commentCount\":0,\"publisher\":{\"@id\":\"https:\\\/\\\/www.cidademarketing.com.br\\\/marketing\\\/#organization\"},\"image\":{\"@id\":\"https:\\\/\\\/www.cidademarketing.com.br\\\/marketing\\\/2023\\\/09\\\/06\\\/maior-hub-de-recarga-de-veiculos-eletricos-da-america-latina-e-aberto-em-parceria-entre-volvo-car-brasil-e-sao-paulo-corporate-towers\\\/#primaryimage\"},\"thumbnailUrl\":\"https:\\\/\\\/www.cidademarketing.com.br\\\/marketing\\\/wp-content\\\/uploads\\\/2023\\\/09\\\/Volvoeletrico.jpeg\",\"keywords\":[\"el\u00e9trico\",\"inova\u00e7\u00e3o\",\"marketing\",\"Recarga\",\"tecnologia\",\"Volvo\",\"Volvo Car\"],\"articleSection\":[\"Not\u00edcias\"],\"inLanguage\":\"pt-BR\",\"potentialAction\":[{\"@type\":\"CommentAction\",\"name\":\"Comment\",\"target\":[\"https:\\\/\\\/www.cidademarketing.com.br\\\/marketing\\\/2023\\\/09\\\/06\\\/maior-hub-de-recarga-de-veiculos-eletricos-da-america-latina-e-aberto-em-parceria-entre-volvo-car-brasil-e-sao-paulo-corporate-towers\\\/#respond\"]}]},{\"@type\":\"WebPage\",\"@id\":\"https:\\\/\\\/www.cidademarketing.com.br\\\/marketing\\\/2023\\\/09\\\/06\\\/maior-hub-de-recarga-de-veiculos-eletricos-da-america-latina-e-aberto-em-parceria-entre-volvo-car-brasil-e-sao-paulo-corporate-towers\\\/\",\"url\":\"https:\\\/\\\/www.cidademarketing.com.br\\\/marketing\\\/2023\\\/09\\\/06\\\/maior-hub-de-recarga-de-veiculos-eletricos-da-america-latina-e-aberto-em-parceria-entre-volvo-car-brasil-e-sao-paulo-corporate-towers\\\/\",\"name\":\"Maior hub de recarga de ve\u00edculos el\u00e9tricos da Am\u00e9rica Latina \u00e9 aberto em parceria entre Volvo Car Brasil e S\u00e3o Paulo Corporate Towers - CidadeMarketing\",\"isPartOf\":{\"@id\":\"https:\\\/\\\/www.cidademarketing.com.br\\\/marketing\\\/#website\"},\"primaryImageOfPage\":{\"@id\":\"https:\\\/\\\/www.cidademarketing.com.br\\\/marketing\\\/2023\\\/09\\\/06\\\/maior-hub-de-recarga-de-veiculos-eletricos-da-america-latina-e-aberto-em-parceria-entre-volvo-car-brasil-e-sao-paulo-corporate-towers\\\/#primaryimage\"},\"image\":{\"@id\":\"https:\\\/\\\/www.cidademarketing.com.br\\\/marketing\\\/2023\\\/09\\\/06\\\/maior-hub-de-recarga-de-veiculos-eletricos-da-america-latina-e-aberto-em-parceria-entre-volvo-car-brasil-e-sao-paulo-corporate-towers\\\/#primaryimage\"},\"thumbnailUrl\":\"https:\\\/\\\/www.cidademarketing.com.br\\\/marketing\\\/wp-content\\\/uploads\\\/2023\\\/09\\\/Volvoeletrico.jpeg\",\"datePublished\":\"2023-09-06T13:18:19+00:00\",\"breadcrumb\":{\"@id\":\"https:\\\/\\\/www.cidademarketing.com.br\\\/marketing\\\/2023\\\/09\\\/06\\\/maior-hub-de-recarga-de-veiculos-eletricos-da-america-latina-e-aberto-em-parceria-entre-volvo-car-brasil-e-sao-paulo-corporate-towers\\\/#breadcrumb\"},\"inLanguage\":\"pt-BR\",\"potentialAction\":[{\"@type\":\"ReadAction\",\"target\":[\"https:\\\/\\\/www.cidademarketing.com.br\\\/marketing\\\/2023\\\/09\\\/06\\\/maior-hub-de-recarga-de-veiculos-eletricos-da-america-latina-e-aberto-em-parceria-entre-volvo-car-brasil-e-sao-paulo-corporate-towers\\\/\"]}]},{\"@type\":\"ImageObject\",\"inLanguage\":\"pt-BR\",\"@id\":\"https:\\\/\\\/www.cidademarketing.com.br\\\/marketing\\\/2023\\\/09\\\/06\\\/maior-hub-de-recarga-de-veiculos-eletricos-da-america-latina-e-aberto-em-parceria-entre-volvo-car-brasil-e-sao-paulo-corporate-towers\\\/#primaryimage\",\"url\":\"https:\\\/\\\/www.cidademarketing.com.br\\\/marketing\\\/wp-content\\\/uploads\\\/2023\\\/09\\\/Volvoeletrico.jpeg\",\"contentUrl\":\"https:\\\/\\\/www.cidademarketing.com.br\\\/marketing\\\/wp-content\\\/uploads\\\/2023\\\/09\\\/Volvoeletrico.jpeg\",\"width\":695,\"height\":463,\"caption\":\"Divulga\u00e7\u00e3o\"},{\"@type\":\"BreadcrumbList\",\"@id\":\"https:\\\/\\\/www.cidademarketing.com.br\\\/marketing\\\/2023\\\/09\\\/06\\\/maior-hub-de-recarga-de-veiculos-eletricos-da-america-latina-e-aberto-em-parceria-entre-volvo-car-brasil-e-sao-paulo-corporate-towers\\\/#breadcrumb\",\"itemListElement\":[{\"@type\":\"ListItem\",\"position\":1,\"name\":\"In\u00edcio\",\"item\":\"https:\\\/\\\/www.cidademarketing.com.br\\\/marketing\\\/\"},{\"@type\":\"ListItem\",\"position\":2,\"name\":\"Maior hub de recarga de ve\u00edculos el\u00e9tricos da Am\u00e9rica Latina \u00e9 aberto em parceria entre Volvo Car Brasil e S\u00e3o Paulo Corporate Towers\"}]},{\"@type\":\"WebSite\",\"@id\":\"https:\\\/\\\/www.cidademarketing.com.br\\\/marketing\\\/#website\",\"url\":\"https:\\\/\\\/www.cidademarketing.com.br\\\/marketing\\\/\",\"name\":\"CidadeMarketing\",\"description\":\"Somos um ve\u00edculo de comunica\u00e7\u00e3o de destaque no Brasil, reconhecido por conte\u00fados nos segmentos de marketing, empreendedorismo e inova\u00e7\u00e3o.\",\"publisher\":{\"@id\":\"https:\\\/\\\/www.cidademarketing.com.br\\\/marketing\\\/#organization\"},\"alternateName\":\"CidadeMarketing\",\"potentialAction\":[{\"@type\":\"SearchAction\",\"target\":{\"@type\":\"EntryPoint\",\"urlTemplate\":\"https:\\\/\\\/www.cidademarketing.com.br\\\/marketing\\\/?s={search_term_string}\"},\"query-input\":{\"@type\":\"PropertyValueSpecification\",\"valueRequired\":true,\"valueName\":\"search_term_string\"}}],\"inLanguage\":\"pt-BR\"},{\"@type\":\"Organization\",\"@id\":\"https:\\\/\\\/www.cidademarketing.com.br\\\/marketing\\\/#organization\",\"name\":\"CidadeMarketing\",\"alternateName\":\"CidadeMarketing\",\"url\":\"https:\\\/\\\/www.cidademarketing.com.br\\\/marketing\\\/\",\"logo\":{\"@type\":\"ImageObject\",\"inLanguage\":\"pt-BR\",\"@id\":\"https:\\\/\\\/www.cidademarketing.com.br\\\/marketing\\\/#\\\/schema\\\/logo\\\/image\\\/\",\"url\":\"https:\\\/\\\/www.cidademarketing.com.br\\\/marketing\\\/wp-content\\\/uploads\\\/2020\\\/01\\\/cidademarketing_marca_mobile.png\",\"contentUrl\":\"https:\\\/\\\/www.cidademarketing.com.br\\\/marketing\\\/wp-content\\\/uploads\\\/2020\\\/01\\\/cidademarketing_marca_mobile.png\",\"width\":230,\"height\":92,\"caption\":\"CidadeMarketing\"},\"image\":{\"@id\":\"https:\\\/\\\/www.cidademarketing.com.br\\\/marketing\\\/#\\\/schema\\\/logo\\\/image\\\/\"},\"sameAs\":[\"https:\\\/\\\/www.facebook.com\\\/portalcidademarketing\",\"https:\\\/\\\/x.com\\\/CidadeMarketing\",\"https:\\\/\\\/www.instagram.com\\\/cidademarketing\\\/\"]},{\"@type\":\"Person\",\"@id\":\"https:\\\/\\\/www.cidademarketing.com.br\\\/marketing\\\/#\\\/schema\\\/person\\\/02daff9f18bd9378c9e01eb6b2db155f\",\"name\":\"Thales Brand\u00e3o\",\"image\":{\"@type\":\"ImageObject\",\"inLanguage\":\"pt-BR\",\"@id\":\"https:\\\/\\\/secure.gravatar.com\\\/avatar\\\/7ca3206950207cc3cb48feec56a8a7898741ab725c368d99d5d7a5a50aab80c6?s=96&d=mm&r=g\",\"url\":\"https:\\\/\\\/secure.gravatar.com\\\/avatar\\\/7ca3206950207cc3cb48feec56a8a7898741ab725c368d99d5d7a5a50aab80c6?s=96&d=mm&r=g\",\"contentUrl\":\"https:\\\/\\\/secure.gravatar.com\\\/avatar\\\/7ca3206950207cc3cb48feec56a8a7898741ab725c368d99d5d7a5a50aab80c6?s=96&d=mm&r=g\",\"caption\":\"Thales Brand\u00e3o\"},\"description\":\"Editor Executivo do Portal CidadeMarketing.com.br &gt; Mestre em Comunica\u00e7\u00e3o e Sociedade pela Universidade Federal de Sergipe. Possui MBA Executivo em Administra\u00e7\u00e3o com \u00eanfase em Marketing pela Funda\u00e7\u00e3o Get\u00falio Vargas - Rio de Janeiro. Consultor, Palestrante e Pesquisador sobre Empreendedorismo, Marketing, Redes Sociais e Neg\u00f3cios Digitais. Professor, Palestrante TedxTalks e Campus Party. Twitter: @ThalesBrandao\",\"sameAs\":[\"http:\\\/\\\/www.mandacaru.com.br\",\"https:\\\/\\\/www.facebook.com\\\/thalesbrandao\",\"http:\\\/\\\/www.instagram.com.br\\\/thalesbrandaoferreira\",\"https:\\\/\\\/www.linkedin.com\\\/in\\\/thales-brand\u00e3o-3948609\\\/\",\"https:\\\/\\\/x.com\\\/http:\\\/\\\/www.twitter.com\\\/thalesbrandao\"],\"url\":\"https:\\\/\\\/www.cidademarketing.com.br\\\/marketing\\\/author\\\/thalesbrandao\\\/\"}]}<\/script>\n<!-- \/ Yoast SEO plugin. -->","yoast_head_json":{"title":"Maior hub de recarga de ve\u00edculos el\u00e9tricos da Am\u00e9rica Latina \u00e9 aberto em parceria entre Volvo Car Brasil e S\u00e3o Paulo Corporate Towers - CidadeMarketing","robots":{"index":"index","follow":"follow","max-snippet":"max-snippet:-1","max-image-preview":"max-image-preview:large","max-video-preview":"max-video-preview:-1"},"canonical":"https:\/\/www.cidademarketing.com.br\/marketing\/2023\/09\/06\/maior-hub-de-recarga-de-veiculos-eletricos-da-america-latina-e-aberto-em-parceria-entre-volvo-car-brasil-e-sao-paulo-corporate-towers\/","og_locale":"pt_BR","og_type":"article","og_title":"Maior hub de recarga de ve\u00edculos el\u00e9tricos da Am\u00e9rica Latina \u00e9 aberto em parceria entre Volvo Car Brasil e S\u00e3o Paulo Corporate Towers - CidadeMarketing","og_description":"A Volvo Car Brasil anuncia a inaugura\u00e7\u00e3o do maior hub de recarga de ve\u00edculos el\u00e9tricos e h\u00edbridos da Am\u00e9rica Latina. Com fornecimento de produtos e servi\u00e7os da WEG e BeGreen, respectivamente, a instala\u00e7\u00e3o conta com tecnologia de ponta e capacidade para recarregar 80 ve\u00edculos simultaneamente no S\u00e3o Paulo Corporate Towers, onde fica o novo escrit\u00f3rio [&hellip;]","og_url":"https:\/\/www.cidademarketing.com.br\/marketing\/2023\/09\/06\/maior-hub-de-recarga-de-veiculos-eletricos-da-america-latina-e-aberto-em-parceria-entre-volvo-car-brasil-e-sao-paulo-corporate-towers\/","og_site_name":"CidadeMarketing","article_publisher":"https:\/\/www.facebook.com\/portalcidademarketing","article_author":"https:\/\/www.facebook.com\/thalesbrandao","article_published_time":"2023-09-06T13:18:19+00:00","og_image":[{"width":695,"height":463,"url":"https:\/\/www.cidademarketing.com.br\/marketing\/wp-content\/uploads\/2023\/09\/Volvoeletrico.jpeg","type":"image\/jpeg"}],"author":"Thales Brand\u00e3o","twitter_card":"summary_large_image","twitter_creator":"@http:\/\/www.twitter.com\/thalesbrandao","twitter_site":"@CidadeMarketing","twitter_misc":{"Escrito por":"Thales Brand\u00e3o","Est. tempo de leitura":"5 minutos"},"schema":{"@context":"https:\/\/schema.org","@graph":[{"@type":"Article","@id":"https:\/\/www.cidademarketing.com.br\/marketing\/2023\/09\/06\/maior-hub-de-recarga-de-veiculos-eletricos-da-america-latina-e-aberto-em-parceria-entre-volvo-car-brasil-e-sao-paulo-corporate-towers\/#article","isPartOf":{"@id":"https:\/\/www.cidademarketing.com.br\/marketing\/2023\/09\/06\/maior-hub-de-recarga-de-veiculos-eletricos-da-america-latina-e-aberto-em-parceria-entre-volvo-car-brasil-e-sao-paulo-corporate-towers\/"},"author":{"name":"Thales Brand\u00e3o","@id":"https:\/\/www.cidademarketing.com.br\/marketing\/#\/schema\/person\/02daff9f18bd9378c9e01eb6b2db155f"},"headline":"Maior hub de recarga de ve\u00edculos el\u00e9tricos da Am\u00e9rica Latina \u00e9 aberto em parceria entre Volvo Car Brasil e S\u00e3o Paulo Corporate Towers","datePublished":"2023-09-06T13:18:19+00:00","mainEntityOfPage":{"@id":"https:\/\/www.cidademarketing.com.br\/marketing\/2023\/09\/06\/maior-hub-de-recarga-de-veiculos-eletricos-da-america-latina-e-aberto-em-parceria-entre-volvo-car-brasil-e-sao-paulo-corporate-towers\/"},"wordCount":948,"commentCount":0,"publisher":{"@id":"https:\/\/www.cidademarketing.com.br\/marketing\/#organization"},"image":{"@id":"https:\/\/www.cidademarketing.com.br\/marketing\/2023\/09\/06\/maior-hub-de-recarga-de-veiculos-eletricos-da-america-latina-e-aberto-em-parceria-entre-volvo-car-brasil-e-sao-paulo-corporate-towers\/#primaryimage"},"thumbnailUrl":"https:\/\/www.cidademarketing.com.br\/marketing\/wp-content\/uploads\/2023\/09\/Volvoeletrico.jpeg","keywords":["el\u00e9trico","inova\u00e7\u00e3o","marketing","Recarga","tecnologia","Volvo","Volvo Car"],"articleSection":["Not\u00edcias"],"inLanguage":"pt-BR","potentialAction":[{"@type":"CommentAction","name":"Comment","target":["https:\/\/www.cidademarketing.com.br\/marketing\/2023\/09\/06\/maior-hub-de-recarga-de-veiculos-eletricos-da-america-latina-e-aberto-em-parceria-entre-volvo-car-brasil-e-sao-paulo-corporate-towers\/#respond"]}]},{"@type":"WebPage","@id":"https:\/\/www.cidademarketing.com.br\/marketing\/2023\/09\/06\/maior-hub-de-recarga-de-veiculos-eletricos-da-america-latina-e-aberto-em-parceria-entre-volvo-car-brasil-e-sao-paulo-corporate-towers\/","url":"https:\/\/www.cidademarketing.com.br\/marketing\/2023\/09\/06\/maior-hub-de-recarga-de-veiculos-eletricos-da-america-latina-e-aberto-em-parceria-entre-volvo-car-brasil-e-sao-paulo-corporate-towers\/","name":"Maior hub de recarga de ve\u00edculos el\u00e9tricos da Am\u00e9rica Latina \u00e9 aberto em parceria entre Volvo Car Brasil e S\u00e3o Paulo Corporate Towers - CidadeMarketing","isPartOf":{"@id":"https:\/\/www.cidademarketing.com.br\/marketing\/#website"},"primaryImageOfPage":{"@id":"https:\/\/www.cidademarketing.com.br\/marketing\/2023\/09\/06\/maior-hub-de-recarga-de-veiculos-eletricos-da-america-latina-e-aberto-em-parceria-entre-volvo-car-brasil-e-sao-paulo-corporate-towers\/#primaryimage"},"image":{"@id":"https:\/\/www.cidademarketing.com.br\/marketing\/2023\/09\/06\/maior-hub-de-recarga-de-veiculos-eletricos-da-america-latina-e-aberto-em-parceria-entre-volvo-car-brasil-e-sao-paulo-corporate-towers\/#primaryimage"},"thumbnailUrl":"https:\/\/www.cidademarketing.com.br\/marketing\/wp-content\/uploads\/2023\/09\/Volvoeletrico.jpeg","datePublished":"2023-09-06T13:18:19+00:00","breadcrumb":{"@id":"https:\/\/www.cidademarketing.com.br\/marketing\/2023\/09\/06\/maior-hub-de-recarga-de-veiculos-eletricos-da-america-latina-e-aberto-em-parceria-entre-volvo-car-brasil-e-sao-paulo-corporate-towers\/#breadcrumb"},"inLanguage":"pt-BR","potentialAction":[{"@type":"ReadAction","target":["https:\/\/www.cidademarketing.com.br\/marketing\/2023\/09\/06\/maior-hub-de-recarga-de-veiculos-eletricos-da-america-latina-e-aberto-em-parceria-entre-volvo-car-brasil-e-sao-paulo-corporate-towers\/"]}]},{"@type":"ImageObject","inLanguage":"pt-BR","@id":"https:\/\/www.cidademarketing.com.br\/marketing\/2023\/09\/06\/maior-hub-de-recarga-de-veiculos-eletricos-da-america-latina-e-aberto-em-parceria-entre-volvo-car-brasil-e-sao-paulo-corporate-towers\/#primaryimage","url":"https:\/\/www.cidademarketing.com.br\/marketing\/wp-content\/uploads\/2023\/09\/Volvoeletrico.jpeg","contentUrl":"https:\/\/www.cidademarketing.com.br\/marketing\/wp-content\/uploads\/2023\/09\/Volvoeletrico.jpeg","width":695,"height":463,"caption":"Divulga\u00e7\u00e3o"},{"@type":"BreadcrumbList","@id":"https:\/\/www.cidademarketing.com.br\/marketing\/2023\/09\/06\/maior-hub-de-recarga-de-veiculos-eletricos-da-america-latina-e-aberto-em-parceria-entre-volvo-car-brasil-e-sao-paulo-corporate-towers\/#breadcrumb","itemListElement":[{"@type":"ListItem","position":1,"name":"In\u00edcio","item":"https:\/\/www.cidademarketing.com.br\/marketing\/"},{"@type":"ListItem","position":2,"name":"Maior hub de recarga de ve\u00edculos el\u00e9tricos da Am\u00e9rica Latina \u00e9 aberto em parceria entre Volvo Car Brasil e S\u00e3o Paulo Corporate Towers"}]},{"@type":"WebSite","@id":"https:\/\/www.cidademarketing.com.br\/marketing\/#website","url":"https:\/\/www.cidademarketing.com.br\/marketing\/","name":"CidadeMarketing","description":"Somos um ve\u00edculo de comunica\u00e7\u00e3o de destaque no Brasil, reconhecido por conte\u00fados nos segmentos de marketing, empreendedorismo e inova\u00e7\u00e3o.","publisher":{"@id":"https:\/\/www.cidademarketing.com.br\/marketing\/#organization"},"alternateName":"CidadeMarketing","potentialAction":[{"@type":"SearchAction","target":{"@type":"EntryPoint","urlTemplate":"https:\/\/www.cidademarketing.com.br\/marketing\/?s={search_term_string}"},"query-input":{"@type":"PropertyValueSpecification","valueRequired":true,"valueName":"search_term_string"}}],"inLanguage":"pt-BR"},{"@type":"Organization","@id":"https:\/\/www.cidademarketing.com.br\/marketing\/#organization","name":"CidadeMarketing","alternateName":"CidadeMarketing","url":"https:\/\/www.cidademarketing.com.br\/marketing\/","logo":{"@type":"ImageObject","inLanguage":"pt-BR","@id":"https:\/\/www.cidademarketing.com.br\/marketing\/#\/schema\/logo\/image\/","url":"https:\/\/www.cidademarketing.com.br\/marketing\/wp-content\/uploads\/2020\/01\/cidademarketing_marca_mobile.png","contentUrl":"https:\/\/www.cidademarketing.com.br\/marketing\/wp-content\/uploads\/2020\/01\/cidademarketing_marca_mobile.png","width":230,"height":92,"caption":"CidadeMarketing"},"image":{"@id":"https:\/\/www.cidademarketing.com.br\/marketing\/#\/schema\/logo\/image\/"},"sameAs":["https:\/\/www.facebook.com\/portalcidademarketing","https:\/\/x.com\/CidadeMarketing","https:\/\/www.instagram.com\/cidademarketing\/"]},{"@type":"Person","@id":"https:\/\/www.cidademarketing.com.br\/marketing\/#\/schema\/person\/02daff9f18bd9378c9e01eb6b2db155f","name":"Thales Brand\u00e3o","image":{"@type":"ImageObject","inLanguage":"pt-BR","@id":"https:\/\/secure.gravatar.com\/avatar\/7ca3206950207cc3cb48feec56a8a7898741ab725c368d99d5d7a5a50aab80c6?s=96&d=mm&r=g","url":"https:\/\/secure.gravatar.com\/avatar\/7ca3206950207cc3cb48feec56a8a7898741ab725c368d99d5d7a5a50aab80c6?s=96&d=mm&r=g","contentUrl":"https:\/\/secure.gravatar.com\/avatar\/7ca3206950207cc3cb48feec56a8a7898741ab725c368d99d5d7a5a50aab80c6?s=96&d=mm&r=g","caption":"Thales Brand\u00e3o"},"description":"Editor Executivo do Portal CidadeMarketing.com.br &gt; Mestre em Comunica\u00e7\u00e3o e Sociedade pela Universidade Federal de Sergipe. Possui MBA Executivo em Administra\u00e7\u00e3o com \u00eanfase em Marketing pela Funda\u00e7\u00e3o Get\u00falio Vargas - Rio de Janeiro. Consultor, Palestrante e Pesquisador sobre Empreendedorismo, Marketing, Redes Sociais e Neg\u00f3cios Digitais. Professor, Palestrante TedxTalks e Campus Party. Twitter: @ThalesBrandao","sameAs":["http:\/\/www.mandacaru.com.br","https:\/\/www.facebook.com\/thalesbrandao","http:\/\/www.instagram.com.br\/thalesbrandaoferreira","https:\/\/www.linkedin.com\/in\/thales-brand\u00e3o-3948609\/","https:\/\/x.com\/http:\/\/www.twitter.com\/thalesbrandao"],"url":"https:\/\/www.cidademarketing.com.br\/marketing\/author\/thalesbrandao\/"}]}},"amp_enabled":true,"_links":{"self":[{"href":"https:\/\/www.cidademarketing.com.br\/marketing\/wp-json\/wp\/v2\/posts\/47268","targetHints":{"allow":["GET"]}}],"collection":[{"href":"https:\/\/www.cidademarketing.com.br\/marketing\/wp-json\/wp\/v2\/posts"}],"about":[{"href":"https:\/\/www.cidademarketing.com.br\/marketing\/wp-json\/wp\/v2\/types\/post"}],"author":[{"embeddable":true,"href":"https:\/\/www.cidademarketing.com.br\/marketing\/wp-json\/wp\/v2\/users\/1"}],"replies":[{"embeddable":true,"href":"https:\/\/www.cidademarketing.com.br\/marketing\/wp-json\/wp\/v2\/comments?post=47268"}],"version-history":[{"count":1,"href":"https:\/\/www.cidademarketing.com.br\/marketing\/wp-json\/wp\/v2\/posts\/47268\/revisions"}],"predecessor-version":[{"id":47271,"href":"https:\/\/www.cidademarketing.com.br\/marketing\/wp-json\/wp\/v2\/posts\/47268\/revisions\/47271"}],"wp:featuredmedia":[{"embeddable":true,"href":"https:\/\/www.cidademarketing.com.br\/marketing\/wp-json\/wp\/v2\/media\/47270"}],"wp:attachment":[{"href":"https:\/\/www.cidademarketing.com.br\/marketing\/wp-json\/wp\/v2\/media?parent=47268"}],"wp:term":[{"taxonomy":"category","embeddable":true,"href":"https:\/\/www.cidademarketing.com.br\/marketing\/wp-json\/wp\/v2\/categories?post=47268"},{"taxonomy":"post_tag","embeddable":true,"href":"https:\/\/www.cidademarketing.com.br\/marketing\/wp-json\/wp\/v2\/tags?post=47268"}],"curies":[{"name":"wp","href":"https:\/\/api.w.org\/{rel}","templated":true}]}}