{"id":47033,"date":"2023-08-29T08:51:12","date_gmt":"2023-08-29T11:51:12","guid":{"rendered":"https:\/\/www.cidademarketing.com.br\/marketing\/?p=47033"},"modified":"2023-08-29T08:51:12","modified_gmt":"2023-08-29T11:51:12","slug":"cpi-das-piramides-financeiras-ouve-os-empreendedores-da-123-milhas-nesta-terca-feira-29-08","status":"publish","type":"post","link":"https:\/\/www.cidademarketing.com.br\/marketing\/2023\/08\/29\/cpi-das-piramides-financeiras-ouve-os-empreendedores-da-123-milhas-nesta-terca-feira-29-08\/","title":{"rendered":"CPI das Pir\u00e2mides Financeiras ouve os empreendedores da 123 Milhas nesta ter\u00e7a-feira, 29\/08"},"content":{"rendered":"<p>A Comiss\u00e3o Parlamentar de Inqu\u00e9rito (CPI) das Pir\u00e2mides Financeiras ouve, nesta ter\u00e7a-feira (29), os s\u00f3cios e administradores da 123 Milhas, Ramiro J\u00falio Soares Madureira e Augusto J\u00falio Soares Madureira, <a href=\"https:\/\/open.spotify.com\/episode\/6tb9N34AyQowzXOBUlVT5B\" target=\"_blank\" rel=\"noopener\">sobre a suspens\u00e3o da emiss\u00e3o de passagens a\u00e9reas j\u00e1 compradas pelos consumidores<\/a>.<\/p>\n<p><a href=\"https:\/\/www.cidademarketing.com.br\/marketing\/sua-marca-vai-virar-noticia\/\" target=\"_blank\" rel=\"noopener\"><img fetchpriority=\"high\" decoding=\"async\" class=\"wp-image-44329 aligncenter\" src=\"https:\/\/www.cidademarketing.com.br\/marketing\/wp-content\/uploads\/2023\/04\/cidademarketing_backlinks_marketingdigital_publieditorial_.png\" alt=\"\" width=\"500\" height=\"500\" \/><\/a><\/p>\n<p>&nbsp;<\/p>\n<p>A suspens\u00e3o, anunciada pela companhia no \u00faltimo dia 18, afeta viagens j\u00e1 contratadas com embarques previstos para o per\u00edodo de setembro a dezembro deste ano. A 123 Milhas anunciou que vai devolver integralmente os valores pagos pelos clientes com corre\u00e7\u00e3o monet\u00e1ria, mas por meio de vouchers.<\/p>\n<p>A convoca\u00e7\u00e3o dos empres\u00e1rios foi pedida pelo presidente da CPI, deputado Aureo Ribeiro (Solidariedade-RJ). Segundo ele, em 2022, a 123 Milhas transformou-se na maior ag\u00eancia on-line de vendas de passagens a\u00e9reas e existe a preocupa\u00e7\u00e3o de que o caso esteja configurado como um esquema de pir\u00e2mide financeira.<\/p>\n<p>&#8220;Al\u00e9m disso, da forma como foi apresentado pela empresa, a venda dos pacotes de viagem era feita sem que houvesse nenhum compromisso de arcar com a responsabilidade junto a seus clientes&#8221;, afirmou Ribeiro.<\/p>\n<p><iframe title=\"Spotify Embed: Podcast CidadeMarketing\" style=\"border-radius: 12px\" width=\"100%\" height=\"152\" frameborder=\"0\" allowfullscreen allow=\"autoplay; clipboard-write; encrypted-media; fullscreen; picture-in-picture\" loading=\"lazy\" src=\"https:\/\/open.spotify.com\/embed\/show\/4khMKzP3FgFRWVwb73xicc?si=252fe5bff2b34909&#038;utm_source=oembed\"><\/iframe><\/p>\n<p>&nbsp;<\/p>\n<p>A audi\u00eancia ser\u00e1 realizada no plen\u00e1rio 14, a partir das 14h30.<\/p>\n<p>Fonte: <a href=\"https:\/\/www.camara.leg.br\/noticias\/991461-cpi-das-piramides-financeiras-ouve-socios-da-123-milhas-na-terca-feira\/\" target=\"_blank\" rel=\"noopener\">Ag\u00eancia C\u00e2mara de Not\u00edcias<\/a><\/p>\n","protected":false},"excerpt":{"rendered":"<p>A Comiss\u00e3o Parlamentar de Inqu\u00e9rito (CPI) das Pir\u00e2mides Financeiras ouve, nesta ter\u00e7a-feira (29), os s\u00f3cios e administradores da 123 Milhas, Ramiro J\u00falio Soares Madureira e Augusto J\u00falio Soares Madureira, sobre a suspens\u00e3o da emiss\u00e3o de passagens a\u00e9reas j\u00e1 compradas pelos consumidores. &nbsp; A suspens\u00e3o, anunciada pela companhia no \u00faltimo dia 18, afeta viagens j\u00e1 contratadas [&hellip;]<\/p>\n","protected":false},"author":1,"featured_media":46765,"comment_status":"open","ping_status":"open","sticky":false,"template":"","format":"standard","meta":{"tdm_status":"","tdm_grid_status":"","footnotes":""},"categories":[9,6],"tags":[6188,51,3889,214,33,28,6202,230],"class_list":["post-47033","post","type-post","status-publish","format-standard","has-post-thumbnail","hentry","category-consumidor","category-noticias","tag-123milhas","tag-consumidor","tag-cpi","tag-e-commerce","tag-estrategia","tag-marketing","tag-piramide","tag-turismo"],"yoast_head":"<!-- This site is optimized with the Yoast SEO plugin v27.5 - https:\/\/yoast.com\/product\/yoast-seo-wordpress\/ -->\n<title>CPI das Pir\u00e2mides Financeiras ouve os empreendedores da 123 Milhas nesta ter\u00e7a-feira, 29\/08 - CidadeMarketing<\/title>\n<meta name=\"robots\" content=\"index, follow, max-snippet:-1, max-image-preview:large, max-video-preview:-1\" \/>\n<link rel=\"canonical\" href=\"https:\/\/www.cidademarketing.com.br\/marketing\/2023\/08\/29\/cpi-das-piramides-financeiras-ouve-os-empreendedores-da-123-milhas-nesta-terca-feira-29-08\/\" \/>\n<meta property=\"og:locale\" content=\"pt_BR\" \/>\n<meta property=\"og:type\" content=\"article\" \/>\n<meta property=\"og:title\" content=\"CPI das Pir\u00e2mides Financeiras ouve os empreendedores da 123 Milhas nesta ter\u00e7a-feira, 29\/08 - CidadeMarketing\" \/>\n<meta property=\"og:description\" content=\"A Comiss\u00e3o Parlamentar de Inqu\u00e9rito (CPI) das Pir\u00e2mides Financeiras ouve, nesta ter\u00e7a-feira (29), os s\u00f3cios e administradores da 123 Milhas, Ramiro J\u00falio Soares Madureira e Augusto J\u00falio Soares Madureira, sobre a suspens\u00e3o da emiss\u00e3o de passagens a\u00e9reas j\u00e1 compradas pelos consumidores. &nbsp; A suspens\u00e3o, anunciada pela companhia no \u00faltimo dia 18, afeta viagens j\u00e1 contratadas [&hellip;]\" \/>\n<meta property=\"og:url\" content=\"https:\/\/www.cidademarketing.com.br\/marketing\/2023\/08\/29\/cpi-das-piramides-financeiras-ouve-os-empreendedores-da-123-milhas-nesta-terca-feira-29-08\/\" \/>\n<meta property=\"og:site_name\" content=\"CidadeMarketing\" \/>\n<meta property=\"article:publisher\" content=\"https:\/\/www.facebook.com\/portalcidademarketing\" \/>\n<meta property=\"article:author\" content=\"https:\/\/www.facebook.com\/thalesbrandao\" \/>\n<meta property=\"article:published_time\" content=\"2023-08-29T11:51:12+00:00\" \/>\n<meta property=\"og:image\" content=\"https:\/\/www.cidademarketing.com.br\/marketing\/wp-content\/uploads\/2023\/08\/123milhas_marca.png\" \/>\n\t<meta property=\"og:image:width\" content=\"2048\" \/>\n\t<meta property=\"og:image:height\" content=\"2048\" \/>\n\t<meta property=\"og:image:type\" content=\"image\/png\" \/>\n<meta name=\"author\" content=\"Thales Brand\u00e3o\" \/>\n<meta name=\"twitter:card\" content=\"summary_large_image\" \/>\n<meta name=\"twitter:creator\" content=\"@http:\/\/www.twitter.com\/thalesbrandao\" \/>\n<meta name=\"twitter:site\" content=\"@CidadeMarketing\" \/>\n<meta name=\"twitter:label1\" content=\"Escrito por\" \/>\n\t<meta name=\"twitter:data1\" content=\"Thales Brand\u00e3o\" \/>\n\t<meta name=\"twitter:label2\" content=\"Est. tempo de leitura\" \/>\n\t<meta name=\"twitter:data2\" content=\"1 minuto\" \/>\n<script type=\"application\/ld+json\" class=\"yoast-schema-graph\">{\"@context\":\"https:\\\/\\\/schema.org\",\"@graph\":[{\"@type\":\"Article\",\"@id\":\"https:\\\/\\\/www.cidademarketing.com.br\\\/marketing\\\/2023\\\/08\\\/29\\\/cpi-das-piramides-financeiras-ouve-os-empreendedores-da-123-milhas-nesta-terca-feira-29-08\\\/#article\",\"isPartOf\":{\"@id\":\"https:\\\/\\\/www.cidademarketing.com.br\\\/marketing\\\/2023\\\/08\\\/29\\\/cpi-das-piramides-financeiras-ouve-os-empreendedores-da-123-milhas-nesta-terca-feira-29-08\\\/\"},\"author\":{\"name\":\"Thales Brand\u00e3o\",\"@id\":\"https:\\\/\\\/www.cidademarketing.com.br\\\/marketing\\\/#\\\/schema\\\/person\\\/02daff9f18bd9378c9e01eb6b2db155f\"},\"headline\":\"CPI das Pir\u00e2mides Financeiras ouve os empreendedores da 123 Milhas nesta ter\u00e7a-feira, 29\\\/08\",\"datePublished\":\"2023-08-29T11:51:12+00:00\",\"mainEntityOfPage\":{\"@id\":\"https:\\\/\\\/www.cidademarketing.com.br\\\/marketing\\\/2023\\\/08\\\/29\\\/cpi-das-piramides-financeiras-ouve-os-empreendedores-da-123-milhas-nesta-terca-feira-29-08\\\/\"},\"wordCount\":231,\"commentCount\":0,\"publisher\":{\"@id\":\"https:\\\/\\\/www.cidademarketing.com.br\\\/marketing\\\/#organization\"},\"image\":{\"@id\":\"https:\\\/\\\/www.cidademarketing.com.br\\\/marketing\\\/2023\\\/08\\\/29\\\/cpi-das-piramides-financeiras-ouve-os-empreendedores-da-123-milhas-nesta-terca-feira-29-08\\\/#primaryimage\"},\"thumbnailUrl\":\"https:\\\/\\\/www.cidademarketing.com.br\\\/marketing\\\/wp-content\\\/uploads\\\/2023\\\/08\\\/123milhas_marca.png\",\"keywords\":[\"123milhas\",\"consumidor\",\"CPI\",\"e-commerce\",\"estrat\u00e9gia\",\"marketing\",\"pir\u00e2mide\",\"turismo\"],\"articleSection\":[\"Consumidor\",\"Not\u00edcias\"],\"inLanguage\":\"pt-BR\",\"potentialAction\":[{\"@type\":\"CommentAction\",\"name\":\"Comment\",\"target\":[\"https:\\\/\\\/www.cidademarketing.com.br\\\/marketing\\\/2023\\\/08\\\/29\\\/cpi-das-piramides-financeiras-ouve-os-empreendedores-da-123-milhas-nesta-terca-feira-29-08\\\/#respond\"]}]},{\"@type\":\"WebPage\",\"@id\":\"https:\\\/\\\/www.cidademarketing.com.br\\\/marketing\\\/2023\\\/08\\\/29\\\/cpi-das-piramides-financeiras-ouve-os-empreendedores-da-123-milhas-nesta-terca-feira-29-08\\\/\",\"url\":\"https:\\\/\\\/www.cidademarketing.com.br\\\/marketing\\\/2023\\\/08\\\/29\\\/cpi-das-piramides-financeiras-ouve-os-empreendedores-da-123-milhas-nesta-terca-feira-29-08\\\/\",\"name\":\"CPI das Pir\u00e2mides Financeiras ouve os empreendedores da 123 Milhas nesta ter\u00e7a-feira, 29\\\/08 - CidadeMarketing\",\"isPartOf\":{\"@id\":\"https:\\\/\\\/www.cidademarketing.com.br\\\/marketing\\\/#website\"},\"primaryImageOfPage\":{\"@id\":\"https:\\\/\\\/www.cidademarketing.com.br\\\/marketing\\\/2023\\\/08\\\/29\\\/cpi-das-piramides-financeiras-ouve-os-empreendedores-da-123-milhas-nesta-terca-feira-29-08\\\/#primaryimage\"},\"image\":{\"@id\":\"https:\\\/\\\/www.cidademarketing.com.br\\\/marketing\\\/2023\\\/08\\\/29\\\/cpi-das-piramides-financeiras-ouve-os-empreendedores-da-123-milhas-nesta-terca-feira-29-08\\\/#primaryimage\"},\"thumbnailUrl\":\"https:\\\/\\\/www.cidademarketing.com.br\\\/marketing\\\/wp-content\\\/uploads\\\/2023\\\/08\\\/123milhas_marca.png\",\"datePublished\":\"2023-08-29T11:51:12+00:00\",\"breadcrumb\":{\"@id\":\"https:\\\/\\\/www.cidademarketing.com.br\\\/marketing\\\/2023\\\/08\\\/29\\\/cpi-das-piramides-financeiras-ouve-os-empreendedores-da-123-milhas-nesta-terca-feira-29-08\\\/#breadcrumb\"},\"inLanguage\":\"pt-BR\",\"potentialAction\":[{\"@type\":\"ReadAction\",\"target\":[\"https:\\\/\\\/www.cidademarketing.com.br\\\/marketing\\\/2023\\\/08\\\/29\\\/cpi-das-piramides-financeiras-ouve-os-empreendedores-da-123-milhas-nesta-terca-feira-29-08\\\/\"]}]},{\"@type\":\"ImageObject\",\"inLanguage\":\"pt-BR\",\"@id\":\"https:\\\/\\\/www.cidademarketing.com.br\\\/marketing\\\/2023\\\/08\\\/29\\\/cpi-das-piramides-financeiras-ouve-os-empreendedores-da-123-milhas-nesta-terca-feira-29-08\\\/#primaryimage\",\"url\":\"https:\\\/\\\/www.cidademarketing.com.br\\\/marketing\\\/wp-content\\\/uploads\\\/2023\\\/08\\\/123milhas_marca.png\",\"contentUrl\":\"https:\\\/\\\/www.cidademarketing.com.br\\\/marketing\\\/wp-content\\\/uploads\\\/2023\\\/08\\\/123milhas_marca.png\",\"width\":2048,\"height\":2048},{\"@type\":\"BreadcrumbList\",\"@id\":\"https:\\\/\\\/www.cidademarketing.com.br\\\/marketing\\\/2023\\\/08\\\/29\\\/cpi-das-piramides-financeiras-ouve-os-empreendedores-da-123-milhas-nesta-terca-feira-29-08\\\/#breadcrumb\",\"itemListElement\":[{\"@type\":\"ListItem\",\"position\":1,\"name\":\"In\u00edcio\",\"item\":\"https:\\\/\\\/www.cidademarketing.com.br\\\/marketing\\\/\"},{\"@type\":\"ListItem\",\"position\":2,\"name\":\"CPI das Pir\u00e2mides Financeiras ouve os empreendedores da 123 Milhas nesta ter\u00e7a-feira, 29\\\/08\"}]},{\"@type\":\"WebSite\",\"@id\":\"https:\\\/\\\/www.cidademarketing.com.br\\\/marketing\\\/#website\",\"url\":\"https:\\\/\\\/www.cidademarketing.com.br\\\/marketing\\\/\",\"name\":\"CidadeMarketing\",\"description\":\"Somos um ve\u00edculo de comunica\u00e7\u00e3o de destaque no Brasil, reconhecido por conte\u00fados nos segmentos de marketing, empreendedorismo e inova\u00e7\u00e3o.\",\"publisher\":{\"@id\":\"https:\\\/\\\/www.cidademarketing.com.br\\\/marketing\\\/#organization\"},\"alternateName\":\"CidadeMarketing\",\"potentialAction\":[{\"@type\":\"SearchAction\",\"target\":{\"@type\":\"EntryPoint\",\"urlTemplate\":\"https:\\\/\\\/www.cidademarketing.com.br\\\/marketing\\\/?s={search_term_string}\"},\"query-input\":{\"@type\":\"PropertyValueSpecification\",\"valueRequired\":true,\"valueName\":\"search_term_string\"}}],\"inLanguage\":\"pt-BR\"},{\"@type\":\"Organization\",\"@id\":\"https:\\\/\\\/www.cidademarketing.com.br\\\/marketing\\\/#organization\",\"name\":\"CidadeMarketing\",\"alternateName\":\"CidadeMarketing\",\"url\":\"https:\\\/\\\/www.cidademarketing.com.br\\\/marketing\\\/\",\"logo\":{\"@type\":\"ImageObject\",\"inLanguage\":\"pt-BR\",\"@id\":\"https:\\\/\\\/www.cidademarketing.com.br\\\/marketing\\\/#\\\/schema\\\/logo\\\/image\\\/\",\"url\":\"https:\\\/\\\/www.cidademarketing.com.br\\\/marketing\\\/wp-content\\\/uploads\\\/2020\\\/01\\\/cidademarketing_marca_mobile.png\",\"contentUrl\":\"https:\\\/\\\/www.cidademarketing.com.br\\\/marketing\\\/wp-content\\\/uploads\\\/2020\\\/01\\\/cidademarketing_marca_mobile.png\",\"width\":230,\"height\":92,\"caption\":\"CidadeMarketing\"},\"image\":{\"@id\":\"https:\\\/\\\/www.cidademarketing.com.br\\\/marketing\\\/#\\\/schema\\\/logo\\\/image\\\/\"},\"sameAs\":[\"https:\\\/\\\/www.facebook.com\\\/portalcidademarketing\",\"https:\\\/\\\/x.com\\\/CidadeMarketing\",\"https:\\\/\\\/www.instagram.com\\\/cidademarketing\\\/\"]},{\"@type\":\"Person\",\"@id\":\"https:\\\/\\\/www.cidademarketing.com.br\\\/marketing\\\/#\\\/schema\\\/person\\\/02daff9f18bd9378c9e01eb6b2db155f\",\"name\":\"Thales Brand\u00e3o\",\"image\":{\"@type\":\"ImageObject\",\"inLanguage\":\"pt-BR\",\"@id\":\"https:\\\/\\\/secure.gravatar.com\\\/avatar\\\/7ca3206950207cc3cb48feec56a8a7898741ab725c368d99d5d7a5a50aab80c6?s=96&d=mm&r=g\",\"url\":\"https:\\\/\\\/secure.gravatar.com\\\/avatar\\\/7ca3206950207cc3cb48feec56a8a7898741ab725c368d99d5d7a5a50aab80c6?s=96&d=mm&r=g\",\"contentUrl\":\"https:\\\/\\\/secure.gravatar.com\\\/avatar\\\/7ca3206950207cc3cb48feec56a8a7898741ab725c368d99d5d7a5a50aab80c6?s=96&d=mm&r=g\",\"caption\":\"Thales Brand\u00e3o\"},\"description\":\"Editor Executivo do Portal CidadeMarketing.com.br &gt; Mestre em Comunica\u00e7\u00e3o e Sociedade pela Universidade Federal de Sergipe. Possui MBA Executivo em Administra\u00e7\u00e3o com \u00eanfase em Marketing pela Funda\u00e7\u00e3o Get\u00falio Vargas - Rio de Janeiro. Consultor, Palestrante e Pesquisador sobre Empreendedorismo, Marketing, Redes Sociais e Neg\u00f3cios Digitais. Professor, Palestrante TedxTalks e Campus Party. Twitter: @ThalesBrandao\",\"sameAs\":[\"http:\\\/\\\/www.mandacaru.com.br\",\"https:\\\/\\\/www.facebook.com\\\/thalesbrandao\",\"http:\\\/\\\/www.instagram.com.br\\\/thalesbrandaoferreira\",\"https:\\\/\\\/www.linkedin.com\\\/in\\\/thales-brand\u00e3o-3948609\\\/\",\"https:\\\/\\\/x.com\\\/http:\\\/\\\/www.twitter.com\\\/thalesbrandao\"],\"url\":\"https:\\\/\\\/www.cidademarketing.com.br\\\/marketing\\\/author\\\/thalesbrandao\\\/\"}]}<\/script>\n<!-- \/ Yoast SEO plugin. -->","yoast_head_json":{"title":"CPI das Pir\u00e2mides Financeiras ouve os empreendedores da 123 Milhas nesta ter\u00e7a-feira, 29\/08 - CidadeMarketing","robots":{"index":"index","follow":"follow","max-snippet":"max-snippet:-1","max-image-preview":"max-image-preview:large","max-video-preview":"max-video-preview:-1"},"canonical":"https:\/\/www.cidademarketing.com.br\/marketing\/2023\/08\/29\/cpi-das-piramides-financeiras-ouve-os-empreendedores-da-123-milhas-nesta-terca-feira-29-08\/","og_locale":"pt_BR","og_type":"article","og_title":"CPI das Pir\u00e2mides Financeiras ouve os empreendedores da 123 Milhas nesta ter\u00e7a-feira, 29\/08 - CidadeMarketing","og_description":"A Comiss\u00e3o Parlamentar de Inqu\u00e9rito (CPI) das Pir\u00e2mides Financeiras ouve, nesta ter\u00e7a-feira (29), os s\u00f3cios e administradores da 123 Milhas, Ramiro J\u00falio Soares Madureira e Augusto J\u00falio Soares Madureira, sobre a suspens\u00e3o da emiss\u00e3o de passagens a\u00e9reas j\u00e1 compradas pelos consumidores. &nbsp; A suspens\u00e3o, anunciada pela companhia no \u00faltimo dia 18, afeta viagens j\u00e1 contratadas [&hellip;]","og_url":"https:\/\/www.cidademarketing.com.br\/marketing\/2023\/08\/29\/cpi-das-piramides-financeiras-ouve-os-empreendedores-da-123-milhas-nesta-terca-feira-29-08\/","og_site_name":"CidadeMarketing","article_publisher":"https:\/\/www.facebook.com\/portalcidademarketing","article_author":"https:\/\/www.facebook.com\/thalesbrandao","article_published_time":"2023-08-29T11:51:12+00:00","og_image":[{"width":2048,"height":2048,"url":"https:\/\/www.cidademarketing.com.br\/marketing\/wp-content\/uploads\/2023\/08\/123milhas_marca.png","type":"image\/png"}],"author":"Thales Brand\u00e3o","twitter_card":"summary_large_image","twitter_creator":"@http:\/\/www.twitter.com\/thalesbrandao","twitter_site":"@CidadeMarketing","twitter_misc":{"Escrito por":"Thales Brand\u00e3o","Est. tempo de leitura":"1 minuto"},"schema":{"@context":"https:\/\/schema.org","@graph":[{"@type":"Article","@id":"https:\/\/www.cidademarketing.com.br\/marketing\/2023\/08\/29\/cpi-das-piramides-financeiras-ouve-os-empreendedores-da-123-milhas-nesta-terca-feira-29-08\/#article","isPartOf":{"@id":"https:\/\/www.cidademarketing.com.br\/marketing\/2023\/08\/29\/cpi-das-piramides-financeiras-ouve-os-empreendedores-da-123-milhas-nesta-terca-feira-29-08\/"},"author":{"name":"Thales Brand\u00e3o","@id":"https:\/\/www.cidademarketing.com.br\/marketing\/#\/schema\/person\/02daff9f18bd9378c9e01eb6b2db155f"},"headline":"CPI das Pir\u00e2mides Financeiras ouve os empreendedores da 123 Milhas nesta ter\u00e7a-feira, 29\/08","datePublished":"2023-08-29T11:51:12+00:00","mainEntityOfPage":{"@id":"https:\/\/www.cidademarketing.com.br\/marketing\/2023\/08\/29\/cpi-das-piramides-financeiras-ouve-os-empreendedores-da-123-milhas-nesta-terca-feira-29-08\/"},"wordCount":231,"commentCount":0,"publisher":{"@id":"https:\/\/www.cidademarketing.com.br\/marketing\/#organization"},"image":{"@id":"https:\/\/www.cidademarketing.com.br\/marketing\/2023\/08\/29\/cpi-das-piramides-financeiras-ouve-os-empreendedores-da-123-milhas-nesta-terca-feira-29-08\/#primaryimage"},"thumbnailUrl":"https:\/\/www.cidademarketing.com.br\/marketing\/wp-content\/uploads\/2023\/08\/123milhas_marca.png","keywords":["123milhas","consumidor","CPI","e-commerce","estrat\u00e9gia","marketing","pir\u00e2mide","turismo"],"articleSection":["Consumidor","Not\u00edcias"],"inLanguage":"pt-BR","potentialAction":[{"@type":"CommentAction","name":"Comment","target":["https:\/\/www.cidademarketing.com.br\/marketing\/2023\/08\/29\/cpi-das-piramides-financeiras-ouve-os-empreendedores-da-123-milhas-nesta-terca-feira-29-08\/#respond"]}]},{"@type":"WebPage","@id":"https:\/\/www.cidademarketing.com.br\/marketing\/2023\/08\/29\/cpi-das-piramides-financeiras-ouve-os-empreendedores-da-123-milhas-nesta-terca-feira-29-08\/","url":"https:\/\/www.cidademarketing.com.br\/marketing\/2023\/08\/29\/cpi-das-piramides-financeiras-ouve-os-empreendedores-da-123-milhas-nesta-terca-feira-29-08\/","name":"CPI das Pir\u00e2mides Financeiras ouve os empreendedores da 123 Milhas nesta ter\u00e7a-feira, 29\/08 - CidadeMarketing","isPartOf":{"@id":"https:\/\/www.cidademarketing.com.br\/marketing\/#website"},"primaryImageOfPage":{"@id":"https:\/\/www.cidademarketing.com.br\/marketing\/2023\/08\/29\/cpi-das-piramides-financeiras-ouve-os-empreendedores-da-123-milhas-nesta-terca-feira-29-08\/#primaryimage"},"image":{"@id":"https:\/\/www.cidademarketing.com.br\/marketing\/2023\/08\/29\/cpi-das-piramides-financeiras-ouve-os-empreendedores-da-123-milhas-nesta-terca-feira-29-08\/#primaryimage"},"thumbnailUrl":"https:\/\/www.cidademarketing.com.br\/marketing\/wp-content\/uploads\/2023\/08\/123milhas_marca.png","datePublished":"2023-08-29T11:51:12+00:00","breadcrumb":{"@id":"https:\/\/www.cidademarketing.com.br\/marketing\/2023\/08\/29\/cpi-das-piramides-financeiras-ouve-os-empreendedores-da-123-milhas-nesta-terca-feira-29-08\/#breadcrumb"},"inLanguage":"pt-BR","potentialAction":[{"@type":"ReadAction","target":["https:\/\/www.cidademarketing.com.br\/marketing\/2023\/08\/29\/cpi-das-piramides-financeiras-ouve-os-empreendedores-da-123-milhas-nesta-terca-feira-29-08\/"]}]},{"@type":"ImageObject","inLanguage":"pt-BR","@id":"https:\/\/www.cidademarketing.com.br\/marketing\/2023\/08\/29\/cpi-das-piramides-financeiras-ouve-os-empreendedores-da-123-milhas-nesta-terca-feira-29-08\/#primaryimage","url":"https:\/\/www.cidademarketing.com.br\/marketing\/wp-content\/uploads\/2023\/08\/123milhas_marca.png","contentUrl":"https:\/\/www.cidademarketing.com.br\/marketing\/wp-content\/uploads\/2023\/08\/123milhas_marca.png","width":2048,"height":2048},{"@type":"BreadcrumbList","@id":"https:\/\/www.cidademarketing.com.br\/marketing\/2023\/08\/29\/cpi-das-piramides-financeiras-ouve-os-empreendedores-da-123-milhas-nesta-terca-feira-29-08\/#breadcrumb","itemListElement":[{"@type":"ListItem","position":1,"name":"In\u00edcio","item":"https:\/\/www.cidademarketing.com.br\/marketing\/"},{"@type":"ListItem","position":2,"name":"CPI das Pir\u00e2mides Financeiras ouve os empreendedores da 123 Milhas nesta ter\u00e7a-feira, 29\/08"}]},{"@type":"WebSite","@id":"https:\/\/www.cidademarketing.com.br\/marketing\/#website","url":"https:\/\/www.cidademarketing.com.br\/marketing\/","name":"CidadeMarketing","description":"Somos um ve\u00edculo de comunica\u00e7\u00e3o de destaque no Brasil, reconhecido por conte\u00fados nos segmentos de marketing, empreendedorismo e inova\u00e7\u00e3o.","publisher":{"@id":"https:\/\/www.cidademarketing.com.br\/marketing\/#organization"},"alternateName":"CidadeMarketing","potentialAction":[{"@type":"SearchAction","target":{"@type":"EntryPoint","urlTemplate":"https:\/\/www.cidademarketing.com.br\/marketing\/?s={search_term_string}"},"query-input":{"@type":"PropertyValueSpecification","valueRequired":true,"valueName":"search_term_string"}}],"inLanguage":"pt-BR"},{"@type":"Organization","@id":"https:\/\/www.cidademarketing.com.br\/marketing\/#organization","name":"CidadeMarketing","alternateName":"CidadeMarketing","url":"https:\/\/www.cidademarketing.com.br\/marketing\/","logo":{"@type":"ImageObject","inLanguage":"pt-BR","@id":"https:\/\/www.cidademarketing.com.br\/marketing\/#\/schema\/logo\/image\/","url":"https:\/\/www.cidademarketing.com.br\/marketing\/wp-content\/uploads\/2020\/01\/cidademarketing_marca_mobile.png","contentUrl":"https:\/\/www.cidademarketing.com.br\/marketing\/wp-content\/uploads\/2020\/01\/cidademarketing_marca_mobile.png","width":230,"height":92,"caption":"CidadeMarketing"},"image":{"@id":"https:\/\/www.cidademarketing.com.br\/marketing\/#\/schema\/logo\/image\/"},"sameAs":["https:\/\/www.facebook.com\/portalcidademarketing","https:\/\/x.com\/CidadeMarketing","https:\/\/www.instagram.com\/cidademarketing\/"]},{"@type":"Person","@id":"https:\/\/www.cidademarketing.com.br\/marketing\/#\/schema\/person\/02daff9f18bd9378c9e01eb6b2db155f","name":"Thales Brand\u00e3o","image":{"@type":"ImageObject","inLanguage":"pt-BR","@id":"https:\/\/secure.gravatar.com\/avatar\/7ca3206950207cc3cb48feec56a8a7898741ab725c368d99d5d7a5a50aab80c6?s=96&d=mm&r=g","url":"https:\/\/secure.gravatar.com\/avatar\/7ca3206950207cc3cb48feec56a8a7898741ab725c368d99d5d7a5a50aab80c6?s=96&d=mm&r=g","contentUrl":"https:\/\/secure.gravatar.com\/avatar\/7ca3206950207cc3cb48feec56a8a7898741ab725c368d99d5d7a5a50aab80c6?s=96&d=mm&r=g","caption":"Thales Brand\u00e3o"},"description":"Editor Executivo do Portal CidadeMarketing.com.br &gt; Mestre em Comunica\u00e7\u00e3o e Sociedade pela Universidade Federal de Sergipe. Possui MBA Executivo em Administra\u00e7\u00e3o com \u00eanfase em Marketing pela Funda\u00e7\u00e3o Get\u00falio Vargas - Rio de Janeiro. Consultor, Palestrante e Pesquisador sobre Empreendedorismo, Marketing, Redes Sociais e Neg\u00f3cios Digitais. Professor, Palestrante TedxTalks e Campus Party. Twitter: @ThalesBrandao","sameAs":["http:\/\/www.mandacaru.com.br","https:\/\/www.facebook.com\/thalesbrandao","http:\/\/www.instagram.com.br\/thalesbrandaoferreira","https:\/\/www.linkedin.com\/in\/thales-brand\u00e3o-3948609\/","https:\/\/x.com\/http:\/\/www.twitter.com\/thalesbrandao"],"url":"https:\/\/www.cidademarketing.com.br\/marketing\/author\/thalesbrandao\/"}]}},"amp_enabled":true,"_links":{"self":[{"href":"https:\/\/www.cidademarketing.com.br\/marketing\/wp-json\/wp\/v2\/posts\/47033","targetHints":{"allow":["GET"]}}],"collection":[{"href":"https:\/\/www.cidademarketing.com.br\/marketing\/wp-json\/wp\/v2\/posts"}],"about":[{"href":"https:\/\/www.cidademarketing.com.br\/marketing\/wp-json\/wp\/v2\/types\/post"}],"author":[{"embeddable":true,"href":"https:\/\/www.cidademarketing.com.br\/marketing\/wp-json\/wp\/v2\/users\/1"}],"replies":[{"embeddable":true,"href":"https:\/\/www.cidademarketing.com.br\/marketing\/wp-json\/wp\/v2\/comments?post=47033"}],"version-history":[{"count":1,"href":"https:\/\/www.cidademarketing.com.br\/marketing\/wp-json\/wp\/v2\/posts\/47033\/revisions"}],"predecessor-version":[{"id":47035,"href":"https:\/\/www.cidademarketing.com.br\/marketing\/wp-json\/wp\/v2\/posts\/47033\/revisions\/47035"}],"wp:featuredmedia":[{"embeddable":true,"href":"https:\/\/www.cidademarketing.com.br\/marketing\/wp-json\/wp\/v2\/media\/46765"}],"wp:attachment":[{"href":"https:\/\/www.cidademarketing.com.br\/marketing\/wp-json\/wp\/v2\/media?parent=47033"}],"wp:term":[{"taxonomy":"category","embeddable":true,"href":"https:\/\/www.cidademarketing.com.br\/marketing\/wp-json\/wp\/v2\/categories?post=47033"},{"taxonomy":"post_tag","embeddable":true,"href":"https:\/\/www.cidademarketing.com.br\/marketing\/wp-json\/wp\/v2\/tags?post=47033"}],"curies":[{"name":"wp","href":"https:\/\/api.w.org\/{rel}","templated":true}]}}