{"id":46992,"date":"2023-08-27T13:38:27","date_gmt":"2023-08-27T16:38:27","guid":{"rendered":"https:\/\/www.cidademarketing.com.br\/marketing\/?p=46992"},"modified":"2023-08-27T13:38:27","modified_gmt":"2023-08-27T16:38:27","slug":"tim-abre-inscricoes-para-120-vagas-de-estagio-priorizando-competencias-digitais","status":"publish","type":"post","link":"https:\/\/www.cidademarketing.com.br\/marketing\/2023\/08\/27\/tim-abre-inscricoes-para-120-vagas-de-estagio-priorizando-competencias-digitais\/","title":{"rendered":"TIM abre inscri\u00e7\u00f5es para 120 vagas de est\u00e1gio priorizando compet\u00eancias digitais"},"content":{"rendered":"<p>Atrair e capacitar talentos para os primeiros passos na carreira e impulsionar ainda mais o desenvolvimento de compet\u00eancias digitais e a inova\u00e7\u00e3o conectada na companhia. Esse \u00e9 o mote do Programa de Est\u00e1gio 2023 da TIM \u2013 chamado de \u201cSuper Estags\u201d \u2013 que est\u00e1 com 120 vagas abertas at\u00e9 setembro. A operadora busca, principalmente, estudantes que tenham paix\u00e3o por tecnologia, al\u00e9m de atitude protagonista, gosto por desafios e aprendizado, perfil colaborativo e mentalidade \u00e1gil.<\/p>\n<p><a href=\"https:\/\/www.cidademarketing.com.br\/marketing\/sua-marca-vai-virar-noticia\/\" target=\"_blank\" rel=\"noopener\"><img fetchpriority=\"high\" decoding=\"async\" class=\"wp-image-44329 aligncenter\" src=\"https:\/\/www.cidademarketing.com.br\/marketing\/wp-content\/uploads\/2023\/04\/cidademarketing_backlinks_marketingdigital_publieditorial_.png\" alt=\"\" width=\"500\" height=\"500\" \/><\/a><br \/>\nO programa foi reformulado em 2020, quando refor\u00e7ou a premissa de valoriza\u00e7\u00e3o da diversidade para criar um ambiente de trabalho ainda mais inclusivo e inovador, flexibilizando os crit\u00e9rios de elegibilidade como por exemplo restri\u00e7\u00e3o de idade, curso, institui\u00e7\u00e3o de ensino, conhecimento do idioma Ingl\u00eas.<\/p>\n<p>Essas mudan\u00e7as j\u00e1 est\u00e3o refletidas no perfil do atual grupo de estagi\u00e1rios e estagi\u00e1rias da TIM: 57% se autodeclaram pessoas pretas ou pardas e 60% s\u00e3o mulheres. Tamb\u00e9m se tornou mais comum a contrata\u00e7\u00e3o de estudantes acima dos 30 anos. Maria Antonietta Russo, VP de Pessoas, Cultura e Organiza\u00e7\u00e3o da TIM, destaca os compromissos deste programa de contribuir com a constru\u00e7\u00e3o do profissional do futuro: \u201co percurso \u00e9 pensado para gerar empregabilidade e apoiar a evolu\u00e7\u00e3o de carreira dos estagi\u00e1rios, com foco nas compet\u00eancias digitais e as profiss\u00f5es do futuro, assim como uma oportunidade de desenvolvimento para a nossa cultura organizacional, que atrav\u00e9s de diferentes perfis, hist\u00f3rias e formas de pensar fortalece um ambiente inclusivo, criativo e inovador\u201d.<\/p>\n<p>As vagas, inicialmente, est\u00e3o distribu\u00eddas entre a sede da empresa, no Rio de Janeiro, e os escrit\u00f3rios regionais em S\u00e3o Paulo, Recife, Bras\u00edlia, Bel\u00e9m do Par\u00e1, Belo Horizonte e Curitiba. O modelo de trabalho na TIM \u00e9 h\u00edbrido, com presen\u00e7a no escrit\u00f3rio por at\u00e9 tr\u00eas dias na semana. Para maximizar as oportunidades de aprendizagem dos estagi\u00e1rios \u00e9 prevista a flexibiliza\u00e7\u00e3o de at\u00e9 quatro dias presenciais, com acompanhamento de tutor, e uma jornada de aprendizagem customizada para o desenvolvimento de compet\u00eancias espec\u00edficas das \u00e1reas de atua\u00e7\u00e3o, habilidades digitais e comportamentais. Para completar a experi\u00eancia os estagi\u00e1rios participar\u00e3o de projetos multidisciplinares, sess\u00f5es de mentoria e trocas constantes entre estagi\u00e1rios e demais profissionais para networking.<\/p>\n<p>As bolsas t\u00eam valores entre R$ 1.530 e R$ 1.700 e as pessoas selecionadas contar\u00e3o ainda com benef\u00edcios como vale transporte, vale alimenta\u00e7\u00e3o, seguro de vida, assist\u00eancia m\u00e9dica e odontol\u00f3gica, smartphone com pacote de voz e dados, curso de Ingl\u00eas online, aux\u00edlio-creche e folga no dia do anivers\u00e1rio, dentre outros.<\/p>\n<p><iframe title=\"Spotify Embed: Podcast CidadeMarketing\" style=\"border-radius: 12px\" width=\"100%\" height=\"152\" frameborder=\"0\" allowfullscreen allow=\"autoplay; clipboard-write; encrypted-media; fullscreen; picture-in-picture\" loading=\"lazy\" src=\"https:\/\/open.spotify.com\/embed\/show\/4khMKzP3FgFRWVwb73xicc?si=252fe5bff2b34909&#038;utm_source=oembed\"><\/iframe><\/p>\n<p>&nbsp;<\/p>\n<p>&nbsp;<\/p>\n<p>O processo de din\u00e2micas e entrevistas ser\u00e1 100% online e \u201cgamificado\u201d, com o intuito de proporcionar uma experiencia mais imersiva e interativa tanto para as pessoas inscritas quanto para aquelas que far\u00e3o a sele\u00e7\u00e3o. Em uma plataforma virtual customizada, os estudantes ter\u00e3o acesso a rodadas de desafios em grupo, onde as decis\u00f5es s\u00e3o tomadas em conjunto. As inscri\u00e7\u00f5es podem ser feitas no site https:\/\/tim.academiadouniversitario.com.br\/ at\u00e9 o dia 30\/09\/2023.<\/p>\n","protected":false},"excerpt":{"rendered":"<p>Atrair e capacitar talentos para os primeiros passos na carreira e impulsionar ainda mais o desenvolvimento de compet\u00eancias digitais e a inova\u00e7\u00e3o conectada na companhia. Esse \u00e9 o mote do Programa de Est\u00e1gio 2023 da TIM \u2013 chamado de \u201cSuper Estags\u201d \u2013 que est\u00e1 com 120 vagas abertas at\u00e9 setembro. A operadora busca, principalmente, estudantes [&hellip;]<\/p>\n","protected":false},"author":1,"featured_media":26186,"comment_status":"open","ping_status":"open","sticky":false,"template":"","format":"standard","meta":{"tdm_status":"","tdm_grid_status":"","footnotes":""},"categories":[6],"tags":[251,595,1562,805,28,26,683],"class_list":["post-46992","post","type-post","status-publish","format-standard","has-post-thumbnail","hentry","category-noticias","tag-carreira","tag-empregabilidade","tag-estagio","tag-experiencia","tag-marketing","tag-marketing-digital","tag-tim"],"yoast_head":"<!-- This site is optimized with the Yoast SEO plugin v27.5 - https:\/\/yoast.com\/product\/yoast-seo-wordpress\/ -->\n<title>TIM abre inscri\u00e7\u00f5es para 120 vagas de est\u00e1gio priorizando compet\u00eancias digitais - CidadeMarketing<\/title>\n<meta name=\"robots\" content=\"index, follow, max-snippet:-1, max-image-preview:large, max-video-preview:-1\" \/>\n<link rel=\"canonical\" href=\"https:\/\/www.cidademarketing.com.br\/marketing\/2023\/08\/27\/tim-abre-inscricoes-para-120-vagas-de-estagio-priorizando-competencias-digitais\/\" \/>\n<meta property=\"og:locale\" content=\"pt_BR\" \/>\n<meta property=\"og:type\" content=\"article\" \/>\n<meta property=\"og:title\" content=\"TIM abre inscri\u00e7\u00f5es para 120 vagas de est\u00e1gio priorizando compet\u00eancias digitais - CidadeMarketing\" \/>\n<meta property=\"og:description\" content=\"Atrair e capacitar talentos para os primeiros passos na carreira e impulsionar ainda mais o desenvolvimento de compet\u00eancias digitais e a inova\u00e7\u00e3o conectada na companhia. Esse \u00e9 o mote do Programa de Est\u00e1gio 2023 da TIM \u2013 chamado de \u201cSuper Estags\u201d \u2013 que est\u00e1 com 120 vagas abertas at\u00e9 setembro. A operadora busca, principalmente, estudantes [&hellip;]\" \/>\n<meta property=\"og:url\" content=\"https:\/\/www.cidademarketing.com.br\/marketing\/2023\/08\/27\/tim-abre-inscricoes-para-120-vagas-de-estagio-priorizando-competencias-digitais\/\" \/>\n<meta property=\"og:site_name\" content=\"CidadeMarketing\" \/>\n<meta property=\"article:publisher\" content=\"https:\/\/www.facebook.com\/portalcidademarketing\" \/>\n<meta property=\"article:author\" content=\"https:\/\/www.facebook.com\/thalesbrandao\" \/>\n<meta property=\"article:published_time\" content=\"2023-08-27T16:38:27+00:00\" \/>\n<meta property=\"og:image\" content=\"https:\/\/www.cidademarketing.com.br\/marketing\/wp-content\/uploads\/2021\/07\/marca_tim_.png\" \/>\n\t<meta property=\"og:image:width\" content=\"600\" \/>\n\t<meta property=\"og:image:height\" content=\"600\" \/>\n\t<meta property=\"og:image:type\" content=\"image\/png\" \/>\n<meta name=\"author\" content=\"Thales Brand\u00e3o\" \/>\n<meta name=\"twitter:card\" content=\"summary_large_image\" \/>\n<meta name=\"twitter:creator\" content=\"@http:\/\/www.twitter.com\/thalesbrandao\" \/>\n<meta name=\"twitter:site\" content=\"@CidadeMarketing\" \/>\n<meta name=\"twitter:label1\" content=\"Escrito por\" \/>\n\t<meta name=\"twitter:data1\" content=\"Thales Brand\u00e3o\" \/>\n\t<meta name=\"twitter:label2\" content=\"Est. tempo de leitura\" \/>\n\t<meta name=\"twitter:data2\" content=\"3 minutos\" \/>\n<script type=\"application\/ld+json\" class=\"yoast-schema-graph\">{\"@context\":\"https:\\\/\\\/schema.org\",\"@graph\":[{\"@type\":\"Article\",\"@id\":\"https:\\\/\\\/www.cidademarketing.com.br\\\/marketing\\\/2023\\\/08\\\/27\\\/tim-abre-inscricoes-para-120-vagas-de-estagio-priorizando-competencias-digitais\\\/#article\",\"isPartOf\":{\"@id\":\"https:\\\/\\\/www.cidademarketing.com.br\\\/marketing\\\/2023\\\/08\\\/27\\\/tim-abre-inscricoes-para-120-vagas-de-estagio-priorizando-competencias-digitais\\\/\"},\"author\":{\"name\":\"Thales Brand\u00e3o\",\"@id\":\"https:\\\/\\\/www.cidademarketing.com.br\\\/marketing\\\/#\\\/schema\\\/person\\\/02daff9f18bd9378c9e01eb6b2db155f\"},\"headline\":\"TIM abre inscri\u00e7\u00f5es para 120 vagas de est\u00e1gio priorizando compet\u00eancias digitais\",\"datePublished\":\"2023-08-27T16:38:27+00:00\",\"mainEntityOfPage\":{\"@id\":\"https:\\\/\\\/www.cidademarketing.com.br\\\/marketing\\\/2023\\\/08\\\/27\\\/tim-abre-inscricoes-para-120-vagas-de-estagio-priorizando-competencias-digitais\\\/\"},\"wordCount\":546,\"commentCount\":0,\"publisher\":{\"@id\":\"https:\\\/\\\/www.cidademarketing.com.br\\\/marketing\\\/#organization\"},\"image\":{\"@id\":\"https:\\\/\\\/www.cidademarketing.com.br\\\/marketing\\\/2023\\\/08\\\/27\\\/tim-abre-inscricoes-para-120-vagas-de-estagio-priorizando-competencias-digitais\\\/#primaryimage\"},\"thumbnailUrl\":\"https:\\\/\\\/www.cidademarketing.com.br\\\/marketing\\\/wp-content\\\/uploads\\\/2021\\\/07\\\/marca_tim_.png\",\"keywords\":[\"carreira\",\"empregabilidade\",\"est\u00e1gio\",\"experi\u00eancia\",\"marketing\",\"marketing digital\",\"Tim\"],\"articleSection\":[\"Not\u00edcias\"],\"inLanguage\":\"pt-BR\",\"potentialAction\":[{\"@type\":\"CommentAction\",\"name\":\"Comment\",\"target\":[\"https:\\\/\\\/www.cidademarketing.com.br\\\/marketing\\\/2023\\\/08\\\/27\\\/tim-abre-inscricoes-para-120-vagas-de-estagio-priorizando-competencias-digitais\\\/#respond\"]}]},{\"@type\":\"WebPage\",\"@id\":\"https:\\\/\\\/www.cidademarketing.com.br\\\/marketing\\\/2023\\\/08\\\/27\\\/tim-abre-inscricoes-para-120-vagas-de-estagio-priorizando-competencias-digitais\\\/\",\"url\":\"https:\\\/\\\/www.cidademarketing.com.br\\\/marketing\\\/2023\\\/08\\\/27\\\/tim-abre-inscricoes-para-120-vagas-de-estagio-priorizando-competencias-digitais\\\/\",\"name\":\"TIM abre inscri\u00e7\u00f5es para 120 vagas de est\u00e1gio priorizando compet\u00eancias digitais - CidadeMarketing\",\"isPartOf\":{\"@id\":\"https:\\\/\\\/www.cidademarketing.com.br\\\/marketing\\\/#website\"},\"primaryImageOfPage\":{\"@id\":\"https:\\\/\\\/www.cidademarketing.com.br\\\/marketing\\\/2023\\\/08\\\/27\\\/tim-abre-inscricoes-para-120-vagas-de-estagio-priorizando-competencias-digitais\\\/#primaryimage\"},\"image\":{\"@id\":\"https:\\\/\\\/www.cidademarketing.com.br\\\/marketing\\\/2023\\\/08\\\/27\\\/tim-abre-inscricoes-para-120-vagas-de-estagio-priorizando-competencias-digitais\\\/#primaryimage\"},\"thumbnailUrl\":\"https:\\\/\\\/www.cidademarketing.com.br\\\/marketing\\\/wp-content\\\/uploads\\\/2021\\\/07\\\/marca_tim_.png\",\"datePublished\":\"2023-08-27T16:38:27+00:00\",\"breadcrumb\":{\"@id\":\"https:\\\/\\\/www.cidademarketing.com.br\\\/marketing\\\/2023\\\/08\\\/27\\\/tim-abre-inscricoes-para-120-vagas-de-estagio-priorizando-competencias-digitais\\\/#breadcrumb\"},\"inLanguage\":\"pt-BR\",\"potentialAction\":[{\"@type\":\"ReadAction\",\"target\":[\"https:\\\/\\\/www.cidademarketing.com.br\\\/marketing\\\/2023\\\/08\\\/27\\\/tim-abre-inscricoes-para-120-vagas-de-estagio-priorizando-competencias-digitais\\\/\"]}]},{\"@type\":\"ImageObject\",\"inLanguage\":\"pt-BR\",\"@id\":\"https:\\\/\\\/www.cidademarketing.com.br\\\/marketing\\\/2023\\\/08\\\/27\\\/tim-abre-inscricoes-para-120-vagas-de-estagio-priorizando-competencias-digitais\\\/#primaryimage\",\"url\":\"https:\\\/\\\/www.cidademarketing.com.br\\\/marketing\\\/wp-content\\\/uploads\\\/2021\\\/07\\\/marca_tim_.png\",\"contentUrl\":\"https:\\\/\\\/www.cidademarketing.com.br\\\/marketing\\\/wp-content\\\/uploads\\\/2021\\\/07\\\/marca_tim_.png\",\"width\":600,\"height\":600},{\"@type\":\"BreadcrumbList\",\"@id\":\"https:\\\/\\\/www.cidademarketing.com.br\\\/marketing\\\/2023\\\/08\\\/27\\\/tim-abre-inscricoes-para-120-vagas-de-estagio-priorizando-competencias-digitais\\\/#breadcrumb\",\"itemListElement\":[{\"@type\":\"ListItem\",\"position\":1,\"name\":\"In\u00edcio\",\"item\":\"https:\\\/\\\/www.cidademarketing.com.br\\\/marketing\\\/\"},{\"@type\":\"ListItem\",\"position\":2,\"name\":\"TIM abre inscri\u00e7\u00f5es para 120 vagas de est\u00e1gio priorizando compet\u00eancias digitais\"}]},{\"@type\":\"WebSite\",\"@id\":\"https:\\\/\\\/www.cidademarketing.com.br\\\/marketing\\\/#website\",\"url\":\"https:\\\/\\\/www.cidademarketing.com.br\\\/marketing\\\/\",\"name\":\"CidadeMarketing\",\"description\":\"Somos um ve\u00edculo de comunica\u00e7\u00e3o de destaque no Brasil, reconhecido por conte\u00fados nos segmentos de marketing, empreendedorismo e inova\u00e7\u00e3o.\",\"publisher\":{\"@id\":\"https:\\\/\\\/www.cidademarketing.com.br\\\/marketing\\\/#organization\"},\"alternateName\":\"CidadeMarketing\",\"potentialAction\":[{\"@type\":\"SearchAction\",\"target\":{\"@type\":\"EntryPoint\",\"urlTemplate\":\"https:\\\/\\\/www.cidademarketing.com.br\\\/marketing\\\/?s={search_term_string}\"},\"query-input\":{\"@type\":\"PropertyValueSpecification\",\"valueRequired\":true,\"valueName\":\"search_term_string\"}}],\"inLanguage\":\"pt-BR\"},{\"@type\":\"Organization\",\"@id\":\"https:\\\/\\\/www.cidademarketing.com.br\\\/marketing\\\/#organization\",\"name\":\"CidadeMarketing\",\"alternateName\":\"CidadeMarketing\",\"url\":\"https:\\\/\\\/www.cidademarketing.com.br\\\/marketing\\\/\",\"logo\":{\"@type\":\"ImageObject\",\"inLanguage\":\"pt-BR\",\"@id\":\"https:\\\/\\\/www.cidademarketing.com.br\\\/marketing\\\/#\\\/schema\\\/logo\\\/image\\\/\",\"url\":\"https:\\\/\\\/www.cidademarketing.com.br\\\/marketing\\\/wp-content\\\/uploads\\\/2020\\\/01\\\/cidademarketing_marca_mobile.png\",\"contentUrl\":\"https:\\\/\\\/www.cidademarketing.com.br\\\/marketing\\\/wp-content\\\/uploads\\\/2020\\\/01\\\/cidademarketing_marca_mobile.png\",\"width\":230,\"height\":92,\"caption\":\"CidadeMarketing\"},\"image\":{\"@id\":\"https:\\\/\\\/www.cidademarketing.com.br\\\/marketing\\\/#\\\/schema\\\/logo\\\/image\\\/\"},\"sameAs\":[\"https:\\\/\\\/www.facebook.com\\\/portalcidademarketing\",\"https:\\\/\\\/x.com\\\/CidadeMarketing\",\"https:\\\/\\\/www.instagram.com\\\/cidademarketing\\\/\"]},{\"@type\":\"Person\",\"@id\":\"https:\\\/\\\/www.cidademarketing.com.br\\\/marketing\\\/#\\\/schema\\\/person\\\/02daff9f18bd9378c9e01eb6b2db155f\",\"name\":\"Thales Brand\u00e3o\",\"image\":{\"@type\":\"ImageObject\",\"inLanguage\":\"pt-BR\",\"@id\":\"https:\\\/\\\/secure.gravatar.com\\\/avatar\\\/7ca3206950207cc3cb48feec56a8a7898741ab725c368d99d5d7a5a50aab80c6?s=96&d=mm&r=g\",\"url\":\"https:\\\/\\\/secure.gravatar.com\\\/avatar\\\/7ca3206950207cc3cb48feec56a8a7898741ab725c368d99d5d7a5a50aab80c6?s=96&d=mm&r=g\",\"contentUrl\":\"https:\\\/\\\/secure.gravatar.com\\\/avatar\\\/7ca3206950207cc3cb48feec56a8a7898741ab725c368d99d5d7a5a50aab80c6?s=96&d=mm&r=g\",\"caption\":\"Thales Brand\u00e3o\"},\"description\":\"Editor Executivo do Portal CidadeMarketing.com.br &gt; Mestre em Comunica\u00e7\u00e3o e Sociedade pela Universidade Federal de Sergipe. Possui MBA Executivo em Administra\u00e7\u00e3o com \u00eanfase em Marketing pela Funda\u00e7\u00e3o Get\u00falio Vargas - Rio de Janeiro. Consultor, Palestrante e Pesquisador sobre Empreendedorismo, Marketing, Redes Sociais e Neg\u00f3cios Digitais. Professor, Palestrante TedxTalks e Campus Party. Twitter: @ThalesBrandao\",\"sameAs\":[\"http:\\\/\\\/www.mandacaru.com.br\",\"https:\\\/\\\/www.facebook.com\\\/thalesbrandao\",\"http:\\\/\\\/www.instagram.com.br\\\/thalesbrandaoferreira\",\"https:\\\/\\\/www.linkedin.com\\\/in\\\/thales-brand\u00e3o-3948609\\\/\",\"https:\\\/\\\/x.com\\\/http:\\\/\\\/www.twitter.com\\\/thalesbrandao\"],\"url\":\"https:\\\/\\\/www.cidademarketing.com.br\\\/marketing\\\/author\\\/thalesbrandao\\\/\"}]}<\/script>\n<!-- \/ Yoast SEO plugin. -->","yoast_head_json":{"title":"TIM abre inscri\u00e7\u00f5es para 120 vagas de est\u00e1gio priorizando compet\u00eancias digitais - CidadeMarketing","robots":{"index":"index","follow":"follow","max-snippet":"max-snippet:-1","max-image-preview":"max-image-preview:large","max-video-preview":"max-video-preview:-1"},"canonical":"https:\/\/www.cidademarketing.com.br\/marketing\/2023\/08\/27\/tim-abre-inscricoes-para-120-vagas-de-estagio-priorizando-competencias-digitais\/","og_locale":"pt_BR","og_type":"article","og_title":"TIM abre inscri\u00e7\u00f5es para 120 vagas de est\u00e1gio priorizando compet\u00eancias digitais - CidadeMarketing","og_description":"Atrair e capacitar talentos para os primeiros passos na carreira e impulsionar ainda mais o desenvolvimento de compet\u00eancias digitais e a inova\u00e7\u00e3o conectada na companhia. Esse \u00e9 o mote do Programa de Est\u00e1gio 2023 da TIM \u2013 chamado de \u201cSuper Estags\u201d \u2013 que est\u00e1 com 120 vagas abertas at\u00e9 setembro. A operadora busca, principalmente, estudantes [&hellip;]","og_url":"https:\/\/www.cidademarketing.com.br\/marketing\/2023\/08\/27\/tim-abre-inscricoes-para-120-vagas-de-estagio-priorizando-competencias-digitais\/","og_site_name":"CidadeMarketing","article_publisher":"https:\/\/www.facebook.com\/portalcidademarketing","article_author":"https:\/\/www.facebook.com\/thalesbrandao","article_published_time":"2023-08-27T16:38:27+00:00","og_image":[{"width":600,"height":600,"url":"https:\/\/www.cidademarketing.com.br\/marketing\/wp-content\/uploads\/2021\/07\/marca_tim_.png","type":"image\/png"}],"author":"Thales Brand\u00e3o","twitter_card":"summary_large_image","twitter_creator":"@http:\/\/www.twitter.com\/thalesbrandao","twitter_site":"@CidadeMarketing","twitter_misc":{"Escrito por":"Thales Brand\u00e3o","Est. tempo de leitura":"3 minutos"},"schema":{"@context":"https:\/\/schema.org","@graph":[{"@type":"Article","@id":"https:\/\/www.cidademarketing.com.br\/marketing\/2023\/08\/27\/tim-abre-inscricoes-para-120-vagas-de-estagio-priorizando-competencias-digitais\/#article","isPartOf":{"@id":"https:\/\/www.cidademarketing.com.br\/marketing\/2023\/08\/27\/tim-abre-inscricoes-para-120-vagas-de-estagio-priorizando-competencias-digitais\/"},"author":{"name":"Thales Brand\u00e3o","@id":"https:\/\/www.cidademarketing.com.br\/marketing\/#\/schema\/person\/02daff9f18bd9378c9e01eb6b2db155f"},"headline":"TIM abre inscri\u00e7\u00f5es para 120 vagas de est\u00e1gio priorizando compet\u00eancias digitais","datePublished":"2023-08-27T16:38:27+00:00","mainEntityOfPage":{"@id":"https:\/\/www.cidademarketing.com.br\/marketing\/2023\/08\/27\/tim-abre-inscricoes-para-120-vagas-de-estagio-priorizando-competencias-digitais\/"},"wordCount":546,"commentCount":0,"publisher":{"@id":"https:\/\/www.cidademarketing.com.br\/marketing\/#organization"},"image":{"@id":"https:\/\/www.cidademarketing.com.br\/marketing\/2023\/08\/27\/tim-abre-inscricoes-para-120-vagas-de-estagio-priorizando-competencias-digitais\/#primaryimage"},"thumbnailUrl":"https:\/\/www.cidademarketing.com.br\/marketing\/wp-content\/uploads\/2021\/07\/marca_tim_.png","keywords":["carreira","empregabilidade","est\u00e1gio","experi\u00eancia","marketing","marketing digital","Tim"],"articleSection":["Not\u00edcias"],"inLanguage":"pt-BR","potentialAction":[{"@type":"CommentAction","name":"Comment","target":["https:\/\/www.cidademarketing.com.br\/marketing\/2023\/08\/27\/tim-abre-inscricoes-para-120-vagas-de-estagio-priorizando-competencias-digitais\/#respond"]}]},{"@type":"WebPage","@id":"https:\/\/www.cidademarketing.com.br\/marketing\/2023\/08\/27\/tim-abre-inscricoes-para-120-vagas-de-estagio-priorizando-competencias-digitais\/","url":"https:\/\/www.cidademarketing.com.br\/marketing\/2023\/08\/27\/tim-abre-inscricoes-para-120-vagas-de-estagio-priorizando-competencias-digitais\/","name":"TIM abre inscri\u00e7\u00f5es para 120 vagas de est\u00e1gio priorizando compet\u00eancias digitais - CidadeMarketing","isPartOf":{"@id":"https:\/\/www.cidademarketing.com.br\/marketing\/#website"},"primaryImageOfPage":{"@id":"https:\/\/www.cidademarketing.com.br\/marketing\/2023\/08\/27\/tim-abre-inscricoes-para-120-vagas-de-estagio-priorizando-competencias-digitais\/#primaryimage"},"image":{"@id":"https:\/\/www.cidademarketing.com.br\/marketing\/2023\/08\/27\/tim-abre-inscricoes-para-120-vagas-de-estagio-priorizando-competencias-digitais\/#primaryimage"},"thumbnailUrl":"https:\/\/www.cidademarketing.com.br\/marketing\/wp-content\/uploads\/2021\/07\/marca_tim_.png","datePublished":"2023-08-27T16:38:27+00:00","breadcrumb":{"@id":"https:\/\/www.cidademarketing.com.br\/marketing\/2023\/08\/27\/tim-abre-inscricoes-para-120-vagas-de-estagio-priorizando-competencias-digitais\/#breadcrumb"},"inLanguage":"pt-BR","potentialAction":[{"@type":"ReadAction","target":["https:\/\/www.cidademarketing.com.br\/marketing\/2023\/08\/27\/tim-abre-inscricoes-para-120-vagas-de-estagio-priorizando-competencias-digitais\/"]}]},{"@type":"ImageObject","inLanguage":"pt-BR","@id":"https:\/\/www.cidademarketing.com.br\/marketing\/2023\/08\/27\/tim-abre-inscricoes-para-120-vagas-de-estagio-priorizando-competencias-digitais\/#primaryimage","url":"https:\/\/www.cidademarketing.com.br\/marketing\/wp-content\/uploads\/2021\/07\/marca_tim_.png","contentUrl":"https:\/\/www.cidademarketing.com.br\/marketing\/wp-content\/uploads\/2021\/07\/marca_tim_.png","width":600,"height":600},{"@type":"BreadcrumbList","@id":"https:\/\/www.cidademarketing.com.br\/marketing\/2023\/08\/27\/tim-abre-inscricoes-para-120-vagas-de-estagio-priorizando-competencias-digitais\/#breadcrumb","itemListElement":[{"@type":"ListItem","position":1,"name":"In\u00edcio","item":"https:\/\/www.cidademarketing.com.br\/marketing\/"},{"@type":"ListItem","position":2,"name":"TIM abre inscri\u00e7\u00f5es para 120 vagas de est\u00e1gio priorizando compet\u00eancias digitais"}]},{"@type":"WebSite","@id":"https:\/\/www.cidademarketing.com.br\/marketing\/#website","url":"https:\/\/www.cidademarketing.com.br\/marketing\/","name":"CidadeMarketing","description":"Somos um ve\u00edculo de comunica\u00e7\u00e3o de destaque no Brasil, reconhecido por conte\u00fados nos segmentos de marketing, empreendedorismo e inova\u00e7\u00e3o.","publisher":{"@id":"https:\/\/www.cidademarketing.com.br\/marketing\/#organization"},"alternateName":"CidadeMarketing","potentialAction":[{"@type":"SearchAction","target":{"@type":"EntryPoint","urlTemplate":"https:\/\/www.cidademarketing.com.br\/marketing\/?s={search_term_string}"},"query-input":{"@type":"PropertyValueSpecification","valueRequired":true,"valueName":"search_term_string"}}],"inLanguage":"pt-BR"},{"@type":"Organization","@id":"https:\/\/www.cidademarketing.com.br\/marketing\/#organization","name":"CidadeMarketing","alternateName":"CidadeMarketing","url":"https:\/\/www.cidademarketing.com.br\/marketing\/","logo":{"@type":"ImageObject","inLanguage":"pt-BR","@id":"https:\/\/www.cidademarketing.com.br\/marketing\/#\/schema\/logo\/image\/","url":"https:\/\/www.cidademarketing.com.br\/marketing\/wp-content\/uploads\/2020\/01\/cidademarketing_marca_mobile.png","contentUrl":"https:\/\/www.cidademarketing.com.br\/marketing\/wp-content\/uploads\/2020\/01\/cidademarketing_marca_mobile.png","width":230,"height":92,"caption":"CidadeMarketing"},"image":{"@id":"https:\/\/www.cidademarketing.com.br\/marketing\/#\/schema\/logo\/image\/"},"sameAs":["https:\/\/www.facebook.com\/portalcidademarketing","https:\/\/x.com\/CidadeMarketing","https:\/\/www.instagram.com\/cidademarketing\/"]},{"@type":"Person","@id":"https:\/\/www.cidademarketing.com.br\/marketing\/#\/schema\/person\/02daff9f18bd9378c9e01eb6b2db155f","name":"Thales Brand\u00e3o","image":{"@type":"ImageObject","inLanguage":"pt-BR","@id":"https:\/\/secure.gravatar.com\/avatar\/7ca3206950207cc3cb48feec56a8a7898741ab725c368d99d5d7a5a50aab80c6?s=96&d=mm&r=g","url":"https:\/\/secure.gravatar.com\/avatar\/7ca3206950207cc3cb48feec56a8a7898741ab725c368d99d5d7a5a50aab80c6?s=96&d=mm&r=g","contentUrl":"https:\/\/secure.gravatar.com\/avatar\/7ca3206950207cc3cb48feec56a8a7898741ab725c368d99d5d7a5a50aab80c6?s=96&d=mm&r=g","caption":"Thales Brand\u00e3o"},"description":"Editor Executivo do Portal CidadeMarketing.com.br &gt; Mestre em Comunica\u00e7\u00e3o e Sociedade pela Universidade Federal de Sergipe. Possui MBA Executivo em Administra\u00e7\u00e3o com \u00eanfase em Marketing pela Funda\u00e7\u00e3o Get\u00falio Vargas - Rio de Janeiro. Consultor, Palestrante e Pesquisador sobre Empreendedorismo, Marketing, Redes Sociais e Neg\u00f3cios Digitais. Professor, Palestrante TedxTalks e Campus Party. Twitter: @ThalesBrandao","sameAs":["http:\/\/www.mandacaru.com.br","https:\/\/www.facebook.com\/thalesbrandao","http:\/\/www.instagram.com.br\/thalesbrandaoferreira","https:\/\/www.linkedin.com\/in\/thales-brand\u00e3o-3948609\/","https:\/\/x.com\/http:\/\/www.twitter.com\/thalesbrandao"],"url":"https:\/\/www.cidademarketing.com.br\/marketing\/author\/thalesbrandao\/"}]}},"amp_enabled":true,"_links":{"self":[{"href":"https:\/\/www.cidademarketing.com.br\/marketing\/wp-json\/wp\/v2\/posts\/46992","targetHints":{"allow":["GET"]}}],"collection":[{"href":"https:\/\/www.cidademarketing.com.br\/marketing\/wp-json\/wp\/v2\/posts"}],"about":[{"href":"https:\/\/www.cidademarketing.com.br\/marketing\/wp-json\/wp\/v2\/types\/post"}],"author":[{"embeddable":true,"href":"https:\/\/www.cidademarketing.com.br\/marketing\/wp-json\/wp\/v2\/users\/1"}],"replies":[{"embeddable":true,"href":"https:\/\/www.cidademarketing.com.br\/marketing\/wp-json\/wp\/v2\/comments?post=46992"}],"version-history":[{"count":1,"href":"https:\/\/www.cidademarketing.com.br\/marketing\/wp-json\/wp\/v2\/posts\/46992\/revisions"}],"predecessor-version":[{"id":46993,"href":"https:\/\/www.cidademarketing.com.br\/marketing\/wp-json\/wp\/v2\/posts\/46992\/revisions\/46993"}],"wp:featuredmedia":[{"embeddable":true,"href":"https:\/\/www.cidademarketing.com.br\/marketing\/wp-json\/wp\/v2\/media\/26186"}],"wp:attachment":[{"href":"https:\/\/www.cidademarketing.com.br\/marketing\/wp-json\/wp\/v2\/media?parent=46992"}],"wp:term":[{"taxonomy":"category","embeddable":true,"href":"https:\/\/www.cidademarketing.com.br\/marketing\/wp-json\/wp\/v2\/categories?post=46992"},{"taxonomy":"post_tag","embeddable":true,"href":"https:\/\/www.cidademarketing.com.br\/marketing\/wp-json\/wp\/v2\/tags?post=46992"}],"curies":[{"name":"wp","href":"https:\/\/api.w.org\/{rel}","templated":true}]}}