{"id":46829,"date":"2023-08-22T09:51:03","date_gmt":"2023-08-22T12:51:03","guid":{"rendered":"https:\/\/www.cidademarketing.com.br\/marketing\/?p=46829"},"modified":"2023-08-22T09:51:03","modified_gmt":"2023-08-22T12:51:03","slug":"sadia-apresenta-nova-campanha-com-o-mote-seu-dia-pede-sadia","status":"publish","type":"post","link":"https:\/\/www.cidademarketing.com.br\/marketing\/2023\/08\/22\/sadia-apresenta-nova-campanha-com-o-mote-seu-dia-pede-sadia\/","title":{"rendered":"Sadia apresenta nova campanha com o mote \u201cSeu Dia Pede Sadia\u201d"},"content":{"rendered":"<p>A rotina de vida dos brasileiros \u00e9 uma das mais din\u00e2micas e, muitas vezes, inesperada e cheia de surpresas. A Sadia, marca de alimentos mais valiosa do Brasil\u00b9, refor\u00e7a seu posicionamento de parceira do consumidor com a nova campanha \u201cSeu Dia Pede Sadia\u201d. A campanha, que acompanha o movimento de entrada das novas embalagens da marca em todo o pa\u00eds, apresenta o portf\u00f3lio diverso de maneira din\u00e2mica, associando a marca como aliada dos consumidores em toda a sua jornada &#8211; nos dias mais imprevis\u00edveis, mas tamb\u00e9m nos mais especiais.<\/p>\n<p><a href=\"https:\/\/www.cidademarketing.com.br\/marketing\/sua-marca-vai-virar-noticia\/\" target=\"_blank\" rel=\"noopener\"><img fetchpriority=\"high\" decoding=\"async\" class=\"wp-image-44329 aligncenter\" src=\"https:\/\/www.cidademarketing.com.br\/marketing\/wp-content\/uploads\/2023\/04\/cidademarketing_backlinks_marketingdigital_publieditorial_.png\" alt=\"\" width=\"500\" height=\"500\" \/><\/a><\/p>\n<p>\u201cA Sadia traz movimentos estrat\u00e9gicos e simult\u00e2neos que marcam o momento maduro da nova fase da marca\u201d destaca Luciana Bulau, gerente executiva de marketing da Sadia. \u201cA nova campanha d\u00e1 vida ao posicionamento de marca parceira, mostrando que a Sadia entende o qu\u00e3o din\u00e2mico pode ser o dia a dia do consumidor e est\u00e1 l\u00e1 como aliada para tornar essa jornada mais pr\u00e1tica e deliciosa. Essa \u00e9 a ess\u00eancia de toda a comunica\u00e7\u00e3o da Sadia nesse momento, tanto nos novos filmes da campanha, quanto nas novas embalagens que apresentam um design contempor\u00e2neo e interativo\u201d, completa.<\/p>\n<p>A campanha reflete o posicionamento de marca parceira do consumidor, dando protagonismo para Sadia ser refer\u00eancia e sin\u00f4nimo de categoria em rankings de relev\u00e2ncia, como a 10\u00aa marca mais valiosa do Brasil\u00b2 e o desempenho estrat\u00e9gico no mercado exterior, sendo a 7\u00aa marca mais escolhida da Am\u00e9rica Latina\u00b3.<\/p>\n<div class=\"youtube-embed\" data-video_id=\"-VPkO02fnKk\"><iframe title=\"Seu dia pede Sadia.\" width=\"640\" height=\"360\" src=\"https:\/\/www.youtube.com\/embed\/-VPkO02fnKk?feature=oembed&#038;enablejsapi=1\" frameborder=\"0\" allow=\"accelerometer; autoplay; clipboard-write; encrypted-media; gyroscope; picture-in-picture; web-share\" referrerpolicy=\"strict-origin-when-cross-origin\" allowfullscreen><\/iframe><\/div>\n<p>Agora, Sadia se reinventa, mas mantem o seu DNA inovador. O novo visual segue um estilo contempor\u00e2neo e antenado \u00e0s principais tend\u00eancias de consumo, que facilita na jornada de compra e tamb\u00e9m \u00e9 pensado para trazer mais interatividade e proximidade com o consumidor. Entre as novidades, est\u00e1 a inclus\u00e3o de um QR code, que direciona ao hub de receitas da marca, com dicas de preparo &#8211; mais uma forma de mostrar que a Sadia est\u00e1 sempre trazendo solu\u00e7\u00f5es para \u201csalvar o dia\u201d do consumidor.<\/p>\n<p>Campanha<\/p>\n<p>A campanha intitulada \u201cSeu dia pede Sadia\u201d tem assinatura da \u00c1frica e conta com um plano de m\u00eddia robusto e estrat\u00e9gico com comunica\u00e7\u00f5es 360\u00b0, que v\u00e3o impactar consumidores em v\u00e1rias frentes de contato, considerando segmenta\u00e7\u00f5es diferentes para p\u00fablicos diversos, com mensagens contextualizadas para cada um deles. A campanha estar\u00e1 fisicamente na rua, em m\u00eddia externa (OOH), como pontos de \u00f4nibus e rel\u00f3gios de rua, na TV aberta, em merchan na novela, em veicula\u00e7\u00e3o de m\u00eddia digital nas redes sociais, sites estrat\u00e9gicos e at\u00e9 streaming.<\/p>\n<p>A s\u00e9rie de tr\u00eas v\u00eddeos tem dire\u00e7\u00e3o da pr\u00f3pria ag\u00eancia e jingle assinado pelo cantor e compositor Jairzinho. Os filmes destacam o portf\u00f3lio completo da marca, que est\u00e1 presente em todas as situa\u00e7\u00f5es de consumo. Do caf\u00e9 da manh\u00e3 ao lanche da madrugada, na rotina, por praticidade, celebra\u00e7\u00e3o, com tempo ou no improviso: Seu dia pede (e merece) Sadia.<\/p>\n<p><iframe title=\"Spotify Embed: Podcast CidadeMarketing\" style=\"border-radius: 12px\" width=\"100%\" height=\"152\" frameborder=\"0\" allowfullscreen allow=\"autoplay; clipboard-write; encrypted-media; fullscreen; picture-in-picture\" loading=\"lazy\" src=\"https:\/\/open.spotify.com\/embed\/show\/4khMKzP3FgFRWVwb73xicc?si=252fe5bff2b34909&#038;utm_source=oembed\"><\/iframe><\/p>\n<p>&nbsp;<\/p>\n<p>\u201cEsta campanha traz o consumidor como foco e mostra o protagonismo que a marca Sadia representa no dia a dia dele. N\u00f3s temos uma s\u00f3lida rela\u00e7\u00e3o de parceria com os consumidores porque oferecemos a melhor solu\u00e7\u00e3o para todas as ocasi\u00f5es, resolvemos situa\u00e7\u00f5es inesperadas, garantimos a agilidade no preparo de refei\u00e7\u00f5es, principalmente nos intervalos curtos da agenda, e claro, temos a versatilidade, o sabor e a nossa hist\u00f3ria conectada com cada consumidor\u201d, destaca Luciana.<\/p>\n<p>A m\u00fasica \u00e9 outro asset importante da marca Sadia. \u201cA musicalidade \u00e9 a espinha dorsal da campanha. Na trilha exclusiva em parceria com Jairzinho, abordamos toda a imprevisibilidade da vida cotidiana: \u2018Seu dia pede Sadia. Sadia salva o seu dia\u2019. O ritmo acelerado do jingle e um toque de bom humor se conecta com os consumidores e apresenta Sadia como uma solu\u00e7\u00e3o e companheira em todos esses momentos\u201d, finaliza a executiva.<\/p>\n","protected":false},"excerpt":{"rendered":"<p>A rotina de vida dos brasileiros \u00e9 uma das mais din\u00e2micas e, muitas vezes, inesperada e cheia de surpresas. A Sadia, marca de alimentos mais valiosa do Brasil\u00b9, refor\u00e7a seu posicionamento de parceira do consumidor com a nova campanha \u201cSeu Dia Pede Sadia\u201d. A campanha, que acompanha o movimento de entrada das novas embalagens da [&hellip;]<\/p>\n","protected":false},"author":1,"featured_media":46830,"comment_status":"open","ping_status":"open","sticky":false,"template":"","format":"standard","meta":{"tdm_status":"","tdm_grid_status":"","footnotes":""},"categories":[6,14],"tags":[65,28,66,181,374],"class_list":["post-46829","post","type-post","status-publish","format-standard","has-post-thumbnail","hentry","category-noticias","category-videos","tag-campanha","tag-marketing","tag-propaganda","tag-publicidade","tag-sadia"],"yoast_head":"<!-- This site is optimized with the Yoast SEO plugin v27.5 - https:\/\/yoast.com\/product\/yoast-seo-wordpress\/ -->\n<title>Sadia apresenta nova campanha com o mote \u201cSeu Dia Pede Sadia\u201d - CidadeMarketing<\/title>\n<meta name=\"robots\" content=\"index, follow, max-snippet:-1, max-image-preview:large, max-video-preview:-1\" \/>\n<link rel=\"canonical\" href=\"https:\/\/www.cidademarketing.com.br\/marketing\/2023\/08\/22\/sadia-apresenta-nova-campanha-com-o-mote-seu-dia-pede-sadia\/\" \/>\n<meta property=\"og:locale\" content=\"pt_BR\" \/>\n<meta property=\"og:type\" content=\"article\" \/>\n<meta property=\"og:title\" content=\"Sadia apresenta nova campanha com o mote \u201cSeu Dia Pede Sadia\u201d - CidadeMarketing\" \/>\n<meta property=\"og:description\" content=\"A rotina de vida dos brasileiros \u00e9 uma das mais din\u00e2micas e, muitas vezes, inesperada e cheia de surpresas. A Sadia, marca de alimentos mais valiosa do Brasil\u00b9, refor\u00e7a seu posicionamento de parceira do consumidor com a nova campanha \u201cSeu Dia Pede Sadia\u201d. A campanha, que acompanha o movimento de entrada das novas embalagens da [&hellip;]\" \/>\n<meta property=\"og:url\" content=\"https:\/\/www.cidademarketing.com.br\/marketing\/2023\/08\/22\/sadia-apresenta-nova-campanha-com-o-mote-seu-dia-pede-sadia\/\" \/>\n<meta property=\"og:site_name\" content=\"CidadeMarketing\" \/>\n<meta property=\"article:publisher\" content=\"https:\/\/www.facebook.com\/portalcidademarketing\" \/>\n<meta property=\"article:author\" content=\"https:\/\/www.facebook.com\/thalesbrandao\" \/>\n<meta property=\"article:published_time\" content=\"2023-08-22T12:51:03+00:00\" \/>\n<meta property=\"og:image\" content=\"https:\/\/www.cidademarketing.com.br\/marketing\/wp-content\/uploads\/2023\/08\/sadia_campanha.png\" \/>\n\t<meta property=\"og:image:width\" content=\"1169\" \/>\n\t<meta property=\"og:image:height\" content=\"589\" \/>\n\t<meta property=\"og:image:type\" content=\"image\/png\" \/>\n<meta name=\"author\" content=\"Thales Brand\u00e3o\" \/>\n<meta name=\"twitter:card\" content=\"summary_large_image\" \/>\n<meta name=\"twitter:creator\" content=\"@http:\/\/www.twitter.com\/thalesbrandao\" \/>\n<meta name=\"twitter:site\" content=\"@CidadeMarketing\" \/>\n<meta name=\"twitter:label1\" content=\"Escrito por\" \/>\n\t<meta name=\"twitter:data1\" content=\"Thales Brand\u00e3o\" \/>\n\t<meta name=\"twitter:label2\" content=\"Est. tempo de leitura\" \/>\n\t<meta name=\"twitter:data2\" content=\"3 minutos\" \/>\n<script type=\"application\/ld+json\" class=\"yoast-schema-graph\">{\"@context\":\"https:\\\/\\\/schema.org\",\"@graph\":[{\"@type\":\"Article\",\"@id\":\"https:\\\/\\\/www.cidademarketing.com.br\\\/marketing\\\/2023\\\/08\\\/22\\\/sadia-apresenta-nova-campanha-com-o-mote-seu-dia-pede-sadia\\\/#article\",\"isPartOf\":{\"@id\":\"https:\\\/\\\/www.cidademarketing.com.br\\\/marketing\\\/2023\\\/08\\\/22\\\/sadia-apresenta-nova-campanha-com-o-mote-seu-dia-pede-sadia\\\/\"},\"author\":{\"name\":\"Thales Brand\u00e3o\",\"@id\":\"https:\\\/\\\/www.cidademarketing.com.br\\\/marketing\\\/#\\\/schema\\\/person\\\/02daff9f18bd9378c9e01eb6b2db155f\"},\"headline\":\"Sadia apresenta nova campanha com o mote \u201cSeu Dia Pede Sadia\u201d\",\"datePublished\":\"2023-08-22T12:51:03+00:00\",\"mainEntityOfPage\":{\"@id\":\"https:\\\/\\\/www.cidademarketing.com.br\\\/marketing\\\/2023\\\/08\\\/22\\\/sadia-apresenta-nova-campanha-com-o-mote-seu-dia-pede-sadia\\\/\"},\"wordCount\":688,\"commentCount\":0,\"publisher\":{\"@id\":\"https:\\\/\\\/www.cidademarketing.com.br\\\/marketing\\\/#organization\"},\"image\":{\"@id\":\"https:\\\/\\\/www.cidademarketing.com.br\\\/marketing\\\/2023\\\/08\\\/22\\\/sadia-apresenta-nova-campanha-com-o-mote-seu-dia-pede-sadia\\\/#primaryimage\"},\"thumbnailUrl\":\"https:\\\/\\\/www.cidademarketing.com.br\\\/marketing\\\/wp-content\\\/uploads\\\/2023\\\/08\\\/sadia_campanha.png\",\"keywords\":[\"campanha\",\"marketing\",\"propaganda\",\"publicidade\",\"Sadia\"],\"articleSection\":[\"Not\u00edcias\",\"Videos\"],\"inLanguage\":\"pt-BR\",\"potentialAction\":[{\"@type\":\"CommentAction\",\"name\":\"Comment\",\"target\":[\"https:\\\/\\\/www.cidademarketing.com.br\\\/marketing\\\/2023\\\/08\\\/22\\\/sadia-apresenta-nova-campanha-com-o-mote-seu-dia-pede-sadia\\\/#respond\"]}]},{\"@type\":\"WebPage\",\"@id\":\"https:\\\/\\\/www.cidademarketing.com.br\\\/marketing\\\/2023\\\/08\\\/22\\\/sadia-apresenta-nova-campanha-com-o-mote-seu-dia-pede-sadia\\\/\",\"url\":\"https:\\\/\\\/www.cidademarketing.com.br\\\/marketing\\\/2023\\\/08\\\/22\\\/sadia-apresenta-nova-campanha-com-o-mote-seu-dia-pede-sadia\\\/\",\"name\":\"Sadia apresenta nova campanha com o mote \u201cSeu Dia Pede Sadia\u201d - CidadeMarketing\",\"isPartOf\":{\"@id\":\"https:\\\/\\\/www.cidademarketing.com.br\\\/marketing\\\/#website\"},\"primaryImageOfPage\":{\"@id\":\"https:\\\/\\\/www.cidademarketing.com.br\\\/marketing\\\/2023\\\/08\\\/22\\\/sadia-apresenta-nova-campanha-com-o-mote-seu-dia-pede-sadia\\\/#primaryimage\"},\"image\":{\"@id\":\"https:\\\/\\\/www.cidademarketing.com.br\\\/marketing\\\/2023\\\/08\\\/22\\\/sadia-apresenta-nova-campanha-com-o-mote-seu-dia-pede-sadia\\\/#primaryimage\"},\"thumbnailUrl\":\"https:\\\/\\\/www.cidademarketing.com.br\\\/marketing\\\/wp-content\\\/uploads\\\/2023\\\/08\\\/sadia_campanha.png\",\"datePublished\":\"2023-08-22T12:51:03+00:00\",\"breadcrumb\":{\"@id\":\"https:\\\/\\\/www.cidademarketing.com.br\\\/marketing\\\/2023\\\/08\\\/22\\\/sadia-apresenta-nova-campanha-com-o-mote-seu-dia-pede-sadia\\\/#breadcrumb\"},\"inLanguage\":\"pt-BR\",\"potentialAction\":[{\"@type\":\"ReadAction\",\"target\":[\"https:\\\/\\\/www.cidademarketing.com.br\\\/marketing\\\/2023\\\/08\\\/22\\\/sadia-apresenta-nova-campanha-com-o-mote-seu-dia-pede-sadia\\\/\"]}]},{\"@type\":\"ImageObject\",\"inLanguage\":\"pt-BR\",\"@id\":\"https:\\\/\\\/www.cidademarketing.com.br\\\/marketing\\\/2023\\\/08\\\/22\\\/sadia-apresenta-nova-campanha-com-o-mote-seu-dia-pede-sadia\\\/#primaryimage\",\"url\":\"https:\\\/\\\/www.cidademarketing.com.br\\\/marketing\\\/wp-content\\\/uploads\\\/2023\\\/08\\\/sadia_campanha.png\",\"contentUrl\":\"https:\\\/\\\/www.cidademarketing.com.br\\\/marketing\\\/wp-content\\\/uploads\\\/2023\\\/08\\\/sadia_campanha.png\",\"width\":1169,\"height\":589,\"caption\":\"Reprodu\u00e7\u00e3o\"},{\"@type\":\"BreadcrumbList\",\"@id\":\"https:\\\/\\\/www.cidademarketing.com.br\\\/marketing\\\/2023\\\/08\\\/22\\\/sadia-apresenta-nova-campanha-com-o-mote-seu-dia-pede-sadia\\\/#breadcrumb\",\"itemListElement\":[{\"@type\":\"ListItem\",\"position\":1,\"name\":\"In\u00edcio\",\"item\":\"https:\\\/\\\/www.cidademarketing.com.br\\\/marketing\\\/\"},{\"@type\":\"ListItem\",\"position\":2,\"name\":\"Sadia apresenta nova campanha com o mote \u201cSeu Dia Pede Sadia\u201d\"}]},{\"@type\":\"WebSite\",\"@id\":\"https:\\\/\\\/www.cidademarketing.com.br\\\/marketing\\\/#website\",\"url\":\"https:\\\/\\\/www.cidademarketing.com.br\\\/marketing\\\/\",\"name\":\"CidadeMarketing\",\"description\":\"Somos um ve\u00edculo de comunica\u00e7\u00e3o de destaque no Brasil, reconhecido por conte\u00fados nos segmentos de marketing, empreendedorismo e inova\u00e7\u00e3o.\",\"publisher\":{\"@id\":\"https:\\\/\\\/www.cidademarketing.com.br\\\/marketing\\\/#organization\"},\"alternateName\":\"CidadeMarketing\",\"potentialAction\":[{\"@type\":\"SearchAction\",\"target\":{\"@type\":\"EntryPoint\",\"urlTemplate\":\"https:\\\/\\\/www.cidademarketing.com.br\\\/marketing\\\/?s={search_term_string}\"},\"query-input\":{\"@type\":\"PropertyValueSpecification\",\"valueRequired\":true,\"valueName\":\"search_term_string\"}}],\"inLanguage\":\"pt-BR\"},{\"@type\":\"Organization\",\"@id\":\"https:\\\/\\\/www.cidademarketing.com.br\\\/marketing\\\/#organization\",\"name\":\"CidadeMarketing\",\"alternateName\":\"CidadeMarketing\",\"url\":\"https:\\\/\\\/www.cidademarketing.com.br\\\/marketing\\\/\",\"logo\":{\"@type\":\"ImageObject\",\"inLanguage\":\"pt-BR\",\"@id\":\"https:\\\/\\\/www.cidademarketing.com.br\\\/marketing\\\/#\\\/schema\\\/logo\\\/image\\\/\",\"url\":\"https:\\\/\\\/www.cidademarketing.com.br\\\/marketing\\\/wp-content\\\/uploads\\\/2020\\\/01\\\/cidademarketing_marca_mobile.png\",\"contentUrl\":\"https:\\\/\\\/www.cidademarketing.com.br\\\/marketing\\\/wp-content\\\/uploads\\\/2020\\\/01\\\/cidademarketing_marca_mobile.png\",\"width\":230,\"height\":92,\"caption\":\"CidadeMarketing\"},\"image\":{\"@id\":\"https:\\\/\\\/www.cidademarketing.com.br\\\/marketing\\\/#\\\/schema\\\/logo\\\/image\\\/\"},\"sameAs\":[\"https:\\\/\\\/www.facebook.com\\\/portalcidademarketing\",\"https:\\\/\\\/x.com\\\/CidadeMarketing\",\"https:\\\/\\\/www.instagram.com\\\/cidademarketing\\\/\"]},{\"@type\":\"Person\",\"@id\":\"https:\\\/\\\/www.cidademarketing.com.br\\\/marketing\\\/#\\\/schema\\\/person\\\/02daff9f18bd9378c9e01eb6b2db155f\",\"name\":\"Thales Brand\u00e3o\",\"image\":{\"@type\":\"ImageObject\",\"inLanguage\":\"pt-BR\",\"@id\":\"https:\\\/\\\/secure.gravatar.com\\\/avatar\\\/7ca3206950207cc3cb48feec56a8a7898741ab725c368d99d5d7a5a50aab80c6?s=96&d=mm&r=g\",\"url\":\"https:\\\/\\\/secure.gravatar.com\\\/avatar\\\/7ca3206950207cc3cb48feec56a8a7898741ab725c368d99d5d7a5a50aab80c6?s=96&d=mm&r=g\",\"contentUrl\":\"https:\\\/\\\/secure.gravatar.com\\\/avatar\\\/7ca3206950207cc3cb48feec56a8a7898741ab725c368d99d5d7a5a50aab80c6?s=96&d=mm&r=g\",\"caption\":\"Thales Brand\u00e3o\"},\"description\":\"Editor Executivo do Portal CidadeMarketing.com.br &gt; Mestre em Comunica\u00e7\u00e3o e Sociedade pela Universidade Federal de Sergipe. Possui MBA Executivo em Administra\u00e7\u00e3o com \u00eanfase em Marketing pela Funda\u00e7\u00e3o Get\u00falio Vargas - Rio de Janeiro. Consultor, Palestrante e Pesquisador sobre Empreendedorismo, Marketing, Redes Sociais e Neg\u00f3cios Digitais. Professor, Palestrante TedxTalks e Campus Party. Twitter: @ThalesBrandao\",\"sameAs\":[\"http:\\\/\\\/www.mandacaru.com.br\",\"https:\\\/\\\/www.facebook.com\\\/thalesbrandao\",\"http:\\\/\\\/www.instagram.com.br\\\/thalesbrandaoferreira\",\"https:\\\/\\\/www.linkedin.com\\\/in\\\/thales-brand\u00e3o-3948609\\\/\",\"https:\\\/\\\/x.com\\\/http:\\\/\\\/www.twitter.com\\\/thalesbrandao\"],\"url\":\"https:\\\/\\\/www.cidademarketing.com.br\\\/marketing\\\/author\\\/thalesbrandao\\\/\"}]}<\/script>\n<!-- \/ Yoast SEO plugin. -->","yoast_head_json":{"title":"Sadia apresenta nova campanha com o mote \u201cSeu Dia Pede Sadia\u201d - CidadeMarketing","robots":{"index":"index","follow":"follow","max-snippet":"max-snippet:-1","max-image-preview":"max-image-preview:large","max-video-preview":"max-video-preview:-1"},"canonical":"https:\/\/www.cidademarketing.com.br\/marketing\/2023\/08\/22\/sadia-apresenta-nova-campanha-com-o-mote-seu-dia-pede-sadia\/","og_locale":"pt_BR","og_type":"article","og_title":"Sadia apresenta nova campanha com o mote \u201cSeu Dia Pede Sadia\u201d - CidadeMarketing","og_description":"A rotina de vida dos brasileiros \u00e9 uma das mais din\u00e2micas e, muitas vezes, inesperada e cheia de surpresas. A Sadia, marca de alimentos mais valiosa do Brasil\u00b9, refor\u00e7a seu posicionamento de parceira do consumidor com a nova campanha \u201cSeu Dia Pede Sadia\u201d. A campanha, que acompanha o movimento de entrada das novas embalagens da [&hellip;]","og_url":"https:\/\/www.cidademarketing.com.br\/marketing\/2023\/08\/22\/sadia-apresenta-nova-campanha-com-o-mote-seu-dia-pede-sadia\/","og_site_name":"CidadeMarketing","article_publisher":"https:\/\/www.facebook.com\/portalcidademarketing","article_author":"https:\/\/www.facebook.com\/thalesbrandao","article_published_time":"2023-08-22T12:51:03+00:00","og_image":[{"width":1169,"height":589,"url":"https:\/\/www.cidademarketing.com.br\/marketing\/wp-content\/uploads\/2023\/08\/sadia_campanha.png","type":"image\/png"}],"author":"Thales Brand\u00e3o","twitter_card":"summary_large_image","twitter_creator":"@http:\/\/www.twitter.com\/thalesbrandao","twitter_site":"@CidadeMarketing","twitter_misc":{"Escrito por":"Thales Brand\u00e3o","Est. tempo de leitura":"3 minutos"},"schema":{"@context":"https:\/\/schema.org","@graph":[{"@type":"Article","@id":"https:\/\/www.cidademarketing.com.br\/marketing\/2023\/08\/22\/sadia-apresenta-nova-campanha-com-o-mote-seu-dia-pede-sadia\/#article","isPartOf":{"@id":"https:\/\/www.cidademarketing.com.br\/marketing\/2023\/08\/22\/sadia-apresenta-nova-campanha-com-o-mote-seu-dia-pede-sadia\/"},"author":{"name":"Thales Brand\u00e3o","@id":"https:\/\/www.cidademarketing.com.br\/marketing\/#\/schema\/person\/02daff9f18bd9378c9e01eb6b2db155f"},"headline":"Sadia apresenta nova campanha com o mote \u201cSeu Dia Pede Sadia\u201d","datePublished":"2023-08-22T12:51:03+00:00","mainEntityOfPage":{"@id":"https:\/\/www.cidademarketing.com.br\/marketing\/2023\/08\/22\/sadia-apresenta-nova-campanha-com-o-mote-seu-dia-pede-sadia\/"},"wordCount":688,"commentCount":0,"publisher":{"@id":"https:\/\/www.cidademarketing.com.br\/marketing\/#organization"},"image":{"@id":"https:\/\/www.cidademarketing.com.br\/marketing\/2023\/08\/22\/sadia-apresenta-nova-campanha-com-o-mote-seu-dia-pede-sadia\/#primaryimage"},"thumbnailUrl":"https:\/\/www.cidademarketing.com.br\/marketing\/wp-content\/uploads\/2023\/08\/sadia_campanha.png","keywords":["campanha","marketing","propaganda","publicidade","Sadia"],"articleSection":["Not\u00edcias","Videos"],"inLanguage":"pt-BR","potentialAction":[{"@type":"CommentAction","name":"Comment","target":["https:\/\/www.cidademarketing.com.br\/marketing\/2023\/08\/22\/sadia-apresenta-nova-campanha-com-o-mote-seu-dia-pede-sadia\/#respond"]}]},{"@type":"WebPage","@id":"https:\/\/www.cidademarketing.com.br\/marketing\/2023\/08\/22\/sadia-apresenta-nova-campanha-com-o-mote-seu-dia-pede-sadia\/","url":"https:\/\/www.cidademarketing.com.br\/marketing\/2023\/08\/22\/sadia-apresenta-nova-campanha-com-o-mote-seu-dia-pede-sadia\/","name":"Sadia apresenta nova campanha com o mote \u201cSeu Dia Pede Sadia\u201d - CidadeMarketing","isPartOf":{"@id":"https:\/\/www.cidademarketing.com.br\/marketing\/#website"},"primaryImageOfPage":{"@id":"https:\/\/www.cidademarketing.com.br\/marketing\/2023\/08\/22\/sadia-apresenta-nova-campanha-com-o-mote-seu-dia-pede-sadia\/#primaryimage"},"image":{"@id":"https:\/\/www.cidademarketing.com.br\/marketing\/2023\/08\/22\/sadia-apresenta-nova-campanha-com-o-mote-seu-dia-pede-sadia\/#primaryimage"},"thumbnailUrl":"https:\/\/www.cidademarketing.com.br\/marketing\/wp-content\/uploads\/2023\/08\/sadia_campanha.png","datePublished":"2023-08-22T12:51:03+00:00","breadcrumb":{"@id":"https:\/\/www.cidademarketing.com.br\/marketing\/2023\/08\/22\/sadia-apresenta-nova-campanha-com-o-mote-seu-dia-pede-sadia\/#breadcrumb"},"inLanguage":"pt-BR","potentialAction":[{"@type":"ReadAction","target":["https:\/\/www.cidademarketing.com.br\/marketing\/2023\/08\/22\/sadia-apresenta-nova-campanha-com-o-mote-seu-dia-pede-sadia\/"]}]},{"@type":"ImageObject","inLanguage":"pt-BR","@id":"https:\/\/www.cidademarketing.com.br\/marketing\/2023\/08\/22\/sadia-apresenta-nova-campanha-com-o-mote-seu-dia-pede-sadia\/#primaryimage","url":"https:\/\/www.cidademarketing.com.br\/marketing\/wp-content\/uploads\/2023\/08\/sadia_campanha.png","contentUrl":"https:\/\/www.cidademarketing.com.br\/marketing\/wp-content\/uploads\/2023\/08\/sadia_campanha.png","width":1169,"height":589,"caption":"Reprodu\u00e7\u00e3o"},{"@type":"BreadcrumbList","@id":"https:\/\/www.cidademarketing.com.br\/marketing\/2023\/08\/22\/sadia-apresenta-nova-campanha-com-o-mote-seu-dia-pede-sadia\/#breadcrumb","itemListElement":[{"@type":"ListItem","position":1,"name":"In\u00edcio","item":"https:\/\/www.cidademarketing.com.br\/marketing\/"},{"@type":"ListItem","position":2,"name":"Sadia apresenta nova campanha com o mote \u201cSeu Dia Pede Sadia\u201d"}]},{"@type":"WebSite","@id":"https:\/\/www.cidademarketing.com.br\/marketing\/#website","url":"https:\/\/www.cidademarketing.com.br\/marketing\/","name":"CidadeMarketing","description":"Somos um ve\u00edculo de comunica\u00e7\u00e3o de destaque no Brasil, reconhecido por conte\u00fados nos segmentos de marketing, empreendedorismo e inova\u00e7\u00e3o.","publisher":{"@id":"https:\/\/www.cidademarketing.com.br\/marketing\/#organization"},"alternateName":"CidadeMarketing","potentialAction":[{"@type":"SearchAction","target":{"@type":"EntryPoint","urlTemplate":"https:\/\/www.cidademarketing.com.br\/marketing\/?s={search_term_string}"},"query-input":{"@type":"PropertyValueSpecification","valueRequired":true,"valueName":"search_term_string"}}],"inLanguage":"pt-BR"},{"@type":"Organization","@id":"https:\/\/www.cidademarketing.com.br\/marketing\/#organization","name":"CidadeMarketing","alternateName":"CidadeMarketing","url":"https:\/\/www.cidademarketing.com.br\/marketing\/","logo":{"@type":"ImageObject","inLanguage":"pt-BR","@id":"https:\/\/www.cidademarketing.com.br\/marketing\/#\/schema\/logo\/image\/","url":"https:\/\/www.cidademarketing.com.br\/marketing\/wp-content\/uploads\/2020\/01\/cidademarketing_marca_mobile.png","contentUrl":"https:\/\/www.cidademarketing.com.br\/marketing\/wp-content\/uploads\/2020\/01\/cidademarketing_marca_mobile.png","width":230,"height":92,"caption":"CidadeMarketing"},"image":{"@id":"https:\/\/www.cidademarketing.com.br\/marketing\/#\/schema\/logo\/image\/"},"sameAs":["https:\/\/www.facebook.com\/portalcidademarketing","https:\/\/x.com\/CidadeMarketing","https:\/\/www.instagram.com\/cidademarketing\/"]},{"@type":"Person","@id":"https:\/\/www.cidademarketing.com.br\/marketing\/#\/schema\/person\/02daff9f18bd9378c9e01eb6b2db155f","name":"Thales Brand\u00e3o","image":{"@type":"ImageObject","inLanguage":"pt-BR","@id":"https:\/\/secure.gravatar.com\/avatar\/7ca3206950207cc3cb48feec56a8a7898741ab725c368d99d5d7a5a50aab80c6?s=96&d=mm&r=g","url":"https:\/\/secure.gravatar.com\/avatar\/7ca3206950207cc3cb48feec56a8a7898741ab725c368d99d5d7a5a50aab80c6?s=96&d=mm&r=g","contentUrl":"https:\/\/secure.gravatar.com\/avatar\/7ca3206950207cc3cb48feec56a8a7898741ab725c368d99d5d7a5a50aab80c6?s=96&d=mm&r=g","caption":"Thales Brand\u00e3o"},"description":"Editor Executivo do Portal CidadeMarketing.com.br &gt; Mestre em Comunica\u00e7\u00e3o e Sociedade pela Universidade Federal de Sergipe. Possui MBA Executivo em Administra\u00e7\u00e3o com \u00eanfase em Marketing pela Funda\u00e7\u00e3o Get\u00falio Vargas - Rio de Janeiro. Consultor, Palestrante e Pesquisador sobre Empreendedorismo, Marketing, Redes Sociais e Neg\u00f3cios Digitais. Professor, Palestrante TedxTalks e Campus Party. Twitter: @ThalesBrandao","sameAs":["http:\/\/www.mandacaru.com.br","https:\/\/www.facebook.com\/thalesbrandao","http:\/\/www.instagram.com.br\/thalesbrandaoferreira","https:\/\/www.linkedin.com\/in\/thales-brand\u00e3o-3948609\/","https:\/\/x.com\/http:\/\/www.twitter.com\/thalesbrandao"],"url":"https:\/\/www.cidademarketing.com.br\/marketing\/author\/thalesbrandao\/"}]}},"amp_enabled":true,"_links":{"self":[{"href":"https:\/\/www.cidademarketing.com.br\/marketing\/wp-json\/wp\/v2\/posts\/46829","targetHints":{"allow":["GET"]}}],"collection":[{"href":"https:\/\/www.cidademarketing.com.br\/marketing\/wp-json\/wp\/v2\/posts"}],"about":[{"href":"https:\/\/www.cidademarketing.com.br\/marketing\/wp-json\/wp\/v2\/types\/post"}],"author":[{"embeddable":true,"href":"https:\/\/www.cidademarketing.com.br\/marketing\/wp-json\/wp\/v2\/users\/1"}],"replies":[{"embeddable":true,"href":"https:\/\/www.cidademarketing.com.br\/marketing\/wp-json\/wp\/v2\/comments?post=46829"}],"version-history":[{"count":1,"href":"https:\/\/www.cidademarketing.com.br\/marketing\/wp-json\/wp\/v2\/posts\/46829\/revisions"}],"predecessor-version":[{"id":46831,"href":"https:\/\/www.cidademarketing.com.br\/marketing\/wp-json\/wp\/v2\/posts\/46829\/revisions\/46831"}],"wp:featuredmedia":[{"embeddable":true,"href":"https:\/\/www.cidademarketing.com.br\/marketing\/wp-json\/wp\/v2\/media\/46830"}],"wp:attachment":[{"href":"https:\/\/www.cidademarketing.com.br\/marketing\/wp-json\/wp\/v2\/media?parent=46829"}],"wp:term":[{"taxonomy":"category","embeddable":true,"href":"https:\/\/www.cidademarketing.com.br\/marketing\/wp-json\/wp\/v2\/categories?post=46829"},{"taxonomy":"post_tag","embeddable":true,"href":"https:\/\/www.cidademarketing.com.br\/marketing\/wp-json\/wp\/v2\/tags?post=46829"}],"curies":[{"name":"wp","href":"https:\/\/api.w.org\/{rel}","templated":true}]}}