{"id":46659,"date":"2023-08-15T11:24:52","date_gmt":"2023-08-15T14:24:52","guid":{"rendered":"https:\/\/www.cidademarketing.com.br\/marketing\/?p=46659"},"modified":"2023-08-15T11:30:16","modified_gmt":"2023-08-15T14:30:16","slug":"ministerio-de-minas-e-energia-emite-nota-sobre-apagao-no-brasil-confira-os-estados-atingidos","status":"publish","type":"post","link":"https:\/\/www.cidademarketing.com.br\/marketing\/2023\/08\/15\/ministerio-de-minas-e-energia-emite-nota-sobre-apagao-no-brasil-confira-os-estados-atingidos\/","title":{"rendered":"Minist\u00e9rio de Minas e Energia emite nota sobre apag\u00e3o no Brasil; Confira os Estados atingidos"},"content":{"rendered":"<p>Na manh\u00e3 de hoje, quedas de energia afetaram v\u00e1rias cidades nos 25 estados do Brasil, al\u00e9m do Distrito Federal, abrangendo todas as cinco regi\u00f5es do pa\u00eds. O Minist\u00e9rio de Minas e Energia (MME) divulgou uma atualiza\u00e7\u00e3o sobre a situa\u00e7\u00e3o do fornecimento el\u00e9trico. De acordo com o MME, as cargas de energia foram retomadas nas regi\u00f5es Sul, Sudeste e Centro-Oeste.<\/p>\n<p><a href=\"https:\/\/www.cidademarketing.com.br\/marketing\/sua-marca-vai-virar-noticia\/\" target=\"_blank\" rel=\"noopener\"><img fetchpriority=\"high\" decoding=\"async\" class=\"wp-image-44329 aligncenter\" src=\"https:\/\/www.cidademarketing.com.br\/marketing\/wp-content\/uploads\/2023\/04\/cidademarketing_backlinks_marketingdigital_publieditorial_.png\" alt=\"\" width=\"500\" height=\"500\" \/><\/a><br \/>\nAs equipes est\u00e3o em a\u00e7\u00e3o para restaurar as cargas afetadas nas regi\u00f5es Norte e Nordeste. At\u00e9 o momento, foi poss\u00edvel recompor 27% da carga na regi\u00e3o Norte e 68% na regi\u00e3o Nordeste at\u00e9 as 10h22.<\/p>\n<p>O Ministro Alexandre Silveira tomou medidas imediatas para lidar com a situa\u00e7\u00e3o, incluindo a cria\u00e7\u00e3o de uma sala de situa\u00e7\u00e3o para coordenar o processo de retomada. Al\u00e9m disso, ele ordenou uma investiga\u00e7\u00e3o minuciosa para determinar as causas do incidente e garantir a estabilidade do sistema el\u00e9trico.<\/p>\n<p>&#8220;O MME, a partir de dados do Operador Nacional do Sistema (ONS), informa que uma ocorr\u00eancia na rede de opera\u00e7\u00e3o do Sistema Interligado Nacional interrompeu 16 mil MW de carga em estados do Norte e Nordeste do Brasil, nesta ter\u00e7a-feira (15\/8).&#8221;, afirma em comunicado o Minist\u00e9rio de Minas e Energia.<\/p>\n<p>Confira a lista de estados com relatos de apag\u00e3o:<br \/>\nAcre<br \/>\nAlagoas<br \/>\nAmap\u00e1<br \/>\nAmazonas<br \/>\nBahia<br \/>\nCear\u00e1<br \/>\nDistrito Federal<br \/>\nEsp\u00edrito Santo<br \/>\nGoi\u00e1s<br \/>\nMaranh\u00e3o<br \/>\nMato Grosso<br \/>\nMato Grosso do Sul<br \/>\nMinas Gerais<br \/>\nPar\u00e1<br \/>\nPara\u00edba<br \/>\nParan\u00e1<br \/>\nPernambuco<br \/>\nPiau\u00ed<br \/>\nRio de Janeiro<br \/>\nRio Grande do Norte<br \/>\nRio Grande do Sul<br \/>\nRond\u00f4nia<br \/>\nSanta Catarina<br \/>\nS\u00e3o Paulo<br \/>\nSergipe<br \/>\nTocantins<\/p>\n<p><iframe title=\"Spotify Embed: Podcast CidadeMarketing\" style=\"border-radius: 12px\" width=\"100%\" height=\"152\" frameborder=\"0\" allowfullscreen allow=\"autoplay; clipboard-write; encrypted-media; fullscreen; picture-in-picture\" loading=\"lazy\" src=\"https:\/\/open.spotify.com\/embed\/show\/4khMKzP3FgFRWVwb73xicc?si=252fe5bff2b34909&#038;utm_source=oembed\"><\/iframe><\/p>\n<p>&nbsp;<\/p>\n<p>&nbsp;<\/p>\n","protected":false},"excerpt":{"rendered":"<p>Na manh\u00e3 de hoje, quedas de energia afetaram v\u00e1rias cidades nos 25 estados do Brasil, al\u00e9m do Distrito Federal, abrangendo todas as cinco regi\u00f5es do pa\u00eds. O Minist\u00e9rio de Minas e Energia (MME) divulgou uma atualiza\u00e7\u00e3o sobre a situa\u00e7\u00e3o do fornecimento el\u00e9trico. De acordo com o MME, as cargas de energia foram retomadas nas regi\u00f5es [&hellip;]<\/p>\n","protected":false},"author":1,"featured_media":46660,"comment_status":"open","ping_status":"open","sticky":false,"template":"","format":"standard","meta":{"tdm_status":"","tdm_grid_status":"","footnotes":""},"categories":[6],"tags":[4637,147,190,39,6177,1507],"class_list":["post-46659","post","type-post","status-publish","format-standard","has-post-thumbnail","hentry","category-noticias","tag-apagao","tag-brasil","tag-energia","tag-investimento","tag-ministerio-de-minas-e-energia","tag-prejuizo"],"yoast_head":"<!-- This site is optimized with the Yoast SEO plugin v27.5 - https:\/\/yoast.com\/product\/yoast-seo-wordpress\/ -->\n<title>Minist\u00e9rio de Minas e Energia emite nota sobre apag\u00e3o no Brasil; Confira os Estados atingidos - CidadeMarketing<\/title>\n<meta name=\"robots\" content=\"index, follow, max-snippet:-1, max-image-preview:large, max-video-preview:-1\" \/>\n<link rel=\"canonical\" href=\"https:\/\/www.cidademarketing.com.br\/marketing\/2023\/08\/15\/ministerio-de-minas-e-energia-emite-nota-sobre-apagao-no-brasil-confira-os-estados-atingidos\/\" \/>\n<meta property=\"og:locale\" content=\"pt_BR\" \/>\n<meta property=\"og:type\" content=\"article\" \/>\n<meta property=\"og:title\" content=\"Minist\u00e9rio de Minas e Energia emite nota sobre apag\u00e3o no Brasil; Confira os Estados atingidos - CidadeMarketing\" \/>\n<meta property=\"og:description\" content=\"Na manh\u00e3 de hoje, quedas de energia afetaram v\u00e1rias cidades nos 25 estados do Brasil, al\u00e9m do Distrito Federal, abrangendo todas as cinco regi\u00f5es do pa\u00eds. O Minist\u00e9rio de Minas e Energia (MME) divulgou uma atualiza\u00e7\u00e3o sobre a situa\u00e7\u00e3o do fornecimento el\u00e9trico. De acordo com o MME, as cargas de energia foram retomadas nas regi\u00f5es [&hellip;]\" \/>\n<meta property=\"og:url\" content=\"https:\/\/www.cidademarketing.com.br\/marketing\/2023\/08\/15\/ministerio-de-minas-e-energia-emite-nota-sobre-apagao-no-brasil-confira-os-estados-atingidos\/\" \/>\n<meta property=\"og:site_name\" content=\"CidadeMarketing\" \/>\n<meta property=\"article:publisher\" content=\"https:\/\/www.facebook.com\/portalcidademarketing\" \/>\n<meta property=\"article:author\" content=\"https:\/\/www.facebook.com\/thalesbrandao\" \/>\n<meta property=\"article:published_time\" content=\"2023-08-15T14:24:52+00:00\" \/>\n<meta property=\"article:modified_time\" content=\"2023-08-15T14:30:16+00:00\" \/>\n<meta property=\"og:image\" content=\"https:\/\/www.cidademarketing.com.br\/marketing\/wp-content\/uploads\/2023\/08\/lampada_apagao.jpg\" \/>\n\t<meta property=\"og:image:width\" content=\"650\" \/>\n\t<meta property=\"og:image:height\" content=\"650\" \/>\n\t<meta property=\"og:image:type\" content=\"image\/jpeg\" \/>\n<meta name=\"author\" content=\"Thales Brand\u00e3o\" \/>\n<meta name=\"twitter:card\" content=\"summary_large_image\" \/>\n<meta name=\"twitter:creator\" content=\"@http:\/\/www.twitter.com\/thalesbrandao\" \/>\n<meta name=\"twitter:site\" content=\"@CidadeMarketing\" \/>\n<meta name=\"twitter:label1\" content=\"Escrito por\" \/>\n\t<meta name=\"twitter:data1\" content=\"Thales Brand\u00e3o\" \/>\n\t<meta name=\"twitter:label2\" content=\"Est. tempo de leitura\" \/>\n\t<meta name=\"twitter:data2\" content=\"1 minuto\" \/>\n<script type=\"application\/ld+json\" class=\"yoast-schema-graph\">{\"@context\":\"https:\\\/\\\/schema.org\",\"@graph\":[{\"@type\":\"Article\",\"@id\":\"https:\\\/\\\/www.cidademarketing.com.br\\\/marketing\\\/2023\\\/08\\\/15\\\/ministerio-de-minas-e-energia-emite-nota-sobre-apagao-no-brasil-confira-os-estados-atingidos\\\/#article\",\"isPartOf\":{\"@id\":\"https:\\\/\\\/www.cidademarketing.com.br\\\/marketing\\\/2023\\\/08\\\/15\\\/ministerio-de-minas-e-energia-emite-nota-sobre-apagao-no-brasil-confira-os-estados-atingidos\\\/\"},\"author\":{\"name\":\"Thales Brand\u00e3o\",\"@id\":\"https:\\\/\\\/www.cidademarketing.com.br\\\/marketing\\\/#\\\/schema\\\/person\\\/02daff9f18bd9378c9e01eb6b2db155f\"},\"headline\":\"Minist\u00e9rio de Minas e Energia emite nota sobre apag\u00e3o no Brasil; Confira os Estados atingidos\",\"datePublished\":\"2023-08-15T14:24:52+00:00\",\"dateModified\":\"2023-08-15T14:30:16+00:00\",\"mainEntityOfPage\":{\"@id\":\"https:\\\/\\\/www.cidademarketing.com.br\\\/marketing\\\/2023\\\/08\\\/15\\\/ministerio-de-minas-e-energia-emite-nota-sobre-apagao-no-brasil-confira-os-estados-atingidos\\\/\"},\"wordCount\":302,\"commentCount\":0,\"publisher\":{\"@id\":\"https:\\\/\\\/www.cidademarketing.com.br\\\/marketing\\\/#organization\"},\"image\":{\"@id\":\"https:\\\/\\\/www.cidademarketing.com.br\\\/marketing\\\/2023\\\/08\\\/15\\\/ministerio-de-minas-e-energia-emite-nota-sobre-apagao-no-brasil-confira-os-estados-atingidos\\\/#primaryimage\"},\"thumbnailUrl\":\"https:\\\/\\\/www.cidademarketing.com.br\\\/marketing\\\/wp-content\\\/uploads\\\/2023\\\/08\\\/lampada_apagao.jpg\",\"keywords\":[\"apag\u00e3o\",\"Brasil\",\"energia\",\"investimento\",\"Minist\u00e9rio de Minas e Energia\",\"preju\u00edzo\"],\"articleSection\":[\"Not\u00edcias\"],\"inLanguage\":\"pt-BR\",\"potentialAction\":[{\"@type\":\"CommentAction\",\"name\":\"Comment\",\"target\":[\"https:\\\/\\\/www.cidademarketing.com.br\\\/marketing\\\/2023\\\/08\\\/15\\\/ministerio-de-minas-e-energia-emite-nota-sobre-apagao-no-brasil-confira-os-estados-atingidos\\\/#respond\"]}]},{\"@type\":\"WebPage\",\"@id\":\"https:\\\/\\\/www.cidademarketing.com.br\\\/marketing\\\/2023\\\/08\\\/15\\\/ministerio-de-minas-e-energia-emite-nota-sobre-apagao-no-brasil-confira-os-estados-atingidos\\\/\",\"url\":\"https:\\\/\\\/www.cidademarketing.com.br\\\/marketing\\\/2023\\\/08\\\/15\\\/ministerio-de-minas-e-energia-emite-nota-sobre-apagao-no-brasil-confira-os-estados-atingidos\\\/\",\"name\":\"Minist\u00e9rio de Minas e Energia emite nota sobre apag\u00e3o no Brasil; Confira os Estados atingidos - CidadeMarketing\",\"isPartOf\":{\"@id\":\"https:\\\/\\\/www.cidademarketing.com.br\\\/marketing\\\/#website\"},\"primaryImageOfPage\":{\"@id\":\"https:\\\/\\\/www.cidademarketing.com.br\\\/marketing\\\/2023\\\/08\\\/15\\\/ministerio-de-minas-e-energia-emite-nota-sobre-apagao-no-brasil-confira-os-estados-atingidos\\\/#primaryimage\"},\"image\":{\"@id\":\"https:\\\/\\\/www.cidademarketing.com.br\\\/marketing\\\/2023\\\/08\\\/15\\\/ministerio-de-minas-e-energia-emite-nota-sobre-apagao-no-brasil-confira-os-estados-atingidos\\\/#primaryimage\"},\"thumbnailUrl\":\"https:\\\/\\\/www.cidademarketing.com.br\\\/marketing\\\/wp-content\\\/uploads\\\/2023\\\/08\\\/lampada_apagao.jpg\",\"datePublished\":\"2023-08-15T14:24:52+00:00\",\"dateModified\":\"2023-08-15T14:30:16+00:00\",\"breadcrumb\":{\"@id\":\"https:\\\/\\\/www.cidademarketing.com.br\\\/marketing\\\/2023\\\/08\\\/15\\\/ministerio-de-minas-e-energia-emite-nota-sobre-apagao-no-brasil-confira-os-estados-atingidos\\\/#breadcrumb\"},\"inLanguage\":\"pt-BR\",\"potentialAction\":[{\"@type\":\"ReadAction\",\"target\":[\"https:\\\/\\\/www.cidademarketing.com.br\\\/marketing\\\/2023\\\/08\\\/15\\\/ministerio-de-minas-e-energia-emite-nota-sobre-apagao-no-brasil-confira-os-estados-atingidos\\\/\"]}]},{\"@type\":\"ImageObject\",\"inLanguage\":\"pt-BR\",\"@id\":\"https:\\\/\\\/www.cidademarketing.com.br\\\/marketing\\\/2023\\\/08\\\/15\\\/ministerio-de-minas-e-energia-emite-nota-sobre-apagao-no-brasil-confira-os-estados-atingidos\\\/#primaryimage\",\"url\":\"https:\\\/\\\/www.cidademarketing.com.br\\\/marketing\\\/wp-content\\\/uploads\\\/2023\\\/08\\\/lampada_apagao.jpg\",\"contentUrl\":\"https:\\\/\\\/www.cidademarketing.com.br\\\/marketing\\\/wp-content\\\/uploads\\\/2023\\\/08\\\/lampada_apagao.jpg\",\"width\":650,\"height\":650},{\"@type\":\"BreadcrumbList\",\"@id\":\"https:\\\/\\\/www.cidademarketing.com.br\\\/marketing\\\/2023\\\/08\\\/15\\\/ministerio-de-minas-e-energia-emite-nota-sobre-apagao-no-brasil-confira-os-estados-atingidos\\\/#breadcrumb\",\"itemListElement\":[{\"@type\":\"ListItem\",\"position\":1,\"name\":\"In\u00edcio\",\"item\":\"https:\\\/\\\/www.cidademarketing.com.br\\\/marketing\\\/\"},{\"@type\":\"ListItem\",\"position\":2,\"name\":\"Minist\u00e9rio de Minas e Energia emite nota sobre apag\u00e3o no Brasil; Confira os Estados atingidos\"}]},{\"@type\":\"WebSite\",\"@id\":\"https:\\\/\\\/www.cidademarketing.com.br\\\/marketing\\\/#website\",\"url\":\"https:\\\/\\\/www.cidademarketing.com.br\\\/marketing\\\/\",\"name\":\"CidadeMarketing\",\"description\":\"Somos um ve\u00edculo de comunica\u00e7\u00e3o de destaque no Brasil, reconhecido por conte\u00fados nos segmentos de marketing, empreendedorismo e inova\u00e7\u00e3o.\",\"publisher\":{\"@id\":\"https:\\\/\\\/www.cidademarketing.com.br\\\/marketing\\\/#organization\"},\"alternateName\":\"CidadeMarketing\",\"potentialAction\":[{\"@type\":\"SearchAction\",\"target\":{\"@type\":\"EntryPoint\",\"urlTemplate\":\"https:\\\/\\\/www.cidademarketing.com.br\\\/marketing\\\/?s={search_term_string}\"},\"query-input\":{\"@type\":\"PropertyValueSpecification\",\"valueRequired\":true,\"valueName\":\"search_term_string\"}}],\"inLanguage\":\"pt-BR\"},{\"@type\":\"Organization\",\"@id\":\"https:\\\/\\\/www.cidademarketing.com.br\\\/marketing\\\/#organization\",\"name\":\"CidadeMarketing\",\"alternateName\":\"CidadeMarketing\",\"url\":\"https:\\\/\\\/www.cidademarketing.com.br\\\/marketing\\\/\",\"logo\":{\"@type\":\"ImageObject\",\"inLanguage\":\"pt-BR\",\"@id\":\"https:\\\/\\\/www.cidademarketing.com.br\\\/marketing\\\/#\\\/schema\\\/logo\\\/image\\\/\",\"url\":\"https:\\\/\\\/www.cidademarketing.com.br\\\/marketing\\\/wp-content\\\/uploads\\\/2020\\\/01\\\/cidademarketing_marca_mobile.png\",\"contentUrl\":\"https:\\\/\\\/www.cidademarketing.com.br\\\/marketing\\\/wp-content\\\/uploads\\\/2020\\\/01\\\/cidademarketing_marca_mobile.png\",\"width\":230,\"height\":92,\"caption\":\"CidadeMarketing\"},\"image\":{\"@id\":\"https:\\\/\\\/www.cidademarketing.com.br\\\/marketing\\\/#\\\/schema\\\/logo\\\/image\\\/\"},\"sameAs\":[\"https:\\\/\\\/www.facebook.com\\\/portalcidademarketing\",\"https:\\\/\\\/x.com\\\/CidadeMarketing\",\"https:\\\/\\\/www.instagram.com\\\/cidademarketing\\\/\"]},{\"@type\":\"Person\",\"@id\":\"https:\\\/\\\/www.cidademarketing.com.br\\\/marketing\\\/#\\\/schema\\\/person\\\/02daff9f18bd9378c9e01eb6b2db155f\",\"name\":\"Thales Brand\u00e3o\",\"image\":{\"@type\":\"ImageObject\",\"inLanguage\":\"pt-BR\",\"@id\":\"https:\\\/\\\/secure.gravatar.com\\\/avatar\\\/7ca3206950207cc3cb48feec56a8a7898741ab725c368d99d5d7a5a50aab80c6?s=96&d=mm&r=g\",\"url\":\"https:\\\/\\\/secure.gravatar.com\\\/avatar\\\/7ca3206950207cc3cb48feec56a8a7898741ab725c368d99d5d7a5a50aab80c6?s=96&d=mm&r=g\",\"contentUrl\":\"https:\\\/\\\/secure.gravatar.com\\\/avatar\\\/7ca3206950207cc3cb48feec56a8a7898741ab725c368d99d5d7a5a50aab80c6?s=96&d=mm&r=g\",\"caption\":\"Thales Brand\u00e3o\"},\"description\":\"Editor Executivo do Portal CidadeMarketing.com.br &gt; Mestre em Comunica\u00e7\u00e3o e Sociedade pela Universidade Federal de Sergipe. Possui MBA Executivo em Administra\u00e7\u00e3o com \u00eanfase em Marketing pela Funda\u00e7\u00e3o Get\u00falio Vargas - Rio de Janeiro. Consultor, Palestrante e Pesquisador sobre Empreendedorismo, Marketing, Redes Sociais e Neg\u00f3cios Digitais. Professor, Palestrante TedxTalks e Campus Party. Twitter: @ThalesBrandao\",\"sameAs\":[\"http:\\\/\\\/www.mandacaru.com.br\",\"https:\\\/\\\/www.facebook.com\\\/thalesbrandao\",\"http:\\\/\\\/www.instagram.com.br\\\/thalesbrandaoferreira\",\"https:\\\/\\\/www.linkedin.com\\\/in\\\/thales-brand\u00e3o-3948609\\\/\",\"https:\\\/\\\/x.com\\\/http:\\\/\\\/www.twitter.com\\\/thalesbrandao\"],\"url\":\"https:\\\/\\\/www.cidademarketing.com.br\\\/marketing\\\/author\\\/thalesbrandao\\\/\"}]}<\/script>\n<!-- \/ Yoast SEO plugin. -->","yoast_head_json":{"title":"Minist\u00e9rio de Minas e Energia emite nota sobre apag\u00e3o no Brasil; Confira os Estados atingidos - CidadeMarketing","robots":{"index":"index","follow":"follow","max-snippet":"max-snippet:-1","max-image-preview":"max-image-preview:large","max-video-preview":"max-video-preview:-1"},"canonical":"https:\/\/www.cidademarketing.com.br\/marketing\/2023\/08\/15\/ministerio-de-minas-e-energia-emite-nota-sobre-apagao-no-brasil-confira-os-estados-atingidos\/","og_locale":"pt_BR","og_type":"article","og_title":"Minist\u00e9rio de Minas e Energia emite nota sobre apag\u00e3o no Brasil; Confira os Estados atingidos - CidadeMarketing","og_description":"Na manh\u00e3 de hoje, quedas de energia afetaram v\u00e1rias cidades nos 25 estados do Brasil, al\u00e9m do Distrito Federal, abrangendo todas as cinco regi\u00f5es do pa\u00eds. O Minist\u00e9rio de Minas e Energia (MME) divulgou uma atualiza\u00e7\u00e3o sobre a situa\u00e7\u00e3o do fornecimento el\u00e9trico. De acordo com o MME, as cargas de energia foram retomadas nas regi\u00f5es [&hellip;]","og_url":"https:\/\/www.cidademarketing.com.br\/marketing\/2023\/08\/15\/ministerio-de-minas-e-energia-emite-nota-sobre-apagao-no-brasil-confira-os-estados-atingidos\/","og_site_name":"CidadeMarketing","article_publisher":"https:\/\/www.facebook.com\/portalcidademarketing","article_author":"https:\/\/www.facebook.com\/thalesbrandao","article_published_time":"2023-08-15T14:24:52+00:00","article_modified_time":"2023-08-15T14:30:16+00:00","og_image":[{"width":650,"height":650,"url":"https:\/\/www.cidademarketing.com.br\/marketing\/wp-content\/uploads\/2023\/08\/lampada_apagao.jpg","type":"image\/jpeg"}],"author":"Thales Brand\u00e3o","twitter_card":"summary_large_image","twitter_creator":"@http:\/\/www.twitter.com\/thalesbrandao","twitter_site":"@CidadeMarketing","twitter_misc":{"Escrito por":"Thales Brand\u00e3o","Est. tempo de leitura":"1 minuto"},"schema":{"@context":"https:\/\/schema.org","@graph":[{"@type":"Article","@id":"https:\/\/www.cidademarketing.com.br\/marketing\/2023\/08\/15\/ministerio-de-minas-e-energia-emite-nota-sobre-apagao-no-brasil-confira-os-estados-atingidos\/#article","isPartOf":{"@id":"https:\/\/www.cidademarketing.com.br\/marketing\/2023\/08\/15\/ministerio-de-minas-e-energia-emite-nota-sobre-apagao-no-brasil-confira-os-estados-atingidos\/"},"author":{"name":"Thales Brand\u00e3o","@id":"https:\/\/www.cidademarketing.com.br\/marketing\/#\/schema\/person\/02daff9f18bd9378c9e01eb6b2db155f"},"headline":"Minist\u00e9rio de Minas e Energia emite nota sobre apag\u00e3o no Brasil; Confira os Estados atingidos","datePublished":"2023-08-15T14:24:52+00:00","dateModified":"2023-08-15T14:30:16+00:00","mainEntityOfPage":{"@id":"https:\/\/www.cidademarketing.com.br\/marketing\/2023\/08\/15\/ministerio-de-minas-e-energia-emite-nota-sobre-apagao-no-brasil-confira-os-estados-atingidos\/"},"wordCount":302,"commentCount":0,"publisher":{"@id":"https:\/\/www.cidademarketing.com.br\/marketing\/#organization"},"image":{"@id":"https:\/\/www.cidademarketing.com.br\/marketing\/2023\/08\/15\/ministerio-de-minas-e-energia-emite-nota-sobre-apagao-no-brasil-confira-os-estados-atingidos\/#primaryimage"},"thumbnailUrl":"https:\/\/www.cidademarketing.com.br\/marketing\/wp-content\/uploads\/2023\/08\/lampada_apagao.jpg","keywords":["apag\u00e3o","Brasil","energia","investimento","Minist\u00e9rio de Minas e Energia","preju\u00edzo"],"articleSection":["Not\u00edcias"],"inLanguage":"pt-BR","potentialAction":[{"@type":"CommentAction","name":"Comment","target":["https:\/\/www.cidademarketing.com.br\/marketing\/2023\/08\/15\/ministerio-de-minas-e-energia-emite-nota-sobre-apagao-no-brasil-confira-os-estados-atingidos\/#respond"]}]},{"@type":"WebPage","@id":"https:\/\/www.cidademarketing.com.br\/marketing\/2023\/08\/15\/ministerio-de-minas-e-energia-emite-nota-sobre-apagao-no-brasil-confira-os-estados-atingidos\/","url":"https:\/\/www.cidademarketing.com.br\/marketing\/2023\/08\/15\/ministerio-de-minas-e-energia-emite-nota-sobre-apagao-no-brasil-confira-os-estados-atingidos\/","name":"Minist\u00e9rio de Minas e Energia emite nota sobre apag\u00e3o no Brasil; Confira os Estados atingidos - CidadeMarketing","isPartOf":{"@id":"https:\/\/www.cidademarketing.com.br\/marketing\/#website"},"primaryImageOfPage":{"@id":"https:\/\/www.cidademarketing.com.br\/marketing\/2023\/08\/15\/ministerio-de-minas-e-energia-emite-nota-sobre-apagao-no-brasil-confira-os-estados-atingidos\/#primaryimage"},"image":{"@id":"https:\/\/www.cidademarketing.com.br\/marketing\/2023\/08\/15\/ministerio-de-minas-e-energia-emite-nota-sobre-apagao-no-brasil-confira-os-estados-atingidos\/#primaryimage"},"thumbnailUrl":"https:\/\/www.cidademarketing.com.br\/marketing\/wp-content\/uploads\/2023\/08\/lampada_apagao.jpg","datePublished":"2023-08-15T14:24:52+00:00","dateModified":"2023-08-15T14:30:16+00:00","breadcrumb":{"@id":"https:\/\/www.cidademarketing.com.br\/marketing\/2023\/08\/15\/ministerio-de-minas-e-energia-emite-nota-sobre-apagao-no-brasil-confira-os-estados-atingidos\/#breadcrumb"},"inLanguage":"pt-BR","potentialAction":[{"@type":"ReadAction","target":["https:\/\/www.cidademarketing.com.br\/marketing\/2023\/08\/15\/ministerio-de-minas-e-energia-emite-nota-sobre-apagao-no-brasil-confira-os-estados-atingidos\/"]}]},{"@type":"ImageObject","inLanguage":"pt-BR","@id":"https:\/\/www.cidademarketing.com.br\/marketing\/2023\/08\/15\/ministerio-de-minas-e-energia-emite-nota-sobre-apagao-no-brasil-confira-os-estados-atingidos\/#primaryimage","url":"https:\/\/www.cidademarketing.com.br\/marketing\/wp-content\/uploads\/2023\/08\/lampada_apagao.jpg","contentUrl":"https:\/\/www.cidademarketing.com.br\/marketing\/wp-content\/uploads\/2023\/08\/lampada_apagao.jpg","width":650,"height":650},{"@type":"BreadcrumbList","@id":"https:\/\/www.cidademarketing.com.br\/marketing\/2023\/08\/15\/ministerio-de-minas-e-energia-emite-nota-sobre-apagao-no-brasil-confira-os-estados-atingidos\/#breadcrumb","itemListElement":[{"@type":"ListItem","position":1,"name":"In\u00edcio","item":"https:\/\/www.cidademarketing.com.br\/marketing\/"},{"@type":"ListItem","position":2,"name":"Minist\u00e9rio de Minas e Energia emite nota sobre apag\u00e3o no Brasil; Confira os Estados atingidos"}]},{"@type":"WebSite","@id":"https:\/\/www.cidademarketing.com.br\/marketing\/#website","url":"https:\/\/www.cidademarketing.com.br\/marketing\/","name":"CidadeMarketing","description":"Somos um ve\u00edculo de comunica\u00e7\u00e3o de destaque no Brasil, reconhecido por conte\u00fados nos segmentos de marketing, empreendedorismo e inova\u00e7\u00e3o.","publisher":{"@id":"https:\/\/www.cidademarketing.com.br\/marketing\/#organization"},"alternateName":"CidadeMarketing","potentialAction":[{"@type":"SearchAction","target":{"@type":"EntryPoint","urlTemplate":"https:\/\/www.cidademarketing.com.br\/marketing\/?s={search_term_string}"},"query-input":{"@type":"PropertyValueSpecification","valueRequired":true,"valueName":"search_term_string"}}],"inLanguage":"pt-BR"},{"@type":"Organization","@id":"https:\/\/www.cidademarketing.com.br\/marketing\/#organization","name":"CidadeMarketing","alternateName":"CidadeMarketing","url":"https:\/\/www.cidademarketing.com.br\/marketing\/","logo":{"@type":"ImageObject","inLanguage":"pt-BR","@id":"https:\/\/www.cidademarketing.com.br\/marketing\/#\/schema\/logo\/image\/","url":"https:\/\/www.cidademarketing.com.br\/marketing\/wp-content\/uploads\/2020\/01\/cidademarketing_marca_mobile.png","contentUrl":"https:\/\/www.cidademarketing.com.br\/marketing\/wp-content\/uploads\/2020\/01\/cidademarketing_marca_mobile.png","width":230,"height":92,"caption":"CidadeMarketing"},"image":{"@id":"https:\/\/www.cidademarketing.com.br\/marketing\/#\/schema\/logo\/image\/"},"sameAs":["https:\/\/www.facebook.com\/portalcidademarketing","https:\/\/x.com\/CidadeMarketing","https:\/\/www.instagram.com\/cidademarketing\/"]},{"@type":"Person","@id":"https:\/\/www.cidademarketing.com.br\/marketing\/#\/schema\/person\/02daff9f18bd9378c9e01eb6b2db155f","name":"Thales Brand\u00e3o","image":{"@type":"ImageObject","inLanguage":"pt-BR","@id":"https:\/\/secure.gravatar.com\/avatar\/7ca3206950207cc3cb48feec56a8a7898741ab725c368d99d5d7a5a50aab80c6?s=96&d=mm&r=g","url":"https:\/\/secure.gravatar.com\/avatar\/7ca3206950207cc3cb48feec56a8a7898741ab725c368d99d5d7a5a50aab80c6?s=96&d=mm&r=g","contentUrl":"https:\/\/secure.gravatar.com\/avatar\/7ca3206950207cc3cb48feec56a8a7898741ab725c368d99d5d7a5a50aab80c6?s=96&d=mm&r=g","caption":"Thales Brand\u00e3o"},"description":"Editor Executivo do Portal CidadeMarketing.com.br &gt; Mestre em Comunica\u00e7\u00e3o e Sociedade pela Universidade Federal de Sergipe. Possui MBA Executivo em Administra\u00e7\u00e3o com \u00eanfase em Marketing pela Funda\u00e7\u00e3o Get\u00falio Vargas - Rio de Janeiro. Consultor, Palestrante e Pesquisador sobre Empreendedorismo, Marketing, Redes Sociais e Neg\u00f3cios Digitais. Professor, Palestrante TedxTalks e Campus Party. Twitter: @ThalesBrandao","sameAs":["http:\/\/www.mandacaru.com.br","https:\/\/www.facebook.com\/thalesbrandao","http:\/\/www.instagram.com.br\/thalesbrandaoferreira","https:\/\/www.linkedin.com\/in\/thales-brand\u00e3o-3948609\/","https:\/\/x.com\/http:\/\/www.twitter.com\/thalesbrandao"],"url":"https:\/\/www.cidademarketing.com.br\/marketing\/author\/thalesbrandao\/"}]}},"amp_enabled":true,"_links":{"self":[{"href":"https:\/\/www.cidademarketing.com.br\/marketing\/wp-json\/wp\/v2\/posts\/46659","targetHints":{"allow":["GET"]}}],"collection":[{"href":"https:\/\/www.cidademarketing.com.br\/marketing\/wp-json\/wp\/v2\/posts"}],"about":[{"href":"https:\/\/www.cidademarketing.com.br\/marketing\/wp-json\/wp\/v2\/types\/post"}],"author":[{"embeddable":true,"href":"https:\/\/www.cidademarketing.com.br\/marketing\/wp-json\/wp\/v2\/users\/1"}],"replies":[{"embeddable":true,"href":"https:\/\/www.cidademarketing.com.br\/marketing\/wp-json\/wp\/v2\/comments?post=46659"}],"version-history":[{"count":3,"href":"https:\/\/www.cidademarketing.com.br\/marketing\/wp-json\/wp\/v2\/posts\/46659\/revisions"}],"predecessor-version":[{"id":46663,"href":"https:\/\/www.cidademarketing.com.br\/marketing\/wp-json\/wp\/v2\/posts\/46659\/revisions\/46663"}],"wp:featuredmedia":[{"embeddable":true,"href":"https:\/\/www.cidademarketing.com.br\/marketing\/wp-json\/wp\/v2\/media\/46660"}],"wp:attachment":[{"href":"https:\/\/www.cidademarketing.com.br\/marketing\/wp-json\/wp\/v2\/media?parent=46659"}],"wp:term":[{"taxonomy":"category","embeddable":true,"href":"https:\/\/www.cidademarketing.com.br\/marketing\/wp-json\/wp\/v2\/categories?post=46659"},{"taxonomy":"post_tag","embeddable":true,"href":"https:\/\/www.cidademarketing.com.br\/marketing\/wp-json\/wp\/v2\/tags?post=46659"}],"curies":[{"name":"wp","href":"https:\/\/api.w.org\/{rel}","templated":true}]}}