{"id":46653,"date":"2023-08-15T09:18:36","date_gmt":"2023-08-15T12:18:36","guid":{"rendered":"https:\/\/www.cidademarketing.com.br\/marketing\/?p=46653"},"modified":"2023-08-15T11:17:24","modified_gmt":"2023-08-15T14:17:24","slug":"falta-de-energia-apagao-atinge-varias-cidades-brasileiras","status":"publish","type":"post","link":"https:\/\/www.cidademarketing.com.br\/marketing\/2023\/08\/15\/falta-de-energia-apagao-atinge-varias-cidades-brasileiras\/","title":{"rendered":"Falta de Energia: Apag\u00e3o atinge v\u00e1rias cidades brasileiras"},"content":{"rendered":"<div class=\"sticky top-0 z-10 flex items-center border-b border-white\/20 bg-gray-800 pl-1 pt-1 text-gray-200 sm:pl-3 md:hidden\">\n<h5 class=\"flex-1 text-center text-base font-normal\"><span style=\"font-family: Verdana, Geneva, sans-serif; font-size: 14px;\">Hoje, 15\/08, uma onda de preocupa\u00e7\u00e3o tomou conta do Twitter no Brasil, quando milhares de internautas come\u00e7aram a relatar um apag\u00e3o de energia em diversas regi\u00f5es do pa\u00eds. A plataforma rapidamente se encheu de mensagens de usu\u00e1rios compartilhando suas experi\u00eancias, expressando frustra\u00e7\u00e3o e buscando informa\u00e7\u00f5es sobre a situa\u00e7\u00e3o.<\/span><\/h5>\n<p><a href=\"https:\/\/www.cidademarketing.com.br\/marketing\/sua-marca-vai-virar-noticia\/\" target=\"_blank\" rel=\"noopener\"><img fetchpriority=\"high\" decoding=\"async\" class=\"wp-image-44329 aligncenter\" src=\"https:\/\/www.cidademarketing.com.br\/marketing\/wp-content\/uploads\/2023\/04\/cidademarketing_backlinks_marketingdigital_publieditorial_.png\" alt=\"\" width=\"500\" height=\"500\" \/><\/a><\/p>\n<\/div>\n<div class=\"flex-1 overflow-hidden\">\n<div class=\"react-scroll-to-bottom--css-agsbk-79elbk h-full dark:bg-gray-800\">\n<div class=\"react-scroll-to-bottom--css-agsbk-1n7m0yu\">\n<div class=\"flex flex-col text-sm dark:bg-gray-800\">\n<div class=\"group w-full text-token-text-primary border-b border-black\/10 dark:border-gray-900\/50 bg-gray-50 dark:bg-[#444654]\">\n<div class=\"flex p-4 gap-4 text-base md:gap-6 md:max-w-2xl lg:max-w-[38rem] xl:max-w-3xl md:py-6 lg:px-0 m-auto\">\n<div class=\"relative flex w-[calc(100%-50px)] flex-col gap-1 md:gap-3 lg:w-[calc(100%-115px)]\">\n<div class=\"flex flex-grow flex-col gap-3\">\n<div class=\"min-h-[20px] flex flex-col items-start gap-3 overflow-x-auto whitespace-pre-wrap break-words\">\n<div class=\"markdown prose w-full break-words dark:prose-invert light\">\n<p>As primeiras men\u00e7\u00f5es ao apag\u00e3o come\u00e7aram a surgir por volta das 8h25, quando pessoas de diferentes cidades relataram a queda repentina de energia el\u00e9trica. Usu\u00e1rios em Sergipe, Piau\u00ed, Pernambuco, Maranh\u00e3o, Alagoas,\u00a0 Piau\u00ed, Bahia, Acre, Amap\u00e1, Minas Gerais, Cear\u00e1, Santa Catarina e\u00a0 outros Estados compartilharam fotos e v\u00eddeos de suas \u00e1reas escuras, enquanto o assunto mais falados s\u00e3o &#8220;apag\u00e3o&#8221;, &#8220;faltou&#8221;, &#8220;Itaipu&#8221;, &#8220;Enel&#8221; e &#8220;Nordeste&#8221; para compartilhar informa\u00e7\u00f5es e se conectarem com outros afetados.<\/p>\n<p><iframe title=\"Spotify Embed: Podcast CidadeMarketing\" style=\"border-radius: 12px\" width=\"100%\" height=\"152\" frameborder=\"0\" allowfullscreen allow=\"autoplay; clipboard-write; encrypted-media; fullscreen; picture-in-picture\" loading=\"lazy\" src=\"https:\/\/open.spotify.com\/embed\/show\/4khMKzP3FgFRWVwb73xicc?si=252fe5bff2b34909&#038;utm_source=oembed\"><\/iframe><\/p>\n<p>A rea\u00e7\u00e3o em cadeia no Twitter refletiu a urg\u00eancia das pessoas em comunicar a situa\u00e7\u00e3o\u00a0 entender a extens\u00e3o do apag\u00e3o. Al\u00e9m disso, muitos usu\u00e1rios demonstraram preocupa\u00e7\u00f5es sobre a falta de informa\u00e7\u00f5es oficiais por parte das autoridades de energia e do governo. Enquanto alguns especulavam sobre as poss\u00edveis causas, outros aproveitaram a oportunidade para compartilhar dicas sobre como lidar com a falta de energia e como se preparar para tais situa\u00e7\u00f5es.<\/p>\n<\/div>\n<\/div>\n<\/div>\n<\/div>\n<\/div>\n<\/div>\n<\/div>\n<\/div>\n<\/div>\n<\/div>\n<p>&nbsp;<\/p>\n","protected":false},"excerpt":{"rendered":"<p>Hoje, 15\/08, uma onda de preocupa\u00e7\u00e3o tomou conta do Twitter no Brasil, quando milhares de internautas come\u00e7aram a relatar um apag\u00e3o de energia em diversas regi\u00f5es do pa\u00eds. A plataforma rapidamente se encheu de mensagens de usu\u00e1rios compartilhando suas experi\u00eancias, expressando frustra\u00e7\u00e3o e buscando informa\u00e7\u00f5es sobre a situa\u00e7\u00e3o. As primeiras men\u00e7\u00f5es ao apag\u00e3o come\u00e7aram a [&hellip;]<\/p>\n","protected":false},"author":1,"featured_media":2882,"comment_status":"open","ping_status":"open","sticky":false,"template":"","format":"standard","meta":{"tdm_status":"","tdm_grid_status":"","footnotes":""},"categories":[6],"tags":[4637,147,323,190,6176,2094],"class_list":["post-46653","post","type-post","status-publish","format-standard","has-post-thumbnail","hentry","category-noticias","tag-apagao","tag-brasil","tag-empresas","tag-energia","tag-itaipu","tag-luz"],"yoast_head":"<!-- This site is optimized with the Yoast SEO plugin v27.5 - https:\/\/yoast.com\/product\/yoast-seo-wordpress\/ -->\n<title>Falta de Energia: Apag\u00e3o atinge v\u00e1rias cidades brasileiras - CidadeMarketing<\/title>\n<meta name=\"robots\" content=\"index, follow, max-snippet:-1, max-image-preview:large, max-video-preview:-1\" \/>\n<link rel=\"canonical\" href=\"https:\/\/www.cidademarketing.com.br\/marketing\/2023\/08\/15\/falta-de-energia-apagao-atinge-varias-cidades-brasileiras\/\" \/>\n<meta property=\"og:locale\" content=\"pt_BR\" \/>\n<meta property=\"og:type\" content=\"article\" \/>\n<meta property=\"og:title\" content=\"Falta de Energia: Apag\u00e3o atinge v\u00e1rias cidades brasileiras - CidadeMarketing\" \/>\n<meta property=\"og:description\" content=\"Hoje, 15\/08, uma onda de preocupa\u00e7\u00e3o tomou conta do Twitter no Brasil, quando milhares de internautas come\u00e7aram a relatar um apag\u00e3o de energia em diversas regi\u00f5es do pa\u00eds. A plataforma rapidamente se encheu de mensagens de usu\u00e1rios compartilhando suas experi\u00eancias, expressando frustra\u00e7\u00e3o e buscando informa\u00e7\u00f5es sobre a situa\u00e7\u00e3o. As primeiras men\u00e7\u00f5es ao apag\u00e3o come\u00e7aram a [&hellip;]\" \/>\n<meta property=\"og:url\" content=\"https:\/\/www.cidademarketing.com.br\/marketing\/2023\/08\/15\/falta-de-energia-apagao-atinge-varias-cidades-brasileiras\/\" \/>\n<meta property=\"og:site_name\" content=\"CidadeMarketing\" \/>\n<meta property=\"article:publisher\" content=\"https:\/\/www.facebook.com\/portalcidademarketing\" \/>\n<meta property=\"article:author\" content=\"https:\/\/www.facebook.com\/thalesbrandao\" \/>\n<meta property=\"article:published_time\" content=\"2023-08-15T12:18:36+00:00\" \/>\n<meta property=\"article:modified_time\" content=\"2023-08-15T14:17:24+00:00\" \/>\n<meta property=\"og:image\" content=\"https:\/\/www.cidademarketing.com.br\/marketing\/wp-content\/uploads\/2018\/10\/luz.jpg\" \/>\n\t<meta property=\"og:image:width\" content=\"572\" \/>\n\t<meta property=\"og:image:height\" content=\"716\" \/>\n\t<meta property=\"og:image:type\" content=\"image\/jpeg\" \/>\n<meta name=\"author\" content=\"Thales Brand\u00e3o\" \/>\n<meta name=\"twitter:card\" content=\"summary_large_image\" \/>\n<meta name=\"twitter:creator\" content=\"@http:\/\/www.twitter.com\/thalesbrandao\" \/>\n<meta name=\"twitter:site\" content=\"@CidadeMarketing\" \/>\n<meta name=\"twitter:label1\" content=\"Escrito por\" \/>\n\t<meta name=\"twitter:data1\" content=\"Thales Brand\u00e3o\" \/>\n\t<meta name=\"twitter:label2\" content=\"Est. tempo de leitura\" \/>\n\t<meta name=\"twitter:data2\" content=\"1 minuto\" \/>\n<script type=\"application\/ld+json\" class=\"yoast-schema-graph\">{\"@context\":\"https:\\\/\\\/schema.org\",\"@graph\":[{\"@type\":\"Article\",\"@id\":\"https:\\\/\\\/www.cidademarketing.com.br\\\/marketing\\\/2023\\\/08\\\/15\\\/falta-de-energia-apagao-atinge-varias-cidades-brasileiras\\\/#article\",\"isPartOf\":{\"@id\":\"https:\\\/\\\/www.cidademarketing.com.br\\\/marketing\\\/2023\\\/08\\\/15\\\/falta-de-energia-apagao-atinge-varias-cidades-brasileiras\\\/\"},\"author\":{\"name\":\"Thales Brand\u00e3o\",\"@id\":\"https:\\\/\\\/www.cidademarketing.com.br\\\/marketing\\\/#\\\/schema\\\/person\\\/02daff9f18bd9378c9e01eb6b2db155f\"},\"headline\":\"Falta de Energia: Apag\u00e3o atinge v\u00e1rias cidades brasileiras\",\"datePublished\":\"2023-08-15T12:18:36+00:00\",\"dateModified\":\"2023-08-15T14:17:24+00:00\",\"mainEntityOfPage\":{\"@id\":\"https:\\\/\\\/www.cidademarketing.com.br\\\/marketing\\\/2023\\\/08\\\/15\\\/falta-de-energia-apagao-atinge-varias-cidades-brasileiras\\\/\"},\"wordCount\":245,\"commentCount\":0,\"publisher\":{\"@id\":\"https:\\\/\\\/www.cidademarketing.com.br\\\/marketing\\\/#organization\"},\"image\":{\"@id\":\"https:\\\/\\\/www.cidademarketing.com.br\\\/marketing\\\/2023\\\/08\\\/15\\\/falta-de-energia-apagao-atinge-varias-cidades-brasileiras\\\/#primaryimage\"},\"thumbnailUrl\":\"https:\\\/\\\/www.cidademarketing.com.br\\\/marketing\\\/wp-content\\\/uploads\\\/2018\\\/10\\\/luz.jpg\",\"keywords\":[\"apag\u00e3o\",\"Brasil\",\"empresas\",\"energia\",\"Itaipu\",\"luz\"],\"articleSection\":[\"Not\u00edcias\"],\"inLanguage\":\"pt-BR\",\"potentialAction\":[{\"@type\":\"CommentAction\",\"name\":\"Comment\",\"target\":[\"https:\\\/\\\/www.cidademarketing.com.br\\\/marketing\\\/2023\\\/08\\\/15\\\/falta-de-energia-apagao-atinge-varias-cidades-brasileiras\\\/#respond\"]}]},{\"@type\":\"WebPage\",\"@id\":\"https:\\\/\\\/www.cidademarketing.com.br\\\/marketing\\\/2023\\\/08\\\/15\\\/falta-de-energia-apagao-atinge-varias-cidades-brasileiras\\\/\",\"url\":\"https:\\\/\\\/www.cidademarketing.com.br\\\/marketing\\\/2023\\\/08\\\/15\\\/falta-de-energia-apagao-atinge-varias-cidades-brasileiras\\\/\",\"name\":\"Falta de Energia: Apag\u00e3o atinge v\u00e1rias cidades brasileiras - CidadeMarketing\",\"isPartOf\":{\"@id\":\"https:\\\/\\\/www.cidademarketing.com.br\\\/marketing\\\/#website\"},\"primaryImageOfPage\":{\"@id\":\"https:\\\/\\\/www.cidademarketing.com.br\\\/marketing\\\/2023\\\/08\\\/15\\\/falta-de-energia-apagao-atinge-varias-cidades-brasileiras\\\/#primaryimage\"},\"image\":{\"@id\":\"https:\\\/\\\/www.cidademarketing.com.br\\\/marketing\\\/2023\\\/08\\\/15\\\/falta-de-energia-apagao-atinge-varias-cidades-brasileiras\\\/#primaryimage\"},\"thumbnailUrl\":\"https:\\\/\\\/www.cidademarketing.com.br\\\/marketing\\\/wp-content\\\/uploads\\\/2018\\\/10\\\/luz.jpg\",\"datePublished\":\"2023-08-15T12:18:36+00:00\",\"dateModified\":\"2023-08-15T14:17:24+00:00\",\"breadcrumb\":{\"@id\":\"https:\\\/\\\/www.cidademarketing.com.br\\\/marketing\\\/2023\\\/08\\\/15\\\/falta-de-energia-apagao-atinge-varias-cidades-brasileiras\\\/#breadcrumb\"},\"inLanguage\":\"pt-BR\",\"potentialAction\":[{\"@type\":\"ReadAction\",\"target\":[\"https:\\\/\\\/www.cidademarketing.com.br\\\/marketing\\\/2023\\\/08\\\/15\\\/falta-de-energia-apagao-atinge-varias-cidades-brasileiras\\\/\"]}]},{\"@type\":\"ImageObject\",\"inLanguage\":\"pt-BR\",\"@id\":\"https:\\\/\\\/www.cidademarketing.com.br\\\/marketing\\\/2023\\\/08\\\/15\\\/falta-de-energia-apagao-atinge-varias-cidades-brasileiras\\\/#primaryimage\",\"url\":\"https:\\\/\\\/www.cidademarketing.com.br\\\/marketing\\\/wp-content\\\/uploads\\\/2018\\\/10\\\/luz.jpg\",\"contentUrl\":\"https:\\\/\\\/www.cidademarketing.com.br\\\/marketing\\\/wp-content\\\/uploads\\\/2018\\\/10\\\/luz.jpg\",\"width\":572,\"height\":716,\"caption\":\"\u00d3rg\u00e3os de Defesa dos Consumidores investigam o caso\"},{\"@type\":\"BreadcrumbList\",\"@id\":\"https:\\\/\\\/www.cidademarketing.com.br\\\/marketing\\\/2023\\\/08\\\/15\\\/falta-de-energia-apagao-atinge-varias-cidades-brasileiras\\\/#breadcrumb\",\"itemListElement\":[{\"@type\":\"ListItem\",\"position\":1,\"name\":\"In\u00edcio\",\"item\":\"https:\\\/\\\/www.cidademarketing.com.br\\\/marketing\\\/\"},{\"@type\":\"ListItem\",\"position\":2,\"name\":\"Falta de Energia: Apag\u00e3o atinge v\u00e1rias cidades brasileiras\"}]},{\"@type\":\"WebSite\",\"@id\":\"https:\\\/\\\/www.cidademarketing.com.br\\\/marketing\\\/#website\",\"url\":\"https:\\\/\\\/www.cidademarketing.com.br\\\/marketing\\\/\",\"name\":\"CidadeMarketing\",\"description\":\"Somos um ve\u00edculo de comunica\u00e7\u00e3o de destaque no Brasil, reconhecido por conte\u00fados nos segmentos de marketing, empreendedorismo e inova\u00e7\u00e3o.\",\"publisher\":{\"@id\":\"https:\\\/\\\/www.cidademarketing.com.br\\\/marketing\\\/#organization\"},\"alternateName\":\"CidadeMarketing\",\"potentialAction\":[{\"@type\":\"SearchAction\",\"target\":{\"@type\":\"EntryPoint\",\"urlTemplate\":\"https:\\\/\\\/www.cidademarketing.com.br\\\/marketing\\\/?s={search_term_string}\"},\"query-input\":{\"@type\":\"PropertyValueSpecification\",\"valueRequired\":true,\"valueName\":\"search_term_string\"}}],\"inLanguage\":\"pt-BR\"},{\"@type\":\"Organization\",\"@id\":\"https:\\\/\\\/www.cidademarketing.com.br\\\/marketing\\\/#organization\",\"name\":\"CidadeMarketing\",\"alternateName\":\"CidadeMarketing\",\"url\":\"https:\\\/\\\/www.cidademarketing.com.br\\\/marketing\\\/\",\"logo\":{\"@type\":\"ImageObject\",\"inLanguage\":\"pt-BR\",\"@id\":\"https:\\\/\\\/www.cidademarketing.com.br\\\/marketing\\\/#\\\/schema\\\/logo\\\/image\\\/\",\"url\":\"https:\\\/\\\/www.cidademarketing.com.br\\\/marketing\\\/wp-content\\\/uploads\\\/2020\\\/01\\\/cidademarketing_marca_mobile.png\",\"contentUrl\":\"https:\\\/\\\/www.cidademarketing.com.br\\\/marketing\\\/wp-content\\\/uploads\\\/2020\\\/01\\\/cidademarketing_marca_mobile.png\",\"width\":230,\"height\":92,\"caption\":\"CidadeMarketing\"},\"image\":{\"@id\":\"https:\\\/\\\/www.cidademarketing.com.br\\\/marketing\\\/#\\\/schema\\\/logo\\\/image\\\/\"},\"sameAs\":[\"https:\\\/\\\/www.facebook.com\\\/portalcidademarketing\",\"https:\\\/\\\/x.com\\\/CidadeMarketing\",\"https:\\\/\\\/www.instagram.com\\\/cidademarketing\\\/\"]},{\"@type\":\"Person\",\"@id\":\"https:\\\/\\\/www.cidademarketing.com.br\\\/marketing\\\/#\\\/schema\\\/person\\\/02daff9f18bd9378c9e01eb6b2db155f\",\"name\":\"Thales Brand\u00e3o\",\"image\":{\"@type\":\"ImageObject\",\"inLanguage\":\"pt-BR\",\"@id\":\"https:\\\/\\\/secure.gravatar.com\\\/avatar\\\/7ca3206950207cc3cb48feec56a8a7898741ab725c368d99d5d7a5a50aab80c6?s=96&d=mm&r=g\",\"url\":\"https:\\\/\\\/secure.gravatar.com\\\/avatar\\\/7ca3206950207cc3cb48feec56a8a7898741ab725c368d99d5d7a5a50aab80c6?s=96&d=mm&r=g\",\"contentUrl\":\"https:\\\/\\\/secure.gravatar.com\\\/avatar\\\/7ca3206950207cc3cb48feec56a8a7898741ab725c368d99d5d7a5a50aab80c6?s=96&d=mm&r=g\",\"caption\":\"Thales Brand\u00e3o\"},\"description\":\"Editor Executivo do Portal CidadeMarketing.com.br &gt; Mestre em Comunica\u00e7\u00e3o e Sociedade pela Universidade Federal de Sergipe. Possui MBA Executivo em Administra\u00e7\u00e3o com \u00eanfase em Marketing pela Funda\u00e7\u00e3o Get\u00falio Vargas - Rio de Janeiro. Consultor, Palestrante e Pesquisador sobre Empreendedorismo, Marketing, Redes Sociais e Neg\u00f3cios Digitais. Professor, Palestrante TedxTalks e Campus Party. Twitter: @ThalesBrandao\",\"sameAs\":[\"http:\\\/\\\/www.mandacaru.com.br\",\"https:\\\/\\\/www.facebook.com\\\/thalesbrandao\",\"http:\\\/\\\/www.instagram.com.br\\\/thalesbrandaoferreira\",\"https:\\\/\\\/www.linkedin.com\\\/in\\\/thales-brand\u00e3o-3948609\\\/\",\"https:\\\/\\\/x.com\\\/http:\\\/\\\/www.twitter.com\\\/thalesbrandao\"],\"url\":\"https:\\\/\\\/www.cidademarketing.com.br\\\/marketing\\\/author\\\/thalesbrandao\\\/\"}]}<\/script>\n<!-- \/ Yoast SEO plugin. -->","yoast_head_json":{"title":"Falta de Energia: Apag\u00e3o atinge v\u00e1rias cidades brasileiras - CidadeMarketing","robots":{"index":"index","follow":"follow","max-snippet":"max-snippet:-1","max-image-preview":"max-image-preview:large","max-video-preview":"max-video-preview:-1"},"canonical":"https:\/\/www.cidademarketing.com.br\/marketing\/2023\/08\/15\/falta-de-energia-apagao-atinge-varias-cidades-brasileiras\/","og_locale":"pt_BR","og_type":"article","og_title":"Falta de Energia: Apag\u00e3o atinge v\u00e1rias cidades brasileiras - CidadeMarketing","og_description":"Hoje, 15\/08, uma onda de preocupa\u00e7\u00e3o tomou conta do Twitter no Brasil, quando milhares de internautas come\u00e7aram a relatar um apag\u00e3o de energia em diversas regi\u00f5es do pa\u00eds. A plataforma rapidamente se encheu de mensagens de usu\u00e1rios compartilhando suas experi\u00eancias, expressando frustra\u00e7\u00e3o e buscando informa\u00e7\u00f5es sobre a situa\u00e7\u00e3o. As primeiras men\u00e7\u00f5es ao apag\u00e3o come\u00e7aram a [&hellip;]","og_url":"https:\/\/www.cidademarketing.com.br\/marketing\/2023\/08\/15\/falta-de-energia-apagao-atinge-varias-cidades-brasileiras\/","og_site_name":"CidadeMarketing","article_publisher":"https:\/\/www.facebook.com\/portalcidademarketing","article_author":"https:\/\/www.facebook.com\/thalesbrandao","article_published_time":"2023-08-15T12:18:36+00:00","article_modified_time":"2023-08-15T14:17:24+00:00","og_image":[{"width":572,"height":716,"url":"https:\/\/www.cidademarketing.com.br\/marketing\/wp-content\/uploads\/2018\/10\/luz.jpg","type":"image\/jpeg"}],"author":"Thales Brand\u00e3o","twitter_card":"summary_large_image","twitter_creator":"@http:\/\/www.twitter.com\/thalesbrandao","twitter_site":"@CidadeMarketing","twitter_misc":{"Escrito por":"Thales Brand\u00e3o","Est. tempo de leitura":"1 minuto"},"schema":{"@context":"https:\/\/schema.org","@graph":[{"@type":"Article","@id":"https:\/\/www.cidademarketing.com.br\/marketing\/2023\/08\/15\/falta-de-energia-apagao-atinge-varias-cidades-brasileiras\/#article","isPartOf":{"@id":"https:\/\/www.cidademarketing.com.br\/marketing\/2023\/08\/15\/falta-de-energia-apagao-atinge-varias-cidades-brasileiras\/"},"author":{"name":"Thales Brand\u00e3o","@id":"https:\/\/www.cidademarketing.com.br\/marketing\/#\/schema\/person\/02daff9f18bd9378c9e01eb6b2db155f"},"headline":"Falta de Energia: Apag\u00e3o atinge v\u00e1rias cidades brasileiras","datePublished":"2023-08-15T12:18:36+00:00","dateModified":"2023-08-15T14:17:24+00:00","mainEntityOfPage":{"@id":"https:\/\/www.cidademarketing.com.br\/marketing\/2023\/08\/15\/falta-de-energia-apagao-atinge-varias-cidades-brasileiras\/"},"wordCount":245,"commentCount":0,"publisher":{"@id":"https:\/\/www.cidademarketing.com.br\/marketing\/#organization"},"image":{"@id":"https:\/\/www.cidademarketing.com.br\/marketing\/2023\/08\/15\/falta-de-energia-apagao-atinge-varias-cidades-brasileiras\/#primaryimage"},"thumbnailUrl":"https:\/\/www.cidademarketing.com.br\/marketing\/wp-content\/uploads\/2018\/10\/luz.jpg","keywords":["apag\u00e3o","Brasil","empresas","energia","Itaipu","luz"],"articleSection":["Not\u00edcias"],"inLanguage":"pt-BR","potentialAction":[{"@type":"CommentAction","name":"Comment","target":["https:\/\/www.cidademarketing.com.br\/marketing\/2023\/08\/15\/falta-de-energia-apagao-atinge-varias-cidades-brasileiras\/#respond"]}]},{"@type":"WebPage","@id":"https:\/\/www.cidademarketing.com.br\/marketing\/2023\/08\/15\/falta-de-energia-apagao-atinge-varias-cidades-brasileiras\/","url":"https:\/\/www.cidademarketing.com.br\/marketing\/2023\/08\/15\/falta-de-energia-apagao-atinge-varias-cidades-brasileiras\/","name":"Falta de Energia: Apag\u00e3o atinge v\u00e1rias cidades brasileiras - CidadeMarketing","isPartOf":{"@id":"https:\/\/www.cidademarketing.com.br\/marketing\/#website"},"primaryImageOfPage":{"@id":"https:\/\/www.cidademarketing.com.br\/marketing\/2023\/08\/15\/falta-de-energia-apagao-atinge-varias-cidades-brasileiras\/#primaryimage"},"image":{"@id":"https:\/\/www.cidademarketing.com.br\/marketing\/2023\/08\/15\/falta-de-energia-apagao-atinge-varias-cidades-brasileiras\/#primaryimage"},"thumbnailUrl":"https:\/\/www.cidademarketing.com.br\/marketing\/wp-content\/uploads\/2018\/10\/luz.jpg","datePublished":"2023-08-15T12:18:36+00:00","dateModified":"2023-08-15T14:17:24+00:00","breadcrumb":{"@id":"https:\/\/www.cidademarketing.com.br\/marketing\/2023\/08\/15\/falta-de-energia-apagao-atinge-varias-cidades-brasileiras\/#breadcrumb"},"inLanguage":"pt-BR","potentialAction":[{"@type":"ReadAction","target":["https:\/\/www.cidademarketing.com.br\/marketing\/2023\/08\/15\/falta-de-energia-apagao-atinge-varias-cidades-brasileiras\/"]}]},{"@type":"ImageObject","inLanguage":"pt-BR","@id":"https:\/\/www.cidademarketing.com.br\/marketing\/2023\/08\/15\/falta-de-energia-apagao-atinge-varias-cidades-brasileiras\/#primaryimage","url":"https:\/\/www.cidademarketing.com.br\/marketing\/wp-content\/uploads\/2018\/10\/luz.jpg","contentUrl":"https:\/\/www.cidademarketing.com.br\/marketing\/wp-content\/uploads\/2018\/10\/luz.jpg","width":572,"height":716,"caption":"\u00d3rg\u00e3os de Defesa dos Consumidores investigam o caso"},{"@type":"BreadcrumbList","@id":"https:\/\/www.cidademarketing.com.br\/marketing\/2023\/08\/15\/falta-de-energia-apagao-atinge-varias-cidades-brasileiras\/#breadcrumb","itemListElement":[{"@type":"ListItem","position":1,"name":"In\u00edcio","item":"https:\/\/www.cidademarketing.com.br\/marketing\/"},{"@type":"ListItem","position":2,"name":"Falta de Energia: Apag\u00e3o atinge v\u00e1rias cidades brasileiras"}]},{"@type":"WebSite","@id":"https:\/\/www.cidademarketing.com.br\/marketing\/#website","url":"https:\/\/www.cidademarketing.com.br\/marketing\/","name":"CidadeMarketing","description":"Somos um ve\u00edculo de comunica\u00e7\u00e3o de destaque no Brasil, reconhecido por conte\u00fados nos segmentos de marketing, empreendedorismo e inova\u00e7\u00e3o.","publisher":{"@id":"https:\/\/www.cidademarketing.com.br\/marketing\/#organization"},"alternateName":"CidadeMarketing","potentialAction":[{"@type":"SearchAction","target":{"@type":"EntryPoint","urlTemplate":"https:\/\/www.cidademarketing.com.br\/marketing\/?s={search_term_string}"},"query-input":{"@type":"PropertyValueSpecification","valueRequired":true,"valueName":"search_term_string"}}],"inLanguage":"pt-BR"},{"@type":"Organization","@id":"https:\/\/www.cidademarketing.com.br\/marketing\/#organization","name":"CidadeMarketing","alternateName":"CidadeMarketing","url":"https:\/\/www.cidademarketing.com.br\/marketing\/","logo":{"@type":"ImageObject","inLanguage":"pt-BR","@id":"https:\/\/www.cidademarketing.com.br\/marketing\/#\/schema\/logo\/image\/","url":"https:\/\/www.cidademarketing.com.br\/marketing\/wp-content\/uploads\/2020\/01\/cidademarketing_marca_mobile.png","contentUrl":"https:\/\/www.cidademarketing.com.br\/marketing\/wp-content\/uploads\/2020\/01\/cidademarketing_marca_mobile.png","width":230,"height":92,"caption":"CidadeMarketing"},"image":{"@id":"https:\/\/www.cidademarketing.com.br\/marketing\/#\/schema\/logo\/image\/"},"sameAs":["https:\/\/www.facebook.com\/portalcidademarketing","https:\/\/x.com\/CidadeMarketing","https:\/\/www.instagram.com\/cidademarketing\/"]},{"@type":"Person","@id":"https:\/\/www.cidademarketing.com.br\/marketing\/#\/schema\/person\/02daff9f18bd9378c9e01eb6b2db155f","name":"Thales Brand\u00e3o","image":{"@type":"ImageObject","inLanguage":"pt-BR","@id":"https:\/\/secure.gravatar.com\/avatar\/7ca3206950207cc3cb48feec56a8a7898741ab725c368d99d5d7a5a50aab80c6?s=96&d=mm&r=g","url":"https:\/\/secure.gravatar.com\/avatar\/7ca3206950207cc3cb48feec56a8a7898741ab725c368d99d5d7a5a50aab80c6?s=96&d=mm&r=g","contentUrl":"https:\/\/secure.gravatar.com\/avatar\/7ca3206950207cc3cb48feec56a8a7898741ab725c368d99d5d7a5a50aab80c6?s=96&d=mm&r=g","caption":"Thales Brand\u00e3o"},"description":"Editor Executivo do Portal CidadeMarketing.com.br &gt; Mestre em Comunica\u00e7\u00e3o e Sociedade pela Universidade Federal de Sergipe. Possui MBA Executivo em Administra\u00e7\u00e3o com \u00eanfase em Marketing pela Funda\u00e7\u00e3o Get\u00falio Vargas - Rio de Janeiro. Consultor, Palestrante e Pesquisador sobre Empreendedorismo, Marketing, Redes Sociais e Neg\u00f3cios Digitais. Professor, Palestrante TedxTalks e Campus Party. Twitter: @ThalesBrandao","sameAs":["http:\/\/www.mandacaru.com.br","https:\/\/www.facebook.com\/thalesbrandao","http:\/\/www.instagram.com.br\/thalesbrandaoferreira","https:\/\/www.linkedin.com\/in\/thales-brand\u00e3o-3948609\/","https:\/\/x.com\/http:\/\/www.twitter.com\/thalesbrandao"],"url":"https:\/\/www.cidademarketing.com.br\/marketing\/author\/thalesbrandao\/"}]}},"amp_enabled":true,"_links":{"self":[{"href":"https:\/\/www.cidademarketing.com.br\/marketing\/wp-json\/wp\/v2\/posts\/46653","targetHints":{"allow":["GET"]}}],"collection":[{"href":"https:\/\/www.cidademarketing.com.br\/marketing\/wp-json\/wp\/v2\/posts"}],"about":[{"href":"https:\/\/www.cidademarketing.com.br\/marketing\/wp-json\/wp\/v2\/types\/post"}],"author":[{"embeddable":true,"href":"https:\/\/www.cidademarketing.com.br\/marketing\/wp-json\/wp\/v2\/users\/1"}],"replies":[{"embeddable":true,"href":"https:\/\/www.cidademarketing.com.br\/marketing\/wp-json\/wp\/v2\/comments?post=46653"}],"version-history":[{"count":4,"href":"https:\/\/www.cidademarketing.com.br\/marketing\/wp-json\/wp\/v2\/posts\/46653\/revisions"}],"predecessor-version":[{"id":46658,"href":"https:\/\/www.cidademarketing.com.br\/marketing\/wp-json\/wp\/v2\/posts\/46653\/revisions\/46658"}],"wp:featuredmedia":[{"embeddable":true,"href":"https:\/\/www.cidademarketing.com.br\/marketing\/wp-json\/wp\/v2\/media\/2882"}],"wp:attachment":[{"href":"https:\/\/www.cidademarketing.com.br\/marketing\/wp-json\/wp\/v2\/media?parent=46653"}],"wp:term":[{"taxonomy":"category","embeddable":true,"href":"https:\/\/www.cidademarketing.com.br\/marketing\/wp-json\/wp\/v2\/categories?post=46653"},{"taxonomy":"post_tag","embeddable":true,"href":"https:\/\/www.cidademarketing.com.br\/marketing\/wp-json\/wp\/v2\/tags?post=46653"}],"curies":[{"name":"wp","href":"https:\/\/api.w.org\/{rel}","templated":true}]}}