{"id":46617,"date":"2023-08-14T17:13:48","date_gmt":"2023-08-14T20:13:48","guid":{"rendered":"https:\/\/www.cidademarketing.com.br\/marketing\/?p=46617"},"modified":"2023-08-14T17:13:48","modified_gmt":"2023-08-14T20:13:48","slug":"byd-e-99-estarao-juntos-em-acao-de-marketing-na-estreia-da-novela-fuzue-da-globo","status":"publish","type":"post","link":"https:\/\/www.cidademarketing.com.br\/marketing\/2023\/08\/14\/byd-e-99-estarao-juntos-em-acao-de-marketing-na-estreia-da-novela-fuzue-da-globo\/","title":{"rendered":"BYD e 99 estar\u00e3o juntos em a\u00e7\u00e3o de marketing na estreia da novela &#8220;Fuzu\u00ea&#8221; da Globo"},"content":{"rendered":"<p>Em mais uma a\u00e7\u00e3o da campanha \u201cPara onde vamos?\u201d, a 99 leva sua tecnologia e inova\u00e7\u00e3o \u00e0 nova novela das 19h da TV Globo: \u2018Fuzu\u00ea\u2019, que estreia no dia 14 de agosto.<\/p>\n<p>A novidade global traz em sua hist\u00f3ria a busca pela liberdade de Miguel, interpretado por Nicolas Prattes e um dos principais personagens da trama, do controle do seu pai Nero, representado por Edson Celulari, que deseja que o filho seja seu sucessor na Fuzu\u00ea, popular loja de departamentos do Centro do Rio.<\/p>\n<p><a href=\"https:\/\/www.cidademarketing.com.br\/marketing\/sua-marca-vai-virar-noticia\/\" target=\"_blank\" rel=\"noopener\"><img fetchpriority=\"high\" decoding=\"async\" class=\"wp-image-44329 aligncenter\" src=\"https:\/\/www.cidademarketing.com.br\/marketing\/wp-content\/uploads\/2023\/04\/cidademarketing_backlinks_marketingdigital_publieditorial_.png\" alt=\"\" width=\"500\" height=\"500\" \/><\/a><br \/>\nNa cena, o protagonista chega \u00e0 loja a bordo do D1 EV, ve\u00edculo el\u00e9trico da BYD, greentech que integra a Alian\u00e7a pela Mobilidade Sustent\u00e1vel, desenvolvida e liderada pela 99. A inser\u00e7\u00e3o foi realizada em uma parceria da 99 com a ag\u00eancia CP+B.<\/p>\n<p>\u201cA presen\u00e7a na \u2018Fuzu\u00ea\u2019, nos auxilia a expandir nossa narrativa da campanha \u2018Para onde vamos?\u2019 com a for\u00e7a nacional que a Rede Globo possui pelo grande alcance\u201d, pontua Ana Verroni, diretora s\u00eanior de marketing e insights da 99 ao complementar que: \u201cTransmitir a experi\u00eancia de uma viagem em um dos ve\u00edculos mais modernos do mundo, desenvolvido por meio dos feedbacks dos motoristas parceiros da DiDi, na China, \u00e9 levar ao p\u00fablico brasileiro a ess\u00eancia da 99, em fazer parte da vida dos usu\u00e1rios nos diferentes momentos da rotina, alinhando a tecnologia, qualidade e economia aos telespectadores\u201d, destaca.<\/p>\n<p>Por sua vez, Bianca Bisconsin, diretora de m\u00eddia CP+B, comenta que: \u201cAs novelas t\u00eam o poder de entrar na casa e nos h\u00e1bitos dos brasileiros. Partindo desse princ\u00edpio, constru\u00edmos uma a\u00e7\u00e3o que trar\u00e1 com alcance e impacto nacional, trazendo um dos protagonistas da novela vivenciando a experi\u00eancia de usar um carro el\u00e9trico, dispon\u00edvel no app da 99, e que tem muito potencial para crescer e ganhar mais espa\u00e7o no dia a dia do consumidor\u201d.<\/p>\n<p>99 e BYD<br \/>\nEm um marco da eletrifica\u00e7\u00e3o de frota para passageiros no Brasil, a 99 e a BYD, n\u00famero um do mundo na fabrica\u00e7\u00e3o e comercializa\u00e7\u00e3o de ve\u00edculos el\u00e9tricos anunciaram, em julho, a chegada de 300 D1s EV, primeiro ve\u00edculo el\u00e9trico feito sob medida para atender o mercado de transporte por aplicativo.<\/p>\n<p>A parceria, que faz parte das a\u00e7\u00f5es da Alian\u00e7a pela Mobilidade Sustent\u00e1vel, criada e liderada pela 99 ao lado de mais 12 empresas de diferentes \u00e1reas, antecipa em seis meses a meta de entregar mil carros el\u00e9tricos, antes estipulada at\u00e9 o final de 2023. Com isso, passa a oferecer a maior frota de ve\u00edculos el\u00e9tricos do Pa\u00eds, tendo S\u00e3o Paulo como cidade pioneira da iniciativa.<\/p>\n<p>Com 4.390 mm de comprimento, 1.850 mm de largura e 1.650 mm de altura, o BYD D1 oferece porte de SUV m\u00e9dio, enquanto o entre-eixos de surpreendentes 2.800 mm remete aos sed\u00e3s grandes de luxo. O motor el\u00e9trico entrega 136 cv de pot\u00eancia e 18,3 kgfm de torque m\u00e1ximo e a velocidade m\u00e1xima \u00e9 limitada em 130 km\/h. As modernas baterias Blade com 53 kWh de capacidade garantem autonomia para at\u00e9 418 km NEDC ou 258 km no ciclo PBEV (Inmetro), gerando uma economia do custo operacional dos motoristas parceiros em at\u00e9 80% em compara\u00e7\u00e3o aos ve\u00edculos a combust\u00e3o.<\/p>\n<p><iframe title=\"Spotify Embed: Podcast CidadeMarketing\" style=\"border-radius: 12px\" width=\"100%\" height=\"152\" frameborder=\"0\" allowfullscreen allow=\"autoplay; clipboard-write; encrypted-media; fullscreen; picture-in-picture\" loading=\"lazy\" src=\"https:\/\/open.spotify.com\/embed\/show\/4khMKzP3FgFRWVwb73xicc?si=252fe5bff2b34909&#038;utm_source=oembed\"><\/iframe><\/p>\n<p>&nbsp;<\/p>\n<p>Esses recursos s\u00e3o combinados com um painel de intera\u00e7\u00e3o com o motorista, com assistente de voz a bordo e um volante inteligente. O carro tamb\u00e9m integra todo o fluxo de servi\u00e7o de recep\u00e7\u00e3o de corridas, desde a verifica\u00e7\u00e3o do motorista, embarque e desembarque at\u00e9 o pagamento e atendimento ao cliente.<\/p>\n<p>\u201cPara onde vamos?\u201d<br \/>\nLan\u00e7ada em junho, a campanha foca em aproximar os usu\u00e1rios presentes nos mais de 3.300 munic\u00edpios por meio de experi\u00eancias, que v\u00e3o al\u00e9m das corridas, mas sim nas diferentes ocasi\u00f5es que fazem parte da vida das pessoas.<\/p>\n","protected":false},"excerpt":{"rendered":"<p>Em mais uma a\u00e7\u00e3o da campanha \u201cPara onde vamos?\u201d, a 99 leva sua tecnologia e inova\u00e7\u00e3o \u00e0 nova novela das 19h da TV Globo: \u2018Fuzu\u00ea\u2019, que estreia no dia 14 de agosto. A novidade global traz em sua hist\u00f3ria a busca pela liberdade de Miguel, interpretado por Nicolas Prattes e um dos principais personagens da [&hellip;]<\/p>\n","protected":false},"author":1,"featured_media":46618,"comment_status":"open","ping_status":"open","sticky":false,"template":"","format":"standard","meta":{"tdm_status":"","tdm_grid_status":"","footnotes":""},"categories":[6],"tags":[91,6084,65,33,215,28,5114],"class_list":["post-46617","post","type-post","status-publish","format-standard","has-post-thumbnail","hentry","category-noticias","tag-91","tag-byd","tag-campanha","tag-estrategia","tag-globo","tag-marketing","tag-novela"],"yoast_head":"<!-- This site is optimized with the Yoast SEO plugin v27.5 - https:\/\/yoast.com\/product\/yoast-seo-wordpress\/ -->\n<title>BYD e 99 estar\u00e3o juntos em a\u00e7\u00e3o de marketing na estreia da novela &quot;Fuzu\u00ea&quot; da Globo - CidadeMarketing<\/title>\n<meta name=\"robots\" content=\"index, follow, max-snippet:-1, max-image-preview:large, max-video-preview:-1\" \/>\n<link rel=\"canonical\" href=\"https:\/\/www.cidademarketing.com.br\/marketing\/2023\/08\/14\/byd-e-99-estarao-juntos-em-acao-de-marketing-na-estreia-da-novela-fuzue-da-globo\/\" \/>\n<meta property=\"og:locale\" content=\"pt_BR\" \/>\n<meta property=\"og:type\" content=\"article\" \/>\n<meta property=\"og:title\" content=\"BYD e 99 estar\u00e3o juntos em a\u00e7\u00e3o de marketing na estreia da novela &quot;Fuzu\u00ea&quot; da Globo - CidadeMarketing\" \/>\n<meta property=\"og:description\" content=\"Em mais uma a\u00e7\u00e3o da campanha \u201cPara onde vamos?\u201d, a 99 leva sua tecnologia e inova\u00e7\u00e3o \u00e0 nova novela das 19h da TV Globo: \u2018Fuzu\u00ea\u2019, que estreia no dia 14 de agosto. A novidade global traz em sua hist\u00f3ria a busca pela liberdade de Miguel, interpretado por Nicolas Prattes e um dos principais personagens da [&hellip;]\" \/>\n<meta property=\"og:url\" content=\"https:\/\/www.cidademarketing.com.br\/marketing\/2023\/08\/14\/byd-e-99-estarao-juntos-em-acao-de-marketing-na-estreia-da-novela-fuzue-da-globo\/\" \/>\n<meta property=\"og:site_name\" content=\"CidadeMarketing\" \/>\n<meta property=\"article:publisher\" content=\"https:\/\/www.facebook.com\/portalcidademarketing\" \/>\n<meta property=\"article:author\" content=\"https:\/\/www.facebook.com\/thalesbrandao\" \/>\n<meta property=\"article:published_time\" content=\"2023-08-14T20:13:48+00:00\" \/>\n<meta property=\"og:image\" content=\"https:\/\/www.cidademarketing.com.br\/marketing\/wp-content\/uploads\/2023\/08\/99_byd_veiculoeletrico_globo.png\" \/>\n\t<meta property=\"og:image:width\" content=\"886\" \/>\n\t<meta property=\"og:image:height\" content=\"591\" \/>\n\t<meta property=\"og:image:type\" content=\"image\/png\" \/>\n<meta name=\"author\" content=\"Thales Brand\u00e3o\" \/>\n<meta name=\"twitter:card\" content=\"summary_large_image\" \/>\n<meta name=\"twitter:creator\" content=\"@http:\/\/www.twitter.com\/thalesbrandao\" \/>\n<meta name=\"twitter:site\" content=\"@CidadeMarketing\" \/>\n<meta name=\"twitter:label1\" content=\"Escrito por\" \/>\n\t<meta name=\"twitter:data1\" content=\"Thales Brand\u00e3o\" \/>\n\t<meta name=\"twitter:label2\" content=\"Est. tempo de leitura\" \/>\n\t<meta name=\"twitter:data2\" content=\"3 minutos\" \/>\n<script type=\"application\/ld+json\" class=\"yoast-schema-graph\">{\"@context\":\"https:\\\/\\\/schema.org\",\"@graph\":[{\"@type\":\"Article\",\"@id\":\"https:\\\/\\\/www.cidademarketing.com.br\\\/marketing\\\/2023\\\/08\\\/14\\\/byd-e-99-estarao-juntos-em-acao-de-marketing-na-estreia-da-novela-fuzue-da-globo\\\/#article\",\"isPartOf\":{\"@id\":\"https:\\\/\\\/www.cidademarketing.com.br\\\/marketing\\\/2023\\\/08\\\/14\\\/byd-e-99-estarao-juntos-em-acao-de-marketing-na-estreia-da-novela-fuzue-da-globo\\\/\"},\"author\":{\"name\":\"Thales Brand\u00e3o\",\"@id\":\"https:\\\/\\\/www.cidademarketing.com.br\\\/marketing\\\/#\\\/schema\\\/person\\\/02daff9f18bd9378c9e01eb6b2db155f\"},\"headline\":\"BYD e 99 estar\u00e3o juntos em a\u00e7\u00e3o de marketing na estreia da novela &#8220;Fuzu\u00ea&#8221; da Globo\",\"datePublished\":\"2023-08-14T20:13:48+00:00\",\"mainEntityOfPage\":{\"@id\":\"https:\\\/\\\/www.cidademarketing.com.br\\\/marketing\\\/2023\\\/08\\\/14\\\/byd-e-99-estarao-juntos-em-acao-de-marketing-na-estreia-da-novela-fuzue-da-globo\\\/\"},\"wordCount\":676,\"commentCount\":0,\"publisher\":{\"@id\":\"https:\\\/\\\/www.cidademarketing.com.br\\\/marketing\\\/#organization\"},\"image\":{\"@id\":\"https:\\\/\\\/www.cidademarketing.com.br\\\/marketing\\\/2023\\\/08\\\/14\\\/byd-e-99-estarao-juntos-em-acao-de-marketing-na-estreia-da-novela-fuzue-da-globo\\\/#primaryimage\"},\"thumbnailUrl\":\"https:\\\/\\\/www.cidademarketing.com.br\\\/marketing\\\/wp-content\\\/uploads\\\/2023\\\/08\\\/99_byd_veiculoeletrico_globo.png\",\"keywords\":[\"99\",\"BYD\",\"campanha\",\"estrat\u00e9gia\",\"Globo\",\"marketing\",\"novela\"],\"articleSection\":[\"Not\u00edcias\"],\"inLanguage\":\"pt-BR\",\"potentialAction\":[{\"@type\":\"CommentAction\",\"name\":\"Comment\",\"target\":[\"https:\\\/\\\/www.cidademarketing.com.br\\\/marketing\\\/2023\\\/08\\\/14\\\/byd-e-99-estarao-juntos-em-acao-de-marketing-na-estreia-da-novela-fuzue-da-globo\\\/#respond\"]}]},{\"@type\":\"WebPage\",\"@id\":\"https:\\\/\\\/www.cidademarketing.com.br\\\/marketing\\\/2023\\\/08\\\/14\\\/byd-e-99-estarao-juntos-em-acao-de-marketing-na-estreia-da-novela-fuzue-da-globo\\\/\",\"url\":\"https:\\\/\\\/www.cidademarketing.com.br\\\/marketing\\\/2023\\\/08\\\/14\\\/byd-e-99-estarao-juntos-em-acao-de-marketing-na-estreia-da-novela-fuzue-da-globo\\\/\",\"name\":\"BYD e 99 estar\u00e3o juntos em a\u00e7\u00e3o de marketing na estreia da novela \\\"Fuzu\u00ea\\\" da Globo - CidadeMarketing\",\"isPartOf\":{\"@id\":\"https:\\\/\\\/www.cidademarketing.com.br\\\/marketing\\\/#website\"},\"primaryImageOfPage\":{\"@id\":\"https:\\\/\\\/www.cidademarketing.com.br\\\/marketing\\\/2023\\\/08\\\/14\\\/byd-e-99-estarao-juntos-em-acao-de-marketing-na-estreia-da-novela-fuzue-da-globo\\\/#primaryimage\"},\"image\":{\"@id\":\"https:\\\/\\\/www.cidademarketing.com.br\\\/marketing\\\/2023\\\/08\\\/14\\\/byd-e-99-estarao-juntos-em-acao-de-marketing-na-estreia-da-novela-fuzue-da-globo\\\/#primaryimage\"},\"thumbnailUrl\":\"https:\\\/\\\/www.cidademarketing.com.br\\\/marketing\\\/wp-content\\\/uploads\\\/2023\\\/08\\\/99_byd_veiculoeletrico_globo.png\",\"datePublished\":\"2023-08-14T20:13:48+00:00\",\"breadcrumb\":{\"@id\":\"https:\\\/\\\/www.cidademarketing.com.br\\\/marketing\\\/2023\\\/08\\\/14\\\/byd-e-99-estarao-juntos-em-acao-de-marketing-na-estreia-da-novela-fuzue-da-globo\\\/#breadcrumb\"},\"inLanguage\":\"pt-BR\",\"potentialAction\":[{\"@type\":\"ReadAction\",\"target\":[\"https:\\\/\\\/www.cidademarketing.com.br\\\/marketing\\\/2023\\\/08\\\/14\\\/byd-e-99-estarao-juntos-em-acao-de-marketing-na-estreia-da-novela-fuzue-da-globo\\\/\"]}]},{\"@type\":\"ImageObject\",\"inLanguage\":\"pt-BR\",\"@id\":\"https:\\\/\\\/www.cidademarketing.com.br\\\/marketing\\\/2023\\\/08\\\/14\\\/byd-e-99-estarao-juntos-em-acao-de-marketing-na-estreia-da-novela-fuzue-da-globo\\\/#primaryimage\",\"url\":\"https:\\\/\\\/www.cidademarketing.com.br\\\/marketing\\\/wp-content\\\/uploads\\\/2023\\\/08\\\/99_byd_veiculoeletrico_globo.png\",\"contentUrl\":\"https:\\\/\\\/www.cidademarketing.com.br\\\/marketing\\\/wp-content\\\/uploads\\\/2023\\\/08\\\/99_byd_veiculoeletrico_globo.png\",\"width\":886,\"height\":591,\"caption\":\"Divulga\u00e7\u00e3o\"},{\"@type\":\"BreadcrumbList\",\"@id\":\"https:\\\/\\\/www.cidademarketing.com.br\\\/marketing\\\/2023\\\/08\\\/14\\\/byd-e-99-estarao-juntos-em-acao-de-marketing-na-estreia-da-novela-fuzue-da-globo\\\/#breadcrumb\",\"itemListElement\":[{\"@type\":\"ListItem\",\"position\":1,\"name\":\"In\u00edcio\",\"item\":\"https:\\\/\\\/www.cidademarketing.com.br\\\/marketing\\\/\"},{\"@type\":\"ListItem\",\"position\":2,\"name\":\"BYD e 99 estar\u00e3o juntos em a\u00e7\u00e3o de marketing na estreia da novela &#8220;Fuzu\u00ea&#8221; da Globo\"}]},{\"@type\":\"WebSite\",\"@id\":\"https:\\\/\\\/www.cidademarketing.com.br\\\/marketing\\\/#website\",\"url\":\"https:\\\/\\\/www.cidademarketing.com.br\\\/marketing\\\/\",\"name\":\"CidadeMarketing\",\"description\":\"Somos um ve\u00edculo de comunica\u00e7\u00e3o de destaque no Brasil, reconhecido por conte\u00fados nos segmentos de marketing, empreendedorismo e inova\u00e7\u00e3o.\",\"publisher\":{\"@id\":\"https:\\\/\\\/www.cidademarketing.com.br\\\/marketing\\\/#organization\"},\"alternateName\":\"CidadeMarketing\",\"potentialAction\":[{\"@type\":\"SearchAction\",\"target\":{\"@type\":\"EntryPoint\",\"urlTemplate\":\"https:\\\/\\\/www.cidademarketing.com.br\\\/marketing\\\/?s={search_term_string}\"},\"query-input\":{\"@type\":\"PropertyValueSpecification\",\"valueRequired\":true,\"valueName\":\"search_term_string\"}}],\"inLanguage\":\"pt-BR\"},{\"@type\":\"Organization\",\"@id\":\"https:\\\/\\\/www.cidademarketing.com.br\\\/marketing\\\/#organization\",\"name\":\"CidadeMarketing\",\"alternateName\":\"CidadeMarketing\",\"url\":\"https:\\\/\\\/www.cidademarketing.com.br\\\/marketing\\\/\",\"logo\":{\"@type\":\"ImageObject\",\"inLanguage\":\"pt-BR\",\"@id\":\"https:\\\/\\\/www.cidademarketing.com.br\\\/marketing\\\/#\\\/schema\\\/logo\\\/image\\\/\",\"url\":\"https:\\\/\\\/www.cidademarketing.com.br\\\/marketing\\\/wp-content\\\/uploads\\\/2020\\\/01\\\/cidademarketing_marca_mobile.png\",\"contentUrl\":\"https:\\\/\\\/www.cidademarketing.com.br\\\/marketing\\\/wp-content\\\/uploads\\\/2020\\\/01\\\/cidademarketing_marca_mobile.png\",\"width\":230,\"height\":92,\"caption\":\"CidadeMarketing\"},\"image\":{\"@id\":\"https:\\\/\\\/www.cidademarketing.com.br\\\/marketing\\\/#\\\/schema\\\/logo\\\/image\\\/\"},\"sameAs\":[\"https:\\\/\\\/www.facebook.com\\\/portalcidademarketing\",\"https:\\\/\\\/x.com\\\/CidadeMarketing\",\"https:\\\/\\\/www.instagram.com\\\/cidademarketing\\\/\"]},{\"@type\":\"Person\",\"@id\":\"https:\\\/\\\/www.cidademarketing.com.br\\\/marketing\\\/#\\\/schema\\\/person\\\/02daff9f18bd9378c9e01eb6b2db155f\",\"name\":\"Thales Brand\u00e3o\",\"image\":{\"@type\":\"ImageObject\",\"inLanguage\":\"pt-BR\",\"@id\":\"https:\\\/\\\/secure.gravatar.com\\\/avatar\\\/7ca3206950207cc3cb48feec56a8a7898741ab725c368d99d5d7a5a50aab80c6?s=96&d=mm&r=g\",\"url\":\"https:\\\/\\\/secure.gravatar.com\\\/avatar\\\/7ca3206950207cc3cb48feec56a8a7898741ab725c368d99d5d7a5a50aab80c6?s=96&d=mm&r=g\",\"contentUrl\":\"https:\\\/\\\/secure.gravatar.com\\\/avatar\\\/7ca3206950207cc3cb48feec56a8a7898741ab725c368d99d5d7a5a50aab80c6?s=96&d=mm&r=g\",\"caption\":\"Thales Brand\u00e3o\"},\"description\":\"Editor Executivo do Portal CidadeMarketing.com.br &gt; Mestre em Comunica\u00e7\u00e3o e Sociedade pela Universidade Federal de Sergipe. Possui MBA Executivo em Administra\u00e7\u00e3o com \u00eanfase em Marketing pela Funda\u00e7\u00e3o Get\u00falio Vargas - Rio de Janeiro. Consultor, Palestrante e Pesquisador sobre Empreendedorismo, Marketing, Redes Sociais e Neg\u00f3cios Digitais. Professor, Palestrante TedxTalks e Campus Party. Twitter: @ThalesBrandao\",\"sameAs\":[\"http:\\\/\\\/www.mandacaru.com.br\",\"https:\\\/\\\/www.facebook.com\\\/thalesbrandao\",\"http:\\\/\\\/www.instagram.com.br\\\/thalesbrandaoferreira\",\"https:\\\/\\\/www.linkedin.com\\\/in\\\/thales-brand\u00e3o-3948609\\\/\",\"https:\\\/\\\/x.com\\\/http:\\\/\\\/www.twitter.com\\\/thalesbrandao\"],\"url\":\"https:\\\/\\\/www.cidademarketing.com.br\\\/marketing\\\/author\\\/thalesbrandao\\\/\"}]}<\/script>\n<!-- \/ Yoast SEO plugin. -->","yoast_head_json":{"title":"BYD e 99 estar\u00e3o juntos em a\u00e7\u00e3o de marketing na estreia da novela \"Fuzu\u00ea\" da Globo - CidadeMarketing","robots":{"index":"index","follow":"follow","max-snippet":"max-snippet:-1","max-image-preview":"max-image-preview:large","max-video-preview":"max-video-preview:-1"},"canonical":"https:\/\/www.cidademarketing.com.br\/marketing\/2023\/08\/14\/byd-e-99-estarao-juntos-em-acao-de-marketing-na-estreia-da-novela-fuzue-da-globo\/","og_locale":"pt_BR","og_type":"article","og_title":"BYD e 99 estar\u00e3o juntos em a\u00e7\u00e3o de marketing na estreia da novela \"Fuzu\u00ea\" da Globo - CidadeMarketing","og_description":"Em mais uma a\u00e7\u00e3o da campanha \u201cPara onde vamos?\u201d, a 99 leva sua tecnologia e inova\u00e7\u00e3o \u00e0 nova novela das 19h da TV Globo: \u2018Fuzu\u00ea\u2019, que estreia no dia 14 de agosto. A novidade global traz em sua hist\u00f3ria a busca pela liberdade de Miguel, interpretado por Nicolas Prattes e um dos principais personagens da [&hellip;]","og_url":"https:\/\/www.cidademarketing.com.br\/marketing\/2023\/08\/14\/byd-e-99-estarao-juntos-em-acao-de-marketing-na-estreia-da-novela-fuzue-da-globo\/","og_site_name":"CidadeMarketing","article_publisher":"https:\/\/www.facebook.com\/portalcidademarketing","article_author":"https:\/\/www.facebook.com\/thalesbrandao","article_published_time":"2023-08-14T20:13:48+00:00","og_image":[{"width":886,"height":591,"url":"https:\/\/www.cidademarketing.com.br\/marketing\/wp-content\/uploads\/2023\/08\/99_byd_veiculoeletrico_globo.png","type":"image\/png"}],"author":"Thales Brand\u00e3o","twitter_card":"summary_large_image","twitter_creator":"@http:\/\/www.twitter.com\/thalesbrandao","twitter_site":"@CidadeMarketing","twitter_misc":{"Escrito por":"Thales Brand\u00e3o","Est. tempo de leitura":"3 minutos"},"schema":{"@context":"https:\/\/schema.org","@graph":[{"@type":"Article","@id":"https:\/\/www.cidademarketing.com.br\/marketing\/2023\/08\/14\/byd-e-99-estarao-juntos-em-acao-de-marketing-na-estreia-da-novela-fuzue-da-globo\/#article","isPartOf":{"@id":"https:\/\/www.cidademarketing.com.br\/marketing\/2023\/08\/14\/byd-e-99-estarao-juntos-em-acao-de-marketing-na-estreia-da-novela-fuzue-da-globo\/"},"author":{"name":"Thales Brand\u00e3o","@id":"https:\/\/www.cidademarketing.com.br\/marketing\/#\/schema\/person\/02daff9f18bd9378c9e01eb6b2db155f"},"headline":"BYD e 99 estar\u00e3o juntos em a\u00e7\u00e3o de marketing na estreia da novela &#8220;Fuzu\u00ea&#8221; da Globo","datePublished":"2023-08-14T20:13:48+00:00","mainEntityOfPage":{"@id":"https:\/\/www.cidademarketing.com.br\/marketing\/2023\/08\/14\/byd-e-99-estarao-juntos-em-acao-de-marketing-na-estreia-da-novela-fuzue-da-globo\/"},"wordCount":676,"commentCount":0,"publisher":{"@id":"https:\/\/www.cidademarketing.com.br\/marketing\/#organization"},"image":{"@id":"https:\/\/www.cidademarketing.com.br\/marketing\/2023\/08\/14\/byd-e-99-estarao-juntos-em-acao-de-marketing-na-estreia-da-novela-fuzue-da-globo\/#primaryimage"},"thumbnailUrl":"https:\/\/www.cidademarketing.com.br\/marketing\/wp-content\/uploads\/2023\/08\/99_byd_veiculoeletrico_globo.png","keywords":["99","BYD","campanha","estrat\u00e9gia","Globo","marketing","novela"],"articleSection":["Not\u00edcias"],"inLanguage":"pt-BR","potentialAction":[{"@type":"CommentAction","name":"Comment","target":["https:\/\/www.cidademarketing.com.br\/marketing\/2023\/08\/14\/byd-e-99-estarao-juntos-em-acao-de-marketing-na-estreia-da-novela-fuzue-da-globo\/#respond"]}]},{"@type":"WebPage","@id":"https:\/\/www.cidademarketing.com.br\/marketing\/2023\/08\/14\/byd-e-99-estarao-juntos-em-acao-de-marketing-na-estreia-da-novela-fuzue-da-globo\/","url":"https:\/\/www.cidademarketing.com.br\/marketing\/2023\/08\/14\/byd-e-99-estarao-juntos-em-acao-de-marketing-na-estreia-da-novela-fuzue-da-globo\/","name":"BYD e 99 estar\u00e3o juntos em a\u00e7\u00e3o de marketing na estreia da novela \"Fuzu\u00ea\" da Globo - CidadeMarketing","isPartOf":{"@id":"https:\/\/www.cidademarketing.com.br\/marketing\/#website"},"primaryImageOfPage":{"@id":"https:\/\/www.cidademarketing.com.br\/marketing\/2023\/08\/14\/byd-e-99-estarao-juntos-em-acao-de-marketing-na-estreia-da-novela-fuzue-da-globo\/#primaryimage"},"image":{"@id":"https:\/\/www.cidademarketing.com.br\/marketing\/2023\/08\/14\/byd-e-99-estarao-juntos-em-acao-de-marketing-na-estreia-da-novela-fuzue-da-globo\/#primaryimage"},"thumbnailUrl":"https:\/\/www.cidademarketing.com.br\/marketing\/wp-content\/uploads\/2023\/08\/99_byd_veiculoeletrico_globo.png","datePublished":"2023-08-14T20:13:48+00:00","breadcrumb":{"@id":"https:\/\/www.cidademarketing.com.br\/marketing\/2023\/08\/14\/byd-e-99-estarao-juntos-em-acao-de-marketing-na-estreia-da-novela-fuzue-da-globo\/#breadcrumb"},"inLanguage":"pt-BR","potentialAction":[{"@type":"ReadAction","target":["https:\/\/www.cidademarketing.com.br\/marketing\/2023\/08\/14\/byd-e-99-estarao-juntos-em-acao-de-marketing-na-estreia-da-novela-fuzue-da-globo\/"]}]},{"@type":"ImageObject","inLanguage":"pt-BR","@id":"https:\/\/www.cidademarketing.com.br\/marketing\/2023\/08\/14\/byd-e-99-estarao-juntos-em-acao-de-marketing-na-estreia-da-novela-fuzue-da-globo\/#primaryimage","url":"https:\/\/www.cidademarketing.com.br\/marketing\/wp-content\/uploads\/2023\/08\/99_byd_veiculoeletrico_globo.png","contentUrl":"https:\/\/www.cidademarketing.com.br\/marketing\/wp-content\/uploads\/2023\/08\/99_byd_veiculoeletrico_globo.png","width":886,"height":591,"caption":"Divulga\u00e7\u00e3o"},{"@type":"BreadcrumbList","@id":"https:\/\/www.cidademarketing.com.br\/marketing\/2023\/08\/14\/byd-e-99-estarao-juntos-em-acao-de-marketing-na-estreia-da-novela-fuzue-da-globo\/#breadcrumb","itemListElement":[{"@type":"ListItem","position":1,"name":"In\u00edcio","item":"https:\/\/www.cidademarketing.com.br\/marketing\/"},{"@type":"ListItem","position":2,"name":"BYD e 99 estar\u00e3o juntos em a\u00e7\u00e3o de marketing na estreia da novela &#8220;Fuzu\u00ea&#8221; da Globo"}]},{"@type":"WebSite","@id":"https:\/\/www.cidademarketing.com.br\/marketing\/#website","url":"https:\/\/www.cidademarketing.com.br\/marketing\/","name":"CidadeMarketing","description":"Somos um ve\u00edculo de comunica\u00e7\u00e3o de destaque no Brasil, reconhecido por conte\u00fados nos segmentos de marketing, empreendedorismo e inova\u00e7\u00e3o.","publisher":{"@id":"https:\/\/www.cidademarketing.com.br\/marketing\/#organization"},"alternateName":"CidadeMarketing","potentialAction":[{"@type":"SearchAction","target":{"@type":"EntryPoint","urlTemplate":"https:\/\/www.cidademarketing.com.br\/marketing\/?s={search_term_string}"},"query-input":{"@type":"PropertyValueSpecification","valueRequired":true,"valueName":"search_term_string"}}],"inLanguage":"pt-BR"},{"@type":"Organization","@id":"https:\/\/www.cidademarketing.com.br\/marketing\/#organization","name":"CidadeMarketing","alternateName":"CidadeMarketing","url":"https:\/\/www.cidademarketing.com.br\/marketing\/","logo":{"@type":"ImageObject","inLanguage":"pt-BR","@id":"https:\/\/www.cidademarketing.com.br\/marketing\/#\/schema\/logo\/image\/","url":"https:\/\/www.cidademarketing.com.br\/marketing\/wp-content\/uploads\/2020\/01\/cidademarketing_marca_mobile.png","contentUrl":"https:\/\/www.cidademarketing.com.br\/marketing\/wp-content\/uploads\/2020\/01\/cidademarketing_marca_mobile.png","width":230,"height":92,"caption":"CidadeMarketing"},"image":{"@id":"https:\/\/www.cidademarketing.com.br\/marketing\/#\/schema\/logo\/image\/"},"sameAs":["https:\/\/www.facebook.com\/portalcidademarketing","https:\/\/x.com\/CidadeMarketing","https:\/\/www.instagram.com\/cidademarketing\/"]},{"@type":"Person","@id":"https:\/\/www.cidademarketing.com.br\/marketing\/#\/schema\/person\/02daff9f18bd9378c9e01eb6b2db155f","name":"Thales Brand\u00e3o","image":{"@type":"ImageObject","inLanguage":"pt-BR","@id":"https:\/\/secure.gravatar.com\/avatar\/7ca3206950207cc3cb48feec56a8a7898741ab725c368d99d5d7a5a50aab80c6?s=96&d=mm&r=g","url":"https:\/\/secure.gravatar.com\/avatar\/7ca3206950207cc3cb48feec56a8a7898741ab725c368d99d5d7a5a50aab80c6?s=96&d=mm&r=g","contentUrl":"https:\/\/secure.gravatar.com\/avatar\/7ca3206950207cc3cb48feec56a8a7898741ab725c368d99d5d7a5a50aab80c6?s=96&d=mm&r=g","caption":"Thales Brand\u00e3o"},"description":"Editor Executivo do Portal CidadeMarketing.com.br &gt; Mestre em Comunica\u00e7\u00e3o e Sociedade pela Universidade Federal de Sergipe. Possui MBA Executivo em Administra\u00e7\u00e3o com \u00eanfase em Marketing pela Funda\u00e7\u00e3o Get\u00falio Vargas - Rio de Janeiro. Consultor, Palestrante e Pesquisador sobre Empreendedorismo, Marketing, Redes Sociais e Neg\u00f3cios Digitais. Professor, Palestrante TedxTalks e Campus Party. Twitter: @ThalesBrandao","sameAs":["http:\/\/www.mandacaru.com.br","https:\/\/www.facebook.com\/thalesbrandao","http:\/\/www.instagram.com.br\/thalesbrandaoferreira","https:\/\/www.linkedin.com\/in\/thales-brand\u00e3o-3948609\/","https:\/\/x.com\/http:\/\/www.twitter.com\/thalesbrandao"],"url":"https:\/\/www.cidademarketing.com.br\/marketing\/author\/thalesbrandao\/"}]}},"amp_enabled":true,"_links":{"self":[{"href":"https:\/\/www.cidademarketing.com.br\/marketing\/wp-json\/wp\/v2\/posts\/46617","targetHints":{"allow":["GET"]}}],"collection":[{"href":"https:\/\/www.cidademarketing.com.br\/marketing\/wp-json\/wp\/v2\/posts"}],"about":[{"href":"https:\/\/www.cidademarketing.com.br\/marketing\/wp-json\/wp\/v2\/types\/post"}],"author":[{"embeddable":true,"href":"https:\/\/www.cidademarketing.com.br\/marketing\/wp-json\/wp\/v2\/users\/1"}],"replies":[{"embeddable":true,"href":"https:\/\/www.cidademarketing.com.br\/marketing\/wp-json\/wp\/v2\/comments?post=46617"}],"version-history":[{"count":1,"href":"https:\/\/www.cidademarketing.com.br\/marketing\/wp-json\/wp\/v2\/posts\/46617\/revisions"}],"predecessor-version":[{"id":46619,"href":"https:\/\/www.cidademarketing.com.br\/marketing\/wp-json\/wp\/v2\/posts\/46617\/revisions\/46619"}],"wp:featuredmedia":[{"embeddable":true,"href":"https:\/\/www.cidademarketing.com.br\/marketing\/wp-json\/wp\/v2\/media\/46618"}],"wp:attachment":[{"href":"https:\/\/www.cidademarketing.com.br\/marketing\/wp-json\/wp\/v2\/media?parent=46617"}],"wp:term":[{"taxonomy":"category","embeddable":true,"href":"https:\/\/www.cidademarketing.com.br\/marketing\/wp-json\/wp\/v2\/categories?post=46617"},{"taxonomy":"post_tag","embeddable":true,"href":"https:\/\/www.cidademarketing.com.br\/marketing\/wp-json\/wp\/v2\/tags?post=46617"}],"curies":[{"name":"wp","href":"https:\/\/api.w.org\/{rel}","templated":true}]}}