{"id":46550,"date":"2023-08-07T17:06:21","date_gmt":"2023-08-07T20:06:21","guid":{"rendered":"https:\/\/www.cidademarketing.com.br\/marketing\/?p=46550"},"modified":"2023-08-07T17:06:21","modified_gmt":"2023-08-07T20:06:21","slug":"volvo-car-brasil-se-une-a-grandes-marcas-em-movimento-pela-licenca-parental","status":"publish","type":"post","link":"https:\/\/www.cidademarketing.com.br\/marketing\/2023\/08\/07\/volvo-car-brasil-se-une-a-grandes-marcas-em-movimento-pela-licenca-parental\/","title":{"rendered":"Volvo Car Brasil se une a grandes marcas em movimento pela licen\u00e7a parental"},"content":{"rendered":"<p>Para estimular reflex\u00f5es sobre a parentalidade e a import\u00e2ncia do tempo de qualidade para o fortalecimento de la\u00e7os e conex\u00f5es, o Grupo Botic\u00e1rio promove movimento in\u00e9dito sobre Licen\u00e7a Parental ao lado de Nubank, Volvo Car Brasil e mais cinco institui\u00e7\u00f5es que atuam em prol da tem\u00e1tica da parentalidade: 4Daddy, Filhos no Curr\u00edculo, Instituto Promundo e Maternidade nas Empresas, al\u00e9m da Escola de Super Pais, por Marcos Piangers.<\/p>\n<p><a href=\"https:\/\/www.cidademarketing.com.br\/marketing\/sua-marca-vai-virar-noticia\/\" target=\"_blank\" rel=\"noopener\"><img fetchpriority=\"high\" decoding=\"async\" class=\"wp-image-44329 aligncenter\" src=\"https:\/\/www.cidademarketing.com.br\/marketing\/wp-content\/uploads\/2023\/04\/cidademarketing_backlinks_marketingdigital_publieditorial_.png\" alt=\"\" width=\"500\" height=\"500\" \/><\/a><br \/>\nNas pr\u00f3ximas semanas, o movimento ir\u00e1 gerar conversas nas redes sociais sobre a import\u00e2ncia da Licen\u00e7a Parental \u2013 benef\u00edcio que, independentemente de g\u00eanero ou configura\u00e7\u00e3o familiar, oferece um per\u00edodo de afastamento remunerado superior ao exigido por lei com o crescimento da fam\u00edlia \u2013, com o objetivo de compartilhar boas pr\u00e1ticas e incentivar organiza\u00e7\u00f5es a refletirem sobre o benef\u00edcio. A iniciativa conta ainda com o lan\u00e7amento do Guia de Boas Pr\u00e1ticas para Implementa\u00e7\u00e3o da Licen\u00e7a Parental em Empresas, tamb\u00e9m assinado pelas empresas e institui\u00e7\u00f5es participantes do movimento.<\/p>\n<p>O guia reunir\u00e1 informa\u00e7\u00f5es pr\u00e1ticas sobre a Licen\u00e7a Parental, os principais benef\u00edcios proporcionados para a companhia e para colaboradores, como, por exemplo, corresponsabilidade no cuidado com crian\u00e7as, aumento da satisfa\u00e7\u00e3o e redu\u00e7\u00e3o da rotatividade de colaboradores. Dicas e boas pr\u00e1ticas do benef\u00edcio tamb\u00e9m ser\u00e3o compartilhadas com o objetivo de compartilhar informa\u00e7\u00f5es e inspirar outras empresas para a ado\u00e7\u00e3o da licen\u00e7a, que \u00e9, inclusive, um avan\u00e7o na equidade de g\u00eanero no ambiente corporativo.<\/p>\n<p>\u201cO Grupo Botic\u00e1rio \u00e9 refer\u00eancia no tema de Licen\u00e7a Parental, sendo uma das primeiras empresas nacionais a oferecer o benef\u00edcio no Brasil. Desde 2021, quando passamos a ofertar 120 dias de licen\u00e7a remunerada e obrigat\u00f3ria a todos os nossos colaboradores, obtivemos muitos aprendizados com mais de mil colaboradores que usufru\u00edram do benef\u00edcio, sendo quase 40% deles pais. Com isso, queremos apoiar e incentivar outras empresas a aderirem ao benef\u00edcio\u201d, diz Fabiana de Freitas, vice-presidente de Jur\u00eddico, Compliance, ESG, Assuntos Institucionais e Comunica\u00e7\u00e3o. \u201cPor isso, convidamos empresas e institui\u00e7\u00f5es dos mais diversos setores a constru\u00edrem junto conosco esse movimento, contribuindo, assim, para uma sociedade mais equ\u00e2nime, diversa e inclusiva\u201d, completa.<\/p>\n<p>O movimento liderado pelo Grupo Botic\u00e1rio \u00e9, ainda, um desdobramento da campanha de Dia dos Pais da sua marca m\u00e3e O Botic\u00e1rio, intitulada \u201cInstinto Paterno\u201d. Com o conceito \u201cAt\u00e9 quando vamos achar que 5 dias s\u00e3o suficientes?\u201d, a marca tamb\u00e9m promove reflex\u00f5es sobre a licen\u00e7a parental enquanto benef\u00edcio.<\/p>\n<p>Implementa\u00e7\u00e3o da Licen\u00e7a Parental na Volvo Car Brasil<br \/>\nA Volvo Car Brasil implementou o Family Bond \u2013 direito a uma licen\u00e7a parental remunerada de 24 semanas (seis meses) \u2013 em maio de 2021. A pol\u00edtica, inspirada na legisla\u00e7\u00e3o nacional da Su\u00e9cia, pa\u00eds de origem da marca, e sem restringir sexo ou formato de fam\u00edlia, \u00e9 um direito que beneficia todos os mais de 40.000 funcion\u00e1rios de todas as f\u00e1bricas e escrit\u00f3rios da empresa ao redor do mundo.<\/p>\n<p>\u201cO cuidado com as pessoas sempre foi uma preocupa\u00e7\u00e3o da marca, por isso, o programa Family Bond \u00e9 espelho de tudo o que acreditamos na Volvo. Sabemos que o come\u00e7o de uma nova vida, seja ela atrav\u00e9s do nascimento ou da ado\u00e7\u00e3o, \u00e9 algo \u00fanico e muito importante no desenvolvimento da crian\u00e7a e dos pais. Igualar a licen\u00e7a parental, al\u00e9m de proporcionar mais bem-estar aos colaboradores, tamb\u00e9m contribui para o fechamento da lacuna de g\u00eanero, equilibrando as demandas do trabalho e da fam\u00edlia de maneira igualit\u00e1ria\u201d, comemora Eliane Trinca, diretora de People Experience e Responsabilidade Social Volvo Car Am\u00e9rica Latina.<\/p>\n<p>Desde que foi implementada, mais de 10 funcion\u00e1rios j\u00e1 usufru\u00edram do benef\u00edcio, somente na Volvo Car Am\u00e9rica Latina.<\/p>\n<p>Implementa\u00e7\u00e3o da Licen\u00e7a Parental no Grupo Botic\u00e1rio<br \/>\nComo uma das primeiras empresas brasileiras a oferecer a Licen\u00e7a Parental para os seus mais de 15 mil colaboradores no Brasil, al\u00e9m das suas opera\u00e7\u00f5es na Col\u00f4mbia, Estados Unidos e Portugal, o Grupo Botic\u00e1rio acredita na import\u00e2ncia da constru\u00e7\u00e3o de um cen\u00e1rio social e profissional mais equ\u00e2nime, em que a responsabilidade dos cuidados com a fam\u00edlia deve ser compartilhada pelos respons\u00e1veis. Desde 2021, o Grupo Botic\u00e1rio oferece licen\u00e7a de 120 dias e 100% remunerada para homens (cis e trans), casais homoafetivos e pais de filhos n\u00e3o consangu\u00edneos e a de 180 dias para m\u00e3es ou pessoas que gestam (60 dias a mais do que a licen\u00e7a obrigat\u00f3ria).<\/p>\n<p>Durante o processo de avalia\u00e7\u00e3o para implementar o benef\u00edcio, o Grupo contou com a presen\u00e7a e participa\u00e7\u00e3o dos pr\u00f3prios colaboradores. O projeto contou, portanto, com a atua\u00e7\u00e3o direta e essencial do Grupo de Afinidade Lado a Lado (focado na equidade de g\u00eanero) e de volunt\u00e1rios de v\u00e1rias \u00e1reas que trabalharam em conjunto com as \u00e1reas de Diversidade &amp; Inclus\u00e3o e Gente. No total, 816 pais e m\u00e3es colaboradores da companhia foram ouvidos e tiveram suas percep\u00e7\u00f5es, opini\u00f5es e outros marcadores sociais inclu\u00eddos na an\u00e1lise que estava sendo realizada internamente. De imediato, j\u00e1 era sabido que o benef\u00edcio seria um sucesso e mais uma iniciativa a favor do bem-estar dos colaboradores. De julho de 2021 (momento da implanta\u00e7\u00e3o) a julho deste ano, 1.150 colaboradores usufru\u00edram da Licen\u00e7a Parental no Grupo Botic\u00e1rio, sendo quase 40% pais.<\/p>\n<p>Implementa\u00e7\u00e3o da Licen\u00e7a Parental Global no Nubank<br \/>\nO Nubank, uma das maiores plataformas de servi\u00e7os financeiros digitais no mundo, estendeu o benef\u00edcio de licen\u00e7a parental para 120 dias em maio de 2022, abrangendo todos os tipos e formatos de fam\u00edlia, independentemente de g\u00eanero ou composi\u00e7\u00e3o familiar. Essa medida se aplica aos cerca de oito mil funcion\u00e1rios da empresa residentes do Brasil, Col\u00f4mbia e M\u00e9xico \u2013 onde o Nubank atua \u2013, al\u00e9m da Alemanha e Estados Unidos, pa\u00edses com escrit\u00f3rios operacionais. O Nubank tamb\u00e9m \u00e9 signat\u00e1rio do programa governamental Empresa Cidad\u00e3, garantindo a licen\u00e7a maternidade de 180 dias para suas funcion\u00e1rias no Brasil.<\/p>\n<p>Para a cria\u00e7\u00e3o da licen\u00e7a parental global do Nubank, a empresa montou um grupo de trabalho multidisciplinar composto por Nubankers (como chamamos os colaboradores do Nubank) das \u00e1reas de Benef\u00edcios, Diversidade e Inclus\u00e3o, Sa\u00fade, Comunica\u00e7\u00e3o, Legal, Finance e Compliance. As defini\u00e7\u00f5es sobre qual seria o melhor modelo de licen\u00e7a parental a ser aplicado pela companhia foram feitas baseadas na coleta e an\u00e1lise de dados hist\u00f3ricos sobre parentalidade na empresa, a revis\u00e3o das informa\u00e7\u00f5es do censo interno e a participa\u00e7\u00e3o ativa com o fornecimento de feedbacks dos participantes dos grupos de afinidade NuWomen, grupo para nubankers que se identificam como mulheres cis e trans e identidades de g\u00eanero transfemininas ou n\u00e3o bin\u00e1rias, PurpleParents, grupo de afinidade para figuras parentais, cuidadoras, tentantes, gestantes ou quaisquer outros contextos familiares que envolva a cria\u00e7\u00e3o e os cuidados principalmente de crian\u00e7as e adolescentes e NuPride grupo de afinidade para pessoas auto-declaradas LGBTQIAPN+, a respeito de suas necessidades e desafios enfrentados com base em seus contextos familiares.<br \/>\nUma vez definido o modelo ideal de licen\u00e7a parental, que hoje \u00e9 disponibilizado independentemente da estrutura familiar e cujos 120 dias podem ser utilizados de forma flex\u00edvel ao longo do primeiro ano da chegada da crian\u00e7a ou adolescente, a implanta\u00e7\u00e3o contou com a cria\u00e7\u00e3o de um plano de comunica\u00e7\u00e3o interno e externo, a cria\u00e7\u00e3o de guias e treinamentos de suporte \u00e0 parentalidade para as pessoas gestoras, a revis\u00e3o dos modelos de avalia\u00e7\u00e3o de performance e do fluxo de re-onboarding para nubankers retornando do per\u00edodo de licen\u00e7a. Nubankers com filhos tamb\u00e9m contam com sistemas de apoio oferecidos pelo Nubank, com palestras e aconselhamento on-line que tamb\u00e9m foram disponibilizados como parte da aprova\u00e7\u00e3o do benef\u00edcio.<\/p>\n<p><iframe title=\"Spotify Embed: Podcast CidadeMarketing\" style=\"border-radius: 12px\" width=\"100%\" height=\"152\" frameborder=\"0\" allowfullscreen allow=\"autoplay; clipboard-write; encrypted-media; fullscreen; picture-in-picture\" loading=\"lazy\" src=\"https:\/\/open.spotify.com\/embed\/show\/4khMKzP3FgFRWVwb73xicc?si=252fe5bff2b34909&#038;utm_source=oembed\"><\/iframe><\/p>\n<p>&nbsp;<\/p>\n<p>&#8220;Acreditamos que movimentos como estes e a implanta\u00e7\u00e3o de pol\u00edticas e benef\u00edcios como a licen\u00e7a parental, s\u00e3o etapas de uma longa jornada de equidade e inclus\u00e3o que ajudam a reduzir a desigualdade de g\u00eanero e oferecem ferramentas importantes para nossos funcion\u00e1rios tomarem a melhor decis\u00e3o para suas fam\u00edlias, acolhendo as individualidades e considerando diferentes perspectivas, assim como buscamos fazer com nossos clientes e nossos servi\u00e7os\u201d, afirma Helena Bertho, diretora global de diversidade e inclus\u00e3o do Nubank.<\/p>\n","protected":false},"excerpt":{"rendered":"<p>Para estimular reflex\u00f5es sobre a parentalidade e a import\u00e2ncia do tempo de qualidade para o fortalecimento de la\u00e7os e conex\u00f5es, o Grupo Botic\u00e1rio promove movimento in\u00e9dito sobre Licen\u00e7a Parental ao lado de Nubank, Volvo Car Brasil e mais cinco institui\u00e7\u00f5es que atuam em prol da tem\u00e1tica da parentalidade: 4Daddy, Filhos no Curr\u00edculo, Instituto Promundo e [&hellip;]<\/p>\n","protected":false},"author":1,"featured_media":46551,"comment_status":"open","ping_status":"open","sticky":false,"template":"","format":"standard","meta":{"tdm_status":"","tdm_grid_status":"","footnotes":""},"categories":[6],"tags":[65,33,6168,37,28,55,1677],"class_list":["post-46550","post","type-post","status-publish","format-standard","has-post-thumbnail","hentry","category-noticias","tag-campanha","tag-estrategia","tag-licenca-parental","tag-marca","tag-marketing","tag-relacionamento","tag-volvo"],"yoast_head":"<!-- This site is optimized with the Yoast SEO plugin v27.5 - https:\/\/yoast.com\/product\/yoast-seo-wordpress\/ -->\n<title>Volvo Car Brasil se une a grandes marcas em movimento pela licen\u00e7a parental - CidadeMarketing<\/title>\n<meta name=\"robots\" content=\"index, follow, max-snippet:-1, max-image-preview:large, max-video-preview:-1\" \/>\n<link rel=\"canonical\" href=\"https:\/\/www.cidademarketing.com.br\/marketing\/2023\/08\/07\/volvo-car-brasil-se-une-a-grandes-marcas-em-movimento-pela-licenca-parental\/\" \/>\n<meta property=\"og:locale\" content=\"pt_BR\" \/>\n<meta property=\"og:type\" content=\"article\" \/>\n<meta property=\"og:title\" content=\"Volvo Car Brasil se une a grandes marcas em movimento pela licen\u00e7a parental - CidadeMarketing\" \/>\n<meta property=\"og:description\" content=\"Para estimular reflex\u00f5es sobre a parentalidade e a import\u00e2ncia do tempo de qualidade para o fortalecimento de la\u00e7os e conex\u00f5es, o Grupo Botic\u00e1rio promove movimento in\u00e9dito sobre Licen\u00e7a Parental ao lado de Nubank, Volvo Car Brasil e mais cinco institui\u00e7\u00f5es que atuam em prol da tem\u00e1tica da parentalidade: 4Daddy, Filhos no Curr\u00edculo, Instituto Promundo e [&hellip;]\" \/>\n<meta property=\"og:url\" content=\"https:\/\/www.cidademarketing.com.br\/marketing\/2023\/08\/07\/volvo-car-brasil-se-une-a-grandes-marcas-em-movimento-pela-licenca-parental\/\" \/>\n<meta property=\"og:site_name\" content=\"CidadeMarketing\" \/>\n<meta property=\"article:publisher\" content=\"https:\/\/www.facebook.com\/portalcidademarketing\" \/>\n<meta property=\"article:author\" content=\"https:\/\/www.facebook.com\/thalesbrandao\" \/>\n<meta property=\"article:published_time\" content=\"2023-08-07T20:06:21+00:00\" \/>\n<meta property=\"og:image\" content=\"https:\/\/www.cidademarketing.com.br\/marketing\/wp-content\/uploads\/2023\/08\/marca_volvo.jpg\" \/>\n\t<meta property=\"og:image:width\" content=\"695\" \/>\n\t<meta property=\"og:image:height\" content=\"463\" \/>\n\t<meta property=\"og:image:type\" content=\"image\/jpeg\" \/>\n<meta name=\"author\" content=\"Thales Brand\u00e3o\" \/>\n<meta name=\"twitter:card\" content=\"summary_large_image\" \/>\n<meta name=\"twitter:creator\" content=\"@http:\/\/www.twitter.com\/thalesbrandao\" \/>\n<meta name=\"twitter:site\" content=\"@CidadeMarketing\" \/>\n<meta name=\"twitter:label1\" content=\"Escrito por\" \/>\n\t<meta name=\"twitter:data1\" content=\"Thales Brand\u00e3o\" \/>\n\t<meta name=\"twitter:label2\" content=\"Est. tempo de leitura\" \/>\n\t<meta name=\"twitter:data2\" content=\"7 minutos\" \/>\n<script type=\"application\/ld+json\" class=\"yoast-schema-graph\">{\"@context\":\"https:\\\/\\\/schema.org\",\"@graph\":[{\"@type\":\"Article\",\"@id\":\"https:\\\/\\\/www.cidademarketing.com.br\\\/marketing\\\/2023\\\/08\\\/07\\\/volvo-car-brasil-se-une-a-grandes-marcas-em-movimento-pela-licenca-parental\\\/#article\",\"isPartOf\":{\"@id\":\"https:\\\/\\\/www.cidademarketing.com.br\\\/marketing\\\/2023\\\/08\\\/07\\\/volvo-car-brasil-se-une-a-grandes-marcas-em-movimento-pela-licenca-parental\\\/\"},\"author\":{\"name\":\"Thales Brand\u00e3o\",\"@id\":\"https:\\\/\\\/www.cidademarketing.com.br\\\/marketing\\\/#\\\/schema\\\/person\\\/02daff9f18bd9378c9e01eb6b2db155f\"},\"headline\":\"Volvo Car Brasil se une a grandes marcas em movimento pela licen\u00e7a parental\",\"datePublished\":\"2023-08-07T20:06:21+00:00\",\"mainEntityOfPage\":{\"@id\":\"https:\\\/\\\/www.cidademarketing.com.br\\\/marketing\\\/2023\\\/08\\\/07\\\/volvo-car-brasil-se-une-a-grandes-marcas-em-movimento-pela-licenca-parental\\\/\"},\"wordCount\":1466,\"commentCount\":0,\"publisher\":{\"@id\":\"https:\\\/\\\/www.cidademarketing.com.br\\\/marketing\\\/#organization\"},\"image\":{\"@id\":\"https:\\\/\\\/www.cidademarketing.com.br\\\/marketing\\\/2023\\\/08\\\/07\\\/volvo-car-brasil-se-une-a-grandes-marcas-em-movimento-pela-licenca-parental\\\/#primaryimage\"},\"thumbnailUrl\":\"https:\\\/\\\/www.cidademarketing.com.br\\\/marketing\\\/wp-content\\\/uploads\\\/2023\\\/08\\\/marca_volvo.jpg\",\"keywords\":[\"campanha\",\"estrat\u00e9gia\",\"licen\u00e7a parental\",\"marca\",\"marketing\",\"relacionamento\",\"Volvo\"],\"articleSection\":[\"Not\u00edcias\"],\"inLanguage\":\"pt-BR\",\"potentialAction\":[{\"@type\":\"CommentAction\",\"name\":\"Comment\",\"target\":[\"https:\\\/\\\/www.cidademarketing.com.br\\\/marketing\\\/2023\\\/08\\\/07\\\/volvo-car-brasil-se-une-a-grandes-marcas-em-movimento-pela-licenca-parental\\\/#respond\"]}]},{\"@type\":\"WebPage\",\"@id\":\"https:\\\/\\\/www.cidademarketing.com.br\\\/marketing\\\/2023\\\/08\\\/07\\\/volvo-car-brasil-se-une-a-grandes-marcas-em-movimento-pela-licenca-parental\\\/\",\"url\":\"https:\\\/\\\/www.cidademarketing.com.br\\\/marketing\\\/2023\\\/08\\\/07\\\/volvo-car-brasil-se-une-a-grandes-marcas-em-movimento-pela-licenca-parental\\\/\",\"name\":\"Volvo Car Brasil se une a grandes marcas em movimento pela licen\u00e7a parental - CidadeMarketing\",\"isPartOf\":{\"@id\":\"https:\\\/\\\/www.cidademarketing.com.br\\\/marketing\\\/#website\"},\"primaryImageOfPage\":{\"@id\":\"https:\\\/\\\/www.cidademarketing.com.br\\\/marketing\\\/2023\\\/08\\\/07\\\/volvo-car-brasil-se-une-a-grandes-marcas-em-movimento-pela-licenca-parental\\\/#primaryimage\"},\"image\":{\"@id\":\"https:\\\/\\\/www.cidademarketing.com.br\\\/marketing\\\/2023\\\/08\\\/07\\\/volvo-car-brasil-se-une-a-grandes-marcas-em-movimento-pela-licenca-parental\\\/#primaryimage\"},\"thumbnailUrl\":\"https:\\\/\\\/www.cidademarketing.com.br\\\/marketing\\\/wp-content\\\/uploads\\\/2023\\\/08\\\/marca_volvo.jpg\",\"datePublished\":\"2023-08-07T20:06:21+00:00\",\"breadcrumb\":{\"@id\":\"https:\\\/\\\/www.cidademarketing.com.br\\\/marketing\\\/2023\\\/08\\\/07\\\/volvo-car-brasil-se-une-a-grandes-marcas-em-movimento-pela-licenca-parental\\\/#breadcrumb\"},\"inLanguage\":\"pt-BR\",\"potentialAction\":[{\"@type\":\"ReadAction\",\"target\":[\"https:\\\/\\\/www.cidademarketing.com.br\\\/marketing\\\/2023\\\/08\\\/07\\\/volvo-car-brasil-se-une-a-grandes-marcas-em-movimento-pela-licenca-parental\\\/\"]}]},{\"@type\":\"ImageObject\",\"inLanguage\":\"pt-BR\",\"@id\":\"https:\\\/\\\/www.cidademarketing.com.br\\\/marketing\\\/2023\\\/08\\\/07\\\/volvo-car-brasil-se-une-a-grandes-marcas-em-movimento-pela-licenca-parental\\\/#primaryimage\",\"url\":\"https:\\\/\\\/www.cidademarketing.com.br\\\/marketing\\\/wp-content\\\/uploads\\\/2023\\\/08\\\/marca_volvo.jpg\",\"contentUrl\":\"https:\\\/\\\/www.cidademarketing.com.br\\\/marketing\\\/wp-content\\\/uploads\\\/2023\\\/08\\\/marca_volvo.jpg\",\"width\":695,\"height\":463},{\"@type\":\"BreadcrumbList\",\"@id\":\"https:\\\/\\\/www.cidademarketing.com.br\\\/marketing\\\/2023\\\/08\\\/07\\\/volvo-car-brasil-se-une-a-grandes-marcas-em-movimento-pela-licenca-parental\\\/#breadcrumb\",\"itemListElement\":[{\"@type\":\"ListItem\",\"position\":1,\"name\":\"In\u00edcio\",\"item\":\"https:\\\/\\\/www.cidademarketing.com.br\\\/marketing\\\/\"},{\"@type\":\"ListItem\",\"position\":2,\"name\":\"Volvo Car Brasil se une a grandes marcas em movimento pela licen\u00e7a parental\"}]},{\"@type\":\"WebSite\",\"@id\":\"https:\\\/\\\/www.cidademarketing.com.br\\\/marketing\\\/#website\",\"url\":\"https:\\\/\\\/www.cidademarketing.com.br\\\/marketing\\\/\",\"name\":\"CidadeMarketing\",\"description\":\"Somos um ve\u00edculo de comunica\u00e7\u00e3o de destaque no Brasil, reconhecido por conte\u00fados nos segmentos de marketing, empreendedorismo e inova\u00e7\u00e3o.\",\"publisher\":{\"@id\":\"https:\\\/\\\/www.cidademarketing.com.br\\\/marketing\\\/#organization\"},\"alternateName\":\"CidadeMarketing\",\"potentialAction\":[{\"@type\":\"SearchAction\",\"target\":{\"@type\":\"EntryPoint\",\"urlTemplate\":\"https:\\\/\\\/www.cidademarketing.com.br\\\/marketing\\\/?s={search_term_string}\"},\"query-input\":{\"@type\":\"PropertyValueSpecification\",\"valueRequired\":true,\"valueName\":\"search_term_string\"}}],\"inLanguage\":\"pt-BR\"},{\"@type\":\"Organization\",\"@id\":\"https:\\\/\\\/www.cidademarketing.com.br\\\/marketing\\\/#organization\",\"name\":\"CidadeMarketing\",\"alternateName\":\"CidadeMarketing\",\"url\":\"https:\\\/\\\/www.cidademarketing.com.br\\\/marketing\\\/\",\"logo\":{\"@type\":\"ImageObject\",\"inLanguage\":\"pt-BR\",\"@id\":\"https:\\\/\\\/www.cidademarketing.com.br\\\/marketing\\\/#\\\/schema\\\/logo\\\/image\\\/\",\"url\":\"https:\\\/\\\/www.cidademarketing.com.br\\\/marketing\\\/wp-content\\\/uploads\\\/2020\\\/01\\\/cidademarketing_marca_mobile.png\",\"contentUrl\":\"https:\\\/\\\/www.cidademarketing.com.br\\\/marketing\\\/wp-content\\\/uploads\\\/2020\\\/01\\\/cidademarketing_marca_mobile.png\",\"width\":230,\"height\":92,\"caption\":\"CidadeMarketing\"},\"image\":{\"@id\":\"https:\\\/\\\/www.cidademarketing.com.br\\\/marketing\\\/#\\\/schema\\\/logo\\\/image\\\/\"},\"sameAs\":[\"https:\\\/\\\/www.facebook.com\\\/portalcidademarketing\",\"https:\\\/\\\/x.com\\\/CidadeMarketing\",\"https:\\\/\\\/www.instagram.com\\\/cidademarketing\\\/\"]},{\"@type\":\"Person\",\"@id\":\"https:\\\/\\\/www.cidademarketing.com.br\\\/marketing\\\/#\\\/schema\\\/person\\\/02daff9f18bd9378c9e01eb6b2db155f\",\"name\":\"Thales Brand\u00e3o\",\"image\":{\"@type\":\"ImageObject\",\"inLanguage\":\"pt-BR\",\"@id\":\"https:\\\/\\\/secure.gravatar.com\\\/avatar\\\/7ca3206950207cc3cb48feec56a8a7898741ab725c368d99d5d7a5a50aab80c6?s=96&d=mm&r=g\",\"url\":\"https:\\\/\\\/secure.gravatar.com\\\/avatar\\\/7ca3206950207cc3cb48feec56a8a7898741ab725c368d99d5d7a5a50aab80c6?s=96&d=mm&r=g\",\"contentUrl\":\"https:\\\/\\\/secure.gravatar.com\\\/avatar\\\/7ca3206950207cc3cb48feec56a8a7898741ab725c368d99d5d7a5a50aab80c6?s=96&d=mm&r=g\",\"caption\":\"Thales Brand\u00e3o\"},\"description\":\"Editor Executivo do Portal CidadeMarketing.com.br &gt; Mestre em Comunica\u00e7\u00e3o e Sociedade pela Universidade Federal de Sergipe. Possui MBA Executivo em Administra\u00e7\u00e3o com \u00eanfase em Marketing pela Funda\u00e7\u00e3o Get\u00falio Vargas - Rio de Janeiro. Consultor, Palestrante e Pesquisador sobre Empreendedorismo, Marketing, Redes Sociais e Neg\u00f3cios Digitais. Professor, Palestrante TedxTalks e Campus Party. Twitter: @ThalesBrandao\",\"sameAs\":[\"http:\\\/\\\/www.mandacaru.com.br\",\"https:\\\/\\\/www.facebook.com\\\/thalesbrandao\",\"http:\\\/\\\/www.instagram.com.br\\\/thalesbrandaoferreira\",\"https:\\\/\\\/www.linkedin.com\\\/in\\\/thales-brand\u00e3o-3948609\\\/\",\"https:\\\/\\\/x.com\\\/http:\\\/\\\/www.twitter.com\\\/thalesbrandao\"],\"url\":\"https:\\\/\\\/www.cidademarketing.com.br\\\/marketing\\\/author\\\/thalesbrandao\\\/\"}]}<\/script>\n<!-- \/ Yoast SEO plugin. -->","yoast_head_json":{"title":"Volvo Car Brasil se une a grandes marcas em movimento pela licen\u00e7a parental - CidadeMarketing","robots":{"index":"index","follow":"follow","max-snippet":"max-snippet:-1","max-image-preview":"max-image-preview:large","max-video-preview":"max-video-preview:-1"},"canonical":"https:\/\/www.cidademarketing.com.br\/marketing\/2023\/08\/07\/volvo-car-brasil-se-une-a-grandes-marcas-em-movimento-pela-licenca-parental\/","og_locale":"pt_BR","og_type":"article","og_title":"Volvo Car Brasil se une a grandes marcas em movimento pela licen\u00e7a parental - CidadeMarketing","og_description":"Para estimular reflex\u00f5es sobre a parentalidade e a import\u00e2ncia do tempo de qualidade para o fortalecimento de la\u00e7os e conex\u00f5es, o Grupo Botic\u00e1rio promove movimento in\u00e9dito sobre Licen\u00e7a Parental ao lado de Nubank, Volvo Car Brasil e mais cinco institui\u00e7\u00f5es que atuam em prol da tem\u00e1tica da parentalidade: 4Daddy, Filhos no Curr\u00edculo, Instituto Promundo e [&hellip;]","og_url":"https:\/\/www.cidademarketing.com.br\/marketing\/2023\/08\/07\/volvo-car-brasil-se-une-a-grandes-marcas-em-movimento-pela-licenca-parental\/","og_site_name":"CidadeMarketing","article_publisher":"https:\/\/www.facebook.com\/portalcidademarketing","article_author":"https:\/\/www.facebook.com\/thalesbrandao","article_published_time":"2023-08-07T20:06:21+00:00","og_image":[{"width":695,"height":463,"url":"https:\/\/www.cidademarketing.com.br\/marketing\/wp-content\/uploads\/2023\/08\/marca_volvo.jpg","type":"image\/jpeg"}],"author":"Thales Brand\u00e3o","twitter_card":"summary_large_image","twitter_creator":"@http:\/\/www.twitter.com\/thalesbrandao","twitter_site":"@CidadeMarketing","twitter_misc":{"Escrito por":"Thales Brand\u00e3o","Est. tempo de leitura":"7 minutos"},"schema":{"@context":"https:\/\/schema.org","@graph":[{"@type":"Article","@id":"https:\/\/www.cidademarketing.com.br\/marketing\/2023\/08\/07\/volvo-car-brasil-se-une-a-grandes-marcas-em-movimento-pela-licenca-parental\/#article","isPartOf":{"@id":"https:\/\/www.cidademarketing.com.br\/marketing\/2023\/08\/07\/volvo-car-brasil-se-une-a-grandes-marcas-em-movimento-pela-licenca-parental\/"},"author":{"name":"Thales Brand\u00e3o","@id":"https:\/\/www.cidademarketing.com.br\/marketing\/#\/schema\/person\/02daff9f18bd9378c9e01eb6b2db155f"},"headline":"Volvo Car Brasil se une a grandes marcas em movimento pela licen\u00e7a parental","datePublished":"2023-08-07T20:06:21+00:00","mainEntityOfPage":{"@id":"https:\/\/www.cidademarketing.com.br\/marketing\/2023\/08\/07\/volvo-car-brasil-se-une-a-grandes-marcas-em-movimento-pela-licenca-parental\/"},"wordCount":1466,"commentCount":0,"publisher":{"@id":"https:\/\/www.cidademarketing.com.br\/marketing\/#organization"},"image":{"@id":"https:\/\/www.cidademarketing.com.br\/marketing\/2023\/08\/07\/volvo-car-brasil-se-une-a-grandes-marcas-em-movimento-pela-licenca-parental\/#primaryimage"},"thumbnailUrl":"https:\/\/www.cidademarketing.com.br\/marketing\/wp-content\/uploads\/2023\/08\/marca_volvo.jpg","keywords":["campanha","estrat\u00e9gia","licen\u00e7a parental","marca","marketing","relacionamento","Volvo"],"articleSection":["Not\u00edcias"],"inLanguage":"pt-BR","potentialAction":[{"@type":"CommentAction","name":"Comment","target":["https:\/\/www.cidademarketing.com.br\/marketing\/2023\/08\/07\/volvo-car-brasil-se-une-a-grandes-marcas-em-movimento-pela-licenca-parental\/#respond"]}]},{"@type":"WebPage","@id":"https:\/\/www.cidademarketing.com.br\/marketing\/2023\/08\/07\/volvo-car-brasil-se-une-a-grandes-marcas-em-movimento-pela-licenca-parental\/","url":"https:\/\/www.cidademarketing.com.br\/marketing\/2023\/08\/07\/volvo-car-brasil-se-une-a-grandes-marcas-em-movimento-pela-licenca-parental\/","name":"Volvo Car Brasil se une a grandes marcas em movimento pela licen\u00e7a parental - CidadeMarketing","isPartOf":{"@id":"https:\/\/www.cidademarketing.com.br\/marketing\/#website"},"primaryImageOfPage":{"@id":"https:\/\/www.cidademarketing.com.br\/marketing\/2023\/08\/07\/volvo-car-brasil-se-une-a-grandes-marcas-em-movimento-pela-licenca-parental\/#primaryimage"},"image":{"@id":"https:\/\/www.cidademarketing.com.br\/marketing\/2023\/08\/07\/volvo-car-brasil-se-une-a-grandes-marcas-em-movimento-pela-licenca-parental\/#primaryimage"},"thumbnailUrl":"https:\/\/www.cidademarketing.com.br\/marketing\/wp-content\/uploads\/2023\/08\/marca_volvo.jpg","datePublished":"2023-08-07T20:06:21+00:00","breadcrumb":{"@id":"https:\/\/www.cidademarketing.com.br\/marketing\/2023\/08\/07\/volvo-car-brasil-se-une-a-grandes-marcas-em-movimento-pela-licenca-parental\/#breadcrumb"},"inLanguage":"pt-BR","potentialAction":[{"@type":"ReadAction","target":["https:\/\/www.cidademarketing.com.br\/marketing\/2023\/08\/07\/volvo-car-brasil-se-une-a-grandes-marcas-em-movimento-pela-licenca-parental\/"]}]},{"@type":"ImageObject","inLanguage":"pt-BR","@id":"https:\/\/www.cidademarketing.com.br\/marketing\/2023\/08\/07\/volvo-car-brasil-se-une-a-grandes-marcas-em-movimento-pela-licenca-parental\/#primaryimage","url":"https:\/\/www.cidademarketing.com.br\/marketing\/wp-content\/uploads\/2023\/08\/marca_volvo.jpg","contentUrl":"https:\/\/www.cidademarketing.com.br\/marketing\/wp-content\/uploads\/2023\/08\/marca_volvo.jpg","width":695,"height":463},{"@type":"BreadcrumbList","@id":"https:\/\/www.cidademarketing.com.br\/marketing\/2023\/08\/07\/volvo-car-brasil-se-une-a-grandes-marcas-em-movimento-pela-licenca-parental\/#breadcrumb","itemListElement":[{"@type":"ListItem","position":1,"name":"In\u00edcio","item":"https:\/\/www.cidademarketing.com.br\/marketing\/"},{"@type":"ListItem","position":2,"name":"Volvo Car Brasil se une a grandes marcas em movimento pela licen\u00e7a parental"}]},{"@type":"WebSite","@id":"https:\/\/www.cidademarketing.com.br\/marketing\/#website","url":"https:\/\/www.cidademarketing.com.br\/marketing\/","name":"CidadeMarketing","description":"Somos um ve\u00edculo de comunica\u00e7\u00e3o de destaque no Brasil, reconhecido por conte\u00fados nos segmentos de marketing, empreendedorismo e inova\u00e7\u00e3o.","publisher":{"@id":"https:\/\/www.cidademarketing.com.br\/marketing\/#organization"},"alternateName":"CidadeMarketing","potentialAction":[{"@type":"SearchAction","target":{"@type":"EntryPoint","urlTemplate":"https:\/\/www.cidademarketing.com.br\/marketing\/?s={search_term_string}"},"query-input":{"@type":"PropertyValueSpecification","valueRequired":true,"valueName":"search_term_string"}}],"inLanguage":"pt-BR"},{"@type":"Organization","@id":"https:\/\/www.cidademarketing.com.br\/marketing\/#organization","name":"CidadeMarketing","alternateName":"CidadeMarketing","url":"https:\/\/www.cidademarketing.com.br\/marketing\/","logo":{"@type":"ImageObject","inLanguage":"pt-BR","@id":"https:\/\/www.cidademarketing.com.br\/marketing\/#\/schema\/logo\/image\/","url":"https:\/\/www.cidademarketing.com.br\/marketing\/wp-content\/uploads\/2020\/01\/cidademarketing_marca_mobile.png","contentUrl":"https:\/\/www.cidademarketing.com.br\/marketing\/wp-content\/uploads\/2020\/01\/cidademarketing_marca_mobile.png","width":230,"height":92,"caption":"CidadeMarketing"},"image":{"@id":"https:\/\/www.cidademarketing.com.br\/marketing\/#\/schema\/logo\/image\/"},"sameAs":["https:\/\/www.facebook.com\/portalcidademarketing","https:\/\/x.com\/CidadeMarketing","https:\/\/www.instagram.com\/cidademarketing\/"]},{"@type":"Person","@id":"https:\/\/www.cidademarketing.com.br\/marketing\/#\/schema\/person\/02daff9f18bd9378c9e01eb6b2db155f","name":"Thales Brand\u00e3o","image":{"@type":"ImageObject","inLanguage":"pt-BR","@id":"https:\/\/secure.gravatar.com\/avatar\/7ca3206950207cc3cb48feec56a8a7898741ab725c368d99d5d7a5a50aab80c6?s=96&d=mm&r=g","url":"https:\/\/secure.gravatar.com\/avatar\/7ca3206950207cc3cb48feec56a8a7898741ab725c368d99d5d7a5a50aab80c6?s=96&d=mm&r=g","contentUrl":"https:\/\/secure.gravatar.com\/avatar\/7ca3206950207cc3cb48feec56a8a7898741ab725c368d99d5d7a5a50aab80c6?s=96&d=mm&r=g","caption":"Thales Brand\u00e3o"},"description":"Editor Executivo do Portal CidadeMarketing.com.br &gt; Mestre em Comunica\u00e7\u00e3o e Sociedade pela Universidade Federal de Sergipe. Possui MBA Executivo em Administra\u00e7\u00e3o com \u00eanfase em Marketing pela Funda\u00e7\u00e3o Get\u00falio Vargas - Rio de Janeiro. Consultor, Palestrante e Pesquisador sobre Empreendedorismo, Marketing, Redes Sociais e Neg\u00f3cios Digitais. Professor, Palestrante TedxTalks e Campus Party. Twitter: @ThalesBrandao","sameAs":["http:\/\/www.mandacaru.com.br","https:\/\/www.facebook.com\/thalesbrandao","http:\/\/www.instagram.com.br\/thalesbrandaoferreira","https:\/\/www.linkedin.com\/in\/thales-brand\u00e3o-3948609\/","https:\/\/x.com\/http:\/\/www.twitter.com\/thalesbrandao"],"url":"https:\/\/www.cidademarketing.com.br\/marketing\/author\/thalesbrandao\/"}]}},"amp_enabled":true,"_links":{"self":[{"href":"https:\/\/www.cidademarketing.com.br\/marketing\/wp-json\/wp\/v2\/posts\/46550","targetHints":{"allow":["GET"]}}],"collection":[{"href":"https:\/\/www.cidademarketing.com.br\/marketing\/wp-json\/wp\/v2\/posts"}],"about":[{"href":"https:\/\/www.cidademarketing.com.br\/marketing\/wp-json\/wp\/v2\/types\/post"}],"author":[{"embeddable":true,"href":"https:\/\/www.cidademarketing.com.br\/marketing\/wp-json\/wp\/v2\/users\/1"}],"replies":[{"embeddable":true,"href":"https:\/\/www.cidademarketing.com.br\/marketing\/wp-json\/wp\/v2\/comments?post=46550"}],"version-history":[{"count":2,"href":"https:\/\/www.cidademarketing.com.br\/marketing\/wp-json\/wp\/v2\/posts\/46550\/revisions"}],"predecessor-version":[{"id":46553,"href":"https:\/\/www.cidademarketing.com.br\/marketing\/wp-json\/wp\/v2\/posts\/46550\/revisions\/46553"}],"wp:featuredmedia":[{"embeddable":true,"href":"https:\/\/www.cidademarketing.com.br\/marketing\/wp-json\/wp\/v2\/media\/46551"}],"wp:attachment":[{"href":"https:\/\/www.cidademarketing.com.br\/marketing\/wp-json\/wp\/v2\/media?parent=46550"}],"wp:term":[{"taxonomy":"category","embeddable":true,"href":"https:\/\/www.cidademarketing.com.br\/marketing\/wp-json\/wp\/v2\/categories?post=46550"},{"taxonomy":"post_tag","embeddable":true,"href":"https:\/\/www.cidademarketing.com.br\/marketing\/wp-json\/wp\/v2\/tags?post=46550"}],"curies":[{"name":"wp","href":"https:\/\/api.w.org\/{rel}","templated":true}]}}