{"id":46361,"date":"2023-07-26T22:35:00","date_gmt":"2023-07-27T01:35:00","guid":{"rendered":"https:\/\/www.cidademarketing.com.br\/marketing\/?p=46361"},"modified":"2023-07-26T22:35:00","modified_gmt":"2023-07-27T01:35:00","slug":"chevrolet-e-djamila-ribeiro-se-unem-em-movimento-para-promover-um-transito-mais-igualitario-e-seguro","status":"publish","type":"post","link":"https:\/\/www.cidademarketing.com.br\/marketing\/2023\/07\/26\/chevrolet-e-djamila-ribeiro-se-unem-em-movimento-para-promover-um-transito-mais-igualitario-e-seguro\/","title":{"rendered":"Chevrolet e Djamila Ribeiro se unem em movimento para promover um tr\u00e2nsito mais igualit\u00e1rio e seguro"},"content":{"rendered":"<p>Djamila Ribeiro \u00e9 fil\u00f3sofa, escritora, mulher, negra, m\u00e3e e uma das mais importantes vozes na luta antirracista e feminista no Brasil. Mas, apesar de ter 43 anos e ser dona do seu pr\u00f3prio caminho, Djamila est\u00e1 entre as mais de 57 milh\u00f5es de mulheres que n\u00e3o possuem Carteira Nacional de Habilita\u00e7\u00e3o. Segundo a Senatran (Secretaria Nacional de Tr\u00e2nsito), apenas 35% das CNHs ativas no pa\u00eds pertencem ao sexo feminino. Os dados refor\u00e7am o cen\u00e1rio de desigualdade no tr\u00e2nsito, tem\u00e1tica que a Chevrolet, por meio da plataforma de comunica\u00e7\u00e3o do Tracker, vem destacando em sua comunica\u00e7\u00e3o ao longo dos \u00faltimos anos.<\/p>\n<p><a href=\"https:\/\/www.cidademarketing.com.br\/marketing\/sua-marca-vai-virar-noticia\/\" target=\"_blank\" rel=\"noopener\"><img fetchpriority=\"high\" decoding=\"async\" class=\"wp-image-44329 aligncenter\" src=\"https:\/\/www.cidademarketing.com.br\/marketing\/wp-content\/uploads\/2023\/04\/cidademarketing_backlinks_marketingdigital_publieditorial_.png\" alt=\"\" width=\"500\" height=\"500\" \/><\/a><\/p>\n<p>A marca traz, desde a campanha com a Paola Carosella, em 2021, uma abordagem disruptiva na ind\u00fastria, empoderando mulheres. Agora, d\u00e1 um pr\u00f3ximo passo, em um projeto in\u00e9dito com Djamila para inspirar mulheres a tirarem a CNH, a partir de sua hist\u00f3ria de vida: a escritora, devida a v\u00e1rias urg\u00eancias em sua trajet\u00f3ria, ainda n\u00e3o \u00e9 habilitada e, mesmo ap\u00f3s os 40 anos, decidiu come\u00e7ar a dirigir.<\/p>\n<p>&nbsp;<\/p>\n\r\n                <style type=\"text\/css\">\r\n                    \r\n                    #tdi_1  .td-doubleSlider-2 .td-item1 {\r\n                        background: url(https:\/\/www.cidademarketing.com.br\/marketing\/wp-content\/uploads\/2023\/07\/chevrolet_01-80x60.jpg) 0 0 no-repeat;\r\n                    }\r\n                    #tdi_1  .td-doubleSlider-2 .td-item2 {\r\n                        background: url(https:\/\/www.cidademarketing.com.br\/marketing\/wp-content\/uploads\/2023\/07\/chevrolet_02-80x60.jpg) 0 0 no-repeat;\r\n                    }\r\n                    #tdi_1  .td-doubleSlider-2 .td-item3 {\r\n                        background: url(https:\/\/www.cidademarketing.com.br\/marketing\/wp-content\/uploads\/2023\/07\/chevrolet_03-80x60.jpg) 0 0 no-repeat;\r\n                    }\r\n                    #tdi_1  .td-doubleSlider-2 .td-item4 {\r\n                        background: url(https:\/\/www.cidademarketing.com.br\/marketing\/wp-content\/uploads\/2023\/07\/chevrolet_04-80x60.jpg) 0 0 no-repeat;\r\n                    }\r\n                    #tdi_1  .td-doubleSlider-2 .td-item5 {\r\n                        background: url(https:\/\/www.cidademarketing.com.br\/marketing\/wp-content\/uploads\/2023\/07\/chevrolet_05-80x60.jpg) 0 0 no-repeat;\r\n                    }\r\n                <\/style>\r\n\r\n                <div id=\"tdi_1\" class=\"td-gallery td-slide-on-2-columns\">\r\n                    <div class=\"post_td_gallery\">\r\n                        <div class=\"td-gallery-slide-top\">\r\n                           <div class=\"td-gallery-title\"><\/div>\r\n\r\n                            <div class=\"td-gallery-controls-wrapper\">\r\n                                <div class=\"td-gallery-slide-count\"><span class=\"td-gallery-slide-item-focus\">1<\/span> de 5<\/div>\r\n                                <div class=\"td-gallery-slide-prev-next-but\">\r\n                                    <i class = \"td-icon-left doubleSliderPrevButton\"><\/i>\r\n                                    <i class = \"td-icon-right doubleSliderNextButton\"><\/i>\r\n                                <\/div>\r\n                            <\/div>\r\n                        <\/div>\r\n\r\n                        <div class = \"td-doubleSlider-1 \">\r\n                            <div class = \"td-slider\">\r\n                                \r\n                    <div class = \"td-slide-item td-item1\">\r\n                        <figure class=\"td-slide-galery-figure td-slide-popup-gallery\">\r\n                            <a class=\"slide-gallery-image-link\" href=\"https:\/\/www.cidademarketing.com.br\/marketing\/wp-content\/uploads\/2023\/07\/chevrolet_01.jpg\" title=\"chevrolet_01\"  data-caption=\"Djamila Ribeiro\"  data-description=\"\">\r\n                                <img decoding=\"async\" src=\"https:\/\/www.cidademarketing.com.br\/marketing\/wp-content\/uploads\/2023\/07\/chevrolet_01-747x420.jpg\" srcset=\"https:\/\/www.cidademarketing.com.br\/marketing\/wp-content\/uploads\/2023\/07\/chevrolet_01-747x420.jpg 747w, https:\/\/www.cidademarketing.com.br\/marketing\/wp-content\/uploads\/2023\/07\/chevrolet_01-300x169.jpg 300w, https:\/\/www.cidademarketing.com.br\/marketing\/wp-content\/uploads\/2023\/07\/chevrolet_01-1024x576.jpg 1024w, https:\/\/www.cidademarketing.com.br\/marketing\/wp-content\/uploads\/2023\/07\/chevrolet_01-768x432.jpg 768w, https:\/\/www.cidademarketing.com.br\/marketing\/wp-content\/uploads\/2023\/07\/chevrolet_01-1536x864.jpg 1536w, https:\/\/www.cidademarketing.com.br\/marketing\/wp-content\/uploads\/2023\/07\/chevrolet_01-640x360.jpg 640w, https:\/\/www.cidademarketing.com.br\/marketing\/wp-content\/uploads\/2023\/07\/chevrolet_01-681x383.jpg 681w, https:\/\/www.cidademarketing.com.br\/marketing\/wp-content\/uploads\/2023\/07\/chevrolet_01.jpg 1920w\" sizes=\"(max-width: 747px) 100vw, 747px\" alt=\"\">\r\n                            <\/a>\r\n                            <figcaption class = \"td-slide-caption td-gallery-slide-content\"><div class = \"td-gallery-slide-copywrite\">Djamila Ribeiro<\/div><\/figcaption>\r\n                        <\/figure>\r\n                    <\/div>\r\n                    <div class = \"td-slide-item td-item2\">\r\n                        <figure class=\"td-slide-galery-figure td-slide-popup-gallery\">\r\n                            <a class=\"slide-gallery-image-link\" href=\"https:\/\/www.cidademarketing.com.br\/marketing\/wp-content\/uploads\/2023\/07\/chevrolet_02.jpg\" title=\"chevrolet_02\"  data-caption=\"Djamila Ribeiro\"  data-description=\"\">\r\n                                <img decoding=\"async\" src=\"https:\/\/www.cidademarketing.com.br\/marketing\/wp-content\/uploads\/2023\/07\/chevrolet_02-280x420.jpg\" srcset=\"https:\/\/www.cidademarketing.com.br\/marketing\/wp-content\/uploads\/2023\/07\/chevrolet_02-280x420.jpg 280w, https:\/\/www.cidademarketing.com.br\/marketing\/wp-content\/uploads\/2023\/07\/chevrolet_02-200x300.jpg 200w, https:\/\/www.cidademarketing.com.br\/marketing\/wp-content\/uploads\/2023\/07\/chevrolet_02-682x1024.jpg 682w, https:\/\/www.cidademarketing.com.br\/marketing\/wp-content\/uploads\/2023\/07\/chevrolet_02-768x1152.jpg 768w, https:\/\/www.cidademarketing.com.br\/marketing\/wp-content\/uploads\/2023\/07\/chevrolet_02-640x960.jpg 640w, https:\/\/www.cidademarketing.com.br\/marketing\/wp-content\/uploads\/2023\/07\/chevrolet_02-681x1022.jpg 681w, https:\/\/www.cidademarketing.com.br\/marketing\/wp-content\/uploads\/2023\/07\/chevrolet_02.jpg 791w\" sizes=\"(max-width: 280px) 100vw, 280px\" alt=\"\">\r\n                            <\/a>\r\n                            <figcaption class = \"td-slide-caption td-gallery-slide-content\"><div class = \"td-gallery-slide-copywrite\">Djamila Ribeiro<\/div><\/figcaption>\r\n                        <\/figure>\r\n                    <\/div>\r\n                    <div class = \"td-slide-item td-item3\">\r\n                        <figure class=\"td-slide-galery-figure td-slide-popup-gallery\">\r\n                            <a class=\"slide-gallery-image-link\" href=\"https:\/\/www.cidademarketing.com.br\/marketing\/wp-content\/uploads\/2023\/07\/chevrolet_03.jpg\" title=\"chevrolet_03\"  data-caption=\"Djamila Ribeiro\"  data-description=\"\">\r\n                                <img decoding=\"async\" src=\"https:\/\/www.cidademarketing.com.br\/marketing\/wp-content\/uploads\/2023\/07\/chevrolet_03-559x420.jpg\" srcset=\"https:\/\/www.cidademarketing.com.br\/marketing\/wp-content\/uploads\/2023\/07\/chevrolet_03-559x420.jpg 559w, https:\/\/www.cidademarketing.com.br\/marketing\/wp-content\/uploads\/2023\/07\/chevrolet_03-300x225.jpg 300w, https:\/\/www.cidademarketing.com.br\/marketing\/wp-content\/uploads\/2023\/07\/chevrolet_03-1024x770.jpg 1024w, https:\/\/www.cidademarketing.com.br\/marketing\/wp-content\/uploads\/2023\/07\/chevrolet_03-768x577.jpg 768w, https:\/\/www.cidademarketing.com.br\/marketing\/wp-content\/uploads\/2023\/07\/chevrolet_03-80x60.jpg 80w, https:\/\/www.cidademarketing.com.br\/marketing\/wp-content\/uploads\/2023\/07\/chevrolet_03-100x75.jpg 100w, https:\/\/www.cidademarketing.com.br\/marketing\/wp-content\/uploads\/2023\/07\/chevrolet_03-180x135.jpg 180w, https:\/\/www.cidademarketing.com.br\/marketing\/wp-content\/uploads\/2023\/07\/chevrolet_03-238x178.jpg 238w, https:\/\/www.cidademarketing.com.br\/marketing\/wp-content\/uploads\/2023\/07\/chevrolet_03-265x198.jpg 265w, https:\/\/www.cidademarketing.com.br\/marketing\/wp-content\/uploads\/2023\/07\/chevrolet_03-640x481.jpg 640w, https:\/\/www.cidademarketing.com.br\/marketing\/wp-content\/uploads\/2023\/07\/chevrolet_03-681x512.jpg 681w, https:\/\/www.cidademarketing.com.br\/marketing\/wp-content\/uploads\/2023\/07\/chevrolet_03.jpg 1328w\" sizes=\"(max-width: 559px) 100vw, 559px\" alt=\"\">\r\n                            <\/a>\r\n                            <figcaption class = \"td-slide-caption td-gallery-slide-content\"><div class = \"td-gallery-slide-copywrite\">Djamila Ribeiro<\/div><\/figcaption>\r\n                        <\/figure>\r\n                    <\/div>\r\n                    <div class = \"td-slide-item td-item4\">\r\n                        <figure class=\"td-slide-galery-figure td-slide-popup-gallery\">\r\n                            <a class=\"slide-gallery-image-link\" href=\"https:\/\/www.cidademarketing.com.br\/marketing\/wp-content\/uploads\/2023\/07\/chevrolet_04.jpg\" title=\"chevrolet_04\"  data-caption=\"Djamila Ribeiro com Chris Rego \"  data-description=\"\">\r\n                                <img decoding=\"async\" src=\"https:\/\/www.cidademarketing.com.br\/marketing\/wp-content\/uploads\/2023\/07\/chevrolet_04-630x420.jpg\" srcset=\"https:\/\/www.cidademarketing.com.br\/marketing\/wp-content\/uploads\/2023\/07\/chevrolet_04-630x420.jpg 630w, https:\/\/www.cidademarketing.com.br\/marketing\/wp-content\/uploads\/2023\/07\/chevrolet_04-300x200.jpg 300w, https:\/\/www.cidademarketing.com.br\/marketing\/wp-content\/uploads\/2023\/07\/chevrolet_04-1024x683.jpg 1024w, https:\/\/www.cidademarketing.com.br\/marketing\/wp-content\/uploads\/2023\/07\/chevrolet_04-768x512.jpg 768w, https:\/\/www.cidademarketing.com.br\/marketing\/wp-content\/uploads\/2023\/07\/chevrolet_04-640x427.jpg 640w, https:\/\/www.cidademarketing.com.br\/marketing\/wp-content\/uploads\/2023\/07\/chevrolet_04-681x454.jpg 681w, https:\/\/www.cidademarketing.com.br\/marketing\/wp-content\/uploads\/2023\/07\/chevrolet_04.jpg 1364w\" sizes=\"(max-width: 630px) 100vw, 630px\" alt=\"\">\r\n                            <\/a>\r\n                            <figcaption class = \"td-slide-caption td-gallery-slide-content\"><div class = \"td-gallery-slide-copywrite\">Djamila Ribeiro com Chris Rego <\/div><\/figcaption>\r\n                        <\/figure>\r\n                    <\/div>\r\n                    <div class = \"td-slide-item td-item5\">\r\n                        <figure class=\"td-slide-galery-figure td-slide-popup-gallery\">\r\n                            <a class=\"slide-gallery-image-link\" href=\"https:\/\/www.cidademarketing.com.br\/marketing\/wp-content\/uploads\/2023\/07\/chevrolet_05.jpg\" title=\"chevrolet_05\"  data-caption=\"Giovanna Tucci, diretora de neg\u00f3cios da WMcCann, Renata Bokel, COO &amp; CSO da WMcCann, Chris Rego, CMO da GM, Talita Cardozo, diretora de cria\u00e7\u00e3o da WMcCann, Kimberly Dailher, coordenadora de conte\u00fado da WMcCann. \"  data-description=\"\">\r\n                                <img decoding=\"async\" src=\"https:\/\/www.cidademarketing.com.br\/marketing\/wp-content\/uploads\/2023\/07\/chevrolet_05-630x420.jpg\" srcset=\"https:\/\/www.cidademarketing.com.br\/marketing\/wp-content\/uploads\/2023\/07\/chevrolet_05-630x420.jpg 630w, https:\/\/www.cidademarketing.com.br\/marketing\/wp-content\/uploads\/2023\/07\/chevrolet_05-300x200.jpg 300w, https:\/\/www.cidademarketing.com.br\/marketing\/wp-content\/uploads\/2023\/07\/chevrolet_05-1024x683.jpg 1024w, https:\/\/www.cidademarketing.com.br\/marketing\/wp-content\/uploads\/2023\/07\/chevrolet_05-768x512.jpg 768w, https:\/\/www.cidademarketing.com.br\/marketing\/wp-content\/uploads\/2023\/07\/chevrolet_05-1536x1024.jpg 1536w, https:\/\/www.cidademarketing.com.br\/marketing\/wp-content\/uploads\/2023\/07\/chevrolet_05-640x427.jpg 640w, https:\/\/www.cidademarketing.com.br\/marketing\/wp-content\/uploads\/2023\/07\/chevrolet_05-681x454.jpg 681w, https:\/\/www.cidademarketing.com.br\/marketing\/wp-content\/uploads\/2023\/07\/chevrolet_05.jpg 1620w\" sizes=\"(max-width: 630px) 100vw, 630px\" alt=\"\">\r\n                            <\/a>\r\n                            <figcaption class = \"td-slide-caption td-gallery-slide-content\"><div class = \"td-gallery-slide-copywrite\">Giovanna Tucci, diretora de neg\u00f3cios da WMcCann, Renata Bokel, COO & CSO da WMcCann, Chris Rego, CMO da GM, Talita Cardozo, diretora de cria\u00e7\u00e3o da WMcCann, Kimberly Dailher, coordenadora de conte\u00fado da WMcCann. <\/div><\/figcaption>\r\n                        <\/figure>\r\n                    <\/div>\r\n                            <\/div>\r\n                        <\/div>\r\n\r\n                        <div class = \"td-doubleSlider-2\">\r\n                            <div class = \"td-slider\">\r\n                                \r\n                    <div class = \"td-button td-item1\">\r\n                        <div class = \"td-border\"><\/div>\r\n                    <\/div>\r\n                    <div class = \"td-button td-item2\">\r\n                        <div class = \"td-border\"><\/div>\r\n                    <\/div>\r\n                    <div class = \"td-button td-item3\">\r\n                        <div class = \"td-border\"><\/div>\r\n                    <\/div>\r\n                    <div class = \"td-button td-item4\">\r\n                        <div class = \"td-border\"><\/div>\r\n                    <\/div>\r\n                    <div class = \"td-button td-item5\">\r\n                        <div class = \"td-border\"><\/div>\r\n                    <\/div>\r\n                            <\/div>\r\n                        <\/div>\r\n\r\n                    <\/div>\r\n\r\n                <\/div>\r\n                \n<p>\u201cSabemos que a CNH \u00e9 um instrumento importante que pode empoderar n\u00f3s, mulheres, uma vez que \u00e9 um sin\u00f4nimo de liberdade. Por isso, estamos dando mais um passo importante no trabalho que estamos fazendo com a marca Tracker. Com essa campanha, queremos quebrar os preconceitos no tr\u00e2nsito. Por exemplo, s\u00f3 6% dos acidentes em S\u00e3o Paulo s\u00e3o causados por mulheres, justamente por serem mais cuidadosas ao dirigir. Por\u00e9m, 80% das pessoas que t\u00eam medo de dirigir, s\u00e3o mulheres. Essa comunica\u00e7\u00e3o vem para incentivar a todas a perderem esse medo e mostrar que o tr\u00e2nsito \u00e9 lugar para todos\u201d, comenta Chris Rego, diretora-executiva de Marketing GM Am\u00e9rica do Sul.<\/p>\n<p>O planejamento contou com a Plano Feminino, consultoria de g\u00eanero e diversidade que atende marcas com o objetivo de construir di\u00e1logos que engajam, geram identifica\u00e7\u00e3o e representatividade, sem objetifica\u00e7\u00e3o e estere\u00f3tipos, e traz o mote \u201cPara quem dirige a pr\u00f3pria vida\u201d. A campanha contar\u00e1 com filme nacional estrelado por Djamila e Marcos Mion, embaixador da marca, uma webs\u00e9rie onde Djamila mostrar\u00e1 o passo a passo de tirar a CNH, al\u00e9m de um grupo de influenciadoras que tamb\u00e9m ir\u00e1 incentivar mulheres a fazerem o mesmo.<\/p>\n<p>\u201cTer nosso time de cria\u00e7\u00e3o cocriando com a Djamila Ribeiro permitiu que cheg\u00e1ssemos a uma narrativa muito mais verdadeira e potente. Muito mais que uma campanha, estamos iniciando um movimento que parte da Chevrolet em prol da sociedade\u201d, destaca Talita Cardozo, diretora de cria\u00e7\u00e3o da WMcCann.<\/p>\n<p><iframe title=\"Spotify Embed: Podcast CidadeMarketing\" style=\"border-radius: 12px\" width=\"100%\" height=\"152\" frameborder=\"0\" allowfullscreen allow=\"autoplay; clipboard-write; encrypted-media; fullscreen; picture-in-picture\" loading=\"lazy\" src=\"https:\/\/open.spotify.com\/embed\/show\/4khMKzP3FgFRWVwb73xicc?si=252fe5bff2b34909&#038;utm_source=oembed\"><\/iframe><\/p>\n<p>Construindo um tr\u00e2nsito mais igualit\u00e1rio com a\u00e7\u00f5es pr\u00e1ticas<\/p>\n<p>Mais do que uma campanha, a Chevrolet anuncia que ir\u00e1 apoiar uma a\u00e7\u00e3o de financiamento coletivo junto a ONG Plano de Menina, vinculada ao Plano Feminino, que conecta meninas de periferias e as capacita profissionalmente. A iniciativa busca ser uma a\u00e7\u00e3o afirmativa para que mulheres que n\u00e3o t\u00eam condi\u00e7\u00f5es financeiras tenham a oportunidade de tirar sua habilita\u00e7\u00e3o. Inicialmente, a Chevrolet ir\u00e1 aportar R$ 1 milh\u00e3o e est\u00e1 convidando empresas e pessoas a contribuir, fazendo parte tamb\u00e9m deste movimento atrav\u00e9s do link: <a href=\"https:\/\/voaa.me\/elas-direcao\" target=\"_blank\" rel=\"noopener\">https:\/\/voaa.me\/elas-direcao<\/a><\/p>\n<p><iframe title=\"Chevrolet Tracker | Elas Na Dire\u00e7\u00e3o\" width=\"640\" height=\"360\" src=\"https:\/\/www.youtube.com\/embed\/wubQ4ZE9EYA?feature=oembed\" frameborder=\"0\" allow=\"accelerometer; autoplay; clipboard-write; encrypted-media; gyroscope; picture-in-picture; web-share\" referrerpolicy=\"strict-origin-when-cross-origin\" allowfullscreen><\/iframe><\/p>\n<p>Ficha T\u00e9cnica:<br \/>\nAg\u00eancia: Commonwealth\/\/WMcCann<br \/>\nCliente: Chevrolet<br \/>\nProduto: Chevrolet Tracker RS<br \/>\nNome da campanha: Mulheres que dirigem a pr\u00f3pria vida.<br \/>\nTime do Cliente: Chris Rego, Renan Tavares, Federico Wassermann, Diana Reynoso Avellaneda, Felipe Silva e Pamela Mour\u00e3o<br \/>\nCEO: Andr\u00e9 Fran\u00e7a<br \/>\nCCO: Hugo Rodrigues<br \/>\nVP executivo e diretor-geral da WMcCann SP: Vitor Lieff<br \/>\nDire\u00e7\u00e3o de cria\u00e7\u00e3o: Talita Cardozo e Fernando Penteado<br \/>\nCria\u00e7\u00e3o: Priscila Bensadon, Monique Anholeti, Edilene Santos e Vit\u00f3ria Oliveira<br \/>\nCOO &amp; CSO: Renata Bokel<br \/>\nPlanejamento: Eduardo Cabral, Tatiana Weiss, Giovanna Martinez e Everton Reis<br \/>\nConsultoria de G\u00eanero e Curadoria: Plano Feminino<br \/>\nVivi Duarte &#8211; CEO e Diretora Geral<br \/>\nMelina Oliveira &#8211; Gerente de Estrat\u00e9gia e Impacto<br \/>\nHead de conte\u00fado: Patricia Colombo<br \/>\nConte\u00fado: Monikhe Menezes, Karla Oliveira, Kimberly Dailher e Jennifer Marinho.<br \/>\nDiretora de Grupo de Neg\u00f3cios: Giovanna Tucci<br \/>\nAtendimento: Joana Campanelli, Carolina Anton, Gabriel Penedo, Paloma Vieira e Gabriel Marafiotti<br \/>\nVP de M\u00eddia: Andreia Abud<br \/>\nM\u00eddia: Guilherme Silva, Stephanye Canada, Kesia Santos, Giulia Bacelar e Camila Pereira<br \/>\nBI: Felipe Borges, Fabio Oliveira, Marcela Quintiliano, Bruna Carvalho e Eduardo Faustino<br \/>\nDiretora de Produ\u00e7\u00e3o: Camila Naito<br \/>\nProdu\u00e7\u00e3o Integrada: Monica Andrade, Giovanna Cioca, Mariana Resende, Pedro Cerqueira, Karol Oliveira, Lorena Latorre, Paula Buttler<br \/>\nProdutora do filme: O2<br \/>\nDiretor: Ale Pellegrino<br \/>\nDiretor de Fotografia: Fernando Bertolucci<br \/>\nP\u00f3s-produ\u00e7\u00e3o: O2 P\u00f3s<br \/>\nProdutora de Som: Cabaret<br \/>\nProdu\u00e7\u00e3o Musical: Nan\u00e1 Rizinni<br \/>\nCompositora: Nan\u00e1 Rizinni<br \/>\nFinaliza\u00e7\u00e3o: Let\u00edcia Medeiros<br \/>\nAtendimento: Ingrid Lopes, Fl\u00e1via Caparelli e B\u00e1rbara Russiano<br \/>\nCoordena\u00e7\u00e3o: Verusca Garcia, Chandra Lima, Mavi Capelasso e D\u00e9bora Mello<br \/>\nFoto Mion e Djamila Ribeiro: Pedro Dimitrow<br \/>\nBussiness: Viviane Arnaldi<br \/>\nCoordena\u00e7\u00e3o: Adriana Rocha<br \/>\nAssistente: Dennison Sabino<br \/>\nAssistente: F\u00e1bio Xavier<br \/>\nAssistente: Pedro Saad<br \/>\nAgenciamento Djamila Ribeiro: Cas\u00e9 Fala<br \/>\nMaquiagem Djamila Ribeiro: Aline Zalenka<br \/>\nCabelo Djamila Ribeiro: Jaqueline Santos Gualberto<br \/>\nStylist Djamila Ribeiro: Paulo Zelenka<br \/>\nStylist Marcos Mion: Hel\u00f4 Fillippo<br \/>\nMaquiagem e Cabelo Marcos Mion: Lavoisier<br \/>\nProjetos: Deborah Peixoto<br \/>\nRela\u00e7\u00f5es P\u00fablicas: Beatriz Matarazzo, Kerena Neves, Giulia Camargo, Pamela Forti, Bruna Marconi<\/p>\n","protected":false},"excerpt":{"rendered":"<p>Djamila Ribeiro \u00e9 fil\u00f3sofa, escritora, mulher, negra, m\u00e3e e uma das mais importantes vozes na luta antirracista e feminista no Brasil. Mas, apesar de ter 43 anos e ser dona do seu pr\u00f3prio caminho, Djamila est\u00e1 entre as mais de 57 milh\u00f5es de mulheres que n\u00e3o possuem Carteira Nacional de Habilita\u00e7\u00e3o. Segundo a Senatran (Secretaria [&hellip;]<\/p>\n","protected":false},"author":1,"featured_media":46364,"comment_status":"open","ping_status":"open","sticky":false,"template":"","format":"standard","meta":{"tdm_status":"","tdm_grid_status":"","footnotes":""},"categories":[6,14],"tags":[65,315,1124,33,6139,28,66],"class_list":["post-46361","post","type-post","status-publish","format-standard","has-post-thumbnail","hentry","category-noticias","category-videos","tag-campanha","tag-chevrolet","tag-diversidade","tag-estrategia","tag-igualdade","tag-marketing","tag-propaganda"],"yoast_head":"<!-- This site is optimized with the Yoast SEO plugin v27.5 - https:\/\/yoast.com\/product\/yoast-seo-wordpress\/ -->\n<title>Chevrolet e Djamila Ribeiro se unem em movimento para promover um tr\u00e2nsito mais igualit\u00e1rio e seguro - CidadeMarketing<\/title>\n<meta name=\"robots\" content=\"index, follow, max-snippet:-1, max-image-preview:large, max-video-preview:-1\" \/>\n<link rel=\"canonical\" href=\"https:\/\/www.cidademarketing.com.br\/marketing\/2023\/07\/26\/chevrolet-e-djamila-ribeiro-se-unem-em-movimento-para-promover-um-transito-mais-igualitario-e-seguro\/\" \/>\n<meta property=\"og:locale\" content=\"pt_BR\" \/>\n<meta property=\"og:type\" content=\"article\" \/>\n<meta property=\"og:title\" content=\"Chevrolet e Djamila Ribeiro se unem em movimento para promover um tr\u00e2nsito mais igualit\u00e1rio e seguro - CidadeMarketing\" \/>\n<meta property=\"og:description\" content=\"Djamila Ribeiro \u00e9 fil\u00f3sofa, escritora, mulher, negra, m\u00e3e e uma das mais importantes vozes na luta antirracista e feminista no Brasil. Mas, apesar de ter 43 anos e ser dona do seu pr\u00f3prio caminho, Djamila est\u00e1 entre as mais de 57 milh\u00f5es de mulheres que n\u00e3o possuem Carteira Nacional de Habilita\u00e7\u00e3o. Segundo a Senatran (Secretaria [&hellip;]\" \/>\n<meta property=\"og:url\" content=\"https:\/\/www.cidademarketing.com.br\/marketing\/2023\/07\/26\/chevrolet-e-djamila-ribeiro-se-unem-em-movimento-para-promover-um-transito-mais-igualitario-e-seguro\/\" \/>\n<meta property=\"og:site_name\" content=\"CidadeMarketing\" \/>\n<meta property=\"article:publisher\" content=\"https:\/\/www.facebook.com\/portalcidademarketing\" \/>\n<meta property=\"article:author\" content=\"https:\/\/www.facebook.com\/thalesbrandao\" \/>\n<meta property=\"article:published_time\" content=\"2023-07-27T01:35:00+00:00\" \/>\n<meta property=\"og:image\" content=\"https:\/\/www.cidademarketing.com.br\/marketing\/wp-content\/uploads\/2023\/07\/chevrolet_03.jpg\" \/>\n\t<meta property=\"og:image:width\" content=\"1328\" \/>\n\t<meta property=\"og:image:height\" content=\"998\" \/>\n\t<meta property=\"og:image:type\" content=\"image\/jpeg\" \/>\n<meta name=\"author\" content=\"Thales Brand\u00e3o\" \/>\n<meta name=\"twitter:card\" content=\"summary_large_image\" \/>\n<meta name=\"twitter:creator\" content=\"@http:\/\/www.twitter.com\/thalesbrandao\" \/>\n<meta name=\"twitter:site\" content=\"@CidadeMarketing\" \/>\n<meta name=\"twitter:label1\" content=\"Escrito por\" \/>\n\t<meta name=\"twitter:data1\" content=\"Thales Brand\u00e3o\" \/>\n\t<meta name=\"twitter:label2\" content=\"Est. tempo de leitura\" \/>\n\t<meta name=\"twitter:data2\" content=\"5 minutos\" \/>\n<script type=\"application\/ld+json\" class=\"yoast-schema-graph\">{\"@context\":\"https:\\\/\\\/schema.org\",\"@graph\":[{\"@type\":\"Article\",\"@id\":\"https:\\\/\\\/www.cidademarketing.com.br\\\/marketing\\\/2023\\\/07\\\/26\\\/chevrolet-e-djamila-ribeiro-se-unem-em-movimento-para-promover-um-transito-mais-igualitario-e-seguro\\\/#article\",\"isPartOf\":{\"@id\":\"https:\\\/\\\/www.cidademarketing.com.br\\\/marketing\\\/2023\\\/07\\\/26\\\/chevrolet-e-djamila-ribeiro-se-unem-em-movimento-para-promover-um-transito-mais-igualitario-e-seguro\\\/\"},\"author\":{\"name\":\"Thales Brand\u00e3o\",\"@id\":\"https:\\\/\\\/www.cidademarketing.com.br\\\/marketing\\\/#\\\/schema\\\/person\\\/02daff9f18bd9378c9e01eb6b2db155f\"},\"headline\":\"Chevrolet e Djamila Ribeiro se unem em movimento para promover um tr\u00e2nsito mais igualit\u00e1rio e seguro\",\"datePublished\":\"2023-07-27T01:35:00+00:00\",\"mainEntityOfPage\":{\"@id\":\"https:\\\/\\\/www.cidademarketing.com.br\\\/marketing\\\/2023\\\/07\\\/26\\\/chevrolet-e-djamila-ribeiro-se-unem-em-movimento-para-promover-um-transito-mais-igualitario-e-seguro\\\/\"},\"wordCount\":932,\"commentCount\":0,\"publisher\":{\"@id\":\"https:\\\/\\\/www.cidademarketing.com.br\\\/marketing\\\/#organization\"},\"image\":{\"@id\":\"https:\\\/\\\/www.cidademarketing.com.br\\\/marketing\\\/2023\\\/07\\\/26\\\/chevrolet-e-djamila-ribeiro-se-unem-em-movimento-para-promover-um-transito-mais-igualitario-e-seguro\\\/#primaryimage\"},\"thumbnailUrl\":\"https:\\\/\\\/www.cidademarketing.com.br\\\/marketing\\\/wp-content\\\/uploads\\\/2023\\\/07\\\/chevrolet_03.jpg\",\"keywords\":[\"campanha\",\"Chevrolet\",\"diversidade\",\"estrat\u00e9gia\",\"igualdade\",\"marketing\",\"propaganda\"],\"articleSection\":[\"Not\u00edcias\",\"Videos\"],\"inLanguage\":\"pt-BR\",\"potentialAction\":[{\"@type\":\"CommentAction\",\"name\":\"Comment\",\"target\":[\"https:\\\/\\\/www.cidademarketing.com.br\\\/marketing\\\/2023\\\/07\\\/26\\\/chevrolet-e-djamila-ribeiro-se-unem-em-movimento-para-promover-um-transito-mais-igualitario-e-seguro\\\/#respond\"]}]},{\"@type\":\"WebPage\",\"@id\":\"https:\\\/\\\/www.cidademarketing.com.br\\\/marketing\\\/2023\\\/07\\\/26\\\/chevrolet-e-djamila-ribeiro-se-unem-em-movimento-para-promover-um-transito-mais-igualitario-e-seguro\\\/\",\"url\":\"https:\\\/\\\/www.cidademarketing.com.br\\\/marketing\\\/2023\\\/07\\\/26\\\/chevrolet-e-djamila-ribeiro-se-unem-em-movimento-para-promover-um-transito-mais-igualitario-e-seguro\\\/\",\"name\":\"Chevrolet e Djamila Ribeiro se unem em movimento para promover um tr\u00e2nsito mais igualit\u00e1rio e seguro - CidadeMarketing\",\"isPartOf\":{\"@id\":\"https:\\\/\\\/www.cidademarketing.com.br\\\/marketing\\\/#website\"},\"primaryImageOfPage\":{\"@id\":\"https:\\\/\\\/www.cidademarketing.com.br\\\/marketing\\\/2023\\\/07\\\/26\\\/chevrolet-e-djamila-ribeiro-se-unem-em-movimento-para-promover-um-transito-mais-igualitario-e-seguro\\\/#primaryimage\"},\"image\":{\"@id\":\"https:\\\/\\\/www.cidademarketing.com.br\\\/marketing\\\/2023\\\/07\\\/26\\\/chevrolet-e-djamila-ribeiro-se-unem-em-movimento-para-promover-um-transito-mais-igualitario-e-seguro\\\/#primaryimage\"},\"thumbnailUrl\":\"https:\\\/\\\/www.cidademarketing.com.br\\\/marketing\\\/wp-content\\\/uploads\\\/2023\\\/07\\\/chevrolet_03.jpg\",\"datePublished\":\"2023-07-27T01:35:00+00:00\",\"breadcrumb\":{\"@id\":\"https:\\\/\\\/www.cidademarketing.com.br\\\/marketing\\\/2023\\\/07\\\/26\\\/chevrolet-e-djamila-ribeiro-se-unem-em-movimento-para-promover-um-transito-mais-igualitario-e-seguro\\\/#breadcrumb\"},\"inLanguage\":\"pt-BR\",\"potentialAction\":[{\"@type\":\"ReadAction\",\"target\":[\"https:\\\/\\\/www.cidademarketing.com.br\\\/marketing\\\/2023\\\/07\\\/26\\\/chevrolet-e-djamila-ribeiro-se-unem-em-movimento-para-promover-um-transito-mais-igualitario-e-seguro\\\/\"]}]},{\"@type\":\"ImageObject\",\"inLanguage\":\"pt-BR\",\"@id\":\"https:\\\/\\\/www.cidademarketing.com.br\\\/marketing\\\/2023\\\/07\\\/26\\\/chevrolet-e-djamila-ribeiro-se-unem-em-movimento-para-promover-um-transito-mais-igualitario-e-seguro\\\/#primaryimage\",\"url\":\"https:\\\/\\\/www.cidademarketing.com.br\\\/marketing\\\/wp-content\\\/uploads\\\/2023\\\/07\\\/chevrolet_03.jpg\",\"contentUrl\":\"https:\\\/\\\/www.cidademarketing.com.br\\\/marketing\\\/wp-content\\\/uploads\\\/2023\\\/07\\\/chevrolet_03.jpg\",\"width\":1328,\"height\":998,\"caption\":\"Djamila Ribeiro\"},{\"@type\":\"BreadcrumbList\",\"@id\":\"https:\\\/\\\/www.cidademarketing.com.br\\\/marketing\\\/2023\\\/07\\\/26\\\/chevrolet-e-djamila-ribeiro-se-unem-em-movimento-para-promover-um-transito-mais-igualitario-e-seguro\\\/#breadcrumb\",\"itemListElement\":[{\"@type\":\"ListItem\",\"position\":1,\"name\":\"In\u00edcio\",\"item\":\"https:\\\/\\\/www.cidademarketing.com.br\\\/marketing\\\/\"},{\"@type\":\"ListItem\",\"position\":2,\"name\":\"Chevrolet e Djamila Ribeiro se unem em movimento para promover um tr\u00e2nsito mais igualit\u00e1rio e seguro\"}]},{\"@type\":\"WebSite\",\"@id\":\"https:\\\/\\\/www.cidademarketing.com.br\\\/marketing\\\/#website\",\"url\":\"https:\\\/\\\/www.cidademarketing.com.br\\\/marketing\\\/\",\"name\":\"CidadeMarketing\",\"description\":\"Somos um ve\u00edculo de comunica\u00e7\u00e3o de destaque no Brasil, reconhecido por conte\u00fados nos segmentos de marketing, empreendedorismo e inova\u00e7\u00e3o.\",\"publisher\":{\"@id\":\"https:\\\/\\\/www.cidademarketing.com.br\\\/marketing\\\/#organization\"},\"alternateName\":\"CidadeMarketing\",\"potentialAction\":[{\"@type\":\"SearchAction\",\"target\":{\"@type\":\"EntryPoint\",\"urlTemplate\":\"https:\\\/\\\/www.cidademarketing.com.br\\\/marketing\\\/?s={search_term_string}\"},\"query-input\":{\"@type\":\"PropertyValueSpecification\",\"valueRequired\":true,\"valueName\":\"search_term_string\"}}],\"inLanguage\":\"pt-BR\"},{\"@type\":\"Organization\",\"@id\":\"https:\\\/\\\/www.cidademarketing.com.br\\\/marketing\\\/#organization\",\"name\":\"CidadeMarketing\",\"alternateName\":\"CidadeMarketing\",\"url\":\"https:\\\/\\\/www.cidademarketing.com.br\\\/marketing\\\/\",\"logo\":{\"@type\":\"ImageObject\",\"inLanguage\":\"pt-BR\",\"@id\":\"https:\\\/\\\/www.cidademarketing.com.br\\\/marketing\\\/#\\\/schema\\\/logo\\\/image\\\/\",\"url\":\"https:\\\/\\\/www.cidademarketing.com.br\\\/marketing\\\/wp-content\\\/uploads\\\/2020\\\/01\\\/cidademarketing_marca_mobile.png\",\"contentUrl\":\"https:\\\/\\\/www.cidademarketing.com.br\\\/marketing\\\/wp-content\\\/uploads\\\/2020\\\/01\\\/cidademarketing_marca_mobile.png\",\"width\":230,\"height\":92,\"caption\":\"CidadeMarketing\"},\"image\":{\"@id\":\"https:\\\/\\\/www.cidademarketing.com.br\\\/marketing\\\/#\\\/schema\\\/logo\\\/image\\\/\"},\"sameAs\":[\"https:\\\/\\\/www.facebook.com\\\/portalcidademarketing\",\"https:\\\/\\\/x.com\\\/CidadeMarketing\",\"https:\\\/\\\/www.instagram.com\\\/cidademarketing\\\/\"]},{\"@type\":\"Person\",\"@id\":\"https:\\\/\\\/www.cidademarketing.com.br\\\/marketing\\\/#\\\/schema\\\/person\\\/02daff9f18bd9378c9e01eb6b2db155f\",\"name\":\"Thales Brand\u00e3o\",\"image\":{\"@type\":\"ImageObject\",\"inLanguage\":\"pt-BR\",\"@id\":\"https:\\\/\\\/secure.gravatar.com\\\/avatar\\\/7ca3206950207cc3cb48feec56a8a7898741ab725c368d99d5d7a5a50aab80c6?s=96&d=mm&r=g\",\"url\":\"https:\\\/\\\/secure.gravatar.com\\\/avatar\\\/7ca3206950207cc3cb48feec56a8a7898741ab725c368d99d5d7a5a50aab80c6?s=96&d=mm&r=g\",\"contentUrl\":\"https:\\\/\\\/secure.gravatar.com\\\/avatar\\\/7ca3206950207cc3cb48feec56a8a7898741ab725c368d99d5d7a5a50aab80c6?s=96&d=mm&r=g\",\"caption\":\"Thales Brand\u00e3o\"},\"description\":\"Editor Executivo do Portal CidadeMarketing.com.br &gt; Mestre em Comunica\u00e7\u00e3o e Sociedade pela Universidade Federal de Sergipe. Possui MBA Executivo em Administra\u00e7\u00e3o com \u00eanfase em Marketing pela Funda\u00e7\u00e3o Get\u00falio Vargas - Rio de Janeiro. Consultor, Palestrante e Pesquisador sobre Empreendedorismo, Marketing, Redes Sociais e Neg\u00f3cios Digitais. Professor, Palestrante TedxTalks e Campus Party. Twitter: @ThalesBrandao\",\"sameAs\":[\"http:\\\/\\\/www.mandacaru.com.br\",\"https:\\\/\\\/www.facebook.com\\\/thalesbrandao\",\"http:\\\/\\\/www.instagram.com.br\\\/thalesbrandaoferreira\",\"https:\\\/\\\/www.linkedin.com\\\/in\\\/thales-brand\u00e3o-3948609\\\/\",\"https:\\\/\\\/x.com\\\/http:\\\/\\\/www.twitter.com\\\/thalesbrandao\"],\"url\":\"https:\\\/\\\/www.cidademarketing.com.br\\\/marketing\\\/author\\\/thalesbrandao\\\/\"}]}<\/script>\n<!-- \/ Yoast SEO plugin. -->","yoast_head_json":{"title":"Chevrolet e Djamila Ribeiro se unem em movimento para promover um tr\u00e2nsito mais igualit\u00e1rio e seguro - CidadeMarketing","robots":{"index":"index","follow":"follow","max-snippet":"max-snippet:-1","max-image-preview":"max-image-preview:large","max-video-preview":"max-video-preview:-1"},"canonical":"https:\/\/www.cidademarketing.com.br\/marketing\/2023\/07\/26\/chevrolet-e-djamila-ribeiro-se-unem-em-movimento-para-promover-um-transito-mais-igualitario-e-seguro\/","og_locale":"pt_BR","og_type":"article","og_title":"Chevrolet e Djamila Ribeiro se unem em movimento para promover um tr\u00e2nsito mais igualit\u00e1rio e seguro - CidadeMarketing","og_description":"Djamila Ribeiro \u00e9 fil\u00f3sofa, escritora, mulher, negra, m\u00e3e e uma das mais importantes vozes na luta antirracista e feminista no Brasil. Mas, apesar de ter 43 anos e ser dona do seu pr\u00f3prio caminho, Djamila est\u00e1 entre as mais de 57 milh\u00f5es de mulheres que n\u00e3o possuem Carteira Nacional de Habilita\u00e7\u00e3o. Segundo a Senatran (Secretaria [&hellip;]","og_url":"https:\/\/www.cidademarketing.com.br\/marketing\/2023\/07\/26\/chevrolet-e-djamila-ribeiro-se-unem-em-movimento-para-promover-um-transito-mais-igualitario-e-seguro\/","og_site_name":"CidadeMarketing","article_publisher":"https:\/\/www.facebook.com\/portalcidademarketing","article_author":"https:\/\/www.facebook.com\/thalesbrandao","article_published_time":"2023-07-27T01:35:00+00:00","og_image":[{"width":1328,"height":998,"url":"https:\/\/www.cidademarketing.com.br\/marketing\/wp-content\/uploads\/2023\/07\/chevrolet_03.jpg","type":"image\/jpeg"}],"author":"Thales Brand\u00e3o","twitter_card":"summary_large_image","twitter_creator":"@http:\/\/www.twitter.com\/thalesbrandao","twitter_site":"@CidadeMarketing","twitter_misc":{"Escrito por":"Thales Brand\u00e3o","Est. tempo de leitura":"5 minutos"},"schema":{"@context":"https:\/\/schema.org","@graph":[{"@type":"Article","@id":"https:\/\/www.cidademarketing.com.br\/marketing\/2023\/07\/26\/chevrolet-e-djamila-ribeiro-se-unem-em-movimento-para-promover-um-transito-mais-igualitario-e-seguro\/#article","isPartOf":{"@id":"https:\/\/www.cidademarketing.com.br\/marketing\/2023\/07\/26\/chevrolet-e-djamila-ribeiro-se-unem-em-movimento-para-promover-um-transito-mais-igualitario-e-seguro\/"},"author":{"name":"Thales Brand\u00e3o","@id":"https:\/\/www.cidademarketing.com.br\/marketing\/#\/schema\/person\/02daff9f18bd9378c9e01eb6b2db155f"},"headline":"Chevrolet e Djamila Ribeiro se unem em movimento para promover um tr\u00e2nsito mais igualit\u00e1rio e seguro","datePublished":"2023-07-27T01:35:00+00:00","mainEntityOfPage":{"@id":"https:\/\/www.cidademarketing.com.br\/marketing\/2023\/07\/26\/chevrolet-e-djamila-ribeiro-se-unem-em-movimento-para-promover-um-transito-mais-igualitario-e-seguro\/"},"wordCount":932,"commentCount":0,"publisher":{"@id":"https:\/\/www.cidademarketing.com.br\/marketing\/#organization"},"image":{"@id":"https:\/\/www.cidademarketing.com.br\/marketing\/2023\/07\/26\/chevrolet-e-djamila-ribeiro-se-unem-em-movimento-para-promover-um-transito-mais-igualitario-e-seguro\/#primaryimage"},"thumbnailUrl":"https:\/\/www.cidademarketing.com.br\/marketing\/wp-content\/uploads\/2023\/07\/chevrolet_03.jpg","keywords":["campanha","Chevrolet","diversidade","estrat\u00e9gia","igualdade","marketing","propaganda"],"articleSection":["Not\u00edcias","Videos"],"inLanguage":"pt-BR","potentialAction":[{"@type":"CommentAction","name":"Comment","target":["https:\/\/www.cidademarketing.com.br\/marketing\/2023\/07\/26\/chevrolet-e-djamila-ribeiro-se-unem-em-movimento-para-promover-um-transito-mais-igualitario-e-seguro\/#respond"]}]},{"@type":"WebPage","@id":"https:\/\/www.cidademarketing.com.br\/marketing\/2023\/07\/26\/chevrolet-e-djamila-ribeiro-se-unem-em-movimento-para-promover-um-transito-mais-igualitario-e-seguro\/","url":"https:\/\/www.cidademarketing.com.br\/marketing\/2023\/07\/26\/chevrolet-e-djamila-ribeiro-se-unem-em-movimento-para-promover-um-transito-mais-igualitario-e-seguro\/","name":"Chevrolet e Djamila Ribeiro se unem em movimento para promover um tr\u00e2nsito mais igualit\u00e1rio e seguro - CidadeMarketing","isPartOf":{"@id":"https:\/\/www.cidademarketing.com.br\/marketing\/#website"},"primaryImageOfPage":{"@id":"https:\/\/www.cidademarketing.com.br\/marketing\/2023\/07\/26\/chevrolet-e-djamila-ribeiro-se-unem-em-movimento-para-promover-um-transito-mais-igualitario-e-seguro\/#primaryimage"},"image":{"@id":"https:\/\/www.cidademarketing.com.br\/marketing\/2023\/07\/26\/chevrolet-e-djamila-ribeiro-se-unem-em-movimento-para-promover-um-transito-mais-igualitario-e-seguro\/#primaryimage"},"thumbnailUrl":"https:\/\/www.cidademarketing.com.br\/marketing\/wp-content\/uploads\/2023\/07\/chevrolet_03.jpg","datePublished":"2023-07-27T01:35:00+00:00","breadcrumb":{"@id":"https:\/\/www.cidademarketing.com.br\/marketing\/2023\/07\/26\/chevrolet-e-djamila-ribeiro-se-unem-em-movimento-para-promover-um-transito-mais-igualitario-e-seguro\/#breadcrumb"},"inLanguage":"pt-BR","potentialAction":[{"@type":"ReadAction","target":["https:\/\/www.cidademarketing.com.br\/marketing\/2023\/07\/26\/chevrolet-e-djamila-ribeiro-se-unem-em-movimento-para-promover-um-transito-mais-igualitario-e-seguro\/"]}]},{"@type":"ImageObject","inLanguage":"pt-BR","@id":"https:\/\/www.cidademarketing.com.br\/marketing\/2023\/07\/26\/chevrolet-e-djamila-ribeiro-se-unem-em-movimento-para-promover-um-transito-mais-igualitario-e-seguro\/#primaryimage","url":"https:\/\/www.cidademarketing.com.br\/marketing\/wp-content\/uploads\/2023\/07\/chevrolet_03.jpg","contentUrl":"https:\/\/www.cidademarketing.com.br\/marketing\/wp-content\/uploads\/2023\/07\/chevrolet_03.jpg","width":1328,"height":998,"caption":"Djamila Ribeiro"},{"@type":"BreadcrumbList","@id":"https:\/\/www.cidademarketing.com.br\/marketing\/2023\/07\/26\/chevrolet-e-djamila-ribeiro-se-unem-em-movimento-para-promover-um-transito-mais-igualitario-e-seguro\/#breadcrumb","itemListElement":[{"@type":"ListItem","position":1,"name":"In\u00edcio","item":"https:\/\/www.cidademarketing.com.br\/marketing\/"},{"@type":"ListItem","position":2,"name":"Chevrolet e Djamila Ribeiro se unem em movimento para promover um tr\u00e2nsito mais igualit\u00e1rio e seguro"}]},{"@type":"WebSite","@id":"https:\/\/www.cidademarketing.com.br\/marketing\/#website","url":"https:\/\/www.cidademarketing.com.br\/marketing\/","name":"CidadeMarketing","description":"Somos um ve\u00edculo de comunica\u00e7\u00e3o de destaque no Brasil, reconhecido por conte\u00fados nos segmentos de marketing, empreendedorismo e inova\u00e7\u00e3o.","publisher":{"@id":"https:\/\/www.cidademarketing.com.br\/marketing\/#organization"},"alternateName":"CidadeMarketing","potentialAction":[{"@type":"SearchAction","target":{"@type":"EntryPoint","urlTemplate":"https:\/\/www.cidademarketing.com.br\/marketing\/?s={search_term_string}"},"query-input":{"@type":"PropertyValueSpecification","valueRequired":true,"valueName":"search_term_string"}}],"inLanguage":"pt-BR"},{"@type":"Organization","@id":"https:\/\/www.cidademarketing.com.br\/marketing\/#organization","name":"CidadeMarketing","alternateName":"CidadeMarketing","url":"https:\/\/www.cidademarketing.com.br\/marketing\/","logo":{"@type":"ImageObject","inLanguage":"pt-BR","@id":"https:\/\/www.cidademarketing.com.br\/marketing\/#\/schema\/logo\/image\/","url":"https:\/\/www.cidademarketing.com.br\/marketing\/wp-content\/uploads\/2020\/01\/cidademarketing_marca_mobile.png","contentUrl":"https:\/\/www.cidademarketing.com.br\/marketing\/wp-content\/uploads\/2020\/01\/cidademarketing_marca_mobile.png","width":230,"height":92,"caption":"CidadeMarketing"},"image":{"@id":"https:\/\/www.cidademarketing.com.br\/marketing\/#\/schema\/logo\/image\/"},"sameAs":["https:\/\/www.facebook.com\/portalcidademarketing","https:\/\/x.com\/CidadeMarketing","https:\/\/www.instagram.com\/cidademarketing\/"]},{"@type":"Person","@id":"https:\/\/www.cidademarketing.com.br\/marketing\/#\/schema\/person\/02daff9f18bd9378c9e01eb6b2db155f","name":"Thales Brand\u00e3o","image":{"@type":"ImageObject","inLanguage":"pt-BR","@id":"https:\/\/secure.gravatar.com\/avatar\/7ca3206950207cc3cb48feec56a8a7898741ab725c368d99d5d7a5a50aab80c6?s=96&d=mm&r=g","url":"https:\/\/secure.gravatar.com\/avatar\/7ca3206950207cc3cb48feec56a8a7898741ab725c368d99d5d7a5a50aab80c6?s=96&d=mm&r=g","contentUrl":"https:\/\/secure.gravatar.com\/avatar\/7ca3206950207cc3cb48feec56a8a7898741ab725c368d99d5d7a5a50aab80c6?s=96&d=mm&r=g","caption":"Thales Brand\u00e3o"},"description":"Editor Executivo do Portal CidadeMarketing.com.br &gt; Mestre em Comunica\u00e7\u00e3o e Sociedade pela Universidade Federal de Sergipe. Possui MBA Executivo em Administra\u00e7\u00e3o com \u00eanfase em Marketing pela Funda\u00e7\u00e3o Get\u00falio Vargas - Rio de Janeiro. Consultor, Palestrante e Pesquisador sobre Empreendedorismo, Marketing, Redes Sociais e Neg\u00f3cios Digitais. Professor, Palestrante TedxTalks e Campus Party. Twitter: @ThalesBrandao","sameAs":["http:\/\/www.mandacaru.com.br","https:\/\/www.facebook.com\/thalesbrandao","http:\/\/www.instagram.com.br\/thalesbrandaoferreira","https:\/\/www.linkedin.com\/in\/thales-brand\u00e3o-3948609\/","https:\/\/x.com\/http:\/\/www.twitter.com\/thalesbrandao"],"url":"https:\/\/www.cidademarketing.com.br\/marketing\/author\/thalesbrandao\/"}]}},"amp_enabled":true,"_links":{"self":[{"href":"https:\/\/www.cidademarketing.com.br\/marketing\/wp-json\/wp\/v2\/posts\/46361","targetHints":{"allow":["GET"]}}],"collection":[{"href":"https:\/\/www.cidademarketing.com.br\/marketing\/wp-json\/wp\/v2\/posts"}],"about":[{"href":"https:\/\/www.cidademarketing.com.br\/marketing\/wp-json\/wp\/v2\/types\/post"}],"author":[{"embeddable":true,"href":"https:\/\/www.cidademarketing.com.br\/marketing\/wp-json\/wp\/v2\/users\/1"}],"replies":[{"embeddable":true,"href":"https:\/\/www.cidademarketing.com.br\/marketing\/wp-json\/wp\/v2\/comments?post=46361"}],"version-history":[{"count":1,"href":"https:\/\/www.cidademarketing.com.br\/marketing\/wp-json\/wp\/v2\/posts\/46361\/revisions"}],"predecessor-version":[{"id":46367,"href":"https:\/\/www.cidademarketing.com.br\/marketing\/wp-json\/wp\/v2\/posts\/46361\/revisions\/46367"}],"wp:featuredmedia":[{"embeddable":true,"href":"https:\/\/www.cidademarketing.com.br\/marketing\/wp-json\/wp\/v2\/media\/46364"}],"wp:attachment":[{"href":"https:\/\/www.cidademarketing.com.br\/marketing\/wp-json\/wp\/v2\/media?parent=46361"}],"wp:term":[{"taxonomy":"category","embeddable":true,"href":"https:\/\/www.cidademarketing.com.br\/marketing\/wp-json\/wp\/v2\/categories?post=46361"},{"taxonomy":"post_tag","embeddable":true,"href":"https:\/\/www.cidademarketing.com.br\/marketing\/wp-json\/wp\/v2\/tags?post=46361"}],"curies":[{"name":"wp","href":"https:\/\/api.w.org\/{rel}","templated":true}]}}