{"id":46136,"date":"2023-07-16T15:15:54","date_gmt":"2023-07-16T18:15:54","guid":{"rendered":"https:\/\/www.cidademarketing.com.br\/marketing\/?p=46136"},"modified":"2023-07-16T15:15:54","modified_gmt":"2023-07-16T18:15:54","slug":"nestle-investe-r-200-mil-em-parceria-com-teto-para-construir-casas-emergenciais","status":"publish","type":"post","link":"https:\/\/www.cidademarketing.com.br\/marketing\/2023\/07\/16\/nestle-investe-r-200-mil-em-parceria-com-teto-para-construir-casas-emergenciais\/","title":{"rendered":"Nestl\u00e9 investe R$ 200 mil em parceria com TETO para construir casas emergenciais"},"content":{"rendered":"<p>A Nestl\u00e9, em parceria com a organiza\u00e7\u00e3o n\u00e3o governamental TETO Brasil, vai doar R$ 200 mil para a constru\u00e7\u00e3o de 10 moradias emergenciais em tr\u00eas estados brasileiros. A a\u00e7\u00e3o \u00e9 resultado de uma iniciativa da promo\u00e7\u00e3o \u201cNestl\u00e9 faz bem estar junto\u201d, que come\u00e7ou em 26 de junho. A meta de alcan\u00e7ar 200 mil produtos cadastrados para gerar a doa\u00e7\u00e3o foi batida na segunda semana da promo\u00e7\u00e3o, que seguir\u00e1 at\u00e9 31 de agosto.<\/p>\n<p><a href=\"https:\/\/www.cidademarketing.com.br\/marketing\/sua-marca-vai-virar-noticia\/\" target=\"_blank\" rel=\"noopener\"><img fetchpriority=\"high\" decoding=\"async\" class=\"wp-image-44329 aligncenter\" src=\"https:\/\/www.cidademarketing.com.br\/marketing\/wp-content\/uploads\/2023\/04\/cidademarketing_backlinks_marketingdigital_publieditorial_.png\" alt=\"\" width=\"500\" height=\"500\" \/><\/a><\/p>\n<p>Al\u00e9m de destinar R$ 200 mil para a TETO, a Nestl\u00e9 promover\u00e1 um dia de voluntariado com 20 colaboradores e colaboradoras da companhia que v\u00e3o ajudar na finaliza\u00e7\u00e3o de um dos projetos da TETO na comunidade Terra Prometida, em S\u00e3o Paulo. No total, 10 casas ser\u00e3o constru\u00eddas por meio da doa\u00e7\u00e3o, sendo cinco no Rio de Janeiro, quatro em Bras\u00edlia e uma em S\u00e3o Paulo.<\/p>\n<p>\u201cUnir for\u00e7as com uma organiza\u00e7\u00e3o t\u00e3o importante como a TETO refor\u00e7a ainda mais o nosso papel como companhia. Al\u00e9m da doa\u00e7\u00e3o, convidamos nosso time de volunt\u00e1rios para contribuir com a finaliza\u00e7\u00e3o de casas constru\u00eddas em S\u00e3o Paulo. Essa \u00e9 mais uma forma de estarmos juntos com as pessoas, afinal, estamos presente em 99% dos lares brasileiros com nossos produtos. E se a Nestl\u00e9 Faz Bem para voc\u00ea, podemos tamb\u00e9m fazer o bem pro pr\u00f3ximo\u201d diz Rafael Berenguer, Gerente Sr. de Marketing e Comunica\u00e7\u00e3o da Nestl\u00e9.<\/p>\n<p>\u201cA TETO \u00e9 uma organiza\u00e7\u00e3o focada em trabalhar com comunidades em situa\u00e7\u00e3o de hipervulnerabilidade. S\u00e3o favelas que est\u00e3o em situa\u00e7\u00e3o que consideramos emergencial, mas nem sempre s\u00e3o vistas. Contar com a parceria de empresas de peso como a Nestl\u00e9 e v\u00ea-los se comprometer a doar e tamb\u00e9m a levar seus colaboradores para participar de uma constru\u00e7\u00e3o \u00e9 exatamente o que precisamos para ampliar o nosso impacto e apoiar mais fam\u00edlias na supera\u00e7\u00e3o da situa\u00e7\u00e3o de pobreza que vivem hoje.\u201d, comenta Stella Ara\u00fajo, Gerente Nacional de Capta\u00e7\u00e3o de Recursos da TETO Brasil.<\/p>\n<p><iframe title=\"Spotify Embed: Podcast CidadeMarketing\" style=\"border-radius: 12px\" width=\"100%\" height=\"152\" frameborder=\"0\" allowfullscreen allow=\"autoplay; clipboard-write; encrypted-media; fullscreen; picture-in-picture\" loading=\"lazy\" src=\"https:\/\/open.spotify.com\/embed\/show\/4khMKzP3FgFRWVwb73xicc?si=252fe5bff2b34909&#038;utm_source=oembed\"><\/iframe><\/p>\n<p>&nbsp;<\/p>\n<p>Embora a meta j\u00e1 tenha sido atingida para a realiza\u00e7\u00e3o das doa\u00e7\u00f5es, a promo\u00e7\u00e3o \u201cNestl\u00e9 faz bem estar junto\u201d continua at\u00e9 o dia 31 de agosto. Para participar, basta que o consumidor adquira os produtos Nestl\u00e9 participantes e cadastre a nota fiscal no site (<a href=\"https:\/\/www.promocoesnestle.com.br\/\" target=\"_blank\" rel=\"noopener\">link<\/a>) ou via whatsapp (11) 95682-4818, podendo concorrer a pr\u00eamios instant\u00e2neos de at\u00e9 R$ 500 a R$ 1 milh\u00e3o no final da campanha.<\/p>\n","protected":false},"excerpt":{"rendered":"<p>A Nestl\u00e9, em parceria com a organiza\u00e7\u00e3o n\u00e3o governamental TETO Brasil, vai doar R$ 200 mil para a constru\u00e7\u00e3o de 10 moradias emergenciais em tr\u00eas estados brasileiros. A a\u00e7\u00e3o \u00e9 resultado de uma iniciativa da promo\u00e7\u00e3o \u201cNestl\u00e9 faz bem estar junto\u201d, que come\u00e7ou em 26 de junho. A meta de alcan\u00e7ar 200 mil produtos cadastrados [&hellip;]<\/p>\n","protected":false},"author":1,"featured_media":46138,"comment_status":"open","ping_status":"open","sticky":false,"template":"","format":"standard","meta":{"tdm_status":"","tdm_grid_status":"","footnotes":""},"categories":[6],"tags":[65,33,28,177,131,4357],"class_list":["post-46136","post","type-post","status-publish","format-standard","has-post-thumbnail","hentry","category-noticias","tag-campanha","tag-estrategia","tag-marketing","tag-marketing-social","tag-nestle","tag-teto"],"yoast_head":"<!-- This site is optimized with the Yoast SEO plugin v27.5 - https:\/\/yoast.com\/product\/yoast-seo-wordpress\/ -->\n<title>Nestl\u00e9 investe R$ 200 mil em parceria com TETO para construir casas emergenciais - CidadeMarketing<\/title>\n<meta name=\"robots\" content=\"index, follow, max-snippet:-1, max-image-preview:large, max-video-preview:-1\" \/>\n<link rel=\"canonical\" href=\"https:\/\/www.cidademarketing.com.br\/marketing\/2023\/07\/16\/nestle-investe-r-200-mil-em-parceria-com-teto-para-construir-casas-emergenciais\/\" \/>\n<meta property=\"og:locale\" content=\"pt_BR\" \/>\n<meta property=\"og:type\" content=\"article\" \/>\n<meta property=\"og:title\" content=\"Nestl\u00e9 investe R$ 200 mil em parceria com TETO para construir casas emergenciais - CidadeMarketing\" \/>\n<meta property=\"og:description\" content=\"A Nestl\u00e9, em parceria com a organiza\u00e7\u00e3o n\u00e3o governamental TETO Brasil, vai doar R$ 200 mil para a constru\u00e7\u00e3o de 10 moradias emergenciais em tr\u00eas estados brasileiros. A a\u00e7\u00e3o \u00e9 resultado de uma iniciativa da promo\u00e7\u00e3o \u201cNestl\u00e9 faz bem estar junto\u201d, que come\u00e7ou em 26 de junho. A meta de alcan\u00e7ar 200 mil produtos cadastrados [&hellip;]\" \/>\n<meta property=\"og:url\" content=\"https:\/\/www.cidademarketing.com.br\/marketing\/2023\/07\/16\/nestle-investe-r-200-mil-em-parceria-com-teto-para-construir-casas-emergenciais\/\" \/>\n<meta property=\"og:site_name\" content=\"CidadeMarketing\" \/>\n<meta property=\"article:publisher\" content=\"https:\/\/www.facebook.com\/portalcidademarketing\" \/>\n<meta property=\"article:author\" content=\"https:\/\/www.facebook.com\/thalesbrandao\" \/>\n<meta property=\"article:published_time\" content=\"2023-07-16T18:15:54+00:00\" \/>\n<meta property=\"og:image\" content=\"https:\/\/www.cidademarketing.com.br\/marketing\/wp-content\/uploads\/2023\/07\/nestle_teto_marketingsocial.jpg\" \/>\n\t<meta property=\"og:image:width\" content=\"2048\" \/>\n\t<meta property=\"og:image:height\" content=\"1689\" \/>\n\t<meta property=\"og:image:type\" content=\"image\/jpeg\" \/>\n<meta name=\"author\" content=\"Thales Brand\u00e3o\" \/>\n<meta name=\"twitter:card\" content=\"summary_large_image\" \/>\n<meta name=\"twitter:creator\" content=\"@http:\/\/www.twitter.com\/thalesbrandao\" \/>\n<meta name=\"twitter:site\" content=\"@CidadeMarketing\" \/>\n<meta name=\"twitter:label1\" content=\"Escrito por\" \/>\n\t<meta name=\"twitter:data1\" content=\"Thales Brand\u00e3o\" \/>\n\t<meta name=\"twitter:label2\" content=\"Est. tempo de leitura\" \/>\n\t<meta name=\"twitter:data2\" content=\"2 minutos\" \/>\n<script type=\"application\/ld+json\" class=\"yoast-schema-graph\">{\"@context\":\"https:\\\/\\\/schema.org\",\"@graph\":[{\"@type\":\"Article\",\"@id\":\"https:\\\/\\\/www.cidademarketing.com.br\\\/marketing\\\/2023\\\/07\\\/16\\\/nestle-investe-r-200-mil-em-parceria-com-teto-para-construir-casas-emergenciais\\\/#article\",\"isPartOf\":{\"@id\":\"https:\\\/\\\/www.cidademarketing.com.br\\\/marketing\\\/2023\\\/07\\\/16\\\/nestle-investe-r-200-mil-em-parceria-com-teto-para-construir-casas-emergenciais\\\/\"},\"author\":{\"name\":\"Thales Brand\u00e3o\",\"@id\":\"https:\\\/\\\/www.cidademarketing.com.br\\\/marketing\\\/#\\\/schema\\\/person\\\/02daff9f18bd9378c9e01eb6b2db155f\"},\"headline\":\"Nestl\u00e9 investe R$ 200 mil em parceria com TETO para construir casas emergenciais\",\"datePublished\":\"2023-07-16T18:15:54+00:00\",\"mainEntityOfPage\":{\"@id\":\"https:\\\/\\\/www.cidademarketing.com.br\\\/marketing\\\/2023\\\/07\\\/16\\\/nestle-investe-r-200-mil-em-parceria-com-teto-para-construir-casas-emergenciais\\\/\"},\"wordCount\":442,\"commentCount\":0,\"publisher\":{\"@id\":\"https:\\\/\\\/www.cidademarketing.com.br\\\/marketing\\\/#organization\"},\"image\":{\"@id\":\"https:\\\/\\\/www.cidademarketing.com.br\\\/marketing\\\/2023\\\/07\\\/16\\\/nestle-investe-r-200-mil-em-parceria-com-teto-para-construir-casas-emergenciais\\\/#primaryimage\"},\"thumbnailUrl\":\"https:\\\/\\\/www.cidademarketing.com.br\\\/marketing\\\/wp-content\\\/uploads\\\/2023\\\/07\\\/nestle_teto_marketingsocial.jpg\",\"keywords\":[\"campanha\",\"estrat\u00e9gia\",\"marketing\",\"marketing social\",\"Nestl\u00e9\",\"TETO\"],\"articleSection\":[\"Not\u00edcias\"],\"inLanguage\":\"pt-BR\",\"potentialAction\":[{\"@type\":\"CommentAction\",\"name\":\"Comment\",\"target\":[\"https:\\\/\\\/www.cidademarketing.com.br\\\/marketing\\\/2023\\\/07\\\/16\\\/nestle-investe-r-200-mil-em-parceria-com-teto-para-construir-casas-emergenciais\\\/#respond\"]}]},{\"@type\":\"WebPage\",\"@id\":\"https:\\\/\\\/www.cidademarketing.com.br\\\/marketing\\\/2023\\\/07\\\/16\\\/nestle-investe-r-200-mil-em-parceria-com-teto-para-construir-casas-emergenciais\\\/\",\"url\":\"https:\\\/\\\/www.cidademarketing.com.br\\\/marketing\\\/2023\\\/07\\\/16\\\/nestle-investe-r-200-mil-em-parceria-com-teto-para-construir-casas-emergenciais\\\/\",\"name\":\"Nestl\u00e9 investe R$ 200 mil em parceria com TETO para construir casas emergenciais - CidadeMarketing\",\"isPartOf\":{\"@id\":\"https:\\\/\\\/www.cidademarketing.com.br\\\/marketing\\\/#website\"},\"primaryImageOfPage\":{\"@id\":\"https:\\\/\\\/www.cidademarketing.com.br\\\/marketing\\\/2023\\\/07\\\/16\\\/nestle-investe-r-200-mil-em-parceria-com-teto-para-construir-casas-emergenciais\\\/#primaryimage\"},\"image\":{\"@id\":\"https:\\\/\\\/www.cidademarketing.com.br\\\/marketing\\\/2023\\\/07\\\/16\\\/nestle-investe-r-200-mil-em-parceria-com-teto-para-construir-casas-emergenciais\\\/#primaryimage\"},\"thumbnailUrl\":\"https:\\\/\\\/www.cidademarketing.com.br\\\/marketing\\\/wp-content\\\/uploads\\\/2023\\\/07\\\/nestle_teto_marketingsocial.jpg\",\"datePublished\":\"2023-07-16T18:15:54+00:00\",\"breadcrumb\":{\"@id\":\"https:\\\/\\\/www.cidademarketing.com.br\\\/marketing\\\/2023\\\/07\\\/16\\\/nestle-investe-r-200-mil-em-parceria-com-teto-para-construir-casas-emergenciais\\\/#breadcrumb\"},\"inLanguage\":\"pt-BR\",\"potentialAction\":[{\"@type\":\"ReadAction\",\"target\":[\"https:\\\/\\\/www.cidademarketing.com.br\\\/marketing\\\/2023\\\/07\\\/16\\\/nestle-investe-r-200-mil-em-parceria-com-teto-para-construir-casas-emergenciais\\\/\"]}]},{\"@type\":\"ImageObject\",\"inLanguage\":\"pt-BR\",\"@id\":\"https:\\\/\\\/www.cidademarketing.com.br\\\/marketing\\\/2023\\\/07\\\/16\\\/nestle-investe-r-200-mil-em-parceria-com-teto-para-construir-casas-emergenciais\\\/#primaryimage\",\"url\":\"https:\\\/\\\/www.cidademarketing.com.br\\\/marketing\\\/wp-content\\\/uploads\\\/2023\\\/07\\\/nestle_teto_marketingsocial.jpg\",\"contentUrl\":\"https:\\\/\\\/www.cidademarketing.com.br\\\/marketing\\\/wp-content\\\/uploads\\\/2023\\\/07\\\/nestle_teto_marketingsocial.jpg\",\"width\":2048,\"height\":1689,\"caption\":\"Divulga\u00e7\u00e3o\"},{\"@type\":\"BreadcrumbList\",\"@id\":\"https:\\\/\\\/www.cidademarketing.com.br\\\/marketing\\\/2023\\\/07\\\/16\\\/nestle-investe-r-200-mil-em-parceria-com-teto-para-construir-casas-emergenciais\\\/#breadcrumb\",\"itemListElement\":[{\"@type\":\"ListItem\",\"position\":1,\"name\":\"In\u00edcio\",\"item\":\"https:\\\/\\\/www.cidademarketing.com.br\\\/marketing\\\/\"},{\"@type\":\"ListItem\",\"position\":2,\"name\":\"Nestl\u00e9 investe R$ 200 mil em parceria com TETO para construir casas emergenciais\"}]},{\"@type\":\"WebSite\",\"@id\":\"https:\\\/\\\/www.cidademarketing.com.br\\\/marketing\\\/#website\",\"url\":\"https:\\\/\\\/www.cidademarketing.com.br\\\/marketing\\\/\",\"name\":\"CidadeMarketing\",\"description\":\"Somos um ve\u00edculo de comunica\u00e7\u00e3o de destaque no Brasil, reconhecido por conte\u00fados nos segmentos de marketing, empreendedorismo e inova\u00e7\u00e3o.\",\"publisher\":{\"@id\":\"https:\\\/\\\/www.cidademarketing.com.br\\\/marketing\\\/#organization\"},\"alternateName\":\"CidadeMarketing\",\"potentialAction\":[{\"@type\":\"SearchAction\",\"target\":{\"@type\":\"EntryPoint\",\"urlTemplate\":\"https:\\\/\\\/www.cidademarketing.com.br\\\/marketing\\\/?s={search_term_string}\"},\"query-input\":{\"@type\":\"PropertyValueSpecification\",\"valueRequired\":true,\"valueName\":\"search_term_string\"}}],\"inLanguage\":\"pt-BR\"},{\"@type\":\"Organization\",\"@id\":\"https:\\\/\\\/www.cidademarketing.com.br\\\/marketing\\\/#organization\",\"name\":\"CidadeMarketing\",\"alternateName\":\"CidadeMarketing\",\"url\":\"https:\\\/\\\/www.cidademarketing.com.br\\\/marketing\\\/\",\"logo\":{\"@type\":\"ImageObject\",\"inLanguage\":\"pt-BR\",\"@id\":\"https:\\\/\\\/www.cidademarketing.com.br\\\/marketing\\\/#\\\/schema\\\/logo\\\/image\\\/\",\"url\":\"https:\\\/\\\/www.cidademarketing.com.br\\\/marketing\\\/wp-content\\\/uploads\\\/2020\\\/01\\\/cidademarketing_marca_mobile.png\",\"contentUrl\":\"https:\\\/\\\/www.cidademarketing.com.br\\\/marketing\\\/wp-content\\\/uploads\\\/2020\\\/01\\\/cidademarketing_marca_mobile.png\",\"width\":230,\"height\":92,\"caption\":\"CidadeMarketing\"},\"image\":{\"@id\":\"https:\\\/\\\/www.cidademarketing.com.br\\\/marketing\\\/#\\\/schema\\\/logo\\\/image\\\/\"},\"sameAs\":[\"https:\\\/\\\/www.facebook.com\\\/portalcidademarketing\",\"https:\\\/\\\/x.com\\\/CidadeMarketing\",\"https:\\\/\\\/www.instagram.com\\\/cidademarketing\\\/\"]},{\"@type\":\"Person\",\"@id\":\"https:\\\/\\\/www.cidademarketing.com.br\\\/marketing\\\/#\\\/schema\\\/person\\\/02daff9f18bd9378c9e01eb6b2db155f\",\"name\":\"Thales Brand\u00e3o\",\"image\":{\"@type\":\"ImageObject\",\"inLanguage\":\"pt-BR\",\"@id\":\"https:\\\/\\\/secure.gravatar.com\\\/avatar\\\/7ca3206950207cc3cb48feec56a8a7898741ab725c368d99d5d7a5a50aab80c6?s=96&d=mm&r=g\",\"url\":\"https:\\\/\\\/secure.gravatar.com\\\/avatar\\\/7ca3206950207cc3cb48feec56a8a7898741ab725c368d99d5d7a5a50aab80c6?s=96&d=mm&r=g\",\"contentUrl\":\"https:\\\/\\\/secure.gravatar.com\\\/avatar\\\/7ca3206950207cc3cb48feec56a8a7898741ab725c368d99d5d7a5a50aab80c6?s=96&d=mm&r=g\",\"caption\":\"Thales Brand\u00e3o\"},\"description\":\"Editor Executivo do Portal CidadeMarketing.com.br &gt; Mestre em Comunica\u00e7\u00e3o e Sociedade pela Universidade Federal de Sergipe. Possui MBA Executivo em Administra\u00e7\u00e3o com \u00eanfase em Marketing pela Funda\u00e7\u00e3o Get\u00falio Vargas - Rio de Janeiro. Consultor, Palestrante e Pesquisador sobre Empreendedorismo, Marketing, Redes Sociais e Neg\u00f3cios Digitais. Professor, Palestrante TedxTalks e Campus Party. Twitter: @ThalesBrandao\",\"sameAs\":[\"http:\\\/\\\/www.mandacaru.com.br\",\"https:\\\/\\\/www.facebook.com\\\/thalesbrandao\",\"http:\\\/\\\/www.instagram.com.br\\\/thalesbrandaoferreira\",\"https:\\\/\\\/www.linkedin.com\\\/in\\\/thales-brand\u00e3o-3948609\\\/\",\"https:\\\/\\\/x.com\\\/http:\\\/\\\/www.twitter.com\\\/thalesbrandao\"],\"url\":\"https:\\\/\\\/www.cidademarketing.com.br\\\/marketing\\\/author\\\/thalesbrandao\\\/\"}]}<\/script>\n<!-- \/ Yoast SEO plugin. -->","yoast_head_json":{"title":"Nestl\u00e9 investe R$ 200 mil em parceria com TETO para construir casas emergenciais - CidadeMarketing","robots":{"index":"index","follow":"follow","max-snippet":"max-snippet:-1","max-image-preview":"max-image-preview:large","max-video-preview":"max-video-preview:-1"},"canonical":"https:\/\/www.cidademarketing.com.br\/marketing\/2023\/07\/16\/nestle-investe-r-200-mil-em-parceria-com-teto-para-construir-casas-emergenciais\/","og_locale":"pt_BR","og_type":"article","og_title":"Nestl\u00e9 investe R$ 200 mil em parceria com TETO para construir casas emergenciais - CidadeMarketing","og_description":"A Nestl\u00e9, em parceria com a organiza\u00e7\u00e3o n\u00e3o governamental TETO Brasil, vai doar R$ 200 mil para a constru\u00e7\u00e3o de 10 moradias emergenciais em tr\u00eas estados brasileiros. A a\u00e7\u00e3o \u00e9 resultado de uma iniciativa da promo\u00e7\u00e3o \u201cNestl\u00e9 faz bem estar junto\u201d, que come\u00e7ou em 26 de junho. A meta de alcan\u00e7ar 200 mil produtos cadastrados [&hellip;]","og_url":"https:\/\/www.cidademarketing.com.br\/marketing\/2023\/07\/16\/nestle-investe-r-200-mil-em-parceria-com-teto-para-construir-casas-emergenciais\/","og_site_name":"CidadeMarketing","article_publisher":"https:\/\/www.facebook.com\/portalcidademarketing","article_author":"https:\/\/www.facebook.com\/thalesbrandao","article_published_time":"2023-07-16T18:15:54+00:00","og_image":[{"width":2048,"height":1689,"url":"https:\/\/www.cidademarketing.com.br\/marketing\/wp-content\/uploads\/2023\/07\/nestle_teto_marketingsocial.jpg","type":"image\/jpeg"}],"author":"Thales Brand\u00e3o","twitter_card":"summary_large_image","twitter_creator":"@http:\/\/www.twitter.com\/thalesbrandao","twitter_site":"@CidadeMarketing","twitter_misc":{"Escrito por":"Thales Brand\u00e3o","Est. tempo de leitura":"2 minutos"},"schema":{"@context":"https:\/\/schema.org","@graph":[{"@type":"Article","@id":"https:\/\/www.cidademarketing.com.br\/marketing\/2023\/07\/16\/nestle-investe-r-200-mil-em-parceria-com-teto-para-construir-casas-emergenciais\/#article","isPartOf":{"@id":"https:\/\/www.cidademarketing.com.br\/marketing\/2023\/07\/16\/nestle-investe-r-200-mil-em-parceria-com-teto-para-construir-casas-emergenciais\/"},"author":{"name":"Thales Brand\u00e3o","@id":"https:\/\/www.cidademarketing.com.br\/marketing\/#\/schema\/person\/02daff9f18bd9378c9e01eb6b2db155f"},"headline":"Nestl\u00e9 investe R$ 200 mil em parceria com TETO para construir casas emergenciais","datePublished":"2023-07-16T18:15:54+00:00","mainEntityOfPage":{"@id":"https:\/\/www.cidademarketing.com.br\/marketing\/2023\/07\/16\/nestle-investe-r-200-mil-em-parceria-com-teto-para-construir-casas-emergenciais\/"},"wordCount":442,"commentCount":0,"publisher":{"@id":"https:\/\/www.cidademarketing.com.br\/marketing\/#organization"},"image":{"@id":"https:\/\/www.cidademarketing.com.br\/marketing\/2023\/07\/16\/nestle-investe-r-200-mil-em-parceria-com-teto-para-construir-casas-emergenciais\/#primaryimage"},"thumbnailUrl":"https:\/\/www.cidademarketing.com.br\/marketing\/wp-content\/uploads\/2023\/07\/nestle_teto_marketingsocial.jpg","keywords":["campanha","estrat\u00e9gia","marketing","marketing social","Nestl\u00e9","TETO"],"articleSection":["Not\u00edcias"],"inLanguage":"pt-BR","potentialAction":[{"@type":"CommentAction","name":"Comment","target":["https:\/\/www.cidademarketing.com.br\/marketing\/2023\/07\/16\/nestle-investe-r-200-mil-em-parceria-com-teto-para-construir-casas-emergenciais\/#respond"]}]},{"@type":"WebPage","@id":"https:\/\/www.cidademarketing.com.br\/marketing\/2023\/07\/16\/nestle-investe-r-200-mil-em-parceria-com-teto-para-construir-casas-emergenciais\/","url":"https:\/\/www.cidademarketing.com.br\/marketing\/2023\/07\/16\/nestle-investe-r-200-mil-em-parceria-com-teto-para-construir-casas-emergenciais\/","name":"Nestl\u00e9 investe R$ 200 mil em parceria com TETO para construir casas emergenciais - CidadeMarketing","isPartOf":{"@id":"https:\/\/www.cidademarketing.com.br\/marketing\/#website"},"primaryImageOfPage":{"@id":"https:\/\/www.cidademarketing.com.br\/marketing\/2023\/07\/16\/nestle-investe-r-200-mil-em-parceria-com-teto-para-construir-casas-emergenciais\/#primaryimage"},"image":{"@id":"https:\/\/www.cidademarketing.com.br\/marketing\/2023\/07\/16\/nestle-investe-r-200-mil-em-parceria-com-teto-para-construir-casas-emergenciais\/#primaryimage"},"thumbnailUrl":"https:\/\/www.cidademarketing.com.br\/marketing\/wp-content\/uploads\/2023\/07\/nestle_teto_marketingsocial.jpg","datePublished":"2023-07-16T18:15:54+00:00","breadcrumb":{"@id":"https:\/\/www.cidademarketing.com.br\/marketing\/2023\/07\/16\/nestle-investe-r-200-mil-em-parceria-com-teto-para-construir-casas-emergenciais\/#breadcrumb"},"inLanguage":"pt-BR","potentialAction":[{"@type":"ReadAction","target":["https:\/\/www.cidademarketing.com.br\/marketing\/2023\/07\/16\/nestle-investe-r-200-mil-em-parceria-com-teto-para-construir-casas-emergenciais\/"]}]},{"@type":"ImageObject","inLanguage":"pt-BR","@id":"https:\/\/www.cidademarketing.com.br\/marketing\/2023\/07\/16\/nestle-investe-r-200-mil-em-parceria-com-teto-para-construir-casas-emergenciais\/#primaryimage","url":"https:\/\/www.cidademarketing.com.br\/marketing\/wp-content\/uploads\/2023\/07\/nestle_teto_marketingsocial.jpg","contentUrl":"https:\/\/www.cidademarketing.com.br\/marketing\/wp-content\/uploads\/2023\/07\/nestle_teto_marketingsocial.jpg","width":2048,"height":1689,"caption":"Divulga\u00e7\u00e3o"},{"@type":"BreadcrumbList","@id":"https:\/\/www.cidademarketing.com.br\/marketing\/2023\/07\/16\/nestle-investe-r-200-mil-em-parceria-com-teto-para-construir-casas-emergenciais\/#breadcrumb","itemListElement":[{"@type":"ListItem","position":1,"name":"In\u00edcio","item":"https:\/\/www.cidademarketing.com.br\/marketing\/"},{"@type":"ListItem","position":2,"name":"Nestl\u00e9 investe R$ 200 mil em parceria com TETO para construir casas emergenciais"}]},{"@type":"WebSite","@id":"https:\/\/www.cidademarketing.com.br\/marketing\/#website","url":"https:\/\/www.cidademarketing.com.br\/marketing\/","name":"CidadeMarketing","description":"Somos um ve\u00edculo de comunica\u00e7\u00e3o de destaque no Brasil, reconhecido por conte\u00fados nos segmentos de marketing, empreendedorismo e inova\u00e7\u00e3o.","publisher":{"@id":"https:\/\/www.cidademarketing.com.br\/marketing\/#organization"},"alternateName":"CidadeMarketing","potentialAction":[{"@type":"SearchAction","target":{"@type":"EntryPoint","urlTemplate":"https:\/\/www.cidademarketing.com.br\/marketing\/?s={search_term_string}"},"query-input":{"@type":"PropertyValueSpecification","valueRequired":true,"valueName":"search_term_string"}}],"inLanguage":"pt-BR"},{"@type":"Organization","@id":"https:\/\/www.cidademarketing.com.br\/marketing\/#organization","name":"CidadeMarketing","alternateName":"CidadeMarketing","url":"https:\/\/www.cidademarketing.com.br\/marketing\/","logo":{"@type":"ImageObject","inLanguage":"pt-BR","@id":"https:\/\/www.cidademarketing.com.br\/marketing\/#\/schema\/logo\/image\/","url":"https:\/\/www.cidademarketing.com.br\/marketing\/wp-content\/uploads\/2020\/01\/cidademarketing_marca_mobile.png","contentUrl":"https:\/\/www.cidademarketing.com.br\/marketing\/wp-content\/uploads\/2020\/01\/cidademarketing_marca_mobile.png","width":230,"height":92,"caption":"CidadeMarketing"},"image":{"@id":"https:\/\/www.cidademarketing.com.br\/marketing\/#\/schema\/logo\/image\/"},"sameAs":["https:\/\/www.facebook.com\/portalcidademarketing","https:\/\/x.com\/CidadeMarketing","https:\/\/www.instagram.com\/cidademarketing\/"]},{"@type":"Person","@id":"https:\/\/www.cidademarketing.com.br\/marketing\/#\/schema\/person\/02daff9f18bd9378c9e01eb6b2db155f","name":"Thales Brand\u00e3o","image":{"@type":"ImageObject","inLanguage":"pt-BR","@id":"https:\/\/secure.gravatar.com\/avatar\/7ca3206950207cc3cb48feec56a8a7898741ab725c368d99d5d7a5a50aab80c6?s=96&d=mm&r=g","url":"https:\/\/secure.gravatar.com\/avatar\/7ca3206950207cc3cb48feec56a8a7898741ab725c368d99d5d7a5a50aab80c6?s=96&d=mm&r=g","contentUrl":"https:\/\/secure.gravatar.com\/avatar\/7ca3206950207cc3cb48feec56a8a7898741ab725c368d99d5d7a5a50aab80c6?s=96&d=mm&r=g","caption":"Thales Brand\u00e3o"},"description":"Editor Executivo do Portal CidadeMarketing.com.br &gt; Mestre em Comunica\u00e7\u00e3o e Sociedade pela Universidade Federal de Sergipe. Possui MBA Executivo em Administra\u00e7\u00e3o com \u00eanfase em Marketing pela Funda\u00e7\u00e3o Get\u00falio Vargas - Rio de Janeiro. Consultor, Palestrante e Pesquisador sobre Empreendedorismo, Marketing, Redes Sociais e Neg\u00f3cios Digitais. Professor, Palestrante TedxTalks e Campus Party. Twitter: @ThalesBrandao","sameAs":["http:\/\/www.mandacaru.com.br","https:\/\/www.facebook.com\/thalesbrandao","http:\/\/www.instagram.com.br\/thalesbrandaoferreira","https:\/\/www.linkedin.com\/in\/thales-brand\u00e3o-3948609\/","https:\/\/x.com\/http:\/\/www.twitter.com\/thalesbrandao"],"url":"https:\/\/www.cidademarketing.com.br\/marketing\/author\/thalesbrandao\/"}]}},"amp_enabled":true,"_links":{"self":[{"href":"https:\/\/www.cidademarketing.com.br\/marketing\/wp-json\/wp\/v2\/posts\/46136","targetHints":{"allow":["GET"]}}],"collection":[{"href":"https:\/\/www.cidademarketing.com.br\/marketing\/wp-json\/wp\/v2\/posts"}],"about":[{"href":"https:\/\/www.cidademarketing.com.br\/marketing\/wp-json\/wp\/v2\/types\/post"}],"author":[{"embeddable":true,"href":"https:\/\/www.cidademarketing.com.br\/marketing\/wp-json\/wp\/v2\/users\/1"}],"replies":[{"embeddable":true,"href":"https:\/\/www.cidademarketing.com.br\/marketing\/wp-json\/wp\/v2\/comments?post=46136"}],"version-history":[{"count":1,"href":"https:\/\/www.cidademarketing.com.br\/marketing\/wp-json\/wp\/v2\/posts\/46136\/revisions"}],"predecessor-version":[{"id":46137,"href":"https:\/\/www.cidademarketing.com.br\/marketing\/wp-json\/wp\/v2\/posts\/46136\/revisions\/46137"}],"wp:featuredmedia":[{"embeddable":true,"href":"https:\/\/www.cidademarketing.com.br\/marketing\/wp-json\/wp\/v2\/media\/46138"}],"wp:attachment":[{"href":"https:\/\/www.cidademarketing.com.br\/marketing\/wp-json\/wp\/v2\/media?parent=46136"}],"wp:term":[{"taxonomy":"category","embeddable":true,"href":"https:\/\/www.cidademarketing.com.br\/marketing\/wp-json\/wp\/v2\/categories?post=46136"},{"taxonomy":"post_tag","embeddable":true,"href":"https:\/\/www.cidademarketing.com.br\/marketing\/wp-json\/wp\/v2\/tags?post=46136"}],"curies":[{"name":"wp","href":"https:\/\/api.w.org\/{rel}","templated":true}]}}