{"id":46059,"date":"2023-07-13T11:49:28","date_gmt":"2023-07-13T14:49:28","guid":{"rendered":"https:\/\/www.cidademarketing.com.br\/marketing\/?p=46059"},"modified":"2023-07-13T11:49:28","modified_gmt":"2023-07-13T14:49:28","slug":"dia-do-rock-ganha-destaque-na-tv-brasil-com-especial-de-shows-no-todas-as-bossas","status":"publish","type":"post","link":"https:\/\/www.cidademarketing.com.br\/marketing\/2023\/07\/13\/dia-do-rock-ganha-destaque-na-tv-brasil-com-especial-de-shows-no-todas-as-bossas\/","title":{"rendered":"Dia do Rock ganha destaque na TV Brasil com especial de shows no Todas as Bossas"},"content":{"rendered":"<p>Em comemora\u00e7\u00e3o ao Dia Mundial do Rock, celebrado em 13 de julho, a TV Brasil exibe uma edi\u00e7\u00e3o tem\u00e1tica do Todas as Bossas com sucessos do g\u00eanero neste s\u00e1bado (15), \u00e0s 23h15. A produ\u00e7\u00e3o mescla shows de personalidades da m\u00fasica que tocaram no est\u00fadio da emissora p\u00fablica, no Rio de Janeiro.<\/p>\n<p>Com apresenta\u00e7\u00e3o da jornalista e cantora Bia Aparecida, o programa valoriza o repert\u00f3rio de composi\u00e7\u00f5es inesquec\u00edveis que se tornaram cl\u00e1ssicas e atravessam gera\u00e7\u00f5es. Para os f\u00e3s do bom e velho rock&#8217;n roll, o conte\u00fado exclusivo da faixa musical est\u00e1 dispon\u00edvel, na \u00edntegra, no app TV Brasil Play.<\/p>\n<p><a href=\"https:\/\/www.cidademarketing.com.br\/marketing\/sua-marca-vai-virar-noticia\/\" target=\"_blank\" rel=\"noopener\"><img fetchpriority=\"high\" decoding=\"async\" class=\"wp-image-44329 aligncenter\" src=\"https:\/\/www.cidademarketing.com.br\/marketing\/wp-content\/uploads\/2023\/04\/cidademarketing_backlinks_marketingdigital_publieditorial_.png\" alt=\"\" width=\"500\" height=\"500\" \/><\/a><\/p>\n<p>O especial reverencia o g\u00eanero com astros da cena brasileira que marcaram a hist\u00f3ria da irreverente sonoridade musical no pa\u00eds. Para agitar o p\u00fablico, o Todas as Bossas re\u00fane performances vigorosas de bandas que fizeram hist\u00f3ria e marcaram \u00e9poca como Blitz, Detonautas e Blues Et\u00edlicos. A contagiante participa\u00e7\u00e3o do m\u00fasico Rodrigo Santos, ex-baixista do grupo Bar\u00e3o Vermelho, resgata hits do conjunto.<\/p>\n<p>Durante uma hora, a atra\u00e7\u00e3o da TV Brasil ainda inclui a interpreta\u00e7\u00e3o da experiente cantora Rosa Marya Colin para obras internacionais consagradas. Os temas estrangeiros que se difundiram pelo mundo afora inspiram ainda o gaitista Jefferson Gon\u00e7alves e o guitarrista Dillo Daraujo.<\/p>\n<p>Faixas de sucesso do rock embalam a edi\u00e7\u00e3o especial do programa do canal p\u00fablico. Os destaques da sele\u00e7\u00e3o musical do programa Todas as Bossas contempla os cl\u00e1ssicos nacionais e &#8220;Quando o Sol se for&#8221; e &#8220;Outro lugar&#8221; com os Detonautas, &#8220;Pro Dia Nascer Feliz&#8221;, com Rodrigo Santos; e &#8220;Betty Fr\u00edgida&#8221;, com a Blitz.<\/p>\n<p>J\u00e1 do vasto repert\u00f3rio internacional, a produ\u00e7\u00e3o da TV Brasil apresenta c\u00e9lebres can\u00e7\u00f5es como &#8220;Born to be Wild&#8221;, na voz de Rosa Marya Colin; &#8220;Satisfaction&#8221;, m\u00fasica executada por Dillo Daraujo, e &#8220;All Along The Watchtower&#8221;, em vers\u00e3o de Jefferson Gon\u00e7alves e banda.<\/p>\n<p>O Dia Mundial do Rock \u00e9 uma data lembrada em 13 de julho j\u00e1 que remete \u00e0 realiza\u00e7\u00e3o do festival de m\u00fasica Live Aid. O evento internacional foi promovido em 1985 simultaneamente em Londres, na Inglaterra, e na Filad\u00e9lfia, nos Estados Unidos.<\/p>\n<p>Sobre o Todas as Bossas<\/p>\n<p>Apresentado pela jornalista e cantora Bia Aparecida, o programa Todas as Bossas \u00e9 uma janela para diversos estilos musicais na TV Brasil. A cada nova edi\u00e7\u00e3o, o est\u00fadio da emissora torna-se palco de um show que contempla a variedade de cantos, ritmos e sotaques do repert\u00f3rio nacional.<\/p>\n<p>Em suas cinco temporadas, no ar desde 2016 no canal, o programa j\u00e1 recebeu talentos variados. A proposta da faixa \u00e9 exatamente apresentar um panorama sobre a diversidade de g\u00eaneros que formam a cena da m\u00fasica brasileira: da MPB ao ax\u00e9, do samba ao rock, do rom\u00e2ntico ao experimental.<\/p>\n<p>J\u00e1 passaram pelo palco, bandas como Blitz e Detonautas at\u00e9 Dream Team do Passinho e Tchakabum, personalidades que j\u00e1 morreram como \u00c2ngela Maria, Elton Medeiros e Nelson Sargento, g\u00eanios do porte de Francis Hime, Ivan Lins e Geraldo Azevedo, al\u00e9m de talentos como Isabella Taviani, Leo Jaime, Luiz Ayr\u00e3o e Xande de Pilares.<\/p>\n<p><iframe title=\"Spotify Embed: Podcast CidadeMarketing\" style=\"border-radius: 12px\" width=\"100%\" height=\"152\" frameborder=\"0\" allowfullscreen allow=\"autoplay; clipboard-write; encrypted-media; fullscreen; picture-in-picture\" loading=\"lazy\" src=\"https:\/\/open.spotify.com\/embed\/show\/4khMKzP3FgFRWVwb73xicc?si=252fe5bff2b34909&#038;utm_source=oembed\"><\/iframe><\/p>\n<p>&nbsp;<\/p>\n<p>Dirigido por Waldecir de Oliveira, o programa Todas as Bossas tamb\u00e9m se destaca ao resgatar a tradi\u00e7\u00e3o dos grandes espet\u00e1culos realizados no est\u00fadio 3 da emissora p\u00fablica desde os tempos da TV Educativa do Rio de Janeiro.<\/p>\n","protected":false},"excerpt":{"rendered":"<p>Em comemora\u00e7\u00e3o ao Dia Mundial do Rock, celebrado em 13 de julho, a TV Brasil exibe uma edi\u00e7\u00e3o tem\u00e1tica do Todas as Bossas com sucessos do g\u00eanero neste s\u00e1bado (15), \u00e0s 23h15. A produ\u00e7\u00e3o mescla shows de personalidades da m\u00fasica que tocaram no est\u00fadio da emissora p\u00fablica, no Rio de Janeiro. Com apresenta\u00e7\u00e3o da jornalista [&hellip;]<\/p>\n","protected":false},"author":1,"featured_media":46060,"comment_status":"open","ping_status":"open","sticky":false,"template":"","format":"standard","meta":{"tdm_status":"","tdm_grid_status":"","footnotes":""},"categories":[6],"tags":[65,33,28,1742,2125,381,380],"class_list":["post-46059","post","type-post","status-publish","format-standard","has-post-thumbnail","hentry","category-noticias","tag-campanha","tag-estrategia","tag-marketing","tag-musica","tag-rock","tag-televisao","tag-tv-brasil"],"yoast_head":"<!-- This site is optimized with the Yoast SEO plugin v27.5 - https:\/\/yoast.com\/product\/yoast-seo-wordpress\/ -->\n<title>Dia do Rock ganha destaque na TV Brasil com especial de shows no Todas as Bossas - CidadeMarketing<\/title>\n<meta name=\"robots\" content=\"index, follow, max-snippet:-1, max-image-preview:large, max-video-preview:-1\" \/>\n<link rel=\"canonical\" href=\"https:\/\/www.cidademarketing.com.br\/marketing\/2023\/07\/13\/dia-do-rock-ganha-destaque-na-tv-brasil-com-especial-de-shows-no-todas-as-bossas\/\" \/>\n<meta property=\"og:locale\" content=\"pt_BR\" \/>\n<meta property=\"og:type\" content=\"article\" \/>\n<meta property=\"og:title\" content=\"Dia do Rock ganha destaque na TV Brasil com especial de shows no Todas as Bossas - CidadeMarketing\" \/>\n<meta property=\"og:description\" content=\"Em comemora\u00e7\u00e3o ao Dia Mundial do Rock, celebrado em 13 de julho, a TV Brasil exibe uma edi\u00e7\u00e3o tem\u00e1tica do Todas as Bossas com sucessos do g\u00eanero neste s\u00e1bado (15), \u00e0s 23h15. A produ\u00e7\u00e3o mescla shows de personalidades da m\u00fasica que tocaram no est\u00fadio da emissora p\u00fablica, no Rio de Janeiro. Com apresenta\u00e7\u00e3o da jornalista [&hellip;]\" \/>\n<meta property=\"og:url\" content=\"https:\/\/www.cidademarketing.com.br\/marketing\/2023\/07\/13\/dia-do-rock-ganha-destaque-na-tv-brasil-com-especial-de-shows-no-todas-as-bossas\/\" \/>\n<meta property=\"og:site_name\" content=\"CidadeMarketing\" \/>\n<meta property=\"article:publisher\" content=\"https:\/\/www.facebook.com\/portalcidademarketing\" \/>\n<meta property=\"article:author\" content=\"https:\/\/www.facebook.com\/thalesbrandao\" \/>\n<meta property=\"article:published_time\" content=\"2023-07-13T14:49:28+00:00\" \/>\n<meta property=\"og:image\" content=\"https:\/\/www.cidademarketing.com.br\/marketing\/wp-content\/uploads\/2023\/07\/Todas_as_Bossas_Detonautas_01_Credito_Divulgacao_TV_Brasil.jpg\" \/>\n\t<meta property=\"og:image:width\" content=\"1920\" \/>\n\t<meta property=\"og:image:height\" content=\"1080\" \/>\n\t<meta property=\"og:image:type\" content=\"image\/jpeg\" \/>\n<meta name=\"author\" content=\"Thales Brand\u00e3o\" \/>\n<meta name=\"twitter:card\" content=\"summary_large_image\" \/>\n<meta name=\"twitter:creator\" content=\"@http:\/\/www.twitter.com\/thalesbrandao\" \/>\n<meta name=\"twitter:site\" content=\"@CidadeMarketing\" \/>\n<meta name=\"twitter:label1\" content=\"Escrito por\" \/>\n\t<meta name=\"twitter:data1\" content=\"Thales Brand\u00e3o\" \/>\n\t<meta name=\"twitter:label2\" content=\"Est. tempo de leitura\" \/>\n\t<meta name=\"twitter:data2\" content=\"3 minutos\" \/>\n<script type=\"application\/ld+json\" class=\"yoast-schema-graph\">{\"@context\":\"https:\\\/\\\/schema.org\",\"@graph\":[{\"@type\":\"Article\",\"@id\":\"https:\\\/\\\/www.cidademarketing.com.br\\\/marketing\\\/2023\\\/07\\\/13\\\/dia-do-rock-ganha-destaque-na-tv-brasil-com-especial-de-shows-no-todas-as-bossas\\\/#article\",\"isPartOf\":{\"@id\":\"https:\\\/\\\/www.cidademarketing.com.br\\\/marketing\\\/2023\\\/07\\\/13\\\/dia-do-rock-ganha-destaque-na-tv-brasil-com-especial-de-shows-no-todas-as-bossas\\\/\"},\"author\":{\"name\":\"Thales Brand\u00e3o\",\"@id\":\"https:\\\/\\\/www.cidademarketing.com.br\\\/marketing\\\/#\\\/schema\\\/person\\\/02daff9f18bd9378c9e01eb6b2db155f\"},\"headline\":\"Dia do Rock ganha destaque na TV Brasil com especial de shows no Todas as Bossas\",\"datePublished\":\"2023-07-13T14:49:28+00:00\",\"mainEntityOfPage\":{\"@id\":\"https:\\\/\\\/www.cidademarketing.com.br\\\/marketing\\\/2023\\\/07\\\/13\\\/dia-do-rock-ganha-destaque-na-tv-brasil-com-especial-de-shows-no-todas-as-bossas\\\/\"},\"wordCount\":611,\"commentCount\":0,\"publisher\":{\"@id\":\"https:\\\/\\\/www.cidademarketing.com.br\\\/marketing\\\/#organization\"},\"image\":{\"@id\":\"https:\\\/\\\/www.cidademarketing.com.br\\\/marketing\\\/2023\\\/07\\\/13\\\/dia-do-rock-ganha-destaque-na-tv-brasil-com-especial-de-shows-no-todas-as-bossas\\\/#primaryimage\"},\"thumbnailUrl\":\"https:\\\/\\\/www.cidademarketing.com.br\\\/marketing\\\/wp-content\\\/uploads\\\/2023\\\/07\\\/Todas_as_Bossas_Detonautas_01_Credito_Divulgacao_TV_Brasil.jpg\",\"keywords\":[\"campanha\",\"estrat\u00e9gia\",\"marketing\",\"m\u00fasica\",\"Rock\",\"televis\u00e3o\",\"TV Brasil\"],\"articleSection\":[\"Not\u00edcias\"],\"inLanguage\":\"pt-BR\",\"potentialAction\":[{\"@type\":\"CommentAction\",\"name\":\"Comment\",\"target\":[\"https:\\\/\\\/www.cidademarketing.com.br\\\/marketing\\\/2023\\\/07\\\/13\\\/dia-do-rock-ganha-destaque-na-tv-brasil-com-especial-de-shows-no-todas-as-bossas\\\/#respond\"]}]},{\"@type\":\"WebPage\",\"@id\":\"https:\\\/\\\/www.cidademarketing.com.br\\\/marketing\\\/2023\\\/07\\\/13\\\/dia-do-rock-ganha-destaque-na-tv-brasil-com-especial-de-shows-no-todas-as-bossas\\\/\",\"url\":\"https:\\\/\\\/www.cidademarketing.com.br\\\/marketing\\\/2023\\\/07\\\/13\\\/dia-do-rock-ganha-destaque-na-tv-brasil-com-especial-de-shows-no-todas-as-bossas\\\/\",\"name\":\"Dia do Rock ganha destaque na TV Brasil com especial de shows no Todas as Bossas - CidadeMarketing\",\"isPartOf\":{\"@id\":\"https:\\\/\\\/www.cidademarketing.com.br\\\/marketing\\\/#website\"},\"primaryImageOfPage\":{\"@id\":\"https:\\\/\\\/www.cidademarketing.com.br\\\/marketing\\\/2023\\\/07\\\/13\\\/dia-do-rock-ganha-destaque-na-tv-brasil-com-especial-de-shows-no-todas-as-bossas\\\/#primaryimage\"},\"image\":{\"@id\":\"https:\\\/\\\/www.cidademarketing.com.br\\\/marketing\\\/2023\\\/07\\\/13\\\/dia-do-rock-ganha-destaque-na-tv-brasil-com-especial-de-shows-no-todas-as-bossas\\\/#primaryimage\"},\"thumbnailUrl\":\"https:\\\/\\\/www.cidademarketing.com.br\\\/marketing\\\/wp-content\\\/uploads\\\/2023\\\/07\\\/Todas_as_Bossas_Detonautas_01_Credito_Divulgacao_TV_Brasil.jpg\",\"datePublished\":\"2023-07-13T14:49:28+00:00\",\"breadcrumb\":{\"@id\":\"https:\\\/\\\/www.cidademarketing.com.br\\\/marketing\\\/2023\\\/07\\\/13\\\/dia-do-rock-ganha-destaque-na-tv-brasil-com-especial-de-shows-no-todas-as-bossas\\\/#breadcrumb\"},\"inLanguage\":\"pt-BR\",\"potentialAction\":[{\"@type\":\"ReadAction\",\"target\":[\"https:\\\/\\\/www.cidademarketing.com.br\\\/marketing\\\/2023\\\/07\\\/13\\\/dia-do-rock-ganha-destaque-na-tv-brasil-com-especial-de-shows-no-todas-as-bossas\\\/\"]}]},{\"@type\":\"ImageObject\",\"inLanguage\":\"pt-BR\",\"@id\":\"https:\\\/\\\/www.cidademarketing.com.br\\\/marketing\\\/2023\\\/07\\\/13\\\/dia-do-rock-ganha-destaque-na-tv-brasil-com-especial-de-shows-no-todas-as-bossas\\\/#primaryimage\",\"url\":\"https:\\\/\\\/www.cidademarketing.com.br\\\/marketing\\\/wp-content\\\/uploads\\\/2023\\\/07\\\/Todas_as_Bossas_Detonautas_01_Credito_Divulgacao_TV_Brasil.jpg\",\"contentUrl\":\"https:\\\/\\\/www.cidademarketing.com.br\\\/marketing\\\/wp-content\\\/uploads\\\/2023\\\/07\\\/Todas_as_Bossas_Detonautas_01_Credito_Divulgacao_TV_Brasil.jpg\",\"width\":1920,\"height\":1080,\"caption\":\"Divulga\u00e7\u00e3o: TV Brasil\"},{\"@type\":\"BreadcrumbList\",\"@id\":\"https:\\\/\\\/www.cidademarketing.com.br\\\/marketing\\\/2023\\\/07\\\/13\\\/dia-do-rock-ganha-destaque-na-tv-brasil-com-especial-de-shows-no-todas-as-bossas\\\/#breadcrumb\",\"itemListElement\":[{\"@type\":\"ListItem\",\"position\":1,\"name\":\"In\u00edcio\",\"item\":\"https:\\\/\\\/www.cidademarketing.com.br\\\/marketing\\\/\"},{\"@type\":\"ListItem\",\"position\":2,\"name\":\"Dia do Rock ganha destaque na TV Brasil com especial de shows no Todas as Bossas\"}]},{\"@type\":\"WebSite\",\"@id\":\"https:\\\/\\\/www.cidademarketing.com.br\\\/marketing\\\/#website\",\"url\":\"https:\\\/\\\/www.cidademarketing.com.br\\\/marketing\\\/\",\"name\":\"CidadeMarketing\",\"description\":\"Somos um ve\u00edculo de comunica\u00e7\u00e3o de destaque no Brasil, reconhecido por conte\u00fados nos segmentos de marketing, empreendedorismo e inova\u00e7\u00e3o.\",\"publisher\":{\"@id\":\"https:\\\/\\\/www.cidademarketing.com.br\\\/marketing\\\/#organization\"},\"alternateName\":\"CidadeMarketing\",\"potentialAction\":[{\"@type\":\"SearchAction\",\"target\":{\"@type\":\"EntryPoint\",\"urlTemplate\":\"https:\\\/\\\/www.cidademarketing.com.br\\\/marketing\\\/?s={search_term_string}\"},\"query-input\":{\"@type\":\"PropertyValueSpecification\",\"valueRequired\":true,\"valueName\":\"search_term_string\"}}],\"inLanguage\":\"pt-BR\"},{\"@type\":\"Organization\",\"@id\":\"https:\\\/\\\/www.cidademarketing.com.br\\\/marketing\\\/#organization\",\"name\":\"CidadeMarketing\",\"alternateName\":\"CidadeMarketing\",\"url\":\"https:\\\/\\\/www.cidademarketing.com.br\\\/marketing\\\/\",\"logo\":{\"@type\":\"ImageObject\",\"inLanguage\":\"pt-BR\",\"@id\":\"https:\\\/\\\/www.cidademarketing.com.br\\\/marketing\\\/#\\\/schema\\\/logo\\\/image\\\/\",\"url\":\"https:\\\/\\\/www.cidademarketing.com.br\\\/marketing\\\/wp-content\\\/uploads\\\/2020\\\/01\\\/cidademarketing_marca_mobile.png\",\"contentUrl\":\"https:\\\/\\\/www.cidademarketing.com.br\\\/marketing\\\/wp-content\\\/uploads\\\/2020\\\/01\\\/cidademarketing_marca_mobile.png\",\"width\":230,\"height\":92,\"caption\":\"CidadeMarketing\"},\"image\":{\"@id\":\"https:\\\/\\\/www.cidademarketing.com.br\\\/marketing\\\/#\\\/schema\\\/logo\\\/image\\\/\"},\"sameAs\":[\"https:\\\/\\\/www.facebook.com\\\/portalcidademarketing\",\"https:\\\/\\\/x.com\\\/CidadeMarketing\",\"https:\\\/\\\/www.instagram.com\\\/cidademarketing\\\/\"]},{\"@type\":\"Person\",\"@id\":\"https:\\\/\\\/www.cidademarketing.com.br\\\/marketing\\\/#\\\/schema\\\/person\\\/02daff9f18bd9378c9e01eb6b2db155f\",\"name\":\"Thales Brand\u00e3o\",\"image\":{\"@type\":\"ImageObject\",\"inLanguage\":\"pt-BR\",\"@id\":\"https:\\\/\\\/secure.gravatar.com\\\/avatar\\\/7ca3206950207cc3cb48feec56a8a7898741ab725c368d99d5d7a5a50aab80c6?s=96&d=mm&r=g\",\"url\":\"https:\\\/\\\/secure.gravatar.com\\\/avatar\\\/7ca3206950207cc3cb48feec56a8a7898741ab725c368d99d5d7a5a50aab80c6?s=96&d=mm&r=g\",\"contentUrl\":\"https:\\\/\\\/secure.gravatar.com\\\/avatar\\\/7ca3206950207cc3cb48feec56a8a7898741ab725c368d99d5d7a5a50aab80c6?s=96&d=mm&r=g\",\"caption\":\"Thales Brand\u00e3o\"},\"description\":\"Editor Executivo do Portal CidadeMarketing.com.br &gt; Mestre em Comunica\u00e7\u00e3o e Sociedade pela Universidade Federal de Sergipe. Possui MBA Executivo em Administra\u00e7\u00e3o com \u00eanfase em Marketing pela Funda\u00e7\u00e3o Get\u00falio Vargas - Rio de Janeiro. Consultor, Palestrante e Pesquisador sobre Empreendedorismo, Marketing, Redes Sociais e Neg\u00f3cios Digitais. Professor, Palestrante TedxTalks e Campus Party. Twitter: @ThalesBrandao\",\"sameAs\":[\"http:\\\/\\\/www.mandacaru.com.br\",\"https:\\\/\\\/www.facebook.com\\\/thalesbrandao\",\"http:\\\/\\\/www.instagram.com.br\\\/thalesbrandaoferreira\",\"https:\\\/\\\/www.linkedin.com\\\/in\\\/thales-brand\u00e3o-3948609\\\/\",\"https:\\\/\\\/x.com\\\/http:\\\/\\\/www.twitter.com\\\/thalesbrandao\"],\"url\":\"https:\\\/\\\/www.cidademarketing.com.br\\\/marketing\\\/author\\\/thalesbrandao\\\/\"}]}<\/script>\n<!-- \/ Yoast SEO plugin. -->","yoast_head_json":{"title":"Dia do Rock ganha destaque na TV Brasil com especial de shows no Todas as Bossas - CidadeMarketing","robots":{"index":"index","follow":"follow","max-snippet":"max-snippet:-1","max-image-preview":"max-image-preview:large","max-video-preview":"max-video-preview:-1"},"canonical":"https:\/\/www.cidademarketing.com.br\/marketing\/2023\/07\/13\/dia-do-rock-ganha-destaque-na-tv-brasil-com-especial-de-shows-no-todas-as-bossas\/","og_locale":"pt_BR","og_type":"article","og_title":"Dia do Rock ganha destaque na TV Brasil com especial de shows no Todas as Bossas - CidadeMarketing","og_description":"Em comemora\u00e7\u00e3o ao Dia Mundial do Rock, celebrado em 13 de julho, a TV Brasil exibe uma edi\u00e7\u00e3o tem\u00e1tica do Todas as Bossas com sucessos do g\u00eanero neste s\u00e1bado (15), \u00e0s 23h15. A produ\u00e7\u00e3o mescla shows de personalidades da m\u00fasica que tocaram no est\u00fadio da emissora p\u00fablica, no Rio de Janeiro. Com apresenta\u00e7\u00e3o da jornalista [&hellip;]","og_url":"https:\/\/www.cidademarketing.com.br\/marketing\/2023\/07\/13\/dia-do-rock-ganha-destaque-na-tv-brasil-com-especial-de-shows-no-todas-as-bossas\/","og_site_name":"CidadeMarketing","article_publisher":"https:\/\/www.facebook.com\/portalcidademarketing","article_author":"https:\/\/www.facebook.com\/thalesbrandao","article_published_time":"2023-07-13T14:49:28+00:00","og_image":[{"width":1920,"height":1080,"url":"https:\/\/www.cidademarketing.com.br\/marketing\/wp-content\/uploads\/2023\/07\/Todas_as_Bossas_Detonautas_01_Credito_Divulgacao_TV_Brasil.jpg","type":"image\/jpeg"}],"author":"Thales Brand\u00e3o","twitter_card":"summary_large_image","twitter_creator":"@http:\/\/www.twitter.com\/thalesbrandao","twitter_site":"@CidadeMarketing","twitter_misc":{"Escrito por":"Thales Brand\u00e3o","Est. tempo de leitura":"3 minutos"},"schema":{"@context":"https:\/\/schema.org","@graph":[{"@type":"Article","@id":"https:\/\/www.cidademarketing.com.br\/marketing\/2023\/07\/13\/dia-do-rock-ganha-destaque-na-tv-brasil-com-especial-de-shows-no-todas-as-bossas\/#article","isPartOf":{"@id":"https:\/\/www.cidademarketing.com.br\/marketing\/2023\/07\/13\/dia-do-rock-ganha-destaque-na-tv-brasil-com-especial-de-shows-no-todas-as-bossas\/"},"author":{"name":"Thales Brand\u00e3o","@id":"https:\/\/www.cidademarketing.com.br\/marketing\/#\/schema\/person\/02daff9f18bd9378c9e01eb6b2db155f"},"headline":"Dia do Rock ganha destaque na TV Brasil com especial de shows no Todas as Bossas","datePublished":"2023-07-13T14:49:28+00:00","mainEntityOfPage":{"@id":"https:\/\/www.cidademarketing.com.br\/marketing\/2023\/07\/13\/dia-do-rock-ganha-destaque-na-tv-brasil-com-especial-de-shows-no-todas-as-bossas\/"},"wordCount":611,"commentCount":0,"publisher":{"@id":"https:\/\/www.cidademarketing.com.br\/marketing\/#organization"},"image":{"@id":"https:\/\/www.cidademarketing.com.br\/marketing\/2023\/07\/13\/dia-do-rock-ganha-destaque-na-tv-brasil-com-especial-de-shows-no-todas-as-bossas\/#primaryimage"},"thumbnailUrl":"https:\/\/www.cidademarketing.com.br\/marketing\/wp-content\/uploads\/2023\/07\/Todas_as_Bossas_Detonautas_01_Credito_Divulgacao_TV_Brasil.jpg","keywords":["campanha","estrat\u00e9gia","marketing","m\u00fasica","Rock","televis\u00e3o","TV Brasil"],"articleSection":["Not\u00edcias"],"inLanguage":"pt-BR","potentialAction":[{"@type":"CommentAction","name":"Comment","target":["https:\/\/www.cidademarketing.com.br\/marketing\/2023\/07\/13\/dia-do-rock-ganha-destaque-na-tv-brasil-com-especial-de-shows-no-todas-as-bossas\/#respond"]}]},{"@type":"WebPage","@id":"https:\/\/www.cidademarketing.com.br\/marketing\/2023\/07\/13\/dia-do-rock-ganha-destaque-na-tv-brasil-com-especial-de-shows-no-todas-as-bossas\/","url":"https:\/\/www.cidademarketing.com.br\/marketing\/2023\/07\/13\/dia-do-rock-ganha-destaque-na-tv-brasil-com-especial-de-shows-no-todas-as-bossas\/","name":"Dia do Rock ganha destaque na TV Brasil com especial de shows no Todas as Bossas - CidadeMarketing","isPartOf":{"@id":"https:\/\/www.cidademarketing.com.br\/marketing\/#website"},"primaryImageOfPage":{"@id":"https:\/\/www.cidademarketing.com.br\/marketing\/2023\/07\/13\/dia-do-rock-ganha-destaque-na-tv-brasil-com-especial-de-shows-no-todas-as-bossas\/#primaryimage"},"image":{"@id":"https:\/\/www.cidademarketing.com.br\/marketing\/2023\/07\/13\/dia-do-rock-ganha-destaque-na-tv-brasil-com-especial-de-shows-no-todas-as-bossas\/#primaryimage"},"thumbnailUrl":"https:\/\/www.cidademarketing.com.br\/marketing\/wp-content\/uploads\/2023\/07\/Todas_as_Bossas_Detonautas_01_Credito_Divulgacao_TV_Brasil.jpg","datePublished":"2023-07-13T14:49:28+00:00","breadcrumb":{"@id":"https:\/\/www.cidademarketing.com.br\/marketing\/2023\/07\/13\/dia-do-rock-ganha-destaque-na-tv-brasil-com-especial-de-shows-no-todas-as-bossas\/#breadcrumb"},"inLanguage":"pt-BR","potentialAction":[{"@type":"ReadAction","target":["https:\/\/www.cidademarketing.com.br\/marketing\/2023\/07\/13\/dia-do-rock-ganha-destaque-na-tv-brasil-com-especial-de-shows-no-todas-as-bossas\/"]}]},{"@type":"ImageObject","inLanguage":"pt-BR","@id":"https:\/\/www.cidademarketing.com.br\/marketing\/2023\/07\/13\/dia-do-rock-ganha-destaque-na-tv-brasil-com-especial-de-shows-no-todas-as-bossas\/#primaryimage","url":"https:\/\/www.cidademarketing.com.br\/marketing\/wp-content\/uploads\/2023\/07\/Todas_as_Bossas_Detonautas_01_Credito_Divulgacao_TV_Brasil.jpg","contentUrl":"https:\/\/www.cidademarketing.com.br\/marketing\/wp-content\/uploads\/2023\/07\/Todas_as_Bossas_Detonautas_01_Credito_Divulgacao_TV_Brasil.jpg","width":1920,"height":1080,"caption":"Divulga\u00e7\u00e3o: TV Brasil"},{"@type":"BreadcrumbList","@id":"https:\/\/www.cidademarketing.com.br\/marketing\/2023\/07\/13\/dia-do-rock-ganha-destaque-na-tv-brasil-com-especial-de-shows-no-todas-as-bossas\/#breadcrumb","itemListElement":[{"@type":"ListItem","position":1,"name":"In\u00edcio","item":"https:\/\/www.cidademarketing.com.br\/marketing\/"},{"@type":"ListItem","position":2,"name":"Dia do Rock ganha destaque na TV Brasil com especial de shows no Todas as Bossas"}]},{"@type":"WebSite","@id":"https:\/\/www.cidademarketing.com.br\/marketing\/#website","url":"https:\/\/www.cidademarketing.com.br\/marketing\/","name":"CidadeMarketing","description":"Somos um ve\u00edculo de comunica\u00e7\u00e3o de destaque no Brasil, reconhecido por conte\u00fados nos segmentos de marketing, empreendedorismo e inova\u00e7\u00e3o.","publisher":{"@id":"https:\/\/www.cidademarketing.com.br\/marketing\/#organization"},"alternateName":"CidadeMarketing","potentialAction":[{"@type":"SearchAction","target":{"@type":"EntryPoint","urlTemplate":"https:\/\/www.cidademarketing.com.br\/marketing\/?s={search_term_string}"},"query-input":{"@type":"PropertyValueSpecification","valueRequired":true,"valueName":"search_term_string"}}],"inLanguage":"pt-BR"},{"@type":"Organization","@id":"https:\/\/www.cidademarketing.com.br\/marketing\/#organization","name":"CidadeMarketing","alternateName":"CidadeMarketing","url":"https:\/\/www.cidademarketing.com.br\/marketing\/","logo":{"@type":"ImageObject","inLanguage":"pt-BR","@id":"https:\/\/www.cidademarketing.com.br\/marketing\/#\/schema\/logo\/image\/","url":"https:\/\/www.cidademarketing.com.br\/marketing\/wp-content\/uploads\/2020\/01\/cidademarketing_marca_mobile.png","contentUrl":"https:\/\/www.cidademarketing.com.br\/marketing\/wp-content\/uploads\/2020\/01\/cidademarketing_marca_mobile.png","width":230,"height":92,"caption":"CidadeMarketing"},"image":{"@id":"https:\/\/www.cidademarketing.com.br\/marketing\/#\/schema\/logo\/image\/"},"sameAs":["https:\/\/www.facebook.com\/portalcidademarketing","https:\/\/x.com\/CidadeMarketing","https:\/\/www.instagram.com\/cidademarketing\/"]},{"@type":"Person","@id":"https:\/\/www.cidademarketing.com.br\/marketing\/#\/schema\/person\/02daff9f18bd9378c9e01eb6b2db155f","name":"Thales Brand\u00e3o","image":{"@type":"ImageObject","inLanguage":"pt-BR","@id":"https:\/\/secure.gravatar.com\/avatar\/7ca3206950207cc3cb48feec56a8a7898741ab725c368d99d5d7a5a50aab80c6?s=96&d=mm&r=g","url":"https:\/\/secure.gravatar.com\/avatar\/7ca3206950207cc3cb48feec56a8a7898741ab725c368d99d5d7a5a50aab80c6?s=96&d=mm&r=g","contentUrl":"https:\/\/secure.gravatar.com\/avatar\/7ca3206950207cc3cb48feec56a8a7898741ab725c368d99d5d7a5a50aab80c6?s=96&d=mm&r=g","caption":"Thales Brand\u00e3o"},"description":"Editor Executivo do Portal CidadeMarketing.com.br &gt; Mestre em Comunica\u00e7\u00e3o e Sociedade pela Universidade Federal de Sergipe. Possui MBA Executivo em Administra\u00e7\u00e3o com \u00eanfase em Marketing pela Funda\u00e7\u00e3o Get\u00falio Vargas - Rio de Janeiro. Consultor, Palestrante e Pesquisador sobre Empreendedorismo, Marketing, Redes Sociais e Neg\u00f3cios Digitais. Professor, Palestrante TedxTalks e Campus Party. Twitter: @ThalesBrandao","sameAs":["http:\/\/www.mandacaru.com.br","https:\/\/www.facebook.com\/thalesbrandao","http:\/\/www.instagram.com.br\/thalesbrandaoferreira","https:\/\/www.linkedin.com\/in\/thales-brand\u00e3o-3948609\/","https:\/\/x.com\/http:\/\/www.twitter.com\/thalesbrandao"],"url":"https:\/\/www.cidademarketing.com.br\/marketing\/author\/thalesbrandao\/"}]}},"amp_enabled":true,"_links":{"self":[{"href":"https:\/\/www.cidademarketing.com.br\/marketing\/wp-json\/wp\/v2\/posts\/46059","targetHints":{"allow":["GET"]}}],"collection":[{"href":"https:\/\/www.cidademarketing.com.br\/marketing\/wp-json\/wp\/v2\/posts"}],"about":[{"href":"https:\/\/www.cidademarketing.com.br\/marketing\/wp-json\/wp\/v2\/types\/post"}],"author":[{"embeddable":true,"href":"https:\/\/www.cidademarketing.com.br\/marketing\/wp-json\/wp\/v2\/users\/1"}],"replies":[{"embeddable":true,"href":"https:\/\/www.cidademarketing.com.br\/marketing\/wp-json\/wp\/v2\/comments?post=46059"}],"version-history":[{"count":1,"href":"https:\/\/www.cidademarketing.com.br\/marketing\/wp-json\/wp\/v2\/posts\/46059\/revisions"}],"predecessor-version":[{"id":46061,"href":"https:\/\/www.cidademarketing.com.br\/marketing\/wp-json\/wp\/v2\/posts\/46059\/revisions\/46061"}],"wp:featuredmedia":[{"embeddable":true,"href":"https:\/\/www.cidademarketing.com.br\/marketing\/wp-json\/wp\/v2\/media\/46060"}],"wp:attachment":[{"href":"https:\/\/www.cidademarketing.com.br\/marketing\/wp-json\/wp\/v2\/media?parent=46059"}],"wp:term":[{"taxonomy":"category","embeddable":true,"href":"https:\/\/www.cidademarketing.com.br\/marketing\/wp-json\/wp\/v2\/categories?post=46059"},{"taxonomy":"post_tag","embeddable":true,"href":"https:\/\/www.cidademarketing.com.br\/marketing\/wp-json\/wp\/v2\/tags?post=46059"}],"curies":[{"name":"wp","href":"https:\/\/api.w.org\/{rel}","templated":true}]}}