{"id":45901,"date":"2023-07-04T17:08:03","date_gmt":"2023-07-04T20:08:03","guid":{"rendered":"https:\/\/www.cidademarketing.com.br\/marketing\/?p=45901"},"modified":"2023-07-04T17:08:03","modified_gmt":"2023-07-04T20:08:03","slug":"flora-investe-em-cosmeticos-naturais-com-a-compra-da-vyvedas-fortalecendo-sua-posicao-no-setor","status":"publish","type":"post","link":"https:\/\/www.cidademarketing.com.br\/marketing\/2023\/07\/04\/flora-investe-em-cosmeticos-naturais-com-a-compra-da-vyvedas-fortalecendo-sua-posicao-no-setor\/","title":{"rendered":"Flora investe em cosm\u00e9ticos naturais com a compra da Vyvedas, fortalecendo sua posi\u00e7\u00e3o no setor"},"content":{"rendered":"<p>A Flora, ind\u00fastria do Grupo J&amp;F detentora de marcas como Francis, Neutrox e Minuano, adquiriu a marca de cosm\u00e9ticos naturais Vyvedas. Com essa movimenta\u00e7\u00e3o, a companhia amplia a oferta de produtos de origem natural para uma gama maior de consumidores por meio de sua estrat\u00e9gia multicanal, que inclui a venda via grandes redes varejistas ou venda direta ao cliente final via marketplaces.<\/p>\n<p><a href=\"https:\/\/www.cidademarketing.com.br\/marketing\/sua-marca-vai-virar-noticia\/\" target=\"_blank\" rel=\"noopener\"><img fetchpriority=\"high\" decoding=\"async\" class=\"wp-image-44329 aligncenter\" src=\"https:\/\/www.cidademarketing.com.br\/marketing\/wp-content\/uploads\/2023\/04\/cidademarketing_backlinks_marketingdigital_publieditorial_.png\" alt=\"\" width=\"500\" height=\"500\" \/><\/a><\/p>\n<p>A Vyvedas foi fundada em 2004 e produz itens de cuidado pessoal com benef\u00edcios fitoter\u00e1picos. O portf\u00f3lio envolve itens para pele e cabelos, como perfumes, shampoos, condicionadores, hidratantes, sabonetes, al\u00e9m de uma linha de velas e difusores perfumados. A marca oferece mais de 60 produtos formulados sem a adi\u00e7\u00e3o de \u00f3leo mineral e ingredientes de origem animal.<br \/>\nSegundo Sergio Caldas, presidente da Flora, a Vyvedas tem um prop\u00f3sito muito alinhado \u00e0s estrat\u00e9gias da empresa. \u201cEstamos crescendo no segmento de cosm\u00e9ticos, especialmente em produtos com ingredientes naturais, que v\u00eam atraindo o interesse dos consumidores. \u00c9 um caminho que j\u00e1 estamos trilhando com OX, Neutrox e Francis e agora ser\u00e1 fortalecido com a Vyvedas, que \u00e9 refer\u00eancia no territ\u00f3rio de naturalidade\u201d, afirma o executivo.<\/p>\n<p>O mercado de cosm\u00e9ticos naturais apresenta crescimento anual de 20% no Pa\u00eds e uma movimenta\u00e7\u00e3o financeira de R$ 3 bilh\u00f5es, segundo dados da BioBrazil Fair. A Vyvedas, que possui uma loja pr\u00f3pria no bairro da Bela Vista, ter\u00e1 agora sua distribui\u00e7\u00e3o expandida para redes de supermercados e farm\u00e1cias em todo o Brasil, al\u00e9m de venda online.<\/p>\n<p>Com a aquisi\u00e7\u00e3o, a empresa passa a fazer parte do pool de 15 marcas da Flora, sendo 11 de personal care, que recebem investimentos anuais em Inova\u00e7\u00e3o da ordem de R$ 10 milh\u00f5es. Somente em 2022, foram 155 lan\u00e7amentos com o prop\u00f3sito de ajudar cada pessoa a se cuidar melhor. Neste ano, a previs\u00e3o \u00e9 dobrar este n\u00famero.<\/p>\n<p>A marca continuar\u00e1 contando com o apoio de Mariana Rabello Soares, que fundou a companhia e desempenhar\u00e1 o papel de Diretora de Marketing e Vendas da UN Pele da Flora. As empresas n\u00e3o divulgaram os termos do acordo.<\/p>\n<p><iframe title=\"Spotify Embed: Podcast CidadeMarketing\" style=\"border-radius: 12px\" width=\"100%\" height=\"152\" frameborder=\"0\" allowfullscreen allow=\"autoplay; clipboard-write; encrypted-media; fullscreen; picture-in-picture\" loading=\"lazy\" src=\"https:\/\/open.spotify.com\/embed\/show\/4khMKzP3FgFRWVwb73xicc?si=252fe5bff2b34909&#038;utm_source=oembed\"><\/iframe><\/p>\n<p>&nbsp;<\/p>\n<p>No in\u00edcio deste ano, a Flora, que j\u00e1 era considerada uma das maiores plataformas industriais nacionais do setor, adquiriu tamb\u00e9m uma opera\u00e7\u00e3o industrial em Macei\u00f3, focada em homecare. A expans\u00e3o da empresa tem gerado empregos para as diferentes regi\u00f5es do Brasil. Somente em 2023, foram 400 novos postos.<\/p>\n","protected":false},"excerpt":{"rendered":"<p>A Flora, ind\u00fastria do Grupo J&amp;F detentora de marcas como Francis, Neutrox e Minuano, adquiriu a marca de cosm\u00e9ticos naturais Vyvedas. Com essa movimenta\u00e7\u00e3o, a companhia amplia a oferta de produtos de origem natural para uma gama maior de consumidores por meio de sua estrat\u00e9gia multicanal, que inclui a venda via grandes redes varejistas ou [&hellip;]<\/p>\n","protected":false},"author":1,"featured_media":45902,"comment_status":"open","ping_status":"open","sticky":false,"template":"","format":"standard","meta":{"tdm_status":"","tdm_grid_status":"","footnotes":""},"categories":[8,6],"tags":[412,1798,488,33,5311,37,6086],"class_list":["post-45901","post","type-post","status-publish","format-standard","has-post-thumbnail","hentry","category-marcas","category-noticias","tag-aquisicao","tag-compra","tag-cosmetico","tag-estrategia","tag-flora","tag-marca","tag-vyvedas"],"yoast_head":"<!-- This site is optimized with the Yoast SEO plugin v27.5 - https:\/\/yoast.com\/product\/yoast-seo-wordpress\/ -->\n<title>Flora investe em cosm\u00e9ticos naturais com a compra da Vyvedas, fortalecendo sua posi\u00e7\u00e3o no setor - CidadeMarketing<\/title>\n<meta name=\"robots\" content=\"index, follow, max-snippet:-1, max-image-preview:large, max-video-preview:-1\" \/>\n<link rel=\"canonical\" href=\"https:\/\/www.cidademarketing.com.br\/marketing\/2023\/07\/04\/flora-investe-em-cosmeticos-naturais-com-a-compra-da-vyvedas-fortalecendo-sua-posicao-no-setor\/\" \/>\n<meta property=\"og:locale\" content=\"pt_BR\" \/>\n<meta property=\"og:type\" content=\"article\" \/>\n<meta property=\"og:title\" content=\"Flora investe em cosm\u00e9ticos naturais com a compra da Vyvedas, fortalecendo sua posi\u00e7\u00e3o no setor - CidadeMarketing\" \/>\n<meta property=\"og:description\" content=\"A Flora, ind\u00fastria do Grupo J&amp;F detentora de marcas como Francis, Neutrox e Minuano, adquiriu a marca de cosm\u00e9ticos naturais Vyvedas. Com essa movimenta\u00e7\u00e3o, a companhia amplia a oferta de produtos de origem natural para uma gama maior de consumidores por meio de sua estrat\u00e9gia multicanal, que inclui a venda via grandes redes varejistas ou [&hellip;]\" \/>\n<meta property=\"og:url\" content=\"https:\/\/www.cidademarketing.com.br\/marketing\/2023\/07\/04\/flora-investe-em-cosmeticos-naturais-com-a-compra-da-vyvedas-fortalecendo-sua-posicao-no-setor\/\" \/>\n<meta property=\"og:site_name\" content=\"CidadeMarketing\" \/>\n<meta property=\"article:publisher\" content=\"https:\/\/www.facebook.com\/portalcidademarketing\" \/>\n<meta property=\"article:author\" content=\"https:\/\/www.facebook.com\/thalesbrandao\" \/>\n<meta property=\"article:published_time\" content=\"2023-07-04T20:08:03+00:00\" \/>\n<meta property=\"og:image\" content=\"https:\/\/www.cidademarketing.com.br\/marketing\/wp-content\/uploads\/2023\/07\/flora_vyvedas.png\" \/>\n\t<meta property=\"og:image:width\" content=\"472\" \/>\n\t<meta property=\"og:image:height\" content=\"707\" \/>\n\t<meta property=\"og:image:type\" content=\"image\/png\" \/>\n<meta name=\"author\" content=\"Thales Brand\u00e3o\" \/>\n<meta name=\"twitter:card\" content=\"summary_large_image\" \/>\n<meta name=\"twitter:creator\" content=\"@http:\/\/www.twitter.com\/thalesbrandao\" \/>\n<meta name=\"twitter:site\" content=\"@CidadeMarketing\" \/>\n<meta name=\"twitter:label1\" content=\"Escrito por\" \/>\n\t<meta name=\"twitter:data1\" content=\"Thales Brand\u00e3o\" \/>\n\t<meta name=\"twitter:label2\" content=\"Est. tempo de leitura\" \/>\n\t<meta name=\"twitter:data2\" content=\"2 minutos\" \/>\n<script type=\"application\/ld+json\" class=\"yoast-schema-graph\">{\"@context\":\"https:\\\/\\\/schema.org\",\"@graph\":[{\"@type\":\"Article\",\"@id\":\"https:\\\/\\\/www.cidademarketing.com.br\\\/marketing\\\/2023\\\/07\\\/04\\\/flora-investe-em-cosmeticos-naturais-com-a-compra-da-vyvedas-fortalecendo-sua-posicao-no-setor\\\/#article\",\"isPartOf\":{\"@id\":\"https:\\\/\\\/www.cidademarketing.com.br\\\/marketing\\\/2023\\\/07\\\/04\\\/flora-investe-em-cosmeticos-naturais-com-a-compra-da-vyvedas-fortalecendo-sua-posicao-no-setor\\\/\"},\"author\":{\"name\":\"Thales Brand\u00e3o\",\"@id\":\"https:\\\/\\\/www.cidademarketing.com.br\\\/marketing\\\/#\\\/schema\\\/person\\\/02daff9f18bd9378c9e01eb6b2db155f\"},\"headline\":\"Flora investe em cosm\u00e9ticos naturais com a compra da Vyvedas, fortalecendo sua posi\u00e7\u00e3o no setor\",\"datePublished\":\"2023-07-04T20:08:03+00:00\",\"mainEntityOfPage\":{\"@id\":\"https:\\\/\\\/www.cidademarketing.com.br\\\/marketing\\\/2023\\\/07\\\/04\\\/flora-investe-em-cosmeticos-naturais-com-a-compra-da-vyvedas-fortalecendo-sua-posicao-no-setor\\\/\"},\"wordCount\":440,\"commentCount\":0,\"publisher\":{\"@id\":\"https:\\\/\\\/www.cidademarketing.com.br\\\/marketing\\\/#organization\"},\"image\":{\"@id\":\"https:\\\/\\\/www.cidademarketing.com.br\\\/marketing\\\/2023\\\/07\\\/04\\\/flora-investe-em-cosmeticos-naturais-com-a-compra-da-vyvedas-fortalecendo-sua-posicao-no-setor\\\/#primaryimage\"},\"thumbnailUrl\":\"https:\\\/\\\/www.cidademarketing.com.br\\\/marketing\\\/wp-content\\\/uploads\\\/2023\\\/07\\\/flora_vyvedas.png\",\"keywords\":[\"aquisi\u00e7\u00e3o\",\"compra\",\"Cosm\u00e9tico\",\"estrat\u00e9gia\",\"Flora\",\"marca\",\"Vyvedas\"],\"articleSection\":[\"Marcas\",\"Not\u00edcias\"],\"inLanguage\":\"pt-BR\",\"potentialAction\":[{\"@type\":\"CommentAction\",\"name\":\"Comment\",\"target\":[\"https:\\\/\\\/www.cidademarketing.com.br\\\/marketing\\\/2023\\\/07\\\/04\\\/flora-investe-em-cosmeticos-naturais-com-a-compra-da-vyvedas-fortalecendo-sua-posicao-no-setor\\\/#respond\"]}]},{\"@type\":\"WebPage\",\"@id\":\"https:\\\/\\\/www.cidademarketing.com.br\\\/marketing\\\/2023\\\/07\\\/04\\\/flora-investe-em-cosmeticos-naturais-com-a-compra-da-vyvedas-fortalecendo-sua-posicao-no-setor\\\/\",\"url\":\"https:\\\/\\\/www.cidademarketing.com.br\\\/marketing\\\/2023\\\/07\\\/04\\\/flora-investe-em-cosmeticos-naturais-com-a-compra-da-vyvedas-fortalecendo-sua-posicao-no-setor\\\/\",\"name\":\"Flora investe em cosm\u00e9ticos naturais com a compra da Vyvedas, fortalecendo sua posi\u00e7\u00e3o no setor - CidadeMarketing\",\"isPartOf\":{\"@id\":\"https:\\\/\\\/www.cidademarketing.com.br\\\/marketing\\\/#website\"},\"primaryImageOfPage\":{\"@id\":\"https:\\\/\\\/www.cidademarketing.com.br\\\/marketing\\\/2023\\\/07\\\/04\\\/flora-investe-em-cosmeticos-naturais-com-a-compra-da-vyvedas-fortalecendo-sua-posicao-no-setor\\\/#primaryimage\"},\"image\":{\"@id\":\"https:\\\/\\\/www.cidademarketing.com.br\\\/marketing\\\/2023\\\/07\\\/04\\\/flora-investe-em-cosmeticos-naturais-com-a-compra-da-vyvedas-fortalecendo-sua-posicao-no-setor\\\/#primaryimage\"},\"thumbnailUrl\":\"https:\\\/\\\/www.cidademarketing.com.br\\\/marketing\\\/wp-content\\\/uploads\\\/2023\\\/07\\\/flora_vyvedas.png\",\"datePublished\":\"2023-07-04T20:08:03+00:00\",\"breadcrumb\":{\"@id\":\"https:\\\/\\\/www.cidademarketing.com.br\\\/marketing\\\/2023\\\/07\\\/04\\\/flora-investe-em-cosmeticos-naturais-com-a-compra-da-vyvedas-fortalecendo-sua-posicao-no-setor\\\/#breadcrumb\"},\"inLanguage\":\"pt-BR\",\"potentialAction\":[{\"@type\":\"ReadAction\",\"target\":[\"https:\\\/\\\/www.cidademarketing.com.br\\\/marketing\\\/2023\\\/07\\\/04\\\/flora-investe-em-cosmeticos-naturais-com-a-compra-da-vyvedas-fortalecendo-sua-posicao-no-setor\\\/\"]}]},{\"@type\":\"ImageObject\",\"inLanguage\":\"pt-BR\",\"@id\":\"https:\\\/\\\/www.cidademarketing.com.br\\\/marketing\\\/2023\\\/07\\\/04\\\/flora-investe-em-cosmeticos-naturais-com-a-compra-da-vyvedas-fortalecendo-sua-posicao-no-setor\\\/#primaryimage\",\"url\":\"https:\\\/\\\/www.cidademarketing.com.br\\\/marketing\\\/wp-content\\\/uploads\\\/2023\\\/07\\\/flora_vyvedas.png\",\"contentUrl\":\"https:\\\/\\\/www.cidademarketing.com.br\\\/marketing\\\/wp-content\\\/uploads\\\/2023\\\/07\\\/flora_vyvedas.png\",\"width\":472,\"height\":707,\"caption\":\"Divulga\u00e7\u00e3o\"},{\"@type\":\"BreadcrumbList\",\"@id\":\"https:\\\/\\\/www.cidademarketing.com.br\\\/marketing\\\/2023\\\/07\\\/04\\\/flora-investe-em-cosmeticos-naturais-com-a-compra-da-vyvedas-fortalecendo-sua-posicao-no-setor\\\/#breadcrumb\",\"itemListElement\":[{\"@type\":\"ListItem\",\"position\":1,\"name\":\"In\u00edcio\",\"item\":\"https:\\\/\\\/www.cidademarketing.com.br\\\/marketing\\\/\"},{\"@type\":\"ListItem\",\"position\":2,\"name\":\"Flora investe em cosm\u00e9ticos naturais com a compra da Vyvedas, fortalecendo sua posi\u00e7\u00e3o no setor\"}]},{\"@type\":\"WebSite\",\"@id\":\"https:\\\/\\\/www.cidademarketing.com.br\\\/marketing\\\/#website\",\"url\":\"https:\\\/\\\/www.cidademarketing.com.br\\\/marketing\\\/\",\"name\":\"CidadeMarketing\",\"description\":\"Somos um ve\u00edculo de comunica\u00e7\u00e3o de destaque no Brasil, reconhecido por conte\u00fados nos segmentos de marketing, empreendedorismo e inova\u00e7\u00e3o.\",\"publisher\":{\"@id\":\"https:\\\/\\\/www.cidademarketing.com.br\\\/marketing\\\/#organization\"},\"alternateName\":\"CidadeMarketing\",\"potentialAction\":[{\"@type\":\"SearchAction\",\"target\":{\"@type\":\"EntryPoint\",\"urlTemplate\":\"https:\\\/\\\/www.cidademarketing.com.br\\\/marketing\\\/?s={search_term_string}\"},\"query-input\":{\"@type\":\"PropertyValueSpecification\",\"valueRequired\":true,\"valueName\":\"search_term_string\"}}],\"inLanguage\":\"pt-BR\"},{\"@type\":\"Organization\",\"@id\":\"https:\\\/\\\/www.cidademarketing.com.br\\\/marketing\\\/#organization\",\"name\":\"CidadeMarketing\",\"alternateName\":\"CidadeMarketing\",\"url\":\"https:\\\/\\\/www.cidademarketing.com.br\\\/marketing\\\/\",\"logo\":{\"@type\":\"ImageObject\",\"inLanguage\":\"pt-BR\",\"@id\":\"https:\\\/\\\/www.cidademarketing.com.br\\\/marketing\\\/#\\\/schema\\\/logo\\\/image\\\/\",\"url\":\"https:\\\/\\\/www.cidademarketing.com.br\\\/marketing\\\/wp-content\\\/uploads\\\/2020\\\/01\\\/cidademarketing_marca_mobile.png\",\"contentUrl\":\"https:\\\/\\\/www.cidademarketing.com.br\\\/marketing\\\/wp-content\\\/uploads\\\/2020\\\/01\\\/cidademarketing_marca_mobile.png\",\"width\":230,\"height\":92,\"caption\":\"CidadeMarketing\"},\"image\":{\"@id\":\"https:\\\/\\\/www.cidademarketing.com.br\\\/marketing\\\/#\\\/schema\\\/logo\\\/image\\\/\"},\"sameAs\":[\"https:\\\/\\\/www.facebook.com\\\/portalcidademarketing\",\"https:\\\/\\\/x.com\\\/CidadeMarketing\",\"https:\\\/\\\/www.instagram.com\\\/cidademarketing\\\/\"]},{\"@type\":\"Person\",\"@id\":\"https:\\\/\\\/www.cidademarketing.com.br\\\/marketing\\\/#\\\/schema\\\/person\\\/02daff9f18bd9378c9e01eb6b2db155f\",\"name\":\"Thales Brand\u00e3o\",\"image\":{\"@type\":\"ImageObject\",\"inLanguage\":\"pt-BR\",\"@id\":\"https:\\\/\\\/secure.gravatar.com\\\/avatar\\\/7ca3206950207cc3cb48feec56a8a7898741ab725c368d99d5d7a5a50aab80c6?s=96&d=mm&r=g\",\"url\":\"https:\\\/\\\/secure.gravatar.com\\\/avatar\\\/7ca3206950207cc3cb48feec56a8a7898741ab725c368d99d5d7a5a50aab80c6?s=96&d=mm&r=g\",\"contentUrl\":\"https:\\\/\\\/secure.gravatar.com\\\/avatar\\\/7ca3206950207cc3cb48feec56a8a7898741ab725c368d99d5d7a5a50aab80c6?s=96&d=mm&r=g\",\"caption\":\"Thales Brand\u00e3o\"},\"description\":\"Editor Executivo do Portal CidadeMarketing.com.br &gt; Mestre em Comunica\u00e7\u00e3o e Sociedade pela Universidade Federal de Sergipe. Possui MBA Executivo em Administra\u00e7\u00e3o com \u00eanfase em Marketing pela Funda\u00e7\u00e3o Get\u00falio Vargas - Rio de Janeiro. Consultor, Palestrante e Pesquisador sobre Empreendedorismo, Marketing, Redes Sociais e Neg\u00f3cios Digitais. Professor, Palestrante TedxTalks e Campus Party. Twitter: @ThalesBrandao\",\"sameAs\":[\"http:\\\/\\\/www.mandacaru.com.br\",\"https:\\\/\\\/www.facebook.com\\\/thalesbrandao\",\"http:\\\/\\\/www.instagram.com.br\\\/thalesbrandaoferreira\",\"https:\\\/\\\/www.linkedin.com\\\/in\\\/thales-brand\u00e3o-3948609\\\/\",\"https:\\\/\\\/x.com\\\/http:\\\/\\\/www.twitter.com\\\/thalesbrandao\"],\"url\":\"https:\\\/\\\/www.cidademarketing.com.br\\\/marketing\\\/author\\\/thalesbrandao\\\/\"}]}<\/script>\n<!-- \/ Yoast SEO plugin. -->","yoast_head_json":{"title":"Flora investe em cosm\u00e9ticos naturais com a compra da Vyvedas, fortalecendo sua posi\u00e7\u00e3o no setor - CidadeMarketing","robots":{"index":"index","follow":"follow","max-snippet":"max-snippet:-1","max-image-preview":"max-image-preview:large","max-video-preview":"max-video-preview:-1"},"canonical":"https:\/\/www.cidademarketing.com.br\/marketing\/2023\/07\/04\/flora-investe-em-cosmeticos-naturais-com-a-compra-da-vyvedas-fortalecendo-sua-posicao-no-setor\/","og_locale":"pt_BR","og_type":"article","og_title":"Flora investe em cosm\u00e9ticos naturais com a compra da Vyvedas, fortalecendo sua posi\u00e7\u00e3o no setor - CidadeMarketing","og_description":"A Flora, ind\u00fastria do Grupo J&amp;F detentora de marcas como Francis, Neutrox e Minuano, adquiriu a marca de cosm\u00e9ticos naturais Vyvedas. Com essa movimenta\u00e7\u00e3o, a companhia amplia a oferta de produtos de origem natural para uma gama maior de consumidores por meio de sua estrat\u00e9gia multicanal, que inclui a venda via grandes redes varejistas ou [&hellip;]","og_url":"https:\/\/www.cidademarketing.com.br\/marketing\/2023\/07\/04\/flora-investe-em-cosmeticos-naturais-com-a-compra-da-vyvedas-fortalecendo-sua-posicao-no-setor\/","og_site_name":"CidadeMarketing","article_publisher":"https:\/\/www.facebook.com\/portalcidademarketing","article_author":"https:\/\/www.facebook.com\/thalesbrandao","article_published_time":"2023-07-04T20:08:03+00:00","og_image":[{"width":472,"height":707,"url":"https:\/\/www.cidademarketing.com.br\/marketing\/wp-content\/uploads\/2023\/07\/flora_vyvedas.png","type":"image\/png"}],"author":"Thales Brand\u00e3o","twitter_card":"summary_large_image","twitter_creator":"@http:\/\/www.twitter.com\/thalesbrandao","twitter_site":"@CidadeMarketing","twitter_misc":{"Escrito por":"Thales Brand\u00e3o","Est. tempo de leitura":"2 minutos"},"schema":{"@context":"https:\/\/schema.org","@graph":[{"@type":"Article","@id":"https:\/\/www.cidademarketing.com.br\/marketing\/2023\/07\/04\/flora-investe-em-cosmeticos-naturais-com-a-compra-da-vyvedas-fortalecendo-sua-posicao-no-setor\/#article","isPartOf":{"@id":"https:\/\/www.cidademarketing.com.br\/marketing\/2023\/07\/04\/flora-investe-em-cosmeticos-naturais-com-a-compra-da-vyvedas-fortalecendo-sua-posicao-no-setor\/"},"author":{"name":"Thales Brand\u00e3o","@id":"https:\/\/www.cidademarketing.com.br\/marketing\/#\/schema\/person\/02daff9f18bd9378c9e01eb6b2db155f"},"headline":"Flora investe em cosm\u00e9ticos naturais com a compra da Vyvedas, fortalecendo sua posi\u00e7\u00e3o no setor","datePublished":"2023-07-04T20:08:03+00:00","mainEntityOfPage":{"@id":"https:\/\/www.cidademarketing.com.br\/marketing\/2023\/07\/04\/flora-investe-em-cosmeticos-naturais-com-a-compra-da-vyvedas-fortalecendo-sua-posicao-no-setor\/"},"wordCount":440,"commentCount":0,"publisher":{"@id":"https:\/\/www.cidademarketing.com.br\/marketing\/#organization"},"image":{"@id":"https:\/\/www.cidademarketing.com.br\/marketing\/2023\/07\/04\/flora-investe-em-cosmeticos-naturais-com-a-compra-da-vyvedas-fortalecendo-sua-posicao-no-setor\/#primaryimage"},"thumbnailUrl":"https:\/\/www.cidademarketing.com.br\/marketing\/wp-content\/uploads\/2023\/07\/flora_vyvedas.png","keywords":["aquisi\u00e7\u00e3o","compra","Cosm\u00e9tico","estrat\u00e9gia","Flora","marca","Vyvedas"],"articleSection":["Marcas","Not\u00edcias"],"inLanguage":"pt-BR","potentialAction":[{"@type":"CommentAction","name":"Comment","target":["https:\/\/www.cidademarketing.com.br\/marketing\/2023\/07\/04\/flora-investe-em-cosmeticos-naturais-com-a-compra-da-vyvedas-fortalecendo-sua-posicao-no-setor\/#respond"]}]},{"@type":"WebPage","@id":"https:\/\/www.cidademarketing.com.br\/marketing\/2023\/07\/04\/flora-investe-em-cosmeticos-naturais-com-a-compra-da-vyvedas-fortalecendo-sua-posicao-no-setor\/","url":"https:\/\/www.cidademarketing.com.br\/marketing\/2023\/07\/04\/flora-investe-em-cosmeticos-naturais-com-a-compra-da-vyvedas-fortalecendo-sua-posicao-no-setor\/","name":"Flora investe em cosm\u00e9ticos naturais com a compra da Vyvedas, fortalecendo sua posi\u00e7\u00e3o no setor - CidadeMarketing","isPartOf":{"@id":"https:\/\/www.cidademarketing.com.br\/marketing\/#website"},"primaryImageOfPage":{"@id":"https:\/\/www.cidademarketing.com.br\/marketing\/2023\/07\/04\/flora-investe-em-cosmeticos-naturais-com-a-compra-da-vyvedas-fortalecendo-sua-posicao-no-setor\/#primaryimage"},"image":{"@id":"https:\/\/www.cidademarketing.com.br\/marketing\/2023\/07\/04\/flora-investe-em-cosmeticos-naturais-com-a-compra-da-vyvedas-fortalecendo-sua-posicao-no-setor\/#primaryimage"},"thumbnailUrl":"https:\/\/www.cidademarketing.com.br\/marketing\/wp-content\/uploads\/2023\/07\/flora_vyvedas.png","datePublished":"2023-07-04T20:08:03+00:00","breadcrumb":{"@id":"https:\/\/www.cidademarketing.com.br\/marketing\/2023\/07\/04\/flora-investe-em-cosmeticos-naturais-com-a-compra-da-vyvedas-fortalecendo-sua-posicao-no-setor\/#breadcrumb"},"inLanguage":"pt-BR","potentialAction":[{"@type":"ReadAction","target":["https:\/\/www.cidademarketing.com.br\/marketing\/2023\/07\/04\/flora-investe-em-cosmeticos-naturais-com-a-compra-da-vyvedas-fortalecendo-sua-posicao-no-setor\/"]}]},{"@type":"ImageObject","inLanguage":"pt-BR","@id":"https:\/\/www.cidademarketing.com.br\/marketing\/2023\/07\/04\/flora-investe-em-cosmeticos-naturais-com-a-compra-da-vyvedas-fortalecendo-sua-posicao-no-setor\/#primaryimage","url":"https:\/\/www.cidademarketing.com.br\/marketing\/wp-content\/uploads\/2023\/07\/flora_vyvedas.png","contentUrl":"https:\/\/www.cidademarketing.com.br\/marketing\/wp-content\/uploads\/2023\/07\/flora_vyvedas.png","width":472,"height":707,"caption":"Divulga\u00e7\u00e3o"},{"@type":"BreadcrumbList","@id":"https:\/\/www.cidademarketing.com.br\/marketing\/2023\/07\/04\/flora-investe-em-cosmeticos-naturais-com-a-compra-da-vyvedas-fortalecendo-sua-posicao-no-setor\/#breadcrumb","itemListElement":[{"@type":"ListItem","position":1,"name":"In\u00edcio","item":"https:\/\/www.cidademarketing.com.br\/marketing\/"},{"@type":"ListItem","position":2,"name":"Flora investe em cosm\u00e9ticos naturais com a compra da Vyvedas, fortalecendo sua posi\u00e7\u00e3o no setor"}]},{"@type":"WebSite","@id":"https:\/\/www.cidademarketing.com.br\/marketing\/#website","url":"https:\/\/www.cidademarketing.com.br\/marketing\/","name":"CidadeMarketing","description":"Somos um ve\u00edculo de comunica\u00e7\u00e3o de destaque no Brasil, reconhecido por conte\u00fados nos segmentos de marketing, empreendedorismo e inova\u00e7\u00e3o.","publisher":{"@id":"https:\/\/www.cidademarketing.com.br\/marketing\/#organization"},"alternateName":"CidadeMarketing","potentialAction":[{"@type":"SearchAction","target":{"@type":"EntryPoint","urlTemplate":"https:\/\/www.cidademarketing.com.br\/marketing\/?s={search_term_string}"},"query-input":{"@type":"PropertyValueSpecification","valueRequired":true,"valueName":"search_term_string"}}],"inLanguage":"pt-BR"},{"@type":"Organization","@id":"https:\/\/www.cidademarketing.com.br\/marketing\/#organization","name":"CidadeMarketing","alternateName":"CidadeMarketing","url":"https:\/\/www.cidademarketing.com.br\/marketing\/","logo":{"@type":"ImageObject","inLanguage":"pt-BR","@id":"https:\/\/www.cidademarketing.com.br\/marketing\/#\/schema\/logo\/image\/","url":"https:\/\/www.cidademarketing.com.br\/marketing\/wp-content\/uploads\/2020\/01\/cidademarketing_marca_mobile.png","contentUrl":"https:\/\/www.cidademarketing.com.br\/marketing\/wp-content\/uploads\/2020\/01\/cidademarketing_marca_mobile.png","width":230,"height":92,"caption":"CidadeMarketing"},"image":{"@id":"https:\/\/www.cidademarketing.com.br\/marketing\/#\/schema\/logo\/image\/"},"sameAs":["https:\/\/www.facebook.com\/portalcidademarketing","https:\/\/x.com\/CidadeMarketing","https:\/\/www.instagram.com\/cidademarketing\/"]},{"@type":"Person","@id":"https:\/\/www.cidademarketing.com.br\/marketing\/#\/schema\/person\/02daff9f18bd9378c9e01eb6b2db155f","name":"Thales Brand\u00e3o","image":{"@type":"ImageObject","inLanguage":"pt-BR","@id":"https:\/\/secure.gravatar.com\/avatar\/7ca3206950207cc3cb48feec56a8a7898741ab725c368d99d5d7a5a50aab80c6?s=96&d=mm&r=g","url":"https:\/\/secure.gravatar.com\/avatar\/7ca3206950207cc3cb48feec56a8a7898741ab725c368d99d5d7a5a50aab80c6?s=96&d=mm&r=g","contentUrl":"https:\/\/secure.gravatar.com\/avatar\/7ca3206950207cc3cb48feec56a8a7898741ab725c368d99d5d7a5a50aab80c6?s=96&d=mm&r=g","caption":"Thales Brand\u00e3o"},"description":"Editor Executivo do Portal CidadeMarketing.com.br &gt; Mestre em Comunica\u00e7\u00e3o e Sociedade pela Universidade Federal de Sergipe. Possui MBA Executivo em Administra\u00e7\u00e3o com \u00eanfase em Marketing pela Funda\u00e7\u00e3o Get\u00falio Vargas - Rio de Janeiro. Consultor, Palestrante e Pesquisador sobre Empreendedorismo, Marketing, Redes Sociais e Neg\u00f3cios Digitais. Professor, Palestrante TedxTalks e Campus Party. Twitter: @ThalesBrandao","sameAs":["http:\/\/www.mandacaru.com.br","https:\/\/www.facebook.com\/thalesbrandao","http:\/\/www.instagram.com.br\/thalesbrandaoferreira","https:\/\/www.linkedin.com\/in\/thales-brand\u00e3o-3948609\/","https:\/\/x.com\/http:\/\/www.twitter.com\/thalesbrandao"],"url":"https:\/\/www.cidademarketing.com.br\/marketing\/author\/thalesbrandao\/"}]}},"amp_enabled":true,"_links":{"self":[{"href":"https:\/\/www.cidademarketing.com.br\/marketing\/wp-json\/wp\/v2\/posts\/45901","targetHints":{"allow":["GET"]}}],"collection":[{"href":"https:\/\/www.cidademarketing.com.br\/marketing\/wp-json\/wp\/v2\/posts"}],"about":[{"href":"https:\/\/www.cidademarketing.com.br\/marketing\/wp-json\/wp\/v2\/types\/post"}],"author":[{"embeddable":true,"href":"https:\/\/www.cidademarketing.com.br\/marketing\/wp-json\/wp\/v2\/users\/1"}],"replies":[{"embeddable":true,"href":"https:\/\/www.cidademarketing.com.br\/marketing\/wp-json\/wp\/v2\/comments?post=45901"}],"version-history":[{"count":1,"href":"https:\/\/www.cidademarketing.com.br\/marketing\/wp-json\/wp\/v2\/posts\/45901\/revisions"}],"predecessor-version":[{"id":45903,"href":"https:\/\/www.cidademarketing.com.br\/marketing\/wp-json\/wp\/v2\/posts\/45901\/revisions\/45903"}],"wp:featuredmedia":[{"embeddable":true,"href":"https:\/\/www.cidademarketing.com.br\/marketing\/wp-json\/wp\/v2\/media\/45902"}],"wp:attachment":[{"href":"https:\/\/www.cidademarketing.com.br\/marketing\/wp-json\/wp\/v2\/media?parent=45901"}],"wp:term":[{"taxonomy":"category","embeddable":true,"href":"https:\/\/www.cidademarketing.com.br\/marketing\/wp-json\/wp\/v2\/categories?post=45901"},{"taxonomy":"post_tag","embeddable":true,"href":"https:\/\/www.cidademarketing.com.br\/marketing\/wp-json\/wp\/v2\/tags?post=45901"}],"curies":[{"name":"wp","href":"https:\/\/api.w.org\/{rel}","templated":true}]}}