{"id":45795,"date":"2023-06-30T11:00:23","date_gmt":"2023-06-30T14:00:23","guid":{"rendered":"https:\/\/www.cidademarketing.com.br\/marketing\/?p=45795"},"modified":"2023-06-30T11:00:23","modified_gmt":"2023-06-30T14:00:23","slug":"inscricoes-para-o-premio-radio-mec-100-anos-encerram-hoje","status":"publish","type":"post","link":"https:\/\/www.cidademarketing.com.br\/marketing\/2023\/06\/30\/inscricoes-para-o-premio-radio-mec-100-anos-encerram-hoje\/","title":{"rendered":"Inscri\u00e7\u00f5es para o Pr\u00eamio R\u00e1dio MEC 100 anos encerram hoje"},"content":{"rendered":"<p>Hoje \u00e9 o \u00faltimo dia de inscri\u00e7\u00f5es para o Pr\u00eamio R\u00e1dio MEC 100 anos. A iniciativa tem como objetivo revelar e divulgar grava\u00e7\u00f5es de obras musicais in\u00e9ditas e valorizar a produ\u00e7\u00e3o de artistas de todo o Brasil. Os interessados em concorrer devem preencher gratuitamente um <a href=\"https:\/\/inscricao-premio.ebc.com.br\/index.php\/326256\" target=\"_blank\" rel=\"noopener\">formul\u00e1rio na p\u00e1gina do concurso<\/a>.<br \/>\nComo parte da programa\u00e7\u00e3o de anivers\u00e1rio da R\u00e1dio MEC que completou, no dia 20 de abril, 100 anos, o pr\u00eamio dar\u00e1 visibilidade a cantores, compositores e instrumentistas. As m\u00fasicas selecionadas entrar\u00e3o na programa\u00e7\u00e3o da emissora.<\/p>\n<p><a href=\"https:\/\/www.cidademarketing.com.br\/marketing\/sua-marca-vai-virar-noticia\/\" target=\"_blank\" rel=\"noopener\"><img fetchpriority=\"high\" decoding=\"async\" class=\"wp-image-44329 aligncenter\" src=\"https:\/\/www.cidademarketing.com.br\/marketing\/wp-content\/uploads\/2023\/04\/cidademarketing_backlinks_marketingdigital_publieditorial_.png\" alt=\"\" width=\"500\" height=\"500\" \/><\/a><br \/>\nEdital<br \/>\nOs inscritos poder\u00e3o concorrer com at\u00e9 duas composi\u00e7\u00f5es em cada uma das quatro categorias do festival: M\u00fasica Cl\u00e1ssica, Instrumental, Infantil e Can\u00e7\u00e3o. A regra (<a href=\"https:\/\/www.ebc.com.br\/sites\/_institucional\/files\/atoms\/files\/edital_premio_radio_mec_100_anos.pdf\" target=\"_blank\" rel=\"noopener\">Edital<\/a>) exige composi\u00e7\u00f5es in\u00e9ditas e em portugu\u00eas. Ao todo ser\u00e3o 12 pr\u00eamios: Melhor M\u00fasica Cl\u00e1ssica, Melhor Int\u00e9rprete M\u00fasica Cl\u00e1ssica, Melhor M\u00fasica Instrumental, Melhor Int\u00e9rprete M\u00fasica Instrumental, Melhor M\u00fasica Infantil, Melhor Int\u00e9rprete M\u00fasica Infantil, Melhor Can\u00e7\u00e3o, Melhor Int\u00e9rprete Vocal, Melhor M\u00fasica Cl\u00e1ssica &#8211; Voto Popular, Melhor M\u00fasica Instrumental &#8211; Voto Popular, Melhor M\u00fasica Infantil &#8211; Voto Popular e Melhor Can\u00e7\u00e3o &#8211; Voto Popular.<\/p>\n<p><a href=\"https:\/\/open.spotify.com\/show\/4khMKzP3FgFRWVwb73xicc?si=252fe5bff2b34909\">https:\/\/open.spotify.com\/show\/4khMKzP3FgFRWVwb73xicc?si=252fe5bff2b34909<\/a><\/p>\n<p>&nbsp;<\/p>\n<p>A Comiss\u00e3o Julgadora ser\u00e1 composta por personalidades de not\u00f3rio saber ou em atividade na \u00e1rea musical, e por profissionais da EBC. Os vencedores ser\u00e3o conhecidos no dia 25 de setembro no site do Pr\u00eamio e durante programa\u00e7\u00e3o especial.<br \/>\nPr\u00eamio R\u00e1dio MEC 100 anos<br \/>\n27\/04 &#8211; Abertura das Inscri\u00e7\u00f5es (A partir das 15h)<br \/>\n27\/04 a 30\/06 &#8211; Per\u00edodo de inscri\u00e7\u00e3o<br \/>\n11\/07 &#8211; Divulga\u00e7\u00e3o das m\u00fasicas classificadas<br \/>\n11\/07 a 17\/08 &#8211; Per\u00edodo de veicula\u00e7\u00e3o nas emissoras<br \/>\n11\/07 a 17\/08 &#8211; Vota\u00e7\u00e3o Popular (Internet)<br \/>\n18\/08 &#8211; Divulga\u00e7\u00e3o das m\u00fasicas semifinalistas<br \/>\n18\/08 a 14\/09 &#8211; Per\u00edodo de veicula\u00e7\u00e3o nas emissoras<br \/>\n18\/08 a 14\/09 &#8211; Vota\u00e7\u00e3o Popular (Internet)<br \/>\n15\/09 &#8211; Divulga\u00e7\u00e3o das m\u00fasicas finalistas<br \/>\n15\/09 a 25\/09 &#8211; Per\u00edodo de veicula\u00e7\u00e3o nas emissoras<br \/>\n25\/09 &#8211; Divulga\u00e7\u00e3o dos vencedores<\/p>\n","protected":false},"excerpt":{"rendered":"<p>Hoje \u00e9 o \u00faltimo dia de inscri\u00e7\u00f5es para o Pr\u00eamio R\u00e1dio MEC 100 anos. A iniciativa tem como objetivo revelar e divulgar grava\u00e7\u00f5es de obras musicais in\u00e9ditas e valorizar a produ\u00e7\u00e3o de artistas de todo o Brasil. Os interessados em concorrer devem preencher gratuitamente um formul\u00e1rio na p\u00e1gina do concurso. Como parte da programa\u00e7\u00e3o de [&hellip;]<\/p>\n","protected":false},"author":1,"featured_media":45796,"comment_status":"open","ping_status":"open","sticky":false,"template":"","format":"standard","meta":{"tdm_status":"","tdm_grid_status":"","footnotes":""},"categories":[6],"tags":[65,33,179,151,3050],"class_list":["post-45795","post","type-post","status-publish","format-standard","has-post-thumbnail","hentry","category-noticias","tag-campanha","tag-estrategia","tag-evento","tag-mec","tag-radio-mec"],"yoast_head":"<!-- This site is optimized with the Yoast SEO plugin v27.4 - https:\/\/yoast.com\/product\/yoast-seo-wordpress\/ -->\n<title>Inscri\u00e7\u00f5es para o Pr\u00eamio R\u00e1dio MEC 100 anos encerram hoje - CidadeMarketing<\/title>\n<meta name=\"robots\" content=\"index, follow, max-snippet:-1, max-image-preview:large, max-video-preview:-1\" \/>\n<link rel=\"canonical\" href=\"https:\/\/www.cidademarketing.com.br\/marketing\/2023\/06\/30\/inscricoes-para-o-premio-radio-mec-100-anos-encerram-hoje\/\" \/>\n<meta property=\"og:locale\" content=\"pt_BR\" \/>\n<meta property=\"og:type\" content=\"article\" \/>\n<meta property=\"og:title\" content=\"Inscri\u00e7\u00f5es para o Pr\u00eamio R\u00e1dio MEC 100 anos encerram hoje - CidadeMarketing\" \/>\n<meta property=\"og:description\" content=\"Hoje \u00e9 o \u00faltimo dia de inscri\u00e7\u00f5es para o Pr\u00eamio R\u00e1dio MEC 100 anos. A iniciativa tem como objetivo revelar e divulgar grava\u00e7\u00f5es de obras musicais in\u00e9ditas e valorizar a produ\u00e7\u00e3o de artistas de todo o Brasil. Os interessados em concorrer devem preencher gratuitamente um formul\u00e1rio na p\u00e1gina do concurso. Como parte da programa\u00e7\u00e3o de [&hellip;]\" \/>\n<meta property=\"og:url\" content=\"https:\/\/www.cidademarketing.com.br\/marketing\/2023\/06\/30\/inscricoes-para-o-premio-radio-mec-100-anos-encerram-hoje\/\" \/>\n<meta property=\"og:site_name\" content=\"CidadeMarketing\" \/>\n<meta property=\"article:publisher\" content=\"https:\/\/www.facebook.com\/portalcidademarketing\" \/>\n<meta property=\"article:author\" content=\"https:\/\/www.facebook.com\/thalesbrandao\" \/>\n<meta property=\"article:published_time\" content=\"2023-06-30T14:00:23+00:00\" \/>\n<meta property=\"og:image\" content=\"https:\/\/www.cidademarketing.com.br\/marketing\/wp-content\/uploads\/2023\/06\/premioradiomec.jpg\" \/>\n\t<meta property=\"og:image:width\" content=\"460\" \/>\n\t<meta property=\"og:image:height\" content=\"229\" \/>\n\t<meta property=\"og:image:type\" content=\"image\/jpeg\" \/>\n<meta name=\"author\" content=\"Thales Brand\u00e3o\" \/>\n<meta name=\"twitter:card\" content=\"summary_large_image\" \/>\n<meta name=\"twitter:creator\" content=\"@http:\/\/www.twitter.com\/thalesbrandao\" \/>\n<meta name=\"twitter:site\" content=\"@CidadeMarketing\" \/>\n<meta name=\"twitter:label1\" content=\"Escrito por\" \/>\n\t<meta name=\"twitter:data1\" content=\"Thales Brand\u00e3o\" \/>\n\t<meta name=\"twitter:label2\" content=\"Est. tempo de leitura\" \/>\n\t<meta name=\"twitter:data2\" content=\"2 minutos\" \/>\n<script type=\"application\/ld+json\" class=\"yoast-schema-graph\">{\"@context\":\"https:\\\/\\\/schema.org\",\"@graph\":[{\"@type\":\"Article\",\"@id\":\"https:\\\/\\\/www.cidademarketing.com.br\\\/marketing\\\/2023\\\/06\\\/30\\\/inscricoes-para-o-premio-radio-mec-100-anos-encerram-hoje\\\/#article\",\"isPartOf\":{\"@id\":\"https:\\\/\\\/www.cidademarketing.com.br\\\/marketing\\\/2023\\\/06\\\/30\\\/inscricoes-para-o-premio-radio-mec-100-anos-encerram-hoje\\\/\"},\"author\":{\"name\":\"Thales Brand\u00e3o\",\"@id\":\"https:\\\/\\\/www.cidademarketing.com.br\\\/marketing\\\/#\\\/schema\\\/person\\\/02daff9f18bd9378c9e01eb6b2db155f\"},\"headline\":\"Inscri\u00e7\u00f5es para o Pr\u00eamio R\u00e1dio MEC 100 anos encerram hoje\",\"datePublished\":\"2023-06-30T14:00:23+00:00\",\"mainEntityOfPage\":{\"@id\":\"https:\\\/\\\/www.cidademarketing.com.br\\\/marketing\\\/2023\\\/06\\\/30\\\/inscricoes-para-o-premio-radio-mec-100-anos-encerram-hoje\\\/\"},\"wordCount\":366,\"commentCount\":0,\"publisher\":{\"@id\":\"https:\\\/\\\/www.cidademarketing.com.br\\\/marketing\\\/#organization\"},\"image\":{\"@id\":\"https:\\\/\\\/www.cidademarketing.com.br\\\/marketing\\\/2023\\\/06\\\/30\\\/inscricoes-para-o-premio-radio-mec-100-anos-encerram-hoje\\\/#primaryimage\"},\"thumbnailUrl\":\"https:\\\/\\\/www.cidademarketing.com.br\\\/marketing\\\/wp-content\\\/uploads\\\/2023\\\/06\\\/premioradiomec.jpg\",\"keywords\":[\"campanha\",\"estrat\u00e9gia\",\"evento\",\"MEC\",\"R\u00e1dio MEC\"],\"articleSection\":[\"Not\u00edcias\"],\"inLanguage\":\"pt-BR\",\"potentialAction\":[{\"@type\":\"CommentAction\",\"name\":\"Comment\",\"target\":[\"https:\\\/\\\/www.cidademarketing.com.br\\\/marketing\\\/2023\\\/06\\\/30\\\/inscricoes-para-o-premio-radio-mec-100-anos-encerram-hoje\\\/#respond\"]}]},{\"@type\":\"WebPage\",\"@id\":\"https:\\\/\\\/www.cidademarketing.com.br\\\/marketing\\\/2023\\\/06\\\/30\\\/inscricoes-para-o-premio-radio-mec-100-anos-encerram-hoje\\\/\",\"url\":\"https:\\\/\\\/www.cidademarketing.com.br\\\/marketing\\\/2023\\\/06\\\/30\\\/inscricoes-para-o-premio-radio-mec-100-anos-encerram-hoje\\\/\",\"name\":\"Inscri\u00e7\u00f5es para o Pr\u00eamio R\u00e1dio MEC 100 anos encerram hoje - CidadeMarketing\",\"isPartOf\":{\"@id\":\"https:\\\/\\\/www.cidademarketing.com.br\\\/marketing\\\/#website\"},\"primaryImageOfPage\":{\"@id\":\"https:\\\/\\\/www.cidademarketing.com.br\\\/marketing\\\/2023\\\/06\\\/30\\\/inscricoes-para-o-premio-radio-mec-100-anos-encerram-hoje\\\/#primaryimage\"},\"image\":{\"@id\":\"https:\\\/\\\/www.cidademarketing.com.br\\\/marketing\\\/2023\\\/06\\\/30\\\/inscricoes-para-o-premio-radio-mec-100-anos-encerram-hoje\\\/#primaryimage\"},\"thumbnailUrl\":\"https:\\\/\\\/www.cidademarketing.com.br\\\/marketing\\\/wp-content\\\/uploads\\\/2023\\\/06\\\/premioradiomec.jpg\",\"datePublished\":\"2023-06-30T14:00:23+00:00\",\"breadcrumb\":{\"@id\":\"https:\\\/\\\/www.cidademarketing.com.br\\\/marketing\\\/2023\\\/06\\\/30\\\/inscricoes-para-o-premio-radio-mec-100-anos-encerram-hoje\\\/#breadcrumb\"},\"inLanguage\":\"pt-BR\",\"potentialAction\":[{\"@type\":\"ReadAction\",\"target\":[\"https:\\\/\\\/www.cidademarketing.com.br\\\/marketing\\\/2023\\\/06\\\/30\\\/inscricoes-para-o-premio-radio-mec-100-anos-encerram-hoje\\\/\"]}]},{\"@type\":\"ImageObject\",\"inLanguage\":\"pt-BR\",\"@id\":\"https:\\\/\\\/www.cidademarketing.com.br\\\/marketing\\\/2023\\\/06\\\/30\\\/inscricoes-para-o-premio-radio-mec-100-anos-encerram-hoje\\\/#primaryimage\",\"url\":\"https:\\\/\\\/www.cidademarketing.com.br\\\/marketing\\\/wp-content\\\/uploads\\\/2023\\\/06\\\/premioradiomec.jpg\",\"contentUrl\":\"https:\\\/\\\/www.cidademarketing.com.br\\\/marketing\\\/wp-content\\\/uploads\\\/2023\\\/06\\\/premioradiomec.jpg\",\"width\":460,\"height\":229,\"caption\":\"Divulga\u00e7\u00e3o Pr\u00eamio R\u00e1dio MEC 100 Anos\"},{\"@type\":\"BreadcrumbList\",\"@id\":\"https:\\\/\\\/www.cidademarketing.com.br\\\/marketing\\\/2023\\\/06\\\/30\\\/inscricoes-para-o-premio-radio-mec-100-anos-encerram-hoje\\\/#breadcrumb\",\"itemListElement\":[{\"@type\":\"ListItem\",\"position\":1,\"name\":\"In\u00edcio\",\"item\":\"https:\\\/\\\/www.cidademarketing.com.br\\\/marketing\\\/\"},{\"@type\":\"ListItem\",\"position\":2,\"name\":\"Inscri\u00e7\u00f5es para o Pr\u00eamio R\u00e1dio MEC 100 anos encerram hoje\"}]},{\"@type\":\"WebSite\",\"@id\":\"https:\\\/\\\/www.cidademarketing.com.br\\\/marketing\\\/#website\",\"url\":\"https:\\\/\\\/www.cidademarketing.com.br\\\/marketing\\\/\",\"name\":\"CidadeMarketing\",\"description\":\"Somos um ve\u00edculo de comunica\u00e7\u00e3o de destaque no Brasil, reconhecido por conte\u00fados nos segmentos de marketing, empreendedorismo e inova\u00e7\u00e3o.\",\"publisher\":{\"@id\":\"https:\\\/\\\/www.cidademarketing.com.br\\\/marketing\\\/#organization\"},\"alternateName\":\"CidadeMarketing\",\"potentialAction\":[{\"@type\":\"SearchAction\",\"target\":{\"@type\":\"EntryPoint\",\"urlTemplate\":\"https:\\\/\\\/www.cidademarketing.com.br\\\/marketing\\\/?s={search_term_string}\"},\"query-input\":{\"@type\":\"PropertyValueSpecification\",\"valueRequired\":true,\"valueName\":\"search_term_string\"}}],\"inLanguage\":\"pt-BR\"},{\"@type\":\"Organization\",\"@id\":\"https:\\\/\\\/www.cidademarketing.com.br\\\/marketing\\\/#organization\",\"name\":\"CidadeMarketing\",\"alternateName\":\"CidadeMarketing\",\"url\":\"https:\\\/\\\/www.cidademarketing.com.br\\\/marketing\\\/\",\"logo\":{\"@type\":\"ImageObject\",\"inLanguage\":\"pt-BR\",\"@id\":\"https:\\\/\\\/www.cidademarketing.com.br\\\/marketing\\\/#\\\/schema\\\/logo\\\/image\\\/\",\"url\":\"https:\\\/\\\/www.cidademarketing.com.br\\\/marketing\\\/wp-content\\\/uploads\\\/2020\\\/01\\\/cidademarketing_marca_mobile.png\",\"contentUrl\":\"https:\\\/\\\/www.cidademarketing.com.br\\\/marketing\\\/wp-content\\\/uploads\\\/2020\\\/01\\\/cidademarketing_marca_mobile.png\",\"width\":230,\"height\":92,\"caption\":\"CidadeMarketing\"},\"image\":{\"@id\":\"https:\\\/\\\/www.cidademarketing.com.br\\\/marketing\\\/#\\\/schema\\\/logo\\\/image\\\/\"},\"sameAs\":[\"https:\\\/\\\/www.facebook.com\\\/portalcidademarketing\",\"https:\\\/\\\/x.com\\\/CidadeMarketing\",\"https:\\\/\\\/www.instagram.com\\\/cidademarketing\\\/\"]},{\"@type\":\"Person\",\"@id\":\"https:\\\/\\\/www.cidademarketing.com.br\\\/marketing\\\/#\\\/schema\\\/person\\\/02daff9f18bd9378c9e01eb6b2db155f\",\"name\":\"Thales Brand\u00e3o\",\"image\":{\"@type\":\"ImageObject\",\"inLanguage\":\"pt-BR\",\"@id\":\"https:\\\/\\\/secure.gravatar.com\\\/avatar\\\/7ca3206950207cc3cb48feec56a8a7898741ab725c368d99d5d7a5a50aab80c6?s=96&d=mm&r=g\",\"url\":\"https:\\\/\\\/secure.gravatar.com\\\/avatar\\\/7ca3206950207cc3cb48feec56a8a7898741ab725c368d99d5d7a5a50aab80c6?s=96&d=mm&r=g\",\"contentUrl\":\"https:\\\/\\\/secure.gravatar.com\\\/avatar\\\/7ca3206950207cc3cb48feec56a8a7898741ab725c368d99d5d7a5a50aab80c6?s=96&d=mm&r=g\",\"caption\":\"Thales Brand\u00e3o\"},\"description\":\"Editor Executivo do Portal CidadeMarketing.com.br &gt; Mestre em Comunica\u00e7\u00e3o e Sociedade pela Universidade Federal de Sergipe. Possui MBA Executivo em Administra\u00e7\u00e3o com \u00eanfase em Marketing pela Funda\u00e7\u00e3o Get\u00falio Vargas - Rio de Janeiro. Consultor, Palestrante e Pesquisador sobre Empreendedorismo, Marketing, Redes Sociais e Neg\u00f3cios Digitais. Professor, Palestrante TedxTalks e Campus Party. Twitter: @ThalesBrandao\",\"sameAs\":[\"http:\\\/\\\/www.mandacaru.com.br\",\"https:\\\/\\\/www.facebook.com\\\/thalesbrandao\",\"http:\\\/\\\/www.instagram.com.br\\\/thalesbrandaoferreira\",\"https:\\\/\\\/www.linkedin.com\\\/in\\\/thales-brand\u00e3o-3948609\\\/\",\"https:\\\/\\\/x.com\\\/http:\\\/\\\/www.twitter.com\\\/thalesbrandao\"],\"url\":\"https:\\\/\\\/www.cidademarketing.com.br\\\/marketing\\\/author\\\/thalesbrandao\\\/\"}]}<\/script>\n<!-- \/ Yoast SEO plugin. -->","yoast_head_json":{"title":"Inscri\u00e7\u00f5es para o Pr\u00eamio R\u00e1dio MEC 100 anos encerram hoje - CidadeMarketing","robots":{"index":"index","follow":"follow","max-snippet":"max-snippet:-1","max-image-preview":"max-image-preview:large","max-video-preview":"max-video-preview:-1"},"canonical":"https:\/\/www.cidademarketing.com.br\/marketing\/2023\/06\/30\/inscricoes-para-o-premio-radio-mec-100-anos-encerram-hoje\/","og_locale":"pt_BR","og_type":"article","og_title":"Inscri\u00e7\u00f5es para o Pr\u00eamio R\u00e1dio MEC 100 anos encerram hoje - CidadeMarketing","og_description":"Hoje \u00e9 o \u00faltimo dia de inscri\u00e7\u00f5es para o Pr\u00eamio R\u00e1dio MEC 100 anos. A iniciativa tem como objetivo revelar e divulgar grava\u00e7\u00f5es de obras musicais in\u00e9ditas e valorizar a produ\u00e7\u00e3o de artistas de todo o Brasil. Os interessados em concorrer devem preencher gratuitamente um formul\u00e1rio na p\u00e1gina do concurso. Como parte da programa\u00e7\u00e3o de [&hellip;]","og_url":"https:\/\/www.cidademarketing.com.br\/marketing\/2023\/06\/30\/inscricoes-para-o-premio-radio-mec-100-anos-encerram-hoje\/","og_site_name":"CidadeMarketing","article_publisher":"https:\/\/www.facebook.com\/portalcidademarketing","article_author":"https:\/\/www.facebook.com\/thalesbrandao","article_published_time":"2023-06-30T14:00:23+00:00","og_image":[{"width":460,"height":229,"url":"https:\/\/www.cidademarketing.com.br\/marketing\/wp-content\/uploads\/2023\/06\/premioradiomec.jpg","type":"image\/jpeg"}],"author":"Thales Brand\u00e3o","twitter_card":"summary_large_image","twitter_creator":"@http:\/\/www.twitter.com\/thalesbrandao","twitter_site":"@CidadeMarketing","twitter_misc":{"Escrito por":"Thales Brand\u00e3o","Est. tempo de leitura":"2 minutos"},"schema":{"@context":"https:\/\/schema.org","@graph":[{"@type":"Article","@id":"https:\/\/www.cidademarketing.com.br\/marketing\/2023\/06\/30\/inscricoes-para-o-premio-radio-mec-100-anos-encerram-hoje\/#article","isPartOf":{"@id":"https:\/\/www.cidademarketing.com.br\/marketing\/2023\/06\/30\/inscricoes-para-o-premio-radio-mec-100-anos-encerram-hoje\/"},"author":{"name":"Thales Brand\u00e3o","@id":"https:\/\/www.cidademarketing.com.br\/marketing\/#\/schema\/person\/02daff9f18bd9378c9e01eb6b2db155f"},"headline":"Inscri\u00e7\u00f5es para o Pr\u00eamio R\u00e1dio MEC 100 anos encerram hoje","datePublished":"2023-06-30T14:00:23+00:00","mainEntityOfPage":{"@id":"https:\/\/www.cidademarketing.com.br\/marketing\/2023\/06\/30\/inscricoes-para-o-premio-radio-mec-100-anos-encerram-hoje\/"},"wordCount":366,"commentCount":0,"publisher":{"@id":"https:\/\/www.cidademarketing.com.br\/marketing\/#organization"},"image":{"@id":"https:\/\/www.cidademarketing.com.br\/marketing\/2023\/06\/30\/inscricoes-para-o-premio-radio-mec-100-anos-encerram-hoje\/#primaryimage"},"thumbnailUrl":"https:\/\/www.cidademarketing.com.br\/marketing\/wp-content\/uploads\/2023\/06\/premioradiomec.jpg","keywords":["campanha","estrat\u00e9gia","evento","MEC","R\u00e1dio MEC"],"articleSection":["Not\u00edcias"],"inLanguage":"pt-BR","potentialAction":[{"@type":"CommentAction","name":"Comment","target":["https:\/\/www.cidademarketing.com.br\/marketing\/2023\/06\/30\/inscricoes-para-o-premio-radio-mec-100-anos-encerram-hoje\/#respond"]}]},{"@type":"WebPage","@id":"https:\/\/www.cidademarketing.com.br\/marketing\/2023\/06\/30\/inscricoes-para-o-premio-radio-mec-100-anos-encerram-hoje\/","url":"https:\/\/www.cidademarketing.com.br\/marketing\/2023\/06\/30\/inscricoes-para-o-premio-radio-mec-100-anos-encerram-hoje\/","name":"Inscri\u00e7\u00f5es para o Pr\u00eamio R\u00e1dio MEC 100 anos encerram hoje - CidadeMarketing","isPartOf":{"@id":"https:\/\/www.cidademarketing.com.br\/marketing\/#website"},"primaryImageOfPage":{"@id":"https:\/\/www.cidademarketing.com.br\/marketing\/2023\/06\/30\/inscricoes-para-o-premio-radio-mec-100-anos-encerram-hoje\/#primaryimage"},"image":{"@id":"https:\/\/www.cidademarketing.com.br\/marketing\/2023\/06\/30\/inscricoes-para-o-premio-radio-mec-100-anos-encerram-hoje\/#primaryimage"},"thumbnailUrl":"https:\/\/www.cidademarketing.com.br\/marketing\/wp-content\/uploads\/2023\/06\/premioradiomec.jpg","datePublished":"2023-06-30T14:00:23+00:00","breadcrumb":{"@id":"https:\/\/www.cidademarketing.com.br\/marketing\/2023\/06\/30\/inscricoes-para-o-premio-radio-mec-100-anos-encerram-hoje\/#breadcrumb"},"inLanguage":"pt-BR","potentialAction":[{"@type":"ReadAction","target":["https:\/\/www.cidademarketing.com.br\/marketing\/2023\/06\/30\/inscricoes-para-o-premio-radio-mec-100-anos-encerram-hoje\/"]}]},{"@type":"ImageObject","inLanguage":"pt-BR","@id":"https:\/\/www.cidademarketing.com.br\/marketing\/2023\/06\/30\/inscricoes-para-o-premio-radio-mec-100-anos-encerram-hoje\/#primaryimage","url":"https:\/\/www.cidademarketing.com.br\/marketing\/wp-content\/uploads\/2023\/06\/premioradiomec.jpg","contentUrl":"https:\/\/www.cidademarketing.com.br\/marketing\/wp-content\/uploads\/2023\/06\/premioradiomec.jpg","width":460,"height":229,"caption":"Divulga\u00e7\u00e3o Pr\u00eamio R\u00e1dio MEC 100 Anos"},{"@type":"BreadcrumbList","@id":"https:\/\/www.cidademarketing.com.br\/marketing\/2023\/06\/30\/inscricoes-para-o-premio-radio-mec-100-anos-encerram-hoje\/#breadcrumb","itemListElement":[{"@type":"ListItem","position":1,"name":"In\u00edcio","item":"https:\/\/www.cidademarketing.com.br\/marketing\/"},{"@type":"ListItem","position":2,"name":"Inscri\u00e7\u00f5es para o Pr\u00eamio R\u00e1dio MEC 100 anos encerram hoje"}]},{"@type":"WebSite","@id":"https:\/\/www.cidademarketing.com.br\/marketing\/#website","url":"https:\/\/www.cidademarketing.com.br\/marketing\/","name":"CidadeMarketing","description":"Somos um ve\u00edculo de comunica\u00e7\u00e3o de destaque no Brasil, reconhecido por conte\u00fados nos segmentos de marketing, empreendedorismo e inova\u00e7\u00e3o.","publisher":{"@id":"https:\/\/www.cidademarketing.com.br\/marketing\/#organization"},"alternateName":"CidadeMarketing","potentialAction":[{"@type":"SearchAction","target":{"@type":"EntryPoint","urlTemplate":"https:\/\/www.cidademarketing.com.br\/marketing\/?s={search_term_string}"},"query-input":{"@type":"PropertyValueSpecification","valueRequired":true,"valueName":"search_term_string"}}],"inLanguage":"pt-BR"},{"@type":"Organization","@id":"https:\/\/www.cidademarketing.com.br\/marketing\/#organization","name":"CidadeMarketing","alternateName":"CidadeMarketing","url":"https:\/\/www.cidademarketing.com.br\/marketing\/","logo":{"@type":"ImageObject","inLanguage":"pt-BR","@id":"https:\/\/www.cidademarketing.com.br\/marketing\/#\/schema\/logo\/image\/","url":"https:\/\/www.cidademarketing.com.br\/marketing\/wp-content\/uploads\/2020\/01\/cidademarketing_marca_mobile.png","contentUrl":"https:\/\/www.cidademarketing.com.br\/marketing\/wp-content\/uploads\/2020\/01\/cidademarketing_marca_mobile.png","width":230,"height":92,"caption":"CidadeMarketing"},"image":{"@id":"https:\/\/www.cidademarketing.com.br\/marketing\/#\/schema\/logo\/image\/"},"sameAs":["https:\/\/www.facebook.com\/portalcidademarketing","https:\/\/x.com\/CidadeMarketing","https:\/\/www.instagram.com\/cidademarketing\/"]},{"@type":"Person","@id":"https:\/\/www.cidademarketing.com.br\/marketing\/#\/schema\/person\/02daff9f18bd9378c9e01eb6b2db155f","name":"Thales Brand\u00e3o","image":{"@type":"ImageObject","inLanguage":"pt-BR","@id":"https:\/\/secure.gravatar.com\/avatar\/7ca3206950207cc3cb48feec56a8a7898741ab725c368d99d5d7a5a50aab80c6?s=96&d=mm&r=g","url":"https:\/\/secure.gravatar.com\/avatar\/7ca3206950207cc3cb48feec56a8a7898741ab725c368d99d5d7a5a50aab80c6?s=96&d=mm&r=g","contentUrl":"https:\/\/secure.gravatar.com\/avatar\/7ca3206950207cc3cb48feec56a8a7898741ab725c368d99d5d7a5a50aab80c6?s=96&d=mm&r=g","caption":"Thales Brand\u00e3o"},"description":"Editor Executivo do Portal CidadeMarketing.com.br &gt; Mestre em Comunica\u00e7\u00e3o e Sociedade pela Universidade Federal de Sergipe. Possui MBA Executivo em Administra\u00e7\u00e3o com \u00eanfase em Marketing pela Funda\u00e7\u00e3o Get\u00falio Vargas - Rio de Janeiro. Consultor, Palestrante e Pesquisador sobre Empreendedorismo, Marketing, Redes Sociais e Neg\u00f3cios Digitais. Professor, Palestrante TedxTalks e Campus Party. Twitter: @ThalesBrandao","sameAs":["http:\/\/www.mandacaru.com.br","https:\/\/www.facebook.com\/thalesbrandao","http:\/\/www.instagram.com.br\/thalesbrandaoferreira","https:\/\/www.linkedin.com\/in\/thales-brand\u00e3o-3948609\/","https:\/\/x.com\/http:\/\/www.twitter.com\/thalesbrandao"],"url":"https:\/\/www.cidademarketing.com.br\/marketing\/author\/thalesbrandao\/"}]}},"amp_enabled":true,"_links":{"self":[{"href":"https:\/\/www.cidademarketing.com.br\/marketing\/wp-json\/wp\/v2\/posts\/45795","targetHints":{"allow":["GET"]}}],"collection":[{"href":"https:\/\/www.cidademarketing.com.br\/marketing\/wp-json\/wp\/v2\/posts"}],"about":[{"href":"https:\/\/www.cidademarketing.com.br\/marketing\/wp-json\/wp\/v2\/types\/post"}],"author":[{"embeddable":true,"href":"https:\/\/www.cidademarketing.com.br\/marketing\/wp-json\/wp\/v2\/users\/1"}],"replies":[{"embeddable":true,"href":"https:\/\/www.cidademarketing.com.br\/marketing\/wp-json\/wp\/v2\/comments?post=45795"}],"version-history":[{"count":1,"href":"https:\/\/www.cidademarketing.com.br\/marketing\/wp-json\/wp\/v2\/posts\/45795\/revisions"}],"predecessor-version":[{"id":45797,"href":"https:\/\/www.cidademarketing.com.br\/marketing\/wp-json\/wp\/v2\/posts\/45795\/revisions\/45797"}],"wp:featuredmedia":[{"embeddable":true,"href":"https:\/\/www.cidademarketing.com.br\/marketing\/wp-json\/wp\/v2\/media\/45796"}],"wp:attachment":[{"href":"https:\/\/www.cidademarketing.com.br\/marketing\/wp-json\/wp\/v2\/media?parent=45795"}],"wp:term":[{"taxonomy":"category","embeddable":true,"href":"https:\/\/www.cidademarketing.com.br\/marketing\/wp-json\/wp\/v2\/categories?post=45795"},{"taxonomy":"post_tag","embeddable":true,"href":"https:\/\/www.cidademarketing.com.br\/marketing\/wp-json\/wp\/v2\/tags?post=45795"}],"curies":[{"name":"wp","href":"https:\/\/api.w.org\/{rel}","templated":true}]}}