{"id":45789,"date":"2023-06-29T14:34:49","date_gmt":"2023-06-29T17:34:49","guid":{"rendered":"https:\/\/www.cidademarketing.com.br\/marketing\/?p=45789"},"modified":"2023-06-29T14:34:49","modified_gmt":"2023-06-29T17:34:49","slug":"tim-lanca-musicas-de-acolhimento-com-a-voz-de-ana-vilela-criadas-por-inteligencia-artificial-no-mes-do-orgulho-lgbtqiap","status":"publish","type":"post","link":"https:\/\/www.cidademarketing.com.br\/marketing\/2023\/06\/29\/tim-lanca-musicas-de-acolhimento-com-a-voz-de-ana-vilela-criadas-por-inteligencia-artificial-no-mes-do-orgulho-lgbtqiap\/","title":{"rendered":"TIM lan\u00e7a m\u00fasicas de acolhimento com a voz de Ana Vilela, criadas por intelig\u00eancia artificial, no m\u00eas do Orgulho LGBTQIAP+"},"content":{"rendered":"<p>Com o objetivo de acolher e dar voz a hist\u00f3rias de pessoas LGBTQIAP+, a TIM escolheu o m\u00eas de junho, per\u00edodo em que se celebra essa comunidade, para lan\u00e7ar sua nova ferramenta de intelig\u00eancia artificial. Em parceria com a ag\u00eancia BETC HAVAS, a TIM traz ao ar a campanha Acolher IA, uma plataforma que transforma hist\u00f3rias reais de orgulho em m\u00fasicas originais e inspiradoras.<\/p>\n<p><a href=\"https:\/\/www.cidademarketing.com.br\/marketing\/sua-marca-vai-virar-noticia\/\" target=\"_blank\" rel=\"noopener\"><img fetchpriority=\"high\" decoding=\"async\" class=\"wp-image-44329 aligncenter\" src=\"https:\/\/www.cidademarketing.com.br\/marketing\/wp-content\/uploads\/2023\/04\/cidademarketing_backlinks_marketingdigital_publieditorial_.png\" alt=\"\" width=\"500\" height=\"500\" \/><\/a><br \/>\nA iniciativa ter\u00e1 como base a can\u00e7\u00e3o in\u00e9dita \u201cAflora\u201d, composta por Ana Vilela para seu mais novo \u00e1lbum, \u201cMelhor que Ontem\u201d &#8211; a letra, segundo a artista, \u00e9 como uma carta para ela mesma no passado, uma adolescente homossexual dentro de uma fam\u00edlia extremamente conservadora e cat\u00f3lica. A ideia \u00e9 expandir essa mensagem para que alcance muito mais pessoas e de forma personalizada.<\/p>\n<p>A ferramenta est\u00e1 dispon\u00edvel a partir de hoje (28\/06) na p\u00e1gina desenvolvida para a a\u00e7\u00e3o (acolheria.com.br), onde o usu\u00e1rio poder\u00e1 contar um pouco sobre sua hist\u00f3ria e realidade como parte da comunidade LGBTQIAP+, e ao final, receber sua pr\u00f3pria m\u00fasica. A can\u00e7\u00e3o fica por conta da cantora Ana Vilela que, atrav\u00e9s da Intelig\u00eancia Artificial, emprestar\u00e1 sua voz para ser o principal instrumento de inspira\u00e7\u00e3o e acolhimento de milhares de pessoas, celebrando a narrativa.<\/p>\n<p>A campanha tem foco em redes sociais. Al\u00e9m da artista, a marca montou uma robusta estrat\u00e9gia junto do seu time de creators LGBTQIAP+ do Instagram, TikTok e Twitter. Rapha Vicente e Diva Depress\u00e3o, embaixadores da TIM, foram os primeiros a usarem a ferramenta, contarem suas hist\u00f3rias e receberem suas m\u00fasicas criadas pela ACOLHER IA.<\/p>\n<p><iframe title=\"Spotify Embed: Podcast CidadeMarketing\" style=\"border-radius: 12px\" width=\"100%\" height=\"152\" frameborder=\"0\" allowfullscreen allow=\"autoplay; clipboard-write; encrypted-media; fullscreen; picture-in-picture\" loading=\"lazy\" src=\"https:\/\/open.spotify.com\/embed\/show\/4khMKzP3FgFRWVwb73xicc?si=252fe5bff2b34909&#038;utm_source=oembed\"><\/iframe><\/p>\n<p>&nbsp;<\/p>\n<p>E quem se une a eles \u00e9 um extenso time de creators do Twitter, que possui relacionamento com a marca j\u00e1 de outras campanhas e destacam-se na internet pelo forte engajamento e identifica\u00e7\u00e3o que t\u00eam com seus p\u00fablicos. \u201cA intelig\u00eancia artificial est\u00e1 cada vez mais presente no nosso cotidiano, ent\u00e3o porque n\u00e3o nos aliarmos a ela para produzirmos conte\u00fados que levem amor e conforto \u00e0s pessoas? Usamos a IA para criarmos milhares de possibilidades de acolhimento, abra\u00e7ando diferentes hist\u00f3rias e permitindo que elas sejam compartilhadas por a\u00ed, quem sabe n\u00e3o atingindo outra pessoa que tamb\u00e9m esteja passando por situa\u00e7\u00e3o parecida e precise de um conforto\u201d, complementa Daniela Lima, Diretora de Cria\u00e7\u00e3o e Conte\u00fado da BETC Havas.<\/p>\n<div style=\"width: 640px;\" class=\"wp-video\"><video class=\"wp-video-shortcode\" id=\"video-45789-1\" width=\"640\" height=\"360\" preload=\"metadata\" controls=\"controls\"><source type=\"video\/mp4\" src=\"https:\/\/www.cidademarketing.com.br\/marketing\/wp-content\/uploads\/2023\/06\/AcolherIA_v4.mp4?_=1\" \/><a href=\"https:\/\/www.cidademarketing.com.br\/marketing\/wp-content\/uploads\/2023\/06\/AcolherIA_v4.mp4\">https:\/\/www.cidademarketing.com.br\/marketing\/wp-content\/uploads\/2023\/06\/AcolherIA_v4.mp4<\/a><\/video><\/div>\n<p>Ficha T\u00e9cnica:<br \/>\nAg\u00eancia: BETC HAVAS<br \/>\nAnunciante: TIM<br \/>\nCCO: Erh Ray<br \/>\nVP de Cria\u00e7\u00e3o: Marcelo Bruzzesi<br \/>\nDiretor de Cria\u00e7\u00e3o: Alexandre Fernandes e Daniela Lima<br \/>\nDiretor de Cria\u00e7\u00e3o Associado: Daniel Paulos Brito<br \/>\nDiretor de Tecnologia: Victor Hugo Odo<br \/>\nHead de Design de Produto: Jessica Arruda<br \/>\nUX\/UI: Fabio Daniel, Luane Arruda, Thiago Marcondes Marques<br \/>\nDiretor de projetos especiais: Caio Rodrigues<br \/>\nProdutora de projetos especiais: Cindy Cardoso<br \/>\nGerente de Projetos: Guilherme Grativol<br \/>\nCria\u00e7\u00e3o: Alexandre Fernandes, Daniela Lima, Daniel Paulos Brito, Bernardo Rego, Pedro Lenz, Marilia Cotrim, Breno Cibelli, Leonardo Almeida, Fernanda Bravo e Jo\u00e3o Lage.<br \/>\nMarcas &amp; Neg\u00f3cios: Flavia Braga, Bruno Lira, Erica Barreiros, Fabiana Barros, Loriene \u00c1vila e B\u00e1rbara Passos<br \/>\nListening: Flavia Braga, Gustavo Ortiz, Caio Leao<br \/>\nM\u00eddia: Carol Esposito, Ana Vieira, Camila Luna, Larissa Calixto e Jo\u00e3o Rocha<br \/>\nClientes respons\u00e1veis: F\u00e1bio Avellar, Carolinne Spiegel, Ana Carolina Abess, Clara Garcia, Eduarda Tavares, Elmer Dias, Barbara David, Leticia Porfirio, Isabella Gon\u00e7alves<br \/>\nEmpresa desenvolvedora: Plug Tecnologia<\/p>\n","protected":false},"excerpt":{"rendered":"<p>Com o objetivo de acolher e dar voz a hist\u00f3rias de pessoas LGBTQIAP+, a TIM escolheu o m\u00eas de junho, per\u00edodo em que se celebra essa comunidade, para lan\u00e7ar sua nova ferramenta de intelig\u00eancia artificial. Em parceria com a ag\u00eancia BETC HAVAS, a TIM traz ao ar a campanha Acolher IA, uma plataforma que transforma [&hellip;]<\/p>\n","protected":false},"author":1,"featured_media":45793,"comment_status":"open","ping_status":"open","sticky":false,"template":"","format":"standard","meta":{"tdm_status":"","tdm_grid_status":"","footnotes":""},"categories":[14],"tags":[65,1124,33,5371,28,683],"class_list":["post-45789","post","type-post","status-publish","format-standard","has-post-thumbnail","hentry","category-videos","tag-campanha","tag-diversidade","tag-estrategia","tag-lgbtqiap","tag-marketing","tag-tim"],"yoast_head":"<!-- This site is optimized with the Yoast SEO plugin v27.4 - https:\/\/yoast.com\/product\/yoast-seo-wordpress\/ -->\n<title>TIM lan\u00e7a m\u00fasicas de acolhimento com a voz de Ana Vilela, criadas por intelig\u00eancia artificial, no m\u00eas do Orgulho LGBTQIAP+ - CidadeMarketing<\/title>\n<meta name=\"robots\" content=\"index, follow, max-snippet:-1, max-image-preview:large, max-video-preview:-1\" \/>\n<link rel=\"canonical\" href=\"https:\/\/www.cidademarketing.com.br\/marketing\/2023\/06\/29\/tim-lanca-musicas-de-acolhimento-com-a-voz-de-ana-vilela-criadas-por-inteligencia-artificial-no-mes-do-orgulho-lgbtqiap\/\" \/>\n<meta property=\"og:locale\" content=\"pt_BR\" \/>\n<meta property=\"og:type\" content=\"article\" \/>\n<meta property=\"og:title\" content=\"TIM lan\u00e7a m\u00fasicas de acolhimento com a voz de Ana Vilela, criadas por intelig\u00eancia artificial, no m\u00eas do Orgulho LGBTQIAP+ - CidadeMarketing\" \/>\n<meta property=\"og:description\" content=\"Com o objetivo de acolher e dar voz a hist\u00f3rias de pessoas LGBTQIAP+, a TIM escolheu o m\u00eas de junho, per\u00edodo em que se celebra essa comunidade, para lan\u00e7ar sua nova ferramenta de intelig\u00eancia artificial. Em parceria com a ag\u00eancia BETC HAVAS, a TIM traz ao ar a campanha Acolher IA, uma plataforma que transforma [&hellip;]\" \/>\n<meta property=\"og:url\" content=\"https:\/\/www.cidademarketing.com.br\/marketing\/2023\/06\/29\/tim-lanca-musicas-de-acolhimento-com-a-voz-de-ana-vilela-criadas-por-inteligencia-artificial-no-mes-do-orgulho-lgbtqiap\/\" \/>\n<meta property=\"og:site_name\" content=\"CidadeMarketing\" \/>\n<meta property=\"article:publisher\" content=\"https:\/\/www.facebook.com\/portalcidademarketing\" \/>\n<meta property=\"article:author\" content=\"https:\/\/www.facebook.com\/thalesbrandao\" \/>\n<meta property=\"article:published_time\" content=\"2023-06-29T17:34:49+00:00\" \/>\n<meta property=\"og:image\" content=\"https:\/\/www.cidademarketing.com.br\/marketing\/wp-content\/uploads\/2023\/06\/tim_diversidade.png\" \/>\n\t<meta property=\"og:image:width\" content=\"1500\" \/>\n\t<meta property=\"og:image:height\" content=\"500\" \/>\n\t<meta property=\"og:image:type\" content=\"image\/png\" \/>\n<meta name=\"author\" content=\"Thales Brand\u00e3o\" \/>\n<meta name=\"twitter:card\" content=\"summary_large_image\" \/>\n<meta name=\"twitter:creator\" content=\"@http:\/\/www.twitter.com\/thalesbrandao\" \/>\n<meta name=\"twitter:site\" content=\"@CidadeMarketing\" \/>\n<meta name=\"twitter:label1\" content=\"Escrito por\" \/>\n\t<meta name=\"twitter:data1\" content=\"Thales Brand\u00e3o\" \/>\n\t<meta name=\"twitter:label2\" content=\"Est. tempo de leitura\" \/>\n\t<meta name=\"twitter:data2\" content=\"3 minutos\" \/>\n<script type=\"application\/ld+json\" class=\"yoast-schema-graph\">{\"@context\":\"https:\\\/\\\/schema.org\",\"@graph\":[{\"@type\":\"Article\",\"@id\":\"https:\\\/\\\/www.cidademarketing.com.br\\\/marketing\\\/2023\\\/06\\\/29\\\/tim-lanca-musicas-de-acolhimento-com-a-voz-de-ana-vilela-criadas-por-inteligencia-artificial-no-mes-do-orgulho-lgbtqiap\\\/#article\",\"isPartOf\":{\"@id\":\"https:\\\/\\\/www.cidademarketing.com.br\\\/marketing\\\/2023\\\/06\\\/29\\\/tim-lanca-musicas-de-acolhimento-com-a-voz-de-ana-vilela-criadas-por-inteligencia-artificial-no-mes-do-orgulho-lgbtqiap\\\/\"},\"author\":{\"name\":\"Thales Brand\u00e3o\",\"@id\":\"https:\\\/\\\/www.cidademarketing.com.br\\\/marketing\\\/#\\\/schema\\\/person\\\/02daff9f18bd9378c9e01eb6b2db155f\"},\"headline\":\"TIM lan\u00e7a m\u00fasicas de acolhimento com a voz de Ana Vilela, criadas por intelig\u00eancia artificial, no m\u00eas do Orgulho LGBTQIAP+\",\"datePublished\":\"2023-06-29T17:34:49+00:00\",\"mainEntityOfPage\":{\"@id\":\"https:\\\/\\\/www.cidademarketing.com.br\\\/marketing\\\/2023\\\/06\\\/29\\\/tim-lanca-musicas-de-acolhimento-com-a-voz-de-ana-vilela-criadas-por-inteligencia-artificial-no-mes-do-orgulho-lgbtqiap\\\/\"},\"wordCount\":631,\"commentCount\":0,\"publisher\":{\"@id\":\"https:\\\/\\\/www.cidademarketing.com.br\\\/marketing\\\/#organization\"},\"image\":{\"@id\":\"https:\\\/\\\/www.cidademarketing.com.br\\\/marketing\\\/2023\\\/06\\\/29\\\/tim-lanca-musicas-de-acolhimento-com-a-voz-de-ana-vilela-criadas-por-inteligencia-artificial-no-mes-do-orgulho-lgbtqiap\\\/#primaryimage\"},\"thumbnailUrl\":\"https:\\\/\\\/www.cidademarketing.com.br\\\/marketing\\\/wp-content\\\/uploads\\\/2023\\\/06\\\/tim_diversidade.png\",\"keywords\":[\"campanha\",\"diversidade\",\"estrat\u00e9gia\",\"LGBTQIAP+\",\"marketing\",\"Tim\"],\"articleSection\":[\"Videos\"],\"inLanguage\":\"pt-BR\",\"potentialAction\":[{\"@type\":\"CommentAction\",\"name\":\"Comment\",\"target\":[\"https:\\\/\\\/www.cidademarketing.com.br\\\/marketing\\\/2023\\\/06\\\/29\\\/tim-lanca-musicas-de-acolhimento-com-a-voz-de-ana-vilela-criadas-por-inteligencia-artificial-no-mes-do-orgulho-lgbtqiap\\\/#respond\"]}]},{\"@type\":\"WebPage\",\"@id\":\"https:\\\/\\\/www.cidademarketing.com.br\\\/marketing\\\/2023\\\/06\\\/29\\\/tim-lanca-musicas-de-acolhimento-com-a-voz-de-ana-vilela-criadas-por-inteligencia-artificial-no-mes-do-orgulho-lgbtqiap\\\/\",\"url\":\"https:\\\/\\\/www.cidademarketing.com.br\\\/marketing\\\/2023\\\/06\\\/29\\\/tim-lanca-musicas-de-acolhimento-com-a-voz-de-ana-vilela-criadas-por-inteligencia-artificial-no-mes-do-orgulho-lgbtqiap\\\/\",\"name\":\"TIM lan\u00e7a m\u00fasicas de acolhimento com a voz de Ana Vilela, criadas por intelig\u00eancia artificial, no m\u00eas do Orgulho LGBTQIAP+ - CidadeMarketing\",\"isPartOf\":{\"@id\":\"https:\\\/\\\/www.cidademarketing.com.br\\\/marketing\\\/#website\"},\"primaryImageOfPage\":{\"@id\":\"https:\\\/\\\/www.cidademarketing.com.br\\\/marketing\\\/2023\\\/06\\\/29\\\/tim-lanca-musicas-de-acolhimento-com-a-voz-de-ana-vilela-criadas-por-inteligencia-artificial-no-mes-do-orgulho-lgbtqiap\\\/#primaryimage\"},\"image\":{\"@id\":\"https:\\\/\\\/www.cidademarketing.com.br\\\/marketing\\\/2023\\\/06\\\/29\\\/tim-lanca-musicas-de-acolhimento-com-a-voz-de-ana-vilela-criadas-por-inteligencia-artificial-no-mes-do-orgulho-lgbtqiap\\\/#primaryimage\"},\"thumbnailUrl\":\"https:\\\/\\\/www.cidademarketing.com.br\\\/marketing\\\/wp-content\\\/uploads\\\/2023\\\/06\\\/tim_diversidade.png\",\"datePublished\":\"2023-06-29T17:34:49+00:00\",\"breadcrumb\":{\"@id\":\"https:\\\/\\\/www.cidademarketing.com.br\\\/marketing\\\/2023\\\/06\\\/29\\\/tim-lanca-musicas-de-acolhimento-com-a-voz-de-ana-vilela-criadas-por-inteligencia-artificial-no-mes-do-orgulho-lgbtqiap\\\/#breadcrumb\"},\"inLanguage\":\"pt-BR\",\"potentialAction\":[{\"@type\":\"ReadAction\",\"target\":[\"https:\\\/\\\/www.cidademarketing.com.br\\\/marketing\\\/2023\\\/06\\\/29\\\/tim-lanca-musicas-de-acolhimento-com-a-voz-de-ana-vilela-criadas-por-inteligencia-artificial-no-mes-do-orgulho-lgbtqiap\\\/\"]}]},{\"@type\":\"ImageObject\",\"inLanguage\":\"pt-BR\",\"@id\":\"https:\\\/\\\/www.cidademarketing.com.br\\\/marketing\\\/2023\\\/06\\\/29\\\/tim-lanca-musicas-de-acolhimento-com-a-voz-de-ana-vilela-criadas-por-inteligencia-artificial-no-mes-do-orgulho-lgbtqiap\\\/#primaryimage\",\"url\":\"https:\\\/\\\/www.cidademarketing.com.br\\\/marketing\\\/wp-content\\\/uploads\\\/2023\\\/06\\\/tim_diversidade.png\",\"contentUrl\":\"https:\\\/\\\/www.cidademarketing.com.br\\\/marketing\\\/wp-content\\\/uploads\\\/2023\\\/06\\\/tim_diversidade.png\",\"width\":1500,\"height\":500},{\"@type\":\"BreadcrumbList\",\"@id\":\"https:\\\/\\\/www.cidademarketing.com.br\\\/marketing\\\/2023\\\/06\\\/29\\\/tim-lanca-musicas-de-acolhimento-com-a-voz-de-ana-vilela-criadas-por-inteligencia-artificial-no-mes-do-orgulho-lgbtqiap\\\/#breadcrumb\",\"itemListElement\":[{\"@type\":\"ListItem\",\"position\":1,\"name\":\"In\u00edcio\",\"item\":\"https:\\\/\\\/www.cidademarketing.com.br\\\/marketing\\\/\"},{\"@type\":\"ListItem\",\"position\":2,\"name\":\"TIM lan\u00e7a m\u00fasicas de acolhimento com a voz de Ana Vilela, criadas por intelig\u00eancia artificial, no m\u00eas do Orgulho LGBTQIAP+\"}]},{\"@type\":\"WebSite\",\"@id\":\"https:\\\/\\\/www.cidademarketing.com.br\\\/marketing\\\/#website\",\"url\":\"https:\\\/\\\/www.cidademarketing.com.br\\\/marketing\\\/\",\"name\":\"CidadeMarketing\",\"description\":\"Somos um ve\u00edculo de comunica\u00e7\u00e3o de destaque no Brasil, reconhecido por conte\u00fados nos segmentos de marketing, empreendedorismo e inova\u00e7\u00e3o.\",\"publisher\":{\"@id\":\"https:\\\/\\\/www.cidademarketing.com.br\\\/marketing\\\/#organization\"},\"alternateName\":\"CidadeMarketing\",\"potentialAction\":[{\"@type\":\"SearchAction\",\"target\":{\"@type\":\"EntryPoint\",\"urlTemplate\":\"https:\\\/\\\/www.cidademarketing.com.br\\\/marketing\\\/?s={search_term_string}\"},\"query-input\":{\"@type\":\"PropertyValueSpecification\",\"valueRequired\":true,\"valueName\":\"search_term_string\"}}],\"inLanguage\":\"pt-BR\"},{\"@type\":\"Organization\",\"@id\":\"https:\\\/\\\/www.cidademarketing.com.br\\\/marketing\\\/#organization\",\"name\":\"CidadeMarketing\",\"alternateName\":\"CidadeMarketing\",\"url\":\"https:\\\/\\\/www.cidademarketing.com.br\\\/marketing\\\/\",\"logo\":{\"@type\":\"ImageObject\",\"inLanguage\":\"pt-BR\",\"@id\":\"https:\\\/\\\/www.cidademarketing.com.br\\\/marketing\\\/#\\\/schema\\\/logo\\\/image\\\/\",\"url\":\"https:\\\/\\\/www.cidademarketing.com.br\\\/marketing\\\/wp-content\\\/uploads\\\/2020\\\/01\\\/cidademarketing_marca_mobile.png\",\"contentUrl\":\"https:\\\/\\\/www.cidademarketing.com.br\\\/marketing\\\/wp-content\\\/uploads\\\/2020\\\/01\\\/cidademarketing_marca_mobile.png\",\"width\":230,\"height\":92,\"caption\":\"CidadeMarketing\"},\"image\":{\"@id\":\"https:\\\/\\\/www.cidademarketing.com.br\\\/marketing\\\/#\\\/schema\\\/logo\\\/image\\\/\"},\"sameAs\":[\"https:\\\/\\\/www.facebook.com\\\/portalcidademarketing\",\"https:\\\/\\\/x.com\\\/CidadeMarketing\",\"https:\\\/\\\/www.instagram.com\\\/cidademarketing\\\/\"]},{\"@type\":\"Person\",\"@id\":\"https:\\\/\\\/www.cidademarketing.com.br\\\/marketing\\\/#\\\/schema\\\/person\\\/02daff9f18bd9378c9e01eb6b2db155f\",\"name\":\"Thales Brand\u00e3o\",\"image\":{\"@type\":\"ImageObject\",\"inLanguage\":\"pt-BR\",\"@id\":\"https:\\\/\\\/secure.gravatar.com\\\/avatar\\\/7ca3206950207cc3cb48feec56a8a7898741ab725c368d99d5d7a5a50aab80c6?s=96&d=mm&r=g\",\"url\":\"https:\\\/\\\/secure.gravatar.com\\\/avatar\\\/7ca3206950207cc3cb48feec56a8a7898741ab725c368d99d5d7a5a50aab80c6?s=96&d=mm&r=g\",\"contentUrl\":\"https:\\\/\\\/secure.gravatar.com\\\/avatar\\\/7ca3206950207cc3cb48feec56a8a7898741ab725c368d99d5d7a5a50aab80c6?s=96&d=mm&r=g\",\"caption\":\"Thales Brand\u00e3o\"},\"description\":\"Editor Executivo do Portal CidadeMarketing.com.br &gt; Mestre em Comunica\u00e7\u00e3o e Sociedade pela Universidade Federal de Sergipe. Possui MBA Executivo em Administra\u00e7\u00e3o com \u00eanfase em Marketing pela Funda\u00e7\u00e3o Get\u00falio Vargas - Rio de Janeiro. Consultor, Palestrante e Pesquisador sobre Empreendedorismo, Marketing, Redes Sociais e Neg\u00f3cios Digitais. Professor, Palestrante TedxTalks e Campus Party. Twitter: @ThalesBrandao\",\"sameAs\":[\"http:\\\/\\\/www.mandacaru.com.br\",\"https:\\\/\\\/www.facebook.com\\\/thalesbrandao\",\"http:\\\/\\\/www.instagram.com.br\\\/thalesbrandaoferreira\",\"https:\\\/\\\/www.linkedin.com\\\/in\\\/thales-brand\u00e3o-3948609\\\/\",\"https:\\\/\\\/x.com\\\/http:\\\/\\\/www.twitter.com\\\/thalesbrandao\"],\"url\":\"https:\\\/\\\/www.cidademarketing.com.br\\\/marketing\\\/author\\\/thalesbrandao\\\/\"}]}<\/script>\n<!-- \/ Yoast SEO plugin. -->","yoast_head_json":{"title":"TIM lan\u00e7a m\u00fasicas de acolhimento com a voz de Ana Vilela, criadas por intelig\u00eancia artificial, no m\u00eas do Orgulho LGBTQIAP+ - CidadeMarketing","robots":{"index":"index","follow":"follow","max-snippet":"max-snippet:-1","max-image-preview":"max-image-preview:large","max-video-preview":"max-video-preview:-1"},"canonical":"https:\/\/www.cidademarketing.com.br\/marketing\/2023\/06\/29\/tim-lanca-musicas-de-acolhimento-com-a-voz-de-ana-vilela-criadas-por-inteligencia-artificial-no-mes-do-orgulho-lgbtqiap\/","og_locale":"pt_BR","og_type":"article","og_title":"TIM lan\u00e7a m\u00fasicas de acolhimento com a voz de Ana Vilela, criadas por intelig\u00eancia artificial, no m\u00eas do Orgulho LGBTQIAP+ - CidadeMarketing","og_description":"Com o objetivo de acolher e dar voz a hist\u00f3rias de pessoas LGBTQIAP+, a TIM escolheu o m\u00eas de junho, per\u00edodo em que se celebra essa comunidade, para lan\u00e7ar sua nova ferramenta de intelig\u00eancia artificial. Em parceria com a ag\u00eancia BETC HAVAS, a TIM traz ao ar a campanha Acolher IA, uma plataforma que transforma [&hellip;]","og_url":"https:\/\/www.cidademarketing.com.br\/marketing\/2023\/06\/29\/tim-lanca-musicas-de-acolhimento-com-a-voz-de-ana-vilela-criadas-por-inteligencia-artificial-no-mes-do-orgulho-lgbtqiap\/","og_site_name":"CidadeMarketing","article_publisher":"https:\/\/www.facebook.com\/portalcidademarketing","article_author":"https:\/\/www.facebook.com\/thalesbrandao","article_published_time":"2023-06-29T17:34:49+00:00","og_image":[{"width":1500,"height":500,"url":"https:\/\/www.cidademarketing.com.br\/marketing\/wp-content\/uploads\/2023\/06\/tim_diversidade.png","type":"image\/png"}],"author":"Thales Brand\u00e3o","twitter_card":"summary_large_image","twitter_creator":"@http:\/\/www.twitter.com\/thalesbrandao","twitter_site":"@CidadeMarketing","twitter_misc":{"Escrito por":"Thales Brand\u00e3o","Est. tempo de leitura":"3 minutos"},"schema":{"@context":"https:\/\/schema.org","@graph":[{"@type":"Article","@id":"https:\/\/www.cidademarketing.com.br\/marketing\/2023\/06\/29\/tim-lanca-musicas-de-acolhimento-com-a-voz-de-ana-vilela-criadas-por-inteligencia-artificial-no-mes-do-orgulho-lgbtqiap\/#article","isPartOf":{"@id":"https:\/\/www.cidademarketing.com.br\/marketing\/2023\/06\/29\/tim-lanca-musicas-de-acolhimento-com-a-voz-de-ana-vilela-criadas-por-inteligencia-artificial-no-mes-do-orgulho-lgbtqiap\/"},"author":{"name":"Thales Brand\u00e3o","@id":"https:\/\/www.cidademarketing.com.br\/marketing\/#\/schema\/person\/02daff9f18bd9378c9e01eb6b2db155f"},"headline":"TIM lan\u00e7a m\u00fasicas de acolhimento com a voz de Ana Vilela, criadas por intelig\u00eancia artificial, no m\u00eas do Orgulho LGBTQIAP+","datePublished":"2023-06-29T17:34:49+00:00","mainEntityOfPage":{"@id":"https:\/\/www.cidademarketing.com.br\/marketing\/2023\/06\/29\/tim-lanca-musicas-de-acolhimento-com-a-voz-de-ana-vilela-criadas-por-inteligencia-artificial-no-mes-do-orgulho-lgbtqiap\/"},"wordCount":631,"commentCount":0,"publisher":{"@id":"https:\/\/www.cidademarketing.com.br\/marketing\/#organization"},"image":{"@id":"https:\/\/www.cidademarketing.com.br\/marketing\/2023\/06\/29\/tim-lanca-musicas-de-acolhimento-com-a-voz-de-ana-vilela-criadas-por-inteligencia-artificial-no-mes-do-orgulho-lgbtqiap\/#primaryimage"},"thumbnailUrl":"https:\/\/www.cidademarketing.com.br\/marketing\/wp-content\/uploads\/2023\/06\/tim_diversidade.png","keywords":["campanha","diversidade","estrat\u00e9gia","LGBTQIAP+","marketing","Tim"],"articleSection":["Videos"],"inLanguage":"pt-BR","potentialAction":[{"@type":"CommentAction","name":"Comment","target":["https:\/\/www.cidademarketing.com.br\/marketing\/2023\/06\/29\/tim-lanca-musicas-de-acolhimento-com-a-voz-de-ana-vilela-criadas-por-inteligencia-artificial-no-mes-do-orgulho-lgbtqiap\/#respond"]}]},{"@type":"WebPage","@id":"https:\/\/www.cidademarketing.com.br\/marketing\/2023\/06\/29\/tim-lanca-musicas-de-acolhimento-com-a-voz-de-ana-vilela-criadas-por-inteligencia-artificial-no-mes-do-orgulho-lgbtqiap\/","url":"https:\/\/www.cidademarketing.com.br\/marketing\/2023\/06\/29\/tim-lanca-musicas-de-acolhimento-com-a-voz-de-ana-vilela-criadas-por-inteligencia-artificial-no-mes-do-orgulho-lgbtqiap\/","name":"TIM lan\u00e7a m\u00fasicas de acolhimento com a voz de Ana Vilela, criadas por intelig\u00eancia artificial, no m\u00eas do Orgulho LGBTQIAP+ - CidadeMarketing","isPartOf":{"@id":"https:\/\/www.cidademarketing.com.br\/marketing\/#website"},"primaryImageOfPage":{"@id":"https:\/\/www.cidademarketing.com.br\/marketing\/2023\/06\/29\/tim-lanca-musicas-de-acolhimento-com-a-voz-de-ana-vilela-criadas-por-inteligencia-artificial-no-mes-do-orgulho-lgbtqiap\/#primaryimage"},"image":{"@id":"https:\/\/www.cidademarketing.com.br\/marketing\/2023\/06\/29\/tim-lanca-musicas-de-acolhimento-com-a-voz-de-ana-vilela-criadas-por-inteligencia-artificial-no-mes-do-orgulho-lgbtqiap\/#primaryimage"},"thumbnailUrl":"https:\/\/www.cidademarketing.com.br\/marketing\/wp-content\/uploads\/2023\/06\/tim_diversidade.png","datePublished":"2023-06-29T17:34:49+00:00","breadcrumb":{"@id":"https:\/\/www.cidademarketing.com.br\/marketing\/2023\/06\/29\/tim-lanca-musicas-de-acolhimento-com-a-voz-de-ana-vilela-criadas-por-inteligencia-artificial-no-mes-do-orgulho-lgbtqiap\/#breadcrumb"},"inLanguage":"pt-BR","potentialAction":[{"@type":"ReadAction","target":["https:\/\/www.cidademarketing.com.br\/marketing\/2023\/06\/29\/tim-lanca-musicas-de-acolhimento-com-a-voz-de-ana-vilela-criadas-por-inteligencia-artificial-no-mes-do-orgulho-lgbtqiap\/"]}]},{"@type":"ImageObject","inLanguage":"pt-BR","@id":"https:\/\/www.cidademarketing.com.br\/marketing\/2023\/06\/29\/tim-lanca-musicas-de-acolhimento-com-a-voz-de-ana-vilela-criadas-por-inteligencia-artificial-no-mes-do-orgulho-lgbtqiap\/#primaryimage","url":"https:\/\/www.cidademarketing.com.br\/marketing\/wp-content\/uploads\/2023\/06\/tim_diversidade.png","contentUrl":"https:\/\/www.cidademarketing.com.br\/marketing\/wp-content\/uploads\/2023\/06\/tim_diversidade.png","width":1500,"height":500},{"@type":"BreadcrumbList","@id":"https:\/\/www.cidademarketing.com.br\/marketing\/2023\/06\/29\/tim-lanca-musicas-de-acolhimento-com-a-voz-de-ana-vilela-criadas-por-inteligencia-artificial-no-mes-do-orgulho-lgbtqiap\/#breadcrumb","itemListElement":[{"@type":"ListItem","position":1,"name":"In\u00edcio","item":"https:\/\/www.cidademarketing.com.br\/marketing\/"},{"@type":"ListItem","position":2,"name":"TIM lan\u00e7a m\u00fasicas de acolhimento com a voz de Ana Vilela, criadas por intelig\u00eancia artificial, no m\u00eas do Orgulho LGBTQIAP+"}]},{"@type":"WebSite","@id":"https:\/\/www.cidademarketing.com.br\/marketing\/#website","url":"https:\/\/www.cidademarketing.com.br\/marketing\/","name":"CidadeMarketing","description":"Somos um ve\u00edculo de comunica\u00e7\u00e3o de destaque no Brasil, reconhecido por conte\u00fados nos segmentos de marketing, empreendedorismo e inova\u00e7\u00e3o.","publisher":{"@id":"https:\/\/www.cidademarketing.com.br\/marketing\/#organization"},"alternateName":"CidadeMarketing","potentialAction":[{"@type":"SearchAction","target":{"@type":"EntryPoint","urlTemplate":"https:\/\/www.cidademarketing.com.br\/marketing\/?s={search_term_string}"},"query-input":{"@type":"PropertyValueSpecification","valueRequired":true,"valueName":"search_term_string"}}],"inLanguage":"pt-BR"},{"@type":"Organization","@id":"https:\/\/www.cidademarketing.com.br\/marketing\/#organization","name":"CidadeMarketing","alternateName":"CidadeMarketing","url":"https:\/\/www.cidademarketing.com.br\/marketing\/","logo":{"@type":"ImageObject","inLanguage":"pt-BR","@id":"https:\/\/www.cidademarketing.com.br\/marketing\/#\/schema\/logo\/image\/","url":"https:\/\/www.cidademarketing.com.br\/marketing\/wp-content\/uploads\/2020\/01\/cidademarketing_marca_mobile.png","contentUrl":"https:\/\/www.cidademarketing.com.br\/marketing\/wp-content\/uploads\/2020\/01\/cidademarketing_marca_mobile.png","width":230,"height":92,"caption":"CidadeMarketing"},"image":{"@id":"https:\/\/www.cidademarketing.com.br\/marketing\/#\/schema\/logo\/image\/"},"sameAs":["https:\/\/www.facebook.com\/portalcidademarketing","https:\/\/x.com\/CidadeMarketing","https:\/\/www.instagram.com\/cidademarketing\/"]},{"@type":"Person","@id":"https:\/\/www.cidademarketing.com.br\/marketing\/#\/schema\/person\/02daff9f18bd9378c9e01eb6b2db155f","name":"Thales Brand\u00e3o","image":{"@type":"ImageObject","inLanguage":"pt-BR","@id":"https:\/\/secure.gravatar.com\/avatar\/7ca3206950207cc3cb48feec56a8a7898741ab725c368d99d5d7a5a50aab80c6?s=96&d=mm&r=g","url":"https:\/\/secure.gravatar.com\/avatar\/7ca3206950207cc3cb48feec56a8a7898741ab725c368d99d5d7a5a50aab80c6?s=96&d=mm&r=g","contentUrl":"https:\/\/secure.gravatar.com\/avatar\/7ca3206950207cc3cb48feec56a8a7898741ab725c368d99d5d7a5a50aab80c6?s=96&d=mm&r=g","caption":"Thales Brand\u00e3o"},"description":"Editor Executivo do Portal CidadeMarketing.com.br &gt; Mestre em Comunica\u00e7\u00e3o e Sociedade pela Universidade Federal de Sergipe. Possui MBA Executivo em Administra\u00e7\u00e3o com \u00eanfase em Marketing pela Funda\u00e7\u00e3o Get\u00falio Vargas - Rio de Janeiro. Consultor, Palestrante e Pesquisador sobre Empreendedorismo, Marketing, Redes Sociais e Neg\u00f3cios Digitais. Professor, Palestrante TedxTalks e Campus Party. Twitter: @ThalesBrandao","sameAs":["http:\/\/www.mandacaru.com.br","https:\/\/www.facebook.com\/thalesbrandao","http:\/\/www.instagram.com.br\/thalesbrandaoferreira","https:\/\/www.linkedin.com\/in\/thales-brand\u00e3o-3948609\/","https:\/\/x.com\/http:\/\/www.twitter.com\/thalesbrandao"],"url":"https:\/\/www.cidademarketing.com.br\/marketing\/author\/thalesbrandao\/"}]}},"amp_enabled":true,"_links":{"self":[{"href":"https:\/\/www.cidademarketing.com.br\/marketing\/wp-json\/wp\/v2\/posts\/45789","targetHints":{"allow":["GET"]}}],"collection":[{"href":"https:\/\/www.cidademarketing.com.br\/marketing\/wp-json\/wp\/v2\/posts"}],"about":[{"href":"https:\/\/www.cidademarketing.com.br\/marketing\/wp-json\/wp\/v2\/types\/post"}],"author":[{"embeddable":true,"href":"https:\/\/www.cidademarketing.com.br\/marketing\/wp-json\/wp\/v2\/users\/1"}],"replies":[{"embeddable":true,"href":"https:\/\/www.cidademarketing.com.br\/marketing\/wp-json\/wp\/v2\/comments?post=45789"}],"version-history":[{"count":1,"href":"https:\/\/www.cidademarketing.com.br\/marketing\/wp-json\/wp\/v2\/posts\/45789\/revisions"}],"predecessor-version":[{"id":45794,"href":"https:\/\/www.cidademarketing.com.br\/marketing\/wp-json\/wp\/v2\/posts\/45789\/revisions\/45794"}],"wp:featuredmedia":[{"embeddable":true,"href":"https:\/\/www.cidademarketing.com.br\/marketing\/wp-json\/wp\/v2\/media\/45793"}],"wp:attachment":[{"href":"https:\/\/www.cidademarketing.com.br\/marketing\/wp-json\/wp\/v2\/media?parent=45789"}],"wp:term":[{"taxonomy":"category","embeddable":true,"href":"https:\/\/www.cidademarketing.com.br\/marketing\/wp-json\/wp\/v2\/categories?post=45789"},{"taxonomy":"post_tag","embeddable":true,"href":"https:\/\/www.cidademarketing.com.br\/marketing\/wp-json\/wp\/v2\/tags?post=45789"}],"curies":[{"name":"wp","href":"https:\/\/api.w.org\/{rel}","templated":true}]}}