{"id":45782,"date":"2023-06-29T13:46:47","date_gmt":"2023-06-29T16:46:47","guid":{"rendered":"https:\/\/www.cidademarketing.com.br\/marketing\/?p=45782"},"modified":"2023-06-29T13:46:47","modified_gmt":"2023-06-29T16:46:47","slug":"plataforma-de-impacto-social-da-loreal-brasil-expande-com-escola-de-beleza-na-periferia","status":"publish","type":"post","link":"https:\/\/www.cidademarketing.com.br\/marketing\/2023\/06\/29\/plataforma-de-impacto-social-da-loreal-brasil-expande-com-escola-de-beleza-na-periferia\/","title":{"rendered":"Plataforma de impacto social da L&#8217;Or\u00e9al Brasil expande com Escola de Beleza na periferia"},"content":{"rendered":"<p>A L\u2019Or\u00e9al Brasil inaugurou a primeira Escola de Beleza na regi\u00e3o da Pequena \u00c1frica, no Rio de Janeiro. A iniciativa conta com a parceria da C-Hub, ag\u00eancia de conte\u00fado e experi\u00eancia, idealizada por Marcos Dimenstein, CEO da Catraca Livre, que tem como miss\u00e3o construir marcas auto respons\u00e1veis e promover transforma\u00e7\u00e3o na vida das pessoas. A escola tem como foco o desenvolvimento socioecon\u00f4mico da regi\u00e3o, al\u00e9m da acelera\u00e7\u00e3o do impacto social a partir da educa\u00e7\u00e3o e da capacita\u00e7\u00e3o profissional, que possibilita uma inclus\u00e3o produtiva para as mulheres que sustentam suas pr\u00f3prias casas.<\/p>\n<p><a href=\"https:\/\/www.cidademarketing.com.br\/marketing\/sua-marca-vai-virar-noticia\/\" target=\"_blank\" rel=\"noopener\"><img fetchpriority=\"high\" decoding=\"async\" class=\"wp-image-44329 aligncenter\" src=\"https:\/\/www.cidademarketing.com.br\/marketing\/wp-content\/uploads\/2023\/04\/cidademarketing_backlinks_marketingdigital_publieditorial_.png\" alt=\"\" width=\"500\" height=\"500\" \/><\/a><br \/>\nO programa faz parte do projeto \u201cBeleza Pro Do Futuro\u201d, da L\u2019\u00d3real Produtos Profissionais, que oferece forma\u00e7\u00e3o profissional em cabeleireiro com apoio do Instituto L\u2019Or\u00e9al, com o objetivo de preparar as mulheres para o mercado de trabalho. Al\u00e9m das aulas te\u00f3ricas e pr\u00e1ticas, o programa conta com uma mentoria assistida de um m\u00eas na academia da L\u2019Or\u00e9al Brasil, no Rio de Janeiro. Esse curso j\u00e1 existe e pode ser feito por qualquer pessoa de forma EAD. O diferencial deste programa \u00e9 que ele oferece a oportunidade para as mulheres participarem de forma gratuita.<\/p>\n<p>O Instituto L\u2019Or\u00e9al se compromete em preparar grandes profissionais para o mercado da beleza por meio de um ensino qualificado e eficiente. Atualmente, existem sete centros de ensino no Brasil e um na \u00c1frica do Sul, com instala\u00e7\u00f5es modernas que permitem a conclus\u00e3o de todas as etapas do curso.<\/p>\n<p>A C-Hub \u00e9 uma parceira estrat\u00e9gica e local, dentro da Pequena \u00c1frica. Na execu\u00e7\u00e3o do projeto, ofereceu bolsas de R$500 para todas as mulheres participantes das aulas, al\u00e9m de contribuir com a estrutura\u00e7\u00e3o do projeto de impacto da Escola de Beleza. \u201cSabemos o quanto esse projeto \u00e9 importante para o empoderamento das mulheres da regi\u00e3o, que atrav\u00e9s das aulas, aumentar\u00e3o as chances de conseguir um emprego e obter uma nova possibilidade de sustento\u201d, comentou Marcos Dimenstein, idealizador da C-Hub.<\/p>\n<p>A ag\u00eancia promoveu a gest\u00e3o das inscri\u00e7\u00f5es, fez o acompanhamento das mulheres e dos eventos, produziu o v\u00eddeo case e ao final do projeto ir\u00e1 gerar um relat\u00f3rio de impacto da regi\u00e3o. \u201cEstamos muito contentes em participar de um projeto que, por meio da educa\u00e7\u00e3o, poder\u00e1 transformar a vida das pessoas\u201d, exaltou Dimenstein.<\/p>\n<p>\u201cCom esse projeto, estamos ampliando nosso compromisso com o empoderamento feminino e viabilizando mobilidade social a partir da inclus\u00e3o produtiva, visando garantir o desenvolvimento socioecon\u00f4mico para a regi\u00e3o da Pequena \u00c1frica, onde est\u00e1 localizada a nossa sede\u201d conta Helen Pedroso, diretora de responsabilidade corporativa e direitos humanos da L\u2019Or\u00e9al Brasil.<\/p>\n<p>Al\u00e9m das aulas te\u00f3ricas e pr\u00e1ticas, a C-Hub fechou parceria para que as mulheres tenham um espa\u00e7o f\u00edsico com estrutura de computadores e monitoria assistida, para dar suporte \u00e0s aulas EAD e auxiliar quem tiver dificuldade com plataformas tecnol\u00f3gicas ou n\u00e3o tiver acesso \u00e0 internet.<\/p>\n<p><iframe title=\"Spotify Embed: Podcast CidadeMarketing\" style=\"border-radius: 12px\" width=\"100%\" height=\"152\" frameborder=\"0\" allowfullscreen allow=\"autoplay; clipboard-write; encrypted-media; fullscreen; picture-in-picture\" loading=\"lazy\" src=\"https:\/\/open.spotify.com\/embed\/show\/4khMKzP3FgFRWVwb73xicc?si=252fe5bff2b34909&#038;utm_source=oembed\"><\/iframe><\/p>\n<p>&nbsp;<\/p>\n<p>\u201cNosso objetivo com esse programa \u00e9 potencializar o impacto que os sal\u00f5es j\u00e1 promovem na vida de milhares de pessoas. Acreditamos que nada \u00e9 mais empoderador do que ter um emprego e independ\u00eancia financeira\u201d, contou Joana Fleury, general manager da L\u2019Or\u00e9al Produtos Profissionais. \u201cQueremos transformar os sal\u00f5es, mas principalmente queremos mudar a vida das mulheres\u201d, concluiu.<\/p>\n","protected":false},"excerpt":{"rendered":"<p>A L\u2019Or\u00e9al Brasil inaugurou a primeira Escola de Beleza na regi\u00e3o da Pequena \u00c1frica, no Rio de Janeiro. A iniciativa conta com a parceria da C-Hub, ag\u00eancia de conte\u00fado e experi\u00eancia, idealizada por Marcos Dimenstein, CEO da Catraca Livre, que tem como miss\u00e3o construir marcas auto respons\u00e1veis e promover transforma\u00e7\u00e3o na vida das pessoas. A [&hellip;]<\/p>\n","protected":false},"author":1,"featured_media":45783,"comment_status":"open","ping_status":"open","sticky":false,"template":"","format":"standard","meta":{"tdm_status":"","tdm_grid_status":"","footnotes":""},"categories":[6],"tags":[1124,33,1775,5419,28,177,176],"class_list":["post-45782","post","type-post","status-publish","format-standard","has-post-thumbnail","hentry","category-noticias","tag-diversidade","tag-estrategia","tag-hub","tag-loreal-brasil","tag-marketing","tag-marketing-social","tag-sustentabilidade"],"yoast_head":"<!-- This site is optimized with the Yoast SEO plugin v27.5 - https:\/\/yoast.com\/product\/yoast-seo-wordpress\/ -->\n<title>Plataforma de impacto social da L&#039;Or\u00e9al Brasil expande com Escola de Beleza na periferia - CidadeMarketing<\/title>\n<meta name=\"robots\" content=\"index, follow, max-snippet:-1, max-image-preview:large, max-video-preview:-1\" \/>\n<link rel=\"canonical\" href=\"https:\/\/www.cidademarketing.com.br\/marketing\/2023\/06\/29\/plataforma-de-impacto-social-da-loreal-brasil-expande-com-escola-de-beleza-na-periferia\/\" \/>\n<meta property=\"og:locale\" content=\"pt_BR\" \/>\n<meta property=\"og:type\" content=\"article\" \/>\n<meta property=\"og:title\" content=\"Plataforma de impacto social da L&#039;Or\u00e9al Brasil expande com Escola de Beleza na periferia - CidadeMarketing\" \/>\n<meta property=\"og:description\" content=\"A L\u2019Or\u00e9al Brasil inaugurou a primeira Escola de Beleza na regi\u00e3o da Pequena \u00c1frica, no Rio de Janeiro. A iniciativa conta com a parceria da C-Hub, ag\u00eancia de conte\u00fado e experi\u00eancia, idealizada por Marcos Dimenstein, CEO da Catraca Livre, que tem como miss\u00e3o construir marcas auto respons\u00e1veis e promover transforma\u00e7\u00e3o na vida das pessoas. A [&hellip;]\" \/>\n<meta property=\"og:url\" content=\"https:\/\/www.cidademarketing.com.br\/marketing\/2023\/06\/29\/plataforma-de-impacto-social-da-loreal-brasil-expande-com-escola-de-beleza-na-periferia\/\" \/>\n<meta property=\"og:site_name\" content=\"CidadeMarketing\" \/>\n<meta property=\"article:publisher\" content=\"https:\/\/www.facebook.com\/portalcidademarketing\" \/>\n<meta property=\"article:author\" content=\"https:\/\/www.facebook.com\/thalesbrandao\" \/>\n<meta property=\"article:published_time\" content=\"2023-06-29T16:46:47+00:00\" \/>\n<meta property=\"og:image\" content=\"https:\/\/www.cidademarketing.com.br\/marketing\/wp-content\/uploads\/2023\/06\/loreal_periferia_marketingsocial-scaled.jpg\" \/>\n\t<meta property=\"og:image:width\" content=\"2560\" \/>\n\t<meta property=\"og:image:height\" content=\"1707\" \/>\n\t<meta property=\"og:image:type\" content=\"image\/jpeg\" \/>\n<meta name=\"author\" content=\"Thales Brand\u00e3o\" \/>\n<meta name=\"twitter:card\" content=\"summary_large_image\" \/>\n<meta name=\"twitter:creator\" content=\"@http:\/\/www.twitter.com\/thalesbrandao\" \/>\n<meta name=\"twitter:site\" content=\"@CidadeMarketing\" \/>\n<meta name=\"twitter:label1\" content=\"Escrito por\" \/>\n\t<meta name=\"twitter:data1\" content=\"Thales Brand\u00e3o\" \/>\n\t<meta name=\"twitter:label2\" content=\"Est. tempo de leitura\" \/>\n\t<meta name=\"twitter:data2\" content=\"3 minutos\" \/>\n<script type=\"application\/ld+json\" class=\"yoast-schema-graph\">{\"@context\":\"https:\\\/\\\/schema.org\",\"@graph\":[{\"@type\":\"Article\",\"@id\":\"https:\\\/\\\/www.cidademarketing.com.br\\\/marketing\\\/2023\\\/06\\\/29\\\/plataforma-de-impacto-social-da-loreal-brasil-expande-com-escola-de-beleza-na-periferia\\\/#article\",\"isPartOf\":{\"@id\":\"https:\\\/\\\/www.cidademarketing.com.br\\\/marketing\\\/2023\\\/06\\\/29\\\/plataforma-de-impacto-social-da-loreal-brasil-expande-com-escola-de-beleza-na-periferia\\\/\"},\"author\":{\"name\":\"Thales Brand\u00e3o\",\"@id\":\"https:\\\/\\\/www.cidademarketing.com.br\\\/marketing\\\/#\\\/schema\\\/person\\\/02daff9f18bd9378c9e01eb6b2db155f\"},\"headline\":\"Plataforma de impacto social da L&#8217;Or\u00e9al Brasil expande com Escola de Beleza na periferia\",\"datePublished\":\"2023-06-29T16:46:47+00:00\",\"mainEntityOfPage\":{\"@id\":\"https:\\\/\\\/www.cidademarketing.com.br\\\/marketing\\\/2023\\\/06\\\/29\\\/plataforma-de-impacto-social-da-loreal-brasil-expande-com-escola-de-beleza-na-periferia\\\/\"},\"wordCount\":603,\"commentCount\":0,\"publisher\":{\"@id\":\"https:\\\/\\\/www.cidademarketing.com.br\\\/marketing\\\/#organization\"},\"image\":{\"@id\":\"https:\\\/\\\/www.cidademarketing.com.br\\\/marketing\\\/2023\\\/06\\\/29\\\/plataforma-de-impacto-social-da-loreal-brasil-expande-com-escola-de-beleza-na-periferia\\\/#primaryimage\"},\"thumbnailUrl\":\"https:\\\/\\\/www.cidademarketing.com.br\\\/marketing\\\/wp-content\\\/uploads\\\/2023\\\/06\\\/loreal_periferia_marketingsocial-scaled.jpg\",\"keywords\":[\"diversidade\",\"estrat\u00e9gia\",\"hub\",\"L\u2019Or\u00e9al Brasil\",\"marketing\",\"marketing social\",\"sustentabilidade\"],\"articleSection\":[\"Not\u00edcias\"],\"inLanguage\":\"pt-BR\",\"potentialAction\":[{\"@type\":\"CommentAction\",\"name\":\"Comment\",\"target\":[\"https:\\\/\\\/www.cidademarketing.com.br\\\/marketing\\\/2023\\\/06\\\/29\\\/plataforma-de-impacto-social-da-loreal-brasil-expande-com-escola-de-beleza-na-periferia\\\/#respond\"]}]},{\"@type\":\"WebPage\",\"@id\":\"https:\\\/\\\/www.cidademarketing.com.br\\\/marketing\\\/2023\\\/06\\\/29\\\/plataforma-de-impacto-social-da-loreal-brasil-expande-com-escola-de-beleza-na-periferia\\\/\",\"url\":\"https:\\\/\\\/www.cidademarketing.com.br\\\/marketing\\\/2023\\\/06\\\/29\\\/plataforma-de-impacto-social-da-loreal-brasil-expande-com-escola-de-beleza-na-periferia\\\/\",\"name\":\"Plataforma de impacto social da L'Or\u00e9al Brasil expande com Escola de Beleza na periferia - CidadeMarketing\",\"isPartOf\":{\"@id\":\"https:\\\/\\\/www.cidademarketing.com.br\\\/marketing\\\/#website\"},\"primaryImageOfPage\":{\"@id\":\"https:\\\/\\\/www.cidademarketing.com.br\\\/marketing\\\/2023\\\/06\\\/29\\\/plataforma-de-impacto-social-da-loreal-brasil-expande-com-escola-de-beleza-na-periferia\\\/#primaryimage\"},\"image\":{\"@id\":\"https:\\\/\\\/www.cidademarketing.com.br\\\/marketing\\\/2023\\\/06\\\/29\\\/plataforma-de-impacto-social-da-loreal-brasil-expande-com-escola-de-beleza-na-periferia\\\/#primaryimage\"},\"thumbnailUrl\":\"https:\\\/\\\/www.cidademarketing.com.br\\\/marketing\\\/wp-content\\\/uploads\\\/2023\\\/06\\\/loreal_periferia_marketingsocial-scaled.jpg\",\"datePublished\":\"2023-06-29T16:46:47+00:00\",\"breadcrumb\":{\"@id\":\"https:\\\/\\\/www.cidademarketing.com.br\\\/marketing\\\/2023\\\/06\\\/29\\\/plataforma-de-impacto-social-da-loreal-brasil-expande-com-escola-de-beleza-na-periferia\\\/#breadcrumb\"},\"inLanguage\":\"pt-BR\",\"potentialAction\":[{\"@type\":\"ReadAction\",\"target\":[\"https:\\\/\\\/www.cidademarketing.com.br\\\/marketing\\\/2023\\\/06\\\/29\\\/plataforma-de-impacto-social-da-loreal-brasil-expande-com-escola-de-beleza-na-periferia\\\/\"]}]},{\"@type\":\"ImageObject\",\"inLanguage\":\"pt-BR\",\"@id\":\"https:\\\/\\\/www.cidademarketing.com.br\\\/marketing\\\/2023\\\/06\\\/29\\\/plataforma-de-impacto-social-da-loreal-brasil-expande-com-escola-de-beleza-na-periferia\\\/#primaryimage\",\"url\":\"https:\\\/\\\/www.cidademarketing.com.br\\\/marketing\\\/wp-content\\\/uploads\\\/2023\\\/06\\\/loreal_periferia_marketingsocial-scaled.jpg\",\"contentUrl\":\"https:\\\/\\\/www.cidademarketing.com.br\\\/marketing\\\/wp-content\\\/uploads\\\/2023\\\/06\\\/loreal_periferia_marketingsocial-scaled.jpg\",\"width\":2560,\"height\":1707,\"caption\":\"Foto: Douglas Dobby\"},{\"@type\":\"BreadcrumbList\",\"@id\":\"https:\\\/\\\/www.cidademarketing.com.br\\\/marketing\\\/2023\\\/06\\\/29\\\/plataforma-de-impacto-social-da-loreal-brasil-expande-com-escola-de-beleza-na-periferia\\\/#breadcrumb\",\"itemListElement\":[{\"@type\":\"ListItem\",\"position\":1,\"name\":\"In\u00edcio\",\"item\":\"https:\\\/\\\/www.cidademarketing.com.br\\\/marketing\\\/\"},{\"@type\":\"ListItem\",\"position\":2,\"name\":\"Plataforma de impacto social da L&#8217;Or\u00e9al Brasil expande com Escola de Beleza na periferia\"}]},{\"@type\":\"WebSite\",\"@id\":\"https:\\\/\\\/www.cidademarketing.com.br\\\/marketing\\\/#website\",\"url\":\"https:\\\/\\\/www.cidademarketing.com.br\\\/marketing\\\/\",\"name\":\"CidadeMarketing\",\"description\":\"Somos um ve\u00edculo de comunica\u00e7\u00e3o de destaque no Brasil, reconhecido por conte\u00fados nos segmentos de marketing, empreendedorismo e inova\u00e7\u00e3o.\",\"publisher\":{\"@id\":\"https:\\\/\\\/www.cidademarketing.com.br\\\/marketing\\\/#organization\"},\"alternateName\":\"CidadeMarketing\",\"potentialAction\":[{\"@type\":\"SearchAction\",\"target\":{\"@type\":\"EntryPoint\",\"urlTemplate\":\"https:\\\/\\\/www.cidademarketing.com.br\\\/marketing\\\/?s={search_term_string}\"},\"query-input\":{\"@type\":\"PropertyValueSpecification\",\"valueRequired\":true,\"valueName\":\"search_term_string\"}}],\"inLanguage\":\"pt-BR\"},{\"@type\":\"Organization\",\"@id\":\"https:\\\/\\\/www.cidademarketing.com.br\\\/marketing\\\/#organization\",\"name\":\"CidadeMarketing\",\"alternateName\":\"CidadeMarketing\",\"url\":\"https:\\\/\\\/www.cidademarketing.com.br\\\/marketing\\\/\",\"logo\":{\"@type\":\"ImageObject\",\"inLanguage\":\"pt-BR\",\"@id\":\"https:\\\/\\\/www.cidademarketing.com.br\\\/marketing\\\/#\\\/schema\\\/logo\\\/image\\\/\",\"url\":\"https:\\\/\\\/www.cidademarketing.com.br\\\/marketing\\\/wp-content\\\/uploads\\\/2020\\\/01\\\/cidademarketing_marca_mobile.png\",\"contentUrl\":\"https:\\\/\\\/www.cidademarketing.com.br\\\/marketing\\\/wp-content\\\/uploads\\\/2020\\\/01\\\/cidademarketing_marca_mobile.png\",\"width\":230,\"height\":92,\"caption\":\"CidadeMarketing\"},\"image\":{\"@id\":\"https:\\\/\\\/www.cidademarketing.com.br\\\/marketing\\\/#\\\/schema\\\/logo\\\/image\\\/\"},\"sameAs\":[\"https:\\\/\\\/www.facebook.com\\\/portalcidademarketing\",\"https:\\\/\\\/x.com\\\/CidadeMarketing\",\"https:\\\/\\\/www.instagram.com\\\/cidademarketing\\\/\"]},{\"@type\":\"Person\",\"@id\":\"https:\\\/\\\/www.cidademarketing.com.br\\\/marketing\\\/#\\\/schema\\\/person\\\/02daff9f18bd9378c9e01eb6b2db155f\",\"name\":\"Thales Brand\u00e3o\",\"image\":{\"@type\":\"ImageObject\",\"inLanguage\":\"pt-BR\",\"@id\":\"https:\\\/\\\/secure.gravatar.com\\\/avatar\\\/7ca3206950207cc3cb48feec56a8a7898741ab725c368d99d5d7a5a50aab80c6?s=96&d=mm&r=g\",\"url\":\"https:\\\/\\\/secure.gravatar.com\\\/avatar\\\/7ca3206950207cc3cb48feec56a8a7898741ab725c368d99d5d7a5a50aab80c6?s=96&d=mm&r=g\",\"contentUrl\":\"https:\\\/\\\/secure.gravatar.com\\\/avatar\\\/7ca3206950207cc3cb48feec56a8a7898741ab725c368d99d5d7a5a50aab80c6?s=96&d=mm&r=g\",\"caption\":\"Thales Brand\u00e3o\"},\"description\":\"Editor Executivo do Portal CidadeMarketing.com.br &gt; Mestre em Comunica\u00e7\u00e3o e Sociedade pela Universidade Federal de Sergipe. Possui MBA Executivo em Administra\u00e7\u00e3o com \u00eanfase em Marketing pela Funda\u00e7\u00e3o Get\u00falio Vargas - Rio de Janeiro. Consultor, Palestrante e Pesquisador sobre Empreendedorismo, Marketing, Redes Sociais e Neg\u00f3cios Digitais. Professor, Palestrante TedxTalks e Campus Party. Twitter: @ThalesBrandao\",\"sameAs\":[\"http:\\\/\\\/www.mandacaru.com.br\",\"https:\\\/\\\/www.facebook.com\\\/thalesbrandao\",\"http:\\\/\\\/www.instagram.com.br\\\/thalesbrandaoferreira\",\"https:\\\/\\\/www.linkedin.com\\\/in\\\/thales-brand\u00e3o-3948609\\\/\",\"https:\\\/\\\/x.com\\\/http:\\\/\\\/www.twitter.com\\\/thalesbrandao\"],\"url\":\"https:\\\/\\\/www.cidademarketing.com.br\\\/marketing\\\/author\\\/thalesbrandao\\\/\"}]}<\/script>\n<!-- \/ Yoast SEO plugin. -->","yoast_head_json":{"title":"Plataforma de impacto social da L'Or\u00e9al Brasil expande com Escola de Beleza na periferia - CidadeMarketing","robots":{"index":"index","follow":"follow","max-snippet":"max-snippet:-1","max-image-preview":"max-image-preview:large","max-video-preview":"max-video-preview:-1"},"canonical":"https:\/\/www.cidademarketing.com.br\/marketing\/2023\/06\/29\/plataforma-de-impacto-social-da-loreal-brasil-expande-com-escola-de-beleza-na-periferia\/","og_locale":"pt_BR","og_type":"article","og_title":"Plataforma de impacto social da L'Or\u00e9al Brasil expande com Escola de Beleza na periferia - CidadeMarketing","og_description":"A L\u2019Or\u00e9al Brasil inaugurou a primeira Escola de Beleza na regi\u00e3o da Pequena \u00c1frica, no Rio de Janeiro. A iniciativa conta com a parceria da C-Hub, ag\u00eancia de conte\u00fado e experi\u00eancia, idealizada por Marcos Dimenstein, CEO da Catraca Livre, que tem como miss\u00e3o construir marcas auto respons\u00e1veis e promover transforma\u00e7\u00e3o na vida das pessoas. A [&hellip;]","og_url":"https:\/\/www.cidademarketing.com.br\/marketing\/2023\/06\/29\/plataforma-de-impacto-social-da-loreal-brasil-expande-com-escola-de-beleza-na-periferia\/","og_site_name":"CidadeMarketing","article_publisher":"https:\/\/www.facebook.com\/portalcidademarketing","article_author":"https:\/\/www.facebook.com\/thalesbrandao","article_published_time":"2023-06-29T16:46:47+00:00","og_image":[{"width":2560,"height":1707,"url":"https:\/\/www.cidademarketing.com.br\/marketing\/wp-content\/uploads\/2023\/06\/loreal_periferia_marketingsocial-scaled.jpg","type":"image\/jpeg"}],"author":"Thales Brand\u00e3o","twitter_card":"summary_large_image","twitter_creator":"@http:\/\/www.twitter.com\/thalesbrandao","twitter_site":"@CidadeMarketing","twitter_misc":{"Escrito por":"Thales Brand\u00e3o","Est. tempo de leitura":"3 minutos"},"schema":{"@context":"https:\/\/schema.org","@graph":[{"@type":"Article","@id":"https:\/\/www.cidademarketing.com.br\/marketing\/2023\/06\/29\/plataforma-de-impacto-social-da-loreal-brasil-expande-com-escola-de-beleza-na-periferia\/#article","isPartOf":{"@id":"https:\/\/www.cidademarketing.com.br\/marketing\/2023\/06\/29\/plataforma-de-impacto-social-da-loreal-brasil-expande-com-escola-de-beleza-na-periferia\/"},"author":{"name":"Thales Brand\u00e3o","@id":"https:\/\/www.cidademarketing.com.br\/marketing\/#\/schema\/person\/02daff9f18bd9378c9e01eb6b2db155f"},"headline":"Plataforma de impacto social da L&#8217;Or\u00e9al Brasil expande com Escola de Beleza na periferia","datePublished":"2023-06-29T16:46:47+00:00","mainEntityOfPage":{"@id":"https:\/\/www.cidademarketing.com.br\/marketing\/2023\/06\/29\/plataforma-de-impacto-social-da-loreal-brasil-expande-com-escola-de-beleza-na-periferia\/"},"wordCount":603,"commentCount":0,"publisher":{"@id":"https:\/\/www.cidademarketing.com.br\/marketing\/#organization"},"image":{"@id":"https:\/\/www.cidademarketing.com.br\/marketing\/2023\/06\/29\/plataforma-de-impacto-social-da-loreal-brasil-expande-com-escola-de-beleza-na-periferia\/#primaryimage"},"thumbnailUrl":"https:\/\/www.cidademarketing.com.br\/marketing\/wp-content\/uploads\/2023\/06\/loreal_periferia_marketingsocial-scaled.jpg","keywords":["diversidade","estrat\u00e9gia","hub","L\u2019Or\u00e9al Brasil","marketing","marketing social","sustentabilidade"],"articleSection":["Not\u00edcias"],"inLanguage":"pt-BR","potentialAction":[{"@type":"CommentAction","name":"Comment","target":["https:\/\/www.cidademarketing.com.br\/marketing\/2023\/06\/29\/plataforma-de-impacto-social-da-loreal-brasil-expande-com-escola-de-beleza-na-periferia\/#respond"]}]},{"@type":"WebPage","@id":"https:\/\/www.cidademarketing.com.br\/marketing\/2023\/06\/29\/plataforma-de-impacto-social-da-loreal-brasil-expande-com-escola-de-beleza-na-periferia\/","url":"https:\/\/www.cidademarketing.com.br\/marketing\/2023\/06\/29\/plataforma-de-impacto-social-da-loreal-brasil-expande-com-escola-de-beleza-na-periferia\/","name":"Plataforma de impacto social da L'Or\u00e9al Brasil expande com Escola de Beleza na periferia - CidadeMarketing","isPartOf":{"@id":"https:\/\/www.cidademarketing.com.br\/marketing\/#website"},"primaryImageOfPage":{"@id":"https:\/\/www.cidademarketing.com.br\/marketing\/2023\/06\/29\/plataforma-de-impacto-social-da-loreal-brasil-expande-com-escola-de-beleza-na-periferia\/#primaryimage"},"image":{"@id":"https:\/\/www.cidademarketing.com.br\/marketing\/2023\/06\/29\/plataforma-de-impacto-social-da-loreal-brasil-expande-com-escola-de-beleza-na-periferia\/#primaryimage"},"thumbnailUrl":"https:\/\/www.cidademarketing.com.br\/marketing\/wp-content\/uploads\/2023\/06\/loreal_periferia_marketingsocial-scaled.jpg","datePublished":"2023-06-29T16:46:47+00:00","breadcrumb":{"@id":"https:\/\/www.cidademarketing.com.br\/marketing\/2023\/06\/29\/plataforma-de-impacto-social-da-loreal-brasil-expande-com-escola-de-beleza-na-periferia\/#breadcrumb"},"inLanguage":"pt-BR","potentialAction":[{"@type":"ReadAction","target":["https:\/\/www.cidademarketing.com.br\/marketing\/2023\/06\/29\/plataforma-de-impacto-social-da-loreal-brasil-expande-com-escola-de-beleza-na-periferia\/"]}]},{"@type":"ImageObject","inLanguage":"pt-BR","@id":"https:\/\/www.cidademarketing.com.br\/marketing\/2023\/06\/29\/plataforma-de-impacto-social-da-loreal-brasil-expande-com-escola-de-beleza-na-periferia\/#primaryimage","url":"https:\/\/www.cidademarketing.com.br\/marketing\/wp-content\/uploads\/2023\/06\/loreal_periferia_marketingsocial-scaled.jpg","contentUrl":"https:\/\/www.cidademarketing.com.br\/marketing\/wp-content\/uploads\/2023\/06\/loreal_periferia_marketingsocial-scaled.jpg","width":2560,"height":1707,"caption":"Foto: Douglas Dobby"},{"@type":"BreadcrumbList","@id":"https:\/\/www.cidademarketing.com.br\/marketing\/2023\/06\/29\/plataforma-de-impacto-social-da-loreal-brasil-expande-com-escola-de-beleza-na-periferia\/#breadcrumb","itemListElement":[{"@type":"ListItem","position":1,"name":"In\u00edcio","item":"https:\/\/www.cidademarketing.com.br\/marketing\/"},{"@type":"ListItem","position":2,"name":"Plataforma de impacto social da L&#8217;Or\u00e9al Brasil expande com Escola de Beleza na periferia"}]},{"@type":"WebSite","@id":"https:\/\/www.cidademarketing.com.br\/marketing\/#website","url":"https:\/\/www.cidademarketing.com.br\/marketing\/","name":"CidadeMarketing","description":"Somos um ve\u00edculo de comunica\u00e7\u00e3o de destaque no Brasil, reconhecido por conte\u00fados nos segmentos de marketing, empreendedorismo e inova\u00e7\u00e3o.","publisher":{"@id":"https:\/\/www.cidademarketing.com.br\/marketing\/#organization"},"alternateName":"CidadeMarketing","potentialAction":[{"@type":"SearchAction","target":{"@type":"EntryPoint","urlTemplate":"https:\/\/www.cidademarketing.com.br\/marketing\/?s={search_term_string}"},"query-input":{"@type":"PropertyValueSpecification","valueRequired":true,"valueName":"search_term_string"}}],"inLanguage":"pt-BR"},{"@type":"Organization","@id":"https:\/\/www.cidademarketing.com.br\/marketing\/#organization","name":"CidadeMarketing","alternateName":"CidadeMarketing","url":"https:\/\/www.cidademarketing.com.br\/marketing\/","logo":{"@type":"ImageObject","inLanguage":"pt-BR","@id":"https:\/\/www.cidademarketing.com.br\/marketing\/#\/schema\/logo\/image\/","url":"https:\/\/www.cidademarketing.com.br\/marketing\/wp-content\/uploads\/2020\/01\/cidademarketing_marca_mobile.png","contentUrl":"https:\/\/www.cidademarketing.com.br\/marketing\/wp-content\/uploads\/2020\/01\/cidademarketing_marca_mobile.png","width":230,"height":92,"caption":"CidadeMarketing"},"image":{"@id":"https:\/\/www.cidademarketing.com.br\/marketing\/#\/schema\/logo\/image\/"},"sameAs":["https:\/\/www.facebook.com\/portalcidademarketing","https:\/\/x.com\/CidadeMarketing","https:\/\/www.instagram.com\/cidademarketing\/"]},{"@type":"Person","@id":"https:\/\/www.cidademarketing.com.br\/marketing\/#\/schema\/person\/02daff9f18bd9378c9e01eb6b2db155f","name":"Thales Brand\u00e3o","image":{"@type":"ImageObject","inLanguage":"pt-BR","@id":"https:\/\/secure.gravatar.com\/avatar\/7ca3206950207cc3cb48feec56a8a7898741ab725c368d99d5d7a5a50aab80c6?s=96&d=mm&r=g","url":"https:\/\/secure.gravatar.com\/avatar\/7ca3206950207cc3cb48feec56a8a7898741ab725c368d99d5d7a5a50aab80c6?s=96&d=mm&r=g","contentUrl":"https:\/\/secure.gravatar.com\/avatar\/7ca3206950207cc3cb48feec56a8a7898741ab725c368d99d5d7a5a50aab80c6?s=96&d=mm&r=g","caption":"Thales Brand\u00e3o"},"description":"Editor Executivo do Portal CidadeMarketing.com.br &gt; Mestre em Comunica\u00e7\u00e3o e Sociedade pela Universidade Federal de Sergipe. Possui MBA Executivo em Administra\u00e7\u00e3o com \u00eanfase em Marketing pela Funda\u00e7\u00e3o Get\u00falio Vargas - Rio de Janeiro. Consultor, Palestrante e Pesquisador sobre Empreendedorismo, Marketing, Redes Sociais e Neg\u00f3cios Digitais. Professor, Palestrante TedxTalks e Campus Party. Twitter: @ThalesBrandao","sameAs":["http:\/\/www.mandacaru.com.br","https:\/\/www.facebook.com\/thalesbrandao","http:\/\/www.instagram.com.br\/thalesbrandaoferreira","https:\/\/www.linkedin.com\/in\/thales-brand\u00e3o-3948609\/","https:\/\/x.com\/http:\/\/www.twitter.com\/thalesbrandao"],"url":"https:\/\/www.cidademarketing.com.br\/marketing\/author\/thalesbrandao\/"}]}},"amp_enabled":true,"_links":{"self":[{"href":"https:\/\/www.cidademarketing.com.br\/marketing\/wp-json\/wp\/v2\/posts\/45782","targetHints":{"allow":["GET"]}}],"collection":[{"href":"https:\/\/www.cidademarketing.com.br\/marketing\/wp-json\/wp\/v2\/posts"}],"about":[{"href":"https:\/\/www.cidademarketing.com.br\/marketing\/wp-json\/wp\/v2\/types\/post"}],"author":[{"embeddable":true,"href":"https:\/\/www.cidademarketing.com.br\/marketing\/wp-json\/wp\/v2\/users\/1"}],"replies":[{"embeddable":true,"href":"https:\/\/www.cidademarketing.com.br\/marketing\/wp-json\/wp\/v2\/comments?post=45782"}],"version-history":[{"count":1,"href":"https:\/\/www.cidademarketing.com.br\/marketing\/wp-json\/wp\/v2\/posts\/45782\/revisions"}],"predecessor-version":[{"id":45784,"href":"https:\/\/www.cidademarketing.com.br\/marketing\/wp-json\/wp\/v2\/posts\/45782\/revisions\/45784"}],"wp:featuredmedia":[{"embeddable":true,"href":"https:\/\/www.cidademarketing.com.br\/marketing\/wp-json\/wp\/v2\/media\/45783"}],"wp:attachment":[{"href":"https:\/\/www.cidademarketing.com.br\/marketing\/wp-json\/wp\/v2\/media?parent=45782"}],"wp:term":[{"taxonomy":"category","embeddable":true,"href":"https:\/\/www.cidademarketing.com.br\/marketing\/wp-json\/wp\/v2\/categories?post=45782"},{"taxonomy":"post_tag","embeddable":true,"href":"https:\/\/www.cidademarketing.com.br\/marketing\/wp-json\/wp\/v2\/tags?post=45782"}],"curies":[{"name":"wp","href":"https:\/\/api.w.org\/{rel}","templated":true}]}}