{"id":4564,"date":"2019-01-02T02:06:48","date_gmt":"2019-01-02T04:06:48","guid":{"rendered":"http:\/\/www.cidademarketing.com.br\/marketing\/?p=4564"},"modified":"2019-01-02T02:06:49","modified_gmt":"2019-01-02T04:06:49","slug":"termometro-com-mercurio-nao-sera-mais-fabricado-importado-e-comercializado-no-brasil","status":"publish","type":"post","link":"https:\/\/www.cidademarketing.com.br\/marketing\/2019\/01\/02\/termometro-com-mercurio-nao-sera-mais-fabricado-importado-e-comercializado-no-brasil\/","title":{"rendered":"Term\u00f4metro com merc\u00fario n\u00e3o ser\u00e1 mais fabricado, importado e comercializado no Brasil"},"content":{"rendered":"\n<p>A decis\u00e3o aconteceu em 07 de mar\u00e7o de 2017, quando foi publicada no <a rel=\"noreferrer noopener\" aria-label=\"Di\u00e1rio Oficial da Uni\u00e3o (abre em uma nova aba)\" href=\"http:\/\/portal.anvisa.gov.br\/documents\/10181\/2860907\/RDC_145_2017_.pdf\/36ba6918-cd55-4475-87a4-2470a1aef9c5\" target=\"_blank\">Di\u00e1rio Oficial da Uni\u00e3o<\/a>, e passa a valer agora em 2019.<\/p>\n\n\n\n<p>Em 2017,  por meio de nota, o Minist\u00e9rio da Sa\u00fade informou que a determina\u00e7\u00e3o, aprovada pela pr\u00f3pria pasta e pela Ag\u00eancia Nacional de Vigil\u00e2ncia Sanit\u00e1ria (Anvisa), cumpre o compromisso assumido pelo Brasil na Conven\u00e7\u00e3o de Minamata, que debateu os riscos do uso do merc\u00fario para a sa\u00fade e para o meio ambiente. A conven\u00e7\u00e3o, assinada pelo Brasil e por mais 140 pa\u00edses em 2013, tem como objetivo eliminar o uso de merc\u00fario em diferentes produtos. <\/p>\n\n\n\n<p>Caso o usu\u00e1rio deseje se desfazer do term\u00f4metro de merc\u00fario, a orienta\u00e7\u00e3o \u00e9 mant\u00ea-lo provisoriamente em casa at\u00e9 a divulga\u00e7\u00e3o, pela pasta e pela Anvisa, dos pontos de recolhimento. Em caso de quebra, devem ser tomadas as seguintes precau\u00e7\u00f5es:<\/p>\n\n\n\n<ul class=\"wp-block-list\"><li>Isolar o local e n\u00e3o permitir que crian\u00e7as brinquem com as bolinhas de merc\u00fario;<\/li><li>Abrir as janelas para arejar o ambiente;<\/li><li>Recolher com cuidado os restos de vidro em toalha de papel ou luvas e colocar em recipiente resistente \u00e0 ruptura, para evitar ferimento;<\/li><li>Localizar as \u201cbolinhas\u201d de merc\u00fario e junt\u00e1-las com cuidado, utilizando um papel cart\u00e3o ou similar, evitando contato da pele com o merc\u00fario. Recolher as gotas de merc\u00fario com uma seringa sem agulha. As gotas menores podem ser recolhidas com uma fita adesiva;<\/li><li>Transferir o merc\u00fario recolhido para um recipiente de pl\u00e1stico duro e resistente ou vidro, colocar \u00e1gua at\u00e9 cobrir completamente o merc\u00fario a fim de minimizar a forma\u00e7\u00e3o de vapores de merc\u00fario, e fechar o recipiente;<\/li><li>Identificar\/rotular o recipiente, escrevendo na parte externa \u201cRes\u00edduos t\u00f3xicos contendo merc\u00fario\u201d;<\/li><li>N\u00e3o usar aspirador, pois isso vai acelerar a evapora\u00e7\u00e3o do merc\u00fario, assim como contaminar outros res\u00edduos contidos no aspirador.<\/li><\/ul>\n","protected":false},"excerpt":{"rendered":"<p>A decis\u00e3o aconteceu em 07 de mar\u00e7o de 2017, quando foi publicada no Di\u00e1rio Oficial da Uni\u00e3o, e passa a valer agora em 2019. Em 2017, por meio de nota, o Minist\u00e9rio da Sa\u00fade informou que a determina\u00e7\u00e3o, aprovada pela pr\u00f3pria pasta e pela Ag\u00eancia Nacional de Vigil\u00e2ncia Sanit\u00e1ria (Anvisa), cumpre o compromisso assumido pelo [&hellip;]<\/p>\n","protected":false},"author":1,"featured_media":4565,"comment_status":"open","ping_status":"open","sticky":false,"template":"","format":"standard","meta":{"tdm_status":"","tdm_grid_status":"","footnotes":""},"categories":[9,6],"tags":[51,28,1036],"class_list":["post-4564","post","type-post","status-publish","format-standard","has-post-thumbnail","hentry","category-consumidor","category-noticias","tag-consumidor","tag-marketing","tag-termometro"],"yoast_head":"<!-- This site is optimized with the Yoast SEO plugin v27.5 - https:\/\/yoast.com\/product\/yoast-seo-wordpress\/ -->\n<title>Term\u00f4metro com merc\u00fario n\u00e3o ser\u00e1 mais fabricado, importado e comercializado no Brasil - CidadeMarketing<\/title>\n<meta name=\"robots\" content=\"index, follow, max-snippet:-1, max-image-preview:large, max-video-preview:-1\" \/>\n<link rel=\"canonical\" href=\"https:\/\/www.cidademarketing.com.br\/marketing\/2019\/01\/02\/termometro-com-mercurio-nao-sera-mais-fabricado-importado-e-comercializado-no-brasil\/\" \/>\n<meta property=\"og:locale\" content=\"pt_BR\" \/>\n<meta property=\"og:type\" content=\"article\" \/>\n<meta property=\"og:title\" content=\"Term\u00f4metro com merc\u00fario n\u00e3o ser\u00e1 mais fabricado, importado e comercializado no Brasil - CidadeMarketing\" \/>\n<meta property=\"og:description\" content=\"A decis\u00e3o aconteceu em 07 de mar\u00e7o de 2017, quando foi publicada no Di\u00e1rio Oficial da Uni\u00e3o, e passa a valer agora em 2019. Em 2017, por meio de nota, o Minist\u00e9rio da Sa\u00fade informou que a determina\u00e7\u00e3o, aprovada pela pr\u00f3pria pasta e pela Ag\u00eancia Nacional de Vigil\u00e2ncia Sanit\u00e1ria (Anvisa), cumpre o compromisso assumido pelo [&hellip;]\" \/>\n<meta property=\"og:url\" content=\"https:\/\/www.cidademarketing.com.br\/marketing\/2019\/01\/02\/termometro-com-mercurio-nao-sera-mais-fabricado-importado-e-comercializado-no-brasil\/\" \/>\n<meta property=\"og:site_name\" content=\"CidadeMarketing\" \/>\n<meta property=\"article:publisher\" content=\"https:\/\/www.facebook.com\/portalcidademarketing\" \/>\n<meta property=\"article:author\" content=\"https:\/\/www.facebook.com\/thalesbrandao\" \/>\n<meta property=\"article:published_time\" content=\"2019-01-02T04:06:48+00:00\" \/>\n<meta property=\"article:modified_time\" content=\"2019-01-02T04:06:49+00:00\" \/>\n<meta property=\"og:image\" content=\"https:\/\/www.cidademarketing.com.br\/marketing\/wp-content\/uploads\/2019\/01\/termometro_mercurio.jpeg\" \/>\n\t<meta property=\"og:image:width\" content=\"660\" \/>\n\t<meta property=\"og:image:height\" content=\"360\" \/>\n\t<meta property=\"og:image:type\" content=\"image\/jpeg\" \/>\n<meta name=\"author\" content=\"Thales Brand\u00e3o\" \/>\n<meta name=\"twitter:card\" content=\"summary_large_image\" \/>\n<meta name=\"twitter:creator\" content=\"@http:\/\/www.twitter.com\/thalesbrandao\" \/>\n<meta name=\"twitter:site\" content=\"@CidadeMarketing\" \/>\n<meta name=\"twitter:label1\" content=\"Escrito por\" \/>\n\t<meta name=\"twitter:data1\" content=\"Thales Brand\u00e3o\" \/>\n\t<meta name=\"twitter:label2\" content=\"Est. tempo de leitura\" \/>\n\t<meta name=\"twitter:data2\" content=\"2 minutos\" \/>\n<script type=\"application\/ld+json\" class=\"yoast-schema-graph\">{\"@context\":\"https:\\\/\\\/schema.org\",\"@graph\":[{\"@type\":\"Article\",\"@id\":\"https:\\\/\\\/www.cidademarketing.com.br\\\/marketing\\\/2019\\\/01\\\/02\\\/termometro-com-mercurio-nao-sera-mais-fabricado-importado-e-comercializado-no-brasil\\\/#article\",\"isPartOf\":{\"@id\":\"https:\\\/\\\/www.cidademarketing.com.br\\\/marketing\\\/2019\\\/01\\\/02\\\/termometro-com-mercurio-nao-sera-mais-fabricado-importado-e-comercializado-no-brasil\\\/\"},\"author\":{\"name\":\"Thales Brand\u00e3o\",\"@id\":\"https:\\\/\\\/www.cidademarketing.com.br\\\/marketing\\\/#\\\/schema\\\/person\\\/02daff9f18bd9378c9e01eb6b2db155f\"},\"headline\":\"Term\u00f4metro com merc\u00fario n\u00e3o ser\u00e1 mais fabricado, importado e comercializado no Brasil\",\"datePublished\":\"2019-01-02T04:06:48+00:00\",\"dateModified\":\"2019-01-02T04:06:49+00:00\",\"mainEntityOfPage\":{\"@id\":\"https:\\\/\\\/www.cidademarketing.com.br\\\/marketing\\\/2019\\\/01\\\/02\\\/termometro-com-mercurio-nao-sera-mais-fabricado-importado-e-comercializado-no-brasil\\\/\"},\"wordCount\":341,\"commentCount\":0,\"publisher\":{\"@id\":\"https:\\\/\\\/www.cidademarketing.com.br\\\/marketing\\\/#organization\"},\"image\":{\"@id\":\"https:\\\/\\\/www.cidademarketing.com.br\\\/marketing\\\/2019\\\/01\\\/02\\\/termometro-com-mercurio-nao-sera-mais-fabricado-importado-e-comercializado-no-brasil\\\/#primaryimage\"},\"thumbnailUrl\":\"https:\\\/\\\/www.cidademarketing.com.br\\\/marketing\\\/wp-content\\\/uploads\\\/2019\\\/01\\\/termometro_mercurio.jpeg\",\"keywords\":[\"consumidor\",\"marketing\",\"term\u00f4metro\"],\"articleSection\":[\"Consumidor\",\"Not\u00edcias\"],\"inLanguage\":\"pt-BR\",\"potentialAction\":[{\"@type\":\"CommentAction\",\"name\":\"Comment\",\"target\":[\"https:\\\/\\\/www.cidademarketing.com.br\\\/marketing\\\/2019\\\/01\\\/02\\\/termometro-com-mercurio-nao-sera-mais-fabricado-importado-e-comercializado-no-brasil\\\/#respond\"]}]},{\"@type\":\"WebPage\",\"@id\":\"https:\\\/\\\/www.cidademarketing.com.br\\\/marketing\\\/2019\\\/01\\\/02\\\/termometro-com-mercurio-nao-sera-mais-fabricado-importado-e-comercializado-no-brasil\\\/\",\"url\":\"https:\\\/\\\/www.cidademarketing.com.br\\\/marketing\\\/2019\\\/01\\\/02\\\/termometro-com-mercurio-nao-sera-mais-fabricado-importado-e-comercializado-no-brasil\\\/\",\"name\":\"Term\u00f4metro com merc\u00fario n\u00e3o ser\u00e1 mais fabricado, importado e comercializado no Brasil - CidadeMarketing\",\"isPartOf\":{\"@id\":\"https:\\\/\\\/www.cidademarketing.com.br\\\/marketing\\\/#website\"},\"primaryImageOfPage\":{\"@id\":\"https:\\\/\\\/www.cidademarketing.com.br\\\/marketing\\\/2019\\\/01\\\/02\\\/termometro-com-mercurio-nao-sera-mais-fabricado-importado-e-comercializado-no-brasil\\\/#primaryimage\"},\"image\":{\"@id\":\"https:\\\/\\\/www.cidademarketing.com.br\\\/marketing\\\/2019\\\/01\\\/02\\\/termometro-com-mercurio-nao-sera-mais-fabricado-importado-e-comercializado-no-brasil\\\/#primaryimage\"},\"thumbnailUrl\":\"https:\\\/\\\/www.cidademarketing.com.br\\\/marketing\\\/wp-content\\\/uploads\\\/2019\\\/01\\\/termometro_mercurio.jpeg\",\"datePublished\":\"2019-01-02T04:06:48+00:00\",\"dateModified\":\"2019-01-02T04:06:49+00:00\",\"breadcrumb\":{\"@id\":\"https:\\\/\\\/www.cidademarketing.com.br\\\/marketing\\\/2019\\\/01\\\/02\\\/termometro-com-mercurio-nao-sera-mais-fabricado-importado-e-comercializado-no-brasil\\\/#breadcrumb\"},\"inLanguage\":\"pt-BR\",\"potentialAction\":[{\"@type\":\"ReadAction\",\"target\":[\"https:\\\/\\\/www.cidademarketing.com.br\\\/marketing\\\/2019\\\/01\\\/02\\\/termometro-com-mercurio-nao-sera-mais-fabricado-importado-e-comercializado-no-brasil\\\/\"]}]},{\"@type\":\"ImageObject\",\"inLanguage\":\"pt-BR\",\"@id\":\"https:\\\/\\\/www.cidademarketing.com.br\\\/marketing\\\/2019\\\/01\\\/02\\\/termometro-com-mercurio-nao-sera-mais-fabricado-importado-e-comercializado-no-brasil\\\/#primaryimage\",\"url\":\"https:\\\/\\\/www.cidademarketing.com.br\\\/marketing\\\/wp-content\\\/uploads\\\/2019\\\/01\\\/termometro_mercurio.jpeg\",\"contentUrl\":\"https:\\\/\\\/www.cidademarketing.com.br\\\/marketing\\\/wp-content\\\/uploads\\\/2019\\\/01\\\/termometro_mercurio.jpeg\",\"width\":660,\"height\":360,\"caption\":\"Pixabay\"},{\"@type\":\"BreadcrumbList\",\"@id\":\"https:\\\/\\\/www.cidademarketing.com.br\\\/marketing\\\/2019\\\/01\\\/02\\\/termometro-com-mercurio-nao-sera-mais-fabricado-importado-e-comercializado-no-brasil\\\/#breadcrumb\",\"itemListElement\":[{\"@type\":\"ListItem\",\"position\":1,\"name\":\"In\u00edcio\",\"item\":\"https:\\\/\\\/www.cidademarketing.com.br\\\/marketing\\\/\"},{\"@type\":\"ListItem\",\"position\":2,\"name\":\"Term\u00f4metro com merc\u00fario n\u00e3o ser\u00e1 mais fabricado, importado e comercializado no Brasil\"}]},{\"@type\":\"WebSite\",\"@id\":\"https:\\\/\\\/www.cidademarketing.com.br\\\/marketing\\\/#website\",\"url\":\"https:\\\/\\\/www.cidademarketing.com.br\\\/marketing\\\/\",\"name\":\"CidadeMarketing\",\"description\":\"Somos um ve\u00edculo de comunica\u00e7\u00e3o de destaque no Brasil, reconhecido por conte\u00fados nos segmentos de marketing, empreendedorismo e inova\u00e7\u00e3o.\",\"publisher\":{\"@id\":\"https:\\\/\\\/www.cidademarketing.com.br\\\/marketing\\\/#organization\"},\"alternateName\":\"CidadeMarketing\",\"potentialAction\":[{\"@type\":\"SearchAction\",\"target\":{\"@type\":\"EntryPoint\",\"urlTemplate\":\"https:\\\/\\\/www.cidademarketing.com.br\\\/marketing\\\/?s={search_term_string}\"},\"query-input\":{\"@type\":\"PropertyValueSpecification\",\"valueRequired\":true,\"valueName\":\"search_term_string\"}}],\"inLanguage\":\"pt-BR\"},{\"@type\":\"Organization\",\"@id\":\"https:\\\/\\\/www.cidademarketing.com.br\\\/marketing\\\/#organization\",\"name\":\"CidadeMarketing\",\"alternateName\":\"CidadeMarketing\",\"url\":\"https:\\\/\\\/www.cidademarketing.com.br\\\/marketing\\\/\",\"logo\":{\"@type\":\"ImageObject\",\"inLanguage\":\"pt-BR\",\"@id\":\"https:\\\/\\\/www.cidademarketing.com.br\\\/marketing\\\/#\\\/schema\\\/logo\\\/image\\\/\",\"url\":\"https:\\\/\\\/www.cidademarketing.com.br\\\/marketing\\\/wp-content\\\/uploads\\\/2020\\\/01\\\/cidademarketing_marca_mobile.png\",\"contentUrl\":\"https:\\\/\\\/www.cidademarketing.com.br\\\/marketing\\\/wp-content\\\/uploads\\\/2020\\\/01\\\/cidademarketing_marca_mobile.png\",\"width\":230,\"height\":92,\"caption\":\"CidadeMarketing\"},\"image\":{\"@id\":\"https:\\\/\\\/www.cidademarketing.com.br\\\/marketing\\\/#\\\/schema\\\/logo\\\/image\\\/\"},\"sameAs\":[\"https:\\\/\\\/www.facebook.com\\\/portalcidademarketing\",\"https:\\\/\\\/x.com\\\/CidadeMarketing\",\"https:\\\/\\\/www.instagram.com\\\/cidademarketing\\\/\"]},{\"@type\":\"Person\",\"@id\":\"https:\\\/\\\/www.cidademarketing.com.br\\\/marketing\\\/#\\\/schema\\\/person\\\/02daff9f18bd9378c9e01eb6b2db155f\",\"name\":\"Thales Brand\u00e3o\",\"image\":{\"@type\":\"ImageObject\",\"inLanguage\":\"pt-BR\",\"@id\":\"https:\\\/\\\/secure.gravatar.com\\\/avatar\\\/7ca3206950207cc3cb48feec56a8a7898741ab725c368d99d5d7a5a50aab80c6?s=96&d=mm&r=g\",\"url\":\"https:\\\/\\\/secure.gravatar.com\\\/avatar\\\/7ca3206950207cc3cb48feec56a8a7898741ab725c368d99d5d7a5a50aab80c6?s=96&d=mm&r=g\",\"contentUrl\":\"https:\\\/\\\/secure.gravatar.com\\\/avatar\\\/7ca3206950207cc3cb48feec56a8a7898741ab725c368d99d5d7a5a50aab80c6?s=96&d=mm&r=g\",\"caption\":\"Thales Brand\u00e3o\"},\"description\":\"Editor Executivo do Portal CidadeMarketing.com.br &gt; Mestre em Comunica\u00e7\u00e3o e Sociedade pela Universidade Federal de Sergipe. Possui MBA Executivo em Administra\u00e7\u00e3o com \u00eanfase em Marketing pela Funda\u00e7\u00e3o Get\u00falio Vargas - Rio de Janeiro. Consultor, Palestrante e Pesquisador sobre Empreendedorismo, Marketing, Redes Sociais e Neg\u00f3cios Digitais. Professor, Palestrante TedxTalks e Campus Party. Twitter: @ThalesBrandao\",\"sameAs\":[\"http:\\\/\\\/www.mandacaru.com.br\",\"https:\\\/\\\/www.facebook.com\\\/thalesbrandao\",\"http:\\\/\\\/www.instagram.com.br\\\/thalesbrandaoferreira\",\"https:\\\/\\\/www.linkedin.com\\\/in\\\/thales-brand\u00e3o-3948609\\\/\",\"https:\\\/\\\/x.com\\\/http:\\\/\\\/www.twitter.com\\\/thalesbrandao\"],\"url\":\"https:\\\/\\\/www.cidademarketing.com.br\\\/marketing\\\/author\\\/thalesbrandao\\\/\"}]}<\/script>\n<!-- \/ Yoast SEO plugin. -->","yoast_head_json":{"title":"Term\u00f4metro com merc\u00fario n\u00e3o ser\u00e1 mais fabricado, importado e comercializado no Brasil - CidadeMarketing","robots":{"index":"index","follow":"follow","max-snippet":"max-snippet:-1","max-image-preview":"max-image-preview:large","max-video-preview":"max-video-preview:-1"},"canonical":"https:\/\/www.cidademarketing.com.br\/marketing\/2019\/01\/02\/termometro-com-mercurio-nao-sera-mais-fabricado-importado-e-comercializado-no-brasil\/","og_locale":"pt_BR","og_type":"article","og_title":"Term\u00f4metro com merc\u00fario n\u00e3o ser\u00e1 mais fabricado, importado e comercializado no Brasil - CidadeMarketing","og_description":"A decis\u00e3o aconteceu em 07 de mar\u00e7o de 2017, quando foi publicada no Di\u00e1rio Oficial da Uni\u00e3o, e passa a valer agora em 2019. Em 2017, por meio de nota, o Minist\u00e9rio da Sa\u00fade informou que a determina\u00e7\u00e3o, aprovada pela pr\u00f3pria pasta e pela Ag\u00eancia Nacional de Vigil\u00e2ncia Sanit\u00e1ria (Anvisa), cumpre o compromisso assumido pelo [&hellip;]","og_url":"https:\/\/www.cidademarketing.com.br\/marketing\/2019\/01\/02\/termometro-com-mercurio-nao-sera-mais-fabricado-importado-e-comercializado-no-brasil\/","og_site_name":"CidadeMarketing","article_publisher":"https:\/\/www.facebook.com\/portalcidademarketing","article_author":"https:\/\/www.facebook.com\/thalesbrandao","article_published_time":"2019-01-02T04:06:48+00:00","article_modified_time":"2019-01-02T04:06:49+00:00","og_image":[{"width":660,"height":360,"url":"https:\/\/www.cidademarketing.com.br\/marketing\/wp-content\/uploads\/2019\/01\/termometro_mercurio.jpeg","type":"image\/jpeg"}],"author":"Thales Brand\u00e3o","twitter_card":"summary_large_image","twitter_creator":"@http:\/\/www.twitter.com\/thalesbrandao","twitter_site":"@CidadeMarketing","twitter_misc":{"Escrito por":"Thales Brand\u00e3o","Est. tempo de leitura":"2 minutos"},"schema":{"@context":"https:\/\/schema.org","@graph":[{"@type":"Article","@id":"https:\/\/www.cidademarketing.com.br\/marketing\/2019\/01\/02\/termometro-com-mercurio-nao-sera-mais-fabricado-importado-e-comercializado-no-brasil\/#article","isPartOf":{"@id":"https:\/\/www.cidademarketing.com.br\/marketing\/2019\/01\/02\/termometro-com-mercurio-nao-sera-mais-fabricado-importado-e-comercializado-no-brasil\/"},"author":{"name":"Thales Brand\u00e3o","@id":"https:\/\/www.cidademarketing.com.br\/marketing\/#\/schema\/person\/02daff9f18bd9378c9e01eb6b2db155f"},"headline":"Term\u00f4metro com merc\u00fario n\u00e3o ser\u00e1 mais fabricado, importado e comercializado no Brasil","datePublished":"2019-01-02T04:06:48+00:00","dateModified":"2019-01-02T04:06:49+00:00","mainEntityOfPage":{"@id":"https:\/\/www.cidademarketing.com.br\/marketing\/2019\/01\/02\/termometro-com-mercurio-nao-sera-mais-fabricado-importado-e-comercializado-no-brasil\/"},"wordCount":341,"commentCount":0,"publisher":{"@id":"https:\/\/www.cidademarketing.com.br\/marketing\/#organization"},"image":{"@id":"https:\/\/www.cidademarketing.com.br\/marketing\/2019\/01\/02\/termometro-com-mercurio-nao-sera-mais-fabricado-importado-e-comercializado-no-brasil\/#primaryimage"},"thumbnailUrl":"https:\/\/www.cidademarketing.com.br\/marketing\/wp-content\/uploads\/2019\/01\/termometro_mercurio.jpeg","keywords":["consumidor","marketing","term\u00f4metro"],"articleSection":["Consumidor","Not\u00edcias"],"inLanguage":"pt-BR","potentialAction":[{"@type":"CommentAction","name":"Comment","target":["https:\/\/www.cidademarketing.com.br\/marketing\/2019\/01\/02\/termometro-com-mercurio-nao-sera-mais-fabricado-importado-e-comercializado-no-brasil\/#respond"]}]},{"@type":"WebPage","@id":"https:\/\/www.cidademarketing.com.br\/marketing\/2019\/01\/02\/termometro-com-mercurio-nao-sera-mais-fabricado-importado-e-comercializado-no-brasil\/","url":"https:\/\/www.cidademarketing.com.br\/marketing\/2019\/01\/02\/termometro-com-mercurio-nao-sera-mais-fabricado-importado-e-comercializado-no-brasil\/","name":"Term\u00f4metro com merc\u00fario n\u00e3o ser\u00e1 mais fabricado, importado e comercializado no Brasil - CidadeMarketing","isPartOf":{"@id":"https:\/\/www.cidademarketing.com.br\/marketing\/#website"},"primaryImageOfPage":{"@id":"https:\/\/www.cidademarketing.com.br\/marketing\/2019\/01\/02\/termometro-com-mercurio-nao-sera-mais-fabricado-importado-e-comercializado-no-brasil\/#primaryimage"},"image":{"@id":"https:\/\/www.cidademarketing.com.br\/marketing\/2019\/01\/02\/termometro-com-mercurio-nao-sera-mais-fabricado-importado-e-comercializado-no-brasil\/#primaryimage"},"thumbnailUrl":"https:\/\/www.cidademarketing.com.br\/marketing\/wp-content\/uploads\/2019\/01\/termometro_mercurio.jpeg","datePublished":"2019-01-02T04:06:48+00:00","dateModified":"2019-01-02T04:06:49+00:00","breadcrumb":{"@id":"https:\/\/www.cidademarketing.com.br\/marketing\/2019\/01\/02\/termometro-com-mercurio-nao-sera-mais-fabricado-importado-e-comercializado-no-brasil\/#breadcrumb"},"inLanguage":"pt-BR","potentialAction":[{"@type":"ReadAction","target":["https:\/\/www.cidademarketing.com.br\/marketing\/2019\/01\/02\/termometro-com-mercurio-nao-sera-mais-fabricado-importado-e-comercializado-no-brasil\/"]}]},{"@type":"ImageObject","inLanguage":"pt-BR","@id":"https:\/\/www.cidademarketing.com.br\/marketing\/2019\/01\/02\/termometro-com-mercurio-nao-sera-mais-fabricado-importado-e-comercializado-no-brasil\/#primaryimage","url":"https:\/\/www.cidademarketing.com.br\/marketing\/wp-content\/uploads\/2019\/01\/termometro_mercurio.jpeg","contentUrl":"https:\/\/www.cidademarketing.com.br\/marketing\/wp-content\/uploads\/2019\/01\/termometro_mercurio.jpeg","width":660,"height":360,"caption":"Pixabay"},{"@type":"BreadcrumbList","@id":"https:\/\/www.cidademarketing.com.br\/marketing\/2019\/01\/02\/termometro-com-mercurio-nao-sera-mais-fabricado-importado-e-comercializado-no-brasil\/#breadcrumb","itemListElement":[{"@type":"ListItem","position":1,"name":"In\u00edcio","item":"https:\/\/www.cidademarketing.com.br\/marketing\/"},{"@type":"ListItem","position":2,"name":"Term\u00f4metro com merc\u00fario n\u00e3o ser\u00e1 mais fabricado, importado e comercializado no Brasil"}]},{"@type":"WebSite","@id":"https:\/\/www.cidademarketing.com.br\/marketing\/#website","url":"https:\/\/www.cidademarketing.com.br\/marketing\/","name":"CidadeMarketing","description":"Somos um ve\u00edculo de comunica\u00e7\u00e3o de destaque no Brasil, reconhecido por conte\u00fados nos segmentos de marketing, empreendedorismo e inova\u00e7\u00e3o.","publisher":{"@id":"https:\/\/www.cidademarketing.com.br\/marketing\/#organization"},"alternateName":"CidadeMarketing","potentialAction":[{"@type":"SearchAction","target":{"@type":"EntryPoint","urlTemplate":"https:\/\/www.cidademarketing.com.br\/marketing\/?s={search_term_string}"},"query-input":{"@type":"PropertyValueSpecification","valueRequired":true,"valueName":"search_term_string"}}],"inLanguage":"pt-BR"},{"@type":"Organization","@id":"https:\/\/www.cidademarketing.com.br\/marketing\/#organization","name":"CidadeMarketing","alternateName":"CidadeMarketing","url":"https:\/\/www.cidademarketing.com.br\/marketing\/","logo":{"@type":"ImageObject","inLanguage":"pt-BR","@id":"https:\/\/www.cidademarketing.com.br\/marketing\/#\/schema\/logo\/image\/","url":"https:\/\/www.cidademarketing.com.br\/marketing\/wp-content\/uploads\/2020\/01\/cidademarketing_marca_mobile.png","contentUrl":"https:\/\/www.cidademarketing.com.br\/marketing\/wp-content\/uploads\/2020\/01\/cidademarketing_marca_mobile.png","width":230,"height":92,"caption":"CidadeMarketing"},"image":{"@id":"https:\/\/www.cidademarketing.com.br\/marketing\/#\/schema\/logo\/image\/"},"sameAs":["https:\/\/www.facebook.com\/portalcidademarketing","https:\/\/x.com\/CidadeMarketing","https:\/\/www.instagram.com\/cidademarketing\/"]},{"@type":"Person","@id":"https:\/\/www.cidademarketing.com.br\/marketing\/#\/schema\/person\/02daff9f18bd9378c9e01eb6b2db155f","name":"Thales Brand\u00e3o","image":{"@type":"ImageObject","inLanguage":"pt-BR","@id":"https:\/\/secure.gravatar.com\/avatar\/7ca3206950207cc3cb48feec56a8a7898741ab725c368d99d5d7a5a50aab80c6?s=96&d=mm&r=g","url":"https:\/\/secure.gravatar.com\/avatar\/7ca3206950207cc3cb48feec56a8a7898741ab725c368d99d5d7a5a50aab80c6?s=96&d=mm&r=g","contentUrl":"https:\/\/secure.gravatar.com\/avatar\/7ca3206950207cc3cb48feec56a8a7898741ab725c368d99d5d7a5a50aab80c6?s=96&d=mm&r=g","caption":"Thales Brand\u00e3o"},"description":"Editor Executivo do Portal CidadeMarketing.com.br &gt; Mestre em Comunica\u00e7\u00e3o e Sociedade pela Universidade Federal de Sergipe. Possui MBA Executivo em Administra\u00e7\u00e3o com \u00eanfase em Marketing pela Funda\u00e7\u00e3o Get\u00falio Vargas - Rio de Janeiro. Consultor, Palestrante e Pesquisador sobre Empreendedorismo, Marketing, Redes Sociais e Neg\u00f3cios Digitais. Professor, Palestrante TedxTalks e Campus Party. Twitter: @ThalesBrandao","sameAs":["http:\/\/www.mandacaru.com.br","https:\/\/www.facebook.com\/thalesbrandao","http:\/\/www.instagram.com.br\/thalesbrandaoferreira","https:\/\/www.linkedin.com\/in\/thales-brand\u00e3o-3948609\/","https:\/\/x.com\/http:\/\/www.twitter.com\/thalesbrandao"],"url":"https:\/\/www.cidademarketing.com.br\/marketing\/author\/thalesbrandao\/"}]}},"amp_enabled":true,"_links":{"self":[{"href":"https:\/\/www.cidademarketing.com.br\/marketing\/wp-json\/wp\/v2\/posts\/4564","targetHints":{"allow":["GET"]}}],"collection":[{"href":"https:\/\/www.cidademarketing.com.br\/marketing\/wp-json\/wp\/v2\/posts"}],"about":[{"href":"https:\/\/www.cidademarketing.com.br\/marketing\/wp-json\/wp\/v2\/types\/post"}],"author":[{"embeddable":true,"href":"https:\/\/www.cidademarketing.com.br\/marketing\/wp-json\/wp\/v2\/users\/1"}],"replies":[{"embeddable":true,"href":"https:\/\/www.cidademarketing.com.br\/marketing\/wp-json\/wp\/v2\/comments?post=4564"}],"version-history":[{"count":1,"href":"https:\/\/www.cidademarketing.com.br\/marketing\/wp-json\/wp\/v2\/posts\/4564\/revisions"}],"predecessor-version":[{"id":4566,"href":"https:\/\/www.cidademarketing.com.br\/marketing\/wp-json\/wp\/v2\/posts\/4564\/revisions\/4566"}],"wp:featuredmedia":[{"embeddable":true,"href":"https:\/\/www.cidademarketing.com.br\/marketing\/wp-json\/wp\/v2\/media\/4565"}],"wp:attachment":[{"href":"https:\/\/www.cidademarketing.com.br\/marketing\/wp-json\/wp\/v2\/media?parent=4564"}],"wp:term":[{"taxonomy":"category","embeddable":true,"href":"https:\/\/www.cidademarketing.com.br\/marketing\/wp-json\/wp\/v2\/categories?post=4564"},{"taxonomy":"post_tag","embeddable":true,"href":"https:\/\/www.cidademarketing.com.br\/marketing\/wp-json\/wp\/v2\/tags?post=4564"}],"curies":[{"name":"wp","href":"https:\/\/api.w.org\/{rel}","templated":true}]}}