{"id":4560,"date":"2019-01-02T01:31:10","date_gmt":"2019-01-02T03:31:10","guid":{"rendered":"http:\/\/www.cidademarketing.com.br\/marketing\/?p=4560"},"modified":"2019-01-02T01:33:01","modified_gmt":"2019-01-02T03:33:01","slug":"bolsonaro-assina-decreto-que-eleva-o-salario-minimo-para-r-998","status":"publish","type":"post","link":"https:\/\/www.cidademarketing.com.br\/marketing\/2019\/01\/02\/bolsonaro-assina-decreto-que-eleva-o-salario-minimo-para-r-998\/","title":{"rendered":"Bolsonaro assina decreto que eleva o sal\u00e1rio m\u00ednimo para R$ 998"},"content":{"rendered":"\n<p>O presidente Jair Bolsonaro assinou decreto em que estabelece que o sal\u00e1rio m\u00ednimo passar\u00e1 de R$ 954 para R$ 998 este ano. O valor j\u00e1 est\u00e1 em vigor a partir de hoje (1\u00ba). Foi o primeiro decreto assinado por Bolsonaro, que tomou posse nesta ter\u00e7a-feira. <\/p>\n\n\n\n<p>O decreto foi publicado em edi\u00e7\u00e3o extra do <a href=\"http:\/\/www.in.gov.br\/web\/guest\/materia\/-\/asset_publisher\/Kujrw0TZC2Mb\/content\/id\/57510734\/do1esp-2019-01-01-decreto-n-9-661-de-1-de-janeiro-de-2019-57510684\" target=\"_blank\" rel=\"noreferrer noopener\" aria-label=\"Di\u00e1rio Oficial da Uni\u00e3o (abre em uma nova aba)\">Di\u00e1rio Oficial da Uni\u00e3o<\/a>, assinado por Bolsonaro e o ministro da Economia, Paulo Guedes. <\/p>\n\n\n\n<p>O sal\u00e1rio m\u00ednimo \u00e9 usado como refer\u00eancia para os benef\u00edcios assistenciais e previdenci\u00e1rios. O m\u00ednimo \u00e9 corrigido pela infla\u00e7\u00e3o do ano anterior, medida pelo \u00cdndice Nacional de Pre\u00e7os ao Consumidor (INPC) mais a varia\u00e7\u00e3o do Produto Interno Bruto (PIB, soma dos bens e dos servi\u00e7os produzidos no pa\u00eds) dos dois anos anteriores.<\/p>\n\n\n\n<p>Jair Bolsonaro editou uma medida provis\u00f3ria que estabelece a organiza\u00e7\u00e3o b\u00e1sica dos \u00f3rg\u00e3os da Presid\u00eancia da Rep\u00fablica e dos minist\u00e9rios. Em outro decreto, o governo altera a organiza\u00e7\u00e3o das entidades da administra\u00e7\u00e3o p\u00fablica federal indireta. Foram publicados tamb\u00e9m os decretos de nomea\u00e7\u00e3o dos novos ministros.<\/p>\n\n\n\n<p>A lei que criou o sal\u00e1rio m\u00ednimo foi assinada em 1936, pelo ent\u00e3o presidente Get\u00falio Vargas. A legisla\u00e7\u00e3o definiu o valor como a remunera\u00e7\u00e3o m\u00ednima devida ao trabalhador, capaz de satisfazer suas necessidades de alimenta\u00e7\u00e3o, vestu\u00e1rio, habita\u00e7\u00e3o, higiene e transporte.  Para o Dieese, o sal\u00e1rio m\u00ednimo ideal para sustentar uma fam\u00edlia de quatro pessoas deveria ser de R$ 3.959,98.<\/p>\n\n\n\n<p><strong>Vig\u00eancia: 01\/01\/2019 &#8211; R$ 998,00 &#8211; <\/strong><a rel=\"noreferrer noopener\" aria-label=\"DECRETO N\u00ba 9.661 (abre em uma nova aba)\" href=\"http:\/\/www.in.gov.br\/web\/guest\/materia\/-\/asset_publisher\/Kujrw0TZC2Mb\/content\/id\/57510734\/do1esp-2019-01-01-decreto-n-9-661-de-1-de-janeiro-de-2019-57510684\" target=\"_blank\"><strong>DECRETO N\u00ba 9.661<\/strong><\/a><\/p>\n\n\n\n<p>Confira a evolu\u00e7\u00e3o do sal\u00e1rio m\u00ednimo:<\/p>\n\n\n\n<table class=\"wp-block-table\"><tbody><tr><td><strong>VIG\u00caNCIA<\/strong><\/td><td><strong>VALOR MENSAL<\/strong><\/td><td><strong>VALOR DI\u00c1RIO<\/strong><\/td><td><strong>VALOR HORA<\/strong><\/td><td><strong>NORMA LEGAL<\/strong><\/td><td><strong>D.O.U.<\/strong><\/td><\/tr><tr><td>01.01.2018<\/td><td>R$ 954,00<\/td><td>R$ 31,80<\/td><td>R$ 4,34<\/td><td>Decreto 9.255\/2017<\/td><td>29.12.2017<\/td><\/tr><tr><td>01.01.2017<\/td><td>R$ 937,00<\/td><td>R$ 31,23<\/td><td>R$ 4,26<\/td><td>Decreto 8.948\/2016<\/td><td>30.12.2016<\/td><\/tr><tr><td>01.01.2016<\/td><td>R$ 880,00<\/td><td>R$ 29,33<\/td><td>R$ 4,00<\/td><td>Decreto 8.618\/201<a href=\"http:\/\/www.normaslegais.com.br\/legislacao\/decreto-8166-2013.htm\">5<\/a><\/td><td>30.12.2015<\/td><\/tr><tr><td>01.01.2015<\/td><td>R$ 788,00<\/td><td>R$ 26,27<\/td><td>R$ 3,58<\/td><td>Decreto 8.381\/2014<\/td><td>30.12.2014<\/td><\/tr><tr><td>01.01.2014<\/td><td>R$ 724,00<\/td><td>R$ 24,13<\/td><td>R$ 3,29<\/td><td>Decreto 8.166\/2013<\/td><td>24.12.2013<\/td><\/tr><tr><td>01.01.2013<\/td><td>R$ 678,00<\/td><td>R$ 22,60<\/td><td>R$ 3,08<\/td><td>Decreto 7.872\/2012<\/td><td>26.12.2012<\/td><\/tr><tr><td>01.01.2012<\/td><td>R$ 622,00<\/td><td>R$ 20,73<\/td><td>R$ 2,83<\/td><td>Decreto 7.655\/2011<\/td><td>26.12.2011<\/td><\/tr><tr><td>01.03.2011<\/td><td>R$ 545,00<\/td><td>R$ 18,17<\/td><td>R$ 2,48<\/td><td>Lei 12.382\/2011<\/td><td>28.02.2011<\/td><\/tr><tr><td>01.01.2011<\/td><td>R$ 540,00<\/td><td>R$ 18,00<\/td><td>R$ 2,45<\/td><td>MP 516\/2010<\/td><td>31.12.2010<\/td><\/tr><tr><td>01.01.2010<\/td><td>R$ 510,00<\/td><td>R$ 17,00<\/td><td>R$ 2,32<\/td><td>Lei 12.255\/2010<\/td><td>16.06.2010<\/td><\/tr><tr><td>01.02.2009<\/td><td>R$ 465,00<\/td><td>R$ 15,50<\/td><td>R$ 2,11<\/td><td>Lei 11.944\/2009<\/td><td>29.05.2009<\/td><\/tr><tr><td>01.03.2008<\/td><td>R$ 415,00<\/td><td>R$ 13,83<\/td><td>R$ 1,89<\/td><td>Lei 11.709\/2008<\/td><td>20.06.2008<\/td><\/tr><tr><td>01.04.2007<\/td><td>R$ 380,00<\/td><td>R$ 12,67<\/td><td>R$ 1,73<\/td><td>Lei 11.498\/2007<\/td><td>29.06.2007<\/td><\/tr><tr><td>01.04.2006<\/td><td>R$ 350,00<\/td><td>R$ 11,67<\/td><td>R$ 1,59<\/td><td>MP 288\/2006<\/td><td>31.03.2006<\/td><\/tr><tr><td>01.05.2005<\/td><td>R$ 300,00<\/td><td>R$ 10,00<\/td><td>R$ 1,36<\/td><td>Lei 11.164\/2005<\/td><td>22.04.2005<\/td><\/tr><tr><td>01.05.2004<\/td><td>R$ 260,00<\/td><td>R$ 8,67<\/td><td>R$ 1,18<\/td><td>MP 182\/2004<\/td><td>30.04.2004<\/td><\/tr><tr><td>01.04.2003<\/td><td>R$ 240,00<\/td><td>R$ 8,00<\/td><td>R$ 1,09<\/td><td>MP 116\/2003<\/td><td>03.04.2003<\/td><\/tr><tr><td>01.04.2002<\/td><td>R$ 200,00<\/td><td>R$ 6,67<\/td><td>R$ 0,91<\/td><td>MP 35\/2002<\/td><td>28.03.2002<\/td><\/tr><tr><td>01.04.2001<\/td><td>R$ 180,00<\/td><td>R$ 6,00<\/td><td>R$ 0,82<\/td><td>MP 2.142\/2001 (atual 2.194-5)<\/td><td>30.03.2001<\/td><\/tr><tr><td>03.04.2000<\/td><td>R$ 151,00<\/td><td>R$ 5,03<\/td><td>R$ 0,69<\/td><td>Lei 9.971\/2000<\/td><td>24.03.2000<\/td><\/tr><\/tbody><\/table>\n\n\n\n<p><strong>CidadeMarketing com informa\u00e7\u00f5es da EBC.<\/strong><\/p>\n","protected":false},"excerpt":{"rendered":"<p>O presidente Jair Bolsonaro assinou decreto em que estabelece que o sal\u00e1rio m\u00ednimo passar\u00e1 de R$ 954 para R$ 998 este ano. O valor j\u00e1 est\u00e1 em vigor a partir de hoje (1\u00ba). Foi o primeiro decreto assinado por Bolsonaro, que tomou posse nesta ter\u00e7a-feira. O decreto foi publicado em edi\u00e7\u00e3o extra do Di\u00e1rio Oficial [&hellip;]<\/p>\n","protected":false},"author":1,"featured_media":4561,"comment_status":"open","ping_status":"open","sticky":false,"template":"","format":"standard","meta":{"tdm_status":"","tdm_grid_status":"","footnotes":""},"categories":[6],"tags":[1034,147,1010,28],"class_list":["post-4560","post","type-post","status-publish","format-standard","has-post-thumbnail","hentry","category-noticias","tag-bolsonaro","tag-brasil","tag-jair-bolsonaro","tag-marketing"],"yoast_head":"<!-- This site is optimized with the Yoast SEO plugin v27.5 - https:\/\/yoast.com\/product\/yoast-seo-wordpress\/ -->\n<title>Bolsonaro assina decreto que eleva o sal\u00e1rio m\u00ednimo para R$ 998 - CidadeMarketing<\/title>\n<meta name=\"robots\" content=\"index, follow, max-snippet:-1, max-image-preview:large, max-video-preview:-1\" \/>\n<link rel=\"canonical\" href=\"https:\/\/www.cidademarketing.com.br\/marketing\/2019\/01\/02\/bolsonaro-assina-decreto-que-eleva-o-salario-minimo-para-r-998\/\" \/>\n<meta property=\"og:locale\" content=\"pt_BR\" \/>\n<meta property=\"og:type\" content=\"article\" \/>\n<meta property=\"og:title\" content=\"Bolsonaro assina decreto que eleva o sal\u00e1rio m\u00ednimo para R$ 998 - CidadeMarketing\" \/>\n<meta property=\"og:description\" content=\"O presidente Jair Bolsonaro assinou decreto em que estabelece que o sal\u00e1rio m\u00ednimo passar\u00e1 de R$ 954 para R$ 998 este ano. O valor j\u00e1 est\u00e1 em vigor a partir de hoje (1\u00ba). Foi o primeiro decreto assinado por Bolsonaro, que tomou posse nesta ter\u00e7a-feira. O decreto foi publicado em edi\u00e7\u00e3o extra do Di\u00e1rio Oficial [&hellip;]\" \/>\n<meta property=\"og:url\" content=\"https:\/\/www.cidademarketing.com.br\/marketing\/2019\/01\/02\/bolsonaro-assina-decreto-que-eleva-o-salario-minimo-para-r-998\/\" \/>\n<meta property=\"og:site_name\" content=\"CidadeMarketing\" \/>\n<meta property=\"article:publisher\" content=\"https:\/\/www.facebook.com\/portalcidademarketing\" \/>\n<meta property=\"article:author\" content=\"https:\/\/www.facebook.com\/thalesbrandao\" \/>\n<meta property=\"article:published_time\" content=\"2019-01-02T03:31:10+00:00\" \/>\n<meta property=\"article:modified_time\" content=\"2019-01-02T03:33:01+00:00\" \/>\n<meta property=\"og:image\" content=\"https:\/\/www.cidademarketing.com.br\/marketing\/wp-content\/uploads\/2019\/01\/salariominimo.jpg\" \/>\n\t<meta property=\"og:image:width\" content=\"1080\" \/>\n\t<meta property=\"og:image:height\" content=\"906\" \/>\n\t<meta property=\"og:image:type\" content=\"image\/jpeg\" \/>\n<meta name=\"author\" content=\"Thales Brand\u00e3o\" \/>\n<meta name=\"twitter:card\" content=\"summary_large_image\" \/>\n<meta name=\"twitter:creator\" content=\"@http:\/\/www.twitter.com\/thalesbrandao\" \/>\n<meta name=\"twitter:site\" content=\"@CidadeMarketing\" \/>\n<meta name=\"twitter:label1\" content=\"Escrito por\" \/>\n\t<meta name=\"twitter:data1\" content=\"Thales Brand\u00e3o\" \/>\n\t<meta name=\"twitter:label2\" content=\"Est. tempo de leitura\" \/>\n\t<meta name=\"twitter:data2\" content=\"2 minutos\" \/>\n<script type=\"application\/ld+json\" class=\"yoast-schema-graph\">{\"@context\":\"https:\\\/\\\/schema.org\",\"@graph\":[{\"@type\":\"Article\",\"@id\":\"https:\\\/\\\/www.cidademarketing.com.br\\\/marketing\\\/2019\\\/01\\\/02\\\/bolsonaro-assina-decreto-que-eleva-o-salario-minimo-para-r-998\\\/#article\",\"isPartOf\":{\"@id\":\"https:\\\/\\\/www.cidademarketing.com.br\\\/marketing\\\/2019\\\/01\\\/02\\\/bolsonaro-assina-decreto-que-eleva-o-salario-minimo-para-r-998\\\/\"},\"author\":{\"name\":\"Thales Brand\u00e3o\",\"@id\":\"https:\\\/\\\/www.cidademarketing.com.br\\\/marketing\\\/#\\\/schema\\\/person\\\/02daff9f18bd9378c9e01eb6b2db155f\"},\"headline\":\"Bolsonaro assina decreto que eleva o sal\u00e1rio m\u00ednimo para R$ 998\",\"datePublished\":\"2019-01-02T03:31:10+00:00\",\"dateModified\":\"2019-01-02T03:33:01+00:00\",\"mainEntityOfPage\":{\"@id\":\"https:\\\/\\\/www.cidademarketing.com.br\\\/marketing\\\/2019\\\/01\\\/02\\\/bolsonaro-assina-decreto-que-eleva-o-salario-minimo-para-r-998\\\/\"},\"wordCount\":388,\"commentCount\":0,\"publisher\":{\"@id\":\"https:\\\/\\\/www.cidademarketing.com.br\\\/marketing\\\/#organization\"},\"image\":{\"@id\":\"https:\\\/\\\/www.cidademarketing.com.br\\\/marketing\\\/2019\\\/01\\\/02\\\/bolsonaro-assina-decreto-que-eleva-o-salario-minimo-para-r-998\\\/#primaryimage\"},\"thumbnailUrl\":\"https:\\\/\\\/www.cidademarketing.com.br\\\/marketing\\\/wp-content\\\/uploads\\\/2019\\\/01\\\/salariominimo.jpg\",\"keywords\":[\"Bolsonaro\",\"Brasil\",\"Jair Bolsonaro\",\"marketing\"],\"articleSection\":[\"Not\u00edcias\"],\"inLanguage\":\"pt-BR\",\"potentialAction\":[{\"@type\":\"CommentAction\",\"name\":\"Comment\",\"target\":[\"https:\\\/\\\/www.cidademarketing.com.br\\\/marketing\\\/2019\\\/01\\\/02\\\/bolsonaro-assina-decreto-que-eleva-o-salario-minimo-para-r-998\\\/#respond\"]}]},{\"@type\":\"WebPage\",\"@id\":\"https:\\\/\\\/www.cidademarketing.com.br\\\/marketing\\\/2019\\\/01\\\/02\\\/bolsonaro-assina-decreto-que-eleva-o-salario-minimo-para-r-998\\\/\",\"url\":\"https:\\\/\\\/www.cidademarketing.com.br\\\/marketing\\\/2019\\\/01\\\/02\\\/bolsonaro-assina-decreto-que-eleva-o-salario-minimo-para-r-998\\\/\",\"name\":\"Bolsonaro assina decreto que eleva o sal\u00e1rio m\u00ednimo para R$ 998 - CidadeMarketing\",\"isPartOf\":{\"@id\":\"https:\\\/\\\/www.cidademarketing.com.br\\\/marketing\\\/#website\"},\"primaryImageOfPage\":{\"@id\":\"https:\\\/\\\/www.cidademarketing.com.br\\\/marketing\\\/2019\\\/01\\\/02\\\/bolsonaro-assina-decreto-que-eleva-o-salario-minimo-para-r-998\\\/#primaryimage\"},\"image\":{\"@id\":\"https:\\\/\\\/www.cidademarketing.com.br\\\/marketing\\\/2019\\\/01\\\/02\\\/bolsonaro-assina-decreto-que-eleva-o-salario-minimo-para-r-998\\\/#primaryimage\"},\"thumbnailUrl\":\"https:\\\/\\\/www.cidademarketing.com.br\\\/marketing\\\/wp-content\\\/uploads\\\/2019\\\/01\\\/salariominimo.jpg\",\"datePublished\":\"2019-01-02T03:31:10+00:00\",\"dateModified\":\"2019-01-02T03:33:01+00:00\",\"breadcrumb\":{\"@id\":\"https:\\\/\\\/www.cidademarketing.com.br\\\/marketing\\\/2019\\\/01\\\/02\\\/bolsonaro-assina-decreto-que-eleva-o-salario-minimo-para-r-998\\\/#breadcrumb\"},\"inLanguage\":\"pt-BR\",\"potentialAction\":[{\"@type\":\"ReadAction\",\"target\":[\"https:\\\/\\\/www.cidademarketing.com.br\\\/marketing\\\/2019\\\/01\\\/02\\\/bolsonaro-assina-decreto-que-eleva-o-salario-minimo-para-r-998\\\/\"]}]},{\"@type\":\"ImageObject\",\"inLanguage\":\"pt-BR\",\"@id\":\"https:\\\/\\\/www.cidademarketing.com.br\\\/marketing\\\/2019\\\/01\\\/02\\\/bolsonaro-assina-decreto-que-eleva-o-salario-minimo-para-r-998\\\/#primaryimage\",\"url\":\"https:\\\/\\\/www.cidademarketing.com.br\\\/marketing\\\/wp-content\\\/uploads\\\/2019\\\/01\\\/salariominimo.jpg\",\"contentUrl\":\"https:\\\/\\\/www.cidademarketing.com.br\\\/marketing\\\/wp-content\\\/uploads\\\/2019\\\/01\\\/salariominimo.jpg\",\"width\":1080,\"height\":906},{\"@type\":\"BreadcrumbList\",\"@id\":\"https:\\\/\\\/www.cidademarketing.com.br\\\/marketing\\\/2019\\\/01\\\/02\\\/bolsonaro-assina-decreto-que-eleva-o-salario-minimo-para-r-998\\\/#breadcrumb\",\"itemListElement\":[{\"@type\":\"ListItem\",\"position\":1,\"name\":\"In\u00edcio\",\"item\":\"https:\\\/\\\/www.cidademarketing.com.br\\\/marketing\\\/\"},{\"@type\":\"ListItem\",\"position\":2,\"name\":\"Bolsonaro assina decreto que eleva o sal\u00e1rio m\u00ednimo para R$ 998\"}]},{\"@type\":\"WebSite\",\"@id\":\"https:\\\/\\\/www.cidademarketing.com.br\\\/marketing\\\/#website\",\"url\":\"https:\\\/\\\/www.cidademarketing.com.br\\\/marketing\\\/\",\"name\":\"CidadeMarketing\",\"description\":\"Somos um ve\u00edculo de comunica\u00e7\u00e3o de destaque no Brasil, reconhecido por conte\u00fados nos segmentos de marketing, empreendedorismo e inova\u00e7\u00e3o.\",\"publisher\":{\"@id\":\"https:\\\/\\\/www.cidademarketing.com.br\\\/marketing\\\/#organization\"},\"alternateName\":\"CidadeMarketing\",\"potentialAction\":[{\"@type\":\"SearchAction\",\"target\":{\"@type\":\"EntryPoint\",\"urlTemplate\":\"https:\\\/\\\/www.cidademarketing.com.br\\\/marketing\\\/?s={search_term_string}\"},\"query-input\":{\"@type\":\"PropertyValueSpecification\",\"valueRequired\":true,\"valueName\":\"search_term_string\"}}],\"inLanguage\":\"pt-BR\"},{\"@type\":\"Organization\",\"@id\":\"https:\\\/\\\/www.cidademarketing.com.br\\\/marketing\\\/#organization\",\"name\":\"CidadeMarketing\",\"alternateName\":\"CidadeMarketing\",\"url\":\"https:\\\/\\\/www.cidademarketing.com.br\\\/marketing\\\/\",\"logo\":{\"@type\":\"ImageObject\",\"inLanguage\":\"pt-BR\",\"@id\":\"https:\\\/\\\/www.cidademarketing.com.br\\\/marketing\\\/#\\\/schema\\\/logo\\\/image\\\/\",\"url\":\"https:\\\/\\\/www.cidademarketing.com.br\\\/marketing\\\/wp-content\\\/uploads\\\/2020\\\/01\\\/cidademarketing_marca_mobile.png\",\"contentUrl\":\"https:\\\/\\\/www.cidademarketing.com.br\\\/marketing\\\/wp-content\\\/uploads\\\/2020\\\/01\\\/cidademarketing_marca_mobile.png\",\"width\":230,\"height\":92,\"caption\":\"CidadeMarketing\"},\"image\":{\"@id\":\"https:\\\/\\\/www.cidademarketing.com.br\\\/marketing\\\/#\\\/schema\\\/logo\\\/image\\\/\"},\"sameAs\":[\"https:\\\/\\\/www.facebook.com\\\/portalcidademarketing\",\"https:\\\/\\\/x.com\\\/CidadeMarketing\",\"https:\\\/\\\/www.instagram.com\\\/cidademarketing\\\/\"]},{\"@type\":\"Person\",\"@id\":\"https:\\\/\\\/www.cidademarketing.com.br\\\/marketing\\\/#\\\/schema\\\/person\\\/02daff9f18bd9378c9e01eb6b2db155f\",\"name\":\"Thales Brand\u00e3o\",\"image\":{\"@type\":\"ImageObject\",\"inLanguage\":\"pt-BR\",\"@id\":\"https:\\\/\\\/secure.gravatar.com\\\/avatar\\\/7ca3206950207cc3cb48feec56a8a7898741ab725c368d99d5d7a5a50aab80c6?s=96&d=mm&r=g\",\"url\":\"https:\\\/\\\/secure.gravatar.com\\\/avatar\\\/7ca3206950207cc3cb48feec56a8a7898741ab725c368d99d5d7a5a50aab80c6?s=96&d=mm&r=g\",\"contentUrl\":\"https:\\\/\\\/secure.gravatar.com\\\/avatar\\\/7ca3206950207cc3cb48feec56a8a7898741ab725c368d99d5d7a5a50aab80c6?s=96&d=mm&r=g\",\"caption\":\"Thales Brand\u00e3o\"},\"description\":\"Editor Executivo do Portal CidadeMarketing.com.br &gt; Mestre em Comunica\u00e7\u00e3o e Sociedade pela Universidade Federal de Sergipe. Possui MBA Executivo em Administra\u00e7\u00e3o com \u00eanfase em Marketing pela Funda\u00e7\u00e3o Get\u00falio Vargas - Rio de Janeiro. Consultor, Palestrante e Pesquisador sobre Empreendedorismo, Marketing, Redes Sociais e Neg\u00f3cios Digitais. Professor, Palestrante TedxTalks e Campus Party. Twitter: @ThalesBrandao\",\"sameAs\":[\"http:\\\/\\\/www.mandacaru.com.br\",\"https:\\\/\\\/www.facebook.com\\\/thalesbrandao\",\"http:\\\/\\\/www.instagram.com.br\\\/thalesbrandaoferreira\",\"https:\\\/\\\/www.linkedin.com\\\/in\\\/thales-brand\u00e3o-3948609\\\/\",\"https:\\\/\\\/x.com\\\/http:\\\/\\\/www.twitter.com\\\/thalesbrandao\"],\"url\":\"https:\\\/\\\/www.cidademarketing.com.br\\\/marketing\\\/author\\\/thalesbrandao\\\/\"}]}<\/script>\n<!-- \/ Yoast SEO plugin. -->","yoast_head_json":{"title":"Bolsonaro assina decreto que eleva o sal\u00e1rio m\u00ednimo para R$ 998 - CidadeMarketing","robots":{"index":"index","follow":"follow","max-snippet":"max-snippet:-1","max-image-preview":"max-image-preview:large","max-video-preview":"max-video-preview:-1"},"canonical":"https:\/\/www.cidademarketing.com.br\/marketing\/2019\/01\/02\/bolsonaro-assina-decreto-que-eleva-o-salario-minimo-para-r-998\/","og_locale":"pt_BR","og_type":"article","og_title":"Bolsonaro assina decreto que eleva o sal\u00e1rio m\u00ednimo para R$ 998 - CidadeMarketing","og_description":"O presidente Jair Bolsonaro assinou decreto em que estabelece que o sal\u00e1rio m\u00ednimo passar\u00e1 de R$ 954 para R$ 998 este ano. O valor j\u00e1 est\u00e1 em vigor a partir de hoje (1\u00ba). Foi o primeiro decreto assinado por Bolsonaro, que tomou posse nesta ter\u00e7a-feira. O decreto foi publicado em edi\u00e7\u00e3o extra do Di\u00e1rio Oficial [&hellip;]","og_url":"https:\/\/www.cidademarketing.com.br\/marketing\/2019\/01\/02\/bolsonaro-assina-decreto-que-eleva-o-salario-minimo-para-r-998\/","og_site_name":"CidadeMarketing","article_publisher":"https:\/\/www.facebook.com\/portalcidademarketing","article_author":"https:\/\/www.facebook.com\/thalesbrandao","article_published_time":"2019-01-02T03:31:10+00:00","article_modified_time":"2019-01-02T03:33:01+00:00","og_image":[{"width":1080,"height":906,"url":"https:\/\/www.cidademarketing.com.br\/marketing\/wp-content\/uploads\/2019\/01\/salariominimo.jpg","type":"image\/jpeg"}],"author":"Thales Brand\u00e3o","twitter_card":"summary_large_image","twitter_creator":"@http:\/\/www.twitter.com\/thalesbrandao","twitter_site":"@CidadeMarketing","twitter_misc":{"Escrito por":"Thales Brand\u00e3o","Est. tempo de leitura":"2 minutos"},"schema":{"@context":"https:\/\/schema.org","@graph":[{"@type":"Article","@id":"https:\/\/www.cidademarketing.com.br\/marketing\/2019\/01\/02\/bolsonaro-assina-decreto-que-eleva-o-salario-minimo-para-r-998\/#article","isPartOf":{"@id":"https:\/\/www.cidademarketing.com.br\/marketing\/2019\/01\/02\/bolsonaro-assina-decreto-que-eleva-o-salario-minimo-para-r-998\/"},"author":{"name":"Thales Brand\u00e3o","@id":"https:\/\/www.cidademarketing.com.br\/marketing\/#\/schema\/person\/02daff9f18bd9378c9e01eb6b2db155f"},"headline":"Bolsonaro assina decreto que eleva o sal\u00e1rio m\u00ednimo para R$ 998","datePublished":"2019-01-02T03:31:10+00:00","dateModified":"2019-01-02T03:33:01+00:00","mainEntityOfPage":{"@id":"https:\/\/www.cidademarketing.com.br\/marketing\/2019\/01\/02\/bolsonaro-assina-decreto-que-eleva-o-salario-minimo-para-r-998\/"},"wordCount":388,"commentCount":0,"publisher":{"@id":"https:\/\/www.cidademarketing.com.br\/marketing\/#organization"},"image":{"@id":"https:\/\/www.cidademarketing.com.br\/marketing\/2019\/01\/02\/bolsonaro-assina-decreto-que-eleva-o-salario-minimo-para-r-998\/#primaryimage"},"thumbnailUrl":"https:\/\/www.cidademarketing.com.br\/marketing\/wp-content\/uploads\/2019\/01\/salariominimo.jpg","keywords":["Bolsonaro","Brasil","Jair Bolsonaro","marketing"],"articleSection":["Not\u00edcias"],"inLanguage":"pt-BR","potentialAction":[{"@type":"CommentAction","name":"Comment","target":["https:\/\/www.cidademarketing.com.br\/marketing\/2019\/01\/02\/bolsonaro-assina-decreto-que-eleva-o-salario-minimo-para-r-998\/#respond"]}]},{"@type":"WebPage","@id":"https:\/\/www.cidademarketing.com.br\/marketing\/2019\/01\/02\/bolsonaro-assina-decreto-que-eleva-o-salario-minimo-para-r-998\/","url":"https:\/\/www.cidademarketing.com.br\/marketing\/2019\/01\/02\/bolsonaro-assina-decreto-que-eleva-o-salario-minimo-para-r-998\/","name":"Bolsonaro assina decreto que eleva o sal\u00e1rio m\u00ednimo para R$ 998 - CidadeMarketing","isPartOf":{"@id":"https:\/\/www.cidademarketing.com.br\/marketing\/#website"},"primaryImageOfPage":{"@id":"https:\/\/www.cidademarketing.com.br\/marketing\/2019\/01\/02\/bolsonaro-assina-decreto-que-eleva-o-salario-minimo-para-r-998\/#primaryimage"},"image":{"@id":"https:\/\/www.cidademarketing.com.br\/marketing\/2019\/01\/02\/bolsonaro-assina-decreto-que-eleva-o-salario-minimo-para-r-998\/#primaryimage"},"thumbnailUrl":"https:\/\/www.cidademarketing.com.br\/marketing\/wp-content\/uploads\/2019\/01\/salariominimo.jpg","datePublished":"2019-01-02T03:31:10+00:00","dateModified":"2019-01-02T03:33:01+00:00","breadcrumb":{"@id":"https:\/\/www.cidademarketing.com.br\/marketing\/2019\/01\/02\/bolsonaro-assina-decreto-que-eleva-o-salario-minimo-para-r-998\/#breadcrumb"},"inLanguage":"pt-BR","potentialAction":[{"@type":"ReadAction","target":["https:\/\/www.cidademarketing.com.br\/marketing\/2019\/01\/02\/bolsonaro-assina-decreto-que-eleva-o-salario-minimo-para-r-998\/"]}]},{"@type":"ImageObject","inLanguage":"pt-BR","@id":"https:\/\/www.cidademarketing.com.br\/marketing\/2019\/01\/02\/bolsonaro-assina-decreto-que-eleva-o-salario-minimo-para-r-998\/#primaryimage","url":"https:\/\/www.cidademarketing.com.br\/marketing\/wp-content\/uploads\/2019\/01\/salariominimo.jpg","contentUrl":"https:\/\/www.cidademarketing.com.br\/marketing\/wp-content\/uploads\/2019\/01\/salariominimo.jpg","width":1080,"height":906},{"@type":"BreadcrumbList","@id":"https:\/\/www.cidademarketing.com.br\/marketing\/2019\/01\/02\/bolsonaro-assina-decreto-que-eleva-o-salario-minimo-para-r-998\/#breadcrumb","itemListElement":[{"@type":"ListItem","position":1,"name":"In\u00edcio","item":"https:\/\/www.cidademarketing.com.br\/marketing\/"},{"@type":"ListItem","position":2,"name":"Bolsonaro assina decreto que eleva o sal\u00e1rio m\u00ednimo para R$ 998"}]},{"@type":"WebSite","@id":"https:\/\/www.cidademarketing.com.br\/marketing\/#website","url":"https:\/\/www.cidademarketing.com.br\/marketing\/","name":"CidadeMarketing","description":"Somos um ve\u00edculo de comunica\u00e7\u00e3o de destaque no Brasil, reconhecido por conte\u00fados nos segmentos de marketing, empreendedorismo e inova\u00e7\u00e3o.","publisher":{"@id":"https:\/\/www.cidademarketing.com.br\/marketing\/#organization"},"alternateName":"CidadeMarketing","potentialAction":[{"@type":"SearchAction","target":{"@type":"EntryPoint","urlTemplate":"https:\/\/www.cidademarketing.com.br\/marketing\/?s={search_term_string}"},"query-input":{"@type":"PropertyValueSpecification","valueRequired":true,"valueName":"search_term_string"}}],"inLanguage":"pt-BR"},{"@type":"Organization","@id":"https:\/\/www.cidademarketing.com.br\/marketing\/#organization","name":"CidadeMarketing","alternateName":"CidadeMarketing","url":"https:\/\/www.cidademarketing.com.br\/marketing\/","logo":{"@type":"ImageObject","inLanguage":"pt-BR","@id":"https:\/\/www.cidademarketing.com.br\/marketing\/#\/schema\/logo\/image\/","url":"https:\/\/www.cidademarketing.com.br\/marketing\/wp-content\/uploads\/2020\/01\/cidademarketing_marca_mobile.png","contentUrl":"https:\/\/www.cidademarketing.com.br\/marketing\/wp-content\/uploads\/2020\/01\/cidademarketing_marca_mobile.png","width":230,"height":92,"caption":"CidadeMarketing"},"image":{"@id":"https:\/\/www.cidademarketing.com.br\/marketing\/#\/schema\/logo\/image\/"},"sameAs":["https:\/\/www.facebook.com\/portalcidademarketing","https:\/\/x.com\/CidadeMarketing","https:\/\/www.instagram.com\/cidademarketing\/"]},{"@type":"Person","@id":"https:\/\/www.cidademarketing.com.br\/marketing\/#\/schema\/person\/02daff9f18bd9378c9e01eb6b2db155f","name":"Thales Brand\u00e3o","image":{"@type":"ImageObject","inLanguage":"pt-BR","@id":"https:\/\/secure.gravatar.com\/avatar\/7ca3206950207cc3cb48feec56a8a7898741ab725c368d99d5d7a5a50aab80c6?s=96&d=mm&r=g","url":"https:\/\/secure.gravatar.com\/avatar\/7ca3206950207cc3cb48feec56a8a7898741ab725c368d99d5d7a5a50aab80c6?s=96&d=mm&r=g","contentUrl":"https:\/\/secure.gravatar.com\/avatar\/7ca3206950207cc3cb48feec56a8a7898741ab725c368d99d5d7a5a50aab80c6?s=96&d=mm&r=g","caption":"Thales Brand\u00e3o"},"description":"Editor Executivo do Portal CidadeMarketing.com.br &gt; Mestre em Comunica\u00e7\u00e3o e Sociedade pela Universidade Federal de Sergipe. Possui MBA Executivo em Administra\u00e7\u00e3o com \u00eanfase em Marketing pela Funda\u00e7\u00e3o Get\u00falio Vargas - Rio de Janeiro. Consultor, Palestrante e Pesquisador sobre Empreendedorismo, Marketing, Redes Sociais e Neg\u00f3cios Digitais. Professor, Palestrante TedxTalks e Campus Party. Twitter: @ThalesBrandao","sameAs":["http:\/\/www.mandacaru.com.br","https:\/\/www.facebook.com\/thalesbrandao","http:\/\/www.instagram.com.br\/thalesbrandaoferreira","https:\/\/www.linkedin.com\/in\/thales-brand\u00e3o-3948609\/","https:\/\/x.com\/http:\/\/www.twitter.com\/thalesbrandao"],"url":"https:\/\/www.cidademarketing.com.br\/marketing\/author\/thalesbrandao\/"}]}},"amp_enabled":true,"_links":{"self":[{"href":"https:\/\/www.cidademarketing.com.br\/marketing\/wp-json\/wp\/v2\/posts\/4560","targetHints":{"allow":["GET"]}}],"collection":[{"href":"https:\/\/www.cidademarketing.com.br\/marketing\/wp-json\/wp\/v2\/posts"}],"about":[{"href":"https:\/\/www.cidademarketing.com.br\/marketing\/wp-json\/wp\/v2\/types\/post"}],"author":[{"embeddable":true,"href":"https:\/\/www.cidademarketing.com.br\/marketing\/wp-json\/wp\/v2\/users\/1"}],"replies":[{"embeddable":true,"href":"https:\/\/www.cidademarketing.com.br\/marketing\/wp-json\/wp\/v2\/comments?post=4560"}],"version-history":[{"count":2,"href":"https:\/\/www.cidademarketing.com.br\/marketing\/wp-json\/wp\/v2\/posts\/4560\/revisions"}],"predecessor-version":[{"id":4563,"href":"https:\/\/www.cidademarketing.com.br\/marketing\/wp-json\/wp\/v2\/posts\/4560\/revisions\/4563"}],"wp:featuredmedia":[{"embeddable":true,"href":"https:\/\/www.cidademarketing.com.br\/marketing\/wp-json\/wp\/v2\/media\/4561"}],"wp:attachment":[{"href":"https:\/\/www.cidademarketing.com.br\/marketing\/wp-json\/wp\/v2\/media?parent=4560"}],"wp:term":[{"taxonomy":"category","embeddable":true,"href":"https:\/\/www.cidademarketing.com.br\/marketing\/wp-json\/wp\/v2\/categories?post=4560"},{"taxonomy":"post_tag","embeddable":true,"href":"https:\/\/www.cidademarketing.com.br\/marketing\/wp-json\/wp\/v2\/tags?post=4560"}],"curies":[{"name":"wp","href":"https:\/\/api.w.org\/{rel}","templated":true}]}}