{"id":45581,"date":"2023-06-25T10:18:23","date_gmt":"2023-06-25T13:18:23","guid":{"rendered":"https:\/\/www.cidademarketing.com.br\/marketing\/?p=45581"},"modified":"2023-06-25T10:18:23","modified_gmt":"2023-06-25T13:18:23","slug":"flamengo-lanca-edicao-limitada-de-camisa-em-apoio-a-selecao-brasileira-feminina","status":"publish","type":"post","link":"https:\/\/www.cidademarketing.com.br\/marketing\/2023\/06\/25\/flamengo-lanca-edicao-limitada-de-camisa-em-apoio-a-selecao-brasileira-feminina\/","title":{"rendered":"Flamengo lan\u00e7a edi\u00e7\u00e3o limitada de camisa em apoio \u00e0 Sele\u00e7\u00e3o Brasileira Feminina"},"content":{"rendered":"<p>A torcida rubro-negra vai ficar muito bem vestida para torcer pela Sele\u00e7\u00e3o Brasileira Feminina. O Flamengo, em parceria com a Socios.com e o Mercado Livre, ir\u00e1 lan\u00e7ar um novo Manto licenciado com as cores do Brasil. O design da nova linha ser\u00e1 escolhido em vota\u00e7\u00e3o na plataforma da Socios.com, por torcedores que possuam o Fan Token $MENGO. A enquete abre \u00e0s 17h do dia 20\/06 e encerra \u00e0s 23h59 do dia 25\/06.<\/p>\n<p><a href=\"https:\/\/www.cidademarketing.com.br\/marketing\/sua-marca-vai-virar-noticia\/\" target=\"_blank\" rel=\"noopener\"><img fetchpriority=\"high\" decoding=\"async\" class=\"wp-image-44329 aligncenter\" src=\"https:\/\/www.cidademarketing.com.br\/marketing\/wp-content\/uploads\/2023\/04\/cidademarketing_backlinks_marketingdigital_publieditorial_.png\" alt=\"\" width=\"500\" height=\"500\" \/><\/a><br \/>\nO modelo vencedor ser\u00e1 revelado j\u00e1 na pr\u00f3xima segunda-feira (25) e estar\u00e1 \u00e0 venda a partir da primeira quinzena de julho, com exclusividade na loja oficial do Flamengo no Mercado Livre. A edi\u00e7\u00e3o superexclusiva ter\u00e1 um n\u00famero limitado de pe\u00e7as dispon\u00edveis para compra.<br \/>\n\u201cEsta a\u00e7\u00e3o \u00e9 mais uma forma de prestigiar nosso torcedor que adquiriu o Fan Token do Meng\u00e3o e ter\u00e1 o direito de participar da produ\u00e7\u00e3o de uma pe\u00e7a oficial do clube. Depois, toda a torcida poder\u00e1 aproveitar o excelente servi\u00e7o de venda e entrega do nosso parceiro Mercado Livre para garantir a sua camisa. Este \u00e9 mais um exemplo do trabalho que o Flamengo tem feito com seus parceiros comerciais, entregando para eles, al\u00e9m da espetacular exposi\u00e7\u00e3o de marca e do engajamento com a torcida, a possibilidade de oferecer \u00f3timas experi\u00eancias para a Na\u00e7\u00e3o Rubro-Negra\u201d, disse Gustavo Oliveira, vice-presidente de Comunica\u00e7\u00e3o e Marketing do Flamengo.<\/p>\n<p>Ser\u00e3o tr\u00eas modelos dispon\u00edveis na vota\u00e7\u00e3o para quem tiver o Fan Token oficial do Flamengo, trazendo o escudo do Mais Querido e as cores amarela, azul e verde, da bandeira do Brasil. A Camisa 01 \u00e9 inspirada no verde da Mata Atl\u00e2ntica; a Camisa 02 busca representar a mistura de povos no pa\u00eds atrav\u00e9s de listras entrela\u00e7adas; j\u00e1 a Camisa 03 expressa em amarelo algumas pinturas ind\u00edgenas fazendo refer\u00eancia aos primeiros brasileiros de fato.<\/p>\n<p>Jo\u00e3o Pedro Novochadlo, head de marketing da Socios.com no Brasil, destacou que esta ativa\u00e7\u00e3o com o Flamengo e Mercado Livre \u00e9 um grande exemplo do que a plataforma pode proporcionar para os apaixonados pelo clube. &#8220;Exclusividade, participa\u00e7\u00e3o direta e engajamento real: nesta a\u00e7\u00e3o n\u00f3s reunimos mais uma vez os pilares que a plataforma da Socios.com oferece atrav\u00e9s da blockchain Chiliz Chain, para os f\u00e3s e apaixonados pelo esporte, para os clubes e marcas parceiros. Estamos muito felizes em poder oferecer mais uma vez essa experi\u00eancia exclusiva e reconhecer toda a paix\u00e3o dos torcedores da na\u00e7\u00e3o que j\u00e1 garantiram seus $MENGO&#8221;, comentou o executivo.<\/p>\n<p>Os torcedores poder\u00e3o encontrar as camisas na loja oficial do Flamengo no Mercado Livre, que ser\u00e1 respons\u00e1vel pela venda exclusiva do produto, com entrega r\u00e1pida para todo o Brasil. \u201cNosso apoio ao futebol feminino passa tamb\u00e9m por proporcionar a melhor experi\u00eancia aos torcedores da modalidade.. Com essa a\u00e7\u00e3o, reafirmamos nossa parceria e cuidado com o torcedor rubronegro e com os times feminino e masculino do Flamengo. \u00c9 uma alegria unir o DNA inovador do Mercado Livre \u00e0 maior torcida do mundo\u201d, afirma Thais Souza Nicolau, diretora de Branding do Mercado Livre.<\/p>\n<p><iframe title=\"Spotify Embed: Podcast CidadeMarketing\" style=\"border-radius: 12px\" width=\"100%\" height=\"152\" frameborder=\"0\" allowfullscreen allow=\"autoplay; clipboard-write; encrypted-media; fullscreen; picture-in-picture\" loading=\"lazy\" src=\"https:\/\/open.spotify.com\/embed\/show\/4khMKzP3FgFRWVwb73xicc?si=252fe5bff2b34909&#038;utm_source=oembed\"><\/iframe><\/p>\n<p>&nbsp;<\/p>\n<p>Para os torcedores que quiserem participar da escolha do novo modelo da camisa, o app da Socios.com est\u00e1 dispon\u00edvel nas lojas de aplicativo de Android e iOS. \u00c9 preciso baixar o app, fazer o cadastro e comprar ao menos um Fan Token $MENGO \u2013 lembrando que a vota\u00e7\u00e3o fica aberta at\u00e9 o pr\u00f3ximo domingo 25\/06.<\/p>\n","protected":false},"excerpt":{"rendered":"<p>A torcida rubro-negra vai ficar muito bem vestida para torcer pela Sele\u00e7\u00e3o Brasileira Feminina. O Flamengo, em parceria com a Socios.com e o Mercado Livre, ir\u00e1 lan\u00e7ar um novo Manto licenciado com as cores do Brasil. O design da nova linha ser\u00e1 escolhido em vota\u00e7\u00e3o na plataforma da Socios.com, por torcedores que possuam o Fan [&hellip;]<\/p>\n","protected":false},"author":1,"featured_media":45583,"comment_status":"open","ping_status":"open","sticky":false,"template":"","format":"standard","meta":{"tdm_status":"","tdm_grid_status":"","footnotes":""},"categories":[6],"tags":[65,33,941,26,1106],"class_list":["post-45581","post","type-post","status-publish","format-standard","has-post-thumbnail","hentry","category-noticias","tag-campanha","tag-estrategia","tag-flamengo","tag-marketing-digital","tag-mercado-livre"],"yoast_head":"<!-- This site is optimized with the Yoast SEO plugin v27.4 - https:\/\/yoast.com\/product\/yoast-seo-wordpress\/ -->\n<title>Flamengo lan\u00e7a edi\u00e7\u00e3o limitada de camisa em apoio \u00e0 Sele\u00e7\u00e3o Brasileira Feminina - CidadeMarketing<\/title>\n<meta name=\"robots\" content=\"index, follow, max-snippet:-1, max-image-preview:large, max-video-preview:-1\" \/>\n<link rel=\"canonical\" href=\"https:\/\/www.cidademarketing.com.br\/marketing\/2023\/06\/25\/flamengo-lanca-edicao-limitada-de-camisa-em-apoio-a-selecao-brasileira-feminina\/\" \/>\n<meta property=\"og:locale\" content=\"pt_BR\" \/>\n<meta property=\"og:type\" content=\"article\" \/>\n<meta property=\"og:title\" content=\"Flamengo lan\u00e7a edi\u00e7\u00e3o limitada de camisa em apoio \u00e0 Sele\u00e7\u00e3o Brasileira Feminina - CidadeMarketing\" \/>\n<meta property=\"og:description\" content=\"A torcida rubro-negra vai ficar muito bem vestida para torcer pela Sele\u00e7\u00e3o Brasileira Feminina. O Flamengo, em parceria com a Socios.com e o Mercado Livre, ir\u00e1 lan\u00e7ar um novo Manto licenciado com as cores do Brasil. O design da nova linha ser\u00e1 escolhido em vota\u00e7\u00e3o na plataforma da Socios.com, por torcedores que possuam o Fan [&hellip;]\" \/>\n<meta property=\"og:url\" content=\"https:\/\/www.cidademarketing.com.br\/marketing\/2023\/06\/25\/flamengo-lanca-edicao-limitada-de-camisa-em-apoio-a-selecao-brasileira-feminina\/\" \/>\n<meta property=\"og:site_name\" content=\"CidadeMarketing\" \/>\n<meta property=\"article:publisher\" content=\"https:\/\/www.facebook.com\/portalcidademarketing\" \/>\n<meta property=\"article:author\" content=\"https:\/\/www.facebook.com\/thalesbrandao\" \/>\n<meta property=\"article:published_time\" content=\"2023-06-25T13:18:23+00:00\" \/>\n<meta property=\"og:image\" content=\"https:\/\/www.cidademarketing.com.br\/marketing\/wp-content\/uploads\/2023\/06\/camisa_flamengo.jpg\" \/>\n\t<meta property=\"og:image:width\" content=\"1576\" \/>\n\t<meta property=\"og:image:height\" content=\"790\" \/>\n\t<meta property=\"og:image:type\" content=\"image\/jpeg\" \/>\n<meta name=\"author\" content=\"Thales Brand\u00e3o\" \/>\n<meta name=\"twitter:card\" content=\"summary_large_image\" \/>\n<meta name=\"twitter:creator\" content=\"@http:\/\/www.twitter.com\/thalesbrandao\" \/>\n<meta name=\"twitter:site\" content=\"@CidadeMarketing\" \/>\n<meta name=\"twitter:label1\" content=\"Escrito por\" \/>\n\t<meta name=\"twitter:data1\" content=\"Thales Brand\u00e3o\" \/>\n\t<meta name=\"twitter:label2\" content=\"Est. tempo de leitura\" \/>\n\t<meta name=\"twitter:data2\" content=\"3 minutos\" \/>\n<script type=\"application\/ld+json\" class=\"yoast-schema-graph\">{\"@context\":\"https:\\\/\\\/schema.org\",\"@graph\":[{\"@type\":\"Article\",\"@id\":\"https:\\\/\\\/www.cidademarketing.com.br\\\/marketing\\\/2023\\\/06\\\/25\\\/flamengo-lanca-edicao-limitada-de-camisa-em-apoio-a-selecao-brasileira-feminina\\\/#article\",\"isPartOf\":{\"@id\":\"https:\\\/\\\/www.cidademarketing.com.br\\\/marketing\\\/2023\\\/06\\\/25\\\/flamengo-lanca-edicao-limitada-de-camisa-em-apoio-a-selecao-brasileira-feminina\\\/\"},\"author\":{\"name\":\"Thales Brand\u00e3o\",\"@id\":\"https:\\\/\\\/www.cidademarketing.com.br\\\/marketing\\\/#\\\/schema\\\/person\\\/02daff9f18bd9378c9e01eb6b2db155f\"},\"headline\":\"Flamengo lan\u00e7a edi\u00e7\u00e3o limitada de camisa em apoio \u00e0 Sele\u00e7\u00e3o Brasileira Feminina\",\"datePublished\":\"2023-06-25T13:18:23+00:00\",\"mainEntityOfPage\":{\"@id\":\"https:\\\/\\\/www.cidademarketing.com.br\\\/marketing\\\/2023\\\/06\\\/25\\\/flamengo-lanca-edicao-limitada-de-camisa-em-apoio-a-selecao-brasileira-feminina\\\/\"},\"wordCount\":608,\"commentCount\":0,\"publisher\":{\"@id\":\"https:\\\/\\\/www.cidademarketing.com.br\\\/marketing\\\/#organization\"},\"image\":{\"@id\":\"https:\\\/\\\/www.cidademarketing.com.br\\\/marketing\\\/2023\\\/06\\\/25\\\/flamengo-lanca-edicao-limitada-de-camisa-em-apoio-a-selecao-brasileira-feminina\\\/#primaryimage\"},\"thumbnailUrl\":\"https:\\\/\\\/www.cidademarketing.com.br\\\/marketing\\\/wp-content\\\/uploads\\\/2023\\\/06\\\/camisa_flamengo.jpg\",\"keywords\":[\"campanha\",\"estrat\u00e9gia\",\"Flamengo\",\"marketing digital\",\"Mercado Livre\"],\"articleSection\":[\"Not\u00edcias\"],\"inLanguage\":\"pt-BR\",\"potentialAction\":[{\"@type\":\"CommentAction\",\"name\":\"Comment\",\"target\":[\"https:\\\/\\\/www.cidademarketing.com.br\\\/marketing\\\/2023\\\/06\\\/25\\\/flamengo-lanca-edicao-limitada-de-camisa-em-apoio-a-selecao-brasileira-feminina\\\/#respond\"]}]},{\"@type\":\"WebPage\",\"@id\":\"https:\\\/\\\/www.cidademarketing.com.br\\\/marketing\\\/2023\\\/06\\\/25\\\/flamengo-lanca-edicao-limitada-de-camisa-em-apoio-a-selecao-brasileira-feminina\\\/\",\"url\":\"https:\\\/\\\/www.cidademarketing.com.br\\\/marketing\\\/2023\\\/06\\\/25\\\/flamengo-lanca-edicao-limitada-de-camisa-em-apoio-a-selecao-brasileira-feminina\\\/\",\"name\":\"Flamengo lan\u00e7a edi\u00e7\u00e3o limitada de camisa em apoio \u00e0 Sele\u00e7\u00e3o Brasileira Feminina - CidadeMarketing\",\"isPartOf\":{\"@id\":\"https:\\\/\\\/www.cidademarketing.com.br\\\/marketing\\\/#website\"},\"primaryImageOfPage\":{\"@id\":\"https:\\\/\\\/www.cidademarketing.com.br\\\/marketing\\\/2023\\\/06\\\/25\\\/flamengo-lanca-edicao-limitada-de-camisa-em-apoio-a-selecao-brasileira-feminina\\\/#primaryimage\"},\"image\":{\"@id\":\"https:\\\/\\\/www.cidademarketing.com.br\\\/marketing\\\/2023\\\/06\\\/25\\\/flamengo-lanca-edicao-limitada-de-camisa-em-apoio-a-selecao-brasileira-feminina\\\/#primaryimage\"},\"thumbnailUrl\":\"https:\\\/\\\/www.cidademarketing.com.br\\\/marketing\\\/wp-content\\\/uploads\\\/2023\\\/06\\\/camisa_flamengo.jpg\",\"datePublished\":\"2023-06-25T13:18:23+00:00\",\"breadcrumb\":{\"@id\":\"https:\\\/\\\/www.cidademarketing.com.br\\\/marketing\\\/2023\\\/06\\\/25\\\/flamengo-lanca-edicao-limitada-de-camisa-em-apoio-a-selecao-brasileira-feminina\\\/#breadcrumb\"},\"inLanguage\":\"pt-BR\",\"potentialAction\":[{\"@type\":\"ReadAction\",\"target\":[\"https:\\\/\\\/www.cidademarketing.com.br\\\/marketing\\\/2023\\\/06\\\/25\\\/flamengo-lanca-edicao-limitada-de-camisa-em-apoio-a-selecao-brasileira-feminina\\\/\"]}]},{\"@type\":\"ImageObject\",\"inLanguage\":\"pt-BR\",\"@id\":\"https:\\\/\\\/www.cidademarketing.com.br\\\/marketing\\\/2023\\\/06\\\/25\\\/flamengo-lanca-edicao-limitada-de-camisa-em-apoio-a-selecao-brasileira-feminina\\\/#primaryimage\",\"url\":\"https:\\\/\\\/www.cidademarketing.com.br\\\/marketing\\\/wp-content\\\/uploads\\\/2023\\\/06\\\/camisa_flamengo.jpg\",\"contentUrl\":\"https:\\\/\\\/www.cidademarketing.com.br\\\/marketing\\\/wp-content\\\/uploads\\\/2023\\\/06\\\/camisa_flamengo.jpg\",\"width\":1576,\"height\":790},{\"@type\":\"BreadcrumbList\",\"@id\":\"https:\\\/\\\/www.cidademarketing.com.br\\\/marketing\\\/2023\\\/06\\\/25\\\/flamengo-lanca-edicao-limitada-de-camisa-em-apoio-a-selecao-brasileira-feminina\\\/#breadcrumb\",\"itemListElement\":[{\"@type\":\"ListItem\",\"position\":1,\"name\":\"In\u00edcio\",\"item\":\"https:\\\/\\\/www.cidademarketing.com.br\\\/marketing\\\/\"},{\"@type\":\"ListItem\",\"position\":2,\"name\":\"Flamengo lan\u00e7a edi\u00e7\u00e3o limitada de camisa em apoio \u00e0 Sele\u00e7\u00e3o Brasileira Feminina\"}]},{\"@type\":\"WebSite\",\"@id\":\"https:\\\/\\\/www.cidademarketing.com.br\\\/marketing\\\/#website\",\"url\":\"https:\\\/\\\/www.cidademarketing.com.br\\\/marketing\\\/\",\"name\":\"CidadeMarketing\",\"description\":\"Somos um ve\u00edculo de comunica\u00e7\u00e3o de destaque no Brasil, reconhecido por conte\u00fados nos segmentos de marketing, empreendedorismo e inova\u00e7\u00e3o.\",\"publisher\":{\"@id\":\"https:\\\/\\\/www.cidademarketing.com.br\\\/marketing\\\/#organization\"},\"alternateName\":\"CidadeMarketing\",\"potentialAction\":[{\"@type\":\"SearchAction\",\"target\":{\"@type\":\"EntryPoint\",\"urlTemplate\":\"https:\\\/\\\/www.cidademarketing.com.br\\\/marketing\\\/?s={search_term_string}\"},\"query-input\":{\"@type\":\"PropertyValueSpecification\",\"valueRequired\":true,\"valueName\":\"search_term_string\"}}],\"inLanguage\":\"pt-BR\"},{\"@type\":\"Organization\",\"@id\":\"https:\\\/\\\/www.cidademarketing.com.br\\\/marketing\\\/#organization\",\"name\":\"CidadeMarketing\",\"alternateName\":\"CidadeMarketing\",\"url\":\"https:\\\/\\\/www.cidademarketing.com.br\\\/marketing\\\/\",\"logo\":{\"@type\":\"ImageObject\",\"inLanguage\":\"pt-BR\",\"@id\":\"https:\\\/\\\/www.cidademarketing.com.br\\\/marketing\\\/#\\\/schema\\\/logo\\\/image\\\/\",\"url\":\"https:\\\/\\\/www.cidademarketing.com.br\\\/marketing\\\/wp-content\\\/uploads\\\/2020\\\/01\\\/cidademarketing_marca_mobile.png\",\"contentUrl\":\"https:\\\/\\\/www.cidademarketing.com.br\\\/marketing\\\/wp-content\\\/uploads\\\/2020\\\/01\\\/cidademarketing_marca_mobile.png\",\"width\":230,\"height\":92,\"caption\":\"CidadeMarketing\"},\"image\":{\"@id\":\"https:\\\/\\\/www.cidademarketing.com.br\\\/marketing\\\/#\\\/schema\\\/logo\\\/image\\\/\"},\"sameAs\":[\"https:\\\/\\\/www.facebook.com\\\/portalcidademarketing\",\"https:\\\/\\\/x.com\\\/CidadeMarketing\",\"https:\\\/\\\/www.instagram.com\\\/cidademarketing\\\/\"]},{\"@type\":\"Person\",\"@id\":\"https:\\\/\\\/www.cidademarketing.com.br\\\/marketing\\\/#\\\/schema\\\/person\\\/02daff9f18bd9378c9e01eb6b2db155f\",\"name\":\"Thales Brand\u00e3o\",\"image\":{\"@type\":\"ImageObject\",\"inLanguage\":\"pt-BR\",\"@id\":\"https:\\\/\\\/secure.gravatar.com\\\/avatar\\\/7ca3206950207cc3cb48feec56a8a7898741ab725c368d99d5d7a5a50aab80c6?s=96&d=mm&r=g\",\"url\":\"https:\\\/\\\/secure.gravatar.com\\\/avatar\\\/7ca3206950207cc3cb48feec56a8a7898741ab725c368d99d5d7a5a50aab80c6?s=96&d=mm&r=g\",\"contentUrl\":\"https:\\\/\\\/secure.gravatar.com\\\/avatar\\\/7ca3206950207cc3cb48feec56a8a7898741ab725c368d99d5d7a5a50aab80c6?s=96&d=mm&r=g\",\"caption\":\"Thales Brand\u00e3o\"},\"description\":\"Editor Executivo do Portal CidadeMarketing.com.br &gt; Mestre em Comunica\u00e7\u00e3o e Sociedade pela Universidade Federal de Sergipe. Possui MBA Executivo em Administra\u00e7\u00e3o com \u00eanfase em Marketing pela Funda\u00e7\u00e3o Get\u00falio Vargas - Rio de Janeiro. Consultor, Palestrante e Pesquisador sobre Empreendedorismo, Marketing, Redes Sociais e Neg\u00f3cios Digitais. Professor, Palestrante TedxTalks e Campus Party. Twitter: @ThalesBrandao\",\"sameAs\":[\"http:\\\/\\\/www.mandacaru.com.br\",\"https:\\\/\\\/www.facebook.com\\\/thalesbrandao\",\"http:\\\/\\\/www.instagram.com.br\\\/thalesbrandaoferreira\",\"https:\\\/\\\/www.linkedin.com\\\/in\\\/thales-brand\u00e3o-3948609\\\/\",\"https:\\\/\\\/x.com\\\/http:\\\/\\\/www.twitter.com\\\/thalesbrandao\"],\"url\":\"https:\\\/\\\/www.cidademarketing.com.br\\\/marketing\\\/author\\\/thalesbrandao\\\/\"}]}<\/script>\n<!-- \/ Yoast SEO plugin. -->","yoast_head_json":{"title":"Flamengo lan\u00e7a edi\u00e7\u00e3o limitada de camisa em apoio \u00e0 Sele\u00e7\u00e3o Brasileira Feminina - CidadeMarketing","robots":{"index":"index","follow":"follow","max-snippet":"max-snippet:-1","max-image-preview":"max-image-preview:large","max-video-preview":"max-video-preview:-1"},"canonical":"https:\/\/www.cidademarketing.com.br\/marketing\/2023\/06\/25\/flamengo-lanca-edicao-limitada-de-camisa-em-apoio-a-selecao-brasileira-feminina\/","og_locale":"pt_BR","og_type":"article","og_title":"Flamengo lan\u00e7a edi\u00e7\u00e3o limitada de camisa em apoio \u00e0 Sele\u00e7\u00e3o Brasileira Feminina - CidadeMarketing","og_description":"A torcida rubro-negra vai ficar muito bem vestida para torcer pela Sele\u00e7\u00e3o Brasileira Feminina. O Flamengo, em parceria com a Socios.com e o Mercado Livre, ir\u00e1 lan\u00e7ar um novo Manto licenciado com as cores do Brasil. O design da nova linha ser\u00e1 escolhido em vota\u00e7\u00e3o na plataforma da Socios.com, por torcedores que possuam o Fan [&hellip;]","og_url":"https:\/\/www.cidademarketing.com.br\/marketing\/2023\/06\/25\/flamengo-lanca-edicao-limitada-de-camisa-em-apoio-a-selecao-brasileira-feminina\/","og_site_name":"CidadeMarketing","article_publisher":"https:\/\/www.facebook.com\/portalcidademarketing","article_author":"https:\/\/www.facebook.com\/thalesbrandao","article_published_time":"2023-06-25T13:18:23+00:00","og_image":[{"width":1576,"height":790,"url":"https:\/\/www.cidademarketing.com.br\/marketing\/wp-content\/uploads\/2023\/06\/camisa_flamengo.jpg","type":"image\/jpeg"}],"author":"Thales Brand\u00e3o","twitter_card":"summary_large_image","twitter_creator":"@http:\/\/www.twitter.com\/thalesbrandao","twitter_site":"@CidadeMarketing","twitter_misc":{"Escrito por":"Thales Brand\u00e3o","Est. tempo de leitura":"3 minutos"},"schema":{"@context":"https:\/\/schema.org","@graph":[{"@type":"Article","@id":"https:\/\/www.cidademarketing.com.br\/marketing\/2023\/06\/25\/flamengo-lanca-edicao-limitada-de-camisa-em-apoio-a-selecao-brasileira-feminina\/#article","isPartOf":{"@id":"https:\/\/www.cidademarketing.com.br\/marketing\/2023\/06\/25\/flamengo-lanca-edicao-limitada-de-camisa-em-apoio-a-selecao-brasileira-feminina\/"},"author":{"name":"Thales Brand\u00e3o","@id":"https:\/\/www.cidademarketing.com.br\/marketing\/#\/schema\/person\/02daff9f18bd9378c9e01eb6b2db155f"},"headline":"Flamengo lan\u00e7a edi\u00e7\u00e3o limitada de camisa em apoio \u00e0 Sele\u00e7\u00e3o Brasileira Feminina","datePublished":"2023-06-25T13:18:23+00:00","mainEntityOfPage":{"@id":"https:\/\/www.cidademarketing.com.br\/marketing\/2023\/06\/25\/flamengo-lanca-edicao-limitada-de-camisa-em-apoio-a-selecao-brasileira-feminina\/"},"wordCount":608,"commentCount":0,"publisher":{"@id":"https:\/\/www.cidademarketing.com.br\/marketing\/#organization"},"image":{"@id":"https:\/\/www.cidademarketing.com.br\/marketing\/2023\/06\/25\/flamengo-lanca-edicao-limitada-de-camisa-em-apoio-a-selecao-brasileira-feminina\/#primaryimage"},"thumbnailUrl":"https:\/\/www.cidademarketing.com.br\/marketing\/wp-content\/uploads\/2023\/06\/camisa_flamengo.jpg","keywords":["campanha","estrat\u00e9gia","Flamengo","marketing digital","Mercado Livre"],"articleSection":["Not\u00edcias"],"inLanguage":"pt-BR","potentialAction":[{"@type":"CommentAction","name":"Comment","target":["https:\/\/www.cidademarketing.com.br\/marketing\/2023\/06\/25\/flamengo-lanca-edicao-limitada-de-camisa-em-apoio-a-selecao-brasileira-feminina\/#respond"]}]},{"@type":"WebPage","@id":"https:\/\/www.cidademarketing.com.br\/marketing\/2023\/06\/25\/flamengo-lanca-edicao-limitada-de-camisa-em-apoio-a-selecao-brasileira-feminina\/","url":"https:\/\/www.cidademarketing.com.br\/marketing\/2023\/06\/25\/flamengo-lanca-edicao-limitada-de-camisa-em-apoio-a-selecao-brasileira-feminina\/","name":"Flamengo lan\u00e7a edi\u00e7\u00e3o limitada de camisa em apoio \u00e0 Sele\u00e7\u00e3o Brasileira Feminina - CidadeMarketing","isPartOf":{"@id":"https:\/\/www.cidademarketing.com.br\/marketing\/#website"},"primaryImageOfPage":{"@id":"https:\/\/www.cidademarketing.com.br\/marketing\/2023\/06\/25\/flamengo-lanca-edicao-limitada-de-camisa-em-apoio-a-selecao-brasileira-feminina\/#primaryimage"},"image":{"@id":"https:\/\/www.cidademarketing.com.br\/marketing\/2023\/06\/25\/flamengo-lanca-edicao-limitada-de-camisa-em-apoio-a-selecao-brasileira-feminina\/#primaryimage"},"thumbnailUrl":"https:\/\/www.cidademarketing.com.br\/marketing\/wp-content\/uploads\/2023\/06\/camisa_flamengo.jpg","datePublished":"2023-06-25T13:18:23+00:00","breadcrumb":{"@id":"https:\/\/www.cidademarketing.com.br\/marketing\/2023\/06\/25\/flamengo-lanca-edicao-limitada-de-camisa-em-apoio-a-selecao-brasileira-feminina\/#breadcrumb"},"inLanguage":"pt-BR","potentialAction":[{"@type":"ReadAction","target":["https:\/\/www.cidademarketing.com.br\/marketing\/2023\/06\/25\/flamengo-lanca-edicao-limitada-de-camisa-em-apoio-a-selecao-brasileira-feminina\/"]}]},{"@type":"ImageObject","inLanguage":"pt-BR","@id":"https:\/\/www.cidademarketing.com.br\/marketing\/2023\/06\/25\/flamengo-lanca-edicao-limitada-de-camisa-em-apoio-a-selecao-brasileira-feminina\/#primaryimage","url":"https:\/\/www.cidademarketing.com.br\/marketing\/wp-content\/uploads\/2023\/06\/camisa_flamengo.jpg","contentUrl":"https:\/\/www.cidademarketing.com.br\/marketing\/wp-content\/uploads\/2023\/06\/camisa_flamengo.jpg","width":1576,"height":790},{"@type":"BreadcrumbList","@id":"https:\/\/www.cidademarketing.com.br\/marketing\/2023\/06\/25\/flamengo-lanca-edicao-limitada-de-camisa-em-apoio-a-selecao-brasileira-feminina\/#breadcrumb","itemListElement":[{"@type":"ListItem","position":1,"name":"In\u00edcio","item":"https:\/\/www.cidademarketing.com.br\/marketing\/"},{"@type":"ListItem","position":2,"name":"Flamengo lan\u00e7a edi\u00e7\u00e3o limitada de camisa em apoio \u00e0 Sele\u00e7\u00e3o Brasileira Feminina"}]},{"@type":"WebSite","@id":"https:\/\/www.cidademarketing.com.br\/marketing\/#website","url":"https:\/\/www.cidademarketing.com.br\/marketing\/","name":"CidadeMarketing","description":"Somos um ve\u00edculo de comunica\u00e7\u00e3o de destaque no Brasil, reconhecido por conte\u00fados nos segmentos de marketing, empreendedorismo e inova\u00e7\u00e3o.","publisher":{"@id":"https:\/\/www.cidademarketing.com.br\/marketing\/#organization"},"alternateName":"CidadeMarketing","potentialAction":[{"@type":"SearchAction","target":{"@type":"EntryPoint","urlTemplate":"https:\/\/www.cidademarketing.com.br\/marketing\/?s={search_term_string}"},"query-input":{"@type":"PropertyValueSpecification","valueRequired":true,"valueName":"search_term_string"}}],"inLanguage":"pt-BR"},{"@type":"Organization","@id":"https:\/\/www.cidademarketing.com.br\/marketing\/#organization","name":"CidadeMarketing","alternateName":"CidadeMarketing","url":"https:\/\/www.cidademarketing.com.br\/marketing\/","logo":{"@type":"ImageObject","inLanguage":"pt-BR","@id":"https:\/\/www.cidademarketing.com.br\/marketing\/#\/schema\/logo\/image\/","url":"https:\/\/www.cidademarketing.com.br\/marketing\/wp-content\/uploads\/2020\/01\/cidademarketing_marca_mobile.png","contentUrl":"https:\/\/www.cidademarketing.com.br\/marketing\/wp-content\/uploads\/2020\/01\/cidademarketing_marca_mobile.png","width":230,"height":92,"caption":"CidadeMarketing"},"image":{"@id":"https:\/\/www.cidademarketing.com.br\/marketing\/#\/schema\/logo\/image\/"},"sameAs":["https:\/\/www.facebook.com\/portalcidademarketing","https:\/\/x.com\/CidadeMarketing","https:\/\/www.instagram.com\/cidademarketing\/"]},{"@type":"Person","@id":"https:\/\/www.cidademarketing.com.br\/marketing\/#\/schema\/person\/02daff9f18bd9378c9e01eb6b2db155f","name":"Thales Brand\u00e3o","image":{"@type":"ImageObject","inLanguage":"pt-BR","@id":"https:\/\/secure.gravatar.com\/avatar\/7ca3206950207cc3cb48feec56a8a7898741ab725c368d99d5d7a5a50aab80c6?s=96&d=mm&r=g","url":"https:\/\/secure.gravatar.com\/avatar\/7ca3206950207cc3cb48feec56a8a7898741ab725c368d99d5d7a5a50aab80c6?s=96&d=mm&r=g","contentUrl":"https:\/\/secure.gravatar.com\/avatar\/7ca3206950207cc3cb48feec56a8a7898741ab725c368d99d5d7a5a50aab80c6?s=96&d=mm&r=g","caption":"Thales Brand\u00e3o"},"description":"Editor Executivo do Portal CidadeMarketing.com.br &gt; Mestre em Comunica\u00e7\u00e3o e Sociedade pela Universidade Federal de Sergipe. Possui MBA Executivo em Administra\u00e7\u00e3o com \u00eanfase em Marketing pela Funda\u00e7\u00e3o Get\u00falio Vargas - Rio de Janeiro. Consultor, Palestrante e Pesquisador sobre Empreendedorismo, Marketing, Redes Sociais e Neg\u00f3cios Digitais. Professor, Palestrante TedxTalks e Campus Party. Twitter: @ThalesBrandao","sameAs":["http:\/\/www.mandacaru.com.br","https:\/\/www.facebook.com\/thalesbrandao","http:\/\/www.instagram.com.br\/thalesbrandaoferreira","https:\/\/www.linkedin.com\/in\/thales-brand\u00e3o-3948609\/","https:\/\/x.com\/http:\/\/www.twitter.com\/thalesbrandao"],"url":"https:\/\/www.cidademarketing.com.br\/marketing\/author\/thalesbrandao\/"}]}},"amp_enabled":true,"_links":{"self":[{"href":"https:\/\/www.cidademarketing.com.br\/marketing\/wp-json\/wp\/v2\/posts\/45581","targetHints":{"allow":["GET"]}}],"collection":[{"href":"https:\/\/www.cidademarketing.com.br\/marketing\/wp-json\/wp\/v2\/posts"}],"about":[{"href":"https:\/\/www.cidademarketing.com.br\/marketing\/wp-json\/wp\/v2\/types\/post"}],"author":[{"embeddable":true,"href":"https:\/\/www.cidademarketing.com.br\/marketing\/wp-json\/wp\/v2\/users\/1"}],"replies":[{"embeddable":true,"href":"https:\/\/www.cidademarketing.com.br\/marketing\/wp-json\/wp\/v2\/comments?post=45581"}],"version-history":[{"count":1,"href":"https:\/\/www.cidademarketing.com.br\/marketing\/wp-json\/wp\/v2\/posts\/45581\/revisions"}],"predecessor-version":[{"id":45584,"href":"https:\/\/www.cidademarketing.com.br\/marketing\/wp-json\/wp\/v2\/posts\/45581\/revisions\/45584"}],"wp:featuredmedia":[{"embeddable":true,"href":"https:\/\/www.cidademarketing.com.br\/marketing\/wp-json\/wp\/v2\/media\/45583"}],"wp:attachment":[{"href":"https:\/\/www.cidademarketing.com.br\/marketing\/wp-json\/wp\/v2\/media?parent=45581"}],"wp:term":[{"taxonomy":"category","embeddable":true,"href":"https:\/\/www.cidademarketing.com.br\/marketing\/wp-json\/wp\/v2\/categories?post=45581"},{"taxonomy":"post_tag","embeddable":true,"href":"https:\/\/www.cidademarketing.com.br\/marketing\/wp-json\/wp\/v2\/tags?post=45581"}],"curies":[{"name":"wp","href":"https:\/\/api.w.org\/{rel}","templated":true}]}}