{"id":45526,"date":"2023-06-21T14:11:21","date_gmt":"2023-06-21T17:11:21","guid":{"rendered":"https:\/\/www.cidademarketing.com.br\/marketing\/?p=45526"},"modified":"2023-06-21T14:11:21","modified_gmt":"2023-06-21T17:11:21","slug":"panini-inicia-vendas-de-primeiro-album-de-figurinhas-exclusivo-da-conmebol-libertadores","status":"publish","type":"post","link":"https:\/\/www.cidademarketing.com.br\/marketing\/2023\/06\/21\/panini-inicia-vendas-de-primeiro-album-de-figurinhas-exclusivo-da-conmebol-libertadores\/","title":{"rendered":"Panini inicia vendas de primeiro \u00e1lbum de figurinhas exclusivo da CONMEBOL Libertadores"},"content":{"rendered":"<p>O in\u00e9dito \u00e1lbum de figurinhas da CONMEBOL Libertadores j\u00e1 est\u00e1 nas ruas! Criadora e distribuidora do \u00e1lbum, a editora Panini, l\u00edder do segmento de publica\u00e7\u00f5es e colecion\u00e1veis, inicia as vendas oficiais do livro ilustrado para o p\u00fablico geral, a partir desta sexta-feira (23 de junho), trazendo figurinhas com os principais craques da competi\u00e7\u00e3o, al\u00e9m de informa\u00e7\u00f5es exclusivas sobre os times participantes, est\u00e1dios lend\u00e1rios da regi\u00e3o, estat\u00edsticas do torneio e muito mais.<\/p>\n<p><a href=\"https:\/\/www.cidademarketing.com.br\/marketing\/sua-marca-vai-virar-noticia\/\" target=\"_blank\" rel=\"noopener\"><img fetchpriority=\"high\" decoding=\"async\" class=\"wp-image-44329 aligncenter\" src=\"https:\/\/www.cidademarketing.com.br\/marketing\/wp-content\/uploads\/2023\/04\/cidademarketing_backlinks_marketingdigital_publieditorial_.png\" alt=\"\" width=\"500\" height=\"500\" \/><\/a><br \/>\nO novo \u00e1lbum CONMEBOL Libertadores conta com mais de 70 p\u00e1ginas de conte\u00fados in\u00e9ditos, trazendo todo o clima de \u201ccaldeir\u00e3o\u201d do maior torneio de continente, com suas hist\u00f3rias lend\u00e1rias e principais batalhas registradas nas 8 p\u00e1ginas de conte\u00fado extra \u2013 que se somam a uma marcante cole\u00e7\u00e3o de 557 cromos, sendo 70 deles especiais.<\/p>\n<p>\u201cEstamos muito felizes que os torcedores do futebol sul-americano e os f\u00e3s da CONMEBOL Libertadores possam estar ainda mais pr\u00f3ximos da paix\u00e3o e da hist\u00f3ria da mais prestigiada competi\u00e7\u00e3o do continente; e que as novas gera\u00e7\u00f5es possam, atrav\u00e9s do \u00e1lbum, se aproximar de nossos times, jogadores, est\u00e1dios e hist\u00f3ria&#8221;, diz Juan Emilio Roa, Diretor Comercial da CONMEBOL.<\/p>\n<p>Al\u00e9m dos representantes brasileiros na competi\u00e7\u00e3o (Palmeiras, Internacional, Fluminense, Corinthians, Flamengo, Athletico-PR e Atl\u00e9tico-MG), com suas devidas torcidas apaixonadas, grandes equipes do continente, como Boca Juniors, River Plate, Colo-Colo, Ol\u00edmpia e Nacional, tamb\u00e9m ter\u00e3o suas cartas colocadas na mesa, para que os f\u00e3s do torneio n\u00e3o percam nada no restante da temporada. A cole\u00e7\u00e3o j\u00e1 dispon\u00edvel para todos as torcidas de Argentina, Bol\u00edvia, Brasil, Chile, Ecuador, Peru, Col\u00f4mbia, M\u00e9xico, Paraguai, Uruguai e Venezuela.<\/p>\n<p>\u201c\u00c9 uma honra e responsabilidade imensas para a Panini refor\u00e7ar a nossa parceria com a CONMEBOL, adicionando agora a CONMEBOL Libertadores. Estamos falando de um torneio com mais de 60 anos de exist\u00eancia, que mexe com o brio das pessoas por todo o continente e que \u00e9 uma verdadeira vitrine do futebol latino-americano para o restante do mundo. Estamos entregando um trabalho cuidadoso, com diversas novidades, desenvolvido justamente para os mais apaixonados, que podem encontrar no \u00e1lbum uma \u00f3tima companhia para a emo\u00e7\u00e3o das partidas\u201d, conta Ivam Faria, CEO da Panini LATAM.<\/p>\n<p>O \u00e1lbum de figurinhas CONMEBOL Libertadores 2023 chega em vers\u00e3o capa brochura por R\uff04 15,00 e os envelopes, com 5 figurinhas, ser\u00e3o vendidos por R\uff04 4,00 cada. O produto est\u00e1 dispon\u00edvel em bancas de jornal, nas melhores lojas e na Loja Panini.<\/p>\n<p><iframe title=\"Spotify Embed: Podcast CidadeMarketing\" style=\"border-radius: 12px\" width=\"100%\" height=\"152\" frameborder=\"0\" allowfullscreen allow=\"autoplay; clipboard-write; encrypted-media; fullscreen; picture-in-picture\" loading=\"lazy\" src=\"https:\/\/open.spotify.com\/embed\/show\/4khMKzP3FgFRWVwb73xicc?si=252fe5bff2b34909&#038;utm_source=oembed\"><\/iframe><\/p>\n<p>&nbsp;<\/p>\n<p>Ficha t\u00e9cnica<br \/>\nLan\u00e7amento: 23\/06\/2023<br \/>\nFormato \u00e1lbum: 230 x 270 mm<br \/>\nFormato do cromo: 49 x 65 mm<br \/>\nFormato envelope: 80 x 100 mm<br \/>\nConte\u00fado: 5 figurinhas<br \/>\nP\u00e1ginas: 4 Capas + 72 p\u00e1ginas<br \/>\nCromos: 557 cromos, sendo 70 especiais<br \/>\n\u00c1lbum Brochura: R\uff04 15,00<br \/>\nPre\u00e7o do Envelope: R\uff04 4,00, contendo 5 stickers<\/p>\n","protected":false},"excerpt":{"rendered":"<p>O in\u00e9dito \u00e1lbum de figurinhas da CONMEBOL Libertadores j\u00e1 est\u00e1 nas ruas! Criadora e distribuidora do \u00e1lbum, a editora Panini, l\u00edder do segmento de publica\u00e7\u00f5es e colecion\u00e1veis, inicia as vendas oficiais do livro ilustrado para o p\u00fablico geral, a partir desta sexta-feira (23 de junho), trazendo figurinhas com os principais craques da competi\u00e7\u00e3o, al\u00e9m de [&hellip;]<\/p>\n","protected":false},"author":1,"featured_media":45528,"comment_status":"open","ping_status":"open","sticky":false,"template":"","format":"standard","meta":{"tdm_status":"","tdm_grid_status":"","footnotes":""},"categories":[6],"tags":[1898,223,33,28,3769,228],"class_list":["post-45526","post","type-post","status-publish","format-standard","has-post-thumbnail","hentry","category-noticias","tag-conmebol","tag-design","tag-estrategia","tag-marketing","tag-panini","tag-segmentacao-de-mercado"],"yoast_head":"<!-- This site is optimized with the Yoast SEO plugin v27.4 - https:\/\/yoast.com\/product\/yoast-seo-wordpress\/ -->\n<title>Panini inicia vendas de primeiro \u00e1lbum de figurinhas exclusivo da CONMEBOL Libertadores - CidadeMarketing<\/title>\n<meta name=\"robots\" content=\"index, follow, max-snippet:-1, max-image-preview:large, max-video-preview:-1\" \/>\n<link rel=\"canonical\" href=\"https:\/\/www.cidademarketing.com.br\/marketing\/2023\/06\/21\/panini-inicia-vendas-de-primeiro-album-de-figurinhas-exclusivo-da-conmebol-libertadores\/\" \/>\n<meta property=\"og:locale\" content=\"pt_BR\" \/>\n<meta property=\"og:type\" content=\"article\" \/>\n<meta property=\"og:title\" content=\"Panini inicia vendas de primeiro \u00e1lbum de figurinhas exclusivo da CONMEBOL Libertadores - CidadeMarketing\" \/>\n<meta property=\"og:description\" content=\"O in\u00e9dito \u00e1lbum de figurinhas da CONMEBOL Libertadores j\u00e1 est\u00e1 nas ruas! Criadora e distribuidora do \u00e1lbum, a editora Panini, l\u00edder do segmento de publica\u00e7\u00f5es e colecion\u00e1veis, inicia as vendas oficiais do livro ilustrado para o p\u00fablico geral, a partir desta sexta-feira (23 de junho), trazendo figurinhas com os principais craques da competi\u00e7\u00e3o, al\u00e9m de [&hellip;]\" \/>\n<meta property=\"og:url\" content=\"https:\/\/www.cidademarketing.com.br\/marketing\/2023\/06\/21\/panini-inicia-vendas-de-primeiro-album-de-figurinhas-exclusivo-da-conmebol-libertadores\/\" \/>\n<meta property=\"og:site_name\" content=\"CidadeMarketing\" \/>\n<meta property=\"article:publisher\" content=\"https:\/\/www.facebook.com\/portalcidademarketing\" \/>\n<meta property=\"article:author\" content=\"https:\/\/www.facebook.com\/thalesbrandao\" \/>\n<meta property=\"article:published_time\" content=\"2023-06-21T17:11:21+00:00\" \/>\n<meta property=\"og:image\" content=\"https:\/\/www.cidademarketing.com.br\/marketing\/wp-content\/uploads\/2023\/06\/panini_vendas_conmebol_libertadores.jpg\" \/>\n\t<meta property=\"og:image:width\" content=\"1600\" \/>\n\t<meta property=\"og:image:height\" content=\"900\" \/>\n\t<meta property=\"og:image:type\" content=\"image\/jpeg\" \/>\n<meta name=\"author\" content=\"Thales Brand\u00e3o\" \/>\n<meta name=\"twitter:card\" content=\"summary_large_image\" \/>\n<meta name=\"twitter:creator\" content=\"@http:\/\/www.twitter.com\/thalesbrandao\" \/>\n<meta name=\"twitter:site\" content=\"@CidadeMarketing\" \/>\n<meta name=\"twitter:label1\" content=\"Escrito por\" \/>\n\t<meta name=\"twitter:data1\" content=\"Thales Brand\u00e3o\" \/>\n\t<meta name=\"twitter:label2\" content=\"Est. tempo de leitura\" \/>\n\t<meta name=\"twitter:data2\" content=\"2 minutos\" \/>\n<script type=\"application\/ld+json\" class=\"yoast-schema-graph\">{\"@context\":\"https:\\\/\\\/schema.org\",\"@graph\":[{\"@type\":\"Article\",\"@id\":\"https:\\\/\\\/www.cidademarketing.com.br\\\/marketing\\\/2023\\\/06\\\/21\\\/panini-inicia-vendas-de-primeiro-album-de-figurinhas-exclusivo-da-conmebol-libertadores\\\/#article\",\"isPartOf\":{\"@id\":\"https:\\\/\\\/www.cidademarketing.com.br\\\/marketing\\\/2023\\\/06\\\/21\\\/panini-inicia-vendas-de-primeiro-album-de-figurinhas-exclusivo-da-conmebol-libertadores\\\/\"},\"author\":{\"name\":\"Thales Brand\u00e3o\",\"@id\":\"https:\\\/\\\/www.cidademarketing.com.br\\\/marketing\\\/#\\\/schema\\\/person\\\/02daff9f18bd9378c9e01eb6b2db155f\"},\"headline\":\"Panini inicia vendas de primeiro \u00e1lbum de figurinhas exclusivo da CONMEBOL Libertadores\",\"datePublished\":\"2023-06-21T17:11:21+00:00\",\"mainEntityOfPage\":{\"@id\":\"https:\\\/\\\/www.cidademarketing.com.br\\\/marketing\\\/2023\\\/06\\\/21\\\/panini-inicia-vendas-de-primeiro-album-de-figurinhas-exclusivo-da-conmebol-libertadores\\\/\"},\"wordCount\":492,\"commentCount\":0,\"publisher\":{\"@id\":\"https:\\\/\\\/www.cidademarketing.com.br\\\/marketing\\\/#organization\"},\"image\":{\"@id\":\"https:\\\/\\\/www.cidademarketing.com.br\\\/marketing\\\/2023\\\/06\\\/21\\\/panini-inicia-vendas-de-primeiro-album-de-figurinhas-exclusivo-da-conmebol-libertadores\\\/#primaryimage\"},\"thumbnailUrl\":\"https:\\\/\\\/www.cidademarketing.com.br\\\/marketing\\\/wp-content\\\/uploads\\\/2023\\\/06\\\/panini_vendas_conmebol_libertadores.jpg\",\"keywords\":[\"Conmebol\",\"design\",\"estrat\u00e9gia\",\"marketing\",\"Panini\",\"segmenta\u00e7\u00e3o de mercado\"],\"articleSection\":[\"Not\u00edcias\"],\"inLanguage\":\"pt-BR\",\"potentialAction\":[{\"@type\":\"CommentAction\",\"name\":\"Comment\",\"target\":[\"https:\\\/\\\/www.cidademarketing.com.br\\\/marketing\\\/2023\\\/06\\\/21\\\/panini-inicia-vendas-de-primeiro-album-de-figurinhas-exclusivo-da-conmebol-libertadores\\\/#respond\"]}]},{\"@type\":\"WebPage\",\"@id\":\"https:\\\/\\\/www.cidademarketing.com.br\\\/marketing\\\/2023\\\/06\\\/21\\\/panini-inicia-vendas-de-primeiro-album-de-figurinhas-exclusivo-da-conmebol-libertadores\\\/\",\"url\":\"https:\\\/\\\/www.cidademarketing.com.br\\\/marketing\\\/2023\\\/06\\\/21\\\/panini-inicia-vendas-de-primeiro-album-de-figurinhas-exclusivo-da-conmebol-libertadores\\\/\",\"name\":\"Panini inicia vendas de primeiro \u00e1lbum de figurinhas exclusivo da CONMEBOL Libertadores - CidadeMarketing\",\"isPartOf\":{\"@id\":\"https:\\\/\\\/www.cidademarketing.com.br\\\/marketing\\\/#website\"},\"primaryImageOfPage\":{\"@id\":\"https:\\\/\\\/www.cidademarketing.com.br\\\/marketing\\\/2023\\\/06\\\/21\\\/panini-inicia-vendas-de-primeiro-album-de-figurinhas-exclusivo-da-conmebol-libertadores\\\/#primaryimage\"},\"image\":{\"@id\":\"https:\\\/\\\/www.cidademarketing.com.br\\\/marketing\\\/2023\\\/06\\\/21\\\/panini-inicia-vendas-de-primeiro-album-de-figurinhas-exclusivo-da-conmebol-libertadores\\\/#primaryimage\"},\"thumbnailUrl\":\"https:\\\/\\\/www.cidademarketing.com.br\\\/marketing\\\/wp-content\\\/uploads\\\/2023\\\/06\\\/panini_vendas_conmebol_libertadores.jpg\",\"datePublished\":\"2023-06-21T17:11:21+00:00\",\"breadcrumb\":{\"@id\":\"https:\\\/\\\/www.cidademarketing.com.br\\\/marketing\\\/2023\\\/06\\\/21\\\/panini-inicia-vendas-de-primeiro-album-de-figurinhas-exclusivo-da-conmebol-libertadores\\\/#breadcrumb\"},\"inLanguage\":\"pt-BR\",\"potentialAction\":[{\"@type\":\"ReadAction\",\"target\":[\"https:\\\/\\\/www.cidademarketing.com.br\\\/marketing\\\/2023\\\/06\\\/21\\\/panini-inicia-vendas-de-primeiro-album-de-figurinhas-exclusivo-da-conmebol-libertadores\\\/\"]}]},{\"@type\":\"ImageObject\",\"inLanguage\":\"pt-BR\",\"@id\":\"https:\\\/\\\/www.cidademarketing.com.br\\\/marketing\\\/2023\\\/06\\\/21\\\/panini-inicia-vendas-de-primeiro-album-de-figurinhas-exclusivo-da-conmebol-libertadores\\\/#primaryimage\",\"url\":\"https:\\\/\\\/www.cidademarketing.com.br\\\/marketing\\\/wp-content\\\/uploads\\\/2023\\\/06\\\/panini_vendas_conmebol_libertadores.jpg\",\"contentUrl\":\"https:\\\/\\\/www.cidademarketing.com.br\\\/marketing\\\/wp-content\\\/uploads\\\/2023\\\/06\\\/panini_vendas_conmebol_libertadores.jpg\",\"width\":1600,\"height\":900,\"caption\":\"Divulga\u00e7\u00e3o\"},{\"@type\":\"BreadcrumbList\",\"@id\":\"https:\\\/\\\/www.cidademarketing.com.br\\\/marketing\\\/2023\\\/06\\\/21\\\/panini-inicia-vendas-de-primeiro-album-de-figurinhas-exclusivo-da-conmebol-libertadores\\\/#breadcrumb\",\"itemListElement\":[{\"@type\":\"ListItem\",\"position\":1,\"name\":\"In\u00edcio\",\"item\":\"https:\\\/\\\/www.cidademarketing.com.br\\\/marketing\\\/\"},{\"@type\":\"ListItem\",\"position\":2,\"name\":\"Panini inicia vendas de primeiro \u00e1lbum de figurinhas exclusivo da CONMEBOL Libertadores\"}]},{\"@type\":\"WebSite\",\"@id\":\"https:\\\/\\\/www.cidademarketing.com.br\\\/marketing\\\/#website\",\"url\":\"https:\\\/\\\/www.cidademarketing.com.br\\\/marketing\\\/\",\"name\":\"CidadeMarketing\",\"description\":\"Somos um ve\u00edculo de comunica\u00e7\u00e3o de destaque no Brasil, reconhecido por conte\u00fados nos segmentos de marketing, empreendedorismo e inova\u00e7\u00e3o.\",\"publisher\":{\"@id\":\"https:\\\/\\\/www.cidademarketing.com.br\\\/marketing\\\/#organization\"},\"alternateName\":\"CidadeMarketing\",\"potentialAction\":[{\"@type\":\"SearchAction\",\"target\":{\"@type\":\"EntryPoint\",\"urlTemplate\":\"https:\\\/\\\/www.cidademarketing.com.br\\\/marketing\\\/?s={search_term_string}\"},\"query-input\":{\"@type\":\"PropertyValueSpecification\",\"valueRequired\":true,\"valueName\":\"search_term_string\"}}],\"inLanguage\":\"pt-BR\"},{\"@type\":\"Organization\",\"@id\":\"https:\\\/\\\/www.cidademarketing.com.br\\\/marketing\\\/#organization\",\"name\":\"CidadeMarketing\",\"alternateName\":\"CidadeMarketing\",\"url\":\"https:\\\/\\\/www.cidademarketing.com.br\\\/marketing\\\/\",\"logo\":{\"@type\":\"ImageObject\",\"inLanguage\":\"pt-BR\",\"@id\":\"https:\\\/\\\/www.cidademarketing.com.br\\\/marketing\\\/#\\\/schema\\\/logo\\\/image\\\/\",\"url\":\"https:\\\/\\\/www.cidademarketing.com.br\\\/marketing\\\/wp-content\\\/uploads\\\/2020\\\/01\\\/cidademarketing_marca_mobile.png\",\"contentUrl\":\"https:\\\/\\\/www.cidademarketing.com.br\\\/marketing\\\/wp-content\\\/uploads\\\/2020\\\/01\\\/cidademarketing_marca_mobile.png\",\"width\":230,\"height\":92,\"caption\":\"CidadeMarketing\"},\"image\":{\"@id\":\"https:\\\/\\\/www.cidademarketing.com.br\\\/marketing\\\/#\\\/schema\\\/logo\\\/image\\\/\"},\"sameAs\":[\"https:\\\/\\\/www.facebook.com\\\/portalcidademarketing\",\"https:\\\/\\\/x.com\\\/CidadeMarketing\",\"https:\\\/\\\/www.instagram.com\\\/cidademarketing\\\/\"]},{\"@type\":\"Person\",\"@id\":\"https:\\\/\\\/www.cidademarketing.com.br\\\/marketing\\\/#\\\/schema\\\/person\\\/02daff9f18bd9378c9e01eb6b2db155f\",\"name\":\"Thales Brand\u00e3o\",\"image\":{\"@type\":\"ImageObject\",\"inLanguage\":\"pt-BR\",\"@id\":\"https:\\\/\\\/secure.gravatar.com\\\/avatar\\\/7ca3206950207cc3cb48feec56a8a7898741ab725c368d99d5d7a5a50aab80c6?s=96&d=mm&r=g\",\"url\":\"https:\\\/\\\/secure.gravatar.com\\\/avatar\\\/7ca3206950207cc3cb48feec56a8a7898741ab725c368d99d5d7a5a50aab80c6?s=96&d=mm&r=g\",\"contentUrl\":\"https:\\\/\\\/secure.gravatar.com\\\/avatar\\\/7ca3206950207cc3cb48feec56a8a7898741ab725c368d99d5d7a5a50aab80c6?s=96&d=mm&r=g\",\"caption\":\"Thales Brand\u00e3o\"},\"description\":\"Editor Executivo do Portal CidadeMarketing.com.br &gt; Mestre em Comunica\u00e7\u00e3o e Sociedade pela Universidade Federal de Sergipe. Possui MBA Executivo em Administra\u00e7\u00e3o com \u00eanfase em Marketing pela Funda\u00e7\u00e3o Get\u00falio Vargas - Rio de Janeiro. Consultor, Palestrante e Pesquisador sobre Empreendedorismo, Marketing, Redes Sociais e Neg\u00f3cios Digitais. Professor, Palestrante TedxTalks e Campus Party. Twitter: @ThalesBrandao\",\"sameAs\":[\"http:\\\/\\\/www.mandacaru.com.br\",\"https:\\\/\\\/www.facebook.com\\\/thalesbrandao\",\"http:\\\/\\\/www.instagram.com.br\\\/thalesbrandaoferreira\",\"https:\\\/\\\/www.linkedin.com\\\/in\\\/thales-brand\u00e3o-3948609\\\/\",\"https:\\\/\\\/x.com\\\/http:\\\/\\\/www.twitter.com\\\/thalesbrandao\"],\"url\":\"https:\\\/\\\/www.cidademarketing.com.br\\\/marketing\\\/author\\\/thalesbrandao\\\/\"}]}<\/script>\n<!-- \/ Yoast SEO plugin. -->","yoast_head_json":{"title":"Panini inicia vendas de primeiro \u00e1lbum de figurinhas exclusivo da CONMEBOL Libertadores - CidadeMarketing","robots":{"index":"index","follow":"follow","max-snippet":"max-snippet:-1","max-image-preview":"max-image-preview:large","max-video-preview":"max-video-preview:-1"},"canonical":"https:\/\/www.cidademarketing.com.br\/marketing\/2023\/06\/21\/panini-inicia-vendas-de-primeiro-album-de-figurinhas-exclusivo-da-conmebol-libertadores\/","og_locale":"pt_BR","og_type":"article","og_title":"Panini inicia vendas de primeiro \u00e1lbum de figurinhas exclusivo da CONMEBOL Libertadores - CidadeMarketing","og_description":"O in\u00e9dito \u00e1lbum de figurinhas da CONMEBOL Libertadores j\u00e1 est\u00e1 nas ruas! Criadora e distribuidora do \u00e1lbum, a editora Panini, l\u00edder do segmento de publica\u00e7\u00f5es e colecion\u00e1veis, inicia as vendas oficiais do livro ilustrado para o p\u00fablico geral, a partir desta sexta-feira (23 de junho), trazendo figurinhas com os principais craques da competi\u00e7\u00e3o, al\u00e9m de [&hellip;]","og_url":"https:\/\/www.cidademarketing.com.br\/marketing\/2023\/06\/21\/panini-inicia-vendas-de-primeiro-album-de-figurinhas-exclusivo-da-conmebol-libertadores\/","og_site_name":"CidadeMarketing","article_publisher":"https:\/\/www.facebook.com\/portalcidademarketing","article_author":"https:\/\/www.facebook.com\/thalesbrandao","article_published_time":"2023-06-21T17:11:21+00:00","og_image":[{"width":1600,"height":900,"url":"https:\/\/www.cidademarketing.com.br\/marketing\/wp-content\/uploads\/2023\/06\/panini_vendas_conmebol_libertadores.jpg","type":"image\/jpeg"}],"author":"Thales Brand\u00e3o","twitter_card":"summary_large_image","twitter_creator":"@http:\/\/www.twitter.com\/thalesbrandao","twitter_site":"@CidadeMarketing","twitter_misc":{"Escrito por":"Thales Brand\u00e3o","Est. tempo de leitura":"2 minutos"},"schema":{"@context":"https:\/\/schema.org","@graph":[{"@type":"Article","@id":"https:\/\/www.cidademarketing.com.br\/marketing\/2023\/06\/21\/panini-inicia-vendas-de-primeiro-album-de-figurinhas-exclusivo-da-conmebol-libertadores\/#article","isPartOf":{"@id":"https:\/\/www.cidademarketing.com.br\/marketing\/2023\/06\/21\/panini-inicia-vendas-de-primeiro-album-de-figurinhas-exclusivo-da-conmebol-libertadores\/"},"author":{"name":"Thales Brand\u00e3o","@id":"https:\/\/www.cidademarketing.com.br\/marketing\/#\/schema\/person\/02daff9f18bd9378c9e01eb6b2db155f"},"headline":"Panini inicia vendas de primeiro \u00e1lbum de figurinhas exclusivo da CONMEBOL Libertadores","datePublished":"2023-06-21T17:11:21+00:00","mainEntityOfPage":{"@id":"https:\/\/www.cidademarketing.com.br\/marketing\/2023\/06\/21\/panini-inicia-vendas-de-primeiro-album-de-figurinhas-exclusivo-da-conmebol-libertadores\/"},"wordCount":492,"commentCount":0,"publisher":{"@id":"https:\/\/www.cidademarketing.com.br\/marketing\/#organization"},"image":{"@id":"https:\/\/www.cidademarketing.com.br\/marketing\/2023\/06\/21\/panini-inicia-vendas-de-primeiro-album-de-figurinhas-exclusivo-da-conmebol-libertadores\/#primaryimage"},"thumbnailUrl":"https:\/\/www.cidademarketing.com.br\/marketing\/wp-content\/uploads\/2023\/06\/panini_vendas_conmebol_libertadores.jpg","keywords":["Conmebol","design","estrat\u00e9gia","marketing","Panini","segmenta\u00e7\u00e3o de mercado"],"articleSection":["Not\u00edcias"],"inLanguage":"pt-BR","potentialAction":[{"@type":"CommentAction","name":"Comment","target":["https:\/\/www.cidademarketing.com.br\/marketing\/2023\/06\/21\/panini-inicia-vendas-de-primeiro-album-de-figurinhas-exclusivo-da-conmebol-libertadores\/#respond"]}]},{"@type":"WebPage","@id":"https:\/\/www.cidademarketing.com.br\/marketing\/2023\/06\/21\/panini-inicia-vendas-de-primeiro-album-de-figurinhas-exclusivo-da-conmebol-libertadores\/","url":"https:\/\/www.cidademarketing.com.br\/marketing\/2023\/06\/21\/panini-inicia-vendas-de-primeiro-album-de-figurinhas-exclusivo-da-conmebol-libertadores\/","name":"Panini inicia vendas de primeiro \u00e1lbum de figurinhas exclusivo da CONMEBOL Libertadores - CidadeMarketing","isPartOf":{"@id":"https:\/\/www.cidademarketing.com.br\/marketing\/#website"},"primaryImageOfPage":{"@id":"https:\/\/www.cidademarketing.com.br\/marketing\/2023\/06\/21\/panini-inicia-vendas-de-primeiro-album-de-figurinhas-exclusivo-da-conmebol-libertadores\/#primaryimage"},"image":{"@id":"https:\/\/www.cidademarketing.com.br\/marketing\/2023\/06\/21\/panini-inicia-vendas-de-primeiro-album-de-figurinhas-exclusivo-da-conmebol-libertadores\/#primaryimage"},"thumbnailUrl":"https:\/\/www.cidademarketing.com.br\/marketing\/wp-content\/uploads\/2023\/06\/panini_vendas_conmebol_libertadores.jpg","datePublished":"2023-06-21T17:11:21+00:00","breadcrumb":{"@id":"https:\/\/www.cidademarketing.com.br\/marketing\/2023\/06\/21\/panini-inicia-vendas-de-primeiro-album-de-figurinhas-exclusivo-da-conmebol-libertadores\/#breadcrumb"},"inLanguage":"pt-BR","potentialAction":[{"@type":"ReadAction","target":["https:\/\/www.cidademarketing.com.br\/marketing\/2023\/06\/21\/panini-inicia-vendas-de-primeiro-album-de-figurinhas-exclusivo-da-conmebol-libertadores\/"]}]},{"@type":"ImageObject","inLanguage":"pt-BR","@id":"https:\/\/www.cidademarketing.com.br\/marketing\/2023\/06\/21\/panini-inicia-vendas-de-primeiro-album-de-figurinhas-exclusivo-da-conmebol-libertadores\/#primaryimage","url":"https:\/\/www.cidademarketing.com.br\/marketing\/wp-content\/uploads\/2023\/06\/panini_vendas_conmebol_libertadores.jpg","contentUrl":"https:\/\/www.cidademarketing.com.br\/marketing\/wp-content\/uploads\/2023\/06\/panini_vendas_conmebol_libertadores.jpg","width":1600,"height":900,"caption":"Divulga\u00e7\u00e3o"},{"@type":"BreadcrumbList","@id":"https:\/\/www.cidademarketing.com.br\/marketing\/2023\/06\/21\/panini-inicia-vendas-de-primeiro-album-de-figurinhas-exclusivo-da-conmebol-libertadores\/#breadcrumb","itemListElement":[{"@type":"ListItem","position":1,"name":"In\u00edcio","item":"https:\/\/www.cidademarketing.com.br\/marketing\/"},{"@type":"ListItem","position":2,"name":"Panini inicia vendas de primeiro \u00e1lbum de figurinhas exclusivo da CONMEBOL Libertadores"}]},{"@type":"WebSite","@id":"https:\/\/www.cidademarketing.com.br\/marketing\/#website","url":"https:\/\/www.cidademarketing.com.br\/marketing\/","name":"CidadeMarketing","description":"Somos um ve\u00edculo de comunica\u00e7\u00e3o de destaque no Brasil, reconhecido por conte\u00fados nos segmentos de marketing, empreendedorismo e inova\u00e7\u00e3o.","publisher":{"@id":"https:\/\/www.cidademarketing.com.br\/marketing\/#organization"},"alternateName":"CidadeMarketing","potentialAction":[{"@type":"SearchAction","target":{"@type":"EntryPoint","urlTemplate":"https:\/\/www.cidademarketing.com.br\/marketing\/?s={search_term_string}"},"query-input":{"@type":"PropertyValueSpecification","valueRequired":true,"valueName":"search_term_string"}}],"inLanguage":"pt-BR"},{"@type":"Organization","@id":"https:\/\/www.cidademarketing.com.br\/marketing\/#organization","name":"CidadeMarketing","alternateName":"CidadeMarketing","url":"https:\/\/www.cidademarketing.com.br\/marketing\/","logo":{"@type":"ImageObject","inLanguage":"pt-BR","@id":"https:\/\/www.cidademarketing.com.br\/marketing\/#\/schema\/logo\/image\/","url":"https:\/\/www.cidademarketing.com.br\/marketing\/wp-content\/uploads\/2020\/01\/cidademarketing_marca_mobile.png","contentUrl":"https:\/\/www.cidademarketing.com.br\/marketing\/wp-content\/uploads\/2020\/01\/cidademarketing_marca_mobile.png","width":230,"height":92,"caption":"CidadeMarketing"},"image":{"@id":"https:\/\/www.cidademarketing.com.br\/marketing\/#\/schema\/logo\/image\/"},"sameAs":["https:\/\/www.facebook.com\/portalcidademarketing","https:\/\/x.com\/CidadeMarketing","https:\/\/www.instagram.com\/cidademarketing\/"]},{"@type":"Person","@id":"https:\/\/www.cidademarketing.com.br\/marketing\/#\/schema\/person\/02daff9f18bd9378c9e01eb6b2db155f","name":"Thales Brand\u00e3o","image":{"@type":"ImageObject","inLanguage":"pt-BR","@id":"https:\/\/secure.gravatar.com\/avatar\/7ca3206950207cc3cb48feec56a8a7898741ab725c368d99d5d7a5a50aab80c6?s=96&d=mm&r=g","url":"https:\/\/secure.gravatar.com\/avatar\/7ca3206950207cc3cb48feec56a8a7898741ab725c368d99d5d7a5a50aab80c6?s=96&d=mm&r=g","contentUrl":"https:\/\/secure.gravatar.com\/avatar\/7ca3206950207cc3cb48feec56a8a7898741ab725c368d99d5d7a5a50aab80c6?s=96&d=mm&r=g","caption":"Thales Brand\u00e3o"},"description":"Editor Executivo do Portal CidadeMarketing.com.br &gt; Mestre em Comunica\u00e7\u00e3o e Sociedade pela Universidade Federal de Sergipe. Possui MBA Executivo em Administra\u00e7\u00e3o com \u00eanfase em Marketing pela Funda\u00e7\u00e3o Get\u00falio Vargas - Rio de Janeiro. Consultor, Palestrante e Pesquisador sobre Empreendedorismo, Marketing, Redes Sociais e Neg\u00f3cios Digitais. Professor, Palestrante TedxTalks e Campus Party. Twitter: @ThalesBrandao","sameAs":["http:\/\/www.mandacaru.com.br","https:\/\/www.facebook.com\/thalesbrandao","http:\/\/www.instagram.com.br\/thalesbrandaoferreira","https:\/\/www.linkedin.com\/in\/thales-brand\u00e3o-3948609\/","https:\/\/x.com\/http:\/\/www.twitter.com\/thalesbrandao"],"url":"https:\/\/www.cidademarketing.com.br\/marketing\/author\/thalesbrandao\/"}]}},"amp_enabled":true,"_links":{"self":[{"href":"https:\/\/www.cidademarketing.com.br\/marketing\/wp-json\/wp\/v2\/posts\/45526","targetHints":{"allow":["GET"]}}],"collection":[{"href":"https:\/\/www.cidademarketing.com.br\/marketing\/wp-json\/wp\/v2\/posts"}],"about":[{"href":"https:\/\/www.cidademarketing.com.br\/marketing\/wp-json\/wp\/v2\/types\/post"}],"author":[{"embeddable":true,"href":"https:\/\/www.cidademarketing.com.br\/marketing\/wp-json\/wp\/v2\/users\/1"}],"replies":[{"embeddable":true,"href":"https:\/\/www.cidademarketing.com.br\/marketing\/wp-json\/wp\/v2\/comments?post=45526"}],"version-history":[{"count":2,"href":"https:\/\/www.cidademarketing.com.br\/marketing\/wp-json\/wp\/v2\/posts\/45526\/revisions"}],"predecessor-version":[{"id":45529,"href":"https:\/\/www.cidademarketing.com.br\/marketing\/wp-json\/wp\/v2\/posts\/45526\/revisions\/45529"}],"wp:featuredmedia":[{"embeddable":true,"href":"https:\/\/www.cidademarketing.com.br\/marketing\/wp-json\/wp\/v2\/media\/45528"}],"wp:attachment":[{"href":"https:\/\/www.cidademarketing.com.br\/marketing\/wp-json\/wp\/v2\/media?parent=45526"}],"wp:term":[{"taxonomy":"category","embeddable":true,"href":"https:\/\/www.cidademarketing.com.br\/marketing\/wp-json\/wp\/v2\/categories?post=45526"},{"taxonomy":"post_tag","embeddable":true,"href":"https:\/\/www.cidademarketing.com.br\/marketing\/wp-json\/wp\/v2\/tags?post=45526"}],"curies":[{"name":"wp","href":"https:\/\/api.w.org\/{rel}","templated":true}]}}