{"id":45517,"date":"2023-06-20T23:17:57","date_gmt":"2023-06-21T02:17:57","guid":{"rendered":"https:\/\/www.cidademarketing.com.br\/marketing\/?p=45517"},"modified":"2023-06-20T23:17:57","modified_gmt":"2023-06-21T02:17:57","slug":"kondzilla-e-premiado-em-cannes-2023-pelo-seu-impactante-videoclipe-salve-a-favela","status":"publish","type":"post","link":"https:\/\/www.cidademarketing.com.br\/marketing\/2023\/06\/20\/kondzilla-e-premiado-em-cannes-2023-pelo-seu-impactante-videoclipe-salve-a-favela\/","title":{"rendered":"KondZilla \u00e9 premiado em Cannes 2023 pelo seu impactante videoclipe &#8220;Salve a Favela&#8221;"},"content":{"rendered":"<p>A KondZilla ganhou prata em Cannes na categoria Entertainment for Music com MainStreet, Santeria e BETC Havas. A m\u00fasica e o videoclipe jogam luz em uma quest\u00e3o urgente vivida por moradores de favelas do Brasil &#8211; v\u00edtimas inocentes &#8211; a maior parte delas pretas &#8211; em a\u00e7\u00f5es policiais.<\/p>\n<p><a href=\"https:\/\/www.cidademarketing.com.br\/marketing\/sua-marca-vai-virar-noticia\/\" target=\"_blank\" rel=\"noopener\"><img fetchpriority=\"high\" decoding=\"async\" class=\"wp-image-44329 aligncenter\" src=\"https:\/\/www.cidademarketing.com.br\/marketing\/wp-content\/uploads\/2023\/04\/cidademarketing_backlinks_marketingdigital_publieditorial_.png\" alt=\"\" width=\"500\" height=\"500\" \/><\/a><br \/>\nCom MCs Poze do Rodo, Bielzin, Borges e Cabelinho, respons\u00e1veis pela composi\u00e7\u00e3o e interpreta\u00e7\u00e3o da m\u00fasica, o videoclipe mostra cenas baseadas nas hist\u00f3rias reais das v\u00edtimas, vivendo em comunidades perif\u00e9ricas do Rio de Janeiro, S\u00e3o Paulo e Minas Gerais. No elenco, o destaque fica a cargo da participa\u00e7\u00e3o especial do ator Andr\u00e9 Ramiro que, ap\u00f3s 16 anos, aceitou fazer novamente o papel de policial e vestir uma farda. Ramiro viveu nos cinemas o emblem\u00e1tico policial Andr\u00e9 Mathias, nos filmes Tropa de Elite 1 e 2.<\/p>\n<div class=\"youtube-embed\" data-video_id=\"dCVcOB8dfr0\"><iframe title=\"SALVE A FAVELA - Bielzin, Borges, MC Cabelinho e MC Poze do Rodo (KondZilla) Prod. Ajaxx\" width=\"640\" height=\"360\" src=\"https:\/\/www.youtube.com\/embed\/dCVcOB8dfr0?feature=oembed&#038;enablejsapi=1\" frameborder=\"0\" allow=\"accelerometer; autoplay; clipboard-write; encrypted-media; gyroscope; picture-in-picture; web-share\" referrerpolicy=\"strict-origin-when-cross-origin\" allowfullscreen><\/iframe><\/div>\n","protected":false},"excerpt":{"rendered":"<p>A KondZilla ganhou prata em Cannes na categoria Entertainment for Music com MainStreet, Santeria e BETC Havas. A m\u00fasica e o videoclipe jogam luz em uma quest\u00e3o urgente vivida por moradores de favelas do Brasil &#8211; v\u00edtimas inocentes &#8211; a maior parte delas pretas &#8211; em a\u00e7\u00f5es policiais. Com MCs Poze do Rodo, Bielzin, Borges [&hellip;]<\/p>\n","protected":false},"author":1,"featured_media":45518,"comment_status":"open","ping_status":"open","sticky":false,"template":"","format":"standard","meta":{"tdm_status":"","tdm_grid_status":"","footnotes":""},"categories":[6],"tags":[1570,65,1470,6050,33,836,319,28,253],"class_list":["post-45517","post","type-post","status-publish","format-standard","has-post-thumbnail","hentry","category-noticias","tag-audiovisual","tag-campanha","tag-cannes","tag-cannes-2023","tag-estrategia","tag-filme","tag-kondzilla","tag-marketing","tag-youtube"],"yoast_head":"<!-- This site is optimized with the Yoast SEO plugin v27.4 - https:\/\/yoast.com\/product\/yoast-seo-wordpress\/ -->\n<title>KondZilla \u00e9 premiado em Cannes 2023 pelo seu impactante videoclipe &quot;Salve a Favela&quot; - CidadeMarketing<\/title>\n<meta name=\"robots\" content=\"index, follow, max-snippet:-1, max-image-preview:large, max-video-preview:-1\" \/>\n<link rel=\"canonical\" href=\"https:\/\/www.cidademarketing.com.br\/marketing\/2023\/06\/20\/kondzilla-e-premiado-em-cannes-2023-pelo-seu-impactante-videoclipe-salve-a-favela\/\" \/>\n<meta property=\"og:locale\" content=\"pt_BR\" \/>\n<meta property=\"og:type\" content=\"article\" \/>\n<meta property=\"og:title\" content=\"KondZilla \u00e9 premiado em Cannes 2023 pelo seu impactante videoclipe &quot;Salve a Favela&quot; - CidadeMarketing\" \/>\n<meta property=\"og:description\" content=\"A KondZilla ganhou prata em Cannes na categoria Entertainment for Music com MainStreet, Santeria e BETC Havas. A m\u00fasica e o videoclipe jogam luz em uma quest\u00e3o urgente vivida por moradores de favelas do Brasil &#8211; v\u00edtimas inocentes &#8211; a maior parte delas pretas &#8211; em a\u00e7\u00f5es policiais. Com MCs Poze do Rodo, Bielzin, Borges [&hellip;]\" \/>\n<meta property=\"og:url\" content=\"https:\/\/www.cidademarketing.com.br\/marketing\/2023\/06\/20\/kondzilla-e-premiado-em-cannes-2023-pelo-seu-impactante-videoclipe-salve-a-favela\/\" \/>\n<meta property=\"og:site_name\" content=\"CidadeMarketing\" \/>\n<meta property=\"article:publisher\" content=\"https:\/\/www.facebook.com\/portalcidademarketing\" \/>\n<meta property=\"article:author\" content=\"https:\/\/www.facebook.com\/thalesbrandao\" \/>\n<meta property=\"article:published_time\" content=\"2023-06-21T02:17:57+00:00\" \/>\n<meta property=\"og:image\" content=\"https:\/\/www.cidademarketing.com.br\/marketing\/wp-content\/uploads\/2023\/06\/salveafavela.png\" \/>\n\t<meta property=\"og:image:width\" content=\"1165\" \/>\n\t<meta property=\"og:image:height\" content=\"573\" \/>\n\t<meta property=\"og:image:type\" content=\"image\/png\" \/>\n<meta name=\"author\" content=\"Thales Brand\u00e3o\" \/>\n<meta name=\"twitter:card\" content=\"summary_large_image\" \/>\n<meta name=\"twitter:creator\" content=\"@http:\/\/www.twitter.com\/thalesbrandao\" \/>\n<meta name=\"twitter:site\" content=\"@CidadeMarketing\" \/>\n<meta name=\"twitter:label1\" content=\"Escrito por\" \/>\n\t<meta name=\"twitter:data1\" content=\"Thales Brand\u00e3o\" \/>\n\t<meta name=\"twitter:label2\" content=\"Est. tempo de leitura\" \/>\n\t<meta name=\"twitter:data2\" content=\"1 minuto\" \/>\n<script type=\"application\/ld+json\" class=\"yoast-schema-graph\">{\"@context\":\"https:\\\/\\\/schema.org\",\"@graph\":[{\"@type\":\"Article\",\"@id\":\"https:\\\/\\\/www.cidademarketing.com.br\\\/marketing\\\/2023\\\/06\\\/20\\\/kondzilla-e-premiado-em-cannes-2023-pelo-seu-impactante-videoclipe-salve-a-favela\\\/#article\",\"isPartOf\":{\"@id\":\"https:\\\/\\\/www.cidademarketing.com.br\\\/marketing\\\/2023\\\/06\\\/20\\\/kondzilla-e-premiado-em-cannes-2023-pelo-seu-impactante-videoclipe-salve-a-favela\\\/\"},\"author\":{\"name\":\"Thales Brand\u00e3o\",\"@id\":\"https:\\\/\\\/www.cidademarketing.com.br\\\/marketing\\\/#\\\/schema\\\/person\\\/02daff9f18bd9378c9e01eb6b2db155f\"},\"headline\":\"KondZilla \u00e9 premiado em Cannes 2023 pelo seu impactante videoclipe &#8220;Salve a Favela&#8221;\",\"datePublished\":\"2023-06-21T02:17:57+00:00\",\"mainEntityOfPage\":{\"@id\":\"https:\\\/\\\/www.cidademarketing.com.br\\\/marketing\\\/2023\\\/06\\\/20\\\/kondzilla-e-premiado-em-cannes-2023-pelo-seu-impactante-videoclipe-salve-a-favela\\\/\"},\"wordCount\":166,\"commentCount\":0,\"publisher\":{\"@id\":\"https:\\\/\\\/www.cidademarketing.com.br\\\/marketing\\\/#organization\"},\"image\":{\"@id\":\"https:\\\/\\\/www.cidademarketing.com.br\\\/marketing\\\/2023\\\/06\\\/20\\\/kondzilla-e-premiado-em-cannes-2023-pelo-seu-impactante-videoclipe-salve-a-favela\\\/#primaryimage\"},\"thumbnailUrl\":\"https:\\\/\\\/www.cidademarketing.com.br\\\/marketing\\\/wp-content\\\/uploads\\\/2023\\\/06\\\/salveafavela.png\",\"keywords\":[\"\u00e1udiovisual\",\"campanha\",\"Cannes\",\"Cannes 2023\",\"estrat\u00e9gia\",\"filme\",\"Kondzilla\",\"marketing\",\"YouTube\"],\"articleSection\":[\"Not\u00edcias\"],\"inLanguage\":\"pt-BR\",\"potentialAction\":[{\"@type\":\"CommentAction\",\"name\":\"Comment\",\"target\":[\"https:\\\/\\\/www.cidademarketing.com.br\\\/marketing\\\/2023\\\/06\\\/20\\\/kondzilla-e-premiado-em-cannes-2023-pelo-seu-impactante-videoclipe-salve-a-favela\\\/#respond\"]}]},{\"@type\":\"WebPage\",\"@id\":\"https:\\\/\\\/www.cidademarketing.com.br\\\/marketing\\\/2023\\\/06\\\/20\\\/kondzilla-e-premiado-em-cannes-2023-pelo-seu-impactante-videoclipe-salve-a-favela\\\/\",\"url\":\"https:\\\/\\\/www.cidademarketing.com.br\\\/marketing\\\/2023\\\/06\\\/20\\\/kondzilla-e-premiado-em-cannes-2023-pelo-seu-impactante-videoclipe-salve-a-favela\\\/\",\"name\":\"KondZilla \u00e9 premiado em Cannes 2023 pelo seu impactante videoclipe \\\"Salve a Favela\\\" - CidadeMarketing\",\"isPartOf\":{\"@id\":\"https:\\\/\\\/www.cidademarketing.com.br\\\/marketing\\\/#website\"},\"primaryImageOfPage\":{\"@id\":\"https:\\\/\\\/www.cidademarketing.com.br\\\/marketing\\\/2023\\\/06\\\/20\\\/kondzilla-e-premiado-em-cannes-2023-pelo-seu-impactante-videoclipe-salve-a-favela\\\/#primaryimage\"},\"image\":{\"@id\":\"https:\\\/\\\/www.cidademarketing.com.br\\\/marketing\\\/2023\\\/06\\\/20\\\/kondzilla-e-premiado-em-cannes-2023-pelo-seu-impactante-videoclipe-salve-a-favela\\\/#primaryimage\"},\"thumbnailUrl\":\"https:\\\/\\\/www.cidademarketing.com.br\\\/marketing\\\/wp-content\\\/uploads\\\/2023\\\/06\\\/salveafavela.png\",\"datePublished\":\"2023-06-21T02:17:57+00:00\",\"breadcrumb\":{\"@id\":\"https:\\\/\\\/www.cidademarketing.com.br\\\/marketing\\\/2023\\\/06\\\/20\\\/kondzilla-e-premiado-em-cannes-2023-pelo-seu-impactante-videoclipe-salve-a-favela\\\/#breadcrumb\"},\"inLanguage\":\"pt-BR\",\"potentialAction\":[{\"@type\":\"ReadAction\",\"target\":[\"https:\\\/\\\/www.cidademarketing.com.br\\\/marketing\\\/2023\\\/06\\\/20\\\/kondzilla-e-premiado-em-cannes-2023-pelo-seu-impactante-videoclipe-salve-a-favela\\\/\"]}]},{\"@type\":\"ImageObject\",\"inLanguage\":\"pt-BR\",\"@id\":\"https:\\\/\\\/www.cidademarketing.com.br\\\/marketing\\\/2023\\\/06\\\/20\\\/kondzilla-e-premiado-em-cannes-2023-pelo-seu-impactante-videoclipe-salve-a-favela\\\/#primaryimage\",\"url\":\"https:\\\/\\\/www.cidademarketing.com.br\\\/marketing\\\/wp-content\\\/uploads\\\/2023\\\/06\\\/salveafavela.png\",\"contentUrl\":\"https:\\\/\\\/www.cidademarketing.com.br\\\/marketing\\\/wp-content\\\/uploads\\\/2023\\\/06\\\/salveafavela.png\",\"width\":1165,\"height\":573,\"caption\":\"Reprodu\u00e7\u00e3o\"},{\"@type\":\"BreadcrumbList\",\"@id\":\"https:\\\/\\\/www.cidademarketing.com.br\\\/marketing\\\/2023\\\/06\\\/20\\\/kondzilla-e-premiado-em-cannes-2023-pelo-seu-impactante-videoclipe-salve-a-favela\\\/#breadcrumb\",\"itemListElement\":[{\"@type\":\"ListItem\",\"position\":1,\"name\":\"In\u00edcio\",\"item\":\"https:\\\/\\\/www.cidademarketing.com.br\\\/marketing\\\/\"},{\"@type\":\"ListItem\",\"position\":2,\"name\":\"KondZilla \u00e9 premiado em Cannes 2023 pelo seu impactante videoclipe &#8220;Salve a Favela&#8221;\"}]},{\"@type\":\"WebSite\",\"@id\":\"https:\\\/\\\/www.cidademarketing.com.br\\\/marketing\\\/#website\",\"url\":\"https:\\\/\\\/www.cidademarketing.com.br\\\/marketing\\\/\",\"name\":\"CidadeMarketing\",\"description\":\"Somos um ve\u00edculo de comunica\u00e7\u00e3o de destaque no Brasil, reconhecido por conte\u00fados nos segmentos de marketing, empreendedorismo e inova\u00e7\u00e3o.\",\"publisher\":{\"@id\":\"https:\\\/\\\/www.cidademarketing.com.br\\\/marketing\\\/#organization\"},\"alternateName\":\"CidadeMarketing\",\"potentialAction\":[{\"@type\":\"SearchAction\",\"target\":{\"@type\":\"EntryPoint\",\"urlTemplate\":\"https:\\\/\\\/www.cidademarketing.com.br\\\/marketing\\\/?s={search_term_string}\"},\"query-input\":{\"@type\":\"PropertyValueSpecification\",\"valueRequired\":true,\"valueName\":\"search_term_string\"}}],\"inLanguage\":\"pt-BR\"},{\"@type\":\"Organization\",\"@id\":\"https:\\\/\\\/www.cidademarketing.com.br\\\/marketing\\\/#organization\",\"name\":\"CidadeMarketing\",\"alternateName\":\"CidadeMarketing\",\"url\":\"https:\\\/\\\/www.cidademarketing.com.br\\\/marketing\\\/\",\"logo\":{\"@type\":\"ImageObject\",\"inLanguage\":\"pt-BR\",\"@id\":\"https:\\\/\\\/www.cidademarketing.com.br\\\/marketing\\\/#\\\/schema\\\/logo\\\/image\\\/\",\"url\":\"https:\\\/\\\/www.cidademarketing.com.br\\\/marketing\\\/wp-content\\\/uploads\\\/2020\\\/01\\\/cidademarketing_marca_mobile.png\",\"contentUrl\":\"https:\\\/\\\/www.cidademarketing.com.br\\\/marketing\\\/wp-content\\\/uploads\\\/2020\\\/01\\\/cidademarketing_marca_mobile.png\",\"width\":230,\"height\":92,\"caption\":\"CidadeMarketing\"},\"image\":{\"@id\":\"https:\\\/\\\/www.cidademarketing.com.br\\\/marketing\\\/#\\\/schema\\\/logo\\\/image\\\/\"},\"sameAs\":[\"https:\\\/\\\/www.facebook.com\\\/portalcidademarketing\",\"https:\\\/\\\/x.com\\\/CidadeMarketing\",\"https:\\\/\\\/www.instagram.com\\\/cidademarketing\\\/\"]},{\"@type\":\"Person\",\"@id\":\"https:\\\/\\\/www.cidademarketing.com.br\\\/marketing\\\/#\\\/schema\\\/person\\\/02daff9f18bd9378c9e01eb6b2db155f\",\"name\":\"Thales Brand\u00e3o\",\"image\":{\"@type\":\"ImageObject\",\"inLanguage\":\"pt-BR\",\"@id\":\"https:\\\/\\\/secure.gravatar.com\\\/avatar\\\/7ca3206950207cc3cb48feec56a8a7898741ab725c368d99d5d7a5a50aab80c6?s=96&d=mm&r=g\",\"url\":\"https:\\\/\\\/secure.gravatar.com\\\/avatar\\\/7ca3206950207cc3cb48feec56a8a7898741ab725c368d99d5d7a5a50aab80c6?s=96&d=mm&r=g\",\"contentUrl\":\"https:\\\/\\\/secure.gravatar.com\\\/avatar\\\/7ca3206950207cc3cb48feec56a8a7898741ab725c368d99d5d7a5a50aab80c6?s=96&d=mm&r=g\",\"caption\":\"Thales Brand\u00e3o\"},\"description\":\"Editor Executivo do Portal CidadeMarketing.com.br &gt; Mestre em Comunica\u00e7\u00e3o e Sociedade pela Universidade Federal de Sergipe. Possui MBA Executivo em Administra\u00e7\u00e3o com \u00eanfase em Marketing pela Funda\u00e7\u00e3o Get\u00falio Vargas - Rio de Janeiro. Consultor, Palestrante e Pesquisador sobre Empreendedorismo, Marketing, Redes Sociais e Neg\u00f3cios Digitais. Professor, Palestrante TedxTalks e Campus Party. Twitter: @ThalesBrandao\",\"sameAs\":[\"http:\\\/\\\/www.mandacaru.com.br\",\"https:\\\/\\\/www.facebook.com\\\/thalesbrandao\",\"http:\\\/\\\/www.instagram.com.br\\\/thalesbrandaoferreira\",\"https:\\\/\\\/www.linkedin.com\\\/in\\\/thales-brand\u00e3o-3948609\\\/\",\"https:\\\/\\\/x.com\\\/http:\\\/\\\/www.twitter.com\\\/thalesbrandao\"],\"url\":\"https:\\\/\\\/www.cidademarketing.com.br\\\/marketing\\\/author\\\/thalesbrandao\\\/\"}]}<\/script>\n<!-- \/ Yoast SEO plugin. -->","yoast_head_json":{"title":"KondZilla \u00e9 premiado em Cannes 2023 pelo seu impactante videoclipe \"Salve a Favela\" - CidadeMarketing","robots":{"index":"index","follow":"follow","max-snippet":"max-snippet:-1","max-image-preview":"max-image-preview:large","max-video-preview":"max-video-preview:-1"},"canonical":"https:\/\/www.cidademarketing.com.br\/marketing\/2023\/06\/20\/kondzilla-e-premiado-em-cannes-2023-pelo-seu-impactante-videoclipe-salve-a-favela\/","og_locale":"pt_BR","og_type":"article","og_title":"KondZilla \u00e9 premiado em Cannes 2023 pelo seu impactante videoclipe \"Salve a Favela\" - CidadeMarketing","og_description":"A KondZilla ganhou prata em Cannes na categoria Entertainment for Music com MainStreet, Santeria e BETC Havas. A m\u00fasica e o videoclipe jogam luz em uma quest\u00e3o urgente vivida por moradores de favelas do Brasil &#8211; v\u00edtimas inocentes &#8211; a maior parte delas pretas &#8211; em a\u00e7\u00f5es policiais. Com MCs Poze do Rodo, Bielzin, Borges [&hellip;]","og_url":"https:\/\/www.cidademarketing.com.br\/marketing\/2023\/06\/20\/kondzilla-e-premiado-em-cannes-2023-pelo-seu-impactante-videoclipe-salve-a-favela\/","og_site_name":"CidadeMarketing","article_publisher":"https:\/\/www.facebook.com\/portalcidademarketing","article_author":"https:\/\/www.facebook.com\/thalesbrandao","article_published_time":"2023-06-21T02:17:57+00:00","og_image":[{"width":1165,"height":573,"url":"https:\/\/www.cidademarketing.com.br\/marketing\/wp-content\/uploads\/2023\/06\/salveafavela.png","type":"image\/png"}],"author":"Thales Brand\u00e3o","twitter_card":"summary_large_image","twitter_creator":"@http:\/\/www.twitter.com\/thalesbrandao","twitter_site":"@CidadeMarketing","twitter_misc":{"Escrito por":"Thales Brand\u00e3o","Est. tempo de leitura":"1 minuto"},"schema":{"@context":"https:\/\/schema.org","@graph":[{"@type":"Article","@id":"https:\/\/www.cidademarketing.com.br\/marketing\/2023\/06\/20\/kondzilla-e-premiado-em-cannes-2023-pelo-seu-impactante-videoclipe-salve-a-favela\/#article","isPartOf":{"@id":"https:\/\/www.cidademarketing.com.br\/marketing\/2023\/06\/20\/kondzilla-e-premiado-em-cannes-2023-pelo-seu-impactante-videoclipe-salve-a-favela\/"},"author":{"name":"Thales Brand\u00e3o","@id":"https:\/\/www.cidademarketing.com.br\/marketing\/#\/schema\/person\/02daff9f18bd9378c9e01eb6b2db155f"},"headline":"KondZilla \u00e9 premiado em Cannes 2023 pelo seu impactante videoclipe &#8220;Salve a Favela&#8221;","datePublished":"2023-06-21T02:17:57+00:00","mainEntityOfPage":{"@id":"https:\/\/www.cidademarketing.com.br\/marketing\/2023\/06\/20\/kondzilla-e-premiado-em-cannes-2023-pelo-seu-impactante-videoclipe-salve-a-favela\/"},"wordCount":166,"commentCount":0,"publisher":{"@id":"https:\/\/www.cidademarketing.com.br\/marketing\/#organization"},"image":{"@id":"https:\/\/www.cidademarketing.com.br\/marketing\/2023\/06\/20\/kondzilla-e-premiado-em-cannes-2023-pelo-seu-impactante-videoclipe-salve-a-favela\/#primaryimage"},"thumbnailUrl":"https:\/\/www.cidademarketing.com.br\/marketing\/wp-content\/uploads\/2023\/06\/salveafavela.png","keywords":["\u00e1udiovisual","campanha","Cannes","Cannes 2023","estrat\u00e9gia","filme","Kondzilla","marketing","YouTube"],"articleSection":["Not\u00edcias"],"inLanguage":"pt-BR","potentialAction":[{"@type":"CommentAction","name":"Comment","target":["https:\/\/www.cidademarketing.com.br\/marketing\/2023\/06\/20\/kondzilla-e-premiado-em-cannes-2023-pelo-seu-impactante-videoclipe-salve-a-favela\/#respond"]}]},{"@type":"WebPage","@id":"https:\/\/www.cidademarketing.com.br\/marketing\/2023\/06\/20\/kondzilla-e-premiado-em-cannes-2023-pelo-seu-impactante-videoclipe-salve-a-favela\/","url":"https:\/\/www.cidademarketing.com.br\/marketing\/2023\/06\/20\/kondzilla-e-premiado-em-cannes-2023-pelo-seu-impactante-videoclipe-salve-a-favela\/","name":"KondZilla \u00e9 premiado em Cannes 2023 pelo seu impactante videoclipe \"Salve a Favela\" - CidadeMarketing","isPartOf":{"@id":"https:\/\/www.cidademarketing.com.br\/marketing\/#website"},"primaryImageOfPage":{"@id":"https:\/\/www.cidademarketing.com.br\/marketing\/2023\/06\/20\/kondzilla-e-premiado-em-cannes-2023-pelo-seu-impactante-videoclipe-salve-a-favela\/#primaryimage"},"image":{"@id":"https:\/\/www.cidademarketing.com.br\/marketing\/2023\/06\/20\/kondzilla-e-premiado-em-cannes-2023-pelo-seu-impactante-videoclipe-salve-a-favela\/#primaryimage"},"thumbnailUrl":"https:\/\/www.cidademarketing.com.br\/marketing\/wp-content\/uploads\/2023\/06\/salveafavela.png","datePublished":"2023-06-21T02:17:57+00:00","breadcrumb":{"@id":"https:\/\/www.cidademarketing.com.br\/marketing\/2023\/06\/20\/kondzilla-e-premiado-em-cannes-2023-pelo-seu-impactante-videoclipe-salve-a-favela\/#breadcrumb"},"inLanguage":"pt-BR","potentialAction":[{"@type":"ReadAction","target":["https:\/\/www.cidademarketing.com.br\/marketing\/2023\/06\/20\/kondzilla-e-premiado-em-cannes-2023-pelo-seu-impactante-videoclipe-salve-a-favela\/"]}]},{"@type":"ImageObject","inLanguage":"pt-BR","@id":"https:\/\/www.cidademarketing.com.br\/marketing\/2023\/06\/20\/kondzilla-e-premiado-em-cannes-2023-pelo-seu-impactante-videoclipe-salve-a-favela\/#primaryimage","url":"https:\/\/www.cidademarketing.com.br\/marketing\/wp-content\/uploads\/2023\/06\/salveafavela.png","contentUrl":"https:\/\/www.cidademarketing.com.br\/marketing\/wp-content\/uploads\/2023\/06\/salveafavela.png","width":1165,"height":573,"caption":"Reprodu\u00e7\u00e3o"},{"@type":"BreadcrumbList","@id":"https:\/\/www.cidademarketing.com.br\/marketing\/2023\/06\/20\/kondzilla-e-premiado-em-cannes-2023-pelo-seu-impactante-videoclipe-salve-a-favela\/#breadcrumb","itemListElement":[{"@type":"ListItem","position":1,"name":"In\u00edcio","item":"https:\/\/www.cidademarketing.com.br\/marketing\/"},{"@type":"ListItem","position":2,"name":"KondZilla \u00e9 premiado em Cannes 2023 pelo seu impactante videoclipe &#8220;Salve a Favela&#8221;"}]},{"@type":"WebSite","@id":"https:\/\/www.cidademarketing.com.br\/marketing\/#website","url":"https:\/\/www.cidademarketing.com.br\/marketing\/","name":"CidadeMarketing","description":"Somos um ve\u00edculo de comunica\u00e7\u00e3o de destaque no Brasil, reconhecido por conte\u00fados nos segmentos de marketing, empreendedorismo e inova\u00e7\u00e3o.","publisher":{"@id":"https:\/\/www.cidademarketing.com.br\/marketing\/#organization"},"alternateName":"CidadeMarketing","potentialAction":[{"@type":"SearchAction","target":{"@type":"EntryPoint","urlTemplate":"https:\/\/www.cidademarketing.com.br\/marketing\/?s={search_term_string}"},"query-input":{"@type":"PropertyValueSpecification","valueRequired":true,"valueName":"search_term_string"}}],"inLanguage":"pt-BR"},{"@type":"Organization","@id":"https:\/\/www.cidademarketing.com.br\/marketing\/#organization","name":"CidadeMarketing","alternateName":"CidadeMarketing","url":"https:\/\/www.cidademarketing.com.br\/marketing\/","logo":{"@type":"ImageObject","inLanguage":"pt-BR","@id":"https:\/\/www.cidademarketing.com.br\/marketing\/#\/schema\/logo\/image\/","url":"https:\/\/www.cidademarketing.com.br\/marketing\/wp-content\/uploads\/2020\/01\/cidademarketing_marca_mobile.png","contentUrl":"https:\/\/www.cidademarketing.com.br\/marketing\/wp-content\/uploads\/2020\/01\/cidademarketing_marca_mobile.png","width":230,"height":92,"caption":"CidadeMarketing"},"image":{"@id":"https:\/\/www.cidademarketing.com.br\/marketing\/#\/schema\/logo\/image\/"},"sameAs":["https:\/\/www.facebook.com\/portalcidademarketing","https:\/\/x.com\/CidadeMarketing","https:\/\/www.instagram.com\/cidademarketing\/"]},{"@type":"Person","@id":"https:\/\/www.cidademarketing.com.br\/marketing\/#\/schema\/person\/02daff9f18bd9378c9e01eb6b2db155f","name":"Thales Brand\u00e3o","image":{"@type":"ImageObject","inLanguage":"pt-BR","@id":"https:\/\/secure.gravatar.com\/avatar\/7ca3206950207cc3cb48feec56a8a7898741ab725c368d99d5d7a5a50aab80c6?s=96&d=mm&r=g","url":"https:\/\/secure.gravatar.com\/avatar\/7ca3206950207cc3cb48feec56a8a7898741ab725c368d99d5d7a5a50aab80c6?s=96&d=mm&r=g","contentUrl":"https:\/\/secure.gravatar.com\/avatar\/7ca3206950207cc3cb48feec56a8a7898741ab725c368d99d5d7a5a50aab80c6?s=96&d=mm&r=g","caption":"Thales Brand\u00e3o"},"description":"Editor Executivo do Portal CidadeMarketing.com.br &gt; Mestre em Comunica\u00e7\u00e3o e Sociedade pela Universidade Federal de Sergipe. Possui MBA Executivo em Administra\u00e7\u00e3o com \u00eanfase em Marketing pela Funda\u00e7\u00e3o Get\u00falio Vargas - Rio de Janeiro. Consultor, Palestrante e Pesquisador sobre Empreendedorismo, Marketing, Redes Sociais e Neg\u00f3cios Digitais. Professor, Palestrante TedxTalks e Campus Party. Twitter: @ThalesBrandao","sameAs":["http:\/\/www.mandacaru.com.br","https:\/\/www.facebook.com\/thalesbrandao","http:\/\/www.instagram.com.br\/thalesbrandaoferreira","https:\/\/www.linkedin.com\/in\/thales-brand\u00e3o-3948609\/","https:\/\/x.com\/http:\/\/www.twitter.com\/thalesbrandao"],"url":"https:\/\/www.cidademarketing.com.br\/marketing\/author\/thalesbrandao\/"}]}},"amp_enabled":true,"_links":{"self":[{"href":"https:\/\/www.cidademarketing.com.br\/marketing\/wp-json\/wp\/v2\/posts\/45517","targetHints":{"allow":["GET"]}}],"collection":[{"href":"https:\/\/www.cidademarketing.com.br\/marketing\/wp-json\/wp\/v2\/posts"}],"about":[{"href":"https:\/\/www.cidademarketing.com.br\/marketing\/wp-json\/wp\/v2\/types\/post"}],"author":[{"embeddable":true,"href":"https:\/\/www.cidademarketing.com.br\/marketing\/wp-json\/wp\/v2\/users\/1"}],"replies":[{"embeddable":true,"href":"https:\/\/www.cidademarketing.com.br\/marketing\/wp-json\/wp\/v2\/comments?post=45517"}],"version-history":[{"count":1,"href":"https:\/\/www.cidademarketing.com.br\/marketing\/wp-json\/wp\/v2\/posts\/45517\/revisions"}],"predecessor-version":[{"id":45519,"href":"https:\/\/www.cidademarketing.com.br\/marketing\/wp-json\/wp\/v2\/posts\/45517\/revisions\/45519"}],"wp:featuredmedia":[{"embeddable":true,"href":"https:\/\/www.cidademarketing.com.br\/marketing\/wp-json\/wp\/v2\/media\/45518"}],"wp:attachment":[{"href":"https:\/\/www.cidademarketing.com.br\/marketing\/wp-json\/wp\/v2\/media?parent=45517"}],"wp:term":[{"taxonomy":"category","embeddable":true,"href":"https:\/\/www.cidademarketing.com.br\/marketing\/wp-json\/wp\/v2\/categories?post=45517"},{"taxonomy":"post_tag","embeddable":true,"href":"https:\/\/www.cidademarketing.com.br\/marketing\/wp-json\/wp\/v2\/tags?post=45517"}],"curies":[{"name":"wp","href":"https:\/\/api.w.org\/{rel}","templated":true}]}}