{"id":45423,"date":"2023-06-17T01:07:25","date_gmt":"2023-06-17T04:07:25","guid":{"rendered":"https:\/\/www.cidademarketing.com.br\/marketing\/?p=45423"},"modified":"2023-06-17T01:07:25","modified_gmt":"2023-06-17T04:07:25","slug":"adria-e-chef-claude-troisgros-se-unem-em-nova-campanha","status":"publish","type":"post","link":"https:\/\/www.cidademarketing.com.br\/marketing\/2023\/06\/17\/adria-e-chef-claude-troisgros-se-unem-em-nova-campanha\/","title":{"rendered":"Adria e Chef Claude Troisgros se unem em nova campanha"},"content":{"rendered":"<p>Adria, marca de massas e biscoitos da M. Dias Branco, acaba de divulgar sua nova campanha Neologios a partir do mote \u201cN\u00e3o \u00e9 qualquer massa. N\u00e3o \u00e9 qualquer elogio\u201d. As receitas feitas com Adria ficam t\u00e3o deliciosas, que elogios comuns n\u00e3o s\u00e3o capazes de traduzi-las. \u00c9 por isso que o chef Claude Troisgros, considerado um dos grandes nomes da gastronomia brasileira, foi convidado pela marca para invent\u00e1-los nesta campanha \u2013 assinada pela Lew\u2019Lara\\TBWA.<\/p>\n<p><a href=\"https:\/\/www.cidademarketing.com.br\/marketing\/sua-marca-vai-virar-noticia\/\" target=\"_blank\" rel=\"noopener\"><img fetchpriority=\"high\" decoding=\"async\" class=\"wp-image-44329 aligncenter\" src=\"https:\/\/www.cidademarketing.com.br\/marketing\/wp-content\/uploads\/2023\/04\/cidademarketing_backlinks_marketingdigital_publieditorial_.png\" alt=\"\" width=\"500\" height=\"500\" \/><\/a><br \/>\nAdjetivos como Singul\u00e9rico, Catap\u00faltico, Estrel\u00e1stico e Parabon\u00edssimo, foram criados para descrever a gostosa experi\u00eancia de saborear as massas Adria, que t\u00eam como segredo os ingredientes cuidadosamente selecionados, fazendo com que fiquem sempre soltinhas e na textura ideal. Mais que deliciosos, os produtos ser\u00e3o descritos, por exemplo, como \u201cAdril\u00edcias\u201d. O objetivo \u00e9 demonstrar que os pratos feitos com as massas da Adria s\u00e3o mais que \u00f3timos, s\u00e3o \u201cBlaster\u00f3timos\u201d.<\/p>\n<p>A marca convida a todos a entrar na brincadeira e compartilhar receitas feitas com massas Adria no Instagram ou TikTok, usando a #meelogiaadria. O chef Claude analisar\u00e1 algumas das sugest\u00f5es enviadas e as descrever\u00e1 com um \u201cneologio\u201d.<br \/>\nA campanha, criada pela Lew\u2019Lara\\TBWA e que acontece at\u00e9 o fim de novembro, na cidade de S\u00e3o Paulo, conta com ativa\u00e7\u00e3o no digital, com um plano robusto de m\u00eddia online e OOH, com pe\u00e7as que valorizam os atributos do produto, espalhados de forma estrat\u00e9gica por toda a capital paulista, trazendo todos os adjetivos criados para sintetiz\u00e1-los.<\/p>\n<div class=\"youtube-embed\" data-video_id=\"9eWDNgB3QqU\"><iframe title=\"Massas Adria | Na\u0303o e\u0301 qualquer massa. Na\u0303o e\u0301 qualquer elogio.\" width=\"640\" height=\"360\" src=\"https:\/\/www.youtube.com\/embed\/9eWDNgB3QqU?feature=oembed&#038;enablejsapi=1\" frameborder=\"0\" allow=\"accelerometer; autoplay; clipboard-write; encrypted-media; gyroscope; picture-in-picture; web-share\" referrerpolicy=\"strict-origin-when-cross-origin\" allowfullscreen><\/iframe><\/div>\n<p>\u201cAdria acredita que a vida acontece nos detalhes e como a marca de massas mais lembrada de S\u00e3o Paulo, criamos essa campanha pensando na capital paulista. Embora ser uma marca forte e conectada com a maior cidade do pa\u00eds seja importante, sempre h\u00e1 um momento em que passa a ser necess\u00e1rio ir al\u00e9m\u201d, explica Jonas Pianc\u00f3, Gerente de Produtos da Adria.<br \/>\nOs \u201cneologios\u201d ainda ser\u00e3o transformados em stickers sonoros e emojis, ou melhor, eclojis. Todas as pe\u00e7as ser\u00e3o usadas nas redes sociais de Adria e nas ativa\u00e7\u00f5es com o chef.<\/p>\n<p>\u201cAdria \u00e9 uma marca que faz parte da vida de tantas fam\u00edlias, nenhuma escolha pode ser aleat\u00f3ria. O consumidor \u00e9 e sempre ser\u00e1 quem vai guiar as decis\u00f5es da Adria. \u00c9 por isso que trouxemos o Chef Claude como porta-voz para essa campanha, algu\u00e9m que est\u00e1 dentro da casa das pessoas e \u00e9 uma autoridade que pode descrever melhor que ningu\u00e9m a del\u00edcia que \u00e9 cozinhar com Adria\u201d, explica Luciana Ribeiro, Gerente de Marketing de Varejo e Food Service da M. Dias Branco.<\/p>\n<p><iframe title=\"Spotify Embed: Podcast CidadeMarketing\" style=\"border-radius: 12px\" width=\"100%\" height=\"152\" frameborder=\"0\" allowfullscreen allow=\"autoplay; clipboard-write; encrypted-media; fullscreen; picture-in-picture\" loading=\"lazy\" src=\"https:\/\/open.spotify.com\/embed\/show\/4khMKzP3FgFRWVwb73xicc?si=252fe5bff2b34909&#038;utm_source=oembed\"><\/iframe><\/p>\n<p>&nbsp;<\/p>\n<p>Com um portf\u00f3lio completo entre massas com Ovos, instant\u00e2neas, com S\u00eamola e Lasanha, Adria oferece diferentes tipos de cortes que atendem tanto a ocasi\u00f5es do dia a dia quanto a momentos especiais. A marca disp\u00f5e ainda da op\u00e7\u00e3o Adria Grano Duro, uma das linhas de massas secas especiais mais completas do Brasil, que se destaca por conter trigo especial, importado de regi\u00f5es de clima frio, garantindo resultado al dente e sabor irresist\u00edvel. A linha \u00e9 composta pelos cortes Spaguettoni, Spaguettinni, Spaguetti, Penne, Fusilli, Bavete, Farfalle e Bucatini, que podem ser encontrados em embalagens de 500g, al\u00e9m das op\u00e7\u00f5es integrais Spaghetti e Penne.<\/p>\n","protected":false},"excerpt":{"rendered":"<p>Adria, marca de massas e biscoitos da M. Dias Branco, acaba de divulgar sua nova campanha Neologios a partir do mote \u201cN\u00e3o \u00e9 qualquer massa. N\u00e3o \u00e9 qualquer elogio\u201d. As receitas feitas com Adria ficam t\u00e3o deliciosas, que elogios comuns n\u00e3o s\u00e3o capazes de traduzi-las. \u00c9 por isso que o chef Claude Troisgros, considerado um [&hellip;]<\/p>\n","protected":false},"author":1,"featured_media":45424,"comment_status":"open","ping_status":"open","sticky":false,"template":"","format":"standard","meta":{"tdm_status":"","tdm_grid_status":"","footnotes":""},"categories":[14],"tags":[442,65,5505,33,28,66,181],"class_list":["post-45423","post","type-post","status-publish","format-standard","has-post-thumbnail","hentry","category-videos","tag-adria","tag-campanha","tag-culinaria","tag-estrategia","tag-marketing","tag-propaganda","tag-publicidade"],"yoast_head":"<!-- This site is optimized with the Yoast SEO plugin v27.5 - https:\/\/yoast.com\/product\/yoast-seo-wordpress\/ -->\n<title>Adria e Chef Claude Troisgros se unem em nova campanha - CidadeMarketing<\/title>\n<meta name=\"robots\" content=\"index, follow, max-snippet:-1, max-image-preview:large, max-video-preview:-1\" \/>\n<link rel=\"canonical\" href=\"https:\/\/www.cidademarketing.com.br\/marketing\/2023\/06\/17\/adria-e-chef-claude-troisgros-se-unem-em-nova-campanha\/\" \/>\n<meta property=\"og:locale\" content=\"pt_BR\" \/>\n<meta property=\"og:type\" content=\"article\" \/>\n<meta property=\"og:title\" content=\"Adria e Chef Claude Troisgros se unem em nova campanha - CidadeMarketing\" \/>\n<meta property=\"og:description\" content=\"Adria, marca de massas e biscoitos da M. Dias Branco, acaba de divulgar sua nova campanha Neologios a partir do mote \u201cN\u00e3o \u00e9 qualquer massa. N\u00e3o \u00e9 qualquer elogio\u201d. As receitas feitas com Adria ficam t\u00e3o deliciosas, que elogios comuns n\u00e3o s\u00e3o capazes de traduzi-las. \u00c9 por isso que o chef Claude Troisgros, considerado um [&hellip;]\" \/>\n<meta property=\"og:url\" content=\"https:\/\/www.cidademarketing.com.br\/marketing\/2023\/06\/17\/adria-e-chef-claude-troisgros-se-unem-em-nova-campanha\/\" \/>\n<meta property=\"og:site_name\" content=\"CidadeMarketing\" \/>\n<meta property=\"article:publisher\" content=\"https:\/\/www.facebook.com\/portalcidademarketing\" \/>\n<meta property=\"article:author\" content=\"https:\/\/www.facebook.com\/thalesbrandao\" \/>\n<meta property=\"article:published_time\" content=\"2023-06-17T04:07:25+00:00\" \/>\n<meta property=\"og:image\" content=\"https:\/\/www.cidademarketing.com.br\/marketing\/wp-content\/uploads\/2023\/06\/Adria_Massas.jpeg\" \/>\n\t<meta property=\"og:image:width\" content=\"1600\" \/>\n\t<meta property=\"og:image:height\" content=\"888\" \/>\n\t<meta property=\"og:image:type\" content=\"image\/jpeg\" \/>\n<meta name=\"author\" content=\"Thales Brand\u00e3o\" \/>\n<meta name=\"twitter:card\" content=\"summary_large_image\" \/>\n<meta name=\"twitter:creator\" content=\"@http:\/\/www.twitter.com\/thalesbrandao\" \/>\n<meta name=\"twitter:site\" content=\"@CidadeMarketing\" \/>\n<meta name=\"twitter:label1\" content=\"Escrito por\" \/>\n\t<meta name=\"twitter:data1\" content=\"Thales Brand\u00e3o\" \/>\n\t<meta name=\"twitter:label2\" content=\"Est. tempo de leitura\" \/>\n\t<meta name=\"twitter:data2\" content=\"3 minutos\" \/>\n<script type=\"application\/ld+json\" class=\"yoast-schema-graph\">{\"@context\":\"https:\\\/\\\/schema.org\",\"@graph\":[{\"@type\":\"Article\",\"@id\":\"https:\\\/\\\/www.cidademarketing.com.br\\\/marketing\\\/2023\\\/06\\\/17\\\/adria-e-chef-claude-troisgros-se-unem-em-nova-campanha\\\/#article\",\"isPartOf\":{\"@id\":\"https:\\\/\\\/www.cidademarketing.com.br\\\/marketing\\\/2023\\\/06\\\/17\\\/adria-e-chef-claude-troisgros-se-unem-em-nova-campanha\\\/\"},\"author\":{\"name\":\"Thales Brand\u00e3o\",\"@id\":\"https:\\\/\\\/www.cidademarketing.com.br\\\/marketing\\\/#\\\/schema\\\/person\\\/02daff9f18bd9378c9e01eb6b2db155f\"},\"headline\":\"Adria e Chef Claude Troisgros se unem em nova campanha\",\"datePublished\":\"2023-06-17T04:07:25+00:00\",\"mainEntityOfPage\":{\"@id\":\"https:\\\/\\\/www.cidademarketing.com.br\\\/marketing\\\/2023\\\/06\\\/17\\\/adria-e-chef-claude-troisgros-se-unem-em-nova-campanha\\\/\"},\"wordCount\":584,\"commentCount\":0,\"publisher\":{\"@id\":\"https:\\\/\\\/www.cidademarketing.com.br\\\/marketing\\\/#organization\"},\"image\":{\"@id\":\"https:\\\/\\\/www.cidademarketing.com.br\\\/marketing\\\/2023\\\/06\\\/17\\\/adria-e-chef-claude-troisgros-se-unem-em-nova-campanha\\\/#primaryimage\"},\"thumbnailUrl\":\"https:\\\/\\\/www.cidademarketing.com.br\\\/marketing\\\/wp-content\\\/uploads\\\/2023\\\/06\\\/Adria_Massas.jpeg\",\"keywords\":[\"Adria\",\"campanha\",\"culin\u00e1ria\",\"estrat\u00e9gia\",\"marketing\",\"propaganda\",\"publicidade\"],\"articleSection\":[\"Videos\"],\"inLanguage\":\"pt-BR\",\"potentialAction\":[{\"@type\":\"CommentAction\",\"name\":\"Comment\",\"target\":[\"https:\\\/\\\/www.cidademarketing.com.br\\\/marketing\\\/2023\\\/06\\\/17\\\/adria-e-chef-claude-troisgros-se-unem-em-nova-campanha\\\/#respond\"]}]},{\"@type\":\"WebPage\",\"@id\":\"https:\\\/\\\/www.cidademarketing.com.br\\\/marketing\\\/2023\\\/06\\\/17\\\/adria-e-chef-claude-troisgros-se-unem-em-nova-campanha\\\/\",\"url\":\"https:\\\/\\\/www.cidademarketing.com.br\\\/marketing\\\/2023\\\/06\\\/17\\\/adria-e-chef-claude-troisgros-se-unem-em-nova-campanha\\\/\",\"name\":\"Adria e Chef Claude Troisgros se unem em nova campanha - CidadeMarketing\",\"isPartOf\":{\"@id\":\"https:\\\/\\\/www.cidademarketing.com.br\\\/marketing\\\/#website\"},\"primaryImageOfPage\":{\"@id\":\"https:\\\/\\\/www.cidademarketing.com.br\\\/marketing\\\/2023\\\/06\\\/17\\\/adria-e-chef-claude-troisgros-se-unem-em-nova-campanha\\\/#primaryimage\"},\"image\":{\"@id\":\"https:\\\/\\\/www.cidademarketing.com.br\\\/marketing\\\/2023\\\/06\\\/17\\\/adria-e-chef-claude-troisgros-se-unem-em-nova-campanha\\\/#primaryimage\"},\"thumbnailUrl\":\"https:\\\/\\\/www.cidademarketing.com.br\\\/marketing\\\/wp-content\\\/uploads\\\/2023\\\/06\\\/Adria_Massas.jpeg\",\"datePublished\":\"2023-06-17T04:07:25+00:00\",\"breadcrumb\":{\"@id\":\"https:\\\/\\\/www.cidademarketing.com.br\\\/marketing\\\/2023\\\/06\\\/17\\\/adria-e-chef-claude-troisgros-se-unem-em-nova-campanha\\\/#breadcrumb\"},\"inLanguage\":\"pt-BR\",\"potentialAction\":[{\"@type\":\"ReadAction\",\"target\":[\"https:\\\/\\\/www.cidademarketing.com.br\\\/marketing\\\/2023\\\/06\\\/17\\\/adria-e-chef-claude-troisgros-se-unem-em-nova-campanha\\\/\"]}]},{\"@type\":\"ImageObject\",\"inLanguage\":\"pt-BR\",\"@id\":\"https:\\\/\\\/www.cidademarketing.com.br\\\/marketing\\\/2023\\\/06\\\/17\\\/adria-e-chef-claude-troisgros-se-unem-em-nova-campanha\\\/#primaryimage\",\"url\":\"https:\\\/\\\/www.cidademarketing.com.br\\\/marketing\\\/wp-content\\\/uploads\\\/2023\\\/06\\\/Adria_Massas.jpeg\",\"contentUrl\":\"https:\\\/\\\/www.cidademarketing.com.br\\\/marketing\\\/wp-content\\\/uploads\\\/2023\\\/06\\\/Adria_Massas.jpeg\",\"width\":1600,\"height\":888,\"caption\":\"Reprodu\u00e7\u00e3o\"},{\"@type\":\"BreadcrumbList\",\"@id\":\"https:\\\/\\\/www.cidademarketing.com.br\\\/marketing\\\/2023\\\/06\\\/17\\\/adria-e-chef-claude-troisgros-se-unem-em-nova-campanha\\\/#breadcrumb\",\"itemListElement\":[{\"@type\":\"ListItem\",\"position\":1,\"name\":\"In\u00edcio\",\"item\":\"https:\\\/\\\/www.cidademarketing.com.br\\\/marketing\\\/\"},{\"@type\":\"ListItem\",\"position\":2,\"name\":\"Adria e Chef Claude Troisgros se unem em nova campanha\"}]},{\"@type\":\"WebSite\",\"@id\":\"https:\\\/\\\/www.cidademarketing.com.br\\\/marketing\\\/#website\",\"url\":\"https:\\\/\\\/www.cidademarketing.com.br\\\/marketing\\\/\",\"name\":\"CidadeMarketing\",\"description\":\"Somos um ve\u00edculo de comunica\u00e7\u00e3o de destaque no Brasil, reconhecido por conte\u00fados nos segmentos de marketing, empreendedorismo e inova\u00e7\u00e3o.\",\"publisher\":{\"@id\":\"https:\\\/\\\/www.cidademarketing.com.br\\\/marketing\\\/#organization\"},\"alternateName\":\"CidadeMarketing\",\"potentialAction\":[{\"@type\":\"SearchAction\",\"target\":{\"@type\":\"EntryPoint\",\"urlTemplate\":\"https:\\\/\\\/www.cidademarketing.com.br\\\/marketing\\\/?s={search_term_string}\"},\"query-input\":{\"@type\":\"PropertyValueSpecification\",\"valueRequired\":true,\"valueName\":\"search_term_string\"}}],\"inLanguage\":\"pt-BR\"},{\"@type\":\"Organization\",\"@id\":\"https:\\\/\\\/www.cidademarketing.com.br\\\/marketing\\\/#organization\",\"name\":\"CidadeMarketing\",\"alternateName\":\"CidadeMarketing\",\"url\":\"https:\\\/\\\/www.cidademarketing.com.br\\\/marketing\\\/\",\"logo\":{\"@type\":\"ImageObject\",\"inLanguage\":\"pt-BR\",\"@id\":\"https:\\\/\\\/www.cidademarketing.com.br\\\/marketing\\\/#\\\/schema\\\/logo\\\/image\\\/\",\"url\":\"https:\\\/\\\/www.cidademarketing.com.br\\\/marketing\\\/wp-content\\\/uploads\\\/2020\\\/01\\\/cidademarketing_marca_mobile.png\",\"contentUrl\":\"https:\\\/\\\/www.cidademarketing.com.br\\\/marketing\\\/wp-content\\\/uploads\\\/2020\\\/01\\\/cidademarketing_marca_mobile.png\",\"width\":230,\"height\":92,\"caption\":\"CidadeMarketing\"},\"image\":{\"@id\":\"https:\\\/\\\/www.cidademarketing.com.br\\\/marketing\\\/#\\\/schema\\\/logo\\\/image\\\/\"},\"sameAs\":[\"https:\\\/\\\/www.facebook.com\\\/portalcidademarketing\",\"https:\\\/\\\/x.com\\\/CidadeMarketing\",\"https:\\\/\\\/www.instagram.com\\\/cidademarketing\\\/\"]},{\"@type\":\"Person\",\"@id\":\"https:\\\/\\\/www.cidademarketing.com.br\\\/marketing\\\/#\\\/schema\\\/person\\\/02daff9f18bd9378c9e01eb6b2db155f\",\"name\":\"Thales Brand\u00e3o\",\"image\":{\"@type\":\"ImageObject\",\"inLanguage\":\"pt-BR\",\"@id\":\"https:\\\/\\\/secure.gravatar.com\\\/avatar\\\/7ca3206950207cc3cb48feec56a8a7898741ab725c368d99d5d7a5a50aab80c6?s=96&d=mm&r=g\",\"url\":\"https:\\\/\\\/secure.gravatar.com\\\/avatar\\\/7ca3206950207cc3cb48feec56a8a7898741ab725c368d99d5d7a5a50aab80c6?s=96&d=mm&r=g\",\"contentUrl\":\"https:\\\/\\\/secure.gravatar.com\\\/avatar\\\/7ca3206950207cc3cb48feec56a8a7898741ab725c368d99d5d7a5a50aab80c6?s=96&d=mm&r=g\",\"caption\":\"Thales Brand\u00e3o\"},\"description\":\"Editor Executivo do Portal CidadeMarketing.com.br &gt; Mestre em Comunica\u00e7\u00e3o e Sociedade pela Universidade Federal de Sergipe. Possui MBA Executivo em Administra\u00e7\u00e3o com \u00eanfase em Marketing pela Funda\u00e7\u00e3o Get\u00falio Vargas - Rio de Janeiro. Consultor, Palestrante e Pesquisador sobre Empreendedorismo, Marketing, Redes Sociais e Neg\u00f3cios Digitais. Professor, Palestrante TedxTalks e Campus Party. Twitter: @ThalesBrandao\",\"sameAs\":[\"http:\\\/\\\/www.mandacaru.com.br\",\"https:\\\/\\\/www.facebook.com\\\/thalesbrandao\",\"http:\\\/\\\/www.instagram.com.br\\\/thalesbrandaoferreira\",\"https:\\\/\\\/www.linkedin.com\\\/in\\\/thales-brand\u00e3o-3948609\\\/\",\"https:\\\/\\\/x.com\\\/http:\\\/\\\/www.twitter.com\\\/thalesbrandao\"],\"url\":\"https:\\\/\\\/www.cidademarketing.com.br\\\/marketing\\\/author\\\/thalesbrandao\\\/\"}]}<\/script>\n<!-- \/ Yoast SEO plugin. -->","yoast_head_json":{"title":"Adria e Chef Claude Troisgros se unem em nova campanha - CidadeMarketing","robots":{"index":"index","follow":"follow","max-snippet":"max-snippet:-1","max-image-preview":"max-image-preview:large","max-video-preview":"max-video-preview:-1"},"canonical":"https:\/\/www.cidademarketing.com.br\/marketing\/2023\/06\/17\/adria-e-chef-claude-troisgros-se-unem-em-nova-campanha\/","og_locale":"pt_BR","og_type":"article","og_title":"Adria e Chef Claude Troisgros se unem em nova campanha - CidadeMarketing","og_description":"Adria, marca de massas e biscoitos da M. Dias Branco, acaba de divulgar sua nova campanha Neologios a partir do mote \u201cN\u00e3o \u00e9 qualquer massa. N\u00e3o \u00e9 qualquer elogio\u201d. As receitas feitas com Adria ficam t\u00e3o deliciosas, que elogios comuns n\u00e3o s\u00e3o capazes de traduzi-las. \u00c9 por isso que o chef Claude Troisgros, considerado um [&hellip;]","og_url":"https:\/\/www.cidademarketing.com.br\/marketing\/2023\/06\/17\/adria-e-chef-claude-troisgros-se-unem-em-nova-campanha\/","og_site_name":"CidadeMarketing","article_publisher":"https:\/\/www.facebook.com\/portalcidademarketing","article_author":"https:\/\/www.facebook.com\/thalesbrandao","article_published_time":"2023-06-17T04:07:25+00:00","og_image":[{"width":1600,"height":888,"url":"https:\/\/www.cidademarketing.com.br\/marketing\/wp-content\/uploads\/2023\/06\/Adria_Massas.jpeg","type":"image\/jpeg"}],"author":"Thales Brand\u00e3o","twitter_card":"summary_large_image","twitter_creator":"@http:\/\/www.twitter.com\/thalesbrandao","twitter_site":"@CidadeMarketing","twitter_misc":{"Escrito por":"Thales Brand\u00e3o","Est. tempo de leitura":"3 minutos"},"schema":{"@context":"https:\/\/schema.org","@graph":[{"@type":"Article","@id":"https:\/\/www.cidademarketing.com.br\/marketing\/2023\/06\/17\/adria-e-chef-claude-troisgros-se-unem-em-nova-campanha\/#article","isPartOf":{"@id":"https:\/\/www.cidademarketing.com.br\/marketing\/2023\/06\/17\/adria-e-chef-claude-troisgros-se-unem-em-nova-campanha\/"},"author":{"name":"Thales Brand\u00e3o","@id":"https:\/\/www.cidademarketing.com.br\/marketing\/#\/schema\/person\/02daff9f18bd9378c9e01eb6b2db155f"},"headline":"Adria e Chef Claude Troisgros se unem em nova campanha","datePublished":"2023-06-17T04:07:25+00:00","mainEntityOfPage":{"@id":"https:\/\/www.cidademarketing.com.br\/marketing\/2023\/06\/17\/adria-e-chef-claude-troisgros-se-unem-em-nova-campanha\/"},"wordCount":584,"commentCount":0,"publisher":{"@id":"https:\/\/www.cidademarketing.com.br\/marketing\/#organization"},"image":{"@id":"https:\/\/www.cidademarketing.com.br\/marketing\/2023\/06\/17\/adria-e-chef-claude-troisgros-se-unem-em-nova-campanha\/#primaryimage"},"thumbnailUrl":"https:\/\/www.cidademarketing.com.br\/marketing\/wp-content\/uploads\/2023\/06\/Adria_Massas.jpeg","keywords":["Adria","campanha","culin\u00e1ria","estrat\u00e9gia","marketing","propaganda","publicidade"],"articleSection":["Videos"],"inLanguage":"pt-BR","potentialAction":[{"@type":"CommentAction","name":"Comment","target":["https:\/\/www.cidademarketing.com.br\/marketing\/2023\/06\/17\/adria-e-chef-claude-troisgros-se-unem-em-nova-campanha\/#respond"]}]},{"@type":"WebPage","@id":"https:\/\/www.cidademarketing.com.br\/marketing\/2023\/06\/17\/adria-e-chef-claude-troisgros-se-unem-em-nova-campanha\/","url":"https:\/\/www.cidademarketing.com.br\/marketing\/2023\/06\/17\/adria-e-chef-claude-troisgros-se-unem-em-nova-campanha\/","name":"Adria e Chef Claude Troisgros se unem em nova campanha - CidadeMarketing","isPartOf":{"@id":"https:\/\/www.cidademarketing.com.br\/marketing\/#website"},"primaryImageOfPage":{"@id":"https:\/\/www.cidademarketing.com.br\/marketing\/2023\/06\/17\/adria-e-chef-claude-troisgros-se-unem-em-nova-campanha\/#primaryimage"},"image":{"@id":"https:\/\/www.cidademarketing.com.br\/marketing\/2023\/06\/17\/adria-e-chef-claude-troisgros-se-unem-em-nova-campanha\/#primaryimage"},"thumbnailUrl":"https:\/\/www.cidademarketing.com.br\/marketing\/wp-content\/uploads\/2023\/06\/Adria_Massas.jpeg","datePublished":"2023-06-17T04:07:25+00:00","breadcrumb":{"@id":"https:\/\/www.cidademarketing.com.br\/marketing\/2023\/06\/17\/adria-e-chef-claude-troisgros-se-unem-em-nova-campanha\/#breadcrumb"},"inLanguage":"pt-BR","potentialAction":[{"@type":"ReadAction","target":["https:\/\/www.cidademarketing.com.br\/marketing\/2023\/06\/17\/adria-e-chef-claude-troisgros-se-unem-em-nova-campanha\/"]}]},{"@type":"ImageObject","inLanguage":"pt-BR","@id":"https:\/\/www.cidademarketing.com.br\/marketing\/2023\/06\/17\/adria-e-chef-claude-troisgros-se-unem-em-nova-campanha\/#primaryimage","url":"https:\/\/www.cidademarketing.com.br\/marketing\/wp-content\/uploads\/2023\/06\/Adria_Massas.jpeg","contentUrl":"https:\/\/www.cidademarketing.com.br\/marketing\/wp-content\/uploads\/2023\/06\/Adria_Massas.jpeg","width":1600,"height":888,"caption":"Reprodu\u00e7\u00e3o"},{"@type":"BreadcrumbList","@id":"https:\/\/www.cidademarketing.com.br\/marketing\/2023\/06\/17\/adria-e-chef-claude-troisgros-se-unem-em-nova-campanha\/#breadcrumb","itemListElement":[{"@type":"ListItem","position":1,"name":"In\u00edcio","item":"https:\/\/www.cidademarketing.com.br\/marketing\/"},{"@type":"ListItem","position":2,"name":"Adria e Chef Claude Troisgros se unem em nova campanha"}]},{"@type":"WebSite","@id":"https:\/\/www.cidademarketing.com.br\/marketing\/#website","url":"https:\/\/www.cidademarketing.com.br\/marketing\/","name":"CidadeMarketing","description":"Somos um ve\u00edculo de comunica\u00e7\u00e3o de destaque no Brasil, reconhecido por conte\u00fados nos segmentos de marketing, empreendedorismo e inova\u00e7\u00e3o.","publisher":{"@id":"https:\/\/www.cidademarketing.com.br\/marketing\/#organization"},"alternateName":"CidadeMarketing","potentialAction":[{"@type":"SearchAction","target":{"@type":"EntryPoint","urlTemplate":"https:\/\/www.cidademarketing.com.br\/marketing\/?s={search_term_string}"},"query-input":{"@type":"PropertyValueSpecification","valueRequired":true,"valueName":"search_term_string"}}],"inLanguage":"pt-BR"},{"@type":"Organization","@id":"https:\/\/www.cidademarketing.com.br\/marketing\/#organization","name":"CidadeMarketing","alternateName":"CidadeMarketing","url":"https:\/\/www.cidademarketing.com.br\/marketing\/","logo":{"@type":"ImageObject","inLanguage":"pt-BR","@id":"https:\/\/www.cidademarketing.com.br\/marketing\/#\/schema\/logo\/image\/","url":"https:\/\/www.cidademarketing.com.br\/marketing\/wp-content\/uploads\/2020\/01\/cidademarketing_marca_mobile.png","contentUrl":"https:\/\/www.cidademarketing.com.br\/marketing\/wp-content\/uploads\/2020\/01\/cidademarketing_marca_mobile.png","width":230,"height":92,"caption":"CidadeMarketing"},"image":{"@id":"https:\/\/www.cidademarketing.com.br\/marketing\/#\/schema\/logo\/image\/"},"sameAs":["https:\/\/www.facebook.com\/portalcidademarketing","https:\/\/x.com\/CidadeMarketing","https:\/\/www.instagram.com\/cidademarketing\/"]},{"@type":"Person","@id":"https:\/\/www.cidademarketing.com.br\/marketing\/#\/schema\/person\/02daff9f18bd9378c9e01eb6b2db155f","name":"Thales Brand\u00e3o","image":{"@type":"ImageObject","inLanguage":"pt-BR","@id":"https:\/\/secure.gravatar.com\/avatar\/7ca3206950207cc3cb48feec56a8a7898741ab725c368d99d5d7a5a50aab80c6?s=96&d=mm&r=g","url":"https:\/\/secure.gravatar.com\/avatar\/7ca3206950207cc3cb48feec56a8a7898741ab725c368d99d5d7a5a50aab80c6?s=96&d=mm&r=g","contentUrl":"https:\/\/secure.gravatar.com\/avatar\/7ca3206950207cc3cb48feec56a8a7898741ab725c368d99d5d7a5a50aab80c6?s=96&d=mm&r=g","caption":"Thales Brand\u00e3o"},"description":"Editor Executivo do Portal CidadeMarketing.com.br &gt; Mestre em Comunica\u00e7\u00e3o e Sociedade pela Universidade Federal de Sergipe. Possui MBA Executivo em Administra\u00e7\u00e3o com \u00eanfase em Marketing pela Funda\u00e7\u00e3o Get\u00falio Vargas - Rio de Janeiro. Consultor, Palestrante e Pesquisador sobre Empreendedorismo, Marketing, Redes Sociais e Neg\u00f3cios Digitais. Professor, Palestrante TedxTalks e Campus Party. Twitter: @ThalesBrandao","sameAs":["http:\/\/www.mandacaru.com.br","https:\/\/www.facebook.com\/thalesbrandao","http:\/\/www.instagram.com.br\/thalesbrandaoferreira","https:\/\/www.linkedin.com\/in\/thales-brand\u00e3o-3948609\/","https:\/\/x.com\/http:\/\/www.twitter.com\/thalesbrandao"],"url":"https:\/\/www.cidademarketing.com.br\/marketing\/author\/thalesbrandao\/"}]}},"amp_enabled":true,"_links":{"self":[{"href":"https:\/\/www.cidademarketing.com.br\/marketing\/wp-json\/wp\/v2\/posts\/45423","targetHints":{"allow":["GET"]}}],"collection":[{"href":"https:\/\/www.cidademarketing.com.br\/marketing\/wp-json\/wp\/v2\/posts"}],"about":[{"href":"https:\/\/www.cidademarketing.com.br\/marketing\/wp-json\/wp\/v2\/types\/post"}],"author":[{"embeddable":true,"href":"https:\/\/www.cidademarketing.com.br\/marketing\/wp-json\/wp\/v2\/users\/1"}],"replies":[{"embeddable":true,"href":"https:\/\/www.cidademarketing.com.br\/marketing\/wp-json\/wp\/v2\/comments?post=45423"}],"version-history":[{"count":1,"href":"https:\/\/www.cidademarketing.com.br\/marketing\/wp-json\/wp\/v2\/posts\/45423\/revisions"}],"predecessor-version":[{"id":45425,"href":"https:\/\/www.cidademarketing.com.br\/marketing\/wp-json\/wp\/v2\/posts\/45423\/revisions\/45425"}],"wp:featuredmedia":[{"embeddable":true,"href":"https:\/\/www.cidademarketing.com.br\/marketing\/wp-json\/wp\/v2\/media\/45424"}],"wp:attachment":[{"href":"https:\/\/www.cidademarketing.com.br\/marketing\/wp-json\/wp\/v2\/media?parent=45423"}],"wp:term":[{"taxonomy":"category","embeddable":true,"href":"https:\/\/www.cidademarketing.com.br\/marketing\/wp-json\/wp\/v2\/categories?post=45423"},{"taxonomy":"post_tag","embeddable":true,"href":"https:\/\/www.cidademarketing.com.br\/marketing\/wp-json\/wp\/v2\/tags?post=45423"}],"curies":[{"name":"wp","href":"https:\/\/api.w.org\/{rel}","templated":true}]}}