{"id":45367,"date":"2023-06-13T13:19:39","date_gmt":"2023-06-13T16:19:39","guid":{"rendered":"https:\/\/www.cidademarketing.com.br\/marketing\/?p=45367"},"modified":"2023-06-13T13:19:39","modified_gmt":"2023-06-13T16:19:39","slug":"novo-capitulo-da-campanha-o-som-do-meu-orgulho-destaca-artistas-lgbtqiapn-com-o-apoio-da-som-livre","status":"publish","type":"post","link":"https:\/\/www.cidademarketing.com.br\/marketing\/2023\/06\/13\/novo-capitulo-da-campanha-o-som-do-meu-orgulho-destaca-artistas-lgbtqiapn-com-o-apoio-da-som-livre\/","title":{"rendered":"Novo cap\u00edtulo da campanha &#8220;O Som Do Meu Orgulho&#8221; destaca artistas LGBTQIAPN+ com o apoio da Som Livre"},"content":{"rendered":"<p>Com o compromisso de fomentar a m\u00fasica e artistas da cena LGBTQIAPN+ em todo o pa\u00eds, a Som Livre apresenta mais uma edi\u00e7\u00e3o da campanha \u201cO Som Do Meu Orgulho\u201d, que celebra em mais um ano as conquistas desta comunidade. Promovendo a\u00e7\u00f5es em diversas frentes, voltadas para o p\u00fablico interno e externo, com o objetivo de amplificar vozes, hist\u00f3rias e experi\u00eancias de grupos minorizados na sociedade, a gravadora pretende atrav\u00e9s da m\u00fasica debater importantes quest\u00f5es para avan\u00e7os sociais. Idealizada e executada pelo Comit\u00ea de Diversidade da Som Livre, este ano a campanha tem o conceito \u201cO que falta pro dia nascer feliz?\u201d, e prop\u00f5e uma reflex\u00e3o sobre os progressos j\u00e1 conquistados pela comunidade e de que forma eles contemplam os indiv\u00edduos pertencentes \u00e0s diferentes letras da sigla.<\/p>\n<p><a href=\"https:\/\/www.cidademarketing.com.br\/marketing\/sua-marca-vai-virar-noticia\/\" target=\"_blank\" rel=\"noopener\"><img fetchpriority=\"high\" decoding=\"async\" class=\"wp-image-44329 aligncenter\" src=\"https:\/\/www.cidademarketing.com.br\/marketing\/wp-content\/uploads\/2023\/04\/cidademarketing_backlinks_marketingdigital_publieditorial_.png\" alt=\"\" width=\"500\" height=\"500\" \/><\/a><br \/>\nComo parte das a\u00e7\u00f5es, a Som Livre anuncia uma edi\u00e7\u00e3o especial do \u201cslap Ao Vivo\u201d com um show exclusivo do cantor Silva. O projeto musical acontece pela primeira vez na Casa Natura Musical, no dia 30 de junho, a partir das 20h30. As vendas j\u00e1 est\u00e3o abertas, com ingressos a partir de R\uff0435,00 (meia entrada) &#8211; <a href=\"https:\/\/bileto.sympla.com.br\/event\/84012\/d\/201160\" target=\"_blank\" rel=\"noopener\">acesse aqui<\/a>.<\/p>\n<p>Silva, que foi revelado ao grande p\u00fablico pelo selo slap em 2012 e por onde lan\u00e7ou grandes sucessos como os \u00e1lbuns &#8220;Vista Pro Mar&#8221;, \u201cSilva Canta Marisa\u201d e \u201cBrasileiro\u201d, fala sobre sua participa\u00e7\u00e3o especial no projeto: &#8220;Vai ser lindo participar dessa noite celebrando o orgulho e nossa luta. Al\u00e9m disso, tenho um carinho enorme pelo slap, selo que ajudou a espalhar minha m\u00fasica por todo canto.&#8221;<\/p>\n<p>J\u00falia Braga, diretora comercial e de marketing da Som Livre, fala sobre a import\u00e2ncia do engajamento na causa e o compromisso da gravadora: \u201cN\u00e3o existe m\u00fasica popular sem diversidade. Por isso, como gravadora brasileira, fazendo parte do neg\u00f3cio de entretenimento que pauta a nossa cultura, a Som Livre assume, na campanha \u2018O Som do Meu Orgulho\u2019, um compromisso com a comunidade LGBTQIAPN+. Ela est\u00e1 representada em nossos colaboradores, artistas, escrit\u00f3rios, fornecedores, parceiros e p\u00fablico ouvinte. N\u00e3o \u00e9 s\u00f3 sobre dar voz, mas oferecer o palco e os meios para provar que diversidade \u00e9 um bom neg\u00f3cio em todas as frentes\u201d.<\/p>\n<p>Nas redes sociais da Som Livre, um v\u00eddeo-manifesto apresenta o conceito da campanha e a partir desta ter\u00e7a, dia 13 de junho, ser\u00e3o disponibilizadas p\u00edlulas em v\u00eddeo com depoimentos de funcion\u00e1rios e colaboradores que representam a comunidade LGBTQIAPN+ expondo seus pontos sobre o tema central.<\/p>\n<blockquote class=\"instagram-media\" style=\"background: #FFF; border: 0; border-radius: 3px; box-shadow: 0 0 1px 0 rgba(0,0,0,0.5),0 1px 10px 0 rgba(0,0,0,0.15); margin: 1px; max-width: 540px; min-width: 326px; padding: 0; width: calc(100% - 2px);\" data-instgrm-captioned=\"\" data-instgrm-permalink=\"https:\/\/www.instagram.com\/reel\/CtNSipDpxGo\/?utm_source=ig_embed&amp;utm_campaign=loading\" data-instgrm-version=\"14\">\n<div style=\"padding: 16px;\">\n<p>&nbsp;<\/p>\n<div style=\"display: flex; flex-direction: row; align-items: center;\">\n<div style=\"background-color: #f4f4f4; border-radius: 50%; flex-grow: 0; height: 40px; margin-right: 14px; width: 40px;\"><\/div>\n<div style=\"display: flex; flex-direction: column; flex-grow: 1; justify-content: center;\">\n<div style=\"background-color: #f4f4f4; border-radius: 4px; flex-grow: 0; height: 14px; margin-bottom: 6px; width: 100px;\"><\/div>\n<div style=\"background-color: #f4f4f4; border-radius: 4px; flex-grow: 0; height: 14px; width: 60px;\"><\/div>\n<\/div>\n<\/div>\n<div style=\"padding: 19% 0;\"><\/div>\n<div style=\"display: block; height: 50px; margin: 0 auto 12px; width: 50px;\"><\/div>\n<div style=\"padding-top: 8px;\">\n<div style=\"color: #3897f0; font-family: Arial,sans-serif; font-size: 14px; font-style: normal; font-weight: 550; line-height: 18px;\">Ver essa foto no Instagram<\/div>\n<\/div>\n<div style=\"padding: 12.5% 0;\"><\/div>\n<div style=\"display: flex; flex-direction: row; margin-bottom: 14px; align-items: center;\">\n<div>\n<div style=\"background-color: #f4f4f4; border-radius: 50%; height: 12.5px; width: 12.5px; transform: translateX(0px) translateY(7px);\"><\/div>\n<div style=\"background-color: #f4f4f4; height: 12.5px; transform: rotate(-45deg) translateX(3px) translateY(1px); width: 12.5px; flex-grow: 0; margin-right: 14px; margin-left: 2px;\"><\/div>\n<div style=\"background-color: #f4f4f4; border-radius: 50%; height: 12.5px; width: 12.5px; transform: translateX(9px) translateY(-18px);\"><\/div>\n<\/div>\n<div style=\"margin-left: 8px;\">\n<div style=\"background-color: #f4f4f4; border-radius: 50%; flex-grow: 0; height: 20px; width: 20px;\"><\/div>\n<div style=\"width: 0; height: 0; border-top: 2px solid transparent; border-left: 6px solid #f4f4f4; border-bottom: 2px solid transparent; transform: translateX(16px) translateY(-4px) rotate(30deg);\"><\/div>\n<\/div>\n<div style=\"margin-left: auto;\">\n<div style=\"width: 0px; border-top: 8px solid #F4F4F4; border-right: 8px solid transparent; transform: translateY(16px);\"><\/div>\n<div style=\"background-color: #f4f4f4; flex-grow: 0; height: 12px; width: 16px; transform: translateY(-4px);\"><\/div>\n<div style=\"width: 0; height: 0; border-top: 8px solid #F4F4F4; border-left: 8px solid transparent; transform: translateY(-4px) translateX(8px);\"><\/div>\n<\/div>\n<\/div>\n<div style=\"display: flex; flex-direction: column; flex-grow: 1; justify-content: center; margin-bottom: 24px;\">\n<div style=\"background-color: #f4f4f4; border-radius: 4px; flex-grow: 0; height: 14px; margin-bottom: 6px; width: 224px;\"><\/div>\n<div style=\"background-color: #f4f4f4; border-radius: 4px; flex-grow: 0; height: 14px; width: 144px;\"><\/div>\n<\/div>\n<p>&nbsp;<\/p>\n<p style=\"color: #c9c8cd; font-family: Arial,sans-serif; font-size: 14px; line-height: 17px; margin-bottom: 0; margin-top: 8px; overflow: hidden; padding: 8px 0 7px; text-align: center; text-overflow: ellipsis; white-space: nowrap;\"><a style=\"color: #c9c8cd; font-family: Arial,sans-serif; font-size: 14px; font-style: normal; font-weight: normal; line-height: 17px; text-decoration: none;\" href=\"https:\/\/www.instagram.com\/reel\/CtNSipDpxGo\/?utm_source=ig_embed&amp;utm_campaign=loading\" target=\"_blank\" rel=\"noopener\">Uma publica\u00e7\u00e3o compartilhada por Som Livre (@somlivre)<\/a><\/p>\n<p><iframe title=\"Spotify Embed: Podcast CidadeMarketing\" style=\"border-radius: 12px\" width=\"100%\" height=\"152\" frameborder=\"0\" allowfullscreen allow=\"autoplay; clipboard-write; encrypted-media; fullscreen; picture-in-picture\" loading=\"lazy\" src=\"https:\/\/open.spotify.com\/embed\/show\/4khMKzP3FgFRWVwb73xicc?si=252fe5bff2b34909&#038;utm_source=oembed\"><\/iframe><\/p>\n<\/div>\n<\/blockquote>\n<p><script async src=\"\/\/www.instagram.com\/embed.js\"><\/script><br \/>\nEntre as demais a\u00e7\u00f5es da campanha \u201cO Som do Meu Orgulho\u201d, a Som Livre foi uma das marcas apoiadoras oficiais do Camarote Pride da Parada do Orgulho de S\u00e3o Paulo, que aconteceu no \u00faltimo domingo (11) e teve dois milh\u00f5es de pessoas como p\u00fablico estimado. A festa contou com a apresenta\u00e7\u00e3o de dois shows exclusivos: Thiago Pantale\u00e3o e Reddy Allor. Um dos maiores nomes da cena pop atual e a drag queen sertaneja levaram muita m\u00fasica boa e divers\u00e3o para o p\u00fablico presente por cerca de uma hora.<\/p>\n","protected":false},"excerpt":{"rendered":"<p>Com o compromisso de fomentar a m\u00fasica e artistas da cena LGBTQIAPN+ em todo o pa\u00eds, a Som Livre apresenta mais uma edi\u00e7\u00e3o da campanha \u201cO Som Do Meu Orgulho\u201d, que celebra em mais um ano as conquistas desta comunidade. Promovendo a\u00e7\u00f5es em diversas frentes, voltadas para o p\u00fablico interno e externo, com o objetivo [&hellip;]<\/p>\n","protected":false},"author":1,"featured_media":45368,"comment_status":"open","ping_status":"open","sticky":false,"template":"","format":"standard","meta":{"tdm_status":"","tdm_grid_status":"","footnotes":""},"categories":[6],"tags":[65,33,5364,28,3129],"class_list":["post-45367","post","type-post","status-publish","format-standard","has-post-thumbnail","hentry","category-noticias","tag-campanha","tag-estrategia","tag-lgbtqiapn","tag-marketing","tag-som-livre"],"yoast_head":"<!-- This site is optimized with the Yoast SEO plugin v27.4 - https:\/\/yoast.com\/product\/yoast-seo-wordpress\/ -->\n<title>Novo cap\u00edtulo da campanha &quot;O Som Do Meu Orgulho&quot; destaca artistas LGBTQIAPN+ com o apoio da Som Livre - CidadeMarketing<\/title>\n<meta name=\"robots\" content=\"index, follow, max-snippet:-1, max-image-preview:large, max-video-preview:-1\" \/>\n<link rel=\"canonical\" href=\"https:\/\/www.cidademarketing.com.br\/marketing\/2023\/06\/13\/novo-capitulo-da-campanha-o-som-do-meu-orgulho-destaca-artistas-lgbtqiapn-com-o-apoio-da-som-livre\/\" \/>\n<meta property=\"og:locale\" content=\"pt_BR\" \/>\n<meta property=\"og:type\" content=\"article\" \/>\n<meta property=\"og:title\" content=\"Novo cap\u00edtulo da campanha &quot;O Som Do Meu Orgulho&quot; destaca artistas LGBTQIAPN+ com o apoio da Som Livre - CidadeMarketing\" \/>\n<meta property=\"og:description\" content=\"Com o compromisso de fomentar a m\u00fasica e artistas da cena LGBTQIAPN+ em todo o pa\u00eds, a Som Livre apresenta mais uma edi\u00e7\u00e3o da campanha \u201cO Som Do Meu Orgulho\u201d, que celebra em mais um ano as conquistas desta comunidade. Promovendo a\u00e7\u00f5es em diversas frentes, voltadas para o p\u00fablico interno e externo, com o objetivo [&hellip;]\" \/>\n<meta property=\"og:url\" content=\"https:\/\/www.cidademarketing.com.br\/marketing\/2023\/06\/13\/novo-capitulo-da-campanha-o-som-do-meu-orgulho-destaca-artistas-lgbtqiapn-com-o-apoio-da-som-livre\/\" \/>\n<meta property=\"og:site_name\" content=\"CidadeMarketing\" \/>\n<meta property=\"article:publisher\" content=\"https:\/\/www.facebook.com\/portalcidademarketing\" \/>\n<meta property=\"article:author\" content=\"https:\/\/www.facebook.com\/thalesbrandao\" \/>\n<meta property=\"article:published_time\" content=\"2023-06-13T16:19:39+00:00\" \/>\n<meta property=\"og:image\" content=\"https:\/\/www.cidademarketing.com.br\/marketing\/wp-content\/uploads\/2023\/06\/somlivre_diversidade.png\" \/>\n\t<meta property=\"og:image:width\" content=\"1238\" \/>\n\t<meta property=\"og:image:height\" content=\"770\" \/>\n\t<meta property=\"og:image:type\" content=\"image\/png\" \/>\n<meta name=\"author\" content=\"Thales Brand\u00e3o\" \/>\n<meta name=\"twitter:card\" content=\"summary_large_image\" \/>\n<meta name=\"twitter:creator\" content=\"@http:\/\/www.twitter.com\/thalesbrandao\" \/>\n<meta name=\"twitter:site\" content=\"@CidadeMarketing\" \/>\n<meta name=\"twitter:label1\" content=\"Escrito por\" \/>\n\t<meta name=\"twitter:data1\" content=\"Thales Brand\u00e3o\" \/>\n\t<meta name=\"twitter:label2\" content=\"Est. tempo de leitura\" \/>\n\t<meta name=\"twitter:data2\" content=\"3 minutos\" \/>\n<script type=\"application\/ld+json\" class=\"yoast-schema-graph\">{\"@context\":\"https:\\\/\\\/schema.org\",\"@graph\":[{\"@type\":\"Article\",\"@id\":\"https:\\\/\\\/www.cidademarketing.com.br\\\/marketing\\\/2023\\\/06\\\/13\\\/novo-capitulo-da-campanha-o-som-do-meu-orgulho-destaca-artistas-lgbtqiapn-com-o-apoio-da-som-livre\\\/#article\",\"isPartOf\":{\"@id\":\"https:\\\/\\\/www.cidademarketing.com.br\\\/marketing\\\/2023\\\/06\\\/13\\\/novo-capitulo-da-campanha-o-som-do-meu-orgulho-destaca-artistas-lgbtqiapn-com-o-apoio-da-som-livre\\\/\"},\"author\":{\"name\":\"Thales Brand\u00e3o\",\"@id\":\"https:\\\/\\\/www.cidademarketing.com.br\\\/marketing\\\/#\\\/schema\\\/person\\\/02daff9f18bd9378c9e01eb6b2db155f\"},\"headline\":\"Novo cap\u00edtulo da campanha &#8220;O Som Do Meu Orgulho&#8221; destaca artistas LGBTQIAPN+ com o apoio da Som Livre\",\"datePublished\":\"2023-06-13T16:19:39+00:00\",\"mainEntityOfPage\":{\"@id\":\"https:\\\/\\\/www.cidademarketing.com.br\\\/marketing\\\/2023\\\/06\\\/13\\\/novo-capitulo-da-campanha-o-som-do-meu-orgulho-destaca-artistas-lgbtqiapn-com-o-apoio-da-som-livre\\\/\"},\"wordCount\":572,\"commentCount\":0,\"publisher\":{\"@id\":\"https:\\\/\\\/www.cidademarketing.com.br\\\/marketing\\\/#organization\"},\"image\":{\"@id\":\"https:\\\/\\\/www.cidademarketing.com.br\\\/marketing\\\/2023\\\/06\\\/13\\\/novo-capitulo-da-campanha-o-som-do-meu-orgulho-destaca-artistas-lgbtqiapn-com-o-apoio-da-som-livre\\\/#primaryimage\"},\"thumbnailUrl\":\"https:\\\/\\\/www.cidademarketing.com.br\\\/marketing\\\/wp-content\\\/uploads\\\/2023\\\/06\\\/somlivre_diversidade.png\",\"keywords\":[\"campanha\",\"estrat\u00e9gia\",\"LGBTQIAPN+\",\"marketing\",\"Som Livre\"],\"articleSection\":[\"Not\u00edcias\"],\"inLanguage\":\"pt-BR\",\"potentialAction\":[{\"@type\":\"CommentAction\",\"name\":\"Comment\",\"target\":[\"https:\\\/\\\/www.cidademarketing.com.br\\\/marketing\\\/2023\\\/06\\\/13\\\/novo-capitulo-da-campanha-o-som-do-meu-orgulho-destaca-artistas-lgbtqiapn-com-o-apoio-da-som-livre\\\/#respond\"]}]},{\"@type\":\"WebPage\",\"@id\":\"https:\\\/\\\/www.cidademarketing.com.br\\\/marketing\\\/2023\\\/06\\\/13\\\/novo-capitulo-da-campanha-o-som-do-meu-orgulho-destaca-artistas-lgbtqiapn-com-o-apoio-da-som-livre\\\/\",\"url\":\"https:\\\/\\\/www.cidademarketing.com.br\\\/marketing\\\/2023\\\/06\\\/13\\\/novo-capitulo-da-campanha-o-som-do-meu-orgulho-destaca-artistas-lgbtqiapn-com-o-apoio-da-som-livre\\\/\",\"name\":\"Novo cap\u00edtulo da campanha \\\"O Som Do Meu Orgulho\\\" destaca artistas LGBTQIAPN+ com o apoio da Som Livre - CidadeMarketing\",\"isPartOf\":{\"@id\":\"https:\\\/\\\/www.cidademarketing.com.br\\\/marketing\\\/#website\"},\"primaryImageOfPage\":{\"@id\":\"https:\\\/\\\/www.cidademarketing.com.br\\\/marketing\\\/2023\\\/06\\\/13\\\/novo-capitulo-da-campanha-o-som-do-meu-orgulho-destaca-artistas-lgbtqiapn-com-o-apoio-da-som-livre\\\/#primaryimage\"},\"image\":{\"@id\":\"https:\\\/\\\/www.cidademarketing.com.br\\\/marketing\\\/2023\\\/06\\\/13\\\/novo-capitulo-da-campanha-o-som-do-meu-orgulho-destaca-artistas-lgbtqiapn-com-o-apoio-da-som-livre\\\/#primaryimage\"},\"thumbnailUrl\":\"https:\\\/\\\/www.cidademarketing.com.br\\\/marketing\\\/wp-content\\\/uploads\\\/2023\\\/06\\\/somlivre_diversidade.png\",\"datePublished\":\"2023-06-13T16:19:39+00:00\",\"breadcrumb\":{\"@id\":\"https:\\\/\\\/www.cidademarketing.com.br\\\/marketing\\\/2023\\\/06\\\/13\\\/novo-capitulo-da-campanha-o-som-do-meu-orgulho-destaca-artistas-lgbtqiapn-com-o-apoio-da-som-livre\\\/#breadcrumb\"},\"inLanguage\":\"pt-BR\",\"potentialAction\":[{\"@type\":\"ReadAction\",\"target\":[\"https:\\\/\\\/www.cidademarketing.com.br\\\/marketing\\\/2023\\\/06\\\/13\\\/novo-capitulo-da-campanha-o-som-do-meu-orgulho-destaca-artistas-lgbtqiapn-com-o-apoio-da-som-livre\\\/\"]}]},{\"@type\":\"ImageObject\",\"inLanguage\":\"pt-BR\",\"@id\":\"https:\\\/\\\/www.cidademarketing.com.br\\\/marketing\\\/2023\\\/06\\\/13\\\/novo-capitulo-da-campanha-o-som-do-meu-orgulho-destaca-artistas-lgbtqiapn-com-o-apoio-da-som-livre\\\/#primaryimage\",\"url\":\"https:\\\/\\\/www.cidademarketing.com.br\\\/marketing\\\/wp-content\\\/uploads\\\/2023\\\/06\\\/somlivre_diversidade.png\",\"contentUrl\":\"https:\\\/\\\/www.cidademarketing.com.br\\\/marketing\\\/wp-content\\\/uploads\\\/2023\\\/06\\\/somlivre_diversidade.png\",\"width\":1238,\"height\":770,\"caption\":\"Em a\u00e7\u00e3o da campanha \u201cO Som Do Meu Orgulho\u201d, Silva ser\u00e1 atra\u00e7\u00e3o exclusiva da pr\u00f3xima edi\u00e7\u00e3o do projeto musical \u201cslap Ao Vivo\u201d, dia 30 de junho - Cr\u00e9dito: Jo\u00e3o Arraes\\\/Divulga\u00e7\u00e3o Som Livre\"},{\"@type\":\"BreadcrumbList\",\"@id\":\"https:\\\/\\\/www.cidademarketing.com.br\\\/marketing\\\/2023\\\/06\\\/13\\\/novo-capitulo-da-campanha-o-som-do-meu-orgulho-destaca-artistas-lgbtqiapn-com-o-apoio-da-som-livre\\\/#breadcrumb\",\"itemListElement\":[{\"@type\":\"ListItem\",\"position\":1,\"name\":\"In\u00edcio\",\"item\":\"https:\\\/\\\/www.cidademarketing.com.br\\\/marketing\\\/\"},{\"@type\":\"ListItem\",\"position\":2,\"name\":\"Novo cap\u00edtulo da campanha &#8220;O Som Do Meu Orgulho&#8221; destaca artistas LGBTQIAPN+ com o apoio da Som Livre\"}]},{\"@type\":\"WebSite\",\"@id\":\"https:\\\/\\\/www.cidademarketing.com.br\\\/marketing\\\/#website\",\"url\":\"https:\\\/\\\/www.cidademarketing.com.br\\\/marketing\\\/\",\"name\":\"CidadeMarketing\",\"description\":\"Somos um ve\u00edculo de comunica\u00e7\u00e3o de destaque no Brasil, reconhecido por conte\u00fados nos segmentos de marketing, empreendedorismo e inova\u00e7\u00e3o.\",\"publisher\":{\"@id\":\"https:\\\/\\\/www.cidademarketing.com.br\\\/marketing\\\/#organization\"},\"alternateName\":\"CidadeMarketing\",\"potentialAction\":[{\"@type\":\"SearchAction\",\"target\":{\"@type\":\"EntryPoint\",\"urlTemplate\":\"https:\\\/\\\/www.cidademarketing.com.br\\\/marketing\\\/?s={search_term_string}\"},\"query-input\":{\"@type\":\"PropertyValueSpecification\",\"valueRequired\":true,\"valueName\":\"search_term_string\"}}],\"inLanguage\":\"pt-BR\"},{\"@type\":\"Organization\",\"@id\":\"https:\\\/\\\/www.cidademarketing.com.br\\\/marketing\\\/#organization\",\"name\":\"CidadeMarketing\",\"alternateName\":\"CidadeMarketing\",\"url\":\"https:\\\/\\\/www.cidademarketing.com.br\\\/marketing\\\/\",\"logo\":{\"@type\":\"ImageObject\",\"inLanguage\":\"pt-BR\",\"@id\":\"https:\\\/\\\/www.cidademarketing.com.br\\\/marketing\\\/#\\\/schema\\\/logo\\\/image\\\/\",\"url\":\"https:\\\/\\\/www.cidademarketing.com.br\\\/marketing\\\/wp-content\\\/uploads\\\/2020\\\/01\\\/cidademarketing_marca_mobile.png\",\"contentUrl\":\"https:\\\/\\\/www.cidademarketing.com.br\\\/marketing\\\/wp-content\\\/uploads\\\/2020\\\/01\\\/cidademarketing_marca_mobile.png\",\"width\":230,\"height\":92,\"caption\":\"CidadeMarketing\"},\"image\":{\"@id\":\"https:\\\/\\\/www.cidademarketing.com.br\\\/marketing\\\/#\\\/schema\\\/logo\\\/image\\\/\"},\"sameAs\":[\"https:\\\/\\\/www.facebook.com\\\/portalcidademarketing\",\"https:\\\/\\\/x.com\\\/CidadeMarketing\",\"https:\\\/\\\/www.instagram.com\\\/cidademarketing\\\/\"]},{\"@type\":\"Person\",\"@id\":\"https:\\\/\\\/www.cidademarketing.com.br\\\/marketing\\\/#\\\/schema\\\/person\\\/02daff9f18bd9378c9e01eb6b2db155f\",\"name\":\"Thales Brand\u00e3o\",\"image\":{\"@type\":\"ImageObject\",\"inLanguage\":\"pt-BR\",\"@id\":\"https:\\\/\\\/secure.gravatar.com\\\/avatar\\\/7ca3206950207cc3cb48feec56a8a7898741ab725c368d99d5d7a5a50aab80c6?s=96&d=mm&r=g\",\"url\":\"https:\\\/\\\/secure.gravatar.com\\\/avatar\\\/7ca3206950207cc3cb48feec56a8a7898741ab725c368d99d5d7a5a50aab80c6?s=96&d=mm&r=g\",\"contentUrl\":\"https:\\\/\\\/secure.gravatar.com\\\/avatar\\\/7ca3206950207cc3cb48feec56a8a7898741ab725c368d99d5d7a5a50aab80c6?s=96&d=mm&r=g\",\"caption\":\"Thales Brand\u00e3o\"},\"description\":\"Editor Executivo do Portal CidadeMarketing.com.br &gt; Mestre em Comunica\u00e7\u00e3o e Sociedade pela Universidade Federal de Sergipe. Possui MBA Executivo em Administra\u00e7\u00e3o com \u00eanfase em Marketing pela Funda\u00e7\u00e3o Get\u00falio Vargas - Rio de Janeiro. Consultor, Palestrante e Pesquisador sobre Empreendedorismo, Marketing, Redes Sociais e Neg\u00f3cios Digitais. Professor, Palestrante TedxTalks e Campus Party. Twitter: @ThalesBrandao\",\"sameAs\":[\"http:\\\/\\\/www.mandacaru.com.br\",\"https:\\\/\\\/www.facebook.com\\\/thalesbrandao\",\"http:\\\/\\\/www.instagram.com.br\\\/thalesbrandaoferreira\",\"https:\\\/\\\/www.linkedin.com\\\/in\\\/thales-brand\u00e3o-3948609\\\/\",\"https:\\\/\\\/x.com\\\/http:\\\/\\\/www.twitter.com\\\/thalesbrandao\"],\"url\":\"https:\\\/\\\/www.cidademarketing.com.br\\\/marketing\\\/author\\\/thalesbrandao\\\/\"}]}<\/script>\n<!-- \/ Yoast SEO plugin. -->","yoast_head_json":{"title":"Novo cap\u00edtulo da campanha \"O Som Do Meu Orgulho\" destaca artistas LGBTQIAPN+ com o apoio da Som Livre - CidadeMarketing","robots":{"index":"index","follow":"follow","max-snippet":"max-snippet:-1","max-image-preview":"max-image-preview:large","max-video-preview":"max-video-preview:-1"},"canonical":"https:\/\/www.cidademarketing.com.br\/marketing\/2023\/06\/13\/novo-capitulo-da-campanha-o-som-do-meu-orgulho-destaca-artistas-lgbtqiapn-com-o-apoio-da-som-livre\/","og_locale":"pt_BR","og_type":"article","og_title":"Novo cap\u00edtulo da campanha \"O Som Do Meu Orgulho\" destaca artistas LGBTQIAPN+ com o apoio da Som Livre - CidadeMarketing","og_description":"Com o compromisso de fomentar a m\u00fasica e artistas da cena LGBTQIAPN+ em todo o pa\u00eds, a Som Livre apresenta mais uma edi\u00e7\u00e3o da campanha \u201cO Som Do Meu Orgulho\u201d, que celebra em mais um ano as conquistas desta comunidade. Promovendo a\u00e7\u00f5es em diversas frentes, voltadas para o p\u00fablico interno e externo, com o objetivo [&hellip;]","og_url":"https:\/\/www.cidademarketing.com.br\/marketing\/2023\/06\/13\/novo-capitulo-da-campanha-o-som-do-meu-orgulho-destaca-artistas-lgbtqiapn-com-o-apoio-da-som-livre\/","og_site_name":"CidadeMarketing","article_publisher":"https:\/\/www.facebook.com\/portalcidademarketing","article_author":"https:\/\/www.facebook.com\/thalesbrandao","article_published_time":"2023-06-13T16:19:39+00:00","og_image":[{"width":1238,"height":770,"url":"https:\/\/www.cidademarketing.com.br\/marketing\/wp-content\/uploads\/2023\/06\/somlivre_diversidade.png","type":"image\/png"}],"author":"Thales Brand\u00e3o","twitter_card":"summary_large_image","twitter_creator":"@http:\/\/www.twitter.com\/thalesbrandao","twitter_site":"@CidadeMarketing","twitter_misc":{"Escrito por":"Thales Brand\u00e3o","Est. tempo de leitura":"3 minutos"},"schema":{"@context":"https:\/\/schema.org","@graph":[{"@type":"Article","@id":"https:\/\/www.cidademarketing.com.br\/marketing\/2023\/06\/13\/novo-capitulo-da-campanha-o-som-do-meu-orgulho-destaca-artistas-lgbtqiapn-com-o-apoio-da-som-livre\/#article","isPartOf":{"@id":"https:\/\/www.cidademarketing.com.br\/marketing\/2023\/06\/13\/novo-capitulo-da-campanha-o-som-do-meu-orgulho-destaca-artistas-lgbtqiapn-com-o-apoio-da-som-livre\/"},"author":{"name":"Thales Brand\u00e3o","@id":"https:\/\/www.cidademarketing.com.br\/marketing\/#\/schema\/person\/02daff9f18bd9378c9e01eb6b2db155f"},"headline":"Novo cap\u00edtulo da campanha &#8220;O Som Do Meu Orgulho&#8221; destaca artistas LGBTQIAPN+ com o apoio da Som Livre","datePublished":"2023-06-13T16:19:39+00:00","mainEntityOfPage":{"@id":"https:\/\/www.cidademarketing.com.br\/marketing\/2023\/06\/13\/novo-capitulo-da-campanha-o-som-do-meu-orgulho-destaca-artistas-lgbtqiapn-com-o-apoio-da-som-livre\/"},"wordCount":572,"commentCount":0,"publisher":{"@id":"https:\/\/www.cidademarketing.com.br\/marketing\/#organization"},"image":{"@id":"https:\/\/www.cidademarketing.com.br\/marketing\/2023\/06\/13\/novo-capitulo-da-campanha-o-som-do-meu-orgulho-destaca-artistas-lgbtqiapn-com-o-apoio-da-som-livre\/#primaryimage"},"thumbnailUrl":"https:\/\/www.cidademarketing.com.br\/marketing\/wp-content\/uploads\/2023\/06\/somlivre_diversidade.png","keywords":["campanha","estrat\u00e9gia","LGBTQIAPN+","marketing","Som Livre"],"articleSection":["Not\u00edcias"],"inLanguage":"pt-BR","potentialAction":[{"@type":"CommentAction","name":"Comment","target":["https:\/\/www.cidademarketing.com.br\/marketing\/2023\/06\/13\/novo-capitulo-da-campanha-o-som-do-meu-orgulho-destaca-artistas-lgbtqiapn-com-o-apoio-da-som-livre\/#respond"]}]},{"@type":"WebPage","@id":"https:\/\/www.cidademarketing.com.br\/marketing\/2023\/06\/13\/novo-capitulo-da-campanha-o-som-do-meu-orgulho-destaca-artistas-lgbtqiapn-com-o-apoio-da-som-livre\/","url":"https:\/\/www.cidademarketing.com.br\/marketing\/2023\/06\/13\/novo-capitulo-da-campanha-o-som-do-meu-orgulho-destaca-artistas-lgbtqiapn-com-o-apoio-da-som-livre\/","name":"Novo cap\u00edtulo da campanha \"O Som Do Meu Orgulho\" destaca artistas LGBTQIAPN+ com o apoio da Som Livre - CidadeMarketing","isPartOf":{"@id":"https:\/\/www.cidademarketing.com.br\/marketing\/#website"},"primaryImageOfPage":{"@id":"https:\/\/www.cidademarketing.com.br\/marketing\/2023\/06\/13\/novo-capitulo-da-campanha-o-som-do-meu-orgulho-destaca-artistas-lgbtqiapn-com-o-apoio-da-som-livre\/#primaryimage"},"image":{"@id":"https:\/\/www.cidademarketing.com.br\/marketing\/2023\/06\/13\/novo-capitulo-da-campanha-o-som-do-meu-orgulho-destaca-artistas-lgbtqiapn-com-o-apoio-da-som-livre\/#primaryimage"},"thumbnailUrl":"https:\/\/www.cidademarketing.com.br\/marketing\/wp-content\/uploads\/2023\/06\/somlivre_diversidade.png","datePublished":"2023-06-13T16:19:39+00:00","breadcrumb":{"@id":"https:\/\/www.cidademarketing.com.br\/marketing\/2023\/06\/13\/novo-capitulo-da-campanha-o-som-do-meu-orgulho-destaca-artistas-lgbtqiapn-com-o-apoio-da-som-livre\/#breadcrumb"},"inLanguage":"pt-BR","potentialAction":[{"@type":"ReadAction","target":["https:\/\/www.cidademarketing.com.br\/marketing\/2023\/06\/13\/novo-capitulo-da-campanha-o-som-do-meu-orgulho-destaca-artistas-lgbtqiapn-com-o-apoio-da-som-livre\/"]}]},{"@type":"ImageObject","inLanguage":"pt-BR","@id":"https:\/\/www.cidademarketing.com.br\/marketing\/2023\/06\/13\/novo-capitulo-da-campanha-o-som-do-meu-orgulho-destaca-artistas-lgbtqiapn-com-o-apoio-da-som-livre\/#primaryimage","url":"https:\/\/www.cidademarketing.com.br\/marketing\/wp-content\/uploads\/2023\/06\/somlivre_diversidade.png","contentUrl":"https:\/\/www.cidademarketing.com.br\/marketing\/wp-content\/uploads\/2023\/06\/somlivre_diversidade.png","width":1238,"height":770,"caption":"Em a\u00e7\u00e3o da campanha \u201cO Som Do Meu Orgulho\u201d, Silva ser\u00e1 atra\u00e7\u00e3o exclusiva da pr\u00f3xima edi\u00e7\u00e3o do projeto musical \u201cslap Ao Vivo\u201d, dia 30 de junho - Cr\u00e9dito: Jo\u00e3o Arraes\/Divulga\u00e7\u00e3o Som Livre"},{"@type":"BreadcrumbList","@id":"https:\/\/www.cidademarketing.com.br\/marketing\/2023\/06\/13\/novo-capitulo-da-campanha-o-som-do-meu-orgulho-destaca-artistas-lgbtqiapn-com-o-apoio-da-som-livre\/#breadcrumb","itemListElement":[{"@type":"ListItem","position":1,"name":"In\u00edcio","item":"https:\/\/www.cidademarketing.com.br\/marketing\/"},{"@type":"ListItem","position":2,"name":"Novo cap\u00edtulo da campanha &#8220;O Som Do Meu Orgulho&#8221; destaca artistas LGBTQIAPN+ com o apoio da Som Livre"}]},{"@type":"WebSite","@id":"https:\/\/www.cidademarketing.com.br\/marketing\/#website","url":"https:\/\/www.cidademarketing.com.br\/marketing\/","name":"CidadeMarketing","description":"Somos um ve\u00edculo de comunica\u00e7\u00e3o de destaque no Brasil, reconhecido por conte\u00fados nos segmentos de marketing, empreendedorismo e inova\u00e7\u00e3o.","publisher":{"@id":"https:\/\/www.cidademarketing.com.br\/marketing\/#organization"},"alternateName":"CidadeMarketing","potentialAction":[{"@type":"SearchAction","target":{"@type":"EntryPoint","urlTemplate":"https:\/\/www.cidademarketing.com.br\/marketing\/?s={search_term_string}"},"query-input":{"@type":"PropertyValueSpecification","valueRequired":true,"valueName":"search_term_string"}}],"inLanguage":"pt-BR"},{"@type":"Organization","@id":"https:\/\/www.cidademarketing.com.br\/marketing\/#organization","name":"CidadeMarketing","alternateName":"CidadeMarketing","url":"https:\/\/www.cidademarketing.com.br\/marketing\/","logo":{"@type":"ImageObject","inLanguage":"pt-BR","@id":"https:\/\/www.cidademarketing.com.br\/marketing\/#\/schema\/logo\/image\/","url":"https:\/\/www.cidademarketing.com.br\/marketing\/wp-content\/uploads\/2020\/01\/cidademarketing_marca_mobile.png","contentUrl":"https:\/\/www.cidademarketing.com.br\/marketing\/wp-content\/uploads\/2020\/01\/cidademarketing_marca_mobile.png","width":230,"height":92,"caption":"CidadeMarketing"},"image":{"@id":"https:\/\/www.cidademarketing.com.br\/marketing\/#\/schema\/logo\/image\/"},"sameAs":["https:\/\/www.facebook.com\/portalcidademarketing","https:\/\/x.com\/CidadeMarketing","https:\/\/www.instagram.com\/cidademarketing\/"]},{"@type":"Person","@id":"https:\/\/www.cidademarketing.com.br\/marketing\/#\/schema\/person\/02daff9f18bd9378c9e01eb6b2db155f","name":"Thales Brand\u00e3o","image":{"@type":"ImageObject","inLanguage":"pt-BR","@id":"https:\/\/secure.gravatar.com\/avatar\/7ca3206950207cc3cb48feec56a8a7898741ab725c368d99d5d7a5a50aab80c6?s=96&d=mm&r=g","url":"https:\/\/secure.gravatar.com\/avatar\/7ca3206950207cc3cb48feec56a8a7898741ab725c368d99d5d7a5a50aab80c6?s=96&d=mm&r=g","contentUrl":"https:\/\/secure.gravatar.com\/avatar\/7ca3206950207cc3cb48feec56a8a7898741ab725c368d99d5d7a5a50aab80c6?s=96&d=mm&r=g","caption":"Thales Brand\u00e3o"},"description":"Editor Executivo do Portal CidadeMarketing.com.br &gt; Mestre em Comunica\u00e7\u00e3o e Sociedade pela Universidade Federal de Sergipe. Possui MBA Executivo em Administra\u00e7\u00e3o com \u00eanfase em Marketing pela Funda\u00e7\u00e3o Get\u00falio Vargas - Rio de Janeiro. Consultor, Palestrante e Pesquisador sobre Empreendedorismo, Marketing, Redes Sociais e Neg\u00f3cios Digitais. Professor, Palestrante TedxTalks e Campus Party. Twitter: @ThalesBrandao","sameAs":["http:\/\/www.mandacaru.com.br","https:\/\/www.facebook.com\/thalesbrandao","http:\/\/www.instagram.com.br\/thalesbrandaoferreira","https:\/\/www.linkedin.com\/in\/thales-brand\u00e3o-3948609\/","https:\/\/x.com\/http:\/\/www.twitter.com\/thalesbrandao"],"url":"https:\/\/www.cidademarketing.com.br\/marketing\/author\/thalesbrandao\/"}]}},"amp_enabled":true,"_links":{"self":[{"href":"https:\/\/www.cidademarketing.com.br\/marketing\/wp-json\/wp\/v2\/posts\/45367","targetHints":{"allow":["GET"]}}],"collection":[{"href":"https:\/\/www.cidademarketing.com.br\/marketing\/wp-json\/wp\/v2\/posts"}],"about":[{"href":"https:\/\/www.cidademarketing.com.br\/marketing\/wp-json\/wp\/v2\/types\/post"}],"author":[{"embeddable":true,"href":"https:\/\/www.cidademarketing.com.br\/marketing\/wp-json\/wp\/v2\/users\/1"}],"replies":[{"embeddable":true,"href":"https:\/\/www.cidademarketing.com.br\/marketing\/wp-json\/wp\/v2\/comments?post=45367"}],"version-history":[{"count":1,"href":"https:\/\/www.cidademarketing.com.br\/marketing\/wp-json\/wp\/v2\/posts\/45367\/revisions"}],"predecessor-version":[{"id":45369,"href":"https:\/\/www.cidademarketing.com.br\/marketing\/wp-json\/wp\/v2\/posts\/45367\/revisions\/45369"}],"wp:featuredmedia":[{"embeddable":true,"href":"https:\/\/www.cidademarketing.com.br\/marketing\/wp-json\/wp\/v2\/media\/45368"}],"wp:attachment":[{"href":"https:\/\/www.cidademarketing.com.br\/marketing\/wp-json\/wp\/v2\/media?parent=45367"}],"wp:term":[{"taxonomy":"category","embeddable":true,"href":"https:\/\/www.cidademarketing.com.br\/marketing\/wp-json\/wp\/v2\/categories?post=45367"},{"taxonomy":"post_tag","embeddable":true,"href":"https:\/\/www.cidademarketing.com.br\/marketing\/wp-json\/wp\/v2\/tags?post=45367"}],"curies":[{"name":"wp","href":"https:\/\/api.w.org\/{rel}","templated":true}]}}