{"id":45225,"date":"2023-05-28T22:14:49","date_gmt":"2023-05-29T01:14:49","guid":{"rendered":"https:\/\/www.cidademarketing.com.br\/marketing\/?p=45225"},"modified":"2023-05-28T22:14:49","modified_gmt":"2023-05-29T01:14:49","slug":"baiao-de-dois-e-o-prato-em-destaque-no-proximo-episodio-do-masterchef-brasil","status":"publish","type":"post","link":"https:\/\/www.cidademarketing.com.br\/marketing\/2023\/05\/28\/baiao-de-dois-e-o-prato-em-destaque-no-proximo-episodio-do-masterchef-brasil\/","title":{"rendered":"Bai\u00e3o de dois \u00e9 o prato em destaque no pr\u00f3ximo epis\u00f3dio do MasterChef Brasil"},"content":{"rendered":"<p>Na pr\u00f3xima ter\u00e7a-feira (30), \u00e0s 22h30, os competidores do MasterChef Brasil v\u00e3o cozinhar com dois alimentos bem comuns da culin\u00e1ria brasileira: arroz e feij\u00e3o. Rodrigo Oliveira, um dos maiores representantes e grande estudioso da gastronomia do Nordeste brasileiro, mostra diversas maneiras de se preparar o famoso bai\u00e3o de dois, combina\u00e7\u00e3o perfeita entre os dois ingredientes que ainda leva v\u00e1rias iguarias t\u00edpicas da regi\u00e3o.<\/p>\n<p><a href=\"https:\/\/www.cidademarketing.com.br\/marketing\/sua-marca-vai-virar-noticia\/\" target=\"_blank\" rel=\"noopener\"><img fetchpriority=\"high\" decoding=\"async\" class=\"wp-image-44329 aligncenter\" src=\"https:\/\/www.cidademarketing.com.br\/marketing\/wp-content\/uploads\/2023\/04\/cidademarketing_backlinks_marketingdigital_publieditorial_.png\" alt=\"\" width=\"500\" height=\"500\" \/><\/a><\/p>\n<p>Os participantes ficam encantados com a aula do chef, que d\u00e1 dicas e caminhos para a reprodu\u00e7\u00e3o perfeita desse prato brasileiro t\u00e3o ic\u00f4nico. Os cozinheiros ter\u00e3o que apresentar uma vers\u00e3o autoral da receita, que leve a personalidade de cada um deles, e conquiste o paladar dos jurados. Aqueles que souberem valorizar os ingredientes e entregarem um bai\u00e3o de dois cheio de sabor escapam da prova de elimina\u00e7\u00e3o. Mas eles ainda poder\u00e3o se salvar em um teste de press\u00e3o. Em um tempo apertado, eles t\u00eam que demonstrar muita t\u00e9cnica e precis\u00e3o ao dividir um grande peda\u00e7o de bife ancho em tr\u00eas volumosos peda\u00e7os e entreg\u00e1-los em tr\u00eas pontos perfeitos: malpassado, no ponto perfeito e bem passado.<\/p>\n<p>No derradeiro desafio, os competidores se deparam com um grande pesadelo: a confeitaria. Helena Rizzo, Rodrigo Oliveira e Erick Jacquin explicam que todo cozinheiro deve saber preparar um crepe perfeito, receita que est\u00e1 presente no mundo todo e encanta as pessoas com seus diversos sabores. Mas como no MasterChef Brasil nada \u00e9 simples, eles dever\u00e3o apresentar um bolo feito de crepe. Eles ainda devem pensar em um recheio delicioso que encante os jurados e sustente o bolo, al\u00e9m de uma cobertura e uma bela decora\u00e7\u00e3o.<\/p>\n<p><iframe title=\"Spotify Embed: Podcast CidadeMarketing\" style=\"border-radius: 12px\" width=\"100%\" height=\"152\" frameborder=\"0\" allowfullscreen allow=\"autoplay; clipboard-write; encrypted-media; fullscreen; picture-in-picture\" loading=\"lazy\" src=\"https:\/\/open.spotify.com\/embed\/show\/4khMKzP3FgFRWVwb73xicc?si=252fe5bff2b34909&#038;utm_source=oembed\"><\/iframe><\/p>\n<p>&nbsp;<\/p>\n<p>Criado por Franc Roddam, o formato MasterChef \u00e9 representado internacionalmente pela Banijay. O programa \u00e9 uma produ\u00e7\u00e3o da Endemol Shine Brasil para a Band e para o Discovery Home &amp; Health. O talent show vai ao ar toda ter\u00e7a-feira, \u00e0s 22h30, na tela da Band, com transmiss\u00e3o simult\u00e2nea no Band.com.br e no aplicativo Bandplay. A atra\u00e7\u00e3o \u00e9 exibida toda sexta-feira, \u00e0s 19h, no canal Discovery Home &amp; Health e nos streamings discovery+ e HBO Max. O p\u00fablico ainda pode acompanhar os epis\u00f3dios pelo canal oficial no YouTube.<\/p>\n<p>&nbsp;<\/p>\n","protected":false},"excerpt":{"rendered":"<p>Na pr\u00f3xima ter\u00e7a-feira (30), \u00e0s 22h30, os competidores do MasterChef Brasil v\u00e3o cozinhar com dois alimentos bem comuns da culin\u00e1ria brasileira: arroz e feij\u00e3o. Rodrigo Oliveira, um dos maiores representantes e grande estudioso da gastronomia do Nordeste brasileiro, mostra diversas maneiras de se preparar o famoso bai\u00e3o de dois, combina\u00e7\u00e3o perfeita entre os dois ingredientes [&hellip;]<\/p>\n","protected":false},"author":1,"featured_media":45226,"comment_status":"open","ping_status":"open","sticky":false,"template":"","format":"standard","meta":{"tdm_status":"","tdm_grid_status":"","footnotes":""},"categories":[6],"tags":[383,65,33,28,5994],"class_list":["post-45225","post","type-post","status-publish","format-standard","has-post-thumbnail","hentry","category-noticias","tag-band","tag-campanha","tag-estrategia","tag-marketing","tag-masterchef-brasil"],"yoast_head":"<!-- This site is optimized with the Yoast SEO plugin v27.4 - https:\/\/yoast.com\/product\/yoast-seo-wordpress\/ -->\n<title>Bai\u00e3o de dois \u00e9 o prato em destaque no pr\u00f3ximo epis\u00f3dio do MasterChef Brasil - CidadeMarketing<\/title>\n<meta name=\"robots\" content=\"index, follow, max-snippet:-1, max-image-preview:large, max-video-preview:-1\" \/>\n<link rel=\"canonical\" href=\"https:\/\/www.cidademarketing.com.br\/marketing\/2023\/05\/28\/baiao-de-dois-e-o-prato-em-destaque-no-proximo-episodio-do-masterchef-brasil\/\" \/>\n<meta property=\"og:locale\" content=\"pt_BR\" \/>\n<meta property=\"og:type\" content=\"article\" \/>\n<meta property=\"og:title\" content=\"Bai\u00e3o de dois \u00e9 o prato em destaque no pr\u00f3ximo epis\u00f3dio do MasterChef Brasil - CidadeMarketing\" \/>\n<meta property=\"og:description\" content=\"Na pr\u00f3xima ter\u00e7a-feira (30), \u00e0s 22h30, os competidores do MasterChef Brasil v\u00e3o cozinhar com dois alimentos bem comuns da culin\u00e1ria brasileira: arroz e feij\u00e3o. Rodrigo Oliveira, um dos maiores representantes e grande estudioso da gastronomia do Nordeste brasileiro, mostra diversas maneiras de se preparar o famoso bai\u00e3o de dois, combina\u00e7\u00e3o perfeita entre os dois ingredientes [&hellip;]\" \/>\n<meta property=\"og:url\" content=\"https:\/\/www.cidademarketing.com.br\/marketing\/2023\/05\/28\/baiao-de-dois-e-o-prato-em-destaque-no-proximo-episodio-do-masterchef-brasil\/\" \/>\n<meta property=\"og:site_name\" content=\"CidadeMarketing\" \/>\n<meta property=\"article:publisher\" content=\"https:\/\/www.facebook.com\/portalcidademarketing\" \/>\n<meta property=\"article:author\" content=\"https:\/\/www.facebook.com\/thalesbrandao\" \/>\n<meta property=\"article:published_time\" content=\"2023-05-29T01:14:49+00:00\" \/>\n<meta property=\"og:image\" content=\"https:\/\/www.cidademarketing.com.br\/marketing\/wp-content\/uploads\/2023\/05\/masterchef_2023_band.jpg\" \/>\n\t<meta property=\"og:image:width\" content=\"2048\" \/>\n\t<meta property=\"og:image:height\" content=\"1281\" \/>\n\t<meta property=\"og:image:type\" content=\"image\/jpeg\" \/>\n<meta name=\"author\" content=\"Thales Brand\u00e3o\" \/>\n<meta name=\"twitter:card\" content=\"summary_large_image\" \/>\n<meta name=\"twitter:creator\" content=\"@http:\/\/www.twitter.com\/thalesbrandao\" \/>\n<meta name=\"twitter:site\" content=\"@CidadeMarketing\" \/>\n<meta name=\"twitter:label1\" content=\"Escrito por\" \/>\n\t<meta name=\"twitter:data1\" content=\"Thales Brand\u00e3o\" \/>\n\t<meta name=\"twitter:label2\" content=\"Est. tempo de leitura\" \/>\n\t<meta name=\"twitter:data2\" content=\"2 minutos\" \/>\n<script type=\"application\/ld+json\" class=\"yoast-schema-graph\">{\"@context\":\"https:\\\/\\\/schema.org\",\"@graph\":[{\"@type\":\"Article\",\"@id\":\"https:\\\/\\\/www.cidademarketing.com.br\\\/marketing\\\/2023\\\/05\\\/28\\\/baiao-de-dois-e-o-prato-em-destaque-no-proximo-episodio-do-masterchef-brasil\\\/#article\",\"isPartOf\":{\"@id\":\"https:\\\/\\\/www.cidademarketing.com.br\\\/marketing\\\/2023\\\/05\\\/28\\\/baiao-de-dois-e-o-prato-em-destaque-no-proximo-episodio-do-masterchef-brasil\\\/\"},\"author\":{\"name\":\"Thales Brand\u00e3o\",\"@id\":\"https:\\\/\\\/www.cidademarketing.com.br\\\/marketing\\\/#\\\/schema\\\/person\\\/02daff9f18bd9378c9e01eb6b2db155f\"},\"headline\":\"Bai\u00e3o de dois \u00e9 o prato em destaque no pr\u00f3ximo epis\u00f3dio do MasterChef Brasil\",\"datePublished\":\"2023-05-29T01:14:49+00:00\",\"mainEntityOfPage\":{\"@id\":\"https:\\\/\\\/www.cidademarketing.com.br\\\/marketing\\\/2023\\\/05\\\/28\\\/baiao-de-dois-e-o-prato-em-destaque-no-proximo-episodio-do-masterchef-brasil\\\/\"},\"wordCount\":416,\"commentCount\":0,\"publisher\":{\"@id\":\"https:\\\/\\\/www.cidademarketing.com.br\\\/marketing\\\/#organization\"},\"image\":{\"@id\":\"https:\\\/\\\/www.cidademarketing.com.br\\\/marketing\\\/2023\\\/05\\\/28\\\/baiao-de-dois-e-o-prato-em-destaque-no-proximo-episodio-do-masterchef-brasil\\\/#primaryimage\"},\"thumbnailUrl\":\"https:\\\/\\\/www.cidademarketing.com.br\\\/marketing\\\/wp-content\\\/uploads\\\/2023\\\/05\\\/masterchef_2023_band.jpg\",\"keywords\":[\"Band\",\"campanha\",\"estrat\u00e9gia\",\"marketing\",\"MasterChef Brasil\"],\"articleSection\":[\"Not\u00edcias\"],\"inLanguage\":\"pt-BR\",\"potentialAction\":[{\"@type\":\"CommentAction\",\"name\":\"Comment\",\"target\":[\"https:\\\/\\\/www.cidademarketing.com.br\\\/marketing\\\/2023\\\/05\\\/28\\\/baiao-de-dois-e-o-prato-em-destaque-no-proximo-episodio-do-masterchef-brasil\\\/#respond\"]}]},{\"@type\":\"WebPage\",\"@id\":\"https:\\\/\\\/www.cidademarketing.com.br\\\/marketing\\\/2023\\\/05\\\/28\\\/baiao-de-dois-e-o-prato-em-destaque-no-proximo-episodio-do-masterchef-brasil\\\/\",\"url\":\"https:\\\/\\\/www.cidademarketing.com.br\\\/marketing\\\/2023\\\/05\\\/28\\\/baiao-de-dois-e-o-prato-em-destaque-no-proximo-episodio-do-masterchef-brasil\\\/\",\"name\":\"Bai\u00e3o de dois \u00e9 o prato em destaque no pr\u00f3ximo epis\u00f3dio do MasterChef Brasil - CidadeMarketing\",\"isPartOf\":{\"@id\":\"https:\\\/\\\/www.cidademarketing.com.br\\\/marketing\\\/#website\"},\"primaryImageOfPage\":{\"@id\":\"https:\\\/\\\/www.cidademarketing.com.br\\\/marketing\\\/2023\\\/05\\\/28\\\/baiao-de-dois-e-o-prato-em-destaque-no-proximo-episodio-do-masterchef-brasil\\\/#primaryimage\"},\"image\":{\"@id\":\"https:\\\/\\\/www.cidademarketing.com.br\\\/marketing\\\/2023\\\/05\\\/28\\\/baiao-de-dois-e-o-prato-em-destaque-no-proximo-episodio-do-masterchef-brasil\\\/#primaryimage\"},\"thumbnailUrl\":\"https:\\\/\\\/www.cidademarketing.com.br\\\/marketing\\\/wp-content\\\/uploads\\\/2023\\\/05\\\/masterchef_2023_band.jpg\",\"datePublished\":\"2023-05-29T01:14:49+00:00\",\"breadcrumb\":{\"@id\":\"https:\\\/\\\/www.cidademarketing.com.br\\\/marketing\\\/2023\\\/05\\\/28\\\/baiao-de-dois-e-o-prato-em-destaque-no-proximo-episodio-do-masterchef-brasil\\\/#breadcrumb\"},\"inLanguage\":\"pt-BR\",\"potentialAction\":[{\"@type\":\"ReadAction\",\"target\":[\"https:\\\/\\\/www.cidademarketing.com.br\\\/marketing\\\/2023\\\/05\\\/28\\\/baiao-de-dois-e-o-prato-em-destaque-no-proximo-episodio-do-masterchef-brasil\\\/\"]}]},{\"@type\":\"ImageObject\",\"inLanguage\":\"pt-BR\",\"@id\":\"https:\\\/\\\/www.cidademarketing.com.br\\\/marketing\\\/2023\\\/05\\\/28\\\/baiao-de-dois-e-o-prato-em-destaque-no-proximo-episodio-do-masterchef-brasil\\\/#primaryimage\",\"url\":\"https:\\\/\\\/www.cidademarketing.com.br\\\/marketing\\\/wp-content\\\/uploads\\\/2023\\\/05\\\/masterchef_2023_band.jpg\",\"contentUrl\":\"https:\\\/\\\/www.cidademarketing.com.br\\\/marketing\\\/wp-content\\\/uploads\\\/2023\\\/05\\\/masterchef_2023_band.jpg\",\"width\":2048,\"height\":1281,\"caption\":\"Cr\u00e9dito: Melissa Haidar\\\/Band\"},{\"@type\":\"BreadcrumbList\",\"@id\":\"https:\\\/\\\/www.cidademarketing.com.br\\\/marketing\\\/2023\\\/05\\\/28\\\/baiao-de-dois-e-o-prato-em-destaque-no-proximo-episodio-do-masterchef-brasil\\\/#breadcrumb\",\"itemListElement\":[{\"@type\":\"ListItem\",\"position\":1,\"name\":\"In\u00edcio\",\"item\":\"https:\\\/\\\/www.cidademarketing.com.br\\\/marketing\\\/\"},{\"@type\":\"ListItem\",\"position\":2,\"name\":\"Bai\u00e3o de dois \u00e9 o prato em destaque no pr\u00f3ximo epis\u00f3dio do MasterChef Brasil\"}]},{\"@type\":\"WebSite\",\"@id\":\"https:\\\/\\\/www.cidademarketing.com.br\\\/marketing\\\/#website\",\"url\":\"https:\\\/\\\/www.cidademarketing.com.br\\\/marketing\\\/\",\"name\":\"CidadeMarketing\",\"description\":\"Somos um ve\u00edculo de comunica\u00e7\u00e3o de destaque no Brasil, reconhecido por conte\u00fados nos segmentos de marketing, empreendedorismo e inova\u00e7\u00e3o.\",\"publisher\":{\"@id\":\"https:\\\/\\\/www.cidademarketing.com.br\\\/marketing\\\/#organization\"},\"alternateName\":\"CidadeMarketing\",\"potentialAction\":[{\"@type\":\"SearchAction\",\"target\":{\"@type\":\"EntryPoint\",\"urlTemplate\":\"https:\\\/\\\/www.cidademarketing.com.br\\\/marketing\\\/?s={search_term_string}\"},\"query-input\":{\"@type\":\"PropertyValueSpecification\",\"valueRequired\":true,\"valueName\":\"search_term_string\"}}],\"inLanguage\":\"pt-BR\"},{\"@type\":\"Organization\",\"@id\":\"https:\\\/\\\/www.cidademarketing.com.br\\\/marketing\\\/#organization\",\"name\":\"CidadeMarketing\",\"alternateName\":\"CidadeMarketing\",\"url\":\"https:\\\/\\\/www.cidademarketing.com.br\\\/marketing\\\/\",\"logo\":{\"@type\":\"ImageObject\",\"inLanguage\":\"pt-BR\",\"@id\":\"https:\\\/\\\/www.cidademarketing.com.br\\\/marketing\\\/#\\\/schema\\\/logo\\\/image\\\/\",\"url\":\"https:\\\/\\\/www.cidademarketing.com.br\\\/marketing\\\/wp-content\\\/uploads\\\/2020\\\/01\\\/cidademarketing_marca_mobile.png\",\"contentUrl\":\"https:\\\/\\\/www.cidademarketing.com.br\\\/marketing\\\/wp-content\\\/uploads\\\/2020\\\/01\\\/cidademarketing_marca_mobile.png\",\"width\":230,\"height\":92,\"caption\":\"CidadeMarketing\"},\"image\":{\"@id\":\"https:\\\/\\\/www.cidademarketing.com.br\\\/marketing\\\/#\\\/schema\\\/logo\\\/image\\\/\"},\"sameAs\":[\"https:\\\/\\\/www.facebook.com\\\/portalcidademarketing\",\"https:\\\/\\\/x.com\\\/CidadeMarketing\",\"https:\\\/\\\/www.instagram.com\\\/cidademarketing\\\/\"]},{\"@type\":\"Person\",\"@id\":\"https:\\\/\\\/www.cidademarketing.com.br\\\/marketing\\\/#\\\/schema\\\/person\\\/02daff9f18bd9378c9e01eb6b2db155f\",\"name\":\"Thales Brand\u00e3o\",\"image\":{\"@type\":\"ImageObject\",\"inLanguage\":\"pt-BR\",\"@id\":\"https:\\\/\\\/secure.gravatar.com\\\/avatar\\\/7ca3206950207cc3cb48feec56a8a7898741ab725c368d99d5d7a5a50aab80c6?s=96&d=mm&r=g\",\"url\":\"https:\\\/\\\/secure.gravatar.com\\\/avatar\\\/7ca3206950207cc3cb48feec56a8a7898741ab725c368d99d5d7a5a50aab80c6?s=96&d=mm&r=g\",\"contentUrl\":\"https:\\\/\\\/secure.gravatar.com\\\/avatar\\\/7ca3206950207cc3cb48feec56a8a7898741ab725c368d99d5d7a5a50aab80c6?s=96&d=mm&r=g\",\"caption\":\"Thales Brand\u00e3o\"},\"description\":\"Editor Executivo do Portal CidadeMarketing.com.br &gt; Mestre em Comunica\u00e7\u00e3o e Sociedade pela Universidade Federal de Sergipe. Possui MBA Executivo em Administra\u00e7\u00e3o com \u00eanfase em Marketing pela Funda\u00e7\u00e3o Get\u00falio Vargas - Rio de Janeiro. Consultor, Palestrante e Pesquisador sobre Empreendedorismo, Marketing, Redes Sociais e Neg\u00f3cios Digitais. Professor, Palestrante TedxTalks e Campus Party. Twitter: @ThalesBrandao\",\"sameAs\":[\"http:\\\/\\\/www.mandacaru.com.br\",\"https:\\\/\\\/www.facebook.com\\\/thalesbrandao\",\"http:\\\/\\\/www.instagram.com.br\\\/thalesbrandaoferreira\",\"https:\\\/\\\/www.linkedin.com\\\/in\\\/thales-brand\u00e3o-3948609\\\/\",\"https:\\\/\\\/x.com\\\/http:\\\/\\\/www.twitter.com\\\/thalesbrandao\"],\"url\":\"https:\\\/\\\/www.cidademarketing.com.br\\\/marketing\\\/author\\\/thalesbrandao\\\/\"}]}<\/script>\n<!-- \/ Yoast SEO plugin. -->","yoast_head_json":{"title":"Bai\u00e3o de dois \u00e9 o prato em destaque no pr\u00f3ximo epis\u00f3dio do MasterChef Brasil - CidadeMarketing","robots":{"index":"index","follow":"follow","max-snippet":"max-snippet:-1","max-image-preview":"max-image-preview:large","max-video-preview":"max-video-preview:-1"},"canonical":"https:\/\/www.cidademarketing.com.br\/marketing\/2023\/05\/28\/baiao-de-dois-e-o-prato-em-destaque-no-proximo-episodio-do-masterchef-brasil\/","og_locale":"pt_BR","og_type":"article","og_title":"Bai\u00e3o de dois \u00e9 o prato em destaque no pr\u00f3ximo epis\u00f3dio do MasterChef Brasil - CidadeMarketing","og_description":"Na pr\u00f3xima ter\u00e7a-feira (30), \u00e0s 22h30, os competidores do MasterChef Brasil v\u00e3o cozinhar com dois alimentos bem comuns da culin\u00e1ria brasileira: arroz e feij\u00e3o. Rodrigo Oliveira, um dos maiores representantes e grande estudioso da gastronomia do Nordeste brasileiro, mostra diversas maneiras de se preparar o famoso bai\u00e3o de dois, combina\u00e7\u00e3o perfeita entre os dois ingredientes [&hellip;]","og_url":"https:\/\/www.cidademarketing.com.br\/marketing\/2023\/05\/28\/baiao-de-dois-e-o-prato-em-destaque-no-proximo-episodio-do-masterchef-brasil\/","og_site_name":"CidadeMarketing","article_publisher":"https:\/\/www.facebook.com\/portalcidademarketing","article_author":"https:\/\/www.facebook.com\/thalesbrandao","article_published_time":"2023-05-29T01:14:49+00:00","og_image":[{"width":2048,"height":1281,"url":"https:\/\/www.cidademarketing.com.br\/marketing\/wp-content\/uploads\/2023\/05\/masterchef_2023_band.jpg","type":"image\/jpeg"}],"author":"Thales Brand\u00e3o","twitter_card":"summary_large_image","twitter_creator":"@http:\/\/www.twitter.com\/thalesbrandao","twitter_site":"@CidadeMarketing","twitter_misc":{"Escrito por":"Thales Brand\u00e3o","Est. tempo de leitura":"2 minutos"},"schema":{"@context":"https:\/\/schema.org","@graph":[{"@type":"Article","@id":"https:\/\/www.cidademarketing.com.br\/marketing\/2023\/05\/28\/baiao-de-dois-e-o-prato-em-destaque-no-proximo-episodio-do-masterchef-brasil\/#article","isPartOf":{"@id":"https:\/\/www.cidademarketing.com.br\/marketing\/2023\/05\/28\/baiao-de-dois-e-o-prato-em-destaque-no-proximo-episodio-do-masterchef-brasil\/"},"author":{"name":"Thales Brand\u00e3o","@id":"https:\/\/www.cidademarketing.com.br\/marketing\/#\/schema\/person\/02daff9f18bd9378c9e01eb6b2db155f"},"headline":"Bai\u00e3o de dois \u00e9 o prato em destaque no pr\u00f3ximo epis\u00f3dio do MasterChef Brasil","datePublished":"2023-05-29T01:14:49+00:00","mainEntityOfPage":{"@id":"https:\/\/www.cidademarketing.com.br\/marketing\/2023\/05\/28\/baiao-de-dois-e-o-prato-em-destaque-no-proximo-episodio-do-masterchef-brasil\/"},"wordCount":416,"commentCount":0,"publisher":{"@id":"https:\/\/www.cidademarketing.com.br\/marketing\/#organization"},"image":{"@id":"https:\/\/www.cidademarketing.com.br\/marketing\/2023\/05\/28\/baiao-de-dois-e-o-prato-em-destaque-no-proximo-episodio-do-masterchef-brasil\/#primaryimage"},"thumbnailUrl":"https:\/\/www.cidademarketing.com.br\/marketing\/wp-content\/uploads\/2023\/05\/masterchef_2023_band.jpg","keywords":["Band","campanha","estrat\u00e9gia","marketing","MasterChef Brasil"],"articleSection":["Not\u00edcias"],"inLanguage":"pt-BR","potentialAction":[{"@type":"CommentAction","name":"Comment","target":["https:\/\/www.cidademarketing.com.br\/marketing\/2023\/05\/28\/baiao-de-dois-e-o-prato-em-destaque-no-proximo-episodio-do-masterchef-brasil\/#respond"]}]},{"@type":"WebPage","@id":"https:\/\/www.cidademarketing.com.br\/marketing\/2023\/05\/28\/baiao-de-dois-e-o-prato-em-destaque-no-proximo-episodio-do-masterchef-brasil\/","url":"https:\/\/www.cidademarketing.com.br\/marketing\/2023\/05\/28\/baiao-de-dois-e-o-prato-em-destaque-no-proximo-episodio-do-masterchef-brasil\/","name":"Bai\u00e3o de dois \u00e9 o prato em destaque no pr\u00f3ximo epis\u00f3dio do MasterChef Brasil - CidadeMarketing","isPartOf":{"@id":"https:\/\/www.cidademarketing.com.br\/marketing\/#website"},"primaryImageOfPage":{"@id":"https:\/\/www.cidademarketing.com.br\/marketing\/2023\/05\/28\/baiao-de-dois-e-o-prato-em-destaque-no-proximo-episodio-do-masterchef-brasil\/#primaryimage"},"image":{"@id":"https:\/\/www.cidademarketing.com.br\/marketing\/2023\/05\/28\/baiao-de-dois-e-o-prato-em-destaque-no-proximo-episodio-do-masterchef-brasil\/#primaryimage"},"thumbnailUrl":"https:\/\/www.cidademarketing.com.br\/marketing\/wp-content\/uploads\/2023\/05\/masterchef_2023_band.jpg","datePublished":"2023-05-29T01:14:49+00:00","breadcrumb":{"@id":"https:\/\/www.cidademarketing.com.br\/marketing\/2023\/05\/28\/baiao-de-dois-e-o-prato-em-destaque-no-proximo-episodio-do-masterchef-brasil\/#breadcrumb"},"inLanguage":"pt-BR","potentialAction":[{"@type":"ReadAction","target":["https:\/\/www.cidademarketing.com.br\/marketing\/2023\/05\/28\/baiao-de-dois-e-o-prato-em-destaque-no-proximo-episodio-do-masterchef-brasil\/"]}]},{"@type":"ImageObject","inLanguage":"pt-BR","@id":"https:\/\/www.cidademarketing.com.br\/marketing\/2023\/05\/28\/baiao-de-dois-e-o-prato-em-destaque-no-proximo-episodio-do-masterchef-brasil\/#primaryimage","url":"https:\/\/www.cidademarketing.com.br\/marketing\/wp-content\/uploads\/2023\/05\/masterchef_2023_band.jpg","contentUrl":"https:\/\/www.cidademarketing.com.br\/marketing\/wp-content\/uploads\/2023\/05\/masterchef_2023_band.jpg","width":2048,"height":1281,"caption":"Cr\u00e9dito: Melissa Haidar\/Band"},{"@type":"BreadcrumbList","@id":"https:\/\/www.cidademarketing.com.br\/marketing\/2023\/05\/28\/baiao-de-dois-e-o-prato-em-destaque-no-proximo-episodio-do-masterchef-brasil\/#breadcrumb","itemListElement":[{"@type":"ListItem","position":1,"name":"In\u00edcio","item":"https:\/\/www.cidademarketing.com.br\/marketing\/"},{"@type":"ListItem","position":2,"name":"Bai\u00e3o de dois \u00e9 o prato em destaque no pr\u00f3ximo epis\u00f3dio do MasterChef Brasil"}]},{"@type":"WebSite","@id":"https:\/\/www.cidademarketing.com.br\/marketing\/#website","url":"https:\/\/www.cidademarketing.com.br\/marketing\/","name":"CidadeMarketing","description":"Somos um ve\u00edculo de comunica\u00e7\u00e3o de destaque no Brasil, reconhecido por conte\u00fados nos segmentos de marketing, empreendedorismo e inova\u00e7\u00e3o.","publisher":{"@id":"https:\/\/www.cidademarketing.com.br\/marketing\/#organization"},"alternateName":"CidadeMarketing","potentialAction":[{"@type":"SearchAction","target":{"@type":"EntryPoint","urlTemplate":"https:\/\/www.cidademarketing.com.br\/marketing\/?s={search_term_string}"},"query-input":{"@type":"PropertyValueSpecification","valueRequired":true,"valueName":"search_term_string"}}],"inLanguage":"pt-BR"},{"@type":"Organization","@id":"https:\/\/www.cidademarketing.com.br\/marketing\/#organization","name":"CidadeMarketing","alternateName":"CidadeMarketing","url":"https:\/\/www.cidademarketing.com.br\/marketing\/","logo":{"@type":"ImageObject","inLanguage":"pt-BR","@id":"https:\/\/www.cidademarketing.com.br\/marketing\/#\/schema\/logo\/image\/","url":"https:\/\/www.cidademarketing.com.br\/marketing\/wp-content\/uploads\/2020\/01\/cidademarketing_marca_mobile.png","contentUrl":"https:\/\/www.cidademarketing.com.br\/marketing\/wp-content\/uploads\/2020\/01\/cidademarketing_marca_mobile.png","width":230,"height":92,"caption":"CidadeMarketing"},"image":{"@id":"https:\/\/www.cidademarketing.com.br\/marketing\/#\/schema\/logo\/image\/"},"sameAs":["https:\/\/www.facebook.com\/portalcidademarketing","https:\/\/x.com\/CidadeMarketing","https:\/\/www.instagram.com\/cidademarketing\/"]},{"@type":"Person","@id":"https:\/\/www.cidademarketing.com.br\/marketing\/#\/schema\/person\/02daff9f18bd9378c9e01eb6b2db155f","name":"Thales Brand\u00e3o","image":{"@type":"ImageObject","inLanguage":"pt-BR","@id":"https:\/\/secure.gravatar.com\/avatar\/7ca3206950207cc3cb48feec56a8a7898741ab725c368d99d5d7a5a50aab80c6?s=96&d=mm&r=g","url":"https:\/\/secure.gravatar.com\/avatar\/7ca3206950207cc3cb48feec56a8a7898741ab725c368d99d5d7a5a50aab80c6?s=96&d=mm&r=g","contentUrl":"https:\/\/secure.gravatar.com\/avatar\/7ca3206950207cc3cb48feec56a8a7898741ab725c368d99d5d7a5a50aab80c6?s=96&d=mm&r=g","caption":"Thales Brand\u00e3o"},"description":"Editor Executivo do Portal CidadeMarketing.com.br &gt; Mestre em Comunica\u00e7\u00e3o e Sociedade pela Universidade Federal de Sergipe. Possui MBA Executivo em Administra\u00e7\u00e3o com \u00eanfase em Marketing pela Funda\u00e7\u00e3o Get\u00falio Vargas - Rio de Janeiro. Consultor, Palestrante e Pesquisador sobre Empreendedorismo, Marketing, Redes Sociais e Neg\u00f3cios Digitais. Professor, Palestrante TedxTalks e Campus Party. Twitter: @ThalesBrandao","sameAs":["http:\/\/www.mandacaru.com.br","https:\/\/www.facebook.com\/thalesbrandao","http:\/\/www.instagram.com.br\/thalesbrandaoferreira","https:\/\/www.linkedin.com\/in\/thales-brand\u00e3o-3948609\/","https:\/\/x.com\/http:\/\/www.twitter.com\/thalesbrandao"],"url":"https:\/\/www.cidademarketing.com.br\/marketing\/author\/thalesbrandao\/"}]}},"amp_enabled":true,"_links":{"self":[{"href":"https:\/\/www.cidademarketing.com.br\/marketing\/wp-json\/wp\/v2\/posts\/45225","targetHints":{"allow":["GET"]}}],"collection":[{"href":"https:\/\/www.cidademarketing.com.br\/marketing\/wp-json\/wp\/v2\/posts"}],"about":[{"href":"https:\/\/www.cidademarketing.com.br\/marketing\/wp-json\/wp\/v2\/types\/post"}],"author":[{"embeddable":true,"href":"https:\/\/www.cidademarketing.com.br\/marketing\/wp-json\/wp\/v2\/users\/1"}],"replies":[{"embeddable":true,"href":"https:\/\/www.cidademarketing.com.br\/marketing\/wp-json\/wp\/v2\/comments?post=45225"}],"version-history":[{"count":1,"href":"https:\/\/www.cidademarketing.com.br\/marketing\/wp-json\/wp\/v2\/posts\/45225\/revisions"}],"predecessor-version":[{"id":45227,"href":"https:\/\/www.cidademarketing.com.br\/marketing\/wp-json\/wp\/v2\/posts\/45225\/revisions\/45227"}],"wp:featuredmedia":[{"embeddable":true,"href":"https:\/\/www.cidademarketing.com.br\/marketing\/wp-json\/wp\/v2\/media\/45226"}],"wp:attachment":[{"href":"https:\/\/www.cidademarketing.com.br\/marketing\/wp-json\/wp\/v2\/media?parent=45225"}],"wp:term":[{"taxonomy":"category","embeddable":true,"href":"https:\/\/www.cidademarketing.com.br\/marketing\/wp-json\/wp\/v2\/categories?post=45225"},{"taxonomy":"post_tag","embeddable":true,"href":"https:\/\/www.cidademarketing.com.br\/marketing\/wp-json\/wp\/v2\/tags?post=45225"}],"curies":[{"name":"wp","href":"https:\/\/api.w.org\/{rel}","templated":true}]}}