{"id":45196,"date":"2023-05-25T17:15:58","date_gmt":"2023-05-25T20:15:58","guid":{"rendered":"https:\/\/www.cidademarketing.com.br\/marketing\/?p=45196"},"modified":"2023-05-25T17:15:58","modified_gmt":"2023-05-25T20:15:58","slug":"a-historia-por-tras-da-sassa-de-minas-o-e-commerce-que-valoriza-a-cultura-mineira-com-produtos-artesanais","status":"publish","type":"post","link":"https:\/\/www.cidademarketing.com.br\/marketing\/2023\/05\/25\/a-historia-por-tras-da-sassa-de-minas-o-e-commerce-que-valoriza-a-cultura-mineira-com-produtos-artesanais\/","title":{"rendered":"A hist\u00f3ria por tr\u00e1s da Sass\u00e1 de Minas, o e-commerce que valoriza a cultura mineira com produtos artesanais"},"content":{"rendered":"<p>Minas Gerais \u00e9 um estado rico em tradi\u00e7\u00f5es e sabores \u00fanicos que encantam os paladares de todo o pa\u00eds. No cora\u00e7\u00e3o dessa exuberante terra, dois mineiros apaixonados por suas ra\u00edzes decidiram compartilhar as del\u00edcias da cultura popular local atrav\u00e9s de um e-commerce especial: a <a href=\"https:\/\/www.sassademinas.com.br\/\" target=\"_blank\" rel=\"noopener\"><strong>Sass\u00e1 de Minas<\/strong><\/a>. Sarita Lazzarini e Guilherme Ferraz, movidos pela paix\u00e3o pela cultura mineira, idealizaram um neg\u00f3cio que levasse os encantos gastron\u00f4micos e artesanais de Minas para todos os cantos do Brasil.<\/p>\n<figure id=\"attachment_45197\" aria-describedby=\"caption-attachment-45197\" style=\"width: 421px\" class=\"wp-caption aligncenter\"><img fetchpriority=\"high\" decoding=\"async\" class=\"wp-image-45197 \" src=\"https:\/\/www.cidademarketing.com.br\/marketing\/wp-content\/uploads\/2023\/05\/Sarita_Lazzarini_sassademinas.jpeg\" alt=\"\" width=\"421\" height=\"561\" srcset=\"https:\/\/www.cidademarketing.com.br\/marketing\/wp-content\/uploads\/2023\/05\/Sarita_Lazzarini_sassademinas.jpeg 768w, https:\/\/www.cidademarketing.com.br\/marketing\/wp-content\/uploads\/2023\/05\/Sarita_Lazzarini_sassademinas-225x300.jpeg 225w, https:\/\/www.cidademarketing.com.br\/marketing\/wp-content\/uploads\/2023\/05\/Sarita_Lazzarini_sassademinas-315x420.jpeg 315w, https:\/\/www.cidademarketing.com.br\/marketing\/wp-content\/uploads\/2023\/05\/Sarita_Lazzarini_sassademinas-640x853.jpeg 640w, https:\/\/www.cidademarketing.com.br\/marketing\/wp-content\/uploads\/2023\/05\/Sarita_Lazzarini_sassademinas-681x908.jpeg 681w\" sizes=\"(max-width: 421px) 100vw, 421px\" \/><figcaption id=\"caption-attachment-45197\" class=\"wp-caption-text\">Sarita Lazzarini, idealizadora e empreendedora da Sass\u00e1 de Minas<\/figcaption><\/figure>\n<p>A hist\u00f3ria da <a href=\"https:\/\/www.sassademinas.com.br\/\" target=\"_blank\" rel=\"noopener\"><strong>Sass\u00e1 de Minas<\/strong><\/a> \u00e9 permeada pela valoriza\u00e7\u00e3o das iguarias t\u00edpicas e do artesanato local, que carregam consigo s\u00e9culos de tradi\u00e7\u00e3o e sabor inconfund\u00edvel. <a href=\"https:\/\/www.sassademinas.com.br\/queijos\" target=\"_blank\" rel=\"noopener\">Queijos<\/a>, <a href=\"https:\/\/www.sassademinas.com.br\/doces\" target=\"_blank\" rel=\"noopener\">doces<\/a>, <a href=\"https:\/\/www.sassademinas.com.br\/cachacas\" target=\"_blank\" rel=\"noopener\">cacha\u00e7as<\/a>, <a href=\"https:\/\/www.sassademinas.com.br\/carne-na-lata\" target=\"_blank\" rel=\"noopener\">carnes na lata<\/a>, <a href=\"https:\/\/www.sassademinas.com.br\/manteiga\" target=\"_blank\" rel=\"noopener\">manteiga<\/a>, <a href=\"https:\/\/www.sassademinas.com.br\/artesanato\" target=\"_blank\" rel=\"noopener\">artesanato<\/a>, <a href=\"https:\/\/www.sassademinas.com.br\/geleia\" target=\"_blank\" rel=\"noopener\">geleias<\/a>, <a href=\"https:\/\/www.sassademinas.com.br\/outros\/charcutaria-\" target=\"_blank\" rel=\"noopener\">conservas<\/a> e <a href=\"https:\/\/www.sassademinas.com.br\/mel\" target=\"_blank\" rel=\"noopener\">mel<\/a> comp\u00f5em o cat\u00e1logo diversificado que expressa a autenticidade da cultura mineira.<\/p>\n<div id='gallery-1' class='gallery galleryid-45196 gallery-columns-3 gallery-size-thumbnail'><figure class='gallery-item'>\n\t\t\t<div class='gallery-icon portrait'>\n\t\t\t\t<a href='https:\/\/www.cidademarketing.com.br\/marketing\/2023\/05\/25\/a-historia-por-tras-da-sassa-de-minas-o-e-commerce-que-valoriza-a-cultura-mineira-com-produtos-artesanais\/sassademinas_cachaca\/'><img decoding=\"async\" width=\"150\" height=\"150\" src=\"https:\/\/www.cidademarketing.com.br\/marketing\/wp-content\/uploads\/2023\/05\/sassademinas_cachaca-150x150.png\" class=\"attachment-thumbnail size-thumbnail\" alt=\"\" aria-describedby=\"gallery-1-45201\" \/><\/a>\n\t\t\t<\/div>\n\t\t\t\t<figcaption class='wp-caption-text gallery-caption' id='gallery-1-45201'>\n\t\t\t\tCacha\u00e7a do Alambique Heran\u00e7a Mineira localizado na cidade de Ub\u00e1 MG.\n\t\t\t\t<\/figcaption><\/figure><figure class='gallery-item'>\n\t\t\t<div class='gallery-icon portrait'>\n\t\t\t\t<a href='https:\/\/www.cidademarketing.com.br\/marketing\/2023\/05\/25\/a-historia-por-tras-da-sassa-de-minas-o-e-commerce-que-valoriza-a-cultura-mineira-com-produtos-artesanais\/sassademinas_cafe\/'><img decoding=\"async\" width=\"150\" height=\"150\" src=\"https:\/\/www.cidademarketing.com.br\/marketing\/wp-content\/uploads\/2023\/05\/sassademinas_cafe-150x150.png\" class=\"attachment-thumbnail size-thumbnail\" alt=\"\" aria-describedby=\"gallery-1-45200\" \/><\/a>\n\t\t\t<\/div>\n\t\t\t\t<figcaption class='wp-caption-text gallery-caption' id='gallery-1-45200'>\n\t\t\t\tCaf\u00e9 Mito Edi\u00e7\u00e3o Especial\n\t\t\t\t<\/figcaption><\/figure><figure class='gallery-item'>\n\t\t\t<div class='gallery-icon portrait'>\n\t\t\t\t<a href='https:\/\/www.cidademarketing.com.br\/marketing\/2023\/05\/25\/a-historia-por-tras-da-sassa-de-minas-o-e-commerce-que-valoriza-a-cultura-mineira-com-produtos-artesanais\/sassademinas_manteiga\/'><img loading=\"lazy\" decoding=\"async\" width=\"150\" height=\"150\" src=\"https:\/\/www.cidademarketing.com.br\/marketing\/wp-content\/uploads\/2023\/05\/sassademinas_manteiga-150x150.png\" class=\"attachment-thumbnail size-thumbnail\" alt=\"\" aria-describedby=\"gallery-1-45199\" \/><\/a>\n\t\t\t<\/div>\n\t\t\t\t<figcaption class='wp-caption-text gallery-caption' id='gallery-1-45199'>\n\t\t\t\tA Manteiga Real \u00e9 conhecida pela sua excelente qualidade, sabor \u00fanico e inconfund\u00edvel, tradi\u00e7\u00e3o desde 1925.\n\t\t\t\t<\/figcaption><\/figure>\n\t\t<\/div>\n\n<p>Essas iguarias se tornaram verdadeiros s\u00edmbolos da tradi\u00e7\u00e3o e da cultura do estado, tanto que o modo de produ\u00e7\u00e3o artesanal foi reconhecido como <a href=\"http:\/\/portal.iphan.gov.br\/videos\/detalhes\/17\/queijo-artesanal-de-minas\" target=\"_blank\" rel=\"noopener\">patrim\u00f4nio imaterial pelo Instituto do Patrim\u00f4nio Hist\u00f3rico e Art\u00edstico Nacional (Iphan)<\/a> e pelo Instituto Estadual do Patrim\u00f4nio Hist\u00f3rico e Art\u00edstico do Estado de Minas Gerais (Iepha). \u00c9 uma forma de preservar e enaltecer a riqueza cultural de Minas, transmitindo sua hist\u00f3ria por meio do paladar.<\/p>\n<figure id=\"attachment_45202\" aria-describedby=\"caption-attachment-45202\" style=\"width: 405px\" class=\"wp-caption aligncenter\"><img loading=\"lazy\" decoding=\"async\" class=\"wp-image-45202 \" src=\"https:\/\/www.cidademarketing.com.br\/marketing\/wp-content\/uploads\/2023\/05\/sassademinas_queijocanastra.png\" alt=\"\" width=\"405\" height=\"419\" srcset=\"https:\/\/www.cidademarketing.com.br\/marketing\/wp-content\/uploads\/2023\/05\/sassademinas_queijocanastra.png 802w, https:\/\/www.cidademarketing.com.br\/marketing\/wp-content\/uploads\/2023\/05\/sassademinas_queijocanastra-290x300.png 290w, https:\/\/www.cidademarketing.com.br\/marketing\/wp-content\/uploads\/2023\/05\/sassademinas_queijocanastra-768x795.png 768w, https:\/\/www.cidademarketing.com.br\/marketing\/wp-content\/uploads\/2023\/05\/sassademinas_queijocanastra-406x420.png 406w, https:\/\/www.cidademarketing.com.br\/marketing\/wp-content\/uploads\/2023\/05\/sassademinas_queijocanastra-640x662.png 640w, https:\/\/www.cidademarketing.com.br\/marketing\/wp-content\/uploads\/2023\/05\/sassademinas_queijocanastra-681x705.png 681w\" sizes=\"(max-width: 405px) 100vw, 405px\" \/><figcaption id=\"caption-attachment-45202\" class=\"wp-caption-text\">Os Queijos da Fazenda Cap\u00e3o Grande s\u00e3o produzidos desde 1944, seguindo rigorosamente a tradi\u00e7\u00e3o de utilizar Leite Cru de Gado criado livremente no pasto, com uma combina\u00e7\u00e3o perfeita de Sal, Pingo e Coalho, sem aditivos ou conservantes. Essa dedica\u00e7\u00e3o \u00e0 qualidade e tradi\u00e7\u00e3o foi reconhecida com a premia\u00e7\u00e3o de Medalha de Ouro no Mundial do Brasil e Medalha de Prata no Mondial Du Fromage na Fran\u00e7a em 2019, consolidando ainda mais a excel\u00eancia desses queijos.<\/figcaption><\/figure>\n<p>A culin\u00e1ria mineira \u00e9 amplamente admirada, e os pratos t\u00edpicos do estado conquistaram o Brasil e o mundo. As del\u00edcias que saem das cozinhas de Minas Gerais enriquecem a gastronomia local com sabores marcantes e receitas tradicionais. O famoso &#8220;uai\u201d e \u201co jeitinho mineiro&#8221; s\u00e3o express\u00f5es que refletem a hospitalidade, a simplicidade e o cuidado com a comida, caracter\u00edsticas t\u00e3o presentes no cotidiano dos mineiros.<\/p>\n<p>Preservar a identidade da cultura popular mineira \u00e9 a miss\u00e3o da <a href=\"https:\/\/www.sassademinas.com.br\/\" target=\"_blank\" rel=\"noopener\"><strong>Sass\u00e1 de Minas<\/strong><\/a>. Por meio do e-commerce, eles oferecem a oportunidade de levar para todo o Brasil os produtos artesanais que carregam consigo a ess\u00eancia da tradi\u00e7\u00e3o mineira. E o melhor: com facilidades como parcelamento em at\u00e9 10 vezes sem juros e desconto especial para pagamentos via Pix e na primeira compra.<\/p>\n<p>Com a entrega dos produtos da <a href=\"https:\/\/www.sassademinas.com.br\/\" target=\"_blank\" rel=\"noopener\"><strong>Sass\u00e1 de Minas<\/strong><\/a> em todos os cantos do pa\u00eds, a cultura mineira se torna ainda mais acess\u00edvel e presente na vida das pessoas. A empresa valoriza os pequenos empreendedores artesanais, que com <a href=\"https:\/\/www.gov.br\/iphan\/pt-br\/modos-de-fazer-queijo-minas-artesanal-e-candidato-a-patrimonio-imaterial-da-humanidade#:~:text=Hist%C3%B3rico%20do%20registro%20do%20bem,Minas%20Gerais%20como%20patrim%C3%B4nio%20imaterial.\" target=\"_blank\" rel=\"noopener\">dedica\u00e7\u00e3o e amor pelo que fazem<\/a>, produzem sabores \u00fanicos e encantadores. \u00c9 uma maneira de apoiar esses produtores locais e contribuir para a sustentabilidade econ\u00f4mica e cultural de Minas Gerais.<\/p>\n<p>Al\u00e9m de sua import\u00e2ncia cultural, Minas Gerais \u00e9 conhecida por sua beleza natural estonteante, com suas serras imponentes e cachoeiras exuberantes. O estado abra\u00e7a uma extraordin\u00e1ria cultura, cheia de costumes e jeitos peculiares que encantam quem os conhece.\u00a0\u00a0 Assim, a <a href=\"https:\/\/www.sassademinas.com.br\/\" target=\"_blank\" rel=\"noopener\"><strong>Sass\u00e1 de Minas<\/strong><\/a> se torna uma porta de entrada para a cultura, tradi\u00e7\u00e3o e sabores aut\u00eanticos de Minas Gerais. \u00c9 a oportunidade de experimentar um pedacinho dessa rica cultura, com produtos que expressam a alma do estado e carregam consigo a ess\u00eancia dos sabores mineiros.<\/p>\n<figure id=\"attachment_45198\" aria-describedby=\"caption-attachment-45198\" style=\"width: 399px\" class=\"wp-caption aligncenter\"><img loading=\"lazy\" decoding=\"async\" class=\"wp-image-45198 \" src=\"https:\/\/www.cidademarketing.com.br\/marketing\/wp-content\/uploads\/2023\/05\/sassademinas_kits.png\" alt=\"\" width=\"399\" height=\"490\" srcset=\"https:\/\/www.cidademarketing.com.br\/marketing\/wp-content\/uploads\/2023\/05\/sassademinas_kits.png 543w, https:\/\/www.cidademarketing.com.br\/marketing\/wp-content\/uploads\/2023\/05\/sassademinas_kits-244x300.png 244w, https:\/\/www.cidademarketing.com.br\/marketing\/wp-content\/uploads\/2023\/05\/sassademinas_kits-342x420.png 342w\" sizes=\"(max-width: 399px) 100vw, 399px\" \/><figcaption id=\"caption-attachment-45198\" class=\"wp-caption-text\">Kit Especial Assinado pela Sass\u00e1 de Minas<\/figcaption><\/figure>\n<p>&nbsp;<\/p>\n<p>Seja para presentear algu\u00e9m especial ou para desfrutar dessas del\u00edcias no conforto de casa, a Sass\u00e1 de Minas proporciona uma verdadeira imers\u00e3o na cultura popular mineira. Uma experi\u00eancia sensorial que desperta mem\u00f3rias afetivas e permite viajar por um mundo de sabores e aromas \u00fanicos, vindos diretamente das terras mineiras.<\/p>\n<p>Com a <a href=\"https:\/\/www.sassademinas.com.br\/\" target=\"_blank\" rel=\"noopener\"><strong>Sass\u00e1 de Minas<\/strong><\/a>, a cultura e os sabores de Minas Gerais est\u00e3o a apenas um clique de dist\u00e2ncia, prontos para serem apreciados e compartilhados com todo o Brasil. \u00c9 uma oportunidade de se deliciar com a tradi\u00e7\u00e3o, a autenticidade e o encanto que fazem da cultura mineira uma das mais queridas e admiradas do pa\u00eds.<\/p>\n","protected":false},"excerpt":{"rendered":"<p>Minas Gerais \u00e9 um estado rico em tradi\u00e7\u00f5es e sabores \u00fanicos que encantam os paladares de todo o pa\u00eds. No cora\u00e7\u00e3o dessa exuberante terra, dois mineiros apaixonados por suas ra\u00edzes decidiram compartilhar as del\u00edcias da cultura popular local atrav\u00e9s de um e-commerce especial: a Sass\u00e1 de Minas. Sarita Lazzarini e Guilherme Ferraz, movidos pela paix\u00e3o [&hellip;]<\/p>\n","protected":false},"author":1,"featured_media":45203,"comment_status":"open","ping_status":"open","sticky":false,"template":"","format":"standard","meta":{"tdm_status":"","tdm_grid_status":"","footnotes":""},"categories":[6],"tags":[3343,3411,1746,214,27,2023,26,1238,3216,6023,230],"class_list":["post-45196","post","type-post","status-publish","format-standard","has-post-thumbnail","hentry","category-noticias","tag-artesanato","tag-cachaca","tag-cafe","tag-e-commerce","tag-empreendedorismo","tag-gastronomia","tag-marketing-digital","tag-minas-gerais","tag-queijo","tag-sassa-de-minas","tag-turismo"],"yoast_head":"<!-- This site is optimized with the Yoast SEO plugin v27.5 - https:\/\/yoast.com\/product\/yoast-seo-wordpress\/ -->\n<title>A hist\u00f3ria por tr\u00e1s da Sass\u00e1 de Minas, o e-commerce que valoriza a cultura mineira com produtos artesanais - CidadeMarketing<\/title>\n<meta name=\"robots\" content=\"index, follow, max-snippet:-1, max-image-preview:large, max-video-preview:-1\" \/>\n<link rel=\"canonical\" href=\"https:\/\/www.cidademarketing.com.br\/marketing\/2023\/05\/25\/a-historia-por-tras-da-sassa-de-minas-o-e-commerce-que-valoriza-a-cultura-mineira-com-produtos-artesanais\/\" \/>\n<meta property=\"og:locale\" content=\"pt_BR\" \/>\n<meta property=\"og:type\" content=\"article\" \/>\n<meta property=\"og:title\" content=\"A hist\u00f3ria por tr\u00e1s da Sass\u00e1 de Minas, o e-commerce que valoriza a cultura mineira com produtos artesanais - CidadeMarketing\" \/>\n<meta property=\"og:description\" content=\"Minas Gerais \u00e9 um estado rico em tradi\u00e7\u00f5es e sabores \u00fanicos que encantam os paladares de todo o pa\u00eds. No cora\u00e7\u00e3o dessa exuberante terra, dois mineiros apaixonados por suas ra\u00edzes decidiram compartilhar as del\u00edcias da cultura popular local atrav\u00e9s de um e-commerce especial: a Sass\u00e1 de Minas. Sarita Lazzarini e Guilherme Ferraz, movidos pela paix\u00e3o [&hellip;]\" \/>\n<meta property=\"og:url\" content=\"https:\/\/www.cidademarketing.com.br\/marketing\/2023\/05\/25\/a-historia-por-tras-da-sassa-de-minas-o-e-commerce-que-valoriza-a-cultura-mineira-com-produtos-artesanais\/\" \/>\n<meta property=\"og:site_name\" content=\"CidadeMarketing\" \/>\n<meta property=\"article:publisher\" content=\"https:\/\/www.facebook.com\/portalcidademarketing\" \/>\n<meta property=\"article:author\" content=\"https:\/\/www.facebook.com\/thalesbrandao\" \/>\n<meta property=\"article:published_time\" content=\"2023-05-25T20:15:58+00:00\" \/>\n<meta property=\"og:image\" content=\"https:\/\/www.cidademarketing.com.br\/marketing\/wp-content\/uploads\/2023\/05\/marca_sassademinas.jpg\" \/>\n\t<meta property=\"og:image:width\" content=\"1237\" \/>\n\t<meta property=\"og:image:height\" content=\"1237\" \/>\n\t<meta property=\"og:image:type\" content=\"image\/jpeg\" \/>\n<meta name=\"author\" content=\"Thales Brand\u00e3o\" \/>\n<meta name=\"twitter:card\" content=\"summary_large_image\" \/>\n<meta name=\"twitter:creator\" content=\"@http:\/\/www.twitter.com\/thalesbrandao\" \/>\n<meta name=\"twitter:site\" content=\"@CidadeMarketing\" \/>\n<meta name=\"twitter:label1\" content=\"Escrito por\" \/>\n\t<meta name=\"twitter:data1\" content=\"Thales Brand\u00e3o\" \/>\n\t<meta name=\"twitter:label2\" content=\"Est. tempo de leitura\" \/>\n\t<meta name=\"twitter:data2\" content=\"4 minutos\" \/>\n<script type=\"application\/ld+json\" class=\"yoast-schema-graph\">{\"@context\":\"https:\\\/\\\/schema.org\",\"@graph\":[{\"@type\":\"Article\",\"@id\":\"https:\\\/\\\/www.cidademarketing.com.br\\\/marketing\\\/2023\\\/05\\\/25\\\/a-historia-por-tras-da-sassa-de-minas-o-e-commerce-que-valoriza-a-cultura-mineira-com-produtos-artesanais\\\/#article\",\"isPartOf\":{\"@id\":\"https:\\\/\\\/www.cidademarketing.com.br\\\/marketing\\\/2023\\\/05\\\/25\\\/a-historia-por-tras-da-sassa-de-minas-o-e-commerce-que-valoriza-a-cultura-mineira-com-produtos-artesanais\\\/\"},\"author\":{\"name\":\"Thales Brand\u00e3o\",\"@id\":\"https:\\\/\\\/www.cidademarketing.com.br\\\/marketing\\\/#\\\/schema\\\/person\\\/02daff9f18bd9378c9e01eb6b2db155f\"},\"headline\":\"A hist\u00f3ria por tr\u00e1s da Sass\u00e1 de Minas, o e-commerce que valoriza a cultura mineira com produtos artesanais\",\"datePublished\":\"2023-05-25T20:15:58+00:00\",\"mainEntityOfPage\":{\"@id\":\"https:\\\/\\\/www.cidademarketing.com.br\\\/marketing\\\/2023\\\/05\\\/25\\\/a-historia-por-tras-da-sassa-de-minas-o-e-commerce-que-valoriza-a-cultura-mineira-com-produtos-artesanais\\\/\"},\"wordCount\":770,\"commentCount\":0,\"publisher\":{\"@id\":\"https:\\\/\\\/www.cidademarketing.com.br\\\/marketing\\\/#organization\"},\"image\":{\"@id\":\"https:\\\/\\\/www.cidademarketing.com.br\\\/marketing\\\/2023\\\/05\\\/25\\\/a-historia-por-tras-da-sassa-de-minas-o-e-commerce-que-valoriza-a-cultura-mineira-com-produtos-artesanais\\\/#primaryimage\"},\"thumbnailUrl\":\"https:\\\/\\\/www.cidademarketing.com.br\\\/marketing\\\/wp-content\\\/uploads\\\/2023\\\/05\\\/marca_sassademinas.jpg\",\"keywords\":[\"artesanato\",\"Cacha\u00e7a\",\"caf\u00e9\",\"e-commerce\",\"empreendedorismo\",\"gastronomia\",\"marketing digital\",\"Minas Gerais\",\"queijo\",\"Sass\u00e1 de Minas\",\"turismo\"],\"articleSection\":[\"Not\u00edcias\"],\"inLanguage\":\"pt-BR\",\"potentialAction\":[{\"@type\":\"CommentAction\",\"name\":\"Comment\",\"target\":[\"https:\\\/\\\/www.cidademarketing.com.br\\\/marketing\\\/2023\\\/05\\\/25\\\/a-historia-por-tras-da-sassa-de-minas-o-e-commerce-que-valoriza-a-cultura-mineira-com-produtos-artesanais\\\/#respond\"]}]},{\"@type\":\"WebPage\",\"@id\":\"https:\\\/\\\/www.cidademarketing.com.br\\\/marketing\\\/2023\\\/05\\\/25\\\/a-historia-por-tras-da-sassa-de-minas-o-e-commerce-que-valoriza-a-cultura-mineira-com-produtos-artesanais\\\/\",\"url\":\"https:\\\/\\\/www.cidademarketing.com.br\\\/marketing\\\/2023\\\/05\\\/25\\\/a-historia-por-tras-da-sassa-de-minas-o-e-commerce-que-valoriza-a-cultura-mineira-com-produtos-artesanais\\\/\",\"name\":\"A hist\u00f3ria por tr\u00e1s da Sass\u00e1 de Minas, o e-commerce que valoriza a cultura mineira com produtos artesanais - CidadeMarketing\",\"isPartOf\":{\"@id\":\"https:\\\/\\\/www.cidademarketing.com.br\\\/marketing\\\/#website\"},\"primaryImageOfPage\":{\"@id\":\"https:\\\/\\\/www.cidademarketing.com.br\\\/marketing\\\/2023\\\/05\\\/25\\\/a-historia-por-tras-da-sassa-de-minas-o-e-commerce-que-valoriza-a-cultura-mineira-com-produtos-artesanais\\\/#primaryimage\"},\"image\":{\"@id\":\"https:\\\/\\\/www.cidademarketing.com.br\\\/marketing\\\/2023\\\/05\\\/25\\\/a-historia-por-tras-da-sassa-de-minas-o-e-commerce-que-valoriza-a-cultura-mineira-com-produtos-artesanais\\\/#primaryimage\"},\"thumbnailUrl\":\"https:\\\/\\\/www.cidademarketing.com.br\\\/marketing\\\/wp-content\\\/uploads\\\/2023\\\/05\\\/marca_sassademinas.jpg\",\"datePublished\":\"2023-05-25T20:15:58+00:00\",\"breadcrumb\":{\"@id\":\"https:\\\/\\\/www.cidademarketing.com.br\\\/marketing\\\/2023\\\/05\\\/25\\\/a-historia-por-tras-da-sassa-de-minas-o-e-commerce-que-valoriza-a-cultura-mineira-com-produtos-artesanais\\\/#breadcrumb\"},\"inLanguage\":\"pt-BR\",\"potentialAction\":[{\"@type\":\"ReadAction\",\"target\":[\"https:\\\/\\\/www.cidademarketing.com.br\\\/marketing\\\/2023\\\/05\\\/25\\\/a-historia-por-tras-da-sassa-de-minas-o-e-commerce-que-valoriza-a-cultura-mineira-com-produtos-artesanais\\\/\"]}]},{\"@type\":\"ImageObject\",\"inLanguage\":\"pt-BR\",\"@id\":\"https:\\\/\\\/www.cidademarketing.com.br\\\/marketing\\\/2023\\\/05\\\/25\\\/a-historia-por-tras-da-sassa-de-minas-o-e-commerce-que-valoriza-a-cultura-mineira-com-produtos-artesanais\\\/#primaryimage\",\"url\":\"https:\\\/\\\/www.cidademarketing.com.br\\\/marketing\\\/wp-content\\\/uploads\\\/2023\\\/05\\\/marca_sassademinas.jpg\",\"contentUrl\":\"https:\\\/\\\/www.cidademarketing.com.br\\\/marketing\\\/wp-content\\\/uploads\\\/2023\\\/05\\\/marca_sassademinas.jpg\",\"width\":1237,\"height\":1237},{\"@type\":\"BreadcrumbList\",\"@id\":\"https:\\\/\\\/www.cidademarketing.com.br\\\/marketing\\\/2023\\\/05\\\/25\\\/a-historia-por-tras-da-sassa-de-minas-o-e-commerce-que-valoriza-a-cultura-mineira-com-produtos-artesanais\\\/#breadcrumb\",\"itemListElement\":[{\"@type\":\"ListItem\",\"position\":1,\"name\":\"In\u00edcio\",\"item\":\"https:\\\/\\\/www.cidademarketing.com.br\\\/marketing\\\/\"},{\"@type\":\"ListItem\",\"position\":2,\"name\":\"A hist\u00f3ria por tr\u00e1s da Sass\u00e1 de Minas, o e-commerce que valoriza a cultura mineira com produtos artesanais\"}]},{\"@type\":\"WebSite\",\"@id\":\"https:\\\/\\\/www.cidademarketing.com.br\\\/marketing\\\/#website\",\"url\":\"https:\\\/\\\/www.cidademarketing.com.br\\\/marketing\\\/\",\"name\":\"CidadeMarketing\",\"description\":\"Somos um ve\u00edculo de comunica\u00e7\u00e3o de destaque no Brasil, reconhecido por conte\u00fados nos segmentos de marketing, empreendedorismo e inova\u00e7\u00e3o.\",\"publisher\":{\"@id\":\"https:\\\/\\\/www.cidademarketing.com.br\\\/marketing\\\/#organization\"},\"alternateName\":\"CidadeMarketing\",\"potentialAction\":[{\"@type\":\"SearchAction\",\"target\":{\"@type\":\"EntryPoint\",\"urlTemplate\":\"https:\\\/\\\/www.cidademarketing.com.br\\\/marketing\\\/?s={search_term_string}\"},\"query-input\":{\"@type\":\"PropertyValueSpecification\",\"valueRequired\":true,\"valueName\":\"search_term_string\"}}],\"inLanguage\":\"pt-BR\"},{\"@type\":\"Organization\",\"@id\":\"https:\\\/\\\/www.cidademarketing.com.br\\\/marketing\\\/#organization\",\"name\":\"CidadeMarketing\",\"alternateName\":\"CidadeMarketing\",\"url\":\"https:\\\/\\\/www.cidademarketing.com.br\\\/marketing\\\/\",\"logo\":{\"@type\":\"ImageObject\",\"inLanguage\":\"pt-BR\",\"@id\":\"https:\\\/\\\/www.cidademarketing.com.br\\\/marketing\\\/#\\\/schema\\\/logo\\\/image\\\/\",\"url\":\"https:\\\/\\\/www.cidademarketing.com.br\\\/marketing\\\/wp-content\\\/uploads\\\/2020\\\/01\\\/cidademarketing_marca_mobile.png\",\"contentUrl\":\"https:\\\/\\\/www.cidademarketing.com.br\\\/marketing\\\/wp-content\\\/uploads\\\/2020\\\/01\\\/cidademarketing_marca_mobile.png\",\"width\":230,\"height\":92,\"caption\":\"CidadeMarketing\"},\"image\":{\"@id\":\"https:\\\/\\\/www.cidademarketing.com.br\\\/marketing\\\/#\\\/schema\\\/logo\\\/image\\\/\"},\"sameAs\":[\"https:\\\/\\\/www.facebook.com\\\/portalcidademarketing\",\"https:\\\/\\\/x.com\\\/CidadeMarketing\",\"https:\\\/\\\/www.instagram.com\\\/cidademarketing\\\/\"]},{\"@type\":\"Person\",\"@id\":\"https:\\\/\\\/www.cidademarketing.com.br\\\/marketing\\\/#\\\/schema\\\/person\\\/02daff9f18bd9378c9e01eb6b2db155f\",\"name\":\"Thales Brand\u00e3o\",\"image\":{\"@type\":\"ImageObject\",\"inLanguage\":\"pt-BR\",\"@id\":\"https:\\\/\\\/secure.gravatar.com\\\/avatar\\\/7ca3206950207cc3cb48feec56a8a7898741ab725c368d99d5d7a5a50aab80c6?s=96&d=mm&r=g\",\"url\":\"https:\\\/\\\/secure.gravatar.com\\\/avatar\\\/7ca3206950207cc3cb48feec56a8a7898741ab725c368d99d5d7a5a50aab80c6?s=96&d=mm&r=g\",\"contentUrl\":\"https:\\\/\\\/secure.gravatar.com\\\/avatar\\\/7ca3206950207cc3cb48feec56a8a7898741ab725c368d99d5d7a5a50aab80c6?s=96&d=mm&r=g\",\"caption\":\"Thales Brand\u00e3o\"},\"description\":\"Editor Executivo do Portal CidadeMarketing.com.br &gt; Mestre em Comunica\u00e7\u00e3o e Sociedade pela Universidade Federal de Sergipe. Possui MBA Executivo em Administra\u00e7\u00e3o com \u00eanfase em Marketing pela Funda\u00e7\u00e3o Get\u00falio Vargas - Rio de Janeiro. Consultor, Palestrante e Pesquisador sobre Empreendedorismo, Marketing, Redes Sociais e Neg\u00f3cios Digitais. Professor, Palestrante TedxTalks e Campus Party. Twitter: @ThalesBrandao\",\"sameAs\":[\"http:\\\/\\\/www.mandacaru.com.br\",\"https:\\\/\\\/www.facebook.com\\\/thalesbrandao\",\"http:\\\/\\\/www.instagram.com.br\\\/thalesbrandaoferreira\",\"https:\\\/\\\/www.linkedin.com\\\/in\\\/thales-brand\u00e3o-3948609\\\/\",\"https:\\\/\\\/x.com\\\/http:\\\/\\\/www.twitter.com\\\/thalesbrandao\"],\"url\":\"https:\\\/\\\/www.cidademarketing.com.br\\\/marketing\\\/author\\\/thalesbrandao\\\/\"}]}<\/script>\n<!-- \/ Yoast SEO plugin. -->","yoast_head_json":{"title":"A hist\u00f3ria por tr\u00e1s da Sass\u00e1 de Minas, o e-commerce que valoriza a cultura mineira com produtos artesanais - CidadeMarketing","robots":{"index":"index","follow":"follow","max-snippet":"max-snippet:-1","max-image-preview":"max-image-preview:large","max-video-preview":"max-video-preview:-1"},"canonical":"https:\/\/www.cidademarketing.com.br\/marketing\/2023\/05\/25\/a-historia-por-tras-da-sassa-de-minas-o-e-commerce-que-valoriza-a-cultura-mineira-com-produtos-artesanais\/","og_locale":"pt_BR","og_type":"article","og_title":"A hist\u00f3ria por tr\u00e1s da Sass\u00e1 de Minas, o e-commerce que valoriza a cultura mineira com produtos artesanais - CidadeMarketing","og_description":"Minas Gerais \u00e9 um estado rico em tradi\u00e7\u00f5es e sabores \u00fanicos que encantam os paladares de todo o pa\u00eds. No cora\u00e7\u00e3o dessa exuberante terra, dois mineiros apaixonados por suas ra\u00edzes decidiram compartilhar as del\u00edcias da cultura popular local atrav\u00e9s de um e-commerce especial: a Sass\u00e1 de Minas. Sarita Lazzarini e Guilherme Ferraz, movidos pela paix\u00e3o [&hellip;]","og_url":"https:\/\/www.cidademarketing.com.br\/marketing\/2023\/05\/25\/a-historia-por-tras-da-sassa-de-minas-o-e-commerce-que-valoriza-a-cultura-mineira-com-produtos-artesanais\/","og_site_name":"CidadeMarketing","article_publisher":"https:\/\/www.facebook.com\/portalcidademarketing","article_author":"https:\/\/www.facebook.com\/thalesbrandao","article_published_time":"2023-05-25T20:15:58+00:00","og_image":[{"width":1237,"height":1237,"url":"https:\/\/www.cidademarketing.com.br\/marketing\/wp-content\/uploads\/2023\/05\/marca_sassademinas.jpg","type":"image\/jpeg"}],"author":"Thales Brand\u00e3o","twitter_card":"summary_large_image","twitter_creator":"@http:\/\/www.twitter.com\/thalesbrandao","twitter_site":"@CidadeMarketing","twitter_misc":{"Escrito por":"Thales Brand\u00e3o","Est. tempo de leitura":"4 minutos"},"schema":{"@context":"https:\/\/schema.org","@graph":[{"@type":"Article","@id":"https:\/\/www.cidademarketing.com.br\/marketing\/2023\/05\/25\/a-historia-por-tras-da-sassa-de-minas-o-e-commerce-que-valoriza-a-cultura-mineira-com-produtos-artesanais\/#article","isPartOf":{"@id":"https:\/\/www.cidademarketing.com.br\/marketing\/2023\/05\/25\/a-historia-por-tras-da-sassa-de-minas-o-e-commerce-que-valoriza-a-cultura-mineira-com-produtos-artesanais\/"},"author":{"name":"Thales Brand\u00e3o","@id":"https:\/\/www.cidademarketing.com.br\/marketing\/#\/schema\/person\/02daff9f18bd9378c9e01eb6b2db155f"},"headline":"A hist\u00f3ria por tr\u00e1s da Sass\u00e1 de Minas, o e-commerce que valoriza a cultura mineira com produtos artesanais","datePublished":"2023-05-25T20:15:58+00:00","mainEntityOfPage":{"@id":"https:\/\/www.cidademarketing.com.br\/marketing\/2023\/05\/25\/a-historia-por-tras-da-sassa-de-minas-o-e-commerce-que-valoriza-a-cultura-mineira-com-produtos-artesanais\/"},"wordCount":770,"commentCount":0,"publisher":{"@id":"https:\/\/www.cidademarketing.com.br\/marketing\/#organization"},"image":{"@id":"https:\/\/www.cidademarketing.com.br\/marketing\/2023\/05\/25\/a-historia-por-tras-da-sassa-de-minas-o-e-commerce-que-valoriza-a-cultura-mineira-com-produtos-artesanais\/#primaryimage"},"thumbnailUrl":"https:\/\/www.cidademarketing.com.br\/marketing\/wp-content\/uploads\/2023\/05\/marca_sassademinas.jpg","keywords":["artesanato","Cacha\u00e7a","caf\u00e9","e-commerce","empreendedorismo","gastronomia","marketing digital","Minas Gerais","queijo","Sass\u00e1 de Minas","turismo"],"articleSection":["Not\u00edcias"],"inLanguage":"pt-BR","potentialAction":[{"@type":"CommentAction","name":"Comment","target":["https:\/\/www.cidademarketing.com.br\/marketing\/2023\/05\/25\/a-historia-por-tras-da-sassa-de-minas-o-e-commerce-que-valoriza-a-cultura-mineira-com-produtos-artesanais\/#respond"]}]},{"@type":"WebPage","@id":"https:\/\/www.cidademarketing.com.br\/marketing\/2023\/05\/25\/a-historia-por-tras-da-sassa-de-minas-o-e-commerce-que-valoriza-a-cultura-mineira-com-produtos-artesanais\/","url":"https:\/\/www.cidademarketing.com.br\/marketing\/2023\/05\/25\/a-historia-por-tras-da-sassa-de-minas-o-e-commerce-que-valoriza-a-cultura-mineira-com-produtos-artesanais\/","name":"A hist\u00f3ria por tr\u00e1s da Sass\u00e1 de Minas, o e-commerce que valoriza a cultura mineira com produtos artesanais - CidadeMarketing","isPartOf":{"@id":"https:\/\/www.cidademarketing.com.br\/marketing\/#website"},"primaryImageOfPage":{"@id":"https:\/\/www.cidademarketing.com.br\/marketing\/2023\/05\/25\/a-historia-por-tras-da-sassa-de-minas-o-e-commerce-que-valoriza-a-cultura-mineira-com-produtos-artesanais\/#primaryimage"},"image":{"@id":"https:\/\/www.cidademarketing.com.br\/marketing\/2023\/05\/25\/a-historia-por-tras-da-sassa-de-minas-o-e-commerce-que-valoriza-a-cultura-mineira-com-produtos-artesanais\/#primaryimage"},"thumbnailUrl":"https:\/\/www.cidademarketing.com.br\/marketing\/wp-content\/uploads\/2023\/05\/marca_sassademinas.jpg","datePublished":"2023-05-25T20:15:58+00:00","breadcrumb":{"@id":"https:\/\/www.cidademarketing.com.br\/marketing\/2023\/05\/25\/a-historia-por-tras-da-sassa-de-minas-o-e-commerce-que-valoriza-a-cultura-mineira-com-produtos-artesanais\/#breadcrumb"},"inLanguage":"pt-BR","potentialAction":[{"@type":"ReadAction","target":["https:\/\/www.cidademarketing.com.br\/marketing\/2023\/05\/25\/a-historia-por-tras-da-sassa-de-minas-o-e-commerce-que-valoriza-a-cultura-mineira-com-produtos-artesanais\/"]}]},{"@type":"ImageObject","inLanguage":"pt-BR","@id":"https:\/\/www.cidademarketing.com.br\/marketing\/2023\/05\/25\/a-historia-por-tras-da-sassa-de-minas-o-e-commerce-que-valoriza-a-cultura-mineira-com-produtos-artesanais\/#primaryimage","url":"https:\/\/www.cidademarketing.com.br\/marketing\/wp-content\/uploads\/2023\/05\/marca_sassademinas.jpg","contentUrl":"https:\/\/www.cidademarketing.com.br\/marketing\/wp-content\/uploads\/2023\/05\/marca_sassademinas.jpg","width":1237,"height":1237},{"@type":"BreadcrumbList","@id":"https:\/\/www.cidademarketing.com.br\/marketing\/2023\/05\/25\/a-historia-por-tras-da-sassa-de-minas-o-e-commerce-que-valoriza-a-cultura-mineira-com-produtos-artesanais\/#breadcrumb","itemListElement":[{"@type":"ListItem","position":1,"name":"In\u00edcio","item":"https:\/\/www.cidademarketing.com.br\/marketing\/"},{"@type":"ListItem","position":2,"name":"A hist\u00f3ria por tr\u00e1s da Sass\u00e1 de Minas, o e-commerce que valoriza a cultura mineira com produtos artesanais"}]},{"@type":"WebSite","@id":"https:\/\/www.cidademarketing.com.br\/marketing\/#website","url":"https:\/\/www.cidademarketing.com.br\/marketing\/","name":"CidadeMarketing","description":"Somos um ve\u00edculo de comunica\u00e7\u00e3o de destaque no Brasil, reconhecido por conte\u00fados nos segmentos de marketing, empreendedorismo e inova\u00e7\u00e3o.","publisher":{"@id":"https:\/\/www.cidademarketing.com.br\/marketing\/#organization"},"alternateName":"CidadeMarketing","potentialAction":[{"@type":"SearchAction","target":{"@type":"EntryPoint","urlTemplate":"https:\/\/www.cidademarketing.com.br\/marketing\/?s={search_term_string}"},"query-input":{"@type":"PropertyValueSpecification","valueRequired":true,"valueName":"search_term_string"}}],"inLanguage":"pt-BR"},{"@type":"Organization","@id":"https:\/\/www.cidademarketing.com.br\/marketing\/#organization","name":"CidadeMarketing","alternateName":"CidadeMarketing","url":"https:\/\/www.cidademarketing.com.br\/marketing\/","logo":{"@type":"ImageObject","inLanguage":"pt-BR","@id":"https:\/\/www.cidademarketing.com.br\/marketing\/#\/schema\/logo\/image\/","url":"https:\/\/www.cidademarketing.com.br\/marketing\/wp-content\/uploads\/2020\/01\/cidademarketing_marca_mobile.png","contentUrl":"https:\/\/www.cidademarketing.com.br\/marketing\/wp-content\/uploads\/2020\/01\/cidademarketing_marca_mobile.png","width":230,"height":92,"caption":"CidadeMarketing"},"image":{"@id":"https:\/\/www.cidademarketing.com.br\/marketing\/#\/schema\/logo\/image\/"},"sameAs":["https:\/\/www.facebook.com\/portalcidademarketing","https:\/\/x.com\/CidadeMarketing","https:\/\/www.instagram.com\/cidademarketing\/"]},{"@type":"Person","@id":"https:\/\/www.cidademarketing.com.br\/marketing\/#\/schema\/person\/02daff9f18bd9378c9e01eb6b2db155f","name":"Thales Brand\u00e3o","image":{"@type":"ImageObject","inLanguage":"pt-BR","@id":"https:\/\/secure.gravatar.com\/avatar\/7ca3206950207cc3cb48feec56a8a7898741ab725c368d99d5d7a5a50aab80c6?s=96&d=mm&r=g","url":"https:\/\/secure.gravatar.com\/avatar\/7ca3206950207cc3cb48feec56a8a7898741ab725c368d99d5d7a5a50aab80c6?s=96&d=mm&r=g","contentUrl":"https:\/\/secure.gravatar.com\/avatar\/7ca3206950207cc3cb48feec56a8a7898741ab725c368d99d5d7a5a50aab80c6?s=96&d=mm&r=g","caption":"Thales Brand\u00e3o"},"description":"Editor Executivo do Portal CidadeMarketing.com.br &gt; Mestre em Comunica\u00e7\u00e3o e Sociedade pela Universidade Federal de Sergipe. Possui MBA Executivo em Administra\u00e7\u00e3o com \u00eanfase em Marketing pela Funda\u00e7\u00e3o Get\u00falio Vargas - Rio de Janeiro. Consultor, Palestrante e Pesquisador sobre Empreendedorismo, Marketing, Redes Sociais e Neg\u00f3cios Digitais. Professor, Palestrante TedxTalks e Campus Party. Twitter: @ThalesBrandao","sameAs":["http:\/\/www.mandacaru.com.br","https:\/\/www.facebook.com\/thalesbrandao","http:\/\/www.instagram.com.br\/thalesbrandaoferreira","https:\/\/www.linkedin.com\/in\/thales-brand\u00e3o-3948609\/","https:\/\/x.com\/http:\/\/www.twitter.com\/thalesbrandao"],"url":"https:\/\/www.cidademarketing.com.br\/marketing\/author\/thalesbrandao\/"}]}},"amp_enabled":true,"_links":{"self":[{"href":"https:\/\/www.cidademarketing.com.br\/marketing\/wp-json\/wp\/v2\/posts\/45196","targetHints":{"allow":["GET"]}}],"collection":[{"href":"https:\/\/www.cidademarketing.com.br\/marketing\/wp-json\/wp\/v2\/posts"}],"about":[{"href":"https:\/\/www.cidademarketing.com.br\/marketing\/wp-json\/wp\/v2\/types\/post"}],"author":[{"embeddable":true,"href":"https:\/\/www.cidademarketing.com.br\/marketing\/wp-json\/wp\/v2\/users\/1"}],"replies":[{"embeddable":true,"href":"https:\/\/www.cidademarketing.com.br\/marketing\/wp-json\/wp\/v2\/comments?post=45196"}],"version-history":[{"count":1,"href":"https:\/\/www.cidademarketing.com.br\/marketing\/wp-json\/wp\/v2\/posts\/45196\/revisions"}],"predecessor-version":[{"id":45204,"href":"https:\/\/www.cidademarketing.com.br\/marketing\/wp-json\/wp\/v2\/posts\/45196\/revisions\/45204"}],"wp:featuredmedia":[{"embeddable":true,"href":"https:\/\/www.cidademarketing.com.br\/marketing\/wp-json\/wp\/v2\/media\/45203"}],"wp:attachment":[{"href":"https:\/\/www.cidademarketing.com.br\/marketing\/wp-json\/wp\/v2\/media?parent=45196"}],"wp:term":[{"taxonomy":"category","embeddable":true,"href":"https:\/\/www.cidademarketing.com.br\/marketing\/wp-json\/wp\/v2\/categories?post=45196"},{"taxonomy":"post_tag","embeddable":true,"href":"https:\/\/www.cidademarketing.com.br\/marketing\/wp-json\/wp\/v2\/tags?post=45196"}],"curies":[{"name":"wp","href":"https:\/\/api.w.org\/{rel}","templated":true}]}}