{"id":45138,"date":"2023-05-21T23:20:45","date_gmt":"2023-05-22T02:20:45","guid":{"rendered":"https:\/\/www.cidademarketing.com.br\/marketing\/?p=45138"},"modified":"2023-05-21T23:20:45","modified_gmt":"2023-05-22T02:20:45","slug":"mini-john-cooper-works-celebra-marco-de-25-mil-unidades-vendidas-no-brasil-com-edicao-limitada-comemorativa","status":"publish","type":"post","link":"https:\/\/www.cidademarketing.com.br\/marketing\/2023\/05\/21\/mini-john-cooper-works-celebra-marco-de-25-mil-unidades-vendidas-no-brasil-com-edicao-limitada-comemorativa\/","title":{"rendered":"MINI John Cooper Works celebra marco de 25 mil unidades vendidas no Brasil com edi\u00e7\u00e3o limitada comemorativa"},"content":{"rendered":"<p>Comemorar um marco expressivo \u00e9 sempre bom. Comemorar um marco expressivo com uma s\u00e9rie especial limitada exclusiva para o Brasil \u00e9 ainda melhor. E \u00e9 desta forma que a MINI comemora as 25 mil unidades vendidas no pa\u00eds desde abril de 2009, quando come\u00e7ou a operar oficialmente por aqui. Este \u00e9 o MINI John Cooper Works &#8212; Zesty Yellow 25k Edition. Com volume limitado \u00e0 apenas 25 unidades, o modelo une o tradicional Go-Kart Feeling t\u00e3o desejado e acentuado pelas vers\u00f5es da divis\u00e3o esportiva John Cooper Works, com um potencial colecion\u00e1vel sem precedentes.<\/p>\n<p><a href=\"https:\/\/www.cidademarketing.com.br\/marketing\/sua-marca-vai-virar-noticia\/\" target=\"_blank\" rel=\"noopener\"><img fetchpriority=\"high\" decoding=\"async\" class=\"wp-image-44329 aligncenter\" src=\"https:\/\/www.cidademarketing.com.br\/marketing\/wp-content\/uploads\/2023\/04\/cidademarketing_backlinks_marketingdigital_publieditorial_.png\" alt=\"\" width=\"500\" height=\"500\" \/><\/a><\/p>\n<p>O MINI John Cooper Works &#8212; Zesty Yellow 25k Edition se diferencia pelo visual exclusivo. Todas as 25 unidades v\u00eam com a carroceria no bel\u00edssimo tom Amarelo Zesty, dispon\u00edvel pela primeira vez para a vers\u00e3o MINI John Cooper Works &#8212; Hatch 3 Portas, e para completar a customiza\u00e7\u00e3o deste modelo, ele vem equipado com teto multitone branco, outra novidade para o modelo, al\u00e9m das faixas esportivas no campo, tamb\u00e9m na cor branco.<\/p>\n<p>Retrovisores, ma\u00e7anetas e aros dos conjuntos \u00f3ticos dianteiro e traseiro s\u00e3o em black piano, dando ao modelo um contraste bel\u00edssimo e refor\u00e7ando o car\u00e1ter esportivo do modelo. As rodas s\u00e3o de 18 polegadas do modelo Circuit Spoke com acabamento em dois tons (diamantado e preto brilhante). Os pneus s\u00e3o do tipo runflat. No interior, o MINI JCW &#8211; Zesty Yellow 25k Edition, vem equipado com bancos esportivos revestidos em Alc\u00e2ntara da linha John Cooper Works. As pedaleiras s\u00e3o em a\u00e7o inoxid\u00e1vel e os acabamentos interiores em black piano.<\/p>\n<p>Os compradores das 25 unidades da edi\u00e7\u00e3o especial tamb\u00e9m receber\u00e3o um kit personalizado, composto por itens que identificar\u00e3o a vers\u00e3o e trar\u00e3o certificado a esta s\u00e9rie especial.<\/p>\n<p>Desempenho de kart e tecnologia de ponta<\/p>\n<p>Debaixo do cap\u00f4, o MINI John Cooper Works &#8211; Zesty Yellow 25k Edition usa motor 2.0l de quatro cilindros com tecnologia TwinPower Turbo e transmiss\u00e3o Steptronic Autom\u00e1tica Esportiva de 8 velocidades, que entregam uma pot\u00eancia m\u00e1xima de 231cv e um torque de 320Nm e faz de 0 a 100km\/h em apenas 6,1 segundos.<\/p>\n<p>Todos os MINI John Cooper &#8211; Zesty Yellow 25k Edition s\u00e3o conectados de f\u00e1brica com um SIM card virtual sem custo ao cliente por um per\u00edodo m\u00ednimo de tr\u00eas anos. Com isso, o cliente pode acessar o MINI Connected, sistema que fornece uma s\u00e9rie de servi\u00e7os ao motorista e ao passageiro e permite usufruir de funcionalidades exclusivas: chamada de emerg\u00eancia inteligente, MINI Teleservices, not\u00edcias em tempo real, previs\u00e3o do tempo, servi\u00e7os remotos, Apple CarPlay e informa\u00e7\u00f5es de tr\u00e2nsito em tempo real.<\/p>\n<p>H\u00e1 tamb\u00e9m conectividade com Amazon Alexa, possibilitando maior integra\u00e7\u00e3o do ve\u00edculo com casas inteligentes, sistema de som hi-fi Harman\/Kardon, headup display, painel digital e central multimidia touchscreen de 8,8 polegadas.<\/p>\n<p>No que diz respeito \u00e0 tecnologia, o modelo conta ainda com sistema interativo para facilitar a condu\u00e7\u00e3o do ve\u00edculo. Entre os destaques est\u00e3o o assistente de dire\u00e7\u00e3o, sistema de c\u00e2mera que auxilia o motorista na condu\u00e7\u00e3o do ve\u00edculo com diversas funcionalidades, como por exemplo: Sistema de navega\u00e7\u00e3o Profissional, Sistema de prote\u00e7\u00e3o ao pedestre com frenagem autom\u00e1tica, aviso de sa\u00edda de faixa com vibra\u00e7\u00e3o do volante, assistente de farol alto com regulagem autom\u00e1tica da intensidade dos far\u00f3is dependendo do tr\u00e1fego, alerta de aproxima\u00e7\u00e3o perigosa sem limite de velocidade e assistente de frenagem autom\u00e1tica de 5km\/h at\u00e9 60km\/h.<\/p>\n<p>No quesito seguran\u00e7a, o motorista poder\u00e1 contar com 6 airbags de s\u00e9rie, controle de cruzeiro com ajuste velocidade, sensor de estacionamento traseiro e dianteiro e sensor de chuva, com acionamento autom\u00e1tico dos far\u00f3is baixos.<\/p>\n<p><iframe title=\"Spotify Embed: Podcast CidadeMarketing\" style=\"border-radius: 12px\" width=\"100%\" height=\"152\" frameborder=\"0\" allowfullscreen allow=\"autoplay; clipboard-write; encrypted-media; fullscreen; picture-in-picture\" loading=\"lazy\" src=\"https:\/\/open.spotify.com\/embed\/show\/4khMKzP3FgFRWVwb73xicc?si=252fe5bff2b34909&#038;utm_source=oembed\"><\/iframe><\/p>\n<p>&nbsp;<\/p>\n<p>O MINI John Cooper Works &#8211; Zesty Yellow 25k Edition tem pre\u00e7o sugerido de R\uff04 319.990 e j\u00e1 est\u00e1 em pr\u00e9-venda em todas as concession\u00e1rias MINI do Brasil, com previs\u00e3o de chegada das primeiras unidades em junho.<\/p>\n","protected":false},"excerpt":{"rendered":"<p>Comemorar um marco expressivo \u00e9 sempre bom. Comemorar um marco expressivo com uma s\u00e9rie especial limitada exclusiva para o Brasil \u00e9 ainda melhor. E \u00e9 desta forma que a MINI comemora as 25 mil unidades vendidas no pa\u00eds desde abril de 2009, quando come\u00e7ou a operar oficialmente por aqui. Este \u00e9 o MINI John Cooper [&hellip;]<\/p>\n","protected":false},"author":1,"featured_media":45139,"comment_status":"open","ping_status":"open","sticky":false,"template":"","format":"standard","meta":{"tdm_status":"","tdm_grid_status":"","footnotes":""},"categories":[6],"tags":[363,4664,33,293,28,6015,185],"class_list":["post-45138","post","type-post","status-publish","format-standard","has-post-thumbnail","hentry","category-noticias","tag-bmw","tag-edicao-limitada","tag-estrategia","tag-inovacao","tag-marketing","tag-mini-john-cooper-works","tag-tecnologia"],"yoast_head":"<!-- This site is optimized with the Yoast SEO plugin v27.4 - https:\/\/yoast.com\/product\/yoast-seo-wordpress\/ -->\n<title>MINI John Cooper Works celebra marco de 25 mil unidades vendidas no Brasil com edi\u00e7\u00e3o limitada comemorativa - CidadeMarketing<\/title>\n<meta name=\"robots\" content=\"index, follow, max-snippet:-1, max-image-preview:large, max-video-preview:-1\" \/>\n<link rel=\"canonical\" href=\"https:\/\/www.cidademarketing.com.br\/marketing\/2023\/05\/21\/mini-john-cooper-works-celebra-marco-de-25-mil-unidades-vendidas-no-brasil-com-edicao-limitada-comemorativa\/\" \/>\n<meta property=\"og:locale\" content=\"pt_BR\" \/>\n<meta property=\"og:type\" content=\"article\" \/>\n<meta property=\"og:title\" content=\"MINI John Cooper Works celebra marco de 25 mil unidades vendidas no Brasil com edi\u00e7\u00e3o limitada comemorativa - CidadeMarketing\" \/>\n<meta property=\"og:description\" content=\"Comemorar um marco expressivo \u00e9 sempre bom. Comemorar um marco expressivo com uma s\u00e9rie especial limitada exclusiva para o Brasil \u00e9 ainda melhor. E \u00e9 desta forma que a MINI comemora as 25 mil unidades vendidas no pa\u00eds desde abril de 2009, quando come\u00e7ou a operar oficialmente por aqui. Este \u00e9 o MINI John Cooper [&hellip;]\" \/>\n<meta property=\"og:url\" content=\"https:\/\/www.cidademarketing.com.br\/marketing\/2023\/05\/21\/mini-john-cooper-works-celebra-marco-de-25-mil-unidades-vendidas-no-brasil-com-edicao-limitada-comemorativa\/\" \/>\n<meta property=\"og:site_name\" content=\"CidadeMarketing\" \/>\n<meta property=\"article:publisher\" content=\"https:\/\/www.facebook.com\/portalcidademarketing\" \/>\n<meta property=\"article:author\" content=\"https:\/\/www.facebook.com\/thalesbrandao\" \/>\n<meta property=\"article:published_time\" content=\"2023-05-22T02:20:45+00:00\" \/>\n<meta property=\"og:image\" content=\"https:\/\/www.cidademarketing.com.br\/marketing\/wp-content\/uploads\/2023\/05\/MINI-John-Cooper-Works-scaled.jpeg\" \/>\n\t<meta property=\"og:image:width\" content=\"2560\" \/>\n\t<meta property=\"og:image:height\" content=\"1916\" \/>\n\t<meta property=\"og:image:type\" content=\"image\/jpeg\" \/>\n<meta name=\"author\" content=\"Thales Brand\u00e3o\" \/>\n<meta name=\"twitter:card\" content=\"summary_large_image\" \/>\n<meta name=\"twitter:creator\" content=\"@http:\/\/www.twitter.com\/thalesbrandao\" \/>\n<meta name=\"twitter:site\" content=\"@CidadeMarketing\" \/>\n<meta name=\"twitter:label1\" content=\"Escrito por\" \/>\n\t<meta name=\"twitter:data1\" content=\"Thales Brand\u00e3o\" \/>\n\t<meta name=\"twitter:label2\" content=\"Est. tempo de leitura\" \/>\n\t<meta name=\"twitter:data2\" content=\"3 minutos\" \/>\n<script type=\"application\/ld+json\" class=\"yoast-schema-graph\">{\"@context\":\"https:\\\/\\\/schema.org\",\"@graph\":[{\"@type\":\"Article\",\"@id\":\"https:\\\/\\\/www.cidademarketing.com.br\\\/marketing\\\/2023\\\/05\\\/21\\\/mini-john-cooper-works-celebra-marco-de-25-mil-unidades-vendidas-no-brasil-com-edicao-limitada-comemorativa\\\/#article\",\"isPartOf\":{\"@id\":\"https:\\\/\\\/www.cidademarketing.com.br\\\/marketing\\\/2023\\\/05\\\/21\\\/mini-john-cooper-works-celebra-marco-de-25-mil-unidades-vendidas-no-brasil-com-edicao-limitada-comemorativa\\\/\"},\"author\":{\"name\":\"Thales Brand\u00e3o\",\"@id\":\"https:\\\/\\\/www.cidademarketing.com.br\\\/marketing\\\/#\\\/schema\\\/person\\\/02daff9f18bd9378c9e01eb6b2db155f\"},\"headline\":\"MINI John Cooper Works celebra marco de 25 mil unidades vendidas no Brasil com edi\u00e7\u00e3o limitada comemorativa\",\"datePublished\":\"2023-05-22T02:20:45+00:00\",\"mainEntityOfPage\":{\"@id\":\"https:\\\/\\\/www.cidademarketing.com.br\\\/marketing\\\/2023\\\/05\\\/21\\\/mini-john-cooper-works-celebra-marco-de-25-mil-unidades-vendidas-no-brasil-com-edicao-limitada-comemorativa\\\/\"},\"wordCount\":712,\"commentCount\":0,\"publisher\":{\"@id\":\"https:\\\/\\\/www.cidademarketing.com.br\\\/marketing\\\/#organization\"},\"image\":{\"@id\":\"https:\\\/\\\/www.cidademarketing.com.br\\\/marketing\\\/2023\\\/05\\\/21\\\/mini-john-cooper-works-celebra-marco-de-25-mil-unidades-vendidas-no-brasil-com-edicao-limitada-comemorativa\\\/#primaryimage\"},\"thumbnailUrl\":\"https:\\\/\\\/www.cidademarketing.com.br\\\/marketing\\\/wp-content\\\/uploads\\\/2023\\\/05\\\/MINI-John-Cooper-Works-scaled.jpeg\",\"keywords\":[\"BMW\",\"edi\u00e7\u00e3o limitada\",\"estrat\u00e9gia\",\"inova\u00e7\u00e3o\",\"marketing\",\"MINI John Cooper Works\",\"tecnologia\"],\"articleSection\":[\"Not\u00edcias\"],\"inLanguage\":\"pt-BR\",\"potentialAction\":[{\"@type\":\"CommentAction\",\"name\":\"Comment\",\"target\":[\"https:\\\/\\\/www.cidademarketing.com.br\\\/marketing\\\/2023\\\/05\\\/21\\\/mini-john-cooper-works-celebra-marco-de-25-mil-unidades-vendidas-no-brasil-com-edicao-limitada-comemorativa\\\/#respond\"]}]},{\"@type\":\"WebPage\",\"@id\":\"https:\\\/\\\/www.cidademarketing.com.br\\\/marketing\\\/2023\\\/05\\\/21\\\/mini-john-cooper-works-celebra-marco-de-25-mil-unidades-vendidas-no-brasil-com-edicao-limitada-comemorativa\\\/\",\"url\":\"https:\\\/\\\/www.cidademarketing.com.br\\\/marketing\\\/2023\\\/05\\\/21\\\/mini-john-cooper-works-celebra-marco-de-25-mil-unidades-vendidas-no-brasil-com-edicao-limitada-comemorativa\\\/\",\"name\":\"MINI John Cooper Works celebra marco de 25 mil unidades vendidas no Brasil com edi\u00e7\u00e3o limitada comemorativa - CidadeMarketing\",\"isPartOf\":{\"@id\":\"https:\\\/\\\/www.cidademarketing.com.br\\\/marketing\\\/#website\"},\"primaryImageOfPage\":{\"@id\":\"https:\\\/\\\/www.cidademarketing.com.br\\\/marketing\\\/2023\\\/05\\\/21\\\/mini-john-cooper-works-celebra-marco-de-25-mil-unidades-vendidas-no-brasil-com-edicao-limitada-comemorativa\\\/#primaryimage\"},\"image\":{\"@id\":\"https:\\\/\\\/www.cidademarketing.com.br\\\/marketing\\\/2023\\\/05\\\/21\\\/mini-john-cooper-works-celebra-marco-de-25-mil-unidades-vendidas-no-brasil-com-edicao-limitada-comemorativa\\\/#primaryimage\"},\"thumbnailUrl\":\"https:\\\/\\\/www.cidademarketing.com.br\\\/marketing\\\/wp-content\\\/uploads\\\/2023\\\/05\\\/MINI-John-Cooper-Works-scaled.jpeg\",\"datePublished\":\"2023-05-22T02:20:45+00:00\",\"breadcrumb\":{\"@id\":\"https:\\\/\\\/www.cidademarketing.com.br\\\/marketing\\\/2023\\\/05\\\/21\\\/mini-john-cooper-works-celebra-marco-de-25-mil-unidades-vendidas-no-brasil-com-edicao-limitada-comemorativa\\\/#breadcrumb\"},\"inLanguage\":\"pt-BR\",\"potentialAction\":[{\"@type\":\"ReadAction\",\"target\":[\"https:\\\/\\\/www.cidademarketing.com.br\\\/marketing\\\/2023\\\/05\\\/21\\\/mini-john-cooper-works-celebra-marco-de-25-mil-unidades-vendidas-no-brasil-com-edicao-limitada-comemorativa\\\/\"]}]},{\"@type\":\"ImageObject\",\"inLanguage\":\"pt-BR\",\"@id\":\"https:\\\/\\\/www.cidademarketing.com.br\\\/marketing\\\/2023\\\/05\\\/21\\\/mini-john-cooper-works-celebra-marco-de-25-mil-unidades-vendidas-no-brasil-com-edicao-limitada-comemorativa\\\/#primaryimage\",\"url\":\"https:\\\/\\\/www.cidademarketing.com.br\\\/marketing\\\/wp-content\\\/uploads\\\/2023\\\/05\\\/MINI-John-Cooper-Works-scaled.jpeg\",\"contentUrl\":\"https:\\\/\\\/www.cidademarketing.com.br\\\/marketing\\\/wp-content\\\/uploads\\\/2023\\\/05\\\/MINI-John-Cooper-Works-scaled.jpeg\",\"width\":2560,\"height\":1916,\"caption\":\"Divulga\u00e7\u00e3o\"},{\"@type\":\"BreadcrumbList\",\"@id\":\"https:\\\/\\\/www.cidademarketing.com.br\\\/marketing\\\/2023\\\/05\\\/21\\\/mini-john-cooper-works-celebra-marco-de-25-mil-unidades-vendidas-no-brasil-com-edicao-limitada-comemorativa\\\/#breadcrumb\",\"itemListElement\":[{\"@type\":\"ListItem\",\"position\":1,\"name\":\"In\u00edcio\",\"item\":\"https:\\\/\\\/www.cidademarketing.com.br\\\/marketing\\\/\"},{\"@type\":\"ListItem\",\"position\":2,\"name\":\"MINI John Cooper Works celebra marco de 25 mil unidades vendidas no Brasil com edi\u00e7\u00e3o limitada comemorativa\"}]},{\"@type\":\"WebSite\",\"@id\":\"https:\\\/\\\/www.cidademarketing.com.br\\\/marketing\\\/#website\",\"url\":\"https:\\\/\\\/www.cidademarketing.com.br\\\/marketing\\\/\",\"name\":\"CidadeMarketing\",\"description\":\"Somos um ve\u00edculo de comunica\u00e7\u00e3o de destaque no Brasil, reconhecido por conte\u00fados nos segmentos de marketing, empreendedorismo e inova\u00e7\u00e3o.\",\"publisher\":{\"@id\":\"https:\\\/\\\/www.cidademarketing.com.br\\\/marketing\\\/#organization\"},\"alternateName\":\"CidadeMarketing\",\"potentialAction\":[{\"@type\":\"SearchAction\",\"target\":{\"@type\":\"EntryPoint\",\"urlTemplate\":\"https:\\\/\\\/www.cidademarketing.com.br\\\/marketing\\\/?s={search_term_string}\"},\"query-input\":{\"@type\":\"PropertyValueSpecification\",\"valueRequired\":true,\"valueName\":\"search_term_string\"}}],\"inLanguage\":\"pt-BR\"},{\"@type\":\"Organization\",\"@id\":\"https:\\\/\\\/www.cidademarketing.com.br\\\/marketing\\\/#organization\",\"name\":\"CidadeMarketing\",\"alternateName\":\"CidadeMarketing\",\"url\":\"https:\\\/\\\/www.cidademarketing.com.br\\\/marketing\\\/\",\"logo\":{\"@type\":\"ImageObject\",\"inLanguage\":\"pt-BR\",\"@id\":\"https:\\\/\\\/www.cidademarketing.com.br\\\/marketing\\\/#\\\/schema\\\/logo\\\/image\\\/\",\"url\":\"https:\\\/\\\/www.cidademarketing.com.br\\\/marketing\\\/wp-content\\\/uploads\\\/2020\\\/01\\\/cidademarketing_marca_mobile.png\",\"contentUrl\":\"https:\\\/\\\/www.cidademarketing.com.br\\\/marketing\\\/wp-content\\\/uploads\\\/2020\\\/01\\\/cidademarketing_marca_mobile.png\",\"width\":230,\"height\":92,\"caption\":\"CidadeMarketing\"},\"image\":{\"@id\":\"https:\\\/\\\/www.cidademarketing.com.br\\\/marketing\\\/#\\\/schema\\\/logo\\\/image\\\/\"},\"sameAs\":[\"https:\\\/\\\/www.facebook.com\\\/portalcidademarketing\",\"https:\\\/\\\/x.com\\\/CidadeMarketing\",\"https:\\\/\\\/www.instagram.com\\\/cidademarketing\\\/\"]},{\"@type\":\"Person\",\"@id\":\"https:\\\/\\\/www.cidademarketing.com.br\\\/marketing\\\/#\\\/schema\\\/person\\\/02daff9f18bd9378c9e01eb6b2db155f\",\"name\":\"Thales Brand\u00e3o\",\"image\":{\"@type\":\"ImageObject\",\"inLanguage\":\"pt-BR\",\"@id\":\"https:\\\/\\\/secure.gravatar.com\\\/avatar\\\/7ca3206950207cc3cb48feec56a8a7898741ab725c368d99d5d7a5a50aab80c6?s=96&d=mm&r=g\",\"url\":\"https:\\\/\\\/secure.gravatar.com\\\/avatar\\\/7ca3206950207cc3cb48feec56a8a7898741ab725c368d99d5d7a5a50aab80c6?s=96&d=mm&r=g\",\"contentUrl\":\"https:\\\/\\\/secure.gravatar.com\\\/avatar\\\/7ca3206950207cc3cb48feec56a8a7898741ab725c368d99d5d7a5a50aab80c6?s=96&d=mm&r=g\",\"caption\":\"Thales Brand\u00e3o\"},\"description\":\"Editor Executivo do Portal CidadeMarketing.com.br &gt; Mestre em Comunica\u00e7\u00e3o e Sociedade pela Universidade Federal de Sergipe. Possui MBA Executivo em Administra\u00e7\u00e3o com \u00eanfase em Marketing pela Funda\u00e7\u00e3o Get\u00falio Vargas - Rio de Janeiro. Consultor, Palestrante e Pesquisador sobre Empreendedorismo, Marketing, Redes Sociais e Neg\u00f3cios Digitais. Professor, Palestrante TedxTalks e Campus Party. Twitter: @ThalesBrandao\",\"sameAs\":[\"http:\\\/\\\/www.mandacaru.com.br\",\"https:\\\/\\\/www.facebook.com\\\/thalesbrandao\",\"http:\\\/\\\/www.instagram.com.br\\\/thalesbrandaoferreira\",\"https:\\\/\\\/www.linkedin.com\\\/in\\\/thales-brand\u00e3o-3948609\\\/\",\"https:\\\/\\\/x.com\\\/http:\\\/\\\/www.twitter.com\\\/thalesbrandao\"],\"url\":\"https:\\\/\\\/www.cidademarketing.com.br\\\/marketing\\\/author\\\/thalesbrandao\\\/\"}]}<\/script>\n<!-- \/ Yoast SEO plugin. -->","yoast_head_json":{"title":"MINI John Cooper Works celebra marco de 25 mil unidades vendidas no Brasil com edi\u00e7\u00e3o limitada comemorativa - CidadeMarketing","robots":{"index":"index","follow":"follow","max-snippet":"max-snippet:-1","max-image-preview":"max-image-preview:large","max-video-preview":"max-video-preview:-1"},"canonical":"https:\/\/www.cidademarketing.com.br\/marketing\/2023\/05\/21\/mini-john-cooper-works-celebra-marco-de-25-mil-unidades-vendidas-no-brasil-com-edicao-limitada-comemorativa\/","og_locale":"pt_BR","og_type":"article","og_title":"MINI John Cooper Works celebra marco de 25 mil unidades vendidas no Brasil com edi\u00e7\u00e3o limitada comemorativa - CidadeMarketing","og_description":"Comemorar um marco expressivo \u00e9 sempre bom. Comemorar um marco expressivo com uma s\u00e9rie especial limitada exclusiva para o Brasil \u00e9 ainda melhor. E \u00e9 desta forma que a MINI comemora as 25 mil unidades vendidas no pa\u00eds desde abril de 2009, quando come\u00e7ou a operar oficialmente por aqui. Este \u00e9 o MINI John Cooper [&hellip;]","og_url":"https:\/\/www.cidademarketing.com.br\/marketing\/2023\/05\/21\/mini-john-cooper-works-celebra-marco-de-25-mil-unidades-vendidas-no-brasil-com-edicao-limitada-comemorativa\/","og_site_name":"CidadeMarketing","article_publisher":"https:\/\/www.facebook.com\/portalcidademarketing","article_author":"https:\/\/www.facebook.com\/thalesbrandao","article_published_time":"2023-05-22T02:20:45+00:00","og_image":[{"width":2560,"height":1916,"url":"https:\/\/www.cidademarketing.com.br\/marketing\/wp-content\/uploads\/2023\/05\/MINI-John-Cooper-Works-scaled.jpeg","type":"image\/jpeg"}],"author":"Thales Brand\u00e3o","twitter_card":"summary_large_image","twitter_creator":"@http:\/\/www.twitter.com\/thalesbrandao","twitter_site":"@CidadeMarketing","twitter_misc":{"Escrito por":"Thales Brand\u00e3o","Est. tempo de leitura":"3 minutos"},"schema":{"@context":"https:\/\/schema.org","@graph":[{"@type":"Article","@id":"https:\/\/www.cidademarketing.com.br\/marketing\/2023\/05\/21\/mini-john-cooper-works-celebra-marco-de-25-mil-unidades-vendidas-no-brasil-com-edicao-limitada-comemorativa\/#article","isPartOf":{"@id":"https:\/\/www.cidademarketing.com.br\/marketing\/2023\/05\/21\/mini-john-cooper-works-celebra-marco-de-25-mil-unidades-vendidas-no-brasil-com-edicao-limitada-comemorativa\/"},"author":{"name":"Thales Brand\u00e3o","@id":"https:\/\/www.cidademarketing.com.br\/marketing\/#\/schema\/person\/02daff9f18bd9378c9e01eb6b2db155f"},"headline":"MINI John Cooper Works celebra marco de 25 mil unidades vendidas no Brasil com edi\u00e7\u00e3o limitada comemorativa","datePublished":"2023-05-22T02:20:45+00:00","mainEntityOfPage":{"@id":"https:\/\/www.cidademarketing.com.br\/marketing\/2023\/05\/21\/mini-john-cooper-works-celebra-marco-de-25-mil-unidades-vendidas-no-brasil-com-edicao-limitada-comemorativa\/"},"wordCount":712,"commentCount":0,"publisher":{"@id":"https:\/\/www.cidademarketing.com.br\/marketing\/#organization"},"image":{"@id":"https:\/\/www.cidademarketing.com.br\/marketing\/2023\/05\/21\/mini-john-cooper-works-celebra-marco-de-25-mil-unidades-vendidas-no-brasil-com-edicao-limitada-comemorativa\/#primaryimage"},"thumbnailUrl":"https:\/\/www.cidademarketing.com.br\/marketing\/wp-content\/uploads\/2023\/05\/MINI-John-Cooper-Works-scaled.jpeg","keywords":["BMW","edi\u00e7\u00e3o limitada","estrat\u00e9gia","inova\u00e7\u00e3o","marketing","MINI John Cooper Works","tecnologia"],"articleSection":["Not\u00edcias"],"inLanguage":"pt-BR","potentialAction":[{"@type":"CommentAction","name":"Comment","target":["https:\/\/www.cidademarketing.com.br\/marketing\/2023\/05\/21\/mini-john-cooper-works-celebra-marco-de-25-mil-unidades-vendidas-no-brasil-com-edicao-limitada-comemorativa\/#respond"]}]},{"@type":"WebPage","@id":"https:\/\/www.cidademarketing.com.br\/marketing\/2023\/05\/21\/mini-john-cooper-works-celebra-marco-de-25-mil-unidades-vendidas-no-brasil-com-edicao-limitada-comemorativa\/","url":"https:\/\/www.cidademarketing.com.br\/marketing\/2023\/05\/21\/mini-john-cooper-works-celebra-marco-de-25-mil-unidades-vendidas-no-brasil-com-edicao-limitada-comemorativa\/","name":"MINI John Cooper Works celebra marco de 25 mil unidades vendidas no Brasil com edi\u00e7\u00e3o limitada comemorativa - CidadeMarketing","isPartOf":{"@id":"https:\/\/www.cidademarketing.com.br\/marketing\/#website"},"primaryImageOfPage":{"@id":"https:\/\/www.cidademarketing.com.br\/marketing\/2023\/05\/21\/mini-john-cooper-works-celebra-marco-de-25-mil-unidades-vendidas-no-brasil-com-edicao-limitada-comemorativa\/#primaryimage"},"image":{"@id":"https:\/\/www.cidademarketing.com.br\/marketing\/2023\/05\/21\/mini-john-cooper-works-celebra-marco-de-25-mil-unidades-vendidas-no-brasil-com-edicao-limitada-comemorativa\/#primaryimage"},"thumbnailUrl":"https:\/\/www.cidademarketing.com.br\/marketing\/wp-content\/uploads\/2023\/05\/MINI-John-Cooper-Works-scaled.jpeg","datePublished":"2023-05-22T02:20:45+00:00","breadcrumb":{"@id":"https:\/\/www.cidademarketing.com.br\/marketing\/2023\/05\/21\/mini-john-cooper-works-celebra-marco-de-25-mil-unidades-vendidas-no-brasil-com-edicao-limitada-comemorativa\/#breadcrumb"},"inLanguage":"pt-BR","potentialAction":[{"@type":"ReadAction","target":["https:\/\/www.cidademarketing.com.br\/marketing\/2023\/05\/21\/mini-john-cooper-works-celebra-marco-de-25-mil-unidades-vendidas-no-brasil-com-edicao-limitada-comemorativa\/"]}]},{"@type":"ImageObject","inLanguage":"pt-BR","@id":"https:\/\/www.cidademarketing.com.br\/marketing\/2023\/05\/21\/mini-john-cooper-works-celebra-marco-de-25-mil-unidades-vendidas-no-brasil-com-edicao-limitada-comemorativa\/#primaryimage","url":"https:\/\/www.cidademarketing.com.br\/marketing\/wp-content\/uploads\/2023\/05\/MINI-John-Cooper-Works-scaled.jpeg","contentUrl":"https:\/\/www.cidademarketing.com.br\/marketing\/wp-content\/uploads\/2023\/05\/MINI-John-Cooper-Works-scaled.jpeg","width":2560,"height":1916,"caption":"Divulga\u00e7\u00e3o"},{"@type":"BreadcrumbList","@id":"https:\/\/www.cidademarketing.com.br\/marketing\/2023\/05\/21\/mini-john-cooper-works-celebra-marco-de-25-mil-unidades-vendidas-no-brasil-com-edicao-limitada-comemorativa\/#breadcrumb","itemListElement":[{"@type":"ListItem","position":1,"name":"In\u00edcio","item":"https:\/\/www.cidademarketing.com.br\/marketing\/"},{"@type":"ListItem","position":2,"name":"MINI John Cooper Works celebra marco de 25 mil unidades vendidas no Brasil com edi\u00e7\u00e3o limitada comemorativa"}]},{"@type":"WebSite","@id":"https:\/\/www.cidademarketing.com.br\/marketing\/#website","url":"https:\/\/www.cidademarketing.com.br\/marketing\/","name":"CidadeMarketing","description":"Somos um ve\u00edculo de comunica\u00e7\u00e3o de destaque no Brasil, reconhecido por conte\u00fados nos segmentos de marketing, empreendedorismo e inova\u00e7\u00e3o.","publisher":{"@id":"https:\/\/www.cidademarketing.com.br\/marketing\/#organization"},"alternateName":"CidadeMarketing","potentialAction":[{"@type":"SearchAction","target":{"@type":"EntryPoint","urlTemplate":"https:\/\/www.cidademarketing.com.br\/marketing\/?s={search_term_string}"},"query-input":{"@type":"PropertyValueSpecification","valueRequired":true,"valueName":"search_term_string"}}],"inLanguage":"pt-BR"},{"@type":"Organization","@id":"https:\/\/www.cidademarketing.com.br\/marketing\/#organization","name":"CidadeMarketing","alternateName":"CidadeMarketing","url":"https:\/\/www.cidademarketing.com.br\/marketing\/","logo":{"@type":"ImageObject","inLanguage":"pt-BR","@id":"https:\/\/www.cidademarketing.com.br\/marketing\/#\/schema\/logo\/image\/","url":"https:\/\/www.cidademarketing.com.br\/marketing\/wp-content\/uploads\/2020\/01\/cidademarketing_marca_mobile.png","contentUrl":"https:\/\/www.cidademarketing.com.br\/marketing\/wp-content\/uploads\/2020\/01\/cidademarketing_marca_mobile.png","width":230,"height":92,"caption":"CidadeMarketing"},"image":{"@id":"https:\/\/www.cidademarketing.com.br\/marketing\/#\/schema\/logo\/image\/"},"sameAs":["https:\/\/www.facebook.com\/portalcidademarketing","https:\/\/x.com\/CidadeMarketing","https:\/\/www.instagram.com\/cidademarketing\/"]},{"@type":"Person","@id":"https:\/\/www.cidademarketing.com.br\/marketing\/#\/schema\/person\/02daff9f18bd9378c9e01eb6b2db155f","name":"Thales Brand\u00e3o","image":{"@type":"ImageObject","inLanguage":"pt-BR","@id":"https:\/\/secure.gravatar.com\/avatar\/7ca3206950207cc3cb48feec56a8a7898741ab725c368d99d5d7a5a50aab80c6?s=96&d=mm&r=g","url":"https:\/\/secure.gravatar.com\/avatar\/7ca3206950207cc3cb48feec56a8a7898741ab725c368d99d5d7a5a50aab80c6?s=96&d=mm&r=g","contentUrl":"https:\/\/secure.gravatar.com\/avatar\/7ca3206950207cc3cb48feec56a8a7898741ab725c368d99d5d7a5a50aab80c6?s=96&d=mm&r=g","caption":"Thales Brand\u00e3o"},"description":"Editor Executivo do Portal CidadeMarketing.com.br &gt; Mestre em Comunica\u00e7\u00e3o e Sociedade pela Universidade Federal de Sergipe. Possui MBA Executivo em Administra\u00e7\u00e3o com \u00eanfase em Marketing pela Funda\u00e7\u00e3o Get\u00falio Vargas - Rio de Janeiro. Consultor, Palestrante e Pesquisador sobre Empreendedorismo, Marketing, Redes Sociais e Neg\u00f3cios Digitais. Professor, Palestrante TedxTalks e Campus Party. Twitter: @ThalesBrandao","sameAs":["http:\/\/www.mandacaru.com.br","https:\/\/www.facebook.com\/thalesbrandao","http:\/\/www.instagram.com.br\/thalesbrandaoferreira","https:\/\/www.linkedin.com\/in\/thales-brand\u00e3o-3948609\/","https:\/\/x.com\/http:\/\/www.twitter.com\/thalesbrandao"],"url":"https:\/\/www.cidademarketing.com.br\/marketing\/author\/thalesbrandao\/"}]}},"amp_enabled":true,"_links":{"self":[{"href":"https:\/\/www.cidademarketing.com.br\/marketing\/wp-json\/wp\/v2\/posts\/45138","targetHints":{"allow":["GET"]}}],"collection":[{"href":"https:\/\/www.cidademarketing.com.br\/marketing\/wp-json\/wp\/v2\/posts"}],"about":[{"href":"https:\/\/www.cidademarketing.com.br\/marketing\/wp-json\/wp\/v2\/types\/post"}],"author":[{"embeddable":true,"href":"https:\/\/www.cidademarketing.com.br\/marketing\/wp-json\/wp\/v2\/users\/1"}],"replies":[{"embeddable":true,"href":"https:\/\/www.cidademarketing.com.br\/marketing\/wp-json\/wp\/v2\/comments?post=45138"}],"version-history":[{"count":1,"href":"https:\/\/www.cidademarketing.com.br\/marketing\/wp-json\/wp\/v2\/posts\/45138\/revisions"}],"predecessor-version":[{"id":45140,"href":"https:\/\/www.cidademarketing.com.br\/marketing\/wp-json\/wp\/v2\/posts\/45138\/revisions\/45140"}],"wp:featuredmedia":[{"embeddable":true,"href":"https:\/\/www.cidademarketing.com.br\/marketing\/wp-json\/wp\/v2\/media\/45139"}],"wp:attachment":[{"href":"https:\/\/www.cidademarketing.com.br\/marketing\/wp-json\/wp\/v2\/media?parent=45138"}],"wp:term":[{"taxonomy":"category","embeddable":true,"href":"https:\/\/www.cidademarketing.com.br\/marketing\/wp-json\/wp\/v2\/categories?post=45138"},{"taxonomy":"post_tag","embeddable":true,"href":"https:\/\/www.cidademarketing.com.br\/marketing\/wp-json\/wp\/v2\/tags?post=45138"}],"curies":[{"name":"wp","href":"https:\/\/api.w.org\/{rel}","templated":true}]}}