{"id":45096,"date":"2023-05-19T22:19:37","date_gmt":"2023-05-20T01:19:37","guid":{"rendered":"https:\/\/www.cidademarketing.com.br\/marketing\/?p=45096"},"modified":"2023-05-19T22:19:37","modified_gmt":"2023-05-20T01:19:37","slug":"maio-amarelo-ipiranga-lanca-campanha-de-conscientizacao-no-transito","status":"publish","type":"post","link":"https:\/\/www.cidademarketing.com.br\/marketing\/2023\/05\/19\/maio-amarelo-ipiranga-lanca-campanha-de-conscientizacao-no-transito\/","title":{"rendered":"Maio Amarelo: Ipiranga lan\u00e7a campanha de conscientiza\u00e7\u00e3o no tr\u00e2nsito"},"content":{"rendered":"<p>Ipiranga se uniu a marcas parceiras &#8211; abastece a\u00ed, AmPm, ICONIC, Jet Oil, Pr\u00f3-Frotas, Rodo Rede, Ultra, Ultracargo e Ultragaz \u2013 al\u00e9m do Waze, para novamente convidar as pessoas a \u201camarelar\u201d na dire\u00e7\u00e3o com atitudes respons\u00e1veis no tr\u00e2nsito. Para ampliar as mensagens do Maio Amarelo, a empresa fez um grande movimento no LinkedIn, no dia 17, para que seus colaboradores e as empresas deixassem seu apoio a essa importante a\u00e7\u00e3o de seguran\u00e7a, em um post com a imagem de um fundo amarelo, chamando aten\u00e7\u00e3o para o tema. Al\u00e9m das marcas que j\u00e1 estavam unidas na campanha, institui\u00e7\u00f5es como Instituto Combust\u00edvel Legal e Ajud\u00f4u, e a transportadora Tropical e suas filiais apoiaram a a\u00e7\u00e3o na rede social.<\/p>\n<p><a href=\"https:\/\/www.cidademarketing.com.br\/marketing\/sua-marca-vai-virar-noticia\/\" target=\"_blank\" rel=\"noopener\"><img fetchpriority=\"high\" decoding=\"async\" class=\"wp-image-44329 aligncenter\" src=\"https:\/\/www.cidademarketing.com.br\/marketing\/wp-content\/uploads\/2023\/04\/cidademarketing_backlinks_marketingdigital_publieditorial_.png\" alt=\"\" width=\"500\" height=\"500\" \/><\/a><\/p>\n<p>\u201cSeguran\u00e7a \u00e9 um valor inegoci\u00e1vel dentro da Ipiranga. Com essa campanha e as a\u00e7\u00f5es internas para o time das nossas bases e escrit\u00f3rios, queremos refor\u00e7ar melhores pr\u00e1ticas de seguran\u00e7a na mobilidade. Afinal, se abastecer a vida em movimento \u00e9 o nosso prop\u00f3sito, abastecer com seguran\u00e7a \u00e9 um pilar fundamental\u201d, explica Sebasti\u00e3o Furquim, vice-presidente de Opera\u00e7\u00f5es da Ipiranga.<\/p>\n<p>Desenvolvida em parceria com as ag\u00eancias Talent e Mutato, com a\u00e7\u00f5es internas realizadas pela Ipiranga, a campanha \u201cAmarelar \u00e9 a cara da Ipiranga. No tr\u00e2nsito, escolha a vida\u201d tem o intuito de incentivar a coragem para amarelar em situa\u00e7\u00f5es de risco \u00e0 mobilidade e vai espalhar frases, em locais e situa\u00e7\u00f5es estrat\u00e9gicas, com dicas de boas pr\u00e1ticas e seguran\u00e7a, enfatizando a mensagem de que nada importa mais do que a vida.<\/p>\n<p>Por meio de parcerias, como a realizada com o aplicativo de deslocamento Waze, durante o m\u00eas de maio, ser\u00e3o enviados alertas para os motoristas quando estiverem em situa\u00e7\u00f5es com maior risco de acidente (usando a intelig\u00eancia para abordar quando o usu\u00e1rio estiver em locais com maior \u00edndice de acidentes, hor\u00e1rios com maior intensidade de tr\u00e2nsito, usu\u00e1rio percorrendo longas dist\u00e2ncias e outros dados). As frases, que vir\u00e3o em banners da campanha, ter\u00e3o o incentivo para \u201camarelar\u201d em certas situa\u00e7\u00f5es e v\u00e3o aparecer em v\u00e1rios formatos, com o intuito de dar uma ampla visibilidade ao tema. Mas a iniciativa n\u00e3o para por a\u00ed.<\/p>\n<p>\u201cA seguran\u00e7a no tr\u00e2nsito vai al\u00e9m da mobilidade nas ruas, ela representa o comportamento das pessoas no dia a dia de suas jornadas e \u00e9 um pilar muito importante na cultura da organiza\u00e7\u00e3o. Priorizamos atitudes seguras em todos os nossos territ\u00f3rios, incluindo o esporte, como a Stock Car e a nossa equipe Ipiranga Racing\u201d, comenta B\u00e1rbara Miranda, vice-presidente de Marketing e Desenvolvimento de Neg\u00f3cios da companhia.<\/p>\n<p>Stock Car \u2013 Ipiranga Racing<br \/>\nPara Ipiranga, a seguran\u00e7a tamb\u00e9m \u00e9 imprescind\u00edvel no esporte, ainda mais envolvendo velocidade. Por isso, ser\u00e3o realizadas a\u00e7\u00f5es, como bate-papos educativos, visitas, divulga\u00e7\u00e3o de conte\u00fados e outros, na etapa da Stock Car, em Tarum\u00e3, no Rio Grande do Sul, no pr\u00f3ximo dia 21, junto ao projeto Girls Like Racing. O objetivo \u00e9 conscientizar ainda mais sobre seguran\u00e7a no tr\u00e2nsito e no esporte.<br \/>\nAl\u00e9m disso, haver\u00e1 o envelopamento dos carros da equipe Ipiranga Racing com o mote da campanha e a produ\u00e7\u00e3o de conte\u00fado especiais em prol das a\u00e7\u00f5es pelos embaixadores Cris Amaral, Fred Kyrillos, Thiago Camilo e C\u00e9sar Ramos.<\/p>\n<p>Sa\u00fade na Estrada e Pr\u00f3-Frotas<br \/>\nA campanha em prol do Maio Amarelo tamb\u00e9m est\u00e1 no projeto Sa\u00fade na Estrada. Com envelopamento da maior carreta de sa\u00fade para caminhoneiros do Brasil, a a\u00e7\u00e3o ser\u00e1 realizada nos postos que far\u00e3o parte da rota em maio, nas regi\u00f5es Norte, Nordeste e Centro-Oeste do pa\u00eds. Haver\u00e1 inser\u00e7\u00e3o de conte\u00fados da campanha nas TVs internas, com informa\u00e7\u00f5es tamb\u00e9m do Observat\u00f3rio Nacional, al\u00e9m da distribui\u00e7\u00e3o de lixeiras para carros para os caminhoneiros que passarem pela carreta, em parceria com o Pr\u00f3-Frotas, que tamb\u00e9m ir\u00e1 realizar a\u00e7\u00f5es diferenciadas, como palestras sobre seguran\u00e7a do motorista para os clientes.<br \/>\nAs ativa\u00e7\u00f5es contam tamb\u00e9m com integra\u00e7\u00e3o de todas as \u00e1reas da empresa, tanto internas quanto externas, com inser\u00e7\u00f5es na transmiss\u00e3o da F\u00f3rmula 1 e divulga\u00e7\u00e3o de frases de conscientiza\u00e7\u00e3o nos postos da rede.<\/p>\n<p>Hist\u00f3ria<br \/>\nA iniciativa Maio Amarelo foi criada pelo Observat\u00f3rio Nacional de Seguran\u00e7a Vi\u00e1ria em 2014 para despertar a discuss\u00e3o sobre acidentes e elevados \u00edndices de acidentes e mortalidade em todo o mundo.<br \/>\nEm 2022, a Ipiranga criou a campanha \u201cNa dire\u00e7\u00e3o, seja Amarel\u00e3o\u201d e convidou todas as pessoas a \u201cAmarelar\u201d, trazendo significado positivo ao termo como ponto de mudan\u00e7a para a\u00e7\u00f5es conscientes e sensatas no tr\u00e2nsito. Este ano, a campanha tem o objetivo de refor\u00e7ar e dar continuidade ao conceito de Amarelar no tr\u00e2nsito como um ato de coragem.<\/p>\n<p><iframe title=\"Spotify Embed: Podcast CidadeMarketing\" style=\"border-radius: 12px\" width=\"100%\" height=\"152\" frameborder=\"0\" allowfullscreen allow=\"autoplay; clipboard-write; encrypted-media; fullscreen; picture-in-picture\" loading=\"lazy\" src=\"https:\/\/open.spotify.com\/embed\/show\/4khMKzP3FgFRWVwb73xicc?si=252fe5bff2b34909&#038;utm_source=oembed\"><\/iframe><\/p>\n<p>&nbsp;<\/p>\n<p>Ficha T\u00e9cnica<br \/>\nCONCEITO: \u201cAmarelar \u00e9 a cara da Ipiranga\u201d<br \/>\nAg\u00eancia: Talent Marcel<br \/>\nCliente: Ipiranga<br \/>\nProduto: Institucional<br \/>\nCampanha: Maio Amarelo<br \/>\nT\u00edtulo: Amarelar \u00e9 a Cara da Ipiranga<br \/>\nCEO: Lica Bueno<br \/>\nCCO: Vinicius Malinoski<br \/>\nDiretores de Cria\u00e7\u00e3o: Camila Miyamura e Lui Lima<br \/>\nCria\u00e7\u00e3o: Julia Branco, Rog\u00e9rio Scaramal e Ana Bezerra<br \/>\nNeg\u00f3cios: Carol Escorel, Alice Savioli, Wey Borges<br \/>\nPlanejamento: Gabriela Soares, Alexandre D\u00f3ria e Evelyn Maia<br \/>\nM\u00eddia: Gustavo Macedo, Kleber Faria, Daniel Bonif\u00e1cio, Julia Martinez e Rog\u00e9rio Vasconcelos<br \/>\nB.I: Douglas Nogueira, Leticia Mili\u00e3o e Renato Margoni<br \/>\nAg\u00eancia de M\u00eddia: iCherry<br \/>\nGerente de Estrat\u00e9gias Digitais: Mariana Leodoro<br \/>\nSupervisor de Estrat\u00e9gias Digitais: Renato Antunes dos Santos<br \/>\nAnalistas de M\u00eddia Digital: Gabriela Busso, Gabriel Soares, Karina Koal, Sarah Santana<br \/>\nCoordenadora de Cria\u00e7\u00e3o: Deise Marques<br \/>\nDiretora de Arte: Ana Minosso<br \/>\nEstagi\u00e1rios\/as de Cria\u00e7\u00e3o: Gabriella Campos e Jacson Silva<\/p>\n<p>A\u00c7\u00c3O \u201cMovimento Amarelar\u201d<br \/>\nAg\u00eancia: Mutato<br \/>\nCliente: Ipiranga<br \/>\ncoCEOs: Andre Passamani e Eduardo Camargo<br \/>\nDiretora Executiva de Cria\u00e7\u00e3o: Alessandra Muccillo<br \/>\nCria\u00e7\u00e3o: Jo\u00e3o Selare, Douglas Spernega, Carolina Freitas, Bruno Santos e Camila Farias<br \/>\nDiretora de Estrat\u00e9gia: Juliana Morganti<br \/>\nEstrat\u00e9gia: Luma Egea, Silvia Chabes e Vitor Correa<br \/>\nVP de Neg\u00f3cios: D\u00e9cio Freitas<br \/>\nDiretora de Contas: Adriana Barreto<br \/>\nAtendimento: Nagila Nunes e Giselle Silva<\/p>\n<p>Aprova\u00e7\u00e3o cliente: B\u00e1rbara Miranda, Rafaella Gobara, Fernanda Menezes, Fernanda Nunes Giovanini, Mariana Garoiu Quintanilha, Thays Pereira, Jana\u00edna Camelo, Joyce da Silva Felisberto e Clarissa Cogo<\/p>\n","protected":false},"excerpt":{"rendered":"<p>Ipiranga se uniu a marcas parceiras &#8211; abastece a\u00ed, AmPm, ICONIC, Jet Oil, Pr\u00f3-Frotas, Rodo Rede, Ultra, Ultracargo e Ultragaz \u2013 al\u00e9m do Waze, para novamente convidar as pessoas a \u201camarelar\u201d na dire\u00e7\u00e3o com atitudes respons\u00e1veis no tr\u00e2nsito. Para ampliar as mensagens do Maio Amarelo, a empresa fez um grande movimento no LinkedIn, no dia [&hellip;]<\/p>\n","protected":false},"author":1,"featured_media":45097,"comment_status":"open","ping_status":"open","sticky":false,"template":"","format":"standard","meta":{"tdm_status":"","tdm_grid_status":"","footnotes":""},"categories":[6],"tags":[65,33,2005,28,177],"class_list":["post-45096","post","type-post","status-publish","format-standard","has-post-thumbnail","hentry","category-noticias","tag-campanha","tag-estrategia","tag-ipiranga","tag-marketing","tag-marketing-social"],"yoast_head":"<!-- This site is optimized with the Yoast SEO plugin v27.4 - https:\/\/yoast.com\/product\/yoast-seo-wordpress\/ -->\n<title>Maio Amarelo: Ipiranga lan\u00e7a campanha de conscientiza\u00e7\u00e3o no tr\u00e2nsito - CidadeMarketing<\/title>\n<meta name=\"robots\" content=\"index, follow, max-snippet:-1, max-image-preview:large, max-video-preview:-1\" \/>\n<link rel=\"canonical\" href=\"https:\/\/www.cidademarketing.com.br\/marketing\/2023\/05\/19\/maio-amarelo-ipiranga-lanca-campanha-de-conscientizacao-no-transito\/\" \/>\n<meta property=\"og:locale\" content=\"pt_BR\" \/>\n<meta property=\"og:type\" content=\"article\" \/>\n<meta property=\"og:title\" content=\"Maio Amarelo: Ipiranga lan\u00e7a campanha de conscientiza\u00e7\u00e3o no tr\u00e2nsito - CidadeMarketing\" \/>\n<meta property=\"og:description\" content=\"Ipiranga se uniu a marcas parceiras &#8211; abastece a\u00ed, AmPm, ICONIC, Jet Oil, Pr\u00f3-Frotas, Rodo Rede, Ultra, Ultracargo e Ultragaz \u2013 al\u00e9m do Waze, para novamente convidar as pessoas a \u201camarelar\u201d na dire\u00e7\u00e3o com atitudes respons\u00e1veis no tr\u00e2nsito. Para ampliar as mensagens do Maio Amarelo, a empresa fez um grande movimento no LinkedIn, no dia [&hellip;]\" \/>\n<meta property=\"og:url\" content=\"https:\/\/www.cidademarketing.com.br\/marketing\/2023\/05\/19\/maio-amarelo-ipiranga-lanca-campanha-de-conscientizacao-no-transito\/\" \/>\n<meta property=\"og:site_name\" content=\"CidadeMarketing\" \/>\n<meta property=\"article:publisher\" content=\"https:\/\/www.facebook.com\/portalcidademarketing\" \/>\n<meta property=\"article:author\" content=\"https:\/\/www.facebook.com\/thalesbrandao\" \/>\n<meta property=\"article:published_time\" content=\"2023-05-20T01:19:37+00:00\" \/>\n<meta property=\"og:image\" content=\"https:\/\/www.cidademarketing.com.br\/marketing\/wp-content\/uploads\/2023\/05\/ipiranga_maioamarelo.png\" \/>\n\t<meta property=\"og:image:width\" content=\"1920\" \/>\n\t<meta property=\"og:image:height\" content=\"1080\" \/>\n\t<meta property=\"og:image:type\" content=\"image\/png\" \/>\n<meta name=\"author\" content=\"Thales Brand\u00e3o\" \/>\n<meta name=\"twitter:card\" content=\"summary_large_image\" \/>\n<meta name=\"twitter:creator\" content=\"@http:\/\/www.twitter.com\/thalesbrandao\" \/>\n<meta name=\"twitter:site\" content=\"@CidadeMarketing\" \/>\n<meta name=\"twitter:label1\" content=\"Escrito por\" \/>\n\t<meta name=\"twitter:data1\" content=\"Thales Brand\u00e3o\" \/>\n\t<meta name=\"twitter:label2\" content=\"Est. tempo de leitura\" \/>\n\t<meta name=\"twitter:data2\" content=\"5 minutos\" \/>\n<script type=\"application\/ld+json\" class=\"yoast-schema-graph\">{\"@context\":\"https:\\\/\\\/schema.org\",\"@graph\":[{\"@type\":\"Article\",\"@id\":\"https:\\\/\\\/www.cidademarketing.com.br\\\/marketing\\\/2023\\\/05\\\/19\\\/maio-amarelo-ipiranga-lanca-campanha-de-conscientizacao-no-transito\\\/#article\",\"isPartOf\":{\"@id\":\"https:\\\/\\\/www.cidademarketing.com.br\\\/marketing\\\/2023\\\/05\\\/19\\\/maio-amarelo-ipiranga-lanca-campanha-de-conscientizacao-no-transito\\\/\"},\"author\":{\"name\":\"Thales Brand\u00e3o\",\"@id\":\"https:\\\/\\\/www.cidademarketing.com.br\\\/marketing\\\/#\\\/schema\\\/person\\\/02daff9f18bd9378c9e01eb6b2db155f\"},\"headline\":\"Maio Amarelo: Ipiranga lan\u00e7a campanha de conscientiza\u00e7\u00e3o no tr\u00e2nsito\",\"datePublished\":\"2023-05-20T01:19:37+00:00\",\"mainEntityOfPage\":{\"@id\":\"https:\\\/\\\/www.cidademarketing.com.br\\\/marketing\\\/2023\\\/05\\\/19\\\/maio-amarelo-ipiranga-lanca-campanha-de-conscientizacao-no-transito\\\/\"},\"wordCount\":1106,\"commentCount\":0,\"publisher\":{\"@id\":\"https:\\\/\\\/www.cidademarketing.com.br\\\/marketing\\\/#organization\"},\"image\":{\"@id\":\"https:\\\/\\\/www.cidademarketing.com.br\\\/marketing\\\/2023\\\/05\\\/19\\\/maio-amarelo-ipiranga-lanca-campanha-de-conscientizacao-no-transito\\\/#primaryimage\"},\"thumbnailUrl\":\"https:\\\/\\\/www.cidademarketing.com.br\\\/marketing\\\/wp-content\\\/uploads\\\/2023\\\/05\\\/ipiranga_maioamarelo.png\",\"keywords\":[\"campanha\",\"estrat\u00e9gia\",\"Ipiranga\",\"marketing\",\"marketing social\"],\"articleSection\":[\"Not\u00edcias\"],\"inLanguage\":\"pt-BR\",\"potentialAction\":[{\"@type\":\"CommentAction\",\"name\":\"Comment\",\"target\":[\"https:\\\/\\\/www.cidademarketing.com.br\\\/marketing\\\/2023\\\/05\\\/19\\\/maio-amarelo-ipiranga-lanca-campanha-de-conscientizacao-no-transito\\\/#respond\"]}]},{\"@type\":\"WebPage\",\"@id\":\"https:\\\/\\\/www.cidademarketing.com.br\\\/marketing\\\/2023\\\/05\\\/19\\\/maio-amarelo-ipiranga-lanca-campanha-de-conscientizacao-no-transito\\\/\",\"url\":\"https:\\\/\\\/www.cidademarketing.com.br\\\/marketing\\\/2023\\\/05\\\/19\\\/maio-amarelo-ipiranga-lanca-campanha-de-conscientizacao-no-transito\\\/\",\"name\":\"Maio Amarelo: Ipiranga lan\u00e7a campanha de conscientiza\u00e7\u00e3o no tr\u00e2nsito - CidadeMarketing\",\"isPartOf\":{\"@id\":\"https:\\\/\\\/www.cidademarketing.com.br\\\/marketing\\\/#website\"},\"primaryImageOfPage\":{\"@id\":\"https:\\\/\\\/www.cidademarketing.com.br\\\/marketing\\\/2023\\\/05\\\/19\\\/maio-amarelo-ipiranga-lanca-campanha-de-conscientizacao-no-transito\\\/#primaryimage\"},\"image\":{\"@id\":\"https:\\\/\\\/www.cidademarketing.com.br\\\/marketing\\\/2023\\\/05\\\/19\\\/maio-amarelo-ipiranga-lanca-campanha-de-conscientizacao-no-transito\\\/#primaryimage\"},\"thumbnailUrl\":\"https:\\\/\\\/www.cidademarketing.com.br\\\/marketing\\\/wp-content\\\/uploads\\\/2023\\\/05\\\/ipiranga_maioamarelo.png\",\"datePublished\":\"2023-05-20T01:19:37+00:00\",\"breadcrumb\":{\"@id\":\"https:\\\/\\\/www.cidademarketing.com.br\\\/marketing\\\/2023\\\/05\\\/19\\\/maio-amarelo-ipiranga-lanca-campanha-de-conscientizacao-no-transito\\\/#breadcrumb\"},\"inLanguage\":\"pt-BR\",\"potentialAction\":[{\"@type\":\"ReadAction\",\"target\":[\"https:\\\/\\\/www.cidademarketing.com.br\\\/marketing\\\/2023\\\/05\\\/19\\\/maio-amarelo-ipiranga-lanca-campanha-de-conscientizacao-no-transito\\\/\"]}]},{\"@type\":\"ImageObject\",\"inLanguage\":\"pt-BR\",\"@id\":\"https:\\\/\\\/www.cidademarketing.com.br\\\/marketing\\\/2023\\\/05\\\/19\\\/maio-amarelo-ipiranga-lanca-campanha-de-conscientizacao-no-transito\\\/#primaryimage\",\"url\":\"https:\\\/\\\/www.cidademarketing.com.br\\\/marketing\\\/wp-content\\\/uploads\\\/2023\\\/05\\\/ipiranga_maioamarelo.png\",\"contentUrl\":\"https:\\\/\\\/www.cidademarketing.com.br\\\/marketing\\\/wp-content\\\/uploads\\\/2023\\\/05\\\/ipiranga_maioamarelo.png\",\"width\":1920,\"height\":1080},{\"@type\":\"BreadcrumbList\",\"@id\":\"https:\\\/\\\/www.cidademarketing.com.br\\\/marketing\\\/2023\\\/05\\\/19\\\/maio-amarelo-ipiranga-lanca-campanha-de-conscientizacao-no-transito\\\/#breadcrumb\",\"itemListElement\":[{\"@type\":\"ListItem\",\"position\":1,\"name\":\"In\u00edcio\",\"item\":\"https:\\\/\\\/www.cidademarketing.com.br\\\/marketing\\\/\"},{\"@type\":\"ListItem\",\"position\":2,\"name\":\"Maio Amarelo: Ipiranga lan\u00e7a campanha de conscientiza\u00e7\u00e3o no tr\u00e2nsito\"}]},{\"@type\":\"WebSite\",\"@id\":\"https:\\\/\\\/www.cidademarketing.com.br\\\/marketing\\\/#website\",\"url\":\"https:\\\/\\\/www.cidademarketing.com.br\\\/marketing\\\/\",\"name\":\"CidadeMarketing\",\"description\":\"Somos um ve\u00edculo de comunica\u00e7\u00e3o de destaque no Brasil, reconhecido por conte\u00fados nos segmentos de marketing, empreendedorismo e inova\u00e7\u00e3o.\",\"publisher\":{\"@id\":\"https:\\\/\\\/www.cidademarketing.com.br\\\/marketing\\\/#organization\"},\"alternateName\":\"CidadeMarketing\",\"potentialAction\":[{\"@type\":\"SearchAction\",\"target\":{\"@type\":\"EntryPoint\",\"urlTemplate\":\"https:\\\/\\\/www.cidademarketing.com.br\\\/marketing\\\/?s={search_term_string}\"},\"query-input\":{\"@type\":\"PropertyValueSpecification\",\"valueRequired\":true,\"valueName\":\"search_term_string\"}}],\"inLanguage\":\"pt-BR\"},{\"@type\":\"Organization\",\"@id\":\"https:\\\/\\\/www.cidademarketing.com.br\\\/marketing\\\/#organization\",\"name\":\"CidadeMarketing\",\"alternateName\":\"CidadeMarketing\",\"url\":\"https:\\\/\\\/www.cidademarketing.com.br\\\/marketing\\\/\",\"logo\":{\"@type\":\"ImageObject\",\"inLanguage\":\"pt-BR\",\"@id\":\"https:\\\/\\\/www.cidademarketing.com.br\\\/marketing\\\/#\\\/schema\\\/logo\\\/image\\\/\",\"url\":\"https:\\\/\\\/www.cidademarketing.com.br\\\/marketing\\\/wp-content\\\/uploads\\\/2020\\\/01\\\/cidademarketing_marca_mobile.png\",\"contentUrl\":\"https:\\\/\\\/www.cidademarketing.com.br\\\/marketing\\\/wp-content\\\/uploads\\\/2020\\\/01\\\/cidademarketing_marca_mobile.png\",\"width\":230,\"height\":92,\"caption\":\"CidadeMarketing\"},\"image\":{\"@id\":\"https:\\\/\\\/www.cidademarketing.com.br\\\/marketing\\\/#\\\/schema\\\/logo\\\/image\\\/\"},\"sameAs\":[\"https:\\\/\\\/www.facebook.com\\\/portalcidademarketing\",\"https:\\\/\\\/x.com\\\/CidadeMarketing\",\"https:\\\/\\\/www.instagram.com\\\/cidademarketing\\\/\"]},{\"@type\":\"Person\",\"@id\":\"https:\\\/\\\/www.cidademarketing.com.br\\\/marketing\\\/#\\\/schema\\\/person\\\/02daff9f18bd9378c9e01eb6b2db155f\",\"name\":\"Thales Brand\u00e3o\",\"image\":{\"@type\":\"ImageObject\",\"inLanguage\":\"pt-BR\",\"@id\":\"https:\\\/\\\/secure.gravatar.com\\\/avatar\\\/7ca3206950207cc3cb48feec56a8a7898741ab725c368d99d5d7a5a50aab80c6?s=96&d=mm&r=g\",\"url\":\"https:\\\/\\\/secure.gravatar.com\\\/avatar\\\/7ca3206950207cc3cb48feec56a8a7898741ab725c368d99d5d7a5a50aab80c6?s=96&d=mm&r=g\",\"contentUrl\":\"https:\\\/\\\/secure.gravatar.com\\\/avatar\\\/7ca3206950207cc3cb48feec56a8a7898741ab725c368d99d5d7a5a50aab80c6?s=96&d=mm&r=g\",\"caption\":\"Thales Brand\u00e3o\"},\"description\":\"Editor Executivo do Portal CidadeMarketing.com.br &gt; Mestre em Comunica\u00e7\u00e3o e Sociedade pela Universidade Federal de Sergipe. Possui MBA Executivo em Administra\u00e7\u00e3o com \u00eanfase em Marketing pela Funda\u00e7\u00e3o Get\u00falio Vargas - Rio de Janeiro. Consultor, Palestrante e Pesquisador sobre Empreendedorismo, Marketing, Redes Sociais e Neg\u00f3cios Digitais. Professor, Palestrante TedxTalks e Campus Party. Twitter: @ThalesBrandao\",\"sameAs\":[\"http:\\\/\\\/www.mandacaru.com.br\",\"https:\\\/\\\/www.facebook.com\\\/thalesbrandao\",\"http:\\\/\\\/www.instagram.com.br\\\/thalesbrandaoferreira\",\"https:\\\/\\\/www.linkedin.com\\\/in\\\/thales-brand\u00e3o-3948609\\\/\",\"https:\\\/\\\/x.com\\\/http:\\\/\\\/www.twitter.com\\\/thalesbrandao\"],\"url\":\"https:\\\/\\\/www.cidademarketing.com.br\\\/marketing\\\/author\\\/thalesbrandao\\\/\"}]}<\/script>\n<!-- \/ Yoast SEO plugin. -->","yoast_head_json":{"title":"Maio Amarelo: Ipiranga lan\u00e7a campanha de conscientiza\u00e7\u00e3o no tr\u00e2nsito - CidadeMarketing","robots":{"index":"index","follow":"follow","max-snippet":"max-snippet:-1","max-image-preview":"max-image-preview:large","max-video-preview":"max-video-preview:-1"},"canonical":"https:\/\/www.cidademarketing.com.br\/marketing\/2023\/05\/19\/maio-amarelo-ipiranga-lanca-campanha-de-conscientizacao-no-transito\/","og_locale":"pt_BR","og_type":"article","og_title":"Maio Amarelo: Ipiranga lan\u00e7a campanha de conscientiza\u00e7\u00e3o no tr\u00e2nsito - CidadeMarketing","og_description":"Ipiranga se uniu a marcas parceiras &#8211; abastece a\u00ed, AmPm, ICONIC, Jet Oil, Pr\u00f3-Frotas, Rodo Rede, Ultra, Ultracargo e Ultragaz \u2013 al\u00e9m do Waze, para novamente convidar as pessoas a \u201camarelar\u201d na dire\u00e7\u00e3o com atitudes respons\u00e1veis no tr\u00e2nsito. Para ampliar as mensagens do Maio Amarelo, a empresa fez um grande movimento no LinkedIn, no dia [&hellip;]","og_url":"https:\/\/www.cidademarketing.com.br\/marketing\/2023\/05\/19\/maio-amarelo-ipiranga-lanca-campanha-de-conscientizacao-no-transito\/","og_site_name":"CidadeMarketing","article_publisher":"https:\/\/www.facebook.com\/portalcidademarketing","article_author":"https:\/\/www.facebook.com\/thalesbrandao","article_published_time":"2023-05-20T01:19:37+00:00","og_image":[{"width":1920,"height":1080,"url":"https:\/\/www.cidademarketing.com.br\/marketing\/wp-content\/uploads\/2023\/05\/ipiranga_maioamarelo.png","type":"image\/png"}],"author":"Thales Brand\u00e3o","twitter_card":"summary_large_image","twitter_creator":"@http:\/\/www.twitter.com\/thalesbrandao","twitter_site":"@CidadeMarketing","twitter_misc":{"Escrito por":"Thales Brand\u00e3o","Est. tempo de leitura":"5 minutos"},"schema":{"@context":"https:\/\/schema.org","@graph":[{"@type":"Article","@id":"https:\/\/www.cidademarketing.com.br\/marketing\/2023\/05\/19\/maio-amarelo-ipiranga-lanca-campanha-de-conscientizacao-no-transito\/#article","isPartOf":{"@id":"https:\/\/www.cidademarketing.com.br\/marketing\/2023\/05\/19\/maio-amarelo-ipiranga-lanca-campanha-de-conscientizacao-no-transito\/"},"author":{"name":"Thales Brand\u00e3o","@id":"https:\/\/www.cidademarketing.com.br\/marketing\/#\/schema\/person\/02daff9f18bd9378c9e01eb6b2db155f"},"headline":"Maio Amarelo: Ipiranga lan\u00e7a campanha de conscientiza\u00e7\u00e3o no tr\u00e2nsito","datePublished":"2023-05-20T01:19:37+00:00","mainEntityOfPage":{"@id":"https:\/\/www.cidademarketing.com.br\/marketing\/2023\/05\/19\/maio-amarelo-ipiranga-lanca-campanha-de-conscientizacao-no-transito\/"},"wordCount":1106,"commentCount":0,"publisher":{"@id":"https:\/\/www.cidademarketing.com.br\/marketing\/#organization"},"image":{"@id":"https:\/\/www.cidademarketing.com.br\/marketing\/2023\/05\/19\/maio-amarelo-ipiranga-lanca-campanha-de-conscientizacao-no-transito\/#primaryimage"},"thumbnailUrl":"https:\/\/www.cidademarketing.com.br\/marketing\/wp-content\/uploads\/2023\/05\/ipiranga_maioamarelo.png","keywords":["campanha","estrat\u00e9gia","Ipiranga","marketing","marketing social"],"articleSection":["Not\u00edcias"],"inLanguage":"pt-BR","potentialAction":[{"@type":"CommentAction","name":"Comment","target":["https:\/\/www.cidademarketing.com.br\/marketing\/2023\/05\/19\/maio-amarelo-ipiranga-lanca-campanha-de-conscientizacao-no-transito\/#respond"]}]},{"@type":"WebPage","@id":"https:\/\/www.cidademarketing.com.br\/marketing\/2023\/05\/19\/maio-amarelo-ipiranga-lanca-campanha-de-conscientizacao-no-transito\/","url":"https:\/\/www.cidademarketing.com.br\/marketing\/2023\/05\/19\/maio-amarelo-ipiranga-lanca-campanha-de-conscientizacao-no-transito\/","name":"Maio Amarelo: Ipiranga lan\u00e7a campanha de conscientiza\u00e7\u00e3o no tr\u00e2nsito - CidadeMarketing","isPartOf":{"@id":"https:\/\/www.cidademarketing.com.br\/marketing\/#website"},"primaryImageOfPage":{"@id":"https:\/\/www.cidademarketing.com.br\/marketing\/2023\/05\/19\/maio-amarelo-ipiranga-lanca-campanha-de-conscientizacao-no-transito\/#primaryimage"},"image":{"@id":"https:\/\/www.cidademarketing.com.br\/marketing\/2023\/05\/19\/maio-amarelo-ipiranga-lanca-campanha-de-conscientizacao-no-transito\/#primaryimage"},"thumbnailUrl":"https:\/\/www.cidademarketing.com.br\/marketing\/wp-content\/uploads\/2023\/05\/ipiranga_maioamarelo.png","datePublished":"2023-05-20T01:19:37+00:00","breadcrumb":{"@id":"https:\/\/www.cidademarketing.com.br\/marketing\/2023\/05\/19\/maio-amarelo-ipiranga-lanca-campanha-de-conscientizacao-no-transito\/#breadcrumb"},"inLanguage":"pt-BR","potentialAction":[{"@type":"ReadAction","target":["https:\/\/www.cidademarketing.com.br\/marketing\/2023\/05\/19\/maio-amarelo-ipiranga-lanca-campanha-de-conscientizacao-no-transito\/"]}]},{"@type":"ImageObject","inLanguage":"pt-BR","@id":"https:\/\/www.cidademarketing.com.br\/marketing\/2023\/05\/19\/maio-amarelo-ipiranga-lanca-campanha-de-conscientizacao-no-transito\/#primaryimage","url":"https:\/\/www.cidademarketing.com.br\/marketing\/wp-content\/uploads\/2023\/05\/ipiranga_maioamarelo.png","contentUrl":"https:\/\/www.cidademarketing.com.br\/marketing\/wp-content\/uploads\/2023\/05\/ipiranga_maioamarelo.png","width":1920,"height":1080},{"@type":"BreadcrumbList","@id":"https:\/\/www.cidademarketing.com.br\/marketing\/2023\/05\/19\/maio-amarelo-ipiranga-lanca-campanha-de-conscientizacao-no-transito\/#breadcrumb","itemListElement":[{"@type":"ListItem","position":1,"name":"In\u00edcio","item":"https:\/\/www.cidademarketing.com.br\/marketing\/"},{"@type":"ListItem","position":2,"name":"Maio Amarelo: Ipiranga lan\u00e7a campanha de conscientiza\u00e7\u00e3o no tr\u00e2nsito"}]},{"@type":"WebSite","@id":"https:\/\/www.cidademarketing.com.br\/marketing\/#website","url":"https:\/\/www.cidademarketing.com.br\/marketing\/","name":"CidadeMarketing","description":"Somos um ve\u00edculo de comunica\u00e7\u00e3o de destaque no Brasil, reconhecido por conte\u00fados nos segmentos de marketing, empreendedorismo e inova\u00e7\u00e3o.","publisher":{"@id":"https:\/\/www.cidademarketing.com.br\/marketing\/#organization"},"alternateName":"CidadeMarketing","potentialAction":[{"@type":"SearchAction","target":{"@type":"EntryPoint","urlTemplate":"https:\/\/www.cidademarketing.com.br\/marketing\/?s={search_term_string}"},"query-input":{"@type":"PropertyValueSpecification","valueRequired":true,"valueName":"search_term_string"}}],"inLanguage":"pt-BR"},{"@type":"Organization","@id":"https:\/\/www.cidademarketing.com.br\/marketing\/#organization","name":"CidadeMarketing","alternateName":"CidadeMarketing","url":"https:\/\/www.cidademarketing.com.br\/marketing\/","logo":{"@type":"ImageObject","inLanguage":"pt-BR","@id":"https:\/\/www.cidademarketing.com.br\/marketing\/#\/schema\/logo\/image\/","url":"https:\/\/www.cidademarketing.com.br\/marketing\/wp-content\/uploads\/2020\/01\/cidademarketing_marca_mobile.png","contentUrl":"https:\/\/www.cidademarketing.com.br\/marketing\/wp-content\/uploads\/2020\/01\/cidademarketing_marca_mobile.png","width":230,"height":92,"caption":"CidadeMarketing"},"image":{"@id":"https:\/\/www.cidademarketing.com.br\/marketing\/#\/schema\/logo\/image\/"},"sameAs":["https:\/\/www.facebook.com\/portalcidademarketing","https:\/\/x.com\/CidadeMarketing","https:\/\/www.instagram.com\/cidademarketing\/"]},{"@type":"Person","@id":"https:\/\/www.cidademarketing.com.br\/marketing\/#\/schema\/person\/02daff9f18bd9378c9e01eb6b2db155f","name":"Thales Brand\u00e3o","image":{"@type":"ImageObject","inLanguage":"pt-BR","@id":"https:\/\/secure.gravatar.com\/avatar\/7ca3206950207cc3cb48feec56a8a7898741ab725c368d99d5d7a5a50aab80c6?s=96&d=mm&r=g","url":"https:\/\/secure.gravatar.com\/avatar\/7ca3206950207cc3cb48feec56a8a7898741ab725c368d99d5d7a5a50aab80c6?s=96&d=mm&r=g","contentUrl":"https:\/\/secure.gravatar.com\/avatar\/7ca3206950207cc3cb48feec56a8a7898741ab725c368d99d5d7a5a50aab80c6?s=96&d=mm&r=g","caption":"Thales Brand\u00e3o"},"description":"Editor Executivo do Portal CidadeMarketing.com.br &gt; Mestre em Comunica\u00e7\u00e3o e Sociedade pela Universidade Federal de Sergipe. Possui MBA Executivo em Administra\u00e7\u00e3o com \u00eanfase em Marketing pela Funda\u00e7\u00e3o Get\u00falio Vargas - Rio de Janeiro. Consultor, Palestrante e Pesquisador sobre Empreendedorismo, Marketing, Redes Sociais e Neg\u00f3cios Digitais. Professor, Palestrante TedxTalks e Campus Party. Twitter: @ThalesBrandao","sameAs":["http:\/\/www.mandacaru.com.br","https:\/\/www.facebook.com\/thalesbrandao","http:\/\/www.instagram.com.br\/thalesbrandaoferreira","https:\/\/www.linkedin.com\/in\/thales-brand\u00e3o-3948609\/","https:\/\/x.com\/http:\/\/www.twitter.com\/thalesbrandao"],"url":"https:\/\/www.cidademarketing.com.br\/marketing\/author\/thalesbrandao\/"}]}},"amp_enabled":true,"_links":{"self":[{"href":"https:\/\/www.cidademarketing.com.br\/marketing\/wp-json\/wp\/v2\/posts\/45096","targetHints":{"allow":["GET"]}}],"collection":[{"href":"https:\/\/www.cidademarketing.com.br\/marketing\/wp-json\/wp\/v2\/posts"}],"about":[{"href":"https:\/\/www.cidademarketing.com.br\/marketing\/wp-json\/wp\/v2\/types\/post"}],"author":[{"embeddable":true,"href":"https:\/\/www.cidademarketing.com.br\/marketing\/wp-json\/wp\/v2\/users\/1"}],"replies":[{"embeddable":true,"href":"https:\/\/www.cidademarketing.com.br\/marketing\/wp-json\/wp\/v2\/comments?post=45096"}],"version-history":[{"count":1,"href":"https:\/\/www.cidademarketing.com.br\/marketing\/wp-json\/wp\/v2\/posts\/45096\/revisions"}],"predecessor-version":[{"id":45098,"href":"https:\/\/www.cidademarketing.com.br\/marketing\/wp-json\/wp\/v2\/posts\/45096\/revisions\/45098"}],"wp:featuredmedia":[{"embeddable":true,"href":"https:\/\/www.cidademarketing.com.br\/marketing\/wp-json\/wp\/v2\/media\/45097"}],"wp:attachment":[{"href":"https:\/\/www.cidademarketing.com.br\/marketing\/wp-json\/wp\/v2\/media?parent=45096"}],"wp:term":[{"taxonomy":"category","embeddable":true,"href":"https:\/\/www.cidademarketing.com.br\/marketing\/wp-json\/wp\/v2\/categories?post=45096"},{"taxonomy":"post_tag","embeddable":true,"href":"https:\/\/www.cidademarketing.com.br\/marketing\/wp-json\/wp\/v2\/tags?post=45096"}],"curies":[{"name":"wp","href":"https:\/\/api.w.org\/{rel}","templated":true}]}}