{"id":44995,"date":"2023-05-12T11:58:29","date_gmt":"2023-05-12T14:58:29","guid":{"rendered":"https:\/\/www.cidademarketing.com.br\/marketing\/?p=44995"},"modified":"2023-05-12T11:58:29","modified_gmt":"2023-05-12T14:58:29","slug":"em-sao-paulo-boticario-ativa-acoes-para-o-dia-das-maes","status":"publish","type":"post","link":"https:\/\/www.cidademarketing.com.br\/marketing\/2023\/05\/12\/em-sao-paulo-boticario-ativa-acoes-para-o-dia-das-maes\/","title":{"rendered":"Em S\u00e3o Paulo, Botic\u00e1rio ativa a\u00e7\u00f5es para o Dia das M\u00e3es"},"content":{"rendered":"<p>Para celebrar o Dia das M\u00e3es, o Botic\u00e1rio, a marca de beleza mais amada pelo estado de S\u00e3o Paulo* prepara diversas ativa\u00e7\u00f5es em suas duas lojas conceitos localizadas na capital paulistana. Em 2023, a marca traz como tema central o esgotamento materno, enquanto pauta transversal no contexto da maternidade &#8211; considerando as mais diversas viv\u00eancias acerca dela. A estrat\u00e9gia representa a continuidade de um movimento de apoio e empatia \u00e0s m\u00e3es, iniciado em 2022, a partir de sua campanha sobre julgamento materno.<\/p>\n<p><a href=\"https:\/\/www.cidademarketing.com.br\/marketing\/sua-marca-vai-virar-noticia\/\" target=\"_blank\" rel=\"noopener\"><img fetchpriority=\"high\" decoding=\"async\" class=\"wp-image-44329 aligncenter\" src=\"https:\/\/www.cidademarketing.com.br\/marketing\/wp-content\/uploads\/2023\/04\/cidademarketing_backlinks_marketingdigital_publieditorial_.png\" alt=\"\" width=\"500\" height=\"500\" \/><\/a><\/p>\n<p>\u00c9 neste contexto que as duas lojas conceito da marca em S\u00e3o Paulo apresentam a\u00e7\u00f5es exclusivas pensadas em tornar a experi\u00eancia e a jornada dos consumidores ainda mais especial para a data. Entre as ativa\u00e7\u00f5es, est\u00e3o interven\u00e7\u00f5es art\u00edsticas que promovem uma experi\u00eancia conceitual e imersiva, tornando o momento da compra dos presentes ainda mais especial.<\/p>\n<p>As lojas conceito de Pinheiros e do Shopping Morumbi, contar\u00e3o com um espa\u00e7o imersivo que convida os consumidores a caminharem por um jardim sensorial, com frases, mensagens e poemas, criados pela artista Verena Smit, que trazem reflex\u00f5es e provoca\u00e7\u00f5es sobre a import\u00e2ncia da rede de apoio durante toda a jornada na loja. Como refor\u00e7o da mensagem de apoio e para impactar de forma ativa \u00e0s m\u00e3es, os espa\u00e7os tamb\u00e9m disponibilizam o Gift Station Kids, local com recreador para as crian\u00e7as personalizarem\/customizarem os presentes, como forma de apoio \u00e0s m\u00e3es na hora da compra.<\/p>\n<p>\u201cSomos uma marca democr\u00e1tica, com milh\u00f5es de consumidores, e queremos usar a nossa capilaridade para criar um legado positivo, propondo reflex\u00f5es sobre temas relevantes para a sociedade. Por isso, nossas lojas conceito, em S\u00e3o Paulo, estar\u00e3o de portas abertas para receber essas m\u00e3es e suas redes de apoio para fomentar esse debate t\u00e3o importante, convidando o p\u00fablico a ter atitudes mais emp\u00e1ticas\u201d, refor\u00e7a Marcela De Masi, diretora executiva de branding e comunica\u00e7\u00e3o das marcas do Grupo Botic\u00e1rio.<\/p>\n<p>Para celebrar em grande estilo o Dia das M\u00e3es e refor\u00e7ar a import\u00e2ncia da rede de apoio, a loja modelo do Botic\u00e1rio, da Rua dos Pinheiros, abriu suas portas durante o Festival de Pinheiros, tradicional evento organizado pela associa\u00e7\u00e3o Coletivo Pinheiros, no \u00faltimo domingo (07). O espa\u00e7o ofereceu de forma gratuita um momento de conex\u00e3o em fam\u00edlia, com uma oficina de cer\u00e2mica com frases da artista Verena Smit. Para refor\u00e7ar o empreendedorismo local e fomentar a economia materna da regi\u00e3o, a loja concedeu um espa\u00e7o para que m\u00e3es empreendedoras do bairro pudessem promover seus produtos e marcas, complementando os kits presente\u00e1veis, compondo um presente ainda mais especial para as m\u00e3es.<br \/>\nClique Para Download<\/p>\n<p>A fim de se conectar cada vez mais com o p\u00fablico paulista, O Botic\u00e1rio instalou um espa\u00e7o digital interativo, em um mobili\u00e1rio urbano, na Avenida Brigadeiro Faria Lima, na altura do n\u00ba2.391. A ativa\u00e7\u00e3o conta com um quiz para descobrir o presente ideal para cada m\u00e3e, de forma gratuita. Para quem participar da brincadeira, al\u00e9m de encontrar a lembran\u00e7a perfeita para sua m\u00e3e, receber\u00e1 um QR Code com 20% de desconto para a primeira compra via WhatsApp. O espa\u00e7o ficar\u00e1 dispon\u00edvel at\u00e9 o dia 15 de maio.<\/p>\n<p>A marca tamb\u00e9m fez uma parceria com a The School of Life, organiza\u00e7\u00e3o que se dedica integralmente a desenvolver a intelig\u00eancia emocional e ser um espa\u00e7o de troca e compartilhamento de ideias, o Botic\u00e1rio ir\u00e1 oferecer conte\u00fados direcionados a rede de apoio, como aux\u00edlio para desenvolver um olhar mais emp\u00e1tico em rela\u00e7\u00e3o \u00e0s m\u00e3es.<\/p>\n<div class=\"youtube-embed\" data-video_id=\"pvRi6rF8alg\"><iframe title=\"Dia das M\u00e3es: quem ama tamb\u00e9m precisa de amor #SejaRedeDeApoio | O Botic\u00e1rio\" width=\"640\" height=\"360\" src=\"https:\/\/www.youtube.com\/embed\/pvRi6rF8alg?feature=oembed&#038;enablejsapi=1\" frameborder=\"0\" allow=\"accelerometer; autoplay; clipboard-write; encrypted-media; gyroscope; picture-in-picture; web-share\" referrerpolicy=\"strict-origin-when-cross-origin\" allowfullscreen><\/iframe><\/div>\n<p>Servi\u00e7o:<br \/>\nDia das M\u00e3es nas Lojas Conceito O Botic\u00e1rio<br \/>\nData: 14 de abril a 17 de maio<br \/>\nLoja Conceito Pinheiros: Rua dos Pinheiros 315, Pinheiros, S\u00e3o Paulo &#8211; SP, 05422-010<br \/>\nLoja Conceito Shopping Morumbi: Av. Roque Petroni Junior, 1089 Piso T\u00e9rreo, Loja 79 &#8211; Jardim das Acacias, S\u00e3o Paulo &#8211; SP, 04707-900<br \/>\nMais informa\u00e7\u00f5es: Link<\/p>\n","protected":false},"excerpt":{"rendered":"<p>Para celebrar o Dia das M\u00e3es, o Botic\u00e1rio, a marca de beleza mais amada pelo estado de S\u00e3o Paulo* prepara diversas ativa\u00e7\u00f5es em suas duas lojas conceitos localizadas na capital paulistana. Em 2023, a marca traz como tema central o esgotamento materno, enquanto pauta transversal no contexto da maternidade &#8211; considerando as mais diversas viv\u00eancias [&hellip;]<\/p>\n","protected":false},"author":1,"featured_media":44996,"comment_status":"open","ping_status":"open","sticky":false,"template":"","format":"standard","meta":{"tdm_status":"","tdm_grid_status":"","footnotes":""},"categories":[6],"tags":[5136,65,1737,33,28,196],"class_list":["post-44995","post","type-post","status-publish","format-standard","has-post-thumbnail","hentry","category-noticias","tag-boticario","tag-campanha","tag-dia-das-maes","tag-estrategia","tag-marketing","tag-o-boticario"],"yoast_head":"<!-- This site is optimized with the Yoast SEO plugin v27.5 - https:\/\/yoast.com\/product\/yoast-seo-wordpress\/ -->\n<title>Em S\u00e3o Paulo, Botic\u00e1rio ativa a\u00e7\u00f5es para o Dia das M\u00e3es - CidadeMarketing<\/title>\n<meta name=\"robots\" content=\"index, follow, max-snippet:-1, max-image-preview:large, max-video-preview:-1\" \/>\n<link rel=\"canonical\" href=\"https:\/\/www.cidademarketing.com.br\/marketing\/2023\/05\/12\/em-sao-paulo-boticario-ativa-acoes-para-o-dia-das-maes\/\" \/>\n<meta property=\"og:locale\" content=\"pt_BR\" \/>\n<meta property=\"og:type\" content=\"article\" \/>\n<meta property=\"og:title\" content=\"Em S\u00e3o Paulo, Botic\u00e1rio ativa a\u00e7\u00f5es para o Dia das M\u00e3es - CidadeMarketing\" \/>\n<meta property=\"og:description\" content=\"Para celebrar o Dia das M\u00e3es, o Botic\u00e1rio, a marca de beleza mais amada pelo estado de S\u00e3o Paulo* prepara diversas ativa\u00e7\u00f5es em suas duas lojas conceitos localizadas na capital paulistana. Em 2023, a marca traz como tema central o esgotamento materno, enquanto pauta transversal no contexto da maternidade &#8211; considerando as mais diversas viv\u00eancias [&hellip;]\" \/>\n<meta property=\"og:url\" content=\"https:\/\/www.cidademarketing.com.br\/marketing\/2023\/05\/12\/em-sao-paulo-boticario-ativa-acoes-para-o-dia-das-maes\/\" \/>\n<meta property=\"og:site_name\" content=\"CidadeMarketing\" \/>\n<meta property=\"article:publisher\" content=\"https:\/\/www.facebook.com\/portalcidademarketing\" \/>\n<meta property=\"article:author\" content=\"https:\/\/www.facebook.com\/thalesbrandao\" \/>\n<meta property=\"article:published_time\" content=\"2023-05-12T14:58:29+00:00\" \/>\n<meta property=\"og:image\" content=\"https:\/\/www.cidademarketing.com.br\/marketing\/wp-content\/uploads\/2023\/05\/oboticario_diadasmaes_sp.png\" \/>\n\t<meta property=\"og:image:width\" content=\"886\" \/>\n\t<meta property=\"og:image:height\" content=\"504\" \/>\n\t<meta property=\"og:image:type\" content=\"image\/png\" \/>\n<meta name=\"author\" content=\"Thales Brand\u00e3o\" \/>\n<meta name=\"twitter:card\" content=\"summary_large_image\" \/>\n<meta name=\"twitter:creator\" content=\"@http:\/\/www.twitter.com\/thalesbrandao\" \/>\n<meta name=\"twitter:site\" content=\"@CidadeMarketing\" \/>\n<meta name=\"twitter:label1\" content=\"Escrito por\" \/>\n\t<meta name=\"twitter:data1\" content=\"Thales Brand\u00e3o\" \/>\n\t<meta name=\"twitter:label2\" content=\"Est. tempo de leitura\" \/>\n\t<meta name=\"twitter:data2\" content=\"3 minutos\" \/>\n<script type=\"application\/ld+json\" class=\"yoast-schema-graph\">{\"@context\":\"https:\\\/\\\/schema.org\",\"@graph\":[{\"@type\":\"Article\",\"@id\":\"https:\\\/\\\/www.cidademarketing.com.br\\\/marketing\\\/2023\\\/05\\\/12\\\/em-sao-paulo-boticario-ativa-acoes-para-o-dia-das-maes\\\/#article\",\"isPartOf\":{\"@id\":\"https:\\\/\\\/www.cidademarketing.com.br\\\/marketing\\\/2023\\\/05\\\/12\\\/em-sao-paulo-boticario-ativa-acoes-para-o-dia-das-maes\\\/\"},\"author\":{\"name\":\"Thales Brand\u00e3o\",\"@id\":\"https:\\\/\\\/www.cidademarketing.com.br\\\/marketing\\\/#\\\/schema\\\/person\\\/02daff9f18bd9378c9e01eb6b2db155f\"},\"headline\":\"Em S\u00e3o Paulo, Botic\u00e1rio ativa a\u00e7\u00f5es para o Dia das M\u00e3es\",\"datePublished\":\"2023-05-12T14:58:29+00:00\",\"mainEntityOfPage\":{\"@id\":\"https:\\\/\\\/www.cidademarketing.com.br\\\/marketing\\\/2023\\\/05\\\/12\\\/em-sao-paulo-boticario-ativa-acoes-para-o-dia-das-maes\\\/\"},\"wordCount\":713,\"commentCount\":0,\"publisher\":{\"@id\":\"https:\\\/\\\/www.cidademarketing.com.br\\\/marketing\\\/#organization\"},\"image\":{\"@id\":\"https:\\\/\\\/www.cidademarketing.com.br\\\/marketing\\\/2023\\\/05\\\/12\\\/em-sao-paulo-boticario-ativa-acoes-para-o-dia-das-maes\\\/#primaryimage\"},\"thumbnailUrl\":\"https:\\\/\\\/www.cidademarketing.com.br\\\/marketing\\\/wp-content\\\/uploads\\\/2023\\\/05\\\/oboticario_diadasmaes_sp.png\",\"keywords\":[\"Botic\u00e1rio\",\"campanha\",\"Dia das M\u00e3es\",\"estrat\u00e9gia\",\"marketing\",\"O Botic\u00e1rio\"],\"articleSection\":[\"Not\u00edcias\"],\"inLanguage\":\"pt-BR\",\"potentialAction\":[{\"@type\":\"CommentAction\",\"name\":\"Comment\",\"target\":[\"https:\\\/\\\/www.cidademarketing.com.br\\\/marketing\\\/2023\\\/05\\\/12\\\/em-sao-paulo-boticario-ativa-acoes-para-o-dia-das-maes\\\/#respond\"]}]},{\"@type\":\"WebPage\",\"@id\":\"https:\\\/\\\/www.cidademarketing.com.br\\\/marketing\\\/2023\\\/05\\\/12\\\/em-sao-paulo-boticario-ativa-acoes-para-o-dia-das-maes\\\/\",\"url\":\"https:\\\/\\\/www.cidademarketing.com.br\\\/marketing\\\/2023\\\/05\\\/12\\\/em-sao-paulo-boticario-ativa-acoes-para-o-dia-das-maes\\\/\",\"name\":\"Em S\u00e3o Paulo, Botic\u00e1rio ativa a\u00e7\u00f5es para o Dia das M\u00e3es - CidadeMarketing\",\"isPartOf\":{\"@id\":\"https:\\\/\\\/www.cidademarketing.com.br\\\/marketing\\\/#website\"},\"primaryImageOfPage\":{\"@id\":\"https:\\\/\\\/www.cidademarketing.com.br\\\/marketing\\\/2023\\\/05\\\/12\\\/em-sao-paulo-boticario-ativa-acoes-para-o-dia-das-maes\\\/#primaryimage\"},\"image\":{\"@id\":\"https:\\\/\\\/www.cidademarketing.com.br\\\/marketing\\\/2023\\\/05\\\/12\\\/em-sao-paulo-boticario-ativa-acoes-para-o-dia-das-maes\\\/#primaryimage\"},\"thumbnailUrl\":\"https:\\\/\\\/www.cidademarketing.com.br\\\/marketing\\\/wp-content\\\/uploads\\\/2023\\\/05\\\/oboticario_diadasmaes_sp.png\",\"datePublished\":\"2023-05-12T14:58:29+00:00\",\"breadcrumb\":{\"@id\":\"https:\\\/\\\/www.cidademarketing.com.br\\\/marketing\\\/2023\\\/05\\\/12\\\/em-sao-paulo-boticario-ativa-acoes-para-o-dia-das-maes\\\/#breadcrumb\"},\"inLanguage\":\"pt-BR\",\"potentialAction\":[{\"@type\":\"ReadAction\",\"target\":[\"https:\\\/\\\/www.cidademarketing.com.br\\\/marketing\\\/2023\\\/05\\\/12\\\/em-sao-paulo-boticario-ativa-acoes-para-o-dia-das-maes\\\/\"]}]},{\"@type\":\"ImageObject\",\"inLanguage\":\"pt-BR\",\"@id\":\"https:\\\/\\\/www.cidademarketing.com.br\\\/marketing\\\/2023\\\/05\\\/12\\\/em-sao-paulo-boticario-ativa-acoes-para-o-dia-das-maes\\\/#primaryimage\",\"url\":\"https:\\\/\\\/www.cidademarketing.com.br\\\/marketing\\\/wp-content\\\/uploads\\\/2023\\\/05\\\/oboticario_diadasmaes_sp.png\",\"contentUrl\":\"https:\\\/\\\/www.cidademarketing.com.br\\\/marketing\\\/wp-content\\\/uploads\\\/2023\\\/05\\\/oboticario_diadasmaes_sp.png\",\"width\":886,\"height\":504,\"caption\":\"Divulga\u00e7\u00e3o\"},{\"@type\":\"BreadcrumbList\",\"@id\":\"https:\\\/\\\/www.cidademarketing.com.br\\\/marketing\\\/2023\\\/05\\\/12\\\/em-sao-paulo-boticario-ativa-acoes-para-o-dia-das-maes\\\/#breadcrumb\",\"itemListElement\":[{\"@type\":\"ListItem\",\"position\":1,\"name\":\"In\u00edcio\",\"item\":\"https:\\\/\\\/www.cidademarketing.com.br\\\/marketing\\\/\"},{\"@type\":\"ListItem\",\"position\":2,\"name\":\"Em S\u00e3o Paulo, Botic\u00e1rio ativa a\u00e7\u00f5es para o Dia das M\u00e3es\"}]},{\"@type\":\"WebSite\",\"@id\":\"https:\\\/\\\/www.cidademarketing.com.br\\\/marketing\\\/#website\",\"url\":\"https:\\\/\\\/www.cidademarketing.com.br\\\/marketing\\\/\",\"name\":\"CidadeMarketing\",\"description\":\"Somos um ve\u00edculo de comunica\u00e7\u00e3o de destaque no Brasil, reconhecido por conte\u00fados nos segmentos de marketing, empreendedorismo e inova\u00e7\u00e3o.\",\"publisher\":{\"@id\":\"https:\\\/\\\/www.cidademarketing.com.br\\\/marketing\\\/#organization\"},\"alternateName\":\"CidadeMarketing\",\"potentialAction\":[{\"@type\":\"SearchAction\",\"target\":{\"@type\":\"EntryPoint\",\"urlTemplate\":\"https:\\\/\\\/www.cidademarketing.com.br\\\/marketing\\\/?s={search_term_string}\"},\"query-input\":{\"@type\":\"PropertyValueSpecification\",\"valueRequired\":true,\"valueName\":\"search_term_string\"}}],\"inLanguage\":\"pt-BR\"},{\"@type\":\"Organization\",\"@id\":\"https:\\\/\\\/www.cidademarketing.com.br\\\/marketing\\\/#organization\",\"name\":\"CidadeMarketing\",\"alternateName\":\"CidadeMarketing\",\"url\":\"https:\\\/\\\/www.cidademarketing.com.br\\\/marketing\\\/\",\"logo\":{\"@type\":\"ImageObject\",\"inLanguage\":\"pt-BR\",\"@id\":\"https:\\\/\\\/www.cidademarketing.com.br\\\/marketing\\\/#\\\/schema\\\/logo\\\/image\\\/\",\"url\":\"https:\\\/\\\/www.cidademarketing.com.br\\\/marketing\\\/wp-content\\\/uploads\\\/2020\\\/01\\\/cidademarketing_marca_mobile.png\",\"contentUrl\":\"https:\\\/\\\/www.cidademarketing.com.br\\\/marketing\\\/wp-content\\\/uploads\\\/2020\\\/01\\\/cidademarketing_marca_mobile.png\",\"width\":230,\"height\":92,\"caption\":\"CidadeMarketing\"},\"image\":{\"@id\":\"https:\\\/\\\/www.cidademarketing.com.br\\\/marketing\\\/#\\\/schema\\\/logo\\\/image\\\/\"},\"sameAs\":[\"https:\\\/\\\/www.facebook.com\\\/portalcidademarketing\",\"https:\\\/\\\/x.com\\\/CidadeMarketing\",\"https:\\\/\\\/www.instagram.com\\\/cidademarketing\\\/\"]},{\"@type\":\"Person\",\"@id\":\"https:\\\/\\\/www.cidademarketing.com.br\\\/marketing\\\/#\\\/schema\\\/person\\\/02daff9f18bd9378c9e01eb6b2db155f\",\"name\":\"Thales Brand\u00e3o\",\"image\":{\"@type\":\"ImageObject\",\"inLanguage\":\"pt-BR\",\"@id\":\"https:\\\/\\\/secure.gravatar.com\\\/avatar\\\/7ca3206950207cc3cb48feec56a8a7898741ab725c368d99d5d7a5a50aab80c6?s=96&d=mm&r=g\",\"url\":\"https:\\\/\\\/secure.gravatar.com\\\/avatar\\\/7ca3206950207cc3cb48feec56a8a7898741ab725c368d99d5d7a5a50aab80c6?s=96&d=mm&r=g\",\"contentUrl\":\"https:\\\/\\\/secure.gravatar.com\\\/avatar\\\/7ca3206950207cc3cb48feec56a8a7898741ab725c368d99d5d7a5a50aab80c6?s=96&d=mm&r=g\",\"caption\":\"Thales Brand\u00e3o\"},\"description\":\"Editor Executivo do Portal CidadeMarketing.com.br &gt; Mestre em Comunica\u00e7\u00e3o e Sociedade pela Universidade Federal de Sergipe. Possui MBA Executivo em Administra\u00e7\u00e3o com \u00eanfase em Marketing pela Funda\u00e7\u00e3o Get\u00falio Vargas - Rio de Janeiro. Consultor, Palestrante e Pesquisador sobre Empreendedorismo, Marketing, Redes Sociais e Neg\u00f3cios Digitais. Professor, Palestrante TedxTalks e Campus Party. Twitter: @ThalesBrandao\",\"sameAs\":[\"http:\\\/\\\/www.mandacaru.com.br\",\"https:\\\/\\\/www.facebook.com\\\/thalesbrandao\",\"http:\\\/\\\/www.instagram.com.br\\\/thalesbrandaoferreira\",\"https:\\\/\\\/www.linkedin.com\\\/in\\\/thales-brand\u00e3o-3948609\\\/\",\"https:\\\/\\\/x.com\\\/http:\\\/\\\/www.twitter.com\\\/thalesbrandao\"],\"url\":\"https:\\\/\\\/www.cidademarketing.com.br\\\/marketing\\\/author\\\/thalesbrandao\\\/\"}]}<\/script>\n<!-- \/ Yoast SEO plugin. -->","yoast_head_json":{"title":"Em S\u00e3o Paulo, Botic\u00e1rio ativa a\u00e7\u00f5es para o Dia das M\u00e3es - CidadeMarketing","robots":{"index":"index","follow":"follow","max-snippet":"max-snippet:-1","max-image-preview":"max-image-preview:large","max-video-preview":"max-video-preview:-1"},"canonical":"https:\/\/www.cidademarketing.com.br\/marketing\/2023\/05\/12\/em-sao-paulo-boticario-ativa-acoes-para-o-dia-das-maes\/","og_locale":"pt_BR","og_type":"article","og_title":"Em S\u00e3o Paulo, Botic\u00e1rio ativa a\u00e7\u00f5es para o Dia das M\u00e3es - CidadeMarketing","og_description":"Para celebrar o Dia das M\u00e3es, o Botic\u00e1rio, a marca de beleza mais amada pelo estado de S\u00e3o Paulo* prepara diversas ativa\u00e7\u00f5es em suas duas lojas conceitos localizadas na capital paulistana. Em 2023, a marca traz como tema central o esgotamento materno, enquanto pauta transversal no contexto da maternidade &#8211; considerando as mais diversas viv\u00eancias [&hellip;]","og_url":"https:\/\/www.cidademarketing.com.br\/marketing\/2023\/05\/12\/em-sao-paulo-boticario-ativa-acoes-para-o-dia-das-maes\/","og_site_name":"CidadeMarketing","article_publisher":"https:\/\/www.facebook.com\/portalcidademarketing","article_author":"https:\/\/www.facebook.com\/thalesbrandao","article_published_time":"2023-05-12T14:58:29+00:00","og_image":[{"width":886,"height":504,"url":"https:\/\/www.cidademarketing.com.br\/marketing\/wp-content\/uploads\/2023\/05\/oboticario_diadasmaes_sp.png","type":"image\/png"}],"author":"Thales Brand\u00e3o","twitter_card":"summary_large_image","twitter_creator":"@http:\/\/www.twitter.com\/thalesbrandao","twitter_site":"@CidadeMarketing","twitter_misc":{"Escrito por":"Thales Brand\u00e3o","Est. tempo de leitura":"3 minutos"},"schema":{"@context":"https:\/\/schema.org","@graph":[{"@type":"Article","@id":"https:\/\/www.cidademarketing.com.br\/marketing\/2023\/05\/12\/em-sao-paulo-boticario-ativa-acoes-para-o-dia-das-maes\/#article","isPartOf":{"@id":"https:\/\/www.cidademarketing.com.br\/marketing\/2023\/05\/12\/em-sao-paulo-boticario-ativa-acoes-para-o-dia-das-maes\/"},"author":{"name":"Thales Brand\u00e3o","@id":"https:\/\/www.cidademarketing.com.br\/marketing\/#\/schema\/person\/02daff9f18bd9378c9e01eb6b2db155f"},"headline":"Em S\u00e3o Paulo, Botic\u00e1rio ativa a\u00e7\u00f5es para o Dia das M\u00e3es","datePublished":"2023-05-12T14:58:29+00:00","mainEntityOfPage":{"@id":"https:\/\/www.cidademarketing.com.br\/marketing\/2023\/05\/12\/em-sao-paulo-boticario-ativa-acoes-para-o-dia-das-maes\/"},"wordCount":713,"commentCount":0,"publisher":{"@id":"https:\/\/www.cidademarketing.com.br\/marketing\/#organization"},"image":{"@id":"https:\/\/www.cidademarketing.com.br\/marketing\/2023\/05\/12\/em-sao-paulo-boticario-ativa-acoes-para-o-dia-das-maes\/#primaryimage"},"thumbnailUrl":"https:\/\/www.cidademarketing.com.br\/marketing\/wp-content\/uploads\/2023\/05\/oboticario_diadasmaes_sp.png","keywords":["Botic\u00e1rio","campanha","Dia das M\u00e3es","estrat\u00e9gia","marketing","O Botic\u00e1rio"],"articleSection":["Not\u00edcias"],"inLanguage":"pt-BR","potentialAction":[{"@type":"CommentAction","name":"Comment","target":["https:\/\/www.cidademarketing.com.br\/marketing\/2023\/05\/12\/em-sao-paulo-boticario-ativa-acoes-para-o-dia-das-maes\/#respond"]}]},{"@type":"WebPage","@id":"https:\/\/www.cidademarketing.com.br\/marketing\/2023\/05\/12\/em-sao-paulo-boticario-ativa-acoes-para-o-dia-das-maes\/","url":"https:\/\/www.cidademarketing.com.br\/marketing\/2023\/05\/12\/em-sao-paulo-boticario-ativa-acoes-para-o-dia-das-maes\/","name":"Em S\u00e3o Paulo, Botic\u00e1rio ativa a\u00e7\u00f5es para o Dia das M\u00e3es - CidadeMarketing","isPartOf":{"@id":"https:\/\/www.cidademarketing.com.br\/marketing\/#website"},"primaryImageOfPage":{"@id":"https:\/\/www.cidademarketing.com.br\/marketing\/2023\/05\/12\/em-sao-paulo-boticario-ativa-acoes-para-o-dia-das-maes\/#primaryimage"},"image":{"@id":"https:\/\/www.cidademarketing.com.br\/marketing\/2023\/05\/12\/em-sao-paulo-boticario-ativa-acoes-para-o-dia-das-maes\/#primaryimage"},"thumbnailUrl":"https:\/\/www.cidademarketing.com.br\/marketing\/wp-content\/uploads\/2023\/05\/oboticario_diadasmaes_sp.png","datePublished":"2023-05-12T14:58:29+00:00","breadcrumb":{"@id":"https:\/\/www.cidademarketing.com.br\/marketing\/2023\/05\/12\/em-sao-paulo-boticario-ativa-acoes-para-o-dia-das-maes\/#breadcrumb"},"inLanguage":"pt-BR","potentialAction":[{"@type":"ReadAction","target":["https:\/\/www.cidademarketing.com.br\/marketing\/2023\/05\/12\/em-sao-paulo-boticario-ativa-acoes-para-o-dia-das-maes\/"]}]},{"@type":"ImageObject","inLanguage":"pt-BR","@id":"https:\/\/www.cidademarketing.com.br\/marketing\/2023\/05\/12\/em-sao-paulo-boticario-ativa-acoes-para-o-dia-das-maes\/#primaryimage","url":"https:\/\/www.cidademarketing.com.br\/marketing\/wp-content\/uploads\/2023\/05\/oboticario_diadasmaes_sp.png","contentUrl":"https:\/\/www.cidademarketing.com.br\/marketing\/wp-content\/uploads\/2023\/05\/oboticario_diadasmaes_sp.png","width":886,"height":504,"caption":"Divulga\u00e7\u00e3o"},{"@type":"BreadcrumbList","@id":"https:\/\/www.cidademarketing.com.br\/marketing\/2023\/05\/12\/em-sao-paulo-boticario-ativa-acoes-para-o-dia-das-maes\/#breadcrumb","itemListElement":[{"@type":"ListItem","position":1,"name":"In\u00edcio","item":"https:\/\/www.cidademarketing.com.br\/marketing\/"},{"@type":"ListItem","position":2,"name":"Em S\u00e3o Paulo, Botic\u00e1rio ativa a\u00e7\u00f5es para o Dia das M\u00e3es"}]},{"@type":"WebSite","@id":"https:\/\/www.cidademarketing.com.br\/marketing\/#website","url":"https:\/\/www.cidademarketing.com.br\/marketing\/","name":"CidadeMarketing","description":"Somos um ve\u00edculo de comunica\u00e7\u00e3o de destaque no Brasil, reconhecido por conte\u00fados nos segmentos de marketing, empreendedorismo e inova\u00e7\u00e3o.","publisher":{"@id":"https:\/\/www.cidademarketing.com.br\/marketing\/#organization"},"alternateName":"CidadeMarketing","potentialAction":[{"@type":"SearchAction","target":{"@type":"EntryPoint","urlTemplate":"https:\/\/www.cidademarketing.com.br\/marketing\/?s={search_term_string}"},"query-input":{"@type":"PropertyValueSpecification","valueRequired":true,"valueName":"search_term_string"}}],"inLanguage":"pt-BR"},{"@type":"Organization","@id":"https:\/\/www.cidademarketing.com.br\/marketing\/#organization","name":"CidadeMarketing","alternateName":"CidadeMarketing","url":"https:\/\/www.cidademarketing.com.br\/marketing\/","logo":{"@type":"ImageObject","inLanguage":"pt-BR","@id":"https:\/\/www.cidademarketing.com.br\/marketing\/#\/schema\/logo\/image\/","url":"https:\/\/www.cidademarketing.com.br\/marketing\/wp-content\/uploads\/2020\/01\/cidademarketing_marca_mobile.png","contentUrl":"https:\/\/www.cidademarketing.com.br\/marketing\/wp-content\/uploads\/2020\/01\/cidademarketing_marca_mobile.png","width":230,"height":92,"caption":"CidadeMarketing"},"image":{"@id":"https:\/\/www.cidademarketing.com.br\/marketing\/#\/schema\/logo\/image\/"},"sameAs":["https:\/\/www.facebook.com\/portalcidademarketing","https:\/\/x.com\/CidadeMarketing","https:\/\/www.instagram.com\/cidademarketing\/"]},{"@type":"Person","@id":"https:\/\/www.cidademarketing.com.br\/marketing\/#\/schema\/person\/02daff9f18bd9378c9e01eb6b2db155f","name":"Thales Brand\u00e3o","image":{"@type":"ImageObject","inLanguage":"pt-BR","@id":"https:\/\/secure.gravatar.com\/avatar\/7ca3206950207cc3cb48feec56a8a7898741ab725c368d99d5d7a5a50aab80c6?s=96&d=mm&r=g","url":"https:\/\/secure.gravatar.com\/avatar\/7ca3206950207cc3cb48feec56a8a7898741ab725c368d99d5d7a5a50aab80c6?s=96&d=mm&r=g","contentUrl":"https:\/\/secure.gravatar.com\/avatar\/7ca3206950207cc3cb48feec56a8a7898741ab725c368d99d5d7a5a50aab80c6?s=96&d=mm&r=g","caption":"Thales Brand\u00e3o"},"description":"Editor Executivo do Portal CidadeMarketing.com.br &gt; Mestre em Comunica\u00e7\u00e3o e Sociedade pela Universidade Federal de Sergipe. Possui MBA Executivo em Administra\u00e7\u00e3o com \u00eanfase em Marketing pela Funda\u00e7\u00e3o Get\u00falio Vargas - Rio de Janeiro. Consultor, Palestrante e Pesquisador sobre Empreendedorismo, Marketing, Redes Sociais e Neg\u00f3cios Digitais. Professor, Palestrante TedxTalks e Campus Party. Twitter: @ThalesBrandao","sameAs":["http:\/\/www.mandacaru.com.br","https:\/\/www.facebook.com\/thalesbrandao","http:\/\/www.instagram.com.br\/thalesbrandaoferreira","https:\/\/www.linkedin.com\/in\/thales-brand\u00e3o-3948609\/","https:\/\/x.com\/http:\/\/www.twitter.com\/thalesbrandao"],"url":"https:\/\/www.cidademarketing.com.br\/marketing\/author\/thalesbrandao\/"}]}},"amp_enabled":true,"_links":{"self":[{"href":"https:\/\/www.cidademarketing.com.br\/marketing\/wp-json\/wp\/v2\/posts\/44995","targetHints":{"allow":["GET"]}}],"collection":[{"href":"https:\/\/www.cidademarketing.com.br\/marketing\/wp-json\/wp\/v2\/posts"}],"about":[{"href":"https:\/\/www.cidademarketing.com.br\/marketing\/wp-json\/wp\/v2\/types\/post"}],"author":[{"embeddable":true,"href":"https:\/\/www.cidademarketing.com.br\/marketing\/wp-json\/wp\/v2\/users\/1"}],"replies":[{"embeddable":true,"href":"https:\/\/www.cidademarketing.com.br\/marketing\/wp-json\/wp\/v2\/comments?post=44995"}],"version-history":[{"count":1,"href":"https:\/\/www.cidademarketing.com.br\/marketing\/wp-json\/wp\/v2\/posts\/44995\/revisions"}],"predecessor-version":[{"id":44997,"href":"https:\/\/www.cidademarketing.com.br\/marketing\/wp-json\/wp\/v2\/posts\/44995\/revisions\/44997"}],"wp:featuredmedia":[{"embeddable":true,"href":"https:\/\/www.cidademarketing.com.br\/marketing\/wp-json\/wp\/v2\/media\/44996"}],"wp:attachment":[{"href":"https:\/\/www.cidademarketing.com.br\/marketing\/wp-json\/wp\/v2\/media?parent=44995"}],"wp:term":[{"taxonomy":"category","embeddable":true,"href":"https:\/\/www.cidademarketing.com.br\/marketing\/wp-json\/wp\/v2\/categories?post=44995"},{"taxonomy":"post_tag","embeddable":true,"href":"https:\/\/www.cidademarketing.com.br\/marketing\/wp-json\/wp\/v2\/tags?post=44995"}],"curies":[{"name":"wp","href":"https:\/\/api.w.org\/{rel}","templated":true}]}}